{"id":1029780,"date":"2019-06-05T17:01:29","date_gmt":"2019-06-05T17:01:29","guid":{"rendered":"https:\/\/www.eldigitaldeasturias.com\/noticias\/?p=1029780"},"modified":"2019-06-05T17:01:29","modified_gmt":"2019-06-05T17:01:29","slug":"pablo-pineda-participa-en-una-jornada-de-sensibilizacion-con-empleados-y-clientes-de-broseta","status":"publish","type":"post","link":"https:\/\/www.eldigitaldeasturias.com\/noticias\/pablo-pineda-participa-en-una-jornada-de-sensibilizacion-con-empleados-y-clientes-de-broseta\/","title":{"rendered":"Pablo Pineda participa en una jornada de sensibilizaci\u00f3n con empleados y clientes de BROSETA"},"content":{"rendered":"<p><img loading=\"lazy\" decoding=\"async\" class=\"alignleft size-medium wp-image-1029781\" src=\"https:\/\/www.eldigitaldeasturias.com\/noticias\/wp-content\/uploads\/2019\/06\/1559657204_030619_Foto_Jornada_Broseta_2_-360x290.jpg\" alt=\"\" width=\"360\" height=\"290\" srcset=\"https:\/\/www.eldigitaldeasturias.com\/noticias\/wp-content\/uploads\/2019\/06\/1559657204_030619_Foto_Jornada_Broseta_2_-360x290.jpg 360w, https:\/\/www.eldigitaldeasturias.com\/noticias\/wp-content\/uploads\/2019\/06\/1559657204_030619_Foto_Jornada_Broseta_2_-596x480.jpg 596w, https:\/\/www.eldigitaldeasturias.com\/noticias\/wp-content\/uploads\/2019\/06\/1559657204_030619_Foto_Jornada_Broseta_2_.jpg 732w\" sizes=\"auto, (max-width: 360px) 100vw, 360px\" \/>Pablo Pineda, primer diplomado europeo con s\u00edndrome de Down, ha participado en una jornada de sensibilizaci\u00f3n organizada por la Fundaci\u00f3n Adecco y la firma de servicios jur\u00eddicos BROSETA. En ella, Pablo, consultor en diversidad de la Fundaci\u00f3n Adecco, ha insistido ante empleados y clientes de BROSETA en la necesidad de un cambio cultural en las empresas para que la inclusi\u00f3n laboral no se convierta en un mero cumplimiento legal de cuotas.<\/p>\n<p>\u201cLa diversidad solo puede tener lugar en entornos abiertos, creativos y din\u00e1micos que sean capaces de adaptarse a distintas necesidades y formas de entender la vida. Esto, a nivel empresarial, se traduce en innovaci\u00f3n y flexibilidad: dos activos muy valiosos que, bien gestionados, mejoran la rentabilidad de una compa\u00f1\u00eda y reducen riesgos\u201d, ha afirmado\u00a0<strong>Pineda.<\/strong><\/p>\n<p>Esta acci\u00f3n se engloba dentro\u00a0<strong>del proyecto #EmpleoParaTodos<\/strong>\u00a0de la Fundaci\u00f3n Adecco, al que BROSETA se ha unido con el compromiso de luchar por la inclusi\u00f3n laboral de las personas con discapacidad.<\/p>\n<p>La colaboraci\u00f3n entre estas dos entidades incluye acciones como voluntariado corporativo, colaboraci\u00f3n en acciones formativas para el empleo y campa\u00f1as internas de sensibilizaci\u00f3n y compromiso. Adem\u00e1s, BROSETA tiene programado realizar, tambi\u00e9n de la mano de la Fundaci\u00f3n Adecco, proyectos formativos de universitarios con discapacidad con el objetivo de potenciar su autonom\u00eda y empleabilidad, reduciendo el riesgo de exclusi\u00f3n al que se enfrentan las personas con discapacidad.<\/p>\n<h3><strong>La diversidad, necesaria en la estrategia empresarial<\/strong><\/h3>\n<p><strong>Para Manuel Broseta, presidente de BROSETA<\/strong>, \u201cnuestro crecimiento como Firma s\u00f3lo puede ir de la mano de un s\u00f3lido compromiso con la inclusi\u00f3n laboral de las personas con discapacidad. Contar con Pablo Pineda como consultor en diversidad es una oportunidad para dar un paso m\u00e1s en la sensibilizaci\u00f3n de todos nuestros grupos de inter\u00e9s; para que podamos apreciar el potencial de la diversidad cuando apostamos por el talento y dejemos atr\u00e1s prejuicios y etiquetas\u201d.<\/p>\n<p>Por su parte,<strong>\u00a0Francisco Mesonero, director general de la Fundaci\u00f3n Adecco<\/strong>, afirma que: \u201cpara que exista la plena inclusi\u00f3n, antes debe existir una cultura de diversidad. Pero esta apertura a pol\u00edticas de diversidad e inclusi\u00f3n solo es posible con el compromiso estrat\u00e9gico de la direcci\u00f3n de la empresa, que debe promoverlas e integrarlas en todas las \u00e1reas de actividad de la compa\u00f1\u00eda. A su vez, es imprescindible trabajar con las personas con discapacidad para facilitar su formaci\u00f3n y su posterior acceso al empleo. Para ello, que BROSETA apoye el proyecto #EmpleoParaTodos de la Fundaci\u00f3n Adecco es un gran aliciente que valida nuestro modelo de trabajo hacia la plena inclusi\u00f3n\u201d.<\/p>\n<h3><strong>Sobre BROSETA<\/strong><\/h3>\n<p>BROSETA es una firma de referencia en el sector legal caracterizada por su compromiso con la calidad, la innovaci\u00f3n, la excelencia en el servicio y la proximidad al cliente. BROSETA ofrece asesoramiento jur\u00eddico en las principales \u00e1reas del Derecho (Administrativo, Fiscal, Laboral, Mercantil, Penal y Procesal) a todo tipo de compa\u00f1\u00edas privadas y entidades y organismos de la Administraci\u00f3n P\u00fablica.<\/p>\n<p>BROSETA cuenta con una clara vocaci\u00f3n internacional avalada a trav\u00e9s de su presencia en Portugal, Suiza y el liderazgo de la Red Legal Iberoamericana (alianza de firmas con presencia en Chile, Colombia, Costa Rica, Ecuador, El Salvador, Guatemala, Espa\u00f1a, Honduras, M\u00e9xico, Nicaragua, Panam\u00e1, Paraguay, Per\u00fa, Portugal y Rep\u00fablica Dominicana) y la amplia red de firmas de primera l\u00ednea con las que colabora en el resto de Latinoam\u00e9rica.<\/p>\n<p>BROSETA opera asimismo en diferentes \u00e1mbitos de negocio a trav\u00e9s de otras dos sociedades participadas: BROSETA Compliance, que ofrece soluciones de negocio orientadas a reforzar los sistemas de Buen Gobierno, Control Interno y Cumplimiento Regulatorio de las organizaciones; y Business Initiatives Consulting, especializada en el asesoramiento en materia de subvenciones y ayudas p\u00fablicas.<\/p>\n<h3><strong>Sobre Fundaci\u00f3n Adecco<\/strong><\/h3>\n<p>Constituida en julio de 1999, la Fundaci\u00f3n Adecco es fruto de la Responsabilidad Social Corporativa que asume el Grupo Adecco como l\u00edder mundial en la gesti\u00f3n de los Recursos humanos. Su principal objetivo es la inserci\u00f3n en el mercado laboral de aquellas personas que, por sus caracter\u00edsticas personales, encuentran m\u00e1s dificultades a la hora de encontrar un puesto de trabajo.<\/p>\n<p>Personas con discapacidad, mayores de 45 a\u00f1os parados de larga duraci\u00f3n, mujeres con responsabilidades familiares no compartidas o v\u00edctimas de violencia de g\u00e9nero y otros grupos en riesgo de exclusi\u00f3n social.<\/p>\n<p>&nbsp;<\/p>\n","protected":false},"excerpt":{"rendered":"<p>Pablo Pineda, primer diplomado europeo con s\u00edndrome de Down, ha participado en una jornada de sensibilizaci\u00f3n organizada por la Fundaci\u00f3n Adecco y la firma de servicios jur\u00eddicos BROSETA. En ella, Pablo, consultor en diversidad de la Fundaci\u00f3n Adecco, ha insistido ante empleados y clientes de BROSETA en la necesidad de un cambio cultural en las [&hellip;]<\/p>\n","protected":false},"author":1,"featured_media":1029781,"comment_status":"closed","ping_status":"closed","sticky":false,"template":"","format":"standard","meta":{"footnotes":""},"categories":[219],"tags":[],"class_list":["post-1029780","post","type-post","status-publish","format-standard","has-post-thumbnail","hentry","category-negocios-y-empresas"],"aioseo_notices":[],"aioseo_head":"\n\t\t<!-- All in One SEO Pro 4.9.6.2 - aioseo.com -->\n\t<meta name=\"description\" content=\"Pablo Pineda, primer diplomado europeo con s\u00edndrome de Down, ha participado en una jornada de sensibilizaci\u00f3n organizada por la Fundaci\u00f3n Adecco y la firma de servicios jur\u00eddicos BROSETA. En ella, Pablo, consultor en diversidad de la Fundaci\u00f3n Adecco, ha insistido ante empleados y clientes de BROSETA en la necesidad de un cambio cultural en las\" \/>\n\t<meta name=\"robots\" content=\"max-image-preview:large\" \/>\n\t<meta name=\"author\" content=\"El Digital de Asturias\"\/>\n\t<meta name=\"google-site-verification\" content=\"UA-38556648-1\" \/>\n\t<meta name=\"msvalidate.01\" content=\"7dfe9f3f1b24437ab69f4f2559babe99\" \/>\n\t<meta name=\"keywords\" content=\"negocios y empresas\" \/>\n\t<link rel=\"canonical\" href=\"https:\/\/www.eldigitaldeasturias.com\/noticias\/pablo-pineda-participa-en-una-jornada-de-sensibilizacion-con-empleados-y-clientes-de-broseta\/\" \/>\n\t<meta name=\"generator\" content=\"All in One SEO Pro (AIOSEO) 4.9.6.2\" \/>\n\t\t<meta property=\"og:locale\" content=\"es_ES\" \/>\n\t\t<meta property=\"og:site_name\" content=\"El Digital de Asturias\" \/>\n\t\t<meta property=\"og:type\" content=\"article\" \/>\n\t\t<meta property=\"og:title\" content=\"Pablo Pineda participa en una jornada de sensibilizaci\u00f3n con empleados y clientes de BROSETA - El Digital de Asturias\" \/>\n\t\t<meta property=\"og:description\" content=\"Pablo Pineda, primer diplomado europeo con s\u00edndrome de Down, ha participado en una jornada de sensibilizaci\u00f3n organizada por la Fundaci\u00f3n Adecco y la firma de servicios jur\u00eddicos BROSETA. En ella, Pablo, consultor en diversidad de la Fundaci\u00f3n Adecco, ha insistido ante empleados y clientes de BROSETA en la necesidad de un cambio cultural en las\" \/>\n\t\t<meta property=\"og:url\" content=\"https:\/\/www.eldigitaldeasturias.com\/noticias\/pablo-pineda-participa-en-una-jornada-de-sensibilizacion-con-empleados-y-clientes-de-broseta\/\" \/>\n\t\t<meta property=\"og:image\" content=\"https:\/\/www.eldigitaldeasturias.com\/noticias\/wp-content\/uploads\/2019\/06\/1559657204_030619_Foto_Jornada_Broseta_2_.jpg\" \/>\n\t\t<meta property=\"og:image:secure_url\" content=\"https:\/\/www.eldigitaldeasturias.com\/noticias\/wp-content\/uploads\/2019\/06\/1559657204_030619_Foto_Jornada_Broseta_2_.jpg\" \/>\n\t\t<meta property=\"og:image:width\" content=\"732\" \/>\n\t\t<meta property=\"og:image:height\" content=\"590\" \/>\n\t\t<meta property=\"article:tag\" content=\"negocios y empresas\" \/>\n\t\t<meta property=\"article:published_time\" content=\"2019-06-05T17:01:29+00:00\" \/>\n\t\t<meta property=\"article:modified_time\" content=\"2019-06-05T17:01:29+00:00\" \/>\n\t\t<meta property=\"article:publisher\" content=\"https:\/\/facebook.com\/eldigitaldeasturias\" \/>\n\t\t<meta name=\"twitter:card\" content=\"summary_large_image\" \/>\n\t\t<meta name=\"twitter:title\" content=\"Pablo Pineda participa en una jornada de sensibilizaci\u00f3n con empleados y clientes de BROSETA - El Digital de Asturias\" \/>\n\t\t<meta name=\"twitter:description\" content=\"Pablo Pineda, primer diplomado europeo con s\u00edndrome de Down, ha participado en una jornada de sensibilizaci\u00f3n organizada por la Fundaci\u00f3n Adecco y la firma de servicios jur\u00eddicos BROSETA. En ella, Pablo, consultor en diversidad de la Fundaci\u00f3n Adecco, ha insistido ante empleados y clientes de BROSETA en la necesidad de un cambio cultural en las\" \/>\n\t\t<meta name=\"twitter:image\" content=\"https:\/\/www.eldigitaldeasturias.com\/noticias\/wp-content\/uploads\/2019\/06\/1559657204_030619_Foto_Jornada_Broseta_2_.jpg\" \/>\n\t\t<meta name=\"twitter:label1\" content=\"Escrito por\" \/>\n\t\t<meta name=\"twitter:data1\" content=\"El Digital de Asturias\" \/>\n\t\t<meta name=\"twitter:label2\" content=\"Tiempo de lectura estimado\" \/>\n\t\t<meta name=\"twitter:data2\" content=\"4 minutos\" \/>\n\t\t<script type=\"application\/ld+json\" class=\"aioseo-schema\">\n\t\t\t{\"@context\":\"https:\\\/\\\/schema.org\",\"@graph\":[{\"@type\":\"BlogPosting\",\"@id\":\"https:\\\/\\\/www.eldigitaldeasturias.com\\\/noticias\\\/pablo-pineda-participa-en-una-jornada-de-sensibilizacion-con-empleados-y-clientes-de-broseta\\\/#blogposting\",\"name\":\"Pablo Pineda participa en una jornada de sensibilizaci\\u00f3n con empleados y clientes de BROSETA - El Digital de Asturias\",\"headline\":\"Pablo Pineda participa en una jornada de sensibilizaci\\u00f3n con empleados y clientes de BROSETA\",\"author\":{\"@id\":\"https:\\\/\\\/www.eldigitaldeasturias.com\\\/noticias\\\/author\\\/admin\\\/#author\"},\"publisher\":{\"@id\":\"https:\\\/\\\/www.eldigitaldeasturias.com\\\/noticias\\\/#organization\"},\"image\":{\"@type\":\"ImageObject\",\"url\":\"https:\\\/\\\/www.eldigitaldeasturias.com\\\/noticias\\\/wp-content\\\/uploads\\\/2019\\\/06\\\/1559657204_030619_Foto_Jornada_Broseta_2_.jpg\",\"width\":732,\"height\":590},\"datePublished\":\"2019-06-05T17:01:29+02:00\",\"dateModified\":\"2019-06-05T17:01:29+02:00\",\"inLanguage\":\"es-ES\",\"mainEntityOfPage\":{\"@id\":\"https:\\\/\\\/www.eldigitaldeasturias.com\\\/noticias\\\/pablo-pineda-participa-en-una-jornada-de-sensibilizacion-con-empleados-y-clientes-de-broseta\\\/#webpage\"},\"isPartOf\":{\"@id\":\"https:\\\/\\\/www.eldigitaldeasturias.com\\\/noticias\\\/pablo-pineda-participa-en-una-jornada-de-sensibilizacion-con-empleados-y-clientes-de-broseta\\\/#webpage\"},\"articleSection\":\"Negocios y Empresas\"},{\"@type\":\"BreadcrumbList\",\"@id\":\"https:\\\/\\\/www.eldigitaldeasturias.com\\\/noticias\\\/pablo-pineda-participa-en-una-jornada-de-sensibilizacion-con-empleados-y-clientes-de-broseta\\\/#breadcrumblist\",\"itemListElement\":[{\"@type\":\"ListItem\",\"@id\":\"https:\\\/\\\/www.eldigitaldeasturias.com\\\/noticias#listItem\",\"position\":1,\"name\":\"Home\",\"item\":\"https:\\\/\\\/www.eldigitaldeasturias.com\\\/noticias\",\"nextItem\":{\"@type\":\"ListItem\",\"@id\":\"https:\\\/\\\/www.eldigitaldeasturias.com\\\/noticias\\\/category\\\/negocios-y-empresas\\\/#listItem\",\"name\":\"Negocios y Empresas\"}},{\"@type\":\"ListItem\",\"@id\":\"https:\\\/\\\/www.eldigitaldeasturias.com\\\/noticias\\\/category\\\/negocios-y-empresas\\\/#listItem\",\"position\":2,\"name\":\"Negocios y Empresas\",\"item\":\"https:\\\/\\\/www.eldigitaldeasturias.com\\\/noticias\\\/category\\\/negocios-y-empresas\\\/\",\"nextItem\":{\"@type\":\"ListItem\",\"@id\":\"https:\\\/\\\/www.eldigitaldeasturias.com\\\/noticias\\\/pablo-pineda-participa-en-una-jornada-de-sensibilizacion-con-empleados-y-clientes-de-broseta\\\/#listItem\",\"name\":\"Pablo Pineda participa en una jornada de sensibilizaci\\u00f3n con empleados y clientes de BROSETA\"},\"previousItem\":{\"@type\":\"ListItem\",\"@id\":\"https:\\\/\\\/www.eldigitaldeasturias.com\\\/noticias#listItem\",\"name\":\"Home\"}},{\"@type\":\"ListItem\",\"@id\":\"https:\\\/\\\/www.eldigitaldeasturias.com\\\/noticias\\\/pablo-pineda-participa-en-una-jornada-de-sensibilizacion-con-empleados-y-clientes-de-broseta\\\/#listItem\",\"position\":3,\"name\":\"Pablo Pineda participa en una jornada de sensibilizaci\\u00f3n con empleados y clientes de BROSETA\",\"previousItem\":{\"@type\":\"ListItem\",\"@id\":\"https:\\\/\\\/www.eldigitaldeasturias.com\\\/noticias\\\/category\\\/negocios-y-empresas\\\/#listItem\",\"name\":\"Negocios y Empresas\"}}]},{\"@type\":\"Organization\",\"@id\":\"https:\\\/\\\/www.eldigitaldeasturias.com\\\/noticias\\\/#organization\",\"name\":\"El Digital de Asturias\",\"description\":\"Hemeroteca\",\"url\":\"https:\\\/\\\/www.eldigitaldeasturias.com\\\/noticias\\\/\",\"email\":\"info@eldigitaldeasturias.com\",\"telephone\":\"+34652131393\",\"logo\":{\"@type\":\"ImageObject\",\"url\":\"https:\\\/\\\/www.eldigitaldeasturias.com\\\/noticias\\\/wp-content\\\/uploads\\\/2020\\\/12\\\/EDA.jpg\",\"@id\":\"https:\\\/\\\/www.eldigitaldeasturias.com\\\/noticias\\\/pablo-pineda-participa-en-una-jornada-de-sensibilizacion-con-empleados-y-clientes-de-broseta\\\/#organizationLogo\",\"width\":649,\"height\":297},\"image\":{\"@id\":\"https:\\\/\\\/www.eldigitaldeasturias.com\\\/noticias\\\/pablo-pineda-participa-en-una-jornada-de-sensibilizacion-con-empleados-y-clientes-de-broseta\\\/#organizationLogo\"},\"sameAs\":[\"https:\\\/\\\/facebook.com\\\/eldigitaldeasturias\",\"https:\\\/\\\/www.youtube.com\\\/channel\\\/UCZP-2wLEB9Rv6erhFmqVnvg\"],\"address\":{\"@id\":\"https:\\\/\\\/www.eldigitaldeasturias.com\\\/noticias\\\/#postaladdress\",\"@type\":\"PostalAddress\",\"streetAddress\":\"san antonio 4,\",\"postalCode\":\"33430\",\"addressLocality\":\"Cand\\u00e1s\",\"addressRegion\":\"Asturias\",\"addressCountry\":\"ES\"}},{\"@type\":\"Person\",\"@id\":\"https:\\\/\\\/www.eldigitaldeasturias.com\\\/noticias\\\/author\\\/admin\\\/#author\",\"url\":\"https:\\\/\\\/www.eldigitaldeasturias.com\\\/noticias\\\/author\\\/admin\\\/\",\"name\":\"El Digital de Asturias\",\"image\":{\"@type\":\"ImageObject\",\"@id\":\"https:\\\/\\\/www.eldigitaldeasturias.com\\\/noticias\\\/pablo-pineda-participa-en-una-jornada-de-sensibilizacion-con-empleados-y-clientes-de-broseta\\\/#authorImage\",\"url\":\"https:\\\/\\\/www.eldigitaldeasturias.com\\\/noticias\\\/wp-content\\\/litespeed\\\/avatar\\\/18677e78aa0546b92d9dbf31ec7d7668.jpg?ver=1777290358\",\"width\":96,\"height\":96,\"caption\":\"El Digital de Asturias\"}},{\"@type\":\"WebPage\",\"@id\":\"https:\\\/\\\/www.eldigitaldeasturias.com\\\/noticias\\\/pablo-pineda-participa-en-una-jornada-de-sensibilizacion-con-empleados-y-clientes-de-broseta\\\/#webpage\",\"url\":\"https:\\\/\\\/www.eldigitaldeasturias.com\\\/noticias\\\/pablo-pineda-participa-en-una-jornada-de-sensibilizacion-con-empleados-y-clientes-de-broseta\\\/\",\"name\":\"Pablo Pineda participa en una jornada de sensibilizaci\\u00f3n con empleados y clientes de BROSETA - El Digital de Asturias\",\"description\":\"Pablo Pineda, primer diplomado europeo con s\\u00edndrome de Down, ha participado en una jornada de sensibilizaci\\u00f3n organizada por la Fundaci\\u00f3n Adecco y la firma de servicios jur\\u00eddicos BROSETA. En ella, Pablo, consultor en diversidad de la Fundaci\\u00f3n Adecco, ha insistido ante empleados y clientes de BROSETA en la necesidad de un cambio cultural en las\",\"inLanguage\":\"es-ES\",\"isPartOf\":{\"@id\":\"https:\\\/\\\/www.eldigitaldeasturias.com\\\/noticias\\\/#website\"},\"breadcrumb\":{\"@id\":\"https:\\\/\\\/www.eldigitaldeasturias.com\\\/noticias\\\/pablo-pineda-participa-en-una-jornada-de-sensibilizacion-con-empleados-y-clientes-de-broseta\\\/#breadcrumblist\"},\"author\":{\"@id\":\"https:\\\/\\\/www.eldigitaldeasturias.com\\\/noticias\\\/author\\\/admin\\\/#author\"},\"creator\":{\"@id\":\"https:\\\/\\\/www.eldigitaldeasturias.com\\\/noticias\\\/author\\\/admin\\\/#author\"},\"image\":{\"@type\":\"ImageObject\",\"url\":\"https:\\\/\\\/www.eldigitaldeasturias.com\\\/noticias\\\/wp-content\\\/uploads\\\/2019\\\/06\\\/1559657204_030619_Foto_Jornada_Broseta_2_.jpg\",\"@id\":\"https:\\\/\\\/www.eldigitaldeasturias.com\\\/noticias\\\/pablo-pineda-participa-en-una-jornada-de-sensibilizacion-con-empleados-y-clientes-de-broseta\\\/#mainImage\",\"width\":732,\"height\":590},\"primaryImageOfPage\":{\"@id\":\"https:\\\/\\\/www.eldigitaldeasturias.com\\\/noticias\\\/pablo-pineda-participa-en-una-jornada-de-sensibilizacion-con-empleados-y-clientes-de-broseta\\\/#mainImage\"},\"datePublished\":\"2019-06-05T17:01:29+02:00\",\"dateModified\":\"2019-06-05T17:01:29+02:00\"},{\"@type\":\"WebSite\",\"@id\":\"https:\\\/\\\/www.eldigitaldeasturias.com\\\/noticias\\\/#website\",\"url\":\"https:\\\/\\\/www.eldigitaldeasturias.com\\\/noticias\\\/\",\"name\":\"El Digital de Asturias - Diario de actualidad y noticias\",\"alternateName\":\"El Digital de Asturias - Diario de actualidad y noticias\",\"description\":\"Hemeroteca\",\"inLanguage\":\"es-ES\",\"publisher\":{\"@id\":\"https:\\\/\\\/www.eldigitaldeasturias.com\\\/noticias\\\/#organization\"}}]}\n\t\t<\/script>\n\t\t<!-- All in One SEO Pro -->\r\n\t\t<title>Pablo Pineda participa en una jornada de sensibilizaci\u00f3n con empleados y clientes de BROSETA - El Digital de Asturias<\/title>\n\n","aioseo_head_json":{"title":"Pablo Pineda participa en una jornada de sensibilizaci\u00f3n con empleados y clientes de BROSETA - El Digital de Asturias","description":"Pablo Pineda, primer diplomado europeo con s\u00edndrome de Down, ha participado en una jornada de sensibilizaci\u00f3n organizada por la Fundaci\u00f3n Adecco y la firma de servicios jur\u00eddicos BROSETA. En ella, Pablo, consultor en diversidad de la Fundaci\u00f3n Adecco, ha insistido ante empleados y clientes de BROSETA en la necesidad de un cambio cultural en las","canonical_url":"https:\/\/www.eldigitaldeasturias.com\/noticias\/pablo-pineda-participa-en-una-jornada-de-sensibilizacion-con-empleados-y-clientes-de-broseta\/","robots":"max-image-preview:large","keywords":"negocios y empresas","webmasterTools":{"google-site-verification":"UA-38556648-1","msvalidate.01":"7dfe9f3f1b24437ab69f4f2559babe99","miscellaneous":""},"schema":{"@context":"https:\/\/schema.org","@graph":[{"@type":"BlogPosting","@id":"https:\/\/www.eldigitaldeasturias.com\/noticias\/pablo-pineda-participa-en-una-jornada-de-sensibilizacion-con-empleados-y-clientes-de-broseta\/#blogposting","name":"Pablo Pineda participa en una jornada de sensibilizaci\u00f3n con empleados y clientes de BROSETA - El Digital de Asturias","headline":"Pablo Pineda participa en una jornada de sensibilizaci\u00f3n con empleados y clientes de BROSETA","author":{"@id":"https:\/\/www.eldigitaldeasturias.com\/noticias\/author\/admin\/#author"},"publisher":{"@id":"https:\/\/www.eldigitaldeasturias.com\/noticias\/#organization"},"image":{"@type":"ImageObject","url":"https:\/\/www.eldigitaldeasturias.com\/noticias\/wp-content\/uploads\/2019\/06\/1559657204_030619_Foto_Jornada_Broseta_2_.jpg","width":732,"height":590},"datePublished":"2019-06-05T17:01:29+02:00","dateModified":"2019-06-05T17:01:29+02:00","inLanguage":"es-ES","mainEntityOfPage":{"@id":"https:\/\/www.eldigitaldeasturias.com\/noticias\/pablo-pineda-participa-en-una-jornada-de-sensibilizacion-con-empleados-y-clientes-de-broseta\/#webpage"},"isPartOf":{"@id":"https:\/\/www.eldigitaldeasturias.com\/noticias\/pablo-pineda-participa-en-una-jornada-de-sensibilizacion-con-empleados-y-clientes-de-broseta\/#webpage"},"articleSection":"Negocios y Empresas"},{"@type":"BreadcrumbList","@id":"https:\/\/www.eldigitaldeasturias.com\/noticias\/pablo-pineda-participa-en-una-jornada-de-sensibilizacion-con-empleados-y-clientes-de-broseta\/#breadcrumblist","itemListElement":[{"@type":"ListItem","@id":"https:\/\/www.eldigitaldeasturias.com\/noticias#listItem","position":1,"name":"Home","item":"https:\/\/www.eldigitaldeasturias.com\/noticias","nextItem":{"@type":"ListItem","@id":"https:\/\/www.eldigitaldeasturias.com\/noticias\/category\/negocios-y-empresas\/#listItem","name":"Negocios y Empresas"}},{"@type":"ListItem","@id":"https:\/\/www.eldigitaldeasturias.com\/noticias\/category\/negocios-y-empresas\/#listItem","position":2,"name":"Negocios y Empresas","item":"https:\/\/www.eldigitaldeasturias.com\/noticias\/category\/negocios-y-empresas\/","nextItem":{"@type":"ListItem","@id":"https:\/\/www.eldigitaldeasturias.com\/noticias\/pablo-pineda-participa-en-una-jornada-de-sensibilizacion-con-empleados-y-clientes-de-broseta\/#listItem","name":"Pablo Pineda participa en una jornada de sensibilizaci\u00f3n con empleados y clientes de BROSETA"},"previousItem":{"@type":"ListItem","@id":"https:\/\/www.eldigitaldeasturias.com\/noticias#listItem","name":"Home"}},{"@type":"ListItem","@id":"https:\/\/www.eldigitaldeasturias.com\/noticias\/pablo-pineda-participa-en-una-jornada-de-sensibilizacion-con-empleados-y-clientes-de-broseta\/#listItem","position":3,"name":"Pablo Pineda participa en una jornada de sensibilizaci\u00f3n con empleados y clientes de BROSETA","previousItem":{"@type":"ListItem","@id":"https:\/\/www.eldigitaldeasturias.com\/noticias\/category\/negocios-y-empresas\/#listItem","name":"Negocios y Empresas"}}]},{"@type":"Organization","@id":"https:\/\/www.eldigitaldeasturias.com\/noticias\/#organization","name":"El Digital de Asturias","description":"Hemeroteca","url":"https:\/\/www.eldigitaldeasturias.com\/noticias\/","email":"info@eldigitaldeasturias.com","telephone":"+34652131393","logo":{"@type":"ImageObject","url":"https:\/\/www.eldigitaldeasturias.com\/noticias\/wp-content\/uploads\/2020\/12\/EDA.jpg","@id":"https:\/\/www.eldigitaldeasturias.com\/noticias\/pablo-pineda-participa-en-una-jornada-de-sensibilizacion-con-empleados-y-clientes-de-broseta\/#organizationLogo","width":649,"height":297},"image":{"@id":"https:\/\/www.eldigitaldeasturias.com\/noticias\/pablo-pineda-participa-en-una-jornada-de-sensibilizacion-con-empleados-y-clientes-de-broseta\/#organizationLogo"},"sameAs":["https:\/\/facebook.com\/eldigitaldeasturias","https:\/\/www.youtube.com\/channel\/UCZP-2wLEB9Rv6erhFmqVnvg"],"address":{"@id":"https:\/\/www.eldigitaldeasturias.com\/noticias\/#postaladdress","@type":"PostalAddress","streetAddress":"san antonio 4,","postalCode":"33430","addressLocality":"Cand\u00e1s","addressRegion":"Asturias","addressCountry":"ES"}},{"@type":"Person","@id":"https:\/\/www.eldigitaldeasturias.com\/noticias\/author\/admin\/#author","url":"https:\/\/www.eldigitaldeasturias.com\/noticias\/author\/admin\/","name":"El Digital de Asturias","image":{"@type":"ImageObject","@id":"https:\/\/www.eldigitaldeasturias.com\/noticias\/pablo-pineda-participa-en-una-jornada-de-sensibilizacion-con-empleados-y-clientes-de-broseta\/#authorImage","url":"https:\/\/www.eldigitaldeasturias.com\/noticias\/wp-content\/litespeed\/avatar\/18677e78aa0546b92d9dbf31ec7d7668.jpg?ver=1777290358","width":96,"height":96,"caption":"El Digital de Asturias"}},{"@type":"WebPage","@id":"https:\/\/www.eldigitaldeasturias.com\/noticias\/pablo-pineda-participa-en-una-jornada-de-sensibilizacion-con-empleados-y-clientes-de-broseta\/#webpage","url":"https:\/\/www.eldigitaldeasturias.com\/noticias\/pablo-pineda-participa-en-una-jornada-de-sensibilizacion-con-empleados-y-clientes-de-broseta\/","name":"Pablo Pineda participa en una jornada de sensibilizaci\u00f3n con empleados y clientes de BROSETA - El Digital de Asturias","description":"Pablo Pineda, primer diplomado europeo con s\u00edndrome de Down, ha participado en una jornada de sensibilizaci\u00f3n organizada por la Fundaci\u00f3n Adecco y la firma de servicios jur\u00eddicos BROSETA. En ella, Pablo, consultor en diversidad de la Fundaci\u00f3n Adecco, ha insistido ante empleados y clientes de BROSETA en la necesidad de un cambio cultural en las","inLanguage":"es-ES","isPartOf":{"@id":"https:\/\/www.eldigitaldeasturias.com\/noticias\/#website"},"breadcrumb":{"@id":"https:\/\/www.eldigitaldeasturias.com\/noticias\/pablo-pineda-participa-en-una-jornada-de-sensibilizacion-con-empleados-y-clientes-de-broseta\/#breadcrumblist"},"author":{"@id":"https:\/\/www.eldigitaldeasturias.com\/noticias\/author\/admin\/#author"},"creator":{"@id":"https:\/\/www.eldigitaldeasturias.com\/noticias\/author\/admin\/#author"},"image":{"@type":"ImageObject","url":"https:\/\/www.eldigitaldeasturias.com\/noticias\/wp-content\/uploads\/2019\/06\/1559657204_030619_Foto_Jornada_Broseta_2_.jpg","@id":"https:\/\/www.eldigitaldeasturias.com\/noticias\/pablo-pineda-participa-en-una-jornada-de-sensibilizacion-con-empleados-y-clientes-de-broseta\/#mainImage","width":732,"height":590},"primaryImageOfPage":{"@id":"https:\/\/www.eldigitaldeasturias.com\/noticias\/pablo-pineda-participa-en-una-jornada-de-sensibilizacion-con-empleados-y-clientes-de-broseta\/#mainImage"},"datePublished":"2019-06-05T17:01:29+02:00","dateModified":"2019-06-05T17:01:29+02:00"},{"@type":"WebSite","@id":"https:\/\/www.eldigitaldeasturias.com\/noticias\/#website","url":"https:\/\/www.eldigitaldeasturias.com\/noticias\/","name":"El Digital de Asturias - Diario de actualidad y noticias","alternateName":"El Digital de Asturias - Diario de actualidad y noticias","description":"Hemeroteca","inLanguage":"es-ES","publisher":{"@id":"https:\/\/www.eldigitaldeasturias.com\/noticias\/#organization"}}]},"og:locale":"es_ES","og:site_name":"El Digital de Asturias","og:type":"article","og:title":"Pablo Pineda participa en una jornada de sensibilizaci\u00f3n con empleados y clientes de BROSETA - El Digital de Asturias","og:description":"Pablo Pineda, primer diplomado europeo con s\u00edndrome de Down, ha participado en una jornada de sensibilizaci\u00f3n organizada por la Fundaci\u00f3n Adecco y la firma de servicios jur\u00eddicos BROSETA. En ella, Pablo, consultor en diversidad de la Fundaci\u00f3n Adecco, ha insistido ante empleados y clientes de BROSETA en la necesidad de un cambio cultural en las","og:url":"https:\/\/www.eldigitaldeasturias.com\/noticias\/pablo-pineda-participa-en-una-jornada-de-sensibilizacion-con-empleados-y-clientes-de-broseta\/","og:image":"https:\/\/www.eldigitaldeasturias.com\/noticias\/wp-content\/uploads\/2019\/06\/1559657204_030619_Foto_Jornada_Broseta_2_.jpg","og:image:secure_url":"https:\/\/www.eldigitaldeasturias.com\/noticias\/wp-content\/uploads\/2019\/06\/1559657204_030619_Foto_Jornada_Broseta_2_.jpg","og:image:width":732,"og:image:height":590,"article:tag":["negocios y empresas"],"article:published_time":"2019-06-05T17:01:29+00:00","article:modified_time":"2019-06-05T17:01:29+00:00","article:publisher":"https:\/\/facebook.com\/eldigitaldeasturias","twitter:card":"summary_large_image","twitter:title":"Pablo Pineda participa en una jornada de sensibilizaci\u00f3n con empleados y clientes de BROSETA - El Digital de Asturias","twitter:description":"Pablo Pineda, primer diplomado europeo con s\u00edndrome de Down, ha participado en una jornada de sensibilizaci\u00f3n organizada por la Fundaci\u00f3n Adecco y la firma de servicios jur\u00eddicos BROSETA. En ella, Pablo, consultor en diversidad de la Fundaci\u00f3n Adecco, ha insistido ante empleados y clientes de BROSETA en la necesidad de un cambio cultural en las","twitter:image":"https:\/\/www.eldigitaldeasturias.com\/noticias\/wp-content\/uploads\/2019\/06\/1559657204_030619_Foto_Jornada_Broseta_2_.jpg","twitter:label1":"Escrito por","twitter:data1":"El Digital de Asturias","twitter:label2":"Tiempo de lectura estimado","twitter:data2":"4 minutos"},"aioseo_meta_data":{"post_id":"1029780","title":null,"description":null,"keywords":null,"keyphrases":null,"primary_term":null,"canonical_url":null,"og_title":null,"og_description":null,"og_object_type":"default","og_image_type":"default","og_image_url":null,"og_image_width":null,"og_image_height":null,"og_image_custom_url":null,"og_image_custom_fields":null,"og_video":null,"og_custom_url":null,"og_article_section":null,"og_article_tags":null,"twitter_use_og":false,"twitter_card":"default","twitter_image_type":"default","twitter_image_url":null,"twitter_image_custom_url":null,"twitter_image_custom_fields":null,"twitter_title":null,"twitter_description":null,"schema":{"blockGraphs":[],"customGraphs":[],"default":{"data":{"Article":[],"Course":[],"Dataset":[],"FAQPage":[],"Movie":[],"Person":[],"Product":[],"ProductReview":[],"Car":[],"Recipe":[],"Service":[],"SoftwareApplication":[],"WebPage":[]},"graphName":"","isEnabled":true},"graphs":[],"defaultGraph":"","defaultPostTypeGraph":""},"schema_type":null,"schema_type_options":null,"pillar_content":false,"robots_default":true,"robots_noindex":false,"robots_noarchive":false,"robots_nosnippet":false,"robots_nofollow":false,"robots_noimageindex":false,"robots_noodp":false,"robots_notranslate":false,"robots_max_snippet":null,"robots_max_videopreview":null,"robots_max_imagepreview":"large","priority":null,"frequency":null,"local_seo":null,"seo_analyzer_scan_date":"2025-10-18 13:26:14","breadcrumb_settings":null,"limit_modified_date":false,"open_ai":null,"ai":null,"created":"2020-12-21 11:10:54","updated":"2025-10-18 13:26:14"},"aioseo_breadcrumb":"<div class=\"aioseo-breadcrumbs\"><span class=\"aioseo-breadcrumb\">\n\t<a href=\"https:\/\/www.eldigitaldeasturias.com\/noticias\" title=\"Home\">Home<\/a>\n<\/span><span class=\"aioseo-breadcrumb-separator\">\u2013<\/span><span class=\"aioseo-breadcrumb\">\n\t<a href=\"https:\/\/www.eldigitaldeasturias.com\/noticias\/category\/negocios-y-empresas\/\" title=\"Negocios y Empresas\">Negocios y Empresas<\/a>\n<\/span><span class=\"aioseo-breadcrumb-separator\">\u2013<\/span><span class=\"aioseo-breadcrumb\">\n\t<a href=\"https:\/\/www.eldigitaldeasturias.com\/noticias\/pablo-pineda-participa-en-una-jornada-de-sensibilizacion-con-empleados-y-clientes-de-broseta\/\" title=\"Pablo Pineda participa en una jornada de sensibilizaci\u00f3n con empleados y clientes de BROSETA\">Pablo Pineda participa en una jornada de sensibilizaci\u00f3n con empleados y clientes de BROSETA<\/a>\n<\/span><\/div>","aioseo_breadcrumb_json":[{"label":"Home","link":"https:\/\/www.eldigitaldeasturias.com\/noticias"},{"label":"Negocios y Empresas","link":"https:\/\/www.eldigitaldeasturias.com\/noticias\/category\/negocios-y-empresas\/"},{"label":"Pablo Pineda participa en una jornada de sensibilizaci\u00f3n con empleados y clientes de BROSETA","link":"https:\/\/www.eldigitaldeasturias.com\/noticias\/pablo-pineda-participa-en-una-jornada-de-sensibilizacion-con-empleados-y-clientes-de-broseta\/"}],"_links":{"self":[{"href":"https:\/\/www.eldigitaldeasturias.com\/noticias\/wp-json\/wp\/v2\/posts\/1029780","targetHints":{"allow":["GET"]}}],"collection":[{"href":"https:\/\/www.eldigitaldeasturias.com\/noticias\/wp-json\/wp\/v2\/posts"}],"about":[{"href":"https:\/\/www.eldigitaldeasturias.com\/noticias\/wp-json\/wp\/v2\/types\/post"}],"author":[{"embeddable":true,"href":"https:\/\/www.eldigitaldeasturias.com\/noticias\/wp-json\/wp\/v2\/users\/1"}],"replies":[{"embeddable":true,"href":"https:\/\/www.eldigitaldeasturias.com\/noticias\/wp-json\/wp\/v2\/comments?post=1029780"}],"version-history":[{"count":0,"href":"https:\/\/www.eldigitaldeasturias.com\/noticias\/wp-json\/wp\/v2\/posts\/1029780\/revisions"}],"wp:featuredmedia":[{"embeddable":true,"href":"https:\/\/www.eldigitaldeasturias.com\/noticias\/wp-json\/wp\/v2\/media\/1029781"}],"wp:attachment":[{"href":"https:\/\/www.eldigitaldeasturias.com\/noticias\/wp-json\/wp\/v2\/media?parent=1029780"}],"wp:term":[{"taxonomy":"category","embeddable":true,"href":"https:\/\/www.eldigitaldeasturias.com\/noticias\/wp-json\/wp\/v2\/categories?post=1029780"},{"taxonomy":"post_tag","embeddable":true,"href":"https:\/\/www.eldigitaldeasturias.com\/noticias\/wp-json\/wp\/v2\/tags?post=1029780"}],"curies":[{"name":"wp","href":"https:\/\/api.w.org\/{rel}","templated":true}]}}