{"id":1029774,"date":"2019-06-05T16:30:50","date_gmt":"2019-06-05T16:30:50","guid":{"rendered":"https:\/\/www.eldigitaldeasturias.com\/noticias\/?p=1029774"},"modified":"2019-06-05T16:30:50","modified_gmt":"2019-06-05T16:30:50","slug":"salago-creative-cumple-5-anos-y-lanza-su-nueva-web-para-celebrarlo","status":"publish","type":"post","link":"https:\/\/www.eldigitaldeasturias.com\/noticias\/salago-creative-cumple-5-anos-y-lanza-su-nueva-web-para-celebrarlo\/","title":{"rendered":"Salago Creative cumple 5 a\u00f1os y lanza su nueva web para celebrarlo"},"content":{"rendered":"<p><img loading=\"lazy\" decoding=\"async\" class=\"alignleft size-medium wp-image-1029775\" src=\"https:\/\/www.eldigitaldeasturias.com\/noticias\/wp-content\/uploads\/2019\/06\/1559640561_Salago_Estudio_de_Diseno_Creativo_Madrid-360x203.jpg\" alt=\"\" width=\"360\" height=\"203\" srcset=\"https:\/\/www.eldigitaldeasturias.com\/noticias\/wp-content\/uploads\/2019\/06\/1559640561_Salago_Estudio_de_Diseno_Creativo_Madrid-360x203.jpg 360w, https:\/\/www.eldigitaldeasturias.com\/noticias\/wp-content\/uploads\/2019\/06\/1559640561_Salago_Estudio_de_Diseno_Creativo_Madrid-768x432.jpg 768w, https:\/\/www.eldigitaldeasturias.com\/noticias\/wp-content\/uploads\/2019\/06\/1559640561_Salago_Estudio_de_Diseno_Creativo_Madrid-650x366.jpg 650w, https:\/\/www.eldigitaldeasturias.com\/noticias\/wp-content\/uploads\/2019\/06\/1559640561_Salago_Estudio_de_Diseno_Creativo_Madrid-1024x576.jpg 1024w, https:\/\/www.eldigitaldeasturias.com\/noticias\/wp-content\/uploads\/2019\/06\/1559640561_Salago_Estudio_de_Diseno_Creativo_Madrid.jpg 1920w\" sizes=\"auto, (max-width: 360px) 100vw, 360px\" \/>La agencia de dise\u00f1o, producci\u00f3n y marketing\u00a0<span style=\"color: #ff6600;\"><a style=\"color: #ff6600;\" href=\"https:\/\/salagocreative.com\/\" target=\"_blank\" rel=\"nofollow noopener noreferrer\"><strong>Salago Creative<\/strong><\/a><\/span>\u00a0celebra su 5\u00ba aniversario estrenando sitio web, un periodo de tiempo en el que han compartido experiencias inolvidables en cuestiones de branding, digital y v\u00eddeo. Son sus herramientas para construir emociones, comunicar estados de \u00e1nimo y crear experiencias de principio a fin.<\/p>\n<p>El esp\u00edritu inquieto y la mente imparable que caracteriza a este equipo lo han llevado a ver la realidad\u00a0<strong>con perspectiva, color y optimismo<\/strong>. La elegancia y la estrategia son su pan de cada d\u00eda desde que nacieron como marca, y la paciencia, la empat\u00eda y el no rendirse constituyen el nervio que le impulsa a seguir trabajando.<\/p>\n<p>El crecimiento y la evoluci\u00f3n de esta compa\u00f1\u00eda vienen marcados por su capacidad para unificar todas las acciones de branding, digital, v\u00eddeo y marketing online, y hacer que todas ellas fluyan en sinton\u00eda con los consumidores. Su valor diferencial reside en la estrategia, el dise\u00f1o y la producci\u00f3n en armon\u00eda. Por ello, se define como una\u00a0<strong>agencia 360<\/strong>\u00a0con una metodolog\u00eda de trabajo que garantiza la consecuci\u00f3n de sus metas, que enfoca cada campa\u00f1a en la confianza del cliente y busca un sentido \u00fanico a todas sus acciones. Homogeneidad en estado puro.<\/p>\n<p>La agencia alcanza el benem\u00e9rito del lustro despu\u00e9s de ayudar a las marcas desde el dise\u00f1o y la creatividad. Ech\u00e1ndole un pulso a la memoria, con una personalidad definida y un universo gr\u00e1fico que transmite todos sus valores. Todo por contar de un solo golpe qui\u00e9nes son y qu\u00e9 han venido a hacer al mundo. Desde el punto de vista audiovisual, Salago ha creado m\u00e1s de 30 producciones a medida y en l\u00ednea con las necesidades comunicativas.<\/p>\n<p>El camino que sigue este equipo para conseguirlo es el de revisar en profundidad las necesidades de sus clientes, situ\u00e1ndolos en el centro y trabajando a su alrededor. Con nuevas tendencias de mercado y construyendo narrativas memorables en torno a las marcas.<\/p>\n<p><strong>Coca-Cola, Acciones, Pfizer, Bezoya, Mahou y Teka<\/strong>\u00a0son algunos ejemplos de compa\u00f1\u00edas con las que ha trabajado a lo largo de estos a\u00f1os. 2019 ha sido una oportunidad perfecta para lanzar su\u00a0<a href=\"https:\/\/salagocreative.com\/\" target=\"_blank\" rel=\"nofollow noopener noreferrer\"><span style=\"color: #ff6600;\"><strong>nueva web<\/strong><\/span><\/a>, cumpliendo con lo prometido y materializando sus ideas.<\/p>\n<p>&nbsp;<\/p>\n","protected":false},"excerpt":{"rendered":"<p>La agencia de dise\u00f1o, producci\u00f3n y marketing\u00a0Salago Creative\u00a0celebra su 5\u00ba aniversario estrenando sitio web, un periodo de tiempo en el que han compartido experiencias inolvidables en cuestiones de branding, digital y v\u00eddeo. Son sus herramientas para construir emociones, comunicar estados de \u00e1nimo y crear experiencias de principio a fin. El esp\u00edritu inquieto y la mente [&hellip;]<\/p>\n","protected":false},"author":1,"featured_media":1029775,"comment_status":"closed","ping_status":"closed","sticky":false,"template":"","format":"standard","meta":{"footnotes":""},"categories":[219],"tags":[],"class_list":["post-1029774","post","type-post","status-publish","format-standard","has-post-thumbnail","hentry","category-negocios-y-empresas"],"aioseo_notices":[],"aioseo_head":"\n\t\t<!-- All in One SEO Pro 4.9.6.2 - aioseo.com -->\n\t<meta name=\"description\" content=\"La agencia de dise\u00f1o, producci\u00f3n y marketing Salago Creative celebra su 5\u00ba aniversario estrenando sitio web, un periodo de tiempo en el que han compartido experiencias inolvidables en cuestiones de branding, digital y v\u00eddeo. Son sus herramientas para construir emociones, comunicar estados de \u00e1nimo y crear experiencias de principio a fin. El esp\u00edritu inquieto y la mente\" \/>\n\t<meta name=\"robots\" content=\"max-image-preview:large\" \/>\n\t<meta name=\"author\" content=\"El Digital de Asturias\"\/>\n\t<meta name=\"google-site-verification\" content=\"UA-38556648-1\" \/>\n\t<meta name=\"msvalidate.01\" content=\"7dfe9f3f1b24437ab69f4f2559babe99\" \/>\n\t<meta name=\"keywords\" content=\"negocios y empresas\" \/>\n\t<link rel=\"canonical\" href=\"https:\/\/www.eldigitaldeasturias.com\/noticias\/salago-creative-cumple-5-anos-y-lanza-su-nueva-web-para-celebrarlo\/\" \/>\n\t<meta name=\"generator\" content=\"All in One SEO Pro (AIOSEO) 4.9.6.2\" \/>\n\t\t<meta property=\"og:locale\" content=\"es_ES\" \/>\n\t\t<meta property=\"og:site_name\" content=\"El Digital de Asturias\" \/>\n\t\t<meta property=\"og:type\" content=\"article\" \/>\n\t\t<meta property=\"og:title\" content=\"Salago Creative cumple 5 a\u00f1os y lanza su nueva web para celebrarlo - El Digital de Asturias\" \/>\n\t\t<meta property=\"og:description\" content=\"La agencia de dise\u00f1o, producci\u00f3n y marketing Salago Creative celebra su 5\u00ba aniversario estrenando sitio web, un periodo de tiempo en el que han compartido experiencias inolvidables en cuestiones de branding, digital y v\u00eddeo. Son sus herramientas para construir emociones, comunicar estados de \u00e1nimo y crear experiencias de principio a fin. El esp\u00edritu inquieto y la mente\" \/>\n\t\t<meta property=\"og:url\" content=\"https:\/\/www.eldigitaldeasturias.com\/noticias\/salago-creative-cumple-5-anos-y-lanza-su-nueva-web-para-celebrarlo\/\" \/>\n\t\t<meta property=\"og:image\" content=\"https:\/\/www.eldigitaldeasturias.com\/noticias\/wp-content\/uploads\/2019\/06\/1559640561_Salago_Estudio_de_Diseno_Creativo_Madrid.jpg\" \/>\n\t\t<meta property=\"og:image:secure_url\" content=\"https:\/\/www.eldigitaldeasturias.com\/noticias\/wp-content\/uploads\/2019\/06\/1559640561_Salago_Estudio_de_Diseno_Creativo_Madrid.jpg\" \/>\n\t\t<meta property=\"og:image:width\" content=\"1920\" \/>\n\t\t<meta property=\"og:image:height\" content=\"1080\" \/>\n\t\t<meta property=\"article:tag\" content=\"negocios y empresas\" \/>\n\t\t<meta property=\"article:published_time\" content=\"2019-06-05T16:30:50+00:00\" \/>\n\t\t<meta property=\"article:modified_time\" content=\"2019-06-05T16:30:50+00:00\" \/>\n\t\t<meta property=\"article:publisher\" content=\"https:\/\/facebook.com\/eldigitaldeasturias\" \/>\n\t\t<meta name=\"twitter:card\" content=\"summary_large_image\" \/>\n\t\t<meta name=\"twitter:title\" content=\"Salago Creative cumple 5 a\u00f1os y lanza su nueva web para celebrarlo - El Digital de Asturias\" \/>\n\t\t<meta name=\"twitter:description\" content=\"La agencia de dise\u00f1o, producci\u00f3n y marketing Salago Creative celebra su 5\u00ba aniversario estrenando sitio web, un periodo de tiempo en el que han compartido experiencias inolvidables en cuestiones de branding, digital y v\u00eddeo. Son sus herramientas para construir emociones, comunicar estados de \u00e1nimo y crear experiencias de principio a fin. El esp\u00edritu inquieto y la mente\" \/>\n\t\t<meta name=\"twitter:image\" content=\"https:\/\/www.eldigitaldeasturias.com\/noticias\/wp-content\/uploads\/2019\/06\/1559640561_Salago_Estudio_de_Diseno_Creativo_Madrid.jpg\" \/>\n\t\t<meta name=\"twitter:label1\" content=\"Escrito por\" \/>\n\t\t<meta name=\"twitter:data1\" content=\"El Digital de Asturias\" \/>\n\t\t<meta name=\"twitter:label2\" content=\"Tiempo de lectura estimado\" \/>\n\t\t<meta name=\"twitter:data2\" content=\"2 minutos\" \/>\n\t\t<script type=\"application\/ld+json\" class=\"aioseo-schema\">\n\t\t\t{\"@context\":\"https:\\\/\\\/schema.org\",\"@graph\":[{\"@type\":\"BlogPosting\",\"@id\":\"https:\\\/\\\/www.eldigitaldeasturias.com\\\/noticias\\\/salago-creative-cumple-5-anos-y-lanza-su-nueva-web-para-celebrarlo\\\/#blogposting\",\"name\":\"Salago Creative cumple 5 a\\u00f1os y lanza su nueva web para celebrarlo - El Digital de Asturias\",\"headline\":\"Salago Creative cumple 5 a\\u00f1os y lanza su nueva web para celebrarlo\",\"author\":{\"@id\":\"https:\\\/\\\/www.eldigitaldeasturias.com\\\/noticias\\\/author\\\/admin\\\/#author\"},\"publisher\":{\"@id\":\"https:\\\/\\\/www.eldigitaldeasturias.com\\\/noticias\\\/#organization\"},\"image\":{\"@type\":\"ImageObject\",\"url\":\"https:\\\/\\\/www.eldigitaldeasturias.com\\\/noticias\\\/wp-content\\\/uploads\\\/2019\\\/06\\\/1559640561_Salago_Estudio_de_Diseno_Creativo_Madrid.jpg\",\"width\":1920,\"height\":1080},\"datePublished\":\"2019-06-05T16:30:50+02:00\",\"dateModified\":\"2019-06-05T16:30:50+02:00\",\"inLanguage\":\"es-ES\",\"mainEntityOfPage\":{\"@id\":\"https:\\\/\\\/www.eldigitaldeasturias.com\\\/noticias\\\/salago-creative-cumple-5-anos-y-lanza-su-nueva-web-para-celebrarlo\\\/#webpage\"},\"isPartOf\":{\"@id\":\"https:\\\/\\\/www.eldigitaldeasturias.com\\\/noticias\\\/salago-creative-cumple-5-anos-y-lanza-su-nueva-web-para-celebrarlo\\\/#webpage\"},\"articleSection\":\"Negocios y Empresas\"},{\"@type\":\"BreadcrumbList\",\"@id\":\"https:\\\/\\\/www.eldigitaldeasturias.com\\\/noticias\\\/salago-creative-cumple-5-anos-y-lanza-su-nueva-web-para-celebrarlo\\\/#breadcrumblist\",\"itemListElement\":[{\"@type\":\"ListItem\",\"@id\":\"https:\\\/\\\/www.eldigitaldeasturias.com\\\/noticias#listItem\",\"position\":1,\"name\":\"Home\",\"item\":\"https:\\\/\\\/www.eldigitaldeasturias.com\\\/noticias\",\"nextItem\":{\"@type\":\"ListItem\",\"@id\":\"https:\\\/\\\/www.eldigitaldeasturias.com\\\/noticias\\\/category\\\/negocios-y-empresas\\\/#listItem\",\"name\":\"Negocios y Empresas\"}},{\"@type\":\"ListItem\",\"@id\":\"https:\\\/\\\/www.eldigitaldeasturias.com\\\/noticias\\\/category\\\/negocios-y-empresas\\\/#listItem\",\"position\":2,\"name\":\"Negocios y Empresas\",\"item\":\"https:\\\/\\\/www.eldigitaldeasturias.com\\\/noticias\\\/category\\\/negocios-y-empresas\\\/\",\"nextItem\":{\"@type\":\"ListItem\",\"@id\":\"https:\\\/\\\/www.eldigitaldeasturias.com\\\/noticias\\\/salago-creative-cumple-5-anos-y-lanza-su-nueva-web-para-celebrarlo\\\/#listItem\",\"name\":\"Salago Creative cumple 5 a\\u00f1os y lanza su nueva web para celebrarlo\"},\"previousItem\":{\"@type\":\"ListItem\",\"@id\":\"https:\\\/\\\/www.eldigitaldeasturias.com\\\/noticias#listItem\",\"name\":\"Home\"}},{\"@type\":\"ListItem\",\"@id\":\"https:\\\/\\\/www.eldigitaldeasturias.com\\\/noticias\\\/salago-creative-cumple-5-anos-y-lanza-su-nueva-web-para-celebrarlo\\\/#listItem\",\"position\":3,\"name\":\"Salago Creative cumple 5 a\\u00f1os y lanza su nueva web para celebrarlo\",\"previousItem\":{\"@type\":\"ListItem\",\"@id\":\"https:\\\/\\\/www.eldigitaldeasturias.com\\\/noticias\\\/category\\\/negocios-y-empresas\\\/#listItem\",\"name\":\"Negocios y Empresas\"}}]},{\"@type\":\"Organization\",\"@id\":\"https:\\\/\\\/www.eldigitaldeasturias.com\\\/noticias\\\/#organization\",\"name\":\"El Digital de Asturias\",\"description\":\"Hemeroteca\",\"url\":\"https:\\\/\\\/www.eldigitaldeasturias.com\\\/noticias\\\/\",\"email\":\"info@eldigitaldeasturias.com\",\"telephone\":\"+34652131393\",\"logo\":{\"@type\":\"ImageObject\",\"url\":\"https:\\\/\\\/www.eldigitaldeasturias.com\\\/noticias\\\/wp-content\\\/uploads\\\/2020\\\/12\\\/EDA.jpg\",\"@id\":\"https:\\\/\\\/www.eldigitaldeasturias.com\\\/noticias\\\/salago-creative-cumple-5-anos-y-lanza-su-nueva-web-para-celebrarlo\\\/#organizationLogo\",\"width\":649,\"height\":297},\"image\":{\"@id\":\"https:\\\/\\\/www.eldigitaldeasturias.com\\\/noticias\\\/salago-creative-cumple-5-anos-y-lanza-su-nueva-web-para-celebrarlo\\\/#organizationLogo\"},\"sameAs\":[\"https:\\\/\\\/facebook.com\\\/eldigitaldeasturias\",\"https:\\\/\\\/www.youtube.com\\\/channel\\\/UCZP-2wLEB9Rv6erhFmqVnvg\"],\"address\":{\"@id\":\"https:\\\/\\\/www.eldigitaldeasturias.com\\\/noticias\\\/#postaladdress\",\"@type\":\"PostalAddress\",\"streetAddress\":\"san antonio 4,\",\"postalCode\":\"33430\",\"addressLocality\":\"Cand\\u00e1s\",\"addressRegion\":\"Asturias\",\"addressCountry\":\"ES\"}},{\"@type\":\"Person\",\"@id\":\"https:\\\/\\\/www.eldigitaldeasturias.com\\\/noticias\\\/author\\\/admin\\\/#author\",\"url\":\"https:\\\/\\\/www.eldigitaldeasturias.com\\\/noticias\\\/author\\\/admin\\\/\",\"name\":\"El Digital de Asturias\",\"image\":{\"@type\":\"ImageObject\",\"@id\":\"https:\\\/\\\/www.eldigitaldeasturias.com\\\/noticias\\\/salago-creative-cumple-5-anos-y-lanza-su-nueva-web-para-celebrarlo\\\/#authorImage\",\"url\":\"https:\\\/\\\/www.eldigitaldeasturias.com\\\/noticias\\\/wp-content\\\/litespeed\\\/avatar\\\/18677e78aa0546b92d9dbf31ec7d7668.jpg?ver=1776685526\",\"width\":96,\"height\":96,\"caption\":\"El Digital de Asturias\"}},{\"@type\":\"WebPage\",\"@id\":\"https:\\\/\\\/www.eldigitaldeasturias.com\\\/noticias\\\/salago-creative-cumple-5-anos-y-lanza-su-nueva-web-para-celebrarlo\\\/#webpage\",\"url\":\"https:\\\/\\\/www.eldigitaldeasturias.com\\\/noticias\\\/salago-creative-cumple-5-anos-y-lanza-su-nueva-web-para-celebrarlo\\\/\",\"name\":\"Salago Creative cumple 5 a\\u00f1os y lanza su nueva web para celebrarlo - El Digital de Asturias\",\"description\":\"La agencia de dise\\u00f1o, producci\\u00f3n y marketing Salago Creative celebra su 5\\u00ba aniversario estrenando sitio web, un periodo de tiempo en el que han compartido experiencias inolvidables en cuestiones de branding, digital y v\\u00eddeo. Son sus herramientas para construir emociones, comunicar estados de \\u00e1nimo y crear experiencias de principio a fin. El esp\\u00edritu inquieto y la mente\",\"inLanguage\":\"es-ES\",\"isPartOf\":{\"@id\":\"https:\\\/\\\/www.eldigitaldeasturias.com\\\/noticias\\\/#website\"},\"breadcrumb\":{\"@id\":\"https:\\\/\\\/www.eldigitaldeasturias.com\\\/noticias\\\/salago-creative-cumple-5-anos-y-lanza-su-nueva-web-para-celebrarlo\\\/#breadcrumblist\"},\"author\":{\"@id\":\"https:\\\/\\\/www.eldigitaldeasturias.com\\\/noticias\\\/author\\\/admin\\\/#author\"},\"creator\":{\"@id\":\"https:\\\/\\\/www.eldigitaldeasturias.com\\\/noticias\\\/author\\\/admin\\\/#author\"},\"image\":{\"@type\":\"ImageObject\",\"url\":\"https:\\\/\\\/www.eldigitaldeasturias.com\\\/noticias\\\/wp-content\\\/uploads\\\/2019\\\/06\\\/1559640561_Salago_Estudio_de_Diseno_Creativo_Madrid.jpg\",\"@id\":\"https:\\\/\\\/www.eldigitaldeasturias.com\\\/noticias\\\/salago-creative-cumple-5-anos-y-lanza-su-nueva-web-para-celebrarlo\\\/#mainImage\",\"width\":1920,\"height\":1080},\"primaryImageOfPage\":{\"@id\":\"https:\\\/\\\/www.eldigitaldeasturias.com\\\/noticias\\\/salago-creative-cumple-5-anos-y-lanza-su-nueva-web-para-celebrarlo\\\/#mainImage\"},\"datePublished\":\"2019-06-05T16:30:50+02:00\",\"dateModified\":\"2019-06-05T16:30:50+02:00\"},{\"@type\":\"WebSite\",\"@id\":\"https:\\\/\\\/www.eldigitaldeasturias.com\\\/noticias\\\/#website\",\"url\":\"https:\\\/\\\/www.eldigitaldeasturias.com\\\/noticias\\\/\",\"name\":\"El Digital de Asturias - Diario de actualidad y noticias\",\"alternateName\":\"El Digital de Asturias - Diario de actualidad y noticias\",\"description\":\"Hemeroteca\",\"inLanguage\":\"es-ES\",\"publisher\":{\"@id\":\"https:\\\/\\\/www.eldigitaldeasturias.com\\\/noticias\\\/#organization\"}}]}\n\t\t<\/script>\n\t\t<!-- All in One SEO Pro -->\r\n\t\t<title>Salago Creative cumple 5 a\u00f1os y lanza su nueva web para celebrarlo - El Digital de Asturias<\/title>\n\n","aioseo_head_json":{"title":"Salago Creative cumple 5 a\u00f1os y lanza su nueva web para celebrarlo - El Digital de Asturias","description":"La agencia de dise\u00f1o, producci\u00f3n y marketing Salago Creative celebra su 5\u00ba aniversario estrenando sitio web, un periodo de tiempo en el que han compartido experiencias inolvidables en cuestiones de branding, digital y v\u00eddeo. Son sus herramientas para construir emociones, comunicar estados de \u00e1nimo y crear experiencias de principio a fin. El esp\u00edritu inquieto y la mente","canonical_url":"https:\/\/www.eldigitaldeasturias.com\/noticias\/salago-creative-cumple-5-anos-y-lanza-su-nueva-web-para-celebrarlo\/","robots":"max-image-preview:large","keywords":"negocios y empresas","webmasterTools":{"google-site-verification":"UA-38556648-1","msvalidate.01":"7dfe9f3f1b24437ab69f4f2559babe99","miscellaneous":""},"schema":{"@context":"https:\/\/schema.org","@graph":[{"@type":"BlogPosting","@id":"https:\/\/www.eldigitaldeasturias.com\/noticias\/salago-creative-cumple-5-anos-y-lanza-su-nueva-web-para-celebrarlo\/#blogposting","name":"Salago Creative cumple 5 a\u00f1os y lanza su nueva web para celebrarlo - El Digital de Asturias","headline":"Salago Creative cumple 5 a\u00f1os y lanza su nueva web para celebrarlo","author":{"@id":"https:\/\/www.eldigitaldeasturias.com\/noticias\/author\/admin\/#author"},"publisher":{"@id":"https:\/\/www.eldigitaldeasturias.com\/noticias\/#organization"},"image":{"@type":"ImageObject","url":"https:\/\/www.eldigitaldeasturias.com\/noticias\/wp-content\/uploads\/2019\/06\/1559640561_Salago_Estudio_de_Diseno_Creativo_Madrid.jpg","width":1920,"height":1080},"datePublished":"2019-06-05T16:30:50+02:00","dateModified":"2019-06-05T16:30:50+02:00","inLanguage":"es-ES","mainEntityOfPage":{"@id":"https:\/\/www.eldigitaldeasturias.com\/noticias\/salago-creative-cumple-5-anos-y-lanza-su-nueva-web-para-celebrarlo\/#webpage"},"isPartOf":{"@id":"https:\/\/www.eldigitaldeasturias.com\/noticias\/salago-creative-cumple-5-anos-y-lanza-su-nueva-web-para-celebrarlo\/#webpage"},"articleSection":"Negocios y Empresas"},{"@type":"BreadcrumbList","@id":"https:\/\/www.eldigitaldeasturias.com\/noticias\/salago-creative-cumple-5-anos-y-lanza-su-nueva-web-para-celebrarlo\/#breadcrumblist","itemListElement":[{"@type":"ListItem","@id":"https:\/\/www.eldigitaldeasturias.com\/noticias#listItem","position":1,"name":"Home","item":"https:\/\/www.eldigitaldeasturias.com\/noticias","nextItem":{"@type":"ListItem","@id":"https:\/\/www.eldigitaldeasturias.com\/noticias\/category\/negocios-y-empresas\/#listItem","name":"Negocios y Empresas"}},{"@type":"ListItem","@id":"https:\/\/www.eldigitaldeasturias.com\/noticias\/category\/negocios-y-empresas\/#listItem","position":2,"name":"Negocios y Empresas","item":"https:\/\/www.eldigitaldeasturias.com\/noticias\/category\/negocios-y-empresas\/","nextItem":{"@type":"ListItem","@id":"https:\/\/www.eldigitaldeasturias.com\/noticias\/salago-creative-cumple-5-anos-y-lanza-su-nueva-web-para-celebrarlo\/#listItem","name":"Salago Creative cumple 5 a\u00f1os y lanza su nueva web para celebrarlo"},"previousItem":{"@type":"ListItem","@id":"https:\/\/www.eldigitaldeasturias.com\/noticias#listItem","name":"Home"}},{"@type":"ListItem","@id":"https:\/\/www.eldigitaldeasturias.com\/noticias\/salago-creative-cumple-5-anos-y-lanza-su-nueva-web-para-celebrarlo\/#listItem","position":3,"name":"Salago Creative cumple 5 a\u00f1os y lanza su nueva web para celebrarlo","previousItem":{"@type":"ListItem","@id":"https:\/\/www.eldigitaldeasturias.com\/noticias\/category\/negocios-y-empresas\/#listItem","name":"Negocios y Empresas"}}]},{"@type":"Organization","@id":"https:\/\/www.eldigitaldeasturias.com\/noticias\/#organization","name":"El Digital de Asturias","description":"Hemeroteca","url":"https:\/\/www.eldigitaldeasturias.com\/noticias\/","email":"info@eldigitaldeasturias.com","telephone":"+34652131393","logo":{"@type":"ImageObject","url":"https:\/\/www.eldigitaldeasturias.com\/noticias\/wp-content\/uploads\/2020\/12\/EDA.jpg","@id":"https:\/\/www.eldigitaldeasturias.com\/noticias\/salago-creative-cumple-5-anos-y-lanza-su-nueva-web-para-celebrarlo\/#organizationLogo","width":649,"height":297},"image":{"@id":"https:\/\/www.eldigitaldeasturias.com\/noticias\/salago-creative-cumple-5-anos-y-lanza-su-nueva-web-para-celebrarlo\/#organizationLogo"},"sameAs":["https:\/\/facebook.com\/eldigitaldeasturias","https:\/\/www.youtube.com\/channel\/UCZP-2wLEB9Rv6erhFmqVnvg"],"address":{"@id":"https:\/\/www.eldigitaldeasturias.com\/noticias\/#postaladdress","@type":"PostalAddress","streetAddress":"san antonio 4,","postalCode":"33430","addressLocality":"Cand\u00e1s","addressRegion":"Asturias","addressCountry":"ES"}},{"@type":"Person","@id":"https:\/\/www.eldigitaldeasturias.com\/noticias\/author\/admin\/#author","url":"https:\/\/www.eldigitaldeasturias.com\/noticias\/author\/admin\/","name":"El Digital de Asturias","image":{"@type":"ImageObject","@id":"https:\/\/www.eldigitaldeasturias.com\/noticias\/salago-creative-cumple-5-anos-y-lanza-su-nueva-web-para-celebrarlo\/#authorImage","url":"https:\/\/www.eldigitaldeasturias.com\/noticias\/wp-content\/litespeed\/avatar\/18677e78aa0546b92d9dbf31ec7d7668.jpg?ver=1776685526","width":96,"height":96,"caption":"El Digital de Asturias"}},{"@type":"WebPage","@id":"https:\/\/www.eldigitaldeasturias.com\/noticias\/salago-creative-cumple-5-anos-y-lanza-su-nueva-web-para-celebrarlo\/#webpage","url":"https:\/\/www.eldigitaldeasturias.com\/noticias\/salago-creative-cumple-5-anos-y-lanza-su-nueva-web-para-celebrarlo\/","name":"Salago Creative cumple 5 a\u00f1os y lanza su nueva web para celebrarlo - El Digital de Asturias","description":"La agencia de dise\u00f1o, producci\u00f3n y marketing Salago Creative celebra su 5\u00ba aniversario estrenando sitio web, un periodo de tiempo en el que han compartido experiencias inolvidables en cuestiones de branding, digital y v\u00eddeo. Son sus herramientas para construir emociones, comunicar estados de \u00e1nimo y crear experiencias de principio a fin. El esp\u00edritu inquieto y la mente","inLanguage":"es-ES","isPartOf":{"@id":"https:\/\/www.eldigitaldeasturias.com\/noticias\/#website"},"breadcrumb":{"@id":"https:\/\/www.eldigitaldeasturias.com\/noticias\/salago-creative-cumple-5-anos-y-lanza-su-nueva-web-para-celebrarlo\/#breadcrumblist"},"author":{"@id":"https:\/\/www.eldigitaldeasturias.com\/noticias\/author\/admin\/#author"},"creator":{"@id":"https:\/\/www.eldigitaldeasturias.com\/noticias\/author\/admin\/#author"},"image":{"@type":"ImageObject","url":"https:\/\/www.eldigitaldeasturias.com\/noticias\/wp-content\/uploads\/2019\/06\/1559640561_Salago_Estudio_de_Diseno_Creativo_Madrid.jpg","@id":"https:\/\/www.eldigitaldeasturias.com\/noticias\/salago-creative-cumple-5-anos-y-lanza-su-nueva-web-para-celebrarlo\/#mainImage","width":1920,"height":1080},"primaryImageOfPage":{"@id":"https:\/\/www.eldigitaldeasturias.com\/noticias\/salago-creative-cumple-5-anos-y-lanza-su-nueva-web-para-celebrarlo\/#mainImage"},"datePublished":"2019-06-05T16:30:50+02:00","dateModified":"2019-06-05T16:30:50+02:00"},{"@type":"WebSite","@id":"https:\/\/www.eldigitaldeasturias.com\/noticias\/#website","url":"https:\/\/www.eldigitaldeasturias.com\/noticias\/","name":"El Digital de Asturias - Diario de actualidad y noticias","alternateName":"El Digital de Asturias - Diario de actualidad y noticias","description":"Hemeroteca","inLanguage":"es-ES","publisher":{"@id":"https:\/\/www.eldigitaldeasturias.com\/noticias\/#organization"}}]},"og:locale":"es_ES","og:site_name":"El Digital de Asturias","og:type":"article","og:title":"Salago Creative cumple 5 a\u00f1os y lanza su nueva web para celebrarlo - El Digital de Asturias","og:description":"La agencia de dise\u00f1o, producci\u00f3n y marketing Salago Creative celebra su 5\u00ba aniversario estrenando sitio web, un periodo de tiempo en el que han compartido experiencias inolvidables en cuestiones de branding, digital y v\u00eddeo. Son sus herramientas para construir emociones, comunicar estados de \u00e1nimo y crear experiencias de principio a fin. El esp\u00edritu inquieto y la mente","og:url":"https:\/\/www.eldigitaldeasturias.com\/noticias\/salago-creative-cumple-5-anos-y-lanza-su-nueva-web-para-celebrarlo\/","og:image":"https:\/\/www.eldigitaldeasturias.com\/noticias\/wp-content\/uploads\/2019\/06\/1559640561_Salago_Estudio_de_Diseno_Creativo_Madrid.jpg","og:image:secure_url":"https:\/\/www.eldigitaldeasturias.com\/noticias\/wp-content\/uploads\/2019\/06\/1559640561_Salago_Estudio_de_Diseno_Creativo_Madrid.jpg","og:image:width":1920,"og:image:height":1080,"article:tag":["negocios y empresas"],"article:published_time":"2019-06-05T16:30:50+00:00","article:modified_time":"2019-06-05T16:30:50+00:00","article:publisher":"https:\/\/facebook.com\/eldigitaldeasturias","twitter:card":"summary_large_image","twitter:title":"Salago Creative cumple 5 a\u00f1os y lanza su nueva web para celebrarlo - El Digital de Asturias","twitter:description":"La agencia de dise\u00f1o, producci\u00f3n y marketing Salago Creative celebra su 5\u00ba aniversario estrenando sitio web, un periodo de tiempo en el que han compartido experiencias inolvidables en cuestiones de branding, digital y v\u00eddeo. Son sus herramientas para construir emociones, comunicar estados de \u00e1nimo y crear experiencias de principio a fin. El esp\u00edritu inquieto y la mente","twitter:image":"https:\/\/www.eldigitaldeasturias.com\/noticias\/wp-content\/uploads\/2019\/06\/1559640561_Salago_Estudio_de_Diseno_Creativo_Madrid.jpg","twitter:label1":"Escrito por","twitter:data1":"El Digital de Asturias","twitter:label2":"Tiempo de lectura estimado","twitter:data2":"2 minutos"},"aioseo_meta_data":{"post_id":"1029774","title":null,"description":null,"keywords":null,"keyphrases":null,"primary_term":null,"canonical_url":null,"og_title":null,"og_description":null,"og_object_type":"default","og_image_type":"default","og_image_url":null,"og_image_width":null,"og_image_height":null,"og_image_custom_url":null,"og_image_custom_fields":null,"og_video":null,"og_custom_url":null,"og_article_section":null,"og_article_tags":null,"twitter_use_og":false,"twitter_card":"default","twitter_image_type":"default","twitter_image_url":null,"twitter_image_custom_url":null,"twitter_image_custom_fields":null,"twitter_title":null,"twitter_description":null,"schema":{"blockGraphs":[],"customGraphs":[],"default":{"data":{"Article":[],"Course":[],"Dataset":[],"FAQPage":[],"Movie":[],"Person":[],"Product":[],"ProductReview":[],"Car":[],"Recipe":[],"Service":[],"SoftwareApplication":[],"WebPage":[]},"graphName":"","isEnabled":true},"graphs":[],"defaultGraph":"","defaultPostTypeGraph":""},"schema_type":null,"schema_type_options":null,"pillar_content":false,"robots_default":true,"robots_noindex":false,"robots_noarchive":false,"robots_nosnippet":false,"robots_nofollow":false,"robots_noimageindex":false,"robots_noodp":false,"robots_notranslate":false,"robots_max_snippet":null,"robots_max_videopreview":null,"robots_max_imagepreview":"large","priority":null,"frequency":null,"local_seo":null,"seo_analyzer_scan_date":"2025-10-18 13:24:10","breadcrumb_settings":null,"limit_modified_date":false,"open_ai":null,"ai":null,"created":"2020-12-21 11:10:54","updated":"2025-10-18 13:24:10"},"aioseo_breadcrumb":"<div class=\"aioseo-breadcrumbs\"><span class=\"aioseo-breadcrumb\">\n\t<a href=\"https:\/\/www.eldigitaldeasturias.com\/noticias\" title=\"Home\">Home<\/a>\n<\/span><span class=\"aioseo-breadcrumb-separator\">\u2013<\/span><span class=\"aioseo-breadcrumb\">\n\t<a href=\"https:\/\/www.eldigitaldeasturias.com\/noticias\/category\/negocios-y-empresas\/\" title=\"Negocios y Empresas\">Negocios y Empresas<\/a>\n<\/span><span class=\"aioseo-breadcrumb-separator\">\u2013<\/span><span class=\"aioseo-breadcrumb\">\n\t<a href=\"https:\/\/www.eldigitaldeasturias.com\/noticias\/salago-creative-cumple-5-anos-y-lanza-su-nueva-web-para-celebrarlo\/\" title=\"Salago Creative cumple 5 a\u00f1os y lanza su nueva web para celebrarlo\">Salago Creative cumple 5 a\u00f1os y lanza su nueva web para celebrarlo<\/a>\n<\/span><\/div>","aioseo_breadcrumb_json":[{"label":"Home","link":"https:\/\/www.eldigitaldeasturias.com\/noticias"},{"label":"Negocios y Empresas","link":"https:\/\/www.eldigitaldeasturias.com\/noticias\/category\/negocios-y-empresas\/"},{"label":"Salago Creative cumple 5 a\u00f1os y lanza su nueva web para celebrarlo","link":"https:\/\/www.eldigitaldeasturias.com\/noticias\/salago-creative-cumple-5-anos-y-lanza-su-nueva-web-para-celebrarlo\/"}],"_links":{"self":[{"href":"https:\/\/www.eldigitaldeasturias.com\/noticias\/wp-json\/wp\/v2\/posts\/1029774","targetHints":{"allow":["GET"]}}],"collection":[{"href":"https:\/\/www.eldigitaldeasturias.com\/noticias\/wp-json\/wp\/v2\/posts"}],"about":[{"href":"https:\/\/www.eldigitaldeasturias.com\/noticias\/wp-json\/wp\/v2\/types\/post"}],"author":[{"embeddable":true,"href":"https:\/\/www.eldigitaldeasturias.com\/noticias\/wp-json\/wp\/v2\/users\/1"}],"replies":[{"embeddable":true,"href":"https:\/\/www.eldigitaldeasturias.com\/noticias\/wp-json\/wp\/v2\/comments?post=1029774"}],"version-history":[{"count":0,"href":"https:\/\/www.eldigitaldeasturias.com\/noticias\/wp-json\/wp\/v2\/posts\/1029774\/revisions"}],"wp:featuredmedia":[{"embeddable":true,"href":"https:\/\/www.eldigitaldeasturias.com\/noticias\/wp-json\/wp\/v2\/media\/1029775"}],"wp:attachment":[{"href":"https:\/\/www.eldigitaldeasturias.com\/noticias\/wp-json\/wp\/v2\/media?parent=1029774"}],"wp:term":[{"taxonomy":"category","embeddable":true,"href":"https:\/\/www.eldigitaldeasturias.com\/noticias\/wp-json\/wp\/v2\/categories?post=1029774"},{"taxonomy":"post_tag","embeddable":true,"href":"https:\/\/www.eldigitaldeasturias.com\/noticias\/wp-json\/wp\/v2\/tags?post=1029774"}],"curies":[{"name":"wp","href":"https:\/\/api.w.org\/{rel}","templated":true}]}}