{"id":1029771,"date":"2019-06-05T16:28:57","date_gmt":"2019-06-05T16:28:57","guid":{"rendered":"https:\/\/www.eldigitaldeasturias.com\/noticias\/?p=1029771"},"modified":"2019-06-05T16:28:57","modified_gmt":"2019-06-05T16:28:57","slug":"el-compromiso-de-aldro-en-el-dia-mundial-del-medio-ambiente","status":"publish","type":"post","link":"https:\/\/www.eldigitaldeasturias.com\/noticias\/el-compromiso-de-aldro-en-el-dia-mundial-del-medio-ambiente\/","title":{"rendered":"El compromiso de Aldro en el D\u00eda Mundial del Medio Ambiente"},"content":{"rendered":"<div id=\"texto\" class=\"flex mb15\">\n<p><img loading=\"lazy\" decoding=\"async\" class=\"alignleft size-medium wp-image-1029772\" src=\"https:\/\/www.eldigitaldeasturias.com\/noticias\/wp-content\/uploads\/2019\/06\/1559735497_Pareja_bicicleta_medio_ambiente-360x240.jpg\" alt=\"\" width=\"360\" height=\"240\" srcset=\"https:\/\/www.eldigitaldeasturias.com\/noticias\/wp-content\/uploads\/2019\/06\/1559735497_Pareja_bicicleta_medio_ambiente-360x240.jpg 360w, https:\/\/www.eldigitaldeasturias.com\/noticias\/wp-content\/uploads\/2019\/06\/1559735497_Pareja_bicicleta_medio_ambiente-768x512.jpg 768w, https:\/\/www.eldigitaldeasturias.com\/noticias\/wp-content\/uploads\/2019\/06\/1559735497_Pareja_bicicleta_medio_ambiente-650x433.jpg 650w, https:\/\/www.eldigitaldeasturias.com\/noticias\/wp-content\/uploads\/2019\/06\/1559735497_Pareja_bicicleta_medio_ambiente-675x450.jpg 675w, https:\/\/www.eldigitaldeasturias.com\/noticias\/wp-content\/uploads\/2019\/06\/1559735497_Pareja_bicicleta_medio_ambiente.jpg 960w\" sizes=\"auto, (max-width: 360px) 100vw, 360px\" \/>El D\u00eda Mundial del Medio Ambiente se estableci\u00f3 en 1972 por la Asamblea General de la Naciones Unidas coincidiendo con la primera cumbre mundial sobre medio ambiente, celebrada ese a\u00f1o en Estocolmo. Dicha celebraci\u00f3n se organiza cada a\u00f1o en torno a un tema para centrar la atenci\u00f3n en un aspecto determinado que, en esta ocasi\u00f3n, ser\u00e1 la lucha contra la contaminaci\u00f3n del aire.<\/p>\n<p>Esta efem\u00e9ride anual pretende concienciar a todos sobre el cambio clim\u00e1tico y la importancia de conservar el entorno, centr\u00e1ndose en el desarrollo sostenible y en el cambio de actitud hacia temas ambientales.<\/p>\n<p>China ser\u00e1 el anfitri\u00f3n de esta edici\u00f3n, que instar\u00e1 a todos los agentes activos a unirse para explorar las soluciones a\u00a0este problema global a trav\u00e9s de las energ\u00edas renovables y las tecnolog\u00edas sostenibles. Y es que aproximadamente 7 millones de personas en todo el mundo mueren prematuramente cada a\u00f1o a causa de la contaminaci\u00f3n del aire y casi 4 millones de estas muertes ocurren en la regi\u00f3n de Asia y el Pac\u00edfico.<\/p>\n<p>El primer objetivo pasa por reducir la contaminaci\u00f3n urbana y ya no solo por un tema ecol\u00f3gico sino porque afecta a la salud p\u00fablica. Una mala calidad de este aire est\u00e1 estrechamente relacionada con el aumento de los problemas respiratorios y alergias. Algunas medidas a aplicar para remitir este problema pasan por cambios en la movilidad urbana. En este aspecto, la comercializadora energ\u00e9tica\u00a0<strong>Aldro\u00a0<\/strong>apuesta por la sostenibilidad con su producto Go2E-Car, con el que sus profesionales se encargan del montaje y mantenimiento de la infraestructura necesaria para los veh\u00edculos el\u00e9ctricos como el cargador central y el individual, adem\u00e1s de ofrecer las mejores tarifas adaptadas. A nivel global se deber\u00eda de usar m\u00e1s el transporte p\u00fablico e incluir zonas bajas de emisiones a las que solo puedan acceder los veh\u00edculos menos contaminantes para ganar espacio al tr\u00e1fico rodado en favor de la reducci\u00f3n de la contaminaci\u00f3n y la mejora de la salud urbana. Todo ello para conseguir mejorar la calidad de vida de sus habitantes con ciudades m\u00e1s habitables que queramos mantener y mejorar.<\/p>\n<p>Las emisiones humanas de gases de efecto invernadero afectan al cambio clim\u00e1tico dando como resultado un calentamiento global notorio cada a\u00f1o.\u00a0<strong>Aldro\u00a0<\/strong>es consciente de la importancia de vivir en espacios saludables y para ello ofrece medidas de eficiencia energ\u00e9tica que suponen no solo grandes ahorros en la factura energ\u00e9tica a medio y largo plazo sino que cuidan y protegen el medio ambiente.<\/p>\n<p>Dentro de los hogares,\u00a0<strong>Aldro\u00a0<\/strong>propone la utilizaci\u00f3n de bombillas Led de bajo consumo, que suponen mayor eficiencia y durabilidad, son regulables en intensidad y no se calientan. Y es que la contaminaci\u00f3n lum\u00ednica es otro aspecto a tener en cuenta. Recientemente se han publicado estudios no solo sobre el impacto ecol\u00f3gico de la contaminaci\u00f3n lum\u00ednica en el ecosistema (afectan a la alimentaci\u00f3n y reproducci\u00f3n de los animales de h\u00e1bitats nocturnos y a la floraci\u00f3n algunos \u00e1rboles) sino que estudios cient\u00edficos y m\u00e9dicos arrojan informaci\u00f3n de una correlaci\u00f3n entre la contaminaci\u00f3n lum\u00ednica y problemas de salud humana, desde cambios en el descanso modificando patrones del sue\u00f1o y ritmos biol\u00f3gicos que pueden acarrear problemas de estr\u00e9s, insomnio, diabetes e incluso obesidad hasta aumento de las probabilidades de c\u00e1ncer.<\/p>\n<p>En el hogar son muchos los pasos a dar a la hora de modificar h\u00e1bitos para interiorizar los conceptos de sostenibilidad y eficiencia energ\u00e9tica y\u00a0no solo porque afecten al bolsillo, sino por conciencia ecol\u00f3gica. Ahorrar en la factura de la luz supone cuidar un poco m\u00e1s el planeta. Ahora que empieza el calor se dispara el consumo de aire acondicionado. Para combatir las elevadas temperaturas evitando un consumo desproporcionado de aire acondicionado y una elevada factura de la luz,\u00a0<strong>Aldro\u00a0<\/strong>propone comprar un dispositivo eficiente, con indicativo A+++, que puede suponer un ahorro de un 40% en el consumo de energ\u00eda y si adem\u00e1s cuenta con un modo Eco ayudar\u00e1 m\u00e1s a reducir el consumo. Asimismo, aconseja un consumo responsable ajustando la temperatura entre 24 y 26 grados (por cada grado que se baje hay un 9% m\u00e1s de gasto), apag\u00e1ndolo por la noche que es cuando se pueden abrir las ventanas y que haya corriente, aislar bien la habitaci\u00f3n cerrando puertas y ventanas para no derrochar energ\u00eda y mantener limpios los filtros del dispositivo para su correcto funcionamiento.<\/p>\n<p>Dentro de las viviendas, la calefacci\u00f3n y los electrodom\u00e9sticos son los mayores consumidores de energ\u00eda.\u00a0<strong>Aldro\u00a0<\/strong>propone replantearse h\u00e1bitos en el \u00e1mbito dom\u00e9stico que ayuden a reducir el consumo energ\u00e9tico y con ello, cuidar el entorno. En la cocina, por ejemplo, aboga por el uso de electrodom\u00e9sticos eficientes como los A+++, que consumir\u00e1n hasta un 50% menos de energ\u00eda y cuyo coste se amortizar\u00e1 r\u00e1pidamente. Recomienda, por ejemplo, poner la lavadora y el lavavajillas cuando est\u00e9 la carga completa, regular la temperatura interior de la nevera para que no se genere hielo dentro, no introducir alimentos calientes y evitar estar abriendo la puerta con frecuencia. A la hora de cocinar se puede usar el calor residual del horno o la vitrocer\u00e1mica. En cuanto a la lavadora, elegir el programa correcto de lavado supondr\u00e1 un ahorro importante de energ\u00eda y agua (un programa de lavado a 40\u00ba gasta mucho menos que lavar con agua caliente).<\/p>\n<p>Los aparatos en\u00a0<em>stand by\u00a0<\/em>consumen el 2,3% de electricidad. Para eliminar este consumo fantasma de los aparatos electr\u00f3nicos lo mejor es apagarlos y desenchufarlos e instalar regletas con interruptores que facilitar\u00e1n su apagado.<\/p>\n<p>Otro aspecto a tener en cuenta es controlar la potencia y la tarifa contratada para ajustarlas al m\u00e1ximo a los h\u00e1bitos y las necesidades de cada hogar. La potencia es un gasto fijo en la factura el\u00e9ctrica aunque no haya consumo y se puede conseguir un importante ahorro ajustando la potencia contratada a la que realmente se necesita. En este sentido,\u00a0<strong>Aldro\u00a0<\/strong>asesora a todos sus clientes acerca de la potencia y tarifa que mejor se adapta a sus h\u00e1bitos de consumo con el fin de mejorar la eficiencia energ\u00e9tica y lograr el mayor ahorro energ\u00e9tico posible.<\/p>\n<p><strong>Aldro\u00a0<\/strong>es consciente de que con peque\u00f1os gestos se consiguen grandes logros y de esta manera, propone ciertos h\u00e1bitos, instalaciones de calidad y soluciones de eficiencia energ\u00e9tica para una vida m\u00e1s respetuosa con el medio ambiente. Aprovechando el D\u00eda Mundial del Medio Ambiente,\u00a0<strong>Aldro\u00a0<\/strong>quiere sumarse a esta acci\u00f3n de sensibilizaci\u00f3n mundial sobre nuestro entorno con el fin de promover un cambio de actitud y fomentar la cooperaci\u00f3n en temas ambientales para que todo el mundo pueda disfrutar de un planeta limpio, sano y de futuro.<\/p>\n<\/div>\n<div id=\"datos_extra\" class=\"clearblock\">\n<div id=\"datos_contacto\" class=\"g6 flex\"><\/div>\n<\/div>\n","protected":false},"excerpt":{"rendered":"<p>El D\u00eda Mundial del Medio Ambiente se estableci\u00f3 en 1972 por la Asamblea General de la Naciones Unidas coincidiendo con la primera cumbre mundial sobre medio ambiente, celebrada ese a\u00f1o en Estocolmo. Dicha celebraci\u00f3n se organiza cada a\u00f1o en torno a un tema para centrar la atenci\u00f3n en un aspecto determinado que, en esta ocasi\u00f3n, [&hellip;]<\/p>\n","protected":false},"author":1,"featured_media":1029772,"comment_status":"closed","ping_status":"closed","sticky":false,"template":"","format":"standard","meta":{"footnotes":""},"categories":[219],"tags":[],"class_list":["post-1029771","post","type-post","status-publish","format-standard","has-post-thumbnail","hentry","category-negocios-y-empresas"],"aioseo_notices":[],"aioseo_head":"\n\t\t<!-- All in One SEO Pro 4.9.6.2 - aioseo.com -->\n\t<meta name=\"description\" content=\"El D\u00eda Mundial del Medio Ambiente se estableci\u00f3 en 1972 por la Asamblea General de la Naciones Unidas coincidiendo con la primera cumbre mundial sobre medio ambiente, celebrada ese a\u00f1o en Estocolmo. Dicha celebraci\u00f3n se organiza cada a\u00f1o en torno a un tema para centrar la atenci\u00f3n en un aspecto determinado que, en esta ocasi\u00f3n,\" \/>\n\t<meta name=\"robots\" content=\"max-image-preview:large\" \/>\n\t<meta name=\"author\" content=\"El Digital de Asturias\"\/>\n\t<meta name=\"google-site-verification\" content=\"UA-38556648-1\" \/>\n\t<meta name=\"msvalidate.01\" content=\"7dfe9f3f1b24437ab69f4f2559babe99\" \/>\n\t<meta name=\"keywords\" content=\"negocios y empresas\" \/>\n\t<link rel=\"canonical\" href=\"https:\/\/www.eldigitaldeasturias.com\/noticias\/el-compromiso-de-aldro-en-el-dia-mundial-del-medio-ambiente\/\" \/>\n\t<meta name=\"generator\" content=\"All in One SEO Pro (AIOSEO) 4.9.6.2\" \/>\n\t\t<meta property=\"og:locale\" content=\"es_ES\" \/>\n\t\t<meta property=\"og:site_name\" content=\"El Digital de Asturias\" \/>\n\t\t<meta property=\"og:type\" content=\"article\" \/>\n\t\t<meta property=\"og:title\" content=\"El compromiso de Aldro en el D\u00eda Mundial del Medio Ambiente - El Digital de Asturias\" \/>\n\t\t<meta property=\"og:description\" content=\"El D\u00eda Mundial del Medio Ambiente se estableci\u00f3 en 1972 por la Asamblea General de la Naciones Unidas coincidiendo con la primera cumbre mundial sobre medio ambiente, celebrada ese a\u00f1o en Estocolmo. Dicha celebraci\u00f3n se organiza cada a\u00f1o en torno a un tema para centrar la atenci\u00f3n en un aspecto determinado que, en esta ocasi\u00f3n,\" \/>\n\t\t<meta property=\"og:url\" content=\"https:\/\/www.eldigitaldeasturias.com\/noticias\/el-compromiso-de-aldro-en-el-dia-mundial-del-medio-ambiente\/\" \/>\n\t\t<meta property=\"og:image\" content=\"https:\/\/www.eldigitaldeasturias.com\/noticias\/wp-content\/uploads\/2019\/06\/1559735497_Pareja_bicicleta_medio_ambiente.jpg\" \/>\n\t\t<meta property=\"og:image:secure_url\" content=\"https:\/\/www.eldigitaldeasturias.com\/noticias\/wp-content\/uploads\/2019\/06\/1559735497_Pareja_bicicleta_medio_ambiente.jpg\" \/>\n\t\t<meta property=\"og:image:width\" content=\"960\" \/>\n\t\t<meta property=\"og:image:height\" content=\"640\" \/>\n\t\t<meta property=\"article:tag\" content=\"negocios y empresas\" \/>\n\t\t<meta property=\"article:published_time\" content=\"2019-06-05T16:28:57+00:00\" \/>\n\t\t<meta property=\"article:modified_time\" content=\"2019-06-05T16:28:57+00:00\" \/>\n\t\t<meta property=\"article:publisher\" content=\"https:\/\/facebook.com\/eldigitaldeasturias\" \/>\n\t\t<meta name=\"twitter:card\" content=\"summary_large_image\" \/>\n\t\t<meta name=\"twitter:title\" content=\"El compromiso de Aldro en el D\u00eda Mundial del Medio Ambiente - El Digital de Asturias\" \/>\n\t\t<meta name=\"twitter:description\" content=\"El D\u00eda Mundial del Medio Ambiente se estableci\u00f3 en 1972 por la Asamblea General de la Naciones Unidas coincidiendo con la primera cumbre mundial sobre medio ambiente, celebrada ese a\u00f1o en Estocolmo. Dicha celebraci\u00f3n se organiza cada a\u00f1o en torno a un tema para centrar la atenci\u00f3n en un aspecto determinado que, en esta ocasi\u00f3n,\" \/>\n\t\t<meta name=\"twitter:image\" content=\"https:\/\/www.eldigitaldeasturias.com\/noticias\/wp-content\/uploads\/2019\/06\/1559735497_Pareja_bicicleta_medio_ambiente.jpg\" \/>\n\t\t<meta name=\"twitter:label1\" content=\"Escrito por\" \/>\n\t\t<meta name=\"twitter:data1\" content=\"El Digital de Asturias\" \/>\n\t\t<meta name=\"twitter:label2\" content=\"Tiempo de lectura estimado\" \/>\n\t\t<meta name=\"twitter:data2\" content=\"6 minutos\" \/>\n\t\t<script type=\"application\/ld+json\" class=\"aioseo-schema\">\n\t\t\t{\"@context\":\"https:\\\/\\\/schema.org\",\"@graph\":[{\"@type\":\"BlogPosting\",\"@id\":\"https:\\\/\\\/www.eldigitaldeasturias.com\\\/noticias\\\/el-compromiso-de-aldro-en-el-dia-mundial-del-medio-ambiente\\\/#blogposting\",\"name\":\"El compromiso de Aldro en el D\\u00eda Mundial del Medio Ambiente - El Digital de Asturias\",\"headline\":\"El compromiso de Aldro en el D\\u00eda Mundial del Medio Ambiente\",\"author\":{\"@id\":\"https:\\\/\\\/www.eldigitaldeasturias.com\\\/noticias\\\/author\\\/admin\\\/#author\"},\"publisher\":{\"@id\":\"https:\\\/\\\/www.eldigitaldeasturias.com\\\/noticias\\\/#organization\"},\"image\":{\"@type\":\"ImageObject\",\"url\":\"https:\\\/\\\/www.eldigitaldeasturias.com\\\/noticias\\\/wp-content\\\/uploads\\\/2019\\\/06\\\/1559735497_Pareja_bicicleta_medio_ambiente.jpg\",\"width\":960,\"height\":640},\"datePublished\":\"2019-06-05T16:28:57+02:00\",\"dateModified\":\"2019-06-05T16:28:57+02:00\",\"inLanguage\":\"es-ES\",\"mainEntityOfPage\":{\"@id\":\"https:\\\/\\\/www.eldigitaldeasturias.com\\\/noticias\\\/el-compromiso-de-aldro-en-el-dia-mundial-del-medio-ambiente\\\/#webpage\"},\"isPartOf\":{\"@id\":\"https:\\\/\\\/www.eldigitaldeasturias.com\\\/noticias\\\/el-compromiso-de-aldro-en-el-dia-mundial-del-medio-ambiente\\\/#webpage\"},\"articleSection\":\"Negocios y Empresas\"},{\"@type\":\"BreadcrumbList\",\"@id\":\"https:\\\/\\\/www.eldigitaldeasturias.com\\\/noticias\\\/el-compromiso-de-aldro-en-el-dia-mundial-del-medio-ambiente\\\/#breadcrumblist\",\"itemListElement\":[{\"@type\":\"ListItem\",\"@id\":\"https:\\\/\\\/www.eldigitaldeasturias.com\\\/noticias#listItem\",\"position\":1,\"name\":\"Home\",\"item\":\"https:\\\/\\\/www.eldigitaldeasturias.com\\\/noticias\",\"nextItem\":{\"@type\":\"ListItem\",\"@id\":\"https:\\\/\\\/www.eldigitaldeasturias.com\\\/noticias\\\/category\\\/negocios-y-empresas\\\/#listItem\",\"name\":\"Negocios y Empresas\"}},{\"@type\":\"ListItem\",\"@id\":\"https:\\\/\\\/www.eldigitaldeasturias.com\\\/noticias\\\/category\\\/negocios-y-empresas\\\/#listItem\",\"position\":2,\"name\":\"Negocios y Empresas\",\"item\":\"https:\\\/\\\/www.eldigitaldeasturias.com\\\/noticias\\\/category\\\/negocios-y-empresas\\\/\",\"nextItem\":{\"@type\":\"ListItem\",\"@id\":\"https:\\\/\\\/www.eldigitaldeasturias.com\\\/noticias\\\/el-compromiso-de-aldro-en-el-dia-mundial-del-medio-ambiente\\\/#listItem\",\"name\":\"El compromiso de Aldro en el D\\u00eda Mundial del Medio Ambiente\"},\"previousItem\":{\"@type\":\"ListItem\",\"@id\":\"https:\\\/\\\/www.eldigitaldeasturias.com\\\/noticias#listItem\",\"name\":\"Home\"}},{\"@type\":\"ListItem\",\"@id\":\"https:\\\/\\\/www.eldigitaldeasturias.com\\\/noticias\\\/el-compromiso-de-aldro-en-el-dia-mundial-del-medio-ambiente\\\/#listItem\",\"position\":3,\"name\":\"El compromiso de Aldro en el D\\u00eda Mundial del Medio Ambiente\",\"previousItem\":{\"@type\":\"ListItem\",\"@id\":\"https:\\\/\\\/www.eldigitaldeasturias.com\\\/noticias\\\/category\\\/negocios-y-empresas\\\/#listItem\",\"name\":\"Negocios y Empresas\"}}]},{\"@type\":\"Organization\",\"@id\":\"https:\\\/\\\/www.eldigitaldeasturias.com\\\/noticias\\\/#organization\",\"name\":\"El Digital de Asturias\",\"description\":\"Hemeroteca\",\"url\":\"https:\\\/\\\/www.eldigitaldeasturias.com\\\/noticias\\\/\",\"email\":\"info@eldigitaldeasturias.com\",\"telephone\":\"+34652131393\",\"logo\":{\"@type\":\"ImageObject\",\"url\":\"https:\\\/\\\/www.eldigitaldeasturias.com\\\/noticias\\\/wp-content\\\/uploads\\\/2020\\\/12\\\/EDA.jpg\",\"@id\":\"https:\\\/\\\/www.eldigitaldeasturias.com\\\/noticias\\\/el-compromiso-de-aldro-en-el-dia-mundial-del-medio-ambiente\\\/#organizationLogo\",\"width\":649,\"height\":297},\"image\":{\"@id\":\"https:\\\/\\\/www.eldigitaldeasturias.com\\\/noticias\\\/el-compromiso-de-aldro-en-el-dia-mundial-del-medio-ambiente\\\/#organizationLogo\"},\"sameAs\":[\"https:\\\/\\\/facebook.com\\\/eldigitaldeasturias\",\"https:\\\/\\\/www.youtube.com\\\/channel\\\/UCZP-2wLEB9Rv6erhFmqVnvg\"],\"address\":{\"@id\":\"https:\\\/\\\/www.eldigitaldeasturias.com\\\/noticias\\\/#postaladdress\",\"@type\":\"PostalAddress\",\"streetAddress\":\"san antonio 4,\",\"postalCode\":\"33430\",\"addressLocality\":\"Cand\\u00e1s\",\"addressRegion\":\"Asturias\",\"addressCountry\":\"ES\"}},{\"@type\":\"Person\",\"@id\":\"https:\\\/\\\/www.eldigitaldeasturias.com\\\/noticias\\\/author\\\/admin\\\/#author\",\"url\":\"https:\\\/\\\/www.eldigitaldeasturias.com\\\/noticias\\\/author\\\/admin\\\/\",\"name\":\"El Digital de Asturias\",\"image\":{\"@type\":\"ImageObject\",\"@id\":\"https:\\\/\\\/www.eldigitaldeasturias.com\\\/noticias\\\/el-compromiso-de-aldro-en-el-dia-mundial-del-medio-ambiente\\\/#authorImage\",\"url\":\"https:\\\/\\\/www.eldigitaldeasturias.com\\\/noticias\\\/wp-content\\\/litespeed\\\/avatar\\\/18677e78aa0546b92d9dbf31ec7d7668.jpg?ver=1776685526\",\"width\":96,\"height\":96,\"caption\":\"El Digital de Asturias\"}},{\"@type\":\"WebPage\",\"@id\":\"https:\\\/\\\/www.eldigitaldeasturias.com\\\/noticias\\\/el-compromiso-de-aldro-en-el-dia-mundial-del-medio-ambiente\\\/#webpage\",\"url\":\"https:\\\/\\\/www.eldigitaldeasturias.com\\\/noticias\\\/el-compromiso-de-aldro-en-el-dia-mundial-del-medio-ambiente\\\/\",\"name\":\"El compromiso de Aldro en el D\\u00eda Mundial del Medio Ambiente - El Digital de Asturias\",\"description\":\"El D\\u00eda Mundial del Medio Ambiente se estableci\\u00f3 en 1972 por la Asamblea General de la Naciones Unidas coincidiendo con la primera cumbre mundial sobre medio ambiente, celebrada ese a\\u00f1o en Estocolmo. Dicha celebraci\\u00f3n se organiza cada a\\u00f1o en torno a un tema para centrar la atenci\\u00f3n en un aspecto determinado que, en esta ocasi\\u00f3n,\",\"inLanguage\":\"es-ES\",\"isPartOf\":{\"@id\":\"https:\\\/\\\/www.eldigitaldeasturias.com\\\/noticias\\\/#website\"},\"breadcrumb\":{\"@id\":\"https:\\\/\\\/www.eldigitaldeasturias.com\\\/noticias\\\/el-compromiso-de-aldro-en-el-dia-mundial-del-medio-ambiente\\\/#breadcrumblist\"},\"author\":{\"@id\":\"https:\\\/\\\/www.eldigitaldeasturias.com\\\/noticias\\\/author\\\/admin\\\/#author\"},\"creator\":{\"@id\":\"https:\\\/\\\/www.eldigitaldeasturias.com\\\/noticias\\\/author\\\/admin\\\/#author\"},\"image\":{\"@type\":\"ImageObject\",\"url\":\"https:\\\/\\\/www.eldigitaldeasturias.com\\\/noticias\\\/wp-content\\\/uploads\\\/2019\\\/06\\\/1559735497_Pareja_bicicleta_medio_ambiente.jpg\",\"@id\":\"https:\\\/\\\/www.eldigitaldeasturias.com\\\/noticias\\\/el-compromiso-de-aldro-en-el-dia-mundial-del-medio-ambiente\\\/#mainImage\",\"width\":960,\"height\":640},\"primaryImageOfPage\":{\"@id\":\"https:\\\/\\\/www.eldigitaldeasturias.com\\\/noticias\\\/el-compromiso-de-aldro-en-el-dia-mundial-del-medio-ambiente\\\/#mainImage\"},\"datePublished\":\"2019-06-05T16:28:57+02:00\",\"dateModified\":\"2019-06-05T16:28:57+02:00\"},{\"@type\":\"WebSite\",\"@id\":\"https:\\\/\\\/www.eldigitaldeasturias.com\\\/noticias\\\/#website\",\"url\":\"https:\\\/\\\/www.eldigitaldeasturias.com\\\/noticias\\\/\",\"name\":\"El Digital de Asturias - Diario de actualidad y noticias\",\"alternateName\":\"El Digital de Asturias - Diario de actualidad y noticias\",\"description\":\"Hemeroteca\",\"inLanguage\":\"es-ES\",\"publisher\":{\"@id\":\"https:\\\/\\\/www.eldigitaldeasturias.com\\\/noticias\\\/#organization\"}}]}\n\t\t<\/script>\n\t\t<!-- All in One SEO Pro -->\r\n\t\t<title>El compromiso de Aldro en el D\u00eda Mundial del Medio Ambiente - El Digital de Asturias<\/title>\n\n","aioseo_head_json":{"title":"El compromiso de Aldro en el D\u00eda Mundial del Medio Ambiente - El Digital de Asturias","description":"El D\u00eda Mundial del Medio Ambiente se estableci\u00f3 en 1972 por la Asamblea General de la Naciones Unidas coincidiendo con la primera cumbre mundial sobre medio ambiente, celebrada ese a\u00f1o en Estocolmo. Dicha celebraci\u00f3n se organiza cada a\u00f1o en torno a un tema para centrar la atenci\u00f3n en un aspecto determinado que, en esta ocasi\u00f3n,","canonical_url":"https:\/\/www.eldigitaldeasturias.com\/noticias\/el-compromiso-de-aldro-en-el-dia-mundial-del-medio-ambiente\/","robots":"max-image-preview:large","keywords":"negocios y empresas","webmasterTools":{"google-site-verification":"UA-38556648-1","msvalidate.01":"7dfe9f3f1b24437ab69f4f2559babe99","miscellaneous":""},"schema":{"@context":"https:\/\/schema.org","@graph":[{"@type":"BlogPosting","@id":"https:\/\/www.eldigitaldeasturias.com\/noticias\/el-compromiso-de-aldro-en-el-dia-mundial-del-medio-ambiente\/#blogposting","name":"El compromiso de Aldro en el D\u00eda Mundial del Medio Ambiente - El Digital de Asturias","headline":"El compromiso de Aldro en el D\u00eda Mundial del Medio Ambiente","author":{"@id":"https:\/\/www.eldigitaldeasturias.com\/noticias\/author\/admin\/#author"},"publisher":{"@id":"https:\/\/www.eldigitaldeasturias.com\/noticias\/#organization"},"image":{"@type":"ImageObject","url":"https:\/\/www.eldigitaldeasturias.com\/noticias\/wp-content\/uploads\/2019\/06\/1559735497_Pareja_bicicleta_medio_ambiente.jpg","width":960,"height":640},"datePublished":"2019-06-05T16:28:57+02:00","dateModified":"2019-06-05T16:28:57+02:00","inLanguage":"es-ES","mainEntityOfPage":{"@id":"https:\/\/www.eldigitaldeasturias.com\/noticias\/el-compromiso-de-aldro-en-el-dia-mundial-del-medio-ambiente\/#webpage"},"isPartOf":{"@id":"https:\/\/www.eldigitaldeasturias.com\/noticias\/el-compromiso-de-aldro-en-el-dia-mundial-del-medio-ambiente\/#webpage"},"articleSection":"Negocios y Empresas"},{"@type":"BreadcrumbList","@id":"https:\/\/www.eldigitaldeasturias.com\/noticias\/el-compromiso-de-aldro-en-el-dia-mundial-del-medio-ambiente\/#breadcrumblist","itemListElement":[{"@type":"ListItem","@id":"https:\/\/www.eldigitaldeasturias.com\/noticias#listItem","position":1,"name":"Home","item":"https:\/\/www.eldigitaldeasturias.com\/noticias","nextItem":{"@type":"ListItem","@id":"https:\/\/www.eldigitaldeasturias.com\/noticias\/category\/negocios-y-empresas\/#listItem","name":"Negocios y Empresas"}},{"@type":"ListItem","@id":"https:\/\/www.eldigitaldeasturias.com\/noticias\/category\/negocios-y-empresas\/#listItem","position":2,"name":"Negocios y Empresas","item":"https:\/\/www.eldigitaldeasturias.com\/noticias\/category\/negocios-y-empresas\/","nextItem":{"@type":"ListItem","@id":"https:\/\/www.eldigitaldeasturias.com\/noticias\/el-compromiso-de-aldro-en-el-dia-mundial-del-medio-ambiente\/#listItem","name":"El compromiso de Aldro en el D\u00eda Mundial del Medio Ambiente"},"previousItem":{"@type":"ListItem","@id":"https:\/\/www.eldigitaldeasturias.com\/noticias#listItem","name":"Home"}},{"@type":"ListItem","@id":"https:\/\/www.eldigitaldeasturias.com\/noticias\/el-compromiso-de-aldro-en-el-dia-mundial-del-medio-ambiente\/#listItem","position":3,"name":"El compromiso de Aldro en el D\u00eda Mundial del Medio Ambiente","previousItem":{"@type":"ListItem","@id":"https:\/\/www.eldigitaldeasturias.com\/noticias\/category\/negocios-y-empresas\/#listItem","name":"Negocios y Empresas"}}]},{"@type":"Organization","@id":"https:\/\/www.eldigitaldeasturias.com\/noticias\/#organization","name":"El Digital de Asturias","description":"Hemeroteca","url":"https:\/\/www.eldigitaldeasturias.com\/noticias\/","email":"info@eldigitaldeasturias.com","telephone":"+34652131393","logo":{"@type":"ImageObject","url":"https:\/\/www.eldigitaldeasturias.com\/noticias\/wp-content\/uploads\/2020\/12\/EDA.jpg","@id":"https:\/\/www.eldigitaldeasturias.com\/noticias\/el-compromiso-de-aldro-en-el-dia-mundial-del-medio-ambiente\/#organizationLogo","width":649,"height":297},"image":{"@id":"https:\/\/www.eldigitaldeasturias.com\/noticias\/el-compromiso-de-aldro-en-el-dia-mundial-del-medio-ambiente\/#organizationLogo"},"sameAs":["https:\/\/facebook.com\/eldigitaldeasturias","https:\/\/www.youtube.com\/channel\/UCZP-2wLEB9Rv6erhFmqVnvg"],"address":{"@id":"https:\/\/www.eldigitaldeasturias.com\/noticias\/#postaladdress","@type":"PostalAddress","streetAddress":"san antonio 4,","postalCode":"33430","addressLocality":"Cand\u00e1s","addressRegion":"Asturias","addressCountry":"ES"}},{"@type":"Person","@id":"https:\/\/www.eldigitaldeasturias.com\/noticias\/author\/admin\/#author","url":"https:\/\/www.eldigitaldeasturias.com\/noticias\/author\/admin\/","name":"El Digital de Asturias","image":{"@type":"ImageObject","@id":"https:\/\/www.eldigitaldeasturias.com\/noticias\/el-compromiso-de-aldro-en-el-dia-mundial-del-medio-ambiente\/#authorImage","url":"https:\/\/www.eldigitaldeasturias.com\/noticias\/wp-content\/litespeed\/avatar\/18677e78aa0546b92d9dbf31ec7d7668.jpg?ver=1776685526","width":96,"height":96,"caption":"El Digital de Asturias"}},{"@type":"WebPage","@id":"https:\/\/www.eldigitaldeasturias.com\/noticias\/el-compromiso-de-aldro-en-el-dia-mundial-del-medio-ambiente\/#webpage","url":"https:\/\/www.eldigitaldeasturias.com\/noticias\/el-compromiso-de-aldro-en-el-dia-mundial-del-medio-ambiente\/","name":"El compromiso de Aldro en el D\u00eda Mundial del Medio Ambiente - El Digital de Asturias","description":"El D\u00eda Mundial del Medio Ambiente se estableci\u00f3 en 1972 por la Asamblea General de la Naciones Unidas coincidiendo con la primera cumbre mundial sobre medio ambiente, celebrada ese a\u00f1o en Estocolmo. Dicha celebraci\u00f3n se organiza cada a\u00f1o en torno a un tema para centrar la atenci\u00f3n en un aspecto determinado que, en esta ocasi\u00f3n,","inLanguage":"es-ES","isPartOf":{"@id":"https:\/\/www.eldigitaldeasturias.com\/noticias\/#website"},"breadcrumb":{"@id":"https:\/\/www.eldigitaldeasturias.com\/noticias\/el-compromiso-de-aldro-en-el-dia-mundial-del-medio-ambiente\/#breadcrumblist"},"author":{"@id":"https:\/\/www.eldigitaldeasturias.com\/noticias\/author\/admin\/#author"},"creator":{"@id":"https:\/\/www.eldigitaldeasturias.com\/noticias\/author\/admin\/#author"},"image":{"@type":"ImageObject","url":"https:\/\/www.eldigitaldeasturias.com\/noticias\/wp-content\/uploads\/2019\/06\/1559735497_Pareja_bicicleta_medio_ambiente.jpg","@id":"https:\/\/www.eldigitaldeasturias.com\/noticias\/el-compromiso-de-aldro-en-el-dia-mundial-del-medio-ambiente\/#mainImage","width":960,"height":640},"primaryImageOfPage":{"@id":"https:\/\/www.eldigitaldeasturias.com\/noticias\/el-compromiso-de-aldro-en-el-dia-mundial-del-medio-ambiente\/#mainImage"},"datePublished":"2019-06-05T16:28:57+02:00","dateModified":"2019-06-05T16:28:57+02:00"},{"@type":"WebSite","@id":"https:\/\/www.eldigitaldeasturias.com\/noticias\/#website","url":"https:\/\/www.eldigitaldeasturias.com\/noticias\/","name":"El Digital de Asturias - Diario de actualidad y noticias","alternateName":"El Digital de Asturias - Diario de actualidad y noticias","description":"Hemeroteca","inLanguage":"es-ES","publisher":{"@id":"https:\/\/www.eldigitaldeasturias.com\/noticias\/#organization"}}]},"og:locale":"es_ES","og:site_name":"El Digital de Asturias","og:type":"article","og:title":"El compromiso de Aldro en el D\u00eda Mundial del Medio Ambiente - El Digital de Asturias","og:description":"El D\u00eda Mundial del Medio Ambiente se estableci\u00f3 en 1972 por la Asamblea General de la Naciones Unidas coincidiendo con la primera cumbre mundial sobre medio ambiente, celebrada ese a\u00f1o en Estocolmo. Dicha celebraci\u00f3n se organiza cada a\u00f1o en torno a un tema para centrar la atenci\u00f3n en un aspecto determinado que, en esta ocasi\u00f3n,","og:url":"https:\/\/www.eldigitaldeasturias.com\/noticias\/el-compromiso-de-aldro-en-el-dia-mundial-del-medio-ambiente\/","og:image":"https:\/\/www.eldigitaldeasturias.com\/noticias\/wp-content\/uploads\/2019\/06\/1559735497_Pareja_bicicleta_medio_ambiente.jpg","og:image:secure_url":"https:\/\/www.eldigitaldeasturias.com\/noticias\/wp-content\/uploads\/2019\/06\/1559735497_Pareja_bicicleta_medio_ambiente.jpg","og:image:width":960,"og:image:height":640,"article:tag":["negocios y empresas"],"article:published_time":"2019-06-05T16:28:57+00:00","article:modified_time":"2019-06-05T16:28:57+00:00","article:publisher":"https:\/\/facebook.com\/eldigitaldeasturias","twitter:card":"summary_large_image","twitter:title":"El compromiso de Aldro en el D\u00eda Mundial del Medio Ambiente - El Digital de Asturias","twitter:description":"El D\u00eda Mundial del Medio Ambiente se estableci\u00f3 en 1972 por la Asamblea General de la Naciones Unidas coincidiendo con la primera cumbre mundial sobre medio ambiente, celebrada ese a\u00f1o en Estocolmo. Dicha celebraci\u00f3n se organiza cada a\u00f1o en torno a un tema para centrar la atenci\u00f3n en un aspecto determinado que, en esta ocasi\u00f3n,","twitter:image":"https:\/\/www.eldigitaldeasturias.com\/noticias\/wp-content\/uploads\/2019\/06\/1559735497_Pareja_bicicleta_medio_ambiente.jpg","twitter:label1":"Escrito por","twitter:data1":"El Digital de Asturias","twitter:label2":"Tiempo de lectura estimado","twitter:data2":"6 minutos"},"aioseo_meta_data":{"post_id":"1029771","title":null,"description":null,"keywords":null,"keyphrases":null,"primary_term":null,"canonical_url":null,"og_title":null,"og_description":null,"og_object_type":"default","og_image_type":"default","og_image_url":null,"og_image_width":null,"og_image_height":null,"og_image_custom_url":null,"og_image_custom_fields":null,"og_video":null,"og_custom_url":null,"og_article_section":null,"og_article_tags":null,"twitter_use_og":false,"twitter_card":"default","twitter_image_type":"default","twitter_image_url":null,"twitter_image_custom_url":null,"twitter_image_custom_fields":null,"twitter_title":null,"twitter_description":null,"schema":{"blockGraphs":[],"customGraphs":[],"default":{"data":{"Article":[],"Course":[],"Dataset":[],"FAQPage":[],"Movie":[],"Person":[],"Product":[],"ProductReview":[],"Car":[],"Recipe":[],"Service":[],"SoftwareApplication":[],"WebPage":[]},"graphName":"","isEnabled":true},"graphs":[],"defaultGraph":"","defaultPostTypeGraph":""},"schema_type":null,"schema_type_options":null,"pillar_content":false,"robots_default":true,"robots_noindex":false,"robots_noarchive":false,"robots_nosnippet":false,"robots_nofollow":false,"robots_noimageindex":false,"robots_noodp":false,"robots_notranslate":false,"robots_max_snippet":null,"robots_max_videopreview":null,"robots_max_imagepreview":"large","priority":null,"frequency":null,"local_seo":null,"seo_analyzer_scan_date":"2025-10-18 13:24:10","breadcrumb_settings":null,"limit_modified_date":false,"open_ai":null,"ai":null,"created":"2020-12-21 11:10:54","updated":"2025-10-18 13:24:10"},"aioseo_breadcrumb":"<div class=\"aioseo-breadcrumbs\"><span class=\"aioseo-breadcrumb\">\n\t<a href=\"https:\/\/www.eldigitaldeasturias.com\/noticias\" title=\"Home\">Home<\/a>\n<\/span><span class=\"aioseo-breadcrumb-separator\">\u2013<\/span><span class=\"aioseo-breadcrumb\">\n\t<a href=\"https:\/\/www.eldigitaldeasturias.com\/noticias\/category\/negocios-y-empresas\/\" title=\"Negocios y Empresas\">Negocios y Empresas<\/a>\n<\/span><span class=\"aioseo-breadcrumb-separator\">\u2013<\/span><span class=\"aioseo-breadcrumb\">\n\t<a href=\"https:\/\/www.eldigitaldeasturias.com\/noticias\/el-compromiso-de-aldro-en-el-dia-mundial-del-medio-ambiente\/\" title=\"El compromiso de Aldro en el D\u00eda Mundial del Medio Ambiente\">El compromiso de Aldro en el D\u00eda Mundial del Medio Ambiente<\/a>\n<\/span><\/div>","aioseo_breadcrumb_json":[{"label":"Home","link":"https:\/\/www.eldigitaldeasturias.com\/noticias"},{"label":"Negocios y Empresas","link":"https:\/\/www.eldigitaldeasturias.com\/noticias\/category\/negocios-y-empresas\/"},{"label":"El compromiso de Aldro en el D\u00eda Mundial del Medio Ambiente","link":"https:\/\/www.eldigitaldeasturias.com\/noticias\/el-compromiso-de-aldro-en-el-dia-mundial-del-medio-ambiente\/"}],"_links":{"self":[{"href":"https:\/\/www.eldigitaldeasturias.com\/noticias\/wp-json\/wp\/v2\/posts\/1029771","targetHints":{"allow":["GET"]}}],"collection":[{"href":"https:\/\/www.eldigitaldeasturias.com\/noticias\/wp-json\/wp\/v2\/posts"}],"about":[{"href":"https:\/\/www.eldigitaldeasturias.com\/noticias\/wp-json\/wp\/v2\/types\/post"}],"author":[{"embeddable":true,"href":"https:\/\/www.eldigitaldeasturias.com\/noticias\/wp-json\/wp\/v2\/users\/1"}],"replies":[{"embeddable":true,"href":"https:\/\/www.eldigitaldeasturias.com\/noticias\/wp-json\/wp\/v2\/comments?post=1029771"}],"version-history":[{"count":0,"href":"https:\/\/www.eldigitaldeasturias.com\/noticias\/wp-json\/wp\/v2\/posts\/1029771\/revisions"}],"wp:featuredmedia":[{"embeddable":true,"href":"https:\/\/www.eldigitaldeasturias.com\/noticias\/wp-json\/wp\/v2\/media\/1029772"}],"wp:attachment":[{"href":"https:\/\/www.eldigitaldeasturias.com\/noticias\/wp-json\/wp\/v2\/media?parent=1029771"}],"wp:term":[{"taxonomy":"category","embeddable":true,"href":"https:\/\/www.eldigitaldeasturias.com\/noticias\/wp-json\/wp\/v2\/categories?post=1029771"},{"taxonomy":"post_tag","embeddable":true,"href":"https:\/\/www.eldigitaldeasturias.com\/noticias\/wp-json\/wp\/v2\/tags?post=1029771"}],"curies":[{"name":"wp","href":"https:\/\/api.w.org\/{rel}","templated":true}]}}