{"id":1029656,"date":"2019-06-04T21:16:04","date_gmt":"2019-06-04T21:16:04","guid":{"rendered":"https:\/\/www.eldigitaldeasturias.com\/noticias\/?p=1029656"},"modified":"2019-06-04T21:16:04","modified_gmt":"2019-06-04T21:16:04","slug":"luka-jovic-ficha-por-el-real-madrid","status":"publish","type":"post","link":"https:\/\/www.eldigitaldeasturias.com\/noticias\/luka-jovic-ficha-por-el-real-madrid\/","title":{"rendered":"Luka Jovic ficha por el Real Madrid"},"content":{"rendered":"<p><img loading=\"lazy\" decoding=\"async\" class=\"alignleft size-medium wp-image-977802\" src=\"https:\/\/www.eldigitaldeasturias.com\/noticias\/wp-content\/uploads\/2018\/04\/football-stadium-254435_960_720-360x269.jpg\" alt=\"\" width=\"360\" height=\"269\" srcset=\"https:\/\/www.eldigitaldeasturias.com\/noticias\/wp-content\/uploads\/2018\/04\/football-stadium-254435_960_720-360x269.jpg 360w, https:\/\/www.eldigitaldeasturias.com\/noticias\/wp-content\/uploads\/2018\/04\/football-stadium-254435_960_720-80x60.jpg 80w, https:\/\/www.eldigitaldeasturias.com\/noticias\/wp-content\/uploads\/2018\/04\/football-stadium-254435_960_720-265x198.jpg 265w, https:\/\/www.eldigitaldeasturias.com\/noticias\/wp-content\/uploads\/2018\/04\/football-stadium-254435_960_720-696x520.jpg 696w, https:\/\/www.eldigitaldeasturias.com\/noticias\/wp-content\/uploads\/2018\/04\/football-stadium-254435_960_720-562x420.jpg 562w, https:\/\/www.eldigitaldeasturias.com\/noticias\/wp-content\/uploads\/2018\/04\/football-stadium-254435_960_720-768x574.jpg 768w, https:\/\/www.eldigitaldeasturias.com\/noticias\/wp-content\/uploads\/2018\/04\/football-stadium-254435_960_720-643x480.jpg 643w, https:\/\/www.eldigitaldeasturias.com\/noticias\/wp-content\/uploads\/2018\/04\/football-stadium-254435_960_720-90x67.jpg 90w, https:\/\/www.eldigitaldeasturias.com\/noticias\/wp-content\/uploads\/2018\/04\/football-stadium-254435_960_720.jpg 960w\" sizes=\"auto, (max-width: 360px) 100vw, 360px\" \/>Madrid\/Fr\u00e1ncfort, (dpa) &#8211; El fichaje del goleador serbio Luka Jovic desde el Eintracht Frankfurt hasta el Real Madrid es un hecho, confirm\u00f3 hoy el club de la primera divisi\u00f3n del f\u00fatbol germano.<\/p>\n<p>Seg\u00fan el Frankfurt, Jovic firm\u00f3 un contrato de cinco a\u00f1os con los madridistas. Sin embargo, el Real Madrid inform\u00f3 que el joven de 21 a\u00f1os fue contratado por seis a\u00f1os, hasta el verano (boreal) de 2025.<\/p>\n<p>Seg\u00fan trascendi\u00f3, la suma de transferencia ascender\u00eda a entre <strong>60 y 70 millones de euros<\/strong> (67,4 y 78,7 millones de d\u00f3lares).<\/p>\n<p>\u00abDesde el punto de vista deportivo, Luka Jovic es una gran p\u00e9rdida para nosotros. Su explosividad y su capacidad goleadora pasaron a ser conocidas en toda Europa, y no s\u00f3lo hemos sacado mucho provecho de sus goles en los \u00faltimos dos a\u00f1os. Pero ten\u00edamos claro que hab\u00eda un tope financiero\u00bb, dijo el director deportivo Fredi Bobic.<\/p>\n<p><strong>Jovic marc\u00f3 27 goles en la temporada pasada para el Frankfurt<\/strong>, al que lleg\u00f3 a mediados de 2017 cedido por el Benfica Lisboa.<\/p>\n<p>En abril, el Eintracht Frankfurt retir\u00f3 la opci\u00f3n de compra, que al parecer ascend\u00eda a siete millones de euros.<\/p>\n<p>&nbsp;<\/p>\n","protected":false},"excerpt":{"rendered":"<p>Madrid\/Fr\u00e1ncfort, (dpa) &#8211; El fichaje del goleador serbio Luka Jovic desde el Eintracht Frankfurt hasta el Real Madrid es un hecho, confirm\u00f3 hoy el club de la primera divisi\u00f3n del f\u00fatbol germano. Seg\u00fan el Frankfurt, Jovic firm\u00f3 un contrato de cinco a\u00f1os con los madridistas. Sin embargo, el Real Madrid inform\u00f3 que el joven de [&hellip;]<\/p>\n","protected":false},"author":1,"featured_media":977802,"comment_status":"closed","ping_status":"closed","sticky":false,"template":"","format":"standard","meta":{"footnotes":""},"categories":[190],"tags":[],"class_list":["post-1029656","post","type-post","status-publish","format-standard","has-post-thumbnail","hentry","category-deportes"],"aioseo_notices":[],"aioseo_head":"\n\t\t<!-- All in One SEO Pro 4.9.6.2 - aioseo.com -->\n\t<meta name=\"description\" content=\"Madrid\/Fr\u00e1ncfort, (dpa) - El fichaje del goleador serbio Luka Jovic desde el Eintracht Frankfurt hasta el Real Madrid es un hecho, confirm\u00f3 hoy el club de la primera divisi\u00f3n del f\u00fatbol germano. Seg\u00fan el Frankfurt, Jovic firm\u00f3 un contrato de cinco a\u00f1os con los madridistas. Sin embargo, el Real Madrid inform\u00f3 que el joven de\" \/>\n\t<meta name=\"robots\" content=\"max-image-preview:large\" \/>\n\t<meta name=\"author\" content=\"El Digital de Asturias\"\/>\n\t<meta name=\"google-site-verification\" content=\"UA-38556648-1\" \/>\n\t<meta name=\"msvalidate.01\" content=\"7dfe9f3f1b24437ab69f4f2559babe99\" \/>\n\t<meta name=\"keywords\" content=\"deportes\" \/>\n\t<link rel=\"canonical\" href=\"https:\/\/www.eldigitaldeasturias.com\/noticias\/luka-jovic-ficha-por-el-real-madrid\/\" \/>\n\t<meta name=\"generator\" content=\"All in One SEO Pro (AIOSEO) 4.9.6.2\" \/>\n\t\t<meta property=\"og:locale\" content=\"es_ES\" \/>\n\t\t<meta property=\"og:site_name\" content=\"El Digital de Asturias\" \/>\n\t\t<meta property=\"og:type\" content=\"article\" \/>\n\t\t<meta property=\"og:title\" content=\"Luka Jovic ficha por el Real Madrid - El Digital de Asturias\" \/>\n\t\t<meta property=\"og:description\" content=\"Madrid\/Fr\u00e1ncfort, (dpa) - El fichaje del goleador serbio Luka Jovic desde el Eintracht Frankfurt hasta el Real Madrid es un hecho, confirm\u00f3 hoy el club de la primera divisi\u00f3n del f\u00fatbol germano. Seg\u00fan el Frankfurt, Jovic firm\u00f3 un contrato de cinco a\u00f1os con los madridistas. Sin embargo, el Real Madrid inform\u00f3 que el joven de\" \/>\n\t\t<meta property=\"og:url\" content=\"https:\/\/www.eldigitaldeasturias.com\/noticias\/luka-jovic-ficha-por-el-real-madrid\/\" \/>\n\t\t<meta property=\"og:image\" content=\"https:\/\/www.eldigitaldeasturias.com\/noticias\/wp-content\/uploads\/2018\/04\/football-stadium-254435_960_720.jpg\" \/>\n\t\t<meta property=\"og:image:secure_url\" content=\"https:\/\/www.eldigitaldeasturias.com\/noticias\/wp-content\/uploads\/2018\/04\/football-stadium-254435_960_720.jpg\" \/>\n\t\t<meta property=\"og:image:width\" content=\"960\" \/>\n\t\t<meta property=\"og:image:height\" content=\"717\" \/>\n\t\t<meta property=\"article:tag\" content=\"deportes\" \/>\n\t\t<meta property=\"article:published_time\" content=\"2019-06-04T21:16:04+00:00\" \/>\n\t\t<meta property=\"article:modified_time\" content=\"2019-06-04T21:16:04+00:00\" \/>\n\t\t<meta property=\"article:publisher\" content=\"https:\/\/facebook.com\/eldigitaldeasturias\" \/>\n\t\t<meta name=\"twitter:card\" content=\"summary_large_image\" \/>\n\t\t<meta name=\"twitter:title\" content=\"Luka Jovic ficha por el Real Madrid - El Digital de Asturias\" \/>\n\t\t<meta name=\"twitter:description\" content=\"Madrid\/Fr\u00e1ncfort, (dpa) - El fichaje del goleador serbio Luka Jovic desde el Eintracht Frankfurt hasta el Real Madrid es un hecho, confirm\u00f3 hoy el club de la primera divisi\u00f3n del f\u00fatbol germano. Seg\u00fan el Frankfurt, Jovic firm\u00f3 un contrato de cinco a\u00f1os con los madridistas. Sin embargo, el Real Madrid inform\u00f3 que el joven de\" \/>\n\t\t<meta name=\"twitter:image\" content=\"https:\/\/www.eldigitaldeasturias.com\/noticias\/wp-content\/uploads\/2018\/04\/football-stadium-254435_960_720.jpg\" \/>\n\t\t<meta name=\"twitter:label1\" content=\"Escrito por\" \/>\n\t\t<meta name=\"twitter:data1\" content=\"El Digital de Asturias\" \/>\n\t\t<meta name=\"twitter:label2\" content=\"Tiempo de lectura estimado\" \/>\n\t\t<meta name=\"twitter:data2\" content=\"1 minuto\" \/>\n\t\t<script type=\"application\/ld+json\" class=\"aioseo-schema\">\n\t\t\t{\"@context\":\"https:\\\/\\\/schema.org\",\"@graph\":[{\"@type\":\"BlogPosting\",\"@id\":\"https:\\\/\\\/www.eldigitaldeasturias.com\\\/noticias\\\/luka-jovic-ficha-por-el-real-madrid\\\/#blogposting\",\"name\":\"Luka Jovic ficha por el Real Madrid - El Digital de Asturias\",\"headline\":\"Luka Jovic ficha por el Real Madrid\",\"author\":{\"@id\":\"https:\\\/\\\/www.eldigitaldeasturias.com\\\/noticias\\\/author\\\/admin\\\/#author\"},\"publisher\":{\"@id\":\"https:\\\/\\\/www.eldigitaldeasturias.com\\\/noticias\\\/#organization\"},\"image\":{\"@type\":\"ImageObject\",\"url\":\"https:\\\/\\\/www.eldigitaldeasturias.com\\\/noticias\\\/wp-content\\\/uploads\\\/2018\\\/04\\\/football-stadium-254435_960_720.jpg\",\"width\":960,\"height\":717},\"datePublished\":\"2019-06-04T21:16:04+02:00\",\"dateModified\":\"2019-06-04T21:16:04+02:00\",\"inLanguage\":\"es-ES\",\"mainEntityOfPage\":{\"@id\":\"https:\\\/\\\/www.eldigitaldeasturias.com\\\/noticias\\\/luka-jovic-ficha-por-el-real-madrid\\\/#webpage\"},\"isPartOf\":{\"@id\":\"https:\\\/\\\/www.eldigitaldeasturias.com\\\/noticias\\\/luka-jovic-ficha-por-el-real-madrid\\\/#webpage\"},\"articleSection\":\"Deportes\"},{\"@type\":\"BreadcrumbList\",\"@id\":\"https:\\\/\\\/www.eldigitaldeasturias.com\\\/noticias\\\/luka-jovic-ficha-por-el-real-madrid\\\/#breadcrumblist\",\"itemListElement\":[{\"@type\":\"ListItem\",\"@id\":\"https:\\\/\\\/www.eldigitaldeasturias.com\\\/noticias#listItem\",\"position\":1,\"name\":\"Home\",\"item\":\"https:\\\/\\\/www.eldigitaldeasturias.com\\\/noticias\",\"nextItem\":{\"@type\":\"ListItem\",\"@id\":\"https:\\\/\\\/www.eldigitaldeasturias.com\\\/noticias\\\/category\\\/deportes\\\/#listItem\",\"name\":\"Deportes\"}},{\"@type\":\"ListItem\",\"@id\":\"https:\\\/\\\/www.eldigitaldeasturias.com\\\/noticias\\\/category\\\/deportes\\\/#listItem\",\"position\":2,\"name\":\"Deportes\",\"item\":\"https:\\\/\\\/www.eldigitaldeasturias.com\\\/noticias\\\/category\\\/deportes\\\/\",\"nextItem\":{\"@type\":\"ListItem\",\"@id\":\"https:\\\/\\\/www.eldigitaldeasturias.com\\\/noticias\\\/luka-jovic-ficha-por-el-real-madrid\\\/#listItem\",\"name\":\"Luka Jovic ficha por el Real Madrid\"},\"previousItem\":{\"@type\":\"ListItem\",\"@id\":\"https:\\\/\\\/www.eldigitaldeasturias.com\\\/noticias#listItem\",\"name\":\"Home\"}},{\"@type\":\"ListItem\",\"@id\":\"https:\\\/\\\/www.eldigitaldeasturias.com\\\/noticias\\\/luka-jovic-ficha-por-el-real-madrid\\\/#listItem\",\"position\":3,\"name\":\"Luka Jovic ficha por el Real Madrid\",\"previousItem\":{\"@type\":\"ListItem\",\"@id\":\"https:\\\/\\\/www.eldigitaldeasturias.com\\\/noticias\\\/category\\\/deportes\\\/#listItem\",\"name\":\"Deportes\"}}]},{\"@type\":\"Organization\",\"@id\":\"https:\\\/\\\/www.eldigitaldeasturias.com\\\/noticias\\\/#organization\",\"name\":\"El Digital de Asturias\",\"description\":\"Hemeroteca\",\"url\":\"https:\\\/\\\/www.eldigitaldeasturias.com\\\/noticias\\\/\",\"email\":\"info@eldigitaldeasturias.com\",\"telephone\":\"+34652131393\",\"logo\":{\"@type\":\"ImageObject\",\"url\":\"https:\\\/\\\/www.eldigitaldeasturias.com\\\/noticias\\\/wp-content\\\/uploads\\\/2020\\\/12\\\/EDA.jpg\",\"@id\":\"https:\\\/\\\/www.eldigitaldeasturias.com\\\/noticias\\\/luka-jovic-ficha-por-el-real-madrid\\\/#organizationLogo\",\"width\":649,\"height\":297},\"image\":{\"@id\":\"https:\\\/\\\/www.eldigitaldeasturias.com\\\/noticias\\\/luka-jovic-ficha-por-el-real-madrid\\\/#organizationLogo\"},\"sameAs\":[\"https:\\\/\\\/facebook.com\\\/eldigitaldeasturias\",\"https:\\\/\\\/www.youtube.com\\\/channel\\\/UCZP-2wLEB9Rv6erhFmqVnvg\"],\"address\":{\"@id\":\"https:\\\/\\\/www.eldigitaldeasturias.com\\\/noticias\\\/#postaladdress\",\"@type\":\"PostalAddress\",\"streetAddress\":\"san antonio 4,\",\"postalCode\":\"33430\",\"addressLocality\":\"Cand\\u00e1s\",\"addressRegion\":\"Asturias\",\"addressCountry\":\"ES\"}},{\"@type\":\"Person\",\"@id\":\"https:\\\/\\\/www.eldigitaldeasturias.com\\\/noticias\\\/author\\\/admin\\\/#author\",\"url\":\"https:\\\/\\\/www.eldigitaldeasturias.com\\\/noticias\\\/author\\\/admin\\\/\",\"name\":\"El Digital de Asturias\",\"image\":{\"@type\":\"ImageObject\",\"@id\":\"https:\\\/\\\/www.eldigitaldeasturias.com\\\/noticias\\\/luka-jovic-ficha-por-el-real-madrid\\\/#authorImage\",\"url\":\"https:\\\/\\\/www.eldigitaldeasturias.com\\\/noticias\\\/wp-content\\\/litespeed\\\/avatar\\\/18677e78aa0546b92d9dbf31ec7d7668.jpg?ver=1777290358\",\"width\":96,\"height\":96,\"caption\":\"El Digital de Asturias\"}},{\"@type\":\"WebPage\",\"@id\":\"https:\\\/\\\/www.eldigitaldeasturias.com\\\/noticias\\\/luka-jovic-ficha-por-el-real-madrid\\\/#webpage\",\"url\":\"https:\\\/\\\/www.eldigitaldeasturias.com\\\/noticias\\\/luka-jovic-ficha-por-el-real-madrid\\\/\",\"name\":\"Luka Jovic ficha por el Real Madrid - El Digital de Asturias\",\"description\":\"Madrid\\\/Fr\\u00e1ncfort, (dpa) - El fichaje del goleador serbio Luka Jovic desde el Eintracht Frankfurt hasta el Real Madrid es un hecho, confirm\\u00f3 hoy el club de la primera divisi\\u00f3n del f\\u00fatbol germano. Seg\\u00fan el Frankfurt, Jovic firm\\u00f3 un contrato de cinco a\\u00f1os con los madridistas. Sin embargo, el Real Madrid inform\\u00f3 que el joven de\",\"inLanguage\":\"es-ES\",\"isPartOf\":{\"@id\":\"https:\\\/\\\/www.eldigitaldeasturias.com\\\/noticias\\\/#website\"},\"breadcrumb\":{\"@id\":\"https:\\\/\\\/www.eldigitaldeasturias.com\\\/noticias\\\/luka-jovic-ficha-por-el-real-madrid\\\/#breadcrumblist\"},\"author\":{\"@id\":\"https:\\\/\\\/www.eldigitaldeasturias.com\\\/noticias\\\/author\\\/admin\\\/#author\"},\"creator\":{\"@id\":\"https:\\\/\\\/www.eldigitaldeasturias.com\\\/noticias\\\/author\\\/admin\\\/#author\"},\"image\":{\"@type\":\"ImageObject\",\"url\":\"https:\\\/\\\/www.eldigitaldeasturias.com\\\/noticias\\\/wp-content\\\/uploads\\\/2018\\\/04\\\/football-stadium-254435_960_720.jpg\",\"@id\":\"https:\\\/\\\/www.eldigitaldeasturias.com\\\/noticias\\\/luka-jovic-ficha-por-el-real-madrid\\\/#mainImage\",\"width\":960,\"height\":717},\"primaryImageOfPage\":{\"@id\":\"https:\\\/\\\/www.eldigitaldeasturias.com\\\/noticias\\\/luka-jovic-ficha-por-el-real-madrid\\\/#mainImage\"},\"datePublished\":\"2019-06-04T21:16:04+02:00\",\"dateModified\":\"2019-06-04T21:16:04+02:00\"},{\"@type\":\"WebSite\",\"@id\":\"https:\\\/\\\/www.eldigitaldeasturias.com\\\/noticias\\\/#website\",\"url\":\"https:\\\/\\\/www.eldigitaldeasturias.com\\\/noticias\\\/\",\"name\":\"El Digital de Asturias - Diario de actualidad y noticias\",\"alternateName\":\"El Digital de Asturias - Diario de actualidad y noticias\",\"description\":\"Hemeroteca\",\"inLanguage\":\"es-ES\",\"publisher\":{\"@id\":\"https:\\\/\\\/www.eldigitaldeasturias.com\\\/noticias\\\/#organization\"}}]}\n\t\t<\/script>\n\t\t<!-- All in One SEO Pro -->\r\n\t\t<title>Luka Jovic ficha por el Real Madrid - El Digital de Asturias<\/title>\n\n","aioseo_head_json":{"title":"Luka Jovic ficha por el Real Madrid - El Digital de Asturias","description":"Madrid\/Fr\u00e1ncfort, (dpa) - El fichaje del goleador serbio Luka Jovic desde el Eintracht Frankfurt hasta el Real Madrid es un hecho, confirm\u00f3 hoy el club de la primera divisi\u00f3n del f\u00fatbol germano. Seg\u00fan el Frankfurt, Jovic firm\u00f3 un contrato de cinco a\u00f1os con los madridistas. Sin embargo, el Real Madrid inform\u00f3 que el joven de","canonical_url":"https:\/\/www.eldigitaldeasturias.com\/noticias\/luka-jovic-ficha-por-el-real-madrid\/","robots":"max-image-preview:large","keywords":"deportes","webmasterTools":{"google-site-verification":"UA-38556648-1","msvalidate.01":"7dfe9f3f1b24437ab69f4f2559babe99","miscellaneous":""},"schema":{"@context":"https:\/\/schema.org","@graph":[{"@type":"BlogPosting","@id":"https:\/\/www.eldigitaldeasturias.com\/noticias\/luka-jovic-ficha-por-el-real-madrid\/#blogposting","name":"Luka Jovic ficha por el Real Madrid - El Digital de Asturias","headline":"Luka Jovic ficha por el Real Madrid","author":{"@id":"https:\/\/www.eldigitaldeasturias.com\/noticias\/author\/admin\/#author"},"publisher":{"@id":"https:\/\/www.eldigitaldeasturias.com\/noticias\/#organization"},"image":{"@type":"ImageObject","url":"https:\/\/www.eldigitaldeasturias.com\/noticias\/wp-content\/uploads\/2018\/04\/football-stadium-254435_960_720.jpg","width":960,"height":717},"datePublished":"2019-06-04T21:16:04+02:00","dateModified":"2019-06-04T21:16:04+02:00","inLanguage":"es-ES","mainEntityOfPage":{"@id":"https:\/\/www.eldigitaldeasturias.com\/noticias\/luka-jovic-ficha-por-el-real-madrid\/#webpage"},"isPartOf":{"@id":"https:\/\/www.eldigitaldeasturias.com\/noticias\/luka-jovic-ficha-por-el-real-madrid\/#webpage"},"articleSection":"Deportes"},{"@type":"BreadcrumbList","@id":"https:\/\/www.eldigitaldeasturias.com\/noticias\/luka-jovic-ficha-por-el-real-madrid\/#breadcrumblist","itemListElement":[{"@type":"ListItem","@id":"https:\/\/www.eldigitaldeasturias.com\/noticias#listItem","position":1,"name":"Home","item":"https:\/\/www.eldigitaldeasturias.com\/noticias","nextItem":{"@type":"ListItem","@id":"https:\/\/www.eldigitaldeasturias.com\/noticias\/category\/deportes\/#listItem","name":"Deportes"}},{"@type":"ListItem","@id":"https:\/\/www.eldigitaldeasturias.com\/noticias\/category\/deportes\/#listItem","position":2,"name":"Deportes","item":"https:\/\/www.eldigitaldeasturias.com\/noticias\/category\/deportes\/","nextItem":{"@type":"ListItem","@id":"https:\/\/www.eldigitaldeasturias.com\/noticias\/luka-jovic-ficha-por-el-real-madrid\/#listItem","name":"Luka Jovic ficha por el Real Madrid"},"previousItem":{"@type":"ListItem","@id":"https:\/\/www.eldigitaldeasturias.com\/noticias#listItem","name":"Home"}},{"@type":"ListItem","@id":"https:\/\/www.eldigitaldeasturias.com\/noticias\/luka-jovic-ficha-por-el-real-madrid\/#listItem","position":3,"name":"Luka Jovic ficha por el Real Madrid","previousItem":{"@type":"ListItem","@id":"https:\/\/www.eldigitaldeasturias.com\/noticias\/category\/deportes\/#listItem","name":"Deportes"}}]},{"@type":"Organization","@id":"https:\/\/www.eldigitaldeasturias.com\/noticias\/#organization","name":"El Digital de Asturias","description":"Hemeroteca","url":"https:\/\/www.eldigitaldeasturias.com\/noticias\/","email":"info@eldigitaldeasturias.com","telephone":"+34652131393","logo":{"@type":"ImageObject","url":"https:\/\/www.eldigitaldeasturias.com\/noticias\/wp-content\/uploads\/2020\/12\/EDA.jpg","@id":"https:\/\/www.eldigitaldeasturias.com\/noticias\/luka-jovic-ficha-por-el-real-madrid\/#organizationLogo","width":649,"height":297},"image":{"@id":"https:\/\/www.eldigitaldeasturias.com\/noticias\/luka-jovic-ficha-por-el-real-madrid\/#organizationLogo"},"sameAs":["https:\/\/facebook.com\/eldigitaldeasturias","https:\/\/www.youtube.com\/channel\/UCZP-2wLEB9Rv6erhFmqVnvg"],"address":{"@id":"https:\/\/www.eldigitaldeasturias.com\/noticias\/#postaladdress","@type":"PostalAddress","streetAddress":"san antonio 4,","postalCode":"33430","addressLocality":"Cand\u00e1s","addressRegion":"Asturias","addressCountry":"ES"}},{"@type":"Person","@id":"https:\/\/www.eldigitaldeasturias.com\/noticias\/author\/admin\/#author","url":"https:\/\/www.eldigitaldeasturias.com\/noticias\/author\/admin\/","name":"El Digital de Asturias","image":{"@type":"ImageObject","@id":"https:\/\/www.eldigitaldeasturias.com\/noticias\/luka-jovic-ficha-por-el-real-madrid\/#authorImage","url":"https:\/\/www.eldigitaldeasturias.com\/noticias\/wp-content\/litespeed\/avatar\/18677e78aa0546b92d9dbf31ec7d7668.jpg?ver=1777290358","width":96,"height":96,"caption":"El Digital de Asturias"}},{"@type":"WebPage","@id":"https:\/\/www.eldigitaldeasturias.com\/noticias\/luka-jovic-ficha-por-el-real-madrid\/#webpage","url":"https:\/\/www.eldigitaldeasturias.com\/noticias\/luka-jovic-ficha-por-el-real-madrid\/","name":"Luka Jovic ficha por el Real Madrid - El Digital de Asturias","description":"Madrid\/Fr\u00e1ncfort, (dpa) - El fichaje del goleador serbio Luka Jovic desde el Eintracht Frankfurt hasta el Real Madrid es un hecho, confirm\u00f3 hoy el club de la primera divisi\u00f3n del f\u00fatbol germano. Seg\u00fan el Frankfurt, Jovic firm\u00f3 un contrato de cinco a\u00f1os con los madridistas. Sin embargo, el Real Madrid inform\u00f3 que el joven de","inLanguage":"es-ES","isPartOf":{"@id":"https:\/\/www.eldigitaldeasturias.com\/noticias\/#website"},"breadcrumb":{"@id":"https:\/\/www.eldigitaldeasturias.com\/noticias\/luka-jovic-ficha-por-el-real-madrid\/#breadcrumblist"},"author":{"@id":"https:\/\/www.eldigitaldeasturias.com\/noticias\/author\/admin\/#author"},"creator":{"@id":"https:\/\/www.eldigitaldeasturias.com\/noticias\/author\/admin\/#author"},"image":{"@type":"ImageObject","url":"https:\/\/www.eldigitaldeasturias.com\/noticias\/wp-content\/uploads\/2018\/04\/football-stadium-254435_960_720.jpg","@id":"https:\/\/www.eldigitaldeasturias.com\/noticias\/luka-jovic-ficha-por-el-real-madrid\/#mainImage","width":960,"height":717},"primaryImageOfPage":{"@id":"https:\/\/www.eldigitaldeasturias.com\/noticias\/luka-jovic-ficha-por-el-real-madrid\/#mainImage"},"datePublished":"2019-06-04T21:16:04+02:00","dateModified":"2019-06-04T21:16:04+02:00"},{"@type":"WebSite","@id":"https:\/\/www.eldigitaldeasturias.com\/noticias\/#website","url":"https:\/\/www.eldigitaldeasturias.com\/noticias\/","name":"El Digital de Asturias - Diario de actualidad y noticias","alternateName":"El Digital de Asturias - Diario de actualidad y noticias","description":"Hemeroteca","inLanguage":"es-ES","publisher":{"@id":"https:\/\/www.eldigitaldeasturias.com\/noticias\/#organization"}}]},"og:locale":"es_ES","og:site_name":"El Digital de Asturias","og:type":"article","og:title":"Luka Jovic ficha por el Real Madrid - El Digital de Asturias","og:description":"Madrid\/Fr\u00e1ncfort, (dpa) - El fichaje del goleador serbio Luka Jovic desde el Eintracht Frankfurt hasta el Real Madrid es un hecho, confirm\u00f3 hoy el club de la primera divisi\u00f3n del f\u00fatbol germano. Seg\u00fan el Frankfurt, Jovic firm\u00f3 un contrato de cinco a\u00f1os con los madridistas. Sin embargo, el Real Madrid inform\u00f3 que el joven de","og:url":"https:\/\/www.eldigitaldeasturias.com\/noticias\/luka-jovic-ficha-por-el-real-madrid\/","og:image":"https:\/\/www.eldigitaldeasturias.com\/noticias\/wp-content\/uploads\/2018\/04\/football-stadium-254435_960_720.jpg","og:image:secure_url":"https:\/\/www.eldigitaldeasturias.com\/noticias\/wp-content\/uploads\/2018\/04\/football-stadium-254435_960_720.jpg","og:image:width":960,"og:image:height":717,"article:tag":["deportes"],"article:published_time":"2019-06-04T21:16:04+00:00","article:modified_time":"2019-06-04T21:16:04+00:00","article:publisher":"https:\/\/facebook.com\/eldigitaldeasturias","twitter:card":"summary_large_image","twitter:title":"Luka Jovic ficha por el Real Madrid - El Digital de Asturias","twitter:description":"Madrid\/Fr\u00e1ncfort, (dpa) - El fichaje del goleador serbio Luka Jovic desde el Eintracht Frankfurt hasta el Real Madrid es un hecho, confirm\u00f3 hoy el club de la primera divisi\u00f3n del f\u00fatbol germano. Seg\u00fan el Frankfurt, Jovic firm\u00f3 un contrato de cinco a\u00f1os con los madridistas. Sin embargo, el Real Madrid inform\u00f3 que el joven de","twitter:image":"https:\/\/www.eldigitaldeasturias.com\/noticias\/wp-content\/uploads\/2018\/04\/football-stadium-254435_960_720.jpg","twitter:label1":"Escrito por","twitter:data1":"El Digital de Asturias","twitter:label2":"Tiempo de lectura estimado","twitter:data2":"1 minuto"},"aioseo_meta_data":{"post_id":"1029656","title":null,"description":null,"keywords":null,"keyphrases":null,"primary_term":null,"canonical_url":null,"og_title":null,"og_description":null,"og_object_type":"default","og_image_type":"default","og_image_url":null,"og_image_width":null,"og_image_height":null,"og_image_custom_url":null,"og_image_custom_fields":null,"og_video":null,"og_custom_url":null,"og_article_section":null,"og_article_tags":null,"twitter_use_og":false,"twitter_card":"default","twitter_image_type":"default","twitter_image_url":null,"twitter_image_custom_url":null,"twitter_image_custom_fields":null,"twitter_title":null,"twitter_description":null,"schema":{"blockGraphs":[],"customGraphs":[],"default":{"data":{"Article":[],"Course":[],"Dataset":[],"FAQPage":[],"Movie":[],"Person":[],"Product":[],"ProductReview":[],"Car":[],"Recipe":[],"Service":[],"SoftwareApplication":[],"WebPage":[]},"graphName":"","isEnabled":true},"graphs":[],"defaultGraph":"","defaultPostTypeGraph":""},"schema_type":null,"schema_type_options":null,"pillar_content":false,"robots_default":true,"robots_noindex":false,"robots_noarchive":false,"robots_nosnippet":false,"robots_nofollow":false,"robots_noimageindex":false,"robots_noodp":false,"robots_notranslate":false,"robots_max_snippet":null,"robots_max_videopreview":null,"robots_max_imagepreview":"large","priority":null,"frequency":null,"local_seo":null,"seo_analyzer_scan_date":"2025-10-18 13:01:11","breadcrumb_settings":null,"limit_modified_date":false,"open_ai":null,"ai":null,"created":"2020-12-21 11:11:01","updated":"2025-10-18 13:01:11"},"aioseo_breadcrumb":"<div class=\"aioseo-breadcrumbs\"><span class=\"aioseo-breadcrumb\">\n\t<a href=\"https:\/\/www.eldigitaldeasturias.com\/noticias\" title=\"Home\">Home<\/a>\n<\/span><span class=\"aioseo-breadcrumb-separator\">\u2013<\/span><span class=\"aioseo-breadcrumb\">\n\t<a href=\"https:\/\/www.eldigitaldeasturias.com\/noticias\/category\/deportes\/\" title=\"Deportes\">Deportes<\/a>\n<\/span><span class=\"aioseo-breadcrumb-separator\">\u2013<\/span><span class=\"aioseo-breadcrumb\">\n\t<a href=\"https:\/\/www.eldigitaldeasturias.com\/noticias\/luka-jovic-ficha-por-el-real-madrid\/\" title=\"Luka Jovic ficha por el Real Madrid\">Luka Jovic ficha por el Real Madrid<\/a>\n<\/span><\/div>","aioseo_breadcrumb_json":[{"label":"Home","link":"https:\/\/www.eldigitaldeasturias.com\/noticias"},{"label":"Deportes","link":"https:\/\/www.eldigitaldeasturias.com\/noticias\/category\/deportes\/"},{"label":"Luka Jovic ficha por el Real Madrid","link":"https:\/\/www.eldigitaldeasturias.com\/noticias\/luka-jovic-ficha-por-el-real-madrid\/"}],"_links":{"self":[{"href":"https:\/\/www.eldigitaldeasturias.com\/noticias\/wp-json\/wp\/v2\/posts\/1029656","targetHints":{"allow":["GET"]}}],"collection":[{"href":"https:\/\/www.eldigitaldeasturias.com\/noticias\/wp-json\/wp\/v2\/posts"}],"about":[{"href":"https:\/\/www.eldigitaldeasturias.com\/noticias\/wp-json\/wp\/v2\/types\/post"}],"author":[{"embeddable":true,"href":"https:\/\/www.eldigitaldeasturias.com\/noticias\/wp-json\/wp\/v2\/users\/1"}],"replies":[{"embeddable":true,"href":"https:\/\/www.eldigitaldeasturias.com\/noticias\/wp-json\/wp\/v2\/comments?post=1029656"}],"version-history":[{"count":0,"href":"https:\/\/www.eldigitaldeasturias.com\/noticias\/wp-json\/wp\/v2\/posts\/1029656\/revisions"}],"wp:featuredmedia":[{"embeddable":true,"href":"https:\/\/www.eldigitaldeasturias.com\/noticias\/wp-json\/wp\/v2\/media\/977802"}],"wp:attachment":[{"href":"https:\/\/www.eldigitaldeasturias.com\/noticias\/wp-json\/wp\/v2\/media?parent=1029656"}],"wp:term":[{"taxonomy":"category","embeddable":true,"href":"https:\/\/www.eldigitaldeasturias.com\/noticias\/wp-json\/wp\/v2\/categories?post=1029656"},{"taxonomy":"post_tag","embeddable":true,"href":"https:\/\/www.eldigitaldeasturias.com\/noticias\/wp-json\/wp\/v2\/tags?post=1029656"}],"curies":[{"name":"wp","href":"https:\/\/api.w.org\/{rel}","templated":true}]}}