{"id":1029654,"date":"2019-06-04T21:12:12","date_gmt":"2019-06-04T21:12:12","guid":{"rendered":"https:\/\/www.eldigitaldeasturias.com\/noticias\/?p=1029654"},"modified":"2019-06-04T21:12:12","modified_gmt":"2019-06-04T21:12:12","slug":"opel-presenta-dos-nuevos-modelos-electricos-para-2020","status":"publish","type":"post","link":"https:\/\/www.eldigitaldeasturias.com\/noticias\/opel-presenta-dos-nuevos-modelos-electricos-para-2020\/","title":{"rendered":"Opel presenta dos nuevos modelos el\u00e9ctricos para 2020"},"content":{"rendered":"<p><img loading=\"lazy\" decoding=\"async\" class=\"alignleft size-medium wp-image-1008086\" src=\"https:\/\/www.eldigitaldeasturias.com\/noticias\/wp-content\/uploads\/2018\/11\/traffic-332857_960_720-360x240.jpg\" alt=\"\" width=\"360\" height=\"240\" srcset=\"https:\/\/www.eldigitaldeasturias.com\/noticias\/wp-content\/uploads\/2018\/11\/traffic-332857_960_720-360x240.jpg 360w, https:\/\/www.eldigitaldeasturias.com\/noticias\/wp-content\/uploads\/2018\/11\/traffic-332857_960_720-768x512.jpg 768w, https:\/\/www.eldigitaldeasturias.com\/noticias\/wp-content\/uploads\/2018\/11\/traffic-332857_960_720-650x433.jpg 650w, https:\/\/www.eldigitaldeasturias.com\/noticias\/wp-content\/uploads\/2018\/11\/traffic-332857_960_720.jpg 960w\" sizes=\"auto, (max-width: 360px) 100vw, 360px\" \/>R\u00fcsselsheim (Alemania), 4 jun (dpa) &#8211; El fabricante alem\u00e1n de autom\u00f3viles Opel anunci\u00f3 hoy la apertura de la lista de pedidos de dos nuevos modelos el\u00e9ctricos, que se entregar\u00e1n a los concesionarios en la primavera europea de 2020.<\/p>\n<p>Mientras que el Corsa el\u00e9ctrico, que se ensamblar\u00e1 en la planta espa\u00f1ola de Zaragoza, saldr\u00e1 a principios de 2020, la versi\u00f3n el\u00e9ctrica del SUV Grandland X se fabricar\u00e1 este a\u00f1o en Eisenach, en el estado federado de Turingia, se\u00f1al\u00f3 el presidente de Opel, Michael Lohscheller, durante la presentaci\u00f3n de los nuevos modelos enchufables en la sede central de la compa\u00f1\u00eda en R\u00fcsselsheim.<\/p>\n<p>El nuevo Corsa el\u00e9ctrico tendr\u00e1 un precio de salida de 29.900 euros (33.493 d\u00f3lares), seg\u00fan adelant\u00f3 Opel.<\/p>\n<p>Junto con la empresa matriz francesa PSA en Rueil-Malmaison, cerca de Par\u00eds, Opel tambi\u00e9n desarrollar\u00e1 y distribuir\u00e1 aplicaciones de Internet y soluciones para la tecnolog\u00eda de recarga.<\/p>\n<p>La automotriz germana tiene previsto ofrecer hasta el a\u00f1o 2024 todos sus modelos tambi\u00e9n en versi\u00f3n el\u00e9ctrica. A finales de 2020 habr\u00e1 cuatro modelos, inform\u00f3 Lohscheller.<\/p>\n<p>Adem\u00e1s, la marca alemana seguir\u00e1 ofreciendo veh\u00edculos con motores di\u00e9sel y a gasolina, que se producir\u00e1n en las mismas plantas que los modelos el\u00e9ctricos.<\/p>\n<p>\u00abEn \u00faltima instancia, es el cliente quien decide qu\u00e9 motor quiere\u00bb, agreg\u00f3 el directivo de la compa\u00f1\u00eda germana.<\/p>\n<p>&nbsp;<\/p>\n","protected":false},"excerpt":{"rendered":"<p>R\u00fcsselsheim (Alemania), 4 jun (dpa) &#8211; El fabricante alem\u00e1n de autom\u00f3viles Opel anunci\u00f3 hoy la apertura de la lista de pedidos de dos nuevos modelos el\u00e9ctricos, que se entregar\u00e1n a los concesionarios en la primavera europea de 2020. Mientras que el Corsa el\u00e9ctrico, que se ensamblar\u00e1 en la planta espa\u00f1ola de Zaragoza, saldr\u00e1 a principios [&hellip;]<\/p>\n","protected":false},"author":1,"featured_media":1008086,"comment_status":"closed","ping_status":"closed","sticky":false,"template":"","format":"standard","meta":{"footnotes":""},"categories":[219],"tags":[],"class_list":["post-1029654","post","type-post","status-publish","format-standard","has-post-thumbnail","hentry","category-negocios-y-empresas"],"aioseo_notices":[],"aioseo_head":"\n\t\t<!-- All in One SEO Pro 4.9.6.2 - aioseo.com -->\n\t<meta name=\"description\" content=\"R\u00fcsselsheim (Alemania), 4 jun (dpa) - El fabricante alem\u00e1n de autom\u00f3viles Opel anunci\u00f3 hoy la apertura de la lista de pedidos de dos nuevos modelos el\u00e9ctricos, que se entregar\u00e1n a los concesionarios en la primavera europea de 2020. Mientras que el Corsa el\u00e9ctrico, que se ensamblar\u00e1 en la planta espa\u00f1ola de Zaragoza, saldr\u00e1 a principios\" \/>\n\t<meta name=\"robots\" content=\"max-image-preview:large\" \/>\n\t<meta name=\"author\" content=\"El Digital de Asturias\"\/>\n\t<meta name=\"google-site-verification\" content=\"UA-38556648-1\" \/>\n\t<meta name=\"msvalidate.01\" content=\"7dfe9f3f1b24437ab69f4f2559babe99\" \/>\n\t<meta name=\"keywords\" content=\"negocios y empresas\" \/>\n\t<link rel=\"canonical\" href=\"https:\/\/www.eldigitaldeasturias.com\/noticias\/opel-presenta-dos-nuevos-modelos-electricos-para-2020\/\" \/>\n\t<meta name=\"generator\" content=\"All in One SEO Pro (AIOSEO) 4.9.6.2\" \/>\n\t\t<meta property=\"og:locale\" content=\"es_ES\" \/>\n\t\t<meta property=\"og:site_name\" content=\"El Digital de Asturias\" \/>\n\t\t<meta property=\"og:type\" content=\"article\" \/>\n\t\t<meta property=\"og:title\" content=\"Opel presenta dos nuevos modelos el\u00e9ctricos para 2020 - El Digital de Asturias\" \/>\n\t\t<meta property=\"og:description\" content=\"R\u00fcsselsheim (Alemania), 4 jun (dpa) - El fabricante alem\u00e1n de autom\u00f3viles Opel anunci\u00f3 hoy la apertura de la lista de pedidos de dos nuevos modelos el\u00e9ctricos, que se entregar\u00e1n a los concesionarios en la primavera europea de 2020. Mientras que el Corsa el\u00e9ctrico, que se ensamblar\u00e1 en la planta espa\u00f1ola de Zaragoza, saldr\u00e1 a principios\" \/>\n\t\t<meta property=\"og:url\" content=\"https:\/\/www.eldigitaldeasturias.com\/noticias\/opel-presenta-dos-nuevos-modelos-electricos-para-2020\/\" \/>\n\t\t<meta property=\"og:image\" content=\"https:\/\/www.eldigitaldeasturias.com\/noticias\/wp-content\/uploads\/2018\/11\/traffic-332857_960_720.jpg\" \/>\n\t\t<meta property=\"og:image:secure_url\" content=\"https:\/\/www.eldigitaldeasturias.com\/noticias\/wp-content\/uploads\/2018\/11\/traffic-332857_960_720.jpg\" \/>\n\t\t<meta property=\"og:image:width\" content=\"960\" \/>\n\t\t<meta property=\"og:image:height\" content=\"640\" \/>\n\t\t<meta property=\"article:tag\" content=\"negocios y empresas\" \/>\n\t\t<meta property=\"article:published_time\" content=\"2019-06-04T21:12:12+00:00\" \/>\n\t\t<meta property=\"article:modified_time\" content=\"2019-06-04T21:12:12+00:00\" \/>\n\t\t<meta property=\"article:publisher\" content=\"https:\/\/facebook.com\/eldigitaldeasturias\" \/>\n\t\t<meta name=\"twitter:card\" content=\"summary_large_image\" \/>\n\t\t<meta name=\"twitter:title\" content=\"Opel presenta dos nuevos modelos el\u00e9ctricos para 2020 - El Digital de Asturias\" \/>\n\t\t<meta name=\"twitter:description\" content=\"R\u00fcsselsheim (Alemania), 4 jun (dpa) - El fabricante alem\u00e1n de autom\u00f3viles Opel anunci\u00f3 hoy la apertura de la lista de pedidos de dos nuevos modelos el\u00e9ctricos, que se entregar\u00e1n a los concesionarios en la primavera europea de 2020. Mientras que el Corsa el\u00e9ctrico, que se ensamblar\u00e1 en la planta espa\u00f1ola de Zaragoza, saldr\u00e1 a principios\" \/>\n\t\t<meta name=\"twitter:image\" content=\"https:\/\/www.eldigitaldeasturias.com\/noticias\/wp-content\/uploads\/2018\/11\/traffic-332857_960_720.jpg\" \/>\n\t\t<meta name=\"twitter:label1\" content=\"Escrito por\" \/>\n\t\t<meta name=\"twitter:data1\" content=\"El Digital de Asturias\" \/>\n\t\t<meta name=\"twitter:label2\" content=\"Tiempo de lectura estimado\" \/>\n\t\t<meta name=\"twitter:data2\" content=\"1 minuto\" \/>\n\t\t<script type=\"application\/ld+json\" class=\"aioseo-schema\">\n\t\t\t{\"@context\":\"https:\\\/\\\/schema.org\",\"@graph\":[{\"@type\":\"BlogPosting\",\"@id\":\"https:\\\/\\\/www.eldigitaldeasturias.com\\\/noticias\\\/opel-presenta-dos-nuevos-modelos-electricos-para-2020\\\/#blogposting\",\"name\":\"Opel presenta dos nuevos modelos el\\u00e9ctricos para 2020 - El Digital de Asturias\",\"headline\":\"Opel presenta dos nuevos modelos el\\u00e9ctricos para 2020\",\"author\":{\"@id\":\"https:\\\/\\\/www.eldigitaldeasturias.com\\\/noticias\\\/author\\\/admin\\\/#author\"},\"publisher\":{\"@id\":\"https:\\\/\\\/www.eldigitaldeasturias.com\\\/noticias\\\/#organization\"},\"image\":{\"@type\":\"ImageObject\",\"url\":\"https:\\\/\\\/www.eldigitaldeasturias.com\\\/noticias\\\/wp-content\\\/uploads\\\/2018\\\/11\\\/traffic-332857_960_720.jpg\",\"width\":960,\"height\":640,\"caption\":\"traffic\"},\"datePublished\":\"2019-06-04T21:12:12+02:00\",\"dateModified\":\"2019-06-04T21:12:12+02:00\",\"inLanguage\":\"es-ES\",\"mainEntityOfPage\":{\"@id\":\"https:\\\/\\\/www.eldigitaldeasturias.com\\\/noticias\\\/opel-presenta-dos-nuevos-modelos-electricos-para-2020\\\/#webpage\"},\"isPartOf\":{\"@id\":\"https:\\\/\\\/www.eldigitaldeasturias.com\\\/noticias\\\/opel-presenta-dos-nuevos-modelos-electricos-para-2020\\\/#webpage\"},\"articleSection\":\"Negocios y Empresas\"},{\"@type\":\"BreadcrumbList\",\"@id\":\"https:\\\/\\\/www.eldigitaldeasturias.com\\\/noticias\\\/opel-presenta-dos-nuevos-modelos-electricos-para-2020\\\/#breadcrumblist\",\"itemListElement\":[{\"@type\":\"ListItem\",\"@id\":\"https:\\\/\\\/www.eldigitaldeasturias.com\\\/noticias#listItem\",\"position\":1,\"name\":\"Home\",\"item\":\"https:\\\/\\\/www.eldigitaldeasturias.com\\\/noticias\",\"nextItem\":{\"@type\":\"ListItem\",\"@id\":\"https:\\\/\\\/www.eldigitaldeasturias.com\\\/noticias\\\/category\\\/negocios-y-empresas\\\/#listItem\",\"name\":\"Negocios y Empresas\"}},{\"@type\":\"ListItem\",\"@id\":\"https:\\\/\\\/www.eldigitaldeasturias.com\\\/noticias\\\/category\\\/negocios-y-empresas\\\/#listItem\",\"position\":2,\"name\":\"Negocios y Empresas\",\"item\":\"https:\\\/\\\/www.eldigitaldeasturias.com\\\/noticias\\\/category\\\/negocios-y-empresas\\\/\",\"nextItem\":{\"@type\":\"ListItem\",\"@id\":\"https:\\\/\\\/www.eldigitaldeasturias.com\\\/noticias\\\/opel-presenta-dos-nuevos-modelos-electricos-para-2020\\\/#listItem\",\"name\":\"Opel presenta dos nuevos modelos el\\u00e9ctricos para 2020\"},\"previousItem\":{\"@type\":\"ListItem\",\"@id\":\"https:\\\/\\\/www.eldigitaldeasturias.com\\\/noticias#listItem\",\"name\":\"Home\"}},{\"@type\":\"ListItem\",\"@id\":\"https:\\\/\\\/www.eldigitaldeasturias.com\\\/noticias\\\/opel-presenta-dos-nuevos-modelos-electricos-para-2020\\\/#listItem\",\"position\":3,\"name\":\"Opel presenta dos nuevos modelos el\\u00e9ctricos para 2020\",\"previousItem\":{\"@type\":\"ListItem\",\"@id\":\"https:\\\/\\\/www.eldigitaldeasturias.com\\\/noticias\\\/category\\\/negocios-y-empresas\\\/#listItem\",\"name\":\"Negocios y Empresas\"}}]},{\"@type\":\"Organization\",\"@id\":\"https:\\\/\\\/www.eldigitaldeasturias.com\\\/noticias\\\/#organization\",\"name\":\"El Digital de Asturias\",\"description\":\"Hemeroteca\",\"url\":\"https:\\\/\\\/www.eldigitaldeasturias.com\\\/noticias\\\/\",\"email\":\"info@eldigitaldeasturias.com\",\"telephone\":\"+34652131393\",\"logo\":{\"@type\":\"ImageObject\",\"url\":\"https:\\\/\\\/www.eldigitaldeasturias.com\\\/noticias\\\/wp-content\\\/uploads\\\/2020\\\/12\\\/EDA.jpg\",\"@id\":\"https:\\\/\\\/www.eldigitaldeasturias.com\\\/noticias\\\/opel-presenta-dos-nuevos-modelos-electricos-para-2020\\\/#organizationLogo\",\"width\":649,\"height\":297},\"image\":{\"@id\":\"https:\\\/\\\/www.eldigitaldeasturias.com\\\/noticias\\\/opel-presenta-dos-nuevos-modelos-electricos-para-2020\\\/#organizationLogo\"},\"sameAs\":[\"https:\\\/\\\/facebook.com\\\/eldigitaldeasturias\",\"https:\\\/\\\/www.youtube.com\\\/channel\\\/UCZP-2wLEB9Rv6erhFmqVnvg\"],\"address\":{\"@id\":\"https:\\\/\\\/www.eldigitaldeasturias.com\\\/noticias\\\/#postaladdress\",\"@type\":\"PostalAddress\",\"streetAddress\":\"san antonio 4,\",\"postalCode\":\"33430\",\"addressLocality\":\"Cand\\u00e1s\",\"addressRegion\":\"Asturias\",\"addressCountry\":\"ES\"}},{\"@type\":\"Person\",\"@id\":\"https:\\\/\\\/www.eldigitaldeasturias.com\\\/noticias\\\/author\\\/admin\\\/#author\",\"url\":\"https:\\\/\\\/www.eldigitaldeasturias.com\\\/noticias\\\/author\\\/admin\\\/\",\"name\":\"El Digital de Asturias\",\"image\":{\"@type\":\"ImageObject\",\"@id\":\"https:\\\/\\\/www.eldigitaldeasturias.com\\\/noticias\\\/opel-presenta-dos-nuevos-modelos-electricos-para-2020\\\/#authorImage\",\"url\":\"https:\\\/\\\/www.eldigitaldeasturias.com\\\/noticias\\\/wp-content\\\/litespeed\\\/avatar\\\/18677e78aa0546b92d9dbf31ec7d7668.jpg?ver=1776685526\",\"width\":96,\"height\":96,\"caption\":\"El Digital de Asturias\"}},{\"@type\":\"WebPage\",\"@id\":\"https:\\\/\\\/www.eldigitaldeasturias.com\\\/noticias\\\/opel-presenta-dos-nuevos-modelos-electricos-para-2020\\\/#webpage\",\"url\":\"https:\\\/\\\/www.eldigitaldeasturias.com\\\/noticias\\\/opel-presenta-dos-nuevos-modelos-electricos-para-2020\\\/\",\"name\":\"Opel presenta dos nuevos modelos el\\u00e9ctricos para 2020 - El Digital de Asturias\",\"description\":\"R\\u00fcsselsheim (Alemania), 4 jun (dpa) - El fabricante alem\\u00e1n de autom\\u00f3viles Opel anunci\\u00f3 hoy la apertura de la lista de pedidos de dos nuevos modelos el\\u00e9ctricos, que se entregar\\u00e1n a los concesionarios en la primavera europea de 2020. Mientras que el Corsa el\\u00e9ctrico, que se ensamblar\\u00e1 en la planta espa\\u00f1ola de Zaragoza, saldr\\u00e1 a principios\",\"inLanguage\":\"es-ES\",\"isPartOf\":{\"@id\":\"https:\\\/\\\/www.eldigitaldeasturias.com\\\/noticias\\\/#website\"},\"breadcrumb\":{\"@id\":\"https:\\\/\\\/www.eldigitaldeasturias.com\\\/noticias\\\/opel-presenta-dos-nuevos-modelos-electricos-para-2020\\\/#breadcrumblist\"},\"author\":{\"@id\":\"https:\\\/\\\/www.eldigitaldeasturias.com\\\/noticias\\\/author\\\/admin\\\/#author\"},\"creator\":{\"@id\":\"https:\\\/\\\/www.eldigitaldeasturias.com\\\/noticias\\\/author\\\/admin\\\/#author\"},\"image\":{\"@type\":\"ImageObject\",\"url\":\"https:\\\/\\\/www.eldigitaldeasturias.com\\\/noticias\\\/wp-content\\\/uploads\\\/2018\\\/11\\\/traffic-332857_960_720.jpg\",\"@id\":\"https:\\\/\\\/www.eldigitaldeasturias.com\\\/noticias\\\/opel-presenta-dos-nuevos-modelos-electricos-para-2020\\\/#mainImage\",\"width\":960,\"height\":640,\"caption\":\"traffic\"},\"primaryImageOfPage\":{\"@id\":\"https:\\\/\\\/www.eldigitaldeasturias.com\\\/noticias\\\/opel-presenta-dos-nuevos-modelos-electricos-para-2020\\\/#mainImage\"},\"datePublished\":\"2019-06-04T21:12:12+02:00\",\"dateModified\":\"2019-06-04T21:12:12+02:00\"},{\"@type\":\"WebSite\",\"@id\":\"https:\\\/\\\/www.eldigitaldeasturias.com\\\/noticias\\\/#website\",\"url\":\"https:\\\/\\\/www.eldigitaldeasturias.com\\\/noticias\\\/\",\"name\":\"El Digital de Asturias - Diario de actualidad y noticias\",\"alternateName\":\"El Digital de Asturias - Diario de actualidad y noticias\",\"description\":\"Hemeroteca\",\"inLanguage\":\"es-ES\",\"publisher\":{\"@id\":\"https:\\\/\\\/www.eldigitaldeasturias.com\\\/noticias\\\/#organization\"}}]}\n\t\t<\/script>\n\t\t<!-- All in One SEO Pro -->\r\n\t\t<title>Opel presenta dos nuevos modelos el\u00e9ctricos para 2020 - El Digital de Asturias<\/title>\n\n","aioseo_head_json":{"title":"Opel presenta dos nuevos modelos el\u00e9ctricos para 2020 - El Digital de Asturias","description":"R\u00fcsselsheim (Alemania), 4 jun (dpa) - El fabricante alem\u00e1n de autom\u00f3viles Opel anunci\u00f3 hoy la apertura de la lista de pedidos de dos nuevos modelos el\u00e9ctricos, que se entregar\u00e1n a los concesionarios en la primavera europea de 2020. Mientras que el Corsa el\u00e9ctrico, que se ensamblar\u00e1 en la planta espa\u00f1ola de Zaragoza, saldr\u00e1 a principios","canonical_url":"https:\/\/www.eldigitaldeasturias.com\/noticias\/opel-presenta-dos-nuevos-modelos-electricos-para-2020\/","robots":"max-image-preview:large","keywords":"negocios y empresas","webmasterTools":{"google-site-verification":"UA-38556648-1","msvalidate.01":"7dfe9f3f1b24437ab69f4f2559babe99","miscellaneous":""},"schema":{"@context":"https:\/\/schema.org","@graph":[{"@type":"BlogPosting","@id":"https:\/\/www.eldigitaldeasturias.com\/noticias\/opel-presenta-dos-nuevos-modelos-electricos-para-2020\/#blogposting","name":"Opel presenta dos nuevos modelos el\u00e9ctricos para 2020 - El Digital de Asturias","headline":"Opel presenta dos nuevos modelos el\u00e9ctricos para 2020","author":{"@id":"https:\/\/www.eldigitaldeasturias.com\/noticias\/author\/admin\/#author"},"publisher":{"@id":"https:\/\/www.eldigitaldeasturias.com\/noticias\/#organization"},"image":{"@type":"ImageObject","url":"https:\/\/www.eldigitaldeasturias.com\/noticias\/wp-content\/uploads\/2018\/11\/traffic-332857_960_720.jpg","width":960,"height":640,"caption":"traffic"},"datePublished":"2019-06-04T21:12:12+02:00","dateModified":"2019-06-04T21:12:12+02:00","inLanguage":"es-ES","mainEntityOfPage":{"@id":"https:\/\/www.eldigitaldeasturias.com\/noticias\/opel-presenta-dos-nuevos-modelos-electricos-para-2020\/#webpage"},"isPartOf":{"@id":"https:\/\/www.eldigitaldeasturias.com\/noticias\/opel-presenta-dos-nuevos-modelos-electricos-para-2020\/#webpage"},"articleSection":"Negocios y Empresas"},{"@type":"BreadcrumbList","@id":"https:\/\/www.eldigitaldeasturias.com\/noticias\/opel-presenta-dos-nuevos-modelos-electricos-para-2020\/#breadcrumblist","itemListElement":[{"@type":"ListItem","@id":"https:\/\/www.eldigitaldeasturias.com\/noticias#listItem","position":1,"name":"Home","item":"https:\/\/www.eldigitaldeasturias.com\/noticias","nextItem":{"@type":"ListItem","@id":"https:\/\/www.eldigitaldeasturias.com\/noticias\/category\/negocios-y-empresas\/#listItem","name":"Negocios y Empresas"}},{"@type":"ListItem","@id":"https:\/\/www.eldigitaldeasturias.com\/noticias\/category\/negocios-y-empresas\/#listItem","position":2,"name":"Negocios y Empresas","item":"https:\/\/www.eldigitaldeasturias.com\/noticias\/category\/negocios-y-empresas\/","nextItem":{"@type":"ListItem","@id":"https:\/\/www.eldigitaldeasturias.com\/noticias\/opel-presenta-dos-nuevos-modelos-electricos-para-2020\/#listItem","name":"Opel presenta dos nuevos modelos el\u00e9ctricos para 2020"},"previousItem":{"@type":"ListItem","@id":"https:\/\/www.eldigitaldeasturias.com\/noticias#listItem","name":"Home"}},{"@type":"ListItem","@id":"https:\/\/www.eldigitaldeasturias.com\/noticias\/opel-presenta-dos-nuevos-modelos-electricos-para-2020\/#listItem","position":3,"name":"Opel presenta dos nuevos modelos el\u00e9ctricos para 2020","previousItem":{"@type":"ListItem","@id":"https:\/\/www.eldigitaldeasturias.com\/noticias\/category\/negocios-y-empresas\/#listItem","name":"Negocios y Empresas"}}]},{"@type":"Organization","@id":"https:\/\/www.eldigitaldeasturias.com\/noticias\/#organization","name":"El Digital de Asturias","description":"Hemeroteca","url":"https:\/\/www.eldigitaldeasturias.com\/noticias\/","email":"info@eldigitaldeasturias.com","telephone":"+34652131393","logo":{"@type":"ImageObject","url":"https:\/\/www.eldigitaldeasturias.com\/noticias\/wp-content\/uploads\/2020\/12\/EDA.jpg","@id":"https:\/\/www.eldigitaldeasturias.com\/noticias\/opel-presenta-dos-nuevos-modelos-electricos-para-2020\/#organizationLogo","width":649,"height":297},"image":{"@id":"https:\/\/www.eldigitaldeasturias.com\/noticias\/opel-presenta-dos-nuevos-modelos-electricos-para-2020\/#organizationLogo"},"sameAs":["https:\/\/facebook.com\/eldigitaldeasturias","https:\/\/www.youtube.com\/channel\/UCZP-2wLEB9Rv6erhFmqVnvg"],"address":{"@id":"https:\/\/www.eldigitaldeasturias.com\/noticias\/#postaladdress","@type":"PostalAddress","streetAddress":"san antonio 4,","postalCode":"33430","addressLocality":"Cand\u00e1s","addressRegion":"Asturias","addressCountry":"ES"}},{"@type":"Person","@id":"https:\/\/www.eldigitaldeasturias.com\/noticias\/author\/admin\/#author","url":"https:\/\/www.eldigitaldeasturias.com\/noticias\/author\/admin\/","name":"El Digital de Asturias","image":{"@type":"ImageObject","@id":"https:\/\/www.eldigitaldeasturias.com\/noticias\/opel-presenta-dos-nuevos-modelos-electricos-para-2020\/#authorImage","url":"https:\/\/www.eldigitaldeasturias.com\/noticias\/wp-content\/litespeed\/avatar\/18677e78aa0546b92d9dbf31ec7d7668.jpg?ver=1776685526","width":96,"height":96,"caption":"El Digital de Asturias"}},{"@type":"WebPage","@id":"https:\/\/www.eldigitaldeasturias.com\/noticias\/opel-presenta-dos-nuevos-modelos-electricos-para-2020\/#webpage","url":"https:\/\/www.eldigitaldeasturias.com\/noticias\/opel-presenta-dos-nuevos-modelos-electricos-para-2020\/","name":"Opel presenta dos nuevos modelos el\u00e9ctricos para 2020 - El Digital de Asturias","description":"R\u00fcsselsheim (Alemania), 4 jun (dpa) - El fabricante alem\u00e1n de autom\u00f3viles Opel anunci\u00f3 hoy la apertura de la lista de pedidos de dos nuevos modelos el\u00e9ctricos, que se entregar\u00e1n a los concesionarios en la primavera europea de 2020. Mientras que el Corsa el\u00e9ctrico, que se ensamblar\u00e1 en la planta espa\u00f1ola de Zaragoza, saldr\u00e1 a principios","inLanguage":"es-ES","isPartOf":{"@id":"https:\/\/www.eldigitaldeasturias.com\/noticias\/#website"},"breadcrumb":{"@id":"https:\/\/www.eldigitaldeasturias.com\/noticias\/opel-presenta-dos-nuevos-modelos-electricos-para-2020\/#breadcrumblist"},"author":{"@id":"https:\/\/www.eldigitaldeasturias.com\/noticias\/author\/admin\/#author"},"creator":{"@id":"https:\/\/www.eldigitaldeasturias.com\/noticias\/author\/admin\/#author"},"image":{"@type":"ImageObject","url":"https:\/\/www.eldigitaldeasturias.com\/noticias\/wp-content\/uploads\/2018\/11\/traffic-332857_960_720.jpg","@id":"https:\/\/www.eldigitaldeasturias.com\/noticias\/opel-presenta-dos-nuevos-modelos-electricos-para-2020\/#mainImage","width":960,"height":640,"caption":"traffic"},"primaryImageOfPage":{"@id":"https:\/\/www.eldigitaldeasturias.com\/noticias\/opel-presenta-dos-nuevos-modelos-electricos-para-2020\/#mainImage"},"datePublished":"2019-06-04T21:12:12+02:00","dateModified":"2019-06-04T21:12:12+02:00"},{"@type":"WebSite","@id":"https:\/\/www.eldigitaldeasturias.com\/noticias\/#website","url":"https:\/\/www.eldigitaldeasturias.com\/noticias\/","name":"El Digital de Asturias - Diario de actualidad y noticias","alternateName":"El Digital de Asturias - Diario de actualidad y noticias","description":"Hemeroteca","inLanguage":"es-ES","publisher":{"@id":"https:\/\/www.eldigitaldeasturias.com\/noticias\/#organization"}}]},"og:locale":"es_ES","og:site_name":"El Digital de Asturias","og:type":"article","og:title":"Opel presenta dos nuevos modelos el\u00e9ctricos para 2020 - El Digital de Asturias","og:description":"R\u00fcsselsheim (Alemania), 4 jun (dpa) - El fabricante alem\u00e1n de autom\u00f3viles Opel anunci\u00f3 hoy la apertura de la lista de pedidos de dos nuevos modelos el\u00e9ctricos, que se entregar\u00e1n a los concesionarios en la primavera europea de 2020. Mientras que el Corsa el\u00e9ctrico, que se ensamblar\u00e1 en la planta espa\u00f1ola de Zaragoza, saldr\u00e1 a principios","og:url":"https:\/\/www.eldigitaldeasturias.com\/noticias\/opel-presenta-dos-nuevos-modelos-electricos-para-2020\/","og:image":"https:\/\/www.eldigitaldeasturias.com\/noticias\/wp-content\/uploads\/2018\/11\/traffic-332857_960_720.jpg","og:image:secure_url":"https:\/\/www.eldigitaldeasturias.com\/noticias\/wp-content\/uploads\/2018\/11\/traffic-332857_960_720.jpg","og:image:width":960,"og:image:height":640,"article:tag":["negocios y empresas"],"article:published_time":"2019-06-04T21:12:12+00:00","article:modified_time":"2019-06-04T21:12:12+00:00","article:publisher":"https:\/\/facebook.com\/eldigitaldeasturias","twitter:card":"summary_large_image","twitter:title":"Opel presenta dos nuevos modelos el\u00e9ctricos para 2020 - El Digital de Asturias","twitter:description":"R\u00fcsselsheim (Alemania), 4 jun (dpa) - El fabricante alem\u00e1n de autom\u00f3viles Opel anunci\u00f3 hoy la apertura de la lista de pedidos de dos nuevos modelos el\u00e9ctricos, que se entregar\u00e1n a los concesionarios en la primavera europea de 2020. Mientras que el Corsa el\u00e9ctrico, que se ensamblar\u00e1 en la planta espa\u00f1ola de Zaragoza, saldr\u00e1 a principios","twitter:image":"https:\/\/www.eldigitaldeasturias.com\/noticias\/wp-content\/uploads\/2018\/11\/traffic-332857_960_720.jpg","twitter:label1":"Escrito por","twitter:data1":"El Digital de Asturias","twitter:label2":"Tiempo de lectura estimado","twitter:data2":"1 minuto"},"aioseo_meta_data":{"post_id":"1029654","title":null,"description":null,"keywords":null,"keyphrases":null,"primary_term":null,"canonical_url":null,"og_title":null,"og_description":null,"og_object_type":"default","og_image_type":"default","og_image_url":null,"og_image_width":null,"og_image_height":null,"og_image_custom_url":null,"og_image_custom_fields":null,"og_video":null,"og_custom_url":null,"og_article_section":null,"og_article_tags":null,"twitter_use_og":false,"twitter_card":"default","twitter_image_type":"default","twitter_image_url":null,"twitter_image_custom_url":null,"twitter_image_custom_fields":null,"twitter_title":null,"twitter_description":null,"schema":{"blockGraphs":[],"customGraphs":[],"default":{"data":{"Article":[],"Course":[],"Dataset":[],"FAQPage":[],"Movie":[],"Person":[],"Product":[],"ProductReview":[],"Car":[],"Recipe":[],"Service":[],"SoftwareApplication":[],"WebPage":[]},"graphName":"","isEnabled":true},"graphs":[],"defaultGraph":"","defaultPostTypeGraph":""},"schema_type":null,"schema_type_options":null,"pillar_content":false,"robots_default":true,"robots_noindex":false,"robots_noarchive":false,"robots_nosnippet":false,"robots_nofollow":false,"robots_noimageindex":false,"robots_noodp":false,"robots_notranslate":false,"robots_max_snippet":null,"robots_max_videopreview":null,"robots_max_imagepreview":"large","priority":null,"frequency":null,"local_seo":null,"seo_analyzer_scan_date":"2025-10-18 13:01:10","breadcrumb_settings":null,"limit_modified_date":false,"open_ai":null,"ai":null,"created":"2020-12-21 11:11:01","updated":"2025-10-18 13:01:10"},"aioseo_breadcrumb":"<div class=\"aioseo-breadcrumbs\"><span class=\"aioseo-breadcrumb\">\n\t<a href=\"https:\/\/www.eldigitaldeasturias.com\/noticias\" title=\"Home\">Home<\/a>\n<\/span><span class=\"aioseo-breadcrumb-separator\">\u2013<\/span><span class=\"aioseo-breadcrumb\">\n\t<a href=\"https:\/\/www.eldigitaldeasturias.com\/noticias\/category\/negocios-y-empresas\/\" title=\"Negocios y Empresas\">Negocios y Empresas<\/a>\n<\/span><span class=\"aioseo-breadcrumb-separator\">\u2013<\/span><span class=\"aioseo-breadcrumb\">\n\t<a href=\"https:\/\/www.eldigitaldeasturias.com\/noticias\/opel-presenta-dos-nuevos-modelos-electricos-para-2020\/\" title=\"Opel presenta dos nuevos modelos el\u00e9ctricos para 2020\">Opel presenta dos nuevos modelos el\u00e9ctricos para 2020<\/a>\n<\/span><\/div>","aioseo_breadcrumb_json":[{"label":"Home","link":"https:\/\/www.eldigitaldeasturias.com\/noticias"},{"label":"Negocios y Empresas","link":"https:\/\/www.eldigitaldeasturias.com\/noticias\/category\/negocios-y-empresas\/"},{"label":"Opel presenta dos nuevos modelos el\u00e9ctricos para 2020","link":"https:\/\/www.eldigitaldeasturias.com\/noticias\/opel-presenta-dos-nuevos-modelos-electricos-para-2020\/"}],"_links":{"self":[{"href":"https:\/\/www.eldigitaldeasturias.com\/noticias\/wp-json\/wp\/v2\/posts\/1029654","targetHints":{"allow":["GET"]}}],"collection":[{"href":"https:\/\/www.eldigitaldeasturias.com\/noticias\/wp-json\/wp\/v2\/posts"}],"about":[{"href":"https:\/\/www.eldigitaldeasturias.com\/noticias\/wp-json\/wp\/v2\/types\/post"}],"author":[{"embeddable":true,"href":"https:\/\/www.eldigitaldeasturias.com\/noticias\/wp-json\/wp\/v2\/users\/1"}],"replies":[{"embeddable":true,"href":"https:\/\/www.eldigitaldeasturias.com\/noticias\/wp-json\/wp\/v2\/comments?post=1029654"}],"version-history":[{"count":0,"href":"https:\/\/www.eldigitaldeasturias.com\/noticias\/wp-json\/wp\/v2\/posts\/1029654\/revisions"}],"wp:featuredmedia":[{"embeddable":true,"href":"https:\/\/www.eldigitaldeasturias.com\/noticias\/wp-json\/wp\/v2\/media\/1008086"}],"wp:attachment":[{"href":"https:\/\/www.eldigitaldeasturias.com\/noticias\/wp-json\/wp\/v2\/media?parent=1029654"}],"wp:term":[{"taxonomy":"category","embeddable":true,"href":"https:\/\/www.eldigitaldeasturias.com\/noticias\/wp-json\/wp\/v2\/categories?post=1029654"},{"taxonomy":"post_tag","embeddable":true,"href":"https:\/\/www.eldigitaldeasturias.com\/noticias\/wp-json\/wp\/v2\/tags?post=1029654"}],"curies":[{"name":"wp","href":"https:\/\/api.w.org\/{rel}","templated":true}]}}