{"id":1029645,"date":"2019-06-04T19:48:47","date_gmt":"2019-06-04T19:48:47","guid":{"rendered":"https:\/\/www.eldigitaldeasturias.com\/noticias\/?p=1029645"},"modified":"2019-06-04T19:48:47","modified_gmt":"2019-06-04T19:48:47","slug":"rangnick-asume-la-direccion-de-actividades-futbolisticas-de-red-bull","status":"publish","type":"post","link":"https:\/\/www.eldigitaldeasturias.com\/noticias\/rangnick-asume-la-direccion-de-actividades-futbolisticas-de-red-bull\/","title":{"rendered":"Rangnick asume la direcci\u00f3n de actividades futbol\u00edsticas de Red Bull"},"content":{"rendered":"<p><img loading=\"lazy\" decoding=\"async\" class=\"alignleft size-medium wp-image-1029646\" src=\"https:\/\/www.eldigitaldeasturias.com\/noticias\/wp-content\/uploads\/2019\/06\/Rangnick-360x238.jpg\" alt=\"\" width=\"360\" height=\"238\" srcset=\"https:\/\/www.eldigitaldeasturias.com\/noticias\/wp-content\/uploads\/2019\/06\/Rangnick-360x238.jpg 360w, https:\/\/www.eldigitaldeasturias.com\/noticias\/wp-content\/uploads\/2019\/06\/Rangnick-768x509.jpg 768w, https:\/\/www.eldigitaldeasturias.com\/noticias\/wp-content\/uploads\/2019\/06\/Rangnick-650x431.jpg 650w, https:\/\/www.eldigitaldeasturias.com\/noticias\/wp-content\/uploads\/2019\/06\/Rangnick.jpg 1022w\" sizes=\"auto, (max-width: 360px) 100vw, 360px\" \/>Leipzig (Alemania), 4 jun (dpa) &#8211; El entrenador y director deportivo del <strong>Leipzig de la primera divisi\u00f3n del f\u00fatbol alem\u00e1n<\/strong>, Ralf Rangnick, dejar\u00e1 los cargos para asumir la direcci\u00f3n de todas las actividades futbol\u00edsticas del fabricante austriaco de bebidas energ\u00e9ticas Red Bull, confirm\u00f3 hoy el club germano.<\/p>\n<p>Markus Kr\u00f6sche, quien logr\u00f3 con el Paderborn el ascenso a la primera divisi\u00f3n para la pr\u00f3xima temporada, fue nombrado nuevo director deportivo del Leipzig con un contrato por tres a\u00f1os.<\/p>\n<p>Rangnick ejerci\u00f3 la direcci\u00f3n t\u00e9cnica y deportiva del Leipzig el a\u00f1o pasado y termin\u00f3 tercero en la Bundesliga. Anteriormente se hab\u00eda anunciado que Julian Nagelsmann, del Hoffenheim, asumir\u00eda el cargo de entrenador el 1 de julio.<\/p>\n<p><strong>Rangnick ser\u00e1 \u00abHead of Sport and Development Soccer\u00bb de Red Bull<\/strong> y asesorar\u00e1 las actividades del Leipzig, de los Red Bulls de Nueva York y del club Red Bull Brasil, con sede en Campinas.<\/p>\n<p>Sin embargo, no tendr\u00e1 ning\u00fan papel en el Red Bull Salzburgo debido al posible conflicto de intereses en caso de que tanto el Salzburgo como el Leipzig compitan a nivel europeo como fue el caso en la Liga Europa de 2018.<\/p>\n<p>El fabricante de bebidas energ\u00e9ticas<strong> Red Bull ha invertido miles de millones en sus empresas deportivas<\/strong>. Es propietario de dos equipos de F\u00f3rmula Uno y est\u00e1 presente en los deportes extremos y en el f\u00fatbol.<\/p>\n<p><em>Foto: Jan Woitas\/ZB\/dpa<\/em><\/p>\n<p>&nbsp;<\/p>\n","protected":false},"excerpt":{"rendered":"<p>Leipzig (Alemania), 4 jun (dpa) &#8211; El entrenador y director deportivo del Leipzig de la primera divisi\u00f3n del f\u00fatbol alem\u00e1n, Ralf Rangnick, dejar\u00e1 los cargos para asumir la direcci\u00f3n de todas las actividades futbol\u00edsticas del fabricante austriaco de bebidas energ\u00e9ticas Red Bull, confirm\u00f3 hoy el club germano. Markus Kr\u00f6sche, quien logr\u00f3 con el Paderborn el [&hellip;]<\/p>\n","protected":false},"author":1,"featured_media":1029646,"comment_status":"closed","ping_status":"closed","sticky":false,"template":"","format":"standard","meta":{"footnotes":""},"categories":[190],"tags":[],"class_list":["post-1029645","post","type-post","status-publish","format-standard","has-post-thumbnail","hentry","category-deportes"],"aioseo_notices":[],"aioseo_head":"\n\t\t<!-- All in One SEO Pro 4.9.6.2 - aioseo.com -->\n\t<meta name=\"description\" content=\"Leipzig (Alemania), 4 jun (dpa) - El entrenador y director deportivo del Leipzig de la primera divisi\u00f3n del f\u00fatbol alem\u00e1n, Ralf Rangnick, dejar\u00e1 los cargos para asumir la direcci\u00f3n de todas las actividades futbol\u00edsticas del fabricante austriaco de bebidas energ\u00e9ticas Red Bull, confirm\u00f3 hoy el club germano. Markus Kr\u00f6sche, quien logr\u00f3 con el Paderborn el\" \/>\n\t<meta name=\"robots\" content=\"max-image-preview:large\" \/>\n\t<meta name=\"author\" content=\"El Digital de Asturias\"\/>\n\t<meta name=\"google-site-verification\" content=\"UA-38556648-1\" \/>\n\t<meta name=\"msvalidate.01\" content=\"7dfe9f3f1b24437ab69f4f2559babe99\" \/>\n\t<meta name=\"keywords\" content=\"deportes\" \/>\n\t<link rel=\"canonical\" href=\"https:\/\/www.eldigitaldeasturias.com\/noticias\/rangnick-asume-la-direccion-de-actividades-futbolisticas-de-red-bull\/\" \/>\n\t<meta name=\"generator\" content=\"All in One SEO Pro (AIOSEO) 4.9.6.2\" \/>\n\t\t<meta property=\"og:locale\" content=\"es_ES\" \/>\n\t\t<meta property=\"og:site_name\" content=\"El Digital de Asturias\" \/>\n\t\t<meta property=\"og:type\" content=\"article\" \/>\n\t\t<meta property=\"og:title\" content=\"Rangnick asume la direcci\u00f3n de actividades futbol\u00edsticas de Red Bull - El Digital de Asturias\" \/>\n\t\t<meta property=\"og:description\" content=\"Leipzig (Alemania), 4 jun (dpa) - El entrenador y director deportivo del Leipzig de la primera divisi\u00f3n del f\u00fatbol alem\u00e1n, Ralf Rangnick, dejar\u00e1 los cargos para asumir la direcci\u00f3n de todas las actividades futbol\u00edsticas del fabricante austriaco de bebidas energ\u00e9ticas Red Bull, confirm\u00f3 hoy el club germano. Markus Kr\u00f6sche, quien logr\u00f3 con el Paderborn el\" \/>\n\t\t<meta property=\"og:url\" content=\"https:\/\/www.eldigitaldeasturias.com\/noticias\/rangnick-asume-la-direccion-de-actividades-futbolisticas-de-red-bull\/\" \/>\n\t\t<meta property=\"og:image\" content=\"https:\/\/www.eldigitaldeasturias.com\/noticias\/wp-content\/uploads\/2019\/06\/Rangnick.jpg\" \/>\n\t\t<meta property=\"og:image:secure_url\" content=\"https:\/\/www.eldigitaldeasturias.com\/noticias\/wp-content\/uploads\/2019\/06\/Rangnick.jpg\" \/>\n\t\t<meta property=\"og:image:width\" content=\"1022\" \/>\n\t\t<meta property=\"og:image:height\" content=\"677\" \/>\n\t\t<meta property=\"article:tag\" content=\"deportes\" \/>\n\t\t<meta property=\"article:published_time\" content=\"2019-06-04T19:48:47+00:00\" \/>\n\t\t<meta property=\"article:modified_time\" content=\"2019-06-04T19:48:47+00:00\" \/>\n\t\t<meta property=\"article:publisher\" content=\"https:\/\/facebook.com\/eldigitaldeasturias\" \/>\n\t\t<meta name=\"twitter:card\" content=\"summary_large_image\" \/>\n\t\t<meta name=\"twitter:title\" content=\"Rangnick asume la direcci\u00f3n de actividades futbol\u00edsticas de Red Bull - El Digital de Asturias\" \/>\n\t\t<meta name=\"twitter:description\" content=\"Leipzig (Alemania), 4 jun (dpa) - El entrenador y director deportivo del Leipzig de la primera divisi\u00f3n del f\u00fatbol alem\u00e1n, Ralf Rangnick, dejar\u00e1 los cargos para asumir la direcci\u00f3n de todas las actividades futbol\u00edsticas del fabricante austriaco de bebidas energ\u00e9ticas Red Bull, confirm\u00f3 hoy el club germano. Markus Kr\u00f6sche, quien logr\u00f3 con el Paderborn el\" \/>\n\t\t<meta name=\"twitter:image\" content=\"https:\/\/www.eldigitaldeasturias.com\/noticias\/wp-content\/uploads\/2019\/06\/Rangnick.jpg\" \/>\n\t\t<meta name=\"twitter:label1\" content=\"Escrito por\" \/>\n\t\t<meta name=\"twitter:data1\" content=\"El Digital de Asturias\" \/>\n\t\t<meta name=\"twitter:label2\" content=\"Tiempo de lectura estimado\" \/>\n\t\t<meta name=\"twitter:data2\" content=\"1 minuto\" \/>\n\t\t<script type=\"application\/ld+json\" class=\"aioseo-schema\">\n\t\t\t{\"@context\":\"https:\\\/\\\/schema.org\",\"@graph\":[{\"@type\":\"BlogPosting\",\"@id\":\"https:\\\/\\\/www.eldigitaldeasturias.com\\\/noticias\\\/rangnick-asume-la-direccion-de-actividades-futbolisticas-de-red-bull\\\/#blogposting\",\"name\":\"Rangnick asume la direcci\\u00f3n de actividades futbol\\u00edsticas de Red Bull - El Digital de Asturias\",\"headline\":\"Rangnick asume la direcci\\u00f3n de actividades futbol\\u00edsticas de Red Bull\",\"author\":{\"@id\":\"https:\\\/\\\/www.eldigitaldeasturias.com\\\/noticias\\\/author\\\/admin\\\/#author\"},\"publisher\":{\"@id\":\"https:\\\/\\\/www.eldigitaldeasturias.com\\\/noticias\\\/#organization\"},\"image\":{\"@type\":\"ImageObject\",\"url\":\"https:\\\/\\\/www.eldigitaldeasturias.com\\\/noticias\\\/wp-content\\\/uploads\\\/2019\\\/06\\\/Rangnick.jpg\",\"width\":1022,\"height\":677},\"datePublished\":\"2019-06-04T19:48:47+02:00\",\"dateModified\":\"2019-06-04T19:48:47+02:00\",\"inLanguage\":\"es-ES\",\"mainEntityOfPage\":{\"@id\":\"https:\\\/\\\/www.eldigitaldeasturias.com\\\/noticias\\\/rangnick-asume-la-direccion-de-actividades-futbolisticas-de-red-bull\\\/#webpage\"},\"isPartOf\":{\"@id\":\"https:\\\/\\\/www.eldigitaldeasturias.com\\\/noticias\\\/rangnick-asume-la-direccion-de-actividades-futbolisticas-de-red-bull\\\/#webpage\"},\"articleSection\":\"Deportes\"},{\"@type\":\"BreadcrumbList\",\"@id\":\"https:\\\/\\\/www.eldigitaldeasturias.com\\\/noticias\\\/rangnick-asume-la-direccion-de-actividades-futbolisticas-de-red-bull\\\/#breadcrumblist\",\"itemListElement\":[{\"@type\":\"ListItem\",\"@id\":\"https:\\\/\\\/www.eldigitaldeasturias.com\\\/noticias#listItem\",\"position\":1,\"name\":\"Home\",\"item\":\"https:\\\/\\\/www.eldigitaldeasturias.com\\\/noticias\",\"nextItem\":{\"@type\":\"ListItem\",\"@id\":\"https:\\\/\\\/www.eldigitaldeasturias.com\\\/noticias\\\/category\\\/deportes\\\/#listItem\",\"name\":\"Deportes\"}},{\"@type\":\"ListItem\",\"@id\":\"https:\\\/\\\/www.eldigitaldeasturias.com\\\/noticias\\\/category\\\/deportes\\\/#listItem\",\"position\":2,\"name\":\"Deportes\",\"item\":\"https:\\\/\\\/www.eldigitaldeasturias.com\\\/noticias\\\/category\\\/deportes\\\/\",\"nextItem\":{\"@type\":\"ListItem\",\"@id\":\"https:\\\/\\\/www.eldigitaldeasturias.com\\\/noticias\\\/rangnick-asume-la-direccion-de-actividades-futbolisticas-de-red-bull\\\/#listItem\",\"name\":\"Rangnick asume la direcci\\u00f3n de actividades futbol\\u00edsticas de Red Bull\"},\"previousItem\":{\"@type\":\"ListItem\",\"@id\":\"https:\\\/\\\/www.eldigitaldeasturias.com\\\/noticias#listItem\",\"name\":\"Home\"}},{\"@type\":\"ListItem\",\"@id\":\"https:\\\/\\\/www.eldigitaldeasturias.com\\\/noticias\\\/rangnick-asume-la-direccion-de-actividades-futbolisticas-de-red-bull\\\/#listItem\",\"position\":3,\"name\":\"Rangnick asume la direcci\\u00f3n de actividades futbol\\u00edsticas de Red Bull\",\"previousItem\":{\"@type\":\"ListItem\",\"@id\":\"https:\\\/\\\/www.eldigitaldeasturias.com\\\/noticias\\\/category\\\/deportes\\\/#listItem\",\"name\":\"Deportes\"}}]},{\"@type\":\"Organization\",\"@id\":\"https:\\\/\\\/www.eldigitaldeasturias.com\\\/noticias\\\/#organization\",\"name\":\"El Digital de Asturias\",\"description\":\"Hemeroteca\",\"url\":\"https:\\\/\\\/www.eldigitaldeasturias.com\\\/noticias\\\/\",\"email\":\"info@eldigitaldeasturias.com\",\"telephone\":\"+34652131393\",\"logo\":{\"@type\":\"ImageObject\",\"url\":\"https:\\\/\\\/www.eldigitaldeasturias.com\\\/noticias\\\/wp-content\\\/uploads\\\/2020\\\/12\\\/EDA.jpg\",\"@id\":\"https:\\\/\\\/www.eldigitaldeasturias.com\\\/noticias\\\/rangnick-asume-la-direccion-de-actividades-futbolisticas-de-red-bull\\\/#organizationLogo\",\"width\":649,\"height\":297},\"image\":{\"@id\":\"https:\\\/\\\/www.eldigitaldeasturias.com\\\/noticias\\\/rangnick-asume-la-direccion-de-actividades-futbolisticas-de-red-bull\\\/#organizationLogo\"},\"sameAs\":[\"https:\\\/\\\/facebook.com\\\/eldigitaldeasturias\",\"https:\\\/\\\/www.youtube.com\\\/channel\\\/UCZP-2wLEB9Rv6erhFmqVnvg\"],\"address\":{\"@id\":\"https:\\\/\\\/www.eldigitaldeasturias.com\\\/noticias\\\/#postaladdress\",\"@type\":\"PostalAddress\",\"streetAddress\":\"san antonio 4,\",\"postalCode\":\"33430\",\"addressLocality\":\"Cand\\u00e1s\",\"addressRegion\":\"Asturias\",\"addressCountry\":\"ES\"}},{\"@type\":\"Person\",\"@id\":\"https:\\\/\\\/www.eldigitaldeasturias.com\\\/noticias\\\/author\\\/admin\\\/#author\",\"url\":\"https:\\\/\\\/www.eldigitaldeasturias.com\\\/noticias\\\/author\\\/admin\\\/\",\"name\":\"El Digital de Asturias\",\"image\":{\"@type\":\"ImageObject\",\"@id\":\"https:\\\/\\\/www.eldigitaldeasturias.com\\\/noticias\\\/rangnick-asume-la-direccion-de-actividades-futbolisticas-de-red-bull\\\/#authorImage\",\"url\":\"https:\\\/\\\/www.eldigitaldeasturias.com\\\/noticias\\\/wp-content\\\/litespeed\\\/avatar\\\/18677e78aa0546b92d9dbf31ec7d7668.jpg?ver=1777290358\",\"width\":96,\"height\":96,\"caption\":\"El Digital de Asturias\"}},{\"@type\":\"WebPage\",\"@id\":\"https:\\\/\\\/www.eldigitaldeasturias.com\\\/noticias\\\/rangnick-asume-la-direccion-de-actividades-futbolisticas-de-red-bull\\\/#webpage\",\"url\":\"https:\\\/\\\/www.eldigitaldeasturias.com\\\/noticias\\\/rangnick-asume-la-direccion-de-actividades-futbolisticas-de-red-bull\\\/\",\"name\":\"Rangnick asume la direcci\\u00f3n de actividades futbol\\u00edsticas de Red Bull - El Digital de Asturias\",\"description\":\"Leipzig (Alemania), 4 jun (dpa) - El entrenador y director deportivo del Leipzig de la primera divisi\\u00f3n del f\\u00fatbol alem\\u00e1n, Ralf Rangnick, dejar\\u00e1 los cargos para asumir la direcci\\u00f3n de todas las actividades futbol\\u00edsticas del fabricante austriaco de bebidas energ\\u00e9ticas Red Bull, confirm\\u00f3 hoy el club germano. Markus Kr\\u00f6sche, quien logr\\u00f3 con el Paderborn el\",\"inLanguage\":\"es-ES\",\"isPartOf\":{\"@id\":\"https:\\\/\\\/www.eldigitaldeasturias.com\\\/noticias\\\/#website\"},\"breadcrumb\":{\"@id\":\"https:\\\/\\\/www.eldigitaldeasturias.com\\\/noticias\\\/rangnick-asume-la-direccion-de-actividades-futbolisticas-de-red-bull\\\/#breadcrumblist\"},\"author\":{\"@id\":\"https:\\\/\\\/www.eldigitaldeasturias.com\\\/noticias\\\/author\\\/admin\\\/#author\"},\"creator\":{\"@id\":\"https:\\\/\\\/www.eldigitaldeasturias.com\\\/noticias\\\/author\\\/admin\\\/#author\"},\"image\":{\"@type\":\"ImageObject\",\"url\":\"https:\\\/\\\/www.eldigitaldeasturias.com\\\/noticias\\\/wp-content\\\/uploads\\\/2019\\\/06\\\/Rangnick.jpg\",\"@id\":\"https:\\\/\\\/www.eldigitaldeasturias.com\\\/noticias\\\/rangnick-asume-la-direccion-de-actividades-futbolisticas-de-red-bull\\\/#mainImage\",\"width\":1022,\"height\":677},\"primaryImageOfPage\":{\"@id\":\"https:\\\/\\\/www.eldigitaldeasturias.com\\\/noticias\\\/rangnick-asume-la-direccion-de-actividades-futbolisticas-de-red-bull\\\/#mainImage\"},\"datePublished\":\"2019-06-04T19:48:47+02:00\",\"dateModified\":\"2019-06-04T19:48:47+02:00\"},{\"@type\":\"WebSite\",\"@id\":\"https:\\\/\\\/www.eldigitaldeasturias.com\\\/noticias\\\/#website\",\"url\":\"https:\\\/\\\/www.eldigitaldeasturias.com\\\/noticias\\\/\",\"name\":\"El Digital de Asturias - Diario de actualidad y noticias\",\"alternateName\":\"El Digital de Asturias - Diario de actualidad y noticias\",\"description\":\"Hemeroteca\",\"inLanguage\":\"es-ES\",\"publisher\":{\"@id\":\"https:\\\/\\\/www.eldigitaldeasturias.com\\\/noticias\\\/#organization\"}}]}\n\t\t<\/script>\n\t\t<!-- All in One SEO Pro -->\r\n\t\t<title>Rangnick asume la direcci\u00f3n de actividades futbol\u00edsticas de Red Bull - El Digital de Asturias<\/title>\n\n","aioseo_head_json":{"title":"Rangnick asume la direcci\u00f3n de actividades futbol\u00edsticas de Red Bull - El Digital de Asturias","description":"Leipzig (Alemania), 4 jun (dpa) - El entrenador y director deportivo del Leipzig de la primera divisi\u00f3n del f\u00fatbol alem\u00e1n, Ralf Rangnick, dejar\u00e1 los cargos para asumir la direcci\u00f3n de todas las actividades futbol\u00edsticas del fabricante austriaco de bebidas energ\u00e9ticas Red Bull, confirm\u00f3 hoy el club germano. Markus Kr\u00f6sche, quien logr\u00f3 con el Paderborn el","canonical_url":"https:\/\/www.eldigitaldeasturias.com\/noticias\/rangnick-asume-la-direccion-de-actividades-futbolisticas-de-red-bull\/","robots":"max-image-preview:large","keywords":"deportes","webmasterTools":{"google-site-verification":"UA-38556648-1","msvalidate.01":"7dfe9f3f1b24437ab69f4f2559babe99","miscellaneous":""},"schema":{"@context":"https:\/\/schema.org","@graph":[{"@type":"BlogPosting","@id":"https:\/\/www.eldigitaldeasturias.com\/noticias\/rangnick-asume-la-direccion-de-actividades-futbolisticas-de-red-bull\/#blogposting","name":"Rangnick asume la direcci\u00f3n de actividades futbol\u00edsticas de Red Bull - El Digital de Asturias","headline":"Rangnick asume la direcci\u00f3n de actividades futbol\u00edsticas de Red Bull","author":{"@id":"https:\/\/www.eldigitaldeasturias.com\/noticias\/author\/admin\/#author"},"publisher":{"@id":"https:\/\/www.eldigitaldeasturias.com\/noticias\/#organization"},"image":{"@type":"ImageObject","url":"https:\/\/www.eldigitaldeasturias.com\/noticias\/wp-content\/uploads\/2019\/06\/Rangnick.jpg","width":1022,"height":677},"datePublished":"2019-06-04T19:48:47+02:00","dateModified":"2019-06-04T19:48:47+02:00","inLanguage":"es-ES","mainEntityOfPage":{"@id":"https:\/\/www.eldigitaldeasturias.com\/noticias\/rangnick-asume-la-direccion-de-actividades-futbolisticas-de-red-bull\/#webpage"},"isPartOf":{"@id":"https:\/\/www.eldigitaldeasturias.com\/noticias\/rangnick-asume-la-direccion-de-actividades-futbolisticas-de-red-bull\/#webpage"},"articleSection":"Deportes"},{"@type":"BreadcrumbList","@id":"https:\/\/www.eldigitaldeasturias.com\/noticias\/rangnick-asume-la-direccion-de-actividades-futbolisticas-de-red-bull\/#breadcrumblist","itemListElement":[{"@type":"ListItem","@id":"https:\/\/www.eldigitaldeasturias.com\/noticias#listItem","position":1,"name":"Home","item":"https:\/\/www.eldigitaldeasturias.com\/noticias","nextItem":{"@type":"ListItem","@id":"https:\/\/www.eldigitaldeasturias.com\/noticias\/category\/deportes\/#listItem","name":"Deportes"}},{"@type":"ListItem","@id":"https:\/\/www.eldigitaldeasturias.com\/noticias\/category\/deportes\/#listItem","position":2,"name":"Deportes","item":"https:\/\/www.eldigitaldeasturias.com\/noticias\/category\/deportes\/","nextItem":{"@type":"ListItem","@id":"https:\/\/www.eldigitaldeasturias.com\/noticias\/rangnick-asume-la-direccion-de-actividades-futbolisticas-de-red-bull\/#listItem","name":"Rangnick asume la direcci\u00f3n de actividades futbol\u00edsticas de Red Bull"},"previousItem":{"@type":"ListItem","@id":"https:\/\/www.eldigitaldeasturias.com\/noticias#listItem","name":"Home"}},{"@type":"ListItem","@id":"https:\/\/www.eldigitaldeasturias.com\/noticias\/rangnick-asume-la-direccion-de-actividades-futbolisticas-de-red-bull\/#listItem","position":3,"name":"Rangnick asume la direcci\u00f3n de actividades futbol\u00edsticas de Red Bull","previousItem":{"@type":"ListItem","@id":"https:\/\/www.eldigitaldeasturias.com\/noticias\/category\/deportes\/#listItem","name":"Deportes"}}]},{"@type":"Organization","@id":"https:\/\/www.eldigitaldeasturias.com\/noticias\/#organization","name":"El Digital de Asturias","description":"Hemeroteca","url":"https:\/\/www.eldigitaldeasturias.com\/noticias\/","email":"info@eldigitaldeasturias.com","telephone":"+34652131393","logo":{"@type":"ImageObject","url":"https:\/\/www.eldigitaldeasturias.com\/noticias\/wp-content\/uploads\/2020\/12\/EDA.jpg","@id":"https:\/\/www.eldigitaldeasturias.com\/noticias\/rangnick-asume-la-direccion-de-actividades-futbolisticas-de-red-bull\/#organizationLogo","width":649,"height":297},"image":{"@id":"https:\/\/www.eldigitaldeasturias.com\/noticias\/rangnick-asume-la-direccion-de-actividades-futbolisticas-de-red-bull\/#organizationLogo"},"sameAs":["https:\/\/facebook.com\/eldigitaldeasturias","https:\/\/www.youtube.com\/channel\/UCZP-2wLEB9Rv6erhFmqVnvg"],"address":{"@id":"https:\/\/www.eldigitaldeasturias.com\/noticias\/#postaladdress","@type":"PostalAddress","streetAddress":"san antonio 4,","postalCode":"33430","addressLocality":"Cand\u00e1s","addressRegion":"Asturias","addressCountry":"ES"}},{"@type":"Person","@id":"https:\/\/www.eldigitaldeasturias.com\/noticias\/author\/admin\/#author","url":"https:\/\/www.eldigitaldeasturias.com\/noticias\/author\/admin\/","name":"El Digital de Asturias","image":{"@type":"ImageObject","@id":"https:\/\/www.eldigitaldeasturias.com\/noticias\/rangnick-asume-la-direccion-de-actividades-futbolisticas-de-red-bull\/#authorImage","url":"https:\/\/www.eldigitaldeasturias.com\/noticias\/wp-content\/litespeed\/avatar\/18677e78aa0546b92d9dbf31ec7d7668.jpg?ver=1777290358","width":96,"height":96,"caption":"El Digital de Asturias"}},{"@type":"WebPage","@id":"https:\/\/www.eldigitaldeasturias.com\/noticias\/rangnick-asume-la-direccion-de-actividades-futbolisticas-de-red-bull\/#webpage","url":"https:\/\/www.eldigitaldeasturias.com\/noticias\/rangnick-asume-la-direccion-de-actividades-futbolisticas-de-red-bull\/","name":"Rangnick asume la direcci\u00f3n de actividades futbol\u00edsticas de Red Bull - El Digital de Asturias","description":"Leipzig (Alemania), 4 jun (dpa) - El entrenador y director deportivo del Leipzig de la primera divisi\u00f3n del f\u00fatbol alem\u00e1n, Ralf Rangnick, dejar\u00e1 los cargos para asumir la direcci\u00f3n de todas las actividades futbol\u00edsticas del fabricante austriaco de bebidas energ\u00e9ticas Red Bull, confirm\u00f3 hoy el club germano. Markus Kr\u00f6sche, quien logr\u00f3 con el Paderborn el","inLanguage":"es-ES","isPartOf":{"@id":"https:\/\/www.eldigitaldeasturias.com\/noticias\/#website"},"breadcrumb":{"@id":"https:\/\/www.eldigitaldeasturias.com\/noticias\/rangnick-asume-la-direccion-de-actividades-futbolisticas-de-red-bull\/#breadcrumblist"},"author":{"@id":"https:\/\/www.eldigitaldeasturias.com\/noticias\/author\/admin\/#author"},"creator":{"@id":"https:\/\/www.eldigitaldeasturias.com\/noticias\/author\/admin\/#author"},"image":{"@type":"ImageObject","url":"https:\/\/www.eldigitaldeasturias.com\/noticias\/wp-content\/uploads\/2019\/06\/Rangnick.jpg","@id":"https:\/\/www.eldigitaldeasturias.com\/noticias\/rangnick-asume-la-direccion-de-actividades-futbolisticas-de-red-bull\/#mainImage","width":1022,"height":677},"primaryImageOfPage":{"@id":"https:\/\/www.eldigitaldeasturias.com\/noticias\/rangnick-asume-la-direccion-de-actividades-futbolisticas-de-red-bull\/#mainImage"},"datePublished":"2019-06-04T19:48:47+02:00","dateModified":"2019-06-04T19:48:47+02:00"},{"@type":"WebSite","@id":"https:\/\/www.eldigitaldeasturias.com\/noticias\/#website","url":"https:\/\/www.eldigitaldeasturias.com\/noticias\/","name":"El Digital de Asturias - Diario de actualidad y noticias","alternateName":"El Digital de Asturias - Diario de actualidad y noticias","description":"Hemeroteca","inLanguage":"es-ES","publisher":{"@id":"https:\/\/www.eldigitaldeasturias.com\/noticias\/#organization"}}]},"og:locale":"es_ES","og:site_name":"El Digital de Asturias","og:type":"article","og:title":"Rangnick asume la direcci\u00f3n de actividades futbol\u00edsticas de Red Bull - El Digital de Asturias","og:description":"Leipzig (Alemania), 4 jun (dpa) - El entrenador y director deportivo del Leipzig de la primera divisi\u00f3n del f\u00fatbol alem\u00e1n, Ralf Rangnick, dejar\u00e1 los cargos para asumir la direcci\u00f3n de todas las actividades futbol\u00edsticas del fabricante austriaco de bebidas energ\u00e9ticas Red Bull, confirm\u00f3 hoy el club germano. Markus Kr\u00f6sche, quien logr\u00f3 con el Paderborn el","og:url":"https:\/\/www.eldigitaldeasturias.com\/noticias\/rangnick-asume-la-direccion-de-actividades-futbolisticas-de-red-bull\/","og:image":"https:\/\/www.eldigitaldeasturias.com\/noticias\/wp-content\/uploads\/2019\/06\/Rangnick.jpg","og:image:secure_url":"https:\/\/www.eldigitaldeasturias.com\/noticias\/wp-content\/uploads\/2019\/06\/Rangnick.jpg","og:image:width":1022,"og:image:height":677,"article:tag":["deportes"],"article:published_time":"2019-06-04T19:48:47+00:00","article:modified_time":"2019-06-04T19:48:47+00:00","article:publisher":"https:\/\/facebook.com\/eldigitaldeasturias","twitter:card":"summary_large_image","twitter:title":"Rangnick asume la direcci\u00f3n de actividades futbol\u00edsticas de Red Bull - El Digital de Asturias","twitter:description":"Leipzig (Alemania), 4 jun (dpa) - El entrenador y director deportivo del Leipzig de la primera divisi\u00f3n del f\u00fatbol alem\u00e1n, Ralf Rangnick, dejar\u00e1 los cargos para asumir la direcci\u00f3n de todas las actividades futbol\u00edsticas del fabricante austriaco de bebidas energ\u00e9ticas Red Bull, confirm\u00f3 hoy el club germano. Markus Kr\u00f6sche, quien logr\u00f3 con el Paderborn el","twitter:image":"https:\/\/www.eldigitaldeasturias.com\/noticias\/wp-content\/uploads\/2019\/06\/Rangnick.jpg","twitter:label1":"Escrito por","twitter:data1":"El Digital de Asturias","twitter:label2":"Tiempo de lectura estimado","twitter:data2":"1 minuto"},"aioseo_meta_data":{"post_id":"1029645","title":null,"description":null,"keywords":null,"keyphrases":null,"primary_term":null,"canonical_url":null,"og_title":null,"og_description":null,"og_object_type":"default","og_image_type":"default","og_image_url":null,"og_image_width":null,"og_image_height":null,"og_image_custom_url":null,"og_image_custom_fields":null,"og_video":null,"og_custom_url":null,"og_article_section":null,"og_article_tags":null,"twitter_use_og":false,"twitter_card":"default","twitter_image_type":"default","twitter_image_url":null,"twitter_image_custom_url":null,"twitter_image_custom_fields":null,"twitter_title":null,"twitter_description":null,"schema":{"blockGraphs":[],"customGraphs":[],"default":{"data":{"Article":[],"Course":[],"Dataset":[],"FAQPage":[],"Movie":[],"Person":[],"Product":[],"ProductReview":[],"Car":[],"Recipe":[],"Service":[],"SoftwareApplication":[],"WebPage":[]},"graphName":"","isEnabled":true},"graphs":[],"defaultGraph":"","defaultPostTypeGraph":""},"schema_type":null,"schema_type_options":null,"pillar_content":false,"robots_default":true,"robots_noindex":false,"robots_noarchive":false,"robots_nosnippet":false,"robots_nofollow":false,"robots_noimageindex":false,"robots_noodp":false,"robots_notranslate":false,"robots_max_snippet":null,"robots_max_videopreview":null,"robots_max_imagepreview":"large","priority":null,"frequency":null,"local_seo":null,"seo_analyzer_scan_date":"2025-10-18 12:59:08","breadcrumb_settings":null,"limit_modified_date":false,"open_ai":null,"ai":null,"created":"2020-12-21 11:11:01","updated":"2025-10-18 12:59:08"},"aioseo_breadcrumb":"<div class=\"aioseo-breadcrumbs\"><span class=\"aioseo-breadcrumb\">\n\t<a href=\"https:\/\/www.eldigitaldeasturias.com\/noticias\" title=\"Home\">Home<\/a>\n<\/span><span class=\"aioseo-breadcrumb-separator\">\u2013<\/span><span class=\"aioseo-breadcrumb\">\n\t<a href=\"https:\/\/www.eldigitaldeasturias.com\/noticias\/category\/deportes\/\" title=\"Deportes\">Deportes<\/a>\n<\/span><span class=\"aioseo-breadcrumb-separator\">\u2013<\/span><span class=\"aioseo-breadcrumb\">\n\t<a href=\"https:\/\/www.eldigitaldeasturias.com\/noticias\/rangnick-asume-la-direccion-de-actividades-futbolisticas-de-red-bull\/\" title=\"Rangnick asume la direcci\u00f3n de actividades futbol\u00edsticas de Red Bull\">Rangnick asume la direcci\u00f3n de actividades futbol\u00edsticas de Red Bull<\/a>\n<\/span><\/div>","aioseo_breadcrumb_json":[{"label":"Home","link":"https:\/\/www.eldigitaldeasturias.com\/noticias"},{"label":"Deportes","link":"https:\/\/www.eldigitaldeasturias.com\/noticias\/category\/deportes\/"},{"label":"Rangnick asume la direcci\u00f3n de actividades futbol\u00edsticas de Red Bull","link":"https:\/\/www.eldigitaldeasturias.com\/noticias\/rangnick-asume-la-direccion-de-actividades-futbolisticas-de-red-bull\/"}],"_links":{"self":[{"href":"https:\/\/www.eldigitaldeasturias.com\/noticias\/wp-json\/wp\/v2\/posts\/1029645","targetHints":{"allow":["GET"]}}],"collection":[{"href":"https:\/\/www.eldigitaldeasturias.com\/noticias\/wp-json\/wp\/v2\/posts"}],"about":[{"href":"https:\/\/www.eldigitaldeasturias.com\/noticias\/wp-json\/wp\/v2\/types\/post"}],"author":[{"embeddable":true,"href":"https:\/\/www.eldigitaldeasturias.com\/noticias\/wp-json\/wp\/v2\/users\/1"}],"replies":[{"embeddable":true,"href":"https:\/\/www.eldigitaldeasturias.com\/noticias\/wp-json\/wp\/v2\/comments?post=1029645"}],"version-history":[{"count":0,"href":"https:\/\/www.eldigitaldeasturias.com\/noticias\/wp-json\/wp\/v2\/posts\/1029645\/revisions"}],"wp:featuredmedia":[{"embeddable":true,"href":"https:\/\/www.eldigitaldeasturias.com\/noticias\/wp-json\/wp\/v2\/media\/1029646"}],"wp:attachment":[{"href":"https:\/\/www.eldigitaldeasturias.com\/noticias\/wp-json\/wp\/v2\/media?parent=1029645"}],"wp:term":[{"taxonomy":"category","embeddable":true,"href":"https:\/\/www.eldigitaldeasturias.com\/noticias\/wp-json\/wp\/v2\/categories?post=1029645"},{"taxonomy":"post_tag","embeddable":true,"href":"https:\/\/www.eldigitaldeasturias.com\/noticias\/wp-json\/wp\/v2\/tags?post=1029645"}],"curies":[{"name":"wp","href":"https:\/\/api.w.org\/{rel}","templated":true}]}}