{"id":1029639,"date":"2019-06-04T18:47:29","date_gmt":"2019-06-04T18:47:29","guid":{"rendered":"https:\/\/www.eldigitaldeasturias.com\/noticias\/?p=1029639"},"modified":"2019-06-04T18:47:29","modified_gmt":"2019-06-04T18:47:29","slug":"tercera-jornada-del-viaje-institucional-de-reyes-maroto-a-china","status":"publish","type":"post","link":"https:\/\/www.eldigitaldeasturias.com\/noticias\/tercera-jornada-del-viaje-institucional-de-reyes-maroto-a-china\/","title":{"rendered":"Tercera jornada del viaje institucional de Reyes Maroto a China"},"content":{"rendered":"<p><img loading=\"lazy\" decoding=\"async\" class=\"alignleft size-medium wp-image-1029640\" src=\"https:\/\/www.eldigitaldeasturias.com\/noticias\/wp-content\/uploads\/2019\/06\/040619-MarotoChina-360x239.jpg\" alt=\"\" width=\"360\" height=\"239\" srcset=\"https:\/\/www.eldigitaldeasturias.com\/noticias\/wp-content\/uploads\/2019\/06\/040619-MarotoChina-360x239.jpg 360w, https:\/\/www.eldigitaldeasturias.com\/noticias\/wp-content\/uploads\/2019\/06\/040619-MarotoChina.jpg 512w\" sizes=\"auto, (max-width: 360px) 100vw, 360px\" \/>La ministra de Industria, Comercio y Turismo en funciones, Reyes Maroto, ha visitado las instalaciones de dos de las principales compa\u00f1\u00edas espa\u00f1olas implantadas en el parque industrial de Kunshan, en la zona de influencia de Shanghai.<\/p>\n<p>La ministra visit\u00f3 en primer lugar la sede de Corporaci\u00f3n Mondrag\u00f3n, donde fue recibida por el presidente de Mondrag\u00f3n Internacional, \u00d3scar Goitia, y recorri\u00f3 las instalaciones de Orkli, Mondrag\u00f3n Assembly y Batz.<\/p>\n<p>En su intervenci\u00f3n ante los responsables de la Corporaci\u00f3n, Maroto manifest\u00f3 su orgullo por tener un grupo referente en Espa\u00f1a y en el mundo: \u00abPara Espa\u00f1a y para el Pa\u00eds Vasco, Mondrag\u00f3n es donde hay que mirarse. El mundo cambia y hay que adaptarse, y el grupo es un ejemplo de c\u00f3mo trasladar el \u00e9xito a un mercado como el chino, seguir creciendo y seguir siendo empresa responsable, que hace las cosas bien\u00bb. Asimismo, transmiti\u00f3 su compromiso tanto con Mondrag\u00f3n como con la internacionalizaci\u00f3n de la empresa espa\u00f1ola, para seguir bien posicionados en el mercado chino: \u00abLa cooperaci\u00f3n p\u00fablico-privada nos hace m\u00e1s fuertes\u00bb, a\u00f1adi\u00f3.<\/p>\n<p>Posteriormente asisti\u00f3 al acto de colocaci\u00f3n de la primera piedra de la nueva planta de Mondrag\u00f3n Assembly, al que tambi\u00e9n acudieron el Embajador de Espa\u00f1a en China, Rafael Dezcallar, la directora general de Comercio Internacional e Inversiones, Paz Ramos, la directora general de la C\u00e1mara de Espa\u00f1a, Inmaculada Riera, y autoridades locales de Qiandeng y Kunshan.<\/p>\n<p>Grupo Mondrag\u00f3n dispone de nueve delegaciones corporativas internacionales, ciento veinticinco plantas productivas en el exterior (veinte en China) y presencia comercial en todo el mundo. Entre las cooperativas que operan en China est\u00e1n Orkli Kunshan, l\u00edder mundial en fabricaci\u00f3n y venta de componentes de seguridad termoel\u00e9ctrica, Batz Automotive System, que ofrece servicios y productos como troqueles y sistemas para automoci\u00f3n, energ\u00edas renovables y termoespacial, y Mondrag\u00f3n Assembly, especializada en el desarrollo de soluciones de automatizaci\u00f3n y ensamble para sectores como el solar, automoci\u00f3n, componentes de electrodom\u00e9sticos, cosm\u00e9ticos, dispositivos m\u00e9dicos y componentes electr\u00f3nicos.<\/p>\n<p>Antes de emprender viaje a Hefei, Maroto visit\u00f3 la planta de Gestamp, multinacional espa\u00f1ola l\u00edder en el sector de dise\u00f1o, desarrollo y fabricaci\u00f3n de componentes met\u00e1licos de alta ingenier\u00eda para los principales fabricantes de autom\u00f3viles. La f\u00e1brica de Kunshan es una de las once que Gestamp tiene en la actualidad en China.<\/p>\n<p>Este mi\u00e9rcoles, la ministra visitar\u00e1 las instalaciones de las empresas JAC Motors y Guoxuan Hig Tech.<\/p>\n","protected":false},"excerpt":{"rendered":"<p>La ministra de Industria, Comercio y Turismo en funciones, Reyes Maroto, ha visitado las instalaciones de dos de las principales compa\u00f1\u00edas espa\u00f1olas implantadas en el parque industrial de Kunshan, en la zona de influencia de Shanghai. La ministra visit\u00f3 en primer lugar la sede de Corporaci\u00f3n Mondrag\u00f3n, donde fue recibida por el presidente de Mondrag\u00f3n [&hellip;]<\/p>\n","protected":false},"author":1,"featured_media":1029640,"comment_status":"closed","ping_status":"closed","sticky":false,"template":"","format":"standard","meta":{"footnotes":""},"categories":[187],"tags":[],"class_list":["post-1029639","post","type-post","status-publish","format-standard","has-post-thumbnail","hentry","category-economia"],"aioseo_notices":[],"aioseo_head":"\n\t\t<!-- All in One SEO Pro 4.9.6.2 - aioseo.com -->\n\t<meta name=\"description\" content=\"La ministra de Industria, Comercio y Turismo en funciones, Reyes Maroto, ha visitado las instalaciones de dos de las principales compa\u00f1\u00edas espa\u00f1olas implantadas en el parque industrial de Kunshan, en la zona de influencia de Shanghai. La ministra visit\u00f3 en primer lugar la sede de Corporaci\u00f3n Mondrag\u00f3n, donde fue recibida por el presidente de Mondrag\u00f3n\" \/>\n\t<meta name=\"robots\" content=\"max-image-preview:large\" \/>\n\t<meta name=\"author\" content=\"El Digital de Asturias\"\/>\n\t<meta name=\"google-site-verification\" content=\"UA-38556648-1\" \/>\n\t<meta name=\"msvalidate.01\" content=\"7dfe9f3f1b24437ab69f4f2559babe99\" \/>\n\t<meta name=\"keywords\" content=\"econom\u00eda\" \/>\n\t<link rel=\"canonical\" href=\"https:\/\/www.eldigitaldeasturias.com\/noticias\/tercera-jornada-del-viaje-institucional-de-reyes-maroto-a-china\/\" \/>\n\t<meta name=\"generator\" content=\"All in One SEO Pro (AIOSEO) 4.9.6.2\" \/>\n\t\t<meta property=\"og:locale\" content=\"es_ES\" \/>\n\t\t<meta property=\"og:site_name\" content=\"El Digital de Asturias\" \/>\n\t\t<meta property=\"og:type\" content=\"article\" \/>\n\t\t<meta property=\"og:title\" content=\"Tercera jornada del viaje institucional de Reyes Maroto a China - El Digital de Asturias\" \/>\n\t\t<meta property=\"og:description\" content=\"La ministra de Industria, Comercio y Turismo en funciones, Reyes Maroto, ha visitado las instalaciones de dos de las principales compa\u00f1\u00edas espa\u00f1olas implantadas en el parque industrial de Kunshan, en la zona de influencia de Shanghai. La ministra visit\u00f3 en primer lugar la sede de Corporaci\u00f3n Mondrag\u00f3n, donde fue recibida por el presidente de Mondrag\u00f3n\" \/>\n\t\t<meta property=\"og:url\" content=\"https:\/\/www.eldigitaldeasturias.com\/noticias\/tercera-jornada-del-viaje-institucional-de-reyes-maroto-a-china\/\" \/>\n\t\t<meta property=\"og:image\" content=\"https:\/\/www.eldigitaldeasturias.com\/noticias\/wp-content\/uploads\/2019\/06\/040619-MarotoChina.jpg\" \/>\n\t\t<meta property=\"og:image:secure_url\" content=\"https:\/\/www.eldigitaldeasturias.com\/noticias\/wp-content\/uploads\/2019\/06\/040619-MarotoChina.jpg\" \/>\n\t\t<meta property=\"og:image:width\" content=\"512\" \/>\n\t\t<meta property=\"og:image:height\" content=\"340\" \/>\n\t\t<meta property=\"article:tag\" content=\"econom\u00eda\" \/>\n\t\t<meta property=\"article:published_time\" content=\"2019-06-04T18:47:29+00:00\" \/>\n\t\t<meta property=\"article:modified_time\" content=\"2019-06-04T18:47:29+00:00\" \/>\n\t\t<meta property=\"article:publisher\" content=\"https:\/\/facebook.com\/eldigitaldeasturias\" \/>\n\t\t<meta name=\"twitter:card\" content=\"summary_large_image\" \/>\n\t\t<meta name=\"twitter:title\" content=\"Tercera jornada del viaje institucional de Reyes Maroto a China - El Digital de Asturias\" \/>\n\t\t<meta name=\"twitter:description\" content=\"La ministra de Industria, Comercio y Turismo en funciones, Reyes Maroto, ha visitado las instalaciones de dos de las principales compa\u00f1\u00edas espa\u00f1olas implantadas en el parque industrial de Kunshan, en la zona de influencia de Shanghai. La ministra visit\u00f3 en primer lugar la sede de Corporaci\u00f3n Mondrag\u00f3n, donde fue recibida por el presidente de Mondrag\u00f3n\" \/>\n\t\t<meta name=\"twitter:image\" content=\"https:\/\/www.eldigitaldeasturias.com\/noticias\/wp-content\/uploads\/2019\/06\/040619-MarotoChina.jpg\" \/>\n\t\t<meta name=\"twitter:label1\" content=\"Escrito por\" \/>\n\t\t<meta name=\"twitter:data1\" content=\"El Digital de Asturias\" \/>\n\t\t<meta name=\"twitter:label2\" content=\"Tiempo de lectura estimado\" \/>\n\t\t<meta name=\"twitter:data2\" content=\"2 minutos\" \/>\n\t\t<script type=\"application\/ld+json\" class=\"aioseo-schema\">\n\t\t\t{\"@context\":\"https:\\\/\\\/schema.org\",\"@graph\":[{\"@type\":\"BlogPosting\",\"@id\":\"https:\\\/\\\/www.eldigitaldeasturias.com\\\/noticias\\\/tercera-jornada-del-viaje-institucional-de-reyes-maroto-a-china\\\/#blogposting\",\"name\":\"Tercera jornada del viaje institucional de Reyes Maroto a China - El Digital de Asturias\",\"headline\":\"Tercera jornada del viaje institucional de Reyes Maroto a China\",\"author\":{\"@id\":\"https:\\\/\\\/www.eldigitaldeasturias.com\\\/noticias\\\/author\\\/admin\\\/#author\"},\"publisher\":{\"@id\":\"https:\\\/\\\/www.eldigitaldeasturias.com\\\/noticias\\\/#organization\"},\"image\":{\"@type\":\"ImageObject\",\"url\":\"https:\\\/\\\/www.eldigitaldeasturias.com\\\/noticias\\\/wp-content\\\/uploads\\\/2019\\\/06\\\/040619-MarotoChina.jpg\",\"width\":512,\"height\":340},\"datePublished\":\"2019-06-04T18:47:29+02:00\",\"dateModified\":\"2019-06-04T18:47:29+02:00\",\"inLanguage\":\"es-ES\",\"mainEntityOfPage\":{\"@id\":\"https:\\\/\\\/www.eldigitaldeasturias.com\\\/noticias\\\/tercera-jornada-del-viaje-institucional-de-reyes-maroto-a-china\\\/#webpage\"},\"isPartOf\":{\"@id\":\"https:\\\/\\\/www.eldigitaldeasturias.com\\\/noticias\\\/tercera-jornada-del-viaje-institucional-de-reyes-maroto-a-china\\\/#webpage\"},\"articleSection\":\"Econom\\u00eda\"},{\"@type\":\"BreadcrumbList\",\"@id\":\"https:\\\/\\\/www.eldigitaldeasturias.com\\\/noticias\\\/tercera-jornada-del-viaje-institucional-de-reyes-maroto-a-china\\\/#breadcrumblist\",\"itemListElement\":[{\"@type\":\"ListItem\",\"@id\":\"https:\\\/\\\/www.eldigitaldeasturias.com\\\/noticias#listItem\",\"position\":1,\"name\":\"Home\",\"item\":\"https:\\\/\\\/www.eldigitaldeasturias.com\\\/noticias\",\"nextItem\":{\"@type\":\"ListItem\",\"@id\":\"https:\\\/\\\/www.eldigitaldeasturias.com\\\/noticias\\\/category\\\/economia\\\/#listItem\",\"name\":\"Econom\\u00eda\"}},{\"@type\":\"ListItem\",\"@id\":\"https:\\\/\\\/www.eldigitaldeasturias.com\\\/noticias\\\/category\\\/economia\\\/#listItem\",\"position\":2,\"name\":\"Econom\\u00eda\",\"item\":\"https:\\\/\\\/www.eldigitaldeasturias.com\\\/noticias\\\/category\\\/economia\\\/\",\"nextItem\":{\"@type\":\"ListItem\",\"@id\":\"https:\\\/\\\/www.eldigitaldeasturias.com\\\/noticias\\\/tercera-jornada-del-viaje-institucional-de-reyes-maroto-a-china\\\/#listItem\",\"name\":\"Tercera jornada del viaje institucional de Reyes Maroto a China\"},\"previousItem\":{\"@type\":\"ListItem\",\"@id\":\"https:\\\/\\\/www.eldigitaldeasturias.com\\\/noticias#listItem\",\"name\":\"Home\"}},{\"@type\":\"ListItem\",\"@id\":\"https:\\\/\\\/www.eldigitaldeasturias.com\\\/noticias\\\/tercera-jornada-del-viaje-institucional-de-reyes-maroto-a-china\\\/#listItem\",\"position\":3,\"name\":\"Tercera jornada del viaje institucional de Reyes Maroto a China\",\"previousItem\":{\"@type\":\"ListItem\",\"@id\":\"https:\\\/\\\/www.eldigitaldeasturias.com\\\/noticias\\\/category\\\/economia\\\/#listItem\",\"name\":\"Econom\\u00eda\"}}]},{\"@type\":\"Organization\",\"@id\":\"https:\\\/\\\/www.eldigitaldeasturias.com\\\/noticias\\\/#organization\",\"name\":\"El Digital de Asturias\",\"description\":\"Hemeroteca\",\"url\":\"https:\\\/\\\/www.eldigitaldeasturias.com\\\/noticias\\\/\",\"email\":\"info@eldigitaldeasturias.com\",\"telephone\":\"+34652131393\",\"logo\":{\"@type\":\"ImageObject\",\"url\":\"https:\\\/\\\/www.eldigitaldeasturias.com\\\/noticias\\\/wp-content\\\/uploads\\\/2020\\\/12\\\/EDA.jpg\",\"@id\":\"https:\\\/\\\/www.eldigitaldeasturias.com\\\/noticias\\\/tercera-jornada-del-viaje-institucional-de-reyes-maroto-a-china\\\/#organizationLogo\",\"width\":649,\"height\":297},\"image\":{\"@id\":\"https:\\\/\\\/www.eldigitaldeasturias.com\\\/noticias\\\/tercera-jornada-del-viaje-institucional-de-reyes-maroto-a-china\\\/#organizationLogo\"},\"sameAs\":[\"https:\\\/\\\/facebook.com\\\/eldigitaldeasturias\",\"https:\\\/\\\/www.youtube.com\\\/channel\\\/UCZP-2wLEB9Rv6erhFmqVnvg\"],\"address\":{\"@id\":\"https:\\\/\\\/www.eldigitaldeasturias.com\\\/noticias\\\/#postaladdress\",\"@type\":\"PostalAddress\",\"streetAddress\":\"san antonio 4,\",\"postalCode\":\"33430\",\"addressLocality\":\"Cand\\u00e1s\",\"addressRegion\":\"Asturias\",\"addressCountry\":\"ES\"}},{\"@type\":\"Person\",\"@id\":\"https:\\\/\\\/www.eldigitaldeasturias.com\\\/noticias\\\/author\\\/admin\\\/#author\",\"url\":\"https:\\\/\\\/www.eldigitaldeasturias.com\\\/noticias\\\/author\\\/admin\\\/\",\"name\":\"El Digital de Asturias\",\"image\":{\"@type\":\"ImageObject\",\"@id\":\"https:\\\/\\\/www.eldigitaldeasturias.com\\\/noticias\\\/tercera-jornada-del-viaje-institucional-de-reyes-maroto-a-china\\\/#authorImage\",\"url\":\"https:\\\/\\\/www.eldigitaldeasturias.com\\\/noticias\\\/wp-content\\\/litespeed\\\/avatar\\\/18677e78aa0546b92d9dbf31ec7d7668.jpg?ver=1776685526\",\"width\":96,\"height\":96,\"caption\":\"El Digital de Asturias\"}},{\"@type\":\"WebPage\",\"@id\":\"https:\\\/\\\/www.eldigitaldeasturias.com\\\/noticias\\\/tercera-jornada-del-viaje-institucional-de-reyes-maroto-a-china\\\/#webpage\",\"url\":\"https:\\\/\\\/www.eldigitaldeasturias.com\\\/noticias\\\/tercera-jornada-del-viaje-institucional-de-reyes-maroto-a-china\\\/\",\"name\":\"Tercera jornada del viaje institucional de Reyes Maroto a China - El Digital de Asturias\",\"description\":\"La ministra de Industria, Comercio y Turismo en funciones, Reyes Maroto, ha visitado las instalaciones de dos de las principales compa\\u00f1\\u00edas espa\\u00f1olas implantadas en el parque industrial de Kunshan, en la zona de influencia de Shanghai. La ministra visit\\u00f3 en primer lugar la sede de Corporaci\\u00f3n Mondrag\\u00f3n, donde fue recibida por el presidente de Mondrag\\u00f3n\",\"inLanguage\":\"es-ES\",\"isPartOf\":{\"@id\":\"https:\\\/\\\/www.eldigitaldeasturias.com\\\/noticias\\\/#website\"},\"breadcrumb\":{\"@id\":\"https:\\\/\\\/www.eldigitaldeasturias.com\\\/noticias\\\/tercera-jornada-del-viaje-institucional-de-reyes-maroto-a-china\\\/#breadcrumblist\"},\"author\":{\"@id\":\"https:\\\/\\\/www.eldigitaldeasturias.com\\\/noticias\\\/author\\\/admin\\\/#author\"},\"creator\":{\"@id\":\"https:\\\/\\\/www.eldigitaldeasturias.com\\\/noticias\\\/author\\\/admin\\\/#author\"},\"image\":{\"@type\":\"ImageObject\",\"url\":\"https:\\\/\\\/www.eldigitaldeasturias.com\\\/noticias\\\/wp-content\\\/uploads\\\/2019\\\/06\\\/040619-MarotoChina.jpg\",\"@id\":\"https:\\\/\\\/www.eldigitaldeasturias.com\\\/noticias\\\/tercera-jornada-del-viaje-institucional-de-reyes-maroto-a-china\\\/#mainImage\",\"width\":512,\"height\":340},\"primaryImageOfPage\":{\"@id\":\"https:\\\/\\\/www.eldigitaldeasturias.com\\\/noticias\\\/tercera-jornada-del-viaje-institucional-de-reyes-maroto-a-china\\\/#mainImage\"},\"datePublished\":\"2019-06-04T18:47:29+02:00\",\"dateModified\":\"2019-06-04T18:47:29+02:00\"},{\"@type\":\"WebSite\",\"@id\":\"https:\\\/\\\/www.eldigitaldeasturias.com\\\/noticias\\\/#website\",\"url\":\"https:\\\/\\\/www.eldigitaldeasturias.com\\\/noticias\\\/\",\"name\":\"El Digital de Asturias - Diario de actualidad y noticias\",\"alternateName\":\"El Digital de Asturias - Diario de actualidad y noticias\",\"description\":\"Hemeroteca\",\"inLanguage\":\"es-ES\",\"publisher\":{\"@id\":\"https:\\\/\\\/www.eldigitaldeasturias.com\\\/noticias\\\/#organization\"}}]}\n\t\t<\/script>\n\t\t<!-- All in One SEO Pro -->\r\n\t\t<title>Tercera jornada del viaje institucional de Reyes Maroto a China - El Digital de Asturias<\/title>\n\n","aioseo_head_json":{"title":"Tercera jornada del viaje institucional de Reyes Maroto a China - El Digital de Asturias","description":"La ministra de Industria, Comercio y Turismo en funciones, Reyes Maroto, ha visitado las instalaciones de dos de las principales compa\u00f1\u00edas espa\u00f1olas implantadas en el parque industrial de Kunshan, en la zona de influencia de Shanghai. La ministra visit\u00f3 en primer lugar la sede de Corporaci\u00f3n Mondrag\u00f3n, donde fue recibida por el presidente de Mondrag\u00f3n","canonical_url":"https:\/\/www.eldigitaldeasturias.com\/noticias\/tercera-jornada-del-viaje-institucional-de-reyes-maroto-a-china\/","robots":"max-image-preview:large","keywords":"econom\u00eda","webmasterTools":{"google-site-verification":"UA-38556648-1","msvalidate.01":"7dfe9f3f1b24437ab69f4f2559babe99","miscellaneous":""},"schema":{"@context":"https:\/\/schema.org","@graph":[{"@type":"BlogPosting","@id":"https:\/\/www.eldigitaldeasturias.com\/noticias\/tercera-jornada-del-viaje-institucional-de-reyes-maroto-a-china\/#blogposting","name":"Tercera jornada del viaje institucional de Reyes Maroto a China - El Digital de Asturias","headline":"Tercera jornada del viaje institucional de Reyes Maroto a China","author":{"@id":"https:\/\/www.eldigitaldeasturias.com\/noticias\/author\/admin\/#author"},"publisher":{"@id":"https:\/\/www.eldigitaldeasturias.com\/noticias\/#organization"},"image":{"@type":"ImageObject","url":"https:\/\/www.eldigitaldeasturias.com\/noticias\/wp-content\/uploads\/2019\/06\/040619-MarotoChina.jpg","width":512,"height":340},"datePublished":"2019-06-04T18:47:29+02:00","dateModified":"2019-06-04T18:47:29+02:00","inLanguage":"es-ES","mainEntityOfPage":{"@id":"https:\/\/www.eldigitaldeasturias.com\/noticias\/tercera-jornada-del-viaje-institucional-de-reyes-maroto-a-china\/#webpage"},"isPartOf":{"@id":"https:\/\/www.eldigitaldeasturias.com\/noticias\/tercera-jornada-del-viaje-institucional-de-reyes-maroto-a-china\/#webpage"},"articleSection":"Econom\u00eda"},{"@type":"BreadcrumbList","@id":"https:\/\/www.eldigitaldeasturias.com\/noticias\/tercera-jornada-del-viaje-institucional-de-reyes-maroto-a-china\/#breadcrumblist","itemListElement":[{"@type":"ListItem","@id":"https:\/\/www.eldigitaldeasturias.com\/noticias#listItem","position":1,"name":"Home","item":"https:\/\/www.eldigitaldeasturias.com\/noticias","nextItem":{"@type":"ListItem","@id":"https:\/\/www.eldigitaldeasturias.com\/noticias\/category\/economia\/#listItem","name":"Econom\u00eda"}},{"@type":"ListItem","@id":"https:\/\/www.eldigitaldeasturias.com\/noticias\/category\/economia\/#listItem","position":2,"name":"Econom\u00eda","item":"https:\/\/www.eldigitaldeasturias.com\/noticias\/category\/economia\/","nextItem":{"@type":"ListItem","@id":"https:\/\/www.eldigitaldeasturias.com\/noticias\/tercera-jornada-del-viaje-institucional-de-reyes-maroto-a-china\/#listItem","name":"Tercera jornada del viaje institucional de Reyes Maroto a China"},"previousItem":{"@type":"ListItem","@id":"https:\/\/www.eldigitaldeasturias.com\/noticias#listItem","name":"Home"}},{"@type":"ListItem","@id":"https:\/\/www.eldigitaldeasturias.com\/noticias\/tercera-jornada-del-viaje-institucional-de-reyes-maroto-a-china\/#listItem","position":3,"name":"Tercera jornada del viaje institucional de Reyes Maroto a China","previousItem":{"@type":"ListItem","@id":"https:\/\/www.eldigitaldeasturias.com\/noticias\/category\/economia\/#listItem","name":"Econom\u00eda"}}]},{"@type":"Organization","@id":"https:\/\/www.eldigitaldeasturias.com\/noticias\/#organization","name":"El Digital de Asturias","description":"Hemeroteca","url":"https:\/\/www.eldigitaldeasturias.com\/noticias\/","email":"info@eldigitaldeasturias.com","telephone":"+34652131393","logo":{"@type":"ImageObject","url":"https:\/\/www.eldigitaldeasturias.com\/noticias\/wp-content\/uploads\/2020\/12\/EDA.jpg","@id":"https:\/\/www.eldigitaldeasturias.com\/noticias\/tercera-jornada-del-viaje-institucional-de-reyes-maroto-a-china\/#organizationLogo","width":649,"height":297},"image":{"@id":"https:\/\/www.eldigitaldeasturias.com\/noticias\/tercera-jornada-del-viaje-institucional-de-reyes-maroto-a-china\/#organizationLogo"},"sameAs":["https:\/\/facebook.com\/eldigitaldeasturias","https:\/\/www.youtube.com\/channel\/UCZP-2wLEB9Rv6erhFmqVnvg"],"address":{"@id":"https:\/\/www.eldigitaldeasturias.com\/noticias\/#postaladdress","@type":"PostalAddress","streetAddress":"san antonio 4,","postalCode":"33430","addressLocality":"Cand\u00e1s","addressRegion":"Asturias","addressCountry":"ES"}},{"@type":"Person","@id":"https:\/\/www.eldigitaldeasturias.com\/noticias\/author\/admin\/#author","url":"https:\/\/www.eldigitaldeasturias.com\/noticias\/author\/admin\/","name":"El Digital de Asturias","image":{"@type":"ImageObject","@id":"https:\/\/www.eldigitaldeasturias.com\/noticias\/tercera-jornada-del-viaje-institucional-de-reyes-maroto-a-china\/#authorImage","url":"https:\/\/www.eldigitaldeasturias.com\/noticias\/wp-content\/litespeed\/avatar\/18677e78aa0546b92d9dbf31ec7d7668.jpg?ver=1776685526","width":96,"height":96,"caption":"El Digital de Asturias"}},{"@type":"WebPage","@id":"https:\/\/www.eldigitaldeasturias.com\/noticias\/tercera-jornada-del-viaje-institucional-de-reyes-maroto-a-china\/#webpage","url":"https:\/\/www.eldigitaldeasturias.com\/noticias\/tercera-jornada-del-viaje-institucional-de-reyes-maroto-a-china\/","name":"Tercera jornada del viaje institucional de Reyes Maroto a China - El Digital de Asturias","description":"La ministra de Industria, Comercio y Turismo en funciones, Reyes Maroto, ha visitado las instalaciones de dos de las principales compa\u00f1\u00edas espa\u00f1olas implantadas en el parque industrial de Kunshan, en la zona de influencia de Shanghai. La ministra visit\u00f3 en primer lugar la sede de Corporaci\u00f3n Mondrag\u00f3n, donde fue recibida por el presidente de Mondrag\u00f3n","inLanguage":"es-ES","isPartOf":{"@id":"https:\/\/www.eldigitaldeasturias.com\/noticias\/#website"},"breadcrumb":{"@id":"https:\/\/www.eldigitaldeasturias.com\/noticias\/tercera-jornada-del-viaje-institucional-de-reyes-maroto-a-china\/#breadcrumblist"},"author":{"@id":"https:\/\/www.eldigitaldeasturias.com\/noticias\/author\/admin\/#author"},"creator":{"@id":"https:\/\/www.eldigitaldeasturias.com\/noticias\/author\/admin\/#author"},"image":{"@type":"ImageObject","url":"https:\/\/www.eldigitaldeasturias.com\/noticias\/wp-content\/uploads\/2019\/06\/040619-MarotoChina.jpg","@id":"https:\/\/www.eldigitaldeasturias.com\/noticias\/tercera-jornada-del-viaje-institucional-de-reyes-maroto-a-china\/#mainImage","width":512,"height":340},"primaryImageOfPage":{"@id":"https:\/\/www.eldigitaldeasturias.com\/noticias\/tercera-jornada-del-viaje-institucional-de-reyes-maroto-a-china\/#mainImage"},"datePublished":"2019-06-04T18:47:29+02:00","dateModified":"2019-06-04T18:47:29+02:00"},{"@type":"WebSite","@id":"https:\/\/www.eldigitaldeasturias.com\/noticias\/#website","url":"https:\/\/www.eldigitaldeasturias.com\/noticias\/","name":"El Digital de Asturias - Diario de actualidad y noticias","alternateName":"El Digital de Asturias - Diario de actualidad y noticias","description":"Hemeroteca","inLanguage":"es-ES","publisher":{"@id":"https:\/\/www.eldigitaldeasturias.com\/noticias\/#organization"}}]},"og:locale":"es_ES","og:site_name":"El Digital de Asturias","og:type":"article","og:title":"Tercera jornada del viaje institucional de Reyes Maroto a China - El Digital de Asturias","og:description":"La ministra de Industria, Comercio y Turismo en funciones, Reyes Maroto, ha visitado las instalaciones de dos de las principales compa\u00f1\u00edas espa\u00f1olas implantadas en el parque industrial de Kunshan, en la zona de influencia de Shanghai. La ministra visit\u00f3 en primer lugar la sede de Corporaci\u00f3n Mondrag\u00f3n, donde fue recibida por el presidente de Mondrag\u00f3n","og:url":"https:\/\/www.eldigitaldeasturias.com\/noticias\/tercera-jornada-del-viaje-institucional-de-reyes-maroto-a-china\/","og:image":"https:\/\/www.eldigitaldeasturias.com\/noticias\/wp-content\/uploads\/2019\/06\/040619-MarotoChina.jpg","og:image:secure_url":"https:\/\/www.eldigitaldeasturias.com\/noticias\/wp-content\/uploads\/2019\/06\/040619-MarotoChina.jpg","og:image:width":512,"og:image:height":340,"article:tag":["econom\u00eda"],"article:published_time":"2019-06-04T18:47:29+00:00","article:modified_time":"2019-06-04T18:47:29+00:00","article:publisher":"https:\/\/facebook.com\/eldigitaldeasturias","twitter:card":"summary_large_image","twitter:title":"Tercera jornada del viaje institucional de Reyes Maroto a China - El Digital de Asturias","twitter:description":"La ministra de Industria, Comercio y Turismo en funciones, Reyes Maroto, ha visitado las instalaciones de dos de las principales compa\u00f1\u00edas espa\u00f1olas implantadas en el parque industrial de Kunshan, en la zona de influencia de Shanghai. La ministra visit\u00f3 en primer lugar la sede de Corporaci\u00f3n Mondrag\u00f3n, donde fue recibida por el presidente de Mondrag\u00f3n","twitter:image":"https:\/\/www.eldigitaldeasturias.com\/noticias\/wp-content\/uploads\/2019\/06\/040619-MarotoChina.jpg","twitter:label1":"Escrito por","twitter:data1":"El Digital de Asturias","twitter:label2":"Tiempo de lectura estimado","twitter:data2":"2 minutos"},"aioseo_meta_data":{"post_id":"1029639","title":null,"description":null,"keywords":null,"keyphrases":null,"primary_term":null,"canonical_url":null,"og_title":null,"og_description":null,"og_object_type":"default","og_image_type":"default","og_image_url":null,"og_image_width":null,"og_image_height":null,"og_image_custom_url":null,"og_image_custom_fields":null,"og_video":null,"og_custom_url":null,"og_article_section":null,"og_article_tags":null,"twitter_use_og":false,"twitter_card":"default","twitter_image_type":"default","twitter_image_url":null,"twitter_image_custom_url":null,"twitter_image_custom_fields":null,"twitter_title":null,"twitter_description":null,"schema":{"blockGraphs":[],"customGraphs":[],"default":{"data":{"Article":[],"Course":[],"Dataset":[],"FAQPage":[],"Movie":[],"Person":[],"Product":[],"ProductReview":[],"Car":[],"Recipe":[],"Service":[],"SoftwareApplication":[],"WebPage":[]},"graphName":"","isEnabled":true},"graphs":[],"defaultGraph":"","defaultPostTypeGraph":""},"schema_type":null,"schema_type_options":null,"pillar_content":false,"robots_default":true,"robots_noindex":false,"robots_noarchive":false,"robots_nosnippet":false,"robots_nofollow":false,"robots_noimageindex":false,"robots_noodp":false,"robots_notranslate":false,"robots_max_snippet":null,"robots_max_videopreview":null,"robots_max_imagepreview":"large","priority":null,"frequency":null,"local_seo":null,"seo_analyzer_scan_date":"2025-10-18 12:59:06","breadcrumb_settings":null,"limit_modified_date":false,"open_ai":null,"ai":null,"created":"2020-12-21 11:11:01","updated":"2025-10-18 12:59:06"},"aioseo_breadcrumb":"<div class=\"aioseo-breadcrumbs\"><span class=\"aioseo-breadcrumb\">\n\t<a href=\"https:\/\/www.eldigitaldeasturias.com\/noticias\" title=\"Home\">Home<\/a>\n<\/span><span class=\"aioseo-breadcrumb-separator\">\u2013<\/span><span class=\"aioseo-breadcrumb\">\n\t<a href=\"https:\/\/www.eldigitaldeasturias.com\/noticias\/category\/economia\/\" title=\"Econom\u00eda\">Econom\u00eda<\/a>\n<\/span><span class=\"aioseo-breadcrumb-separator\">\u2013<\/span><span class=\"aioseo-breadcrumb\">\n\t<a href=\"https:\/\/www.eldigitaldeasturias.com\/noticias\/tercera-jornada-del-viaje-institucional-de-reyes-maroto-a-china\/\" title=\"Tercera jornada del viaje institucional de Reyes Maroto a China\">Tercera jornada del viaje institucional de Reyes Maroto a China<\/a>\n<\/span><\/div>","aioseo_breadcrumb_json":[{"label":"Home","link":"https:\/\/www.eldigitaldeasturias.com\/noticias"},{"label":"Econom\u00eda","link":"https:\/\/www.eldigitaldeasturias.com\/noticias\/category\/economia\/"},{"label":"Tercera jornada del viaje institucional de Reyes Maroto a China","link":"https:\/\/www.eldigitaldeasturias.com\/noticias\/tercera-jornada-del-viaje-institucional-de-reyes-maroto-a-china\/"}],"_links":{"self":[{"href":"https:\/\/www.eldigitaldeasturias.com\/noticias\/wp-json\/wp\/v2\/posts\/1029639","targetHints":{"allow":["GET"]}}],"collection":[{"href":"https:\/\/www.eldigitaldeasturias.com\/noticias\/wp-json\/wp\/v2\/posts"}],"about":[{"href":"https:\/\/www.eldigitaldeasturias.com\/noticias\/wp-json\/wp\/v2\/types\/post"}],"author":[{"embeddable":true,"href":"https:\/\/www.eldigitaldeasturias.com\/noticias\/wp-json\/wp\/v2\/users\/1"}],"replies":[{"embeddable":true,"href":"https:\/\/www.eldigitaldeasturias.com\/noticias\/wp-json\/wp\/v2\/comments?post=1029639"}],"version-history":[{"count":0,"href":"https:\/\/www.eldigitaldeasturias.com\/noticias\/wp-json\/wp\/v2\/posts\/1029639\/revisions"}],"wp:featuredmedia":[{"embeddable":true,"href":"https:\/\/www.eldigitaldeasturias.com\/noticias\/wp-json\/wp\/v2\/media\/1029640"}],"wp:attachment":[{"href":"https:\/\/www.eldigitaldeasturias.com\/noticias\/wp-json\/wp\/v2\/media?parent=1029639"}],"wp:term":[{"taxonomy":"category","embeddable":true,"href":"https:\/\/www.eldigitaldeasturias.com\/noticias\/wp-json\/wp\/v2\/categories?post=1029639"},{"taxonomy":"post_tag","embeddable":true,"href":"https:\/\/www.eldigitaldeasturias.com\/noticias\/wp-json\/wp\/v2\/tags?post=1029639"}],"curies":[{"name":"wp","href":"https:\/\/api.w.org\/{rel}","templated":true}]}}