{"id":1029561,"date":"2019-06-04T12:42:51","date_gmt":"2019-06-04T12:42:51","guid":{"rendered":"https:\/\/www.eldigitaldeasturias.com\/noticias\/?p=1029561"},"modified":"2019-06-04T12:42:51","modified_gmt":"2019-06-04T12:42:51","slug":"el-v-foro-tic-se-consolida-como-encuentro-internacional-y-escaparate-del-sector-en-asturias","status":"publish","type":"post","link":"https:\/\/www.eldigitaldeasturias.com\/noticias\/el-v-foro-tic-se-consolida-como-encuentro-internacional-y-escaparate-del-sector-en-asturias\/","title":{"rendered":"El V Foro TIC se consolida como encuentro internacional y escaparate del sector en Asturias"},"content":{"rendered":"<p><img loading=\"lazy\" decoding=\"async\" class=\"alignleft size-medium wp-image-1029562\" src=\"https:\/\/www.eldigitaldeasturias.com\/noticias\/wp-content\/uploads\/2019\/06\/hand-2766075_960_720-360x240.jpg\" alt=\"\" width=\"360\" height=\"240\" srcset=\"https:\/\/www.eldigitaldeasturias.com\/noticias\/wp-content\/uploads\/2019\/06\/hand-2766075_960_720-360x240.jpg 360w, https:\/\/www.eldigitaldeasturias.com\/noticias\/wp-content\/uploads\/2019\/06\/hand-2766075_960_720-768x512.jpg 768w, https:\/\/www.eldigitaldeasturias.com\/noticias\/wp-content\/uploads\/2019\/06\/hand-2766075_960_720-650x433.jpg 650w, https:\/\/www.eldigitaldeasturias.com\/noticias\/wp-content\/uploads\/2019\/06\/hand-2766075_960_720-675x450.jpg 675w, https:\/\/www.eldigitaldeasturias.com\/noticias\/wp-content\/uploads\/2019\/06\/hand-2766075_960_720.jpg 960w\" sizes=\"auto, (max-width: 360px) 100vw, 360px\" \/>La Sociedad de Promoci\u00f3n Exterior Principado de Asturias, S.A. (ASTUREX), organiza junto al Cluster TIC de Asturias y en colaboraci\u00f3n con la C\u00e1mara de Comercio de Gij\u00f3n, el V Foro TIC, los d\u00edas 5 y 6 de junio, en el Recinto Ferial Luis Adaro de Gij\u00f3n. La alta participaci\u00f3n de empresas y entidades, tanto internacionales como asturianas, consolida este encuentro del sector TIC, considerado el escaparate m\u00e1s importante de las empresas del sector en Asturias, que en esta edici\u00f3n contar\u00e1 adem\u00e1s con una jornada sobre \u201cInteligencia Artificial\u201d.<\/p>\n<p>En la apertura del Foro, Isaac Pola, consejero de Empleo, Industria y Turismo del Principado de Asturias, destac\u00f3 la importancia que este encuentro tiene para el sector en Asturias y puso en valor los productos y servicios que ofrecen las 15 empresas TIC participantes. Adem\u00e1s, como presidente de Asturex, anim\u00f3 a las empresas a utilizar los servicios que ofrece la sociedad para apoyar la internacionalizaci\u00f3n de la empresa asturiana, especialmente en el \u00e1mbito de la internacionalizaci\u00f3n digital.<\/p>\n<p>En total, participan en el Foro m\u00e1s de 30 representantes y profesionales de Administraciones P\u00fablicas y empresas relacionadas con distintos sectores como TIC, salud, agricultura, miner\u00eda y transporte de Am\u00e9rica y Europa. La representaci\u00f3n asturiana en los encuentros est\u00e1 formada las empresas ABAMobile, ADN Mobile Solutions, Espiral Microsistemas, Felguera Tecnolog\u00edas de la Informaci\u00f3n, Futuver, Goo Apps, Prosafety Software, Sadim, Seresco, Simbiosys, Tactica TIC, Talento-Transformaci\u00f3n Digital Inteligente, Terrain Technologies, Treelogic y Virtual Intelligence, relacionadas con soluciones TIC e I+D. Siete de ellas participan en el Foro por primera vez.<\/p>\n<p>M\u00e1s de 150 profesionales participan en la jornada sobre \u201cInteligencia Artificial\u201d cuyo objetivo es analizar las oportunidades que esta nueva tecnolog\u00eda supone, tanto para las empresas como para las administraciones p\u00fablicas, y dar a conocer su potencial como generadora de proyectos y soluciones innovadoras que permitan a las empresas ser m\u00e1s competitivas en el \u00e1mbito internacional. (programa adjunto).<\/p>\n<p>Ma\u00f1ana, 6 de junio, se celebrar\u00e1n las reuniones bilaterales entre los 28 invitados internacionales y las 15 empresas asturianas, orientadas a mostrar los productos, servicios y soluciones implantados en Asturias y en el territorio nacional en entidades tanto privadas como p\u00fablicas, con efecto demostrador de sus capacidades y referencias. El objetivo de estas reuniones es afianzar y reforzar las relaciones existentes con los contactos internacionales que visitan Asturias, consolidar canales de distribuci\u00f3n y acuerdos con partners en destino, establecer nuevos contactos e identificar posibles oportunidades de negocio en el exterior para las empresas TIC regionales.<\/p>\n<p>Con este Foro, ASTUREX quiere facilitar e impulsar las posibilidades de cooperaci\u00f3n entre empresas e instituciones del Principado, Am\u00e9rica y Europa. El V Foro del Sector TIC, cuya primera edici\u00f3n se celebr\u00f3 en 2015, se enmarca dentro el Plan de Promoci\u00f3n Internacional de la Sociedad para el Sector TIC.<\/p>\n","protected":false},"excerpt":{"rendered":"<p>La Sociedad de Promoci\u00f3n Exterior Principado de Asturias, S.A. (ASTUREX), organiza junto al Cluster TIC de Asturias y en colaboraci\u00f3n con la C\u00e1mara de Comercio de Gij\u00f3n, el V Foro TIC, los d\u00edas 5 y 6 de junio, en el Recinto Ferial Luis Adaro de Gij\u00f3n. La alta participaci\u00f3n de empresas y entidades, tanto internacionales [&hellip;]<\/p>\n","protected":false},"author":1,"featured_media":1029562,"comment_status":"closed","ping_status":"closed","sticky":false,"template":"","format":"standard","meta":{"footnotes":""},"categories":[219],"tags":[],"class_list":["post-1029561","post","type-post","status-publish","format-standard","has-post-thumbnail","hentry","category-negocios-y-empresas"],"aioseo_notices":[],"aioseo_head":"\n\t\t<!-- All in One SEO Pro 4.9.6.2 - aioseo.com -->\n\t<meta name=\"description\" content=\"La Sociedad de Promoci\u00f3n Exterior Principado de Asturias, S.A. (ASTUREX), organiza junto al Cluster TIC de Asturias y en colaboraci\u00f3n con la C\u00e1mara de Comercio de Gij\u00f3n, el V Foro TIC, los d\u00edas 5 y 6 de junio, en el Recinto Ferial Luis Adaro de Gij\u00f3n. La alta participaci\u00f3n de empresas y entidades, tanto internacionales\" \/>\n\t<meta name=\"robots\" content=\"max-image-preview:large\" \/>\n\t<meta name=\"author\" content=\"El Digital de Asturias\"\/>\n\t<meta name=\"google-site-verification\" content=\"UA-38556648-1\" \/>\n\t<meta name=\"msvalidate.01\" content=\"7dfe9f3f1b24437ab69f4f2559babe99\" \/>\n\t<meta name=\"keywords\" content=\"negocios y empresas\" \/>\n\t<link rel=\"canonical\" href=\"https:\/\/www.eldigitaldeasturias.com\/noticias\/el-v-foro-tic-se-consolida-como-encuentro-internacional-y-escaparate-del-sector-en-asturias\/\" \/>\n\t<meta name=\"generator\" content=\"All in One SEO Pro (AIOSEO) 4.9.6.2\" \/>\n\t\t<meta property=\"og:locale\" content=\"es_ES\" \/>\n\t\t<meta property=\"og:site_name\" content=\"El Digital de Asturias\" \/>\n\t\t<meta property=\"og:type\" content=\"article\" \/>\n\t\t<meta property=\"og:title\" content=\"El V Foro TIC se consolida como encuentro internacional y escaparate del sector en Asturias - El Digital de Asturias\" \/>\n\t\t<meta property=\"og:description\" content=\"La Sociedad de Promoci\u00f3n Exterior Principado de Asturias, S.A. (ASTUREX), organiza junto al Cluster TIC de Asturias y en colaboraci\u00f3n con la C\u00e1mara de Comercio de Gij\u00f3n, el V Foro TIC, los d\u00edas 5 y 6 de junio, en el Recinto Ferial Luis Adaro de Gij\u00f3n. La alta participaci\u00f3n de empresas y entidades, tanto internacionales\" \/>\n\t\t<meta property=\"og:url\" content=\"https:\/\/www.eldigitaldeasturias.com\/noticias\/el-v-foro-tic-se-consolida-como-encuentro-internacional-y-escaparate-del-sector-en-asturias\/\" \/>\n\t\t<meta property=\"og:image\" content=\"https:\/\/www.eldigitaldeasturias.com\/noticias\/wp-content\/uploads\/2019\/06\/hand-2766075_960_720.jpg\" \/>\n\t\t<meta property=\"og:image:secure_url\" content=\"https:\/\/www.eldigitaldeasturias.com\/noticias\/wp-content\/uploads\/2019\/06\/hand-2766075_960_720.jpg\" \/>\n\t\t<meta property=\"og:image:width\" content=\"960\" \/>\n\t\t<meta property=\"og:image:height\" content=\"640\" \/>\n\t\t<meta property=\"article:tag\" content=\"negocios y empresas\" \/>\n\t\t<meta property=\"article:published_time\" content=\"2019-06-04T12:42:51+00:00\" \/>\n\t\t<meta property=\"article:modified_time\" content=\"2019-06-04T12:42:51+00:00\" \/>\n\t\t<meta property=\"article:publisher\" content=\"https:\/\/facebook.com\/eldigitaldeasturias\" \/>\n\t\t<meta name=\"twitter:card\" content=\"summary_large_image\" \/>\n\t\t<meta name=\"twitter:title\" content=\"El V Foro TIC se consolida como encuentro internacional y escaparate del sector en Asturias - El Digital de Asturias\" \/>\n\t\t<meta name=\"twitter:description\" content=\"La Sociedad de Promoci\u00f3n Exterior Principado de Asturias, S.A. (ASTUREX), organiza junto al Cluster TIC de Asturias y en colaboraci\u00f3n con la C\u00e1mara de Comercio de Gij\u00f3n, el V Foro TIC, los d\u00edas 5 y 6 de junio, en el Recinto Ferial Luis Adaro de Gij\u00f3n. La alta participaci\u00f3n de empresas y entidades, tanto internacionales\" \/>\n\t\t<meta name=\"twitter:image\" content=\"https:\/\/www.eldigitaldeasturias.com\/noticias\/wp-content\/uploads\/2019\/06\/hand-2766075_960_720.jpg\" \/>\n\t\t<meta name=\"twitter:label1\" content=\"Escrito por\" \/>\n\t\t<meta name=\"twitter:data1\" content=\"El Digital de Asturias\" \/>\n\t\t<meta name=\"twitter:label2\" content=\"Tiempo de lectura estimado\" \/>\n\t\t<meta name=\"twitter:data2\" content=\"2 minutos\" \/>\n\t\t<script type=\"application\/ld+json\" class=\"aioseo-schema\">\n\t\t\t{\"@context\":\"https:\\\/\\\/schema.org\",\"@graph\":[{\"@type\":\"BlogPosting\",\"@id\":\"https:\\\/\\\/www.eldigitaldeasturias.com\\\/noticias\\\/el-v-foro-tic-se-consolida-como-encuentro-internacional-y-escaparate-del-sector-en-asturias\\\/#blogposting\",\"name\":\"El V Foro TIC se consolida como encuentro internacional y escaparate del sector en Asturias - El Digital de Asturias\",\"headline\":\"El V Foro TIC se consolida como encuentro internacional y escaparate del sector en Asturias\",\"author\":{\"@id\":\"https:\\\/\\\/www.eldigitaldeasturias.com\\\/noticias\\\/author\\\/admin\\\/#author\"},\"publisher\":{\"@id\":\"https:\\\/\\\/www.eldigitaldeasturias.com\\\/noticias\\\/#organization\"},\"image\":{\"@type\":\"ImageObject\",\"url\":\"https:\\\/\\\/www.eldigitaldeasturias.com\\\/noticias\\\/wp-content\\\/uploads\\\/2019\\\/06\\\/hand-2766075_960_720.jpg\",\"width\":960,\"height\":640},\"datePublished\":\"2019-06-04T12:42:51+02:00\",\"dateModified\":\"2019-06-04T12:42:51+02:00\",\"inLanguage\":\"es-ES\",\"mainEntityOfPage\":{\"@id\":\"https:\\\/\\\/www.eldigitaldeasturias.com\\\/noticias\\\/el-v-foro-tic-se-consolida-como-encuentro-internacional-y-escaparate-del-sector-en-asturias\\\/#webpage\"},\"isPartOf\":{\"@id\":\"https:\\\/\\\/www.eldigitaldeasturias.com\\\/noticias\\\/el-v-foro-tic-se-consolida-como-encuentro-internacional-y-escaparate-del-sector-en-asturias\\\/#webpage\"},\"articleSection\":\"Negocios y Empresas\"},{\"@type\":\"BreadcrumbList\",\"@id\":\"https:\\\/\\\/www.eldigitaldeasturias.com\\\/noticias\\\/el-v-foro-tic-se-consolida-como-encuentro-internacional-y-escaparate-del-sector-en-asturias\\\/#breadcrumblist\",\"itemListElement\":[{\"@type\":\"ListItem\",\"@id\":\"https:\\\/\\\/www.eldigitaldeasturias.com\\\/noticias#listItem\",\"position\":1,\"name\":\"Home\",\"item\":\"https:\\\/\\\/www.eldigitaldeasturias.com\\\/noticias\",\"nextItem\":{\"@type\":\"ListItem\",\"@id\":\"https:\\\/\\\/www.eldigitaldeasturias.com\\\/noticias\\\/category\\\/negocios-y-empresas\\\/#listItem\",\"name\":\"Negocios y Empresas\"}},{\"@type\":\"ListItem\",\"@id\":\"https:\\\/\\\/www.eldigitaldeasturias.com\\\/noticias\\\/category\\\/negocios-y-empresas\\\/#listItem\",\"position\":2,\"name\":\"Negocios y Empresas\",\"item\":\"https:\\\/\\\/www.eldigitaldeasturias.com\\\/noticias\\\/category\\\/negocios-y-empresas\\\/\",\"nextItem\":{\"@type\":\"ListItem\",\"@id\":\"https:\\\/\\\/www.eldigitaldeasturias.com\\\/noticias\\\/el-v-foro-tic-se-consolida-como-encuentro-internacional-y-escaparate-del-sector-en-asturias\\\/#listItem\",\"name\":\"El V Foro TIC se consolida como encuentro internacional y escaparate del sector en Asturias\"},\"previousItem\":{\"@type\":\"ListItem\",\"@id\":\"https:\\\/\\\/www.eldigitaldeasturias.com\\\/noticias#listItem\",\"name\":\"Home\"}},{\"@type\":\"ListItem\",\"@id\":\"https:\\\/\\\/www.eldigitaldeasturias.com\\\/noticias\\\/el-v-foro-tic-se-consolida-como-encuentro-internacional-y-escaparate-del-sector-en-asturias\\\/#listItem\",\"position\":3,\"name\":\"El V Foro TIC se consolida como encuentro internacional y escaparate del sector en Asturias\",\"previousItem\":{\"@type\":\"ListItem\",\"@id\":\"https:\\\/\\\/www.eldigitaldeasturias.com\\\/noticias\\\/category\\\/negocios-y-empresas\\\/#listItem\",\"name\":\"Negocios y Empresas\"}}]},{\"@type\":\"Organization\",\"@id\":\"https:\\\/\\\/www.eldigitaldeasturias.com\\\/noticias\\\/#organization\",\"name\":\"El Digital de Asturias\",\"description\":\"Hemeroteca\",\"url\":\"https:\\\/\\\/www.eldigitaldeasturias.com\\\/noticias\\\/\",\"email\":\"info@eldigitaldeasturias.com\",\"telephone\":\"+34652131393\",\"logo\":{\"@type\":\"ImageObject\",\"url\":\"https:\\\/\\\/www.eldigitaldeasturias.com\\\/noticias\\\/wp-content\\\/uploads\\\/2020\\\/12\\\/EDA.jpg\",\"@id\":\"https:\\\/\\\/www.eldigitaldeasturias.com\\\/noticias\\\/el-v-foro-tic-se-consolida-como-encuentro-internacional-y-escaparate-del-sector-en-asturias\\\/#organizationLogo\",\"width\":649,\"height\":297},\"image\":{\"@id\":\"https:\\\/\\\/www.eldigitaldeasturias.com\\\/noticias\\\/el-v-foro-tic-se-consolida-como-encuentro-internacional-y-escaparate-del-sector-en-asturias\\\/#organizationLogo\"},\"sameAs\":[\"https:\\\/\\\/facebook.com\\\/eldigitaldeasturias\",\"https:\\\/\\\/www.youtube.com\\\/channel\\\/UCZP-2wLEB9Rv6erhFmqVnvg\"],\"address\":{\"@id\":\"https:\\\/\\\/www.eldigitaldeasturias.com\\\/noticias\\\/#postaladdress\",\"@type\":\"PostalAddress\",\"streetAddress\":\"san antonio 4,\",\"postalCode\":\"33430\",\"addressLocality\":\"Cand\\u00e1s\",\"addressRegion\":\"Asturias\",\"addressCountry\":\"ES\"}},{\"@type\":\"Person\",\"@id\":\"https:\\\/\\\/www.eldigitaldeasturias.com\\\/noticias\\\/author\\\/admin\\\/#author\",\"url\":\"https:\\\/\\\/www.eldigitaldeasturias.com\\\/noticias\\\/author\\\/admin\\\/\",\"name\":\"El Digital de Asturias\",\"image\":{\"@type\":\"ImageObject\",\"@id\":\"https:\\\/\\\/www.eldigitaldeasturias.com\\\/noticias\\\/el-v-foro-tic-se-consolida-como-encuentro-internacional-y-escaparate-del-sector-en-asturias\\\/#authorImage\",\"url\":\"https:\\\/\\\/www.eldigitaldeasturias.com\\\/noticias\\\/wp-content\\\/litespeed\\\/avatar\\\/18677e78aa0546b92d9dbf31ec7d7668.jpg?ver=1776685526\",\"width\":96,\"height\":96,\"caption\":\"El Digital de Asturias\"}},{\"@type\":\"WebPage\",\"@id\":\"https:\\\/\\\/www.eldigitaldeasturias.com\\\/noticias\\\/el-v-foro-tic-se-consolida-como-encuentro-internacional-y-escaparate-del-sector-en-asturias\\\/#webpage\",\"url\":\"https:\\\/\\\/www.eldigitaldeasturias.com\\\/noticias\\\/el-v-foro-tic-se-consolida-como-encuentro-internacional-y-escaparate-del-sector-en-asturias\\\/\",\"name\":\"El V Foro TIC se consolida como encuentro internacional y escaparate del sector en Asturias - El Digital de Asturias\",\"description\":\"La Sociedad de Promoci\\u00f3n Exterior Principado de Asturias, S.A. (ASTUREX), organiza junto al Cluster TIC de Asturias y en colaboraci\\u00f3n con la C\\u00e1mara de Comercio de Gij\\u00f3n, el V Foro TIC, los d\\u00edas 5 y 6 de junio, en el Recinto Ferial Luis Adaro de Gij\\u00f3n. La alta participaci\\u00f3n de empresas y entidades, tanto internacionales\",\"inLanguage\":\"es-ES\",\"isPartOf\":{\"@id\":\"https:\\\/\\\/www.eldigitaldeasturias.com\\\/noticias\\\/#website\"},\"breadcrumb\":{\"@id\":\"https:\\\/\\\/www.eldigitaldeasturias.com\\\/noticias\\\/el-v-foro-tic-se-consolida-como-encuentro-internacional-y-escaparate-del-sector-en-asturias\\\/#breadcrumblist\"},\"author\":{\"@id\":\"https:\\\/\\\/www.eldigitaldeasturias.com\\\/noticias\\\/author\\\/admin\\\/#author\"},\"creator\":{\"@id\":\"https:\\\/\\\/www.eldigitaldeasturias.com\\\/noticias\\\/author\\\/admin\\\/#author\"},\"image\":{\"@type\":\"ImageObject\",\"url\":\"https:\\\/\\\/www.eldigitaldeasturias.com\\\/noticias\\\/wp-content\\\/uploads\\\/2019\\\/06\\\/hand-2766075_960_720.jpg\",\"@id\":\"https:\\\/\\\/www.eldigitaldeasturias.com\\\/noticias\\\/el-v-foro-tic-se-consolida-como-encuentro-internacional-y-escaparate-del-sector-en-asturias\\\/#mainImage\",\"width\":960,\"height\":640},\"primaryImageOfPage\":{\"@id\":\"https:\\\/\\\/www.eldigitaldeasturias.com\\\/noticias\\\/el-v-foro-tic-se-consolida-como-encuentro-internacional-y-escaparate-del-sector-en-asturias\\\/#mainImage\"},\"datePublished\":\"2019-06-04T12:42:51+02:00\",\"dateModified\":\"2019-06-04T12:42:51+02:00\"},{\"@type\":\"WebSite\",\"@id\":\"https:\\\/\\\/www.eldigitaldeasturias.com\\\/noticias\\\/#website\",\"url\":\"https:\\\/\\\/www.eldigitaldeasturias.com\\\/noticias\\\/\",\"name\":\"El Digital de Asturias - Diario de actualidad y noticias\",\"alternateName\":\"El Digital de Asturias - Diario de actualidad y noticias\",\"description\":\"Hemeroteca\",\"inLanguage\":\"es-ES\",\"publisher\":{\"@id\":\"https:\\\/\\\/www.eldigitaldeasturias.com\\\/noticias\\\/#organization\"}}]}\n\t\t<\/script>\n\t\t<!-- All in One SEO Pro -->\r\n\t\t<title>El V Foro TIC se consolida como encuentro internacional y escaparate del sector en Asturias - El Digital de Asturias<\/title>\n\n","aioseo_head_json":{"title":"El V Foro TIC se consolida como encuentro internacional y escaparate del sector en Asturias - El Digital de Asturias","description":"La Sociedad de Promoci\u00f3n Exterior Principado de Asturias, S.A. (ASTUREX), organiza junto al Cluster TIC de Asturias y en colaboraci\u00f3n con la C\u00e1mara de Comercio de Gij\u00f3n, el V Foro TIC, los d\u00edas 5 y 6 de junio, en el Recinto Ferial Luis Adaro de Gij\u00f3n. La alta participaci\u00f3n de empresas y entidades, tanto internacionales","canonical_url":"https:\/\/www.eldigitaldeasturias.com\/noticias\/el-v-foro-tic-se-consolida-como-encuentro-internacional-y-escaparate-del-sector-en-asturias\/","robots":"max-image-preview:large","keywords":"negocios y empresas","webmasterTools":{"google-site-verification":"UA-38556648-1","msvalidate.01":"7dfe9f3f1b24437ab69f4f2559babe99","miscellaneous":""},"schema":{"@context":"https:\/\/schema.org","@graph":[{"@type":"BlogPosting","@id":"https:\/\/www.eldigitaldeasturias.com\/noticias\/el-v-foro-tic-se-consolida-como-encuentro-internacional-y-escaparate-del-sector-en-asturias\/#blogposting","name":"El V Foro TIC se consolida como encuentro internacional y escaparate del sector en Asturias - El Digital de Asturias","headline":"El V Foro TIC se consolida como encuentro internacional y escaparate del sector en Asturias","author":{"@id":"https:\/\/www.eldigitaldeasturias.com\/noticias\/author\/admin\/#author"},"publisher":{"@id":"https:\/\/www.eldigitaldeasturias.com\/noticias\/#organization"},"image":{"@type":"ImageObject","url":"https:\/\/www.eldigitaldeasturias.com\/noticias\/wp-content\/uploads\/2019\/06\/hand-2766075_960_720.jpg","width":960,"height":640},"datePublished":"2019-06-04T12:42:51+02:00","dateModified":"2019-06-04T12:42:51+02:00","inLanguage":"es-ES","mainEntityOfPage":{"@id":"https:\/\/www.eldigitaldeasturias.com\/noticias\/el-v-foro-tic-se-consolida-como-encuentro-internacional-y-escaparate-del-sector-en-asturias\/#webpage"},"isPartOf":{"@id":"https:\/\/www.eldigitaldeasturias.com\/noticias\/el-v-foro-tic-se-consolida-como-encuentro-internacional-y-escaparate-del-sector-en-asturias\/#webpage"},"articleSection":"Negocios y Empresas"},{"@type":"BreadcrumbList","@id":"https:\/\/www.eldigitaldeasturias.com\/noticias\/el-v-foro-tic-se-consolida-como-encuentro-internacional-y-escaparate-del-sector-en-asturias\/#breadcrumblist","itemListElement":[{"@type":"ListItem","@id":"https:\/\/www.eldigitaldeasturias.com\/noticias#listItem","position":1,"name":"Home","item":"https:\/\/www.eldigitaldeasturias.com\/noticias","nextItem":{"@type":"ListItem","@id":"https:\/\/www.eldigitaldeasturias.com\/noticias\/category\/negocios-y-empresas\/#listItem","name":"Negocios y Empresas"}},{"@type":"ListItem","@id":"https:\/\/www.eldigitaldeasturias.com\/noticias\/category\/negocios-y-empresas\/#listItem","position":2,"name":"Negocios y Empresas","item":"https:\/\/www.eldigitaldeasturias.com\/noticias\/category\/negocios-y-empresas\/","nextItem":{"@type":"ListItem","@id":"https:\/\/www.eldigitaldeasturias.com\/noticias\/el-v-foro-tic-se-consolida-como-encuentro-internacional-y-escaparate-del-sector-en-asturias\/#listItem","name":"El V Foro TIC se consolida como encuentro internacional y escaparate del sector en Asturias"},"previousItem":{"@type":"ListItem","@id":"https:\/\/www.eldigitaldeasturias.com\/noticias#listItem","name":"Home"}},{"@type":"ListItem","@id":"https:\/\/www.eldigitaldeasturias.com\/noticias\/el-v-foro-tic-se-consolida-como-encuentro-internacional-y-escaparate-del-sector-en-asturias\/#listItem","position":3,"name":"El V Foro TIC se consolida como encuentro internacional y escaparate del sector en Asturias","previousItem":{"@type":"ListItem","@id":"https:\/\/www.eldigitaldeasturias.com\/noticias\/category\/negocios-y-empresas\/#listItem","name":"Negocios y Empresas"}}]},{"@type":"Organization","@id":"https:\/\/www.eldigitaldeasturias.com\/noticias\/#organization","name":"El Digital de Asturias","description":"Hemeroteca","url":"https:\/\/www.eldigitaldeasturias.com\/noticias\/","email":"info@eldigitaldeasturias.com","telephone":"+34652131393","logo":{"@type":"ImageObject","url":"https:\/\/www.eldigitaldeasturias.com\/noticias\/wp-content\/uploads\/2020\/12\/EDA.jpg","@id":"https:\/\/www.eldigitaldeasturias.com\/noticias\/el-v-foro-tic-se-consolida-como-encuentro-internacional-y-escaparate-del-sector-en-asturias\/#organizationLogo","width":649,"height":297},"image":{"@id":"https:\/\/www.eldigitaldeasturias.com\/noticias\/el-v-foro-tic-se-consolida-como-encuentro-internacional-y-escaparate-del-sector-en-asturias\/#organizationLogo"},"sameAs":["https:\/\/facebook.com\/eldigitaldeasturias","https:\/\/www.youtube.com\/channel\/UCZP-2wLEB9Rv6erhFmqVnvg"],"address":{"@id":"https:\/\/www.eldigitaldeasturias.com\/noticias\/#postaladdress","@type":"PostalAddress","streetAddress":"san antonio 4,","postalCode":"33430","addressLocality":"Cand\u00e1s","addressRegion":"Asturias","addressCountry":"ES"}},{"@type":"Person","@id":"https:\/\/www.eldigitaldeasturias.com\/noticias\/author\/admin\/#author","url":"https:\/\/www.eldigitaldeasturias.com\/noticias\/author\/admin\/","name":"El Digital de Asturias","image":{"@type":"ImageObject","@id":"https:\/\/www.eldigitaldeasturias.com\/noticias\/el-v-foro-tic-se-consolida-como-encuentro-internacional-y-escaparate-del-sector-en-asturias\/#authorImage","url":"https:\/\/www.eldigitaldeasturias.com\/noticias\/wp-content\/litespeed\/avatar\/18677e78aa0546b92d9dbf31ec7d7668.jpg?ver=1776685526","width":96,"height":96,"caption":"El Digital de Asturias"}},{"@type":"WebPage","@id":"https:\/\/www.eldigitaldeasturias.com\/noticias\/el-v-foro-tic-se-consolida-como-encuentro-internacional-y-escaparate-del-sector-en-asturias\/#webpage","url":"https:\/\/www.eldigitaldeasturias.com\/noticias\/el-v-foro-tic-se-consolida-como-encuentro-internacional-y-escaparate-del-sector-en-asturias\/","name":"El V Foro TIC se consolida como encuentro internacional y escaparate del sector en Asturias - El Digital de Asturias","description":"La Sociedad de Promoci\u00f3n Exterior Principado de Asturias, S.A. (ASTUREX), organiza junto al Cluster TIC de Asturias y en colaboraci\u00f3n con la C\u00e1mara de Comercio de Gij\u00f3n, el V Foro TIC, los d\u00edas 5 y 6 de junio, en el Recinto Ferial Luis Adaro de Gij\u00f3n. La alta participaci\u00f3n de empresas y entidades, tanto internacionales","inLanguage":"es-ES","isPartOf":{"@id":"https:\/\/www.eldigitaldeasturias.com\/noticias\/#website"},"breadcrumb":{"@id":"https:\/\/www.eldigitaldeasturias.com\/noticias\/el-v-foro-tic-se-consolida-como-encuentro-internacional-y-escaparate-del-sector-en-asturias\/#breadcrumblist"},"author":{"@id":"https:\/\/www.eldigitaldeasturias.com\/noticias\/author\/admin\/#author"},"creator":{"@id":"https:\/\/www.eldigitaldeasturias.com\/noticias\/author\/admin\/#author"},"image":{"@type":"ImageObject","url":"https:\/\/www.eldigitaldeasturias.com\/noticias\/wp-content\/uploads\/2019\/06\/hand-2766075_960_720.jpg","@id":"https:\/\/www.eldigitaldeasturias.com\/noticias\/el-v-foro-tic-se-consolida-como-encuentro-internacional-y-escaparate-del-sector-en-asturias\/#mainImage","width":960,"height":640},"primaryImageOfPage":{"@id":"https:\/\/www.eldigitaldeasturias.com\/noticias\/el-v-foro-tic-se-consolida-como-encuentro-internacional-y-escaparate-del-sector-en-asturias\/#mainImage"},"datePublished":"2019-06-04T12:42:51+02:00","dateModified":"2019-06-04T12:42:51+02:00"},{"@type":"WebSite","@id":"https:\/\/www.eldigitaldeasturias.com\/noticias\/#website","url":"https:\/\/www.eldigitaldeasturias.com\/noticias\/","name":"El Digital de Asturias - Diario de actualidad y noticias","alternateName":"El Digital de Asturias - Diario de actualidad y noticias","description":"Hemeroteca","inLanguage":"es-ES","publisher":{"@id":"https:\/\/www.eldigitaldeasturias.com\/noticias\/#organization"}}]},"og:locale":"es_ES","og:site_name":"El Digital de Asturias","og:type":"article","og:title":"El V Foro TIC se consolida como encuentro internacional y escaparate del sector en Asturias - El Digital de Asturias","og:description":"La Sociedad de Promoci\u00f3n Exterior Principado de Asturias, S.A. (ASTUREX), organiza junto al Cluster TIC de Asturias y en colaboraci\u00f3n con la C\u00e1mara de Comercio de Gij\u00f3n, el V Foro TIC, los d\u00edas 5 y 6 de junio, en el Recinto Ferial Luis Adaro de Gij\u00f3n. La alta participaci\u00f3n de empresas y entidades, tanto internacionales","og:url":"https:\/\/www.eldigitaldeasturias.com\/noticias\/el-v-foro-tic-se-consolida-como-encuentro-internacional-y-escaparate-del-sector-en-asturias\/","og:image":"https:\/\/www.eldigitaldeasturias.com\/noticias\/wp-content\/uploads\/2019\/06\/hand-2766075_960_720.jpg","og:image:secure_url":"https:\/\/www.eldigitaldeasturias.com\/noticias\/wp-content\/uploads\/2019\/06\/hand-2766075_960_720.jpg","og:image:width":960,"og:image:height":640,"article:tag":["negocios y empresas"],"article:published_time":"2019-06-04T12:42:51+00:00","article:modified_time":"2019-06-04T12:42:51+00:00","article:publisher":"https:\/\/facebook.com\/eldigitaldeasturias","twitter:card":"summary_large_image","twitter:title":"El V Foro TIC se consolida como encuentro internacional y escaparate del sector en Asturias - El Digital de Asturias","twitter:description":"La Sociedad de Promoci\u00f3n Exterior Principado de Asturias, S.A. (ASTUREX), organiza junto al Cluster TIC de Asturias y en colaboraci\u00f3n con la C\u00e1mara de Comercio de Gij\u00f3n, el V Foro TIC, los d\u00edas 5 y 6 de junio, en el Recinto Ferial Luis Adaro de Gij\u00f3n. La alta participaci\u00f3n de empresas y entidades, tanto internacionales","twitter:image":"https:\/\/www.eldigitaldeasturias.com\/noticias\/wp-content\/uploads\/2019\/06\/hand-2766075_960_720.jpg","twitter:label1":"Escrito por","twitter:data1":"El Digital de Asturias","twitter:label2":"Tiempo de lectura estimado","twitter:data2":"2 minutos"},"aioseo_meta_data":{"post_id":"1029561","title":null,"description":null,"keywords":null,"keyphrases":null,"primary_term":null,"canonical_url":null,"og_title":null,"og_description":null,"og_object_type":"default","og_image_type":"default","og_image_url":null,"og_image_width":null,"og_image_height":null,"og_image_custom_url":null,"og_image_custom_fields":null,"og_video":null,"og_custom_url":null,"og_article_section":null,"og_article_tags":null,"twitter_use_og":false,"twitter_card":"default","twitter_image_type":"default","twitter_image_url":null,"twitter_image_custom_url":null,"twitter_image_custom_fields":null,"twitter_title":null,"twitter_description":null,"schema":{"blockGraphs":[],"customGraphs":[],"default":{"data":{"Article":[],"Course":[],"Dataset":[],"FAQPage":[],"Movie":[],"Person":[],"Product":[],"ProductReview":[],"Car":[],"Recipe":[],"Service":[],"SoftwareApplication":[],"WebPage":[]},"graphName":"","isEnabled":true},"graphs":[],"defaultGraph":"","defaultPostTypeGraph":""},"schema_type":null,"schema_type_options":null,"pillar_content":false,"robots_default":true,"robots_noindex":false,"robots_noarchive":false,"robots_nosnippet":false,"robots_nofollow":false,"robots_noimageindex":false,"robots_noodp":false,"robots_notranslate":false,"robots_max_snippet":null,"robots_max_videopreview":null,"robots_max_imagepreview":"large","priority":null,"frequency":null,"local_seo":null,"seo_analyzer_scan_date":"2025-10-18 12:42:17","breadcrumb_settings":null,"limit_modified_date":false,"open_ai":null,"ai":null,"created":"2020-12-21 11:11:01","updated":"2025-10-18 12:42:17"},"aioseo_breadcrumb":"<div class=\"aioseo-breadcrumbs\"><span class=\"aioseo-breadcrumb\">\n\t<a href=\"https:\/\/www.eldigitaldeasturias.com\/noticias\" title=\"Home\">Home<\/a>\n<\/span><span class=\"aioseo-breadcrumb-separator\">\u2013<\/span><span class=\"aioseo-breadcrumb\">\n\t<a href=\"https:\/\/www.eldigitaldeasturias.com\/noticias\/category\/negocios-y-empresas\/\" title=\"Negocios y Empresas\">Negocios y Empresas<\/a>\n<\/span><span class=\"aioseo-breadcrumb-separator\">\u2013<\/span><span class=\"aioseo-breadcrumb\">\n\t<a href=\"https:\/\/www.eldigitaldeasturias.com\/noticias\/el-v-foro-tic-se-consolida-como-encuentro-internacional-y-escaparate-del-sector-en-asturias\/\" title=\"El V Foro TIC se consolida como encuentro internacional y escaparate del sector en Asturias\">El V Foro TIC se consolida como encuentro internacional y escaparate del sector en Asturias<\/a>\n<\/span><\/div>","aioseo_breadcrumb_json":[{"label":"Home","link":"https:\/\/www.eldigitaldeasturias.com\/noticias"},{"label":"Negocios y Empresas","link":"https:\/\/www.eldigitaldeasturias.com\/noticias\/category\/negocios-y-empresas\/"},{"label":"El V Foro TIC se consolida como encuentro internacional y escaparate del sector en Asturias","link":"https:\/\/www.eldigitaldeasturias.com\/noticias\/el-v-foro-tic-se-consolida-como-encuentro-internacional-y-escaparate-del-sector-en-asturias\/"}],"_links":{"self":[{"href":"https:\/\/www.eldigitaldeasturias.com\/noticias\/wp-json\/wp\/v2\/posts\/1029561","targetHints":{"allow":["GET"]}}],"collection":[{"href":"https:\/\/www.eldigitaldeasturias.com\/noticias\/wp-json\/wp\/v2\/posts"}],"about":[{"href":"https:\/\/www.eldigitaldeasturias.com\/noticias\/wp-json\/wp\/v2\/types\/post"}],"author":[{"embeddable":true,"href":"https:\/\/www.eldigitaldeasturias.com\/noticias\/wp-json\/wp\/v2\/users\/1"}],"replies":[{"embeddable":true,"href":"https:\/\/www.eldigitaldeasturias.com\/noticias\/wp-json\/wp\/v2\/comments?post=1029561"}],"version-history":[{"count":0,"href":"https:\/\/www.eldigitaldeasturias.com\/noticias\/wp-json\/wp\/v2\/posts\/1029561\/revisions"}],"wp:featuredmedia":[{"embeddable":true,"href":"https:\/\/www.eldigitaldeasturias.com\/noticias\/wp-json\/wp\/v2\/media\/1029562"}],"wp:attachment":[{"href":"https:\/\/www.eldigitaldeasturias.com\/noticias\/wp-json\/wp\/v2\/media?parent=1029561"}],"wp:term":[{"taxonomy":"category","embeddable":true,"href":"https:\/\/www.eldigitaldeasturias.com\/noticias\/wp-json\/wp\/v2\/categories?post=1029561"},{"taxonomy":"post_tag","embeddable":true,"href":"https:\/\/www.eldigitaldeasturias.com\/noticias\/wp-json\/wp\/v2\/tags?post=1029561"}],"curies":[{"name":"wp","href":"https:\/\/api.w.org\/{rel}","templated":true}]}}