{"id":1029517,"date":"2019-06-03T21:13:21","date_gmt":"2019-06-03T21:13:21","guid":{"rendered":"https:\/\/www.eldigitaldeasturias.com\/noticias\/?p=1029517"},"modified":"2019-06-03T21:13:21","modified_gmt":"2019-06-03T21:13:21","slug":"la-temporada-de-low-muchos-altibajos-y-necesidad-de-un-nuevo-klose","status":"publish","type":"post","link":"https:\/\/www.eldigitaldeasturias.com\/noticias\/la-temporada-de-low-muchos-altibajos-y-necesidad-de-un-nuevo-klose\/","title":{"rendered":"La temporada de L\u00f6w: Muchos \u00abaltibajos\u00bb y necesidad de un nuevo Klose"},"content":{"rendered":"<p><img loading=\"lazy\" decoding=\"async\" class=\"alignleft size-medium wp-image-969718\" src=\"https:\/\/www.eldigitaldeasturias.com\/noticias\/wp-content\/uploads\/2018\/02\/woman-638384_1280-360x239.jpg\" alt=\"\" width=\"360\" height=\"239\" srcset=\"https:\/\/www.eldigitaldeasturias.com\/noticias\/wp-content\/uploads\/2018\/02\/woman-638384_1280-360x239.jpg 360w, https:\/\/www.eldigitaldeasturias.com\/noticias\/wp-content\/uploads\/2018\/02\/woman-638384_1280-452x300.jpg 452w, https:\/\/www.eldigitaldeasturias.com\/noticias\/wp-content\/uploads\/2018\/02\/woman-638384_1280-768x510.jpg 768w, https:\/\/www.eldigitaldeasturias.com\/noticias\/wp-content\/uploads\/2018\/02\/woman-638384_1280-690x458.jpg 690w, https:\/\/www.eldigitaldeasturias.com\/noticias\/wp-content\/uploads\/2018\/02\/woman-638384_1280-1024x680.jpg 1024w, https:\/\/www.eldigitaldeasturias.com\/noticias\/wp-content\/uploads\/2018\/02\/woman-638384_1280-20x13.jpg 20w, https:\/\/www.eldigitaldeasturias.com\/noticias\/wp-content\/uploads\/2018\/02\/woman-638384_1280.jpg 1280w\" sizes=\"auto, (max-width: 360px) 100vw, 360px\" \/>Venlo\/N\u00e1poles, 3 jun (dpa) \u2013 El t\u00e9cnico de la selecci\u00f3n alemana de f\u00fatbol, Joachim L\u00f6w, ve la pasada temporada repleta de \u00abaltibajos\u00bb seg\u00fan declara en la entrevista que publica hoy la revista \u00abKicker\u00bb, en la que adem\u00e1s dice echar en falta un delantero como Miroslav Klose.<\/p>\n<p>\u00abIncluido el Mundial, fue un a\u00f1o con muchos altibajos\u00bb, dijo L\u00f6w, quien estar\u00e1 ausente en este final de la temporada de la selecci\u00f3n alemana de f\u00fatbol, en los partidos de clasificaci\u00f3n para el Campeonato de Europa de 2020 contra Bielorrusia y Estonia, debido a las secuelas de un accidente deportivo.<\/p>\n<p>Bajo la direcci\u00f3n de Marcus Sorg, la selecci\u00f3n alemana comienza hoy los preparativos para los dos partidos, contra Bielorrusia en Borisov el pr\u00f3ximo s\u00e1bado y contra Estonia tres d\u00edas m\u00e1s tarde en Maguncia, con una breve concentraci\u00f3n en Venlo, en los Pa\u00edses Bajos.<\/p>\n<p>Despu\u00e9s de un comienzo exitoso en la fase de clasificaci\u00f3n del Europeo con una victoria por 3-2 contra Holanda, L\u00f6w exige que su equipo, fuertemente rejuvenecido, \u00abse desarrolle a\u00fan m\u00e1s y se vuelva m\u00e1s estable\u00bb.<\/p>\n<p>El t\u00e9cnico germano echa de menos a un delantero centro cl\u00e1sico de estilo internacional en su equipo tras la cat\u00e1strofe del Mundial de 2018 en Rusia.<\/p>\n<p>\u00abB\u00e1sicamente, un jugador que juegue por el centro, que sea fuerte en el remate de cabeza y que juegue bien la pelota y que controle a sus oponentes, ser\u00eda una buena opci\u00f3n. No tenemos eso en este momento. Miroslav Klose era uno de los que pod\u00edan hacer casi todas estas cosas muy bien\u00bb, coment\u00f3 L\u00f6w.<\/p>\n<p>El entrenador descart\u00f3 desplazar de posici\u00f3n al jugador del Bayern M\u00fanich Joshua Kimmich, del mediocampo defensivo a la posici\u00f3n de lateral derecho, antes de la pr\u00f3xima temporada del Campeonato Europeo.<\/p>\n<p>\u00abNo, veo a Joshua Kimmich en el centro de manera permanente. Su peligrosidad, agresividad y pensamiento defensivo son algo que antes nos hab\u00eda faltado\u00bb, explic\u00f3 el seleccionador.<\/p>\n<p>Por su parte, el jugador del N\u00e1poles Amin Younes espera el regreso a la selecci\u00f3n alemana de f\u00fatbol, con la que lleva disputados cinco partidos. \u00abHace dos o tres semanas tuve una agradable charla con Jogi L\u00f6w\u00bb, dijo el delantero de 25 a\u00f1os a \u00abKicker\u00bb.<\/p>\n<p>\u00abL\u00f6w no dijo que (yo) volver\u00eda pronto, pero me alegr\u00f3 mucho su inter\u00e9s y la llamada, porque es estupendo jugar para Alemania\u00bb, afirm\u00f3 el ex jugador del Borussia M\u00f6nchengladbach, quien tras estar fuera de los terrenos de juego por una rotura del tend\u00f3n de Aquiles, jug\u00f3 doce partidos con el subcampe\u00f3n italiano esta temporada.<\/p>\n<p>&nbsp;<\/p>\n","protected":false},"excerpt":{"rendered":"<p>Venlo\/N\u00e1poles, 3 jun (dpa) \u2013 El t\u00e9cnico de la selecci\u00f3n alemana de f\u00fatbol, Joachim L\u00f6w, ve la pasada temporada repleta de \u00abaltibajos\u00bb seg\u00fan declara en la entrevista que publica hoy la revista \u00abKicker\u00bb, en la que adem\u00e1s dice echar en falta un delantero como Miroslav Klose. \u00abIncluido el Mundial, fue un a\u00f1o con muchos altibajos\u00bb, [&hellip;]<\/p>\n","protected":false},"author":1,"featured_media":969718,"comment_status":"closed","ping_status":"closed","sticky":false,"template":"","format":"standard","meta":{"footnotes":""},"categories":[190],"tags":[],"class_list":["post-1029517","post","type-post","status-publish","format-standard","has-post-thumbnail","hentry","category-deportes"],"aioseo_notices":[],"aioseo_head":"\n\t\t<!-- All in One SEO Pro 4.9.6.2 - aioseo.com -->\n\t<meta name=\"description\" content=\"Venlo\/N\u00e1poles, 3 jun (dpa) \u2013 El t\u00e9cnico de la selecci\u00f3n alemana de f\u00fatbol, Joachim L\u00f6w, ve la pasada temporada repleta de &quot;altibajos&quot; seg\u00fan declara en la entrevista que publica hoy la revista &quot;Kicker&quot;, en la que adem\u00e1s dice echar en falta un delantero como Miroslav Klose. &quot;Incluido el Mundial, fue un a\u00f1o con muchos altibajos&quot;,\" \/>\n\t<meta name=\"robots\" content=\"max-image-preview:large\" \/>\n\t<meta name=\"author\" content=\"El Digital de Asturias\"\/>\n\t<meta name=\"google-site-verification\" content=\"UA-38556648-1\" \/>\n\t<meta name=\"msvalidate.01\" content=\"7dfe9f3f1b24437ab69f4f2559babe99\" \/>\n\t<meta name=\"keywords\" content=\"deportes\" \/>\n\t<link rel=\"canonical\" href=\"https:\/\/www.eldigitaldeasturias.com\/noticias\/la-temporada-de-low-muchos-altibajos-y-necesidad-de-un-nuevo-klose\/\" \/>\n\t<meta name=\"generator\" content=\"All in One SEO Pro (AIOSEO) 4.9.6.2\" \/>\n\t\t<meta property=\"og:locale\" content=\"es_ES\" \/>\n\t\t<meta property=\"og:site_name\" content=\"El Digital de Asturias\" \/>\n\t\t<meta property=\"og:type\" content=\"article\" \/>\n\t\t<meta property=\"og:title\" content=\"La temporada de L\u00f6w: Muchos \u00abaltibajos\u00bb y necesidad de un nuevo Klose - El Digital de Asturias\" \/>\n\t\t<meta property=\"og:description\" content=\"Venlo\/N\u00e1poles, 3 jun (dpa) \u2013 El t\u00e9cnico de la selecci\u00f3n alemana de f\u00fatbol, Joachim L\u00f6w, ve la pasada temporada repleta de &quot;altibajos&quot; seg\u00fan declara en la entrevista que publica hoy la revista &quot;Kicker&quot;, en la que adem\u00e1s dice echar en falta un delantero como Miroslav Klose. &quot;Incluido el Mundial, fue un a\u00f1o con muchos altibajos&quot;,\" \/>\n\t\t<meta property=\"og:url\" content=\"https:\/\/www.eldigitaldeasturias.com\/noticias\/la-temporada-de-low-muchos-altibajos-y-necesidad-de-un-nuevo-klose\/\" \/>\n\t\t<meta property=\"og:image\" content=\"https:\/\/www.eldigitaldeasturias.com\/noticias\/wp-content\/uploads\/2018\/02\/woman-638384_1280.jpg\" \/>\n\t\t<meta property=\"og:image:secure_url\" content=\"https:\/\/www.eldigitaldeasturias.com\/noticias\/wp-content\/uploads\/2018\/02\/woman-638384_1280.jpg\" \/>\n\t\t<meta property=\"og:image:width\" content=\"1280\" \/>\n\t\t<meta property=\"og:image:height\" content=\"850\" \/>\n\t\t<meta property=\"article:tag\" content=\"deportes\" \/>\n\t\t<meta property=\"article:published_time\" content=\"2019-06-03T21:13:21+00:00\" \/>\n\t\t<meta property=\"article:modified_time\" content=\"2019-06-03T21:13:21+00:00\" \/>\n\t\t<meta property=\"article:publisher\" content=\"https:\/\/facebook.com\/eldigitaldeasturias\" \/>\n\t\t<meta name=\"twitter:card\" content=\"summary_large_image\" \/>\n\t\t<meta name=\"twitter:title\" content=\"La temporada de L\u00f6w: Muchos \u00abaltibajos\u00bb y necesidad de un nuevo Klose - El Digital de Asturias\" \/>\n\t\t<meta name=\"twitter:description\" content=\"Venlo\/N\u00e1poles, 3 jun (dpa) \u2013 El t\u00e9cnico de la selecci\u00f3n alemana de f\u00fatbol, Joachim L\u00f6w, ve la pasada temporada repleta de &quot;altibajos&quot; seg\u00fan declara en la entrevista que publica hoy la revista &quot;Kicker&quot;, en la que adem\u00e1s dice echar en falta un delantero como Miroslav Klose. &quot;Incluido el Mundial, fue un a\u00f1o con muchos altibajos&quot;,\" \/>\n\t\t<meta name=\"twitter:image\" content=\"https:\/\/www.eldigitaldeasturias.com\/noticias\/wp-content\/uploads\/2018\/02\/woman-638384_1280.jpg\" \/>\n\t\t<meta name=\"twitter:label1\" content=\"Escrito por\" \/>\n\t\t<meta name=\"twitter:data1\" content=\"El Digital de Asturias\" \/>\n\t\t<meta name=\"twitter:label2\" content=\"Tiempo de lectura estimado\" \/>\n\t\t<meta name=\"twitter:data2\" content=\"2 minutos\" \/>\n\t\t<script type=\"application\/ld+json\" class=\"aioseo-schema\">\n\t\t\t{\"@context\":\"https:\\\/\\\/schema.org\",\"@graph\":[{\"@type\":\"BlogPosting\",\"@id\":\"https:\\\/\\\/www.eldigitaldeasturias.com\\\/noticias\\\/la-temporada-de-low-muchos-altibajos-y-necesidad-de-un-nuevo-klose\\\/#blogposting\",\"name\":\"La temporada de L\\u00f6w: Muchos \\u00abaltibajos\\u00bb y necesidad de un nuevo Klose - El Digital de Asturias\",\"headline\":\"La temporada de L\\u00f6w: Muchos \\u00abaltibajos\\u00bb y necesidad de un nuevo Klose\",\"author\":{\"@id\":\"https:\\\/\\\/www.eldigitaldeasturias.com\\\/noticias\\\/author\\\/admin\\\/#author\"},\"publisher\":{\"@id\":\"https:\\\/\\\/www.eldigitaldeasturias.com\\\/noticias\\\/#organization\"},\"image\":{\"@type\":\"ImageObject\",\"url\":\"https:\\\/\\\/www.eldigitaldeasturias.com\\\/noticias\\\/wp-content\\\/uploads\\\/2018\\\/02\\\/woman-638384_1280.jpg\",\"width\":1280,\"height\":850},\"datePublished\":\"2019-06-03T21:13:21+02:00\",\"dateModified\":\"2019-06-03T21:13:21+02:00\",\"inLanguage\":\"es-ES\",\"mainEntityOfPage\":{\"@id\":\"https:\\\/\\\/www.eldigitaldeasturias.com\\\/noticias\\\/la-temporada-de-low-muchos-altibajos-y-necesidad-de-un-nuevo-klose\\\/#webpage\"},\"isPartOf\":{\"@id\":\"https:\\\/\\\/www.eldigitaldeasturias.com\\\/noticias\\\/la-temporada-de-low-muchos-altibajos-y-necesidad-de-un-nuevo-klose\\\/#webpage\"},\"articleSection\":\"Deportes\"},{\"@type\":\"BreadcrumbList\",\"@id\":\"https:\\\/\\\/www.eldigitaldeasturias.com\\\/noticias\\\/la-temporada-de-low-muchos-altibajos-y-necesidad-de-un-nuevo-klose\\\/#breadcrumblist\",\"itemListElement\":[{\"@type\":\"ListItem\",\"@id\":\"https:\\\/\\\/www.eldigitaldeasturias.com\\\/noticias#listItem\",\"position\":1,\"name\":\"Home\",\"item\":\"https:\\\/\\\/www.eldigitaldeasturias.com\\\/noticias\",\"nextItem\":{\"@type\":\"ListItem\",\"@id\":\"https:\\\/\\\/www.eldigitaldeasturias.com\\\/noticias\\\/category\\\/deportes\\\/#listItem\",\"name\":\"Deportes\"}},{\"@type\":\"ListItem\",\"@id\":\"https:\\\/\\\/www.eldigitaldeasturias.com\\\/noticias\\\/category\\\/deportes\\\/#listItem\",\"position\":2,\"name\":\"Deportes\",\"item\":\"https:\\\/\\\/www.eldigitaldeasturias.com\\\/noticias\\\/category\\\/deportes\\\/\",\"nextItem\":{\"@type\":\"ListItem\",\"@id\":\"https:\\\/\\\/www.eldigitaldeasturias.com\\\/noticias\\\/la-temporada-de-low-muchos-altibajos-y-necesidad-de-un-nuevo-klose\\\/#listItem\",\"name\":\"La temporada de L\\u00f6w: Muchos \\u00abaltibajos\\u00bb y necesidad de un nuevo Klose\"},\"previousItem\":{\"@type\":\"ListItem\",\"@id\":\"https:\\\/\\\/www.eldigitaldeasturias.com\\\/noticias#listItem\",\"name\":\"Home\"}},{\"@type\":\"ListItem\",\"@id\":\"https:\\\/\\\/www.eldigitaldeasturias.com\\\/noticias\\\/la-temporada-de-low-muchos-altibajos-y-necesidad-de-un-nuevo-klose\\\/#listItem\",\"position\":3,\"name\":\"La temporada de L\\u00f6w: Muchos \\u00abaltibajos\\u00bb y necesidad de un nuevo Klose\",\"previousItem\":{\"@type\":\"ListItem\",\"@id\":\"https:\\\/\\\/www.eldigitaldeasturias.com\\\/noticias\\\/category\\\/deportes\\\/#listItem\",\"name\":\"Deportes\"}}]},{\"@type\":\"Organization\",\"@id\":\"https:\\\/\\\/www.eldigitaldeasturias.com\\\/noticias\\\/#organization\",\"name\":\"El Digital de Asturias\",\"description\":\"Hemeroteca\",\"url\":\"https:\\\/\\\/www.eldigitaldeasturias.com\\\/noticias\\\/\",\"email\":\"info@eldigitaldeasturias.com\",\"telephone\":\"+34652131393\",\"logo\":{\"@type\":\"ImageObject\",\"url\":\"https:\\\/\\\/www.eldigitaldeasturias.com\\\/noticias\\\/wp-content\\\/uploads\\\/2020\\\/12\\\/EDA.jpg\",\"@id\":\"https:\\\/\\\/www.eldigitaldeasturias.com\\\/noticias\\\/la-temporada-de-low-muchos-altibajos-y-necesidad-de-un-nuevo-klose\\\/#organizationLogo\",\"width\":649,\"height\":297},\"image\":{\"@id\":\"https:\\\/\\\/www.eldigitaldeasturias.com\\\/noticias\\\/la-temporada-de-low-muchos-altibajos-y-necesidad-de-un-nuevo-klose\\\/#organizationLogo\"},\"sameAs\":[\"https:\\\/\\\/facebook.com\\\/eldigitaldeasturias\",\"https:\\\/\\\/www.youtube.com\\\/channel\\\/UCZP-2wLEB9Rv6erhFmqVnvg\"],\"address\":{\"@id\":\"https:\\\/\\\/www.eldigitaldeasturias.com\\\/noticias\\\/#postaladdress\",\"@type\":\"PostalAddress\",\"streetAddress\":\"san antonio 4,\",\"postalCode\":\"33430\",\"addressLocality\":\"Cand\\u00e1s\",\"addressRegion\":\"Asturias\",\"addressCountry\":\"ES\"}},{\"@type\":\"Person\",\"@id\":\"https:\\\/\\\/www.eldigitaldeasturias.com\\\/noticias\\\/author\\\/admin\\\/#author\",\"url\":\"https:\\\/\\\/www.eldigitaldeasturias.com\\\/noticias\\\/author\\\/admin\\\/\",\"name\":\"El Digital de Asturias\",\"image\":{\"@type\":\"ImageObject\",\"@id\":\"https:\\\/\\\/www.eldigitaldeasturias.com\\\/noticias\\\/la-temporada-de-low-muchos-altibajos-y-necesidad-de-un-nuevo-klose\\\/#authorImage\",\"url\":\"https:\\\/\\\/www.eldigitaldeasturias.com\\\/noticias\\\/wp-content\\\/litespeed\\\/avatar\\\/18677e78aa0546b92d9dbf31ec7d7668.jpg?ver=1777290358\",\"width\":96,\"height\":96,\"caption\":\"El Digital de Asturias\"}},{\"@type\":\"WebPage\",\"@id\":\"https:\\\/\\\/www.eldigitaldeasturias.com\\\/noticias\\\/la-temporada-de-low-muchos-altibajos-y-necesidad-de-un-nuevo-klose\\\/#webpage\",\"url\":\"https:\\\/\\\/www.eldigitaldeasturias.com\\\/noticias\\\/la-temporada-de-low-muchos-altibajos-y-necesidad-de-un-nuevo-klose\\\/\",\"name\":\"La temporada de L\\u00f6w: Muchos \\u00abaltibajos\\u00bb y necesidad de un nuevo Klose - El Digital de Asturias\",\"description\":\"Venlo\\\/N\\u00e1poles, 3 jun (dpa) \\u2013 El t\\u00e9cnico de la selecci\\u00f3n alemana de f\\u00fatbol, Joachim L\\u00f6w, ve la pasada temporada repleta de \\\"altibajos\\\" seg\\u00fan declara en la entrevista que publica hoy la revista \\\"Kicker\\\", en la que adem\\u00e1s dice echar en falta un delantero como Miroslav Klose. \\\"Incluido el Mundial, fue un a\\u00f1o con muchos altibajos\\\",\",\"inLanguage\":\"es-ES\",\"isPartOf\":{\"@id\":\"https:\\\/\\\/www.eldigitaldeasturias.com\\\/noticias\\\/#website\"},\"breadcrumb\":{\"@id\":\"https:\\\/\\\/www.eldigitaldeasturias.com\\\/noticias\\\/la-temporada-de-low-muchos-altibajos-y-necesidad-de-un-nuevo-klose\\\/#breadcrumblist\"},\"author\":{\"@id\":\"https:\\\/\\\/www.eldigitaldeasturias.com\\\/noticias\\\/author\\\/admin\\\/#author\"},\"creator\":{\"@id\":\"https:\\\/\\\/www.eldigitaldeasturias.com\\\/noticias\\\/author\\\/admin\\\/#author\"},\"image\":{\"@type\":\"ImageObject\",\"url\":\"https:\\\/\\\/www.eldigitaldeasturias.com\\\/noticias\\\/wp-content\\\/uploads\\\/2018\\\/02\\\/woman-638384_1280.jpg\",\"@id\":\"https:\\\/\\\/www.eldigitaldeasturias.com\\\/noticias\\\/la-temporada-de-low-muchos-altibajos-y-necesidad-de-un-nuevo-klose\\\/#mainImage\",\"width\":1280,\"height\":850},\"primaryImageOfPage\":{\"@id\":\"https:\\\/\\\/www.eldigitaldeasturias.com\\\/noticias\\\/la-temporada-de-low-muchos-altibajos-y-necesidad-de-un-nuevo-klose\\\/#mainImage\"},\"datePublished\":\"2019-06-03T21:13:21+02:00\",\"dateModified\":\"2019-06-03T21:13:21+02:00\"},{\"@type\":\"WebSite\",\"@id\":\"https:\\\/\\\/www.eldigitaldeasturias.com\\\/noticias\\\/#website\",\"url\":\"https:\\\/\\\/www.eldigitaldeasturias.com\\\/noticias\\\/\",\"name\":\"El Digital de Asturias - Diario de actualidad y noticias\",\"alternateName\":\"El Digital de Asturias - Diario de actualidad y noticias\",\"description\":\"Hemeroteca\",\"inLanguage\":\"es-ES\",\"publisher\":{\"@id\":\"https:\\\/\\\/www.eldigitaldeasturias.com\\\/noticias\\\/#organization\"}}]}\n\t\t<\/script>\n\t\t<!-- All in One SEO Pro -->\r\n\t\t<title>La temporada de L\u00f6w: Muchos \u00abaltibajos\u00bb y necesidad de un nuevo Klose - El Digital de Asturias<\/title>\n\n","aioseo_head_json":{"title":"La temporada de L\u00f6w: Muchos \u00abaltibajos\u00bb y necesidad de un nuevo Klose - El Digital de Asturias","description":"Venlo\/N\u00e1poles, 3 jun (dpa) \u2013 El t\u00e9cnico de la selecci\u00f3n alemana de f\u00fatbol, Joachim L\u00f6w, ve la pasada temporada repleta de \"altibajos\" seg\u00fan declara en la entrevista que publica hoy la revista \"Kicker\", en la que adem\u00e1s dice echar en falta un delantero como Miroslav Klose. \"Incluido el Mundial, fue un a\u00f1o con muchos altibajos\",","canonical_url":"https:\/\/www.eldigitaldeasturias.com\/noticias\/la-temporada-de-low-muchos-altibajos-y-necesidad-de-un-nuevo-klose\/","robots":"max-image-preview:large","keywords":"deportes","webmasterTools":{"google-site-verification":"UA-38556648-1","msvalidate.01":"7dfe9f3f1b24437ab69f4f2559babe99","miscellaneous":""},"schema":{"@context":"https:\/\/schema.org","@graph":[{"@type":"BlogPosting","@id":"https:\/\/www.eldigitaldeasturias.com\/noticias\/la-temporada-de-low-muchos-altibajos-y-necesidad-de-un-nuevo-klose\/#blogposting","name":"La temporada de L\u00f6w: Muchos \u00abaltibajos\u00bb y necesidad de un nuevo Klose - El Digital de Asturias","headline":"La temporada de L\u00f6w: Muchos \u00abaltibajos\u00bb y necesidad de un nuevo Klose","author":{"@id":"https:\/\/www.eldigitaldeasturias.com\/noticias\/author\/admin\/#author"},"publisher":{"@id":"https:\/\/www.eldigitaldeasturias.com\/noticias\/#organization"},"image":{"@type":"ImageObject","url":"https:\/\/www.eldigitaldeasturias.com\/noticias\/wp-content\/uploads\/2018\/02\/woman-638384_1280.jpg","width":1280,"height":850},"datePublished":"2019-06-03T21:13:21+02:00","dateModified":"2019-06-03T21:13:21+02:00","inLanguage":"es-ES","mainEntityOfPage":{"@id":"https:\/\/www.eldigitaldeasturias.com\/noticias\/la-temporada-de-low-muchos-altibajos-y-necesidad-de-un-nuevo-klose\/#webpage"},"isPartOf":{"@id":"https:\/\/www.eldigitaldeasturias.com\/noticias\/la-temporada-de-low-muchos-altibajos-y-necesidad-de-un-nuevo-klose\/#webpage"},"articleSection":"Deportes"},{"@type":"BreadcrumbList","@id":"https:\/\/www.eldigitaldeasturias.com\/noticias\/la-temporada-de-low-muchos-altibajos-y-necesidad-de-un-nuevo-klose\/#breadcrumblist","itemListElement":[{"@type":"ListItem","@id":"https:\/\/www.eldigitaldeasturias.com\/noticias#listItem","position":1,"name":"Home","item":"https:\/\/www.eldigitaldeasturias.com\/noticias","nextItem":{"@type":"ListItem","@id":"https:\/\/www.eldigitaldeasturias.com\/noticias\/category\/deportes\/#listItem","name":"Deportes"}},{"@type":"ListItem","@id":"https:\/\/www.eldigitaldeasturias.com\/noticias\/category\/deportes\/#listItem","position":2,"name":"Deportes","item":"https:\/\/www.eldigitaldeasturias.com\/noticias\/category\/deportes\/","nextItem":{"@type":"ListItem","@id":"https:\/\/www.eldigitaldeasturias.com\/noticias\/la-temporada-de-low-muchos-altibajos-y-necesidad-de-un-nuevo-klose\/#listItem","name":"La temporada de L\u00f6w: Muchos \u00abaltibajos\u00bb y necesidad de un nuevo Klose"},"previousItem":{"@type":"ListItem","@id":"https:\/\/www.eldigitaldeasturias.com\/noticias#listItem","name":"Home"}},{"@type":"ListItem","@id":"https:\/\/www.eldigitaldeasturias.com\/noticias\/la-temporada-de-low-muchos-altibajos-y-necesidad-de-un-nuevo-klose\/#listItem","position":3,"name":"La temporada de L\u00f6w: Muchos \u00abaltibajos\u00bb y necesidad de un nuevo Klose","previousItem":{"@type":"ListItem","@id":"https:\/\/www.eldigitaldeasturias.com\/noticias\/category\/deportes\/#listItem","name":"Deportes"}}]},{"@type":"Organization","@id":"https:\/\/www.eldigitaldeasturias.com\/noticias\/#organization","name":"El Digital de Asturias","description":"Hemeroteca","url":"https:\/\/www.eldigitaldeasturias.com\/noticias\/","email":"info@eldigitaldeasturias.com","telephone":"+34652131393","logo":{"@type":"ImageObject","url":"https:\/\/www.eldigitaldeasturias.com\/noticias\/wp-content\/uploads\/2020\/12\/EDA.jpg","@id":"https:\/\/www.eldigitaldeasturias.com\/noticias\/la-temporada-de-low-muchos-altibajos-y-necesidad-de-un-nuevo-klose\/#organizationLogo","width":649,"height":297},"image":{"@id":"https:\/\/www.eldigitaldeasturias.com\/noticias\/la-temporada-de-low-muchos-altibajos-y-necesidad-de-un-nuevo-klose\/#organizationLogo"},"sameAs":["https:\/\/facebook.com\/eldigitaldeasturias","https:\/\/www.youtube.com\/channel\/UCZP-2wLEB9Rv6erhFmqVnvg"],"address":{"@id":"https:\/\/www.eldigitaldeasturias.com\/noticias\/#postaladdress","@type":"PostalAddress","streetAddress":"san antonio 4,","postalCode":"33430","addressLocality":"Cand\u00e1s","addressRegion":"Asturias","addressCountry":"ES"}},{"@type":"Person","@id":"https:\/\/www.eldigitaldeasturias.com\/noticias\/author\/admin\/#author","url":"https:\/\/www.eldigitaldeasturias.com\/noticias\/author\/admin\/","name":"El Digital de Asturias","image":{"@type":"ImageObject","@id":"https:\/\/www.eldigitaldeasturias.com\/noticias\/la-temporada-de-low-muchos-altibajos-y-necesidad-de-un-nuevo-klose\/#authorImage","url":"https:\/\/www.eldigitaldeasturias.com\/noticias\/wp-content\/litespeed\/avatar\/18677e78aa0546b92d9dbf31ec7d7668.jpg?ver=1777290358","width":96,"height":96,"caption":"El Digital de Asturias"}},{"@type":"WebPage","@id":"https:\/\/www.eldigitaldeasturias.com\/noticias\/la-temporada-de-low-muchos-altibajos-y-necesidad-de-un-nuevo-klose\/#webpage","url":"https:\/\/www.eldigitaldeasturias.com\/noticias\/la-temporada-de-low-muchos-altibajos-y-necesidad-de-un-nuevo-klose\/","name":"La temporada de L\u00f6w: Muchos \u00abaltibajos\u00bb y necesidad de un nuevo Klose - El Digital de Asturias","description":"Venlo\/N\u00e1poles, 3 jun (dpa) \u2013 El t\u00e9cnico de la selecci\u00f3n alemana de f\u00fatbol, Joachim L\u00f6w, ve la pasada temporada repleta de \"altibajos\" seg\u00fan declara en la entrevista que publica hoy la revista \"Kicker\", en la que adem\u00e1s dice echar en falta un delantero como Miroslav Klose. \"Incluido el Mundial, fue un a\u00f1o con muchos altibajos\",","inLanguage":"es-ES","isPartOf":{"@id":"https:\/\/www.eldigitaldeasturias.com\/noticias\/#website"},"breadcrumb":{"@id":"https:\/\/www.eldigitaldeasturias.com\/noticias\/la-temporada-de-low-muchos-altibajos-y-necesidad-de-un-nuevo-klose\/#breadcrumblist"},"author":{"@id":"https:\/\/www.eldigitaldeasturias.com\/noticias\/author\/admin\/#author"},"creator":{"@id":"https:\/\/www.eldigitaldeasturias.com\/noticias\/author\/admin\/#author"},"image":{"@type":"ImageObject","url":"https:\/\/www.eldigitaldeasturias.com\/noticias\/wp-content\/uploads\/2018\/02\/woman-638384_1280.jpg","@id":"https:\/\/www.eldigitaldeasturias.com\/noticias\/la-temporada-de-low-muchos-altibajos-y-necesidad-de-un-nuevo-klose\/#mainImage","width":1280,"height":850},"primaryImageOfPage":{"@id":"https:\/\/www.eldigitaldeasturias.com\/noticias\/la-temporada-de-low-muchos-altibajos-y-necesidad-de-un-nuevo-klose\/#mainImage"},"datePublished":"2019-06-03T21:13:21+02:00","dateModified":"2019-06-03T21:13:21+02:00"},{"@type":"WebSite","@id":"https:\/\/www.eldigitaldeasturias.com\/noticias\/#website","url":"https:\/\/www.eldigitaldeasturias.com\/noticias\/","name":"El Digital de Asturias - Diario de actualidad y noticias","alternateName":"El Digital de Asturias - Diario de actualidad y noticias","description":"Hemeroteca","inLanguage":"es-ES","publisher":{"@id":"https:\/\/www.eldigitaldeasturias.com\/noticias\/#organization"}}]},"og:locale":"es_ES","og:site_name":"El Digital de Asturias","og:type":"article","og:title":"La temporada de L\u00f6w: Muchos \u00abaltibajos\u00bb y necesidad de un nuevo Klose - El Digital de Asturias","og:description":"Venlo\/N\u00e1poles, 3 jun (dpa) \u2013 El t\u00e9cnico de la selecci\u00f3n alemana de f\u00fatbol, Joachim L\u00f6w, ve la pasada temporada repleta de &quot;altibajos&quot; seg\u00fan declara en la entrevista que publica hoy la revista &quot;Kicker&quot;, en la que adem\u00e1s dice echar en falta un delantero como Miroslav Klose. &quot;Incluido el Mundial, fue un a\u00f1o con muchos altibajos&quot;,","og:url":"https:\/\/www.eldigitaldeasturias.com\/noticias\/la-temporada-de-low-muchos-altibajos-y-necesidad-de-un-nuevo-klose\/","og:image":"https:\/\/www.eldigitaldeasturias.com\/noticias\/wp-content\/uploads\/2018\/02\/woman-638384_1280.jpg","og:image:secure_url":"https:\/\/www.eldigitaldeasturias.com\/noticias\/wp-content\/uploads\/2018\/02\/woman-638384_1280.jpg","og:image:width":1280,"og:image:height":850,"article:tag":["deportes"],"article:published_time":"2019-06-03T21:13:21+00:00","article:modified_time":"2019-06-03T21:13:21+00:00","article:publisher":"https:\/\/facebook.com\/eldigitaldeasturias","twitter:card":"summary_large_image","twitter:title":"La temporada de L\u00f6w: Muchos \u00abaltibajos\u00bb y necesidad de un nuevo Klose - El Digital de Asturias","twitter:description":"Venlo\/N\u00e1poles, 3 jun (dpa) \u2013 El t\u00e9cnico de la selecci\u00f3n alemana de f\u00fatbol, Joachim L\u00f6w, ve la pasada temporada repleta de &quot;altibajos&quot; seg\u00fan declara en la entrevista que publica hoy la revista &quot;Kicker&quot;, en la que adem\u00e1s dice echar en falta un delantero como Miroslav Klose. &quot;Incluido el Mundial, fue un a\u00f1o con muchos altibajos&quot;,","twitter:image":"https:\/\/www.eldigitaldeasturias.com\/noticias\/wp-content\/uploads\/2018\/02\/woman-638384_1280.jpg","twitter:label1":"Escrito por","twitter:data1":"El Digital de Asturias","twitter:label2":"Tiempo de lectura estimado","twitter:data2":"2 minutos"},"aioseo_meta_data":{"post_id":"1029517","title":null,"description":null,"keywords":null,"keyphrases":null,"primary_term":null,"canonical_url":null,"og_title":null,"og_description":null,"og_object_type":"default","og_image_type":"default","og_image_url":null,"og_image_width":null,"og_image_height":null,"og_image_custom_url":null,"og_image_custom_fields":null,"og_video":null,"og_custom_url":null,"og_article_section":null,"og_article_tags":null,"twitter_use_og":false,"twitter_card":"default","twitter_image_type":"default","twitter_image_url":null,"twitter_image_custom_url":null,"twitter_image_custom_fields":null,"twitter_title":null,"twitter_description":null,"schema":{"blockGraphs":[],"customGraphs":[],"default":{"data":{"Article":[],"Course":[],"Dataset":[],"FAQPage":[],"Movie":[],"Person":[],"Product":[],"ProductReview":[],"Car":[],"Recipe":[],"Service":[],"SoftwareApplication":[],"WebPage":[]},"graphName":"","isEnabled":true},"graphs":[],"defaultGraph":"","defaultPostTypeGraph":""},"schema_type":null,"schema_type_options":null,"pillar_content":false,"robots_default":true,"robots_noindex":false,"robots_noarchive":false,"robots_nosnippet":false,"robots_nofollow":false,"robots_noimageindex":false,"robots_noodp":false,"robots_notranslate":false,"robots_max_snippet":null,"robots_max_videopreview":null,"robots_max_imagepreview":"large","priority":null,"frequency":null,"local_seo":null,"seo_analyzer_scan_date":"2025-10-18 12:34:05","breadcrumb_settings":null,"limit_modified_date":false,"open_ai":null,"ai":null,"created":"2020-12-21 11:11:01","updated":"2025-10-18 12:34:05"},"aioseo_breadcrumb":"<div class=\"aioseo-breadcrumbs\"><span class=\"aioseo-breadcrumb\">\n\t<a href=\"https:\/\/www.eldigitaldeasturias.com\/noticias\" title=\"Home\">Home<\/a>\n<\/span><span class=\"aioseo-breadcrumb-separator\">\u2013<\/span><span class=\"aioseo-breadcrumb\">\n\t<a href=\"https:\/\/www.eldigitaldeasturias.com\/noticias\/category\/deportes\/\" title=\"Deportes\">Deportes<\/a>\n<\/span><span class=\"aioseo-breadcrumb-separator\">\u2013<\/span><span class=\"aioseo-breadcrumb\">\n\t<a href=\"https:\/\/www.eldigitaldeasturias.com\/noticias\/la-temporada-de-low-muchos-altibajos-y-necesidad-de-un-nuevo-klose\/\" title=\"La temporada de L\u00f6w: Muchos \u00abaltibajos\u00bb y necesidad de un nuevo Klose\">La temporada de L\u00f6w: Muchos \u00abaltibajos\u00bb y necesidad de un nuevo Klose<\/a>\n<\/span><\/div>","aioseo_breadcrumb_json":[{"label":"Home","link":"https:\/\/www.eldigitaldeasturias.com\/noticias"},{"label":"Deportes","link":"https:\/\/www.eldigitaldeasturias.com\/noticias\/category\/deportes\/"},{"label":"La temporada de L\u00f6w: Muchos \u00abaltibajos\u00bb y necesidad de un nuevo Klose","link":"https:\/\/www.eldigitaldeasturias.com\/noticias\/la-temporada-de-low-muchos-altibajos-y-necesidad-de-un-nuevo-klose\/"}],"_links":{"self":[{"href":"https:\/\/www.eldigitaldeasturias.com\/noticias\/wp-json\/wp\/v2\/posts\/1029517","targetHints":{"allow":["GET"]}}],"collection":[{"href":"https:\/\/www.eldigitaldeasturias.com\/noticias\/wp-json\/wp\/v2\/posts"}],"about":[{"href":"https:\/\/www.eldigitaldeasturias.com\/noticias\/wp-json\/wp\/v2\/types\/post"}],"author":[{"embeddable":true,"href":"https:\/\/www.eldigitaldeasturias.com\/noticias\/wp-json\/wp\/v2\/users\/1"}],"replies":[{"embeddable":true,"href":"https:\/\/www.eldigitaldeasturias.com\/noticias\/wp-json\/wp\/v2\/comments?post=1029517"}],"version-history":[{"count":0,"href":"https:\/\/www.eldigitaldeasturias.com\/noticias\/wp-json\/wp\/v2\/posts\/1029517\/revisions"}],"wp:featuredmedia":[{"embeddable":true,"href":"https:\/\/www.eldigitaldeasturias.com\/noticias\/wp-json\/wp\/v2\/media\/969718"}],"wp:attachment":[{"href":"https:\/\/www.eldigitaldeasturias.com\/noticias\/wp-json\/wp\/v2\/media?parent=1029517"}],"wp:term":[{"taxonomy":"category","embeddable":true,"href":"https:\/\/www.eldigitaldeasturias.com\/noticias\/wp-json\/wp\/v2\/categories?post=1029517"},{"taxonomy":"post_tag","embeddable":true,"href":"https:\/\/www.eldigitaldeasturias.com\/noticias\/wp-json\/wp\/v2\/tags?post=1029517"}],"curies":[{"name":"wp","href":"https:\/\/api.w.org\/{rel}","templated":true}]}}