{"id":1029513,"date":"2019-06-03T21:07:45","date_gmt":"2019-06-03T21:07:45","guid":{"rendered":"https:\/\/www.eldigitaldeasturias.com\/noticias\/?p=1029513"},"modified":"2019-06-03T21:07:45","modified_gmt":"2019-06-03T21:07:45","slug":"hoeness-ve-con-escepticismo-la-llegada-de-sane-al-bayern","status":"publish","type":"post","link":"https:\/\/www.eldigitaldeasturias.com\/noticias\/hoeness-ve-con-escepticismo-la-llegada-de-sane-al-bayern\/","title":{"rendered":"Hoeness ve con escepticismo la llegada de San\u00e9 al Bayern"},"content":{"rendered":"<p><img loading=\"lazy\" decoding=\"async\" class=\"alignleft size-medium wp-image-977427\" src=\"https:\/\/www.eldigitaldeasturias.com\/noticias\/wp-content\/uploads\/2018\/04\/arena-1181668_960_720-360x240.jpg\" alt=\"\" width=\"360\" height=\"240\" srcset=\"https:\/\/www.eldigitaldeasturias.com\/noticias\/wp-content\/uploads\/2018\/04\/arena-1181668_960_720-360x240.jpg 360w, https:\/\/www.eldigitaldeasturias.com\/noticias\/wp-content\/uploads\/2018\/04\/arena-1181668_960_720-450x300.jpg 450w, https:\/\/www.eldigitaldeasturias.com\/noticias\/wp-content\/uploads\/2018\/04\/arena-1181668_960_720-768x512.jpg 768w, https:\/\/www.eldigitaldeasturias.com\/noticias\/wp-content\/uploads\/2018\/04\/arena-1181668_960_720-690x460.jpg 690w, https:\/\/www.eldigitaldeasturias.com\/noticias\/wp-content\/uploads\/2018\/04\/arena-1181668_960_720-20x13.jpg 20w, https:\/\/www.eldigitaldeasturias.com\/noticias\/wp-content\/uploads\/2018\/04\/arena-1181668_960_720.jpg 960w\" sizes=\"auto, (max-width: 360px) 100vw, 360px\" \/>M\u00fanich, 3 jun (dpa) &#8211; El directivo del Bayern M\u00fanich Uli Hoeness sigue dudando de que el traspaso de Leroy San\u00e9 del Manchester City al club b\u00e1varo sea un \u00e9xito, a la par que la marcha de James Rodr\u00edguez de las filas muniquesas ser\u00eda inminente, seg\u00fan publica hoy la revista especializada \u00abKicker\u00bb.<\/p>\n<p>\u00abTienes que ser un poco esc\u00e9ptico. Es bastante improbable que funcione; se trata de cantidades que son una locura\u00bb, dijo Hoeness al semanario deportivo.<\/p>\n<p>Seg\u00fan algunos medios de comunicaci\u00f3n, el Manchester City quiere iniciar un nuevo intento de prorrogar el contrato con San\u00e9, de 23 a\u00f1os, aunque todav\u00eda tiene contrato con el club ingl\u00e9s hasta finales de junio de 2021.<\/p>\n<p>\u00abLeroy es un futbolista excepcional, que encajar\u00eda muy bien en el Bayern M\u00fanich. No s\u00f3lo por sus habilidades, sino tambi\u00e9n porque es un gran chico. Estar\u00eda muy contento si viniera, pero no quiero involucrarme. Creo que sabe que el Bayern M\u00fanich es genial\u00bb, dijo el defensa del club b\u00e1varo Niklas S\u00fcle en una entrevista concedida al canal de televisi\u00f3n \u00abSport1\u00bb.<\/p>\n<p>Por otra parte, en el club de M\u00fanich, la decisi\u00f3n sobre el futuro del colombiano James Rodr\u00edguez podr\u00eda haberse tomado ya.<\/p>\n<p>Seg\u00fan \u00abKicker\u00bb, la directiva habr\u00eda acordado internamente \u00abque la opci\u00f3n de ficharlo en firme por 42 millones de euros (casi 47 millones de d\u00f3lares) despu\u00e9s de la cesi\u00f3n de dos a\u00f1os por parte del Real Madrid no ser\u00e1 aceptada\u00bb.<\/p>\n<p>Otros medios de comunicaci\u00f3n especulan sobre el inter\u00e9s del N\u00e1poles del ex entrenador del club muniqu\u00e9s Carlo Ancelotti por el colombiano. Tambi\u00e9n la opci\u00f3n del Juventus de Tur\u00edn de Cristiano Ronaldo fue tratada como posible destino del jugador.<\/p>\n<p>Antes del comienzo de los entrenamientos del Bayern M\u00fanich el 8 de julio, habr\u00e1 muchas especulaciones alrededor del club. El entrenador Niko Kovac prepara a su equipo para la nueva temporada con un viaje a Estados Unidos del 15 al 24 de julio y una concentraci\u00f3n del 5 de agosto en Rottach-Egern.<\/p>\n<p>El seleccionador alem\u00e1n Joachim L\u00f6w acoger\u00eda con satisfacci\u00f3n la posibilidad de la incorporaci\u00f3n de San\u00e9 al Bayern M\u00fanich. \u00abNo s\u00e9 qu\u00e9 planea el club b\u00e1varo. Pero para la Bundesliga en general, ser\u00eda bueno que volviera Leroy San\u00e9 o que Timo Werner se quedara en Alemania\u00bb, dijo. De momento, Werner ya habr\u00eda acordado su traspaso del Leipzig al Bayern M\u00fanich.<\/p>\n<p>&nbsp;<\/p>\n","protected":false},"excerpt":{"rendered":"<p>M\u00fanich, 3 jun (dpa) &#8211; El directivo del Bayern M\u00fanich Uli Hoeness sigue dudando de que el traspaso de Leroy San\u00e9 del Manchester City al club b\u00e1varo sea un \u00e9xito, a la par que la marcha de James Rodr\u00edguez de las filas muniquesas ser\u00eda inminente, seg\u00fan publica hoy la revista especializada \u00abKicker\u00bb. \u00abTienes que ser [&hellip;]<\/p>\n","protected":false},"author":1,"featured_media":977427,"comment_status":"closed","ping_status":"closed","sticky":false,"template":"","format":"standard","meta":{"footnotes":""},"categories":[190],"tags":[],"class_list":["post-1029513","post","type-post","status-publish","format-standard","has-post-thumbnail","hentry","category-deportes"],"aioseo_notices":[],"aioseo_head":"\n\t\t<!-- All in One SEO Pro 4.9.6.2 - aioseo.com -->\n\t<meta name=\"description\" content=\"M\u00fanich, 3 jun (dpa) - El directivo del Bayern M\u00fanich Uli Hoeness sigue dudando de que el traspaso de Leroy San\u00e9 del Manchester City al club b\u00e1varo sea un \u00e9xito, a la par que la marcha de James Rodr\u00edguez de las filas muniquesas ser\u00eda inminente, seg\u00fan publica hoy la revista especializada &quot;Kicker&quot;. &quot;Tienes que ser\" \/>\n\t<meta name=\"robots\" content=\"max-image-preview:large\" \/>\n\t<meta name=\"author\" content=\"El Digital de Asturias\"\/>\n\t<meta name=\"google-site-verification\" content=\"UA-38556648-1\" \/>\n\t<meta name=\"msvalidate.01\" content=\"7dfe9f3f1b24437ab69f4f2559babe99\" \/>\n\t<meta name=\"keywords\" content=\"deportes\" \/>\n\t<link rel=\"canonical\" href=\"https:\/\/www.eldigitaldeasturias.com\/noticias\/hoeness-ve-con-escepticismo-la-llegada-de-sane-al-bayern\/\" \/>\n\t<meta name=\"generator\" content=\"All in One SEO Pro (AIOSEO) 4.9.6.2\" \/>\n\t\t<meta property=\"og:locale\" content=\"es_ES\" \/>\n\t\t<meta property=\"og:site_name\" content=\"El Digital de Asturias\" \/>\n\t\t<meta property=\"og:type\" content=\"article\" \/>\n\t\t<meta property=\"og:title\" content=\"Hoeness ve con escepticismo la llegada de San\u00e9 al Bayern - El Digital de Asturias\" \/>\n\t\t<meta property=\"og:description\" content=\"M\u00fanich, 3 jun (dpa) - El directivo del Bayern M\u00fanich Uli Hoeness sigue dudando de que el traspaso de Leroy San\u00e9 del Manchester City al club b\u00e1varo sea un \u00e9xito, a la par que la marcha de James Rodr\u00edguez de las filas muniquesas ser\u00eda inminente, seg\u00fan publica hoy la revista especializada &quot;Kicker&quot;. &quot;Tienes que ser\" \/>\n\t\t<meta property=\"og:url\" content=\"https:\/\/www.eldigitaldeasturias.com\/noticias\/hoeness-ve-con-escepticismo-la-llegada-de-sane-al-bayern\/\" \/>\n\t\t<meta property=\"og:image\" content=\"https:\/\/www.eldigitaldeasturias.com\/noticias\/wp-content\/uploads\/2018\/04\/arena-1181668_960_720.jpg\" \/>\n\t\t<meta property=\"og:image:secure_url\" content=\"https:\/\/www.eldigitaldeasturias.com\/noticias\/wp-content\/uploads\/2018\/04\/arena-1181668_960_720.jpg\" \/>\n\t\t<meta property=\"og:image:width\" content=\"960\" \/>\n\t\t<meta property=\"og:image:height\" content=\"640\" \/>\n\t\t<meta property=\"article:tag\" content=\"deportes\" \/>\n\t\t<meta property=\"article:published_time\" content=\"2019-06-03T21:07:45+00:00\" \/>\n\t\t<meta property=\"article:modified_time\" content=\"2019-06-03T21:07:45+00:00\" \/>\n\t\t<meta property=\"article:publisher\" content=\"https:\/\/facebook.com\/eldigitaldeasturias\" \/>\n\t\t<meta name=\"twitter:card\" content=\"summary_large_image\" \/>\n\t\t<meta name=\"twitter:title\" content=\"Hoeness ve con escepticismo la llegada de San\u00e9 al Bayern - El Digital de Asturias\" \/>\n\t\t<meta name=\"twitter:description\" content=\"M\u00fanich, 3 jun (dpa) - El directivo del Bayern M\u00fanich Uli Hoeness sigue dudando de que el traspaso de Leroy San\u00e9 del Manchester City al club b\u00e1varo sea un \u00e9xito, a la par que la marcha de James Rodr\u00edguez de las filas muniquesas ser\u00eda inminente, seg\u00fan publica hoy la revista especializada &quot;Kicker&quot;. &quot;Tienes que ser\" \/>\n\t\t<meta name=\"twitter:image\" content=\"https:\/\/www.eldigitaldeasturias.com\/noticias\/wp-content\/uploads\/2018\/04\/arena-1181668_960_720.jpg\" \/>\n\t\t<meta name=\"twitter:label1\" content=\"Escrito por\" \/>\n\t\t<meta name=\"twitter:data1\" content=\"El Digital de Asturias\" \/>\n\t\t<meta name=\"twitter:label2\" content=\"Tiempo de lectura estimado\" \/>\n\t\t<meta name=\"twitter:data2\" content=\"2 minutos\" \/>\n\t\t<script type=\"application\/ld+json\" class=\"aioseo-schema\">\n\t\t\t{\"@context\":\"https:\\\/\\\/schema.org\",\"@graph\":[{\"@type\":\"BlogPosting\",\"@id\":\"https:\\\/\\\/www.eldigitaldeasturias.com\\\/noticias\\\/hoeness-ve-con-escepticismo-la-llegada-de-sane-al-bayern\\\/#blogposting\",\"name\":\"Hoeness ve con escepticismo la llegada de San\\u00e9 al Bayern - El Digital de Asturias\",\"headline\":\"Hoeness ve con escepticismo la llegada de San\\u00e9 al Bayern\",\"author\":{\"@id\":\"https:\\\/\\\/www.eldigitaldeasturias.com\\\/noticias\\\/author\\\/admin\\\/#author\"},\"publisher\":{\"@id\":\"https:\\\/\\\/www.eldigitaldeasturias.com\\\/noticias\\\/#organization\"},\"image\":{\"@type\":\"ImageObject\",\"url\":\"https:\\\/\\\/www.eldigitaldeasturias.com\\\/noticias\\\/wp-content\\\/uploads\\\/2018\\\/04\\\/arena-1181668_960_720.jpg\",\"width\":960,\"height\":640},\"datePublished\":\"2019-06-03T21:07:45+02:00\",\"dateModified\":\"2019-06-03T21:07:45+02:00\",\"inLanguage\":\"es-ES\",\"mainEntityOfPage\":{\"@id\":\"https:\\\/\\\/www.eldigitaldeasturias.com\\\/noticias\\\/hoeness-ve-con-escepticismo-la-llegada-de-sane-al-bayern\\\/#webpage\"},\"isPartOf\":{\"@id\":\"https:\\\/\\\/www.eldigitaldeasturias.com\\\/noticias\\\/hoeness-ve-con-escepticismo-la-llegada-de-sane-al-bayern\\\/#webpage\"},\"articleSection\":\"Deportes\"},{\"@type\":\"BreadcrumbList\",\"@id\":\"https:\\\/\\\/www.eldigitaldeasturias.com\\\/noticias\\\/hoeness-ve-con-escepticismo-la-llegada-de-sane-al-bayern\\\/#breadcrumblist\",\"itemListElement\":[{\"@type\":\"ListItem\",\"@id\":\"https:\\\/\\\/www.eldigitaldeasturias.com\\\/noticias#listItem\",\"position\":1,\"name\":\"Home\",\"item\":\"https:\\\/\\\/www.eldigitaldeasturias.com\\\/noticias\",\"nextItem\":{\"@type\":\"ListItem\",\"@id\":\"https:\\\/\\\/www.eldigitaldeasturias.com\\\/noticias\\\/category\\\/deportes\\\/#listItem\",\"name\":\"Deportes\"}},{\"@type\":\"ListItem\",\"@id\":\"https:\\\/\\\/www.eldigitaldeasturias.com\\\/noticias\\\/category\\\/deportes\\\/#listItem\",\"position\":2,\"name\":\"Deportes\",\"item\":\"https:\\\/\\\/www.eldigitaldeasturias.com\\\/noticias\\\/category\\\/deportes\\\/\",\"nextItem\":{\"@type\":\"ListItem\",\"@id\":\"https:\\\/\\\/www.eldigitaldeasturias.com\\\/noticias\\\/hoeness-ve-con-escepticismo-la-llegada-de-sane-al-bayern\\\/#listItem\",\"name\":\"Hoeness ve con escepticismo la llegada de San\\u00e9 al Bayern\"},\"previousItem\":{\"@type\":\"ListItem\",\"@id\":\"https:\\\/\\\/www.eldigitaldeasturias.com\\\/noticias#listItem\",\"name\":\"Home\"}},{\"@type\":\"ListItem\",\"@id\":\"https:\\\/\\\/www.eldigitaldeasturias.com\\\/noticias\\\/hoeness-ve-con-escepticismo-la-llegada-de-sane-al-bayern\\\/#listItem\",\"position\":3,\"name\":\"Hoeness ve con escepticismo la llegada de San\\u00e9 al Bayern\",\"previousItem\":{\"@type\":\"ListItem\",\"@id\":\"https:\\\/\\\/www.eldigitaldeasturias.com\\\/noticias\\\/category\\\/deportes\\\/#listItem\",\"name\":\"Deportes\"}}]},{\"@type\":\"Organization\",\"@id\":\"https:\\\/\\\/www.eldigitaldeasturias.com\\\/noticias\\\/#organization\",\"name\":\"El Digital de Asturias\",\"description\":\"Hemeroteca\",\"url\":\"https:\\\/\\\/www.eldigitaldeasturias.com\\\/noticias\\\/\",\"email\":\"info@eldigitaldeasturias.com\",\"telephone\":\"+34652131393\",\"logo\":{\"@type\":\"ImageObject\",\"url\":\"https:\\\/\\\/www.eldigitaldeasturias.com\\\/noticias\\\/wp-content\\\/uploads\\\/2020\\\/12\\\/EDA.jpg\",\"@id\":\"https:\\\/\\\/www.eldigitaldeasturias.com\\\/noticias\\\/hoeness-ve-con-escepticismo-la-llegada-de-sane-al-bayern\\\/#organizationLogo\",\"width\":649,\"height\":297},\"image\":{\"@id\":\"https:\\\/\\\/www.eldigitaldeasturias.com\\\/noticias\\\/hoeness-ve-con-escepticismo-la-llegada-de-sane-al-bayern\\\/#organizationLogo\"},\"sameAs\":[\"https:\\\/\\\/facebook.com\\\/eldigitaldeasturias\",\"https:\\\/\\\/www.youtube.com\\\/channel\\\/UCZP-2wLEB9Rv6erhFmqVnvg\"],\"address\":{\"@id\":\"https:\\\/\\\/www.eldigitaldeasturias.com\\\/noticias\\\/#postaladdress\",\"@type\":\"PostalAddress\",\"streetAddress\":\"san antonio 4,\",\"postalCode\":\"33430\",\"addressLocality\":\"Cand\\u00e1s\",\"addressRegion\":\"Asturias\",\"addressCountry\":\"ES\"}},{\"@type\":\"Person\",\"@id\":\"https:\\\/\\\/www.eldigitaldeasturias.com\\\/noticias\\\/author\\\/admin\\\/#author\",\"url\":\"https:\\\/\\\/www.eldigitaldeasturias.com\\\/noticias\\\/author\\\/admin\\\/\",\"name\":\"El Digital de Asturias\",\"image\":{\"@type\":\"ImageObject\",\"@id\":\"https:\\\/\\\/www.eldigitaldeasturias.com\\\/noticias\\\/hoeness-ve-con-escepticismo-la-llegada-de-sane-al-bayern\\\/#authorImage\",\"url\":\"https:\\\/\\\/www.eldigitaldeasturias.com\\\/noticias\\\/wp-content\\\/litespeed\\\/avatar\\\/18677e78aa0546b92d9dbf31ec7d7668.jpg?ver=1777290358\",\"width\":96,\"height\":96,\"caption\":\"El Digital de Asturias\"}},{\"@type\":\"WebPage\",\"@id\":\"https:\\\/\\\/www.eldigitaldeasturias.com\\\/noticias\\\/hoeness-ve-con-escepticismo-la-llegada-de-sane-al-bayern\\\/#webpage\",\"url\":\"https:\\\/\\\/www.eldigitaldeasturias.com\\\/noticias\\\/hoeness-ve-con-escepticismo-la-llegada-de-sane-al-bayern\\\/\",\"name\":\"Hoeness ve con escepticismo la llegada de San\\u00e9 al Bayern - El Digital de Asturias\",\"description\":\"M\\u00fanich, 3 jun (dpa) - El directivo del Bayern M\\u00fanich Uli Hoeness sigue dudando de que el traspaso de Leroy San\\u00e9 del Manchester City al club b\\u00e1varo sea un \\u00e9xito, a la par que la marcha de James Rodr\\u00edguez de las filas muniquesas ser\\u00eda inminente, seg\\u00fan publica hoy la revista especializada \\\"Kicker\\\". \\\"Tienes que ser\",\"inLanguage\":\"es-ES\",\"isPartOf\":{\"@id\":\"https:\\\/\\\/www.eldigitaldeasturias.com\\\/noticias\\\/#website\"},\"breadcrumb\":{\"@id\":\"https:\\\/\\\/www.eldigitaldeasturias.com\\\/noticias\\\/hoeness-ve-con-escepticismo-la-llegada-de-sane-al-bayern\\\/#breadcrumblist\"},\"author\":{\"@id\":\"https:\\\/\\\/www.eldigitaldeasturias.com\\\/noticias\\\/author\\\/admin\\\/#author\"},\"creator\":{\"@id\":\"https:\\\/\\\/www.eldigitaldeasturias.com\\\/noticias\\\/author\\\/admin\\\/#author\"},\"image\":{\"@type\":\"ImageObject\",\"url\":\"https:\\\/\\\/www.eldigitaldeasturias.com\\\/noticias\\\/wp-content\\\/uploads\\\/2018\\\/04\\\/arena-1181668_960_720.jpg\",\"@id\":\"https:\\\/\\\/www.eldigitaldeasturias.com\\\/noticias\\\/hoeness-ve-con-escepticismo-la-llegada-de-sane-al-bayern\\\/#mainImage\",\"width\":960,\"height\":640},\"primaryImageOfPage\":{\"@id\":\"https:\\\/\\\/www.eldigitaldeasturias.com\\\/noticias\\\/hoeness-ve-con-escepticismo-la-llegada-de-sane-al-bayern\\\/#mainImage\"},\"datePublished\":\"2019-06-03T21:07:45+02:00\",\"dateModified\":\"2019-06-03T21:07:45+02:00\"},{\"@type\":\"WebSite\",\"@id\":\"https:\\\/\\\/www.eldigitaldeasturias.com\\\/noticias\\\/#website\",\"url\":\"https:\\\/\\\/www.eldigitaldeasturias.com\\\/noticias\\\/\",\"name\":\"El Digital de Asturias - Diario de actualidad y noticias\",\"alternateName\":\"El Digital de Asturias - Diario de actualidad y noticias\",\"description\":\"Hemeroteca\",\"inLanguage\":\"es-ES\",\"publisher\":{\"@id\":\"https:\\\/\\\/www.eldigitaldeasturias.com\\\/noticias\\\/#organization\"}}]}\n\t\t<\/script>\n\t\t<!-- All in One SEO Pro -->\r\n\t\t<title>Hoeness ve con escepticismo la llegada de San\u00e9 al Bayern - El Digital de Asturias<\/title>\n\n","aioseo_head_json":{"title":"Hoeness ve con escepticismo la llegada de San\u00e9 al Bayern - El Digital de Asturias","description":"M\u00fanich, 3 jun (dpa) - El directivo del Bayern M\u00fanich Uli Hoeness sigue dudando de que el traspaso de Leroy San\u00e9 del Manchester City al club b\u00e1varo sea un \u00e9xito, a la par que la marcha de James Rodr\u00edguez de las filas muniquesas ser\u00eda inminente, seg\u00fan publica hoy la revista especializada \"Kicker\". \"Tienes que ser","canonical_url":"https:\/\/www.eldigitaldeasturias.com\/noticias\/hoeness-ve-con-escepticismo-la-llegada-de-sane-al-bayern\/","robots":"max-image-preview:large","keywords":"deportes","webmasterTools":{"google-site-verification":"UA-38556648-1","msvalidate.01":"7dfe9f3f1b24437ab69f4f2559babe99","miscellaneous":""},"schema":{"@context":"https:\/\/schema.org","@graph":[{"@type":"BlogPosting","@id":"https:\/\/www.eldigitaldeasturias.com\/noticias\/hoeness-ve-con-escepticismo-la-llegada-de-sane-al-bayern\/#blogposting","name":"Hoeness ve con escepticismo la llegada de San\u00e9 al Bayern - El Digital de Asturias","headline":"Hoeness ve con escepticismo la llegada de San\u00e9 al Bayern","author":{"@id":"https:\/\/www.eldigitaldeasturias.com\/noticias\/author\/admin\/#author"},"publisher":{"@id":"https:\/\/www.eldigitaldeasturias.com\/noticias\/#organization"},"image":{"@type":"ImageObject","url":"https:\/\/www.eldigitaldeasturias.com\/noticias\/wp-content\/uploads\/2018\/04\/arena-1181668_960_720.jpg","width":960,"height":640},"datePublished":"2019-06-03T21:07:45+02:00","dateModified":"2019-06-03T21:07:45+02:00","inLanguage":"es-ES","mainEntityOfPage":{"@id":"https:\/\/www.eldigitaldeasturias.com\/noticias\/hoeness-ve-con-escepticismo-la-llegada-de-sane-al-bayern\/#webpage"},"isPartOf":{"@id":"https:\/\/www.eldigitaldeasturias.com\/noticias\/hoeness-ve-con-escepticismo-la-llegada-de-sane-al-bayern\/#webpage"},"articleSection":"Deportes"},{"@type":"BreadcrumbList","@id":"https:\/\/www.eldigitaldeasturias.com\/noticias\/hoeness-ve-con-escepticismo-la-llegada-de-sane-al-bayern\/#breadcrumblist","itemListElement":[{"@type":"ListItem","@id":"https:\/\/www.eldigitaldeasturias.com\/noticias#listItem","position":1,"name":"Home","item":"https:\/\/www.eldigitaldeasturias.com\/noticias","nextItem":{"@type":"ListItem","@id":"https:\/\/www.eldigitaldeasturias.com\/noticias\/category\/deportes\/#listItem","name":"Deportes"}},{"@type":"ListItem","@id":"https:\/\/www.eldigitaldeasturias.com\/noticias\/category\/deportes\/#listItem","position":2,"name":"Deportes","item":"https:\/\/www.eldigitaldeasturias.com\/noticias\/category\/deportes\/","nextItem":{"@type":"ListItem","@id":"https:\/\/www.eldigitaldeasturias.com\/noticias\/hoeness-ve-con-escepticismo-la-llegada-de-sane-al-bayern\/#listItem","name":"Hoeness ve con escepticismo la llegada de San\u00e9 al Bayern"},"previousItem":{"@type":"ListItem","@id":"https:\/\/www.eldigitaldeasturias.com\/noticias#listItem","name":"Home"}},{"@type":"ListItem","@id":"https:\/\/www.eldigitaldeasturias.com\/noticias\/hoeness-ve-con-escepticismo-la-llegada-de-sane-al-bayern\/#listItem","position":3,"name":"Hoeness ve con escepticismo la llegada de San\u00e9 al Bayern","previousItem":{"@type":"ListItem","@id":"https:\/\/www.eldigitaldeasturias.com\/noticias\/category\/deportes\/#listItem","name":"Deportes"}}]},{"@type":"Organization","@id":"https:\/\/www.eldigitaldeasturias.com\/noticias\/#organization","name":"El Digital de Asturias","description":"Hemeroteca","url":"https:\/\/www.eldigitaldeasturias.com\/noticias\/","email":"info@eldigitaldeasturias.com","telephone":"+34652131393","logo":{"@type":"ImageObject","url":"https:\/\/www.eldigitaldeasturias.com\/noticias\/wp-content\/uploads\/2020\/12\/EDA.jpg","@id":"https:\/\/www.eldigitaldeasturias.com\/noticias\/hoeness-ve-con-escepticismo-la-llegada-de-sane-al-bayern\/#organizationLogo","width":649,"height":297},"image":{"@id":"https:\/\/www.eldigitaldeasturias.com\/noticias\/hoeness-ve-con-escepticismo-la-llegada-de-sane-al-bayern\/#organizationLogo"},"sameAs":["https:\/\/facebook.com\/eldigitaldeasturias","https:\/\/www.youtube.com\/channel\/UCZP-2wLEB9Rv6erhFmqVnvg"],"address":{"@id":"https:\/\/www.eldigitaldeasturias.com\/noticias\/#postaladdress","@type":"PostalAddress","streetAddress":"san antonio 4,","postalCode":"33430","addressLocality":"Cand\u00e1s","addressRegion":"Asturias","addressCountry":"ES"}},{"@type":"Person","@id":"https:\/\/www.eldigitaldeasturias.com\/noticias\/author\/admin\/#author","url":"https:\/\/www.eldigitaldeasturias.com\/noticias\/author\/admin\/","name":"El Digital de Asturias","image":{"@type":"ImageObject","@id":"https:\/\/www.eldigitaldeasturias.com\/noticias\/hoeness-ve-con-escepticismo-la-llegada-de-sane-al-bayern\/#authorImage","url":"https:\/\/www.eldigitaldeasturias.com\/noticias\/wp-content\/litespeed\/avatar\/18677e78aa0546b92d9dbf31ec7d7668.jpg?ver=1777290358","width":96,"height":96,"caption":"El Digital de Asturias"}},{"@type":"WebPage","@id":"https:\/\/www.eldigitaldeasturias.com\/noticias\/hoeness-ve-con-escepticismo-la-llegada-de-sane-al-bayern\/#webpage","url":"https:\/\/www.eldigitaldeasturias.com\/noticias\/hoeness-ve-con-escepticismo-la-llegada-de-sane-al-bayern\/","name":"Hoeness ve con escepticismo la llegada de San\u00e9 al Bayern - El Digital de Asturias","description":"M\u00fanich, 3 jun (dpa) - El directivo del Bayern M\u00fanich Uli Hoeness sigue dudando de que el traspaso de Leroy San\u00e9 del Manchester City al club b\u00e1varo sea un \u00e9xito, a la par que la marcha de James Rodr\u00edguez de las filas muniquesas ser\u00eda inminente, seg\u00fan publica hoy la revista especializada \"Kicker\". \"Tienes que ser","inLanguage":"es-ES","isPartOf":{"@id":"https:\/\/www.eldigitaldeasturias.com\/noticias\/#website"},"breadcrumb":{"@id":"https:\/\/www.eldigitaldeasturias.com\/noticias\/hoeness-ve-con-escepticismo-la-llegada-de-sane-al-bayern\/#breadcrumblist"},"author":{"@id":"https:\/\/www.eldigitaldeasturias.com\/noticias\/author\/admin\/#author"},"creator":{"@id":"https:\/\/www.eldigitaldeasturias.com\/noticias\/author\/admin\/#author"},"image":{"@type":"ImageObject","url":"https:\/\/www.eldigitaldeasturias.com\/noticias\/wp-content\/uploads\/2018\/04\/arena-1181668_960_720.jpg","@id":"https:\/\/www.eldigitaldeasturias.com\/noticias\/hoeness-ve-con-escepticismo-la-llegada-de-sane-al-bayern\/#mainImage","width":960,"height":640},"primaryImageOfPage":{"@id":"https:\/\/www.eldigitaldeasturias.com\/noticias\/hoeness-ve-con-escepticismo-la-llegada-de-sane-al-bayern\/#mainImage"},"datePublished":"2019-06-03T21:07:45+02:00","dateModified":"2019-06-03T21:07:45+02:00"},{"@type":"WebSite","@id":"https:\/\/www.eldigitaldeasturias.com\/noticias\/#website","url":"https:\/\/www.eldigitaldeasturias.com\/noticias\/","name":"El Digital de Asturias - Diario de actualidad y noticias","alternateName":"El Digital de Asturias - Diario de actualidad y noticias","description":"Hemeroteca","inLanguage":"es-ES","publisher":{"@id":"https:\/\/www.eldigitaldeasturias.com\/noticias\/#organization"}}]},"og:locale":"es_ES","og:site_name":"El Digital de Asturias","og:type":"article","og:title":"Hoeness ve con escepticismo la llegada de San\u00e9 al Bayern - El Digital de Asturias","og:description":"M\u00fanich, 3 jun (dpa) - El directivo del Bayern M\u00fanich Uli Hoeness sigue dudando de que el traspaso de Leroy San\u00e9 del Manchester City al club b\u00e1varo sea un \u00e9xito, a la par que la marcha de James Rodr\u00edguez de las filas muniquesas ser\u00eda inminente, seg\u00fan publica hoy la revista especializada &quot;Kicker&quot;. &quot;Tienes que ser","og:url":"https:\/\/www.eldigitaldeasturias.com\/noticias\/hoeness-ve-con-escepticismo-la-llegada-de-sane-al-bayern\/","og:image":"https:\/\/www.eldigitaldeasturias.com\/noticias\/wp-content\/uploads\/2018\/04\/arena-1181668_960_720.jpg","og:image:secure_url":"https:\/\/www.eldigitaldeasturias.com\/noticias\/wp-content\/uploads\/2018\/04\/arena-1181668_960_720.jpg","og:image:width":960,"og:image:height":640,"article:tag":["deportes"],"article:published_time":"2019-06-03T21:07:45+00:00","article:modified_time":"2019-06-03T21:07:45+00:00","article:publisher":"https:\/\/facebook.com\/eldigitaldeasturias","twitter:card":"summary_large_image","twitter:title":"Hoeness ve con escepticismo la llegada de San\u00e9 al Bayern - El Digital de Asturias","twitter:description":"M\u00fanich, 3 jun (dpa) - El directivo del Bayern M\u00fanich Uli Hoeness sigue dudando de que el traspaso de Leroy San\u00e9 del Manchester City al club b\u00e1varo sea un \u00e9xito, a la par que la marcha de James Rodr\u00edguez de las filas muniquesas ser\u00eda inminente, seg\u00fan publica hoy la revista especializada &quot;Kicker&quot;. &quot;Tienes que ser","twitter:image":"https:\/\/www.eldigitaldeasturias.com\/noticias\/wp-content\/uploads\/2018\/04\/arena-1181668_960_720.jpg","twitter:label1":"Escrito por","twitter:data1":"El Digital de Asturias","twitter:label2":"Tiempo de lectura estimado","twitter:data2":"2 minutos"},"aioseo_meta_data":{"post_id":"1029513","title":null,"description":null,"keywords":null,"keyphrases":null,"primary_term":null,"canonical_url":null,"og_title":null,"og_description":null,"og_object_type":"default","og_image_type":"default","og_image_url":null,"og_image_width":null,"og_image_height":null,"og_image_custom_url":null,"og_image_custom_fields":null,"og_video":null,"og_custom_url":null,"og_article_section":null,"og_article_tags":null,"twitter_use_og":false,"twitter_card":"default","twitter_image_type":"default","twitter_image_url":null,"twitter_image_custom_url":null,"twitter_image_custom_fields":null,"twitter_title":null,"twitter_description":null,"schema":{"blockGraphs":[],"customGraphs":[],"default":{"data":{"Article":[],"Course":[],"Dataset":[],"FAQPage":[],"Movie":[],"Person":[],"Product":[],"ProductReview":[],"Car":[],"Recipe":[],"Service":[],"SoftwareApplication":[],"WebPage":[]},"graphName":"","isEnabled":true},"graphs":[],"defaultGraph":"","defaultPostTypeGraph":""},"schema_type":null,"schema_type_options":null,"pillar_content":false,"robots_default":true,"robots_noindex":false,"robots_noarchive":false,"robots_nosnippet":false,"robots_nofollow":false,"robots_noimageindex":false,"robots_noodp":false,"robots_notranslate":false,"robots_max_snippet":null,"robots_max_videopreview":null,"robots_max_imagepreview":"large","priority":null,"frequency":null,"local_seo":null,"seo_analyzer_scan_date":"2025-10-18 12:32:09","breadcrumb_settings":null,"limit_modified_date":false,"open_ai":null,"ai":null,"created":"2020-12-21 11:11:01","updated":"2025-10-18 12:32:09"},"aioseo_breadcrumb":"<div class=\"aioseo-breadcrumbs\"><span class=\"aioseo-breadcrumb\">\n\t<a href=\"https:\/\/www.eldigitaldeasturias.com\/noticias\" title=\"Home\">Home<\/a>\n<\/span><span class=\"aioseo-breadcrumb-separator\">\u2013<\/span><span class=\"aioseo-breadcrumb\">\n\t<a href=\"https:\/\/www.eldigitaldeasturias.com\/noticias\/category\/deportes\/\" title=\"Deportes\">Deportes<\/a>\n<\/span><span class=\"aioseo-breadcrumb-separator\">\u2013<\/span><span class=\"aioseo-breadcrumb\">\n\t<a href=\"https:\/\/www.eldigitaldeasturias.com\/noticias\/hoeness-ve-con-escepticismo-la-llegada-de-sane-al-bayern\/\" title=\"Hoeness ve con escepticismo la llegada de San\u00e9 al Bayern\">Hoeness ve con escepticismo la llegada de San\u00e9 al Bayern<\/a>\n<\/span><\/div>","aioseo_breadcrumb_json":[{"label":"Home","link":"https:\/\/www.eldigitaldeasturias.com\/noticias"},{"label":"Deportes","link":"https:\/\/www.eldigitaldeasturias.com\/noticias\/category\/deportes\/"},{"label":"Hoeness ve con escepticismo la llegada de San\u00e9 al Bayern","link":"https:\/\/www.eldigitaldeasturias.com\/noticias\/hoeness-ve-con-escepticismo-la-llegada-de-sane-al-bayern\/"}],"_links":{"self":[{"href":"https:\/\/www.eldigitaldeasturias.com\/noticias\/wp-json\/wp\/v2\/posts\/1029513","targetHints":{"allow":["GET"]}}],"collection":[{"href":"https:\/\/www.eldigitaldeasturias.com\/noticias\/wp-json\/wp\/v2\/posts"}],"about":[{"href":"https:\/\/www.eldigitaldeasturias.com\/noticias\/wp-json\/wp\/v2\/types\/post"}],"author":[{"embeddable":true,"href":"https:\/\/www.eldigitaldeasturias.com\/noticias\/wp-json\/wp\/v2\/users\/1"}],"replies":[{"embeddable":true,"href":"https:\/\/www.eldigitaldeasturias.com\/noticias\/wp-json\/wp\/v2\/comments?post=1029513"}],"version-history":[{"count":0,"href":"https:\/\/www.eldigitaldeasturias.com\/noticias\/wp-json\/wp\/v2\/posts\/1029513\/revisions"}],"wp:featuredmedia":[{"embeddable":true,"href":"https:\/\/www.eldigitaldeasturias.com\/noticias\/wp-json\/wp\/v2\/media\/977427"}],"wp:attachment":[{"href":"https:\/\/www.eldigitaldeasturias.com\/noticias\/wp-json\/wp\/v2\/media?parent=1029513"}],"wp:term":[{"taxonomy":"category","embeddable":true,"href":"https:\/\/www.eldigitaldeasturias.com\/noticias\/wp-json\/wp\/v2\/categories?post=1029513"},{"taxonomy":"post_tag","embeddable":true,"href":"https:\/\/www.eldigitaldeasturias.com\/noticias\/wp-json\/wp\/v2\/tags?post=1029513"}],"curies":[{"name":"wp","href":"https:\/\/api.w.org\/{rel}","templated":true}]}}