{"id":1029370,"date":"2019-06-02T19:15:25","date_gmt":"2019-06-02T19:15:25","guid":{"rendered":"https:\/\/www.eldigitaldeasturias.com\/noticias\/?p=1029370"},"modified":"2019-06-02T19:15:25","modified_gmt":"2019-06-02T19:15:25","slug":"frodeno-y-kienle-continuan-su-preparacion-para-el-europeo-de-ironman","status":"publish","type":"post","link":"https:\/\/www.eldigitaldeasturias.com\/noticias\/frodeno-y-kienle-continuan-su-preparacion-para-el-europeo-de-ironman\/","title":{"rendered":"Frodeno y Kienle contin\u00faan su preparaci\u00f3n para el Europeo de Ironman"},"content":{"rendered":"<p><img loading=\"lazy\" decoding=\"async\" class=\"alignleft size-medium wp-image-1029371\" src=\"https:\/\/www.eldigitaldeasturias.com\/noticias\/wp-content\/uploads\/2019\/06\/ironman-2696691_960_720-360x239.jpg\" alt=\"\" width=\"360\" height=\"239\" srcset=\"https:\/\/www.eldigitaldeasturias.com\/noticias\/wp-content\/uploads\/2019\/06\/ironman-2696691_960_720-360x239.jpg 360w, https:\/\/www.eldigitaldeasturias.com\/noticias\/wp-content\/uploads\/2019\/06\/ironman-2696691_960_720-768x510.jpg 768w, https:\/\/www.eldigitaldeasturias.com\/noticias\/wp-content\/uploads\/2019\/06\/ironman-2696691_960_720-650x432.jpg 650w, https:\/\/www.eldigitaldeasturias.com\/noticias\/wp-content\/uploads\/2019\/06\/ironman-2696691_960_720-675x450.jpg 675w, https:\/\/www.eldigitaldeasturias.com\/noticias\/wp-content\/uploads\/2019\/06\/ironman-2696691_960_720.jpg 960w\" sizes=\"auto, (max-width: 360px) 100vw, 360px\" \/>Bad Schoenborn\/Samorin, 2 jun (dpa) \u2013 Los alemanes Jan Frodeno y Sebastian Kienle vencieron hoy en las pruebas de triatl\u00f3n celebradas en Kraichgau (Alemania) y Samorin (Eslovaquia), respectivamente, a cuatro semanas del Campeonato de Europa de Ironman, que tendr\u00e1 lugar en Fr\u00e1ncfort.<\/p>\n<p>Frodeno, campe\u00f3n ol\u00edmpico de triatl\u00f3n, gan\u00f3 el domingo la Kraichgau 70.3, en Alemania, mientras que Kienle lo hizo en Samorin, Eslovaquia, tambi\u00e9n en la distancia de 1,9 kil\u00f3metros a nado, 90 kil\u00f3metros en bicicleta y 21,1 kil\u00f3metros de carrera.<\/p>\n<p>Al igual que hace un a\u00f1o, Frodeno, de 37 a\u00f1os, domin\u00f3 la prueba de Kraichgau. El bicampe\u00f3n del mundo de Ironman lleg\u00f3 a la meta en Bad Schonborn con un registro de 3:53:09 horas, 12:50 minutos por delante del tambi\u00e9n alem\u00e1n Patrick Dirksmeier.<\/p>\n<p>La prueba de Samorin fue un poco m\u00e1s ajustada. Despu\u00e9s de dos segundos lugares en los \u00faltimos dos a\u00f1os, Kienle obtuvo la victoria con un tiempo de 3:38:50 horas, 32 segundos por delante del belga Pieter Heermeryck.<\/p>\n<p>Para las dos estrellas alemanas de Ironman, ambas pruebas fueron un test importante antes del Campeonato de Europa, que tendr\u00e1 lugar a finales de junio en Fr\u00e1ncfort. En \u00e9l se producir\u00e1 una lucha por el t\u00edtulo continental entre los campeones del mundo de los \u00faltimos cinco a\u00f1os, todos alemanes: Kienle (2014), Frodeno (2015 y 2016) y Patrick Lange (2017 y 2018).<\/p>\n<p>Despu\u00e9s del \u00e9xito en su estreno de la temporada a principios de mayo en el cl\u00e1sico de primavera sobre la distancia ol\u00edmpica en Buschhutten, la carrera de Kraichgau fue la segunda competici\u00f3n para Frodeno despu\u00e9s de una larga pausa por una fractura de cadera.<\/p>\n<p>Fue su primera carrera sobre la media distancia del Ironman desde su triunfo en el Campeonato del Mundo a principios de septiembre en Sud\u00e1frica. Tambi\u00e9n Kienle se lesion\u00f3 el a\u00f1o pasado y gan\u00f3 el Heilbronn Challenge hace dos semanas, en la media distancia.<\/p>\n<p>&nbsp;<\/p>\n","protected":false},"excerpt":{"rendered":"<p>Bad Schoenborn\/Samorin, 2 jun (dpa) \u2013 Los alemanes Jan Frodeno y Sebastian Kienle vencieron hoy en las pruebas de triatl\u00f3n celebradas en Kraichgau (Alemania) y Samorin (Eslovaquia), respectivamente, a cuatro semanas del Campeonato de Europa de Ironman, que tendr\u00e1 lugar en Fr\u00e1ncfort. Frodeno, campe\u00f3n ol\u00edmpico de triatl\u00f3n, gan\u00f3 el domingo la Kraichgau 70.3, en Alemania, [&hellip;]<\/p>\n","protected":false},"author":1,"featured_media":1029371,"comment_status":"closed","ping_status":"closed","sticky":false,"template":"","format":"standard","meta":{"footnotes":""},"categories":[190],"tags":[],"class_list":["post-1029370","post","type-post","status-publish","format-standard","has-post-thumbnail","hentry","category-deportes"],"aioseo_notices":[],"aioseo_head":"\n\t\t<!-- All in One SEO Pro 4.9.6.2 - aioseo.com -->\n\t<meta name=\"description\" content=\"Bad Schoenborn\/Samorin, 2 jun (dpa) \u2013 Los alemanes Jan Frodeno y Sebastian Kienle vencieron hoy en las pruebas de triatl\u00f3n celebradas en Kraichgau (Alemania) y Samorin (Eslovaquia), respectivamente, a cuatro semanas del Campeonato de Europa de Ironman, que tendr\u00e1 lugar en Fr\u00e1ncfort. Frodeno, campe\u00f3n ol\u00edmpico de triatl\u00f3n, gan\u00f3 el domingo la Kraichgau 70.3, en Alemania,\" \/>\n\t<meta name=\"robots\" content=\"max-image-preview:large\" \/>\n\t<meta name=\"author\" content=\"El Digital de Asturias\"\/>\n\t<meta name=\"google-site-verification\" content=\"UA-38556648-1\" \/>\n\t<meta name=\"msvalidate.01\" content=\"7dfe9f3f1b24437ab69f4f2559babe99\" \/>\n\t<meta name=\"keywords\" content=\"deportes\" \/>\n\t<link rel=\"canonical\" href=\"https:\/\/www.eldigitaldeasturias.com\/noticias\/frodeno-y-kienle-continuan-su-preparacion-para-el-europeo-de-ironman\/\" \/>\n\t<meta name=\"generator\" content=\"All in One SEO Pro (AIOSEO) 4.9.6.2\" \/>\n\t\t<meta property=\"og:locale\" content=\"es_ES\" \/>\n\t\t<meta property=\"og:site_name\" content=\"El Digital de Asturias\" \/>\n\t\t<meta property=\"og:type\" content=\"article\" \/>\n\t\t<meta property=\"og:title\" content=\"Frodeno y Kienle contin\u00faan su preparaci\u00f3n para el Europeo de Ironman - El Digital de Asturias\" \/>\n\t\t<meta property=\"og:description\" content=\"Bad Schoenborn\/Samorin, 2 jun (dpa) \u2013 Los alemanes Jan Frodeno y Sebastian Kienle vencieron hoy en las pruebas de triatl\u00f3n celebradas en Kraichgau (Alemania) y Samorin (Eslovaquia), respectivamente, a cuatro semanas del Campeonato de Europa de Ironman, que tendr\u00e1 lugar en Fr\u00e1ncfort. Frodeno, campe\u00f3n ol\u00edmpico de triatl\u00f3n, gan\u00f3 el domingo la Kraichgau 70.3, en Alemania,\" \/>\n\t\t<meta property=\"og:url\" content=\"https:\/\/www.eldigitaldeasturias.com\/noticias\/frodeno-y-kienle-continuan-su-preparacion-para-el-europeo-de-ironman\/\" \/>\n\t\t<meta property=\"og:image\" content=\"https:\/\/www.eldigitaldeasturias.com\/noticias\/wp-content\/uploads\/2019\/06\/ironman-2696691_960_720.jpg\" \/>\n\t\t<meta property=\"og:image:secure_url\" content=\"https:\/\/www.eldigitaldeasturias.com\/noticias\/wp-content\/uploads\/2019\/06\/ironman-2696691_960_720.jpg\" \/>\n\t\t<meta property=\"og:image:width\" content=\"960\" \/>\n\t\t<meta property=\"og:image:height\" content=\"638\" \/>\n\t\t<meta property=\"article:tag\" content=\"deportes\" \/>\n\t\t<meta property=\"article:published_time\" content=\"2019-06-02T19:15:25+00:00\" \/>\n\t\t<meta property=\"article:modified_time\" content=\"2019-06-02T19:15:25+00:00\" \/>\n\t\t<meta property=\"article:publisher\" content=\"https:\/\/facebook.com\/eldigitaldeasturias\" \/>\n\t\t<meta name=\"twitter:card\" content=\"summary_large_image\" \/>\n\t\t<meta name=\"twitter:title\" content=\"Frodeno y Kienle contin\u00faan su preparaci\u00f3n para el Europeo de Ironman - El Digital de Asturias\" \/>\n\t\t<meta name=\"twitter:description\" content=\"Bad Schoenborn\/Samorin, 2 jun (dpa) \u2013 Los alemanes Jan Frodeno y Sebastian Kienle vencieron hoy en las pruebas de triatl\u00f3n celebradas en Kraichgau (Alemania) y Samorin (Eslovaquia), respectivamente, a cuatro semanas del Campeonato de Europa de Ironman, que tendr\u00e1 lugar en Fr\u00e1ncfort. Frodeno, campe\u00f3n ol\u00edmpico de triatl\u00f3n, gan\u00f3 el domingo la Kraichgau 70.3, en Alemania,\" \/>\n\t\t<meta name=\"twitter:image\" content=\"https:\/\/www.eldigitaldeasturias.com\/noticias\/wp-content\/uploads\/2019\/06\/ironman-2696691_960_720.jpg\" \/>\n\t\t<meta name=\"twitter:label1\" content=\"Escrito por\" \/>\n\t\t<meta name=\"twitter:data1\" content=\"El Digital de Asturias\" \/>\n\t\t<meta name=\"twitter:label2\" content=\"Tiempo de lectura estimado\" \/>\n\t\t<meta name=\"twitter:data2\" content=\"2 minutos\" \/>\n\t\t<script type=\"application\/ld+json\" class=\"aioseo-schema\">\n\t\t\t{\"@context\":\"https:\\\/\\\/schema.org\",\"@graph\":[{\"@type\":\"BlogPosting\",\"@id\":\"https:\\\/\\\/www.eldigitaldeasturias.com\\\/noticias\\\/frodeno-y-kienle-continuan-su-preparacion-para-el-europeo-de-ironman\\\/#blogposting\",\"name\":\"Frodeno y Kienle contin\\u00faan su preparaci\\u00f3n para el Europeo de Ironman - El Digital de Asturias\",\"headline\":\"Frodeno y Kienle contin\\u00faan su preparaci\\u00f3n para el Europeo de Ironman\",\"author\":{\"@id\":\"https:\\\/\\\/www.eldigitaldeasturias.com\\\/noticias\\\/author\\\/admin\\\/#author\"},\"publisher\":{\"@id\":\"https:\\\/\\\/www.eldigitaldeasturias.com\\\/noticias\\\/#organization\"},\"image\":{\"@type\":\"ImageObject\",\"url\":\"https:\\\/\\\/www.eldigitaldeasturias.com\\\/noticias\\\/wp-content\\\/uploads\\\/2019\\\/06\\\/ironman-2696691_960_720.jpg\",\"width\":960,\"height\":638},\"datePublished\":\"2019-06-02T19:15:25+02:00\",\"dateModified\":\"2019-06-02T19:15:25+02:00\",\"inLanguage\":\"es-ES\",\"mainEntityOfPage\":{\"@id\":\"https:\\\/\\\/www.eldigitaldeasturias.com\\\/noticias\\\/frodeno-y-kienle-continuan-su-preparacion-para-el-europeo-de-ironman\\\/#webpage\"},\"isPartOf\":{\"@id\":\"https:\\\/\\\/www.eldigitaldeasturias.com\\\/noticias\\\/frodeno-y-kienle-continuan-su-preparacion-para-el-europeo-de-ironman\\\/#webpage\"},\"articleSection\":\"Deportes\"},{\"@type\":\"BreadcrumbList\",\"@id\":\"https:\\\/\\\/www.eldigitaldeasturias.com\\\/noticias\\\/frodeno-y-kienle-continuan-su-preparacion-para-el-europeo-de-ironman\\\/#breadcrumblist\",\"itemListElement\":[{\"@type\":\"ListItem\",\"@id\":\"https:\\\/\\\/www.eldigitaldeasturias.com\\\/noticias#listItem\",\"position\":1,\"name\":\"Home\",\"item\":\"https:\\\/\\\/www.eldigitaldeasturias.com\\\/noticias\",\"nextItem\":{\"@type\":\"ListItem\",\"@id\":\"https:\\\/\\\/www.eldigitaldeasturias.com\\\/noticias\\\/category\\\/deportes\\\/#listItem\",\"name\":\"Deportes\"}},{\"@type\":\"ListItem\",\"@id\":\"https:\\\/\\\/www.eldigitaldeasturias.com\\\/noticias\\\/category\\\/deportes\\\/#listItem\",\"position\":2,\"name\":\"Deportes\",\"item\":\"https:\\\/\\\/www.eldigitaldeasturias.com\\\/noticias\\\/category\\\/deportes\\\/\",\"nextItem\":{\"@type\":\"ListItem\",\"@id\":\"https:\\\/\\\/www.eldigitaldeasturias.com\\\/noticias\\\/frodeno-y-kienle-continuan-su-preparacion-para-el-europeo-de-ironman\\\/#listItem\",\"name\":\"Frodeno y Kienle contin\\u00faan su preparaci\\u00f3n para el Europeo de Ironman\"},\"previousItem\":{\"@type\":\"ListItem\",\"@id\":\"https:\\\/\\\/www.eldigitaldeasturias.com\\\/noticias#listItem\",\"name\":\"Home\"}},{\"@type\":\"ListItem\",\"@id\":\"https:\\\/\\\/www.eldigitaldeasturias.com\\\/noticias\\\/frodeno-y-kienle-continuan-su-preparacion-para-el-europeo-de-ironman\\\/#listItem\",\"position\":3,\"name\":\"Frodeno y Kienle contin\\u00faan su preparaci\\u00f3n para el Europeo de Ironman\",\"previousItem\":{\"@type\":\"ListItem\",\"@id\":\"https:\\\/\\\/www.eldigitaldeasturias.com\\\/noticias\\\/category\\\/deportes\\\/#listItem\",\"name\":\"Deportes\"}}]},{\"@type\":\"Organization\",\"@id\":\"https:\\\/\\\/www.eldigitaldeasturias.com\\\/noticias\\\/#organization\",\"name\":\"El Digital de Asturias\",\"description\":\"Hemeroteca\",\"url\":\"https:\\\/\\\/www.eldigitaldeasturias.com\\\/noticias\\\/\",\"email\":\"info@eldigitaldeasturias.com\",\"telephone\":\"+34652131393\",\"logo\":{\"@type\":\"ImageObject\",\"url\":\"https:\\\/\\\/www.eldigitaldeasturias.com\\\/noticias\\\/wp-content\\\/uploads\\\/2020\\\/12\\\/EDA.jpg\",\"@id\":\"https:\\\/\\\/www.eldigitaldeasturias.com\\\/noticias\\\/frodeno-y-kienle-continuan-su-preparacion-para-el-europeo-de-ironman\\\/#organizationLogo\",\"width\":649,\"height\":297},\"image\":{\"@id\":\"https:\\\/\\\/www.eldigitaldeasturias.com\\\/noticias\\\/frodeno-y-kienle-continuan-su-preparacion-para-el-europeo-de-ironman\\\/#organizationLogo\"},\"sameAs\":[\"https:\\\/\\\/facebook.com\\\/eldigitaldeasturias\",\"https:\\\/\\\/www.youtube.com\\\/channel\\\/UCZP-2wLEB9Rv6erhFmqVnvg\"],\"address\":{\"@id\":\"https:\\\/\\\/www.eldigitaldeasturias.com\\\/noticias\\\/#postaladdress\",\"@type\":\"PostalAddress\",\"streetAddress\":\"san antonio 4,\",\"postalCode\":\"33430\",\"addressLocality\":\"Cand\\u00e1s\",\"addressRegion\":\"Asturias\",\"addressCountry\":\"ES\"}},{\"@type\":\"Person\",\"@id\":\"https:\\\/\\\/www.eldigitaldeasturias.com\\\/noticias\\\/author\\\/admin\\\/#author\",\"url\":\"https:\\\/\\\/www.eldigitaldeasturias.com\\\/noticias\\\/author\\\/admin\\\/\",\"name\":\"El Digital de Asturias\",\"image\":{\"@type\":\"ImageObject\",\"@id\":\"https:\\\/\\\/www.eldigitaldeasturias.com\\\/noticias\\\/frodeno-y-kienle-continuan-su-preparacion-para-el-europeo-de-ironman\\\/#authorImage\",\"url\":\"https:\\\/\\\/www.eldigitaldeasturias.com\\\/noticias\\\/wp-content\\\/litespeed\\\/avatar\\\/18677e78aa0546b92d9dbf31ec7d7668.jpg?ver=1777290358\",\"width\":96,\"height\":96,\"caption\":\"El Digital de Asturias\"}},{\"@type\":\"WebPage\",\"@id\":\"https:\\\/\\\/www.eldigitaldeasturias.com\\\/noticias\\\/frodeno-y-kienle-continuan-su-preparacion-para-el-europeo-de-ironman\\\/#webpage\",\"url\":\"https:\\\/\\\/www.eldigitaldeasturias.com\\\/noticias\\\/frodeno-y-kienle-continuan-su-preparacion-para-el-europeo-de-ironman\\\/\",\"name\":\"Frodeno y Kienle contin\\u00faan su preparaci\\u00f3n para el Europeo de Ironman - El Digital de Asturias\",\"description\":\"Bad Schoenborn\\\/Samorin, 2 jun (dpa) \\u2013 Los alemanes Jan Frodeno y Sebastian Kienle vencieron hoy en las pruebas de triatl\\u00f3n celebradas en Kraichgau (Alemania) y Samorin (Eslovaquia), respectivamente, a cuatro semanas del Campeonato de Europa de Ironman, que tendr\\u00e1 lugar en Fr\\u00e1ncfort. Frodeno, campe\\u00f3n ol\\u00edmpico de triatl\\u00f3n, gan\\u00f3 el domingo la Kraichgau 70.3, en Alemania,\",\"inLanguage\":\"es-ES\",\"isPartOf\":{\"@id\":\"https:\\\/\\\/www.eldigitaldeasturias.com\\\/noticias\\\/#website\"},\"breadcrumb\":{\"@id\":\"https:\\\/\\\/www.eldigitaldeasturias.com\\\/noticias\\\/frodeno-y-kienle-continuan-su-preparacion-para-el-europeo-de-ironman\\\/#breadcrumblist\"},\"author\":{\"@id\":\"https:\\\/\\\/www.eldigitaldeasturias.com\\\/noticias\\\/author\\\/admin\\\/#author\"},\"creator\":{\"@id\":\"https:\\\/\\\/www.eldigitaldeasturias.com\\\/noticias\\\/author\\\/admin\\\/#author\"},\"image\":{\"@type\":\"ImageObject\",\"url\":\"https:\\\/\\\/www.eldigitaldeasturias.com\\\/noticias\\\/wp-content\\\/uploads\\\/2019\\\/06\\\/ironman-2696691_960_720.jpg\",\"@id\":\"https:\\\/\\\/www.eldigitaldeasturias.com\\\/noticias\\\/frodeno-y-kienle-continuan-su-preparacion-para-el-europeo-de-ironman\\\/#mainImage\",\"width\":960,\"height\":638},\"primaryImageOfPage\":{\"@id\":\"https:\\\/\\\/www.eldigitaldeasturias.com\\\/noticias\\\/frodeno-y-kienle-continuan-su-preparacion-para-el-europeo-de-ironman\\\/#mainImage\"},\"datePublished\":\"2019-06-02T19:15:25+02:00\",\"dateModified\":\"2019-06-02T19:15:25+02:00\"},{\"@type\":\"WebSite\",\"@id\":\"https:\\\/\\\/www.eldigitaldeasturias.com\\\/noticias\\\/#website\",\"url\":\"https:\\\/\\\/www.eldigitaldeasturias.com\\\/noticias\\\/\",\"name\":\"El Digital de Asturias - Diario de actualidad y noticias\",\"alternateName\":\"El Digital de Asturias - Diario de actualidad y noticias\",\"description\":\"Hemeroteca\",\"inLanguage\":\"es-ES\",\"publisher\":{\"@id\":\"https:\\\/\\\/www.eldigitaldeasturias.com\\\/noticias\\\/#organization\"}}]}\n\t\t<\/script>\n\t\t<!-- All in One SEO Pro -->\r\n\t\t<title>Frodeno y Kienle contin\u00faan su preparaci\u00f3n para el Europeo de Ironman - El Digital de Asturias<\/title>\n\n","aioseo_head_json":{"title":"Frodeno y Kienle contin\u00faan su preparaci\u00f3n para el Europeo de Ironman - El Digital de Asturias","description":"Bad Schoenborn\/Samorin, 2 jun (dpa) \u2013 Los alemanes Jan Frodeno y Sebastian Kienle vencieron hoy en las pruebas de triatl\u00f3n celebradas en Kraichgau (Alemania) y Samorin (Eslovaquia), respectivamente, a cuatro semanas del Campeonato de Europa de Ironman, que tendr\u00e1 lugar en Fr\u00e1ncfort. Frodeno, campe\u00f3n ol\u00edmpico de triatl\u00f3n, gan\u00f3 el domingo la Kraichgau 70.3, en Alemania,","canonical_url":"https:\/\/www.eldigitaldeasturias.com\/noticias\/frodeno-y-kienle-continuan-su-preparacion-para-el-europeo-de-ironman\/","robots":"max-image-preview:large","keywords":"deportes","webmasterTools":{"google-site-verification":"UA-38556648-1","msvalidate.01":"7dfe9f3f1b24437ab69f4f2559babe99","miscellaneous":""},"schema":{"@context":"https:\/\/schema.org","@graph":[{"@type":"BlogPosting","@id":"https:\/\/www.eldigitaldeasturias.com\/noticias\/frodeno-y-kienle-continuan-su-preparacion-para-el-europeo-de-ironman\/#blogposting","name":"Frodeno y Kienle contin\u00faan su preparaci\u00f3n para el Europeo de Ironman - El Digital de Asturias","headline":"Frodeno y Kienle contin\u00faan su preparaci\u00f3n para el Europeo de Ironman","author":{"@id":"https:\/\/www.eldigitaldeasturias.com\/noticias\/author\/admin\/#author"},"publisher":{"@id":"https:\/\/www.eldigitaldeasturias.com\/noticias\/#organization"},"image":{"@type":"ImageObject","url":"https:\/\/www.eldigitaldeasturias.com\/noticias\/wp-content\/uploads\/2019\/06\/ironman-2696691_960_720.jpg","width":960,"height":638},"datePublished":"2019-06-02T19:15:25+02:00","dateModified":"2019-06-02T19:15:25+02:00","inLanguage":"es-ES","mainEntityOfPage":{"@id":"https:\/\/www.eldigitaldeasturias.com\/noticias\/frodeno-y-kienle-continuan-su-preparacion-para-el-europeo-de-ironman\/#webpage"},"isPartOf":{"@id":"https:\/\/www.eldigitaldeasturias.com\/noticias\/frodeno-y-kienle-continuan-su-preparacion-para-el-europeo-de-ironman\/#webpage"},"articleSection":"Deportes"},{"@type":"BreadcrumbList","@id":"https:\/\/www.eldigitaldeasturias.com\/noticias\/frodeno-y-kienle-continuan-su-preparacion-para-el-europeo-de-ironman\/#breadcrumblist","itemListElement":[{"@type":"ListItem","@id":"https:\/\/www.eldigitaldeasturias.com\/noticias#listItem","position":1,"name":"Home","item":"https:\/\/www.eldigitaldeasturias.com\/noticias","nextItem":{"@type":"ListItem","@id":"https:\/\/www.eldigitaldeasturias.com\/noticias\/category\/deportes\/#listItem","name":"Deportes"}},{"@type":"ListItem","@id":"https:\/\/www.eldigitaldeasturias.com\/noticias\/category\/deportes\/#listItem","position":2,"name":"Deportes","item":"https:\/\/www.eldigitaldeasturias.com\/noticias\/category\/deportes\/","nextItem":{"@type":"ListItem","@id":"https:\/\/www.eldigitaldeasturias.com\/noticias\/frodeno-y-kienle-continuan-su-preparacion-para-el-europeo-de-ironman\/#listItem","name":"Frodeno y Kienle contin\u00faan su preparaci\u00f3n para el Europeo de Ironman"},"previousItem":{"@type":"ListItem","@id":"https:\/\/www.eldigitaldeasturias.com\/noticias#listItem","name":"Home"}},{"@type":"ListItem","@id":"https:\/\/www.eldigitaldeasturias.com\/noticias\/frodeno-y-kienle-continuan-su-preparacion-para-el-europeo-de-ironman\/#listItem","position":3,"name":"Frodeno y Kienle contin\u00faan su preparaci\u00f3n para el Europeo de Ironman","previousItem":{"@type":"ListItem","@id":"https:\/\/www.eldigitaldeasturias.com\/noticias\/category\/deportes\/#listItem","name":"Deportes"}}]},{"@type":"Organization","@id":"https:\/\/www.eldigitaldeasturias.com\/noticias\/#organization","name":"El Digital de Asturias","description":"Hemeroteca","url":"https:\/\/www.eldigitaldeasturias.com\/noticias\/","email":"info@eldigitaldeasturias.com","telephone":"+34652131393","logo":{"@type":"ImageObject","url":"https:\/\/www.eldigitaldeasturias.com\/noticias\/wp-content\/uploads\/2020\/12\/EDA.jpg","@id":"https:\/\/www.eldigitaldeasturias.com\/noticias\/frodeno-y-kienle-continuan-su-preparacion-para-el-europeo-de-ironman\/#organizationLogo","width":649,"height":297},"image":{"@id":"https:\/\/www.eldigitaldeasturias.com\/noticias\/frodeno-y-kienle-continuan-su-preparacion-para-el-europeo-de-ironman\/#organizationLogo"},"sameAs":["https:\/\/facebook.com\/eldigitaldeasturias","https:\/\/www.youtube.com\/channel\/UCZP-2wLEB9Rv6erhFmqVnvg"],"address":{"@id":"https:\/\/www.eldigitaldeasturias.com\/noticias\/#postaladdress","@type":"PostalAddress","streetAddress":"san antonio 4,","postalCode":"33430","addressLocality":"Cand\u00e1s","addressRegion":"Asturias","addressCountry":"ES"}},{"@type":"Person","@id":"https:\/\/www.eldigitaldeasturias.com\/noticias\/author\/admin\/#author","url":"https:\/\/www.eldigitaldeasturias.com\/noticias\/author\/admin\/","name":"El Digital de Asturias","image":{"@type":"ImageObject","@id":"https:\/\/www.eldigitaldeasturias.com\/noticias\/frodeno-y-kienle-continuan-su-preparacion-para-el-europeo-de-ironman\/#authorImage","url":"https:\/\/www.eldigitaldeasturias.com\/noticias\/wp-content\/litespeed\/avatar\/18677e78aa0546b92d9dbf31ec7d7668.jpg?ver=1777290358","width":96,"height":96,"caption":"El Digital de Asturias"}},{"@type":"WebPage","@id":"https:\/\/www.eldigitaldeasturias.com\/noticias\/frodeno-y-kienle-continuan-su-preparacion-para-el-europeo-de-ironman\/#webpage","url":"https:\/\/www.eldigitaldeasturias.com\/noticias\/frodeno-y-kienle-continuan-su-preparacion-para-el-europeo-de-ironman\/","name":"Frodeno y Kienle contin\u00faan su preparaci\u00f3n para el Europeo de Ironman - El Digital de Asturias","description":"Bad Schoenborn\/Samorin, 2 jun (dpa) \u2013 Los alemanes Jan Frodeno y Sebastian Kienle vencieron hoy en las pruebas de triatl\u00f3n celebradas en Kraichgau (Alemania) y Samorin (Eslovaquia), respectivamente, a cuatro semanas del Campeonato de Europa de Ironman, que tendr\u00e1 lugar en Fr\u00e1ncfort. Frodeno, campe\u00f3n ol\u00edmpico de triatl\u00f3n, gan\u00f3 el domingo la Kraichgau 70.3, en Alemania,","inLanguage":"es-ES","isPartOf":{"@id":"https:\/\/www.eldigitaldeasturias.com\/noticias\/#website"},"breadcrumb":{"@id":"https:\/\/www.eldigitaldeasturias.com\/noticias\/frodeno-y-kienle-continuan-su-preparacion-para-el-europeo-de-ironman\/#breadcrumblist"},"author":{"@id":"https:\/\/www.eldigitaldeasturias.com\/noticias\/author\/admin\/#author"},"creator":{"@id":"https:\/\/www.eldigitaldeasturias.com\/noticias\/author\/admin\/#author"},"image":{"@type":"ImageObject","url":"https:\/\/www.eldigitaldeasturias.com\/noticias\/wp-content\/uploads\/2019\/06\/ironman-2696691_960_720.jpg","@id":"https:\/\/www.eldigitaldeasturias.com\/noticias\/frodeno-y-kienle-continuan-su-preparacion-para-el-europeo-de-ironman\/#mainImage","width":960,"height":638},"primaryImageOfPage":{"@id":"https:\/\/www.eldigitaldeasturias.com\/noticias\/frodeno-y-kienle-continuan-su-preparacion-para-el-europeo-de-ironman\/#mainImage"},"datePublished":"2019-06-02T19:15:25+02:00","dateModified":"2019-06-02T19:15:25+02:00"},{"@type":"WebSite","@id":"https:\/\/www.eldigitaldeasturias.com\/noticias\/#website","url":"https:\/\/www.eldigitaldeasturias.com\/noticias\/","name":"El Digital de Asturias - Diario de actualidad y noticias","alternateName":"El Digital de Asturias - Diario de actualidad y noticias","description":"Hemeroteca","inLanguage":"es-ES","publisher":{"@id":"https:\/\/www.eldigitaldeasturias.com\/noticias\/#organization"}}]},"og:locale":"es_ES","og:site_name":"El Digital de Asturias","og:type":"article","og:title":"Frodeno y Kienle contin\u00faan su preparaci\u00f3n para el Europeo de Ironman - El Digital de Asturias","og:description":"Bad Schoenborn\/Samorin, 2 jun (dpa) \u2013 Los alemanes Jan Frodeno y Sebastian Kienle vencieron hoy en las pruebas de triatl\u00f3n celebradas en Kraichgau (Alemania) y Samorin (Eslovaquia), respectivamente, a cuatro semanas del Campeonato de Europa de Ironman, que tendr\u00e1 lugar en Fr\u00e1ncfort. Frodeno, campe\u00f3n ol\u00edmpico de triatl\u00f3n, gan\u00f3 el domingo la Kraichgau 70.3, en Alemania,","og:url":"https:\/\/www.eldigitaldeasturias.com\/noticias\/frodeno-y-kienle-continuan-su-preparacion-para-el-europeo-de-ironman\/","og:image":"https:\/\/www.eldigitaldeasturias.com\/noticias\/wp-content\/uploads\/2019\/06\/ironman-2696691_960_720.jpg","og:image:secure_url":"https:\/\/www.eldigitaldeasturias.com\/noticias\/wp-content\/uploads\/2019\/06\/ironman-2696691_960_720.jpg","og:image:width":960,"og:image:height":638,"article:tag":["deportes"],"article:published_time":"2019-06-02T19:15:25+00:00","article:modified_time":"2019-06-02T19:15:25+00:00","article:publisher":"https:\/\/facebook.com\/eldigitaldeasturias","twitter:card":"summary_large_image","twitter:title":"Frodeno y Kienle contin\u00faan su preparaci\u00f3n para el Europeo de Ironman - El Digital de Asturias","twitter:description":"Bad Schoenborn\/Samorin, 2 jun (dpa) \u2013 Los alemanes Jan Frodeno y Sebastian Kienle vencieron hoy en las pruebas de triatl\u00f3n celebradas en Kraichgau (Alemania) y Samorin (Eslovaquia), respectivamente, a cuatro semanas del Campeonato de Europa de Ironman, que tendr\u00e1 lugar en Fr\u00e1ncfort. Frodeno, campe\u00f3n ol\u00edmpico de triatl\u00f3n, gan\u00f3 el domingo la Kraichgau 70.3, en Alemania,","twitter:image":"https:\/\/www.eldigitaldeasturias.com\/noticias\/wp-content\/uploads\/2019\/06\/ironman-2696691_960_720.jpg","twitter:label1":"Escrito por","twitter:data1":"El Digital de Asturias","twitter:label2":"Tiempo de lectura estimado","twitter:data2":"2 minutos"},"aioseo_meta_data":{"post_id":"1029370","title":null,"description":null,"keywords":null,"keyphrases":null,"primary_term":null,"canonical_url":null,"og_title":null,"og_description":null,"og_object_type":"default","og_image_type":"default","og_image_url":null,"og_image_width":null,"og_image_height":null,"og_image_custom_url":null,"og_image_custom_fields":null,"og_video":null,"og_custom_url":null,"og_article_section":null,"og_article_tags":null,"twitter_use_og":false,"twitter_card":"default","twitter_image_type":"default","twitter_image_url":null,"twitter_image_custom_url":null,"twitter_image_custom_fields":null,"twitter_title":null,"twitter_description":null,"schema":{"blockGraphs":[],"customGraphs":[],"default":{"data":{"Article":[],"Course":[],"Dataset":[],"FAQPage":[],"Movie":[],"Person":[],"Product":[],"ProductReview":[],"Car":[],"Recipe":[],"Service":[],"SoftwareApplication":[],"WebPage":[]},"graphName":"","isEnabled":true},"graphs":[],"defaultGraph":"","defaultPostTypeGraph":""},"schema_type":null,"schema_type_options":null,"pillar_content":false,"robots_default":true,"robots_noindex":false,"robots_noarchive":false,"robots_nosnippet":false,"robots_nofollow":false,"robots_noimageindex":false,"robots_noodp":false,"robots_notranslate":false,"robots_max_snippet":null,"robots_max_videopreview":null,"robots_max_imagepreview":"large","priority":null,"frequency":null,"local_seo":null,"seo_analyzer_scan_date":"2025-10-18 12:05:10","breadcrumb_settings":null,"limit_modified_date":false,"open_ai":null,"ai":null,"created":"2020-12-21 11:11:08","updated":"2025-10-18 12:05:10"},"aioseo_breadcrumb":"<div class=\"aioseo-breadcrumbs\"><span class=\"aioseo-breadcrumb\">\n\t<a href=\"https:\/\/www.eldigitaldeasturias.com\/noticias\" title=\"Home\">Home<\/a>\n<\/span><span class=\"aioseo-breadcrumb-separator\">\u2013<\/span><span class=\"aioseo-breadcrumb\">\n\t<a href=\"https:\/\/www.eldigitaldeasturias.com\/noticias\/category\/deportes\/\" title=\"Deportes\">Deportes<\/a>\n<\/span><span class=\"aioseo-breadcrumb-separator\">\u2013<\/span><span class=\"aioseo-breadcrumb\">\n\t<a href=\"https:\/\/www.eldigitaldeasturias.com\/noticias\/frodeno-y-kienle-continuan-su-preparacion-para-el-europeo-de-ironman\/\" title=\"Frodeno y Kienle contin\u00faan su preparaci\u00f3n para el Europeo de Ironman\">Frodeno y Kienle contin\u00faan su preparaci\u00f3n para el Europeo de Ironman<\/a>\n<\/span><\/div>","aioseo_breadcrumb_json":[{"label":"Home","link":"https:\/\/www.eldigitaldeasturias.com\/noticias"},{"label":"Deportes","link":"https:\/\/www.eldigitaldeasturias.com\/noticias\/category\/deportes\/"},{"label":"Frodeno y Kienle contin\u00faan su preparaci\u00f3n para el Europeo de Ironman","link":"https:\/\/www.eldigitaldeasturias.com\/noticias\/frodeno-y-kienle-continuan-su-preparacion-para-el-europeo-de-ironman\/"}],"_links":{"self":[{"href":"https:\/\/www.eldigitaldeasturias.com\/noticias\/wp-json\/wp\/v2\/posts\/1029370","targetHints":{"allow":["GET"]}}],"collection":[{"href":"https:\/\/www.eldigitaldeasturias.com\/noticias\/wp-json\/wp\/v2\/posts"}],"about":[{"href":"https:\/\/www.eldigitaldeasturias.com\/noticias\/wp-json\/wp\/v2\/types\/post"}],"author":[{"embeddable":true,"href":"https:\/\/www.eldigitaldeasturias.com\/noticias\/wp-json\/wp\/v2\/users\/1"}],"replies":[{"embeddable":true,"href":"https:\/\/www.eldigitaldeasturias.com\/noticias\/wp-json\/wp\/v2\/comments?post=1029370"}],"version-history":[{"count":0,"href":"https:\/\/www.eldigitaldeasturias.com\/noticias\/wp-json\/wp\/v2\/posts\/1029370\/revisions"}],"wp:featuredmedia":[{"embeddable":true,"href":"https:\/\/www.eldigitaldeasturias.com\/noticias\/wp-json\/wp\/v2\/media\/1029371"}],"wp:attachment":[{"href":"https:\/\/www.eldigitaldeasturias.com\/noticias\/wp-json\/wp\/v2\/media?parent=1029370"}],"wp:term":[{"taxonomy":"category","embeddable":true,"href":"https:\/\/www.eldigitaldeasturias.com\/noticias\/wp-json\/wp\/v2\/categories?post=1029370"},{"taxonomy":"post_tag","embeddable":true,"href":"https:\/\/www.eldigitaldeasturias.com\/noticias\/wp-json\/wp\/v2\/tags?post=1029370"}],"curies":[{"name":"wp","href":"https:\/\/api.w.org\/{rel}","templated":true}]}}