{"id":1029368,"date":"2019-06-02T18:57:50","date_gmt":"2019-06-02T18:57:50","guid":{"rendered":"https:\/\/www.eldigitaldeasturias.com\/noticias\/?p=1029368"},"modified":"2019-06-02T18:57:51","modified_gmt":"2019-06-02T18:57:51","slug":"el-dortmund-descarta-el-traspaso-de-gotze","status":"publish","type":"post","link":"https:\/\/www.eldigitaldeasturias.com\/noticias\/el-dortmund-descarta-el-traspaso-de-gotze\/","title":{"rendered":"El Dortmund descarta el traspaso de G\u00f6tze"},"content":{"rendered":"<p><img loading=\"lazy\" decoding=\"async\" class=\"alignleft size-medium wp-image-988327\" src=\"https:\/\/www.eldigitaldeasturias.com\/noticias\/wp-content\/uploads\/2018\/07\/football-fans-797383_960_720-335x320.jpg\" alt=\"\" width=\"335\" height=\"320\" srcset=\"https:\/\/www.eldigitaldeasturias.com\/noticias\/wp-content\/uploads\/2018\/07\/football-fans-797383_960_720-335x320.jpg 335w, https:\/\/www.eldigitaldeasturias.com\/noticias\/wp-content\/uploads\/2018\/07\/football-fans-797383_960_720-502x480.jpg 502w, https:\/\/www.eldigitaldeasturias.com\/noticias\/wp-content\/uploads\/2018\/07\/football-fans-797383_960_720-396x377.jpg 396w, https:\/\/www.eldigitaldeasturias.com\/noticias\/wp-content\/uploads\/2018\/07\/football-fans-797383_960_720.jpg 753w\" sizes=\"auto, (max-width: 335px) 100vw, 335px\" \/>Madrid, 2 jun (dpa) &#8211; El gerente general del Borussia Dortmund, Hans-Joachim Watzke, descart\u00f3 el traspaso de Mario G\u00f6tze al Arsenal en declaraciones al canal digital DAZN en la noche del s\u00e1bado.<\/p>\n<p>\u00abNo veo porqu\u00e9 deber\u00eda irse\u00bb, dijo Watzke con motivo de la final de la Liga de Campeones en Madrid. Anteriormente, los medios de comunicaci\u00f3n hab\u00edan informado de que el equipo ingl\u00e9s estaba considerando fichar al ex internacional alem\u00e1n.<\/p>\n<p>Watzke se\u00f1al\u00f3 que G\u00f6tze no hab\u00eda comunicado al club ninguna solicitud de traspaso. Y dado que el jugador de 26 a\u00f1os es uno de los mejores jugadores de Dortmund, Watzke asegur\u00f3 que G\u00f6tze seguir\u00e1 jugando en las filas del club de la Bundesliga en la pr\u00f3xima temporada.<\/p>\n<p>G\u00f6tze tiene contrato con el Dortmund hasta el a\u00f1o 2020 y la directiva del club hizo p\u00fablico en varias ocasiones que deseaba prorrogarlo en breve.<\/p>\n<p>El centrocampista alem\u00e1n tuvo un buen rendimiento en la segunda mitad de la temporada. En un art\u00edculo para el portal \u00abThe Players&#8217; Tribune\u00bb, G\u00f6tze escribi\u00f3 a final de temporada que Dortmund era \u00abuna parte muy especial\u00bb de su vida.<\/p>\n<p>&nbsp;<\/p>\n","protected":false},"excerpt":{"rendered":"<p>Madrid, 2 jun (dpa) &#8211; El gerente general del Borussia Dortmund, Hans-Joachim Watzke, descart\u00f3 el traspaso de Mario G\u00f6tze al Arsenal en declaraciones al canal digital DAZN en la noche del s\u00e1bado. \u00abNo veo porqu\u00e9 deber\u00eda irse\u00bb, dijo Watzke con motivo de la final de la Liga de Campeones en Madrid. Anteriormente, los medios de [&hellip;]<\/p>\n","protected":false},"author":1,"featured_media":988327,"comment_status":"closed","ping_status":"closed","sticky":false,"template":"","format":"standard","meta":{"footnotes":""},"categories":[190],"tags":[],"class_list":["post-1029368","post","type-post","status-publish","format-standard","has-post-thumbnail","hentry","category-deportes"],"aioseo_notices":[],"aioseo_head":"\n\t\t<!-- All in One SEO Pro 4.9.6.2 - aioseo.com -->\n\t<meta name=\"description\" content=\"Madrid, 2 jun (dpa) - El gerente general del Borussia Dortmund, Hans-Joachim Watzke, descart\u00f3 el traspaso de Mario G\u00f6tze al Arsenal en declaraciones al canal digital DAZN en la noche del s\u00e1bado. &quot;No veo porqu\u00e9 deber\u00eda irse&quot;, dijo Watzke con motivo de la final de la Liga de Campeones en Madrid. Anteriormente, los medios de\" \/>\n\t<meta name=\"robots\" content=\"max-image-preview:large\" \/>\n\t<meta name=\"author\" content=\"El Digital de Asturias\"\/>\n\t<meta name=\"google-site-verification\" content=\"UA-38556648-1\" \/>\n\t<meta name=\"msvalidate.01\" content=\"7dfe9f3f1b24437ab69f4f2559babe99\" \/>\n\t<meta name=\"keywords\" content=\"deportes\" \/>\n\t<link rel=\"canonical\" href=\"https:\/\/www.eldigitaldeasturias.com\/noticias\/el-dortmund-descarta-el-traspaso-de-gotze\/\" \/>\n\t<meta name=\"generator\" content=\"All in One SEO Pro (AIOSEO) 4.9.6.2\" \/>\n\t\t<meta property=\"og:locale\" content=\"es_ES\" \/>\n\t\t<meta property=\"og:site_name\" content=\"El Digital de Asturias\" \/>\n\t\t<meta property=\"og:type\" content=\"article\" \/>\n\t\t<meta property=\"og:title\" content=\"El Dortmund descarta el traspaso de G\u00f6tze - El Digital de Asturias\" \/>\n\t\t<meta property=\"og:description\" content=\"Madrid, 2 jun (dpa) - El gerente general del Borussia Dortmund, Hans-Joachim Watzke, descart\u00f3 el traspaso de Mario G\u00f6tze al Arsenal en declaraciones al canal digital DAZN en la noche del s\u00e1bado. &quot;No veo porqu\u00e9 deber\u00eda irse&quot;, dijo Watzke con motivo de la final de la Liga de Campeones en Madrid. Anteriormente, los medios de\" \/>\n\t\t<meta property=\"og:url\" content=\"https:\/\/www.eldigitaldeasturias.com\/noticias\/el-dortmund-descarta-el-traspaso-de-gotze\/\" \/>\n\t\t<meta property=\"og:image\" content=\"https:\/\/www.eldigitaldeasturias.com\/noticias\/wp-content\/uploads\/2018\/07\/football-fans-797383_960_720.jpg\" \/>\n\t\t<meta property=\"og:image:secure_url\" content=\"https:\/\/www.eldigitaldeasturias.com\/noticias\/wp-content\/uploads\/2018\/07\/football-fans-797383_960_720.jpg\" \/>\n\t\t<meta property=\"og:image:width\" content=\"753\" \/>\n\t\t<meta property=\"og:image:height\" content=\"720\" \/>\n\t\t<meta property=\"article:tag\" content=\"deportes\" \/>\n\t\t<meta property=\"article:published_time\" content=\"2019-06-02T18:57:50+00:00\" \/>\n\t\t<meta property=\"article:modified_time\" content=\"2019-06-02T18:57:51+00:00\" \/>\n\t\t<meta property=\"article:publisher\" content=\"https:\/\/facebook.com\/eldigitaldeasturias\" \/>\n\t\t<meta name=\"twitter:card\" content=\"summary_large_image\" \/>\n\t\t<meta name=\"twitter:title\" content=\"El Dortmund descarta el traspaso de G\u00f6tze - El Digital de Asturias\" \/>\n\t\t<meta name=\"twitter:description\" content=\"Madrid, 2 jun (dpa) - El gerente general del Borussia Dortmund, Hans-Joachim Watzke, descart\u00f3 el traspaso de Mario G\u00f6tze al Arsenal en declaraciones al canal digital DAZN en la noche del s\u00e1bado. &quot;No veo porqu\u00e9 deber\u00eda irse&quot;, dijo Watzke con motivo de la final de la Liga de Campeones en Madrid. Anteriormente, los medios de\" \/>\n\t\t<meta name=\"twitter:image\" content=\"https:\/\/www.eldigitaldeasturias.com\/noticias\/wp-content\/uploads\/2018\/07\/football-fans-797383_960_720.jpg\" \/>\n\t\t<meta name=\"twitter:label1\" content=\"Escrito por\" \/>\n\t\t<meta name=\"twitter:data1\" content=\"El Digital de Asturias\" \/>\n\t\t<meta name=\"twitter:label2\" content=\"Tiempo de lectura estimado\" \/>\n\t\t<meta name=\"twitter:data2\" content=\"1 minuto\" \/>\n\t\t<script type=\"application\/ld+json\" class=\"aioseo-schema\">\n\t\t\t{\"@context\":\"https:\\\/\\\/schema.org\",\"@graph\":[{\"@type\":\"BlogPosting\",\"@id\":\"https:\\\/\\\/www.eldigitaldeasturias.com\\\/noticias\\\/el-dortmund-descarta-el-traspaso-de-gotze\\\/#blogposting\",\"name\":\"El Dortmund descarta el traspaso de G\\u00f6tze - El Digital de Asturias\",\"headline\":\"El Dortmund descarta el traspaso de G\\u00f6tze\",\"author\":{\"@id\":\"https:\\\/\\\/www.eldigitaldeasturias.com\\\/noticias\\\/author\\\/admin\\\/#author\"},\"publisher\":{\"@id\":\"https:\\\/\\\/www.eldigitaldeasturias.com\\\/noticias\\\/#organization\"},\"image\":{\"@type\":\"ImageObject\",\"url\":\"https:\\\/\\\/www.eldigitaldeasturias.com\\\/noticias\\\/wp-content\\\/uploads\\\/2018\\\/07\\\/football-fans-797383_960_720.jpg\",\"width\":753,\"height\":720},\"datePublished\":\"2019-06-02T18:57:50+02:00\",\"dateModified\":\"2019-06-02T18:57:51+02:00\",\"inLanguage\":\"es-ES\",\"mainEntityOfPage\":{\"@id\":\"https:\\\/\\\/www.eldigitaldeasturias.com\\\/noticias\\\/el-dortmund-descarta-el-traspaso-de-gotze\\\/#webpage\"},\"isPartOf\":{\"@id\":\"https:\\\/\\\/www.eldigitaldeasturias.com\\\/noticias\\\/el-dortmund-descarta-el-traspaso-de-gotze\\\/#webpage\"},\"articleSection\":\"Deportes\"},{\"@type\":\"BreadcrumbList\",\"@id\":\"https:\\\/\\\/www.eldigitaldeasturias.com\\\/noticias\\\/el-dortmund-descarta-el-traspaso-de-gotze\\\/#breadcrumblist\",\"itemListElement\":[{\"@type\":\"ListItem\",\"@id\":\"https:\\\/\\\/www.eldigitaldeasturias.com\\\/noticias#listItem\",\"position\":1,\"name\":\"Home\",\"item\":\"https:\\\/\\\/www.eldigitaldeasturias.com\\\/noticias\",\"nextItem\":{\"@type\":\"ListItem\",\"@id\":\"https:\\\/\\\/www.eldigitaldeasturias.com\\\/noticias\\\/category\\\/deportes\\\/#listItem\",\"name\":\"Deportes\"}},{\"@type\":\"ListItem\",\"@id\":\"https:\\\/\\\/www.eldigitaldeasturias.com\\\/noticias\\\/category\\\/deportes\\\/#listItem\",\"position\":2,\"name\":\"Deportes\",\"item\":\"https:\\\/\\\/www.eldigitaldeasturias.com\\\/noticias\\\/category\\\/deportes\\\/\",\"nextItem\":{\"@type\":\"ListItem\",\"@id\":\"https:\\\/\\\/www.eldigitaldeasturias.com\\\/noticias\\\/el-dortmund-descarta-el-traspaso-de-gotze\\\/#listItem\",\"name\":\"El Dortmund descarta el traspaso de G\\u00f6tze\"},\"previousItem\":{\"@type\":\"ListItem\",\"@id\":\"https:\\\/\\\/www.eldigitaldeasturias.com\\\/noticias#listItem\",\"name\":\"Home\"}},{\"@type\":\"ListItem\",\"@id\":\"https:\\\/\\\/www.eldigitaldeasturias.com\\\/noticias\\\/el-dortmund-descarta-el-traspaso-de-gotze\\\/#listItem\",\"position\":3,\"name\":\"El Dortmund descarta el traspaso de G\\u00f6tze\",\"previousItem\":{\"@type\":\"ListItem\",\"@id\":\"https:\\\/\\\/www.eldigitaldeasturias.com\\\/noticias\\\/category\\\/deportes\\\/#listItem\",\"name\":\"Deportes\"}}]},{\"@type\":\"Organization\",\"@id\":\"https:\\\/\\\/www.eldigitaldeasturias.com\\\/noticias\\\/#organization\",\"name\":\"El Digital de Asturias\",\"description\":\"Hemeroteca\",\"url\":\"https:\\\/\\\/www.eldigitaldeasturias.com\\\/noticias\\\/\",\"email\":\"info@eldigitaldeasturias.com\",\"telephone\":\"+34652131393\",\"logo\":{\"@type\":\"ImageObject\",\"url\":\"https:\\\/\\\/www.eldigitaldeasturias.com\\\/noticias\\\/wp-content\\\/uploads\\\/2020\\\/12\\\/EDA.jpg\",\"@id\":\"https:\\\/\\\/www.eldigitaldeasturias.com\\\/noticias\\\/el-dortmund-descarta-el-traspaso-de-gotze\\\/#organizationLogo\",\"width\":649,\"height\":297},\"image\":{\"@id\":\"https:\\\/\\\/www.eldigitaldeasturias.com\\\/noticias\\\/el-dortmund-descarta-el-traspaso-de-gotze\\\/#organizationLogo\"},\"sameAs\":[\"https:\\\/\\\/facebook.com\\\/eldigitaldeasturias\",\"https:\\\/\\\/www.youtube.com\\\/channel\\\/UCZP-2wLEB9Rv6erhFmqVnvg\"],\"address\":{\"@id\":\"https:\\\/\\\/www.eldigitaldeasturias.com\\\/noticias\\\/#postaladdress\",\"@type\":\"PostalAddress\",\"streetAddress\":\"san antonio 4,\",\"postalCode\":\"33430\",\"addressLocality\":\"Cand\\u00e1s\",\"addressRegion\":\"Asturias\",\"addressCountry\":\"ES\"}},{\"@type\":\"Person\",\"@id\":\"https:\\\/\\\/www.eldigitaldeasturias.com\\\/noticias\\\/author\\\/admin\\\/#author\",\"url\":\"https:\\\/\\\/www.eldigitaldeasturias.com\\\/noticias\\\/author\\\/admin\\\/\",\"name\":\"El Digital de Asturias\",\"image\":{\"@type\":\"ImageObject\",\"@id\":\"https:\\\/\\\/www.eldigitaldeasturias.com\\\/noticias\\\/el-dortmund-descarta-el-traspaso-de-gotze\\\/#authorImage\",\"url\":\"https:\\\/\\\/www.eldigitaldeasturias.com\\\/noticias\\\/wp-content\\\/litespeed\\\/avatar\\\/18677e78aa0546b92d9dbf31ec7d7668.jpg?ver=1777290358\",\"width\":96,\"height\":96,\"caption\":\"El Digital de Asturias\"}},{\"@type\":\"WebPage\",\"@id\":\"https:\\\/\\\/www.eldigitaldeasturias.com\\\/noticias\\\/el-dortmund-descarta-el-traspaso-de-gotze\\\/#webpage\",\"url\":\"https:\\\/\\\/www.eldigitaldeasturias.com\\\/noticias\\\/el-dortmund-descarta-el-traspaso-de-gotze\\\/\",\"name\":\"El Dortmund descarta el traspaso de G\\u00f6tze - El Digital de Asturias\",\"description\":\"Madrid, 2 jun (dpa) - El gerente general del Borussia Dortmund, Hans-Joachim Watzke, descart\\u00f3 el traspaso de Mario G\\u00f6tze al Arsenal en declaraciones al canal digital DAZN en la noche del s\\u00e1bado. \\\"No veo porqu\\u00e9 deber\\u00eda irse\\\", dijo Watzke con motivo de la final de la Liga de Campeones en Madrid. Anteriormente, los medios de\",\"inLanguage\":\"es-ES\",\"isPartOf\":{\"@id\":\"https:\\\/\\\/www.eldigitaldeasturias.com\\\/noticias\\\/#website\"},\"breadcrumb\":{\"@id\":\"https:\\\/\\\/www.eldigitaldeasturias.com\\\/noticias\\\/el-dortmund-descarta-el-traspaso-de-gotze\\\/#breadcrumblist\"},\"author\":{\"@id\":\"https:\\\/\\\/www.eldigitaldeasturias.com\\\/noticias\\\/author\\\/admin\\\/#author\"},\"creator\":{\"@id\":\"https:\\\/\\\/www.eldigitaldeasturias.com\\\/noticias\\\/author\\\/admin\\\/#author\"},\"image\":{\"@type\":\"ImageObject\",\"url\":\"https:\\\/\\\/www.eldigitaldeasturias.com\\\/noticias\\\/wp-content\\\/uploads\\\/2018\\\/07\\\/football-fans-797383_960_720.jpg\",\"@id\":\"https:\\\/\\\/www.eldigitaldeasturias.com\\\/noticias\\\/el-dortmund-descarta-el-traspaso-de-gotze\\\/#mainImage\",\"width\":753,\"height\":720},\"primaryImageOfPage\":{\"@id\":\"https:\\\/\\\/www.eldigitaldeasturias.com\\\/noticias\\\/el-dortmund-descarta-el-traspaso-de-gotze\\\/#mainImage\"},\"datePublished\":\"2019-06-02T18:57:50+02:00\",\"dateModified\":\"2019-06-02T18:57:51+02:00\"},{\"@type\":\"WebSite\",\"@id\":\"https:\\\/\\\/www.eldigitaldeasturias.com\\\/noticias\\\/#website\",\"url\":\"https:\\\/\\\/www.eldigitaldeasturias.com\\\/noticias\\\/\",\"name\":\"El Digital de Asturias - Diario de actualidad y noticias\",\"alternateName\":\"El Digital de Asturias - Diario de actualidad y noticias\",\"description\":\"Hemeroteca\",\"inLanguage\":\"es-ES\",\"publisher\":{\"@id\":\"https:\\\/\\\/www.eldigitaldeasturias.com\\\/noticias\\\/#organization\"}}]}\n\t\t<\/script>\n\t\t<!-- All in One SEO Pro -->\r\n\t\t<title>El Dortmund descarta el traspaso de G\u00f6tze - El Digital de Asturias<\/title>\n\n","aioseo_head_json":{"title":"El Dortmund descarta el traspaso de G\u00f6tze - El Digital de Asturias","description":"Madrid, 2 jun (dpa) - El gerente general del Borussia Dortmund, Hans-Joachim Watzke, descart\u00f3 el traspaso de Mario G\u00f6tze al Arsenal en declaraciones al canal digital DAZN en la noche del s\u00e1bado. \"No veo porqu\u00e9 deber\u00eda irse\", dijo Watzke con motivo de la final de la Liga de Campeones en Madrid. Anteriormente, los medios de","canonical_url":"https:\/\/www.eldigitaldeasturias.com\/noticias\/el-dortmund-descarta-el-traspaso-de-gotze\/","robots":"max-image-preview:large","keywords":"deportes","webmasterTools":{"google-site-verification":"UA-38556648-1","msvalidate.01":"7dfe9f3f1b24437ab69f4f2559babe99","miscellaneous":""},"schema":{"@context":"https:\/\/schema.org","@graph":[{"@type":"BlogPosting","@id":"https:\/\/www.eldigitaldeasturias.com\/noticias\/el-dortmund-descarta-el-traspaso-de-gotze\/#blogposting","name":"El Dortmund descarta el traspaso de G\u00f6tze - El Digital de Asturias","headline":"El Dortmund descarta el traspaso de G\u00f6tze","author":{"@id":"https:\/\/www.eldigitaldeasturias.com\/noticias\/author\/admin\/#author"},"publisher":{"@id":"https:\/\/www.eldigitaldeasturias.com\/noticias\/#organization"},"image":{"@type":"ImageObject","url":"https:\/\/www.eldigitaldeasturias.com\/noticias\/wp-content\/uploads\/2018\/07\/football-fans-797383_960_720.jpg","width":753,"height":720},"datePublished":"2019-06-02T18:57:50+02:00","dateModified":"2019-06-02T18:57:51+02:00","inLanguage":"es-ES","mainEntityOfPage":{"@id":"https:\/\/www.eldigitaldeasturias.com\/noticias\/el-dortmund-descarta-el-traspaso-de-gotze\/#webpage"},"isPartOf":{"@id":"https:\/\/www.eldigitaldeasturias.com\/noticias\/el-dortmund-descarta-el-traspaso-de-gotze\/#webpage"},"articleSection":"Deportes"},{"@type":"BreadcrumbList","@id":"https:\/\/www.eldigitaldeasturias.com\/noticias\/el-dortmund-descarta-el-traspaso-de-gotze\/#breadcrumblist","itemListElement":[{"@type":"ListItem","@id":"https:\/\/www.eldigitaldeasturias.com\/noticias#listItem","position":1,"name":"Home","item":"https:\/\/www.eldigitaldeasturias.com\/noticias","nextItem":{"@type":"ListItem","@id":"https:\/\/www.eldigitaldeasturias.com\/noticias\/category\/deportes\/#listItem","name":"Deportes"}},{"@type":"ListItem","@id":"https:\/\/www.eldigitaldeasturias.com\/noticias\/category\/deportes\/#listItem","position":2,"name":"Deportes","item":"https:\/\/www.eldigitaldeasturias.com\/noticias\/category\/deportes\/","nextItem":{"@type":"ListItem","@id":"https:\/\/www.eldigitaldeasturias.com\/noticias\/el-dortmund-descarta-el-traspaso-de-gotze\/#listItem","name":"El Dortmund descarta el traspaso de G\u00f6tze"},"previousItem":{"@type":"ListItem","@id":"https:\/\/www.eldigitaldeasturias.com\/noticias#listItem","name":"Home"}},{"@type":"ListItem","@id":"https:\/\/www.eldigitaldeasturias.com\/noticias\/el-dortmund-descarta-el-traspaso-de-gotze\/#listItem","position":3,"name":"El Dortmund descarta el traspaso de G\u00f6tze","previousItem":{"@type":"ListItem","@id":"https:\/\/www.eldigitaldeasturias.com\/noticias\/category\/deportes\/#listItem","name":"Deportes"}}]},{"@type":"Organization","@id":"https:\/\/www.eldigitaldeasturias.com\/noticias\/#organization","name":"El Digital de Asturias","description":"Hemeroteca","url":"https:\/\/www.eldigitaldeasturias.com\/noticias\/","email":"info@eldigitaldeasturias.com","telephone":"+34652131393","logo":{"@type":"ImageObject","url":"https:\/\/www.eldigitaldeasturias.com\/noticias\/wp-content\/uploads\/2020\/12\/EDA.jpg","@id":"https:\/\/www.eldigitaldeasturias.com\/noticias\/el-dortmund-descarta-el-traspaso-de-gotze\/#organizationLogo","width":649,"height":297},"image":{"@id":"https:\/\/www.eldigitaldeasturias.com\/noticias\/el-dortmund-descarta-el-traspaso-de-gotze\/#organizationLogo"},"sameAs":["https:\/\/facebook.com\/eldigitaldeasturias","https:\/\/www.youtube.com\/channel\/UCZP-2wLEB9Rv6erhFmqVnvg"],"address":{"@id":"https:\/\/www.eldigitaldeasturias.com\/noticias\/#postaladdress","@type":"PostalAddress","streetAddress":"san antonio 4,","postalCode":"33430","addressLocality":"Cand\u00e1s","addressRegion":"Asturias","addressCountry":"ES"}},{"@type":"Person","@id":"https:\/\/www.eldigitaldeasturias.com\/noticias\/author\/admin\/#author","url":"https:\/\/www.eldigitaldeasturias.com\/noticias\/author\/admin\/","name":"El Digital de Asturias","image":{"@type":"ImageObject","@id":"https:\/\/www.eldigitaldeasturias.com\/noticias\/el-dortmund-descarta-el-traspaso-de-gotze\/#authorImage","url":"https:\/\/www.eldigitaldeasturias.com\/noticias\/wp-content\/litespeed\/avatar\/18677e78aa0546b92d9dbf31ec7d7668.jpg?ver=1777290358","width":96,"height":96,"caption":"El Digital de Asturias"}},{"@type":"WebPage","@id":"https:\/\/www.eldigitaldeasturias.com\/noticias\/el-dortmund-descarta-el-traspaso-de-gotze\/#webpage","url":"https:\/\/www.eldigitaldeasturias.com\/noticias\/el-dortmund-descarta-el-traspaso-de-gotze\/","name":"El Dortmund descarta el traspaso de G\u00f6tze - El Digital de Asturias","description":"Madrid, 2 jun (dpa) - El gerente general del Borussia Dortmund, Hans-Joachim Watzke, descart\u00f3 el traspaso de Mario G\u00f6tze al Arsenal en declaraciones al canal digital DAZN en la noche del s\u00e1bado. \"No veo porqu\u00e9 deber\u00eda irse\", dijo Watzke con motivo de la final de la Liga de Campeones en Madrid. Anteriormente, los medios de","inLanguage":"es-ES","isPartOf":{"@id":"https:\/\/www.eldigitaldeasturias.com\/noticias\/#website"},"breadcrumb":{"@id":"https:\/\/www.eldigitaldeasturias.com\/noticias\/el-dortmund-descarta-el-traspaso-de-gotze\/#breadcrumblist"},"author":{"@id":"https:\/\/www.eldigitaldeasturias.com\/noticias\/author\/admin\/#author"},"creator":{"@id":"https:\/\/www.eldigitaldeasturias.com\/noticias\/author\/admin\/#author"},"image":{"@type":"ImageObject","url":"https:\/\/www.eldigitaldeasturias.com\/noticias\/wp-content\/uploads\/2018\/07\/football-fans-797383_960_720.jpg","@id":"https:\/\/www.eldigitaldeasturias.com\/noticias\/el-dortmund-descarta-el-traspaso-de-gotze\/#mainImage","width":753,"height":720},"primaryImageOfPage":{"@id":"https:\/\/www.eldigitaldeasturias.com\/noticias\/el-dortmund-descarta-el-traspaso-de-gotze\/#mainImage"},"datePublished":"2019-06-02T18:57:50+02:00","dateModified":"2019-06-02T18:57:51+02:00"},{"@type":"WebSite","@id":"https:\/\/www.eldigitaldeasturias.com\/noticias\/#website","url":"https:\/\/www.eldigitaldeasturias.com\/noticias\/","name":"El Digital de Asturias - Diario de actualidad y noticias","alternateName":"El Digital de Asturias - Diario de actualidad y noticias","description":"Hemeroteca","inLanguage":"es-ES","publisher":{"@id":"https:\/\/www.eldigitaldeasturias.com\/noticias\/#organization"}}]},"og:locale":"es_ES","og:site_name":"El Digital de Asturias","og:type":"article","og:title":"El Dortmund descarta el traspaso de G\u00f6tze - El Digital de Asturias","og:description":"Madrid, 2 jun (dpa) - El gerente general del Borussia Dortmund, Hans-Joachim Watzke, descart\u00f3 el traspaso de Mario G\u00f6tze al Arsenal en declaraciones al canal digital DAZN en la noche del s\u00e1bado. &quot;No veo porqu\u00e9 deber\u00eda irse&quot;, dijo Watzke con motivo de la final de la Liga de Campeones en Madrid. Anteriormente, los medios de","og:url":"https:\/\/www.eldigitaldeasturias.com\/noticias\/el-dortmund-descarta-el-traspaso-de-gotze\/","og:image":"https:\/\/www.eldigitaldeasturias.com\/noticias\/wp-content\/uploads\/2018\/07\/football-fans-797383_960_720.jpg","og:image:secure_url":"https:\/\/www.eldigitaldeasturias.com\/noticias\/wp-content\/uploads\/2018\/07\/football-fans-797383_960_720.jpg","og:image:width":753,"og:image:height":720,"article:tag":["deportes"],"article:published_time":"2019-06-02T18:57:50+00:00","article:modified_time":"2019-06-02T18:57:51+00:00","article:publisher":"https:\/\/facebook.com\/eldigitaldeasturias","twitter:card":"summary_large_image","twitter:title":"El Dortmund descarta el traspaso de G\u00f6tze - El Digital de Asturias","twitter:description":"Madrid, 2 jun (dpa) - El gerente general del Borussia Dortmund, Hans-Joachim Watzke, descart\u00f3 el traspaso de Mario G\u00f6tze al Arsenal en declaraciones al canal digital DAZN en la noche del s\u00e1bado. &quot;No veo porqu\u00e9 deber\u00eda irse&quot;, dijo Watzke con motivo de la final de la Liga de Campeones en Madrid. Anteriormente, los medios de","twitter:image":"https:\/\/www.eldigitaldeasturias.com\/noticias\/wp-content\/uploads\/2018\/07\/football-fans-797383_960_720.jpg","twitter:label1":"Escrito por","twitter:data1":"El Digital de Asturias","twitter:label2":"Tiempo de lectura estimado","twitter:data2":"1 minuto"},"aioseo_meta_data":{"post_id":"1029368","title":null,"description":null,"keywords":null,"keyphrases":null,"primary_term":null,"canonical_url":null,"og_title":null,"og_description":null,"og_object_type":"default","og_image_type":"default","og_image_url":null,"og_image_width":null,"og_image_height":null,"og_image_custom_url":null,"og_image_custom_fields":null,"og_video":null,"og_custom_url":null,"og_article_section":null,"og_article_tags":null,"twitter_use_og":false,"twitter_card":"default","twitter_image_type":"default","twitter_image_url":null,"twitter_image_custom_url":null,"twitter_image_custom_fields":null,"twitter_title":null,"twitter_description":null,"schema":{"blockGraphs":[],"customGraphs":[],"default":{"data":{"Article":[],"Course":[],"Dataset":[],"FAQPage":[],"Movie":[],"Person":[],"Product":[],"ProductReview":[],"Car":[],"Recipe":[],"Service":[],"SoftwareApplication":[],"WebPage":[]},"graphName":"","isEnabled":true},"graphs":[],"defaultGraph":"","defaultPostTypeGraph":""},"schema_type":null,"schema_type_options":null,"pillar_content":false,"robots_default":true,"robots_noindex":false,"robots_noarchive":false,"robots_nosnippet":false,"robots_nofollow":false,"robots_noimageindex":false,"robots_noodp":false,"robots_notranslate":false,"robots_max_snippet":null,"robots_max_videopreview":null,"robots_max_imagepreview":"large","priority":null,"frequency":null,"local_seo":null,"seo_analyzer_scan_date":"2025-10-18 12:02:41","breadcrumb_settings":null,"limit_modified_date":false,"open_ai":null,"ai":null,"created":"2020-12-21 11:11:08","updated":"2025-10-18 12:02:41"},"aioseo_breadcrumb":"<div class=\"aioseo-breadcrumbs\"><span class=\"aioseo-breadcrumb\">\n\t<a href=\"https:\/\/www.eldigitaldeasturias.com\/noticias\" title=\"Home\">Home<\/a>\n<\/span><span class=\"aioseo-breadcrumb-separator\">\u2013<\/span><span class=\"aioseo-breadcrumb\">\n\t<a href=\"https:\/\/www.eldigitaldeasturias.com\/noticias\/category\/deportes\/\" title=\"Deportes\">Deportes<\/a>\n<\/span><span class=\"aioseo-breadcrumb-separator\">\u2013<\/span><span class=\"aioseo-breadcrumb\">\n\t<a href=\"https:\/\/www.eldigitaldeasturias.com\/noticias\/el-dortmund-descarta-el-traspaso-de-gotze\/\" title=\"El Dortmund descarta el traspaso de G\u00f6tze\">El Dortmund descarta el traspaso de G\u00f6tze<\/a>\n<\/span><\/div>","aioseo_breadcrumb_json":[{"label":"Home","link":"https:\/\/www.eldigitaldeasturias.com\/noticias"},{"label":"Deportes","link":"https:\/\/www.eldigitaldeasturias.com\/noticias\/category\/deportes\/"},{"label":"El Dortmund descarta el traspaso de G\u00f6tze","link":"https:\/\/www.eldigitaldeasturias.com\/noticias\/el-dortmund-descarta-el-traspaso-de-gotze\/"}],"_links":{"self":[{"href":"https:\/\/www.eldigitaldeasturias.com\/noticias\/wp-json\/wp\/v2\/posts\/1029368","targetHints":{"allow":["GET"]}}],"collection":[{"href":"https:\/\/www.eldigitaldeasturias.com\/noticias\/wp-json\/wp\/v2\/posts"}],"about":[{"href":"https:\/\/www.eldigitaldeasturias.com\/noticias\/wp-json\/wp\/v2\/types\/post"}],"author":[{"embeddable":true,"href":"https:\/\/www.eldigitaldeasturias.com\/noticias\/wp-json\/wp\/v2\/users\/1"}],"replies":[{"embeddable":true,"href":"https:\/\/www.eldigitaldeasturias.com\/noticias\/wp-json\/wp\/v2\/comments?post=1029368"}],"version-history":[{"count":0,"href":"https:\/\/www.eldigitaldeasturias.com\/noticias\/wp-json\/wp\/v2\/posts\/1029368\/revisions"}],"wp:featuredmedia":[{"embeddable":true,"href":"https:\/\/www.eldigitaldeasturias.com\/noticias\/wp-json\/wp\/v2\/media\/988327"}],"wp:attachment":[{"href":"https:\/\/www.eldigitaldeasturias.com\/noticias\/wp-json\/wp\/v2\/media?parent=1029368"}],"wp:term":[{"taxonomy":"category","embeddable":true,"href":"https:\/\/www.eldigitaldeasturias.com\/noticias\/wp-json\/wp\/v2\/categories?post=1029368"},{"taxonomy":"post_tag","embeddable":true,"href":"https:\/\/www.eldigitaldeasturias.com\/noticias\/wp-json\/wp\/v2\/tags?post=1029368"}],"curies":[{"name":"wp","href":"https:\/\/api.w.org\/{rel}","templated":true}]}}