{"id":1029311,"date":"2019-06-01T21:19:34","date_gmt":"2019-06-01T21:19:34","guid":{"rendered":"https:\/\/www.eldigitaldeasturias.com\/noticias\/?p=1029311"},"modified":"2019-06-01T21:19:34","modified_gmt":"2019-06-01T21:19:34","slug":"abierto-de-francia-zverev-sufre-contra-lajovic","status":"publish","type":"post","link":"https:\/\/www.eldigitaldeasturias.com\/noticias\/abierto-de-francia-zverev-sufre-contra-lajovic\/","title":{"rendered":"Abierto de Francia: Zverev sufre contra Lajovic"},"content":{"rendered":"<p><img loading=\"lazy\" decoding=\"async\" class=\"alignleft size-medium wp-image-978237\" src=\"https:\/\/www.eldigitaldeasturias.com\/noticias\/wp-content\/uploads\/2018\/04\/tennis-923659_960_720-360x270.jpg\" alt=\"\" width=\"360\" height=\"270\" srcset=\"https:\/\/www.eldigitaldeasturias.com\/noticias\/wp-content\/uploads\/2018\/04\/tennis-923659_960_720-360x270.jpg 360w, https:\/\/www.eldigitaldeasturias.com\/noticias\/wp-content\/uploads\/2018\/04\/tennis-923659_960_720-400x300.jpg 400w, https:\/\/www.eldigitaldeasturias.com\/noticias\/wp-content\/uploads\/2018\/04\/tennis-923659_960_720-768x576.jpg 768w, https:\/\/www.eldigitaldeasturias.com\/noticias\/wp-content\/uploads\/2018\/04\/tennis-923659_960_720-640x480.jpg 640w, https:\/\/www.eldigitaldeasturias.com\/noticias\/wp-content\/uploads\/2018\/04\/tennis-923659_960_720.jpg 960w, https:\/\/www.eldigitaldeasturias.com\/noticias\/wp-content\/uploads\/2018\/04\/tennis-923659_960_720-20x15.jpg 20w\" sizes=\"auto, (max-width: 360px) 100vw, 360px\" \/>Par\u00eds, 1 jun (dpa) &#8211; El tenista alem\u00e1n Alexander Zverev sufri\u00f3 hoy para batir en cinco sets al serbio Dusan Lajovic por 6-4, 6-2, 4-6, 1-6 y 6-2 y obtener el pase a los octavos de final del Abierto de Francia.<\/p>\n<p>El alem\u00e1n, quinto en el r\u00e1nking mundial, aprovech\u00f3 su primera bola de partido a las 3:03 horas de juego para dar cuenta del serbio, ubicado en el puesto 35 del escalaf\u00f3n.<\/p>\n<p>\u00abDusan es un jugador incre\u00edble. Fue un partido muy duro, estoy sencillamente feliz de poder avanzar en el torneo\u00bb, dijo Zverev al canal televisivo Eurosport al t\u00e9rmino del duelo.<\/p>\n<p>El jugador germano de 22 a\u00f1os se medir\u00e1 en la ronda de los \u00faltimos 16 con el noveno sembrado, el italiano Fabio Fognini, que bati\u00f3 en tercera ronda al espa\u00f1ol Roberto Bautista Agut por 7-6 (7-5), 6-4, 4-6 y 6-1.<\/p>\n<p>Zverev y Lajovic se vieron las caras el a\u00f1o pasado en un partido de segunda ronda de Roland Garros que se adjudic\u00f3 el alem\u00e1n tambi\u00e9n en cinco mangas. Este a\u00f1o, el alem\u00e1n tambi\u00e9n necesit\u00f3 cinco parciales para ganar al australiano John Millman en la primera ronda.<\/p>\n<p>La actuaci\u00f3n de hoy del alem\u00e1n fue poco convincente. Tuvo problemas en el servicio y cometi\u00f3 14 doble faltas. Un total de 55 errores no forzados dieron cuenta de problemas de concentraci\u00f3n.<\/p>\n<p>\u00abJugu\u00e9 muy, muy mal el cuarto set\u00bb, admiti\u00f3 Zverev, quien perdi\u00f3 el tercer y el cuarto parcial y se vio obligado a jugar el quinto al igual que le ocurri\u00f3 con Millman. \u00abVi que se estaba cansando un poco y empec\u00e9 a jugar de nuevo de forma m\u00e1s agresiva\u00bb, relat\u00f3 tras el agotador triunfo.<\/p>\n","protected":false},"excerpt":{"rendered":"<p>Par\u00eds, 1 jun (dpa) &#8211; El tenista alem\u00e1n Alexander Zverev sufri\u00f3 hoy para batir en cinco sets al serbio Dusan Lajovic por 6-4, 6-2, 4-6, 1-6 y 6-2 y obtener el pase a los octavos de final del Abierto de Francia. El alem\u00e1n, quinto en el r\u00e1nking mundial, aprovech\u00f3 su primera bola de partido a [&hellip;]<\/p>\n","protected":false},"author":1,"featured_media":978237,"comment_status":"closed","ping_status":"closed","sticky":false,"template":"","format":"standard","meta":{"footnotes":""},"categories":[190],"tags":[],"class_list":["post-1029311","post","type-post","status-publish","format-standard","has-post-thumbnail","hentry","category-deportes"],"aioseo_notices":[],"aioseo_head":"\n\t\t<!-- All in One SEO Pro 4.9.6.2 - aioseo.com -->\n\t<meta name=\"description\" content=\"Par\u00eds, 1 jun (dpa) - El tenista alem\u00e1n Alexander Zverev sufri\u00f3 hoy para batir en cinco sets al serbio Dusan Lajovic por 6-4, 6-2, 4-6, 1-6 y 6-2 y obtener el pase a los octavos de final del Abierto de Francia. El alem\u00e1n, quinto en el r\u00e1nking mundial, aprovech\u00f3 su primera bola de partido a\" \/>\n\t<meta name=\"robots\" content=\"max-image-preview:large\" \/>\n\t<meta name=\"author\" content=\"El Digital de Asturias\"\/>\n\t<meta name=\"google-site-verification\" content=\"UA-38556648-1\" \/>\n\t<meta name=\"msvalidate.01\" content=\"7dfe9f3f1b24437ab69f4f2559babe99\" \/>\n\t<meta name=\"keywords\" content=\"deportes\" \/>\n\t<link rel=\"canonical\" href=\"https:\/\/www.eldigitaldeasturias.com\/noticias\/abierto-de-francia-zverev-sufre-contra-lajovic\/\" \/>\n\t<meta name=\"generator\" content=\"All in One SEO Pro (AIOSEO) 4.9.6.2\" \/>\n\t\t<meta property=\"og:locale\" content=\"es_ES\" \/>\n\t\t<meta property=\"og:site_name\" content=\"El Digital de Asturias\" \/>\n\t\t<meta property=\"og:type\" content=\"article\" \/>\n\t\t<meta property=\"og:title\" content=\"Abierto de Francia: Zverev sufre contra Lajovic - El Digital de Asturias\" \/>\n\t\t<meta property=\"og:description\" content=\"Par\u00eds, 1 jun (dpa) - El tenista alem\u00e1n Alexander Zverev sufri\u00f3 hoy para batir en cinco sets al serbio Dusan Lajovic por 6-4, 6-2, 4-6, 1-6 y 6-2 y obtener el pase a los octavos de final del Abierto de Francia. El alem\u00e1n, quinto en el r\u00e1nking mundial, aprovech\u00f3 su primera bola de partido a\" \/>\n\t\t<meta property=\"og:url\" content=\"https:\/\/www.eldigitaldeasturias.com\/noticias\/abierto-de-francia-zverev-sufre-contra-lajovic\/\" \/>\n\t\t<meta property=\"og:image\" content=\"https:\/\/www.eldigitaldeasturias.com\/noticias\/wp-content\/uploads\/2018\/04\/tennis-923659_960_720.jpg\" \/>\n\t\t<meta property=\"og:image:secure_url\" content=\"https:\/\/www.eldigitaldeasturias.com\/noticias\/wp-content\/uploads\/2018\/04\/tennis-923659_960_720.jpg\" \/>\n\t\t<meta property=\"og:image:width\" content=\"960\" \/>\n\t\t<meta property=\"og:image:height\" content=\"720\" \/>\n\t\t<meta property=\"article:tag\" content=\"deportes\" \/>\n\t\t<meta property=\"article:published_time\" content=\"2019-06-01T21:19:34+00:00\" \/>\n\t\t<meta property=\"article:modified_time\" content=\"2019-06-01T21:19:34+00:00\" \/>\n\t\t<meta property=\"article:publisher\" content=\"https:\/\/facebook.com\/eldigitaldeasturias\" \/>\n\t\t<meta name=\"twitter:card\" content=\"summary_large_image\" \/>\n\t\t<meta name=\"twitter:title\" content=\"Abierto de Francia: Zverev sufre contra Lajovic - El Digital de Asturias\" \/>\n\t\t<meta name=\"twitter:description\" content=\"Par\u00eds, 1 jun (dpa) - El tenista alem\u00e1n Alexander Zverev sufri\u00f3 hoy para batir en cinco sets al serbio Dusan Lajovic por 6-4, 6-2, 4-6, 1-6 y 6-2 y obtener el pase a los octavos de final del Abierto de Francia. El alem\u00e1n, quinto en el r\u00e1nking mundial, aprovech\u00f3 su primera bola de partido a\" \/>\n\t\t<meta name=\"twitter:image\" content=\"https:\/\/www.eldigitaldeasturias.com\/noticias\/wp-content\/uploads\/2018\/04\/tennis-923659_960_720.jpg\" \/>\n\t\t<meta name=\"twitter:label1\" content=\"Escrito por\" \/>\n\t\t<meta name=\"twitter:data1\" content=\"El Digital de Asturias\" \/>\n\t\t<meta name=\"twitter:label2\" content=\"Tiempo de lectura estimado\" \/>\n\t\t<meta name=\"twitter:data2\" content=\"1 minuto\" \/>\n\t\t<script type=\"application\/ld+json\" class=\"aioseo-schema\">\n\t\t\t{\"@context\":\"https:\\\/\\\/schema.org\",\"@graph\":[{\"@type\":\"BlogPosting\",\"@id\":\"https:\\\/\\\/www.eldigitaldeasturias.com\\\/noticias\\\/abierto-de-francia-zverev-sufre-contra-lajovic\\\/#blogposting\",\"name\":\"Abierto de Francia: Zverev sufre contra Lajovic - El Digital de Asturias\",\"headline\":\"Abierto de Francia: Zverev sufre contra Lajovic\",\"author\":{\"@id\":\"https:\\\/\\\/www.eldigitaldeasturias.com\\\/noticias\\\/author\\\/admin\\\/#author\"},\"publisher\":{\"@id\":\"https:\\\/\\\/www.eldigitaldeasturias.com\\\/noticias\\\/#organization\"},\"image\":{\"@type\":\"ImageObject\",\"url\":\"https:\\\/\\\/www.eldigitaldeasturias.com\\\/noticias\\\/wp-content\\\/uploads\\\/2018\\\/04\\\/tennis-923659_960_720.jpg\",\"width\":960,\"height\":720},\"datePublished\":\"2019-06-01T21:19:34+02:00\",\"dateModified\":\"2019-06-01T21:19:34+02:00\",\"inLanguage\":\"es-ES\",\"mainEntityOfPage\":{\"@id\":\"https:\\\/\\\/www.eldigitaldeasturias.com\\\/noticias\\\/abierto-de-francia-zverev-sufre-contra-lajovic\\\/#webpage\"},\"isPartOf\":{\"@id\":\"https:\\\/\\\/www.eldigitaldeasturias.com\\\/noticias\\\/abierto-de-francia-zverev-sufre-contra-lajovic\\\/#webpage\"},\"articleSection\":\"Deportes\"},{\"@type\":\"BreadcrumbList\",\"@id\":\"https:\\\/\\\/www.eldigitaldeasturias.com\\\/noticias\\\/abierto-de-francia-zverev-sufre-contra-lajovic\\\/#breadcrumblist\",\"itemListElement\":[{\"@type\":\"ListItem\",\"@id\":\"https:\\\/\\\/www.eldigitaldeasturias.com\\\/noticias#listItem\",\"position\":1,\"name\":\"Home\",\"item\":\"https:\\\/\\\/www.eldigitaldeasturias.com\\\/noticias\",\"nextItem\":{\"@type\":\"ListItem\",\"@id\":\"https:\\\/\\\/www.eldigitaldeasturias.com\\\/noticias\\\/category\\\/deportes\\\/#listItem\",\"name\":\"Deportes\"}},{\"@type\":\"ListItem\",\"@id\":\"https:\\\/\\\/www.eldigitaldeasturias.com\\\/noticias\\\/category\\\/deportes\\\/#listItem\",\"position\":2,\"name\":\"Deportes\",\"item\":\"https:\\\/\\\/www.eldigitaldeasturias.com\\\/noticias\\\/category\\\/deportes\\\/\",\"nextItem\":{\"@type\":\"ListItem\",\"@id\":\"https:\\\/\\\/www.eldigitaldeasturias.com\\\/noticias\\\/abierto-de-francia-zverev-sufre-contra-lajovic\\\/#listItem\",\"name\":\"Abierto de Francia: Zverev sufre contra Lajovic\"},\"previousItem\":{\"@type\":\"ListItem\",\"@id\":\"https:\\\/\\\/www.eldigitaldeasturias.com\\\/noticias#listItem\",\"name\":\"Home\"}},{\"@type\":\"ListItem\",\"@id\":\"https:\\\/\\\/www.eldigitaldeasturias.com\\\/noticias\\\/abierto-de-francia-zverev-sufre-contra-lajovic\\\/#listItem\",\"position\":3,\"name\":\"Abierto de Francia: Zverev sufre contra Lajovic\",\"previousItem\":{\"@type\":\"ListItem\",\"@id\":\"https:\\\/\\\/www.eldigitaldeasturias.com\\\/noticias\\\/category\\\/deportes\\\/#listItem\",\"name\":\"Deportes\"}}]},{\"@type\":\"Organization\",\"@id\":\"https:\\\/\\\/www.eldigitaldeasturias.com\\\/noticias\\\/#organization\",\"name\":\"El Digital de Asturias\",\"description\":\"Hemeroteca\",\"url\":\"https:\\\/\\\/www.eldigitaldeasturias.com\\\/noticias\\\/\",\"email\":\"info@eldigitaldeasturias.com\",\"telephone\":\"+34652131393\",\"logo\":{\"@type\":\"ImageObject\",\"url\":\"https:\\\/\\\/www.eldigitaldeasturias.com\\\/noticias\\\/wp-content\\\/uploads\\\/2020\\\/12\\\/EDA.jpg\",\"@id\":\"https:\\\/\\\/www.eldigitaldeasturias.com\\\/noticias\\\/abierto-de-francia-zverev-sufre-contra-lajovic\\\/#organizationLogo\",\"width\":649,\"height\":297},\"image\":{\"@id\":\"https:\\\/\\\/www.eldigitaldeasturias.com\\\/noticias\\\/abierto-de-francia-zverev-sufre-contra-lajovic\\\/#organizationLogo\"},\"sameAs\":[\"https:\\\/\\\/facebook.com\\\/eldigitaldeasturias\",\"https:\\\/\\\/www.youtube.com\\\/channel\\\/UCZP-2wLEB9Rv6erhFmqVnvg\"],\"address\":{\"@id\":\"https:\\\/\\\/www.eldigitaldeasturias.com\\\/noticias\\\/#postaladdress\",\"@type\":\"PostalAddress\",\"streetAddress\":\"san antonio 4,\",\"postalCode\":\"33430\",\"addressLocality\":\"Cand\\u00e1s\",\"addressRegion\":\"Asturias\",\"addressCountry\":\"ES\"}},{\"@type\":\"Person\",\"@id\":\"https:\\\/\\\/www.eldigitaldeasturias.com\\\/noticias\\\/author\\\/admin\\\/#author\",\"url\":\"https:\\\/\\\/www.eldigitaldeasturias.com\\\/noticias\\\/author\\\/admin\\\/\",\"name\":\"El Digital de Asturias\",\"image\":{\"@type\":\"ImageObject\",\"@id\":\"https:\\\/\\\/www.eldigitaldeasturias.com\\\/noticias\\\/abierto-de-francia-zverev-sufre-contra-lajovic\\\/#authorImage\",\"url\":\"https:\\\/\\\/www.eldigitaldeasturias.com\\\/noticias\\\/wp-content\\\/litespeed\\\/avatar\\\/18677e78aa0546b92d9dbf31ec7d7668.jpg?ver=1777290358\",\"width\":96,\"height\":96,\"caption\":\"El Digital de Asturias\"}},{\"@type\":\"WebPage\",\"@id\":\"https:\\\/\\\/www.eldigitaldeasturias.com\\\/noticias\\\/abierto-de-francia-zverev-sufre-contra-lajovic\\\/#webpage\",\"url\":\"https:\\\/\\\/www.eldigitaldeasturias.com\\\/noticias\\\/abierto-de-francia-zverev-sufre-contra-lajovic\\\/\",\"name\":\"Abierto de Francia: Zverev sufre contra Lajovic - El Digital de Asturias\",\"description\":\"Par\\u00eds, 1 jun (dpa) - El tenista alem\\u00e1n Alexander Zverev sufri\\u00f3 hoy para batir en cinco sets al serbio Dusan Lajovic por 6-4, 6-2, 4-6, 1-6 y 6-2 y obtener el pase a los octavos de final del Abierto de Francia. El alem\\u00e1n, quinto en el r\\u00e1nking mundial, aprovech\\u00f3 su primera bola de partido a\",\"inLanguage\":\"es-ES\",\"isPartOf\":{\"@id\":\"https:\\\/\\\/www.eldigitaldeasturias.com\\\/noticias\\\/#website\"},\"breadcrumb\":{\"@id\":\"https:\\\/\\\/www.eldigitaldeasturias.com\\\/noticias\\\/abierto-de-francia-zverev-sufre-contra-lajovic\\\/#breadcrumblist\"},\"author\":{\"@id\":\"https:\\\/\\\/www.eldigitaldeasturias.com\\\/noticias\\\/author\\\/admin\\\/#author\"},\"creator\":{\"@id\":\"https:\\\/\\\/www.eldigitaldeasturias.com\\\/noticias\\\/author\\\/admin\\\/#author\"},\"image\":{\"@type\":\"ImageObject\",\"url\":\"https:\\\/\\\/www.eldigitaldeasturias.com\\\/noticias\\\/wp-content\\\/uploads\\\/2018\\\/04\\\/tennis-923659_960_720.jpg\",\"@id\":\"https:\\\/\\\/www.eldigitaldeasturias.com\\\/noticias\\\/abierto-de-francia-zverev-sufre-contra-lajovic\\\/#mainImage\",\"width\":960,\"height\":720},\"primaryImageOfPage\":{\"@id\":\"https:\\\/\\\/www.eldigitaldeasturias.com\\\/noticias\\\/abierto-de-francia-zverev-sufre-contra-lajovic\\\/#mainImage\"},\"datePublished\":\"2019-06-01T21:19:34+02:00\",\"dateModified\":\"2019-06-01T21:19:34+02:00\"},{\"@type\":\"WebSite\",\"@id\":\"https:\\\/\\\/www.eldigitaldeasturias.com\\\/noticias\\\/#website\",\"url\":\"https:\\\/\\\/www.eldigitaldeasturias.com\\\/noticias\\\/\",\"name\":\"El Digital de Asturias - Diario de actualidad y noticias\",\"alternateName\":\"El Digital de Asturias - Diario de actualidad y noticias\",\"description\":\"Hemeroteca\",\"inLanguage\":\"es-ES\",\"publisher\":{\"@id\":\"https:\\\/\\\/www.eldigitaldeasturias.com\\\/noticias\\\/#organization\"}}]}\n\t\t<\/script>\n\t\t<!-- All in One SEO Pro -->\r\n\t\t<title>Abierto de Francia: Zverev sufre contra Lajovic - El Digital de Asturias<\/title>\n\n","aioseo_head_json":{"title":"Abierto de Francia: Zverev sufre contra Lajovic - El Digital de Asturias","description":"Par\u00eds, 1 jun (dpa) - El tenista alem\u00e1n Alexander Zverev sufri\u00f3 hoy para batir en cinco sets al serbio Dusan Lajovic por 6-4, 6-2, 4-6, 1-6 y 6-2 y obtener el pase a los octavos de final del Abierto de Francia. El alem\u00e1n, quinto en el r\u00e1nking mundial, aprovech\u00f3 su primera bola de partido a","canonical_url":"https:\/\/www.eldigitaldeasturias.com\/noticias\/abierto-de-francia-zverev-sufre-contra-lajovic\/","robots":"max-image-preview:large","keywords":"deportes","webmasterTools":{"google-site-verification":"UA-38556648-1","msvalidate.01":"7dfe9f3f1b24437ab69f4f2559babe99","miscellaneous":""},"schema":{"@context":"https:\/\/schema.org","@graph":[{"@type":"BlogPosting","@id":"https:\/\/www.eldigitaldeasturias.com\/noticias\/abierto-de-francia-zverev-sufre-contra-lajovic\/#blogposting","name":"Abierto de Francia: Zverev sufre contra Lajovic - El Digital de Asturias","headline":"Abierto de Francia: Zverev sufre contra Lajovic","author":{"@id":"https:\/\/www.eldigitaldeasturias.com\/noticias\/author\/admin\/#author"},"publisher":{"@id":"https:\/\/www.eldigitaldeasturias.com\/noticias\/#organization"},"image":{"@type":"ImageObject","url":"https:\/\/www.eldigitaldeasturias.com\/noticias\/wp-content\/uploads\/2018\/04\/tennis-923659_960_720.jpg","width":960,"height":720},"datePublished":"2019-06-01T21:19:34+02:00","dateModified":"2019-06-01T21:19:34+02:00","inLanguage":"es-ES","mainEntityOfPage":{"@id":"https:\/\/www.eldigitaldeasturias.com\/noticias\/abierto-de-francia-zverev-sufre-contra-lajovic\/#webpage"},"isPartOf":{"@id":"https:\/\/www.eldigitaldeasturias.com\/noticias\/abierto-de-francia-zverev-sufre-contra-lajovic\/#webpage"},"articleSection":"Deportes"},{"@type":"BreadcrumbList","@id":"https:\/\/www.eldigitaldeasturias.com\/noticias\/abierto-de-francia-zverev-sufre-contra-lajovic\/#breadcrumblist","itemListElement":[{"@type":"ListItem","@id":"https:\/\/www.eldigitaldeasturias.com\/noticias#listItem","position":1,"name":"Home","item":"https:\/\/www.eldigitaldeasturias.com\/noticias","nextItem":{"@type":"ListItem","@id":"https:\/\/www.eldigitaldeasturias.com\/noticias\/category\/deportes\/#listItem","name":"Deportes"}},{"@type":"ListItem","@id":"https:\/\/www.eldigitaldeasturias.com\/noticias\/category\/deportes\/#listItem","position":2,"name":"Deportes","item":"https:\/\/www.eldigitaldeasturias.com\/noticias\/category\/deportes\/","nextItem":{"@type":"ListItem","@id":"https:\/\/www.eldigitaldeasturias.com\/noticias\/abierto-de-francia-zverev-sufre-contra-lajovic\/#listItem","name":"Abierto de Francia: Zverev sufre contra Lajovic"},"previousItem":{"@type":"ListItem","@id":"https:\/\/www.eldigitaldeasturias.com\/noticias#listItem","name":"Home"}},{"@type":"ListItem","@id":"https:\/\/www.eldigitaldeasturias.com\/noticias\/abierto-de-francia-zverev-sufre-contra-lajovic\/#listItem","position":3,"name":"Abierto de Francia: Zverev sufre contra Lajovic","previousItem":{"@type":"ListItem","@id":"https:\/\/www.eldigitaldeasturias.com\/noticias\/category\/deportes\/#listItem","name":"Deportes"}}]},{"@type":"Organization","@id":"https:\/\/www.eldigitaldeasturias.com\/noticias\/#organization","name":"El Digital de Asturias","description":"Hemeroteca","url":"https:\/\/www.eldigitaldeasturias.com\/noticias\/","email":"info@eldigitaldeasturias.com","telephone":"+34652131393","logo":{"@type":"ImageObject","url":"https:\/\/www.eldigitaldeasturias.com\/noticias\/wp-content\/uploads\/2020\/12\/EDA.jpg","@id":"https:\/\/www.eldigitaldeasturias.com\/noticias\/abierto-de-francia-zverev-sufre-contra-lajovic\/#organizationLogo","width":649,"height":297},"image":{"@id":"https:\/\/www.eldigitaldeasturias.com\/noticias\/abierto-de-francia-zverev-sufre-contra-lajovic\/#organizationLogo"},"sameAs":["https:\/\/facebook.com\/eldigitaldeasturias","https:\/\/www.youtube.com\/channel\/UCZP-2wLEB9Rv6erhFmqVnvg"],"address":{"@id":"https:\/\/www.eldigitaldeasturias.com\/noticias\/#postaladdress","@type":"PostalAddress","streetAddress":"san antonio 4,","postalCode":"33430","addressLocality":"Cand\u00e1s","addressRegion":"Asturias","addressCountry":"ES"}},{"@type":"Person","@id":"https:\/\/www.eldigitaldeasturias.com\/noticias\/author\/admin\/#author","url":"https:\/\/www.eldigitaldeasturias.com\/noticias\/author\/admin\/","name":"El Digital de Asturias","image":{"@type":"ImageObject","@id":"https:\/\/www.eldigitaldeasturias.com\/noticias\/abierto-de-francia-zverev-sufre-contra-lajovic\/#authorImage","url":"https:\/\/www.eldigitaldeasturias.com\/noticias\/wp-content\/litespeed\/avatar\/18677e78aa0546b92d9dbf31ec7d7668.jpg?ver=1777290358","width":96,"height":96,"caption":"El Digital de Asturias"}},{"@type":"WebPage","@id":"https:\/\/www.eldigitaldeasturias.com\/noticias\/abierto-de-francia-zverev-sufre-contra-lajovic\/#webpage","url":"https:\/\/www.eldigitaldeasturias.com\/noticias\/abierto-de-francia-zverev-sufre-contra-lajovic\/","name":"Abierto de Francia: Zverev sufre contra Lajovic - El Digital de Asturias","description":"Par\u00eds, 1 jun (dpa) - El tenista alem\u00e1n Alexander Zverev sufri\u00f3 hoy para batir en cinco sets al serbio Dusan Lajovic por 6-4, 6-2, 4-6, 1-6 y 6-2 y obtener el pase a los octavos de final del Abierto de Francia. El alem\u00e1n, quinto en el r\u00e1nking mundial, aprovech\u00f3 su primera bola de partido a","inLanguage":"es-ES","isPartOf":{"@id":"https:\/\/www.eldigitaldeasturias.com\/noticias\/#website"},"breadcrumb":{"@id":"https:\/\/www.eldigitaldeasturias.com\/noticias\/abierto-de-francia-zverev-sufre-contra-lajovic\/#breadcrumblist"},"author":{"@id":"https:\/\/www.eldigitaldeasturias.com\/noticias\/author\/admin\/#author"},"creator":{"@id":"https:\/\/www.eldigitaldeasturias.com\/noticias\/author\/admin\/#author"},"image":{"@type":"ImageObject","url":"https:\/\/www.eldigitaldeasturias.com\/noticias\/wp-content\/uploads\/2018\/04\/tennis-923659_960_720.jpg","@id":"https:\/\/www.eldigitaldeasturias.com\/noticias\/abierto-de-francia-zverev-sufre-contra-lajovic\/#mainImage","width":960,"height":720},"primaryImageOfPage":{"@id":"https:\/\/www.eldigitaldeasturias.com\/noticias\/abierto-de-francia-zverev-sufre-contra-lajovic\/#mainImage"},"datePublished":"2019-06-01T21:19:34+02:00","dateModified":"2019-06-01T21:19:34+02:00"},{"@type":"WebSite","@id":"https:\/\/www.eldigitaldeasturias.com\/noticias\/#website","url":"https:\/\/www.eldigitaldeasturias.com\/noticias\/","name":"El Digital de Asturias - Diario de actualidad y noticias","alternateName":"El Digital de Asturias - Diario de actualidad y noticias","description":"Hemeroteca","inLanguage":"es-ES","publisher":{"@id":"https:\/\/www.eldigitaldeasturias.com\/noticias\/#organization"}}]},"og:locale":"es_ES","og:site_name":"El Digital de Asturias","og:type":"article","og:title":"Abierto de Francia: Zverev sufre contra Lajovic - El Digital de Asturias","og:description":"Par\u00eds, 1 jun (dpa) - El tenista alem\u00e1n Alexander Zverev sufri\u00f3 hoy para batir en cinco sets al serbio Dusan Lajovic por 6-4, 6-2, 4-6, 1-6 y 6-2 y obtener el pase a los octavos de final del Abierto de Francia. El alem\u00e1n, quinto en el r\u00e1nking mundial, aprovech\u00f3 su primera bola de partido a","og:url":"https:\/\/www.eldigitaldeasturias.com\/noticias\/abierto-de-francia-zverev-sufre-contra-lajovic\/","og:image":"https:\/\/www.eldigitaldeasturias.com\/noticias\/wp-content\/uploads\/2018\/04\/tennis-923659_960_720.jpg","og:image:secure_url":"https:\/\/www.eldigitaldeasturias.com\/noticias\/wp-content\/uploads\/2018\/04\/tennis-923659_960_720.jpg","og:image:width":960,"og:image:height":720,"article:tag":["deportes"],"article:published_time":"2019-06-01T21:19:34+00:00","article:modified_time":"2019-06-01T21:19:34+00:00","article:publisher":"https:\/\/facebook.com\/eldigitaldeasturias","twitter:card":"summary_large_image","twitter:title":"Abierto de Francia: Zverev sufre contra Lajovic - El Digital de Asturias","twitter:description":"Par\u00eds, 1 jun (dpa) - El tenista alem\u00e1n Alexander Zverev sufri\u00f3 hoy para batir en cinco sets al serbio Dusan Lajovic por 6-4, 6-2, 4-6, 1-6 y 6-2 y obtener el pase a los octavos de final del Abierto de Francia. El alem\u00e1n, quinto en el r\u00e1nking mundial, aprovech\u00f3 su primera bola de partido a","twitter:image":"https:\/\/www.eldigitaldeasturias.com\/noticias\/wp-content\/uploads\/2018\/04\/tennis-923659_960_720.jpg","twitter:label1":"Escrito por","twitter:data1":"El Digital de Asturias","twitter:label2":"Tiempo de lectura estimado","twitter:data2":"1 minuto"},"aioseo_meta_data":{"post_id":"1029311","title":null,"description":null,"keywords":null,"keyphrases":null,"primary_term":null,"canonical_url":null,"og_title":null,"og_description":null,"og_object_type":"default","og_image_type":"default","og_image_url":null,"og_image_width":null,"og_image_height":null,"og_image_custom_url":null,"og_image_custom_fields":null,"og_video":null,"og_custom_url":null,"og_article_section":null,"og_article_tags":null,"twitter_use_og":false,"twitter_card":"default","twitter_image_type":"default","twitter_image_url":null,"twitter_image_custom_url":null,"twitter_image_custom_fields":null,"twitter_title":null,"twitter_description":null,"schema":{"blockGraphs":[],"customGraphs":[],"default":{"data":{"Article":[],"Course":[],"Dataset":[],"FAQPage":[],"Movie":[],"Person":[],"Product":[],"ProductReview":[],"Car":[],"Recipe":[],"Service":[],"SoftwareApplication":[],"WebPage":[]},"graphName":"","isEnabled":true},"graphs":[],"defaultGraph":"","defaultPostTypeGraph":""},"schema_type":null,"schema_type_options":null,"pillar_content":false,"robots_default":true,"robots_noindex":false,"robots_noarchive":false,"robots_nosnippet":false,"robots_nofollow":false,"robots_noimageindex":false,"robots_noodp":false,"robots_notranslate":false,"robots_max_snippet":null,"robots_max_videopreview":null,"robots_max_imagepreview":"large","priority":null,"frequency":null,"local_seo":null,"seo_analyzer_scan_date":"2025-10-18 11:50:03","breadcrumb_settings":null,"limit_modified_date":false,"open_ai":null,"ai":null,"created":"2020-12-21 11:11:08","updated":"2025-10-18 11:50:03"},"aioseo_breadcrumb":"<div class=\"aioseo-breadcrumbs\"><span class=\"aioseo-breadcrumb\">\n\t<a href=\"https:\/\/www.eldigitaldeasturias.com\/noticias\" title=\"Home\">Home<\/a>\n<\/span><span class=\"aioseo-breadcrumb-separator\">\u2013<\/span><span class=\"aioseo-breadcrumb\">\n\t<a href=\"https:\/\/www.eldigitaldeasturias.com\/noticias\/category\/deportes\/\" title=\"Deportes\">Deportes<\/a>\n<\/span><span class=\"aioseo-breadcrumb-separator\">\u2013<\/span><span class=\"aioseo-breadcrumb\">\n\t<a href=\"https:\/\/www.eldigitaldeasturias.com\/noticias\/abierto-de-francia-zverev-sufre-contra-lajovic\/\" title=\"Abierto de Francia: Zverev sufre contra Lajovic\">Abierto de Francia: Zverev sufre contra Lajovic<\/a>\n<\/span><\/div>","aioseo_breadcrumb_json":[{"label":"Home","link":"https:\/\/www.eldigitaldeasturias.com\/noticias"},{"label":"Deportes","link":"https:\/\/www.eldigitaldeasturias.com\/noticias\/category\/deportes\/"},{"label":"Abierto de Francia: Zverev sufre contra Lajovic","link":"https:\/\/www.eldigitaldeasturias.com\/noticias\/abierto-de-francia-zverev-sufre-contra-lajovic\/"}],"_links":{"self":[{"href":"https:\/\/www.eldigitaldeasturias.com\/noticias\/wp-json\/wp\/v2\/posts\/1029311","targetHints":{"allow":["GET"]}}],"collection":[{"href":"https:\/\/www.eldigitaldeasturias.com\/noticias\/wp-json\/wp\/v2\/posts"}],"about":[{"href":"https:\/\/www.eldigitaldeasturias.com\/noticias\/wp-json\/wp\/v2\/types\/post"}],"author":[{"embeddable":true,"href":"https:\/\/www.eldigitaldeasturias.com\/noticias\/wp-json\/wp\/v2\/users\/1"}],"replies":[{"embeddable":true,"href":"https:\/\/www.eldigitaldeasturias.com\/noticias\/wp-json\/wp\/v2\/comments?post=1029311"}],"version-history":[{"count":0,"href":"https:\/\/www.eldigitaldeasturias.com\/noticias\/wp-json\/wp\/v2\/posts\/1029311\/revisions"}],"wp:featuredmedia":[{"embeddable":true,"href":"https:\/\/www.eldigitaldeasturias.com\/noticias\/wp-json\/wp\/v2\/media\/978237"}],"wp:attachment":[{"href":"https:\/\/www.eldigitaldeasturias.com\/noticias\/wp-json\/wp\/v2\/media?parent=1029311"}],"wp:term":[{"taxonomy":"category","embeddable":true,"href":"https:\/\/www.eldigitaldeasturias.com\/noticias\/wp-json\/wp\/v2\/categories?post=1029311"},{"taxonomy":"post_tag","embeddable":true,"href":"https:\/\/www.eldigitaldeasturias.com\/noticias\/wp-json\/wp\/v2\/tags?post=1029311"}],"curies":[{"name":"wp","href":"https:\/\/api.w.org\/{rel}","templated":true}]}}