{"id":1029159,"date":"2019-05-31T17:21:20","date_gmt":"2019-05-31T17:21:20","guid":{"rendered":"https:\/\/www.eldigitaldeasturias.com\/noticias\/?p=1029159"},"modified":"2019-05-31T17:21:20","modified_gmt":"2019-05-31T17:21:20","slug":"volkswagen-trabaja-en-la-puesta-en-marcha-de-su-fabrica-de-coches-electricos-en-alemania","status":"publish","type":"post","link":"https:\/\/www.eldigitaldeasturias.com\/noticias\/volkswagen-trabaja-en-la-puesta-en-marcha-de-su-fabrica-de-coches-electricos-en-alemania\/","title":{"rendered":"Volkswagen trabaja en la puesta en marcha de su f\u00e1brica de coches el\u00e9ctricos en Alemania"},"content":{"rendered":"<p><img loading=\"lazy\" decoding=\"async\" class=\"alignleft size-medium wp-image-1029160\" src=\"https:\/\/www.eldigitaldeasturias.com\/noticias\/wp-content\/uploads\/2019\/05\/Volkswagen-en-Zwickau-360x264.jpg\" alt=\"\" width=\"360\" height=\"264\" srcset=\"https:\/\/www.eldigitaldeasturias.com\/noticias\/wp-content\/uploads\/2019\/05\/Volkswagen-en-Zwickau-360x264.jpg 360w, https:\/\/www.eldigitaldeasturias.com\/noticias\/wp-content\/uploads\/2019\/05\/Volkswagen-en-Zwickau-768x563.jpg 768w, https:\/\/www.eldigitaldeasturias.com\/noticias\/wp-content\/uploads\/2019\/05\/Volkswagen-en-Zwickau-650x476.jpg 650w, https:\/\/www.eldigitaldeasturias.com\/noticias\/wp-content\/uploads\/2019\/05\/Volkswagen-en-Zwickau.jpg 914w\" sizes=\"auto, (max-width: 360px) 100vw, 360px\" \/>Zwickau (Alemania), 31 may (dpa) &#8211; El gigante automotor alem\u00e1n Volkswagen impulsa la conversi\u00f3n de su planta germana de Zwickau en la primera f\u00e1brica de autom\u00f3viles el\u00e9ctricos del pa\u00eds, se\u00f1al\u00f3 a dpa el director general de ingenier\u00eda y log\u00edstica de la marca en Sajonia, Reinhard de Vries.<\/p>\n<p>\u00abSe transformar\u00e1 para una nueva era\u00bb, afirm\u00f3 el directivo. A partir de mediados de 2020 solo se construir\u00e1n veh\u00edculos el\u00e9ctricos en la planta del este de Alemania. La producci\u00f3n comenzar\u00e1 con el modelo ID.3 que debe estar listo a finales de 2019.<\/p>\n<p>Entre otras acciones, en Zwickau se compraron 1.500 nuevos robots y se reconstruyeron las instalaciones de producci\u00f3n. Adem\u00e1s, se est\u00e1 llevando a cabo la capacitaci\u00f3n de casi 8.000 empleados en el tema de la electromovilidad.<\/p>\n<p>En lugar de los hasta ahora 300.000 veh\u00edculos al a\u00f1o, de la l\u00ednea de producci\u00f3n de Zwickau saldr\u00e1n entonces 330.000 autos, 1.500 al d\u00eda. Se comercializar\u00e1n no solo en Alemania, sino especialmente en el resto del mundo, sobre todo en China, donde el grupo Volkswagen vendi\u00f3 recientemente el 40 por ciento de su producci\u00f3n anual de 10,8 millones de veh\u00edculos.<\/p>\n<p>El grupo realiza una inversi\u00f3n de un total de 44.000 millones de euros (48.000 millones de d\u00f3lares) durante los pr\u00f3ximos cinco a\u00f1os en movilidad el\u00e9ctrica, conducci\u00f3n aut\u00f3noma y digitalizaci\u00f3n.<\/p>\n<p><em>Foto: Hendrik Schmidt\/ZB\/dpa <\/em><\/p>\n","protected":false},"excerpt":{"rendered":"<p>Zwickau (Alemania), 31 may (dpa) &#8211; El gigante automotor alem\u00e1n Volkswagen impulsa la conversi\u00f3n de su planta germana de Zwickau en la primera f\u00e1brica de autom\u00f3viles el\u00e9ctricos del pa\u00eds, se\u00f1al\u00f3 a dpa el director general de ingenier\u00eda y log\u00edstica de la marca en Sajonia, Reinhard de Vries. \u00abSe transformar\u00e1 para una nueva era\u00bb, afirm\u00f3 el [&hellip;]<\/p>\n","protected":false},"author":1,"featured_media":1029160,"comment_status":"closed","ping_status":"closed","sticky":false,"template":"","format":"standard","meta":{"footnotes":""},"categories":[219],"tags":[],"class_list":["post-1029159","post","type-post","status-publish","format-standard","has-post-thumbnail","hentry","category-negocios-y-empresas"],"aioseo_notices":[],"aioseo_head":"\n\t\t<!-- All in One SEO Pro 4.9.6.2 - aioseo.com -->\n\t<meta name=\"description\" content=\"Zwickau (Alemania), 31 may (dpa) - El gigante automotor alem\u00e1n Volkswagen impulsa la conversi\u00f3n de su planta germana de Zwickau en la primera f\u00e1brica de autom\u00f3viles el\u00e9ctricos del pa\u00eds, se\u00f1al\u00f3 a dpa el director general de ingenier\u00eda y log\u00edstica de la marca en Sajonia, Reinhard de Vries. &quot;Se transformar\u00e1 para una nueva era&quot;, afirm\u00f3 el\" \/>\n\t<meta name=\"robots\" content=\"max-image-preview:large\" \/>\n\t<meta name=\"author\" content=\"El Digital de Asturias\"\/>\n\t<meta name=\"google-site-verification\" content=\"UA-38556648-1\" \/>\n\t<meta name=\"msvalidate.01\" content=\"7dfe9f3f1b24437ab69f4f2559babe99\" \/>\n\t<meta name=\"keywords\" content=\"negocios y empresas\" \/>\n\t<link rel=\"canonical\" href=\"https:\/\/www.eldigitaldeasturias.com\/noticias\/volkswagen-trabaja-en-la-puesta-en-marcha-de-su-fabrica-de-coches-electricos-en-alemania\/\" \/>\n\t<meta name=\"generator\" content=\"All in One SEO Pro (AIOSEO) 4.9.6.2\" \/>\n\t\t<meta property=\"og:locale\" content=\"es_ES\" \/>\n\t\t<meta property=\"og:site_name\" content=\"El Digital de Asturias\" \/>\n\t\t<meta property=\"og:type\" content=\"article\" \/>\n\t\t<meta property=\"og:title\" content=\"Volkswagen trabaja en la puesta en marcha de su f\u00e1brica de coches el\u00e9ctricos en Alemania - El Digital de Asturias\" \/>\n\t\t<meta property=\"og:description\" content=\"Zwickau (Alemania), 31 may (dpa) - El gigante automotor alem\u00e1n Volkswagen impulsa la conversi\u00f3n de su planta germana de Zwickau en la primera f\u00e1brica de autom\u00f3viles el\u00e9ctricos del pa\u00eds, se\u00f1al\u00f3 a dpa el director general de ingenier\u00eda y log\u00edstica de la marca en Sajonia, Reinhard de Vries. &quot;Se transformar\u00e1 para una nueva era&quot;, afirm\u00f3 el\" \/>\n\t\t<meta property=\"og:url\" content=\"https:\/\/www.eldigitaldeasturias.com\/noticias\/volkswagen-trabaja-en-la-puesta-en-marcha-de-su-fabrica-de-coches-electricos-en-alemania\/\" \/>\n\t\t<meta property=\"og:image\" content=\"https:\/\/www.eldigitaldeasturias.com\/noticias\/wp-content\/uploads\/2019\/05\/Volkswagen-en-Zwickau.jpg\" \/>\n\t\t<meta property=\"og:image:secure_url\" content=\"https:\/\/www.eldigitaldeasturias.com\/noticias\/wp-content\/uploads\/2019\/05\/Volkswagen-en-Zwickau.jpg\" \/>\n\t\t<meta property=\"og:image:width\" content=\"914\" \/>\n\t\t<meta property=\"og:image:height\" content=\"670\" \/>\n\t\t<meta property=\"article:tag\" content=\"negocios y empresas\" \/>\n\t\t<meta property=\"article:published_time\" content=\"2019-05-31T17:21:20+00:00\" \/>\n\t\t<meta property=\"article:modified_time\" content=\"2019-05-31T17:21:20+00:00\" \/>\n\t\t<meta property=\"article:publisher\" content=\"https:\/\/facebook.com\/eldigitaldeasturias\" \/>\n\t\t<meta name=\"twitter:card\" content=\"summary_large_image\" \/>\n\t\t<meta name=\"twitter:title\" content=\"Volkswagen trabaja en la puesta en marcha de su f\u00e1brica de coches el\u00e9ctricos en Alemania - El Digital de Asturias\" \/>\n\t\t<meta name=\"twitter:description\" content=\"Zwickau (Alemania), 31 may (dpa) - El gigante automotor alem\u00e1n Volkswagen impulsa la conversi\u00f3n de su planta germana de Zwickau en la primera f\u00e1brica de autom\u00f3viles el\u00e9ctricos del pa\u00eds, se\u00f1al\u00f3 a dpa el director general de ingenier\u00eda y log\u00edstica de la marca en Sajonia, Reinhard de Vries. &quot;Se transformar\u00e1 para una nueva era&quot;, afirm\u00f3 el\" \/>\n\t\t<meta name=\"twitter:image\" content=\"https:\/\/www.eldigitaldeasturias.com\/noticias\/wp-content\/uploads\/2019\/05\/Volkswagen-en-Zwickau.jpg\" \/>\n\t\t<meta name=\"twitter:label1\" content=\"Escrito por\" \/>\n\t\t<meta name=\"twitter:data1\" content=\"El Digital de Asturias\" \/>\n\t\t<meta name=\"twitter:label2\" content=\"Tiempo de lectura estimado\" \/>\n\t\t<meta name=\"twitter:data2\" content=\"1 minuto\" \/>\n\t\t<script type=\"application\/ld+json\" class=\"aioseo-schema\">\n\t\t\t{\"@context\":\"https:\\\/\\\/schema.org\",\"@graph\":[{\"@type\":\"BlogPosting\",\"@id\":\"https:\\\/\\\/www.eldigitaldeasturias.com\\\/noticias\\\/volkswagen-trabaja-en-la-puesta-en-marcha-de-su-fabrica-de-coches-electricos-en-alemania\\\/#blogposting\",\"name\":\"Volkswagen trabaja en la puesta en marcha de su f\\u00e1brica de coches el\\u00e9ctricos en Alemania - El Digital de Asturias\",\"headline\":\"Volkswagen trabaja en la puesta en marcha de su f\\u00e1brica de coches el\\u00e9ctricos en Alemania\",\"author\":{\"@id\":\"https:\\\/\\\/www.eldigitaldeasturias.com\\\/noticias\\\/author\\\/admin\\\/#author\"},\"publisher\":{\"@id\":\"https:\\\/\\\/www.eldigitaldeasturias.com\\\/noticias\\\/#organization\"},\"image\":{\"@type\":\"ImageObject\",\"url\":\"https:\\\/\\\/www.eldigitaldeasturias.com\\\/noticias\\\/wp-content\\\/uploads\\\/2019\\\/05\\\/Volkswagen-en-Zwickau.jpg\",\"width\":914,\"height\":670},\"datePublished\":\"2019-05-31T17:21:20+02:00\",\"dateModified\":\"2019-05-31T17:21:20+02:00\",\"inLanguage\":\"es-ES\",\"mainEntityOfPage\":{\"@id\":\"https:\\\/\\\/www.eldigitaldeasturias.com\\\/noticias\\\/volkswagen-trabaja-en-la-puesta-en-marcha-de-su-fabrica-de-coches-electricos-en-alemania\\\/#webpage\"},\"isPartOf\":{\"@id\":\"https:\\\/\\\/www.eldigitaldeasturias.com\\\/noticias\\\/volkswagen-trabaja-en-la-puesta-en-marcha-de-su-fabrica-de-coches-electricos-en-alemania\\\/#webpage\"},\"articleSection\":\"Negocios y Empresas\"},{\"@type\":\"BreadcrumbList\",\"@id\":\"https:\\\/\\\/www.eldigitaldeasturias.com\\\/noticias\\\/volkswagen-trabaja-en-la-puesta-en-marcha-de-su-fabrica-de-coches-electricos-en-alemania\\\/#breadcrumblist\",\"itemListElement\":[{\"@type\":\"ListItem\",\"@id\":\"https:\\\/\\\/www.eldigitaldeasturias.com\\\/noticias#listItem\",\"position\":1,\"name\":\"Home\",\"item\":\"https:\\\/\\\/www.eldigitaldeasturias.com\\\/noticias\",\"nextItem\":{\"@type\":\"ListItem\",\"@id\":\"https:\\\/\\\/www.eldigitaldeasturias.com\\\/noticias\\\/category\\\/negocios-y-empresas\\\/#listItem\",\"name\":\"Negocios y Empresas\"}},{\"@type\":\"ListItem\",\"@id\":\"https:\\\/\\\/www.eldigitaldeasturias.com\\\/noticias\\\/category\\\/negocios-y-empresas\\\/#listItem\",\"position\":2,\"name\":\"Negocios y Empresas\",\"item\":\"https:\\\/\\\/www.eldigitaldeasturias.com\\\/noticias\\\/category\\\/negocios-y-empresas\\\/\",\"nextItem\":{\"@type\":\"ListItem\",\"@id\":\"https:\\\/\\\/www.eldigitaldeasturias.com\\\/noticias\\\/volkswagen-trabaja-en-la-puesta-en-marcha-de-su-fabrica-de-coches-electricos-en-alemania\\\/#listItem\",\"name\":\"Volkswagen trabaja en la puesta en marcha de su f\\u00e1brica de coches el\\u00e9ctricos en Alemania\"},\"previousItem\":{\"@type\":\"ListItem\",\"@id\":\"https:\\\/\\\/www.eldigitaldeasturias.com\\\/noticias#listItem\",\"name\":\"Home\"}},{\"@type\":\"ListItem\",\"@id\":\"https:\\\/\\\/www.eldigitaldeasturias.com\\\/noticias\\\/volkswagen-trabaja-en-la-puesta-en-marcha-de-su-fabrica-de-coches-electricos-en-alemania\\\/#listItem\",\"position\":3,\"name\":\"Volkswagen trabaja en la puesta en marcha de su f\\u00e1brica de coches el\\u00e9ctricos en Alemania\",\"previousItem\":{\"@type\":\"ListItem\",\"@id\":\"https:\\\/\\\/www.eldigitaldeasturias.com\\\/noticias\\\/category\\\/negocios-y-empresas\\\/#listItem\",\"name\":\"Negocios y Empresas\"}}]},{\"@type\":\"Organization\",\"@id\":\"https:\\\/\\\/www.eldigitaldeasturias.com\\\/noticias\\\/#organization\",\"name\":\"El Digital de Asturias\",\"description\":\"Hemeroteca\",\"url\":\"https:\\\/\\\/www.eldigitaldeasturias.com\\\/noticias\\\/\",\"email\":\"info@eldigitaldeasturias.com\",\"telephone\":\"+34652131393\",\"logo\":{\"@type\":\"ImageObject\",\"url\":\"https:\\\/\\\/www.eldigitaldeasturias.com\\\/noticias\\\/wp-content\\\/uploads\\\/2020\\\/12\\\/EDA.jpg\",\"@id\":\"https:\\\/\\\/www.eldigitaldeasturias.com\\\/noticias\\\/volkswagen-trabaja-en-la-puesta-en-marcha-de-su-fabrica-de-coches-electricos-en-alemania\\\/#organizationLogo\",\"width\":649,\"height\":297},\"image\":{\"@id\":\"https:\\\/\\\/www.eldigitaldeasturias.com\\\/noticias\\\/volkswagen-trabaja-en-la-puesta-en-marcha-de-su-fabrica-de-coches-electricos-en-alemania\\\/#organizationLogo\"},\"sameAs\":[\"https:\\\/\\\/facebook.com\\\/eldigitaldeasturias\",\"https:\\\/\\\/www.youtube.com\\\/channel\\\/UCZP-2wLEB9Rv6erhFmqVnvg\"],\"address\":{\"@id\":\"https:\\\/\\\/www.eldigitaldeasturias.com\\\/noticias\\\/#postaladdress\",\"@type\":\"PostalAddress\",\"streetAddress\":\"san antonio 4,\",\"postalCode\":\"33430\",\"addressLocality\":\"Cand\\u00e1s\",\"addressRegion\":\"Asturias\",\"addressCountry\":\"ES\"}},{\"@type\":\"Person\",\"@id\":\"https:\\\/\\\/www.eldigitaldeasturias.com\\\/noticias\\\/author\\\/admin\\\/#author\",\"url\":\"https:\\\/\\\/www.eldigitaldeasturias.com\\\/noticias\\\/author\\\/admin\\\/\",\"name\":\"El Digital de Asturias\",\"image\":{\"@type\":\"ImageObject\",\"@id\":\"https:\\\/\\\/www.eldigitaldeasturias.com\\\/noticias\\\/volkswagen-trabaja-en-la-puesta-en-marcha-de-su-fabrica-de-coches-electricos-en-alemania\\\/#authorImage\",\"url\":\"https:\\\/\\\/www.eldigitaldeasturias.com\\\/noticias\\\/wp-content\\\/litespeed\\\/avatar\\\/18677e78aa0546b92d9dbf31ec7d7668.jpg?ver=1776685526\",\"width\":96,\"height\":96,\"caption\":\"El Digital de Asturias\"}},{\"@type\":\"WebPage\",\"@id\":\"https:\\\/\\\/www.eldigitaldeasturias.com\\\/noticias\\\/volkswagen-trabaja-en-la-puesta-en-marcha-de-su-fabrica-de-coches-electricos-en-alemania\\\/#webpage\",\"url\":\"https:\\\/\\\/www.eldigitaldeasturias.com\\\/noticias\\\/volkswagen-trabaja-en-la-puesta-en-marcha-de-su-fabrica-de-coches-electricos-en-alemania\\\/\",\"name\":\"Volkswagen trabaja en la puesta en marcha de su f\\u00e1brica de coches el\\u00e9ctricos en Alemania - El Digital de Asturias\",\"description\":\"Zwickau (Alemania), 31 may (dpa) - El gigante automotor alem\\u00e1n Volkswagen impulsa la conversi\\u00f3n de su planta germana de Zwickau en la primera f\\u00e1brica de autom\\u00f3viles el\\u00e9ctricos del pa\\u00eds, se\\u00f1al\\u00f3 a dpa el director general de ingenier\\u00eda y log\\u00edstica de la marca en Sajonia, Reinhard de Vries. \\\"Se transformar\\u00e1 para una nueva era\\\", afirm\\u00f3 el\",\"inLanguage\":\"es-ES\",\"isPartOf\":{\"@id\":\"https:\\\/\\\/www.eldigitaldeasturias.com\\\/noticias\\\/#website\"},\"breadcrumb\":{\"@id\":\"https:\\\/\\\/www.eldigitaldeasturias.com\\\/noticias\\\/volkswagen-trabaja-en-la-puesta-en-marcha-de-su-fabrica-de-coches-electricos-en-alemania\\\/#breadcrumblist\"},\"author\":{\"@id\":\"https:\\\/\\\/www.eldigitaldeasturias.com\\\/noticias\\\/author\\\/admin\\\/#author\"},\"creator\":{\"@id\":\"https:\\\/\\\/www.eldigitaldeasturias.com\\\/noticias\\\/author\\\/admin\\\/#author\"},\"image\":{\"@type\":\"ImageObject\",\"url\":\"https:\\\/\\\/www.eldigitaldeasturias.com\\\/noticias\\\/wp-content\\\/uploads\\\/2019\\\/05\\\/Volkswagen-en-Zwickau.jpg\",\"@id\":\"https:\\\/\\\/www.eldigitaldeasturias.com\\\/noticias\\\/volkswagen-trabaja-en-la-puesta-en-marcha-de-su-fabrica-de-coches-electricos-en-alemania\\\/#mainImage\",\"width\":914,\"height\":670},\"primaryImageOfPage\":{\"@id\":\"https:\\\/\\\/www.eldigitaldeasturias.com\\\/noticias\\\/volkswagen-trabaja-en-la-puesta-en-marcha-de-su-fabrica-de-coches-electricos-en-alemania\\\/#mainImage\"},\"datePublished\":\"2019-05-31T17:21:20+02:00\",\"dateModified\":\"2019-05-31T17:21:20+02:00\"},{\"@type\":\"WebSite\",\"@id\":\"https:\\\/\\\/www.eldigitaldeasturias.com\\\/noticias\\\/#website\",\"url\":\"https:\\\/\\\/www.eldigitaldeasturias.com\\\/noticias\\\/\",\"name\":\"El Digital de Asturias - Diario de actualidad y noticias\",\"alternateName\":\"El Digital de Asturias - Diario de actualidad y noticias\",\"description\":\"Hemeroteca\",\"inLanguage\":\"es-ES\",\"publisher\":{\"@id\":\"https:\\\/\\\/www.eldigitaldeasturias.com\\\/noticias\\\/#organization\"}}]}\n\t\t<\/script>\n\t\t<!-- All in One SEO Pro -->\r\n\t\t<title>Volkswagen trabaja en la puesta en marcha de su f\u00e1brica de coches el\u00e9ctricos en Alemania - El Digital de Asturias<\/title>\n\n","aioseo_head_json":{"title":"Volkswagen trabaja en la puesta en marcha de su f\u00e1brica de coches el\u00e9ctricos en Alemania - El Digital de Asturias","description":"Zwickau (Alemania), 31 may (dpa) - El gigante automotor alem\u00e1n Volkswagen impulsa la conversi\u00f3n de su planta germana de Zwickau en la primera f\u00e1brica de autom\u00f3viles el\u00e9ctricos del pa\u00eds, se\u00f1al\u00f3 a dpa el director general de ingenier\u00eda y log\u00edstica de la marca en Sajonia, Reinhard de Vries. \"Se transformar\u00e1 para una nueva era\", afirm\u00f3 el","canonical_url":"https:\/\/www.eldigitaldeasturias.com\/noticias\/volkswagen-trabaja-en-la-puesta-en-marcha-de-su-fabrica-de-coches-electricos-en-alemania\/","robots":"max-image-preview:large","keywords":"negocios y empresas","webmasterTools":{"google-site-verification":"UA-38556648-1","msvalidate.01":"7dfe9f3f1b24437ab69f4f2559babe99","miscellaneous":""},"schema":{"@context":"https:\/\/schema.org","@graph":[{"@type":"BlogPosting","@id":"https:\/\/www.eldigitaldeasturias.com\/noticias\/volkswagen-trabaja-en-la-puesta-en-marcha-de-su-fabrica-de-coches-electricos-en-alemania\/#blogposting","name":"Volkswagen trabaja en la puesta en marcha de su f\u00e1brica de coches el\u00e9ctricos en Alemania - El Digital de Asturias","headline":"Volkswagen trabaja en la puesta en marcha de su f\u00e1brica de coches el\u00e9ctricos en Alemania","author":{"@id":"https:\/\/www.eldigitaldeasturias.com\/noticias\/author\/admin\/#author"},"publisher":{"@id":"https:\/\/www.eldigitaldeasturias.com\/noticias\/#organization"},"image":{"@type":"ImageObject","url":"https:\/\/www.eldigitaldeasturias.com\/noticias\/wp-content\/uploads\/2019\/05\/Volkswagen-en-Zwickau.jpg","width":914,"height":670},"datePublished":"2019-05-31T17:21:20+02:00","dateModified":"2019-05-31T17:21:20+02:00","inLanguage":"es-ES","mainEntityOfPage":{"@id":"https:\/\/www.eldigitaldeasturias.com\/noticias\/volkswagen-trabaja-en-la-puesta-en-marcha-de-su-fabrica-de-coches-electricos-en-alemania\/#webpage"},"isPartOf":{"@id":"https:\/\/www.eldigitaldeasturias.com\/noticias\/volkswagen-trabaja-en-la-puesta-en-marcha-de-su-fabrica-de-coches-electricos-en-alemania\/#webpage"},"articleSection":"Negocios y Empresas"},{"@type":"BreadcrumbList","@id":"https:\/\/www.eldigitaldeasturias.com\/noticias\/volkswagen-trabaja-en-la-puesta-en-marcha-de-su-fabrica-de-coches-electricos-en-alemania\/#breadcrumblist","itemListElement":[{"@type":"ListItem","@id":"https:\/\/www.eldigitaldeasturias.com\/noticias#listItem","position":1,"name":"Home","item":"https:\/\/www.eldigitaldeasturias.com\/noticias","nextItem":{"@type":"ListItem","@id":"https:\/\/www.eldigitaldeasturias.com\/noticias\/category\/negocios-y-empresas\/#listItem","name":"Negocios y Empresas"}},{"@type":"ListItem","@id":"https:\/\/www.eldigitaldeasturias.com\/noticias\/category\/negocios-y-empresas\/#listItem","position":2,"name":"Negocios y Empresas","item":"https:\/\/www.eldigitaldeasturias.com\/noticias\/category\/negocios-y-empresas\/","nextItem":{"@type":"ListItem","@id":"https:\/\/www.eldigitaldeasturias.com\/noticias\/volkswagen-trabaja-en-la-puesta-en-marcha-de-su-fabrica-de-coches-electricos-en-alemania\/#listItem","name":"Volkswagen trabaja en la puesta en marcha de su f\u00e1brica de coches el\u00e9ctricos en Alemania"},"previousItem":{"@type":"ListItem","@id":"https:\/\/www.eldigitaldeasturias.com\/noticias#listItem","name":"Home"}},{"@type":"ListItem","@id":"https:\/\/www.eldigitaldeasturias.com\/noticias\/volkswagen-trabaja-en-la-puesta-en-marcha-de-su-fabrica-de-coches-electricos-en-alemania\/#listItem","position":3,"name":"Volkswagen trabaja en la puesta en marcha de su f\u00e1brica de coches el\u00e9ctricos en Alemania","previousItem":{"@type":"ListItem","@id":"https:\/\/www.eldigitaldeasturias.com\/noticias\/category\/negocios-y-empresas\/#listItem","name":"Negocios y Empresas"}}]},{"@type":"Organization","@id":"https:\/\/www.eldigitaldeasturias.com\/noticias\/#organization","name":"El Digital de Asturias","description":"Hemeroteca","url":"https:\/\/www.eldigitaldeasturias.com\/noticias\/","email":"info@eldigitaldeasturias.com","telephone":"+34652131393","logo":{"@type":"ImageObject","url":"https:\/\/www.eldigitaldeasturias.com\/noticias\/wp-content\/uploads\/2020\/12\/EDA.jpg","@id":"https:\/\/www.eldigitaldeasturias.com\/noticias\/volkswagen-trabaja-en-la-puesta-en-marcha-de-su-fabrica-de-coches-electricos-en-alemania\/#organizationLogo","width":649,"height":297},"image":{"@id":"https:\/\/www.eldigitaldeasturias.com\/noticias\/volkswagen-trabaja-en-la-puesta-en-marcha-de-su-fabrica-de-coches-electricos-en-alemania\/#organizationLogo"},"sameAs":["https:\/\/facebook.com\/eldigitaldeasturias","https:\/\/www.youtube.com\/channel\/UCZP-2wLEB9Rv6erhFmqVnvg"],"address":{"@id":"https:\/\/www.eldigitaldeasturias.com\/noticias\/#postaladdress","@type":"PostalAddress","streetAddress":"san antonio 4,","postalCode":"33430","addressLocality":"Cand\u00e1s","addressRegion":"Asturias","addressCountry":"ES"}},{"@type":"Person","@id":"https:\/\/www.eldigitaldeasturias.com\/noticias\/author\/admin\/#author","url":"https:\/\/www.eldigitaldeasturias.com\/noticias\/author\/admin\/","name":"El Digital de Asturias","image":{"@type":"ImageObject","@id":"https:\/\/www.eldigitaldeasturias.com\/noticias\/volkswagen-trabaja-en-la-puesta-en-marcha-de-su-fabrica-de-coches-electricos-en-alemania\/#authorImage","url":"https:\/\/www.eldigitaldeasturias.com\/noticias\/wp-content\/litespeed\/avatar\/18677e78aa0546b92d9dbf31ec7d7668.jpg?ver=1776685526","width":96,"height":96,"caption":"El Digital de Asturias"}},{"@type":"WebPage","@id":"https:\/\/www.eldigitaldeasturias.com\/noticias\/volkswagen-trabaja-en-la-puesta-en-marcha-de-su-fabrica-de-coches-electricos-en-alemania\/#webpage","url":"https:\/\/www.eldigitaldeasturias.com\/noticias\/volkswagen-trabaja-en-la-puesta-en-marcha-de-su-fabrica-de-coches-electricos-en-alemania\/","name":"Volkswagen trabaja en la puesta en marcha de su f\u00e1brica de coches el\u00e9ctricos en Alemania - El Digital de Asturias","description":"Zwickau (Alemania), 31 may (dpa) - El gigante automotor alem\u00e1n Volkswagen impulsa la conversi\u00f3n de su planta germana de Zwickau en la primera f\u00e1brica de autom\u00f3viles el\u00e9ctricos del pa\u00eds, se\u00f1al\u00f3 a dpa el director general de ingenier\u00eda y log\u00edstica de la marca en Sajonia, Reinhard de Vries. \"Se transformar\u00e1 para una nueva era\", afirm\u00f3 el","inLanguage":"es-ES","isPartOf":{"@id":"https:\/\/www.eldigitaldeasturias.com\/noticias\/#website"},"breadcrumb":{"@id":"https:\/\/www.eldigitaldeasturias.com\/noticias\/volkswagen-trabaja-en-la-puesta-en-marcha-de-su-fabrica-de-coches-electricos-en-alemania\/#breadcrumblist"},"author":{"@id":"https:\/\/www.eldigitaldeasturias.com\/noticias\/author\/admin\/#author"},"creator":{"@id":"https:\/\/www.eldigitaldeasturias.com\/noticias\/author\/admin\/#author"},"image":{"@type":"ImageObject","url":"https:\/\/www.eldigitaldeasturias.com\/noticias\/wp-content\/uploads\/2019\/05\/Volkswagen-en-Zwickau.jpg","@id":"https:\/\/www.eldigitaldeasturias.com\/noticias\/volkswagen-trabaja-en-la-puesta-en-marcha-de-su-fabrica-de-coches-electricos-en-alemania\/#mainImage","width":914,"height":670},"primaryImageOfPage":{"@id":"https:\/\/www.eldigitaldeasturias.com\/noticias\/volkswagen-trabaja-en-la-puesta-en-marcha-de-su-fabrica-de-coches-electricos-en-alemania\/#mainImage"},"datePublished":"2019-05-31T17:21:20+02:00","dateModified":"2019-05-31T17:21:20+02:00"},{"@type":"WebSite","@id":"https:\/\/www.eldigitaldeasturias.com\/noticias\/#website","url":"https:\/\/www.eldigitaldeasturias.com\/noticias\/","name":"El Digital de Asturias - Diario de actualidad y noticias","alternateName":"El Digital de Asturias - Diario de actualidad y noticias","description":"Hemeroteca","inLanguage":"es-ES","publisher":{"@id":"https:\/\/www.eldigitaldeasturias.com\/noticias\/#organization"}}]},"og:locale":"es_ES","og:site_name":"El Digital de Asturias","og:type":"article","og:title":"Volkswagen trabaja en la puesta en marcha de su f\u00e1brica de coches el\u00e9ctricos en Alemania - El Digital de Asturias","og:description":"Zwickau (Alemania), 31 may (dpa) - El gigante automotor alem\u00e1n Volkswagen impulsa la conversi\u00f3n de su planta germana de Zwickau en la primera f\u00e1brica de autom\u00f3viles el\u00e9ctricos del pa\u00eds, se\u00f1al\u00f3 a dpa el director general de ingenier\u00eda y log\u00edstica de la marca en Sajonia, Reinhard de Vries. &quot;Se transformar\u00e1 para una nueva era&quot;, afirm\u00f3 el","og:url":"https:\/\/www.eldigitaldeasturias.com\/noticias\/volkswagen-trabaja-en-la-puesta-en-marcha-de-su-fabrica-de-coches-electricos-en-alemania\/","og:image":"https:\/\/www.eldigitaldeasturias.com\/noticias\/wp-content\/uploads\/2019\/05\/Volkswagen-en-Zwickau.jpg","og:image:secure_url":"https:\/\/www.eldigitaldeasturias.com\/noticias\/wp-content\/uploads\/2019\/05\/Volkswagen-en-Zwickau.jpg","og:image:width":914,"og:image:height":670,"article:tag":["negocios y empresas"],"article:published_time":"2019-05-31T17:21:20+00:00","article:modified_time":"2019-05-31T17:21:20+00:00","article:publisher":"https:\/\/facebook.com\/eldigitaldeasturias","twitter:card":"summary_large_image","twitter:title":"Volkswagen trabaja en la puesta en marcha de su f\u00e1brica de coches el\u00e9ctricos en Alemania - El Digital de Asturias","twitter:description":"Zwickau (Alemania), 31 may (dpa) - El gigante automotor alem\u00e1n Volkswagen impulsa la conversi\u00f3n de su planta germana de Zwickau en la primera f\u00e1brica de autom\u00f3viles el\u00e9ctricos del pa\u00eds, se\u00f1al\u00f3 a dpa el director general de ingenier\u00eda y log\u00edstica de la marca en Sajonia, Reinhard de Vries. &quot;Se transformar\u00e1 para una nueva era&quot;, afirm\u00f3 el","twitter:image":"https:\/\/www.eldigitaldeasturias.com\/noticias\/wp-content\/uploads\/2019\/05\/Volkswagen-en-Zwickau.jpg","twitter:label1":"Escrito por","twitter:data1":"El Digital de Asturias","twitter:label2":"Tiempo de lectura estimado","twitter:data2":"1 minuto"},"aioseo_meta_data":{"post_id":"1029159","title":null,"description":null,"keywords":null,"keyphrases":null,"primary_term":null,"canonical_url":null,"og_title":null,"og_description":null,"og_object_type":"default","og_image_type":"default","og_image_url":null,"og_image_width":null,"og_image_height":null,"og_image_custom_url":null,"og_image_custom_fields":null,"og_video":null,"og_custom_url":null,"og_article_section":null,"og_article_tags":null,"twitter_use_og":false,"twitter_card":"default","twitter_image_type":"default","twitter_image_url":null,"twitter_image_custom_url":null,"twitter_image_custom_fields":null,"twitter_title":null,"twitter_description":null,"schema":{"blockGraphs":[],"customGraphs":[],"default":{"data":{"Article":[],"Course":[],"Dataset":[],"FAQPage":[],"Movie":[],"Person":[],"Product":[],"ProductReview":[],"Car":[],"Recipe":[],"Service":[],"SoftwareApplication":[],"WebPage":[]},"graphName":"","isEnabled":true},"graphs":[],"defaultGraph":"","defaultPostTypeGraph":""},"schema_type":null,"schema_type_options":null,"pillar_content":false,"robots_default":true,"robots_noindex":false,"robots_noarchive":false,"robots_nosnippet":false,"robots_nofollow":false,"robots_noimageindex":false,"robots_noodp":false,"robots_notranslate":false,"robots_max_snippet":null,"robots_max_videopreview":null,"robots_max_imagepreview":"large","priority":null,"frequency":null,"local_seo":null,"seo_analyzer_scan_date":"2025-10-18 11:16:13","breadcrumb_settings":null,"limit_modified_date":false,"open_ai":null,"ai":null,"created":"2020-12-21 11:11:09","updated":"2025-10-18 11:16:13"},"aioseo_breadcrumb":"<div class=\"aioseo-breadcrumbs\"><span class=\"aioseo-breadcrumb\">\n\t<a href=\"https:\/\/www.eldigitaldeasturias.com\/noticias\" title=\"Home\">Home<\/a>\n<\/span><span class=\"aioseo-breadcrumb-separator\">\u2013<\/span><span class=\"aioseo-breadcrumb\">\n\t<a href=\"https:\/\/www.eldigitaldeasturias.com\/noticias\/category\/negocios-y-empresas\/\" title=\"Negocios y Empresas\">Negocios y Empresas<\/a>\n<\/span><span class=\"aioseo-breadcrumb-separator\">\u2013<\/span><span class=\"aioseo-breadcrumb\">\n\t<a href=\"https:\/\/www.eldigitaldeasturias.com\/noticias\/volkswagen-trabaja-en-la-puesta-en-marcha-de-su-fabrica-de-coches-electricos-en-alemania\/\" title=\"Volkswagen trabaja en la puesta en marcha de su f\u00e1brica de coches el\u00e9ctricos en Alemania\">Volkswagen trabaja en la puesta en marcha de su f\u00e1brica de coches el\u00e9ctricos en Alemania<\/a>\n<\/span><\/div>","aioseo_breadcrumb_json":[{"label":"Home","link":"https:\/\/www.eldigitaldeasturias.com\/noticias"},{"label":"Negocios y Empresas","link":"https:\/\/www.eldigitaldeasturias.com\/noticias\/category\/negocios-y-empresas\/"},{"label":"Volkswagen trabaja en la puesta en marcha de su f\u00e1brica de coches el\u00e9ctricos en Alemania","link":"https:\/\/www.eldigitaldeasturias.com\/noticias\/volkswagen-trabaja-en-la-puesta-en-marcha-de-su-fabrica-de-coches-electricos-en-alemania\/"}],"_links":{"self":[{"href":"https:\/\/www.eldigitaldeasturias.com\/noticias\/wp-json\/wp\/v2\/posts\/1029159","targetHints":{"allow":["GET"]}}],"collection":[{"href":"https:\/\/www.eldigitaldeasturias.com\/noticias\/wp-json\/wp\/v2\/posts"}],"about":[{"href":"https:\/\/www.eldigitaldeasturias.com\/noticias\/wp-json\/wp\/v2\/types\/post"}],"author":[{"embeddable":true,"href":"https:\/\/www.eldigitaldeasturias.com\/noticias\/wp-json\/wp\/v2\/users\/1"}],"replies":[{"embeddable":true,"href":"https:\/\/www.eldigitaldeasturias.com\/noticias\/wp-json\/wp\/v2\/comments?post=1029159"}],"version-history":[{"count":0,"href":"https:\/\/www.eldigitaldeasturias.com\/noticias\/wp-json\/wp\/v2\/posts\/1029159\/revisions"}],"wp:featuredmedia":[{"embeddable":true,"href":"https:\/\/www.eldigitaldeasturias.com\/noticias\/wp-json\/wp\/v2\/media\/1029160"}],"wp:attachment":[{"href":"https:\/\/www.eldigitaldeasturias.com\/noticias\/wp-json\/wp\/v2\/media?parent=1029159"}],"wp:term":[{"taxonomy":"category","embeddable":true,"href":"https:\/\/www.eldigitaldeasturias.com\/noticias\/wp-json\/wp\/v2\/categories?post=1029159"},{"taxonomy":"post_tag","embeddable":true,"href":"https:\/\/www.eldigitaldeasturias.com\/noticias\/wp-json\/wp\/v2\/tags?post=1029159"}],"curies":[{"name":"wp","href":"https:\/\/api.w.org\/{rel}","templated":true}]}}