{"id":1029043,"date":"2019-05-30T16:37:17","date_gmt":"2019-05-30T16:37:17","guid":{"rendered":"https:\/\/www.eldigitaldeasturias.com\/noticias\/?p=1029043"},"modified":"2019-05-30T16:37:17","modified_gmt":"2019-05-30T16:37:17","slug":"ironman-frodeno-quiere-repetir-victoria-en-kraichgau","status":"publish","type":"post","link":"https:\/\/www.eldigitaldeasturias.com\/noticias\/ironman-frodeno-quiere-repetir-victoria-en-kraichgau\/","title":{"rendered":"Ironman: Frodeno quiere repetir victoria en Kraichgau"},"content":{"rendered":"<p><img loading=\"lazy\" decoding=\"async\" class=\"alignleft size-medium wp-image-1029044\" src=\"https:\/\/www.eldigitaldeasturias.com\/noticias\/wp-content\/uploads\/2019\/05\/Frodeno-360x238.jpg\" alt=\"\" width=\"360\" height=\"238\" srcset=\"https:\/\/www.eldigitaldeasturias.com\/noticias\/wp-content\/uploads\/2019\/05\/Frodeno-360x238.jpg 360w, https:\/\/www.eldigitaldeasturias.com\/noticias\/wp-content\/uploads\/2019\/05\/Frodeno-768x509.jpg 768w, https:\/\/www.eldigitaldeasturias.com\/noticias\/wp-content\/uploads\/2019\/05\/Frodeno-650x431.jpg 650w, https:\/\/www.eldigitaldeasturias.com\/noticias\/wp-content\/uploads\/2019\/05\/Frodeno.jpg 1010w\" sizes=\"auto, (max-width: 360px) 100vw, 360px\" \/>Ubstadt-Weiher (Alemania), 30 may (dpa) &#8211; El triatleta alem\u00e1n Jan Frodeno quiere repetir el domingo la victoria del a\u00f1o pasado en el Ironman 70.3 de Kraichgau que le servir\u00e1 al campe\u00f3n para preparar el Europeo de finales de junio en Fr\u00e1ncfort.<\/p>\n<p>Frodeno, de 37 a\u00f1os, es el m\u00e1ximo favorito en la prueba que incluye 1,9 kil\u00f3metros a nado, 90 kil\u00f3metros en bicicleta y 21,1 kil\u00f3metros de carrera.<\/p>\n<p>Tras el \u00e9xito de su estreno a principios de mayo en el cl\u00e1sico de primavera sobre la distancia ol\u00edmpica en B\u00fcschh\u00fctten, la alemana de Kraichgau es la segunda competici\u00f3n para el campe\u00f3n del Ironman en 2015 y 2016 despu\u00e9s de un largo par\u00e9ntesis debido a una lesi\u00f3n por una fractura en la cadera.<\/p>\n<p>Frodeno competir\u00e1 sobre la mitad de la distancia de un Ironman por primera vez desde que se proclam\u00f3 campe\u00f3n del mundo en Sud\u00e1frica a principios de septiembre.<\/p>\n<p>El tambi\u00e9n germano Sebastian Kienle espera una victoria sobre la misma distancia en Samorin, Eslovaquia, despu\u00e9s de haber ocupado el segundo lugar los \u00faltimos dos a\u00f1os.<\/p>\n<p>Campe\u00f3n del mundo del Ironman en 2014, Kienle tambi\u00e9n estuvo lesionado y, a diferencia de Frodeno, particip\u00f3 en el Campeonato Mundial de Ironman, pero tuvo que retirarse antes debido a problemas en el tend\u00f3n de Aquiles. El atleta de 34 a\u00f1os gan\u00f3 el Challenge Heilbronn hace dos semanas en la media distancia.<\/p>\n<p>A finales de junio, ambos se enfrentar\u00e1n en el Campeonato de Europa de Ironman en Fr\u00e1ncfort. Adem\u00e1s, el bicampe\u00f3n del mundo Patrick Lange (2017 y 2018) tambi\u00e9n comenzar\u00e1 all\u00ed la temporada, de modo que habr\u00e1 una lucha entre los campeones del mundo de Ironman de 2014 a 2018.<\/p>\n<p><em>Foto: Marius Becker\/dpa <\/em><\/p>\n","protected":false},"excerpt":{"rendered":"<p>Ubstadt-Weiher (Alemania), 30 may (dpa) &#8211; El triatleta alem\u00e1n Jan Frodeno quiere repetir el domingo la victoria del a\u00f1o pasado en el Ironman 70.3 de Kraichgau que le servir\u00e1 al campe\u00f3n para preparar el Europeo de finales de junio en Fr\u00e1ncfort. Frodeno, de 37 a\u00f1os, es el m\u00e1ximo favorito en la prueba que incluye 1,9 [&hellip;]<\/p>\n","protected":false},"author":1,"featured_media":1029044,"comment_status":"closed","ping_status":"closed","sticky":false,"template":"","format":"standard","meta":{"footnotes":""},"categories":[190],"tags":[],"class_list":["post-1029043","post","type-post","status-publish","format-standard","has-post-thumbnail","hentry","category-deportes"],"aioseo_notices":[],"aioseo_head":"\n\t\t<!-- All in One SEO Pro 4.9.6.2 - aioseo.com -->\n\t<meta name=\"description\" content=\"Ubstadt-Weiher (Alemania), 30 may (dpa) - El triatleta alem\u00e1n Jan Frodeno quiere repetir el domingo la victoria del a\u00f1o pasado en el Ironman 70.3 de Kraichgau que le servir\u00e1 al campe\u00f3n para preparar el Europeo de finales de junio en Fr\u00e1ncfort. Frodeno, de 37 a\u00f1os, es el m\u00e1ximo favorito en la prueba que incluye 1,9\" \/>\n\t<meta name=\"robots\" content=\"max-image-preview:large\" \/>\n\t<meta name=\"author\" content=\"El Digital de Asturias\"\/>\n\t<meta name=\"google-site-verification\" content=\"UA-38556648-1\" \/>\n\t<meta name=\"msvalidate.01\" content=\"7dfe9f3f1b24437ab69f4f2559babe99\" \/>\n\t<meta name=\"keywords\" content=\"deportes\" \/>\n\t<link rel=\"canonical\" href=\"https:\/\/www.eldigitaldeasturias.com\/noticias\/ironman-frodeno-quiere-repetir-victoria-en-kraichgau\/\" \/>\n\t<meta name=\"generator\" content=\"All in One SEO Pro (AIOSEO) 4.9.6.2\" \/>\n\t\t<meta property=\"og:locale\" content=\"es_ES\" \/>\n\t\t<meta property=\"og:site_name\" content=\"El Digital de Asturias\" \/>\n\t\t<meta property=\"og:type\" content=\"article\" \/>\n\t\t<meta property=\"og:title\" content=\"Ironman: Frodeno quiere repetir victoria en Kraichgau - El Digital de Asturias\" \/>\n\t\t<meta property=\"og:description\" content=\"Ubstadt-Weiher (Alemania), 30 may (dpa) - El triatleta alem\u00e1n Jan Frodeno quiere repetir el domingo la victoria del a\u00f1o pasado en el Ironman 70.3 de Kraichgau que le servir\u00e1 al campe\u00f3n para preparar el Europeo de finales de junio en Fr\u00e1ncfort. Frodeno, de 37 a\u00f1os, es el m\u00e1ximo favorito en la prueba que incluye 1,9\" \/>\n\t\t<meta property=\"og:url\" content=\"https:\/\/www.eldigitaldeasturias.com\/noticias\/ironman-frodeno-quiere-repetir-victoria-en-kraichgau\/\" \/>\n\t\t<meta property=\"og:image\" content=\"https:\/\/www.eldigitaldeasturias.com\/noticias\/wp-content\/uploads\/2019\/05\/Frodeno.jpg\" \/>\n\t\t<meta property=\"og:image:secure_url\" content=\"https:\/\/www.eldigitaldeasturias.com\/noticias\/wp-content\/uploads\/2019\/05\/Frodeno.jpg\" \/>\n\t\t<meta property=\"og:image:width\" content=\"1010\" \/>\n\t\t<meta property=\"og:image:height\" content=\"669\" \/>\n\t\t<meta property=\"article:tag\" content=\"deportes\" \/>\n\t\t<meta property=\"article:published_time\" content=\"2019-05-30T16:37:17+00:00\" \/>\n\t\t<meta property=\"article:modified_time\" content=\"2019-05-30T16:37:17+00:00\" \/>\n\t\t<meta property=\"article:publisher\" content=\"https:\/\/facebook.com\/eldigitaldeasturias\" \/>\n\t\t<meta name=\"twitter:card\" content=\"summary_large_image\" \/>\n\t\t<meta name=\"twitter:title\" content=\"Ironman: Frodeno quiere repetir victoria en Kraichgau - El Digital de Asturias\" \/>\n\t\t<meta name=\"twitter:description\" content=\"Ubstadt-Weiher (Alemania), 30 may (dpa) - El triatleta alem\u00e1n Jan Frodeno quiere repetir el domingo la victoria del a\u00f1o pasado en el Ironman 70.3 de Kraichgau que le servir\u00e1 al campe\u00f3n para preparar el Europeo de finales de junio en Fr\u00e1ncfort. Frodeno, de 37 a\u00f1os, es el m\u00e1ximo favorito en la prueba que incluye 1,9\" \/>\n\t\t<meta name=\"twitter:image\" content=\"https:\/\/www.eldigitaldeasturias.com\/noticias\/wp-content\/uploads\/2019\/05\/Frodeno.jpg\" \/>\n\t\t<meta name=\"twitter:label1\" content=\"Escrito por\" \/>\n\t\t<meta name=\"twitter:data1\" content=\"El Digital de Asturias\" \/>\n\t\t<meta name=\"twitter:label2\" content=\"Tiempo de lectura estimado\" \/>\n\t\t<meta name=\"twitter:data2\" content=\"1 minuto\" \/>\n\t\t<script type=\"application\/ld+json\" class=\"aioseo-schema\">\n\t\t\t{\"@context\":\"https:\\\/\\\/schema.org\",\"@graph\":[{\"@type\":\"BlogPosting\",\"@id\":\"https:\\\/\\\/www.eldigitaldeasturias.com\\\/noticias\\\/ironman-frodeno-quiere-repetir-victoria-en-kraichgau\\\/#blogposting\",\"name\":\"Ironman: Frodeno quiere repetir victoria en Kraichgau - El Digital de Asturias\",\"headline\":\"Ironman: Frodeno quiere repetir victoria en Kraichgau\",\"author\":{\"@id\":\"https:\\\/\\\/www.eldigitaldeasturias.com\\\/noticias\\\/author\\\/admin\\\/#author\"},\"publisher\":{\"@id\":\"https:\\\/\\\/www.eldigitaldeasturias.com\\\/noticias\\\/#organization\"},\"image\":{\"@type\":\"ImageObject\",\"url\":\"https:\\\/\\\/www.eldigitaldeasturias.com\\\/noticias\\\/wp-content\\\/uploads\\\/2019\\\/05\\\/Frodeno.jpg\",\"width\":1010,\"height\":669},\"datePublished\":\"2019-05-30T16:37:17+02:00\",\"dateModified\":\"2019-05-30T16:37:17+02:00\",\"inLanguage\":\"es-ES\",\"mainEntityOfPage\":{\"@id\":\"https:\\\/\\\/www.eldigitaldeasturias.com\\\/noticias\\\/ironman-frodeno-quiere-repetir-victoria-en-kraichgau\\\/#webpage\"},\"isPartOf\":{\"@id\":\"https:\\\/\\\/www.eldigitaldeasturias.com\\\/noticias\\\/ironman-frodeno-quiere-repetir-victoria-en-kraichgau\\\/#webpage\"},\"articleSection\":\"Deportes\"},{\"@type\":\"BreadcrumbList\",\"@id\":\"https:\\\/\\\/www.eldigitaldeasturias.com\\\/noticias\\\/ironman-frodeno-quiere-repetir-victoria-en-kraichgau\\\/#breadcrumblist\",\"itemListElement\":[{\"@type\":\"ListItem\",\"@id\":\"https:\\\/\\\/www.eldigitaldeasturias.com\\\/noticias#listItem\",\"position\":1,\"name\":\"Home\",\"item\":\"https:\\\/\\\/www.eldigitaldeasturias.com\\\/noticias\",\"nextItem\":{\"@type\":\"ListItem\",\"@id\":\"https:\\\/\\\/www.eldigitaldeasturias.com\\\/noticias\\\/category\\\/deportes\\\/#listItem\",\"name\":\"Deportes\"}},{\"@type\":\"ListItem\",\"@id\":\"https:\\\/\\\/www.eldigitaldeasturias.com\\\/noticias\\\/category\\\/deportes\\\/#listItem\",\"position\":2,\"name\":\"Deportes\",\"item\":\"https:\\\/\\\/www.eldigitaldeasturias.com\\\/noticias\\\/category\\\/deportes\\\/\",\"nextItem\":{\"@type\":\"ListItem\",\"@id\":\"https:\\\/\\\/www.eldigitaldeasturias.com\\\/noticias\\\/ironman-frodeno-quiere-repetir-victoria-en-kraichgau\\\/#listItem\",\"name\":\"Ironman: Frodeno quiere repetir victoria en Kraichgau\"},\"previousItem\":{\"@type\":\"ListItem\",\"@id\":\"https:\\\/\\\/www.eldigitaldeasturias.com\\\/noticias#listItem\",\"name\":\"Home\"}},{\"@type\":\"ListItem\",\"@id\":\"https:\\\/\\\/www.eldigitaldeasturias.com\\\/noticias\\\/ironman-frodeno-quiere-repetir-victoria-en-kraichgau\\\/#listItem\",\"position\":3,\"name\":\"Ironman: Frodeno quiere repetir victoria en Kraichgau\",\"previousItem\":{\"@type\":\"ListItem\",\"@id\":\"https:\\\/\\\/www.eldigitaldeasturias.com\\\/noticias\\\/category\\\/deportes\\\/#listItem\",\"name\":\"Deportes\"}}]},{\"@type\":\"Organization\",\"@id\":\"https:\\\/\\\/www.eldigitaldeasturias.com\\\/noticias\\\/#organization\",\"name\":\"El Digital de Asturias\",\"description\":\"Hemeroteca\",\"url\":\"https:\\\/\\\/www.eldigitaldeasturias.com\\\/noticias\\\/\",\"email\":\"info@eldigitaldeasturias.com\",\"telephone\":\"+34652131393\",\"logo\":{\"@type\":\"ImageObject\",\"url\":\"https:\\\/\\\/www.eldigitaldeasturias.com\\\/noticias\\\/wp-content\\\/uploads\\\/2020\\\/12\\\/EDA.jpg\",\"@id\":\"https:\\\/\\\/www.eldigitaldeasturias.com\\\/noticias\\\/ironman-frodeno-quiere-repetir-victoria-en-kraichgau\\\/#organizationLogo\",\"width\":649,\"height\":297},\"image\":{\"@id\":\"https:\\\/\\\/www.eldigitaldeasturias.com\\\/noticias\\\/ironman-frodeno-quiere-repetir-victoria-en-kraichgau\\\/#organizationLogo\"},\"sameAs\":[\"https:\\\/\\\/facebook.com\\\/eldigitaldeasturias\",\"https:\\\/\\\/www.youtube.com\\\/channel\\\/UCZP-2wLEB9Rv6erhFmqVnvg\"],\"address\":{\"@id\":\"https:\\\/\\\/www.eldigitaldeasturias.com\\\/noticias\\\/#postaladdress\",\"@type\":\"PostalAddress\",\"streetAddress\":\"san antonio 4,\",\"postalCode\":\"33430\",\"addressLocality\":\"Cand\\u00e1s\",\"addressRegion\":\"Asturias\",\"addressCountry\":\"ES\"}},{\"@type\":\"Person\",\"@id\":\"https:\\\/\\\/www.eldigitaldeasturias.com\\\/noticias\\\/author\\\/admin\\\/#author\",\"url\":\"https:\\\/\\\/www.eldigitaldeasturias.com\\\/noticias\\\/author\\\/admin\\\/\",\"name\":\"El Digital de Asturias\",\"image\":{\"@type\":\"ImageObject\",\"@id\":\"https:\\\/\\\/www.eldigitaldeasturias.com\\\/noticias\\\/ironman-frodeno-quiere-repetir-victoria-en-kraichgau\\\/#authorImage\",\"url\":\"https:\\\/\\\/www.eldigitaldeasturias.com\\\/noticias\\\/wp-content\\\/litespeed\\\/avatar\\\/18677e78aa0546b92d9dbf31ec7d7668.jpg?ver=1777290358\",\"width\":96,\"height\":96,\"caption\":\"El Digital de Asturias\"}},{\"@type\":\"WebPage\",\"@id\":\"https:\\\/\\\/www.eldigitaldeasturias.com\\\/noticias\\\/ironman-frodeno-quiere-repetir-victoria-en-kraichgau\\\/#webpage\",\"url\":\"https:\\\/\\\/www.eldigitaldeasturias.com\\\/noticias\\\/ironman-frodeno-quiere-repetir-victoria-en-kraichgau\\\/\",\"name\":\"Ironman: Frodeno quiere repetir victoria en Kraichgau - El Digital de Asturias\",\"description\":\"Ubstadt-Weiher (Alemania), 30 may (dpa) - El triatleta alem\\u00e1n Jan Frodeno quiere repetir el domingo la victoria del a\\u00f1o pasado en el Ironman 70.3 de Kraichgau que le servir\\u00e1 al campe\\u00f3n para preparar el Europeo de finales de junio en Fr\\u00e1ncfort. Frodeno, de 37 a\\u00f1os, es el m\\u00e1ximo favorito en la prueba que incluye 1,9\",\"inLanguage\":\"es-ES\",\"isPartOf\":{\"@id\":\"https:\\\/\\\/www.eldigitaldeasturias.com\\\/noticias\\\/#website\"},\"breadcrumb\":{\"@id\":\"https:\\\/\\\/www.eldigitaldeasturias.com\\\/noticias\\\/ironman-frodeno-quiere-repetir-victoria-en-kraichgau\\\/#breadcrumblist\"},\"author\":{\"@id\":\"https:\\\/\\\/www.eldigitaldeasturias.com\\\/noticias\\\/author\\\/admin\\\/#author\"},\"creator\":{\"@id\":\"https:\\\/\\\/www.eldigitaldeasturias.com\\\/noticias\\\/author\\\/admin\\\/#author\"},\"image\":{\"@type\":\"ImageObject\",\"url\":\"https:\\\/\\\/www.eldigitaldeasturias.com\\\/noticias\\\/wp-content\\\/uploads\\\/2019\\\/05\\\/Frodeno.jpg\",\"@id\":\"https:\\\/\\\/www.eldigitaldeasturias.com\\\/noticias\\\/ironman-frodeno-quiere-repetir-victoria-en-kraichgau\\\/#mainImage\",\"width\":1010,\"height\":669},\"primaryImageOfPage\":{\"@id\":\"https:\\\/\\\/www.eldigitaldeasturias.com\\\/noticias\\\/ironman-frodeno-quiere-repetir-victoria-en-kraichgau\\\/#mainImage\"},\"datePublished\":\"2019-05-30T16:37:17+02:00\",\"dateModified\":\"2019-05-30T16:37:17+02:00\"},{\"@type\":\"WebSite\",\"@id\":\"https:\\\/\\\/www.eldigitaldeasturias.com\\\/noticias\\\/#website\",\"url\":\"https:\\\/\\\/www.eldigitaldeasturias.com\\\/noticias\\\/\",\"name\":\"El Digital de Asturias - Diario de actualidad y noticias\",\"alternateName\":\"El Digital de Asturias - Diario de actualidad y noticias\",\"description\":\"Hemeroteca\",\"inLanguage\":\"es-ES\",\"publisher\":{\"@id\":\"https:\\\/\\\/www.eldigitaldeasturias.com\\\/noticias\\\/#organization\"}}]}\n\t\t<\/script>\n\t\t<!-- All in One SEO Pro -->\r\n\t\t<title>Ironman: Frodeno quiere repetir victoria en Kraichgau - El Digital de Asturias<\/title>\n\n","aioseo_head_json":{"title":"Ironman: Frodeno quiere repetir victoria en Kraichgau - El Digital de Asturias","description":"Ubstadt-Weiher (Alemania), 30 may (dpa) - El triatleta alem\u00e1n Jan Frodeno quiere repetir el domingo la victoria del a\u00f1o pasado en el Ironman 70.3 de Kraichgau que le servir\u00e1 al campe\u00f3n para preparar el Europeo de finales de junio en Fr\u00e1ncfort. Frodeno, de 37 a\u00f1os, es el m\u00e1ximo favorito en la prueba que incluye 1,9","canonical_url":"https:\/\/www.eldigitaldeasturias.com\/noticias\/ironman-frodeno-quiere-repetir-victoria-en-kraichgau\/","robots":"max-image-preview:large","keywords":"deportes","webmasterTools":{"google-site-verification":"UA-38556648-1","msvalidate.01":"7dfe9f3f1b24437ab69f4f2559babe99","miscellaneous":""},"schema":{"@context":"https:\/\/schema.org","@graph":[{"@type":"BlogPosting","@id":"https:\/\/www.eldigitaldeasturias.com\/noticias\/ironman-frodeno-quiere-repetir-victoria-en-kraichgau\/#blogposting","name":"Ironman: Frodeno quiere repetir victoria en Kraichgau - El Digital de Asturias","headline":"Ironman: Frodeno quiere repetir victoria en Kraichgau","author":{"@id":"https:\/\/www.eldigitaldeasturias.com\/noticias\/author\/admin\/#author"},"publisher":{"@id":"https:\/\/www.eldigitaldeasturias.com\/noticias\/#organization"},"image":{"@type":"ImageObject","url":"https:\/\/www.eldigitaldeasturias.com\/noticias\/wp-content\/uploads\/2019\/05\/Frodeno.jpg","width":1010,"height":669},"datePublished":"2019-05-30T16:37:17+02:00","dateModified":"2019-05-30T16:37:17+02:00","inLanguage":"es-ES","mainEntityOfPage":{"@id":"https:\/\/www.eldigitaldeasturias.com\/noticias\/ironman-frodeno-quiere-repetir-victoria-en-kraichgau\/#webpage"},"isPartOf":{"@id":"https:\/\/www.eldigitaldeasturias.com\/noticias\/ironman-frodeno-quiere-repetir-victoria-en-kraichgau\/#webpage"},"articleSection":"Deportes"},{"@type":"BreadcrumbList","@id":"https:\/\/www.eldigitaldeasturias.com\/noticias\/ironman-frodeno-quiere-repetir-victoria-en-kraichgau\/#breadcrumblist","itemListElement":[{"@type":"ListItem","@id":"https:\/\/www.eldigitaldeasturias.com\/noticias#listItem","position":1,"name":"Home","item":"https:\/\/www.eldigitaldeasturias.com\/noticias","nextItem":{"@type":"ListItem","@id":"https:\/\/www.eldigitaldeasturias.com\/noticias\/category\/deportes\/#listItem","name":"Deportes"}},{"@type":"ListItem","@id":"https:\/\/www.eldigitaldeasturias.com\/noticias\/category\/deportes\/#listItem","position":2,"name":"Deportes","item":"https:\/\/www.eldigitaldeasturias.com\/noticias\/category\/deportes\/","nextItem":{"@type":"ListItem","@id":"https:\/\/www.eldigitaldeasturias.com\/noticias\/ironman-frodeno-quiere-repetir-victoria-en-kraichgau\/#listItem","name":"Ironman: Frodeno quiere repetir victoria en Kraichgau"},"previousItem":{"@type":"ListItem","@id":"https:\/\/www.eldigitaldeasturias.com\/noticias#listItem","name":"Home"}},{"@type":"ListItem","@id":"https:\/\/www.eldigitaldeasturias.com\/noticias\/ironman-frodeno-quiere-repetir-victoria-en-kraichgau\/#listItem","position":3,"name":"Ironman: Frodeno quiere repetir victoria en Kraichgau","previousItem":{"@type":"ListItem","@id":"https:\/\/www.eldigitaldeasturias.com\/noticias\/category\/deportes\/#listItem","name":"Deportes"}}]},{"@type":"Organization","@id":"https:\/\/www.eldigitaldeasturias.com\/noticias\/#organization","name":"El Digital de Asturias","description":"Hemeroteca","url":"https:\/\/www.eldigitaldeasturias.com\/noticias\/","email":"info@eldigitaldeasturias.com","telephone":"+34652131393","logo":{"@type":"ImageObject","url":"https:\/\/www.eldigitaldeasturias.com\/noticias\/wp-content\/uploads\/2020\/12\/EDA.jpg","@id":"https:\/\/www.eldigitaldeasturias.com\/noticias\/ironman-frodeno-quiere-repetir-victoria-en-kraichgau\/#organizationLogo","width":649,"height":297},"image":{"@id":"https:\/\/www.eldigitaldeasturias.com\/noticias\/ironman-frodeno-quiere-repetir-victoria-en-kraichgau\/#organizationLogo"},"sameAs":["https:\/\/facebook.com\/eldigitaldeasturias","https:\/\/www.youtube.com\/channel\/UCZP-2wLEB9Rv6erhFmqVnvg"],"address":{"@id":"https:\/\/www.eldigitaldeasturias.com\/noticias\/#postaladdress","@type":"PostalAddress","streetAddress":"san antonio 4,","postalCode":"33430","addressLocality":"Cand\u00e1s","addressRegion":"Asturias","addressCountry":"ES"}},{"@type":"Person","@id":"https:\/\/www.eldigitaldeasturias.com\/noticias\/author\/admin\/#author","url":"https:\/\/www.eldigitaldeasturias.com\/noticias\/author\/admin\/","name":"El Digital de Asturias","image":{"@type":"ImageObject","@id":"https:\/\/www.eldigitaldeasturias.com\/noticias\/ironman-frodeno-quiere-repetir-victoria-en-kraichgau\/#authorImage","url":"https:\/\/www.eldigitaldeasturias.com\/noticias\/wp-content\/litespeed\/avatar\/18677e78aa0546b92d9dbf31ec7d7668.jpg?ver=1777290358","width":96,"height":96,"caption":"El Digital de Asturias"}},{"@type":"WebPage","@id":"https:\/\/www.eldigitaldeasturias.com\/noticias\/ironman-frodeno-quiere-repetir-victoria-en-kraichgau\/#webpage","url":"https:\/\/www.eldigitaldeasturias.com\/noticias\/ironman-frodeno-quiere-repetir-victoria-en-kraichgau\/","name":"Ironman: Frodeno quiere repetir victoria en Kraichgau - El Digital de Asturias","description":"Ubstadt-Weiher (Alemania), 30 may (dpa) - El triatleta alem\u00e1n Jan Frodeno quiere repetir el domingo la victoria del a\u00f1o pasado en el Ironman 70.3 de Kraichgau que le servir\u00e1 al campe\u00f3n para preparar el Europeo de finales de junio en Fr\u00e1ncfort. Frodeno, de 37 a\u00f1os, es el m\u00e1ximo favorito en la prueba que incluye 1,9","inLanguage":"es-ES","isPartOf":{"@id":"https:\/\/www.eldigitaldeasturias.com\/noticias\/#website"},"breadcrumb":{"@id":"https:\/\/www.eldigitaldeasturias.com\/noticias\/ironman-frodeno-quiere-repetir-victoria-en-kraichgau\/#breadcrumblist"},"author":{"@id":"https:\/\/www.eldigitaldeasturias.com\/noticias\/author\/admin\/#author"},"creator":{"@id":"https:\/\/www.eldigitaldeasturias.com\/noticias\/author\/admin\/#author"},"image":{"@type":"ImageObject","url":"https:\/\/www.eldigitaldeasturias.com\/noticias\/wp-content\/uploads\/2019\/05\/Frodeno.jpg","@id":"https:\/\/www.eldigitaldeasturias.com\/noticias\/ironman-frodeno-quiere-repetir-victoria-en-kraichgau\/#mainImage","width":1010,"height":669},"primaryImageOfPage":{"@id":"https:\/\/www.eldigitaldeasturias.com\/noticias\/ironman-frodeno-quiere-repetir-victoria-en-kraichgau\/#mainImage"},"datePublished":"2019-05-30T16:37:17+02:00","dateModified":"2019-05-30T16:37:17+02:00"},{"@type":"WebSite","@id":"https:\/\/www.eldigitaldeasturias.com\/noticias\/#website","url":"https:\/\/www.eldigitaldeasturias.com\/noticias\/","name":"El Digital de Asturias - Diario de actualidad y noticias","alternateName":"El Digital de Asturias - Diario de actualidad y noticias","description":"Hemeroteca","inLanguage":"es-ES","publisher":{"@id":"https:\/\/www.eldigitaldeasturias.com\/noticias\/#organization"}}]},"og:locale":"es_ES","og:site_name":"El Digital de Asturias","og:type":"article","og:title":"Ironman: Frodeno quiere repetir victoria en Kraichgau - El Digital de Asturias","og:description":"Ubstadt-Weiher (Alemania), 30 may (dpa) - El triatleta alem\u00e1n Jan Frodeno quiere repetir el domingo la victoria del a\u00f1o pasado en el Ironman 70.3 de Kraichgau que le servir\u00e1 al campe\u00f3n para preparar el Europeo de finales de junio en Fr\u00e1ncfort. Frodeno, de 37 a\u00f1os, es el m\u00e1ximo favorito en la prueba que incluye 1,9","og:url":"https:\/\/www.eldigitaldeasturias.com\/noticias\/ironman-frodeno-quiere-repetir-victoria-en-kraichgau\/","og:image":"https:\/\/www.eldigitaldeasturias.com\/noticias\/wp-content\/uploads\/2019\/05\/Frodeno.jpg","og:image:secure_url":"https:\/\/www.eldigitaldeasturias.com\/noticias\/wp-content\/uploads\/2019\/05\/Frodeno.jpg","og:image:width":1010,"og:image:height":669,"article:tag":["deportes"],"article:published_time":"2019-05-30T16:37:17+00:00","article:modified_time":"2019-05-30T16:37:17+00:00","article:publisher":"https:\/\/facebook.com\/eldigitaldeasturias","twitter:card":"summary_large_image","twitter:title":"Ironman: Frodeno quiere repetir victoria en Kraichgau - El Digital de Asturias","twitter:description":"Ubstadt-Weiher (Alemania), 30 may (dpa) - El triatleta alem\u00e1n Jan Frodeno quiere repetir el domingo la victoria del a\u00f1o pasado en el Ironman 70.3 de Kraichgau que le servir\u00e1 al campe\u00f3n para preparar el Europeo de finales de junio en Fr\u00e1ncfort. Frodeno, de 37 a\u00f1os, es el m\u00e1ximo favorito en la prueba que incluye 1,9","twitter:image":"https:\/\/www.eldigitaldeasturias.com\/noticias\/wp-content\/uploads\/2019\/05\/Frodeno.jpg","twitter:label1":"Escrito por","twitter:data1":"El Digital de Asturias","twitter:label2":"Tiempo de lectura estimado","twitter:data2":"1 minuto"},"aioseo_meta_data":{"post_id":"1029043","title":null,"description":null,"keywords":null,"keyphrases":null,"primary_term":null,"canonical_url":null,"og_title":null,"og_description":null,"og_object_type":"default","og_image_type":"default","og_image_url":null,"og_image_width":null,"og_image_height":null,"og_image_custom_url":null,"og_image_custom_fields":null,"og_video":null,"og_custom_url":null,"og_article_section":null,"og_article_tags":null,"twitter_use_og":false,"twitter_card":"default","twitter_image_type":"default","twitter_image_url":null,"twitter_image_custom_url":null,"twitter_image_custom_fields":null,"twitter_title":null,"twitter_description":null,"schema":{"blockGraphs":[],"customGraphs":[],"default":{"data":{"Article":[],"Course":[],"Dataset":[],"FAQPage":[],"Movie":[],"Person":[],"Product":[],"ProductReview":[],"Car":[],"Recipe":[],"Service":[],"SoftwareApplication":[],"WebPage":[]},"graphName":"","isEnabled":true},"graphs":[],"defaultGraph":"","defaultPostTypeGraph":""},"schema_type":null,"schema_type_options":null,"pillar_content":false,"robots_default":true,"robots_noindex":false,"robots_noarchive":false,"robots_nosnippet":false,"robots_nofollow":false,"robots_noimageindex":false,"robots_noodp":false,"robots_notranslate":false,"robots_max_snippet":null,"robots_max_videopreview":null,"robots_max_imagepreview":"large","priority":null,"frequency":null,"local_seo":null,"seo_analyzer_scan_date":"2025-10-18 10:53:11","breadcrumb_settings":null,"limit_modified_date":false,"open_ai":null,"ai":null,"created":"2020-12-21 11:11:16","updated":"2025-10-18 10:53:11"},"aioseo_breadcrumb":"<div class=\"aioseo-breadcrumbs\"><span class=\"aioseo-breadcrumb\">\n\t<a href=\"https:\/\/www.eldigitaldeasturias.com\/noticias\" title=\"Home\">Home<\/a>\n<\/span><span class=\"aioseo-breadcrumb-separator\">\u2013<\/span><span class=\"aioseo-breadcrumb\">\n\t<a href=\"https:\/\/www.eldigitaldeasturias.com\/noticias\/category\/deportes\/\" title=\"Deportes\">Deportes<\/a>\n<\/span><span class=\"aioseo-breadcrumb-separator\">\u2013<\/span><span class=\"aioseo-breadcrumb\">\n\t<a href=\"https:\/\/www.eldigitaldeasturias.com\/noticias\/ironman-frodeno-quiere-repetir-victoria-en-kraichgau\/\" title=\"Ironman: Frodeno quiere repetir victoria en Kraichgau\">Ironman: Frodeno quiere repetir victoria en Kraichgau<\/a>\n<\/span><\/div>","aioseo_breadcrumb_json":[{"label":"Home","link":"https:\/\/www.eldigitaldeasturias.com\/noticias"},{"label":"Deportes","link":"https:\/\/www.eldigitaldeasturias.com\/noticias\/category\/deportes\/"},{"label":"Ironman: Frodeno quiere repetir victoria en Kraichgau","link":"https:\/\/www.eldigitaldeasturias.com\/noticias\/ironman-frodeno-quiere-repetir-victoria-en-kraichgau\/"}],"_links":{"self":[{"href":"https:\/\/www.eldigitaldeasturias.com\/noticias\/wp-json\/wp\/v2\/posts\/1029043","targetHints":{"allow":["GET"]}}],"collection":[{"href":"https:\/\/www.eldigitaldeasturias.com\/noticias\/wp-json\/wp\/v2\/posts"}],"about":[{"href":"https:\/\/www.eldigitaldeasturias.com\/noticias\/wp-json\/wp\/v2\/types\/post"}],"author":[{"embeddable":true,"href":"https:\/\/www.eldigitaldeasturias.com\/noticias\/wp-json\/wp\/v2\/users\/1"}],"replies":[{"embeddable":true,"href":"https:\/\/www.eldigitaldeasturias.com\/noticias\/wp-json\/wp\/v2\/comments?post=1029043"}],"version-history":[{"count":0,"href":"https:\/\/www.eldigitaldeasturias.com\/noticias\/wp-json\/wp\/v2\/posts\/1029043\/revisions"}],"wp:featuredmedia":[{"embeddable":true,"href":"https:\/\/www.eldigitaldeasturias.com\/noticias\/wp-json\/wp\/v2\/media\/1029044"}],"wp:attachment":[{"href":"https:\/\/www.eldigitaldeasturias.com\/noticias\/wp-json\/wp\/v2\/media?parent=1029043"}],"wp:term":[{"taxonomy":"category","embeddable":true,"href":"https:\/\/www.eldigitaldeasturias.com\/noticias\/wp-json\/wp\/v2\/categories?post=1029043"},{"taxonomy":"post_tag","embeddable":true,"href":"https:\/\/www.eldigitaldeasturias.com\/noticias\/wp-json\/wp\/v2\/tags?post=1029043"}],"curies":[{"name":"wp","href":"https:\/\/api.w.org\/{rel}","templated":true}]}}