{"id":1029032,"date":"2019-05-30T15:22:34","date_gmt":"2019-05-30T15:22:34","guid":{"rendered":"https:\/\/www.eldigitaldeasturias.com\/noticias\/?p=1029032"},"modified":"2019-05-30T15:22:34","modified_gmt":"2019-05-30T15:22:34","slug":"abel-caballero-alcalde-de-vigo-inaugurara-el-sed-2019-en-su-ciudad","status":"publish","type":"post","link":"https:\/\/www.eldigitaldeasturias.com\/noticias\/abel-caballero-alcalde-de-vigo-inaugurara-el-sed-2019-en-su-ciudad\/","title":{"rendered":"Abel Caballero, alcalde de Vigo, inaugurar\u00e1 el SED 2019 en su ciudad"},"content":{"rendered":"<p><img loading=\"lazy\" decoding=\"async\" class=\"alignleft size-medium wp-image-1029033\" src=\"https:\/\/www.eldigitaldeasturias.com\/noticias\/wp-content\/uploads\/2019\/05\/3656134444046851435_n-360x270.jpg\" alt=\"\" width=\"360\" height=\"270\" srcset=\"https:\/\/www.eldigitaldeasturias.com\/noticias\/wp-content\/uploads\/2019\/05\/3656134444046851435_n-360x270.jpg 360w, https:\/\/www.eldigitaldeasturias.com\/noticias\/wp-content\/uploads\/2019\/05\/3656134444046851435_n.jpg 640w\" sizes=\"auto, (max-width: 360px) 100vw, 360px\" \/>El Congreso SED 2019, se desarrollar\u00e1 durante los d\u00edas 5, 6 y 7 de junio, en lo que<strong>\u00a0ser\u00e1 el evento m\u00e1s internacional de Emprenderores Digitales<\/strong>, considerado el m\u00e1s importante en el mercado hispano por el n\u00famero de ponentes y el n\u00famero de d\u00edas.<\/p>\n<p>El evento,<strong>\u00a0<\/strong><strong>ser\u00e1 inaugurado por el Alcalde de Vigo, Abel Caballero<\/strong>, quien ha considerado al Congreso SED, en su anterior edici\u00f3n, como un evento muy importante para desarrollar el crecimiento empresarial en el mundo digital, en pleno crecimiento y evoluci\u00f3n.<\/p>\n<p>Los ponentes invitados conforman un verdadero crisol de nacionalidades que le dan el tinte internacional al evento. Se trata de un acontecimiento \u00fanico que toma como estandarte la creaci\u00f3n e impacto de marca y referencia en el mundo de los emprendedores y empresarios digitales.<\/p>\n<p><strong>Los organizadores de SED 2019 son: \u00c1lvaro Mendoza<\/strong>, sin lugar a dudas el n\u00famero 1 en marketing digital en Hispano Am\u00e9rica\u00a0<strong>y Benlly Hidalgo<\/strong>, experto en desarrollo e implementaci\u00f3n de estrategia empresarial. Ambos, adem\u00e1s, son fundadores del\u00a0<strong><a href=\"https:\/\/clubdemarketingglobal.com\/detalles\/\" target=\"_blank\" rel=\"nofollow noopener noreferrer\"><span style=\"color: #ff6600;\">Club de Marketing Global<\/span><\/a><\/strong>, organizaci\u00f3n encargada de la realizaci\u00f3n del evento.<\/p>\n<p>Adem\u00e1s, se contar\u00e1 con la presencia de \u00c1lvaro Fontela de Raiola Networks (considerado como el mejor Hosting para el Club de Marketing Global); Geni Ramos de InfusionSoft Espa\u00f1a, n\u00famero 1 en automatizaci\u00f3n digital; Miguel Florido, premio ABC Mejor Web\/Blog; Roc\u00edo Baselga de Hotmart; Nacho Mu\u00f1oz, n\u00famero 1 en mentalidad de abundancia; Ir\u00eda \u00c1lvarez del Club de Marketing; Luis Villanueva, n\u00famero 1 en posicionamiento en SEO; David Sobrino, experto en WhatsApp Marketing; Alex Mediano: n\u00famero 1 en coaching estrat\u00e9gico para emprendedores e Isabel Lucas, experta en visibilidad y promoci\u00f3n del emprendedor en medios de comunicaci\u00f3n, ambos de LIOC Editorial; Carlos Fern\u00e1ndez n\u00famero 1 en Neuro marketing; Laurent Rousseau, especialista en desarrollo directivo; y Abilio Rodrigues, especialista en Facebook Ads.<\/p>\n<p>Contar con el respaldo del distinguido alcalde de Vigo, en donde ocurren los mejores eventos culturales de todo el mundo no es algo f\u00e1cil de conseguir. Por ello, SED quiere proponer al alcalde para<strong>\u00a0convertir Vigo en la capital de emprendimiento digital de Espa\u00f1a<\/strong>.<\/p>\n<p>Los organizadores est\u00e1n comprometidos a brindar la informaci\u00f3n m\u00e1s novedosa del marketing digital y, adem\u00e1s, presentar\u00e1 una serie de casos de \u00e9xito de emprendedores que compartir\u00e1n sus valiosas experiencias en el mundo digital.<\/p>\n<p><strong>Ayudar, compartir y aprender juntos<\/strong>. Esa es la filosof\u00eda del Congreso SED y tambi\u00e9n es la filosof\u00eda del Club de Marketing Global, as\u00ed que todo indica que en un evento de tan gran magnitud se podr\u00e1n cumplir con creces los tres objetivos.<\/p>\n<p>La cita comienza el 5 de junio a las 9:30 horas en el C\u00edrculo de Empresarios de Galicia, con entradas agotadas, en la mejor ciudad del mundo, Vigo. Para que nadie se quede sin ser part\u00edcipe de este evento, la organizaci\u00f3n ha habilitado la posibilidad de seguir el Congreso v\u00eda streaming a trav\u00e9s de la\u00a0<span style=\"color: #ff6600;\"><strong><a style=\"color: #ff6600;\" href=\"https:\/\/clubdemarketingglobal.com\/congreso\/\" target=\"_blank\" rel=\"nofollow noopener noreferrer\">p\u00e1gina oficial del evento<\/a><\/strong><\/span>.<\/p>\n","protected":false},"excerpt":{"rendered":"<p>El Congreso SED 2019, se desarrollar\u00e1 durante los d\u00edas 5, 6 y 7 de junio, en lo que\u00a0ser\u00e1 el evento m\u00e1s internacional de Emprenderores Digitales, considerado el m\u00e1s importante en el mercado hispano por el n\u00famero de ponentes y el n\u00famero de d\u00edas. El evento,\u00a0ser\u00e1 inaugurado por el Alcalde de Vigo, Abel Caballero, quien ha [&hellip;]<\/p>\n","protected":false},"author":1,"featured_media":1029033,"comment_status":"closed","ping_status":"closed","sticky":false,"template":"","format":"standard","meta":{"footnotes":""},"categories":[219],"tags":[],"class_list":["post-1029032","post","type-post","status-publish","format-standard","has-post-thumbnail","hentry","category-negocios-y-empresas"],"aioseo_notices":[],"aioseo_head":"\n\t\t<!-- All in One SEO Pro 4.9.6.2 - aioseo.com -->\n\t<meta name=\"description\" content=\"El Congreso SED 2019, se desarrollar\u00e1 durante los d\u00edas 5, 6 y 7 de junio, en lo que ser\u00e1 el evento m\u00e1s internacional de Emprenderores Digitales, considerado el m\u00e1s importante en el mercado hispano por el n\u00famero de ponentes y el n\u00famero de d\u00edas. El evento, ser\u00e1 inaugurado por el Alcalde de Vigo, Abel Caballero, quien ha\" \/>\n\t<meta name=\"robots\" content=\"max-image-preview:large\" \/>\n\t<meta name=\"author\" content=\"El Digital de Asturias\"\/>\n\t<meta name=\"google-site-verification\" content=\"UA-38556648-1\" \/>\n\t<meta name=\"msvalidate.01\" content=\"7dfe9f3f1b24437ab69f4f2559babe99\" \/>\n\t<meta name=\"keywords\" content=\"negocios y empresas\" \/>\n\t<link rel=\"canonical\" href=\"https:\/\/www.eldigitaldeasturias.com\/noticias\/abel-caballero-alcalde-de-vigo-inaugurara-el-sed-2019-en-su-ciudad\/\" \/>\n\t<meta name=\"generator\" content=\"All in One SEO Pro (AIOSEO) 4.9.6.2\" \/>\n\t\t<meta property=\"og:locale\" content=\"es_ES\" \/>\n\t\t<meta property=\"og:site_name\" content=\"El Digital de Asturias\" \/>\n\t\t<meta property=\"og:type\" content=\"article\" \/>\n\t\t<meta property=\"og:title\" content=\"Abel Caballero, alcalde de Vigo, inaugurar\u00e1 el SED 2019 en su ciudad - El Digital de Asturias\" \/>\n\t\t<meta property=\"og:description\" content=\"El Congreso SED 2019, se desarrollar\u00e1 durante los d\u00edas 5, 6 y 7 de junio, en lo que ser\u00e1 el evento m\u00e1s internacional de Emprenderores Digitales, considerado el m\u00e1s importante en el mercado hispano por el n\u00famero de ponentes y el n\u00famero de d\u00edas. El evento, ser\u00e1 inaugurado por el Alcalde de Vigo, Abel Caballero, quien ha\" \/>\n\t\t<meta property=\"og:url\" content=\"https:\/\/www.eldigitaldeasturias.com\/noticias\/abel-caballero-alcalde-de-vigo-inaugurara-el-sed-2019-en-su-ciudad\/\" \/>\n\t\t<meta property=\"og:image\" content=\"https:\/\/www.eldigitaldeasturias.com\/noticias\/wp-content\/uploads\/2019\/05\/3656134444046851435_n.jpg\" \/>\n\t\t<meta property=\"og:image:secure_url\" content=\"https:\/\/www.eldigitaldeasturias.com\/noticias\/wp-content\/uploads\/2019\/05\/3656134444046851435_n.jpg\" \/>\n\t\t<meta property=\"og:image:width\" content=\"640\" \/>\n\t\t<meta property=\"og:image:height\" content=\"480\" \/>\n\t\t<meta property=\"article:tag\" content=\"negocios y empresas\" \/>\n\t\t<meta property=\"article:published_time\" content=\"2019-05-30T15:22:34+00:00\" \/>\n\t\t<meta property=\"article:modified_time\" content=\"2019-05-30T15:22:34+00:00\" \/>\n\t\t<meta property=\"article:publisher\" content=\"https:\/\/facebook.com\/eldigitaldeasturias\" \/>\n\t\t<meta name=\"twitter:card\" content=\"summary_large_image\" \/>\n\t\t<meta name=\"twitter:title\" content=\"Abel Caballero, alcalde de Vigo, inaugurar\u00e1 el SED 2019 en su ciudad - El Digital de Asturias\" \/>\n\t\t<meta name=\"twitter:description\" content=\"El Congreso SED 2019, se desarrollar\u00e1 durante los d\u00edas 5, 6 y 7 de junio, en lo que ser\u00e1 el evento m\u00e1s internacional de Emprenderores Digitales, considerado el m\u00e1s importante en el mercado hispano por el n\u00famero de ponentes y el n\u00famero de d\u00edas. El evento, ser\u00e1 inaugurado por el Alcalde de Vigo, Abel Caballero, quien ha\" \/>\n\t\t<meta name=\"twitter:image\" content=\"https:\/\/www.eldigitaldeasturias.com\/noticias\/wp-content\/uploads\/2019\/05\/3656134444046851435_n.jpg\" \/>\n\t\t<meta name=\"twitter:label1\" content=\"Escrito por\" \/>\n\t\t<meta name=\"twitter:data1\" content=\"El Digital de Asturias\" \/>\n\t\t<meta name=\"twitter:label2\" content=\"Tiempo de lectura estimado\" \/>\n\t\t<meta name=\"twitter:data2\" content=\"3 minutos\" \/>\n\t\t<script type=\"application\/ld+json\" class=\"aioseo-schema\">\n\t\t\t{\"@context\":\"https:\\\/\\\/schema.org\",\"@graph\":[{\"@type\":\"BlogPosting\",\"@id\":\"https:\\\/\\\/www.eldigitaldeasturias.com\\\/noticias\\\/abel-caballero-alcalde-de-vigo-inaugurara-el-sed-2019-en-su-ciudad\\\/#blogposting\",\"name\":\"Abel Caballero, alcalde de Vigo, inaugurar\\u00e1 el SED 2019 en su ciudad - El Digital de Asturias\",\"headline\":\"Abel Caballero, alcalde de Vigo, inaugurar\\u00e1 el SED 2019 en su ciudad\",\"author\":{\"@id\":\"https:\\\/\\\/www.eldigitaldeasturias.com\\\/noticias\\\/author\\\/admin\\\/#author\"},\"publisher\":{\"@id\":\"https:\\\/\\\/www.eldigitaldeasturias.com\\\/noticias\\\/#organization\"},\"image\":{\"@type\":\"ImageObject\",\"url\":\"https:\\\/\\\/www.eldigitaldeasturias.com\\\/noticias\\\/wp-content\\\/uploads\\\/2019\\\/05\\\/3656134444046851435_n.jpg\",\"width\":640,\"height\":480},\"datePublished\":\"2019-05-30T15:22:34+02:00\",\"dateModified\":\"2019-05-30T15:22:34+02:00\",\"inLanguage\":\"es-ES\",\"mainEntityOfPage\":{\"@id\":\"https:\\\/\\\/www.eldigitaldeasturias.com\\\/noticias\\\/abel-caballero-alcalde-de-vigo-inaugurara-el-sed-2019-en-su-ciudad\\\/#webpage\"},\"isPartOf\":{\"@id\":\"https:\\\/\\\/www.eldigitaldeasturias.com\\\/noticias\\\/abel-caballero-alcalde-de-vigo-inaugurara-el-sed-2019-en-su-ciudad\\\/#webpage\"},\"articleSection\":\"Negocios y Empresas\"},{\"@type\":\"BreadcrumbList\",\"@id\":\"https:\\\/\\\/www.eldigitaldeasturias.com\\\/noticias\\\/abel-caballero-alcalde-de-vigo-inaugurara-el-sed-2019-en-su-ciudad\\\/#breadcrumblist\",\"itemListElement\":[{\"@type\":\"ListItem\",\"@id\":\"https:\\\/\\\/www.eldigitaldeasturias.com\\\/noticias#listItem\",\"position\":1,\"name\":\"Home\",\"item\":\"https:\\\/\\\/www.eldigitaldeasturias.com\\\/noticias\",\"nextItem\":{\"@type\":\"ListItem\",\"@id\":\"https:\\\/\\\/www.eldigitaldeasturias.com\\\/noticias\\\/category\\\/negocios-y-empresas\\\/#listItem\",\"name\":\"Negocios y Empresas\"}},{\"@type\":\"ListItem\",\"@id\":\"https:\\\/\\\/www.eldigitaldeasturias.com\\\/noticias\\\/category\\\/negocios-y-empresas\\\/#listItem\",\"position\":2,\"name\":\"Negocios y Empresas\",\"item\":\"https:\\\/\\\/www.eldigitaldeasturias.com\\\/noticias\\\/category\\\/negocios-y-empresas\\\/\",\"nextItem\":{\"@type\":\"ListItem\",\"@id\":\"https:\\\/\\\/www.eldigitaldeasturias.com\\\/noticias\\\/abel-caballero-alcalde-de-vigo-inaugurara-el-sed-2019-en-su-ciudad\\\/#listItem\",\"name\":\"Abel Caballero, alcalde de Vigo, inaugurar\\u00e1 el SED 2019 en su ciudad\"},\"previousItem\":{\"@type\":\"ListItem\",\"@id\":\"https:\\\/\\\/www.eldigitaldeasturias.com\\\/noticias#listItem\",\"name\":\"Home\"}},{\"@type\":\"ListItem\",\"@id\":\"https:\\\/\\\/www.eldigitaldeasturias.com\\\/noticias\\\/abel-caballero-alcalde-de-vigo-inaugurara-el-sed-2019-en-su-ciudad\\\/#listItem\",\"position\":3,\"name\":\"Abel Caballero, alcalde de Vigo, inaugurar\\u00e1 el SED 2019 en su ciudad\",\"previousItem\":{\"@type\":\"ListItem\",\"@id\":\"https:\\\/\\\/www.eldigitaldeasturias.com\\\/noticias\\\/category\\\/negocios-y-empresas\\\/#listItem\",\"name\":\"Negocios y Empresas\"}}]},{\"@type\":\"Organization\",\"@id\":\"https:\\\/\\\/www.eldigitaldeasturias.com\\\/noticias\\\/#organization\",\"name\":\"El Digital de Asturias\",\"description\":\"Hemeroteca\",\"url\":\"https:\\\/\\\/www.eldigitaldeasturias.com\\\/noticias\\\/\",\"email\":\"info@eldigitaldeasturias.com\",\"telephone\":\"+34652131393\",\"logo\":{\"@type\":\"ImageObject\",\"url\":\"https:\\\/\\\/www.eldigitaldeasturias.com\\\/noticias\\\/wp-content\\\/uploads\\\/2020\\\/12\\\/EDA.jpg\",\"@id\":\"https:\\\/\\\/www.eldigitaldeasturias.com\\\/noticias\\\/abel-caballero-alcalde-de-vigo-inaugurara-el-sed-2019-en-su-ciudad\\\/#organizationLogo\",\"width\":649,\"height\":297},\"image\":{\"@id\":\"https:\\\/\\\/www.eldigitaldeasturias.com\\\/noticias\\\/abel-caballero-alcalde-de-vigo-inaugurara-el-sed-2019-en-su-ciudad\\\/#organizationLogo\"},\"sameAs\":[\"https:\\\/\\\/facebook.com\\\/eldigitaldeasturias\",\"https:\\\/\\\/www.youtube.com\\\/channel\\\/UCZP-2wLEB9Rv6erhFmqVnvg\"],\"address\":{\"@id\":\"https:\\\/\\\/www.eldigitaldeasturias.com\\\/noticias\\\/#postaladdress\",\"@type\":\"PostalAddress\",\"streetAddress\":\"san antonio 4,\",\"postalCode\":\"33430\",\"addressLocality\":\"Cand\\u00e1s\",\"addressRegion\":\"Asturias\",\"addressCountry\":\"ES\"}},{\"@type\":\"Person\",\"@id\":\"https:\\\/\\\/www.eldigitaldeasturias.com\\\/noticias\\\/author\\\/admin\\\/#author\",\"url\":\"https:\\\/\\\/www.eldigitaldeasturias.com\\\/noticias\\\/author\\\/admin\\\/\",\"name\":\"El Digital de Asturias\",\"image\":{\"@type\":\"ImageObject\",\"@id\":\"https:\\\/\\\/www.eldigitaldeasturias.com\\\/noticias\\\/abel-caballero-alcalde-de-vigo-inaugurara-el-sed-2019-en-su-ciudad\\\/#authorImage\",\"url\":\"https:\\\/\\\/www.eldigitaldeasturias.com\\\/noticias\\\/wp-content\\\/litespeed\\\/avatar\\\/18677e78aa0546b92d9dbf31ec7d7668.jpg?ver=1776685526\",\"width\":96,\"height\":96,\"caption\":\"El Digital de Asturias\"}},{\"@type\":\"WebPage\",\"@id\":\"https:\\\/\\\/www.eldigitaldeasturias.com\\\/noticias\\\/abel-caballero-alcalde-de-vigo-inaugurara-el-sed-2019-en-su-ciudad\\\/#webpage\",\"url\":\"https:\\\/\\\/www.eldigitaldeasturias.com\\\/noticias\\\/abel-caballero-alcalde-de-vigo-inaugurara-el-sed-2019-en-su-ciudad\\\/\",\"name\":\"Abel Caballero, alcalde de Vigo, inaugurar\\u00e1 el SED 2019 en su ciudad - El Digital de Asturias\",\"description\":\"El Congreso SED 2019, se desarrollar\\u00e1 durante los d\\u00edas 5, 6 y 7 de junio, en lo que ser\\u00e1 el evento m\\u00e1s internacional de Emprenderores Digitales, considerado el m\\u00e1s importante en el mercado hispano por el n\\u00famero de ponentes y el n\\u00famero de d\\u00edas. El evento, ser\\u00e1 inaugurado por el Alcalde de Vigo, Abel Caballero, quien ha\",\"inLanguage\":\"es-ES\",\"isPartOf\":{\"@id\":\"https:\\\/\\\/www.eldigitaldeasturias.com\\\/noticias\\\/#website\"},\"breadcrumb\":{\"@id\":\"https:\\\/\\\/www.eldigitaldeasturias.com\\\/noticias\\\/abel-caballero-alcalde-de-vigo-inaugurara-el-sed-2019-en-su-ciudad\\\/#breadcrumblist\"},\"author\":{\"@id\":\"https:\\\/\\\/www.eldigitaldeasturias.com\\\/noticias\\\/author\\\/admin\\\/#author\"},\"creator\":{\"@id\":\"https:\\\/\\\/www.eldigitaldeasturias.com\\\/noticias\\\/author\\\/admin\\\/#author\"},\"image\":{\"@type\":\"ImageObject\",\"url\":\"https:\\\/\\\/www.eldigitaldeasturias.com\\\/noticias\\\/wp-content\\\/uploads\\\/2019\\\/05\\\/3656134444046851435_n.jpg\",\"@id\":\"https:\\\/\\\/www.eldigitaldeasturias.com\\\/noticias\\\/abel-caballero-alcalde-de-vigo-inaugurara-el-sed-2019-en-su-ciudad\\\/#mainImage\",\"width\":640,\"height\":480},\"primaryImageOfPage\":{\"@id\":\"https:\\\/\\\/www.eldigitaldeasturias.com\\\/noticias\\\/abel-caballero-alcalde-de-vigo-inaugurara-el-sed-2019-en-su-ciudad\\\/#mainImage\"},\"datePublished\":\"2019-05-30T15:22:34+02:00\",\"dateModified\":\"2019-05-30T15:22:34+02:00\"},{\"@type\":\"WebSite\",\"@id\":\"https:\\\/\\\/www.eldigitaldeasturias.com\\\/noticias\\\/#website\",\"url\":\"https:\\\/\\\/www.eldigitaldeasturias.com\\\/noticias\\\/\",\"name\":\"El Digital de Asturias - Diario de actualidad y noticias\",\"alternateName\":\"El Digital de Asturias - Diario de actualidad y noticias\",\"description\":\"Hemeroteca\",\"inLanguage\":\"es-ES\",\"publisher\":{\"@id\":\"https:\\\/\\\/www.eldigitaldeasturias.com\\\/noticias\\\/#organization\"}}]}\n\t\t<\/script>\n\t\t<!-- All in One SEO Pro -->\r\n\t\t<title>Abel Caballero, alcalde de Vigo, inaugurar\u00e1 el SED 2019 en su ciudad - El Digital de Asturias<\/title>\n\n","aioseo_head_json":{"title":"Abel Caballero, alcalde de Vigo, inaugurar\u00e1 el SED 2019 en su ciudad - El Digital de Asturias","description":"El Congreso SED 2019, se desarrollar\u00e1 durante los d\u00edas 5, 6 y 7 de junio, en lo que ser\u00e1 el evento m\u00e1s internacional de Emprenderores Digitales, considerado el m\u00e1s importante en el mercado hispano por el n\u00famero de ponentes y el n\u00famero de d\u00edas. El evento, ser\u00e1 inaugurado por el Alcalde de Vigo, Abel Caballero, quien ha","canonical_url":"https:\/\/www.eldigitaldeasturias.com\/noticias\/abel-caballero-alcalde-de-vigo-inaugurara-el-sed-2019-en-su-ciudad\/","robots":"max-image-preview:large","keywords":"negocios y empresas","webmasterTools":{"google-site-verification":"UA-38556648-1","msvalidate.01":"7dfe9f3f1b24437ab69f4f2559babe99","miscellaneous":""},"schema":{"@context":"https:\/\/schema.org","@graph":[{"@type":"BlogPosting","@id":"https:\/\/www.eldigitaldeasturias.com\/noticias\/abel-caballero-alcalde-de-vigo-inaugurara-el-sed-2019-en-su-ciudad\/#blogposting","name":"Abel Caballero, alcalde de Vigo, inaugurar\u00e1 el SED 2019 en su ciudad - El Digital de Asturias","headline":"Abel Caballero, alcalde de Vigo, inaugurar\u00e1 el SED 2019 en su ciudad","author":{"@id":"https:\/\/www.eldigitaldeasturias.com\/noticias\/author\/admin\/#author"},"publisher":{"@id":"https:\/\/www.eldigitaldeasturias.com\/noticias\/#organization"},"image":{"@type":"ImageObject","url":"https:\/\/www.eldigitaldeasturias.com\/noticias\/wp-content\/uploads\/2019\/05\/3656134444046851435_n.jpg","width":640,"height":480},"datePublished":"2019-05-30T15:22:34+02:00","dateModified":"2019-05-30T15:22:34+02:00","inLanguage":"es-ES","mainEntityOfPage":{"@id":"https:\/\/www.eldigitaldeasturias.com\/noticias\/abel-caballero-alcalde-de-vigo-inaugurara-el-sed-2019-en-su-ciudad\/#webpage"},"isPartOf":{"@id":"https:\/\/www.eldigitaldeasturias.com\/noticias\/abel-caballero-alcalde-de-vigo-inaugurara-el-sed-2019-en-su-ciudad\/#webpage"},"articleSection":"Negocios y Empresas"},{"@type":"BreadcrumbList","@id":"https:\/\/www.eldigitaldeasturias.com\/noticias\/abel-caballero-alcalde-de-vigo-inaugurara-el-sed-2019-en-su-ciudad\/#breadcrumblist","itemListElement":[{"@type":"ListItem","@id":"https:\/\/www.eldigitaldeasturias.com\/noticias#listItem","position":1,"name":"Home","item":"https:\/\/www.eldigitaldeasturias.com\/noticias","nextItem":{"@type":"ListItem","@id":"https:\/\/www.eldigitaldeasturias.com\/noticias\/category\/negocios-y-empresas\/#listItem","name":"Negocios y Empresas"}},{"@type":"ListItem","@id":"https:\/\/www.eldigitaldeasturias.com\/noticias\/category\/negocios-y-empresas\/#listItem","position":2,"name":"Negocios y Empresas","item":"https:\/\/www.eldigitaldeasturias.com\/noticias\/category\/negocios-y-empresas\/","nextItem":{"@type":"ListItem","@id":"https:\/\/www.eldigitaldeasturias.com\/noticias\/abel-caballero-alcalde-de-vigo-inaugurara-el-sed-2019-en-su-ciudad\/#listItem","name":"Abel Caballero, alcalde de Vigo, inaugurar\u00e1 el SED 2019 en su ciudad"},"previousItem":{"@type":"ListItem","@id":"https:\/\/www.eldigitaldeasturias.com\/noticias#listItem","name":"Home"}},{"@type":"ListItem","@id":"https:\/\/www.eldigitaldeasturias.com\/noticias\/abel-caballero-alcalde-de-vigo-inaugurara-el-sed-2019-en-su-ciudad\/#listItem","position":3,"name":"Abel Caballero, alcalde de Vigo, inaugurar\u00e1 el SED 2019 en su ciudad","previousItem":{"@type":"ListItem","@id":"https:\/\/www.eldigitaldeasturias.com\/noticias\/category\/negocios-y-empresas\/#listItem","name":"Negocios y Empresas"}}]},{"@type":"Organization","@id":"https:\/\/www.eldigitaldeasturias.com\/noticias\/#organization","name":"El Digital de Asturias","description":"Hemeroteca","url":"https:\/\/www.eldigitaldeasturias.com\/noticias\/","email":"info@eldigitaldeasturias.com","telephone":"+34652131393","logo":{"@type":"ImageObject","url":"https:\/\/www.eldigitaldeasturias.com\/noticias\/wp-content\/uploads\/2020\/12\/EDA.jpg","@id":"https:\/\/www.eldigitaldeasturias.com\/noticias\/abel-caballero-alcalde-de-vigo-inaugurara-el-sed-2019-en-su-ciudad\/#organizationLogo","width":649,"height":297},"image":{"@id":"https:\/\/www.eldigitaldeasturias.com\/noticias\/abel-caballero-alcalde-de-vigo-inaugurara-el-sed-2019-en-su-ciudad\/#organizationLogo"},"sameAs":["https:\/\/facebook.com\/eldigitaldeasturias","https:\/\/www.youtube.com\/channel\/UCZP-2wLEB9Rv6erhFmqVnvg"],"address":{"@id":"https:\/\/www.eldigitaldeasturias.com\/noticias\/#postaladdress","@type":"PostalAddress","streetAddress":"san antonio 4,","postalCode":"33430","addressLocality":"Cand\u00e1s","addressRegion":"Asturias","addressCountry":"ES"}},{"@type":"Person","@id":"https:\/\/www.eldigitaldeasturias.com\/noticias\/author\/admin\/#author","url":"https:\/\/www.eldigitaldeasturias.com\/noticias\/author\/admin\/","name":"El Digital de Asturias","image":{"@type":"ImageObject","@id":"https:\/\/www.eldigitaldeasturias.com\/noticias\/abel-caballero-alcalde-de-vigo-inaugurara-el-sed-2019-en-su-ciudad\/#authorImage","url":"https:\/\/www.eldigitaldeasturias.com\/noticias\/wp-content\/litespeed\/avatar\/18677e78aa0546b92d9dbf31ec7d7668.jpg?ver=1776685526","width":96,"height":96,"caption":"El Digital de Asturias"}},{"@type":"WebPage","@id":"https:\/\/www.eldigitaldeasturias.com\/noticias\/abel-caballero-alcalde-de-vigo-inaugurara-el-sed-2019-en-su-ciudad\/#webpage","url":"https:\/\/www.eldigitaldeasturias.com\/noticias\/abel-caballero-alcalde-de-vigo-inaugurara-el-sed-2019-en-su-ciudad\/","name":"Abel Caballero, alcalde de Vigo, inaugurar\u00e1 el SED 2019 en su ciudad - El Digital de Asturias","description":"El Congreso SED 2019, se desarrollar\u00e1 durante los d\u00edas 5, 6 y 7 de junio, en lo que ser\u00e1 el evento m\u00e1s internacional de Emprenderores Digitales, considerado el m\u00e1s importante en el mercado hispano por el n\u00famero de ponentes y el n\u00famero de d\u00edas. El evento, ser\u00e1 inaugurado por el Alcalde de Vigo, Abel Caballero, quien ha","inLanguage":"es-ES","isPartOf":{"@id":"https:\/\/www.eldigitaldeasturias.com\/noticias\/#website"},"breadcrumb":{"@id":"https:\/\/www.eldigitaldeasturias.com\/noticias\/abel-caballero-alcalde-de-vigo-inaugurara-el-sed-2019-en-su-ciudad\/#breadcrumblist"},"author":{"@id":"https:\/\/www.eldigitaldeasturias.com\/noticias\/author\/admin\/#author"},"creator":{"@id":"https:\/\/www.eldigitaldeasturias.com\/noticias\/author\/admin\/#author"},"image":{"@type":"ImageObject","url":"https:\/\/www.eldigitaldeasturias.com\/noticias\/wp-content\/uploads\/2019\/05\/3656134444046851435_n.jpg","@id":"https:\/\/www.eldigitaldeasturias.com\/noticias\/abel-caballero-alcalde-de-vigo-inaugurara-el-sed-2019-en-su-ciudad\/#mainImage","width":640,"height":480},"primaryImageOfPage":{"@id":"https:\/\/www.eldigitaldeasturias.com\/noticias\/abel-caballero-alcalde-de-vigo-inaugurara-el-sed-2019-en-su-ciudad\/#mainImage"},"datePublished":"2019-05-30T15:22:34+02:00","dateModified":"2019-05-30T15:22:34+02:00"},{"@type":"WebSite","@id":"https:\/\/www.eldigitaldeasturias.com\/noticias\/#website","url":"https:\/\/www.eldigitaldeasturias.com\/noticias\/","name":"El Digital de Asturias - Diario de actualidad y noticias","alternateName":"El Digital de Asturias - Diario de actualidad y noticias","description":"Hemeroteca","inLanguage":"es-ES","publisher":{"@id":"https:\/\/www.eldigitaldeasturias.com\/noticias\/#organization"}}]},"og:locale":"es_ES","og:site_name":"El Digital de Asturias","og:type":"article","og:title":"Abel Caballero, alcalde de Vigo, inaugurar\u00e1 el SED 2019 en su ciudad - El Digital de Asturias","og:description":"El Congreso SED 2019, se desarrollar\u00e1 durante los d\u00edas 5, 6 y 7 de junio, en lo que ser\u00e1 el evento m\u00e1s internacional de Emprenderores Digitales, considerado el m\u00e1s importante en el mercado hispano por el n\u00famero de ponentes y el n\u00famero de d\u00edas. El evento, ser\u00e1 inaugurado por el Alcalde de Vigo, Abel Caballero, quien ha","og:url":"https:\/\/www.eldigitaldeasturias.com\/noticias\/abel-caballero-alcalde-de-vigo-inaugurara-el-sed-2019-en-su-ciudad\/","og:image":"https:\/\/www.eldigitaldeasturias.com\/noticias\/wp-content\/uploads\/2019\/05\/3656134444046851435_n.jpg","og:image:secure_url":"https:\/\/www.eldigitaldeasturias.com\/noticias\/wp-content\/uploads\/2019\/05\/3656134444046851435_n.jpg","og:image:width":640,"og:image:height":480,"article:tag":["negocios y empresas"],"article:published_time":"2019-05-30T15:22:34+00:00","article:modified_time":"2019-05-30T15:22:34+00:00","article:publisher":"https:\/\/facebook.com\/eldigitaldeasturias","twitter:card":"summary_large_image","twitter:title":"Abel Caballero, alcalde de Vigo, inaugurar\u00e1 el SED 2019 en su ciudad - El Digital de Asturias","twitter:description":"El Congreso SED 2019, se desarrollar\u00e1 durante los d\u00edas 5, 6 y 7 de junio, en lo que ser\u00e1 el evento m\u00e1s internacional de Emprenderores Digitales, considerado el m\u00e1s importante en el mercado hispano por el n\u00famero de ponentes y el n\u00famero de d\u00edas. El evento, ser\u00e1 inaugurado por el Alcalde de Vigo, Abel Caballero, quien ha","twitter:image":"https:\/\/www.eldigitaldeasturias.com\/noticias\/wp-content\/uploads\/2019\/05\/3656134444046851435_n.jpg","twitter:label1":"Escrito por","twitter:data1":"El Digital de Asturias","twitter:label2":"Tiempo de lectura estimado","twitter:data2":"3 minutos"},"aioseo_meta_data":{"post_id":"1029032","title":null,"description":null,"keywords":null,"keyphrases":null,"primary_term":null,"canonical_url":null,"og_title":null,"og_description":null,"og_object_type":"default","og_image_type":"default","og_image_url":null,"og_image_width":null,"og_image_height":null,"og_image_custom_url":null,"og_image_custom_fields":null,"og_video":null,"og_custom_url":null,"og_article_section":null,"og_article_tags":null,"twitter_use_og":false,"twitter_card":"default","twitter_image_type":"default","twitter_image_url":null,"twitter_image_custom_url":null,"twitter_image_custom_fields":null,"twitter_title":null,"twitter_description":null,"schema":{"blockGraphs":[],"customGraphs":[],"default":{"data":{"Article":[],"Course":[],"Dataset":[],"FAQPage":[],"Movie":[],"Person":[],"Product":[],"ProductReview":[],"Car":[],"Recipe":[],"Service":[],"SoftwareApplication":[],"WebPage":[]},"graphName":"","isEnabled":true},"graphs":[],"defaultGraph":"","defaultPostTypeGraph":""},"schema_type":null,"schema_type_options":null,"pillar_content":false,"robots_default":true,"robots_noindex":false,"robots_noarchive":false,"robots_nosnippet":false,"robots_nofollow":false,"robots_noimageindex":false,"robots_noodp":false,"robots_notranslate":false,"robots_max_snippet":null,"robots_max_videopreview":null,"robots_max_imagepreview":"large","priority":null,"frequency":null,"local_seo":null,"seo_analyzer_scan_date":"2025-10-18 10:51:08","breadcrumb_settings":null,"limit_modified_date":false,"open_ai":null,"ai":null,"created":"2020-12-21 11:11:16","updated":"2025-10-18 10:51:08"},"aioseo_breadcrumb":"<div class=\"aioseo-breadcrumbs\"><span class=\"aioseo-breadcrumb\">\n\t<a href=\"https:\/\/www.eldigitaldeasturias.com\/noticias\" title=\"Home\">Home<\/a>\n<\/span><span class=\"aioseo-breadcrumb-separator\">\u2013<\/span><span class=\"aioseo-breadcrumb\">\n\t<a href=\"https:\/\/www.eldigitaldeasturias.com\/noticias\/category\/negocios-y-empresas\/\" title=\"Negocios y Empresas\">Negocios y Empresas<\/a>\n<\/span><span class=\"aioseo-breadcrumb-separator\">\u2013<\/span><span class=\"aioseo-breadcrumb\">\n\t<a href=\"https:\/\/www.eldigitaldeasturias.com\/noticias\/abel-caballero-alcalde-de-vigo-inaugurara-el-sed-2019-en-su-ciudad\/\" title=\"Abel Caballero, alcalde de Vigo, inaugurar\u00e1 el SED 2019 en su ciudad\">Abel Caballero, alcalde de Vigo, inaugurar\u00e1 el SED 2019 en su ciudad<\/a>\n<\/span><\/div>","aioseo_breadcrumb_json":[{"label":"Home","link":"https:\/\/www.eldigitaldeasturias.com\/noticias"},{"label":"Negocios y Empresas","link":"https:\/\/www.eldigitaldeasturias.com\/noticias\/category\/negocios-y-empresas\/"},{"label":"Abel Caballero, alcalde de Vigo, inaugurar\u00e1 el SED 2019 en su ciudad","link":"https:\/\/www.eldigitaldeasturias.com\/noticias\/abel-caballero-alcalde-de-vigo-inaugurara-el-sed-2019-en-su-ciudad\/"}],"_links":{"self":[{"href":"https:\/\/www.eldigitaldeasturias.com\/noticias\/wp-json\/wp\/v2\/posts\/1029032","targetHints":{"allow":["GET"]}}],"collection":[{"href":"https:\/\/www.eldigitaldeasturias.com\/noticias\/wp-json\/wp\/v2\/posts"}],"about":[{"href":"https:\/\/www.eldigitaldeasturias.com\/noticias\/wp-json\/wp\/v2\/types\/post"}],"author":[{"embeddable":true,"href":"https:\/\/www.eldigitaldeasturias.com\/noticias\/wp-json\/wp\/v2\/users\/1"}],"replies":[{"embeddable":true,"href":"https:\/\/www.eldigitaldeasturias.com\/noticias\/wp-json\/wp\/v2\/comments?post=1029032"}],"version-history":[{"count":0,"href":"https:\/\/www.eldigitaldeasturias.com\/noticias\/wp-json\/wp\/v2\/posts\/1029032\/revisions"}],"wp:featuredmedia":[{"embeddable":true,"href":"https:\/\/www.eldigitaldeasturias.com\/noticias\/wp-json\/wp\/v2\/media\/1029033"}],"wp:attachment":[{"href":"https:\/\/www.eldigitaldeasturias.com\/noticias\/wp-json\/wp\/v2\/media?parent=1029032"}],"wp:term":[{"taxonomy":"category","embeddable":true,"href":"https:\/\/www.eldigitaldeasturias.com\/noticias\/wp-json\/wp\/v2\/categories?post=1029032"},{"taxonomy":"post_tag","embeddable":true,"href":"https:\/\/www.eldigitaldeasturias.com\/noticias\/wp-json\/wp\/v2\/tags?post=1029032"}],"curies":[{"name":"wp","href":"https:\/\/api.w.org\/{rel}","templated":true}]}}