{"id":1029029,"date":"2019-05-30T14:59:46","date_gmt":"2019-05-30T14:59:46","guid":{"rendered":"https:\/\/www.eldigitaldeasturias.com\/noticias\/?p=1029029"},"modified":"2019-05-30T14:59:46","modified_gmt":"2019-05-30T14:59:46","slug":"el-borussia-dortmund-quiere-ampliar-el-contrato-a-favre","status":"publish","type":"post","link":"https:\/\/www.eldigitaldeasturias.com\/noticias\/el-borussia-dortmund-quiere-ampliar-el-contrato-a-favre\/","title":{"rendered":"El Borussia Dortmund quiere ampliar el contrato a Favre"},"content":{"rendered":"<p><img loading=\"lazy\" decoding=\"async\" class=\"alignleft size-medium wp-image-1029030\" src=\"https:\/\/www.eldigitaldeasturias.com\/noticias\/wp-content\/uploads\/2019\/05\/Lucien-Favre-360x231.jpg\" alt=\"\" width=\"360\" height=\"231\" srcset=\"https:\/\/www.eldigitaldeasturias.com\/noticias\/wp-content\/uploads\/2019\/05\/Lucien-Favre-360x231.jpg 360w, https:\/\/www.eldigitaldeasturias.com\/noticias\/wp-content\/uploads\/2019\/05\/Lucien-Favre-768x493.jpg 768w, https:\/\/www.eldigitaldeasturias.com\/noticias\/wp-content\/uploads\/2019\/05\/Lucien-Favre-650x417.jpg 650w, https:\/\/www.eldigitaldeasturias.com\/noticias\/wp-content\/uploads\/2019\/05\/Lucien-Favre-1024x658.jpg 1024w, https:\/\/www.eldigitaldeasturias.com\/noticias\/wp-content\/uploads\/2019\/05\/Lucien-Favre.jpg 1026w\" sizes=\"auto, (max-width: 360px) 100vw, 360px\" \/>Dortmund, 30 may (dpa) &#8211; El club de la Bundesliga alemana de f\u00fatbol Borussia Dortmund quiere extender el contrato con el entrenador Lucien Favre lo m\u00e1s r\u00e1pido posible, dijo el director deportivo del club, Michael Zorc, en declaraciones que publican hoy los peri\u00f3dicos del grupo de medios Funke.<\/p>\n<p>\u00abClaro que mantendremos con \u00e9l conversaciones, y yo personalmente no sabr\u00eda qu\u00e9 decir en contra\u00bb, indic\u00f3 Zorc. \u00abTodos nos sentimos bien en esta constelaci\u00f3n\u00bb. Sin embargo, actualmente las conversaciones a\u00fan no se produjeron, reconoci\u00f3 Zorc.<\/p>\n<p>El contrato actual con el t\u00e9cnico suizo de 61 a\u00f1os se extiende hasta el 30 de junio de 2020.<\/p>\n<p>El Borussia no pudo volver a ganar el t\u00edtulo de la Bundesliga, como pas\u00f3 por \u00faltima vez en 2012, y se qued\u00f3 a dos puntos de distancia del Bayern la temporada pasada.<\/p>\n<p>En su an\u00e1lisis, Zorc afirm\u00f3 que el equipo acus\u00f3 un repetido debilitamiento defensivo y demasiados errores individuales.<\/p>\n<p>De cara a la pr\u00f3xima temporada, el Dortmund fich\u00f3 a los internacionales alemanes Nico Schulz y Julian Brandt, as\u00ed como al belga Thorgan Hazard por un total de cerca de 75 millones de euros (83,5 millones de d\u00f3lares).<\/p>\n<p>\u00abPor supuesto seguiremos intentando optimizar el equipo. Pero la mayor parte est\u00e1 hecha\u00bb, agreg\u00f3 Zorc.<\/p>\n<p><em>Foto: Guido Kirchner\/dpa\u00a0<\/em><\/p>\n","protected":false},"excerpt":{"rendered":"<p>Dortmund, 30 may (dpa) &#8211; El club de la Bundesliga alemana de f\u00fatbol Borussia Dortmund quiere extender el contrato con el entrenador Lucien Favre lo m\u00e1s r\u00e1pido posible, dijo el director deportivo del club, Michael Zorc, en declaraciones que publican hoy los peri\u00f3dicos del grupo de medios Funke. \u00abClaro que mantendremos con \u00e9l conversaciones, y [&hellip;]<\/p>\n","protected":false},"author":1,"featured_media":1029030,"comment_status":"closed","ping_status":"closed","sticky":false,"template":"","format":"standard","meta":{"footnotes":""},"categories":[190],"tags":[],"class_list":["post-1029029","post","type-post","status-publish","format-standard","has-post-thumbnail","hentry","category-deportes"],"aioseo_notices":[],"aioseo_head":"\n\t\t<!-- All in One SEO Pro 4.9.6.2 - aioseo.com -->\n\t<meta name=\"description\" content=\"Dortmund, 30 may (dpa) - El club de la Bundesliga alemana de f\u00fatbol Borussia Dortmund quiere extender el contrato con el entrenador Lucien Favre lo m\u00e1s r\u00e1pido posible, dijo el director deportivo del club, Michael Zorc, en declaraciones que publican hoy los peri\u00f3dicos del grupo de medios Funke. &quot;Claro que mantendremos con \u00e9l conversaciones, y\" \/>\n\t<meta name=\"robots\" content=\"max-image-preview:large\" \/>\n\t<meta name=\"author\" content=\"El Digital de Asturias\"\/>\n\t<meta name=\"google-site-verification\" content=\"UA-38556648-1\" \/>\n\t<meta name=\"msvalidate.01\" content=\"7dfe9f3f1b24437ab69f4f2559babe99\" \/>\n\t<meta name=\"keywords\" content=\"deportes\" \/>\n\t<link rel=\"canonical\" href=\"https:\/\/www.eldigitaldeasturias.com\/noticias\/el-borussia-dortmund-quiere-ampliar-el-contrato-a-favre\/\" \/>\n\t<meta name=\"generator\" content=\"All in One SEO Pro (AIOSEO) 4.9.6.2\" \/>\n\t\t<meta property=\"og:locale\" content=\"es_ES\" \/>\n\t\t<meta property=\"og:site_name\" content=\"El Digital de Asturias\" \/>\n\t\t<meta property=\"og:type\" content=\"article\" \/>\n\t\t<meta property=\"og:title\" content=\"El Borussia Dortmund quiere ampliar el contrato a Favre - El Digital de Asturias\" \/>\n\t\t<meta property=\"og:description\" content=\"Dortmund, 30 may (dpa) - El club de la Bundesliga alemana de f\u00fatbol Borussia Dortmund quiere extender el contrato con el entrenador Lucien Favre lo m\u00e1s r\u00e1pido posible, dijo el director deportivo del club, Michael Zorc, en declaraciones que publican hoy los peri\u00f3dicos del grupo de medios Funke. &quot;Claro que mantendremos con \u00e9l conversaciones, y\" \/>\n\t\t<meta property=\"og:url\" content=\"https:\/\/www.eldigitaldeasturias.com\/noticias\/el-borussia-dortmund-quiere-ampliar-el-contrato-a-favre\/\" \/>\n\t\t<meta property=\"og:image\" content=\"https:\/\/www.eldigitaldeasturias.com\/noticias\/wp-content\/uploads\/2019\/05\/Lucien-Favre.jpg\" \/>\n\t\t<meta property=\"og:image:secure_url\" content=\"https:\/\/www.eldigitaldeasturias.com\/noticias\/wp-content\/uploads\/2019\/05\/Lucien-Favre.jpg\" \/>\n\t\t<meta property=\"og:image:width\" content=\"1026\" \/>\n\t\t<meta property=\"og:image:height\" content=\"659\" \/>\n\t\t<meta property=\"article:tag\" content=\"deportes\" \/>\n\t\t<meta property=\"article:published_time\" content=\"2019-05-30T14:59:46+00:00\" \/>\n\t\t<meta property=\"article:modified_time\" content=\"2019-05-30T14:59:46+00:00\" \/>\n\t\t<meta property=\"article:publisher\" content=\"https:\/\/facebook.com\/eldigitaldeasturias\" \/>\n\t\t<meta name=\"twitter:card\" content=\"summary_large_image\" \/>\n\t\t<meta name=\"twitter:title\" content=\"El Borussia Dortmund quiere ampliar el contrato a Favre - El Digital de Asturias\" \/>\n\t\t<meta name=\"twitter:description\" content=\"Dortmund, 30 may (dpa) - El club de la Bundesliga alemana de f\u00fatbol Borussia Dortmund quiere extender el contrato con el entrenador Lucien Favre lo m\u00e1s r\u00e1pido posible, dijo el director deportivo del club, Michael Zorc, en declaraciones que publican hoy los peri\u00f3dicos del grupo de medios Funke. &quot;Claro que mantendremos con \u00e9l conversaciones, y\" \/>\n\t\t<meta name=\"twitter:image\" content=\"https:\/\/www.eldigitaldeasturias.com\/noticias\/wp-content\/uploads\/2019\/05\/Lucien-Favre.jpg\" \/>\n\t\t<meta name=\"twitter:label1\" content=\"Escrito por\" \/>\n\t\t<meta name=\"twitter:data1\" content=\"El Digital de Asturias\" \/>\n\t\t<meta name=\"twitter:label2\" content=\"Tiempo de lectura estimado\" \/>\n\t\t<meta name=\"twitter:data2\" content=\"1 minuto\" \/>\n\t\t<script type=\"application\/ld+json\" class=\"aioseo-schema\">\n\t\t\t{\"@context\":\"https:\\\/\\\/schema.org\",\"@graph\":[{\"@type\":\"BlogPosting\",\"@id\":\"https:\\\/\\\/www.eldigitaldeasturias.com\\\/noticias\\\/el-borussia-dortmund-quiere-ampliar-el-contrato-a-favre\\\/#blogposting\",\"name\":\"El Borussia Dortmund quiere ampliar el contrato a Favre - El Digital de Asturias\",\"headline\":\"El Borussia Dortmund quiere ampliar el contrato a Favre\",\"author\":{\"@id\":\"https:\\\/\\\/www.eldigitaldeasturias.com\\\/noticias\\\/author\\\/admin\\\/#author\"},\"publisher\":{\"@id\":\"https:\\\/\\\/www.eldigitaldeasturias.com\\\/noticias\\\/#organization\"},\"image\":{\"@type\":\"ImageObject\",\"url\":\"https:\\\/\\\/www.eldigitaldeasturias.com\\\/noticias\\\/wp-content\\\/uploads\\\/2019\\\/05\\\/Lucien-Favre.jpg\",\"width\":1026,\"height\":659},\"datePublished\":\"2019-05-30T14:59:46+02:00\",\"dateModified\":\"2019-05-30T14:59:46+02:00\",\"inLanguage\":\"es-ES\",\"mainEntityOfPage\":{\"@id\":\"https:\\\/\\\/www.eldigitaldeasturias.com\\\/noticias\\\/el-borussia-dortmund-quiere-ampliar-el-contrato-a-favre\\\/#webpage\"},\"isPartOf\":{\"@id\":\"https:\\\/\\\/www.eldigitaldeasturias.com\\\/noticias\\\/el-borussia-dortmund-quiere-ampliar-el-contrato-a-favre\\\/#webpage\"},\"articleSection\":\"Deportes\"},{\"@type\":\"BreadcrumbList\",\"@id\":\"https:\\\/\\\/www.eldigitaldeasturias.com\\\/noticias\\\/el-borussia-dortmund-quiere-ampliar-el-contrato-a-favre\\\/#breadcrumblist\",\"itemListElement\":[{\"@type\":\"ListItem\",\"@id\":\"https:\\\/\\\/www.eldigitaldeasturias.com\\\/noticias#listItem\",\"position\":1,\"name\":\"Home\",\"item\":\"https:\\\/\\\/www.eldigitaldeasturias.com\\\/noticias\",\"nextItem\":{\"@type\":\"ListItem\",\"@id\":\"https:\\\/\\\/www.eldigitaldeasturias.com\\\/noticias\\\/category\\\/deportes\\\/#listItem\",\"name\":\"Deportes\"}},{\"@type\":\"ListItem\",\"@id\":\"https:\\\/\\\/www.eldigitaldeasturias.com\\\/noticias\\\/category\\\/deportes\\\/#listItem\",\"position\":2,\"name\":\"Deportes\",\"item\":\"https:\\\/\\\/www.eldigitaldeasturias.com\\\/noticias\\\/category\\\/deportes\\\/\",\"nextItem\":{\"@type\":\"ListItem\",\"@id\":\"https:\\\/\\\/www.eldigitaldeasturias.com\\\/noticias\\\/el-borussia-dortmund-quiere-ampliar-el-contrato-a-favre\\\/#listItem\",\"name\":\"El Borussia Dortmund quiere ampliar el contrato a Favre\"},\"previousItem\":{\"@type\":\"ListItem\",\"@id\":\"https:\\\/\\\/www.eldigitaldeasturias.com\\\/noticias#listItem\",\"name\":\"Home\"}},{\"@type\":\"ListItem\",\"@id\":\"https:\\\/\\\/www.eldigitaldeasturias.com\\\/noticias\\\/el-borussia-dortmund-quiere-ampliar-el-contrato-a-favre\\\/#listItem\",\"position\":3,\"name\":\"El Borussia Dortmund quiere ampliar el contrato a Favre\",\"previousItem\":{\"@type\":\"ListItem\",\"@id\":\"https:\\\/\\\/www.eldigitaldeasturias.com\\\/noticias\\\/category\\\/deportes\\\/#listItem\",\"name\":\"Deportes\"}}]},{\"@type\":\"Organization\",\"@id\":\"https:\\\/\\\/www.eldigitaldeasturias.com\\\/noticias\\\/#organization\",\"name\":\"El Digital de Asturias\",\"description\":\"Hemeroteca\",\"url\":\"https:\\\/\\\/www.eldigitaldeasturias.com\\\/noticias\\\/\",\"email\":\"info@eldigitaldeasturias.com\",\"telephone\":\"+34652131393\",\"logo\":{\"@type\":\"ImageObject\",\"url\":\"https:\\\/\\\/www.eldigitaldeasturias.com\\\/noticias\\\/wp-content\\\/uploads\\\/2020\\\/12\\\/EDA.jpg\",\"@id\":\"https:\\\/\\\/www.eldigitaldeasturias.com\\\/noticias\\\/el-borussia-dortmund-quiere-ampliar-el-contrato-a-favre\\\/#organizationLogo\",\"width\":649,\"height\":297},\"image\":{\"@id\":\"https:\\\/\\\/www.eldigitaldeasturias.com\\\/noticias\\\/el-borussia-dortmund-quiere-ampliar-el-contrato-a-favre\\\/#organizationLogo\"},\"sameAs\":[\"https:\\\/\\\/facebook.com\\\/eldigitaldeasturias\",\"https:\\\/\\\/www.youtube.com\\\/channel\\\/UCZP-2wLEB9Rv6erhFmqVnvg\"],\"address\":{\"@id\":\"https:\\\/\\\/www.eldigitaldeasturias.com\\\/noticias\\\/#postaladdress\",\"@type\":\"PostalAddress\",\"streetAddress\":\"san antonio 4,\",\"postalCode\":\"33430\",\"addressLocality\":\"Cand\\u00e1s\",\"addressRegion\":\"Asturias\",\"addressCountry\":\"ES\"}},{\"@type\":\"Person\",\"@id\":\"https:\\\/\\\/www.eldigitaldeasturias.com\\\/noticias\\\/author\\\/admin\\\/#author\",\"url\":\"https:\\\/\\\/www.eldigitaldeasturias.com\\\/noticias\\\/author\\\/admin\\\/\",\"name\":\"El Digital de Asturias\",\"image\":{\"@type\":\"ImageObject\",\"@id\":\"https:\\\/\\\/www.eldigitaldeasturias.com\\\/noticias\\\/el-borussia-dortmund-quiere-ampliar-el-contrato-a-favre\\\/#authorImage\",\"url\":\"https:\\\/\\\/www.eldigitaldeasturias.com\\\/noticias\\\/wp-content\\\/litespeed\\\/avatar\\\/18677e78aa0546b92d9dbf31ec7d7668.jpg?ver=1777290358\",\"width\":96,\"height\":96,\"caption\":\"El Digital de Asturias\"}},{\"@type\":\"WebPage\",\"@id\":\"https:\\\/\\\/www.eldigitaldeasturias.com\\\/noticias\\\/el-borussia-dortmund-quiere-ampliar-el-contrato-a-favre\\\/#webpage\",\"url\":\"https:\\\/\\\/www.eldigitaldeasturias.com\\\/noticias\\\/el-borussia-dortmund-quiere-ampliar-el-contrato-a-favre\\\/\",\"name\":\"El Borussia Dortmund quiere ampliar el contrato a Favre - El Digital de Asturias\",\"description\":\"Dortmund, 30 may (dpa) - El club de la Bundesliga alemana de f\\u00fatbol Borussia Dortmund quiere extender el contrato con el entrenador Lucien Favre lo m\\u00e1s r\\u00e1pido posible, dijo el director deportivo del club, Michael Zorc, en declaraciones que publican hoy los peri\\u00f3dicos del grupo de medios Funke. \\\"Claro que mantendremos con \\u00e9l conversaciones, y\",\"inLanguage\":\"es-ES\",\"isPartOf\":{\"@id\":\"https:\\\/\\\/www.eldigitaldeasturias.com\\\/noticias\\\/#website\"},\"breadcrumb\":{\"@id\":\"https:\\\/\\\/www.eldigitaldeasturias.com\\\/noticias\\\/el-borussia-dortmund-quiere-ampliar-el-contrato-a-favre\\\/#breadcrumblist\"},\"author\":{\"@id\":\"https:\\\/\\\/www.eldigitaldeasturias.com\\\/noticias\\\/author\\\/admin\\\/#author\"},\"creator\":{\"@id\":\"https:\\\/\\\/www.eldigitaldeasturias.com\\\/noticias\\\/author\\\/admin\\\/#author\"},\"image\":{\"@type\":\"ImageObject\",\"url\":\"https:\\\/\\\/www.eldigitaldeasturias.com\\\/noticias\\\/wp-content\\\/uploads\\\/2019\\\/05\\\/Lucien-Favre.jpg\",\"@id\":\"https:\\\/\\\/www.eldigitaldeasturias.com\\\/noticias\\\/el-borussia-dortmund-quiere-ampliar-el-contrato-a-favre\\\/#mainImage\",\"width\":1026,\"height\":659},\"primaryImageOfPage\":{\"@id\":\"https:\\\/\\\/www.eldigitaldeasturias.com\\\/noticias\\\/el-borussia-dortmund-quiere-ampliar-el-contrato-a-favre\\\/#mainImage\"},\"datePublished\":\"2019-05-30T14:59:46+02:00\",\"dateModified\":\"2019-05-30T14:59:46+02:00\"},{\"@type\":\"WebSite\",\"@id\":\"https:\\\/\\\/www.eldigitaldeasturias.com\\\/noticias\\\/#website\",\"url\":\"https:\\\/\\\/www.eldigitaldeasturias.com\\\/noticias\\\/\",\"name\":\"El Digital de Asturias - Diario de actualidad y noticias\",\"alternateName\":\"El Digital de Asturias - Diario de actualidad y noticias\",\"description\":\"Hemeroteca\",\"inLanguage\":\"es-ES\",\"publisher\":{\"@id\":\"https:\\\/\\\/www.eldigitaldeasturias.com\\\/noticias\\\/#organization\"}}]}\n\t\t<\/script>\n\t\t<!-- All in One SEO Pro -->\r\n\t\t<title>El Borussia Dortmund quiere ampliar el contrato a Favre - El Digital de Asturias<\/title>\n\n","aioseo_head_json":{"title":"El Borussia Dortmund quiere ampliar el contrato a Favre - El Digital de Asturias","description":"Dortmund, 30 may (dpa) - El club de la Bundesliga alemana de f\u00fatbol Borussia Dortmund quiere extender el contrato con el entrenador Lucien Favre lo m\u00e1s r\u00e1pido posible, dijo el director deportivo del club, Michael Zorc, en declaraciones que publican hoy los peri\u00f3dicos del grupo de medios Funke. \"Claro que mantendremos con \u00e9l conversaciones, y","canonical_url":"https:\/\/www.eldigitaldeasturias.com\/noticias\/el-borussia-dortmund-quiere-ampliar-el-contrato-a-favre\/","robots":"max-image-preview:large","keywords":"deportes","webmasterTools":{"google-site-verification":"UA-38556648-1","msvalidate.01":"7dfe9f3f1b24437ab69f4f2559babe99","miscellaneous":""},"schema":{"@context":"https:\/\/schema.org","@graph":[{"@type":"BlogPosting","@id":"https:\/\/www.eldigitaldeasturias.com\/noticias\/el-borussia-dortmund-quiere-ampliar-el-contrato-a-favre\/#blogposting","name":"El Borussia Dortmund quiere ampliar el contrato a Favre - El Digital de Asturias","headline":"El Borussia Dortmund quiere ampliar el contrato a Favre","author":{"@id":"https:\/\/www.eldigitaldeasturias.com\/noticias\/author\/admin\/#author"},"publisher":{"@id":"https:\/\/www.eldigitaldeasturias.com\/noticias\/#organization"},"image":{"@type":"ImageObject","url":"https:\/\/www.eldigitaldeasturias.com\/noticias\/wp-content\/uploads\/2019\/05\/Lucien-Favre.jpg","width":1026,"height":659},"datePublished":"2019-05-30T14:59:46+02:00","dateModified":"2019-05-30T14:59:46+02:00","inLanguage":"es-ES","mainEntityOfPage":{"@id":"https:\/\/www.eldigitaldeasturias.com\/noticias\/el-borussia-dortmund-quiere-ampliar-el-contrato-a-favre\/#webpage"},"isPartOf":{"@id":"https:\/\/www.eldigitaldeasturias.com\/noticias\/el-borussia-dortmund-quiere-ampliar-el-contrato-a-favre\/#webpage"},"articleSection":"Deportes"},{"@type":"BreadcrumbList","@id":"https:\/\/www.eldigitaldeasturias.com\/noticias\/el-borussia-dortmund-quiere-ampliar-el-contrato-a-favre\/#breadcrumblist","itemListElement":[{"@type":"ListItem","@id":"https:\/\/www.eldigitaldeasturias.com\/noticias#listItem","position":1,"name":"Home","item":"https:\/\/www.eldigitaldeasturias.com\/noticias","nextItem":{"@type":"ListItem","@id":"https:\/\/www.eldigitaldeasturias.com\/noticias\/category\/deportes\/#listItem","name":"Deportes"}},{"@type":"ListItem","@id":"https:\/\/www.eldigitaldeasturias.com\/noticias\/category\/deportes\/#listItem","position":2,"name":"Deportes","item":"https:\/\/www.eldigitaldeasturias.com\/noticias\/category\/deportes\/","nextItem":{"@type":"ListItem","@id":"https:\/\/www.eldigitaldeasturias.com\/noticias\/el-borussia-dortmund-quiere-ampliar-el-contrato-a-favre\/#listItem","name":"El Borussia Dortmund quiere ampliar el contrato a Favre"},"previousItem":{"@type":"ListItem","@id":"https:\/\/www.eldigitaldeasturias.com\/noticias#listItem","name":"Home"}},{"@type":"ListItem","@id":"https:\/\/www.eldigitaldeasturias.com\/noticias\/el-borussia-dortmund-quiere-ampliar-el-contrato-a-favre\/#listItem","position":3,"name":"El Borussia Dortmund quiere ampliar el contrato a Favre","previousItem":{"@type":"ListItem","@id":"https:\/\/www.eldigitaldeasturias.com\/noticias\/category\/deportes\/#listItem","name":"Deportes"}}]},{"@type":"Organization","@id":"https:\/\/www.eldigitaldeasturias.com\/noticias\/#organization","name":"El Digital de Asturias","description":"Hemeroteca","url":"https:\/\/www.eldigitaldeasturias.com\/noticias\/","email":"info@eldigitaldeasturias.com","telephone":"+34652131393","logo":{"@type":"ImageObject","url":"https:\/\/www.eldigitaldeasturias.com\/noticias\/wp-content\/uploads\/2020\/12\/EDA.jpg","@id":"https:\/\/www.eldigitaldeasturias.com\/noticias\/el-borussia-dortmund-quiere-ampliar-el-contrato-a-favre\/#organizationLogo","width":649,"height":297},"image":{"@id":"https:\/\/www.eldigitaldeasturias.com\/noticias\/el-borussia-dortmund-quiere-ampliar-el-contrato-a-favre\/#organizationLogo"},"sameAs":["https:\/\/facebook.com\/eldigitaldeasturias","https:\/\/www.youtube.com\/channel\/UCZP-2wLEB9Rv6erhFmqVnvg"],"address":{"@id":"https:\/\/www.eldigitaldeasturias.com\/noticias\/#postaladdress","@type":"PostalAddress","streetAddress":"san antonio 4,","postalCode":"33430","addressLocality":"Cand\u00e1s","addressRegion":"Asturias","addressCountry":"ES"}},{"@type":"Person","@id":"https:\/\/www.eldigitaldeasturias.com\/noticias\/author\/admin\/#author","url":"https:\/\/www.eldigitaldeasturias.com\/noticias\/author\/admin\/","name":"El Digital de Asturias","image":{"@type":"ImageObject","@id":"https:\/\/www.eldigitaldeasturias.com\/noticias\/el-borussia-dortmund-quiere-ampliar-el-contrato-a-favre\/#authorImage","url":"https:\/\/www.eldigitaldeasturias.com\/noticias\/wp-content\/litespeed\/avatar\/18677e78aa0546b92d9dbf31ec7d7668.jpg?ver=1777290358","width":96,"height":96,"caption":"El Digital de Asturias"}},{"@type":"WebPage","@id":"https:\/\/www.eldigitaldeasturias.com\/noticias\/el-borussia-dortmund-quiere-ampliar-el-contrato-a-favre\/#webpage","url":"https:\/\/www.eldigitaldeasturias.com\/noticias\/el-borussia-dortmund-quiere-ampliar-el-contrato-a-favre\/","name":"El Borussia Dortmund quiere ampliar el contrato a Favre - El Digital de Asturias","description":"Dortmund, 30 may (dpa) - El club de la Bundesliga alemana de f\u00fatbol Borussia Dortmund quiere extender el contrato con el entrenador Lucien Favre lo m\u00e1s r\u00e1pido posible, dijo el director deportivo del club, Michael Zorc, en declaraciones que publican hoy los peri\u00f3dicos del grupo de medios Funke. \"Claro que mantendremos con \u00e9l conversaciones, y","inLanguage":"es-ES","isPartOf":{"@id":"https:\/\/www.eldigitaldeasturias.com\/noticias\/#website"},"breadcrumb":{"@id":"https:\/\/www.eldigitaldeasturias.com\/noticias\/el-borussia-dortmund-quiere-ampliar-el-contrato-a-favre\/#breadcrumblist"},"author":{"@id":"https:\/\/www.eldigitaldeasturias.com\/noticias\/author\/admin\/#author"},"creator":{"@id":"https:\/\/www.eldigitaldeasturias.com\/noticias\/author\/admin\/#author"},"image":{"@type":"ImageObject","url":"https:\/\/www.eldigitaldeasturias.com\/noticias\/wp-content\/uploads\/2019\/05\/Lucien-Favre.jpg","@id":"https:\/\/www.eldigitaldeasturias.com\/noticias\/el-borussia-dortmund-quiere-ampliar-el-contrato-a-favre\/#mainImage","width":1026,"height":659},"primaryImageOfPage":{"@id":"https:\/\/www.eldigitaldeasturias.com\/noticias\/el-borussia-dortmund-quiere-ampliar-el-contrato-a-favre\/#mainImage"},"datePublished":"2019-05-30T14:59:46+02:00","dateModified":"2019-05-30T14:59:46+02:00"},{"@type":"WebSite","@id":"https:\/\/www.eldigitaldeasturias.com\/noticias\/#website","url":"https:\/\/www.eldigitaldeasturias.com\/noticias\/","name":"El Digital de Asturias - Diario de actualidad y noticias","alternateName":"El Digital de Asturias - Diario de actualidad y noticias","description":"Hemeroteca","inLanguage":"es-ES","publisher":{"@id":"https:\/\/www.eldigitaldeasturias.com\/noticias\/#organization"}}]},"og:locale":"es_ES","og:site_name":"El Digital de Asturias","og:type":"article","og:title":"El Borussia Dortmund quiere ampliar el contrato a Favre - El Digital de Asturias","og:description":"Dortmund, 30 may (dpa) - El club de la Bundesliga alemana de f\u00fatbol Borussia Dortmund quiere extender el contrato con el entrenador Lucien Favre lo m\u00e1s r\u00e1pido posible, dijo el director deportivo del club, Michael Zorc, en declaraciones que publican hoy los peri\u00f3dicos del grupo de medios Funke. &quot;Claro que mantendremos con \u00e9l conversaciones, y","og:url":"https:\/\/www.eldigitaldeasturias.com\/noticias\/el-borussia-dortmund-quiere-ampliar-el-contrato-a-favre\/","og:image":"https:\/\/www.eldigitaldeasturias.com\/noticias\/wp-content\/uploads\/2019\/05\/Lucien-Favre.jpg","og:image:secure_url":"https:\/\/www.eldigitaldeasturias.com\/noticias\/wp-content\/uploads\/2019\/05\/Lucien-Favre.jpg","og:image:width":1026,"og:image:height":659,"article:tag":["deportes"],"article:published_time":"2019-05-30T14:59:46+00:00","article:modified_time":"2019-05-30T14:59:46+00:00","article:publisher":"https:\/\/facebook.com\/eldigitaldeasturias","twitter:card":"summary_large_image","twitter:title":"El Borussia Dortmund quiere ampliar el contrato a Favre - El Digital de Asturias","twitter:description":"Dortmund, 30 may (dpa) - El club de la Bundesliga alemana de f\u00fatbol Borussia Dortmund quiere extender el contrato con el entrenador Lucien Favre lo m\u00e1s r\u00e1pido posible, dijo el director deportivo del club, Michael Zorc, en declaraciones que publican hoy los peri\u00f3dicos del grupo de medios Funke. &quot;Claro que mantendremos con \u00e9l conversaciones, y","twitter:image":"https:\/\/www.eldigitaldeasturias.com\/noticias\/wp-content\/uploads\/2019\/05\/Lucien-Favre.jpg","twitter:label1":"Escrito por","twitter:data1":"El Digital de Asturias","twitter:label2":"Tiempo de lectura estimado","twitter:data2":"1 minuto"},"aioseo_meta_data":{"post_id":"1029029","title":null,"description":null,"keywords":null,"keyphrases":null,"primary_term":null,"canonical_url":null,"og_title":null,"og_description":null,"og_object_type":"default","og_image_type":"default","og_image_url":null,"og_image_width":null,"og_image_height":null,"og_image_custom_url":null,"og_image_custom_fields":null,"og_video":null,"og_custom_url":null,"og_article_section":null,"og_article_tags":null,"twitter_use_og":false,"twitter_card":"default","twitter_image_type":"default","twitter_image_url":null,"twitter_image_custom_url":null,"twitter_image_custom_fields":null,"twitter_title":null,"twitter_description":null,"schema":{"blockGraphs":[],"customGraphs":[],"default":{"data":{"Article":[],"Course":[],"Dataset":[],"FAQPage":[],"Movie":[],"Person":[],"Product":[],"ProductReview":[],"Car":[],"Recipe":[],"Service":[],"SoftwareApplication":[],"WebPage":[]},"graphName":"","isEnabled":true},"graphs":[],"defaultGraph":"","defaultPostTypeGraph":""},"schema_type":null,"schema_type_options":null,"pillar_content":false,"robots_default":true,"robots_noindex":false,"robots_noarchive":false,"robots_nosnippet":false,"robots_nofollow":false,"robots_noimageindex":false,"robots_noodp":false,"robots_notranslate":false,"robots_max_snippet":null,"robots_max_videopreview":null,"robots_max_imagepreview":"large","priority":null,"frequency":null,"local_seo":null,"seo_analyzer_scan_date":"2025-10-18 10:51:07","breadcrumb_settings":null,"limit_modified_date":false,"open_ai":null,"ai":null,"created":"2020-12-21 11:11:16","updated":"2025-10-18 10:51:07"},"aioseo_breadcrumb":"<div class=\"aioseo-breadcrumbs\"><span class=\"aioseo-breadcrumb\">\n\t<a href=\"https:\/\/www.eldigitaldeasturias.com\/noticias\" title=\"Home\">Home<\/a>\n<\/span><span class=\"aioseo-breadcrumb-separator\">\u2013<\/span><span class=\"aioseo-breadcrumb\">\n\t<a href=\"https:\/\/www.eldigitaldeasturias.com\/noticias\/category\/deportes\/\" title=\"Deportes\">Deportes<\/a>\n<\/span><span class=\"aioseo-breadcrumb-separator\">\u2013<\/span><span class=\"aioseo-breadcrumb\">\n\t<a href=\"https:\/\/www.eldigitaldeasturias.com\/noticias\/el-borussia-dortmund-quiere-ampliar-el-contrato-a-favre\/\" title=\"El Borussia Dortmund quiere ampliar el contrato a Favre\">El Borussia Dortmund quiere ampliar el contrato a Favre<\/a>\n<\/span><\/div>","aioseo_breadcrumb_json":[{"label":"Home","link":"https:\/\/www.eldigitaldeasturias.com\/noticias"},{"label":"Deportes","link":"https:\/\/www.eldigitaldeasturias.com\/noticias\/category\/deportes\/"},{"label":"El Borussia Dortmund quiere ampliar el contrato a Favre","link":"https:\/\/www.eldigitaldeasturias.com\/noticias\/el-borussia-dortmund-quiere-ampliar-el-contrato-a-favre\/"}],"_links":{"self":[{"href":"https:\/\/www.eldigitaldeasturias.com\/noticias\/wp-json\/wp\/v2\/posts\/1029029","targetHints":{"allow":["GET"]}}],"collection":[{"href":"https:\/\/www.eldigitaldeasturias.com\/noticias\/wp-json\/wp\/v2\/posts"}],"about":[{"href":"https:\/\/www.eldigitaldeasturias.com\/noticias\/wp-json\/wp\/v2\/types\/post"}],"author":[{"embeddable":true,"href":"https:\/\/www.eldigitaldeasturias.com\/noticias\/wp-json\/wp\/v2\/users\/1"}],"replies":[{"embeddable":true,"href":"https:\/\/www.eldigitaldeasturias.com\/noticias\/wp-json\/wp\/v2\/comments?post=1029029"}],"version-history":[{"count":0,"href":"https:\/\/www.eldigitaldeasturias.com\/noticias\/wp-json\/wp\/v2\/posts\/1029029\/revisions"}],"wp:featuredmedia":[{"embeddable":true,"href":"https:\/\/www.eldigitaldeasturias.com\/noticias\/wp-json\/wp\/v2\/media\/1029030"}],"wp:attachment":[{"href":"https:\/\/www.eldigitaldeasturias.com\/noticias\/wp-json\/wp\/v2\/media?parent=1029029"}],"wp:term":[{"taxonomy":"category","embeddable":true,"href":"https:\/\/www.eldigitaldeasturias.com\/noticias\/wp-json\/wp\/v2\/categories?post=1029029"},{"taxonomy":"post_tag","embeddable":true,"href":"https:\/\/www.eldigitaldeasturias.com\/noticias\/wp-json\/wp\/v2\/tags?post=1029029"}],"curies":[{"name":"wp","href":"https:\/\/api.w.org\/{rel}","templated":true}]}}