{"id":1028912,"date":"2019-05-30T01:13:35","date_gmt":"2019-05-30T01:13:35","guid":{"rendered":"https:\/\/www.eldigitaldeasturias.com\/noticias\/?p=1028912"},"modified":"2019-05-30T01:13:35","modified_gmt":"2019-05-30T01:13:35","slug":"nagelsmann-quiere-titulos-con-el-leipzig","status":"publish","type":"post","link":"https:\/\/www.eldigitaldeasturias.com\/noticias\/nagelsmann-quiere-titulos-con-el-leipzig\/","title":{"rendered":"Nagelsmann quiere t\u00edtulos con el Leipzig"},"content":{"rendered":"<p><img loading=\"lazy\" decoding=\"async\" class=\"alignleft size-medium wp-image-969718\" src=\"https:\/\/www.eldigitaldeasturias.com\/noticias\/wp-content\/uploads\/2018\/02\/woman-638384_1280-360x239.jpg\" alt=\"\" width=\"360\" height=\"239\" srcset=\"https:\/\/www.eldigitaldeasturias.com\/noticias\/wp-content\/uploads\/2018\/02\/woman-638384_1280-360x239.jpg 360w, https:\/\/www.eldigitaldeasturias.com\/noticias\/wp-content\/uploads\/2018\/02\/woman-638384_1280-452x300.jpg 452w, https:\/\/www.eldigitaldeasturias.com\/noticias\/wp-content\/uploads\/2018\/02\/woman-638384_1280-768x510.jpg 768w, https:\/\/www.eldigitaldeasturias.com\/noticias\/wp-content\/uploads\/2018\/02\/woman-638384_1280-690x458.jpg 690w, https:\/\/www.eldigitaldeasturias.com\/noticias\/wp-content\/uploads\/2018\/02\/woman-638384_1280-1024x680.jpg 1024w, https:\/\/www.eldigitaldeasturias.com\/noticias\/wp-content\/uploads\/2018\/02\/woman-638384_1280-20x13.jpg 20w, https:\/\/www.eldigitaldeasturias.com\/noticias\/wp-content\/uploads\/2018\/02\/woman-638384_1280.jpg 1280w\" sizes=\"auto, (max-width: 360px) 100vw, 360px\" \/>Leipzig (Alemania), 29 may (dpa) &#8211; El joven entrenador alem\u00e1n Julian Nagelsmann asumir\u00e1 el 1 de julio su cargo al frente del finalista de la Copa Alemana Leipzig con mucha ambici\u00f3n, como se\u00f1al\u00f3 el t\u00e9cnico en una entrevista con la revista \u00abSport Bild\u00bb publicada hoy.<\/p>\n<p>\u00abBueno, en principio es un objetivo ganar un t\u00edtulo en los cuatro a\u00f1os\u00bb, afirm\u00f3 Nagelsmann. Si no tuviera \u00e9xito en su prop\u00f3sito, buscar\u00eda un club con el que conseguir un t\u00edtulo sea posible, a\u00f1adi\u00f3.<\/p>\n<p>\u00abPero si no logro un t\u00edtulo con el Leipzig, entonces tal vez ning\u00fan otro equipo me quiera\u00bb, dijo.<\/p>\n<p>A Nagelsmann le gustar\u00eda ganar la Copa Alemana con el Leipzig, indic\u00f3 en la entrevista, ya que no lo pudo hacer con el Hoffenheim. El entrenador aspira tambi\u00e9n a superar la fase de grupos de la Liga de Campeones con su nuevo club, subray\u00f3 Nagelsmann, lo que tampoco pudo culminar con su ex equipo.<\/p>\n<p>El Leipzig termin\u00f3 tercero en la Bundesliga alemana y disputar\u00e1 la Liga de Campeones la pr\u00f3xima campa\u00f1a. El club del este de Alemania logr\u00f3 clasificarse para una competencia internacional por tercera vez consecutiva desde su ascenso a la m\u00e1xima categor\u00eda del f\u00fatbol germano en el verano de 2016.<\/p>\n<p>Nagelsmann, de 31 a\u00f1os, deja el Hoffenheim y sustituir\u00e1 a Ralf Rangnick en el banco del Leipzig. Rangnick, de 60 a\u00f1os, volver\u00e1 -despu\u00e9s de una temporada ejerciendo un doble rol- nuevamente a ser director deportivo del conjunto alem\u00e1n.<\/p>\n<p>Respecto al futuro en el Leipzig del jugador internacional alem\u00e1n Timo Werner, Nagelsmann comparte la opini\u00f3n de su futuro club. \u00abPreferir\u00eda que se quedara. Pero ciertas condiciones deben cumplirse para que \u00e9l pueda y se acabe quedando\u00bb, apunt\u00f3 en la entrevista.<\/p>\n<p>La cuesti\u00f3n gira en torno al nuevo contrato que Werner debe firmar con el Leipzig. Su actual vinculaci\u00f3n se extiende hasta el 30 de junio de 2020. En esa fecha, el delantero dejar\u00eda el club sin necesidad de pagar nada en concepto de traspaso.<\/p>\n<p>Esto es precisamente lo que los directivos del conjunto del este del pa\u00eds, Ralf Rangnick (director deportivo) y Oliver Mintzlaff (director general) quieren evitar. \u00abEl asunto con Timo Werner est\u00e1 claramente regulado\u00bb, dijo Nagelsmann. \u00abTodos queremos que se quede. Si no extiende su contrato es dif\u00edcil para un jugador as\u00ed salir de forma gratuita\u00bb.<\/p>\n<p>El propio Werner evit\u00f3 durante meses el tema. Seg\u00fan el Leipzig, el representante de Werner, Karl-Heinz F\u00f6rster, ha dado se\u00f1ales con anterioridad de que Werner no tendr\u00eda intenci\u00f3n de prolongar el contrato.<\/p>\n<p>Una y otra vez se especula con que el delantero centro de 23 a\u00f1os podr\u00eda fichar por el Bayern M\u00fanich, reciente vencedor del doblete en Alemania.<\/p>\n","protected":false},"excerpt":{"rendered":"<p>Leipzig (Alemania), 29 may (dpa) &#8211; El joven entrenador alem\u00e1n Julian Nagelsmann asumir\u00e1 el 1 de julio su cargo al frente del finalista de la Copa Alemana Leipzig con mucha ambici\u00f3n, como se\u00f1al\u00f3 el t\u00e9cnico en una entrevista con la revista \u00abSport Bild\u00bb publicada hoy. \u00abBueno, en principio es un objetivo ganar un t\u00edtulo en [&hellip;]<\/p>\n","protected":false},"author":1,"featured_media":969718,"comment_status":"closed","ping_status":"closed","sticky":false,"template":"","format":"standard","meta":{"footnotes":""},"categories":[190],"tags":[],"class_list":["post-1028912","post","type-post","status-publish","format-standard","has-post-thumbnail","hentry","category-deportes"],"aioseo_notices":[],"aioseo_head":"\n\t\t<!-- All in One SEO Pro 4.9.6.2 - aioseo.com -->\n\t<meta name=\"description\" content=\"Leipzig (Alemania), 29 may (dpa) - El joven entrenador alem\u00e1n Julian Nagelsmann asumir\u00e1 el 1 de julio su cargo al frente del finalista de la Copa Alemana Leipzig con mucha ambici\u00f3n, como se\u00f1al\u00f3 el t\u00e9cnico en una entrevista con la revista &quot;Sport Bild&quot; publicada hoy. &quot;Bueno, en principio es un objetivo ganar un t\u00edtulo en\" \/>\n\t<meta name=\"robots\" content=\"max-image-preview:large\" \/>\n\t<meta name=\"author\" content=\"El Digital de Asturias\"\/>\n\t<meta name=\"google-site-verification\" content=\"UA-38556648-1\" \/>\n\t<meta name=\"msvalidate.01\" content=\"7dfe9f3f1b24437ab69f4f2559babe99\" \/>\n\t<meta name=\"keywords\" content=\"deportes\" \/>\n\t<link rel=\"canonical\" href=\"https:\/\/www.eldigitaldeasturias.com\/noticias\/nagelsmann-quiere-titulos-con-el-leipzig\/\" \/>\n\t<meta name=\"generator\" content=\"All in One SEO Pro (AIOSEO) 4.9.6.2\" \/>\n\t\t<meta property=\"og:locale\" content=\"es_ES\" \/>\n\t\t<meta property=\"og:site_name\" content=\"El Digital de Asturias\" \/>\n\t\t<meta property=\"og:type\" content=\"article\" \/>\n\t\t<meta property=\"og:title\" content=\"Nagelsmann quiere t\u00edtulos con el Leipzig - El Digital de Asturias\" \/>\n\t\t<meta property=\"og:description\" content=\"Leipzig (Alemania), 29 may (dpa) - El joven entrenador alem\u00e1n Julian Nagelsmann asumir\u00e1 el 1 de julio su cargo al frente del finalista de la Copa Alemana Leipzig con mucha ambici\u00f3n, como se\u00f1al\u00f3 el t\u00e9cnico en una entrevista con la revista &quot;Sport Bild&quot; publicada hoy. &quot;Bueno, en principio es un objetivo ganar un t\u00edtulo en\" \/>\n\t\t<meta property=\"og:url\" content=\"https:\/\/www.eldigitaldeasturias.com\/noticias\/nagelsmann-quiere-titulos-con-el-leipzig\/\" \/>\n\t\t<meta property=\"og:image\" content=\"https:\/\/www.eldigitaldeasturias.com\/noticias\/wp-content\/uploads\/2018\/02\/woman-638384_1280.jpg\" \/>\n\t\t<meta property=\"og:image:secure_url\" content=\"https:\/\/www.eldigitaldeasturias.com\/noticias\/wp-content\/uploads\/2018\/02\/woman-638384_1280.jpg\" \/>\n\t\t<meta property=\"og:image:width\" content=\"1280\" \/>\n\t\t<meta property=\"og:image:height\" content=\"850\" \/>\n\t\t<meta property=\"article:tag\" content=\"deportes\" \/>\n\t\t<meta property=\"article:published_time\" content=\"2019-05-30T01:13:35+00:00\" \/>\n\t\t<meta property=\"article:modified_time\" content=\"2019-05-30T01:13:35+00:00\" \/>\n\t\t<meta property=\"article:publisher\" content=\"https:\/\/facebook.com\/eldigitaldeasturias\" \/>\n\t\t<meta name=\"twitter:card\" content=\"summary_large_image\" \/>\n\t\t<meta name=\"twitter:title\" content=\"Nagelsmann quiere t\u00edtulos con el Leipzig - El Digital de Asturias\" \/>\n\t\t<meta name=\"twitter:description\" content=\"Leipzig (Alemania), 29 may (dpa) - El joven entrenador alem\u00e1n Julian Nagelsmann asumir\u00e1 el 1 de julio su cargo al frente del finalista de la Copa Alemana Leipzig con mucha ambici\u00f3n, como se\u00f1al\u00f3 el t\u00e9cnico en una entrevista con la revista &quot;Sport Bild&quot; publicada hoy. &quot;Bueno, en principio es un objetivo ganar un t\u00edtulo en\" \/>\n\t\t<meta name=\"twitter:image\" content=\"https:\/\/www.eldigitaldeasturias.com\/noticias\/wp-content\/uploads\/2018\/02\/woman-638384_1280.jpg\" \/>\n\t\t<meta name=\"twitter:label1\" content=\"Escrito por\" \/>\n\t\t<meta name=\"twitter:data1\" content=\"El Digital de Asturias\" \/>\n\t\t<meta name=\"twitter:label2\" content=\"Tiempo de lectura estimado\" \/>\n\t\t<meta name=\"twitter:data2\" content=\"2 minutos\" \/>\n\t\t<script type=\"application\/ld+json\" class=\"aioseo-schema\">\n\t\t\t{\"@context\":\"https:\\\/\\\/schema.org\",\"@graph\":[{\"@type\":\"BlogPosting\",\"@id\":\"https:\\\/\\\/www.eldigitaldeasturias.com\\\/noticias\\\/nagelsmann-quiere-titulos-con-el-leipzig\\\/#blogposting\",\"name\":\"Nagelsmann quiere t\\u00edtulos con el Leipzig - El Digital de Asturias\",\"headline\":\"Nagelsmann quiere t\\u00edtulos con el Leipzig\",\"author\":{\"@id\":\"https:\\\/\\\/www.eldigitaldeasturias.com\\\/noticias\\\/author\\\/admin\\\/#author\"},\"publisher\":{\"@id\":\"https:\\\/\\\/www.eldigitaldeasturias.com\\\/noticias\\\/#organization\"},\"image\":{\"@type\":\"ImageObject\",\"url\":\"https:\\\/\\\/www.eldigitaldeasturias.com\\\/noticias\\\/wp-content\\\/uploads\\\/2018\\\/02\\\/woman-638384_1280.jpg\",\"width\":1280,\"height\":850},\"datePublished\":\"2019-05-30T01:13:35+02:00\",\"dateModified\":\"2019-05-30T01:13:35+02:00\",\"inLanguage\":\"es-ES\",\"mainEntityOfPage\":{\"@id\":\"https:\\\/\\\/www.eldigitaldeasturias.com\\\/noticias\\\/nagelsmann-quiere-titulos-con-el-leipzig\\\/#webpage\"},\"isPartOf\":{\"@id\":\"https:\\\/\\\/www.eldigitaldeasturias.com\\\/noticias\\\/nagelsmann-quiere-titulos-con-el-leipzig\\\/#webpage\"},\"articleSection\":\"Deportes\"},{\"@type\":\"BreadcrumbList\",\"@id\":\"https:\\\/\\\/www.eldigitaldeasturias.com\\\/noticias\\\/nagelsmann-quiere-titulos-con-el-leipzig\\\/#breadcrumblist\",\"itemListElement\":[{\"@type\":\"ListItem\",\"@id\":\"https:\\\/\\\/www.eldigitaldeasturias.com\\\/noticias#listItem\",\"position\":1,\"name\":\"Home\",\"item\":\"https:\\\/\\\/www.eldigitaldeasturias.com\\\/noticias\",\"nextItem\":{\"@type\":\"ListItem\",\"@id\":\"https:\\\/\\\/www.eldigitaldeasturias.com\\\/noticias\\\/category\\\/deportes\\\/#listItem\",\"name\":\"Deportes\"}},{\"@type\":\"ListItem\",\"@id\":\"https:\\\/\\\/www.eldigitaldeasturias.com\\\/noticias\\\/category\\\/deportes\\\/#listItem\",\"position\":2,\"name\":\"Deportes\",\"item\":\"https:\\\/\\\/www.eldigitaldeasturias.com\\\/noticias\\\/category\\\/deportes\\\/\",\"nextItem\":{\"@type\":\"ListItem\",\"@id\":\"https:\\\/\\\/www.eldigitaldeasturias.com\\\/noticias\\\/nagelsmann-quiere-titulos-con-el-leipzig\\\/#listItem\",\"name\":\"Nagelsmann quiere t\\u00edtulos con el Leipzig\"},\"previousItem\":{\"@type\":\"ListItem\",\"@id\":\"https:\\\/\\\/www.eldigitaldeasturias.com\\\/noticias#listItem\",\"name\":\"Home\"}},{\"@type\":\"ListItem\",\"@id\":\"https:\\\/\\\/www.eldigitaldeasturias.com\\\/noticias\\\/nagelsmann-quiere-titulos-con-el-leipzig\\\/#listItem\",\"position\":3,\"name\":\"Nagelsmann quiere t\\u00edtulos con el Leipzig\",\"previousItem\":{\"@type\":\"ListItem\",\"@id\":\"https:\\\/\\\/www.eldigitaldeasturias.com\\\/noticias\\\/category\\\/deportes\\\/#listItem\",\"name\":\"Deportes\"}}]},{\"@type\":\"Organization\",\"@id\":\"https:\\\/\\\/www.eldigitaldeasturias.com\\\/noticias\\\/#organization\",\"name\":\"El Digital de Asturias\",\"description\":\"Hemeroteca\",\"url\":\"https:\\\/\\\/www.eldigitaldeasturias.com\\\/noticias\\\/\",\"email\":\"info@eldigitaldeasturias.com\",\"telephone\":\"+34652131393\",\"logo\":{\"@type\":\"ImageObject\",\"url\":\"https:\\\/\\\/www.eldigitaldeasturias.com\\\/noticias\\\/wp-content\\\/uploads\\\/2020\\\/12\\\/EDA.jpg\",\"@id\":\"https:\\\/\\\/www.eldigitaldeasturias.com\\\/noticias\\\/nagelsmann-quiere-titulos-con-el-leipzig\\\/#organizationLogo\",\"width\":649,\"height\":297},\"image\":{\"@id\":\"https:\\\/\\\/www.eldigitaldeasturias.com\\\/noticias\\\/nagelsmann-quiere-titulos-con-el-leipzig\\\/#organizationLogo\"},\"sameAs\":[\"https:\\\/\\\/facebook.com\\\/eldigitaldeasturias\",\"https:\\\/\\\/www.youtube.com\\\/channel\\\/UCZP-2wLEB9Rv6erhFmqVnvg\"],\"address\":{\"@id\":\"https:\\\/\\\/www.eldigitaldeasturias.com\\\/noticias\\\/#postaladdress\",\"@type\":\"PostalAddress\",\"streetAddress\":\"san antonio 4,\",\"postalCode\":\"33430\",\"addressLocality\":\"Cand\\u00e1s\",\"addressRegion\":\"Asturias\",\"addressCountry\":\"ES\"}},{\"@type\":\"Person\",\"@id\":\"https:\\\/\\\/www.eldigitaldeasturias.com\\\/noticias\\\/author\\\/admin\\\/#author\",\"url\":\"https:\\\/\\\/www.eldigitaldeasturias.com\\\/noticias\\\/author\\\/admin\\\/\",\"name\":\"El Digital de Asturias\",\"image\":{\"@type\":\"ImageObject\",\"@id\":\"https:\\\/\\\/www.eldigitaldeasturias.com\\\/noticias\\\/nagelsmann-quiere-titulos-con-el-leipzig\\\/#authorImage\",\"url\":\"https:\\\/\\\/www.eldigitaldeasturias.com\\\/noticias\\\/wp-content\\\/litespeed\\\/avatar\\\/18677e78aa0546b92d9dbf31ec7d7668.jpg?ver=1777290358\",\"width\":96,\"height\":96,\"caption\":\"El Digital de Asturias\"}},{\"@type\":\"WebPage\",\"@id\":\"https:\\\/\\\/www.eldigitaldeasturias.com\\\/noticias\\\/nagelsmann-quiere-titulos-con-el-leipzig\\\/#webpage\",\"url\":\"https:\\\/\\\/www.eldigitaldeasturias.com\\\/noticias\\\/nagelsmann-quiere-titulos-con-el-leipzig\\\/\",\"name\":\"Nagelsmann quiere t\\u00edtulos con el Leipzig - El Digital de Asturias\",\"description\":\"Leipzig (Alemania), 29 may (dpa) - El joven entrenador alem\\u00e1n Julian Nagelsmann asumir\\u00e1 el 1 de julio su cargo al frente del finalista de la Copa Alemana Leipzig con mucha ambici\\u00f3n, como se\\u00f1al\\u00f3 el t\\u00e9cnico en una entrevista con la revista \\\"Sport Bild\\\" publicada hoy. \\\"Bueno, en principio es un objetivo ganar un t\\u00edtulo en\",\"inLanguage\":\"es-ES\",\"isPartOf\":{\"@id\":\"https:\\\/\\\/www.eldigitaldeasturias.com\\\/noticias\\\/#website\"},\"breadcrumb\":{\"@id\":\"https:\\\/\\\/www.eldigitaldeasturias.com\\\/noticias\\\/nagelsmann-quiere-titulos-con-el-leipzig\\\/#breadcrumblist\"},\"author\":{\"@id\":\"https:\\\/\\\/www.eldigitaldeasturias.com\\\/noticias\\\/author\\\/admin\\\/#author\"},\"creator\":{\"@id\":\"https:\\\/\\\/www.eldigitaldeasturias.com\\\/noticias\\\/author\\\/admin\\\/#author\"},\"image\":{\"@type\":\"ImageObject\",\"url\":\"https:\\\/\\\/www.eldigitaldeasturias.com\\\/noticias\\\/wp-content\\\/uploads\\\/2018\\\/02\\\/woman-638384_1280.jpg\",\"@id\":\"https:\\\/\\\/www.eldigitaldeasturias.com\\\/noticias\\\/nagelsmann-quiere-titulos-con-el-leipzig\\\/#mainImage\",\"width\":1280,\"height\":850},\"primaryImageOfPage\":{\"@id\":\"https:\\\/\\\/www.eldigitaldeasturias.com\\\/noticias\\\/nagelsmann-quiere-titulos-con-el-leipzig\\\/#mainImage\"},\"datePublished\":\"2019-05-30T01:13:35+02:00\",\"dateModified\":\"2019-05-30T01:13:35+02:00\"},{\"@type\":\"WebSite\",\"@id\":\"https:\\\/\\\/www.eldigitaldeasturias.com\\\/noticias\\\/#website\",\"url\":\"https:\\\/\\\/www.eldigitaldeasturias.com\\\/noticias\\\/\",\"name\":\"El Digital de Asturias - Diario de actualidad y noticias\",\"alternateName\":\"El Digital de Asturias - Diario de actualidad y noticias\",\"description\":\"Hemeroteca\",\"inLanguage\":\"es-ES\",\"publisher\":{\"@id\":\"https:\\\/\\\/www.eldigitaldeasturias.com\\\/noticias\\\/#organization\"}}]}\n\t\t<\/script>\n\t\t<!-- All in One SEO Pro -->\r\n\t\t<title>Nagelsmann quiere t\u00edtulos con el Leipzig - El Digital de Asturias<\/title>\n\n","aioseo_head_json":{"title":"Nagelsmann quiere t\u00edtulos con el Leipzig - El Digital de Asturias","description":"Leipzig (Alemania), 29 may (dpa) - El joven entrenador alem\u00e1n Julian Nagelsmann asumir\u00e1 el 1 de julio su cargo al frente del finalista de la Copa Alemana Leipzig con mucha ambici\u00f3n, como se\u00f1al\u00f3 el t\u00e9cnico en una entrevista con la revista \"Sport Bild\" publicada hoy. \"Bueno, en principio es un objetivo ganar un t\u00edtulo en","canonical_url":"https:\/\/www.eldigitaldeasturias.com\/noticias\/nagelsmann-quiere-titulos-con-el-leipzig\/","robots":"max-image-preview:large","keywords":"deportes","webmasterTools":{"google-site-verification":"UA-38556648-1","msvalidate.01":"7dfe9f3f1b24437ab69f4f2559babe99","miscellaneous":""},"schema":{"@context":"https:\/\/schema.org","@graph":[{"@type":"BlogPosting","@id":"https:\/\/www.eldigitaldeasturias.com\/noticias\/nagelsmann-quiere-titulos-con-el-leipzig\/#blogposting","name":"Nagelsmann quiere t\u00edtulos con el Leipzig - El Digital de Asturias","headline":"Nagelsmann quiere t\u00edtulos con el Leipzig","author":{"@id":"https:\/\/www.eldigitaldeasturias.com\/noticias\/author\/admin\/#author"},"publisher":{"@id":"https:\/\/www.eldigitaldeasturias.com\/noticias\/#organization"},"image":{"@type":"ImageObject","url":"https:\/\/www.eldigitaldeasturias.com\/noticias\/wp-content\/uploads\/2018\/02\/woman-638384_1280.jpg","width":1280,"height":850},"datePublished":"2019-05-30T01:13:35+02:00","dateModified":"2019-05-30T01:13:35+02:00","inLanguage":"es-ES","mainEntityOfPage":{"@id":"https:\/\/www.eldigitaldeasturias.com\/noticias\/nagelsmann-quiere-titulos-con-el-leipzig\/#webpage"},"isPartOf":{"@id":"https:\/\/www.eldigitaldeasturias.com\/noticias\/nagelsmann-quiere-titulos-con-el-leipzig\/#webpage"},"articleSection":"Deportes"},{"@type":"BreadcrumbList","@id":"https:\/\/www.eldigitaldeasturias.com\/noticias\/nagelsmann-quiere-titulos-con-el-leipzig\/#breadcrumblist","itemListElement":[{"@type":"ListItem","@id":"https:\/\/www.eldigitaldeasturias.com\/noticias#listItem","position":1,"name":"Home","item":"https:\/\/www.eldigitaldeasturias.com\/noticias","nextItem":{"@type":"ListItem","@id":"https:\/\/www.eldigitaldeasturias.com\/noticias\/category\/deportes\/#listItem","name":"Deportes"}},{"@type":"ListItem","@id":"https:\/\/www.eldigitaldeasturias.com\/noticias\/category\/deportes\/#listItem","position":2,"name":"Deportes","item":"https:\/\/www.eldigitaldeasturias.com\/noticias\/category\/deportes\/","nextItem":{"@type":"ListItem","@id":"https:\/\/www.eldigitaldeasturias.com\/noticias\/nagelsmann-quiere-titulos-con-el-leipzig\/#listItem","name":"Nagelsmann quiere t\u00edtulos con el Leipzig"},"previousItem":{"@type":"ListItem","@id":"https:\/\/www.eldigitaldeasturias.com\/noticias#listItem","name":"Home"}},{"@type":"ListItem","@id":"https:\/\/www.eldigitaldeasturias.com\/noticias\/nagelsmann-quiere-titulos-con-el-leipzig\/#listItem","position":3,"name":"Nagelsmann quiere t\u00edtulos con el Leipzig","previousItem":{"@type":"ListItem","@id":"https:\/\/www.eldigitaldeasturias.com\/noticias\/category\/deportes\/#listItem","name":"Deportes"}}]},{"@type":"Organization","@id":"https:\/\/www.eldigitaldeasturias.com\/noticias\/#organization","name":"El Digital de Asturias","description":"Hemeroteca","url":"https:\/\/www.eldigitaldeasturias.com\/noticias\/","email":"info@eldigitaldeasturias.com","telephone":"+34652131393","logo":{"@type":"ImageObject","url":"https:\/\/www.eldigitaldeasturias.com\/noticias\/wp-content\/uploads\/2020\/12\/EDA.jpg","@id":"https:\/\/www.eldigitaldeasturias.com\/noticias\/nagelsmann-quiere-titulos-con-el-leipzig\/#organizationLogo","width":649,"height":297},"image":{"@id":"https:\/\/www.eldigitaldeasturias.com\/noticias\/nagelsmann-quiere-titulos-con-el-leipzig\/#organizationLogo"},"sameAs":["https:\/\/facebook.com\/eldigitaldeasturias","https:\/\/www.youtube.com\/channel\/UCZP-2wLEB9Rv6erhFmqVnvg"],"address":{"@id":"https:\/\/www.eldigitaldeasturias.com\/noticias\/#postaladdress","@type":"PostalAddress","streetAddress":"san antonio 4,","postalCode":"33430","addressLocality":"Cand\u00e1s","addressRegion":"Asturias","addressCountry":"ES"}},{"@type":"Person","@id":"https:\/\/www.eldigitaldeasturias.com\/noticias\/author\/admin\/#author","url":"https:\/\/www.eldigitaldeasturias.com\/noticias\/author\/admin\/","name":"El Digital de Asturias","image":{"@type":"ImageObject","@id":"https:\/\/www.eldigitaldeasturias.com\/noticias\/nagelsmann-quiere-titulos-con-el-leipzig\/#authorImage","url":"https:\/\/www.eldigitaldeasturias.com\/noticias\/wp-content\/litespeed\/avatar\/18677e78aa0546b92d9dbf31ec7d7668.jpg?ver=1777290358","width":96,"height":96,"caption":"El Digital de Asturias"}},{"@type":"WebPage","@id":"https:\/\/www.eldigitaldeasturias.com\/noticias\/nagelsmann-quiere-titulos-con-el-leipzig\/#webpage","url":"https:\/\/www.eldigitaldeasturias.com\/noticias\/nagelsmann-quiere-titulos-con-el-leipzig\/","name":"Nagelsmann quiere t\u00edtulos con el Leipzig - El Digital de Asturias","description":"Leipzig (Alemania), 29 may (dpa) - El joven entrenador alem\u00e1n Julian Nagelsmann asumir\u00e1 el 1 de julio su cargo al frente del finalista de la Copa Alemana Leipzig con mucha ambici\u00f3n, como se\u00f1al\u00f3 el t\u00e9cnico en una entrevista con la revista \"Sport Bild\" publicada hoy. \"Bueno, en principio es un objetivo ganar un t\u00edtulo en","inLanguage":"es-ES","isPartOf":{"@id":"https:\/\/www.eldigitaldeasturias.com\/noticias\/#website"},"breadcrumb":{"@id":"https:\/\/www.eldigitaldeasturias.com\/noticias\/nagelsmann-quiere-titulos-con-el-leipzig\/#breadcrumblist"},"author":{"@id":"https:\/\/www.eldigitaldeasturias.com\/noticias\/author\/admin\/#author"},"creator":{"@id":"https:\/\/www.eldigitaldeasturias.com\/noticias\/author\/admin\/#author"},"image":{"@type":"ImageObject","url":"https:\/\/www.eldigitaldeasturias.com\/noticias\/wp-content\/uploads\/2018\/02\/woman-638384_1280.jpg","@id":"https:\/\/www.eldigitaldeasturias.com\/noticias\/nagelsmann-quiere-titulos-con-el-leipzig\/#mainImage","width":1280,"height":850},"primaryImageOfPage":{"@id":"https:\/\/www.eldigitaldeasturias.com\/noticias\/nagelsmann-quiere-titulos-con-el-leipzig\/#mainImage"},"datePublished":"2019-05-30T01:13:35+02:00","dateModified":"2019-05-30T01:13:35+02:00"},{"@type":"WebSite","@id":"https:\/\/www.eldigitaldeasturias.com\/noticias\/#website","url":"https:\/\/www.eldigitaldeasturias.com\/noticias\/","name":"El Digital de Asturias - Diario de actualidad y noticias","alternateName":"El Digital de Asturias - Diario de actualidad y noticias","description":"Hemeroteca","inLanguage":"es-ES","publisher":{"@id":"https:\/\/www.eldigitaldeasturias.com\/noticias\/#organization"}}]},"og:locale":"es_ES","og:site_name":"El Digital de Asturias","og:type":"article","og:title":"Nagelsmann quiere t\u00edtulos con el Leipzig - El Digital de Asturias","og:description":"Leipzig (Alemania), 29 may (dpa) - El joven entrenador alem\u00e1n Julian Nagelsmann asumir\u00e1 el 1 de julio su cargo al frente del finalista de la Copa Alemana Leipzig con mucha ambici\u00f3n, como se\u00f1al\u00f3 el t\u00e9cnico en una entrevista con la revista &quot;Sport Bild&quot; publicada hoy. &quot;Bueno, en principio es un objetivo ganar un t\u00edtulo en","og:url":"https:\/\/www.eldigitaldeasturias.com\/noticias\/nagelsmann-quiere-titulos-con-el-leipzig\/","og:image":"https:\/\/www.eldigitaldeasturias.com\/noticias\/wp-content\/uploads\/2018\/02\/woman-638384_1280.jpg","og:image:secure_url":"https:\/\/www.eldigitaldeasturias.com\/noticias\/wp-content\/uploads\/2018\/02\/woman-638384_1280.jpg","og:image:width":1280,"og:image:height":850,"article:tag":["deportes"],"article:published_time":"2019-05-30T01:13:35+00:00","article:modified_time":"2019-05-30T01:13:35+00:00","article:publisher":"https:\/\/facebook.com\/eldigitaldeasturias","twitter:card":"summary_large_image","twitter:title":"Nagelsmann quiere t\u00edtulos con el Leipzig - El Digital de Asturias","twitter:description":"Leipzig (Alemania), 29 may (dpa) - El joven entrenador alem\u00e1n Julian Nagelsmann asumir\u00e1 el 1 de julio su cargo al frente del finalista de la Copa Alemana Leipzig con mucha ambici\u00f3n, como se\u00f1al\u00f3 el t\u00e9cnico en una entrevista con la revista &quot;Sport Bild&quot; publicada hoy. &quot;Bueno, en principio es un objetivo ganar un t\u00edtulo en","twitter:image":"https:\/\/www.eldigitaldeasturias.com\/noticias\/wp-content\/uploads\/2018\/02\/woman-638384_1280.jpg","twitter:label1":"Escrito por","twitter:data1":"El Digital de Asturias","twitter:label2":"Tiempo de lectura estimado","twitter:data2":"2 minutos"},"aioseo_meta_data":{"post_id":"1028912","title":null,"description":null,"keywords":null,"keyphrases":null,"primary_term":null,"canonical_url":null,"og_title":null,"og_description":null,"og_object_type":"default","og_image_type":"default","og_image_url":null,"og_image_width":null,"og_image_height":null,"og_image_custom_url":null,"og_image_custom_fields":null,"og_video":null,"og_custom_url":null,"og_article_section":null,"og_article_tags":null,"twitter_use_og":false,"twitter_card":"default","twitter_image_type":"default","twitter_image_url":null,"twitter_image_custom_url":null,"twitter_image_custom_fields":null,"twitter_title":null,"twitter_description":null,"schema":{"blockGraphs":[],"customGraphs":[],"default":{"data":{"Article":[],"Course":[],"Dataset":[],"FAQPage":[],"Movie":[],"Person":[],"Product":[],"ProductReview":[],"Car":[],"Recipe":[],"Service":[],"SoftwareApplication":[],"WebPage":[]},"graphName":"","isEnabled":true},"graphs":[],"defaultGraph":"","defaultPostTypeGraph":""},"schema_type":null,"schema_type_options":null,"pillar_content":false,"robots_default":true,"robots_noindex":false,"robots_noarchive":false,"robots_nosnippet":false,"robots_nofollow":false,"robots_noimageindex":false,"robots_noodp":false,"robots_notranslate":false,"robots_max_snippet":null,"robots_max_videopreview":null,"robots_max_imagepreview":"large","priority":null,"frequency":null,"local_seo":null,"seo_analyzer_scan_date":"2025-10-18 10:27:09","breadcrumb_settings":null,"limit_modified_date":false,"open_ai":null,"ai":null,"created":"2020-12-21 11:11:16","updated":"2025-10-18 10:27:09"},"aioseo_breadcrumb":"<div class=\"aioseo-breadcrumbs\"><span class=\"aioseo-breadcrumb\">\n\t<a href=\"https:\/\/www.eldigitaldeasturias.com\/noticias\" title=\"Home\">Home<\/a>\n<\/span><span class=\"aioseo-breadcrumb-separator\">\u2013<\/span><span class=\"aioseo-breadcrumb\">\n\t<a href=\"https:\/\/www.eldigitaldeasturias.com\/noticias\/category\/deportes\/\" title=\"Deportes\">Deportes<\/a>\n<\/span><span class=\"aioseo-breadcrumb-separator\">\u2013<\/span><span class=\"aioseo-breadcrumb\">\n\t<a href=\"https:\/\/www.eldigitaldeasturias.com\/noticias\/nagelsmann-quiere-titulos-con-el-leipzig\/\" title=\"Nagelsmann quiere t\u00edtulos con el Leipzig\">Nagelsmann quiere t\u00edtulos con el Leipzig<\/a>\n<\/span><\/div>","aioseo_breadcrumb_json":[{"label":"Home","link":"https:\/\/www.eldigitaldeasturias.com\/noticias"},{"label":"Deportes","link":"https:\/\/www.eldigitaldeasturias.com\/noticias\/category\/deportes\/"},{"label":"Nagelsmann quiere t\u00edtulos con el Leipzig","link":"https:\/\/www.eldigitaldeasturias.com\/noticias\/nagelsmann-quiere-titulos-con-el-leipzig\/"}],"_links":{"self":[{"href":"https:\/\/www.eldigitaldeasturias.com\/noticias\/wp-json\/wp\/v2\/posts\/1028912","targetHints":{"allow":["GET"]}}],"collection":[{"href":"https:\/\/www.eldigitaldeasturias.com\/noticias\/wp-json\/wp\/v2\/posts"}],"about":[{"href":"https:\/\/www.eldigitaldeasturias.com\/noticias\/wp-json\/wp\/v2\/types\/post"}],"author":[{"embeddable":true,"href":"https:\/\/www.eldigitaldeasturias.com\/noticias\/wp-json\/wp\/v2\/users\/1"}],"replies":[{"embeddable":true,"href":"https:\/\/www.eldigitaldeasturias.com\/noticias\/wp-json\/wp\/v2\/comments?post=1028912"}],"version-history":[{"count":0,"href":"https:\/\/www.eldigitaldeasturias.com\/noticias\/wp-json\/wp\/v2\/posts\/1028912\/revisions"}],"wp:featuredmedia":[{"embeddable":true,"href":"https:\/\/www.eldigitaldeasturias.com\/noticias\/wp-json\/wp\/v2\/media\/969718"}],"wp:attachment":[{"href":"https:\/\/www.eldigitaldeasturias.com\/noticias\/wp-json\/wp\/v2\/media?parent=1028912"}],"wp:term":[{"taxonomy":"category","embeddable":true,"href":"https:\/\/www.eldigitaldeasturias.com\/noticias\/wp-json\/wp\/v2\/categories?post=1028912"},{"taxonomy":"post_tag","embeddable":true,"href":"https:\/\/www.eldigitaldeasturias.com\/noticias\/wp-json\/wp\/v2\/tags?post=1028912"}],"curies":[{"name":"wp","href":"https:\/\/api.w.org\/{rel}","templated":true}]}}