{"id":1028826,"date":"2019-05-29T16:00:38","date_gmt":"2019-05-29T16:00:38","guid":{"rendered":"https:\/\/www.eldigitaldeasturias.com\/noticias\/?p=1028826"},"modified":"2019-05-31T16:14:40","modified_gmt":"2019-05-31T16:14:40","slug":"automotrices-en-mexico-estaban-optimistas-pero-trump-volvio-al-ataque","status":"publish","type":"post","link":"https:\/\/www.eldigitaldeasturias.com\/noticias\/automotrices-en-mexico-estaban-optimistas-pero-trump-volvio-al-ataque\/","title":{"rendered":"Automotrices en M\u00e9xico estaban optimistas pero Trump volvi\u00f3 al ataque"},"content":{"rendered":"<p><img loading=\"lazy\" decoding=\"async\" class=\"alignleft size-medium wp-image-1028827\" src=\"https:\/\/www.eldigitaldeasturias.com\/noticias\/wp-content\/uploads\/2019\/05\/automotrices-Mexico-360x221.jpg\" alt=\"\" width=\"360\" height=\"221\" srcset=\"https:\/\/www.eldigitaldeasturias.com\/noticias\/wp-content\/uploads\/2019\/05\/automotrices-Mexico-360x221.jpg 360w, https:\/\/www.eldigitaldeasturias.com\/noticias\/wp-content\/uploads\/2019\/05\/automotrices-Mexico-768x471.jpg 768w, https:\/\/www.eldigitaldeasturias.com\/noticias\/wp-content\/uploads\/2019\/05\/automotrices-Mexico-650x399.jpg 650w, https:\/\/www.eldigitaldeasturias.com\/noticias\/wp-content\/uploads\/2019\/05\/automotrices-Mexico-1024x628.jpg 1024w, https:\/\/www.eldigitaldeasturias.com\/noticias\/wp-content\/uploads\/2019\/05\/automotrices-Mexico.jpg 1102w\" sizes=\"auto, (max-width: 360px) 100vw, 360px\" \/>Ciudad de M\u00e9xico (dpa) &#8211; Justo cuando las ensambladoras automotrices asentadas en M\u00e9xico cre\u00edan haber superado dos a\u00f1os de estr\u00e9s, el presidente de Estados Unidos, Donald Trump, abri\u00f3 de manera inesperada en M\u00e9xico un nuevo frente de su guerra comercial.<\/p>\n<p>M\u00e9xico es un punto estrat\u00e9gico para la industria de autom\u00f3viles. Tiene un acuerdo de libre comercio con Estados Unidos y Canad\u00e1, una posici\u00f3n geogr\u00e1fica clave, una cadena de proveedores establecida, salarios bajos y tratados con m\u00e1s de 40 pa\u00edses. La alemana BMW inaugurar\u00e1 el 6 de junio una planta en San Luis Potos\u00ed.<\/p>\n<p>Pero Trump sacudi\u00f3 el tablero. Amenaz\u00f3 con imponer a partir del 10 de junio aranceles del 5 por ciento a todos los productos mexicanos y aumentarlos progresivamente hasta un 25 por ciento si M\u00e9xico no detiene la llegada de migrantes a la frontera.<\/p>\n<p>La amenaza cay\u00f3 como un balde de agua fr\u00eda en momentos de optimismo. M\u00e9xico, cuarto exportador y sexto productor mundial de veh\u00edculos -sin marcas propias relevantes- esperaba un incremento de al menos un 3,5 por ciento en producci\u00f3n de autos y ventas al exterior este a\u00f1o.<\/p>\n<p>Para las inversiones mexicanas de empresas como BMW, Volkswagen, Daimler, Toyota y General Motors las cosas marchaban bien. Sobre todo, tras concluirse en noviembre la renegociaci\u00f3n del tratado de libre comercio de Norteam\u00e9rica de 1994 con Estados Unidos y Canad\u00e1, el nuevo UMSCA, ahora pendiente de ratificaci\u00f3n.<\/p>\n<p>Una carta paralela al acuerdo, firmada por el representante comercial estadounidense Robert Lighthizer, garantizaba adem\u00e1s que hasta 2,6 millones de autos de pasajeros al a\u00f1o producidos en M\u00e9xico quedar\u00edan a salvo de aranceles extraordinarios si Estados Unidos impon\u00eda tarifas al sector por seguridad nacional.<\/p>\n<p>Cuando M\u00e9xico se sent\u00eda tranquilo Trump movi\u00f3 una ficha nueva: aplicar sanciones arancelarias por cuestiones migratorias.<\/p>\n<p>Estados Unidos, del que los mexicanos ya son los mayores socios comerciales, es el motor de la industria automotriz de M\u00e9xico: compra un 68 por ciento de su producci\u00f3n de veh\u00edculos ligeros. M\u00e1s que a nadie.<\/p>\n<p>Aunque el nuevo USMCA estableci\u00f3 reglas m\u00e1s estrictas para autom\u00f3viles, mantendr\u00e1 un trato preferencial para exportar a Estados Unidos si se cumplen los requisitos, as\u00ed que por ese lado se hab\u00edan despejado en gran medida las preocupaciones.<\/p>\n<p>En 2018 la producci\u00f3n mexicana se contrajo un 0,6 por ciento a 3,9 millones de veh\u00edculos ligeros. Las exportaciones crecieron el seis por ciento. En los primeros cuatro meses del a\u00f1o ambos llevan un alza del 2,8 por ciento.<\/p>\n<p>A nivel dom\u00e9stico, en cambio, con una econom\u00eda que crece menos del dos por ciento, cae la venta de autos en M\u00e9xico.<\/p>\n<p>Uno de cada tres veh\u00edculos ligeros importados en 2018 por Estados Unidos se produjo en suelo mexicano. Fueron casi 2,7 millones sobre un total de 8,2 millones, en comparaci\u00f3n con 1,7 millones importados desde Jap\u00f3n y 451.000 desde Alemania, con cifras del Departamento de Comercio.<\/p>\n<p>El a\u00f1o pasado M\u00e9xico super\u00f3 a Corea del Sur y qued\u00f3 como sexto mayor productor de veh\u00edculos (livianos y pesados) despu\u00e9s de Alemania. Hace tres a\u00f1os el Ministerio de Econom\u00eda mexicano hab\u00eda pronosticado que M\u00e9xico pod\u00eda alcanzar el quinto sitio para 2020.<\/p>\n<p>\u00abNo le doy mucha importancia al sitio. Lo importante es que M\u00e9xico sigue creciendo, lo importante es que M\u00e9xico sigue atrayendo inversiones\u00bb, dijo apenas hace unas semanas el presidente de la Asociaci\u00f3n Mexicana de la Industria Automotriz (AMIA), Eduardo Sol\u00eds.<\/p>\n<p>Incluso, expertos del sector estimaban que la exigencia de m\u00e1s contenido regional para los autos (75 por ciento frente al 62,5 por ciento previo), adem\u00e1s de la guerra comercial con China podr\u00eda llegare a actuar como im\u00e1n de inversiones en M\u00e9xico.<\/p>\n<p>\u00abSi el acuerdo USMCA es ratificado tal como fue negociado, podr\u00eda atraer nuevas inversiones a la industria mexicana de autom\u00f3viles, contra los primeros temores\u00bb, escribi\u00f3 en un an\u00e1lisis Florian Steinmeyer, de la agencia de comercio e inversi\u00f3n alemana GTAI.<\/p>\n<p>\u00abHay mucho inter\u00e9s de otros pa\u00edses para invertir, principalmente de Asia, por las reglas de origen que ahora se van a requerir\u00bb, dijo tambi\u00e9n el responsable de Econom\u00eda del industrializado estado norte\u00f1o de Nuevo Le\u00f3n, Roberto Russilde. Ahora no se sabe qu\u00e9 suceder\u00e1. El gobierno de M\u00e9xico espera que la amenaza de aranceles se pueda desactivar antes de que llegue la fecha l\u00edmite.<\/p>\n<p><i class=\"lang-es\"><span class=\" readonly\" title=\"\">Por Andrea Sosa Cabrios (dpa)<\/span><\/i><\/p>\n<p><em>Foto: Julian Stratenschulte\/dpa\u00a0<\/em><\/p>\n","protected":false},"excerpt":{"rendered":"<p>Ciudad de M\u00e9xico (dpa) &#8211; Justo cuando las ensambladoras automotrices asentadas en M\u00e9xico cre\u00edan haber superado dos a\u00f1os de estr\u00e9s, el presidente de Estados Unidos, Donald Trump, abri\u00f3 de manera inesperada en M\u00e9xico un nuevo frente de su guerra comercial. M\u00e9xico es un punto estrat\u00e9gico para la industria de autom\u00f3viles. Tiene un acuerdo de libre [&hellip;]<\/p>\n","protected":false},"author":1,"featured_media":1028827,"comment_status":"closed","ping_status":"closed","sticky":false,"template":"","format":"standard","meta":{"footnotes":""},"categories":[219],"tags":[],"class_list":["post-1028826","post","type-post","status-publish","format-standard","has-post-thumbnail","hentry","category-negocios-y-empresas"],"aioseo_notices":[],"aioseo_head":"\n\t\t<!-- All in One SEO Pro 4.9.6.2 - aioseo.com -->\n\t<meta name=\"description\" content=\"Ciudad de M\u00e9xico (dpa) - Justo cuando las ensambladoras automotrices asentadas en M\u00e9xico cre\u00edan haber superado dos a\u00f1os de estr\u00e9s, el presidente de Estados Unidos, Donald Trump, abri\u00f3 de manera inesperada en M\u00e9xico un nuevo frente de su guerra comercial. M\u00e9xico es un punto estrat\u00e9gico para la industria de autom\u00f3viles. Tiene un acuerdo de libre\" \/>\n\t<meta name=\"robots\" content=\"max-image-preview:large\" \/>\n\t<meta name=\"author\" content=\"El Digital de Asturias\"\/>\n\t<meta name=\"google-site-verification\" content=\"UA-38556648-1\" \/>\n\t<meta name=\"msvalidate.01\" content=\"7dfe9f3f1b24437ab69f4f2559babe99\" \/>\n\t<meta name=\"keywords\" content=\"negocios y empresas\" \/>\n\t<link rel=\"canonical\" href=\"https:\/\/www.eldigitaldeasturias.com\/noticias\/automotrices-en-mexico-estaban-optimistas-pero-trump-volvio-al-ataque\/\" \/>\n\t<meta name=\"generator\" content=\"All in One SEO Pro (AIOSEO) 4.9.6.2\" \/>\n\t\t<meta property=\"og:locale\" content=\"es_ES\" \/>\n\t\t<meta property=\"og:site_name\" content=\"El Digital de Asturias\" \/>\n\t\t<meta property=\"og:type\" content=\"article\" \/>\n\t\t<meta property=\"og:title\" content=\"Automotrices en M\u00e9xico estaban optimistas pero Trump volvi\u00f3 al ataque - El Digital de Asturias\" \/>\n\t\t<meta property=\"og:description\" content=\"Ciudad de M\u00e9xico (dpa) - Justo cuando las ensambladoras automotrices asentadas en M\u00e9xico cre\u00edan haber superado dos a\u00f1os de estr\u00e9s, el presidente de Estados Unidos, Donald Trump, abri\u00f3 de manera inesperada en M\u00e9xico un nuevo frente de su guerra comercial. M\u00e9xico es un punto estrat\u00e9gico para la industria de autom\u00f3viles. Tiene un acuerdo de libre\" \/>\n\t\t<meta property=\"og:url\" content=\"https:\/\/www.eldigitaldeasturias.com\/noticias\/automotrices-en-mexico-estaban-optimistas-pero-trump-volvio-al-ataque\/\" \/>\n\t\t<meta property=\"og:image\" content=\"https:\/\/www.eldigitaldeasturias.com\/noticias\/wp-content\/uploads\/2019\/05\/automotrices-Mexico.jpg\" \/>\n\t\t<meta property=\"og:image:secure_url\" content=\"https:\/\/www.eldigitaldeasturias.com\/noticias\/wp-content\/uploads\/2019\/05\/automotrices-Mexico.jpg\" \/>\n\t\t<meta property=\"og:image:width\" content=\"1102\" \/>\n\t\t<meta property=\"og:image:height\" content=\"676\" \/>\n\t\t<meta property=\"article:tag\" content=\"negocios y empresas\" \/>\n\t\t<meta property=\"article:published_time\" content=\"2019-05-29T16:00:38+00:00\" \/>\n\t\t<meta property=\"article:modified_time\" content=\"2019-05-31T16:14:40+00:00\" \/>\n\t\t<meta property=\"article:publisher\" content=\"https:\/\/facebook.com\/eldigitaldeasturias\" \/>\n\t\t<meta name=\"twitter:card\" content=\"summary_large_image\" \/>\n\t\t<meta name=\"twitter:title\" content=\"Automotrices en M\u00e9xico estaban optimistas pero Trump volvi\u00f3 al ataque - El Digital de Asturias\" \/>\n\t\t<meta name=\"twitter:description\" content=\"Ciudad de M\u00e9xico (dpa) - Justo cuando las ensambladoras automotrices asentadas en M\u00e9xico cre\u00edan haber superado dos a\u00f1os de estr\u00e9s, el presidente de Estados Unidos, Donald Trump, abri\u00f3 de manera inesperada en M\u00e9xico un nuevo frente de su guerra comercial. M\u00e9xico es un punto estrat\u00e9gico para la industria de autom\u00f3viles. Tiene un acuerdo de libre\" \/>\n\t\t<meta name=\"twitter:image\" content=\"https:\/\/www.eldigitaldeasturias.com\/noticias\/wp-content\/uploads\/2019\/05\/automotrices-Mexico.jpg\" \/>\n\t\t<meta name=\"twitter:label1\" content=\"Escrito por\" \/>\n\t\t<meta name=\"twitter:data1\" content=\"El Digital de Asturias\" \/>\n\t\t<meta name=\"twitter:label2\" content=\"Tiempo de lectura estimado\" \/>\n\t\t<meta name=\"twitter:data2\" content=\"4 minutos\" \/>\n\t\t<script type=\"application\/ld+json\" class=\"aioseo-schema\">\n\t\t\t{\"@context\":\"https:\\\/\\\/schema.org\",\"@graph\":[{\"@type\":\"BlogPosting\",\"@id\":\"https:\\\/\\\/www.eldigitaldeasturias.com\\\/noticias\\\/automotrices-en-mexico-estaban-optimistas-pero-trump-volvio-al-ataque\\\/#blogposting\",\"name\":\"Automotrices en M\\u00e9xico estaban optimistas pero Trump volvi\\u00f3 al ataque - El Digital de Asturias\",\"headline\":\"Automotrices en M\\u00e9xico estaban optimistas pero Trump volvi\\u00f3 al ataque\",\"author\":{\"@id\":\"https:\\\/\\\/www.eldigitaldeasturias.com\\\/noticias\\\/author\\\/admin\\\/#author\"},\"publisher\":{\"@id\":\"https:\\\/\\\/www.eldigitaldeasturias.com\\\/noticias\\\/#organization\"},\"image\":{\"@type\":\"ImageObject\",\"url\":\"https:\\\/\\\/www.eldigitaldeasturias.com\\\/noticias\\\/wp-content\\\/uploads\\\/2019\\\/05\\\/automotrices-Mexico.jpg\",\"width\":1102,\"height\":676},\"datePublished\":\"2019-05-29T16:00:38+02:00\",\"dateModified\":\"2019-05-31T16:14:40+02:00\",\"inLanguage\":\"es-ES\",\"mainEntityOfPage\":{\"@id\":\"https:\\\/\\\/www.eldigitaldeasturias.com\\\/noticias\\\/automotrices-en-mexico-estaban-optimistas-pero-trump-volvio-al-ataque\\\/#webpage\"},\"isPartOf\":{\"@id\":\"https:\\\/\\\/www.eldigitaldeasturias.com\\\/noticias\\\/automotrices-en-mexico-estaban-optimistas-pero-trump-volvio-al-ataque\\\/#webpage\"},\"articleSection\":\"Negocios y Empresas\"},{\"@type\":\"BreadcrumbList\",\"@id\":\"https:\\\/\\\/www.eldigitaldeasturias.com\\\/noticias\\\/automotrices-en-mexico-estaban-optimistas-pero-trump-volvio-al-ataque\\\/#breadcrumblist\",\"itemListElement\":[{\"@type\":\"ListItem\",\"@id\":\"https:\\\/\\\/www.eldigitaldeasturias.com\\\/noticias#listItem\",\"position\":1,\"name\":\"Home\",\"item\":\"https:\\\/\\\/www.eldigitaldeasturias.com\\\/noticias\",\"nextItem\":{\"@type\":\"ListItem\",\"@id\":\"https:\\\/\\\/www.eldigitaldeasturias.com\\\/noticias\\\/category\\\/negocios-y-empresas\\\/#listItem\",\"name\":\"Negocios y Empresas\"}},{\"@type\":\"ListItem\",\"@id\":\"https:\\\/\\\/www.eldigitaldeasturias.com\\\/noticias\\\/category\\\/negocios-y-empresas\\\/#listItem\",\"position\":2,\"name\":\"Negocios y Empresas\",\"item\":\"https:\\\/\\\/www.eldigitaldeasturias.com\\\/noticias\\\/category\\\/negocios-y-empresas\\\/\",\"nextItem\":{\"@type\":\"ListItem\",\"@id\":\"https:\\\/\\\/www.eldigitaldeasturias.com\\\/noticias\\\/automotrices-en-mexico-estaban-optimistas-pero-trump-volvio-al-ataque\\\/#listItem\",\"name\":\"Automotrices en M\\u00e9xico estaban optimistas pero Trump volvi\\u00f3 al ataque\"},\"previousItem\":{\"@type\":\"ListItem\",\"@id\":\"https:\\\/\\\/www.eldigitaldeasturias.com\\\/noticias#listItem\",\"name\":\"Home\"}},{\"@type\":\"ListItem\",\"@id\":\"https:\\\/\\\/www.eldigitaldeasturias.com\\\/noticias\\\/automotrices-en-mexico-estaban-optimistas-pero-trump-volvio-al-ataque\\\/#listItem\",\"position\":3,\"name\":\"Automotrices en M\\u00e9xico estaban optimistas pero Trump volvi\\u00f3 al ataque\",\"previousItem\":{\"@type\":\"ListItem\",\"@id\":\"https:\\\/\\\/www.eldigitaldeasturias.com\\\/noticias\\\/category\\\/negocios-y-empresas\\\/#listItem\",\"name\":\"Negocios y Empresas\"}}]},{\"@type\":\"Organization\",\"@id\":\"https:\\\/\\\/www.eldigitaldeasturias.com\\\/noticias\\\/#organization\",\"name\":\"El Digital de Asturias\",\"description\":\"Hemeroteca\",\"url\":\"https:\\\/\\\/www.eldigitaldeasturias.com\\\/noticias\\\/\",\"email\":\"info@eldigitaldeasturias.com\",\"telephone\":\"+34652131393\",\"logo\":{\"@type\":\"ImageObject\",\"url\":\"https:\\\/\\\/www.eldigitaldeasturias.com\\\/noticias\\\/wp-content\\\/uploads\\\/2020\\\/12\\\/EDA.jpg\",\"@id\":\"https:\\\/\\\/www.eldigitaldeasturias.com\\\/noticias\\\/automotrices-en-mexico-estaban-optimistas-pero-trump-volvio-al-ataque\\\/#organizationLogo\",\"width\":649,\"height\":297},\"image\":{\"@id\":\"https:\\\/\\\/www.eldigitaldeasturias.com\\\/noticias\\\/automotrices-en-mexico-estaban-optimistas-pero-trump-volvio-al-ataque\\\/#organizationLogo\"},\"sameAs\":[\"https:\\\/\\\/facebook.com\\\/eldigitaldeasturias\",\"https:\\\/\\\/www.youtube.com\\\/channel\\\/UCZP-2wLEB9Rv6erhFmqVnvg\"],\"address\":{\"@id\":\"https:\\\/\\\/www.eldigitaldeasturias.com\\\/noticias\\\/#postaladdress\",\"@type\":\"PostalAddress\",\"streetAddress\":\"san antonio 4,\",\"postalCode\":\"33430\",\"addressLocality\":\"Cand\\u00e1s\",\"addressRegion\":\"Asturias\",\"addressCountry\":\"ES\"}},{\"@type\":\"Person\",\"@id\":\"https:\\\/\\\/www.eldigitaldeasturias.com\\\/noticias\\\/author\\\/admin\\\/#author\",\"url\":\"https:\\\/\\\/www.eldigitaldeasturias.com\\\/noticias\\\/author\\\/admin\\\/\",\"name\":\"El Digital de Asturias\",\"image\":{\"@type\":\"ImageObject\",\"@id\":\"https:\\\/\\\/www.eldigitaldeasturias.com\\\/noticias\\\/automotrices-en-mexico-estaban-optimistas-pero-trump-volvio-al-ataque\\\/#authorImage\",\"url\":\"https:\\\/\\\/www.eldigitaldeasturias.com\\\/noticias\\\/wp-content\\\/litespeed\\\/avatar\\\/18677e78aa0546b92d9dbf31ec7d7668.jpg?ver=1776685526\",\"width\":96,\"height\":96,\"caption\":\"El Digital de Asturias\"}},{\"@type\":\"WebPage\",\"@id\":\"https:\\\/\\\/www.eldigitaldeasturias.com\\\/noticias\\\/automotrices-en-mexico-estaban-optimistas-pero-trump-volvio-al-ataque\\\/#webpage\",\"url\":\"https:\\\/\\\/www.eldigitaldeasturias.com\\\/noticias\\\/automotrices-en-mexico-estaban-optimistas-pero-trump-volvio-al-ataque\\\/\",\"name\":\"Automotrices en M\\u00e9xico estaban optimistas pero Trump volvi\\u00f3 al ataque - El Digital de Asturias\",\"description\":\"Ciudad de M\\u00e9xico (dpa) - Justo cuando las ensambladoras automotrices asentadas en M\\u00e9xico cre\\u00edan haber superado dos a\\u00f1os de estr\\u00e9s, el presidente de Estados Unidos, Donald Trump, abri\\u00f3 de manera inesperada en M\\u00e9xico un nuevo frente de su guerra comercial. M\\u00e9xico es un punto estrat\\u00e9gico para la industria de autom\\u00f3viles. Tiene un acuerdo de libre\",\"inLanguage\":\"es-ES\",\"isPartOf\":{\"@id\":\"https:\\\/\\\/www.eldigitaldeasturias.com\\\/noticias\\\/#website\"},\"breadcrumb\":{\"@id\":\"https:\\\/\\\/www.eldigitaldeasturias.com\\\/noticias\\\/automotrices-en-mexico-estaban-optimistas-pero-trump-volvio-al-ataque\\\/#breadcrumblist\"},\"author\":{\"@id\":\"https:\\\/\\\/www.eldigitaldeasturias.com\\\/noticias\\\/author\\\/admin\\\/#author\"},\"creator\":{\"@id\":\"https:\\\/\\\/www.eldigitaldeasturias.com\\\/noticias\\\/author\\\/admin\\\/#author\"},\"image\":{\"@type\":\"ImageObject\",\"url\":\"https:\\\/\\\/www.eldigitaldeasturias.com\\\/noticias\\\/wp-content\\\/uploads\\\/2019\\\/05\\\/automotrices-Mexico.jpg\",\"@id\":\"https:\\\/\\\/www.eldigitaldeasturias.com\\\/noticias\\\/automotrices-en-mexico-estaban-optimistas-pero-trump-volvio-al-ataque\\\/#mainImage\",\"width\":1102,\"height\":676},\"primaryImageOfPage\":{\"@id\":\"https:\\\/\\\/www.eldigitaldeasturias.com\\\/noticias\\\/automotrices-en-mexico-estaban-optimistas-pero-trump-volvio-al-ataque\\\/#mainImage\"},\"datePublished\":\"2019-05-29T16:00:38+02:00\",\"dateModified\":\"2019-05-31T16:14:40+02:00\"},{\"@type\":\"WebSite\",\"@id\":\"https:\\\/\\\/www.eldigitaldeasturias.com\\\/noticias\\\/#website\",\"url\":\"https:\\\/\\\/www.eldigitaldeasturias.com\\\/noticias\\\/\",\"name\":\"El Digital de Asturias - Diario de actualidad y noticias\",\"alternateName\":\"El Digital de Asturias - Diario de actualidad y noticias\",\"description\":\"Hemeroteca\",\"inLanguage\":\"es-ES\",\"publisher\":{\"@id\":\"https:\\\/\\\/www.eldigitaldeasturias.com\\\/noticias\\\/#organization\"}}]}\n\t\t<\/script>\n\t\t<!-- All in One SEO Pro -->\r\n\t\t<title>Automotrices en M\u00e9xico estaban optimistas pero Trump volvi\u00f3 al ataque - El Digital de Asturias<\/title>\n\n","aioseo_head_json":{"title":"Automotrices en M\u00e9xico estaban optimistas pero Trump volvi\u00f3 al ataque - El Digital de Asturias","description":"Ciudad de M\u00e9xico (dpa) - Justo cuando las ensambladoras automotrices asentadas en M\u00e9xico cre\u00edan haber superado dos a\u00f1os de estr\u00e9s, el presidente de Estados Unidos, Donald Trump, abri\u00f3 de manera inesperada en M\u00e9xico un nuevo frente de su guerra comercial. M\u00e9xico es un punto estrat\u00e9gico para la industria de autom\u00f3viles. Tiene un acuerdo de libre","canonical_url":"https:\/\/www.eldigitaldeasturias.com\/noticias\/automotrices-en-mexico-estaban-optimistas-pero-trump-volvio-al-ataque\/","robots":"max-image-preview:large","keywords":"negocios y empresas","webmasterTools":{"google-site-verification":"UA-38556648-1","msvalidate.01":"7dfe9f3f1b24437ab69f4f2559babe99","miscellaneous":""},"schema":{"@context":"https:\/\/schema.org","@graph":[{"@type":"BlogPosting","@id":"https:\/\/www.eldigitaldeasturias.com\/noticias\/automotrices-en-mexico-estaban-optimistas-pero-trump-volvio-al-ataque\/#blogposting","name":"Automotrices en M\u00e9xico estaban optimistas pero Trump volvi\u00f3 al ataque - El Digital de Asturias","headline":"Automotrices en M\u00e9xico estaban optimistas pero Trump volvi\u00f3 al ataque","author":{"@id":"https:\/\/www.eldigitaldeasturias.com\/noticias\/author\/admin\/#author"},"publisher":{"@id":"https:\/\/www.eldigitaldeasturias.com\/noticias\/#organization"},"image":{"@type":"ImageObject","url":"https:\/\/www.eldigitaldeasturias.com\/noticias\/wp-content\/uploads\/2019\/05\/automotrices-Mexico.jpg","width":1102,"height":676},"datePublished":"2019-05-29T16:00:38+02:00","dateModified":"2019-05-31T16:14:40+02:00","inLanguage":"es-ES","mainEntityOfPage":{"@id":"https:\/\/www.eldigitaldeasturias.com\/noticias\/automotrices-en-mexico-estaban-optimistas-pero-trump-volvio-al-ataque\/#webpage"},"isPartOf":{"@id":"https:\/\/www.eldigitaldeasturias.com\/noticias\/automotrices-en-mexico-estaban-optimistas-pero-trump-volvio-al-ataque\/#webpage"},"articleSection":"Negocios y Empresas"},{"@type":"BreadcrumbList","@id":"https:\/\/www.eldigitaldeasturias.com\/noticias\/automotrices-en-mexico-estaban-optimistas-pero-trump-volvio-al-ataque\/#breadcrumblist","itemListElement":[{"@type":"ListItem","@id":"https:\/\/www.eldigitaldeasturias.com\/noticias#listItem","position":1,"name":"Home","item":"https:\/\/www.eldigitaldeasturias.com\/noticias","nextItem":{"@type":"ListItem","@id":"https:\/\/www.eldigitaldeasturias.com\/noticias\/category\/negocios-y-empresas\/#listItem","name":"Negocios y Empresas"}},{"@type":"ListItem","@id":"https:\/\/www.eldigitaldeasturias.com\/noticias\/category\/negocios-y-empresas\/#listItem","position":2,"name":"Negocios y Empresas","item":"https:\/\/www.eldigitaldeasturias.com\/noticias\/category\/negocios-y-empresas\/","nextItem":{"@type":"ListItem","@id":"https:\/\/www.eldigitaldeasturias.com\/noticias\/automotrices-en-mexico-estaban-optimistas-pero-trump-volvio-al-ataque\/#listItem","name":"Automotrices en M\u00e9xico estaban optimistas pero Trump volvi\u00f3 al ataque"},"previousItem":{"@type":"ListItem","@id":"https:\/\/www.eldigitaldeasturias.com\/noticias#listItem","name":"Home"}},{"@type":"ListItem","@id":"https:\/\/www.eldigitaldeasturias.com\/noticias\/automotrices-en-mexico-estaban-optimistas-pero-trump-volvio-al-ataque\/#listItem","position":3,"name":"Automotrices en M\u00e9xico estaban optimistas pero Trump volvi\u00f3 al ataque","previousItem":{"@type":"ListItem","@id":"https:\/\/www.eldigitaldeasturias.com\/noticias\/category\/negocios-y-empresas\/#listItem","name":"Negocios y Empresas"}}]},{"@type":"Organization","@id":"https:\/\/www.eldigitaldeasturias.com\/noticias\/#organization","name":"El Digital de Asturias","description":"Hemeroteca","url":"https:\/\/www.eldigitaldeasturias.com\/noticias\/","email":"info@eldigitaldeasturias.com","telephone":"+34652131393","logo":{"@type":"ImageObject","url":"https:\/\/www.eldigitaldeasturias.com\/noticias\/wp-content\/uploads\/2020\/12\/EDA.jpg","@id":"https:\/\/www.eldigitaldeasturias.com\/noticias\/automotrices-en-mexico-estaban-optimistas-pero-trump-volvio-al-ataque\/#organizationLogo","width":649,"height":297},"image":{"@id":"https:\/\/www.eldigitaldeasturias.com\/noticias\/automotrices-en-mexico-estaban-optimistas-pero-trump-volvio-al-ataque\/#organizationLogo"},"sameAs":["https:\/\/facebook.com\/eldigitaldeasturias","https:\/\/www.youtube.com\/channel\/UCZP-2wLEB9Rv6erhFmqVnvg"],"address":{"@id":"https:\/\/www.eldigitaldeasturias.com\/noticias\/#postaladdress","@type":"PostalAddress","streetAddress":"san antonio 4,","postalCode":"33430","addressLocality":"Cand\u00e1s","addressRegion":"Asturias","addressCountry":"ES"}},{"@type":"Person","@id":"https:\/\/www.eldigitaldeasturias.com\/noticias\/author\/admin\/#author","url":"https:\/\/www.eldigitaldeasturias.com\/noticias\/author\/admin\/","name":"El Digital de Asturias","image":{"@type":"ImageObject","@id":"https:\/\/www.eldigitaldeasturias.com\/noticias\/automotrices-en-mexico-estaban-optimistas-pero-trump-volvio-al-ataque\/#authorImage","url":"https:\/\/www.eldigitaldeasturias.com\/noticias\/wp-content\/litespeed\/avatar\/18677e78aa0546b92d9dbf31ec7d7668.jpg?ver=1776685526","width":96,"height":96,"caption":"El Digital de Asturias"}},{"@type":"WebPage","@id":"https:\/\/www.eldigitaldeasturias.com\/noticias\/automotrices-en-mexico-estaban-optimistas-pero-trump-volvio-al-ataque\/#webpage","url":"https:\/\/www.eldigitaldeasturias.com\/noticias\/automotrices-en-mexico-estaban-optimistas-pero-trump-volvio-al-ataque\/","name":"Automotrices en M\u00e9xico estaban optimistas pero Trump volvi\u00f3 al ataque - El Digital de Asturias","description":"Ciudad de M\u00e9xico (dpa) - Justo cuando las ensambladoras automotrices asentadas en M\u00e9xico cre\u00edan haber superado dos a\u00f1os de estr\u00e9s, el presidente de Estados Unidos, Donald Trump, abri\u00f3 de manera inesperada en M\u00e9xico un nuevo frente de su guerra comercial. M\u00e9xico es un punto estrat\u00e9gico para la industria de autom\u00f3viles. Tiene un acuerdo de libre","inLanguage":"es-ES","isPartOf":{"@id":"https:\/\/www.eldigitaldeasturias.com\/noticias\/#website"},"breadcrumb":{"@id":"https:\/\/www.eldigitaldeasturias.com\/noticias\/automotrices-en-mexico-estaban-optimistas-pero-trump-volvio-al-ataque\/#breadcrumblist"},"author":{"@id":"https:\/\/www.eldigitaldeasturias.com\/noticias\/author\/admin\/#author"},"creator":{"@id":"https:\/\/www.eldigitaldeasturias.com\/noticias\/author\/admin\/#author"},"image":{"@type":"ImageObject","url":"https:\/\/www.eldigitaldeasturias.com\/noticias\/wp-content\/uploads\/2019\/05\/automotrices-Mexico.jpg","@id":"https:\/\/www.eldigitaldeasturias.com\/noticias\/automotrices-en-mexico-estaban-optimistas-pero-trump-volvio-al-ataque\/#mainImage","width":1102,"height":676},"primaryImageOfPage":{"@id":"https:\/\/www.eldigitaldeasturias.com\/noticias\/automotrices-en-mexico-estaban-optimistas-pero-trump-volvio-al-ataque\/#mainImage"},"datePublished":"2019-05-29T16:00:38+02:00","dateModified":"2019-05-31T16:14:40+02:00"},{"@type":"WebSite","@id":"https:\/\/www.eldigitaldeasturias.com\/noticias\/#website","url":"https:\/\/www.eldigitaldeasturias.com\/noticias\/","name":"El Digital de Asturias - Diario de actualidad y noticias","alternateName":"El Digital de Asturias - Diario de actualidad y noticias","description":"Hemeroteca","inLanguage":"es-ES","publisher":{"@id":"https:\/\/www.eldigitaldeasturias.com\/noticias\/#organization"}}]},"og:locale":"es_ES","og:site_name":"El Digital de Asturias","og:type":"article","og:title":"Automotrices en M\u00e9xico estaban optimistas pero Trump volvi\u00f3 al ataque - El Digital de Asturias","og:description":"Ciudad de M\u00e9xico (dpa) - Justo cuando las ensambladoras automotrices asentadas en M\u00e9xico cre\u00edan haber superado dos a\u00f1os de estr\u00e9s, el presidente de Estados Unidos, Donald Trump, abri\u00f3 de manera inesperada en M\u00e9xico un nuevo frente de su guerra comercial. M\u00e9xico es un punto estrat\u00e9gico para la industria de autom\u00f3viles. Tiene un acuerdo de libre","og:url":"https:\/\/www.eldigitaldeasturias.com\/noticias\/automotrices-en-mexico-estaban-optimistas-pero-trump-volvio-al-ataque\/","og:image":"https:\/\/www.eldigitaldeasturias.com\/noticias\/wp-content\/uploads\/2019\/05\/automotrices-Mexico.jpg","og:image:secure_url":"https:\/\/www.eldigitaldeasturias.com\/noticias\/wp-content\/uploads\/2019\/05\/automotrices-Mexico.jpg","og:image:width":1102,"og:image:height":676,"article:tag":["negocios y empresas"],"article:published_time":"2019-05-29T16:00:38+00:00","article:modified_time":"2019-05-31T16:14:40+00:00","article:publisher":"https:\/\/facebook.com\/eldigitaldeasturias","twitter:card":"summary_large_image","twitter:title":"Automotrices en M\u00e9xico estaban optimistas pero Trump volvi\u00f3 al ataque - El Digital de Asturias","twitter:description":"Ciudad de M\u00e9xico (dpa) - Justo cuando las ensambladoras automotrices asentadas en M\u00e9xico cre\u00edan haber superado dos a\u00f1os de estr\u00e9s, el presidente de Estados Unidos, Donald Trump, abri\u00f3 de manera inesperada en M\u00e9xico un nuevo frente de su guerra comercial. M\u00e9xico es un punto estrat\u00e9gico para la industria de autom\u00f3viles. Tiene un acuerdo de libre","twitter:image":"https:\/\/www.eldigitaldeasturias.com\/noticias\/wp-content\/uploads\/2019\/05\/automotrices-Mexico.jpg","twitter:label1":"Escrito por","twitter:data1":"El Digital de Asturias","twitter:label2":"Tiempo de lectura estimado","twitter:data2":"4 minutos"},"aioseo_meta_data":{"post_id":"1028826","title":null,"description":null,"keywords":null,"keyphrases":null,"primary_term":null,"canonical_url":null,"og_title":null,"og_description":null,"og_object_type":"default","og_image_type":"default","og_image_url":null,"og_image_width":null,"og_image_height":null,"og_image_custom_url":null,"og_image_custom_fields":null,"og_video":null,"og_custom_url":null,"og_article_section":null,"og_article_tags":null,"twitter_use_og":false,"twitter_card":"default","twitter_image_type":"default","twitter_image_url":null,"twitter_image_custom_url":null,"twitter_image_custom_fields":null,"twitter_title":null,"twitter_description":null,"schema":{"blockGraphs":[],"customGraphs":[],"default":{"data":{"Article":[],"Course":[],"Dataset":[],"FAQPage":[],"Movie":[],"Person":[],"Product":[],"ProductReview":[],"Car":[],"Recipe":[],"Service":[],"SoftwareApplication":[],"WebPage":[]},"graphName":"","isEnabled":true},"graphs":[],"defaultGraph":"","defaultPostTypeGraph":""},"schema_type":null,"schema_type_options":null,"pillar_content":false,"robots_default":true,"robots_noindex":false,"robots_noarchive":false,"robots_nosnippet":false,"robots_nofollow":false,"robots_noimageindex":false,"robots_noodp":false,"robots_notranslate":false,"robots_max_snippet":null,"robots_max_videopreview":null,"robots_max_imagepreview":"large","priority":null,"frequency":null,"local_seo":null,"seo_analyzer_scan_date":"2025-10-18 10:11:20","breadcrumb_settings":null,"limit_modified_date":false,"open_ai":null,"ai":null,"created":"2020-12-21 11:11:17","updated":"2025-10-18 10:11:20"},"aioseo_breadcrumb":"<div class=\"aioseo-breadcrumbs\"><span class=\"aioseo-breadcrumb\">\n\t<a href=\"https:\/\/www.eldigitaldeasturias.com\/noticias\" title=\"Home\">Home<\/a>\n<\/span><span class=\"aioseo-breadcrumb-separator\">\u2013<\/span><span class=\"aioseo-breadcrumb\">\n\t<a href=\"https:\/\/www.eldigitaldeasturias.com\/noticias\/category\/negocios-y-empresas\/\" title=\"Negocios y Empresas\">Negocios y Empresas<\/a>\n<\/span><span class=\"aioseo-breadcrumb-separator\">\u2013<\/span><span class=\"aioseo-breadcrumb\">\n\t<a href=\"https:\/\/www.eldigitaldeasturias.com\/noticias\/automotrices-en-mexico-estaban-optimistas-pero-trump-volvio-al-ataque\/\" title=\"Automotrices en M\u00e9xico estaban optimistas pero Trump volvi\u00f3 al ataque\">Automotrices en M\u00e9xico estaban optimistas pero Trump volvi\u00f3 al ataque<\/a>\n<\/span><\/div>","aioseo_breadcrumb_json":[{"label":"Home","link":"https:\/\/www.eldigitaldeasturias.com\/noticias"},{"label":"Negocios y Empresas","link":"https:\/\/www.eldigitaldeasturias.com\/noticias\/category\/negocios-y-empresas\/"},{"label":"Automotrices en M\u00e9xico estaban optimistas pero Trump volvi\u00f3 al ataque","link":"https:\/\/www.eldigitaldeasturias.com\/noticias\/automotrices-en-mexico-estaban-optimistas-pero-trump-volvio-al-ataque\/"}],"_links":{"self":[{"href":"https:\/\/www.eldigitaldeasturias.com\/noticias\/wp-json\/wp\/v2\/posts\/1028826","targetHints":{"allow":["GET"]}}],"collection":[{"href":"https:\/\/www.eldigitaldeasturias.com\/noticias\/wp-json\/wp\/v2\/posts"}],"about":[{"href":"https:\/\/www.eldigitaldeasturias.com\/noticias\/wp-json\/wp\/v2\/types\/post"}],"author":[{"embeddable":true,"href":"https:\/\/www.eldigitaldeasturias.com\/noticias\/wp-json\/wp\/v2\/users\/1"}],"replies":[{"embeddable":true,"href":"https:\/\/www.eldigitaldeasturias.com\/noticias\/wp-json\/wp\/v2\/comments?post=1028826"}],"version-history":[{"count":0,"href":"https:\/\/www.eldigitaldeasturias.com\/noticias\/wp-json\/wp\/v2\/posts\/1028826\/revisions"}],"wp:featuredmedia":[{"embeddable":true,"href":"https:\/\/www.eldigitaldeasturias.com\/noticias\/wp-json\/wp\/v2\/media\/1028827"}],"wp:attachment":[{"href":"https:\/\/www.eldigitaldeasturias.com\/noticias\/wp-json\/wp\/v2\/media?parent=1028826"}],"wp:term":[{"taxonomy":"category","embeddable":true,"href":"https:\/\/www.eldigitaldeasturias.com\/noticias\/wp-json\/wp\/v2\/categories?post=1028826"},{"taxonomy":"post_tag","embeddable":true,"href":"https:\/\/www.eldigitaldeasturias.com\/noticias\/wp-json\/wp\/v2\/tags?post=1028826"}],"curies":[{"name":"wp","href":"https:\/\/api.w.org\/{rel}","templated":true}]}}