{"id":1028819,"date":"2019-05-29T15:25:31","date_gmt":"2019-05-29T15:25:31","guid":{"rendered":"https:\/\/www.eldigitaldeasturias.com\/noticias\/?p=1028819"},"modified":"2019-05-29T15:25:31","modified_gmt":"2019-05-29T15:25:31","slug":"quieres-exprimir-al-maximo-el-entorno-digital-conviertete-en-un-profesional","status":"publish","type":"post","link":"https:\/\/www.eldigitaldeasturias.com\/noticias\/quieres-exprimir-al-maximo-el-entorno-digital-conviertete-en-un-profesional\/","title":{"rendered":"\u00bfQuieres exprimir al m\u00e1ximo el entorno digital? Convi\u00e9rtete en un profesional"},"content":{"rendered":"<p><i><span style=\"font-weight: 400;\"><img loading=\"lazy\" decoding=\"async\" class=\"alignleft size-medium wp-image-1028820\" src=\"https:\/\/www.eldigitaldeasturias.com\/noticias\/wp-content\/uploads\/2019\/05\/Mundo-digital-360x285.jpg\" alt=\"\" width=\"360\" height=\"285\" srcset=\"https:\/\/www.eldigitaldeasturias.com\/noticias\/wp-content\/uploads\/2019\/05\/Mundo-digital-360x285.jpg 360w, https:\/\/www.eldigitaldeasturias.com\/noticias\/wp-content\/uploads\/2019\/05\/Mundo-digital.jpg 592w\" sizes=\"auto, (max-width: 360px) 100vw, 360px\" \/>Hoy en d\u00eda, el sector digital pone a disposici\u00f3n de todos nuevas oportunidades laborales a las que puedes acceder con formaci\u00f3n espec\u00edfica<\/span><\/i><\/p>\n<p><span style=\"font-weight: 400;\">No importa en qu\u00e9 sector profesional te muevas o te quieras mover, en la actualidad y con la llegada de las <\/span><b>nuevas innovaciones tecnol\u00f3gicas<\/b><span style=\"font-weight: 400;\">, lo digital es una obligaci\u00f3n para cualquier profesional y por eso es tan importante contar con una buena formaci\u00f3n que te permita acceder a un mercado laboral que ha cambiado sus reglas del juego. <\/span><\/p>\n<h2><strong>Seas trabajador por cuenta ajena o emprendedor la formaci\u00f3n para ti es imprescindible<\/strong><\/h2>\n<p><span style=\"font-weight: 400;\">Si eres trabajador por cuenta ajena en una empresa es tu obligaci\u00f3n estar <\/span><b>recicl\u00e1ndote continuamente<\/b><span style=\"font-weight: 400;\"> para poder ir ascendiendo en tu empresa y consiguiendo puestos de m\u00e1s responsabilidad que est\u00e9n mejor remunerados, y la forma de hacerlo es estudiando un <\/span><span style=\"color: #ff6600;\"><strong><a style=\"color: #ff6600;\" href=\"https:\/\/www.iebschool.com\/blog\/importancia-formacion-mba-online-emprendedores-casos-exito-digital-business\/#que_es\" target=\"_blank\" rel=\"noopener noreferrer\">MBA Digital<\/a><\/strong><\/span><span style=\"font-weight: 400;\">. En el caso de que seas <\/span><b>emprendedor<\/b><span style=\"font-weight: 400;\">, a\u00fan es m\u00e1s importante todav\u00eda, porque no es tu empresa la que te proporciona las oportunidades para seguir mejorando profesionalmente, sino que eres t\u00fa quien tiene que buscarlas.<\/span><\/p>\n<p><span style=\"font-weight: 400;\">Se trata de mucho m\u00e1s que <\/span><b>aprender los fundamentos y las principales claves del mundo digital<\/b><span style=\"font-weight: 400;\">, sino que deber\u00e1s aprender conceptos de negocios y mejorar tus habilidades mientras adquieres esos conocimientos de profesores que son profesionales con muchos a\u00f1os de experiencia, lo que te aporta un punto de vista mucho m\u00e1s global.<\/span><\/p>\n<h2><strong>En los \u00faltimos a\u00f1os hemos asistido a un cambio de paradigma en los mercados<\/strong><\/h2>\n<p><span style=\"font-weight: 400;\">No es extra\u00f1o para ninguno de nosotros escuchar que las cosas han cambiado de forma sustancial en el mundo del marketing y de los negocios. Asistimos a un <\/span><b>nuevo modelo <\/b><span style=\"font-weight: 400;\">desconocido hasta este momento y por eso es necesario que adquieras todos los conocimientos que puede proporcionar un <\/span><span style=\"color: #ff6600;\"><strong><a style=\"color: #ff6600;\" href=\"https:\/\/www.iebschool.com\/blog\/estudiar-postgrado-digital-product-manager-management\/\" target=\"_blank\" rel=\"noopener noreferrer\">Postgrado Digital Product Manager<\/a><\/strong><\/span><span style=\"font-weight: 400;\">.<\/span><\/p>\n<p><span style=\"font-weight: 400;\">Gracias a un curso de estas caracter\u00edsticas podr\u00e1s aprender a liderar un equipo en pro del \u00e9xito de un producto. Tendr\u00e1s un <\/span><b>papel de organizaci\u00f3n importante<\/b><span style=\"font-weight: 400;\">, sobre todo en las empresas tecnol\u00f3gicas, en el que deber\u00e1s crear la estrategia a seguir as\u00ed como las caracter\u00edsticas fundamentales de una serie de productos. Ser\u00e1s quien defina el porqu\u00e9, el cu\u00e1ndo y el qu\u00e9 de todos los productos, lo que implica la gesti\u00f3n y liderazgo de los equipos desde que el producto nace hasta que se lanza.<\/span><\/p>\n<p><span style=\"font-weight: 400;\">Deber\u00e1s ser capaz (y un curso como este te lo permitir\u00e1) de <\/span><b>crear la visi\u00f3n y la estrategia<\/b><span style=\"font-weight: 400;\">, articulando el valor comercial para que se entienda a la perfecci\u00f3n qu\u00e9 hay detr\u00e1s del lanzamiento, cu\u00e1l es su prop\u00f3sito, as\u00ed como necesitar\u00e1s definir los objetivos no solo de negocio, sino los estrat\u00e9gicos.<\/span><\/p>\n<p><span style=\"font-weight: 400;\">Si est\u00e1s bien formado como Product Manager, podr\u00e1s acceder a muchos puestos importantes.<\/span><\/p>\n<h2><strong>Un nuevo mundo lleno de oportunidades te est\u00e1 esperando. \u00bfVas a dejarlo pasar?<\/strong><\/h2>\n<p><span style=\"font-weight: 400;\">Seguro que has o\u00eddo hablar de c\u00f3mo lo est\u00e1 cambiando todo la Transformaci\u00f3n Digital, \u00bfverdad? Pues los cambios derivados de esa transformaci\u00f3n de los negocios es lo que llamamos <\/span><span style=\"color: #ff6600;\"><strong><a style=\"color: #ff6600;\" href=\"https:\/\/www.iebschool.com\/blog\/oportunidades-digital-business-tech\/\" target=\"_blank\" rel=\"noopener noreferrer\">Digital Business<\/a><\/strong><\/span><span style=\"font-weight: 400;\">.<\/span><\/p>\n<p><span style=\"font-weight: 400;\">Este concepto se refiere a todo tipo de empresas, grandes o peque\u00f1as, <\/span><b>que se hayan subido al carro de la presencia digital as\u00ed como de innovar en los procesos<\/b><span style=\"font-weight: 400;\"> que tienen lugar dentro de ellas. En una sola palabra, es la <\/span><b>digitalizaci\u00f3n<\/b><span style=\"font-weight: 400;\"> corporativa que persigue ser empresas mucho m\u00e1s eficaces y eficientes. Las posibilidades a las que se hace referencia en el encabezado de este ep\u00edgrafe se refieren a que esta digitalizaci\u00f3n ha creado puestos de trabajo necesarios para las marcas y compa\u00f1\u00edas que deseen tener una presencia de calidad en los medios digitales, y hacer que la experiencia del cliente con ellas sea infinitamente mejor.<\/span><\/p>\n<p><span style=\"font-weight: 400;\">De entre los puestos de los que hablamos podemos destacar analista, programador web, dise\u00f1ador Web, especialista en posicionamiento web o community manager, pero hay otros que aunque son menos conocidos son igual de necesarios que estos, como especialista en publicidad en redes sociales.<\/span><\/p>\n<p><span style=\"font-weight: 400;\">\u00bfA qu\u00e9 esperas para entrar en la nueva dimensi\u00f3n que te aguarda?<\/span><\/p>\n<p>&nbsp;<\/p>\n","protected":false},"excerpt":{"rendered":"<p>Hoy en d\u00eda, el sector digital pone a disposici\u00f3n de todos nuevas oportunidades laborales a las que puedes acceder con formaci\u00f3n espec\u00edfica No importa en qu\u00e9 sector profesional te muevas o te quieras mover, en la actualidad y con la llegada de las nuevas innovaciones tecnol\u00f3gicas, lo digital es una obligaci\u00f3n para cualquier profesional y [&hellip;]<\/p>\n","protected":false},"author":1,"featured_media":1028820,"comment_status":"closed","ping_status":"closed","sticky":false,"template":"","format":"standard","meta":{"footnotes":""},"categories":[219],"tags":[],"class_list":["post-1028819","post","type-post","status-publish","format-standard","has-post-thumbnail","hentry","category-negocios-y-empresas"],"aioseo_notices":[],"aioseo_head":"\n\t\t<!-- All in One SEO Pro 4.9.6.2 - aioseo.com -->\n\t<meta name=\"description\" content=\"Hoy en d\u00eda, el sector digital pone a disposici\u00f3n de todos nuevas oportunidades laborales a las que puedes acceder con formaci\u00f3n espec\u00edfica No importa en qu\u00e9 sector profesional te muevas o te quieras mover, en la actualidad y con la llegada de las nuevas innovaciones tecnol\u00f3gicas, lo digital es una obligaci\u00f3n para cualquier profesional y\" \/>\n\t<meta name=\"robots\" content=\"max-image-preview:large\" \/>\n\t<meta name=\"author\" content=\"El Digital de Asturias\"\/>\n\t<meta name=\"google-site-verification\" content=\"UA-38556648-1\" \/>\n\t<meta name=\"msvalidate.01\" content=\"7dfe9f3f1b24437ab69f4f2559babe99\" \/>\n\t<meta name=\"keywords\" content=\"negocios y empresas\" \/>\n\t<link rel=\"canonical\" href=\"https:\/\/www.eldigitaldeasturias.com\/noticias\/quieres-exprimir-al-maximo-el-entorno-digital-conviertete-en-un-profesional\/\" \/>\n\t<meta name=\"generator\" content=\"All in One SEO Pro (AIOSEO) 4.9.6.2\" \/>\n\t\t<meta property=\"og:locale\" content=\"es_ES\" \/>\n\t\t<meta property=\"og:site_name\" content=\"El Digital de Asturias\" \/>\n\t\t<meta property=\"og:type\" content=\"article\" \/>\n\t\t<meta property=\"og:title\" content=\"\u00bfQuieres exprimir al m\u00e1ximo el entorno digital? Convi\u00e9rtete en un profesional - El Digital de Asturias\" \/>\n\t\t<meta property=\"og:description\" content=\"Hoy en d\u00eda, el sector digital pone a disposici\u00f3n de todos nuevas oportunidades laborales a las que puedes acceder con formaci\u00f3n espec\u00edfica No importa en qu\u00e9 sector profesional te muevas o te quieras mover, en la actualidad y con la llegada de las nuevas innovaciones tecnol\u00f3gicas, lo digital es una obligaci\u00f3n para cualquier profesional y\" \/>\n\t\t<meta property=\"og:url\" content=\"https:\/\/www.eldigitaldeasturias.com\/noticias\/quieres-exprimir-al-maximo-el-entorno-digital-conviertete-en-un-profesional\/\" \/>\n\t\t<meta property=\"og:image\" content=\"https:\/\/www.eldigitaldeasturias.com\/noticias\/wp-content\/uploads\/2019\/05\/Mundo-digital.jpg\" \/>\n\t\t<meta property=\"og:image:secure_url\" content=\"https:\/\/www.eldigitaldeasturias.com\/noticias\/wp-content\/uploads\/2019\/05\/Mundo-digital.jpg\" \/>\n\t\t<meta property=\"og:image:width\" content=\"592\" \/>\n\t\t<meta property=\"og:image:height\" content=\"468\" \/>\n\t\t<meta property=\"article:tag\" content=\"negocios y empresas\" \/>\n\t\t<meta property=\"article:published_time\" content=\"2019-05-29T15:25:31+00:00\" \/>\n\t\t<meta property=\"article:modified_time\" content=\"2019-05-29T15:25:31+00:00\" \/>\n\t\t<meta property=\"article:publisher\" content=\"https:\/\/facebook.com\/eldigitaldeasturias\" \/>\n\t\t<meta name=\"twitter:card\" content=\"summary_large_image\" \/>\n\t\t<meta name=\"twitter:title\" content=\"\u00bfQuieres exprimir al m\u00e1ximo el entorno digital? Convi\u00e9rtete en un profesional - El Digital de Asturias\" \/>\n\t\t<meta name=\"twitter:description\" content=\"Hoy en d\u00eda, el sector digital pone a disposici\u00f3n de todos nuevas oportunidades laborales a las que puedes acceder con formaci\u00f3n espec\u00edfica No importa en qu\u00e9 sector profesional te muevas o te quieras mover, en la actualidad y con la llegada de las nuevas innovaciones tecnol\u00f3gicas, lo digital es una obligaci\u00f3n para cualquier profesional y\" \/>\n\t\t<meta name=\"twitter:image\" content=\"https:\/\/www.eldigitaldeasturias.com\/noticias\/wp-content\/uploads\/2019\/05\/Mundo-digital.jpg\" \/>\n\t\t<meta name=\"twitter:label1\" content=\"Escrito por\" \/>\n\t\t<meta name=\"twitter:data1\" content=\"El Digital de Asturias\" \/>\n\t\t<meta name=\"twitter:label2\" content=\"Tiempo de lectura estimado\" \/>\n\t\t<meta name=\"twitter:data2\" content=\"3 minutos\" \/>\n\t\t<script type=\"application\/ld+json\" class=\"aioseo-schema\">\n\t\t\t{\"@context\":\"https:\\\/\\\/schema.org\",\"@graph\":[{\"@type\":\"BlogPosting\",\"@id\":\"https:\\\/\\\/www.eldigitaldeasturias.com\\\/noticias\\\/quieres-exprimir-al-maximo-el-entorno-digital-conviertete-en-un-profesional\\\/#blogposting\",\"name\":\"\\u00bfQuieres exprimir al m\\u00e1ximo el entorno digital? Convi\\u00e9rtete en un profesional - El Digital de Asturias\",\"headline\":\"\\u00bfQuieres exprimir al m\\u00e1ximo el entorno digital? Convi\\u00e9rtete en un profesional\",\"author\":{\"@id\":\"https:\\\/\\\/www.eldigitaldeasturias.com\\\/noticias\\\/author\\\/admin\\\/#author\"},\"publisher\":{\"@id\":\"https:\\\/\\\/www.eldigitaldeasturias.com\\\/noticias\\\/#organization\"},\"image\":{\"@type\":\"ImageObject\",\"url\":\"https:\\\/\\\/www.eldigitaldeasturias.com\\\/noticias\\\/wp-content\\\/uploads\\\/2019\\\/05\\\/Mundo-digital.jpg\",\"width\":592,\"height\":468},\"datePublished\":\"2019-05-29T15:25:31+02:00\",\"dateModified\":\"2019-05-29T15:25:31+02:00\",\"inLanguage\":\"es-ES\",\"mainEntityOfPage\":{\"@id\":\"https:\\\/\\\/www.eldigitaldeasturias.com\\\/noticias\\\/quieres-exprimir-al-maximo-el-entorno-digital-conviertete-en-un-profesional\\\/#webpage\"},\"isPartOf\":{\"@id\":\"https:\\\/\\\/www.eldigitaldeasturias.com\\\/noticias\\\/quieres-exprimir-al-maximo-el-entorno-digital-conviertete-en-un-profesional\\\/#webpage\"},\"articleSection\":\"Negocios y Empresas\"},{\"@type\":\"BreadcrumbList\",\"@id\":\"https:\\\/\\\/www.eldigitaldeasturias.com\\\/noticias\\\/quieres-exprimir-al-maximo-el-entorno-digital-conviertete-en-un-profesional\\\/#breadcrumblist\",\"itemListElement\":[{\"@type\":\"ListItem\",\"@id\":\"https:\\\/\\\/www.eldigitaldeasturias.com\\\/noticias#listItem\",\"position\":1,\"name\":\"Home\",\"item\":\"https:\\\/\\\/www.eldigitaldeasturias.com\\\/noticias\",\"nextItem\":{\"@type\":\"ListItem\",\"@id\":\"https:\\\/\\\/www.eldigitaldeasturias.com\\\/noticias\\\/category\\\/negocios-y-empresas\\\/#listItem\",\"name\":\"Negocios y Empresas\"}},{\"@type\":\"ListItem\",\"@id\":\"https:\\\/\\\/www.eldigitaldeasturias.com\\\/noticias\\\/category\\\/negocios-y-empresas\\\/#listItem\",\"position\":2,\"name\":\"Negocios y Empresas\",\"item\":\"https:\\\/\\\/www.eldigitaldeasturias.com\\\/noticias\\\/category\\\/negocios-y-empresas\\\/\",\"nextItem\":{\"@type\":\"ListItem\",\"@id\":\"https:\\\/\\\/www.eldigitaldeasturias.com\\\/noticias\\\/quieres-exprimir-al-maximo-el-entorno-digital-conviertete-en-un-profesional\\\/#listItem\",\"name\":\"\\u00bfQuieres exprimir al m\\u00e1ximo el entorno digital? Convi\\u00e9rtete en un profesional\"},\"previousItem\":{\"@type\":\"ListItem\",\"@id\":\"https:\\\/\\\/www.eldigitaldeasturias.com\\\/noticias#listItem\",\"name\":\"Home\"}},{\"@type\":\"ListItem\",\"@id\":\"https:\\\/\\\/www.eldigitaldeasturias.com\\\/noticias\\\/quieres-exprimir-al-maximo-el-entorno-digital-conviertete-en-un-profesional\\\/#listItem\",\"position\":3,\"name\":\"\\u00bfQuieres exprimir al m\\u00e1ximo el entorno digital? Convi\\u00e9rtete en un profesional\",\"previousItem\":{\"@type\":\"ListItem\",\"@id\":\"https:\\\/\\\/www.eldigitaldeasturias.com\\\/noticias\\\/category\\\/negocios-y-empresas\\\/#listItem\",\"name\":\"Negocios y Empresas\"}}]},{\"@type\":\"Organization\",\"@id\":\"https:\\\/\\\/www.eldigitaldeasturias.com\\\/noticias\\\/#organization\",\"name\":\"El Digital de Asturias\",\"description\":\"Hemeroteca\",\"url\":\"https:\\\/\\\/www.eldigitaldeasturias.com\\\/noticias\\\/\",\"email\":\"info@eldigitaldeasturias.com\",\"telephone\":\"+34652131393\",\"logo\":{\"@type\":\"ImageObject\",\"url\":\"https:\\\/\\\/www.eldigitaldeasturias.com\\\/noticias\\\/wp-content\\\/uploads\\\/2020\\\/12\\\/EDA.jpg\",\"@id\":\"https:\\\/\\\/www.eldigitaldeasturias.com\\\/noticias\\\/quieres-exprimir-al-maximo-el-entorno-digital-conviertete-en-un-profesional\\\/#organizationLogo\",\"width\":649,\"height\":297},\"image\":{\"@id\":\"https:\\\/\\\/www.eldigitaldeasturias.com\\\/noticias\\\/quieres-exprimir-al-maximo-el-entorno-digital-conviertete-en-un-profesional\\\/#organizationLogo\"},\"sameAs\":[\"https:\\\/\\\/facebook.com\\\/eldigitaldeasturias\",\"https:\\\/\\\/www.youtube.com\\\/channel\\\/UCZP-2wLEB9Rv6erhFmqVnvg\"],\"address\":{\"@id\":\"https:\\\/\\\/www.eldigitaldeasturias.com\\\/noticias\\\/#postaladdress\",\"@type\":\"PostalAddress\",\"streetAddress\":\"san antonio 4,\",\"postalCode\":\"33430\",\"addressLocality\":\"Cand\\u00e1s\",\"addressRegion\":\"Asturias\",\"addressCountry\":\"ES\"}},{\"@type\":\"Person\",\"@id\":\"https:\\\/\\\/www.eldigitaldeasturias.com\\\/noticias\\\/author\\\/admin\\\/#author\",\"url\":\"https:\\\/\\\/www.eldigitaldeasturias.com\\\/noticias\\\/author\\\/admin\\\/\",\"name\":\"El Digital de Asturias\",\"image\":{\"@type\":\"ImageObject\",\"@id\":\"https:\\\/\\\/www.eldigitaldeasturias.com\\\/noticias\\\/quieres-exprimir-al-maximo-el-entorno-digital-conviertete-en-un-profesional\\\/#authorImage\",\"url\":\"https:\\\/\\\/www.eldigitaldeasturias.com\\\/noticias\\\/wp-content\\\/litespeed\\\/avatar\\\/18677e78aa0546b92d9dbf31ec7d7668.jpg?ver=1776685526\",\"width\":96,\"height\":96,\"caption\":\"El Digital de Asturias\"}},{\"@type\":\"WebPage\",\"@id\":\"https:\\\/\\\/www.eldigitaldeasturias.com\\\/noticias\\\/quieres-exprimir-al-maximo-el-entorno-digital-conviertete-en-un-profesional\\\/#webpage\",\"url\":\"https:\\\/\\\/www.eldigitaldeasturias.com\\\/noticias\\\/quieres-exprimir-al-maximo-el-entorno-digital-conviertete-en-un-profesional\\\/\",\"name\":\"\\u00bfQuieres exprimir al m\\u00e1ximo el entorno digital? Convi\\u00e9rtete en un profesional - El Digital de Asturias\",\"description\":\"Hoy en d\\u00eda, el sector digital pone a disposici\\u00f3n de todos nuevas oportunidades laborales a las que puedes acceder con formaci\\u00f3n espec\\u00edfica No importa en qu\\u00e9 sector profesional te muevas o te quieras mover, en la actualidad y con la llegada de las nuevas innovaciones tecnol\\u00f3gicas, lo digital es una obligaci\\u00f3n para cualquier profesional y\",\"inLanguage\":\"es-ES\",\"isPartOf\":{\"@id\":\"https:\\\/\\\/www.eldigitaldeasturias.com\\\/noticias\\\/#website\"},\"breadcrumb\":{\"@id\":\"https:\\\/\\\/www.eldigitaldeasturias.com\\\/noticias\\\/quieres-exprimir-al-maximo-el-entorno-digital-conviertete-en-un-profesional\\\/#breadcrumblist\"},\"author\":{\"@id\":\"https:\\\/\\\/www.eldigitaldeasturias.com\\\/noticias\\\/author\\\/admin\\\/#author\"},\"creator\":{\"@id\":\"https:\\\/\\\/www.eldigitaldeasturias.com\\\/noticias\\\/author\\\/admin\\\/#author\"},\"image\":{\"@type\":\"ImageObject\",\"url\":\"https:\\\/\\\/www.eldigitaldeasturias.com\\\/noticias\\\/wp-content\\\/uploads\\\/2019\\\/05\\\/Mundo-digital.jpg\",\"@id\":\"https:\\\/\\\/www.eldigitaldeasturias.com\\\/noticias\\\/quieres-exprimir-al-maximo-el-entorno-digital-conviertete-en-un-profesional\\\/#mainImage\",\"width\":592,\"height\":468},\"primaryImageOfPage\":{\"@id\":\"https:\\\/\\\/www.eldigitaldeasturias.com\\\/noticias\\\/quieres-exprimir-al-maximo-el-entorno-digital-conviertete-en-un-profesional\\\/#mainImage\"},\"datePublished\":\"2019-05-29T15:25:31+02:00\",\"dateModified\":\"2019-05-29T15:25:31+02:00\"},{\"@type\":\"WebSite\",\"@id\":\"https:\\\/\\\/www.eldigitaldeasturias.com\\\/noticias\\\/#website\",\"url\":\"https:\\\/\\\/www.eldigitaldeasturias.com\\\/noticias\\\/\",\"name\":\"El Digital de Asturias - Diario de actualidad y noticias\",\"alternateName\":\"El Digital de Asturias - Diario de actualidad y noticias\",\"description\":\"Hemeroteca\",\"inLanguage\":\"es-ES\",\"publisher\":{\"@id\":\"https:\\\/\\\/www.eldigitaldeasturias.com\\\/noticias\\\/#organization\"}}]}\n\t\t<\/script>\n\t\t<!-- All in One SEO Pro -->\r\n\t\t<title>\u00bfQuieres exprimir al m\u00e1ximo el entorno digital? Convi\u00e9rtete en un profesional - El Digital de Asturias<\/title>\n\n","aioseo_head_json":{"title":"\u00bfQuieres exprimir al m\u00e1ximo el entorno digital? Convi\u00e9rtete en un profesional - El Digital de Asturias","description":"Hoy en d\u00eda, el sector digital pone a disposici\u00f3n de todos nuevas oportunidades laborales a las que puedes acceder con formaci\u00f3n espec\u00edfica No importa en qu\u00e9 sector profesional te muevas o te quieras mover, en la actualidad y con la llegada de las nuevas innovaciones tecnol\u00f3gicas, lo digital es una obligaci\u00f3n para cualquier profesional y","canonical_url":"https:\/\/www.eldigitaldeasturias.com\/noticias\/quieres-exprimir-al-maximo-el-entorno-digital-conviertete-en-un-profesional\/","robots":"max-image-preview:large","keywords":"negocios y empresas","webmasterTools":{"google-site-verification":"UA-38556648-1","msvalidate.01":"7dfe9f3f1b24437ab69f4f2559babe99","miscellaneous":""},"schema":{"@context":"https:\/\/schema.org","@graph":[{"@type":"BlogPosting","@id":"https:\/\/www.eldigitaldeasturias.com\/noticias\/quieres-exprimir-al-maximo-el-entorno-digital-conviertete-en-un-profesional\/#blogposting","name":"\u00bfQuieres exprimir al m\u00e1ximo el entorno digital? Convi\u00e9rtete en un profesional - El Digital de Asturias","headline":"\u00bfQuieres exprimir al m\u00e1ximo el entorno digital? Convi\u00e9rtete en un profesional","author":{"@id":"https:\/\/www.eldigitaldeasturias.com\/noticias\/author\/admin\/#author"},"publisher":{"@id":"https:\/\/www.eldigitaldeasturias.com\/noticias\/#organization"},"image":{"@type":"ImageObject","url":"https:\/\/www.eldigitaldeasturias.com\/noticias\/wp-content\/uploads\/2019\/05\/Mundo-digital.jpg","width":592,"height":468},"datePublished":"2019-05-29T15:25:31+02:00","dateModified":"2019-05-29T15:25:31+02:00","inLanguage":"es-ES","mainEntityOfPage":{"@id":"https:\/\/www.eldigitaldeasturias.com\/noticias\/quieres-exprimir-al-maximo-el-entorno-digital-conviertete-en-un-profesional\/#webpage"},"isPartOf":{"@id":"https:\/\/www.eldigitaldeasturias.com\/noticias\/quieres-exprimir-al-maximo-el-entorno-digital-conviertete-en-un-profesional\/#webpage"},"articleSection":"Negocios y Empresas"},{"@type":"BreadcrumbList","@id":"https:\/\/www.eldigitaldeasturias.com\/noticias\/quieres-exprimir-al-maximo-el-entorno-digital-conviertete-en-un-profesional\/#breadcrumblist","itemListElement":[{"@type":"ListItem","@id":"https:\/\/www.eldigitaldeasturias.com\/noticias#listItem","position":1,"name":"Home","item":"https:\/\/www.eldigitaldeasturias.com\/noticias","nextItem":{"@type":"ListItem","@id":"https:\/\/www.eldigitaldeasturias.com\/noticias\/category\/negocios-y-empresas\/#listItem","name":"Negocios y Empresas"}},{"@type":"ListItem","@id":"https:\/\/www.eldigitaldeasturias.com\/noticias\/category\/negocios-y-empresas\/#listItem","position":2,"name":"Negocios y Empresas","item":"https:\/\/www.eldigitaldeasturias.com\/noticias\/category\/negocios-y-empresas\/","nextItem":{"@type":"ListItem","@id":"https:\/\/www.eldigitaldeasturias.com\/noticias\/quieres-exprimir-al-maximo-el-entorno-digital-conviertete-en-un-profesional\/#listItem","name":"\u00bfQuieres exprimir al m\u00e1ximo el entorno digital? Convi\u00e9rtete en un profesional"},"previousItem":{"@type":"ListItem","@id":"https:\/\/www.eldigitaldeasturias.com\/noticias#listItem","name":"Home"}},{"@type":"ListItem","@id":"https:\/\/www.eldigitaldeasturias.com\/noticias\/quieres-exprimir-al-maximo-el-entorno-digital-conviertete-en-un-profesional\/#listItem","position":3,"name":"\u00bfQuieres exprimir al m\u00e1ximo el entorno digital? Convi\u00e9rtete en un profesional","previousItem":{"@type":"ListItem","@id":"https:\/\/www.eldigitaldeasturias.com\/noticias\/category\/negocios-y-empresas\/#listItem","name":"Negocios y Empresas"}}]},{"@type":"Organization","@id":"https:\/\/www.eldigitaldeasturias.com\/noticias\/#organization","name":"El Digital de Asturias","description":"Hemeroteca","url":"https:\/\/www.eldigitaldeasturias.com\/noticias\/","email":"info@eldigitaldeasturias.com","telephone":"+34652131393","logo":{"@type":"ImageObject","url":"https:\/\/www.eldigitaldeasturias.com\/noticias\/wp-content\/uploads\/2020\/12\/EDA.jpg","@id":"https:\/\/www.eldigitaldeasturias.com\/noticias\/quieres-exprimir-al-maximo-el-entorno-digital-conviertete-en-un-profesional\/#organizationLogo","width":649,"height":297},"image":{"@id":"https:\/\/www.eldigitaldeasturias.com\/noticias\/quieres-exprimir-al-maximo-el-entorno-digital-conviertete-en-un-profesional\/#organizationLogo"},"sameAs":["https:\/\/facebook.com\/eldigitaldeasturias","https:\/\/www.youtube.com\/channel\/UCZP-2wLEB9Rv6erhFmqVnvg"],"address":{"@id":"https:\/\/www.eldigitaldeasturias.com\/noticias\/#postaladdress","@type":"PostalAddress","streetAddress":"san antonio 4,","postalCode":"33430","addressLocality":"Cand\u00e1s","addressRegion":"Asturias","addressCountry":"ES"}},{"@type":"Person","@id":"https:\/\/www.eldigitaldeasturias.com\/noticias\/author\/admin\/#author","url":"https:\/\/www.eldigitaldeasturias.com\/noticias\/author\/admin\/","name":"El Digital de Asturias","image":{"@type":"ImageObject","@id":"https:\/\/www.eldigitaldeasturias.com\/noticias\/quieres-exprimir-al-maximo-el-entorno-digital-conviertete-en-un-profesional\/#authorImage","url":"https:\/\/www.eldigitaldeasturias.com\/noticias\/wp-content\/litespeed\/avatar\/18677e78aa0546b92d9dbf31ec7d7668.jpg?ver=1776685526","width":96,"height":96,"caption":"El Digital de Asturias"}},{"@type":"WebPage","@id":"https:\/\/www.eldigitaldeasturias.com\/noticias\/quieres-exprimir-al-maximo-el-entorno-digital-conviertete-en-un-profesional\/#webpage","url":"https:\/\/www.eldigitaldeasturias.com\/noticias\/quieres-exprimir-al-maximo-el-entorno-digital-conviertete-en-un-profesional\/","name":"\u00bfQuieres exprimir al m\u00e1ximo el entorno digital? Convi\u00e9rtete en un profesional - El Digital de Asturias","description":"Hoy en d\u00eda, el sector digital pone a disposici\u00f3n de todos nuevas oportunidades laborales a las que puedes acceder con formaci\u00f3n espec\u00edfica No importa en qu\u00e9 sector profesional te muevas o te quieras mover, en la actualidad y con la llegada de las nuevas innovaciones tecnol\u00f3gicas, lo digital es una obligaci\u00f3n para cualquier profesional y","inLanguage":"es-ES","isPartOf":{"@id":"https:\/\/www.eldigitaldeasturias.com\/noticias\/#website"},"breadcrumb":{"@id":"https:\/\/www.eldigitaldeasturias.com\/noticias\/quieres-exprimir-al-maximo-el-entorno-digital-conviertete-en-un-profesional\/#breadcrumblist"},"author":{"@id":"https:\/\/www.eldigitaldeasturias.com\/noticias\/author\/admin\/#author"},"creator":{"@id":"https:\/\/www.eldigitaldeasturias.com\/noticias\/author\/admin\/#author"},"image":{"@type":"ImageObject","url":"https:\/\/www.eldigitaldeasturias.com\/noticias\/wp-content\/uploads\/2019\/05\/Mundo-digital.jpg","@id":"https:\/\/www.eldigitaldeasturias.com\/noticias\/quieres-exprimir-al-maximo-el-entorno-digital-conviertete-en-un-profesional\/#mainImage","width":592,"height":468},"primaryImageOfPage":{"@id":"https:\/\/www.eldigitaldeasturias.com\/noticias\/quieres-exprimir-al-maximo-el-entorno-digital-conviertete-en-un-profesional\/#mainImage"},"datePublished":"2019-05-29T15:25:31+02:00","dateModified":"2019-05-29T15:25:31+02:00"},{"@type":"WebSite","@id":"https:\/\/www.eldigitaldeasturias.com\/noticias\/#website","url":"https:\/\/www.eldigitaldeasturias.com\/noticias\/","name":"El Digital de Asturias - Diario de actualidad y noticias","alternateName":"El Digital de Asturias - Diario de actualidad y noticias","description":"Hemeroteca","inLanguage":"es-ES","publisher":{"@id":"https:\/\/www.eldigitaldeasturias.com\/noticias\/#organization"}}]},"og:locale":"es_ES","og:site_name":"El Digital de Asturias","og:type":"article","og:title":"\u00bfQuieres exprimir al m\u00e1ximo el entorno digital? Convi\u00e9rtete en un profesional - El Digital de Asturias","og:description":"Hoy en d\u00eda, el sector digital pone a disposici\u00f3n de todos nuevas oportunidades laborales a las que puedes acceder con formaci\u00f3n espec\u00edfica No importa en qu\u00e9 sector profesional te muevas o te quieras mover, en la actualidad y con la llegada de las nuevas innovaciones tecnol\u00f3gicas, lo digital es una obligaci\u00f3n para cualquier profesional y","og:url":"https:\/\/www.eldigitaldeasturias.com\/noticias\/quieres-exprimir-al-maximo-el-entorno-digital-conviertete-en-un-profesional\/","og:image":"https:\/\/www.eldigitaldeasturias.com\/noticias\/wp-content\/uploads\/2019\/05\/Mundo-digital.jpg","og:image:secure_url":"https:\/\/www.eldigitaldeasturias.com\/noticias\/wp-content\/uploads\/2019\/05\/Mundo-digital.jpg","og:image:width":592,"og:image:height":468,"article:tag":["negocios y empresas"],"article:published_time":"2019-05-29T15:25:31+00:00","article:modified_time":"2019-05-29T15:25:31+00:00","article:publisher":"https:\/\/facebook.com\/eldigitaldeasturias","twitter:card":"summary_large_image","twitter:title":"\u00bfQuieres exprimir al m\u00e1ximo el entorno digital? Convi\u00e9rtete en un profesional - El Digital de Asturias","twitter:description":"Hoy en d\u00eda, el sector digital pone a disposici\u00f3n de todos nuevas oportunidades laborales a las que puedes acceder con formaci\u00f3n espec\u00edfica No importa en qu\u00e9 sector profesional te muevas o te quieras mover, en la actualidad y con la llegada de las nuevas innovaciones tecnol\u00f3gicas, lo digital es una obligaci\u00f3n para cualquier profesional y","twitter:image":"https:\/\/www.eldigitaldeasturias.com\/noticias\/wp-content\/uploads\/2019\/05\/Mundo-digital.jpg","twitter:label1":"Escrito por","twitter:data1":"El Digital de Asturias","twitter:label2":"Tiempo de lectura estimado","twitter:data2":"3 minutos"},"aioseo_meta_data":{"post_id":"1028819","title":null,"description":null,"keywords":null,"keyphrases":null,"primary_term":null,"canonical_url":null,"og_title":null,"og_description":null,"og_object_type":"default","og_image_type":"default","og_image_url":null,"og_image_width":null,"og_image_height":null,"og_image_custom_url":null,"og_image_custom_fields":null,"og_video":null,"og_custom_url":null,"og_article_section":null,"og_article_tags":null,"twitter_use_og":false,"twitter_card":"default","twitter_image_type":"default","twitter_image_url":null,"twitter_image_custom_url":null,"twitter_image_custom_fields":null,"twitter_title":null,"twitter_description":null,"schema":{"blockGraphs":[],"customGraphs":[],"default":{"data":{"Article":[],"Course":[],"Dataset":[],"FAQPage":[],"Movie":[],"Person":[],"Product":[],"ProductReview":[],"Car":[],"Recipe":[],"Service":[],"SoftwareApplication":[],"WebPage":[]},"graphName":"","isEnabled":true},"graphs":[],"defaultGraph":"","defaultPostTypeGraph":""},"schema_type":null,"schema_type_options":null,"pillar_content":false,"robots_default":true,"robots_noindex":false,"robots_noarchive":false,"robots_nosnippet":false,"robots_nofollow":false,"robots_noimageindex":false,"robots_noodp":false,"robots_notranslate":false,"robots_max_snippet":null,"robots_max_videopreview":null,"robots_max_imagepreview":"large","priority":null,"frequency":null,"local_seo":null,"seo_analyzer_scan_date":"2025-10-18 10:11:16","breadcrumb_settings":null,"limit_modified_date":false,"open_ai":null,"ai":null,"created":"2020-12-21 11:11:17","updated":"2025-10-18 10:11:16"},"aioseo_breadcrumb":"<div class=\"aioseo-breadcrumbs\"><span class=\"aioseo-breadcrumb\">\n\t<a href=\"https:\/\/www.eldigitaldeasturias.com\/noticias\" title=\"Home\">Home<\/a>\n<\/span><span class=\"aioseo-breadcrumb-separator\">\u2013<\/span><span class=\"aioseo-breadcrumb\">\n\t<a href=\"https:\/\/www.eldigitaldeasturias.com\/noticias\/category\/negocios-y-empresas\/\" title=\"Negocios y Empresas\">Negocios y Empresas<\/a>\n<\/span><span class=\"aioseo-breadcrumb-separator\">\u2013<\/span><span class=\"aioseo-breadcrumb\">\n\t<a href=\"https:\/\/www.eldigitaldeasturias.com\/noticias\/quieres-exprimir-al-maximo-el-entorno-digital-conviertete-en-un-profesional\/\" title=\"\u00bfQuieres exprimir al m\u00e1ximo el entorno digital? Convi\u00e9rtete en un profesional\">\u00bfQuieres exprimir al m\u00e1ximo el entorno digital? Convi\u00e9rtete en un profesional<\/a>\n<\/span><\/div>","aioseo_breadcrumb_json":[{"label":"Home","link":"https:\/\/www.eldigitaldeasturias.com\/noticias"},{"label":"Negocios y Empresas","link":"https:\/\/www.eldigitaldeasturias.com\/noticias\/category\/negocios-y-empresas\/"},{"label":"\u00bfQuieres exprimir al m\u00e1ximo el entorno digital? Convi\u00e9rtete en un profesional","link":"https:\/\/www.eldigitaldeasturias.com\/noticias\/quieres-exprimir-al-maximo-el-entorno-digital-conviertete-en-un-profesional\/"}],"_links":{"self":[{"href":"https:\/\/www.eldigitaldeasturias.com\/noticias\/wp-json\/wp\/v2\/posts\/1028819","targetHints":{"allow":["GET"]}}],"collection":[{"href":"https:\/\/www.eldigitaldeasturias.com\/noticias\/wp-json\/wp\/v2\/posts"}],"about":[{"href":"https:\/\/www.eldigitaldeasturias.com\/noticias\/wp-json\/wp\/v2\/types\/post"}],"author":[{"embeddable":true,"href":"https:\/\/www.eldigitaldeasturias.com\/noticias\/wp-json\/wp\/v2\/users\/1"}],"replies":[{"embeddable":true,"href":"https:\/\/www.eldigitaldeasturias.com\/noticias\/wp-json\/wp\/v2\/comments?post=1028819"}],"version-history":[{"count":0,"href":"https:\/\/www.eldigitaldeasturias.com\/noticias\/wp-json\/wp\/v2\/posts\/1028819\/revisions"}],"wp:featuredmedia":[{"embeddable":true,"href":"https:\/\/www.eldigitaldeasturias.com\/noticias\/wp-json\/wp\/v2\/media\/1028820"}],"wp:attachment":[{"href":"https:\/\/www.eldigitaldeasturias.com\/noticias\/wp-json\/wp\/v2\/media?parent=1028819"}],"wp:term":[{"taxonomy":"category","embeddable":true,"href":"https:\/\/www.eldigitaldeasturias.com\/noticias\/wp-json\/wp\/v2\/categories?post=1028819"},{"taxonomy":"post_tag","embeddable":true,"href":"https:\/\/www.eldigitaldeasturias.com\/noticias\/wp-json\/wp\/v2\/tags?post=1028819"}],"curies":[{"name":"wp","href":"https:\/\/api.w.org\/{rel}","templated":true}]}}