{"id":1028722,"date":"2019-05-28T15:22:38","date_gmt":"2019-05-28T15:22:38","guid":{"rendered":"https:\/\/www.eldigitaldeasturias.com\/noticias\/?p=1028722"},"modified":"2019-05-28T15:22:38","modified_gmt":"2019-05-28T15:22:38","slug":"el-presidente-del-stuttgart-promete-el-ascenso","status":"publish","type":"post","link":"https:\/\/www.eldigitaldeasturias.com\/noticias\/el-presidente-del-stuttgart-promete-el-ascenso\/","title":{"rendered":"El presidente del Stuttgart promete el ascenso"},"content":{"rendered":"<p><img loading=\"lazy\" decoding=\"async\" class=\"alignleft size-medium wp-image-1028723\" src=\"https:\/\/www.eldigitaldeasturias.com\/noticias\/wp-content\/uploads\/2019\/05\/Stuttgart-360x262.jpg\" alt=\"\" width=\"360\" height=\"262\" srcset=\"https:\/\/www.eldigitaldeasturias.com\/noticias\/wp-content\/uploads\/2019\/05\/Stuttgart-360x262.jpg 360w, https:\/\/www.eldigitaldeasturias.com\/noticias\/wp-content\/uploads\/2019\/05\/Stuttgart-768x558.jpg 768w, https:\/\/www.eldigitaldeasturias.com\/noticias\/wp-content\/uploads\/2019\/05\/Stuttgart-650x472.jpg 650w, https:\/\/www.eldigitaldeasturias.com\/noticias\/wp-content\/uploads\/2019\/05\/Stuttgart-90x67.jpg 90w, https:\/\/www.eldigitaldeasturias.com\/noticias\/wp-content\/uploads\/2019\/05\/Stuttgart.jpg 915w\" sizes=\"auto, (max-width: 360px) 100vw, 360px\" \/>Stuttgart\/Berl\u00edn, 28 may (dpa) &#8211; El pol\u00e9mico presidente del Stuttgart, Wolfgang Dietrich, pronostic\u00f3 el regreso del club suabo a la primera divisi\u00f3n de la Liga alemana de f\u00fatbol (Bundesliga) tras el tercer descenso de categor\u00eda al empatar ante el Union Berl\u00edn en el partido de vuelta del repechaje.<\/p>\n<p>\u00abLas condiciones econ\u00f3micas y estructurales para lograrlo est\u00e1n dadas, ya se est\u00e1 procesando esta temporada y se est\u00e1 fijando el rumbo deportivo para el futuro. El VfB volver\u00e1 a ascender\u00bb, afirm\u00f3 Dietrich, de acuerdo con un anuncio en la p\u00e1gina web del club.<\/p>\n<p>El Stuttgart sufri\u00f3 este lunes con un 0:0 en partido de vuelta del repechaje contra el Uni\u00f3n Berl\u00edn el tercer descenso de su historia despu\u00e9s de los registrados en 1975 y 2016.<\/p>\n<p>Dietrich habl\u00f3 de un amargo fin de temporada \u00aben la que desde el punto de vista deportivo sali\u00f3 mal todo lo que pod\u00eda salir mal\u00bb.<\/p>\n<p>Por su parte, el Uni\u00f3n Berl\u00edn sell\u00f3 su primer ascenso a la categor\u00eda mayor de la Bundesliga con ese empate a cero en casa el lunes que le fue suficiente tras el empate como visitante por 2-2 del partido de ida.<\/p>\n<p>El club berlin\u00e9s anunci\u00f3 que celebrar\u00e1 el hist\u00f3rico ascenso este mi\u00e9rcoles con creces y en varias etapas, con el inicio previsto para la tarde en la llamada \u00abEast Side Gallery\u00bb -el tramo m\u00e1s largo de Muro de Berl\u00edn recubierto por grandes murales a lo largo de la riviera del r\u00edo Spree- desde un barco que llevar\u00e1 a los jugadores.<\/p>\n<p>Los festejos finalizar\u00e1n en el estadio, tras el paso por el barrio del club y un recibimiento de las autoridades locales, donde los jugadores ser\u00e1n esperados por los aficionados.<\/p>\n<p><em>Foto: Andreas Gora\/dpa <\/em><\/p>\n","protected":false},"excerpt":{"rendered":"<p>Stuttgart\/Berl\u00edn, 28 may (dpa) &#8211; El pol\u00e9mico presidente del Stuttgart, Wolfgang Dietrich, pronostic\u00f3 el regreso del club suabo a la primera divisi\u00f3n de la Liga alemana de f\u00fatbol (Bundesliga) tras el tercer descenso de categor\u00eda al empatar ante el Union Berl\u00edn en el partido de vuelta del repechaje. \u00abLas condiciones econ\u00f3micas y estructurales para lograrlo [&hellip;]<\/p>\n","protected":false},"author":1,"featured_media":1028723,"comment_status":"closed","ping_status":"closed","sticky":false,"template":"","format":"standard","meta":{"footnotes":""},"categories":[190],"tags":[],"class_list":["post-1028722","post","type-post","status-publish","format-standard","has-post-thumbnail","hentry","category-deportes"],"aioseo_notices":[],"aioseo_head":"\n\t\t<!-- All in One SEO Pro 4.9.6.2 - aioseo.com -->\n\t<meta name=\"description\" content=\"Stuttgart\/Berl\u00edn, 28 may (dpa) - El pol\u00e9mico presidente del Stuttgart, Wolfgang Dietrich, pronostic\u00f3 el regreso del club suabo a la primera divisi\u00f3n de la Liga alemana de f\u00fatbol (Bundesliga) tras el tercer descenso de categor\u00eda al empatar ante el Union Berl\u00edn en el partido de vuelta del repechaje. &quot;Las condiciones econ\u00f3micas y estructurales para lograrlo\" \/>\n\t<meta name=\"robots\" content=\"max-image-preview:large\" \/>\n\t<meta name=\"author\" content=\"El Digital de Asturias\"\/>\n\t<meta name=\"google-site-verification\" content=\"UA-38556648-1\" \/>\n\t<meta name=\"msvalidate.01\" content=\"7dfe9f3f1b24437ab69f4f2559babe99\" \/>\n\t<meta name=\"keywords\" content=\"deportes\" \/>\n\t<link rel=\"canonical\" href=\"https:\/\/www.eldigitaldeasturias.com\/noticias\/el-presidente-del-stuttgart-promete-el-ascenso\/\" \/>\n\t<meta name=\"generator\" content=\"All in One SEO Pro (AIOSEO) 4.9.6.2\" \/>\n\t\t<meta property=\"og:locale\" content=\"es_ES\" \/>\n\t\t<meta property=\"og:site_name\" content=\"El Digital de Asturias\" \/>\n\t\t<meta property=\"og:type\" content=\"article\" \/>\n\t\t<meta property=\"og:title\" content=\"El presidente del Stuttgart promete el ascenso - El Digital de Asturias\" \/>\n\t\t<meta property=\"og:description\" content=\"Stuttgart\/Berl\u00edn, 28 may (dpa) - El pol\u00e9mico presidente del Stuttgart, Wolfgang Dietrich, pronostic\u00f3 el regreso del club suabo a la primera divisi\u00f3n de la Liga alemana de f\u00fatbol (Bundesliga) tras el tercer descenso de categor\u00eda al empatar ante el Union Berl\u00edn en el partido de vuelta del repechaje. &quot;Las condiciones econ\u00f3micas y estructurales para lograrlo\" \/>\n\t\t<meta property=\"og:url\" content=\"https:\/\/www.eldigitaldeasturias.com\/noticias\/el-presidente-del-stuttgart-promete-el-ascenso\/\" \/>\n\t\t<meta property=\"og:image\" content=\"https:\/\/www.eldigitaldeasturias.com\/noticias\/wp-content\/uploads\/2019\/05\/Stuttgart.jpg\" \/>\n\t\t<meta property=\"og:image:secure_url\" content=\"https:\/\/www.eldigitaldeasturias.com\/noticias\/wp-content\/uploads\/2019\/05\/Stuttgart.jpg\" \/>\n\t\t<meta property=\"og:image:width\" content=\"915\" \/>\n\t\t<meta property=\"og:image:height\" content=\"665\" \/>\n\t\t<meta property=\"article:tag\" content=\"deportes\" \/>\n\t\t<meta property=\"article:published_time\" content=\"2019-05-28T15:22:38+00:00\" \/>\n\t\t<meta property=\"article:modified_time\" content=\"2019-05-28T15:22:38+00:00\" \/>\n\t\t<meta property=\"article:publisher\" content=\"https:\/\/facebook.com\/eldigitaldeasturias\" \/>\n\t\t<meta name=\"twitter:card\" content=\"summary_large_image\" \/>\n\t\t<meta name=\"twitter:title\" content=\"El presidente del Stuttgart promete el ascenso - El Digital de Asturias\" \/>\n\t\t<meta name=\"twitter:description\" content=\"Stuttgart\/Berl\u00edn, 28 may (dpa) - El pol\u00e9mico presidente del Stuttgart, Wolfgang Dietrich, pronostic\u00f3 el regreso del club suabo a la primera divisi\u00f3n de la Liga alemana de f\u00fatbol (Bundesliga) tras el tercer descenso de categor\u00eda al empatar ante el Union Berl\u00edn en el partido de vuelta del repechaje. &quot;Las condiciones econ\u00f3micas y estructurales para lograrlo\" \/>\n\t\t<meta name=\"twitter:image\" content=\"https:\/\/www.eldigitaldeasturias.com\/noticias\/wp-content\/uploads\/2019\/05\/Stuttgart.jpg\" \/>\n\t\t<meta name=\"twitter:label1\" content=\"Escrito por\" \/>\n\t\t<meta name=\"twitter:data1\" content=\"El Digital de Asturias\" \/>\n\t\t<meta name=\"twitter:label2\" content=\"Tiempo de lectura estimado\" \/>\n\t\t<meta name=\"twitter:data2\" content=\"2 minutos\" \/>\n\t\t<script type=\"application\/ld+json\" class=\"aioseo-schema\">\n\t\t\t{\"@context\":\"https:\\\/\\\/schema.org\",\"@graph\":[{\"@type\":\"BlogPosting\",\"@id\":\"https:\\\/\\\/www.eldigitaldeasturias.com\\\/noticias\\\/el-presidente-del-stuttgart-promete-el-ascenso\\\/#blogposting\",\"name\":\"El presidente del Stuttgart promete el ascenso - El Digital de Asturias\",\"headline\":\"El presidente del Stuttgart promete el ascenso\",\"author\":{\"@id\":\"https:\\\/\\\/www.eldigitaldeasturias.com\\\/noticias\\\/author\\\/admin\\\/#author\"},\"publisher\":{\"@id\":\"https:\\\/\\\/www.eldigitaldeasturias.com\\\/noticias\\\/#organization\"},\"image\":{\"@type\":\"ImageObject\",\"url\":\"https:\\\/\\\/www.eldigitaldeasturias.com\\\/noticias\\\/wp-content\\\/uploads\\\/2019\\\/05\\\/Stuttgart.jpg\",\"width\":915,\"height\":665},\"datePublished\":\"2019-05-28T15:22:38+02:00\",\"dateModified\":\"2019-05-28T15:22:38+02:00\",\"inLanguage\":\"es-ES\",\"mainEntityOfPage\":{\"@id\":\"https:\\\/\\\/www.eldigitaldeasturias.com\\\/noticias\\\/el-presidente-del-stuttgart-promete-el-ascenso\\\/#webpage\"},\"isPartOf\":{\"@id\":\"https:\\\/\\\/www.eldigitaldeasturias.com\\\/noticias\\\/el-presidente-del-stuttgart-promete-el-ascenso\\\/#webpage\"},\"articleSection\":\"Deportes\"},{\"@type\":\"BreadcrumbList\",\"@id\":\"https:\\\/\\\/www.eldigitaldeasturias.com\\\/noticias\\\/el-presidente-del-stuttgart-promete-el-ascenso\\\/#breadcrumblist\",\"itemListElement\":[{\"@type\":\"ListItem\",\"@id\":\"https:\\\/\\\/www.eldigitaldeasturias.com\\\/noticias#listItem\",\"position\":1,\"name\":\"Home\",\"item\":\"https:\\\/\\\/www.eldigitaldeasturias.com\\\/noticias\",\"nextItem\":{\"@type\":\"ListItem\",\"@id\":\"https:\\\/\\\/www.eldigitaldeasturias.com\\\/noticias\\\/category\\\/deportes\\\/#listItem\",\"name\":\"Deportes\"}},{\"@type\":\"ListItem\",\"@id\":\"https:\\\/\\\/www.eldigitaldeasturias.com\\\/noticias\\\/category\\\/deportes\\\/#listItem\",\"position\":2,\"name\":\"Deportes\",\"item\":\"https:\\\/\\\/www.eldigitaldeasturias.com\\\/noticias\\\/category\\\/deportes\\\/\",\"nextItem\":{\"@type\":\"ListItem\",\"@id\":\"https:\\\/\\\/www.eldigitaldeasturias.com\\\/noticias\\\/el-presidente-del-stuttgart-promete-el-ascenso\\\/#listItem\",\"name\":\"El presidente del Stuttgart promete el ascenso\"},\"previousItem\":{\"@type\":\"ListItem\",\"@id\":\"https:\\\/\\\/www.eldigitaldeasturias.com\\\/noticias#listItem\",\"name\":\"Home\"}},{\"@type\":\"ListItem\",\"@id\":\"https:\\\/\\\/www.eldigitaldeasturias.com\\\/noticias\\\/el-presidente-del-stuttgart-promete-el-ascenso\\\/#listItem\",\"position\":3,\"name\":\"El presidente del Stuttgart promete el ascenso\",\"previousItem\":{\"@type\":\"ListItem\",\"@id\":\"https:\\\/\\\/www.eldigitaldeasturias.com\\\/noticias\\\/category\\\/deportes\\\/#listItem\",\"name\":\"Deportes\"}}]},{\"@type\":\"Organization\",\"@id\":\"https:\\\/\\\/www.eldigitaldeasturias.com\\\/noticias\\\/#organization\",\"name\":\"El Digital de Asturias\",\"description\":\"Hemeroteca\",\"url\":\"https:\\\/\\\/www.eldigitaldeasturias.com\\\/noticias\\\/\",\"email\":\"info@eldigitaldeasturias.com\",\"telephone\":\"+34652131393\",\"logo\":{\"@type\":\"ImageObject\",\"url\":\"https:\\\/\\\/www.eldigitaldeasturias.com\\\/noticias\\\/wp-content\\\/uploads\\\/2020\\\/12\\\/EDA.jpg\",\"@id\":\"https:\\\/\\\/www.eldigitaldeasturias.com\\\/noticias\\\/el-presidente-del-stuttgart-promete-el-ascenso\\\/#organizationLogo\",\"width\":649,\"height\":297},\"image\":{\"@id\":\"https:\\\/\\\/www.eldigitaldeasturias.com\\\/noticias\\\/el-presidente-del-stuttgart-promete-el-ascenso\\\/#organizationLogo\"},\"sameAs\":[\"https:\\\/\\\/facebook.com\\\/eldigitaldeasturias\",\"https:\\\/\\\/www.youtube.com\\\/channel\\\/UCZP-2wLEB9Rv6erhFmqVnvg\"],\"address\":{\"@id\":\"https:\\\/\\\/www.eldigitaldeasturias.com\\\/noticias\\\/#postaladdress\",\"@type\":\"PostalAddress\",\"streetAddress\":\"san antonio 4,\",\"postalCode\":\"33430\",\"addressLocality\":\"Cand\\u00e1s\",\"addressRegion\":\"Asturias\",\"addressCountry\":\"ES\"}},{\"@type\":\"Person\",\"@id\":\"https:\\\/\\\/www.eldigitaldeasturias.com\\\/noticias\\\/author\\\/admin\\\/#author\",\"url\":\"https:\\\/\\\/www.eldigitaldeasturias.com\\\/noticias\\\/author\\\/admin\\\/\",\"name\":\"El Digital de Asturias\",\"image\":{\"@type\":\"ImageObject\",\"@id\":\"https:\\\/\\\/www.eldigitaldeasturias.com\\\/noticias\\\/el-presidente-del-stuttgart-promete-el-ascenso\\\/#authorImage\",\"url\":\"https:\\\/\\\/www.eldigitaldeasturias.com\\\/noticias\\\/wp-content\\\/litespeed\\\/avatar\\\/18677e78aa0546b92d9dbf31ec7d7668.jpg?ver=1777290358\",\"width\":96,\"height\":96,\"caption\":\"El Digital de Asturias\"}},{\"@type\":\"WebPage\",\"@id\":\"https:\\\/\\\/www.eldigitaldeasturias.com\\\/noticias\\\/el-presidente-del-stuttgart-promete-el-ascenso\\\/#webpage\",\"url\":\"https:\\\/\\\/www.eldigitaldeasturias.com\\\/noticias\\\/el-presidente-del-stuttgart-promete-el-ascenso\\\/\",\"name\":\"El presidente del Stuttgart promete el ascenso - El Digital de Asturias\",\"description\":\"Stuttgart\\\/Berl\\u00edn, 28 may (dpa) - El pol\\u00e9mico presidente del Stuttgart, Wolfgang Dietrich, pronostic\\u00f3 el regreso del club suabo a la primera divisi\\u00f3n de la Liga alemana de f\\u00fatbol (Bundesliga) tras el tercer descenso de categor\\u00eda al empatar ante el Union Berl\\u00edn en el partido de vuelta del repechaje. \\\"Las condiciones econ\\u00f3micas y estructurales para lograrlo\",\"inLanguage\":\"es-ES\",\"isPartOf\":{\"@id\":\"https:\\\/\\\/www.eldigitaldeasturias.com\\\/noticias\\\/#website\"},\"breadcrumb\":{\"@id\":\"https:\\\/\\\/www.eldigitaldeasturias.com\\\/noticias\\\/el-presidente-del-stuttgart-promete-el-ascenso\\\/#breadcrumblist\"},\"author\":{\"@id\":\"https:\\\/\\\/www.eldigitaldeasturias.com\\\/noticias\\\/author\\\/admin\\\/#author\"},\"creator\":{\"@id\":\"https:\\\/\\\/www.eldigitaldeasturias.com\\\/noticias\\\/author\\\/admin\\\/#author\"},\"image\":{\"@type\":\"ImageObject\",\"url\":\"https:\\\/\\\/www.eldigitaldeasturias.com\\\/noticias\\\/wp-content\\\/uploads\\\/2019\\\/05\\\/Stuttgart.jpg\",\"@id\":\"https:\\\/\\\/www.eldigitaldeasturias.com\\\/noticias\\\/el-presidente-del-stuttgart-promete-el-ascenso\\\/#mainImage\",\"width\":915,\"height\":665},\"primaryImageOfPage\":{\"@id\":\"https:\\\/\\\/www.eldigitaldeasturias.com\\\/noticias\\\/el-presidente-del-stuttgart-promete-el-ascenso\\\/#mainImage\"},\"datePublished\":\"2019-05-28T15:22:38+02:00\",\"dateModified\":\"2019-05-28T15:22:38+02:00\"},{\"@type\":\"WebSite\",\"@id\":\"https:\\\/\\\/www.eldigitaldeasturias.com\\\/noticias\\\/#website\",\"url\":\"https:\\\/\\\/www.eldigitaldeasturias.com\\\/noticias\\\/\",\"name\":\"El Digital de Asturias - Diario de actualidad y noticias\",\"alternateName\":\"El Digital de Asturias - Diario de actualidad y noticias\",\"description\":\"Hemeroteca\",\"inLanguage\":\"es-ES\",\"publisher\":{\"@id\":\"https:\\\/\\\/www.eldigitaldeasturias.com\\\/noticias\\\/#organization\"}}]}\n\t\t<\/script>\n\t\t<!-- All in One SEO Pro -->\r\n\t\t<title>El presidente del Stuttgart promete el ascenso - El Digital de Asturias<\/title>\n\n","aioseo_head_json":{"title":"El presidente del Stuttgart promete el ascenso - El Digital de Asturias","description":"Stuttgart\/Berl\u00edn, 28 may (dpa) - El pol\u00e9mico presidente del Stuttgart, Wolfgang Dietrich, pronostic\u00f3 el regreso del club suabo a la primera divisi\u00f3n de la Liga alemana de f\u00fatbol (Bundesliga) tras el tercer descenso de categor\u00eda al empatar ante el Union Berl\u00edn en el partido de vuelta del repechaje. \"Las condiciones econ\u00f3micas y estructurales para lograrlo","canonical_url":"https:\/\/www.eldigitaldeasturias.com\/noticias\/el-presidente-del-stuttgart-promete-el-ascenso\/","robots":"max-image-preview:large","keywords":"deportes","webmasterTools":{"google-site-verification":"UA-38556648-1","msvalidate.01":"7dfe9f3f1b24437ab69f4f2559babe99","miscellaneous":""},"schema":{"@context":"https:\/\/schema.org","@graph":[{"@type":"BlogPosting","@id":"https:\/\/www.eldigitaldeasturias.com\/noticias\/el-presidente-del-stuttgart-promete-el-ascenso\/#blogposting","name":"El presidente del Stuttgart promete el ascenso - El Digital de Asturias","headline":"El presidente del Stuttgart promete el ascenso","author":{"@id":"https:\/\/www.eldigitaldeasturias.com\/noticias\/author\/admin\/#author"},"publisher":{"@id":"https:\/\/www.eldigitaldeasturias.com\/noticias\/#organization"},"image":{"@type":"ImageObject","url":"https:\/\/www.eldigitaldeasturias.com\/noticias\/wp-content\/uploads\/2019\/05\/Stuttgart.jpg","width":915,"height":665},"datePublished":"2019-05-28T15:22:38+02:00","dateModified":"2019-05-28T15:22:38+02:00","inLanguage":"es-ES","mainEntityOfPage":{"@id":"https:\/\/www.eldigitaldeasturias.com\/noticias\/el-presidente-del-stuttgart-promete-el-ascenso\/#webpage"},"isPartOf":{"@id":"https:\/\/www.eldigitaldeasturias.com\/noticias\/el-presidente-del-stuttgart-promete-el-ascenso\/#webpage"},"articleSection":"Deportes"},{"@type":"BreadcrumbList","@id":"https:\/\/www.eldigitaldeasturias.com\/noticias\/el-presidente-del-stuttgart-promete-el-ascenso\/#breadcrumblist","itemListElement":[{"@type":"ListItem","@id":"https:\/\/www.eldigitaldeasturias.com\/noticias#listItem","position":1,"name":"Home","item":"https:\/\/www.eldigitaldeasturias.com\/noticias","nextItem":{"@type":"ListItem","@id":"https:\/\/www.eldigitaldeasturias.com\/noticias\/category\/deportes\/#listItem","name":"Deportes"}},{"@type":"ListItem","@id":"https:\/\/www.eldigitaldeasturias.com\/noticias\/category\/deportes\/#listItem","position":2,"name":"Deportes","item":"https:\/\/www.eldigitaldeasturias.com\/noticias\/category\/deportes\/","nextItem":{"@type":"ListItem","@id":"https:\/\/www.eldigitaldeasturias.com\/noticias\/el-presidente-del-stuttgart-promete-el-ascenso\/#listItem","name":"El presidente del Stuttgart promete el ascenso"},"previousItem":{"@type":"ListItem","@id":"https:\/\/www.eldigitaldeasturias.com\/noticias#listItem","name":"Home"}},{"@type":"ListItem","@id":"https:\/\/www.eldigitaldeasturias.com\/noticias\/el-presidente-del-stuttgart-promete-el-ascenso\/#listItem","position":3,"name":"El presidente del Stuttgart promete el ascenso","previousItem":{"@type":"ListItem","@id":"https:\/\/www.eldigitaldeasturias.com\/noticias\/category\/deportes\/#listItem","name":"Deportes"}}]},{"@type":"Organization","@id":"https:\/\/www.eldigitaldeasturias.com\/noticias\/#organization","name":"El Digital de Asturias","description":"Hemeroteca","url":"https:\/\/www.eldigitaldeasturias.com\/noticias\/","email":"info@eldigitaldeasturias.com","telephone":"+34652131393","logo":{"@type":"ImageObject","url":"https:\/\/www.eldigitaldeasturias.com\/noticias\/wp-content\/uploads\/2020\/12\/EDA.jpg","@id":"https:\/\/www.eldigitaldeasturias.com\/noticias\/el-presidente-del-stuttgart-promete-el-ascenso\/#organizationLogo","width":649,"height":297},"image":{"@id":"https:\/\/www.eldigitaldeasturias.com\/noticias\/el-presidente-del-stuttgart-promete-el-ascenso\/#organizationLogo"},"sameAs":["https:\/\/facebook.com\/eldigitaldeasturias","https:\/\/www.youtube.com\/channel\/UCZP-2wLEB9Rv6erhFmqVnvg"],"address":{"@id":"https:\/\/www.eldigitaldeasturias.com\/noticias\/#postaladdress","@type":"PostalAddress","streetAddress":"san antonio 4,","postalCode":"33430","addressLocality":"Cand\u00e1s","addressRegion":"Asturias","addressCountry":"ES"}},{"@type":"Person","@id":"https:\/\/www.eldigitaldeasturias.com\/noticias\/author\/admin\/#author","url":"https:\/\/www.eldigitaldeasturias.com\/noticias\/author\/admin\/","name":"El Digital de Asturias","image":{"@type":"ImageObject","@id":"https:\/\/www.eldigitaldeasturias.com\/noticias\/el-presidente-del-stuttgart-promete-el-ascenso\/#authorImage","url":"https:\/\/www.eldigitaldeasturias.com\/noticias\/wp-content\/litespeed\/avatar\/18677e78aa0546b92d9dbf31ec7d7668.jpg?ver=1777290358","width":96,"height":96,"caption":"El Digital de Asturias"}},{"@type":"WebPage","@id":"https:\/\/www.eldigitaldeasturias.com\/noticias\/el-presidente-del-stuttgart-promete-el-ascenso\/#webpage","url":"https:\/\/www.eldigitaldeasturias.com\/noticias\/el-presidente-del-stuttgart-promete-el-ascenso\/","name":"El presidente del Stuttgart promete el ascenso - El Digital de Asturias","description":"Stuttgart\/Berl\u00edn, 28 may (dpa) - El pol\u00e9mico presidente del Stuttgart, Wolfgang Dietrich, pronostic\u00f3 el regreso del club suabo a la primera divisi\u00f3n de la Liga alemana de f\u00fatbol (Bundesliga) tras el tercer descenso de categor\u00eda al empatar ante el Union Berl\u00edn en el partido de vuelta del repechaje. \"Las condiciones econ\u00f3micas y estructurales para lograrlo","inLanguage":"es-ES","isPartOf":{"@id":"https:\/\/www.eldigitaldeasturias.com\/noticias\/#website"},"breadcrumb":{"@id":"https:\/\/www.eldigitaldeasturias.com\/noticias\/el-presidente-del-stuttgart-promete-el-ascenso\/#breadcrumblist"},"author":{"@id":"https:\/\/www.eldigitaldeasturias.com\/noticias\/author\/admin\/#author"},"creator":{"@id":"https:\/\/www.eldigitaldeasturias.com\/noticias\/author\/admin\/#author"},"image":{"@type":"ImageObject","url":"https:\/\/www.eldigitaldeasturias.com\/noticias\/wp-content\/uploads\/2019\/05\/Stuttgart.jpg","@id":"https:\/\/www.eldigitaldeasturias.com\/noticias\/el-presidente-del-stuttgart-promete-el-ascenso\/#mainImage","width":915,"height":665},"primaryImageOfPage":{"@id":"https:\/\/www.eldigitaldeasturias.com\/noticias\/el-presidente-del-stuttgart-promete-el-ascenso\/#mainImage"},"datePublished":"2019-05-28T15:22:38+02:00","dateModified":"2019-05-28T15:22:38+02:00"},{"@type":"WebSite","@id":"https:\/\/www.eldigitaldeasturias.com\/noticias\/#website","url":"https:\/\/www.eldigitaldeasturias.com\/noticias\/","name":"El Digital de Asturias - Diario de actualidad y noticias","alternateName":"El Digital de Asturias - Diario de actualidad y noticias","description":"Hemeroteca","inLanguage":"es-ES","publisher":{"@id":"https:\/\/www.eldigitaldeasturias.com\/noticias\/#organization"}}]},"og:locale":"es_ES","og:site_name":"El Digital de Asturias","og:type":"article","og:title":"El presidente del Stuttgart promete el ascenso - El Digital de Asturias","og:description":"Stuttgart\/Berl\u00edn, 28 may (dpa) - El pol\u00e9mico presidente del Stuttgart, Wolfgang Dietrich, pronostic\u00f3 el regreso del club suabo a la primera divisi\u00f3n de la Liga alemana de f\u00fatbol (Bundesliga) tras el tercer descenso de categor\u00eda al empatar ante el Union Berl\u00edn en el partido de vuelta del repechaje. &quot;Las condiciones econ\u00f3micas y estructurales para lograrlo","og:url":"https:\/\/www.eldigitaldeasturias.com\/noticias\/el-presidente-del-stuttgart-promete-el-ascenso\/","og:image":"https:\/\/www.eldigitaldeasturias.com\/noticias\/wp-content\/uploads\/2019\/05\/Stuttgart.jpg","og:image:secure_url":"https:\/\/www.eldigitaldeasturias.com\/noticias\/wp-content\/uploads\/2019\/05\/Stuttgart.jpg","og:image:width":915,"og:image:height":665,"article:tag":["deportes"],"article:published_time":"2019-05-28T15:22:38+00:00","article:modified_time":"2019-05-28T15:22:38+00:00","article:publisher":"https:\/\/facebook.com\/eldigitaldeasturias","twitter:card":"summary_large_image","twitter:title":"El presidente del Stuttgart promete el ascenso - El Digital de Asturias","twitter:description":"Stuttgart\/Berl\u00edn, 28 may (dpa) - El pol\u00e9mico presidente del Stuttgart, Wolfgang Dietrich, pronostic\u00f3 el regreso del club suabo a la primera divisi\u00f3n de la Liga alemana de f\u00fatbol (Bundesliga) tras el tercer descenso de categor\u00eda al empatar ante el Union Berl\u00edn en el partido de vuelta del repechaje. &quot;Las condiciones econ\u00f3micas y estructurales para lograrlo","twitter:image":"https:\/\/www.eldigitaldeasturias.com\/noticias\/wp-content\/uploads\/2019\/05\/Stuttgart.jpg","twitter:label1":"Escrito por","twitter:data1":"El Digital de Asturias","twitter:label2":"Tiempo de lectura estimado","twitter:data2":"2 minutos"},"aioseo_meta_data":{"post_id":"1028722","title":null,"description":null,"keywords":null,"keyphrases":null,"primary_term":null,"canonical_url":null,"og_title":null,"og_description":null,"og_object_type":"default","og_image_type":"default","og_image_url":null,"og_image_width":null,"og_image_height":null,"og_image_custom_url":null,"og_image_custom_fields":null,"og_video":null,"og_custom_url":null,"og_article_section":null,"og_article_tags":null,"twitter_use_og":false,"twitter_card":"default","twitter_image_type":"default","twitter_image_url":null,"twitter_image_custom_url":null,"twitter_image_custom_fields":null,"twitter_title":null,"twitter_description":null,"schema":{"blockGraphs":[],"customGraphs":[],"default":{"data":{"Article":[],"Course":[],"Dataset":[],"FAQPage":[],"Movie":[],"Person":[],"Product":[],"ProductReview":[],"Car":[],"Recipe":[],"Service":[],"SoftwareApplication":[],"WebPage":[]},"graphName":"","isEnabled":true},"graphs":[]},"schema_type":null,"schema_type_options":null,"pillar_content":false,"robots_default":true,"robots_noindex":false,"robots_noarchive":false,"robots_nosnippet":false,"robots_nofollow":false,"robots_noimageindex":false,"robots_noodp":false,"robots_notranslate":false,"robots_max_snippet":null,"robots_max_videopreview":null,"robots_max_imagepreview":"large","priority":null,"frequency":null,"local_seo":null,"seo_analyzer_scan_date":"2025-10-18 09:52:08","breadcrumb_settings":null,"limit_modified_date":false,"open_ai":null,"ai":null,"created":"2020-12-21 11:11:17","updated":"2025-10-18 09:52:08"},"aioseo_breadcrumb":"<div class=\"aioseo-breadcrumbs\"><span class=\"aioseo-breadcrumb\">\n\t<a href=\"https:\/\/www.eldigitaldeasturias.com\/noticias\" title=\"Home\">Home<\/a>\n<\/span><span class=\"aioseo-breadcrumb-separator\">\u2013<\/span><span class=\"aioseo-breadcrumb\">\n\t<a href=\"https:\/\/www.eldigitaldeasturias.com\/noticias\/category\/deportes\/\" title=\"Deportes\">Deportes<\/a>\n<\/span><span class=\"aioseo-breadcrumb-separator\">\u2013<\/span><span class=\"aioseo-breadcrumb\">\n\t<a href=\"https:\/\/www.eldigitaldeasturias.com\/noticias\/el-presidente-del-stuttgart-promete-el-ascenso\/\" title=\"El presidente del Stuttgart promete el ascenso\">El presidente del Stuttgart promete el ascenso<\/a>\n<\/span><\/div>","aioseo_breadcrumb_json":[{"label":"Home","link":"https:\/\/www.eldigitaldeasturias.com\/noticias"},{"label":"Deportes","link":"https:\/\/www.eldigitaldeasturias.com\/noticias\/category\/deportes\/"},{"label":"El presidente del Stuttgart promete el ascenso","link":"https:\/\/www.eldigitaldeasturias.com\/noticias\/el-presidente-del-stuttgart-promete-el-ascenso\/"}],"_links":{"self":[{"href":"https:\/\/www.eldigitaldeasturias.com\/noticias\/wp-json\/wp\/v2\/posts\/1028722","targetHints":{"allow":["GET"]}}],"collection":[{"href":"https:\/\/www.eldigitaldeasturias.com\/noticias\/wp-json\/wp\/v2\/posts"}],"about":[{"href":"https:\/\/www.eldigitaldeasturias.com\/noticias\/wp-json\/wp\/v2\/types\/post"}],"author":[{"embeddable":true,"href":"https:\/\/www.eldigitaldeasturias.com\/noticias\/wp-json\/wp\/v2\/users\/1"}],"replies":[{"embeddable":true,"href":"https:\/\/www.eldigitaldeasturias.com\/noticias\/wp-json\/wp\/v2\/comments?post=1028722"}],"version-history":[{"count":0,"href":"https:\/\/www.eldigitaldeasturias.com\/noticias\/wp-json\/wp\/v2\/posts\/1028722\/revisions"}],"wp:featuredmedia":[{"embeddable":true,"href":"https:\/\/www.eldigitaldeasturias.com\/noticias\/wp-json\/wp\/v2\/media\/1028723"}],"wp:attachment":[{"href":"https:\/\/www.eldigitaldeasturias.com\/noticias\/wp-json\/wp\/v2\/media?parent=1028722"}],"wp:term":[{"taxonomy":"category","embeddable":true,"href":"https:\/\/www.eldigitaldeasturias.com\/noticias\/wp-json\/wp\/v2\/categories?post=1028722"},{"taxonomy":"post_tag","embeddable":true,"href":"https:\/\/www.eldigitaldeasturias.com\/noticias\/wp-json\/wp\/v2\/tags?post=1028722"}],"curies":[{"name":"wp","href":"https:\/\/api.w.org\/{rel}","templated":true}]}}