{"id":1028627,"date":"2019-05-27T15:17:32","date_gmt":"2019-05-27T15:17:32","guid":{"rendered":"https:\/\/www.eldigitaldeasturias.com\/noticias\/?p=1028627"},"modified":"2019-05-27T15:17:32","modified_gmt":"2019-05-27T15:17:32","slug":"roland-garros-julia-gorges-eliminada-en-primera-ronda","status":"publish","type":"post","link":"https:\/\/www.eldigitaldeasturias.com\/noticias\/roland-garros-julia-gorges-eliminada-en-primera-ronda\/","title":{"rendered":"Roland Garros: Julia G\u00f6rges eliminada en primera ronda"},"content":{"rendered":"<p><img loading=\"lazy\" decoding=\"async\" class=\"alignleft size-medium wp-image-1028628\" src=\"https:\/\/www.eldigitaldeasturias.com\/noticias\/wp-content\/uploads\/2019\/05\/Julia-Gorges-360x241.jpg\" alt=\"\" width=\"360\" height=\"241\" srcset=\"https:\/\/www.eldigitaldeasturias.com\/noticias\/wp-content\/uploads\/2019\/05\/Julia-Gorges-360x241.jpg 360w, https:\/\/www.eldigitaldeasturias.com\/noticias\/wp-content\/uploads\/2019\/05\/Julia-Gorges-768x513.jpg 768w, https:\/\/www.eldigitaldeasturias.com\/noticias\/wp-content\/uploads\/2019\/05\/Julia-Gorges-650x434.jpg 650w, https:\/\/www.eldigitaldeasturias.com\/noticias\/wp-content\/uploads\/2019\/05\/Julia-Gorges.jpg 1010w\" sizes=\"auto, (max-width: 360px) 100vw, 360px\" \/>Par\u00eds, 27 may (dpa) &#8211; La tenista alemana Julia G\u00f6rges qued\u00f3 eliminada hoy en el Abierto de Francia al caer por 5-7, 1-6 ante la estonia Kaia Kanepi.<\/p>\n<p>Un d\u00eda despu\u00e9s de la derrota de su compatriota Angelique Kerber en la primera ronda, G\u00f6rges cay\u00f3 tras 92 minutos de juego ante Kanepi, n\u00famero 88 del ranking mundial.<\/p>\n<p>Hace unos d\u00edas, la tenista alemana de 30 a\u00f1os, que ocupa el puesto n\u00famero 18 en clasificaci\u00f3n internacional, tuvo que abandonar en el torneo de Roma debido a una lesi\u00f3n y renunci\u00f3 a participar en el certamen de N\u00faremberg.<\/p>\n<p>G\u00f6rges es la tercera germana que no logr\u00f3 pasar a la segunda ronda del Abierto de Francia, tras las derrotas de sus compatriotas Angelique Kerber y Antonia Lottner.<\/p>\n<p><em>Foto: Frank Molter\/dpa<\/em><\/p>\n","protected":false},"excerpt":{"rendered":"<p>Par\u00eds, 27 may (dpa) &#8211; La tenista alemana Julia G\u00f6rges qued\u00f3 eliminada hoy en el Abierto de Francia al caer por 5-7, 1-6 ante la estonia Kaia Kanepi. Un d\u00eda despu\u00e9s de la derrota de su compatriota Angelique Kerber en la primera ronda, G\u00f6rges cay\u00f3 tras 92 minutos de juego ante Kanepi, n\u00famero 88 del [&hellip;]<\/p>\n","protected":false},"author":1,"featured_media":1028628,"comment_status":"closed","ping_status":"closed","sticky":false,"template":"","format":"standard","meta":{"footnotes":""},"categories":[190],"tags":[],"class_list":["post-1028627","post","type-post","status-publish","format-standard","has-post-thumbnail","hentry","category-deportes"],"aioseo_notices":[],"aioseo_head":"\n\t\t<!-- All in One SEO Pro 4.9.6.2 - aioseo.com -->\n\t<meta name=\"description\" content=\"Par\u00eds, 27 may (dpa) - La tenista alemana Julia G\u00f6rges qued\u00f3 eliminada hoy en el Abierto de Francia al caer por 5-7, 1-6 ante la estonia Kaia Kanepi. Un d\u00eda despu\u00e9s de la derrota de su compatriota Angelique Kerber en la primera ronda, G\u00f6rges cay\u00f3 tras 92 minutos de juego ante Kanepi, n\u00famero 88 del\" \/>\n\t<meta name=\"robots\" content=\"max-image-preview:large\" \/>\n\t<meta name=\"author\" content=\"El Digital de Asturias\"\/>\n\t<meta name=\"google-site-verification\" content=\"UA-38556648-1\" \/>\n\t<meta name=\"msvalidate.01\" content=\"7dfe9f3f1b24437ab69f4f2559babe99\" \/>\n\t<meta name=\"keywords\" content=\"deportes\" \/>\n\t<link rel=\"canonical\" href=\"https:\/\/www.eldigitaldeasturias.com\/noticias\/roland-garros-julia-gorges-eliminada-en-primera-ronda\/\" \/>\n\t<meta name=\"generator\" content=\"All in One SEO Pro (AIOSEO) 4.9.6.2\" \/>\n\t\t<meta property=\"og:locale\" content=\"es_ES\" \/>\n\t\t<meta property=\"og:site_name\" content=\"El Digital de Asturias\" \/>\n\t\t<meta property=\"og:type\" content=\"article\" \/>\n\t\t<meta property=\"og:title\" content=\"Roland Garros: Julia G\u00f6rges eliminada en primera ronda - El Digital de Asturias\" \/>\n\t\t<meta property=\"og:description\" content=\"Par\u00eds, 27 may (dpa) - La tenista alemana Julia G\u00f6rges qued\u00f3 eliminada hoy en el Abierto de Francia al caer por 5-7, 1-6 ante la estonia Kaia Kanepi. Un d\u00eda despu\u00e9s de la derrota de su compatriota Angelique Kerber en la primera ronda, G\u00f6rges cay\u00f3 tras 92 minutos de juego ante Kanepi, n\u00famero 88 del\" \/>\n\t\t<meta property=\"og:url\" content=\"https:\/\/www.eldigitaldeasturias.com\/noticias\/roland-garros-julia-gorges-eliminada-en-primera-ronda\/\" \/>\n\t\t<meta property=\"og:image\" content=\"https:\/\/www.eldigitaldeasturias.com\/noticias\/wp-content\/uploads\/2019\/05\/Julia-Gorges.jpg\" \/>\n\t\t<meta property=\"og:image:secure_url\" content=\"https:\/\/www.eldigitaldeasturias.com\/noticias\/wp-content\/uploads\/2019\/05\/Julia-Gorges.jpg\" \/>\n\t\t<meta property=\"og:image:width\" content=\"1010\" \/>\n\t\t<meta property=\"og:image:height\" content=\"675\" \/>\n\t\t<meta property=\"article:tag\" content=\"deportes\" \/>\n\t\t<meta property=\"article:published_time\" content=\"2019-05-27T15:17:32+00:00\" \/>\n\t\t<meta property=\"article:modified_time\" content=\"2019-05-27T15:17:32+00:00\" \/>\n\t\t<meta property=\"article:publisher\" content=\"https:\/\/facebook.com\/eldigitaldeasturias\" \/>\n\t\t<meta name=\"twitter:card\" content=\"summary_large_image\" \/>\n\t\t<meta name=\"twitter:title\" content=\"Roland Garros: Julia G\u00f6rges eliminada en primera ronda - El Digital de Asturias\" \/>\n\t\t<meta name=\"twitter:description\" content=\"Par\u00eds, 27 may (dpa) - La tenista alemana Julia G\u00f6rges qued\u00f3 eliminada hoy en el Abierto de Francia al caer por 5-7, 1-6 ante la estonia Kaia Kanepi. Un d\u00eda despu\u00e9s de la derrota de su compatriota Angelique Kerber en la primera ronda, G\u00f6rges cay\u00f3 tras 92 minutos de juego ante Kanepi, n\u00famero 88 del\" \/>\n\t\t<meta name=\"twitter:image\" content=\"https:\/\/www.eldigitaldeasturias.com\/noticias\/wp-content\/uploads\/2019\/05\/Julia-Gorges.jpg\" \/>\n\t\t<meta name=\"twitter:label1\" content=\"Escrito por\" \/>\n\t\t<meta name=\"twitter:data1\" content=\"El Digital de Asturias\" \/>\n\t\t<meta name=\"twitter:label2\" content=\"Tiempo de lectura estimado\" \/>\n\t\t<meta name=\"twitter:data2\" content=\"1 minuto\" \/>\n\t\t<script type=\"application\/ld+json\" class=\"aioseo-schema\">\n\t\t\t{\"@context\":\"https:\\\/\\\/schema.org\",\"@graph\":[{\"@type\":\"BlogPosting\",\"@id\":\"https:\\\/\\\/www.eldigitaldeasturias.com\\\/noticias\\\/roland-garros-julia-gorges-eliminada-en-primera-ronda\\\/#blogposting\",\"name\":\"Roland Garros: Julia G\\u00f6rges eliminada en primera ronda - El Digital de Asturias\",\"headline\":\"Roland Garros: Julia G\\u00f6rges eliminada en primera ronda\",\"author\":{\"@id\":\"https:\\\/\\\/www.eldigitaldeasturias.com\\\/noticias\\\/author\\\/admin\\\/#author\"},\"publisher\":{\"@id\":\"https:\\\/\\\/www.eldigitaldeasturias.com\\\/noticias\\\/#organization\"},\"image\":{\"@type\":\"ImageObject\",\"url\":\"https:\\\/\\\/www.eldigitaldeasturias.com\\\/noticias\\\/wp-content\\\/uploads\\\/2019\\\/05\\\/Julia-Gorges.jpg\",\"width\":1010,\"height\":675},\"datePublished\":\"2019-05-27T15:17:32+02:00\",\"dateModified\":\"2019-05-27T15:17:32+02:00\",\"inLanguage\":\"es-ES\",\"mainEntityOfPage\":{\"@id\":\"https:\\\/\\\/www.eldigitaldeasturias.com\\\/noticias\\\/roland-garros-julia-gorges-eliminada-en-primera-ronda\\\/#webpage\"},\"isPartOf\":{\"@id\":\"https:\\\/\\\/www.eldigitaldeasturias.com\\\/noticias\\\/roland-garros-julia-gorges-eliminada-en-primera-ronda\\\/#webpage\"},\"articleSection\":\"Deportes\"},{\"@type\":\"BreadcrumbList\",\"@id\":\"https:\\\/\\\/www.eldigitaldeasturias.com\\\/noticias\\\/roland-garros-julia-gorges-eliminada-en-primera-ronda\\\/#breadcrumblist\",\"itemListElement\":[{\"@type\":\"ListItem\",\"@id\":\"https:\\\/\\\/www.eldigitaldeasturias.com\\\/noticias#listItem\",\"position\":1,\"name\":\"Home\",\"item\":\"https:\\\/\\\/www.eldigitaldeasturias.com\\\/noticias\",\"nextItem\":{\"@type\":\"ListItem\",\"@id\":\"https:\\\/\\\/www.eldigitaldeasturias.com\\\/noticias\\\/category\\\/deportes\\\/#listItem\",\"name\":\"Deportes\"}},{\"@type\":\"ListItem\",\"@id\":\"https:\\\/\\\/www.eldigitaldeasturias.com\\\/noticias\\\/category\\\/deportes\\\/#listItem\",\"position\":2,\"name\":\"Deportes\",\"item\":\"https:\\\/\\\/www.eldigitaldeasturias.com\\\/noticias\\\/category\\\/deportes\\\/\",\"nextItem\":{\"@type\":\"ListItem\",\"@id\":\"https:\\\/\\\/www.eldigitaldeasturias.com\\\/noticias\\\/roland-garros-julia-gorges-eliminada-en-primera-ronda\\\/#listItem\",\"name\":\"Roland Garros: Julia G\\u00f6rges eliminada en primera ronda\"},\"previousItem\":{\"@type\":\"ListItem\",\"@id\":\"https:\\\/\\\/www.eldigitaldeasturias.com\\\/noticias#listItem\",\"name\":\"Home\"}},{\"@type\":\"ListItem\",\"@id\":\"https:\\\/\\\/www.eldigitaldeasturias.com\\\/noticias\\\/roland-garros-julia-gorges-eliminada-en-primera-ronda\\\/#listItem\",\"position\":3,\"name\":\"Roland Garros: Julia G\\u00f6rges eliminada en primera ronda\",\"previousItem\":{\"@type\":\"ListItem\",\"@id\":\"https:\\\/\\\/www.eldigitaldeasturias.com\\\/noticias\\\/category\\\/deportes\\\/#listItem\",\"name\":\"Deportes\"}}]},{\"@type\":\"Organization\",\"@id\":\"https:\\\/\\\/www.eldigitaldeasturias.com\\\/noticias\\\/#organization\",\"name\":\"El Digital de Asturias\",\"description\":\"Hemeroteca\",\"url\":\"https:\\\/\\\/www.eldigitaldeasturias.com\\\/noticias\\\/\",\"email\":\"info@eldigitaldeasturias.com\",\"telephone\":\"+34652131393\",\"logo\":{\"@type\":\"ImageObject\",\"url\":\"https:\\\/\\\/www.eldigitaldeasturias.com\\\/noticias\\\/wp-content\\\/uploads\\\/2020\\\/12\\\/EDA.jpg\",\"@id\":\"https:\\\/\\\/www.eldigitaldeasturias.com\\\/noticias\\\/roland-garros-julia-gorges-eliminada-en-primera-ronda\\\/#organizationLogo\",\"width\":649,\"height\":297},\"image\":{\"@id\":\"https:\\\/\\\/www.eldigitaldeasturias.com\\\/noticias\\\/roland-garros-julia-gorges-eliminada-en-primera-ronda\\\/#organizationLogo\"},\"sameAs\":[\"https:\\\/\\\/facebook.com\\\/eldigitaldeasturias\",\"https:\\\/\\\/www.youtube.com\\\/channel\\\/UCZP-2wLEB9Rv6erhFmqVnvg\"],\"address\":{\"@id\":\"https:\\\/\\\/www.eldigitaldeasturias.com\\\/noticias\\\/#postaladdress\",\"@type\":\"PostalAddress\",\"streetAddress\":\"san antonio 4,\",\"postalCode\":\"33430\",\"addressLocality\":\"Cand\\u00e1s\",\"addressRegion\":\"Asturias\",\"addressCountry\":\"ES\"}},{\"@type\":\"Person\",\"@id\":\"https:\\\/\\\/www.eldigitaldeasturias.com\\\/noticias\\\/author\\\/admin\\\/#author\",\"url\":\"https:\\\/\\\/www.eldigitaldeasturias.com\\\/noticias\\\/author\\\/admin\\\/\",\"name\":\"El Digital de Asturias\",\"image\":{\"@type\":\"ImageObject\",\"@id\":\"https:\\\/\\\/www.eldigitaldeasturias.com\\\/noticias\\\/roland-garros-julia-gorges-eliminada-en-primera-ronda\\\/#authorImage\",\"url\":\"https:\\\/\\\/www.eldigitaldeasturias.com\\\/noticias\\\/wp-content\\\/litespeed\\\/avatar\\\/18677e78aa0546b92d9dbf31ec7d7668.jpg?ver=1777290358\",\"width\":96,\"height\":96,\"caption\":\"El Digital de Asturias\"}},{\"@type\":\"WebPage\",\"@id\":\"https:\\\/\\\/www.eldigitaldeasturias.com\\\/noticias\\\/roland-garros-julia-gorges-eliminada-en-primera-ronda\\\/#webpage\",\"url\":\"https:\\\/\\\/www.eldigitaldeasturias.com\\\/noticias\\\/roland-garros-julia-gorges-eliminada-en-primera-ronda\\\/\",\"name\":\"Roland Garros: Julia G\\u00f6rges eliminada en primera ronda - El Digital de Asturias\",\"description\":\"Par\\u00eds, 27 may (dpa) - La tenista alemana Julia G\\u00f6rges qued\\u00f3 eliminada hoy en el Abierto de Francia al caer por 5-7, 1-6 ante la estonia Kaia Kanepi. Un d\\u00eda despu\\u00e9s de la derrota de su compatriota Angelique Kerber en la primera ronda, G\\u00f6rges cay\\u00f3 tras 92 minutos de juego ante Kanepi, n\\u00famero 88 del\",\"inLanguage\":\"es-ES\",\"isPartOf\":{\"@id\":\"https:\\\/\\\/www.eldigitaldeasturias.com\\\/noticias\\\/#website\"},\"breadcrumb\":{\"@id\":\"https:\\\/\\\/www.eldigitaldeasturias.com\\\/noticias\\\/roland-garros-julia-gorges-eliminada-en-primera-ronda\\\/#breadcrumblist\"},\"author\":{\"@id\":\"https:\\\/\\\/www.eldigitaldeasturias.com\\\/noticias\\\/author\\\/admin\\\/#author\"},\"creator\":{\"@id\":\"https:\\\/\\\/www.eldigitaldeasturias.com\\\/noticias\\\/author\\\/admin\\\/#author\"},\"image\":{\"@type\":\"ImageObject\",\"url\":\"https:\\\/\\\/www.eldigitaldeasturias.com\\\/noticias\\\/wp-content\\\/uploads\\\/2019\\\/05\\\/Julia-Gorges.jpg\",\"@id\":\"https:\\\/\\\/www.eldigitaldeasturias.com\\\/noticias\\\/roland-garros-julia-gorges-eliminada-en-primera-ronda\\\/#mainImage\",\"width\":1010,\"height\":675},\"primaryImageOfPage\":{\"@id\":\"https:\\\/\\\/www.eldigitaldeasturias.com\\\/noticias\\\/roland-garros-julia-gorges-eliminada-en-primera-ronda\\\/#mainImage\"},\"datePublished\":\"2019-05-27T15:17:32+02:00\",\"dateModified\":\"2019-05-27T15:17:32+02:00\"},{\"@type\":\"WebSite\",\"@id\":\"https:\\\/\\\/www.eldigitaldeasturias.com\\\/noticias\\\/#website\",\"url\":\"https:\\\/\\\/www.eldigitaldeasturias.com\\\/noticias\\\/\",\"name\":\"El Digital de Asturias - Diario de actualidad y noticias\",\"alternateName\":\"El Digital de Asturias - Diario de actualidad y noticias\",\"description\":\"Hemeroteca\",\"inLanguage\":\"es-ES\",\"publisher\":{\"@id\":\"https:\\\/\\\/www.eldigitaldeasturias.com\\\/noticias\\\/#organization\"}}]}\n\t\t<\/script>\n\t\t<!-- All in One SEO Pro -->\r\n\t\t<title>Roland Garros: Julia G\u00f6rges eliminada en primera ronda - El Digital de Asturias<\/title>\n\n","aioseo_head_json":{"title":"Roland Garros: Julia G\u00f6rges eliminada en primera ronda - El Digital de Asturias","description":"Par\u00eds, 27 may (dpa) - La tenista alemana Julia G\u00f6rges qued\u00f3 eliminada hoy en el Abierto de Francia al caer por 5-7, 1-6 ante la estonia Kaia Kanepi. Un d\u00eda despu\u00e9s de la derrota de su compatriota Angelique Kerber en la primera ronda, G\u00f6rges cay\u00f3 tras 92 minutos de juego ante Kanepi, n\u00famero 88 del","canonical_url":"https:\/\/www.eldigitaldeasturias.com\/noticias\/roland-garros-julia-gorges-eliminada-en-primera-ronda\/","robots":"max-image-preview:large","keywords":"deportes","webmasterTools":{"google-site-verification":"UA-38556648-1","msvalidate.01":"7dfe9f3f1b24437ab69f4f2559babe99","miscellaneous":""},"schema":{"@context":"https:\/\/schema.org","@graph":[{"@type":"BlogPosting","@id":"https:\/\/www.eldigitaldeasturias.com\/noticias\/roland-garros-julia-gorges-eliminada-en-primera-ronda\/#blogposting","name":"Roland Garros: Julia G\u00f6rges eliminada en primera ronda - El Digital de Asturias","headline":"Roland Garros: Julia G\u00f6rges eliminada en primera ronda","author":{"@id":"https:\/\/www.eldigitaldeasturias.com\/noticias\/author\/admin\/#author"},"publisher":{"@id":"https:\/\/www.eldigitaldeasturias.com\/noticias\/#organization"},"image":{"@type":"ImageObject","url":"https:\/\/www.eldigitaldeasturias.com\/noticias\/wp-content\/uploads\/2019\/05\/Julia-Gorges.jpg","width":1010,"height":675},"datePublished":"2019-05-27T15:17:32+02:00","dateModified":"2019-05-27T15:17:32+02:00","inLanguage":"es-ES","mainEntityOfPage":{"@id":"https:\/\/www.eldigitaldeasturias.com\/noticias\/roland-garros-julia-gorges-eliminada-en-primera-ronda\/#webpage"},"isPartOf":{"@id":"https:\/\/www.eldigitaldeasturias.com\/noticias\/roland-garros-julia-gorges-eliminada-en-primera-ronda\/#webpage"},"articleSection":"Deportes"},{"@type":"BreadcrumbList","@id":"https:\/\/www.eldigitaldeasturias.com\/noticias\/roland-garros-julia-gorges-eliminada-en-primera-ronda\/#breadcrumblist","itemListElement":[{"@type":"ListItem","@id":"https:\/\/www.eldigitaldeasturias.com\/noticias#listItem","position":1,"name":"Home","item":"https:\/\/www.eldigitaldeasturias.com\/noticias","nextItem":{"@type":"ListItem","@id":"https:\/\/www.eldigitaldeasturias.com\/noticias\/category\/deportes\/#listItem","name":"Deportes"}},{"@type":"ListItem","@id":"https:\/\/www.eldigitaldeasturias.com\/noticias\/category\/deportes\/#listItem","position":2,"name":"Deportes","item":"https:\/\/www.eldigitaldeasturias.com\/noticias\/category\/deportes\/","nextItem":{"@type":"ListItem","@id":"https:\/\/www.eldigitaldeasturias.com\/noticias\/roland-garros-julia-gorges-eliminada-en-primera-ronda\/#listItem","name":"Roland Garros: Julia G\u00f6rges eliminada en primera ronda"},"previousItem":{"@type":"ListItem","@id":"https:\/\/www.eldigitaldeasturias.com\/noticias#listItem","name":"Home"}},{"@type":"ListItem","@id":"https:\/\/www.eldigitaldeasturias.com\/noticias\/roland-garros-julia-gorges-eliminada-en-primera-ronda\/#listItem","position":3,"name":"Roland Garros: Julia G\u00f6rges eliminada en primera ronda","previousItem":{"@type":"ListItem","@id":"https:\/\/www.eldigitaldeasturias.com\/noticias\/category\/deportes\/#listItem","name":"Deportes"}}]},{"@type":"Organization","@id":"https:\/\/www.eldigitaldeasturias.com\/noticias\/#organization","name":"El Digital de Asturias","description":"Hemeroteca","url":"https:\/\/www.eldigitaldeasturias.com\/noticias\/","email":"info@eldigitaldeasturias.com","telephone":"+34652131393","logo":{"@type":"ImageObject","url":"https:\/\/www.eldigitaldeasturias.com\/noticias\/wp-content\/uploads\/2020\/12\/EDA.jpg","@id":"https:\/\/www.eldigitaldeasturias.com\/noticias\/roland-garros-julia-gorges-eliminada-en-primera-ronda\/#organizationLogo","width":649,"height":297},"image":{"@id":"https:\/\/www.eldigitaldeasturias.com\/noticias\/roland-garros-julia-gorges-eliminada-en-primera-ronda\/#organizationLogo"},"sameAs":["https:\/\/facebook.com\/eldigitaldeasturias","https:\/\/www.youtube.com\/channel\/UCZP-2wLEB9Rv6erhFmqVnvg"],"address":{"@id":"https:\/\/www.eldigitaldeasturias.com\/noticias\/#postaladdress","@type":"PostalAddress","streetAddress":"san antonio 4,","postalCode":"33430","addressLocality":"Cand\u00e1s","addressRegion":"Asturias","addressCountry":"ES"}},{"@type":"Person","@id":"https:\/\/www.eldigitaldeasturias.com\/noticias\/author\/admin\/#author","url":"https:\/\/www.eldigitaldeasturias.com\/noticias\/author\/admin\/","name":"El Digital de Asturias","image":{"@type":"ImageObject","@id":"https:\/\/www.eldigitaldeasturias.com\/noticias\/roland-garros-julia-gorges-eliminada-en-primera-ronda\/#authorImage","url":"https:\/\/www.eldigitaldeasturias.com\/noticias\/wp-content\/litespeed\/avatar\/18677e78aa0546b92d9dbf31ec7d7668.jpg?ver=1777290358","width":96,"height":96,"caption":"El Digital de Asturias"}},{"@type":"WebPage","@id":"https:\/\/www.eldigitaldeasturias.com\/noticias\/roland-garros-julia-gorges-eliminada-en-primera-ronda\/#webpage","url":"https:\/\/www.eldigitaldeasturias.com\/noticias\/roland-garros-julia-gorges-eliminada-en-primera-ronda\/","name":"Roland Garros: Julia G\u00f6rges eliminada en primera ronda - El Digital de Asturias","description":"Par\u00eds, 27 may (dpa) - La tenista alemana Julia G\u00f6rges qued\u00f3 eliminada hoy en el Abierto de Francia al caer por 5-7, 1-6 ante la estonia Kaia Kanepi. Un d\u00eda despu\u00e9s de la derrota de su compatriota Angelique Kerber en la primera ronda, G\u00f6rges cay\u00f3 tras 92 minutos de juego ante Kanepi, n\u00famero 88 del","inLanguage":"es-ES","isPartOf":{"@id":"https:\/\/www.eldigitaldeasturias.com\/noticias\/#website"},"breadcrumb":{"@id":"https:\/\/www.eldigitaldeasturias.com\/noticias\/roland-garros-julia-gorges-eliminada-en-primera-ronda\/#breadcrumblist"},"author":{"@id":"https:\/\/www.eldigitaldeasturias.com\/noticias\/author\/admin\/#author"},"creator":{"@id":"https:\/\/www.eldigitaldeasturias.com\/noticias\/author\/admin\/#author"},"image":{"@type":"ImageObject","url":"https:\/\/www.eldigitaldeasturias.com\/noticias\/wp-content\/uploads\/2019\/05\/Julia-Gorges.jpg","@id":"https:\/\/www.eldigitaldeasturias.com\/noticias\/roland-garros-julia-gorges-eliminada-en-primera-ronda\/#mainImage","width":1010,"height":675},"primaryImageOfPage":{"@id":"https:\/\/www.eldigitaldeasturias.com\/noticias\/roland-garros-julia-gorges-eliminada-en-primera-ronda\/#mainImage"},"datePublished":"2019-05-27T15:17:32+02:00","dateModified":"2019-05-27T15:17:32+02:00"},{"@type":"WebSite","@id":"https:\/\/www.eldigitaldeasturias.com\/noticias\/#website","url":"https:\/\/www.eldigitaldeasturias.com\/noticias\/","name":"El Digital de Asturias - Diario de actualidad y noticias","alternateName":"El Digital de Asturias - Diario de actualidad y noticias","description":"Hemeroteca","inLanguage":"es-ES","publisher":{"@id":"https:\/\/www.eldigitaldeasturias.com\/noticias\/#organization"}}]},"og:locale":"es_ES","og:site_name":"El Digital de Asturias","og:type":"article","og:title":"Roland Garros: Julia G\u00f6rges eliminada en primera ronda - El Digital de Asturias","og:description":"Par\u00eds, 27 may (dpa) - La tenista alemana Julia G\u00f6rges qued\u00f3 eliminada hoy en el Abierto de Francia al caer por 5-7, 1-6 ante la estonia Kaia Kanepi. Un d\u00eda despu\u00e9s de la derrota de su compatriota Angelique Kerber en la primera ronda, G\u00f6rges cay\u00f3 tras 92 minutos de juego ante Kanepi, n\u00famero 88 del","og:url":"https:\/\/www.eldigitaldeasturias.com\/noticias\/roland-garros-julia-gorges-eliminada-en-primera-ronda\/","og:image":"https:\/\/www.eldigitaldeasturias.com\/noticias\/wp-content\/uploads\/2019\/05\/Julia-Gorges.jpg","og:image:secure_url":"https:\/\/www.eldigitaldeasturias.com\/noticias\/wp-content\/uploads\/2019\/05\/Julia-Gorges.jpg","og:image:width":1010,"og:image:height":675,"article:tag":["deportes"],"article:published_time":"2019-05-27T15:17:32+00:00","article:modified_time":"2019-05-27T15:17:32+00:00","article:publisher":"https:\/\/facebook.com\/eldigitaldeasturias","twitter:card":"summary_large_image","twitter:title":"Roland Garros: Julia G\u00f6rges eliminada en primera ronda - El Digital de Asturias","twitter:description":"Par\u00eds, 27 may (dpa) - La tenista alemana Julia G\u00f6rges qued\u00f3 eliminada hoy en el Abierto de Francia al caer por 5-7, 1-6 ante la estonia Kaia Kanepi. Un d\u00eda despu\u00e9s de la derrota de su compatriota Angelique Kerber en la primera ronda, G\u00f6rges cay\u00f3 tras 92 minutos de juego ante Kanepi, n\u00famero 88 del","twitter:image":"https:\/\/www.eldigitaldeasturias.com\/noticias\/wp-content\/uploads\/2019\/05\/Julia-Gorges.jpg","twitter:label1":"Escrito por","twitter:data1":"El Digital de Asturias","twitter:label2":"Tiempo de lectura estimado","twitter:data2":"1 minuto"},"aioseo_meta_data":{"post_id":"1028627","title":null,"description":null,"keywords":null,"keyphrases":null,"primary_term":null,"canonical_url":null,"og_title":null,"og_description":null,"og_object_type":"default","og_image_type":"default","og_image_url":null,"og_image_width":null,"og_image_height":null,"og_image_custom_url":null,"og_image_custom_fields":null,"og_video":null,"og_custom_url":null,"og_article_section":null,"og_article_tags":null,"twitter_use_og":false,"twitter_card":"default","twitter_image_type":"default","twitter_image_url":null,"twitter_image_custom_url":null,"twitter_image_custom_fields":null,"twitter_title":null,"twitter_description":null,"schema":{"blockGraphs":[],"customGraphs":[],"default":{"data":{"Article":[],"Course":[],"Dataset":[],"FAQPage":[],"Movie":[],"Person":[],"Product":[],"ProductReview":[],"Car":[],"Recipe":[],"Service":[],"SoftwareApplication":[],"WebPage":[]},"graphName":"","isEnabled":true},"graphs":[],"defaultGraph":"","defaultPostTypeGraph":""},"schema_type":null,"schema_type_options":null,"pillar_content":false,"robots_default":true,"robots_noindex":false,"robots_noarchive":false,"robots_nosnippet":false,"robots_nofollow":false,"robots_noimageindex":false,"robots_noodp":false,"robots_notranslate":false,"robots_max_snippet":null,"robots_max_videopreview":null,"robots_max_imagepreview":"large","priority":null,"frequency":null,"local_seo":null,"seo_analyzer_scan_date":"2025-10-18 09:33:14","breadcrumb_settings":null,"limit_modified_date":false,"open_ai":null,"ai":null,"created":"2020-12-21 11:11:25","updated":"2025-10-18 09:33:14"},"aioseo_breadcrumb":"<div class=\"aioseo-breadcrumbs\"><span class=\"aioseo-breadcrumb\">\n\t<a href=\"https:\/\/www.eldigitaldeasturias.com\/noticias\" title=\"Home\">Home<\/a>\n<\/span><span class=\"aioseo-breadcrumb-separator\">\u2013<\/span><span class=\"aioseo-breadcrumb\">\n\t<a href=\"https:\/\/www.eldigitaldeasturias.com\/noticias\/category\/deportes\/\" title=\"Deportes\">Deportes<\/a>\n<\/span><span class=\"aioseo-breadcrumb-separator\">\u2013<\/span><span class=\"aioseo-breadcrumb\">\n\t<a href=\"https:\/\/www.eldigitaldeasturias.com\/noticias\/roland-garros-julia-gorges-eliminada-en-primera-ronda\/\" title=\"Roland Garros: Julia G\u00f6rges eliminada en primera ronda\">Roland Garros: Julia G\u00f6rges eliminada en primera ronda<\/a>\n<\/span><\/div>","aioseo_breadcrumb_json":[{"label":"Home","link":"https:\/\/www.eldigitaldeasturias.com\/noticias"},{"label":"Deportes","link":"https:\/\/www.eldigitaldeasturias.com\/noticias\/category\/deportes\/"},{"label":"Roland Garros: Julia G\u00f6rges eliminada en primera ronda","link":"https:\/\/www.eldigitaldeasturias.com\/noticias\/roland-garros-julia-gorges-eliminada-en-primera-ronda\/"}],"_links":{"self":[{"href":"https:\/\/www.eldigitaldeasturias.com\/noticias\/wp-json\/wp\/v2\/posts\/1028627","targetHints":{"allow":["GET"]}}],"collection":[{"href":"https:\/\/www.eldigitaldeasturias.com\/noticias\/wp-json\/wp\/v2\/posts"}],"about":[{"href":"https:\/\/www.eldigitaldeasturias.com\/noticias\/wp-json\/wp\/v2\/types\/post"}],"author":[{"embeddable":true,"href":"https:\/\/www.eldigitaldeasturias.com\/noticias\/wp-json\/wp\/v2\/users\/1"}],"replies":[{"embeddable":true,"href":"https:\/\/www.eldigitaldeasturias.com\/noticias\/wp-json\/wp\/v2\/comments?post=1028627"}],"version-history":[{"count":0,"href":"https:\/\/www.eldigitaldeasturias.com\/noticias\/wp-json\/wp\/v2\/posts\/1028627\/revisions"}],"wp:featuredmedia":[{"embeddable":true,"href":"https:\/\/www.eldigitaldeasturias.com\/noticias\/wp-json\/wp\/v2\/media\/1028628"}],"wp:attachment":[{"href":"https:\/\/www.eldigitaldeasturias.com\/noticias\/wp-json\/wp\/v2\/media?parent=1028627"}],"wp:term":[{"taxonomy":"category","embeddable":true,"href":"https:\/\/www.eldigitaldeasturias.com\/noticias\/wp-json\/wp\/v2\/categories?post=1028627"},{"taxonomy":"post_tag","embeddable":true,"href":"https:\/\/www.eldigitaldeasturias.com\/noticias\/wp-json\/wp\/v2\/tags?post=1028627"}],"curies":[{"name":"wp","href":"https:\/\/api.w.org\/{rel}","templated":true}]}}