{"id":1028342,"date":"2019-05-23T18:17:16","date_gmt":"2019-05-23T18:17:16","guid":{"rendered":"https:\/\/www.eldigitaldeasturias.com\/noticias\/?p=1028342"},"modified":"2019-05-23T18:17:16","modified_gmt":"2019-05-23T18:17:16","slug":"el-borussia-dortmund-contrata-a-hazard-y-a-brandt-hasta-2024","status":"publish","type":"post","link":"https:\/\/www.eldigitaldeasturias.com\/noticias\/el-borussia-dortmund-contrata-a-hazard-y-a-brandt-hasta-2024\/","title":{"rendered":"El Borussia Dortmund contrata a Hazard y a Brandt hasta 2024"},"content":{"rendered":"<p><img loading=\"lazy\" decoding=\"async\" class=\"alignleft size-medium wp-image-988327\" src=\"https:\/\/www.eldigitaldeasturias.com\/noticias\/wp-content\/uploads\/2018\/07\/football-fans-797383_960_720-335x320.jpg\" alt=\"\" width=\"335\" height=\"320\" srcset=\"https:\/\/www.eldigitaldeasturias.com\/noticias\/wp-content\/uploads\/2018\/07\/football-fans-797383_960_720-335x320.jpg 335w, https:\/\/www.eldigitaldeasturias.com\/noticias\/wp-content\/uploads\/2018\/07\/football-fans-797383_960_720-502x480.jpg 502w, https:\/\/www.eldigitaldeasturias.com\/noticias\/wp-content\/uploads\/2018\/07\/football-fans-797383_960_720-396x377.jpg 396w, https:\/\/www.eldigitaldeasturias.com\/noticias\/wp-content\/uploads\/2018\/07\/football-fans-797383_960_720.jpg 753w\" sizes=\"auto, (max-width: 335px) 100vw, 335px\" \/>Dortmund, 22 may (dpa) &#8211; El Borussia Dortmund alem\u00e1n anunci\u00f3 hoy las contrataciones de los futbolistas Thorgan Hazard y Julian Brandt para las pr\u00f3ximas cinco temporadas, hasta 2024.<\/p>\n<p>El belga Thorgan Hazard llega procedente del Borussia M\u00f6nchengladbach y el internacional germano Julian Brandt lo hace del Bayer Leverkusen.<\/p>\n<p>Ambos se unen a Nico Schulz como fichajes del subcampe\u00f3n de la Bundesliga germana de f\u00fatbol, despu\u00e9s de que ayer se hiciera oficial la llegada al equipo del lateral internacional alem\u00e1n que militaba en el Hoffenheim.<\/p>\n<p>Seg\u00fan apuntan los medios, Brandt ten\u00eda una cl\u00e1usula de exclusi\u00f3n voluntaria que le permit\u00eda salir del Leverkusen de forma anticipada este verano (boreal) por una tarifa de traspaso de 25 millones de euros (28 millones de d\u00f3lares).<\/p>\n<p>\u00abAunque Julian Brandt juega desde hace tiempo en la Bundesliga y tiene mucha experiencia tanto a nivel nacional como internacional, a la edad de 23 a\u00f1os todav\u00eda es un profesional muy joven con potencial de desarrollo\u00bb, dijo el director deportivo del Dortmund, Michael Zorc.<\/p>\n<p>La transferencia de Brandt, que ha jugado 215 partidos oficiales con el Leverkusen desde 2014, a\u00fan est\u00e1 sujeta a un acuerdo final entre ambos clubes.<\/p>\n<p>Respecto al mediocampista belga Hazard, de 26 a\u00f1os, los clubes no revelaron detalles del importe del traspaso del jugador. Algunas informaciones de prensa cifran el fichaje entre 25 y 30 millones de euros (entre 28 millones y 33,5 millones de d\u00f3lares).<\/p>\n<p>\u00abEstamos muy contentos de que Thorgan se haya decidido con convicci\u00f3n por el Borussia Dortmund. Es un experimentado profesional de la Bundesliga e internacional belga, que nos ayudar\u00e1 con su ritmo y su r\u00e1pida finalizaci\u00f3n\u00bb, seg\u00fan Zorc.<\/p>\n<p>Hazard no emprendi\u00f3 viaje a China el domingo pasado con el Borussia M\u00f6nchengladbach, donde el club lleva a cabo una gira promocional. El jugador ofensivo anot\u00f3 13 goles en 35 partidos oficiales la temporada pasada y dio 12 asistencias.<\/p>\n<p>\u00abEstoy agradecido por cinco grandes a\u00f1os en el Borussia M\u00f6nchengladbach y por los muy buenos recuerdos. Ahora era el momento perfecto para dar el siguiente paso en mi carrera\u00bb, dijo el hermano de la estrella del Chelsea Eden Hazard.<\/p>\n","protected":false},"excerpt":{"rendered":"<p>Dortmund, 22 may (dpa) &#8211; El Borussia Dortmund alem\u00e1n anunci\u00f3 hoy las contrataciones de los futbolistas Thorgan Hazard y Julian Brandt para las pr\u00f3ximas cinco temporadas, hasta 2024. El belga Thorgan Hazard llega procedente del Borussia M\u00f6nchengladbach y el internacional germano Julian Brandt lo hace del Bayer Leverkusen. Ambos se unen a Nico Schulz como [&hellip;]<\/p>\n","protected":false},"author":1,"featured_media":988327,"comment_status":"closed","ping_status":"closed","sticky":false,"template":"","format":"standard","meta":{"footnotes":""},"categories":[190],"tags":[],"class_list":["post-1028342","post","type-post","status-publish","format-standard","has-post-thumbnail","hentry","category-deportes"],"aioseo_notices":[],"aioseo_head":"\n\t\t<!-- All in One SEO Pro 4.9.6.2 - aioseo.com -->\n\t<meta name=\"description\" content=\"Dortmund, 22 may (dpa) - El Borussia Dortmund alem\u00e1n anunci\u00f3 hoy las contrataciones de los futbolistas Thorgan Hazard y Julian Brandt para las pr\u00f3ximas cinco temporadas, hasta 2024. El belga Thorgan Hazard llega procedente del Borussia M\u00f6nchengladbach y el internacional germano Julian Brandt lo hace del Bayer Leverkusen. Ambos se unen a Nico Schulz como\" \/>\n\t<meta name=\"robots\" content=\"max-image-preview:large\" \/>\n\t<meta name=\"author\" content=\"El Digital de Asturias\"\/>\n\t<meta name=\"google-site-verification\" content=\"UA-38556648-1\" \/>\n\t<meta name=\"msvalidate.01\" content=\"7dfe9f3f1b24437ab69f4f2559babe99\" \/>\n\t<meta name=\"keywords\" content=\"deportes\" \/>\n\t<link rel=\"canonical\" href=\"https:\/\/www.eldigitaldeasturias.com\/noticias\/el-borussia-dortmund-contrata-a-hazard-y-a-brandt-hasta-2024\/\" \/>\n\t<meta name=\"generator\" content=\"All in One SEO Pro (AIOSEO) 4.9.6.2\" \/>\n\t\t<meta property=\"og:locale\" content=\"es_ES\" \/>\n\t\t<meta property=\"og:site_name\" content=\"El Digital de Asturias\" \/>\n\t\t<meta property=\"og:type\" content=\"article\" \/>\n\t\t<meta property=\"og:title\" content=\"El Borussia Dortmund contrata a Hazard y a Brandt hasta 2024 - El Digital de Asturias\" \/>\n\t\t<meta property=\"og:description\" content=\"Dortmund, 22 may (dpa) - El Borussia Dortmund alem\u00e1n anunci\u00f3 hoy las contrataciones de los futbolistas Thorgan Hazard y Julian Brandt para las pr\u00f3ximas cinco temporadas, hasta 2024. El belga Thorgan Hazard llega procedente del Borussia M\u00f6nchengladbach y el internacional germano Julian Brandt lo hace del Bayer Leverkusen. Ambos se unen a Nico Schulz como\" \/>\n\t\t<meta property=\"og:url\" content=\"https:\/\/www.eldigitaldeasturias.com\/noticias\/el-borussia-dortmund-contrata-a-hazard-y-a-brandt-hasta-2024\/\" \/>\n\t\t<meta property=\"og:image\" content=\"https:\/\/www.eldigitaldeasturias.com\/noticias\/wp-content\/uploads\/2018\/07\/football-fans-797383_960_720.jpg\" \/>\n\t\t<meta property=\"og:image:secure_url\" content=\"https:\/\/www.eldigitaldeasturias.com\/noticias\/wp-content\/uploads\/2018\/07\/football-fans-797383_960_720.jpg\" \/>\n\t\t<meta property=\"og:image:width\" content=\"753\" \/>\n\t\t<meta property=\"og:image:height\" content=\"720\" \/>\n\t\t<meta property=\"article:tag\" content=\"deportes\" \/>\n\t\t<meta property=\"article:published_time\" content=\"2019-05-23T18:17:16+00:00\" \/>\n\t\t<meta property=\"article:modified_time\" content=\"2019-05-23T18:17:16+00:00\" \/>\n\t\t<meta property=\"article:publisher\" content=\"https:\/\/facebook.com\/eldigitaldeasturias\" \/>\n\t\t<meta name=\"twitter:card\" content=\"summary_large_image\" \/>\n\t\t<meta name=\"twitter:title\" content=\"El Borussia Dortmund contrata a Hazard y a Brandt hasta 2024 - El Digital de Asturias\" \/>\n\t\t<meta name=\"twitter:description\" content=\"Dortmund, 22 may (dpa) - El Borussia Dortmund alem\u00e1n anunci\u00f3 hoy las contrataciones de los futbolistas Thorgan Hazard y Julian Brandt para las pr\u00f3ximas cinco temporadas, hasta 2024. El belga Thorgan Hazard llega procedente del Borussia M\u00f6nchengladbach y el internacional germano Julian Brandt lo hace del Bayer Leverkusen. Ambos se unen a Nico Schulz como\" \/>\n\t\t<meta name=\"twitter:image\" content=\"https:\/\/www.eldigitaldeasturias.com\/noticias\/wp-content\/uploads\/2018\/07\/football-fans-797383_960_720.jpg\" \/>\n\t\t<meta name=\"twitter:label1\" content=\"Escrito por\" \/>\n\t\t<meta name=\"twitter:data1\" content=\"El Digital de Asturias\" \/>\n\t\t<meta name=\"twitter:label2\" content=\"Tiempo de lectura estimado\" \/>\n\t\t<meta name=\"twitter:data2\" content=\"2 minutos\" \/>\n\t\t<script type=\"application\/ld+json\" class=\"aioseo-schema\">\n\t\t\t{\"@context\":\"https:\\\/\\\/schema.org\",\"@graph\":[{\"@type\":\"BlogPosting\",\"@id\":\"https:\\\/\\\/www.eldigitaldeasturias.com\\\/noticias\\\/el-borussia-dortmund-contrata-a-hazard-y-a-brandt-hasta-2024\\\/#blogposting\",\"name\":\"El Borussia Dortmund contrata a Hazard y a Brandt hasta 2024 - El Digital de Asturias\",\"headline\":\"El Borussia Dortmund contrata a Hazard y a Brandt hasta 2024\",\"author\":{\"@id\":\"https:\\\/\\\/www.eldigitaldeasturias.com\\\/noticias\\\/author\\\/admin\\\/#author\"},\"publisher\":{\"@id\":\"https:\\\/\\\/www.eldigitaldeasturias.com\\\/noticias\\\/#organization\"},\"image\":{\"@type\":\"ImageObject\",\"url\":\"https:\\\/\\\/www.eldigitaldeasturias.com\\\/noticias\\\/wp-content\\\/uploads\\\/2018\\\/07\\\/football-fans-797383_960_720.jpg\",\"width\":753,\"height\":720},\"datePublished\":\"2019-05-23T18:17:16+02:00\",\"dateModified\":\"2019-05-23T18:17:16+02:00\",\"inLanguage\":\"es-ES\",\"mainEntityOfPage\":{\"@id\":\"https:\\\/\\\/www.eldigitaldeasturias.com\\\/noticias\\\/el-borussia-dortmund-contrata-a-hazard-y-a-brandt-hasta-2024\\\/#webpage\"},\"isPartOf\":{\"@id\":\"https:\\\/\\\/www.eldigitaldeasturias.com\\\/noticias\\\/el-borussia-dortmund-contrata-a-hazard-y-a-brandt-hasta-2024\\\/#webpage\"},\"articleSection\":\"Deportes\"},{\"@type\":\"BreadcrumbList\",\"@id\":\"https:\\\/\\\/www.eldigitaldeasturias.com\\\/noticias\\\/el-borussia-dortmund-contrata-a-hazard-y-a-brandt-hasta-2024\\\/#breadcrumblist\",\"itemListElement\":[{\"@type\":\"ListItem\",\"@id\":\"https:\\\/\\\/www.eldigitaldeasturias.com\\\/noticias#listItem\",\"position\":1,\"name\":\"Home\",\"item\":\"https:\\\/\\\/www.eldigitaldeasturias.com\\\/noticias\",\"nextItem\":{\"@type\":\"ListItem\",\"@id\":\"https:\\\/\\\/www.eldigitaldeasturias.com\\\/noticias\\\/category\\\/deportes\\\/#listItem\",\"name\":\"Deportes\"}},{\"@type\":\"ListItem\",\"@id\":\"https:\\\/\\\/www.eldigitaldeasturias.com\\\/noticias\\\/category\\\/deportes\\\/#listItem\",\"position\":2,\"name\":\"Deportes\",\"item\":\"https:\\\/\\\/www.eldigitaldeasturias.com\\\/noticias\\\/category\\\/deportes\\\/\",\"nextItem\":{\"@type\":\"ListItem\",\"@id\":\"https:\\\/\\\/www.eldigitaldeasturias.com\\\/noticias\\\/el-borussia-dortmund-contrata-a-hazard-y-a-brandt-hasta-2024\\\/#listItem\",\"name\":\"El Borussia Dortmund contrata a Hazard y a Brandt hasta 2024\"},\"previousItem\":{\"@type\":\"ListItem\",\"@id\":\"https:\\\/\\\/www.eldigitaldeasturias.com\\\/noticias#listItem\",\"name\":\"Home\"}},{\"@type\":\"ListItem\",\"@id\":\"https:\\\/\\\/www.eldigitaldeasturias.com\\\/noticias\\\/el-borussia-dortmund-contrata-a-hazard-y-a-brandt-hasta-2024\\\/#listItem\",\"position\":3,\"name\":\"El Borussia Dortmund contrata a Hazard y a Brandt hasta 2024\",\"previousItem\":{\"@type\":\"ListItem\",\"@id\":\"https:\\\/\\\/www.eldigitaldeasturias.com\\\/noticias\\\/category\\\/deportes\\\/#listItem\",\"name\":\"Deportes\"}}]},{\"@type\":\"Organization\",\"@id\":\"https:\\\/\\\/www.eldigitaldeasturias.com\\\/noticias\\\/#organization\",\"name\":\"El Digital de Asturias\",\"description\":\"Hemeroteca\",\"url\":\"https:\\\/\\\/www.eldigitaldeasturias.com\\\/noticias\\\/\",\"email\":\"info@eldigitaldeasturias.com\",\"telephone\":\"+34652131393\",\"logo\":{\"@type\":\"ImageObject\",\"url\":\"https:\\\/\\\/www.eldigitaldeasturias.com\\\/noticias\\\/wp-content\\\/uploads\\\/2020\\\/12\\\/EDA.jpg\",\"@id\":\"https:\\\/\\\/www.eldigitaldeasturias.com\\\/noticias\\\/el-borussia-dortmund-contrata-a-hazard-y-a-brandt-hasta-2024\\\/#organizationLogo\",\"width\":649,\"height\":297},\"image\":{\"@id\":\"https:\\\/\\\/www.eldigitaldeasturias.com\\\/noticias\\\/el-borussia-dortmund-contrata-a-hazard-y-a-brandt-hasta-2024\\\/#organizationLogo\"},\"sameAs\":[\"https:\\\/\\\/facebook.com\\\/eldigitaldeasturias\",\"https:\\\/\\\/www.youtube.com\\\/channel\\\/UCZP-2wLEB9Rv6erhFmqVnvg\"],\"address\":{\"@id\":\"https:\\\/\\\/www.eldigitaldeasturias.com\\\/noticias\\\/#postaladdress\",\"@type\":\"PostalAddress\",\"streetAddress\":\"san antonio 4,\",\"postalCode\":\"33430\",\"addressLocality\":\"Cand\\u00e1s\",\"addressRegion\":\"Asturias\",\"addressCountry\":\"ES\"}},{\"@type\":\"Person\",\"@id\":\"https:\\\/\\\/www.eldigitaldeasturias.com\\\/noticias\\\/author\\\/admin\\\/#author\",\"url\":\"https:\\\/\\\/www.eldigitaldeasturias.com\\\/noticias\\\/author\\\/admin\\\/\",\"name\":\"El Digital de Asturias\",\"image\":{\"@type\":\"ImageObject\",\"@id\":\"https:\\\/\\\/www.eldigitaldeasturias.com\\\/noticias\\\/el-borussia-dortmund-contrata-a-hazard-y-a-brandt-hasta-2024\\\/#authorImage\",\"url\":\"https:\\\/\\\/www.eldigitaldeasturias.com\\\/noticias\\\/wp-content\\\/litespeed\\\/avatar\\\/18677e78aa0546b92d9dbf31ec7d7668.jpg?ver=1777290358\",\"width\":96,\"height\":96,\"caption\":\"El Digital de Asturias\"}},{\"@type\":\"WebPage\",\"@id\":\"https:\\\/\\\/www.eldigitaldeasturias.com\\\/noticias\\\/el-borussia-dortmund-contrata-a-hazard-y-a-brandt-hasta-2024\\\/#webpage\",\"url\":\"https:\\\/\\\/www.eldigitaldeasturias.com\\\/noticias\\\/el-borussia-dortmund-contrata-a-hazard-y-a-brandt-hasta-2024\\\/\",\"name\":\"El Borussia Dortmund contrata a Hazard y a Brandt hasta 2024 - El Digital de Asturias\",\"description\":\"Dortmund, 22 may (dpa) - El Borussia Dortmund alem\\u00e1n anunci\\u00f3 hoy las contrataciones de los futbolistas Thorgan Hazard y Julian Brandt para las pr\\u00f3ximas cinco temporadas, hasta 2024. El belga Thorgan Hazard llega procedente del Borussia M\\u00f6nchengladbach y el internacional germano Julian Brandt lo hace del Bayer Leverkusen. Ambos se unen a Nico Schulz como\",\"inLanguage\":\"es-ES\",\"isPartOf\":{\"@id\":\"https:\\\/\\\/www.eldigitaldeasturias.com\\\/noticias\\\/#website\"},\"breadcrumb\":{\"@id\":\"https:\\\/\\\/www.eldigitaldeasturias.com\\\/noticias\\\/el-borussia-dortmund-contrata-a-hazard-y-a-brandt-hasta-2024\\\/#breadcrumblist\"},\"author\":{\"@id\":\"https:\\\/\\\/www.eldigitaldeasturias.com\\\/noticias\\\/author\\\/admin\\\/#author\"},\"creator\":{\"@id\":\"https:\\\/\\\/www.eldigitaldeasturias.com\\\/noticias\\\/author\\\/admin\\\/#author\"},\"image\":{\"@type\":\"ImageObject\",\"url\":\"https:\\\/\\\/www.eldigitaldeasturias.com\\\/noticias\\\/wp-content\\\/uploads\\\/2018\\\/07\\\/football-fans-797383_960_720.jpg\",\"@id\":\"https:\\\/\\\/www.eldigitaldeasturias.com\\\/noticias\\\/el-borussia-dortmund-contrata-a-hazard-y-a-brandt-hasta-2024\\\/#mainImage\",\"width\":753,\"height\":720},\"primaryImageOfPage\":{\"@id\":\"https:\\\/\\\/www.eldigitaldeasturias.com\\\/noticias\\\/el-borussia-dortmund-contrata-a-hazard-y-a-brandt-hasta-2024\\\/#mainImage\"},\"datePublished\":\"2019-05-23T18:17:16+02:00\",\"dateModified\":\"2019-05-23T18:17:16+02:00\"},{\"@type\":\"WebSite\",\"@id\":\"https:\\\/\\\/www.eldigitaldeasturias.com\\\/noticias\\\/#website\",\"url\":\"https:\\\/\\\/www.eldigitaldeasturias.com\\\/noticias\\\/\",\"name\":\"El Digital de Asturias - Diario de actualidad y noticias\",\"alternateName\":\"El Digital de Asturias - Diario de actualidad y noticias\",\"description\":\"Hemeroteca\",\"inLanguage\":\"es-ES\",\"publisher\":{\"@id\":\"https:\\\/\\\/www.eldigitaldeasturias.com\\\/noticias\\\/#organization\"}}]}\n\t\t<\/script>\n\t\t<!-- All in One SEO Pro -->\r\n\t\t<title>El Borussia Dortmund contrata a Hazard y a Brandt hasta 2024 - El Digital de Asturias<\/title>\n\n","aioseo_head_json":{"title":"El Borussia Dortmund contrata a Hazard y a Brandt hasta 2024 - El Digital de Asturias","description":"Dortmund, 22 may (dpa) - El Borussia Dortmund alem\u00e1n anunci\u00f3 hoy las contrataciones de los futbolistas Thorgan Hazard y Julian Brandt para las pr\u00f3ximas cinco temporadas, hasta 2024. El belga Thorgan Hazard llega procedente del Borussia M\u00f6nchengladbach y el internacional germano Julian Brandt lo hace del Bayer Leverkusen. Ambos se unen a Nico Schulz como","canonical_url":"https:\/\/www.eldigitaldeasturias.com\/noticias\/el-borussia-dortmund-contrata-a-hazard-y-a-brandt-hasta-2024\/","robots":"max-image-preview:large","keywords":"deportes","webmasterTools":{"google-site-verification":"UA-38556648-1","msvalidate.01":"7dfe9f3f1b24437ab69f4f2559babe99","miscellaneous":""},"schema":{"@context":"https:\/\/schema.org","@graph":[{"@type":"BlogPosting","@id":"https:\/\/www.eldigitaldeasturias.com\/noticias\/el-borussia-dortmund-contrata-a-hazard-y-a-brandt-hasta-2024\/#blogposting","name":"El Borussia Dortmund contrata a Hazard y a Brandt hasta 2024 - El Digital de Asturias","headline":"El Borussia Dortmund contrata a Hazard y a Brandt hasta 2024","author":{"@id":"https:\/\/www.eldigitaldeasturias.com\/noticias\/author\/admin\/#author"},"publisher":{"@id":"https:\/\/www.eldigitaldeasturias.com\/noticias\/#organization"},"image":{"@type":"ImageObject","url":"https:\/\/www.eldigitaldeasturias.com\/noticias\/wp-content\/uploads\/2018\/07\/football-fans-797383_960_720.jpg","width":753,"height":720},"datePublished":"2019-05-23T18:17:16+02:00","dateModified":"2019-05-23T18:17:16+02:00","inLanguage":"es-ES","mainEntityOfPage":{"@id":"https:\/\/www.eldigitaldeasturias.com\/noticias\/el-borussia-dortmund-contrata-a-hazard-y-a-brandt-hasta-2024\/#webpage"},"isPartOf":{"@id":"https:\/\/www.eldigitaldeasturias.com\/noticias\/el-borussia-dortmund-contrata-a-hazard-y-a-brandt-hasta-2024\/#webpage"},"articleSection":"Deportes"},{"@type":"BreadcrumbList","@id":"https:\/\/www.eldigitaldeasturias.com\/noticias\/el-borussia-dortmund-contrata-a-hazard-y-a-brandt-hasta-2024\/#breadcrumblist","itemListElement":[{"@type":"ListItem","@id":"https:\/\/www.eldigitaldeasturias.com\/noticias#listItem","position":1,"name":"Home","item":"https:\/\/www.eldigitaldeasturias.com\/noticias","nextItem":{"@type":"ListItem","@id":"https:\/\/www.eldigitaldeasturias.com\/noticias\/category\/deportes\/#listItem","name":"Deportes"}},{"@type":"ListItem","@id":"https:\/\/www.eldigitaldeasturias.com\/noticias\/category\/deportes\/#listItem","position":2,"name":"Deportes","item":"https:\/\/www.eldigitaldeasturias.com\/noticias\/category\/deportes\/","nextItem":{"@type":"ListItem","@id":"https:\/\/www.eldigitaldeasturias.com\/noticias\/el-borussia-dortmund-contrata-a-hazard-y-a-brandt-hasta-2024\/#listItem","name":"El Borussia Dortmund contrata a Hazard y a Brandt hasta 2024"},"previousItem":{"@type":"ListItem","@id":"https:\/\/www.eldigitaldeasturias.com\/noticias#listItem","name":"Home"}},{"@type":"ListItem","@id":"https:\/\/www.eldigitaldeasturias.com\/noticias\/el-borussia-dortmund-contrata-a-hazard-y-a-brandt-hasta-2024\/#listItem","position":3,"name":"El Borussia Dortmund contrata a Hazard y a Brandt hasta 2024","previousItem":{"@type":"ListItem","@id":"https:\/\/www.eldigitaldeasturias.com\/noticias\/category\/deportes\/#listItem","name":"Deportes"}}]},{"@type":"Organization","@id":"https:\/\/www.eldigitaldeasturias.com\/noticias\/#organization","name":"El Digital de Asturias","description":"Hemeroteca","url":"https:\/\/www.eldigitaldeasturias.com\/noticias\/","email":"info@eldigitaldeasturias.com","telephone":"+34652131393","logo":{"@type":"ImageObject","url":"https:\/\/www.eldigitaldeasturias.com\/noticias\/wp-content\/uploads\/2020\/12\/EDA.jpg","@id":"https:\/\/www.eldigitaldeasturias.com\/noticias\/el-borussia-dortmund-contrata-a-hazard-y-a-brandt-hasta-2024\/#organizationLogo","width":649,"height":297},"image":{"@id":"https:\/\/www.eldigitaldeasturias.com\/noticias\/el-borussia-dortmund-contrata-a-hazard-y-a-brandt-hasta-2024\/#organizationLogo"},"sameAs":["https:\/\/facebook.com\/eldigitaldeasturias","https:\/\/www.youtube.com\/channel\/UCZP-2wLEB9Rv6erhFmqVnvg"],"address":{"@id":"https:\/\/www.eldigitaldeasturias.com\/noticias\/#postaladdress","@type":"PostalAddress","streetAddress":"san antonio 4,","postalCode":"33430","addressLocality":"Cand\u00e1s","addressRegion":"Asturias","addressCountry":"ES"}},{"@type":"Person","@id":"https:\/\/www.eldigitaldeasturias.com\/noticias\/author\/admin\/#author","url":"https:\/\/www.eldigitaldeasturias.com\/noticias\/author\/admin\/","name":"El Digital de Asturias","image":{"@type":"ImageObject","@id":"https:\/\/www.eldigitaldeasturias.com\/noticias\/el-borussia-dortmund-contrata-a-hazard-y-a-brandt-hasta-2024\/#authorImage","url":"https:\/\/www.eldigitaldeasturias.com\/noticias\/wp-content\/litespeed\/avatar\/18677e78aa0546b92d9dbf31ec7d7668.jpg?ver=1777290358","width":96,"height":96,"caption":"El Digital de Asturias"}},{"@type":"WebPage","@id":"https:\/\/www.eldigitaldeasturias.com\/noticias\/el-borussia-dortmund-contrata-a-hazard-y-a-brandt-hasta-2024\/#webpage","url":"https:\/\/www.eldigitaldeasturias.com\/noticias\/el-borussia-dortmund-contrata-a-hazard-y-a-brandt-hasta-2024\/","name":"El Borussia Dortmund contrata a Hazard y a Brandt hasta 2024 - El Digital de Asturias","description":"Dortmund, 22 may (dpa) - El Borussia Dortmund alem\u00e1n anunci\u00f3 hoy las contrataciones de los futbolistas Thorgan Hazard y Julian Brandt para las pr\u00f3ximas cinco temporadas, hasta 2024. El belga Thorgan Hazard llega procedente del Borussia M\u00f6nchengladbach y el internacional germano Julian Brandt lo hace del Bayer Leverkusen. Ambos se unen a Nico Schulz como","inLanguage":"es-ES","isPartOf":{"@id":"https:\/\/www.eldigitaldeasturias.com\/noticias\/#website"},"breadcrumb":{"@id":"https:\/\/www.eldigitaldeasturias.com\/noticias\/el-borussia-dortmund-contrata-a-hazard-y-a-brandt-hasta-2024\/#breadcrumblist"},"author":{"@id":"https:\/\/www.eldigitaldeasturias.com\/noticias\/author\/admin\/#author"},"creator":{"@id":"https:\/\/www.eldigitaldeasturias.com\/noticias\/author\/admin\/#author"},"image":{"@type":"ImageObject","url":"https:\/\/www.eldigitaldeasturias.com\/noticias\/wp-content\/uploads\/2018\/07\/football-fans-797383_960_720.jpg","@id":"https:\/\/www.eldigitaldeasturias.com\/noticias\/el-borussia-dortmund-contrata-a-hazard-y-a-brandt-hasta-2024\/#mainImage","width":753,"height":720},"primaryImageOfPage":{"@id":"https:\/\/www.eldigitaldeasturias.com\/noticias\/el-borussia-dortmund-contrata-a-hazard-y-a-brandt-hasta-2024\/#mainImage"},"datePublished":"2019-05-23T18:17:16+02:00","dateModified":"2019-05-23T18:17:16+02:00"},{"@type":"WebSite","@id":"https:\/\/www.eldigitaldeasturias.com\/noticias\/#website","url":"https:\/\/www.eldigitaldeasturias.com\/noticias\/","name":"El Digital de Asturias - Diario de actualidad y noticias","alternateName":"El Digital de Asturias - Diario de actualidad y noticias","description":"Hemeroteca","inLanguage":"es-ES","publisher":{"@id":"https:\/\/www.eldigitaldeasturias.com\/noticias\/#organization"}}]},"og:locale":"es_ES","og:site_name":"El Digital de Asturias","og:type":"article","og:title":"El Borussia Dortmund contrata a Hazard y a Brandt hasta 2024 - El Digital de Asturias","og:description":"Dortmund, 22 may (dpa) - El Borussia Dortmund alem\u00e1n anunci\u00f3 hoy las contrataciones de los futbolistas Thorgan Hazard y Julian Brandt para las pr\u00f3ximas cinco temporadas, hasta 2024. El belga Thorgan Hazard llega procedente del Borussia M\u00f6nchengladbach y el internacional germano Julian Brandt lo hace del Bayer Leverkusen. Ambos se unen a Nico Schulz como","og:url":"https:\/\/www.eldigitaldeasturias.com\/noticias\/el-borussia-dortmund-contrata-a-hazard-y-a-brandt-hasta-2024\/","og:image":"https:\/\/www.eldigitaldeasturias.com\/noticias\/wp-content\/uploads\/2018\/07\/football-fans-797383_960_720.jpg","og:image:secure_url":"https:\/\/www.eldigitaldeasturias.com\/noticias\/wp-content\/uploads\/2018\/07\/football-fans-797383_960_720.jpg","og:image:width":753,"og:image:height":720,"article:tag":["deportes"],"article:published_time":"2019-05-23T18:17:16+00:00","article:modified_time":"2019-05-23T18:17:16+00:00","article:publisher":"https:\/\/facebook.com\/eldigitaldeasturias","twitter:card":"summary_large_image","twitter:title":"El Borussia Dortmund contrata a Hazard y a Brandt hasta 2024 - El Digital de Asturias","twitter:description":"Dortmund, 22 may (dpa) - El Borussia Dortmund alem\u00e1n anunci\u00f3 hoy las contrataciones de los futbolistas Thorgan Hazard y Julian Brandt para las pr\u00f3ximas cinco temporadas, hasta 2024. El belga Thorgan Hazard llega procedente del Borussia M\u00f6nchengladbach y el internacional germano Julian Brandt lo hace del Bayer Leverkusen. Ambos se unen a Nico Schulz como","twitter:image":"https:\/\/www.eldigitaldeasturias.com\/noticias\/wp-content\/uploads\/2018\/07\/football-fans-797383_960_720.jpg","twitter:label1":"Escrito por","twitter:data1":"El Digital de Asturias","twitter:label2":"Tiempo de lectura estimado","twitter:data2":"2 minutos"},"aioseo_meta_data":{"post_id":"1028342","title":null,"description":null,"keywords":null,"keyphrases":null,"primary_term":null,"canonical_url":null,"og_title":null,"og_description":null,"og_object_type":"default","og_image_type":"default","og_image_url":null,"og_image_width":null,"og_image_height":null,"og_image_custom_url":null,"og_image_custom_fields":null,"og_video":null,"og_custom_url":null,"og_article_section":null,"og_article_tags":null,"twitter_use_og":false,"twitter_card":"default","twitter_image_type":"default","twitter_image_url":null,"twitter_image_custom_url":null,"twitter_image_custom_fields":null,"twitter_title":null,"twitter_description":null,"schema":{"blockGraphs":[],"customGraphs":[],"default":{"data":{"Article":[],"Course":[],"Dataset":[],"FAQPage":[],"Movie":[],"Person":[],"Product":[],"ProductReview":[],"Car":[],"Recipe":[],"Service":[],"SoftwareApplication":[],"WebPage":[]},"graphName":"","isEnabled":true},"graphs":[],"defaultGraph":"","defaultPostTypeGraph":""},"schema_type":null,"schema_type_options":null,"pillar_content":false,"robots_default":true,"robots_noindex":false,"robots_noarchive":false,"robots_nosnippet":false,"robots_nofollow":false,"robots_noimageindex":false,"robots_noodp":false,"robots_notranslate":false,"robots_max_snippet":null,"robots_max_videopreview":null,"robots_max_imagepreview":"large","priority":null,"frequency":null,"local_seo":null,"seo_analyzer_scan_date":"2025-10-18 08:30:55","breadcrumb_settings":null,"limit_modified_date":false,"open_ai":null,"ai":null,"created":"2020-12-21 11:11:26","updated":"2025-10-18 08:30:55"},"aioseo_breadcrumb":"<div class=\"aioseo-breadcrumbs\"><span class=\"aioseo-breadcrumb\">\n\t<a href=\"https:\/\/www.eldigitaldeasturias.com\/noticias\" title=\"Home\">Home<\/a>\n<\/span><span class=\"aioseo-breadcrumb-separator\">\u2013<\/span><span class=\"aioseo-breadcrumb\">\n\t<a href=\"https:\/\/www.eldigitaldeasturias.com\/noticias\/category\/deportes\/\" title=\"Deportes\">Deportes<\/a>\n<\/span><span class=\"aioseo-breadcrumb-separator\">\u2013<\/span><span class=\"aioseo-breadcrumb\">\n\t<a href=\"https:\/\/www.eldigitaldeasturias.com\/noticias\/el-borussia-dortmund-contrata-a-hazard-y-a-brandt-hasta-2024\/\" title=\"El Borussia Dortmund contrata a Hazard y a Brandt hasta 2024\">El Borussia Dortmund contrata a Hazard y a Brandt hasta 2024<\/a>\n<\/span><\/div>","aioseo_breadcrumb_json":[{"label":"Home","link":"https:\/\/www.eldigitaldeasturias.com\/noticias"},{"label":"Deportes","link":"https:\/\/www.eldigitaldeasturias.com\/noticias\/category\/deportes\/"},{"label":"El Borussia Dortmund contrata a Hazard y a Brandt hasta 2024","link":"https:\/\/www.eldigitaldeasturias.com\/noticias\/el-borussia-dortmund-contrata-a-hazard-y-a-brandt-hasta-2024\/"}],"_links":{"self":[{"href":"https:\/\/www.eldigitaldeasturias.com\/noticias\/wp-json\/wp\/v2\/posts\/1028342","targetHints":{"allow":["GET"]}}],"collection":[{"href":"https:\/\/www.eldigitaldeasturias.com\/noticias\/wp-json\/wp\/v2\/posts"}],"about":[{"href":"https:\/\/www.eldigitaldeasturias.com\/noticias\/wp-json\/wp\/v2\/types\/post"}],"author":[{"embeddable":true,"href":"https:\/\/www.eldigitaldeasturias.com\/noticias\/wp-json\/wp\/v2\/users\/1"}],"replies":[{"embeddable":true,"href":"https:\/\/www.eldigitaldeasturias.com\/noticias\/wp-json\/wp\/v2\/comments?post=1028342"}],"version-history":[{"count":0,"href":"https:\/\/www.eldigitaldeasturias.com\/noticias\/wp-json\/wp\/v2\/posts\/1028342\/revisions"}],"wp:featuredmedia":[{"embeddable":true,"href":"https:\/\/www.eldigitaldeasturias.com\/noticias\/wp-json\/wp\/v2\/media\/988327"}],"wp:attachment":[{"href":"https:\/\/www.eldigitaldeasturias.com\/noticias\/wp-json\/wp\/v2\/media?parent=1028342"}],"wp:term":[{"taxonomy":"category","embeddable":true,"href":"https:\/\/www.eldigitaldeasturias.com\/noticias\/wp-json\/wp\/v2\/categories?post=1028342"},{"taxonomy":"post_tag","embeddable":true,"href":"https:\/\/www.eldigitaldeasturias.com\/noticias\/wp-json\/wp\/v2\/tags?post=1028342"}],"curies":[{"name":"wp","href":"https:\/\/api.w.org\/{rel}","templated":true}]}}