{"id":1028139,"date":"2019-05-22T12:52:04","date_gmt":"2019-05-22T12:52:04","guid":{"rendered":"https:\/\/www.eldigitaldeasturias.com\/noticias\/?p=1028139"},"modified":"2019-05-22T12:52:04","modified_gmt":"2019-05-22T12:52:04","slug":"borussia-dortmund-ficha-a-nico-schulz","status":"publish","type":"post","link":"https:\/\/www.eldigitaldeasturias.com\/noticias\/borussia-dortmund-ficha-a-nico-schulz\/","title":{"rendered":"Borussia Dortmund ficha a Nico Schulz"},"content":{"rendered":"<p><img loading=\"lazy\" decoding=\"async\" class=\"alignleft size-medium wp-image-1028140\" src=\"https:\/\/www.eldigitaldeasturias.com\/noticias\/wp-content\/uploads\/2019\/05\/Nico-Schulz-360x273.jpg\" alt=\"\" width=\"360\" height=\"273\" srcset=\"https:\/\/www.eldigitaldeasturias.com\/noticias\/wp-content\/uploads\/2019\/05\/Nico-Schulz-360x273.jpg 360w, https:\/\/www.eldigitaldeasturias.com\/noticias\/wp-content\/uploads\/2019\/05\/Nico-Schulz-768x582.jpg 768w, https:\/\/www.eldigitaldeasturias.com\/noticias\/wp-content\/uploads\/2019\/05\/Nico-Schulz-633x480.jpg 633w, https:\/\/www.eldigitaldeasturias.com\/noticias\/wp-content\/uploads\/2019\/05\/Nico-Schulz-90x67.jpg 90w, https:\/\/www.eldigitaldeasturias.com\/noticias\/wp-content\/uploads\/2019\/05\/Nico-Schulz.jpg 865w\" sizes=\"auto, (max-width: 360px) 100vw, 360px\" \/>Dortmund (Alemania), 21 may (dpa) &#8211; Borussia Dormund, subcampe\u00f3n de la liga alemana de f\u00fatbol, fich\u00f3 al jugador de la selecci\u00f3n germana Nico Schulz, del Hoffenheim, inform\u00f3 hoy el Dortmund.<\/p>\n<p>El lateral izquierdo de 26 a\u00f1os firm\u00f3 un contrato por cinco a\u00f1os con el ocho veces campe\u00f3n alem\u00e1n hasta el 30 de junio de 2024, detall\u00f3 el club.<\/p>\n<p>\u00abAl igual que en la selecci\u00f3n alemana de f\u00fatbol, nos beneficiaremos mucho de su f\u00edsico, su velocidad y su dinamismo extremo. Un jugador como \u00e9l, con su esp\u00edritu de lucha y su af\u00e1n de \u00e9xito, es bueno para cualquier equipo\u00bb, se\u00f1al\u00f3 el director deportivo del Borussia Dortmund, Michael Zorc, en una declaraci\u00f3n publicada en el sitio web del club.<\/p>\n<p>El internacional Schulz ten\u00eda un contrato con el Hoffenheim hasta el 30 de junio de 2021. Los clubes acordaron no revelar los t\u00e9rminos de la transferencia, agrega el comunicado del Dortmund.<\/p>\n<p>\u00abCreo que puedo ayudar al equipo con mi forma de jugar. Juntos podemos conseguir grandes cosas\u00bb, cit\u00f3 la p\u00e1gina a Schulz.<\/p>\n<p>El defensa ya entren\u00f3 en el Gladbach durante un breve tiempo y marcado por una grave lesi\u00f3n bajo la direcci\u00f3n del actual t\u00e9cnico del Dortmund, Lucien Favre. Anteriormente, Schulz pas\u00f3 por el Hertha Berl\u00edn.<\/p>\n<p>Se estima que Schulz cerrar\u00e1 la brecha como lateral izquierdo en el Dortmund porque ni Marcel Schmelzer ni Jeremy Toljan, actualmente a\u00fan cedido al Celtic Glasgow, juegan un papel en los planes del entrenador Favre.<\/p>\n<p><strong><em>Foto: Sebastian Gollnow\/dpa <\/em><\/strong><\/p>\n","protected":false},"excerpt":{"rendered":"<p>Dortmund (Alemania), 21 may (dpa) &#8211; Borussia Dormund, subcampe\u00f3n de la liga alemana de f\u00fatbol, fich\u00f3 al jugador de la selecci\u00f3n germana Nico Schulz, del Hoffenheim, inform\u00f3 hoy el Dortmund. El lateral izquierdo de 26 a\u00f1os firm\u00f3 un contrato por cinco a\u00f1os con el ocho veces campe\u00f3n alem\u00e1n hasta el 30 de junio de 2024, [&hellip;]<\/p>\n","protected":false},"author":1,"featured_media":1028140,"comment_status":"closed","ping_status":"closed","sticky":false,"template":"","format":"standard","meta":{"footnotes":""},"categories":[190],"tags":[],"class_list":["post-1028139","post","type-post","status-publish","format-standard","has-post-thumbnail","hentry","category-deportes"],"aioseo_notices":[],"aioseo_head":"\n\t\t<!-- All in One SEO Pro 4.9.6.2 - aioseo.com -->\n\t<meta name=\"description\" content=\"Dortmund (Alemania), 21 may (dpa) - Borussia Dormund, subcampe\u00f3n de la liga alemana de f\u00fatbol, fich\u00f3 al jugador de la selecci\u00f3n germana Nico Schulz, del Hoffenheim, inform\u00f3 hoy el Dortmund. El lateral izquierdo de 26 a\u00f1os firm\u00f3 un contrato por cinco a\u00f1os con el ocho veces campe\u00f3n alem\u00e1n hasta el 30 de junio de 2024,\" \/>\n\t<meta name=\"robots\" content=\"max-image-preview:large\" \/>\n\t<meta name=\"author\" content=\"El Digital de Asturias\"\/>\n\t<meta name=\"google-site-verification\" content=\"UA-38556648-1\" \/>\n\t<meta name=\"msvalidate.01\" content=\"7dfe9f3f1b24437ab69f4f2559babe99\" \/>\n\t<meta name=\"keywords\" content=\"deportes\" \/>\n\t<link rel=\"canonical\" href=\"https:\/\/www.eldigitaldeasturias.com\/noticias\/borussia-dortmund-ficha-a-nico-schulz\/\" \/>\n\t<meta name=\"generator\" content=\"All in One SEO Pro (AIOSEO) 4.9.6.2\" \/>\n\t\t<meta property=\"og:locale\" content=\"es_ES\" \/>\n\t\t<meta property=\"og:site_name\" content=\"El Digital de Asturias\" \/>\n\t\t<meta property=\"og:type\" content=\"article\" \/>\n\t\t<meta property=\"og:title\" content=\"Borussia Dortmund ficha a Nico Schulz - El Digital de Asturias\" \/>\n\t\t<meta property=\"og:description\" content=\"Dortmund (Alemania), 21 may (dpa) - Borussia Dormund, subcampe\u00f3n de la liga alemana de f\u00fatbol, fich\u00f3 al jugador de la selecci\u00f3n germana Nico Schulz, del Hoffenheim, inform\u00f3 hoy el Dortmund. El lateral izquierdo de 26 a\u00f1os firm\u00f3 un contrato por cinco a\u00f1os con el ocho veces campe\u00f3n alem\u00e1n hasta el 30 de junio de 2024,\" \/>\n\t\t<meta property=\"og:url\" content=\"https:\/\/www.eldigitaldeasturias.com\/noticias\/borussia-dortmund-ficha-a-nico-schulz\/\" \/>\n\t\t<meta property=\"og:image\" content=\"https:\/\/www.eldigitaldeasturias.com\/noticias\/wp-content\/uploads\/2019\/05\/Nico-Schulz.jpg\" \/>\n\t\t<meta property=\"og:image:secure_url\" content=\"https:\/\/www.eldigitaldeasturias.com\/noticias\/wp-content\/uploads\/2019\/05\/Nico-Schulz.jpg\" \/>\n\t\t<meta property=\"og:image:width\" content=\"865\" \/>\n\t\t<meta property=\"og:image:height\" content=\"656\" \/>\n\t\t<meta property=\"article:tag\" content=\"deportes\" \/>\n\t\t<meta property=\"article:published_time\" content=\"2019-05-22T12:52:04+00:00\" \/>\n\t\t<meta property=\"article:modified_time\" content=\"2019-05-22T12:52:04+00:00\" \/>\n\t\t<meta property=\"article:publisher\" content=\"https:\/\/facebook.com\/eldigitaldeasturias\" \/>\n\t\t<meta name=\"twitter:card\" content=\"summary_large_image\" \/>\n\t\t<meta name=\"twitter:title\" content=\"Borussia Dortmund ficha a Nico Schulz - El Digital de Asturias\" \/>\n\t\t<meta name=\"twitter:description\" content=\"Dortmund (Alemania), 21 may (dpa) - Borussia Dormund, subcampe\u00f3n de la liga alemana de f\u00fatbol, fich\u00f3 al jugador de la selecci\u00f3n germana Nico Schulz, del Hoffenheim, inform\u00f3 hoy el Dortmund. El lateral izquierdo de 26 a\u00f1os firm\u00f3 un contrato por cinco a\u00f1os con el ocho veces campe\u00f3n alem\u00e1n hasta el 30 de junio de 2024,\" \/>\n\t\t<meta name=\"twitter:image\" content=\"https:\/\/www.eldigitaldeasturias.com\/noticias\/wp-content\/uploads\/2019\/05\/Nico-Schulz.jpg\" \/>\n\t\t<meta name=\"twitter:label1\" content=\"Escrito por\" \/>\n\t\t<meta name=\"twitter:data1\" content=\"El Digital de Asturias\" \/>\n\t\t<meta name=\"twitter:label2\" content=\"Tiempo de lectura estimado\" \/>\n\t\t<meta name=\"twitter:data2\" content=\"1 minuto\" \/>\n\t\t<script type=\"application\/ld+json\" class=\"aioseo-schema\">\n\t\t\t{\"@context\":\"https:\\\/\\\/schema.org\",\"@graph\":[{\"@type\":\"BlogPosting\",\"@id\":\"https:\\\/\\\/www.eldigitaldeasturias.com\\\/noticias\\\/borussia-dortmund-ficha-a-nico-schulz\\\/#blogposting\",\"name\":\"Borussia Dortmund ficha a Nico Schulz - El Digital de Asturias\",\"headline\":\"Borussia Dortmund ficha a Nico Schulz\",\"author\":{\"@id\":\"https:\\\/\\\/www.eldigitaldeasturias.com\\\/noticias\\\/author\\\/admin\\\/#author\"},\"publisher\":{\"@id\":\"https:\\\/\\\/www.eldigitaldeasturias.com\\\/noticias\\\/#organization\"},\"image\":{\"@type\":\"ImageObject\",\"url\":\"https:\\\/\\\/www.eldigitaldeasturias.com\\\/noticias\\\/wp-content\\\/uploads\\\/2019\\\/05\\\/Nico-Schulz.jpg\",\"width\":865,\"height\":656},\"datePublished\":\"2019-05-22T12:52:04+02:00\",\"dateModified\":\"2019-05-22T12:52:04+02:00\",\"inLanguage\":\"es-ES\",\"mainEntityOfPage\":{\"@id\":\"https:\\\/\\\/www.eldigitaldeasturias.com\\\/noticias\\\/borussia-dortmund-ficha-a-nico-schulz\\\/#webpage\"},\"isPartOf\":{\"@id\":\"https:\\\/\\\/www.eldigitaldeasturias.com\\\/noticias\\\/borussia-dortmund-ficha-a-nico-schulz\\\/#webpage\"},\"articleSection\":\"Deportes\"},{\"@type\":\"BreadcrumbList\",\"@id\":\"https:\\\/\\\/www.eldigitaldeasturias.com\\\/noticias\\\/borussia-dortmund-ficha-a-nico-schulz\\\/#breadcrumblist\",\"itemListElement\":[{\"@type\":\"ListItem\",\"@id\":\"https:\\\/\\\/www.eldigitaldeasturias.com\\\/noticias#listItem\",\"position\":1,\"name\":\"Home\",\"item\":\"https:\\\/\\\/www.eldigitaldeasturias.com\\\/noticias\",\"nextItem\":{\"@type\":\"ListItem\",\"@id\":\"https:\\\/\\\/www.eldigitaldeasturias.com\\\/noticias\\\/category\\\/deportes\\\/#listItem\",\"name\":\"Deportes\"}},{\"@type\":\"ListItem\",\"@id\":\"https:\\\/\\\/www.eldigitaldeasturias.com\\\/noticias\\\/category\\\/deportes\\\/#listItem\",\"position\":2,\"name\":\"Deportes\",\"item\":\"https:\\\/\\\/www.eldigitaldeasturias.com\\\/noticias\\\/category\\\/deportes\\\/\",\"nextItem\":{\"@type\":\"ListItem\",\"@id\":\"https:\\\/\\\/www.eldigitaldeasturias.com\\\/noticias\\\/borussia-dortmund-ficha-a-nico-schulz\\\/#listItem\",\"name\":\"Borussia Dortmund ficha a Nico Schulz\"},\"previousItem\":{\"@type\":\"ListItem\",\"@id\":\"https:\\\/\\\/www.eldigitaldeasturias.com\\\/noticias#listItem\",\"name\":\"Home\"}},{\"@type\":\"ListItem\",\"@id\":\"https:\\\/\\\/www.eldigitaldeasturias.com\\\/noticias\\\/borussia-dortmund-ficha-a-nico-schulz\\\/#listItem\",\"position\":3,\"name\":\"Borussia Dortmund ficha a Nico Schulz\",\"previousItem\":{\"@type\":\"ListItem\",\"@id\":\"https:\\\/\\\/www.eldigitaldeasturias.com\\\/noticias\\\/category\\\/deportes\\\/#listItem\",\"name\":\"Deportes\"}}]},{\"@type\":\"Organization\",\"@id\":\"https:\\\/\\\/www.eldigitaldeasturias.com\\\/noticias\\\/#organization\",\"name\":\"El Digital de Asturias\",\"description\":\"Hemeroteca\",\"url\":\"https:\\\/\\\/www.eldigitaldeasturias.com\\\/noticias\\\/\",\"email\":\"info@eldigitaldeasturias.com\",\"telephone\":\"+34652131393\",\"logo\":{\"@type\":\"ImageObject\",\"url\":\"https:\\\/\\\/www.eldigitaldeasturias.com\\\/noticias\\\/wp-content\\\/uploads\\\/2020\\\/12\\\/EDA.jpg\",\"@id\":\"https:\\\/\\\/www.eldigitaldeasturias.com\\\/noticias\\\/borussia-dortmund-ficha-a-nico-schulz\\\/#organizationLogo\",\"width\":649,\"height\":297},\"image\":{\"@id\":\"https:\\\/\\\/www.eldigitaldeasturias.com\\\/noticias\\\/borussia-dortmund-ficha-a-nico-schulz\\\/#organizationLogo\"},\"sameAs\":[\"https:\\\/\\\/facebook.com\\\/eldigitaldeasturias\",\"https:\\\/\\\/www.youtube.com\\\/channel\\\/UCZP-2wLEB9Rv6erhFmqVnvg\"],\"address\":{\"@id\":\"https:\\\/\\\/www.eldigitaldeasturias.com\\\/noticias\\\/#postaladdress\",\"@type\":\"PostalAddress\",\"streetAddress\":\"san antonio 4,\",\"postalCode\":\"33430\",\"addressLocality\":\"Cand\\u00e1s\",\"addressRegion\":\"Asturias\",\"addressCountry\":\"ES\"}},{\"@type\":\"Person\",\"@id\":\"https:\\\/\\\/www.eldigitaldeasturias.com\\\/noticias\\\/author\\\/admin\\\/#author\",\"url\":\"https:\\\/\\\/www.eldigitaldeasturias.com\\\/noticias\\\/author\\\/admin\\\/\",\"name\":\"El Digital de Asturias\",\"image\":{\"@type\":\"ImageObject\",\"@id\":\"https:\\\/\\\/www.eldigitaldeasturias.com\\\/noticias\\\/borussia-dortmund-ficha-a-nico-schulz\\\/#authorImage\",\"url\":\"https:\\\/\\\/www.eldigitaldeasturias.com\\\/noticias\\\/wp-content\\\/litespeed\\\/avatar\\\/18677e78aa0546b92d9dbf31ec7d7668.jpg?ver=1777290358\",\"width\":96,\"height\":96,\"caption\":\"El Digital de Asturias\"}},{\"@type\":\"WebPage\",\"@id\":\"https:\\\/\\\/www.eldigitaldeasturias.com\\\/noticias\\\/borussia-dortmund-ficha-a-nico-schulz\\\/#webpage\",\"url\":\"https:\\\/\\\/www.eldigitaldeasturias.com\\\/noticias\\\/borussia-dortmund-ficha-a-nico-schulz\\\/\",\"name\":\"Borussia Dortmund ficha a Nico Schulz - El Digital de Asturias\",\"description\":\"Dortmund (Alemania), 21 may (dpa) - Borussia Dormund, subcampe\\u00f3n de la liga alemana de f\\u00fatbol, fich\\u00f3 al jugador de la selecci\\u00f3n germana Nico Schulz, del Hoffenheim, inform\\u00f3 hoy el Dortmund. El lateral izquierdo de 26 a\\u00f1os firm\\u00f3 un contrato por cinco a\\u00f1os con el ocho veces campe\\u00f3n alem\\u00e1n hasta el 30 de junio de 2024,\",\"inLanguage\":\"es-ES\",\"isPartOf\":{\"@id\":\"https:\\\/\\\/www.eldigitaldeasturias.com\\\/noticias\\\/#website\"},\"breadcrumb\":{\"@id\":\"https:\\\/\\\/www.eldigitaldeasturias.com\\\/noticias\\\/borussia-dortmund-ficha-a-nico-schulz\\\/#breadcrumblist\"},\"author\":{\"@id\":\"https:\\\/\\\/www.eldigitaldeasturias.com\\\/noticias\\\/author\\\/admin\\\/#author\"},\"creator\":{\"@id\":\"https:\\\/\\\/www.eldigitaldeasturias.com\\\/noticias\\\/author\\\/admin\\\/#author\"},\"image\":{\"@type\":\"ImageObject\",\"url\":\"https:\\\/\\\/www.eldigitaldeasturias.com\\\/noticias\\\/wp-content\\\/uploads\\\/2019\\\/05\\\/Nico-Schulz.jpg\",\"@id\":\"https:\\\/\\\/www.eldigitaldeasturias.com\\\/noticias\\\/borussia-dortmund-ficha-a-nico-schulz\\\/#mainImage\",\"width\":865,\"height\":656},\"primaryImageOfPage\":{\"@id\":\"https:\\\/\\\/www.eldigitaldeasturias.com\\\/noticias\\\/borussia-dortmund-ficha-a-nico-schulz\\\/#mainImage\"},\"datePublished\":\"2019-05-22T12:52:04+02:00\",\"dateModified\":\"2019-05-22T12:52:04+02:00\"},{\"@type\":\"WebSite\",\"@id\":\"https:\\\/\\\/www.eldigitaldeasturias.com\\\/noticias\\\/#website\",\"url\":\"https:\\\/\\\/www.eldigitaldeasturias.com\\\/noticias\\\/\",\"name\":\"El Digital de Asturias - Diario de actualidad y noticias\",\"alternateName\":\"El Digital de Asturias - Diario de actualidad y noticias\",\"description\":\"Hemeroteca\",\"inLanguage\":\"es-ES\",\"publisher\":{\"@id\":\"https:\\\/\\\/www.eldigitaldeasturias.com\\\/noticias\\\/#organization\"}}]}\n\t\t<\/script>\n\t\t<!-- All in One SEO Pro -->\r\n\t\t<title>Borussia Dortmund ficha a Nico Schulz - El Digital de Asturias<\/title>\n\n","aioseo_head_json":{"title":"Borussia Dortmund ficha a Nico Schulz - El Digital de Asturias","description":"Dortmund (Alemania), 21 may (dpa) - Borussia Dormund, subcampe\u00f3n de la liga alemana de f\u00fatbol, fich\u00f3 al jugador de la selecci\u00f3n germana Nico Schulz, del Hoffenheim, inform\u00f3 hoy el Dortmund. El lateral izquierdo de 26 a\u00f1os firm\u00f3 un contrato por cinco a\u00f1os con el ocho veces campe\u00f3n alem\u00e1n hasta el 30 de junio de 2024,","canonical_url":"https:\/\/www.eldigitaldeasturias.com\/noticias\/borussia-dortmund-ficha-a-nico-schulz\/","robots":"max-image-preview:large","keywords":"deportes","webmasterTools":{"google-site-verification":"UA-38556648-1","msvalidate.01":"7dfe9f3f1b24437ab69f4f2559babe99","miscellaneous":""},"schema":{"@context":"https:\/\/schema.org","@graph":[{"@type":"BlogPosting","@id":"https:\/\/www.eldigitaldeasturias.com\/noticias\/borussia-dortmund-ficha-a-nico-schulz\/#blogposting","name":"Borussia Dortmund ficha a Nico Schulz - El Digital de Asturias","headline":"Borussia Dortmund ficha a Nico Schulz","author":{"@id":"https:\/\/www.eldigitaldeasturias.com\/noticias\/author\/admin\/#author"},"publisher":{"@id":"https:\/\/www.eldigitaldeasturias.com\/noticias\/#organization"},"image":{"@type":"ImageObject","url":"https:\/\/www.eldigitaldeasturias.com\/noticias\/wp-content\/uploads\/2019\/05\/Nico-Schulz.jpg","width":865,"height":656},"datePublished":"2019-05-22T12:52:04+02:00","dateModified":"2019-05-22T12:52:04+02:00","inLanguage":"es-ES","mainEntityOfPage":{"@id":"https:\/\/www.eldigitaldeasturias.com\/noticias\/borussia-dortmund-ficha-a-nico-schulz\/#webpage"},"isPartOf":{"@id":"https:\/\/www.eldigitaldeasturias.com\/noticias\/borussia-dortmund-ficha-a-nico-schulz\/#webpage"},"articleSection":"Deportes"},{"@type":"BreadcrumbList","@id":"https:\/\/www.eldigitaldeasturias.com\/noticias\/borussia-dortmund-ficha-a-nico-schulz\/#breadcrumblist","itemListElement":[{"@type":"ListItem","@id":"https:\/\/www.eldigitaldeasturias.com\/noticias#listItem","position":1,"name":"Home","item":"https:\/\/www.eldigitaldeasturias.com\/noticias","nextItem":{"@type":"ListItem","@id":"https:\/\/www.eldigitaldeasturias.com\/noticias\/category\/deportes\/#listItem","name":"Deportes"}},{"@type":"ListItem","@id":"https:\/\/www.eldigitaldeasturias.com\/noticias\/category\/deportes\/#listItem","position":2,"name":"Deportes","item":"https:\/\/www.eldigitaldeasturias.com\/noticias\/category\/deportes\/","nextItem":{"@type":"ListItem","@id":"https:\/\/www.eldigitaldeasturias.com\/noticias\/borussia-dortmund-ficha-a-nico-schulz\/#listItem","name":"Borussia Dortmund ficha a Nico Schulz"},"previousItem":{"@type":"ListItem","@id":"https:\/\/www.eldigitaldeasturias.com\/noticias#listItem","name":"Home"}},{"@type":"ListItem","@id":"https:\/\/www.eldigitaldeasturias.com\/noticias\/borussia-dortmund-ficha-a-nico-schulz\/#listItem","position":3,"name":"Borussia Dortmund ficha a Nico Schulz","previousItem":{"@type":"ListItem","@id":"https:\/\/www.eldigitaldeasturias.com\/noticias\/category\/deportes\/#listItem","name":"Deportes"}}]},{"@type":"Organization","@id":"https:\/\/www.eldigitaldeasturias.com\/noticias\/#organization","name":"El Digital de Asturias","description":"Hemeroteca","url":"https:\/\/www.eldigitaldeasturias.com\/noticias\/","email":"info@eldigitaldeasturias.com","telephone":"+34652131393","logo":{"@type":"ImageObject","url":"https:\/\/www.eldigitaldeasturias.com\/noticias\/wp-content\/uploads\/2020\/12\/EDA.jpg","@id":"https:\/\/www.eldigitaldeasturias.com\/noticias\/borussia-dortmund-ficha-a-nico-schulz\/#organizationLogo","width":649,"height":297},"image":{"@id":"https:\/\/www.eldigitaldeasturias.com\/noticias\/borussia-dortmund-ficha-a-nico-schulz\/#organizationLogo"},"sameAs":["https:\/\/facebook.com\/eldigitaldeasturias","https:\/\/www.youtube.com\/channel\/UCZP-2wLEB9Rv6erhFmqVnvg"],"address":{"@id":"https:\/\/www.eldigitaldeasturias.com\/noticias\/#postaladdress","@type":"PostalAddress","streetAddress":"san antonio 4,","postalCode":"33430","addressLocality":"Cand\u00e1s","addressRegion":"Asturias","addressCountry":"ES"}},{"@type":"Person","@id":"https:\/\/www.eldigitaldeasturias.com\/noticias\/author\/admin\/#author","url":"https:\/\/www.eldigitaldeasturias.com\/noticias\/author\/admin\/","name":"El Digital de Asturias","image":{"@type":"ImageObject","@id":"https:\/\/www.eldigitaldeasturias.com\/noticias\/borussia-dortmund-ficha-a-nico-schulz\/#authorImage","url":"https:\/\/www.eldigitaldeasturias.com\/noticias\/wp-content\/litespeed\/avatar\/18677e78aa0546b92d9dbf31ec7d7668.jpg?ver=1777290358","width":96,"height":96,"caption":"El Digital de Asturias"}},{"@type":"WebPage","@id":"https:\/\/www.eldigitaldeasturias.com\/noticias\/borussia-dortmund-ficha-a-nico-schulz\/#webpage","url":"https:\/\/www.eldigitaldeasturias.com\/noticias\/borussia-dortmund-ficha-a-nico-schulz\/","name":"Borussia Dortmund ficha a Nico Schulz - El Digital de Asturias","description":"Dortmund (Alemania), 21 may (dpa) - Borussia Dormund, subcampe\u00f3n de la liga alemana de f\u00fatbol, fich\u00f3 al jugador de la selecci\u00f3n germana Nico Schulz, del Hoffenheim, inform\u00f3 hoy el Dortmund. El lateral izquierdo de 26 a\u00f1os firm\u00f3 un contrato por cinco a\u00f1os con el ocho veces campe\u00f3n alem\u00e1n hasta el 30 de junio de 2024,","inLanguage":"es-ES","isPartOf":{"@id":"https:\/\/www.eldigitaldeasturias.com\/noticias\/#website"},"breadcrumb":{"@id":"https:\/\/www.eldigitaldeasturias.com\/noticias\/borussia-dortmund-ficha-a-nico-schulz\/#breadcrumblist"},"author":{"@id":"https:\/\/www.eldigitaldeasturias.com\/noticias\/author\/admin\/#author"},"creator":{"@id":"https:\/\/www.eldigitaldeasturias.com\/noticias\/author\/admin\/#author"},"image":{"@type":"ImageObject","url":"https:\/\/www.eldigitaldeasturias.com\/noticias\/wp-content\/uploads\/2019\/05\/Nico-Schulz.jpg","@id":"https:\/\/www.eldigitaldeasturias.com\/noticias\/borussia-dortmund-ficha-a-nico-schulz\/#mainImage","width":865,"height":656},"primaryImageOfPage":{"@id":"https:\/\/www.eldigitaldeasturias.com\/noticias\/borussia-dortmund-ficha-a-nico-schulz\/#mainImage"},"datePublished":"2019-05-22T12:52:04+02:00","dateModified":"2019-05-22T12:52:04+02:00"},{"@type":"WebSite","@id":"https:\/\/www.eldigitaldeasturias.com\/noticias\/#website","url":"https:\/\/www.eldigitaldeasturias.com\/noticias\/","name":"El Digital de Asturias - Diario de actualidad y noticias","alternateName":"El Digital de Asturias - Diario de actualidad y noticias","description":"Hemeroteca","inLanguage":"es-ES","publisher":{"@id":"https:\/\/www.eldigitaldeasturias.com\/noticias\/#organization"}}]},"og:locale":"es_ES","og:site_name":"El Digital de Asturias","og:type":"article","og:title":"Borussia Dortmund ficha a Nico Schulz - El Digital de Asturias","og:description":"Dortmund (Alemania), 21 may (dpa) - Borussia Dormund, subcampe\u00f3n de la liga alemana de f\u00fatbol, fich\u00f3 al jugador de la selecci\u00f3n germana Nico Schulz, del Hoffenheim, inform\u00f3 hoy el Dortmund. El lateral izquierdo de 26 a\u00f1os firm\u00f3 un contrato por cinco a\u00f1os con el ocho veces campe\u00f3n alem\u00e1n hasta el 30 de junio de 2024,","og:url":"https:\/\/www.eldigitaldeasturias.com\/noticias\/borussia-dortmund-ficha-a-nico-schulz\/","og:image":"https:\/\/www.eldigitaldeasturias.com\/noticias\/wp-content\/uploads\/2019\/05\/Nico-Schulz.jpg","og:image:secure_url":"https:\/\/www.eldigitaldeasturias.com\/noticias\/wp-content\/uploads\/2019\/05\/Nico-Schulz.jpg","og:image:width":865,"og:image:height":656,"article:tag":["deportes"],"article:published_time":"2019-05-22T12:52:04+00:00","article:modified_time":"2019-05-22T12:52:04+00:00","article:publisher":"https:\/\/facebook.com\/eldigitaldeasturias","twitter:card":"summary_large_image","twitter:title":"Borussia Dortmund ficha a Nico Schulz - El Digital de Asturias","twitter:description":"Dortmund (Alemania), 21 may (dpa) - Borussia Dormund, subcampe\u00f3n de la liga alemana de f\u00fatbol, fich\u00f3 al jugador de la selecci\u00f3n germana Nico Schulz, del Hoffenheim, inform\u00f3 hoy el Dortmund. El lateral izquierdo de 26 a\u00f1os firm\u00f3 un contrato por cinco a\u00f1os con el ocho veces campe\u00f3n alem\u00e1n hasta el 30 de junio de 2024,","twitter:image":"https:\/\/www.eldigitaldeasturias.com\/noticias\/wp-content\/uploads\/2019\/05\/Nico-Schulz.jpg","twitter:label1":"Escrito por","twitter:data1":"El Digital de Asturias","twitter:label2":"Tiempo de lectura estimado","twitter:data2":"1 minuto"},"aioseo_meta_data":{"post_id":"1028139","title":null,"description":null,"keywords":null,"keyphrases":null,"primary_term":null,"canonical_url":null,"og_title":null,"og_description":null,"og_object_type":"default","og_image_type":"default","og_image_url":null,"og_image_width":null,"og_image_height":null,"og_image_custom_url":null,"og_image_custom_fields":null,"og_video":null,"og_custom_url":null,"og_article_section":null,"og_article_tags":null,"twitter_use_og":false,"twitter_card":"default","twitter_image_type":"default","twitter_image_url":null,"twitter_image_custom_url":null,"twitter_image_custom_fields":null,"twitter_title":null,"twitter_description":null,"schema":{"blockGraphs":[],"customGraphs":[],"default":{"data":{"Article":[],"Course":[],"Dataset":[],"FAQPage":[],"Movie":[],"Person":[],"Product":[],"ProductReview":[],"Car":[],"Recipe":[],"Service":[],"SoftwareApplication":[],"WebPage":[]},"graphName":"","isEnabled":true},"graphs":[],"defaultGraph":"","defaultPostTypeGraph":""},"schema_type":null,"schema_type_options":null,"pillar_content":false,"robots_default":true,"robots_noindex":false,"robots_noarchive":false,"robots_nosnippet":false,"robots_nofollow":false,"robots_noimageindex":false,"robots_noodp":false,"robots_notranslate":false,"robots_max_snippet":null,"robots_max_videopreview":null,"robots_max_imagepreview":"large","priority":null,"frequency":null,"local_seo":null,"seo_analyzer_scan_date":"2025-10-18 07:51:06","breadcrumb_settings":null,"limit_modified_date":false,"open_ai":null,"ai":null,"created":"2020-12-21 11:11:33","updated":"2025-10-18 07:51:06"},"aioseo_breadcrumb":"<div class=\"aioseo-breadcrumbs\"><span class=\"aioseo-breadcrumb\">\n\t<a href=\"https:\/\/www.eldigitaldeasturias.com\/noticias\" title=\"Home\">Home<\/a>\n<\/span><span class=\"aioseo-breadcrumb-separator\">\u2013<\/span><span class=\"aioseo-breadcrumb\">\n\t<a href=\"https:\/\/www.eldigitaldeasturias.com\/noticias\/category\/deportes\/\" title=\"Deportes\">Deportes<\/a>\n<\/span><span class=\"aioseo-breadcrumb-separator\">\u2013<\/span><span class=\"aioseo-breadcrumb\">\n\t<a href=\"https:\/\/www.eldigitaldeasturias.com\/noticias\/borussia-dortmund-ficha-a-nico-schulz\/\" title=\"Borussia Dortmund ficha a Nico Schulz\">Borussia Dortmund ficha a Nico Schulz<\/a>\n<\/span><\/div>","aioseo_breadcrumb_json":[{"label":"Home","link":"https:\/\/www.eldigitaldeasturias.com\/noticias"},{"label":"Deportes","link":"https:\/\/www.eldigitaldeasturias.com\/noticias\/category\/deportes\/"},{"label":"Borussia Dortmund ficha a Nico Schulz","link":"https:\/\/www.eldigitaldeasturias.com\/noticias\/borussia-dortmund-ficha-a-nico-schulz\/"}],"_links":{"self":[{"href":"https:\/\/www.eldigitaldeasturias.com\/noticias\/wp-json\/wp\/v2\/posts\/1028139","targetHints":{"allow":["GET"]}}],"collection":[{"href":"https:\/\/www.eldigitaldeasturias.com\/noticias\/wp-json\/wp\/v2\/posts"}],"about":[{"href":"https:\/\/www.eldigitaldeasturias.com\/noticias\/wp-json\/wp\/v2\/types\/post"}],"author":[{"embeddable":true,"href":"https:\/\/www.eldigitaldeasturias.com\/noticias\/wp-json\/wp\/v2\/users\/1"}],"replies":[{"embeddable":true,"href":"https:\/\/www.eldigitaldeasturias.com\/noticias\/wp-json\/wp\/v2\/comments?post=1028139"}],"version-history":[{"count":0,"href":"https:\/\/www.eldigitaldeasturias.com\/noticias\/wp-json\/wp\/v2\/posts\/1028139\/revisions"}],"wp:featuredmedia":[{"embeddable":true,"href":"https:\/\/www.eldigitaldeasturias.com\/noticias\/wp-json\/wp\/v2\/media\/1028140"}],"wp:attachment":[{"href":"https:\/\/www.eldigitaldeasturias.com\/noticias\/wp-json\/wp\/v2\/media?parent=1028139"}],"wp:term":[{"taxonomy":"category","embeddable":true,"href":"https:\/\/www.eldigitaldeasturias.com\/noticias\/wp-json\/wp\/v2\/categories?post=1028139"},{"taxonomy":"post_tag","embeddable":true,"href":"https:\/\/www.eldigitaldeasturias.com\/noticias\/wp-json\/wp\/v2\/tags?post=1028139"}],"curies":[{"name":"wp","href":"https:\/\/api.w.org\/{rel}","templated":true}]}}