{"id":1028051,"date":"2019-05-21T15:08:51","date_gmt":"2019-05-21T15:08:51","guid":{"rendered":"https:\/\/www.eldigitaldeasturias.com\/noticias\/?p=1028051"},"modified":"2019-05-21T15:08:51","modified_gmt":"2019-05-21T15:08:51","slug":"olona-muestra-su-apoyo-a-los-organizadores-de-enomaq","status":"publish","type":"post","link":"https:\/\/www.eldigitaldeasturias.com\/noticias\/olona-muestra-su-apoyo-a-los-organizadores-de-enomaq\/","title":{"rendered":"Olona muestra su apoyo a los organizadores de ENOMAQ"},"content":{"rendered":"<p><img loading=\"lazy\" decoding=\"async\" class=\"alignleft size-medium wp-image-1028058\" src=\"https:\/\/www.eldigitaldeasturias.com\/noticias\/wp-content\/uploads\/2019\/05\/20190521_141826_7e0ac756-360x159.jpg\" alt=\"\" width=\"360\" height=\"159\" srcset=\"https:\/\/www.eldigitaldeasturias.com\/noticias\/wp-content\/uploads\/2019\/05\/20190521_141826_7e0ac756-360x159.jpg 360w, https:\/\/www.eldigitaldeasturias.com\/noticias\/wp-content\/uploads\/2019\/05\/20190521_141826_7e0ac756-650x288.jpg 650w, https:\/\/www.eldigitaldeasturias.com\/noticias\/wp-content\/uploads\/2019\/05\/20190521_141826_7e0ac756-250x110.jpg 250w, https:\/\/www.eldigitaldeasturias.com\/noticias\/wp-content\/uploads\/2019\/05\/20190521_141826_7e0ac756.jpg 700w\" sizes=\"auto, (max-width: 360px) 100vw, 360px\" \/>El consejero de Desarrollo Rural y Sostenibilidad, Joaqu\u00edn Olona, acompa\u00f1ado del secretario general t\u00e9cnico, Jos\u00e9 Luis Castellano, han asistido al comit\u00e9 de cierre de ENOMAQ, que hoy ha tenido lugar en la Toneler\u00eda Magre\u00f1\u00e1n de Alfaro (La Rioja).<\/p>\n<p>El consejero ha querido mostrar su apoyo a los promotores de ENOMAQ a los que ha felicitado por \u201cla profesionalidad que han venido demostrando en la organizaci\u00f3n de la feria\u201d.<\/p>\n<p>ENOMAQ reuni\u00f3 a m\u00e1s de 28.000 visitantes en su \u00faltima edici\u00f3n, que se desarroll\u00f3 el pasado mes de marzo en la Feria de Zaragoza, junto a OLEOMAQ, TECNOVID, OLEOTEC y E-BEER. Los cert\u00e1menes de maquinaria y equipamiento para bodegas, almazaras y el sector cervecero, reunieron a 1.286 marcas de 31 pa\u00edses.<\/p>\n<p>El sector del vino es el que m\u00e1s y mejor se ha internacionalizado en la agroalimentaci\u00f3n aragonesa. La Comunidad aument\u00f3 un 4,9% los ingresos por exportaciones de vino en 2017, hasta alcanzar los 124,1 millones de euros.<\/p>\n<p>El 80% de la producci\u00f3n con calidad diferenciada que tenemos en Arag\u00f3n es vino, por lo que es un ejemplo a seguir para todo el sector de la agroalimentaci\u00f3n. Toda la producci\u00f3n agroalimentaria con calidad diferenciada en la Comunidad Aut\u00f3noma supone una cifra de unos 220 millones de euros, de los cuales, 180 millones corresponden al vino.<\/p>\n<p>En Arag\u00f3n hay 36.000 hect\u00e1reas de vi\u00f1edo. El 74% de los vi\u00f1edos y el 85% de la producci\u00f3n vin\u00edcola de la regi\u00f3n est\u00e1 copada por las denominaciones de origen.<\/p>\n<p>El Gobierno de Arag\u00f3n pone a disposici\u00f3n del sector vitivin\u00edcola m\u00e1s de 12 millones anualmente, a trav\u00e9s de tres l\u00edneas de ayuda destinadas a los programas de reestructuraci\u00f3n del vi\u00f1edo, la inversi\u00f3n en bodegas y la promoci\u00f3n a terceros pa\u00edses.<\/p>\n<p>Al acto han asistido tambi\u00e9n el consejero de Agricultura, Ganader\u00eda y Medio Ambiente de La Rioja, \u00cd\u00f1igo Nagore, la directora general de Agricultura y Ganader\u00eda, Mar\u00eda Jes\u00fas Mi\u00f1ana, y el director de la Feria de Zaragoza, Rogelio Cuairan.<\/p>\n","protected":false},"excerpt":{"rendered":"<p>El consejero de Desarrollo Rural y Sostenibilidad, Joaqu\u00edn Olona, acompa\u00f1ado del secretario general t\u00e9cnico, Jos\u00e9 Luis Castellano, han asistido al comit\u00e9 de cierre de ENOMAQ, que hoy ha tenido lugar en la Toneler\u00eda Magre\u00f1\u00e1n de Alfaro (La Rioja). El consejero ha querido mostrar su apoyo a los promotores de ENOMAQ a los que ha felicitado [&hellip;]<\/p>\n","protected":false},"author":1,"featured_media":1028058,"comment_status":"closed","ping_status":"closed","sticky":false,"template":"","format":"standard","meta":{"footnotes":""},"categories":[187],"tags":[],"class_list":["post-1028051","post","type-post","status-publish","format-standard","has-post-thumbnail","hentry","category-economia"],"aioseo_notices":[],"aioseo_head":"\n\t\t<!-- All in One SEO Pro 4.9.6.2 - aioseo.com -->\n\t<meta name=\"description\" content=\"El consejero de Desarrollo Rural y Sostenibilidad, Joaqu\u00edn Olona, acompa\u00f1ado del secretario general t\u00e9cnico, Jos\u00e9 Luis Castellano, han asistido al comit\u00e9 de cierre de ENOMAQ, que hoy ha tenido lugar en la Toneler\u00eda Magre\u00f1\u00e1n de Alfaro (La Rioja). El consejero ha querido mostrar su apoyo a los promotores de ENOMAQ a los que ha felicitado\" \/>\n\t<meta name=\"robots\" content=\"max-image-preview:large\" \/>\n\t<meta name=\"author\" content=\"El Digital de Asturias\"\/>\n\t<meta name=\"google-site-verification\" content=\"UA-38556648-1\" \/>\n\t<meta name=\"msvalidate.01\" content=\"7dfe9f3f1b24437ab69f4f2559babe99\" \/>\n\t<meta name=\"keywords\" content=\"econom\u00eda\" \/>\n\t<link rel=\"canonical\" href=\"https:\/\/www.eldigitaldeasturias.com\/noticias\/olona-muestra-su-apoyo-a-los-organizadores-de-enomaq\/\" \/>\n\t<meta name=\"generator\" content=\"All in One SEO Pro (AIOSEO) 4.9.6.2\" \/>\n\t\t<meta property=\"og:locale\" content=\"es_ES\" \/>\n\t\t<meta property=\"og:site_name\" content=\"El Digital de Asturias\" \/>\n\t\t<meta property=\"og:type\" content=\"article\" \/>\n\t\t<meta property=\"og:title\" content=\"Olona muestra su apoyo a los organizadores de ENOMAQ - El Digital de Asturias\" \/>\n\t\t<meta property=\"og:description\" content=\"El consejero de Desarrollo Rural y Sostenibilidad, Joaqu\u00edn Olona, acompa\u00f1ado del secretario general t\u00e9cnico, Jos\u00e9 Luis Castellano, han asistido al comit\u00e9 de cierre de ENOMAQ, que hoy ha tenido lugar en la Toneler\u00eda Magre\u00f1\u00e1n de Alfaro (La Rioja). El consejero ha querido mostrar su apoyo a los promotores de ENOMAQ a los que ha felicitado\" \/>\n\t\t<meta property=\"og:url\" content=\"https:\/\/www.eldigitaldeasturias.com\/noticias\/olona-muestra-su-apoyo-a-los-organizadores-de-enomaq\/\" \/>\n\t\t<meta property=\"og:image\" content=\"https:\/\/www.eldigitaldeasturias.com\/noticias\/wp-content\/uploads\/2019\/05\/20190521_141826_7e0ac756.jpg\" \/>\n\t\t<meta property=\"og:image:secure_url\" content=\"https:\/\/www.eldigitaldeasturias.com\/noticias\/wp-content\/uploads\/2019\/05\/20190521_141826_7e0ac756.jpg\" \/>\n\t\t<meta property=\"og:image:width\" content=\"700\" \/>\n\t\t<meta property=\"og:image:height\" content=\"310\" \/>\n\t\t<meta property=\"article:tag\" content=\"econom\u00eda\" \/>\n\t\t<meta property=\"article:published_time\" content=\"2019-05-21T15:08:51+00:00\" \/>\n\t\t<meta property=\"article:modified_time\" content=\"2019-05-21T15:08:51+00:00\" \/>\n\t\t<meta property=\"article:publisher\" content=\"https:\/\/facebook.com\/eldigitaldeasturias\" \/>\n\t\t<meta name=\"twitter:card\" content=\"summary_large_image\" \/>\n\t\t<meta name=\"twitter:title\" content=\"Olona muestra su apoyo a los organizadores de ENOMAQ - El Digital de Asturias\" \/>\n\t\t<meta name=\"twitter:description\" content=\"El consejero de Desarrollo Rural y Sostenibilidad, Joaqu\u00edn Olona, acompa\u00f1ado del secretario general t\u00e9cnico, Jos\u00e9 Luis Castellano, han asistido al comit\u00e9 de cierre de ENOMAQ, que hoy ha tenido lugar en la Toneler\u00eda Magre\u00f1\u00e1n de Alfaro (La Rioja). El consejero ha querido mostrar su apoyo a los promotores de ENOMAQ a los que ha felicitado\" \/>\n\t\t<meta name=\"twitter:image\" content=\"https:\/\/www.eldigitaldeasturias.com\/noticias\/wp-content\/uploads\/2019\/05\/20190521_141826_7e0ac756.jpg\" \/>\n\t\t<meta name=\"twitter:label1\" content=\"Escrito por\" \/>\n\t\t<meta name=\"twitter:data1\" content=\"El Digital de Asturias\" \/>\n\t\t<meta name=\"twitter:label2\" content=\"Tiempo de lectura estimado\" \/>\n\t\t<meta name=\"twitter:data2\" content=\"2 minutos\" \/>\n\t\t<script type=\"application\/ld+json\" class=\"aioseo-schema\">\n\t\t\t{\"@context\":\"https:\\\/\\\/schema.org\",\"@graph\":[{\"@type\":\"BlogPosting\",\"@id\":\"https:\\\/\\\/www.eldigitaldeasturias.com\\\/noticias\\\/olona-muestra-su-apoyo-a-los-organizadores-de-enomaq\\\/#blogposting\",\"name\":\"Olona muestra su apoyo a los organizadores de ENOMAQ - El Digital de Asturias\",\"headline\":\"Olona muestra su apoyo a los organizadores de ENOMAQ\",\"author\":{\"@id\":\"https:\\\/\\\/www.eldigitaldeasturias.com\\\/noticias\\\/author\\\/admin\\\/#author\"},\"publisher\":{\"@id\":\"https:\\\/\\\/www.eldigitaldeasturias.com\\\/noticias\\\/#organization\"},\"image\":{\"@type\":\"ImageObject\",\"url\":\"https:\\\/\\\/www.eldigitaldeasturias.com\\\/noticias\\\/wp-content\\\/uploads\\\/2019\\\/05\\\/20190521_141826_7e0ac756.jpg\",\"width\":700,\"height\":310},\"datePublished\":\"2019-05-21T15:08:51+02:00\",\"dateModified\":\"2019-05-21T15:08:51+02:00\",\"inLanguage\":\"es-ES\",\"mainEntityOfPage\":{\"@id\":\"https:\\\/\\\/www.eldigitaldeasturias.com\\\/noticias\\\/olona-muestra-su-apoyo-a-los-organizadores-de-enomaq\\\/#webpage\"},\"isPartOf\":{\"@id\":\"https:\\\/\\\/www.eldigitaldeasturias.com\\\/noticias\\\/olona-muestra-su-apoyo-a-los-organizadores-de-enomaq\\\/#webpage\"},\"articleSection\":\"Econom\\u00eda\"},{\"@type\":\"BreadcrumbList\",\"@id\":\"https:\\\/\\\/www.eldigitaldeasturias.com\\\/noticias\\\/olona-muestra-su-apoyo-a-los-organizadores-de-enomaq\\\/#breadcrumblist\",\"itemListElement\":[{\"@type\":\"ListItem\",\"@id\":\"https:\\\/\\\/www.eldigitaldeasturias.com\\\/noticias#listItem\",\"position\":1,\"name\":\"Home\",\"item\":\"https:\\\/\\\/www.eldigitaldeasturias.com\\\/noticias\",\"nextItem\":{\"@type\":\"ListItem\",\"@id\":\"https:\\\/\\\/www.eldigitaldeasturias.com\\\/noticias\\\/category\\\/economia\\\/#listItem\",\"name\":\"Econom\\u00eda\"}},{\"@type\":\"ListItem\",\"@id\":\"https:\\\/\\\/www.eldigitaldeasturias.com\\\/noticias\\\/category\\\/economia\\\/#listItem\",\"position\":2,\"name\":\"Econom\\u00eda\",\"item\":\"https:\\\/\\\/www.eldigitaldeasturias.com\\\/noticias\\\/category\\\/economia\\\/\",\"nextItem\":{\"@type\":\"ListItem\",\"@id\":\"https:\\\/\\\/www.eldigitaldeasturias.com\\\/noticias\\\/olona-muestra-su-apoyo-a-los-organizadores-de-enomaq\\\/#listItem\",\"name\":\"Olona muestra su apoyo a los organizadores de ENOMAQ\"},\"previousItem\":{\"@type\":\"ListItem\",\"@id\":\"https:\\\/\\\/www.eldigitaldeasturias.com\\\/noticias#listItem\",\"name\":\"Home\"}},{\"@type\":\"ListItem\",\"@id\":\"https:\\\/\\\/www.eldigitaldeasturias.com\\\/noticias\\\/olona-muestra-su-apoyo-a-los-organizadores-de-enomaq\\\/#listItem\",\"position\":3,\"name\":\"Olona muestra su apoyo a los organizadores de ENOMAQ\",\"previousItem\":{\"@type\":\"ListItem\",\"@id\":\"https:\\\/\\\/www.eldigitaldeasturias.com\\\/noticias\\\/category\\\/economia\\\/#listItem\",\"name\":\"Econom\\u00eda\"}}]},{\"@type\":\"Organization\",\"@id\":\"https:\\\/\\\/www.eldigitaldeasturias.com\\\/noticias\\\/#organization\",\"name\":\"El Digital de Asturias\",\"description\":\"Hemeroteca\",\"url\":\"https:\\\/\\\/www.eldigitaldeasturias.com\\\/noticias\\\/\",\"email\":\"info@eldigitaldeasturias.com\",\"telephone\":\"+34652131393\",\"logo\":{\"@type\":\"ImageObject\",\"url\":\"https:\\\/\\\/www.eldigitaldeasturias.com\\\/noticias\\\/wp-content\\\/uploads\\\/2020\\\/12\\\/EDA.jpg\",\"@id\":\"https:\\\/\\\/www.eldigitaldeasturias.com\\\/noticias\\\/olona-muestra-su-apoyo-a-los-organizadores-de-enomaq\\\/#organizationLogo\",\"width\":649,\"height\":297},\"image\":{\"@id\":\"https:\\\/\\\/www.eldigitaldeasturias.com\\\/noticias\\\/olona-muestra-su-apoyo-a-los-organizadores-de-enomaq\\\/#organizationLogo\"},\"sameAs\":[\"https:\\\/\\\/facebook.com\\\/eldigitaldeasturias\",\"https:\\\/\\\/www.youtube.com\\\/channel\\\/UCZP-2wLEB9Rv6erhFmqVnvg\"],\"address\":{\"@id\":\"https:\\\/\\\/www.eldigitaldeasturias.com\\\/noticias\\\/#postaladdress\",\"@type\":\"PostalAddress\",\"streetAddress\":\"san antonio 4,\",\"postalCode\":\"33430\",\"addressLocality\":\"Cand\\u00e1s\",\"addressRegion\":\"Asturias\",\"addressCountry\":\"ES\"}},{\"@type\":\"Person\",\"@id\":\"https:\\\/\\\/www.eldigitaldeasturias.com\\\/noticias\\\/author\\\/admin\\\/#author\",\"url\":\"https:\\\/\\\/www.eldigitaldeasturias.com\\\/noticias\\\/author\\\/admin\\\/\",\"name\":\"El Digital de Asturias\",\"image\":{\"@type\":\"ImageObject\",\"@id\":\"https:\\\/\\\/www.eldigitaldeasturias.com\\\/noticias\\\/olona-muestra-su-apoyo-a-los-organizadores-de-enomaq\\\/#authorImage\",\"url\":\"https:\\\/\\\/www.eldigitaldeasturias.com\\\/noticias\\\/wp-content\\\/litespeed\\\/avatar\\\/18677e78aa0546b92d9dbf31ec7d7668.jpg?ver=1776685526\",\"width\":96,\"height\":96,\"caption\":\"El Digital de Asturias\"}},{\"@type\":\"WebPage\",\"@id\":\"https:\\\/\\\/www.eldigitaldeasturias.com\\\/noticias\\\/olona-muestra-su-apoyo-a-los-organizadores-de-enomaq\\\/#webpage\",\"url\":\"https:\\\/\\\/www.eldigitaldeasturias.com\\\/noticias\\\/olona-muestra-su-apoyo-a-los-organizadores-de-enomaq\\\/\",\"name\":\"Olona muestra su apoyo a los organizadores de ENOMAQ - El Digital de Asturias\",\"description\":\"El consejero de Desarrollo Rural y Sostenibilidad, Joaqu\\u00edn Olona, acompa\\u00f1ado del secretario general t\\u00e9cnico, Jos\\u00e9 Luis Castellano, han asistido al comit\\u00e9 de cierre de ENOMAQ, que hoy ha tenido lugar en la Toneler\\u00eda Magre\\u00f1\\u00e1n de Alfaro (La Rioja). El consejero ha querido mostrar su apoyo a los promotores de ENOMAQ a los que ha felicitado\",\"inLanguage\":\"es-ES\",\"isPartOf\":{\"@id\":\"https:\\\/\\\/www.eldigitaldeasturias.com\\\/noticias\\\/#website\"},\"breadcrumb\":{\"@id\":\"https:\\\/\\\/www.eldigitaldeasturias.com\\\/noticias\\\/olona-muestra-su-apoyo-a-los-organizadores-de-enomaq\\\/#breadcrumblist\"},\"author\":{\"@id\":\"https:\\\/\\\/www.eldigitaldeasturias.com\\\/noticias\\\/author\\\/admin\\\/#author\"},\"creator\":{\"@id\":\"https:\\\/\\\/www.eldigitaldeasturias.com\\\/noticias\\\/author\\\/admin\\\/#author\"},\"image\":{\"@type\":\"ImageObject\",\"url\":\"https:\\\/\\\/www.eldigitaldeasturias.com\\\/noticias\\\/wp-content\\\/uploads\\\/2019\\\/05\\\/20190521_141826_7e0ac756.jpg\",\"@id\":\"https:\\\/\\\/www.eldigitaldeasturias.com\\\/noticias\\\/olona-muestra-su-apoyo-a-los-organizadores-de-enomaq\\\/#mainImage\",\"width\":700,\"height\":310},\"primaryImageOfPage\":{\"@id\":\"https:\\\/\\\/www.eldigitaldeasturias.com\\\/noticias\\\/olona-muestra-su-apoyo-a-los-organizadores-de-enomaq\\\/#mainImage\"},\"datePublished\":\"2019-05-21T15:08:51+02:00\",\"dateModified\":\"2019-05-21T15:08:51+02:00\"},{\"@type\":\"WebSite\",\"@id\":\"https:\\\/\\\/www.eldigitaldeasturias.com\\\/noticias\\\/#website\",\"url\":\"https:\\\/\\\/www.eldigitaldeasturias.com\\\/noticias\\\/\",\"name\":\"El Digital de Asturias - Diario de actualidad y noticias\",\"alternateName\":\"El Digital de Asturias - Diario de actualidad y noticias\",\"description\":\"Hemeroteca\",\"inLanguage\":\"es-ES\",\"publisher\":{\"@id\":\"https:\\\/\\\/www.eldigitaldeasturias.com\\\/noticias\\\/#organization\"}}]}\n\t\t<\/script>\n\t\t<!-- All in One SEO Pro -->\r\n\t\t<title>Olona muestra su apoyo a los organizadores de ENOMAQ - El Digital de Asturias<\/title>\n\n","aioseo_head_json":{"title":"Olona muestra su apoyo a los organizadores de ENOMAQ - El Digital de Asturias","description":"El consejero de Desarrollo Rural y Sostenibilidad, Joaqu\u00edn Olona, acompa\u00f1ado del secretario general t\u00e9cnico, Jos\u00e9 Luis Castellano, han asistido al comit\u00e9 de cierre de ENOMAQ, que hoy ha tenido lugar en la Toneler\u00eda Magre\u00f1\u00e1n de Alfaro (La Rioja). El consejero ha querido mostrar su apoyo a los promotores de ENOMAQ a los que ha felicitado","canonical_url":"https:\/\/www.eldigitaldeasturias.com\/noticias\/olona-muestra-su-apoyo-a-los-organizadores-de-enomaq\/","robots":"max-image-preview:large","keywords":"econom\u00eda","webmasterTools":{"google-site-verification":"UA-38556648-1","msvalidate.01":"7dfe9f3f1b24437ab69f4f2559babe99","miscellaneous":""},"schema":{"@context":"https:\/\/schema.org","@graph":[{"@type":"BlogPosting","@id":"https:\/\/www.eldigitaldeasturias.com\/noticias\/olona-muestra-su-apoyo-a-los-organizadores-de-enomaq\/#blogposting","name":"Olona muestra su apoyo a los organizadores de ENOMAQ - El Digital de Asturias","headline":"Olona muestra su apoyo a los organizadores de ENOMAQ","author":{"@id":"https:\/\/www.eldigitaldeasturias.com\/noticias\/author\/admin\/#author"},"publisher":{"@id":"https:\/\/www.eldigitaldeasturias.com\/noticias\/#organization"},"image":{"@type":"ImageObject","url":"https:\/\/www.eldigitaldeasturias.com\/noticias\/wp-content\/uploads\/2019\/05\/20190521_141826_7e0ac756.jpg","width":700,"height":310},"datePublished":"2019-05-21T15:08:51+02:00","dateModified":"2019-05-21T15:08:51+02:00","inLanguage":"es-ES","mainEntityOfPage":{"@id":"https:\/\/www.eldigitaldeasturias.com\/noticias\/olona-muestra-su-apoyo-a-los-organizadores-de-enomaq\/#webpage"},"isPartOf":{"@id":"https:\/\/www.eldigitaldeasturias.com\/noticias\/olona-muestra-su-apoyo-a-los-organizadores-de-enomaq\/#webpage"},"articleSection":"Econom\u00eda"},{"@type":"BreadcrumbList","@id":"https:\/\/www.eldigitaldeasturias.com\/noticias\/olona-muestra-su-apoyo-a-los-organizadores-de-enomaq\/#breadcrumblist","itemListElement":[{"@type":"ListItem","@id":"https:\/\/www.eldigitaldeasturias.com\/noticias#listItem","position":1,"name":"Home","item":"https:\/\/www.eldigitaldeasturias.com\/noticias","nextItem":{"@type":"ListItem","@id":"https:\/\/www.eldigitaldeasturias.com\/noticias\/category\/economia\/#listItem","name":"Econom\u00eda"}},{"@type":"ListItem","@id":"https:\/\/www.eldigitaldeasturias.com\/noticias\/category\/economia\/#listItem","position":2,"name":"Econom\u00eda","item":"https:\/\/www.eldigitaldeasturias.com\/noticias\/category\/economia\/","nextItem":{"@type":"ListItem","@id":"https:\/\/www.eldigitaldeasturias.com\/noticias\/olona-muestra-su-apoyo-a-los-organizadores-de-enomaq\/#listItem","name":"Olona muestra su apoyo a los organizadores de ENOMAQ"},"previousItem":{"@type":"ListItem","@id":"https:\/\/www.eldigitaldeasturias.com\/noticias#listItem","name":"Home"}},{"@type":"ListItem","@id":"https:\/\/www.eldigitaldeasturias.com\/noticias\/olona-muestra-su-apoyo-a-los-organizadores-de-enomaq\/#listItem","position":3,"name":"Olona muestra su apoyo a los organizadores de ENOMAQ","previousItem":{"@type":"ListItem","@id":"https:\/\/www.eldigitaldeasturias.com\/noticias\/category\/economia\/#listItem","name":"Econom\u00eda"}}]},{"@type":"Organization","@id":"https:\/\/www.eldigitaldeasturias.com\/noticias\/#organization","name":"El Digital de Asturias","description":"Hemeroteca","url":"https:\/\/www.eldigitaldeasturias.com\/noticias\/","email":"info@eldigitaldeasturias.com","telephone":"+34652131393","logo":{"@type":"ImageObject","url":"https:\/\/www.eldigitaldeasturias.com\/noticias\/wp-content\/uploads\/2020\/12\/EDA.jpg","@id":"https:\/\/www.eldigitaldeasturias.com\/noticias\/olona-muestra-su-apoyo-a-los-organizadores-de-enomaq\/#organizationLogo","width":649,"height":297},"image":{"@id":"https:\/\/www.eldigitaldeasturias.com\/noticias\/olona-muestra-su-apoyo-a-los-organizadores-de-enomaq\/#organizationLogo"},"sameAs":["https:\/\/facebook.com\/eldigitaldeasturias","https:\/\/www.youtube.com\/channel\/UCZP-2wLEB9Rv6erhFmqVnvg"],"address":{"@id":"https:\/\/www.eldigitaldeasturias.com\/noticias\/#postaladdress","@type":"PostalAddress","streetAddress":"san antonio 4,","postalCode":"33430","addressLocality":"Cand\u00e1s","addressRegion":"Asturias","addressCountry":"ES"}},{"@type":"Person","@id":"https:\/\/www.eldigitaldeasturias.com\/noticias\/author\/admin\/#author","url":"https:\/\/www.eldigitaldeasturias.com\/noticias\/author\/admin\/","name":"El Digital de Asturias","image":{"@type":"ImageObject","@id":"https:\/\/www.eldigitaldeasturias.com\/noticias\/olona-muestra-su-apoyo-a-los-organizadores-de-enomaq\/#authorImage","url":"https:\/\/www.eldigitaldeasturias.com\/noticias\/wp-content\/litespeed\/avatar\/18677e78aa0546b92d9dbf31ec7d7668.jpg?ver=1776685526","width":96,"height":96,"caption":"El Digital de Asturias"}},{"@type":"WebPage","@id":"https:\/\/www.eldigitaldeasturias.com\/noticias\/olona-muestra-su-apoyo-a-los-organizadores-de-enomaq\/#webpage","url":"https:\/\/www.eldigitaldeasturias.com\/noticias\/olona-muestra-su-apoyo-a-los-organizadores-de-enomaq\/","name":"Olona muestra su apoyo a los organizadores de ENOMAQ - El Digital de Asturias","description":"El consejero de Desarrollo Rural y Sostenibilidad, Joaqu\u00edn Olona, acompa\u00f1ado del secretario general t\u00e9cnico, Jos\u00e9 Luis Castellano, han asistido al comit\u00e9 de cierre de ENOMAQ, que hoy ha tenido lugar en la Toneler\u00eda Magre\u00f1\u00e1n de Alfaro (La Rioja). El consejero ha querido mostrar su apoyo a los promotores de ENOMAQ a los que ha felicitado","inLanguage":"es-ES","isPartOf":{"@id":"https:\/\/www.eldigitaldeasturias.com\/noticias\/#website"},"breadcrumb":{"@id":"https:\/\/www.eldigitaldeasturias.com\/noticias\/olona-muestra-su-apoyo-a-los-organizadores-de-enomaq\/#breadcrumblist"},"author":{"@id":"https:\/\/www.eldigitaldeasturias.com\/noticias\/author\/admin\/#author"},"creator":{"@id":"https:\/\/www.eldigitaldeasturias.com\/noticias\/author\/admin\/#author"},"image":{"@type":"ImageObject","url":"https:\/\/www.eldigitaldeasturias.com\/noticias\/wp-content\/uploads\/2019\/05\/20190521_141826_7e0ac756.jpg","@id":"https:\/\/www.eldigitaldeasturias.com\/noticias\/olona-muestra-su-apoyo-a-los-organizadores-de-enomaq\/#mainImage","width":700,"height":310},"primaryImageOfPage":{"@id":"https:\/\/www.eldigitaldeasturias.com\/noticias\/olona-muestra-su-apoyo-a-los-organizadores-de-enomaq\/#mainImage"},"datePublished":"2019-05-21T15:08:51+02:00","dateModified":"2019-05-21T15:08:51+02:00"},{"@type":"WebSite","@id":"https:\/\/www.eldigitaldeasturias.com\/noticias\/#website","url":"https:\/\/www.eldigitaldeasturias.com\/noticias\/","name":"El Digital de Asturias - Diario de actualidad y noticias","alternateName":"El Digital de Asturias - Diario de actualidad y noticias","description":"Hemeroteca","inLanguage":"es-ES","publisher":{"@id":"https:\/\/www.eldigitaldeasturias.com\/noticias\/#organization"}}]},"og:locale":"es_ES","og:site_name":"El Digital de Asturias","og:type":"article","og:title":"Olona muestra su apoyo a los organizadores de ENOMAQ - El Digital de Asturias","og:description":"El consejero de Desarrollo Rural y Sostenibilidad, Joaqu\u00edn Olona, acompa\u00f1ado del secretario general t\u00e9cnico, Jos\u00e9 Luis Castellano, han asistido al comit\u00e9 de cierre de ENOMAQ, que hoy ha tenido lugar en la Toneler\u00eda Magre\u00f1\u00e1n de Alfaro (La Rioja). El consejero ha querido mostrar su apoyo a los promotores de ENOMAQ a los que ha felicitado","og:url":"https:\/\/www.eldigitaldeasturias.com\/noticias\/olona-muestra-su-apoyo-a-los-organizadores-de-enomaq\/","og:image":"https:\/\/www.eldigitaldeasturias.com\/noticias\/wp-content\/uploads\/2019\/05\/20190521_141826_7e0ac756.jpg","og:image:secure_url":"https:\/\/www.eldigitaldeasturias.com\/noticias\/wp-content\/uploads\/2019\/05\/20190521_141826_7e0ac756.jpg","og:image:width":700,"og:image:height":310,"article:tag":["econom\u00eda"],"article:published_time":"2019-05-21T15:08:51+00:00","article:modified_time":"2019-05-21T15:08:51+00:00","article:publisher":"https:\/\/facebook.com\/eldigitaldeasturias","twitter:card":"summary_large_image","twitter:title":"Olona muestra su apoyo a los organizadores de ENOMAQ - El Digital de Asturias","twitter:description":"El consejero de Desarrollo Rural y Sostenibilidad, Joaqu\u00edn Olona, acompa\u00f1ado del secretario general t\u00e9cnico, Jos\u00e9 Luis Castellano, han asistido al comit\u00e9 de cierre de ENOMAQ, que hoy ha tenido lugar en la Toneler\u00eda Magre\u00f1\u00e1n de Alfaro (La Rioja). El consejero ha querido mostrar su apoyo a los promotores de ENOMAQ a los que ha felicitado","twitter:image":"https:\/\/www.eldigitaldeasturias.com\/noticias\/wp-content\/uploads\/2019\/05\/20190521_141826_7e0ac756.jpg","twitter:label1":"Escrito por","twitter:data1":"El Digital de Asturias","twitter:label2":"Tiempo de lectura estimado","twitter:data2":"2 minutos"},"aioseo_meta_data":{"post_id":"1028051","title":null,"description":null,"keywords":null,"keyphrases":null,"primary_term":null,"canonical_url":null,"og_title":null,"og_description":null,"og_object_type":"default","og_image_type":"default","og_image_url":null,"og_image_width":null,"og_image_height":null,"og_image_custom_url":null,"og_image_custom_fields":null,"og_video":null,"og_custom_url":null,"og_article_section":null,"og_article_tags":null,"twitter_use_og":false,"twitter_card":"default","twitter_image_type":"default","twitter_image_url":null,"twitter_image_custom_url":null,"twitter_image_custom_fields":null,"twitter_title":null,"twitter_description":null,"schema":{"blockGraphs":[],"customGraphs":[],"default":{"data":{"Article":[],"Course":[],"Dataset":[],"FAQPage":[],"Movie":[],"Person":[],"Product":[],"ProductReview":[],"Car":[],"Recipe":[],"Service":[],"SoftwareApplication":[],"WebPage":[]},"graphName":"","isEnabled":true},"graphs":[],"defaultGraph":"","defaultPostTypeGraph":""},"schema_type":null,"schema_type_options":null,"pillar_content":false,"robots_default":true,"robots_noindex":false,"robots_noarchive":false,"robots_nosnippet":false,"robots_nofollow":false,"robots_noimageindex":false,"robots_noodp":false,"robots_notranslate":false,"robots_max_snippet":null,"robots_max_videopreview":null,"robots_max_imagepreview":"large","priority":null,"frequency":null,"local_seo":null,"seo_analyzer_scan_date":"2025-10-18 07:33:08","breadcrumb_settings":null,"limit_modified_date":false,"open_ai":null,"ai":null,"created":"2020-12-21 11:11:34","updated":"2025-10-18 07:33:08"},"aioseo_breadcrumb":"<div class=\"aioseo-breadcrumbs\"><span class=\"aioseo-breadcrumb\">\n\t<a href=\"https:\/\/www.eldigitaldeasturias.com\/noticias\" title=\"Home\">Home<\/a>\n<\/span><span class=\"aioseo-breadcrumb-separator\">\u2013<\/span><span class=\"aioseo-breadcrumb\">\n\t<a href=\"https:\/\/www.eldigitaldeasturias.com\/noticias\/category\/economia\/\" title=\"Econom\u00eda\">Econom\u00eda<\/a>\n<\/span><span class=\"aioseo-breadcrumb-separator\">\u2013<\/span><span class=\"aioseo-breadcrumb\">\n\t<a href=\"https:\/\/www.eldigitaldeasturias.com\/noticias\/olona-muestra-su-apoyo-a-los-organizadores-de-enomaq\/\" title=\"Olona muestra su apoyo a los organizadores de ENOMAQ\">Olona muestra su apoyo a los organizadores de ENOMAQ<\/a>\n<\/span><\/div>","aioseo_breadcrumb_json":[{"label":"Home","link":"https:\/\/www.eldigitaldeasturias.com\/noticias"},{"label":"Econom\u00eda","link":"https:\/\/www.eldigitaldeasturias.com\/noticias\/category\/economia\/"},{"label":"Olona muestra su apoyo a los organizadores de ENOMAQ","link":"https:\/\/www.eldigitaldeasturias.com\/noticias\/olona-muestra-su-apoyo-a-los-organizadores-de-enomaq\/"}],"_links":{"self":[{"href":"https:\/\/www.eldigitaldeasturias.com\/noticias\/wp-json\/wp\/v2\/posts\/1028051","targetHints":{"allow":["GET"]}}],"collection":[{"href":"https:\/\/www.eldigitaldeasturias.com\/noticias\/wp-json\/wp\/v2\/posts"}],"about":[{"href":"https:\/\/www.eldigitaldeasturias.com\/noticias\/wp-json\/wp\/v2\/types\/post"}],"author":[{"embeddable":true,"href":"https:\/\/www.eldigitaldeasturias.com\/noticias\/wp-json\/wp\/v2\/users\/1"}],"replies":[{"embeddable":true,"href":"https:\/\/www.eldigitaldeasturias.com\/noticias\/wp-json\/wp\/v2\/comments?post=1028051"}],"version-history":[{"count":0,"href":"https:\/\/www.eldigitaldeasturias.com\/noticias\/wp-json\/wp\/v2\/posts\/1028051\/revisions"}],"wp:featuredmedia":[{"embeddable":true,"href":"https:\/\/www.eldigitaldeasturias.com\/noticias\/wp-json\/wp\/v2\/media\/1028058"}],"wp:attachment":[{"href":"https:\/\/www.eldigitaldeasturias.com\/noticias\/wp-json\/wp\/v2\/media?parent=1028051"}],"wp:term":[{"taxonomy":"category","embeddable":true,"href":"https:\/\/www.eldigitaldeasturias.com\/noticias\/wp-json\/wp\/v2\/categories?post=1028051"},{"taxonomy":"post_tag","embeddable":true,"href":"https:\/\/www.eldigitaldeasturias.com\/noticias\/wp-json\/wp\/v2\/tags?post=1028051"}],"curies":[{"name":"wp","href":"https:\/\/api.w.org\/{rel}","templated":true}]}}