{"id":1028048,"date":"2019-05-21T14:36:47","date_gmt":"2019-05-21T14:36:47","guid":{"rendered":"https:\/\/www.eldigitaldeasturias.com\/noticias\/?p=1028048"},"modified":"2019-05-21T14:36:47","modified_gmt":"2019-05-21T14:36:47","slug":"el-centro-logistico-de-bonarea-en-epila-estara-listo-en-ano-y-medio","status":"publish","type":"post","link":"https:\/\/www.eldigitaldeasturias.com\/noticias\/el-centro-logistico-de-bonarea-en-epila-estara-listo-en-ano-y-medio\/","title":{"rendered":"El centro log\u00edstico de Bon\u00c1rea en \u00c9pila est\u00e1ra listo en a\u00f1o y medio"},"content":{"rendered":"<p><img loading=\"lazy\" decoding=\"async\" class=\"alignleft size-medium wp-image-1028049\" src=\"https:\/\/www.eldigitaldeasturias.com\/noticias\/wp-content\/uploads\/2019\/05\/20190521120256-360x159.jpg\" alt=\"\" width=\"360\" height=\"159\" srcset=\"https:\/\/www.eldigitaldeasturias.com\/noticias\/wp-content\/uploads\/2019\/05\/20190521120256-360x159.jpg 360w, https:\/\/www.eldigitaldeasturias.com\/noticias\/wp-content\/uploads\/2019\/05\/20190521120256-650x288.jpg 650w, https:\/\/www.eldigitaldeasturias.com\/noticias\/wp-content\/uploads\/2019\/05\/20190521120256-250x110.jpg 250w, https:\/\/www.eldigitaldeasturias.com\/noticias\/wp-content\/uploads\/2019\/05\/20190521120256.jpg 700w\" sizes=\"auto, (max-width: 360px) 100vw, 360px\" \/>El Presidente de Arag\u00f3n, Javier Lamb\u00e1n, ha visitado hoy la evoluci\u00f3n de las obras que Guissona, primera empresa agroalimentaria del pa\u00eds, construir\u00e1 en \u00c9pila su segundo centro productivo-log\u00edstico del pa\u00eds para impulsar su expansi\u00f3n y abastecer las tiendas de las zonas de Arag\u00f3n, Navarra, Norte, Madrid y centro y Levante. El proyecto supone una inversi\u00f3n de 400 millones y la creaci\u00f3n de 4.000 empleos directos.<\/p>\n<p>Seg\u00fan el propietario de Guissona las obras del nuevo centro log\u00edstico estar\u00e1 en marcha en a\u00f1o y medio y ya antes, en seis meses ya se ver\u00e1n otras iniciativas.<\/p>\n<p>El pasado mes de abril comenz\u00f3 el movimiento de tierras en la parcela donde construir\u00e1 su macrocomplejo. Hoy, el presidente de Bon\u00c1rea Agrupa, Jaume Alsina, ha invitado al Presidente de Arag\u00f3n y a la consejera de Econom\u00eda, Industria y Empleo, Marta Gast\u00f3n, acompa\u00f1ado del alcalde de \u00c9pila, Jes\u00fas Baz\u00e1n, a visitar las obras, donde el personal de la empresa ha explicado la ruta a seguir.<\/p>\n<p>El presidente de Arag\u00f3n, Javier Lamb\u00e1n, ha recordado que el pasado 26 de marzo se aprob\u00f3 definitivamente el Plan de Inter\u00e9s General Auton\u00f3mico (PIGA) que permitir\u00e1 acometer la ordenaci\u00f3n urban\u00edstica de una superficie de 242 hect\u00e1reas.<\/p>\n<p>Suelo y Vivienda ha licitado las obras de la Fase I del PIGA por valor de 22,9 millones y se encarga tambi\u00e9n de contratar la ejecuci\u00f3n y direcci\u00f3n de las obras de infraestructuras y sistemas generales supralocales y urbanizaci\u00f3n. Entre otras actuaciones, se incluyen la red de saneamiento, suministro el\u00e9ctrico y de gas, la creaci\u00f3n de viales, aceras, cruces, zonas vedes. Guissona aportar\u00e1 5,13 millones, y en la urbanizaci\u00f3n de su parcela, un total de 148,5 millones.<\/p>\n<p>Lamb\u00e1n ha mostrado su satisfacci\u00f3n por ver empezar a hacerse realidad un proyecto definitivo para Arag\u00f3n, \u00abla OPEL de la agroalimentaci\u00f3n\u00bb, de la mano de una empresa seria y consolidada, \u201ccon la que nos sentimos absolutamente concernidos desde todos los departamentos\u201d, que afianza poblaci\u00f3n en el medio rural y que adem\u00e1s de crear numerosos empleos, fomentar\u00e1 el sector primario de las zonas del entorno, ya que suministrar\u00e1n de productos a la cadena comercial.<\/p>\n","protected":false},"excerpt":{"rendered":"<p>El Presidente de Arag\u00f3n, Javier Lamb\u00e1n, ha visitado hoy la evoluci\u00f3n de las obras que Guissona, primera empresa agroalimentaria del pa\u00eds, construir\u00e1 en \u00c9pila su segundo centro productivo-log\u00edstico del pa\u00eds para impulsar su expansi\u00f3n y abastecer las tiendas de las zonas de Arag\u00f3n, Navarra, Norte, Madrid y centro y Levante. El proyecto supone una inversi\u00f3n [&hellip;]<\/p>\n","protected":false},"author":1,"featured_media":1028049,"comment_status":"closed","ping_status":"closed","sticky":false,"template":"","format":"standard","meta":{"footnotes":""},"categories":[187],"tags":[],"class_list":["post-1028048","post","type-post","status-publish","format-standard","has-post-thumbnail","hentry","category-economia"],"aioseo_notices":[],"aioseo_head":"\n\t\t<!-- All in One SEO Pro 4.9.6.2 - aioseo.com -->\n\t<meta name=\"description\" content=\"El Presidente de Arag\u00f3n, Javier Lamb\u00e1n, ha visitado hoy la evoluci\u00f3n de las obras que Guissona, primera empresa agroalimentaria del pa\u00eds, construir\u00e1 en \u00c9pila su segundo centro productivo-log\u00edstico del pa\u00eds para impulsar su expansi\u00f3n y abastecer las tiendas de las zonas de Arag\u00f3n, Navarra, Norte, Madrid y centro y Levante. El proyecto supone una inversi\u00f3n\" \/>\n\t<meta name=\"robots\" content=\"max-image-preview:large\" \/>\n\t<meta name=\"author\" content=\"El Digital de Asturias\"\/>\n\t<meta name=\"google-site-verification\" content=\"UA-38556648-1\" \/>\n\t<meta name=\"msvalidate.01\" content=\"7dfe9f3f1b24437ab69f4f2559babe99\" \/>\n\t<meta name=\"keywords\" content=\"econom\u00eda\" \/>\n\t<link rel=\"canonical\" href=\"https:\/\/www.eldigitaldeasturias.com\/noticias\/el-centro-logistico-de-bonarea-en-epila-estara-listo-en-ano-y-medio\/\" \/>\n\t<meta name=\"generator\" content=\"All in One SEO Pro (AIOSEO) 4.9.6.2\" \/>\n\t\t<meta property=\"og:locale\" content=\"es_ES\" \/>\n\t\t<meta property=\"og:site_name\" content=\"El Digital de Asturias\" \/>\n\t\t<meta property=\"og:type\" content=\"article\" \/>\n\t\t<meta property=\"og:title\" content=\"El centro log\u00edstico de Bon\u00c1rea en \u00c9pila est\u00e1ra listo en a\u00f1o y medio - El Digital de Asturias\" \/>\n\t\t<meta property=\"og:description\" content=\"El Presidente de Arag\u00f3n, Javier Lamb\u00e1n, ha visitado hoy la evoluci\u00f3n de las obras que Guissona, primera empresa agroalimentaria del pa\u00eds, construir\u00e1 en \u00c9pila su segundo centro productivo-log\u00edstico del pa\u00eds para impulsar su expansi\u00f3n y abastecer las tiendas de las zonas de Arag\u00f3n, Navarra, Norte, Madrid y centro y Levante. El proyecto supone una inversi\u00f3n\" \/>\n\t\t<meta property=\"og:url\" content=\"https:\/\/www.eldigitaldeasturias.com\/noticias\/el-centro-logistico-de-bonarea-en-epila-estara-listo-en-ano-y-medio\/\" \/>\n\t\t<meta property=\"og:image\" content=\"https:\/\/www.eldigitaldeasturias.com\/noticias\/wp-content\/uploads\/2019\/05\/20190521120256.jpg\" \/>\n\t\t<meta property=\"og:image:secure_url\" content=\"https:\/\/www.eldigitaldeasturias.com\/noticias\/wp-content\/uploads\/2019\/05\/20190521120256.jpg\" \/>\n\t\t<meta property=\"og:image:width\" content=\"700\" \/>\n\t\t<meta property=\"og:image:height\" content=\"310\" \/>\n\t\t<meta property=\"article:tag\" content=\"econom\u00eda\" \/>\n\t\t<meta property=\"article:published_time\" content=\"2019-05-21T14:36:47+00:00\" \/>\n\t\t<meta property=\"article:modified_time\" content=\"2019-05-21T14:36:47+00:00\" \/>\n\t\t<meta property=\"article:publisher\" content=\"https:\/\/facebook.com\/eldigitaldeasturias\" \/>\n\t\t<meta name=\"twitter:card\" content=\"summary_large_image\" \/>\n\t\t<meta name=\"twitter:title\" content=\"El centro log\u00edstico de Bon\u00c1rea en \u00c9pila est\u00e1ra listo en a\u00f1o y medio - El Digital de Asturias\" \/>\n\t\t<meta name=\"twitter:description\" content=\"El Presidente de Arag\u00f3n, Javier Lamb\u00e1n, ha visitado hoy la evoluci\u00f3n de las obras que Guissona, primera empresa agroalimentaria del pa\u00eds, construir\u00e1 en \u00c9pila su segundo centro productivo-log\u00edstico del pa\u00eds para impulsar su expansi\u00f3n y abastecer las tiendas de las zonas de Arag\u00f3n, Navarra, Norte, Madrid y centro y Levante. El proyecto supone una inversi\u00f3n\" \/>\n\t\t<meta name=\"twitter:image\" content=\"https:\/\/www.eldigitaldeasturias.com\/noticias\/wp-content\/uploads\/2019\/05\/20190521120256.jpg\" \/>\n\t\t<meta name=\"twitter:label1\" content=\"Escrito por\" \/>\n\t\t<meta name=\"twitter:data1\" content=\"El Digital de Asturias\" \/>\n\t\t<meta name=\"twitter:label2\" content=\"Tiempo de lectura estimado\" \/>\n\t\t<meta name=\"twitter:data2\" content=\"2 minutos\" \/>\n\t\t<script type=\"application\/ld+json\" class=\"aioseo-schema\">\n\t\t\t{\"@context\":\"https:\\\/\\\/schema.org\",\"@graph\":[{\"@type\":\"BlogPosting\",\"@id\":\"https:\\\/\\\/www.eldigitaldeasturias.com\\\/noticias\\\/el-centro-logistico-de-bonarea-en-epila-estara-listo-en-ano-y-medio\\\/#blogposting\",\"name\":\"El centro log\\u00edstico de Bon\\u00c1rea en \\u00c9pila est\\u00e1ra listo en a\\u00f1o y medio - El Digital de Asturias\",\"headline\":\"El centro log\\u00edstico de Bon\\u00c1rea en \\u00c9pila est\\u00e1ra listo en a\\u00f1o y medio\",\"author\":{\"@id\":\"https:\\\/\\\/www.eldigitaldeasturias.com\\\/noticias\\\/author\\\/admin\\\/#author\"},\"publisher\":{\"@id\":\"https:\\\/\\\/www.eldigitaldeasturias.com\\\/noticias\\\/#organization\"},\"image\":{\"@type\":\"ImageObject\",\"url\":\"https:\\\/\\\/www.eldigitaldeasturias.com\\\/noticias\\\/wp-content\\\/uploads\\\/2019\\\/05\\\/20190521120256.jpg\",\"width\":700,\"height\":310},\"datePublished\":\"2019-05-21T14:36:47+02:00\",\"dateModified\":\"2019-05-21T14:36:47+02:00\",\"inLanguage\":\"es-ES\",\"mainEntityOfPage\":{\"@id\":\"https:\\\/\\\/www.eldigitaldeasturias.com\\\/noticias\\\/el-centro-logistico-de-bonarea-en-epila-estara-listo-en-ano-y-medio\\\/#webpage\"},\"isPartOf\":{\"@id\":\"https:\\\/\\\/www.eldigitaldeasturias.com\\\/noticias\\\/el-centro-logistico-de-bonarea-en-epila-estara-listo-en-ano-y-medio\\\/#webpage\"},\"articleSection\":\"Econom\\u00eda\"},{\"@type\":\"BreadcrumbList\",\"@id\":\"https:\\\/\\\/www.eldigitaldeasturias.com\\\/noticias\\\/el-centro-logistico-de-bonarea-en-epila-estara-listo-en-ano-y-medio\\\/#breadcrumblist\",\"itemListElement\":[{\"@type\":\"ListItem\",\"@id\":\"https:\\\/\\\/www.eldigitaldeasturias.com\\\/noticias#listItem\",\"position\":1,\"name\":\"Home\",\"item\":\"https:\\\/\\\/www.eldigitaldeasturias.com\\\/noticias\",\"nextItem\":{\"@type\":\"ListItem\",\"@id\":\"https:\\\/\\\/www.eldigitaldeasturias.com\\\/noticias\\\/category\\\/economia\\\/#listItem\",\"name\":\"Econom\\u00eda\"}},{\"@type\":\"ListItem\",\"@id\":\"https:\\\/\\\/www.eldigitaldeasturias.com\\\/noticias\\\/category\\\/economia\\\/#listItem\",\"position\":2,\"name\":\"Econom\\u00eda\",\"item\":\"https:\\\/\\\/www.eldigitaldeasturias.com\\\/noticias\\\/category\\\/economia\\\/\",\"nextItem\":{\"@type\":\"ListItem\",\"@id\":\"https:\\\/\\\/www.eldigitaldeasturias.com\\\/noticias\\\/el-centro-logistico-de-bonarea-en-epila-estara-listo-en-ano-y-medio\\\/#listItem\",\"name\":\"El centro log\\u00edstico de Bon\\u00c1rea en \\u00c9pila est\\u00e1ra listo en a\\u00f1o y medio\"},\"previousItem\":{\"@type\":\"ListItem\",\"@id\":\"https:\\\/\\\/www.eldigitaldeasturias.com\\\/noticias#listItem\",\"name\":\"Home\"}},{\"@type\":\"ListItem\",\"@id\":\"https:\\\/\\\/www.eldigitaldeasturias.com\\\/noticias\\\/el-centro-logistico-de-bonarea-en-epila-estara-listo-en-ano-y-medio\\\/#listItem\",\"position\":3,\"name\":\"El centro log\\u00edstico de Bon\\u00c1rea en \\u00c9pila est\\u00e1ra listo en a\\u00f1o y medio\",\"previousItem\":{\"@type\":\"ListItem\",\"@id\":\"https:\\\/\\\/www.eldigitaldeasturias.com\\\/noticias\\\/category\\\/economia\\\/#listItem\",\"name\":\"Econom\\u00eda\"}}]},{\"@type\":\"Organization\",\"@id\":\"https:\\\/\\\/www.eldigitaldeasturias.com\\\/noticias\\\/#organization\",\"name\":\"El Digital de Asturias\",\"description\":\"Hemeroteca\",\"url\":\"https:\\\/\\\/www.eldigitaldeasturias.com\\\/noticias\\\/\",\"email\":\"info@eldigitaldeasturias.com\",\"telephone\":\"+34652131393\",\"logo\":{\"@type\":\"ImageObject\",\"url\":\"https:\\\/\\\/www.eldigitaldeasturias.com\\\/noticias\\\/wp-content\\\/uploads\\\/2020\\\/12\\\/EDA.jpg\",\"@id\":\"https:\\\/\\\/www.eldigitaldeasturias.com\\\/noticias\\\/el-centro-logistico-de-bonarea-en-epila-estara-listo-en-ano-y-medio\\\/#organizationLogo\",\"width\":649,\"height\":297},\"image\":{\"@id\":\"https:\\\/\\\/www.eldigitaldeasturias.com\\\/noticias\\\/el-centro-logistico-de-bonarea-en-epila-estara-listo-en-ano-y-medio\\\/#organizationLogo\"},\"sameAs\":[\"https:\\\/\\\/facebook.com\\\/eldigitaldeasturias\",\"https:\\\/\\\/www.youtube.com\\\/channel\\\/UCZP-2wLEB9Rv6erhFmqVnvg\"],\"address\":{\"@id\":\"https:\\\/\\\/www.eldigitaldeasturias.com\\\/noticias\\\/#postaladdress\",\"@type\":\"PostalAddress\",\"streetAddress\":\"san antonio 4,\",\"postalCode\":\"33430\",\"addressLocality\":\"Cand\\u00e1s\",\"addressRegion\":\"Asturias\",\"addressCountry\":\"ES\"}},{\"@type\":\"Person\",\"@id\":\"https:\\\/\\\/www.eldigitaldeasturias.com\\\/noticias\\\/author\\\/admin\\\/#author\",\"url\":\"https:\\\/\\\/www.eldigitaldeasturias.com\\\/noticias\\\/author\\\/admin\\\/\",\"name\":\"El Digital de Asturias\",\"image\":{\"@type\":\"ImageObject\",\"@id\":\"https:\\\/\\\/www.eldigitaldeasturias.com\\\/noticias\\\/el-centro-logistico-de-bonarea-en-epila-estara-listo-en-ano-y-medio\\\/#authorImage\",\"url\":\"https:\\\/\\\/www.eldigitaldeasturias.com\\\/noticias\\\/wp-content\\\/litespeed\\\/avatar\\\/18677e78aa0546b92d9dbf31ec7d7668.jpg?ver=1776685526\",\"width\":96,\"height\":96,\"caption\":\"El Digital de Asturias\"}},{\"@type\":\"WebPage\",\"@id\":\"https:\\\/\\\/www.eldigitaldeasturias.com\\\/noticias\\\/el-centro-logistico-de-bonarea-en-epila-estara-listo-en-ano-y-medio\\\/#webpage\",\"url\":\"https:\\\/\\\/www.eldigitaldeasturias.com\\\/noticias\\\/el-centro-logistico-de-bonarea-en-epila-estara-listo-en-ano-y-medio\\\/\",\"name\":\"El centro log\\u00edstico de Bon\\u00c1rea en \\u00c9pila est\\u00e1ra listo en a\\u00f1o y medio - El Digital de Asturias\",\"description\":\"El Presidente de Arag\\u00f3n, Javier Lamb\\u00e1n, ha visitado hoy la evoluci\\u00f3n de las obras que Guissona, primera empresa agroalimentaria del pa\\u00eds, construir\\u00e1 en \\u00c9pila su segundo centro productivo-log\\u00edstico del pa\\u00eds para impulsar su expansi\\u00f3n y abastecer las tiendas de las zonas de Arag\\u00f3n, Navarra, Norte, Madrid y centro y Levante. El proyecto supone una inversi\\u00f3n\",\"inLanguage\":\"es-ES\",\"isPartOf\":{\"@id\":\"https:\\\/\\\/www.eldigitaldeasturias.com\\\/noticias\\\/#website\"},\"breadcrumb\":{\"@id\":\"https:\\\/\\\/www.eldigitaldeasturias.com\\\/noticias\\\/el-centro-logistico-de-bonarea-en-epila-estara-listo-en-ano-y-medio\\\/#breadcrumblist\"},\"author\":{\"@id\":\"https:\\\/\\\/www.eldigitaldeasturias.com\\\/noticias\\\/author\\\/admin\\\/#author\"},\"creator\":{\"@id\":\"https:\\\/\\\/www.eldigitaldeasturias.com\\\/noticias\\\/author\\\/admin\\\/#author\"},\"image\":{\"@type\":\"ImageObject\",\"url\":\"https:\\\/\\\/www.eldigitaldeasturias.com\\\/noticias\\\/wp-content\\\/uploads\\\/2019\\\/05\\\/20190521120256.jpg\",\"@id\":\"https:\\\/\\\/www.eldigitaldeasturias.com\\\/noticias\\\/el-centro-logistico-de-bonarea-en-epila-estara-listo-en-ano-y-medio\\\/#mainImage\",\"width\":700,\"height\":310},\"primaryImageOfPage\":{\"@id\":\"https:\\\/\\\/www.eldigitaldeasturias.com\\\/noticias\\\/el-centro-logistico-de-bonarea-en-epila-estara-listo-en-ano-y-medio\\\/#mainImage\"},\"datePublished\":\"2019-05-21T14:36:47+02:00\",\"dateModified\":\"2019-05-21T14:36:47+02:00\"},{\"@type\":\"WebSite\",\"@id\":\"https:\\\/\\\/www.eldigitaldeasturias.com\\\/noticias\\\/#website\",\"url\":\"https:\\\/\\\/www.eldigitaldeasturias.com\\\/noticias\\\/\",\"name\":\"El Digital de Asturias - Diario de actualidad y noticias\",\"alternateName\":\"El Digital de Asturias - Diario de actualidad y noticias\",\"description\":\"Hemeroteca\",\"inLanguage\":\"es-ES\",\"publisher\":{\"@id\":\"https:\\\/\\\/www.eldigitaldeasturias.com\\\/noticias\\\/#organization\"}}]}\n\t\t<\/script>\n\t\t<!-- All in One SEO Pro -->\r\n\t\t<title>El centro log\u00edstico de Bon\u00c1rea en \u00c9pila est\u00e1ra listo en a\u00f1o y medio - El Digital de Asturias<\/title>\n\n","aioseo_head_json":{"title":"El centro log\u00edstico de Bon\u00c1rea en \u00c9pila est\u00e1ra listo en a\u00f1o y medio - El Digital de Asturias","description":"El Presidente de Arag\u00f3n, Javier Lamb\u00e1n, ha visitado hoy la evoluci\u00f3n de las obras que Guissona, primera empresa agroalimentaria del pa\u00eds, construir\u00e1 en \u00c9pila su segundo centro productivo-log\u00edstico del pa\u00eds para impulsar su expansi\u00f3n y abastecer las tiendas de las zonas de Arag\u00f3n, Navarra, Norte, Madrid y centro y Levante. El proyecto supone una inversi\u00f3n","canonical_url":"https:\/\/www.eldigitaldeasturias.com\/noticias\/el-centro-logistico-de-bonarea-en-epila-estara-listo-en-ano-y-medio\/","robots":"max-image-preview:large","keywords":"econom\u00eda","webmasterTools":{"google-site-verification":"UA-38556648-1","msvalidate.01":"7dfe9f3f1b24437ab69f4f2559babe99","miscellaneous":""},"schema":{"@context":"https:\/\/schema.org","@graph":[{"@type":"BlogPosting","@id":"https:\/\/www.eldigitaldeasturias.com\/noticias\/el-centro-logistico-de-bonarea-en-epila-estara-listo-en-ano-y-medio\/#blogposting","name":"El centro log\u00edstico de Bon\u00c1rea en \u00c9pila est\u00e1ra listo en a\u00f1o y medio - El Digital de Asturias","headline":"El centro log\u00edstico de Bon\u00c1rea en \u00c9pila est\u00e1ra listo en a\u00f1o y medio","author":{"@id":"https:\/\/www.eldigitaldeasturias.com\/noticias\/author\/admin\/#author"},"publisher":{"@id":"https:\/\/www.eldigitaldeasturias.com\/noticias\/#organization"},"image":{"@type":"ImageObject","url":"https:\/\/www.eldigitaldeasturias.com\/noticias\/wp-content\/uploads\/2019\/05\/20190521120256.jpg","width":700,"height":310},"datePublished":"2019-05-21T14:36:47+02:00","dateModified":"2019-05-21T14:36:47+02:00","inLanguage":"es-ES","mainEntityOfPage":{"@id":"https:\/\/www.eldigitaldeasturias.com\/noticias\/el-centro-logistico-de-bonarea-en-epila-estara-listo-en-ano-y-medio\/#webpage"},"isPartOf":{"@id":"https:\/\/www.eldigitaldeasturias.com\/noticias\/el-centro-logistico-de-bonarea-en-epila-estara-listo-en-ano-y-medio\/#webpage"},"articleSection":"Econom\u00eda"},{"@type":"BreadcrumbList","@id":"https:\/\/www.eldigitaldeasturias.com\/noticias\/el-centro-logistico-de-bonarea-en-epila-estara-listo-en-ano-y-medio\/#breadcrumblist","itemListElement":[{"@type":"ListItem","@id":"https:\/\/www.eldigitaldeasturias.com\/noticias#listItem","position":1,"name":"Home","item":"https:\/\/www.eldigitaldeasturias.com\/noticias","nextItem":{"@type":"ListItem","@id":"https:\/\/www.eldigitaldeasturias.com\/noticias\/category\/economia\/#listItem","name":"Econom\u00eda"}},{"@type":"ListItem","@id":"https:\/\/www.eldigitaldeasturias.com\/noticias\/category\/economia\/#listItem","position":2,"name":"Econom\u00eda","item":"https:\/\/www.eldigitaldeasturias.com\/noticias\/category\/economia\/","nextItem":{"@type":"ListItem","@id":"https:\/\/www.eldigitaldeasturias.com\/noticias\/el-centro-logistico-de-bonarea-en-epila-estara-listo-en-ano-y-medio\/#listItem","name":"El centro log\u00edstico de Bon\u00c1rea en \u00c9pila est\u00e1ra listo en a\u00f1o y medio"},"previousItem":{"@type":"ListItem","@id":"https:\/\/www.eldigitaldeasturias.com\/noticias#listItem","name":"Home"}},{"@type":"ListItem","@id":"https:\/\/www.eldigitaldeasturias.com\/noticias\/el-centro-logistico-de-bonarea-en-epila-estara-listo-en-ano-y-medio\/#listItem","position":3,"name":"El centro log\u00edstico de Bon\u00c1rea en \u00c9pila est\u00e1ra listo en a\u00f1o y medio","previousItem":{"@type":"ListItem","@id":"https:\/\/www.eldigitaldeasturias.com\/noticias\/category\/economia\/#listItem","name":"Econom\u00eda"}}]},{"@type":"Organization","@id":"https:\/\/www.eldigitaldeasturias.com\/noticias\/#organization","name":"El Digital de Asturias","description":"Hemeroteca","url":"https:\/\/www.eldigitaldeasturias.com\/noticias\/","email":"info@eldigitaldeasturias.com","telephone":"+34652131393","logo":{"@type":"ImageObject","url":"https:\/\/www.eldigitaldeasturias.com\/noticias\/wp-content\/uploads\/2020\/12\/EDA.jpg","@id":"https:\/\/www.eldigitaldeasturias.com\/noticias\/el-centro-logistico-de-bonarea-en-epila-estara-listo-en-ano-y-medio\/#organizationLogo","width":649,"height":297},"image":{"@id":"https:\/\/www.eldigitaldeasturias.com\/noticias\/el-centro-logistico-de-bonarea-en-epila-estara-listo-en-ano-y-medio\/#organizationLogo"},"sameAs":["https:\/\/facebook.com\/eldigitaldeasturias","https:\/\/www.youtube.com\/channel\/UCZP-2wLEB9Rv6erhFmqVnvg"],"address":{"@id":"https:\/\/www.eldigitaldeasturias.com\/noticias\/#postaladdress","@type":"PostalAddress","streetAddress":"san antonio 4,","postalCode":"33430","addressLocality":"Cand\u00e1s","addressRegion":"Asturias","addressCountry":"ES"}},{"@type":"Person","@id":"https:\/\/www.eldigitaldeasturias.com\/noticias\/author\/admin\/#author","url":"https:\/\/www.eldigitaldeasturias.com\/noticias\/author\/admin\/","name":"El Digital de Asturias","image":{"@type":"ImageObject","@id":"https:\/\/www.eldigitaldeasturias.com\/noticias\/el-centro-logistico-de-bonarea-en-epila-estara-listo-en-ano-y-medio\/#authorImage","url":"https:\/\/www.eldigitaldeasturias.com\/noticias\/wp-content\/litespeed\/avatar\/18677e78aa0546b92d9dbf31ec7d7668.jpg?ver=1776685526","width":96,"height":96,"caption":"El Digital de Asturias"}},{"@type":"WebPage","@id":"https:\/\/www.eldigitaldeasturias.com\/noticias\/el-centro-logistico-de-bonarea-en-epila-estara-listo-en-ano-y-medio\/#webpage","url":"https:\/\/www.eldigitaldeasturias.com\/noticias\/el-centro-logistico-de-bonarea-en-epila-estara-listo-en-ano-y-medio\/","name":"El centro log\u00edstico de Bon\u00c1rea en \u00c9pila est\u00e1ra listo en a\u00f1o y medio - El Digital de Asturias","description":"El Presidente de Arag\u00f3n, Javier Lamb\u00e1n, ha visitado hoy la evoluci\u00f3n de las obras que Guissona, primera empresa agroalimentaria del pa\u00eds, construir\u00e1 en \u00c9pila su segundo centro productivo-log\u00edstico del pa\u00eds para impulsar su expansi\u00f3n y abastecer las tiendas de las zonas de Arag\u00f3n, Navarra, Norte, Madrid y centro y Levante. El proyecto supone una inversi\u00f3n","inLanguage":"es-ES","isPartOf":{"@id":"https:\/\/www.eldigitaldeasturias.com\/noticias\/#website"},"breadcrumb":{"@id":"https:\/\/www.eldigitaldeasturias.com\/noticias\/el-centro-logistico-de-bonarea-en-epila-estara-listo-en-ano-y-medio\/#breadcrumblist"},"author":{"@id":"https:\/\/www.eldigitaldeasturias.com\/noticias\/author\/admin\/#author"},"creator":{"@id":"https:\/\/www.eldigitaldeasturias.com\/noticias\/author\/admin\/#author"},"image":{"@type":"ImageObject","url":"https:\/\/www.eldigitaldeasturias.com\/noticias\/wp-content\/uploads\/2019\/05\/20190521120256.jpg","@id":"https:\/\/www.eldigitaldeasturias.com\/noticias\/el-centro-logistico-de-bonarea-en-epila-estara-listo-en-ano-y-medio\/#mainImage","width":700,"height":310},"primaryImageOfPage":{"@id":"https:\/\/www.eldigitaldeasturias.com\/noticias\/el-centro-logistico-de-bonarea-en-epila-estara-listo-en-ano-y-medio\/#mainImage"},"datePublished":"2019-05-21T14:36:47+02:00","dateModified":"2019-05-21T14:36:47+02:00"},{"@type":"WebSite","@id":"https:\/\/www.eldigitaldeasturias.com\/noticias\/#website","url":"https:\/\/www.eldigitaldeasturias.com\/noticias\/","name":"El Digital de Asturias - Diario de actualidad y noticias","alternateName":"El Digital de Asturias - Diario de actualidad y noticias","description":"Hemeroteca","inLanguage":"es-ES","publisher":{"@id":"https:\/\/www.eldigitaldeasturias.com\/noticias\/#organization"}}]},"og:locale":"es_ES","og:site_name":"El Digital de Asturias","og:type":"article","og:title":"El centro log\u00edstico de Bon\u00c1rea en \u00c9pila est\u00e1ra listo en a\u00f1o y medio - El Digital de Asturias","og:description":"El Presidente de Arag\u00f3n, Javier Lamb\u00e1n, ha visitado hoy la evoluci\u00f3n de las obras que Guissona, primera empresa agroalimentaria del pa\u00eds, construir\u00e1 en \u00c9pila su segundo centro productivo-log\u00edstico del pa\u00eds para impulsar su expansi\u00f3n y abastecer las tiendas de las zonas de Arag\u00f3n, Navarra, Norte, Madrid y centro y Levante. El proyecto supone una inversi\u00f3n","og:url":"https:\/\/www.eldigitaldeasturias.com\/noticias\/el-centro-logistico-de-bonarea-en-epila-estara-listo-en-ano-y-medio\/","og:image":"https:\/\/www.eldigitaldeasturias.com\/noticias\/wp-content\/uploads\/2019\/05\/20190521120256.jpg","og:image:secure_url":"https:\/\/www.eldigitaldeasturias.com\/noticias\/wp-content\/uploads\/2019\/05\/20190521120256.jpg","og:image:width":700,"og:image:height":310,"article:tag":["econom\u00eda"],"article:published_time":"2019-05-21T14:36:47+00:00","article:modified_time":"2019-05-21T14:36:47+00:00","article:publisher":"https:\/\/facebook.com\/eldigitaldeasturias","twitter:card":"summary_large_image","twitter:title":"El centro log\u00edstico de Bon\u00c1rea en \u00c9pila est\u00e1ra listo en a\u00f1o y medio - El Digital de Asturias","twitter:description":"El Presidente de Arag\u00f3n, Javier Lamb\u00e1n, ha visitado hoy la evoluci\u00f3n de las obras que Guissona, primera empresa agroalimentaria del pa\u00eds, construir\u00e1 en \u00c9pila su segundo centro productivo-log\u00edstico del pa\u00eds para impulsar su expansi\u00f3n y abastecer las tiendas de las zonas de Arag\u00f3n, Navarra, Norte, Madrid y centro y Levante. El proyecto supone una inversi\u00f3n","twitter:image":"https:\/\/www.eldigitaldeasturias.com\/noticias\/wp-content\/uploads\/2019\/05\/20190521120256.jpg","twitter:label1":"Escrito por","twitter:data1":"El Digital de Asturias","twitter:label2":"Tiempo de lectura estimado","twitter:data2":"2 minutos"},"aioseo_meta_data":{"post_id":"1028048","title":null,"description":null,"keywords":null,"keyphrases":null,"primary_term":null,"canonical_url":null,"og_title":null,"og_description":null,"og_object_type":"default","og_image_type":"default","og_image_url":null,"og_image_width":null,"og_image_height":null,"og_image_custom_url":null,"og_image_custom_fields":null,"og_video":null,"og_custom_url":null,"og_article_section":null,"og_article_tags":null,"twitter_use_og":false,"twitter_card":"default","twitter_image_type":"default","twitter_image_url":null,"twitter_image_custom_url":null,"twitter_image_custom_fields":null,"twitter_title":null,"twitter_description":null,"schema":{"blockGraphs":[],"customGraphs":[],"default":{"data":{"Article":[],"Course":[],"Dataset":[],"FAQPage":[],"Movie":[],"Person":[],"Product":[],"ProductReview":[],"Car":[],"Recipe":[],"Service":[],"SoftwareApplication":[],"WebPage":[]},"graphName":"","isEnabled":true},"graphs":[],"defaultGraph":"","defaultPostTypeGraph":""},"schema_type":null,"schema_type_options":null,"pillar_content":false,"robots_default":true,"robots_noindex":false,"robots_noarchive":false,"robots_nosnippet":false,"robots_nofollow":false,"robots_noimageindex":false,"robots_noodp":false,"robots_notranslate":false,"robots_max_snippet":null,"robots_max_videopreview":null,"robots_max_imagepreview":"large","priority":null,"frequency":null,"local_seo":null,"seo_analyzer_scan_date":"2025-10-18 07:31:14","breadcrumb_settings":null,"limit_modified_date":false,"open_ai":null,"ai":null,"created":"2020-12-21 11:11:34","updated":"2025-10-18 07:31:14"},"aioseo_breadcrumb":"<div class=\"aioseo-breadcrumbs\"><span class=\"aioseo-breadcrumb\">\n\t<a href=\"https:\/\/www.eldigitaldeasturias.com\/noticias\" title=\"Home\">Home<\/a>\n<\/span><span class=\"aioseo-breadcrumb-separator\">\u2013<\/span><span class=\"aioseo-breadcrumb\">\n\t<a href=\"https:\/\/www.eldigitaldeasturias.com\/noticias\/category\/economia\/\" title=\"Econom\u00eda\">Econom\u00eda<\/a>\n<\/span><span class=\"aioseo-breadcrumb-separator\">\u2013<\/span><span class=\"aioseo-breadcrumb\">\n\t<a href=\"https:\/\/www.eldigitaldeasturias.com\/noticias\/el-centro-logistico-de-bonarea-en-epila-estara-listo-en-ano-y-medio\/\" title=\"El centro log\u00edstico de Bon\u00c1rea en \u00c9pila est\u00e1ra listo en a\u00f1o y medio\">El centro log\u00edstico de Bon\u00c1rea en \u00c9pila est\u00e1ra listo en a\u00f1o y medio<\/a>\n<\/span><\/div>","aioseo_breadcrumb_json":[{"label":"Home","link":"https:\/\/www.eldigitaldeasturias.com\/noticias"},{"label":"Econom\u00eda","link":"https:\/\/www.eldigitaldeasturias.com\/noticias\/category\/economia\/"},{"label":"El centro log\u00edstico de Bon\u00c1rea en \u00c9pila est\u00e1ra listo en a\u00f1o y medio","link":"https:\/\/www.eldigitaldeasturias.com\/noticias\/el-centro-logistico-de-bonarea-en-epila-estara-listo-en-ano-y-medio\/"}],"_links":{"self":[{"href":"https:\/\/www.eldigitaldeasturias.com\/noticias\/wp-json\/wp\/v2\/posts\/1028048","targetHints":{"allow":["GET"]}}],"collection":[{"href":"https:\/\/www.eldigitaldeasturias.com\/noticias\/wp-json\/wp\/v2\/posts"}],"about":[{"href":"https:\/\/www.eldigitaldeasturias.com\/noticias\/wp-json\/wp\/v2\/types\/post"}],"author":[{"embeddable":true,"href":"https:\/\/www.eldigitaldeasturias.com\/noticias\/wp-json\/wp\/v2\/users\/1"}],"replies":[{"embeddable":true,"href":"https:\/\/www.eldigitaldeasturias.com\/noticias\/wp-json\/wp\/v2\/comments?post=1028048"}],"version-history":[{"count":0,"href":"https:\/\/www.eldigitaldeasturias.com\/noticias\/wp-json\/wp\/v2\/posts\/1028048\/revisions"}],"wp:featuredmedia":[{"embeddable":true,"href":"https:\/\/www.eldigitaldeasturias.com\/noticias\/wp-json\/wp\/v2\/media\/1028049"}],"wp:attachment":[{"href":"https:\/\/www.eldigitaldeasturias.com\/noticias\/wp-json\/wp\/v2\/media?parent=1028048"}],"wp:term":[{"taxonomy":"category","embeddable":true,"href":"https:\/\/www.eldigitaldeasturias.com\/noticias\/wp-json\/wp\/v2\/categories?post=1028048"},{"taxonomy":"post_tag","embeddable":true,"href":"https:\/\/www.eldigitaldeasturias.com\/noticias\/wp-json\/wp\/v2\/tags?post=1028048"}],"curies":[{"name":"wp","href":"https:\/\/api.w.org\/{rel}","templated":true}]}}