{"id":1027977,"date":"2019-05-20T09:47:53","date_gmt":"2019-05-20T09:47:53","guid":{"rendered":"https:\/\/www.eldigitaldeasturias.com\/noticias\/?p=1027977"},"modified":"2019-05-20T09:47:53","modified_gmt":"2019-05-20T09:47:53","slug":"la-tasa-anual-del-ipc-fue-del-15-durante-el-mes-de-abril-de-2019","status":"publish","type":"post","link":"https:\/\/www.eldigitaldeasturias.com\/noticias\/la-tasa-anual-del-ipc-fue-del-15-durante-el-mes-de-abril-de-2019\/","title":{"rendered":"La tasa anual del IPC fue del 1,5% durante el mes de abril de 2019"},"content":{"rendered":"<p><img loading=\"lazy\" decoding=\"async\" class=\"alignleft size-medium wp-image-989215\" src=\"https:\/\/www.eldigitaldeasturias.com\/noticias\/wp-content\/uploads\/2018\/07\/money-1005479_960_720-360x232.jpg\" alt=\"\" width=\"360\" height=\"232\" srcset=\"https:\/\/www.eldigitaldeasturias.com\/noticias\/wp-content\/uploads\/2018\/07\/money-1005479_960_720-360x232.jpg 360w, https:\/\/www.eldigitaldeasturias.com\/noticias\/wp-content\/uploads\/2018\/07\/money-1005479_960_720-465x300.jpg 465w, https:\/\/www.eldigitaldeasturias.com\/noticias\/wp-content\/uploads\/2018\/07\/money-1005479_960_720-768x495.jpg 768w, https:\/\/www.eldigitaldeasturias.com\/noticias\/wp-content\/uploads\/2018\/07\/money-1005479_960_720-690x445.jpg 690w, https:\/\/www.eldigitaldeasturias.com\/noticias\/wp-content\/uploads\/2018\/07\/money-1005479_960_720-20x13.jpg 20w, https:\/\/www.eldigitaldeasturias.com\/noticias\/wp-content\/uploads\/2018\/07\/money-1005479_960_720.jpg 960w\" sizes=\"auto, (max-width: 360px) 100vw, 360px\" \/>Seg\u00fan un informe reciente publicado por el Instituto Nacional de Estad\u00edstica (INE), la tasa anual del \u00cdndice de Precios de Consumo (IPC) general durante el mes de abril de 2019 fue del 1,5%, dos d\u00e9cimas superior a la registrada el mes anterior.<\/p>\n<p>En este sentido, los grupos con mayor influencia positiva en el aumento de la tasa anual fueron:<\/p>\n<p><strong>Ocio y cultura<\/strong>, con una tasa del 0,3%, casi dos puntos por encima de la del mes anterior, debida, principalmente, a que los precios de los paquetes tur\u00edsticos suben este mes, mientras que bajaron el a\u00f1o pasado.<\/p>\n<p><strong>Hoteles, caf\u00e9s y restaurantes<\/strong>, cuya variaci\u00f3n anual aumenta medio punto, situ\u00e1ndose en el 2,3%, a causa del aumento de los precios de los servicios de alojamiento, superior al reflejado el a\u00f1o pasado.<\/p>\n<p><strong>Transporte<\/strong>, que present\u00f3 una tasa del 3,2%, dos d\u00e9cimas mayor que la del mes pasado.<\/p>\n<p>Destaca en esta evoluci\u00f3n el aumento de los precios del transporte a\u00e9reo de pasajeros, frente a la bajada de abril de 2018.<\/p>\n<p>Por su parte, los grupos que destacan por su influencia negativa son:<\/p>\n<p><strong>Comunicaciones<\/strong>, cuya tasa anual del 0,1%, m\u00e1s de un punto por debajo de la del mes anterior, se explica por el mantenimiento de los precios de los servicios de telefon\u00eda y fax frente al aumento registrado el pasado a\u00f1o.<\/p>\n<p><strong>Alimentos y bebidas no alcoh\u00f3licas<\/strong>, que registra una tasa anual del 0,8%, una d\u00e9cima menos que en marzo. Influye en esta disminuci\u00f3n la bajada de los precios de las frutas, mayor que la registrada el a\u00f1o pasado, y que los precios del pescado aumentan menos que en 2018.<\/p>\n<p>Destaca tambi\u00e9n, aunque en sentido contrario, legumbres y hortalizas, cuyos precios aumentan m\u00e1s que en 2018.<\/p>\n","protected":false},"excerpt":{"rendered":"<p>Seg\u00fan un informe reciente publicado por el Instituto Nacional de Estad\u00edstica (INE), la tasa anual del \u00cdndice de Precios de Consumo (IPC) general durante el mes de abril de 2019 fue del 1,5%, dos d\u00e9cimas superior a la registrada el mes anterior. En este sentido, los grupos con mayor influencia positiva en el aumento de [&hellip;]<\/p>\n","protected":false},"author":1,"featured_media":989215,"comment_status":"closed","ping_status":"closed","sticky":false,"template":"","format":"standard","meta":{"footnotes":""},"categories":[187],"tags":[],"class_list":["post-1027977","post","type-post","status-publish","format-standard","has-post-thumbnail","hentry","category-economia"],"aioseo_notices":[],"aioseo_head":"\n\t\t<!-- All in One SEO Pro 4.9.6.2 - aioseo.com -->\n\t<meta name=\"description\" content=\"Seg\u00fan un informe reciente publicado por el Instituto Nacional de Estad\u00edstica (INE), la tasa anual del \u00cdndice de Precios de Consumo (IPC) general durante el mes de abril de 2019 fue del 1,5%, dos d\u00e9cimas superior a la registrada el mes anterior. En este sentido, los grupos con mayor influencia positiva en el aumento de\" \/>\n\t<meta name=\"robots\" content=\"max-image-preview:large\" \/>\n\t<meta name=\"author\" content=\"El Digital de Asturias\"\/>\n\t<meta name=\"google-site-verification\" content=\"UA-38556648-1\" \/>\n\t<meta name=\"msvalidate.01\" content=\"7dfe9f3f1b24437ab69f4f2559babe99\" \/>\n\t<meta name=\"keywords\" content=\"econom\u00eda\" \/>\n\t<link rel=\"canonical\" href=\"https:\/\/www.eldigitaldeasturias.com\/noticias\/la-tasa-anual-del-ipc-fue-del-15-durante-el-mes-de-abril-de-2019\/\" \/>\n\t<meta name=\"generator\" content=\"All in One SEO Pro (AIOSEO) 4.9.6.2\" \/>\n\t\t<meta property=\"og:locale\" content=\"es_ES\" \/>\n\t\t<meta property=\"og:site_name\" content=\"El Digital de Asturias\" \/>\n\t\t<meta property=\"og:type\" content=\"article\" \/>\n\t\t<meta property=\"og:title\" content=\"La tasa anual del IPC fue del 1,5% durante el mes de abril de 2019 - El Digital de Asturias\" \/>\n\t\t<meta property=\"og:description\" content=\"Seg\u00fan un informe reciente publicado por el Instituto Nacional de Estad\u00edstica (INE), la tasa anual del \u00cdndice de Precios de Consumo (IPC) general durante el mes de abril de 2019 fue del 1,5%, dos d\u00e9cimas superior a la registrada el mes anterior. En este sentido, los grupos con mayor influencia positiva en el aumento de\" \/>\n\t\t<meta property=\"og:url\" content=\"https:\/\/www.eldigitaldeasturias.com\/noticias\/la-tasa-anual-del-ipc-fue-del-15-durante-el-mes-de-abril-de-2019\/\" \/>\n\t\t<meta property=\"og:image\" content=\"https:\/\/www.eldigitaldeasturias.com\/noticias\/wp-content\/uploads\/2018\/07\/money-1005479_960_720.jpg\" \/>\n\t\t<meta property=\"og:image:secure_url\" content=\"https:\/\/www.eldigitaldeasturias.com\/noticias\/wp-content\/uploads\/2018\/07\/money-1005479_960_720.jpg\" \/>\n\t\t<meta property=\"og:image:width\" content=\"960\" \/>\n\t\t<meta property=\"og:image:height\" content=\"619\" \/>\n\t\t<meta property=\"article:tag\" content=\"econom\u00eda\" \/>\n\t\t<meta property=\"article:published_time\" content=\"2019-05-20T09:47:53+00:00\" \/>\n\t\t<meta property=\"article:modified_time\" content=\"2019-05-20T09:47:53+00:00\" \/>\n\t\t<meta property=\"article:publisher\" content=\"https:\/\/facebook.com\/eldigitaldeasturias\" \/>\n\t\t<meta name=\"twitter:card\" content=\"summary_large_image\" \/>\n\t\t<meta name=\"twitter:title\" content=\"La tasa anual del IPC fue del 1,5% durante el mes de abril de 2019 - El Digital de Asturias\" \/>\n\t\t<meta name=\"twitter:description\" content=\"Seg\u00fan un informe reciente publicado por el Instituto Nacional de Estad\u00edstica (INE), la tasa anual del \u00cdndice de Precios de Consumo (IPC) general durante el mes de abril de 2019 fue del 1,5%, dos d\u00e9cimas superior a la registrada el mes anterior. En este sentido, los grupos con mayor influencia positiva en el aumento de\" \/>\n\t\t<meta name=\"twitter:image\" content=\"https:\/\/www.eldigitaldeasturias.com\/noticias\/wp-content\/uploads\/2018\/07\/money-1005479_960_720.jpg\" \/>\n\t\t<meta name=\"twitter:label1\" content=\"Escrito por\" \/>\n\t\t<meta name=\"twitter:data1\" content=\"El Digital de Asturias\" \/>\n\t\t<meta name=\"twitter:label2\" content=\"Tiempo de lectura estimado\" \/>\n\t\t<meta name=\"twitter:data2\" content=\"1 minuto\" \/>\n\t\t<script type=\"application\/ld+json\" class=\"aioseo-schema\">\n\t\t\t{\"@context\":\"https:\\\/\\\/schema.org\",\"@graph\":[{\"@type\":\"BlogPosting\",\"@id\":\"https:\\\/\\\/www.eldigitaldeasturias.com\\\/noticias\\\/la-tasa-anual-del-ipc-fue-del-15-durante-el-mes-de-abril-de-2019\\\/#blogposting\",\"name\":\"La tasa anual del IPC fue del 1,5% durante el mes de abril de 2019 - El Digital de Asturias\",\"headline\":\"La tasa anual del IPC fue del 1,5% durante el mes de abril de 2019\",\"author\":{\"@id\":\"https:\\\/\\\/www.eldigitaldeasturias.com\\\/noticias\\\/author\\\/admin\\\/#author\"},\"publisher\":{\"@id\":\"https:\\\/\\\/www.eldigitaldeasturias.com\\\/noticias\\\/#organization\"},\"image\":{\"@type\":\"ImageObject\",\"url\":\"https:\\\/\\\/www.eldigitaldeasturias.com\\\/noticias\\\/wp-content\\\/uploads\\\/2018\\\/07\\\/money-1005479_960_720.jpg\",\"width\":960,\"height\":619},\"datePublished\":\"2019-05-20T09:47:53+02:00\",\"dateModified\":\"2019-05-20T09:47:53+02:00\",\"inLanguage\":\"es-ES\",\"mainEntityOfPage\":{\"@id\":\"https:\\\/\\\/www.eldigitaldeasturias.com\\\/noticias\\\/la-tasa-anual-del-ipc-fue-del-15-durante-el-mes-de-abril-de-2019\\\/#webpage\"},\"isPartOf\":{\"@id\":\"https:\\\/\\\/www.eldigitaldeasturias.com\\\/noticias\\\/la-tasa-anual-del-ipc-fue-del-15-durante-el-mes-de-abril-de-2019\\\/#webpage\"},\"articleSection\":\"Econom\\u00eda\"},{\"@type\":\"BreadcrumbList\",\"@id\":\"https:\\\/\\\/www.eldigitaldeasturias.com\\\/noticias\\\/la-tasa-anual-del-ipc-fue-del-15-durante-el-mes-de-abril-de-2019\\\/#breadcrumblist\",\"itemListElement\":[{\"@type\":\"ListItem\",\"@id\":\"https:\\\/\\\/www.eldigitaldeasturias.com\\\/noticias#listItem\",\"position\":1,\"name\":\"Home\",\"item\":\"https:\\\/\\\/www.eldigitaldeasturias.com\\\/noticias\",\"nextItem\":{\"@type\":\"ListItem\",\"@id\":\"https:\\\/\\\/www.eldigitaldeasturias.com\\\/noticias\\\/category\\\/economia\\\/#listItem\",\"name\":\"Econom\\u00eda\"}},{\"@type\":\"ListItem\",\"@id\":\"https:\\\/\\\/www.eldigitaldeasturias.com\\\/noticias\\\/category\\\/economia\\\/#listItem\",\"position\":2,\"name\":\"Econom\\u00eda\",\"item\":\"https:\\\/\\\/www.eldigitaldeasturias.com\\\/noticias\\\/category\\\/economia\\\/\",\"nextItem\":{\"@type\":\"ListItem\",\"@id\":\"https:\\\/\\\/www.eldigitaldeasturias.com\\\/noticias\\\/la-tasa-anual-del-ipc-fue-del-15-durante-el-mes-de-abril-de-2019\\\/#listItem\",\"name\":\"La tasa anual del IPC fue del 1,5% durante el mes de abril de 2019\"},\"previousItem\":{\"@type\":\"ListItem\",\"@id\":\"https:\\\/\\\/www.eldigitaldeasturias.com\\\/noticias#listItem\",\"name\":\"Home\"}},{\"@type\":\"ListItem\",\"@id\":\"https:\\\/\\\/www.eldigitaldeasturias.com\\\/noticias\\\/la-tasa-anual-del-ipc-fue-del-15-durante-el-mes-de-abril-de-2019\\\/#listItem\",\"position\":3,\"name\":\"La tasa anual del IPC fue del 1,5% durante el mes de abril de 2019\",\"previousItem\":{\"@type\":\"ListItem\",\"@id\":\"https:\\\/\\\/www.eldigitaldeasturias.com\\\/noticias\\\/category\\\/economia\\\/#listItem\",\"name\":\"Econom\\u00eda\"}}]},{\"@type\":\"Organization\",\"@id\":\"https:\\\/\\\/www.eldigitaldeasturias.com\\\/noticias\\\/#organization\",\"name\":\"El Digital de Asturias\",\"description\":\"Hemeroteca\",\"url\":\"https:\\\/\\\/www.eldigitaldeasturias.com\\\/noticias\\\/\",\"email\":\"info@eldigitaldeasturias.com\",\"telephone\":\"+34652131393\",\"logo\":{\"@type\":\"ImageObject\",\"url\":\"https:\\\/\\\/www.eldigitaldeasturias.com\\\/noticias\\\/wp-content\\\/uploads\\\/2020\\\/12\\\/EDA.jpg\",\"@id\":\"https:\\\/\\\/www.eldigitaldeasturias.com\\\/noticias\\\/la-tasa-anual-del-ipc-fue-del-15-durante-el-mes-de-abril-de-2019\\\/#organizationLogo\",\"width\":649,\"height\":297},\"image\":{\"@id\":\"https:\\\/\\\/www.eldigitaldeasturias.com\\\/noticias\\\/la-tasa-anual-del-ipc-fue-del-15-durante-el-mes-de-abril-de-2019\\\/#organizationLogo\"},\"sameAs\":[\"https:\\\/\\\/facebook.com\\\/eldigitaldeasturias\",\"https:\\\/\\\/www.youtube.com\\\/channel\\\/UCZP-2wLEB9Rv6erhFmqVnvg\"],\"address\":{\"@id\":\"https:\\\/\\\/www.eldigitaldeasturias.com\\\/noticias\\\/#postaladdress\",\"@type\":\"PostalAddress\",\"streetAddress\":\"san antonio 4,\",\"postalCode\":\"33430\",\"addressLocality\":\"Cand\\u00e1s\",\"addressRegion\":\"Asturias\",\"addressCountry\":\"ES\"}},{\"@type\":\"Person\",\"@id\":\"https:\\\/\\\/www.eldigitaldeasturias.com\\\/noticias\\\/author\\\/admin\\\/#author\",\"url\":\"https:\\\/\\\/www.eldigitaldeasturias.com\\\/noticias\\\/author\\\/admin\\\/\",\"name\":\"El Digital de Asturias\",\"image\":{\"@type\":\"ImageObject\",\"@id\":\"https:\\\/\\\/www.eldigitaldeasturias.com\\\/noticias\\\/la-tasa-anual-del-ipc-fue-del-15-durante-el-mes-de-abril-de-2019\\\/#authorImage\",\"url\":\"https:\\\/\\\/www.eldigitaldeasturias.com\\\/noticias\\\/wp-content\\\/litespeed\\\/avatar\\\/18677e78aa0546b92d9dbf31ec7d7668.jpg?ver=1776685526\",\"width\":96,\"height\":96,\"caption\":\"El Digital de Asturias\"}},{\"@type\":\"WebPage\",\"@id\":\"https:\\\/\\\/www.eldigitaldeasturias.com\\\/noticias\\\/la-tasa-anual-del-ipc-fue-del-15-durante-el-mes-de-abril-de-2019\\\/#webpage\",\"url\":\"https:\\\/\\\/www.eldigitaldeasturias.com\\\/noticias\\\/la-tasa-anual-del-ipc-fue-del-15-durante-el-mes-de-abril-de-2019\\\/\",\"name\":\"La tasa anual del IPC fue del 1,5% durante el mes de abril de 2019 - El Digital de Asturias\",\"description\":\"Seg\\u00fan un informe reciente publicado por el Instituto Nacional de Estad\\u00edstica (INE), la tasa anual del \\u00cdndice de Precios de Consumo (IPC) general durante el mes de abril de 2019 fue del 1,5%, dos d\\u00e9cimas superior a la registrada el mes anterior. En este sentido, los grupos con mayor influencia positiva en el aumento de\",\"inLanguage\":\"es-ES\",\"isPartOf\":{\"@id\":\"https:\\\/\\\/www.eldigitaldeasturias.com\\\/noticias\\\/#website\"},\"breadcrumb\":{\"@id\":\"https:\\\/\\\/www.eldigitaldeasturias.com\\\/noticias\\\/la-tasa-anual-del-ipc-fue-del-15-durante-el-mes-de-abril-de-2019\\\/#breadcrumblist\"},\"author\":{\"@id\":\"https:\\\/\\\/www.eldigitaldeasturias.com\\\/noticias\\\/author\\\/admin\\\/#author\"},\"creator\":{\"@id\":\"https:\\\/\\\/www.eldigitaldeasturias.com\\\/noticias\\\/author\\\/admin\\\/#author\"},\"image\":{\"@type\":\"ImageObject\",\"url\":\"https:\\\/\\\/www.eldigitaldeasturias.com\\\/noticias\\\/wp-content\\\/uploads\\\/2018\\\/07\\\/money-1005479_960_720.jpg\",\"@id\":\"https:\\\/\\\/www.eldigitaldeasturias.com\\\/noticias\\\/la-tasa-anual-del-ipc-fue-del-15-durante-el-mes-de-abril-de-2019\\\/#mainImage\",\"width\":960,\"height\":619},\"primaryImageOfPage\":{\"@id\":\"https:\\\/\\\/www.eldigitaldeasturias.com\\\/noticias\\\/la-tasa-anual-del-ipc-fue-del-15-durante-el-mes-de-abril-de-2019\\\/#mainImage\"},\"datePublished\":\"2019-05-20T09:47:53+02:00\",\"dateModified\":\"2019-05-20T09:47:53+02:00\"},{\"@type\":\"WebSite\",\"@id\":\"https:\\\/\\\/www.eldigitaldeasturias.com\\\/noticias\\\/#website\",\"url\":\"https:\\\/\\\/www.eldigitaldeasturias.com\\\/noticias\\\/\",\"name\":\"El Digital de Asturias - Diario de actualidad y noticias\",\"alternateName\":\"El Digital de Asturias - Diario de actualidad y noticias\",\"description\":\"Hemeroteca\",\"inLanguage\":\"es-ES\",\"publisher\":{\"@id\":\"https:\\\/\\\/www.eldigitaldeasturias.com\\\/noticias\\\/#organization\"}}]}\n\t\t<\/script>\n\t\t<!-- All in One SEO Pro -->\r\n\t\t<title>La tasa anual del IPC fue del 1,5% durante el mes de abril de 2019 - El Digital de Asturias<\/title>\n\n","aioseo_head_json":{"title":"La tasa anual del IPC fue del 1,5% durante el mes de abril de 2019 - El Digital de Asturias","description":"Seg\u00fan un informe reciente publicado por el Instituto Nacional de Estad\u00edstica (INE), la tasa anual del \u00cdndice de Precios de Consumo (IPC) general durante el mes de abril de 2019 fue del 1,5%, dos d\u00e9cimas superior a la registrada el mes anterior. En este sentido, los grupos con mayor influencia positiva en el aumento de","canonical_url":"https:\/\/www.eldigitaldeasturias.com\/noticias\/la-tasa-anual-del-ipc-fue-del-15-durante-el-mes-de-abril-de-2019\/","robots":"max-image-preview:large","keywords":"econom\u00eda","webmasterTools":{"google-site-verification":"UA-38556648-1","msvalidate.01":"7dfe9f3f1b24437ab69f4f2559babe99","miscellaneous":""},"schema":{"@context":"https:\/\/schema.org","@graph":[{"@type":"BlogPosting","@id":"https:\/\/www.eldigitaldeasturias.com\/noticias\/la-tasa-anual-del-ipc-fue-del-15-durante-el-mes-de-abril-de-2019\/#blogposting","name":"La tasa anual del IPC fue del 1,5% durante el mes de abril de 2019 - El Digital de Asturias","headline":"La tasa anual del IPC fue del 1,5% durante el mes de abril de 2019","author":{"@id":"https:\/\/www.eldigitaldeasturias.com\/noticias\/author\/admin\/#author"},"publisher":{"@id":"https:\/\/www.eldigitaldeasturias.com\/noticias\/#organization"},"image":{"@type":"ImageObject","url":"https:\/\/www.eldigitaldeasturias.com\/noticias\/wp-content\/uploads\/2018\/07\/money-1005479_960_720.jpg","width":960,"height":619},"datePublished":"2019-05-20T09:47:53+02:00","dateModified":"2019-05-20T09:47:53+02:00","inLanguage":"es-ES","mainEntityOfPage":{"@id":"https:\/\/www.eldigitaldeasturias.com\/noticias\/la-tasa-anual-del-ipc-fue-del-15-durante-el-mes-de-abril-de-2019\/#webpage"},"isPartOf":{"@id":"https:\/\/www.eldigitaldeasturias.com\/noticias\/la-tasa-anual-del-ipc-fue-del-15-durante-el-mes-de-abril-de-2019\/#webpage"},"articleSection":"Econom\u00eda"},{"@type":"BreadcrumbList","@id":"https:\/\/www.eldigitaldeasturias.com\/noticias\/la-tasa-anual-del-ipc-fue-del-15-durante-el-mes-de-abril-de-2019\/#breadcrumblist","itemListElement":[{"@type":"ListItem","@id":"https:\/\/www.eldigitaldeasturias.com\/noticias#listItem","position":1,"name":"Home","item":"https:\/\/www.eldigitaldeasturias.com\/noticias","nextItem":{"@type":"ListItem","@id":"https:\/\/www.eldigitaldeasturias.com\/noticias\/category\/economia\/#listItem","name":"Econom\u00eda"}},{"@type":"ListItem","@id":"https:\/\/www.eldigitaldeasturias.com\/noticias\/category\/economia\/#listItem","position":2,"name":"Econom\u00eda","item":"https:\/\/www.eldigitaldeasturias.com\/noticias\/category\/economia\/","nextItem":{"@type":"ListItem","@id":"https:\/\/www.eldigitaldeasturias.com\/noticias\/la-tasa-anual-del-ipc-fue-del-15-durante-el-mes-de-abril-de-2019\/#listItem","name":"La tasa anual del IPC fue del 1,5% durante el mes de abril de 2019"},"previousItem":{"@type":"ListItem","@id":"https:\/\/www.eldigitaldeasturias.com\/noticias#listItem","name":"Home"}},{"@type":"ListItem","@id":"https:\/\/www.eldigitaldeasturias.com\/noticias\/la-tasa-anual-del-ipc-fue-del-15-durante-el-mes-de-abril-de-2019\/#listItem","position":3,"name":"La tasa anual del IPC fue del 1,5% durante el mes de abril de 2019","previousItem":{"@type":"ListItem","@id":"https:\/\/www.eldigitaldeasturias.com\/noticias\/category\/economia\/#listItem","name":"Econom\u00eda"}}]},{"@type":"Organization","@id":"https:\/\/www.eldigitaldeasturias.com\/noticias\/#organization","name":"El Digital de Asturias","description":"Hemeroteca","url":"https:\/\/www.eldigitaldeasturias.com\/noticias\/","email":"info@eldigitaldeasturias.com","telephone":"+34652131393","logo":{"@type":"ImageObject","url":"https:\/\/www.eldigitaldeasturias.com\/noticias\/wp-content\/uploads\/2020\/12\/EDA.jpg","@id":"https:\/\/www.eldigitaldeasturias.com\/noticias\/la-tasa-anual-del-ipc-fue-del-15-durante-el-mes-de-abril-de-2019\/#organizationLogo","width":649,"height":297},"image":{"@id":"https:\/\/www.eldigitaldeasturias.com\/noticias\/la-tasa-anual-del-ipc-fue-del-15-durante-el-mes-de-abril-de-2019\/#organizationLogo"},"sameAs":["https:\/\/facebook.com\/eldigitaldeasturias","https:\/\/www.youtube.com\/channel\/UCZP-2wLEB9Rv6erhFmqVnvg"],"address":{"@id":"https:\/\/www.eldigitaldeasturias.com\/noticias\/#postaladdress","@type":"PostalAddress","streetAddress":"san antonio 4,","postalCode":"33430","addressLocality":"Cand\u00e1s","addressRegion":"Asturias","addressCountry":"ES"}},{"@type":"Person","@id":"https:\/\/www.eldigitaldeasturias.com\/noticias\/author\/admin\/#author","url":"https:\/\/www.eldigitaldeasturias.com\/noticias\/author\/admin\/","name":"El Digital de Asturias","image":{"@type":"ImageObject","@id":"https:\/\/www.eldigitaldeasturias.com\/noticias\/la-tasa-anual-del-ipc-fue-del-15-durante-el-mes-de-abril-de-2019\/#authorImage","url":"https:\/\/www.eldigitaldeasturias.com\/noticias\/wp-content\/litespeed\/avatar\/18677e78aa0546b92d9dbf31ec7d7668.jpg?ver=1776685526","width":96,"height":96,"caption":"El Digital de Asturias"}},{"@type":"WebPage","@id":"https:\/\/www.eldigitaldeasturias.com\/noticias\/la-tasa-anual-del-ipc-fue-del-15-durante-el-mes-de-abril-de-2019\/#webpage","url":"https:\/\/www.eldigitaldeasturias.com\/noticias\/la-tasa-anual-del-ipc-fue-del-15-durante-el-mes-de-abril-de-2019\/","name":"La tasa anual del IPC fue del 1,5% durante el mes de abril de 2019 - El Digital de Asturias","description":"Seg\u00fan un informe reciente publicado por el Instituto Nacional de Estad\u00edstica (INE), la tasa anual del \u00cdndice de Precios de Consumo (IPC) general durante el mes de abril de 2019 fue del 1,5%, dos d\u00e9cimas superior a la registrada el mes anterior. En este sentido, los grupos con mayor influencia positiva en el aumento de","inLanguage":"es-ES","isPartOf":{"@id":"https:\/\/www.eldigitaldeasturias.com\/noticias\/#website"},"breadcrumb":{"@id":"https:\/\/www.eldigitaldeasturias.com\/noticias\/la-tasa-anual-del-ipc-fue-del-15-durante-el-mes-de-abril-de-2019\/#breadcrumblist"},"author":{"@id":"https:\/\/www.eldigitaldeasturias.com\/noticias\/author\/admin\/#author"},"creator":{"@id":"https:\/\/www.eldigitaldeasturias.com\/noticias\/author\/admin\/#author"},"image":{"@type":"ImageObject","url":"https:\/\/www.eldigitaldeasturias.com\/noticias\/wp-content\/uploads\/2018\/07\/money-1005479_960_720.jpg","@id":"https:\/\/www.eldigitaldeasturias.com\/noticias\/la-tasa-anual-del-ipc-fue-del-15-durante-el-mes-de-abril-de-2019\/#mainImage","width":960,"height":619},"primaryImageOfPage":{"@id":"https:\/\/www.eldigitaldeasturias.com\/noticias\/la-tasa-anual-del-ipc-fue-del-15-durante-el-mes-de-abril-de-2019\/#mainImage"},"datePublished":"2019-05-20T09:47:53+02:00","dateModified":"2019-05-20T09:47:53+02:00"},{"@type":"WebSite","@id":"https:\/\/www.eldigitaldeasturias.com\/noticias\/#website","url":"https:\/\/www.eldigitaldeasturias.com\/noticias\/","name":"El Digital de Asturias - Diario de actualidad y noticias","alternateName":"El Digital de Asturias - Diario de actualidad y noticias","description":"Hemeroteca","inLanguage":"es-ES","publisher":{"@id":"https:\/\/www.eldigitaldeasturias.com\/noticias\/#organization"}}]},"og:locale":"es_ES","og:site_name":"El Digital de Asturias","og:type":"article","og:title":"La tasa anual del IPC fue del 1,5% durante el mes de abril de 2019 - El Digital de Asturias","og:description":"Seg\u00fan un informe reciente publicado por el Instituto Nacional de Estad\u00edstica (INE), la tasa anual del \u00cdndice de Precios de Consumo (IPC) general durante el mes de abril de 2019 fue del 1,5%, dos d\u00e9cimas superior a la registrada el mes anterior. En este sentido, los grupos con mayor influencia positiva en el aumento de","og:url":"https:\/\/www.eldigitaldeasturias.com\/noticias\/la-tasa-anual-del-ipc-fue-del-15-durante-el-mes-de-abril-de-2019\/","og:image":"https:\/\/www.eldigitaldeasturias.com\/noticias\/wp-content\/uploads\/2018\/07\/money-1005479_960_720.jpg","og:image:secure_url":"https:\/\/www.eldigitaldeasturias.com\/noticias\/wp-content\/uploads\/2018\/07\/money-1005479_960_720.jpg","og:image:width":960,"og:image:height":619,"article:tag":["econom\u00eda"],"article:published_time":"2019-05-20T09:47:53+00:00","article:modified_time":"2019-05-20T09:47:53+00:00","article:publisher":"https:\/\/facebook.com\/eldigitaldeasturias","twitter:card":"summary_large_image","twitter:title":"La tasa anual del IPC fue del 1,5% durante el mes de abril de 2019 - El Digital de Asturias","twitter:description":"Seg\u00fan un informe reciente publicado por el Instituto Nacional de Estad\u00edstica (INE), la tasa anual del \u00cdndice de Precios de Consumo (IPC) general durante el mes de abril de 2019 fue del 1,5%, dos d\u00e9cimas superior a la registrada el mes anterior. En este sentido, los grupos con mayor influencia positiva en el aumento de","twitter:image":"https:\/\/www.eldigitaldeasturias.com\/noticias\/wp-content\/uploads\/2018\/07\/money-1005479_960_720.jpg","twitter:label1":"Escrito por","twitter:data1":"El Digital de Asturias","twitter:label2":"Tiempo de lectura estimado","twitter:data2":"1 minuto"},"aioseo_meta_data":{"post_id":"1027977","title":null,"description":null,"keywords":null,"keyphrases":null,"primary_term":null,"canonical_url":null,"og_title":null,"og_description":null,"og_object_type":"default","og_image_type":"default","og_image_url":null,"og_image_width":null,"og_image_height":null,"og_image_custom_url":null,"og_image_custom_fields":null,"og_video":null,"og_custom_url":null,"og_article_section":null,"og_article_tags":null,"twitter_use_og":false,"twitter_card":"default","twitter_image_type":"default","twitter_image_url":null,"twitter_image_custom_url":null,"twitter_image_custom_fields":null,"twitter_title":null,"twitter_description":null,"schema":{"blockGraphs":[],"customGraphs":[],"default":{"data":{"Article":[],"Course":[],"Dataset":[],"FAQPage":[],"Movie":[],"Person":[],"Product":[],"ProductReview":[],"Car":[],"Recipe":[],"Service":[],"SoftwareApplication":[],"WebPage":[]},"graphName":"","isEnabled":true},"graphs":[],"defaultGraph":"","defaultPostTypeGraph":""},"schema_type":null,"schema_type_options":null,"pillar_content":false,"robots_default":true,"robots_noindex":false,"robots_noarchive":false,"robots_nosnippet":false,"robots_nofollow":false,"robots_noimageindex":false,"robots_noodp":false,"robots_notranslate":false,"robots_max_snippet":null,"robots_max_videopreview":null,"robots_max_imagepreview":"large","priority":null,"frequency":null,"local_seo":null,"seo_analyzer_scan_date":"2025-10-18 07:17:08","breadcrumb_settings":null,"limit_modified_date":false,"open_ai":null,"ai":null,"created":"2020-12-21 11:11:34","updated":"2025-10-18 07:17:08"},"aioseo_breadcrumb":"<div class=\"aioseo-breadcrumbs\"><span class=\"aioseo-breadcrumb\">\n\t<a href=\"https:\/\/www.eldigitaldeasturias.com\/noticias\" title=\"Home\">Home<\/a>\n<\/span><span class=\"aioseo-breadcrumb-separator\">\u2013<\/span><span class=\"aioseo-breadcrumb\">\n\t<a href=\"https:\/\/www.eldigitaldeasturias.com\/noticias\/category\/economia\/\" title=\"Econom\u00eda\">Econom\u00eda<\/a>\n<\/span><span class=\"aioseo-breadcrumb-separator\">\u2013<\/span><span class=\"aioseo-breadcrumb\">\n\t<a href=\"https:\/\/www.eldigitaldeasturias.com\/noticias\/la-tasa-anual-del-ipc-fue-del-15-durante-el-mes-de-abril-de-2019\/\" title=\"La tasa anual del IPC fue del 1,5% durante el mes de abril de 2019\">La tasa anual del IPC fue del 1,5% durante el mes de abril de 2019<\/a>\n<\/span><\/div>","aioseo_breadcrumb_json":[{"label":"Home","link":"https:\/\/www.eldigitaldeasturias.com\/noticias"},{"label":"Econom\u00eda","link":"https:\/\/www.eldigitaldeasturias.com\/noticias\/category\/economia\/"},{"label":"La tasa anual del IPC fue del 1,5% durante el mes de abril de 2019","link":"https:\/\/www.eldigitaldeasturias.com\/noticias\/la-tasa-anual-del-ipc-fue-del-15-durante-el-mes-de-abril-de-2019\/"}],"_links":{"self":[{"href":"https:\/\/www.eldigitaldeasturias.com\/noticias\/wp-json\/wp\/v2\/posts\/1027977","targetHints":{"allow":["GET"]}}],"collection":[{"href":"https:\/\/www.eldigitaldeasturias.com\/noticias\/wp-json\/wp\/v2\/posts"}],"about":[{"href":"https:\/\/www.eldigitaldeasturias.com\/noticias\/wp-json\/wp\/v2\/types\/post"}],"author":[{"embeddable":true,"href":"https:\/\/www.eldigitaldeasturias.com\/noticias\/wp-json\/wp\/v2\/users\/1"}],"replies":[{"embeddable":true,"href":"https:\/\/www.eldigitaldeasturias.com\/noticias\/wp-json\/wp\/v2\/comments?post=1027977"}],"version-history":[{"count":0,"href":"https:\/\/www.eldigitaldeasturias.com\/noticias\/wp-json\/wp\/v2\/posts\/1027977\/revisions"}],"wp:featuredmedia":[{"embeddable":true,"href":"https:\/\/www.eldigitaldeasturias.com\/noticias\/wp-json\/wp\/v2\/media\/989215"}],"wp:attachment":[{"href":"https:\/\/www.eldigitaldeasturias.com\/noticias\/wp-json\/wp\/v2\/media?parent=1027977"}],"wp:term":[{"taxonomy":"category","embeddable":true,"href":"https:\/\/www.eldigitaldeasturias.com\/noticias\/wp-json\/wp\/v2\/categories?post=1027977"},{"taxonomy":"post_tag","embeddable":true,"href":"https:\/\/www.eldigitaldeasturias.com\/noticias\/wp-json\/wp\/v2\/tags?post=1027977"}],"curies":[{"name":"wp","href":"https:\/\/api.w.org\/{rel}","templated":true}]}}