{"id":1027857,"date":"2019-05-19T01:00:20","date_gmt":"2019-05-19T01:00:20","guid":{"rendered":"https:\/\/www.eldigitaldeasturias.com\/noticias\/?p=1027857"},"modified":"2019-05-19T01:00:20","modified_gmt":"2019-05-19T01:00:20","slug":"el-bayern-munich-se-despide-de-ribery-robben-y-rafinha","status":"publish","type":"post","link":"https:\/\/www.eldigitaldeasturias.com\/noticias\/el-bayern-munich-se-despide-de-ribery-robben-y-rafinha\/","title":{"rendered":"El Bayern M\u00fanich se despide de Rib\u00e9ry, Robben y Rafinha"},"content":{"rendered":"<p>M\u00fanich, 18 may (dpa) &#8211; El Bayern M\u00fanich despidi\u00f3 hoy oficialmente a los jugadores Franck Rib\u00e9ry, Arjen Robben y Rafinha antes de iniciar su \u00faltimo partido de la Bundesliga alemana de f\u00fatbol contra el Eintracht Frankfurt.<\/p>\n<p><img loading=\"lazy\" decoding=\"async\" class=\"aligncenter size-large wp-image-1027858\" src=\"https:\/\/www.eldigitaldeasturias.com\/noticias\/wp-content\/uploads\/2019\/05\/despedidas-bayern-650x432.jpg\" alt=\"\" width=\"650\" height=\"432\" srcset=\"https:\/\/www.eldigitaldeasturias.com\/noticias\/wp-content\/uploads\/2019\/05\/despedidas-bayern-650x432.jpg 650w, https:\/\/www.eldigitaldeasturias.com\/noticias\/wp-content\/uploads\/2019\/05\/despedidas-bayern-360x239.jpg 360w, https:\/\/www.eldigitaldeasturias.com\/noticias\/wp-content\/uploads\/2019\/05\/despedidas-bayern-768x510.jpg 768w, https:\/\/www.eldigitaldeasturias.com\/noticias\/wp-content\/uploads\/2019\/05\/despedidas-bayern.jpg 1008w\" sizes=\"auto, (max-width: 650px) 100vw, 650px\" \/><\/p>\n<p>El presidente de la junta directiva del Bayern, Karl-Heinz Rummenigge, el presidente, Uli Hoene\u00df, y el director deportivo, Hasan Salihamidzic, agradecieron a los profesionales que durante muchos a\u00f1os formaron parte del club. Los tres jugadores recibieron como obsequio grandes fotos enmarcadas de ellos.<\/p>\n<p>\u00abAdi\u00f3s &amp; Gracias\u00bb, se le\u00eda en un enorme cartel en la zona reservada a los fans. Las estrellas salientes ya fueron festejadas durante el precalentamiento, aunque se les notaba cierto descontento por haber sido enviadas al banco de suplentes.<\/p>\n<p>El franc\u00e9s Rib\u00e9ry, de 36 a\u00f1os, deja el club tras 12 a\u00f1os, mientras que el holand\u00e9s Robben, de 35 a\u00f1os, lo hace despu\u00e9s de 10 temporadas. Rafinha, de 33, parte tras ocho a\u00f1os. Ninguno de los tres aclar\u00f3 a\u00fan c\u00f3mo continuar\u00e1 su carrera.<\/p>\n<p>El mayor logro deportivo de los tres fue en 2013, cuando obtuvieron el triplete (Copa de Alemania, Bundesliga y Liga de Campeones).<\/p>\n<p>Robben y Rib\u00e9ry tendr\u00e1n el a\u00f1o que viene un gran partido de despedida en M\u00fanich. \u00abFranck y Arjen son grandes jugadores. El Bayern les debe mucho\u00bb, dijo Rummenigge. \u00abEllos ayudaron a darle forma a la d\u00e9cada m\u00e1s exitosa del Bayern con un f\u00fatbol fant\u00e1stico\u00bb, apunt\u00f3.<\/p>\n<p><strong><em>Foto: Matthias Balk\/dpa<\/em><\/strong><\/p>\n","protected":false},"excerpt":{"rendered":"<p>M\u00fanich, 18 may (dpa) &#8211; El Bayern M\u00fanich despidi\u00f3 hoy oficialmente a los jugadores Franck Rib\u00e9ry, Arjen Robben y Rafinha antes de iniciar su \u00faltimo partido de la Bundesliga alemana de f\u00fatbol contra el Eintracht Frankfurt. El presidente de la junta directiva del Bayern, Karl-Heinz Rummenigge, el presidente, Uli Hoene\u00df, y el director deportivo, Hasan [&hellip;]<\/p>\n","protected":false},"author":1,"featured_media":1027858,"comment_status":"closed","ping_status":"closed","sticky":false,"template":"","format":"standard","meta":{"footnotes":""},"categories":[190],"tags":[],"class_list":["post-1027857","post","type-post","status-publish","format-standard","has-post-thumbnail","hentry","category-deportes"],"aioseo_notices":[],"aioseo_head":"\n\t\t<!-- All in One SEO Pro 4.9.6.2 - aioseo.com -->\n\t<meta name=\"description\" content=\"M\u00fanich, 18 may (dpa) - El Bayern M\u00fanich despidi\u00f3 hoy oficialmente a los jugadores Franck Rib\u00e9ry, Arjen Robben y Rafinha antes de iniciar su \u00faltimo partido de la Bundesliga alemana de f\u00fatbol contra el Eintracht Frankfurt. El presidente de la junta directiva del Bayern, Karl-Heinz Rummenigge, el presidente, Uli Hoene\u00df, y el director deportivo, Hasan\" \/>\n\t<meta name=\"robots\" content=\"max-image-preview:large\" \/>\n\t<meta name=\"author\" content=\"El Digital de Asturias\"\/>\n\t<meta name=\"google-site-verification\" content=\"UA-38556648-1\" \/>\n\t<meta name=\"msvalidate.01\" content=\"7dfe9f3f1b24437ab69f4f2559babe99\" \/>\n\t<meta name=\"keywords\" content=\"deportes\" \/>\n\t<link rel=\"canonical\" href=\"https:\/\/www.eldigitaldeasturias.com\/noticias\/el-bayern-munich-se-despide-de-ribery-robben-y-rafinha\/\" \/>\n\t<meta name=\"generator\" content=\"All in One SEO Pro (AIOSEO) 4.9.6.2\" \/>\n\t\t<meta property=\"og:locale\" content=\"es_ES\" \/>\n\t\t<meta property=\"og:site_name\" content=\"El Digital de Asturias\" \/>\n\t\t<meta property=\"og:type\" content=\"article\" \/>\n\t\t<meta property=\"og:title\" content=\"El Bayern M\u00fanich se despide de Rib\u00e9ry, Robben y Rafinha - El Digital de Asturias\" \/>\n\t\t<meta property=\"og:description\" content=\"M\u00fanich, 18 may (dpa) - El Bayern M\u00fanich despidi\u00f3 hoy oficialmente a los jugadores Franck Rib\u00e9ry, Arjen Robben y Rafinha antes de iniciar su \u00faltimo partido de la Bundesliga alemana de f\u00fatbol contra el Eintracht Frankfurt. El presidente de la junta directiva del Bayern, Karl-Heinz Rummenigge, el presidente, Uli Hoene\u00df, y el director deportivo, Hasan\" \/>\n\t\t<meta property=\"og:url\" content=\"https:\/\/www.eldigitaldeasturias.com\/noticias\/el-bayern-munich-se-despide-de-ribery-robben-y-rafinha\/\" \/>\n\t\t<meta property=\"og:image\" content=\"https:\/\/www.eldigitaldeasturias.com\/noticias\/wp-content\/uploads\/2019\/05\/despedidas-bayern.jpg\" \/>\n\t\t<meta property=\"og:image:secure_url\" content=\"https:\/\/www.eldigitaldeasturias.com\/noticias\/wp-content\/uploads\/2019\/05\/despedidas-bayern.jpg\" \/>\n\t\t<meta property=\"og:image:width\" content=\"1008\" \/>\n\t\t<meta property=\"og:image:height\" content=\"670\" \/>\n\t\t<meta property=\"article:tag\" content=\"deportes\" \/>\n\t\t<meta property=\"article:published_time\" content=\"2019-05-19T01:00:20+00:00\" \/>\n\t\t<meta property=\"article:modified_time\" content=\"2019-05-19T01:00:20+00:00\" \/>\n\t\t<meta property=\"article:publisher\" content=\"https:\/\/facebook.com\/eldigitaldeasturias\" \/>\n\t\t<meta name=\"twitter:card\" content=\"summary_large_image\" \/>\n\t\t<meta name=\"twitter:title\" content=\"El Bayern M\u00fanich se despide de Rib\u00e9ry, Robben y Rafinha - El Digital de Asturias\" \/>\n\t\t<meta name=\"twitter:description\" content=\"M\u00fanich, 18 may (dpa) - El Bayern M\u00fanich despidi\u00f3 hoy oficialmente a los jugadores Franck Rib\u00e9ry, Arjen Robben y Rafinha antes de iniciar su \u00faltimo partido de la Bundesliga alemana de f\u00fatbol contra el Eintracht Frankfurt. El presidente de la junta directiva del Bayern, Karl-Heinz Rummenigge, el presidente, Uli Hoene\u00df, y el director deportivo, Hasan\" \/>\n\t\t<meta name=\"twitter:image\" content=\"https:\/\/www.eldigitaldeasturias.com\/noticias\/wp-content\/uploads\/2019\/05\/despedidas-bayern.jpg\" \/>\n\t\t<meta name=\"twitter:label1\" content=\"Escrito por\" \/>\n\t\t<meta name=\"twitter:data1\" content=\"El Digital de Asturias\" \/>\n\t\t<meta name=\"twitter:label2\" content=\"Tiempo de lectura estimado\" \/>\n\t\t<meta name=\"twitter:data2\" content=\"1 minuto\" \/>\n\t\t<script type=\"application\/ld+json\" class=\"aioseo-schema\">\n\t\t\t{\"@context\":\"https:\\\/\\\/schema.org\",\"@graph\":[{\"@type\":\"BlogPosting\",\"@id\":\"https:\\\/\\\/www.eldigitaldeasturias.com\\\/noticias\\\/el-bayern-munich-se-despide-de-ribery-robben-y-rafinha\\\/#blogposting\",\"name\":\"El Bayern M\\u00fanich se despide de Rib\\u00e9ry, Robben y Rafinha - El Digital de Asturias\",\"headline\":\"El Bayern M\\u00fanich se despide de Rib\\u00e9ry, Robben y Rafinha\",\"author\":{\"@id\":\"https:\\\/\\\/www.eldigitaldeasturias.com\\\/noticias\\\/author\\\/admin\\\/#author\"},\"publisher\":{\"@id\":\"https:\\\/\\\/www.eldigitaldeasturias.com\\\/noticias\\\/#organization\"},\"image\":{\"@type\":\"ImageObject\",\"url\":\"https:\\\/\\\/www.eldigitaldeasturias.com\\\/noticias\\\/wp-content\\\/uploads\\\/2019\\\/05\\\/despedidas-bayern.jpg\",\"width\":1008,\"height\":670},\"datePublished\":\"2019-05-19T01:00:20+02:00\",\"dateModified\":\"2019-05-19T01:00:20+02:00\",\"inLanguage\":\"es-ES\",\"mainEntityOfPage\":{\"@id\":\"https:\\\/\\\/www.eldigitaldeasturias.com\\\/noticias\\\/el-bayern-munich-se-despide-de-ribery-robben-y-rafinha\\\/#webpage\"},\"isPartOf\":{\"@id\":\"https:\\\/\\\/www.eldigitaldeasturias.com\\\/noticias\\\/el-bayern-munich-se-despide-de-ribery-robben-y-rafinha\\\/#webpage\"},\"articleSection\":\"Deportes\"},{\"@type\":\"BreadcrumbList\",\"@id\":\"https:\\\/\\\/www.eldigitaldeasturias.com\\\/noticias\\\/el-bayern-munich-se-despide-de-ribery-robben-y-rafinha\\\/#breadcrumblist\",\"itemListElement\":[{\"@type\":\"ListItem\",\"@id\":\"https:\\\/\\\/www.eldigitaldeasturias.com\\\/noticias#listItem\",\"position\":1,\"name\":\"Home\",\"item\":\"https:\\\/\\\/www.eldigitaldeasturias.com\\\/noticias\",\"nextItem\":{\"@type\":\"ListItem\",\"@id\":\"https:\\\/\\\/www.eldigitaldeasturias.com\\\/noticias\\\/category\\\/deportes\\\/#listItem\",\"name\":\"Deportes\"}},{\"@type\":\"ListItem\",\"@id\":\"https:\\\/\\\/www.eldigitaldeasturias.com\\\/noticias\\\/category\\\/deportes\\\/#listItem\",\"position\":2,\"name\":\"Deportes\",\"item\":\"https:\\\/\\\/www.eldigitaldeasturias.com\\\/noticias\\\/category\\\/deportes\\\/\",\"nextItem\":{\"@type\":\"ListItem\",\"@id\":\"https:\\\/\\\/www.eldigitaldeasturias.com\\\/noticias\\\/el-bayern-munich-se-despide-de-ribery-robben-y-rafinha\\\/#listItem\",\"name\":\"El Bayern M\\u00fanich se despide de Rib\\u00e9ry, Robben y Rafinha\"},\"previousItem\":{\"@type\":\"ListItem\",\"@id\":\"https:\\\/\\\/www.eldigitaldeasturias.com\\\/noticias#listItem\",\"name\":\"Home\"}},{\"@type\":\"ListItem\",\"@id\":\"https:\\\/\\\/www.eldigitaldeasturias.com\\\/noticias\\\/el-bayern-munich-se-despide-de-ribery-robben-y-rafinha\\\/#listItem\",\"position\":3,\"name\":\"El Bayern M\\u00fanich se despide de Rib\\u00e9ry, Robben y Rafinha\",\"previousItem\":{\"@type\":\"ListItem\",\"@id\":\"https:\\\/\\\/www.eldigitaldeasturias.com\\\/noticias\\\/category\\\/deportes\\\/#listItem\",\"name\":\"Deportes\"}}]},{\"@type\":\"Organization\",\"@id\":\"https:\\\/\\\/www.eldigitaldeasturias.com\\\/noticias\\\/#organization\",\"name\":\"El Digital de Asturias\",\"description\":\"Hemeroteca\",\"url\":\"https:\\\/\\\/www.eldigitaldeasturias.com\\\/noticias\\\/\",\"email\":\"info@eldigitaldeasturias.com\",\"telephone\":\"+34652131393\",\"logo\":{\"@type\":\"ImageObject\",\"url\":\"https:\\\/\\\/www.eldigitaldeasturias.com\\\/noticias\\\/wp-content\\\/uploads\\\/2020\\\/12\\\/EDA.jpg\",\"@id\":\"https:\\\/\\\/www.eldigitaldeasturias.com\\\/noticias\\\/el-bayern-munich-se-despide-de-ribery-robben-y-rafinha\\\/#organizationLogo\",\"width\":649,\"height\":297},\"image\":{\"@id\":\"https:\\\/\\\/www.eldigitaldeasturias.com\\\/noticias\\\/el-bayern-munich-se-despide-de-ribery-robben-y-rafinha\\\/#organizationLogo\"},\"sameAs\":[\"https:\\\/\\\/facebook.com\\\/eldigitaldeasturias\",\"https:\\\/\\\/www.youtube.com\\\/channel\\\/UCZP-2wLEB9Rv6erhFmqVnvg\"],\"address\":{\"@id\":\"https:\\\/\\\/www.eldigitaldeasturias.com\\\/noticias\\\/#postaladdress\",\"@type\":\"PostalAddress\",\"streetAddress\":\"san antonio 4,\",\"postalCode\":\"33430\",\"addressLocality\":\"Cand\\u00e1s\",\"addressRegion\":\"Asturias\",\"addressCountry\":\"ES\"}},{\"@type\":\"Person\",\"@id\":\"https:\\\/\\\/www.eldigitaldeasturias.com\\\/noticias\\\/author\\\/admin\\\/#author\",\"url\":\"https:\\\/\\\/www.eldigitaldeasturias.com\\\/noticias\\\/author\\\/admin\\\/\",\"name\":\"El Digital de Asturias\",\"image\":{\"@type\":\"ImageObject\",\"@id\":\"https:\\\/\\\/www.eldigitaldeasturias.com\\\/noticias\\\/el-bayern-munich-se-despide-de-ribery-robben-y-rafinha\\\/#authorImage\",\"url\":\"https:\\\/\\\/www.eldigitaldeasturias.com\\\/noticias\\\/wp-content\\\/litespeed\\\/avatar\\\/18677e78aa0546b92d9dbf31ec7d7668.jpg?ver=1777290358\",\"width\":96,\"height\":96,\"caption\":\"El Digital de Asturias\"}},{\"@type\":\"WebPage\",\"@id\":\"https:\\\/\\\/www.eldigitaldeasturias.com\\\/noticias\\\/el-bayern-munich-se-despide-de-ribery-robben-y-rafinha\\\/#webpage\",\"url\":\"https:\\\/\\\/www.eldigitaldeasturias.com\\\/noticias\\\/el-bayern-munich-se-despide-de-ribery-robben-y-rafinha\\\/\",\"name\":\"El Bayern M\\u00fanich se despide de Rib\\u00e9ry, Robben y Rafinha - El Digital de Asturias\",\"description\":\"M\\u00fanich, 18 may (dpa) - El Bayern M\\u00fanich despidi\\u00f3 hoy oficialmente a los jugadores Franck Rib\\u00e9ry, Arjen Robben y Rafinha antes de iniciar su \\u00faltimo partido de la Bundesliga alemana de f\\u00fatbol contra el Eintracht Frankfurt. El presidente de la junta directiva del Bayern, Karl-Heinz Rummenigge, el presidente, Uli Hoene\\u00df, y el director deportivo, Hasan\",\"inLanguage\":\"es-ES\",\"isPartOf\":{\"@id\":\"https:\\\/\\\/www.eldigitaldeasturias.com\\\/noticias\\\/#website\"},\"breadcrumb\":{\"@id\":\"https:\\\/\\\/www.eldigitaldeasturias.com\\\/noticias\\\/el-bayern-munich-se-despide-de-ribery-robben-y-rafinha\\\/#breadcrumblist\"},\"author\":{\"@id\":\"https:\\\/\\\/www.eldigitaldeasturias.com\\\/noticias\\\/author\\\/admin\\\/#author\"},\"creator\":{\"@id\":\"https:\\\/\\\/www.eldigitaldeasturias.com\\\/noticias\\\/author\\\/admin\\\/#author\"},\"image\":{\"@type\":\"ImageObject\",\"url\":\"https:\\\/\\\/www.eldigitaldeasturias.com\\\/noticias\\\/wp-content\\\/uploads\\\/2019\\\/05\\\/despedidas-bayern.jpg\",\"@id\":\"https:\\\/\\\/www.eldigitaldeasturias.com\\\/noticias\\\/el-bayern-munich-se-despide-de-ribery-robben-y-rafinha\\\/#mainImage\",\"width\":1008,\"height\":670},\"primaryImageOfPage\":{\"@id\":\"https:\\\/\\\/www.eldigitaldeasturias.com\\\/noticias\\\/el-bayern-munich-se-despide-de-ribery-robben-y-rafinha\\\/#mainImage\"},\"datePublished\":\"2019-05-19T01:00:20+02:00\",\"dateModified\":\"2019-05-19T01:00:20+02:00\"},{\"@type\":\"WebSite\",\"@id\":\"https:\\\/\\\/www.eldigitaldeasturias.com\\\/noticias\\\/#website\",\"url\":\"https:\\\/\\\/www.eldigitaldeasturias.com\\\/noticias\\\/\",\"name\":\"El Digital de Asturias - Diario de actualidad y noticias\",\"alternateName\":\"El Digital de Asturias - Diario de actualidad y noticias\",\"description\":\"Hemeroteca\",\"inLanguage\":\"es-ES\",\"publisher\":{\"@id\":\"https:\\\/\\\/www.eldigitaldeasturias.com\\\/noticias\\\/#organization\"}}]}\n\t\t<\/script>\n\t\t<!-- All in One SEO Pro -->\r\n\t\t<title>El Bayern M\u00fanich se despide de Rib\u00e9ry, Robben y Rafinha - El Digital de Asturias<\/title>\n\n","aioseo_head_json":{"title":"El Bayern M\u00fanich se despide de Rib\u00e9ry, Robben y Rafinha - El Digital de Asturias","description":"M\u00fanich, 18 may (dpa) - El Bayern M\u00fanich despidi\u00f3 hoy oficialmente a los jugadores Franck Rib\u00e9ry, Arjen Robben y Rafinha antes de iniciar su \u00faltimo partido de la Bundesliga alemana de f\u00fatbol contra el Eintracht Frankfurt. El presidente de la junta directiva del Bayern, Karl-Heinz Rummenigge, el presidente, Uli Hoene\u00df, y el director deportivo, Hasan","canonical_url":"https:\/\/www.eldigitaldeasturias.com\/noticias\/el-bayern-munich-se-despide-de-ribery-robben-y-rafinha\/","robots":"max-image-preview:large","keywords":"deportes","webmasterTools":{"google-site-verification":"UA-38556648-1","msvalidate.01":"7dfe9f3f1b24437ab69f4f2559babe99","miscellaneous":""},"schema":{"@context":"https:\/\/schema.org","@graph":[{"@type":"BlogPosting","@id":"https:\/\/www.eldigitaldeasturias.com\/noticias\/el-bayern-munich-se-despide-de-ribery-robben-y-rafinha\/#blogposting","name":"El Bayern M\u00fanich se despide de Rib\u00e9ry, Robben y Rafinha - El Digital de Asturias","headline":"El Bayern M\u00fanich se despide de Rib\u00e9ry, Robben y Rafinha","author":{"@id":"https:\/\/www.eldigitaldeasturias.com\/noticias\/author\/admin\/#author"},"publisher":{"@id":"https:\/\/www.eldigitaldeasturias.com\/noticias\/#organization"},"image":{"@type":"ImageObject","url":"https:\/\/www.eldigitaldeasturias.com\/noticias\/wp-content\/uploads\/2019\/05\/despedidas-bayern.jpg","width":1008,"height":670},"datePublished":"2019-05-19T01:00:20+02:00","dateModified":"2019-05-19T01:00:20+02:00","inLanguage":"es-ES","mainEntityOfPage":{"@id":"https:\/\/www.eldigitaldeasturias.com\/noticias\/el-bayern-munich-se-despide-de-ribery-robben-y-rafinha\/#webpage"},"isPartOf":{"@id":"https:\/\/www.eldigitaldeasturias.com\/noticias\/el-bayern-munich-se-despide-de-ribery-robben-y-rafinha\/#webpage"},"articleSection":"Deportes"},{"@type":"BreadcrumbList","@id":"https:\/\/www.eldigitaldeasturias.com\/noticias\/el-bayern-munich-se-despide-de-ribery-robben-y-rafinha\/#breadcrumblist","itemListElement":[{"@type":"ListItem","@id":"https:\/\/www.eldigitaldeasturias.com\/noticias#listItem","position":1,"name":"Home","item":"https:\/\/www.eldigitaldeasturias.com\/noticias","nextItem":{"@type":"ListItem","@id":"https:\/\/www.eldigitaldeasturias.com\/noticias\/category\/deportes\/#listItem","name":"Deportes"}},{"@type":"ListItem","@id":"https:\/\/www.eldigitaldeasturias.com\/noticias\/category\/deportes\/#listItem","position":2,"name":"Deportes","item":"https:\/\/www.eldigitaldeasturias.com\/noticias\/category\/deportes\/","nextItem":{"@type":"ListItem","@id":"https:\/\/www.eldigitaldeasturias.com\/noticias\/el-bayern-munich-se-despide-de-ribery-robben-y-rafinha\/#listItem","name":"El Bayern M\u00fanich se despide de Rib\u00e9ry, Robben y Rafinha"},"previousItem":{"@type":"ListItem","@id":"https:\/\/www.eldigitaldeasturias.com\/noticias#listItem","name":"Home"}},{"@type":"ListItem","@id":"https:\/\/www.eldigitaldeasturias.com\/noticias\/el-bayern-munich-se-despide-de-ribery-robben-y-rafinha\/#listItem","position":3,"name":"El Bayern M\u00fanich se despide de Rib\u00e9ry, Robben y Rafinha","previousItem":{"@type":"ListItem","@id":"https:\/\/www.eldigitaldeasturias.com\/noticias\/category\/deportes\/#listItem","name":"Deportes"}}]},{"@type":"Organization","@id":"https:\/\/www.eldigitaldeasturias.com\/noticias\/#organization","name":"El Digital de Asturias","description":"Hemeroteca","url":"https:\/\/www.eldigitaldeasturias.com\/noticias\/","email":"info@eldigitaldeasturias.com","telephone":"+34652131393","logo":{"@type":"ImageObject","url":"https:\/\/www.eldigitaldeasturias.com\/noticias\/wp-content\/uploads\/2020\/12\/EDA.jpg","@id":"https:\/\/www.eldigitaldeasturias.com\/noticias\/el-bayern-munich-se-despide-de-ribery-robben-y-rafinha\/#organizationLogo","width":649,"height":297},"image":{"@id":"https:\/\/www.eldigitaldeasturias.com\/noticias\/el-bayern-munich-se-despide-de-ribery-robben-y-rafinha\/#organizationLogo"},"sameAs":["https:\/\/facebook.com\/eldigitaldeasturias","https:\/\/www.youtube.com\/channel\/UCZP-2wLEB9Rv6erhFmqVnvg"],"address":{"@id":"https:\/\/www.eldigitaldeasturias.com\/noticias\/#postaladdress","@type":"PostalAddress","streetAddress":"san antonio 4,","postalCode":"33430","addressLocality":"Cand\u00e1s","addressRegion":"Asturias","addressCountry":"ES"}},{"@type":"Person","@id":"https:\/\/www.eldigitaldeasturias.com\/noticias\/author\/admin\/#author","url":"https:\/\/www.eldigitaldeasturias.com\/noticias\/author\/admin\/","name":"El Digital de Asturias","image":{"@type":"ImageObject","@id":"https:\/\/www.eldigitaldeasturias.com\/noticias\/el-bayern-munich-se-despide-de-ribery-robben-y-rafinha\/#authorImage","url":"https:\/\/www.eldigitaldeasturias.com\/noticias\/wp-content\/litespeed\/avatar\/18677e78aa0546b92d9dbf31ec7d7668.jpg?ver=1777290358","width":96,"height":96,"caption":"El Digital de Asturias"}},{"@type":"WebPage","@id":"https:\/\/www.eldigitaldeasturias.com\/noticias\/el-bayern-munich-se-despide-de-ribery-robben-y-rafinha\/#webpage","url":"https:\/\/www.eldigitaldeasturias.com\/noticias\/el-bayern-munich-se-despide-de-ribery-robben-y-rafinha\/","name":"El Bayern M\u00fanich se despide de Rib\u00e9ry, Robben y Rafinha - El Digital de Asturias","description":"M\u00fanich, 18 may (dpa) - El Bayern M\u00fanich despidi\u00f3 hoy oficialmente a los jugadores Franck Rib\u00e9ry, Arjen Robben y Rafinha antes de iniciar su \u00faltimo partido de la Bundesliga alemana de f\u00fatbol contra el Eintracht Frankfurt. El presidente de la junta directiva del Bayern, Karl-Heinz Rummenigge, el presidente, Uli Hoene\u00df, y el director deportivo, Hasan","inLanguage":"es-ES","isPartOf":{"@id":"https:\/\/www.eldigitaldeasturias.com\/noticias\/#website"},"breadcrumb":{"@id":"https:\/\/www.eldigitaldeasturias.com\/noticias\/el-bayern-munich-se-despide-de-ribery-robben-y-rafinha\/#breadcrumblist"},"author":{"@id":"https:\/\/www.eldigitaldeasturias.com\/noticias\/author\/admin\/#author"},"creator":{"@id":"https:\/\/www.eldigitaldeasturias.com\/noticias\/author\/admin\/#author"},"image":{"@type":"ImageObject","url":"https:\/\/www.eldigitaldeasturias.com\/noticias\/wp-content\/uploads\/2019\/05\/despedidas-bayern.jpg","@id":"https:\/\/www.eldigitaldeasturias.com\/noticias\/el-bayern-munich-se-despide-de-ribery-robben-y-rafinha\/#mainImage","width":1008,"height":670},"primaryImageOfPage":{"@id":"https:\/\/www.eldigitaldeasturias.com\/noticias\/el-bayern-munich-se-despide-de-ribery-robben-y-rafinha\/#mainImage"},"datePublished":"2019-05-19T01:00:20+02:00","dateModified":"2019-05-19T01:00:20+02:00"},{"@type":"WebSite","@id":"https:\/\/www.eldigitaldeasturias.com\/noticias\/#website","url":"https:\/\/www.eldigitaldeasturias.com\/noticias\/","name":"El Digital de Asturias - Diario de actualidad y noticias","alternateName":"El Digital de Asturias - Diario de actualidad y noticias","description":"Hemeroteca","inLanguage":"es-ES","publisher":{"@id":"https:\/\/www.eldigitaldeasturias.com\/noticias\/#organization"}}]},"og:locale":"es_ES","og:site_name":"El Digital de Asturias","og:type":"article","og:title":"El Bayern M\u00fanich se despide de Rib\u00e9ry, Robben y Rafinha - El Digital de Asturias","og:description":"M\u00fanich, 18 may (dpa) - El Bayern M\u00fanich despidi\u00f3 hoy oficialmente a los jugadores Franck Rib\u00e9ry, Arjen Robben y Rafinha antes de iniciar su \u00faltimo partido de la Bundesliga alemana de f\u00fatbol contra el Eintracht Frankfurt. El presidente de la junta directiva del Bayern, Karl-Heinz Rummenigge, el presidente, Uli Hoene\u00df, y el director deportivo, Hasan","og:url":"https:\/\/www.eldigitaldeasturias.com\/noticias\/el-bayern-munich-se-despide-de-ribery-robben-y-rafinha\/","og:image":"https:\/\/www.eldigitaldeasturias.com\/noticias\/wp-content\/uploads\/2019\/05\/despedidas-bayern.jpg","og:image:secure_url":"https:\/\/www.eldigitaldeasturias.com\/noticias\/wp-content\/uploads\/2019\/05\/despedidas-bayern.jpg","og:image:width":1008,"og:image:height":670,"article:tag":["deportes"],"article:published_time":"2019-05-19T01:00:20+00:00","article:modified_time":"2019-05-19T01:00:20+00:00","article:publisher":"https:\/\/facebook.com\/eldigitaldeasturias","twitter:card":"summary_large_image","twitter:title":"El Bayern M\u00fanich se despide de Rib\u00e9ry, Robben y Rafinha - El Digital de Asturias","twitter:description":"M\u00fanich, 18 may (dpa) - El Bayern M\u00fanich despidi\u00f3 hoy oficialmente a los jugadores Franck Rib\u00e9ry, Arjen Robben y Rafinha antes de iniciar su \u00faltimo partido de la Bundesliga alemana de f\u00fatbol contra el Eintracht Frankfurt. El presidente de la junta directiva del Bayern, Karl-Heinz Rummenigge, el presidente, Uli Hoene\u00df, y el director deportivo, Hasan","twitter:image":"https:\/\/www.eldigitaldeasturias.com\/noticias\/wp-content\/uploads\/2019\/05\/despedidas-bayern.jpg","twitter:label1":"Escrito por","twitter:data1":"El Digital de Asturias","twitter:label2":"Tiempo de lectura estimado","twitter:data2":"1 minuto"},"aioseo_meta_data":{"post_id":"1027857","title":null,"description":null,"keywords":null,"keyphrases":null,"primary_term":null,"canonical_url":null,"og_title":null,"og_description":null,"og_object_type":"default","og_image_type":"default","og_image_url":null,"og_image_width":null,"og_image_height":null,"og_image_custom_url":null,"og_image_custom_fields":null,"og_video":null,"og_custom_url":null,"og_article_section":null,"og_article_tags":null,"twitter_use_og":false,"twitter_card":"default","twitter_image_type":"default","twitter_image_url":null,"twitter_image_custom_url":null,"twitter_image_custom_fields":null,"twitter_title":null,"twitter_description":null,"schema":{"blockGraphs":[],"customGraphs":[],"default":{"data":{"Article":[],"Course":[],"Dataset":[],"FAQPage":[],"Movie":[],"Person":[],"Product":[],"ProductReview":[],"Car":[],"Recipe":[],"Service":[],"SoftwareApplication":[],"WebPage":[]},"graphName":"","isEnabled":true},"graphs":[],"defaultGraph":"","defaultPostTypeGraph":""},"schema_type":null,"schema_type_options":null,"pillar_content":false,"robots_default":true,"robots_noindex":false,"robots_noarchive":false,"robots_nosnippet":false,"robots_nofollow":false,"robots_noimageindex":false,"robots_noodp":false,"robots_notranslate":false,"robots_max_snippet":null,"robots_max_videopreview":null,"robots_max_imagepreview":"large","priority":null,"frequency":null,"local_seo":null,"seo_analyzer_scan_date":"2025-10-18 06:53:34","breadcrumb_settings":null,"limit_modified_date":false,"open_ai":null,"ai":null,"created":"2020-12-21 11:11:41","updated":"2025-10-18 06:53:34"},"aioseo_breadcrumb":"<div class=\"aioseo-breadcrumbs\"><span class=\"aioseo-breadcrumb\">\n\t<a href=\"https:\/\/www.eldigitaldeasturias.com\/noticias\" title=\"Home\">Home<\/a>\n<\/span><span class=\"aioseo-breadcrumb-separator\">\u2013<\/span><span class=\"aioseo-breadcrumb\">\n\t<a href=\"https:\/\/www.eldigitaldeasturias.com\/noticias\/category\/deportes\/\" title=\"Deportes\">Deportes<\/a>\n<\/span><span class=\"aioseo-breadcrumb-separator\">\u2013<\/span><span class=\"aioseo-breadcrumb\">\n\t<a href=\"https:\/\/www.eldigitaldeasturias.com\/noticias\/el-bayern-munich-se-despide-de-ribery-robben-y-rafinha\/\" title=\"El Bayern M\u00fanich se despide de Rib\u00e9ry, Robben y Rafinha\">El Bayern M\u00fanich se despide de Rib\u00e9ry, Robben y Rafinha<\/a>\n<\/span><\/div>","aioseo_breadcrumb_json":[{"label":"Home","link":"https:\/\/www.eldigitaldeasturias.com\/noticias"},{"label":"Deportes","link":"https:\/\/www.eldigitaldeasturias.com\/noticias\/category\/deportes\/"},{"label":"El Bayern M\u00fanich se despide de Rib\u00e9ry, Robben y Rafinha","link":"https:\/\/www.eldigitaldeasturias.com\/noticias\/el-bayern-munich-se-despide-de-ribery-robben-y-rafinha\/"}],"_links":{"self":[{"href":"https:\/\/www.eldigitaldeasturias.com\/noticias\/wp-json\/wp\/v2\/posts\/1027857","targetHints":{"allow":["GET"]}}],"collection":[{"href":"https:\/\/www.eldigitaldeasturias.com\/noticias\/wp-json\/wp\/v2\/posts"}],"about":[{"href":"https:\/\/www.eldigitaldeasturias.com\/noticias\/wp-json\/wp\/v2\/types\/post"}],"author":[{"embeddable":true,"href":"https:\/\/www.eldigitaldeasturias.com\/noticias\/wp-json\/wp\/v2\/users\/1"}],"replies":[{"embeddable":true,"href":"https:\/\/www.eldigitaldeasturias.com\/noticias\/wp-json\/wp\/v2\/comments?post=1027857"}],"version-history":[{"count":0,"href":"https:\/\/www.eldigitaldeasturias.com\/noticias\/wp-json\/wp\/v2\/posts\/1027857\/revisions"}],"wp:featuredmedia":[{"embeddable":true,"href":"https:\/\/www.eldigitaldeasturias.com\/noticias\/wp-json\/wp\/v2\/media\/1027858"}],"wp:attachment":[{"href":"https:\/\/www.eldigitaldeasturias.com\/noticias\/wp-json\/wp\/v2\/media?parent=1027857"}],"wp:term":[{"taxonomy":"category","embeddable":true,"href":"https:\/\/www.eldigitaldeasturias.com\/noticias\/wp-json\/wp\/v2\/categories?post=1027857"},{"taxonomy":"post_tag","embeddable":true,"href":"https:\/\/www.eldigitaldeasturias.com\/noticias\/wp-json\/wp\/v2\/tags?post=1027857"}],"curies":[{"name":"wp","href":"https:\/\/api.w.org\/{rel}","templated":true}]}}