{"id":1027853,"date":"2019-05-19T00:54:22","date_gmt":"2019-05-19T00:54:22","guid":{"rendered":"https:\/\/www.eldigitaldeasturias.com\/noticias\/?p=1027853"},"modified":"2019-05-19T00:54:22","modified_gmt":"2019-05-19T00:54:22","slug":"gorges-renuncia-por-lesion-al-torneo-de-tenis-de-nuremberg","status":"publish","type":"post","link":"https:\/\/www.eldigitaldeasturias.com\/noticias\/gorges-renuncia-por-lesion-al-torneo-de-tenis-de-nuremberg\/","title":{"rendered":"G\u00f6rges renuncia por lesi\u00f3n al torneo de tenis de N\u00faremberg"},"content":{"rendered":"<p><img loading=\"lazy\" decoding=\"async\" class=\"alignleft size-medium wp-image-976575\" src=\"https:\/\/www.eldigitaldeasturias.com\/noticias\/wp-content\/uploads\/2018\/04\/tennis-court-443277_960_720-360x270.jpg\" alt=\"\" width=\"360\" height=\"270\" srcset=\"https:\/\/www.eldigitaldeasturias.com\/noticias\/wp-content\/uploads\/2018\/04\/tennis-court-443277_960_720-360x270.jpg 360w, https:\/\/www.eldigitaldeasturias.com\/noticias\/wp-content\/uploads\/2018\/04\/tennis-court-443277_960_720-768x576.jpg 768w, https:\/\/www.eldigitaldeasturias.com\/noticias\/wp-content\/uploads\/2018\/04\/tennis-court-443277_960_720-640x480.jpg 640w, https:\/\/www.eldigitaldeasturias.com\/noticias\/wp-content\/uploads\/2018\/04\/tennis-court-443277_960_720-90x67.jpg 90w, https:\/\/www.eldigitaldeasturias.com\/noticias\/wp-content\/uploads\/2018\/04\/tennis-court-443277_960_720.jpg 960w\" sizes=\"auto, (max-width: 360px) 100vw, 360px\" \/>N\u00faremberg, 18 may (dpa) &#8211; La tenista germana Julia G\u00f6rges anunci\u00f3 que no tomar\u00e1 parte en el torneo de N\u00faremberg debido a que sufre una lesi\u00f3n en el muslo, anunciaron los organizadores del certamen.<\/p>\n<p>La jugadora, de 30 a\u00f1os, integrante del equipo alem\u00e1n de la Copa Fed se lesion\u00f3 el jueves en su partido de segunda ronda en el torneo de Roma contra la rumana Mihaela Buzarnescu.<\/p>\n<p>El torneo de N\u00faremberg sobre tierra batida est\u00e1 dotado con 250.000 d\u00f3lares en premios y se disputa desde este s\u00e1bado por una semana.<\/p>\n<p>La ex ganadora del Abierto de tenis de Francia y del US Open, la rusa Svetlana Kuznetsova, recibi\u00f3 una invitaci\u00f3n para jugar en el torneo alem\u00e1n.<\/p>\n<p>La representaci\u00f3n alemana en N\u00faremberg est\u00e1 liderada por las tenistas Andrea Petkovic y Mona Barthel. Las ex finalistas de Wimbledon, Sabine Lisicki y Anna-Lena Friedsam, tambi\u00e9n recibieron invitaciones para disputar el certamen.<\/p>\n","protected":false},"excerpt":{"rendered":"<p>N\u00faremberg, 18 may (dpa) &#8211; La tenista germana Julia G\u00f6rges anunci\u00f3 que no tomar\u00e1 parte en el torneo de N\u00faremberg debido a que sufre una lesi\u00f3n en el muslo, anunciaron los organizadores del certamen. La jugadora, de 30 a\u00f1os, integrante del equipo alem\u00e1n de la Copa Fed se lesion\u00f3 el jueves en su partido de [&hellip;]<\/p>\n","protected":false},"author":1,"featured_media":976575,"comment_status":"closed","ping_status":"closed","sticky":false,"template":"","format":"standard","meta":{"footnotes":""},"categories":[190],"tags":[],"class_list":["post-1027853","post","type-post","status-publish","format-standard","has-post-thumbnail","hentry","category-deportes"],"aioseo_notices":[],"aioseo_head":"\n\t\t<!-- All in One SEO Pro 4.9.6.2 - aioseo.com -->\n\t<meta name=\"description\" content=\"N\u00faremberg, 18 may (dpa) - La tenista germana Julia G\u00f6rges anunci\u00f3 que no tomar\u00e1 parte en el torneo de N\u00faremberg debido a que sufre una lesi\u00f3n en el muslo, anunciaron los organizadores del certamen. La jugadora, de 30 a\u00f1os, integrante del equipo alem\u00e1n de la Copa Fed se lesion\u00f3 el jueves en su partido de\" \/>\n\t<meta name=\"robots\" content=\"max-image-preview:large\" \/>\n\t<meta name=\"author\" content=\"El Digital de Asturias\"\/>\n\t<meta name=\"google-site-verification\" content=\"UA-38556648-1\" \/>\n\t<meta name=\"msvalidate.01\" content=\"7dfe9f3f1b24437ab69f4f2559babe99\" \/>\n\t<meta name=\"keywords\" content=\"deportes\" \/>\n\t<link rel=\"canonical\" href=\"https:\/\/www.eldigitaldeasturias.com\/noticias\/gorges-renuncia-por-lesion-al-torneo-de-tenis-de-nuremberg\/\" \/>\n\t<meta name=\"generator\" content=\"All in One SEO Pro (AIOSEO) 4.9.6.2\" \/>\n\t\t<meta property=\"og:locale\" content=\"es_ES\" \/>\n\t\t<meta property=\"og:site_name\" content=\"El Digital de Asturias\" \/>\n\t\t<meta property=\"og:type\" content=\"article\" \/>\n\t\t<meta property=\"og:title\" content=\"G\u00f6rges renuncia por lesi\u00f3n al torneo de tenis de N\u00faremberg - El Digital de Asturias\" \/>\n\t\t<meta property=\"og:description\" content=\"N\u00faremberg, 18 may (dpa) - La tenista germana Julia G\u00f6rges anunci\u00f3 que no tomar\u00e1 parte en el torneo de N\u00faremberg debido a que sufre una lesi\u00f3n en el muslo, anunciaron los organizadores del certamen. La jugadora, de 30 a\u00f1os, integrante del equipo alem\u00e1n de la Copa Fed se lesion\u00f3 el jueves en su partido de\" \/>\n\t\t<meta property=\"og:url\" content=\"https:\/\/www.eldigitaldeasturias.com\/noticias\/gorges-renuncia-por-lesion-al-torneo-de-tenis-de-nuremberg\/\" \/>\n\t\t<meta property=\"og:image\" content=\"https:\/\/www.eldigitaldeasturias.com\/noticias\/wp-content\/uploads\/2018\/04\/tennis-court-443277_960_720.jpg\" \/>\n\t\t<meta property=\"og:image:secure_url\" content=\"https:\/\/www.eldigitaldeasturias.com\/noticias\/wp-content\/uploads\/2018\/04\/tennis-court-443277_960_720.jpg\" \/>\n\t\t<meta property=\"og:image:width\" content=\"960\" \/>\n\t\t<meta property=\"og:image:height\" content=\"720\" \/>\n\t\t<meta property=\"article:tag\" content=\"deportes\" \/>\n\t\t<meta property=\"article:published_time\" content=\"2019-05-19T00:54:22+00:00\" \/>\n\t\t<meta property=\"article:modified_time\" content=\"2019-05-19T00:54:22+00:00\" \/>\n\t\t<meta property=\"article:publisher\" content=\"https:\/\/facebook.com\/eldigitaldeasturias\" \/>\n\t\t<meta name=\"twitter:card\" content=\"summary_large_image\" \/>\n\t\t<meta name=\"twitter:title\" content=\"G\u00f6rges renuncia por lesi\u00f3n al torneo de tenis de N\u00faremberg - El Digital de Asturias\" \/>\n\t\t<meta name=\"twitter:description\" content=\"N\u00faremberg, 18 may (dpa) - La tenista germana Julia G\u00f6rges anunci\u00f3 que no tomar\u00e1 parte en el torneo de N\u00faremberg debido a que sufre una lesi\u00f3n en el muslo, anunciaron los organizadores del certamen. La jugadora, de 30 a\u00f1os, integrante del equipo alem\u00e1n de la Copa Fed se lesion\u00f3 el jueves en su partido de\" \/>\n\t\t<meta name=\"twitter:image\" content=\"https:\/\/www.eldigitaldeasturias.com\/noticias\/wp-content\/uploads\/2018\/04\/tennis-court-443277_960_720.jpg\" \/>\n\t\t<meta name=\"twitter:label1\" content=\"Escrito por\" \/>\n\t\t<meta name=\"twitter:data1\" content=\"El Digital de Asturias\" \/>\n\t\t<meta name=\"twitter:label2\" content=\"Tiempo de lectura estimado\" \/>\n\t\t<meta name=\"twitter:data2\" content=\"1 minuto\" \/>\n\t\t<script type=\"application\/ld+json\" class=\"aioseo-schema\">\n\t\t\t{\"@context\":\"https:\\\/\\\/schema.org\",\"@graph\":[{\"@type\":\"BlogPosting\",\"@id\":\"https:\\\/\\\/www.eldigitaldeasturias.com\\\/noticias\\\/gorges-renuncia-por-lesion-al-torneo-de-tenis-de-nuremberg\\\/#blogposting\",\"name\":\"G\\u00f6rges renuncia por lesi\\u00f3n al torneo de tenis de N\\u00faremberg - El Digital de Asturias\",\"headline\":\"G\\u00f6rges renuncia por lesi\\u00f3n al torneo de tenis de N\\u00faremberg\",\"author\":{\"@id\":\"https:\\\/\\\/www.eldigitaldeasturias.com\\\/noticias\\\/author\\\/admin\\\/#author\"},\"publisher\":{\"@id\":\"https:\\\/\\\/www.eldigitaldeasturias.com\\\/noticias\\\/#organization\"},\"image\":{\"@type\":\"ImageObject\",\"url\":\"https:\\\/\\\/www.eldigitaldeasturias.com\\\/noticias\\\/wp-content\\\/uploads\\\/2018\\\/04\\\/tennis-court-443277_960_720.jpg\",\"width\":960,\"height\":720},\"datePublished\":\"2019-05-19T00:54:22+02:00\",\"dateModified\":\"2019-05-19T00:54:22+02:00\",\"inLanguage\":\"es-ES\",\"mainEntityOfPage\":{\"@id\":\"https:\\\/\\\/www.eldigitaldeasturias.com\\\/noticias\\\/gorges-renuncia-por-lesion-al-torneo-de-tenis-de-nuremberg\\\/#webpage\"},\"isPartOf\":{\"@id\":\"https:\\\/\\\/www.eldigitaldeasturias.com\\\/noticias\\\/gorges-renuncia-por-lesion-al-torneo-de-tenis-de-nuremberg\\\/#webpage\"},\"articleSection\":\"Deportes\"},{\"@type\":\"BreadcrumbList\",\"@id\":\"https:\\\/\\\/www.eldigitaldeasturias.com\\\/noticias\\\/gorges-renuncia-por-lesion-al-torneo-de-tenis-de-nuremberg\\\/#breadcrumblist\",\"itemListElement\":[{\"@type\":\"ListItem\",\"@id\":\"https:\\\/\\\/www.eldigitaldeasturias.com\\\/noticias#listItem\",\"position\":1,\"name\":\"Home\",\"item\":\"https:\\\/\\\/www.eldigitaldeasturias.com\\\/noticias\",\"nextItem\":{\"@type\":\"ListItem\",\"@id\":\"https:\\\/\\\/www.eldigitaldeasturias.com\\\/noticias\\\/category\\\/deportes\\\/#listItem\",\"name\":\"Deportes\"}},{\"@type\":\"ListItem\",\"@id\":\"https:\\\/\\\/www.eldigitaldeasturias.com\\\/noticias\\\/category\\\/deportes\\\/#listItem\",\"position\":2,\"name\":\"Deportes\",\"item\":\"https:\\\/\\\/www.eldigitaldeasturias.com\\\/noticias\\\/category\\\/deportes\\\/\",\"nextItem\":{\"@type\":\"ListItem\",\"@id\":\"https:\\\/\\\/www.eldigitaldeasturias.com\\\/noticias\\\/gorges-renuncia-por-lesion-al-torneo-de-tenis-de-nuremberg\\\/#listItem\",\"name\":\"G\\u00f6rges renuncia por lesi\\u00f3n al torneo de tenis de N\\u00faremberg\"},\"previousItem\":{\"@type\":\"ListItem\",\"@id\":\"https:\\\/\\\/www.eldigitaldeasturias.com\\\/noticias#listItem\",\"name\":\"Home\"}},{\"@type\":\"ListItem\",\"@id\":\"https:\\\/\\\/www.eldigitaldeasturias.com\\\/noticias\\\/gorges-renuncia-por-lesion-al-torneo-de-tenis-de-nuremberg\\\/#listItem\",\"position\":3,\"name\":\"G\\u00f6rges renuncia por lesi\\u00f3n al torneo de tenis de N\\u00faremberg\",\"previousItem\":{\"@type\":\"ListItem\",\"@id\":\"https:\\\/\\\/www.eldigitaldeasturias.com\\\/noticias\\\/category\\\/deportes\\\/#listItem\",\"name\":\"Deportes\"}}]},{\"@type\":\"Organization\",\"@id\":\"https:\\\/\\\/www.eldigitaldeasturias.com\\\/noticias\\\/#organization\",\"name\":\"El Digital de Asturias\",\"description\":\"Hemeroteca\",\"url\":\"https:\\\/\\\/www.eldigitaldeasturias.com\\\/noticias\\\/\",\"email\":\"info@eldigitaldeasturias.com\",\"telephone\":\"+34652131393\",\"logo\":{\"@type\":\"ImageObject\",\"url\":\"https:\\\/\\\/www.eldigitaldeasturias.com\\\/noticias\\\/wp-content\\\/uploads\\\/2020\\\/12\\\/EDA.jpg\",\"@id\":\"https:\\\/\\\/www.eldigitaldeasturias.com\\\/noticias\\\/gorges-renuncia-por-lesion-al-torneo-de-tenis-de-nuremberg\\\/#organizationLogo\",\"width\":649,\"height\":297},\"image\":{\"@id\":\"https:\\\/\\\/www.eldigitaldeasturias.com\\\/noticias\\\/gorges-renuncia-por-lesion-al-torneo-de-tenis-de-nuremberg\\\/#organizationLogo\"},\"sameAs\":[\"https:\\\/\\\/facebook.com\\\/eldigitaldeasturias\",\"https:\\\/\\\/www.youtube.com\\\/channel\\\/UCZP-2wLEB9Rv6erhFmqVnvg\"],\"address\":{\"@id\":\"https:\\\/\\\/www.eldigitaldeasturias.com\\\/noticias\\\/#postaladdress\",\"@type\":\"PostalAddress\",\"streetAddress\":\"san antonio 4,\",\"postalCode\":\"33430\",\"addressLocality\":\"Cand\\u00e1s\",\"addressRegion\":\"Asturias\",\"addressCountry\":\"ES\"}},{\"@type\":\"Person\",\"@id\":\"https:\\\/\\\/www.eldigitaldeasturias.com\\\/noticias\\\/author\\\/admin\\\/#author\",\"url\":\"https:\\\/\\\/www.eldigitaldeasturias.com\\\/noticias\\\/author\\\/admin\\\/\",\"name\":\"El Digital de Asturias\",\"image\":{\"@type\":\"ImageObject\",\"@id\":\"https:\\\/\\\/www.eldigitaldeasturias.com\\\/noticias\\\/gorges-renuncia-por-lesion-al-torneo-de-tenis-de-nuremberg\\\/#authorImage\",\"url\":\"https:\\\/\\\/www.eldigitaldeasturias.com\\\/noticias\\\/wp-content\\\/litespeed\\\/avatar\\\/18677e78aa0546b92d9dbf31ec7d7668.jpg?ver=1777290358\",\"width\":96,\"height\":96,\"caption\":\"El Digital de Asturias\"}},{\"@type\":\"WebPage\",\"@id\":\"https:\\\/\\\/www.eldigitaldeasturias.com\\\/noticias\\\/gorges-renuncia-por-lesion-al-torneo-de-tenis-de-nuremberg\\\/#webpage\",\"url\":\"https:\\\/\\\/www.eldigitaldeasturias.com\\\/noticias\\\/gorges-renuncia-por-lesion-al-torneo-de-tenis-de-nuremberg\\\/\",\"name\":\"G\\u00f6rges renuncia por lesi\\u00f3n al torneo de tenis de N\\u00faremberg - El Digital de Asturias\",\"description\":\"N\\u00faremberg, 18 may (dpa) - La tenista germana Julia G\\u00f6rges anunci\\u00f3 que no tomar\\u00e1 parte en el torneo de N\\u00faremberg debido a que sufre una lesi\\u00f3n en el muslo, anunciaron los organizadores del certamen. La jugadora, de 30 a\\u00f1os, integrante del equipo alem\\u00e1n de la Copa Fed se lesion\\u00f3 el jueves en su partido de\",\"inLanguage\":\"es-ES\",\"isPartOf\":{\"@id\":\"https:\\\/\\\/www.eldigitaldeasturias.com\\\/noticias\\\/#website\"},\"breadcrumb\":{\"@id\":\"https:\\\/\\\/www.eldigitaldeasturias.com\\\/noticias\\\/gorges-renuncia-por-lesion-al-torneo-de-tenis-de-nuremberg\\\/#breadcrumblist\"},\"author\":{\"@id\":\"https:\\\/\\\/www.eldigitaldeasturias.com\\\/noticias\\\/author\\\/admin\\\/#author\"},\"creator\":{\"@id\":\"https:\\\/\\\/www.eldigitaldeasturias.com\\\/noticias\\\/author\\\/admin\\\/#author\"},\"image\":{\"@type\":\"ImageObject\",\"url\":\"https:\\\/\\\/www.eldigitaldeasturias.com\\\/noticias\\\/wp-content\\\/uploads\\\/2018\\\/04\\\/tennis-court-443277_960_720.jpg\",\"@id\":\"https:\\\/\\\/www.eldigitaldeasturias.com\\\/noticias\\\/gorges-renuncia-por-lesion-al-torneo-de-tenis-de-nuremberg\\\/#mainImage\",\"width\":960,\"height\":720},\"primaryImageOfPage\":{\"@id\":\"https:\\\/\\\/www.eldigitaldeasturias.com\\\/noticias\\\/gorges-renuncia-por-lesion-al-torneo-de-tenis-de-nuremberg\\\/#mainImage\"},\"datePublished\":\"2019-05-19T00:54:22+02:00\",\"dateModified\":\"2019-05-19T00:54:22+02:00\"},{\"@type\":\"WebSite\",\"@id\":\"https:\\\/\\\/www.eldigitaldeasturias.com\\\/noticias\\\/#website\",\"url\":\"https:\\\/\\\/www.eldigitaldeasturias.com\\\/noticias\\\/\",\"name\":\"El Digital de Asturias - Diario de actualidad y noticias\",\"alternateName\":\"El Digital de Asturias - Diario de actualidad y noticias\",\"description\":\"Hemeroteca\",\"inLanguage\":\"es-ES\",\"publisher\":{\"@id\":\"https:\\\/\\\/www.eldigitaldeasturias.com\\\/noticias\\\/#organization\"}}]}\n\t\t<\/script>\n\t\t<!-- All in One SEO Pro -->\r\n\t\t<title>G\u00f6rges renuncia por lesi\u00f3n al torneo de tenis de N\u00faremberg - El Digital de Asturias<\/title>\n\n","aioseo_head_json":{"title":"G\u00f6rges renuncia por lesi\u00f3n al torneo de tenis de N\u00faremberg - El Digital de Asturias","description":"N\u00faremberg, 18 may (dpa) - La tenista germana Julia G\u00f6rges anunci\u00f3 que no tomar\u00e1 parte en el torneo de N\u00faremberg debido a que sufre una lesi\u00f3n en el muslo, anunciaron los organizadores del certamen. La jugadora, de 30 a\u00f1os, integrante del equipo alem\u00e1n de la Copa Fed se lesion\u00f3 el jueves en su partido de","canonical_url":"https:\/\/www.eldigitaldeasturias.com\/noticias\/gorges-renuncia-por-lesion-al-torneo-de-tenis-de-nuremberg\/","robots":"max-image-preview:large","keywords":"deportes","webmasterTools":{"google-site-verification":"UA-38556648-1","msvalidate.01":"7dfe9f3f1b24437ab69f4f2559babe99","miscellaneous":""},"schema":{"@context":"https:\/\/schema.org","@graph":[{"@type":"BlogPosting","@id":"https:\/\/www.eldigitaldeasturias.com\/noticias\/gorges-renuncia-por-lesion-al-torneo-de-tenis-de-nuremberg\/#blogposting","name":"G\u00f6rges renuncia por lesi\u00f3n al torneo de tenis de N\u00faremberg - El Digital de Asturias","headline":"G\u00f6rges renuncia por lesi\u00f3n al torneo de tenis de N\u00faremberg","author":{"@id":"https:\/\/www.eldigitaldeasturias.com\/noticias\/author\/admin\/#author"},"publisher":{"@id":"https:\/\/www.eldigitaldeasturias.com\/noticias\/#organization"},"image":{"@type":"ImageObject","url":"https:\/\/www.eldigitaldeasturias.com\/noticias\/wp-content\/uploads\/2018\/04\/tennis-court-443277_960_720.jpg","width":960,"height":720},"datePublished":"2019-05-19T00:54:22+02:00","dateModified":"2019-05-19T00:54:22+02:00","inLanguage":"es-ES","mainEntityOfPage":{"@id":"https:\/\/www.eldigitaldeasturias.com\/noticias\/gorges-renuncia-por-lesion-al-torneo-de-tenis-de-nuremberg\/#webpage"},"isPartOf":{"@id":"https:\/\/www.eldigitaldeasturias.com\/noticias\/gorges-renuncia-por-lesion-al-torneo-de-tenis-de-nuremberg\/#webpage"},"articleSection":"Deportes"},{"@type":"BreadcrumbList","@id":"https:\/\/www.eldigitaldeasturias.com\/noticias\/gorges-renuncia-por-lesion-al-torneo-de-tenis-de-nuremberg\/#breadcrumblist","itemListElement":[{"@type":"ListItem","@id":"https:\/\/www.eldigitaldeasturias.com\/noticias#listItem","position":1,"name":"Home","item":"https:\/\/www.eldigitaldeasturias.com\/noticias","nextItem":{"@type":"ListItem","@id":"https:\/\/www.eldigitaldeasturias.com\/noticias\/category\/deportes\/#listItem","name":"Deportes"}},{"@type":"ListItem","@id":"https:\/\/www.eldigitaldeasturias.com\/noticias\/category\/deportes\/#listItem","position":2,"name":"Deportes","item":"https:\/\/www.eldigitaldeasturias.com\/noticias\/category\/deportes\/","nextItem":{"@type":"ListItem","@id":"https:\/\/www.eldigitaldeasturias.com\/noticias\/gorges-renuncia-por-lesion-al-torneo-de-tenis-de-nuremberg\/#listItem","name":"G\u00f6rges renuncia por lesi\u00f3n al torneo de tenis de N\u00faremberg"},"previousItem":{"@type":"ListItem","@id":"https:\/\/www.eldigitaldeasturias.com\/noticias#listItem","name":"Home"}},{"@type":"ListItem","@id":"https:\/\/www.eldigitaldeasturias.com\/noticias\/gorges-renuncia-por-lesion-al-torneo-de-tenis-de-nuremberg\/#listItem","position":3,"name":"G\u00f6rges renuncia por lesi\u00f3n al torneo de tenis de N\u00faremberg","previousItem":{"@type":"ListItem","@id":"https:\/\/www.eldigitaldeasturias.com\/noticias\/category\/deportes\/#listItem","name":"Deportes"}}]},{"@type":"Organization","@id":"https:\/\/www.eldigitaldeasturias.com\/noticias\/#organization","name":"El Digital de Asturias","description":"Hemeroteca","url":"https:\/\/www.eldigitaldeasturias.com\/noticias\/","email":"info@eldigitaldeasturias.com","telephone":"+34652131393","logo":{"@type":"ImageObject","url":"https:\/\/www.eldigitaldeasturias.com\/noticias\/wp-content\/uploads\/2020\/12\/EDA.jpg","@id":"https:\/\/www.eldigitaldeasturias.com\/noticias\/gorges-renuncia-por-lesion-al-torneo-de-tenis-de-nuremberg\/#organizationLogo","width":649,"height":297},"image":{"@id":"https:\/\/www.eldigitaldeasturias.com\/noticias\/gorges-renuncia-por-lesion-al-torneo-de-tenis-de-nuremberg\/#organizationLogo"},"sameAs":["https:\/\/facebook.com\/eldigitaldeasturias","https:\/\/www.youtube.com\/channel\/UCZP-2wLEB9Rv6erhFmqVnvg"],"address":{"@id":"https:\/\/www.eldigitaldeasturias.com\/noticias\/#postaladdress","@type":"PostalAddress","streetAddress":"san antonio 4,","postalCode":"33430","addressLocality":"Cand\u00e1s","addressRegion":"Asturias","addressCountry":"ES"}},{"@type":"Person","@id":"https:\/\/www.eldigitaldeasturias.com\/noticias\/author\/admin\/#author","url":"https:\/\/www.eldigitaldeasturias.com\/noticias\/author\/admin\/","name":"El Digital de Asturias","image":{"@type":"ImageObject","@id":"https:\/\/www.eldigitaldeasturias.com\/noticias\/gorges-renuncia-por-lesion-al-torneo-de-tenis-de-nuremberg\/#authorImage","url":"https:\/\/www.eldigitaldeasturias.com\/noticias\/wp-content\/litespeed\/avatar\/18677e78aa0546b92d9dbf31ec7d7668.jpg?ver=1777290358","width":96,"height":96,"caption":"El Digital de Asturias"}},{"@type":"WebPage","@id":"https:\/\/www.eldigitaldeasturias.com\/noticias\/gorges-renuncia-por-lesion-al-torneo-de-tenis-de-nuremberg\/#webpage","url":"https:\/\/www.eldigitaldeasturias.com\/noticias\/gorges-renuncia-por-lesion-al-torneo-de-tenis-de-nuremberg\/","name":"G\u00f6rges renuncia por lesi\u00f3n al torneo de tenis de N\u00faremberg - El Digital de Asturias","description":"N\u00faremberg, 18 may (dpa) - La tenista germana Julia G\u00f6rges anunci\u00f3 que no tomar\u00e1 parte en el torneo de N\u00faremberg debido a que sufre una lesi\u00f3n en el muslo, anunciaron los organizadores del certamen. La jugadora, de 30 a\u00f1os, integrante del equipo alem\u00e1n de la Copa Fed se lesion\u00f3 el jueves en su partido de","inLanguage":"es-ES","isPartOf":{"@id":"https:\/\/www.eldigitaldeasturias.com\/noticias\/#website"},"breadcrumb":{"@id":"https:\/\/www.eldigitaldeasturias.com\/noticias\/gorges-renuncia-por-lesion-al-torneo-de-tenis-de-nuremberg\/#breadcrumblist"},"author":{"@id":"https:\/\/www.eldigitaldeasturias.com\/noticias\/author\/admin\/#author"},"creator":{"@id":"https:\/\/www.eldigitaldeasturias.com\/noticias\/author\/admin\/#author"},"image":{"@type":"ImageObject","url":"https:\/\/www.eldigitaldeasturias.com\/noticias\/wp-content\/uploads\/2018\/04\/tennis-court-443277_960_720.jpg","@id":"https:\/\/www.eldigitaldeasturias.com\/noticias\/gorges-renuncia-por-lesion-al-torneo-de-tenis-de-nuremberg\/#mainImage","width":960,"height":720},"primaryImageOfPage":{"@id":"https:\/\/www.eldigitaldeasturias.com\/noticias\/gorges-renuncia-por-lesion-al-torneo-de-tenis-de-nuremberg\/#mainImage"},"datePublished":"2019-05-19T00:54:22+02:00","dateModified":"2019-05-19T00:54:22+02:00"},{"@type":"WebSite","@id":"https:\/\/www.eldigitaldeasturias.com\/noticias\/#website","url":"https:\/\/www.eldigitaldeasturias.com\/noticias\/","name":"El Digital de Asturias - Diario de actualidad y noticias","alternateName":"El Digital de Asturias - Diario de actualidad y noticias","description":"Hemeroteca","inLanguage":"es-ES","publisher":{"@id":"https:\/\/www.eldigitaldeasturias.com\/noticias\/#organization"}}]},"og:locale":"es_ES","og:site_name":"El Digital de Asturias","og:type":"article","og:title":"G\u00f6rges renuncia por lesi\u00f3n al torneo de tenis de N\u00faremberg - El Digital de Asturias","og:description":"N\u00faremberg, 18 may (dpa) - La tenista germana Julia G\u00f6rges anunci\u00f3 que no tomar\u00e1 parte en el torneo de N\u00faremberg debido a que sufre una lesi\u00f3n en el muslo, anunciaron los organizadores del certamen. La jugadora, de 30 a\u00f1os, integrante del equipo alem\u00e1n de la Copa Fed se lesion\u00f3 el jueves en su partido de","og:url":"https:\/\/www.eldigitaldeasturias.com\/noticias\/gorges-renuncia-por-lesion-al-torneo-de-tenis-de-nuremberg\/","og:image":"https:\/\/www.eldigitaldeasturias.com\/noticias\/wp-content\/uploads\/2018\/04\/tennis-court-443277_960_720.jpg","og:image:secure_url":"https:\/\/www.eldigitaldeasturias.com\/noticias\/wp-content\/uploads\/2018\/04\/tennis-court-443277_960_720.jpg","og:image:width":960,"og:image:height":720,"article:tag":["deportes"],"article:published_time":"2019-05-19T00:54:22+00:00","article:modified_time":"2019-05-19T00:54:22+00:00","article:publisher":"https:\/\/facebook.com\/eldigitaldeasturias","twitter:card":"summary_large_image","twitter:title":"G\u00f6rges renuncia por lesi\u00f3n al torneo de tenis de N\u00faremberg - El Digital de Asturias","twitter:description":"N\u00faremberg, 18 may (dpa) - La tenista germana Julia G\u00f6rges anunci\u00f3 que no tomar\u00e1 parte en el torneo de N\u00faremberg debido a que sufre una lesi\u00f3n en el muslo, anunciaron los organizadores del certamen. La jugadora, de 30 a\u00f1os, integrante del equipo alem\u00e1n de la Copa Fed se lesion\u00f3 el jueves en su partido de","twitter:image":"https:\/\/www.eldigitaldeasturias.com\/noticias\/wp-content\/uploads\/2018\/04\/tennis-court-443277_960_720.jpg","twitter:label1":"Escrito por","twitter:data1":"El Digital de Asturias","twitter:label2":"Tiempo de lectura estimado","twitter:data2":"1 minuto"},"aioseo_meta_data":{"post_id":"1027853","title":null,"description":null,"keywords":null,"keyphrases":null,"primary_term":null,"canonical_url":null,"og_title":null,"og_description":null,"og_object_type":"default","og_image_type":"default","og_image_url":null,"og_image_width":null,"og_image_height":null,"og_image_custom_url":null,"og_image_custom_fields":null,"og_video":null,"og_custom_url":null,"og_article_section":null,"og_article_tags":null,"twitter_use_og":false,"twitter_card":"default","twitter_image_type":"default","twitter_image_url":null,"twitter_image_custom_url":null,"twitter_image_custom_fields":null,"twitter_title":null,"twitter_description":null,"schema":{"blockGraphs":[],"customGraphs":[],"default":{"data":{"Article":[],"Course":[],"Dataset":[],"FAQPage":[],"Movie":[],"Person":[],"Product":[],"ProductReview":[],"Car":[],"Recipe":[],"Service":[],"SoftwareApplication":[],"WebPage":[]},"graphName":"","isEnabled":true},"graphs":[],"defaultGraph":"","defaultPostTypeGraph":""},"schema_type":null,"schema_type_options":null,"pillar_content":false,"robots_default":true,"robots_noindex":false,"robots_noarchive":false,"robots_nosnippet":false,"robots_nofollow":false,"robots_noimageindex":false,"robots_noodp":false,"robots_notranslate":false,"robots_max_snippet":null,"robots_max_videopreview":null,"robots_max_imagepreview":"large","priority":null,"frequency":null,"local_seo":null,"seo_analyzer_scan_date":"2025-10-18 06:51:16","breadcrumb_settings":null,"limit_modified_date":false,"open_ai":null,"ai":null,"created":"2020-12-21 11:11:41","updated":"2025-10-18 06:51:16"},"aioseo_breadcrumb":"<div class=\"aioseo-breadcrumbs\"><span class=\"aioseo-breadcrumb\">\n\t<a href=\"https:\/\/www.eldigitaldeasturias.com\/noticias\" title=\"Home\">Home<\/a>\n<\/span><span class=\"aioseo-breadcrumb-separator\">\u2013<\/span><span class=\"aioseo-breadcrumb\">\n\t<a href=\"https:\/\/www.eldigitaldeasturias.com\/noticias\/category\/deportes\/\" title=\"Deportes\">Deportes<\/a>\n<\/span><span class=\"aioseo-breadcrumb-separator\">\u2013<\/span><span class=\"aioseo-breadcrumb\">\n\t<a href=\"https:\/\/www.eldigitaldeasturias.com\/noticias\/gorges-renuncia-por-lesion-al-torneo-de-tenis-de-nuremberg\/\" title=\"G\u00f6rges renuncia por lesi\u00f3n al torneo de tenis de N\u00faremberg\">G\u00f6rges renuncia por lesi\u00f3n al torneo de tenis de N\u00faremberg<\/a>\n<\/span><\/div>","aioseo_breadcrumb_json":[{"label":"Home","link":"https:\/\/www.eldigitaldeasturias.com\/noticias"},{"label":"Deportes","link":"https:\/\/www.eldigitaldeasturias.com\/noticias\/category\/deportes\/"},{"label":"G\u00f6rges renuncia por lesi\u00f3n al torneo de tenis de N\u00faremberg","link":"https:\/\/www.eldigitaldeasturias.com\/noticias\/gorges-renuncia-por-lesion-al-torneo-de-tenis-de-nuremberg\/"}],"_links":{"self":[{"href":"https:\/\/www.eldigitaldeasturias.com\/noticias\/wp-json\/wp\/v2\/posts\/1027853","targetHints":{"allow":["GET"]}}],"collection":[{"href":"https:\/\/www.eldigitaldeasturias.com\/noticias\/wp-json\/wp\/v2\/posts"}],"about":[{"href":"https:\/\/www.eldigitaldeasturias.com\/noticias\/wp-json\/wp\/v2\/types\/post"}],"author":[{"embeddable":true,"href":"https:\/\/www.eldigitaldeasturias.com\/noticias\/wp-json\/wp\/v2\/users\/1"}],"replies":[{"embeddable":true,"href":"https:\/\/www.eldigitaldeasturias.com\/noticias\/wp-json\/wp\/v2\/comments?post=1027853"}],"version-history":[{"count":0,"href":"https:\/\/www.eldigitaldeasturias.com\/noticias\/wp-json\/wp\/v2\/posts\/1027853\/revisions"}],"wp:featuredmedia":[{"embeddable":true,"href":"https:\/\/www.eldigitaldeasturias.com\/noticias\/wp-json\/wp\/v2\/media\/976575"}],"wp:attachment":[{"href":"https:\/\/www.eldigitaldeasturias.com\/noticias\/wp-json\/wp\/v2\/media?parent=1027853"}],"wp:term":[{"taxonomy":"category","embeddable":true,"href":"https:\/\/www.eldigitaldeasturias.com\/noticias\/wp-json\/wp\/v2\/categories?post=1027853"},{"taxonomy":"post_tag","embeddable":true,"href":"https:\/\/www.eldigitaldeasturias.com\/noticias\/wp-json\/wp\/v2\/tags?post=1027853"}],"curies":[{"name":"wp","href":"https:\/\/api.w.org\/{rel}","templated":true}]}}