{"id":1027847,"date":"2019-05-18T22:26:47","date_gmt":"2019-05-18T22:26:47","guid":{"rendered":"https:\/\/www.eldigitaldeasturias.com\/noticias\/?p=1027847"},"modified":"2019-05-18T22:26:47","modified_gmt":"2019-05-18T22:26:47","slug":"carmen-calvo-visita-en-jaen-expoliva-2019","status":"publish","type":"post","link":"https:\/\/www.eldigitaldeasturias.com\/noticias\/carmen-calvo-visita-en-jaen-expoliva-2019\/","title":{"rendered":"Carmen Calvo visita en Ja\u00e9n Expoliva 2019"},"content":{"rendered":"<p><img loading=\"lazy\" decoding=\"async\" class=\"alignleft size-medium wp-image-1027848\" src=\"https:\/\/www.eldigitaldeasturias.com\/noticias\/wp-content\/uploads\/2019\/05\/180519expoliva02-360x239.jpeg\" alt=\"\" width=\"360\" height=\"239\" srcset=\"https:\/\/www.eldigitaldeasturias.com\/noticias\/wp-content\/uploads\/2019\/05\/180519expoliva02-360x239.jpeg 360w, https:\/\/www.eldigitaldeasturias.com\/noticias\/wp-content\/uploads\/2019\/05\/180519expoliva02.jpeg 512w\" sizes=\"auto, (max-width: 360px) 100vw, 360px\" \/>La vicepresidenta del Gobierno en funciones, ministra en funciones de la Presidencia, Relaciones con las Cortes e Igualdad, Carmen Calvo, ha destacado durante su visita a \u00abExpoliva 2019\u00bb en Ja\u00e9n, las cualidades y beneficios del aceite de oliva \u00abuno de los grandes tesoros para la alimentaci\u00f3n y la salud que Espa\u00f1a ofrece al mundo\u00bb, ha remarcado.<\/p>\n<p>Carmen Calvo, ha visitado la Feria Internacional del Aceite de Oliva e Industrias Afines que este a\u00f1o celebra su XIX edici\u00f3n, y que durante cuatro d\u00edas ha reunido en Ja\u00e9n a todos los agentes incluidos en el proceso de producci\u00f3n y comercializaci\u00f3n del aceite de oliva.<\/p>\n<p>Acompa\u00f1ada por el delegado del Gobierno en Andaluc\u00eda, Lucrecio Fern\u00e1ndez, la subdelegada en Ja\u00e9n, Catalina Madue\u00f1o, y el presidente de la Diputaci\u00f3n, Francisco Reyes, la vicepresidenta en funciones ha abogado por mejorar la situaci\u00f3n de las mujeres en el campo \u00abque trabajan duro y no ganan los mismo que los hombres\u00bb, ha matizado.<\/p>\n<p>\u00abHace falta seguir feminizando el mundo rural y particularmente el trabajo de las mujeres en el campo, ha insistido Calvo, que ha a\u00f1adido que \u00abse necesitan pol\u00edticas que les ayuden a ser l\u00edderes y empresarias, y que esto no les impida ser madres y compaginarlo con su vida familiar y personal\u00bb.<\/p>\n<p>La vicepresidenta en funciones ha concluido su recorrido por \u00abExpoliva 2019\u00bb visitando el pabell\u00f3n de los aceites de oliva virgen, entre los que se encuentran los premiados con el distintivo Alimentos de Espa\u00f1a que el Ministerio de Agricultura otorga en cada edici\u00f3n.<\/p>\n<p>\u00abCrecemos no solo en la calidad de nuestro aceite de oliva sino tambi\u00e9n en la mejora de todo el proceso de comercializaci\u00f3n y exportaci\u00f3n. Cada a\u00f1o Espa\u00f1a bate sus propios r\u00e9cords\u00bb ha remachado la vicepresidenta.<\/p>\n","protected":false},"excerpt":{"rendered":"<p>La vicepresidenta del Gobierno en funciones, ministra en funciones de la Presidencia, Relaciones con las Cortes e Igualdad, Carmen Calvo, ha destacado durante su visita a \u00abExpoliva 2019\u00bb en Ja\u00e9n, las cualidades y beneficios del aceite de oliva \u00abuno de los grandes tesoros para la alimentaci\u00f3n y la salud que Espa\u00f1a ofrece al mundo\u00bb, ha [&hellip;]<\/p>\n","protected":false},"author":1,"featured_media":1027848,"comment_status":"closed","ping_status":"closed","sticky":false,"template":"","format":"standard","meta":{"footnotes":""},"categories":[187],"tags":[],"class_list":["post-1027847","post","type-post","status-publish","format-standard","has-post-thumbnail","hentry","category-economia"],"aioseo_notices":[],"aioseo_head":"\n\t\t<!-- All in One SEO Pro 4.9.6.2 - aioseo.com -->\n\t<meta name=\"description\" content=\"La vicepresidenta del Gobierno en funciones, ministra en funciones de la Presidencia, Relaciones con las Cortes e Igualdad, Carmen Calvo, ha destacado durante su visita a &quot;Expoliva 2019&quot; en Ja\u00e9n, las cualidades y beneficios del aceite de oliva &quot;uno de los grandes tesoros para la alimentaci\u00f3n y la salud que Espa\u00f1a ofrece al mundo&quot;, ha\" \/>\n\t<meta name=\"robots\" content=\"max-image-preview:large\" \/>\n\t<meta name=\"author\" content=\"El Digital de Asturias\"\/>\n\t<meta name=\"google-site-verification\" content=\"UA-38556648-1\" \/>\n\t<meta name=\"msvalidate.01\" content=\"7dfe9f3f1b24437ab69f4f2559babe99\" \/>\n\t<meta name=\"keywords\" content=\"econom\u00eda\" \/>\n\t<link rel=\"canonical\" href=\"https:\/\/www.eldigitaldeasturias.com\/noticias\/carmen-calvo-visita-en-jaen-expoliva-2019\/\" \/>\n\t<meta name=\"generator\" content=\"All in One SEO Pro (AIOSEO) 4.9.6.2\" \/>\n\t\t<meta property=\"og:locale\" content=\"es_ES\" \/>\n\t\t<meta property=\"og:site_name\" content=\"El Digital de Asturias\" \/>\n\t\t<meta property=\"og:type\" content=\"article\" \/>\n\t\t<meta property=\"og:title\" content=\"Carmen Calvo visita en Ja\u00e9n Expoliva 2019 - El Digital de Asturias\" \/>\n\t\t<meta property=\"og:description\" content=\"La vicepresidenta del Gobierno en funciones, ministra en funciones de la Presidencia, Relaciones con las Cortes e Igualdad, Carmen Calvo, ha destacado durante su visita a &quot;Expoliva 2019&quot; en Ja\u00e9n, las cualidades y beneficios del aceite de oliva &quot;uno de los grandes tesoros para la alimentaci\u00f3n y la salud que Espa\u00f1a ofrece al mundo&quot;, ha\" \/>\n\t\t<meta property=\"og:url\" content=\"https:\/\/www.eldigitaldeasturias.com\/noticias\/carmen-calvo-visita-en-jaen-expoliva-2019\/\" \/>\n\t\t<meta property=\"og:image\" content=\"https:\/\/www.eldigitaldeasturias.com\/noticias\/wp-content\/uploads\/2019\/05\/180519expoliva02.jpeg\" \/>\n\t\t<meta property=\"og:image:secure_url\" content=\"https:\/\/www.eldigitaldeasturias.com\/noticias\/wp-content\/uploads\/2019\/05\/180519expoliva02.jpeg\" \/>\n\t\t<meta property=\"og:image:width\" content=\"512\" \/>\n\t\t<meta property=\"og:image:height\" content=\"340\" \/>\n\t\t<meta property=\"article:tag\" content=\"econom\u00eda\" \/>\n\t\t<meta property=\"article:published_time\" content=\"2019-05-18T22:26:47+00:00\" \/>\n\t\t<meta property=\"article:modified_time\" content=\"2019-05-18T22:26:47+00:00\" \/>\n\t\t<meta property=\"article:publisher\" content=\"https:\/\/facebook.com\/eldigitaldeasturias\" \/>\n\t\t<meta name=\"twitter:card\" content=\"summary_large_image\" \/>\n\t\t<meta name=\"twitter:title\" content=\"Carmen Calvo visita en Ja\u00e9n Expoliva 2019 - El Digital de Asturias\" \/>\n\t\t<meta name=\"twitter:description\" content=\"La vicepresidenta del Gobierno en funciones, ministra en funciones de la Presidencia, Relaciones con las Cortes e Igualdad, Carmen Calvo, ha destacado durante su visita a &quot;Expoliva 2019&quot; en Ja\u00e9n, las cualidades y beneficios del aceite de oliva &quot;uno de los grandes tesoros para la alimentaci\u00f3n y la salud que Espa\u00f1a ofrece al mundo&quot;, ha\" \/>\n\t\t<meta name=\"twitter:image\" content=\"https:\/\/www.eldigitaldeasturias.com\/noticias\/wp-content\/uploads\/2019\/05\/180519expoliva02.jpeg\" \/>\n\t\t<meta name=\"twitter:label1\" content=\"Escrito por\" \/>\n\t\t<meta name=\"twitter:data1\" content=\"El Digital de Asturias\" \/>\n\t\t<meta name=\"twitter:label2\" content=\"Tiempo de lectura estimado\" \/>\n\t\t<meta name=\"twitter:data2\" content=\"2 minutos\" \/>\n\t\t<script type=\"application\/ld+json\" class=\"aioseo-schema\">\n\t\t\t{\"@context\":\"https:\\\/\\\/schema.org\",\"@graph\":[{\"@type\":\"BlogPosting\",\"@id\":\"https:\\\/\\\/www.eldigitaldeasturias.com\\\/noticias\\\/carmen-calvo-visita-en-jaen-expoliva-2019\\\/#blogposting\",\"name\":\"Carmen Calvo visita en Ja\\u00e9n Expoliva 2019 - El Digital de Asturias\",\"headline\":\"Carmen Calvo visita en Ja\\u00e9n Expoliva 2019\",\"author\":{\"@id\":\"https:\\\/\\\/www.eldigitaldeasturias.com\\\/noticias\\\/author\\\/admin\\\/#author\"},\"publisher\":{\"@id\":\"https:\\\/\\\/www.eldigitaldeasturias.com\\\/noticias\\\/#organization\"},\"image\":{\"@type\":\"ImageObject\",\"url\":\"https:\\\/\\\/www.eldigitaldeasturias.com\\\/noticias\\\/wp-content\\\/uploads\\\/2019\\\/05\\\/180519expoliva02.jpeg\",\"width\":512,\"height\":340},\"datePublished\":\"2019-05-18T22:26:47+02:00\",\"dateModified\":\"2019-05-18T22:26:47+02:00\",\"inLanguage\":\"es-ES\",\"mainEntityOfPage\":{\"@id\":\"https:\\\/\\\/www.eldigitaldeasturias.com\\\/noticias\\\/carmen-calvo-visita-en-jaen-expoliva-2019\\\/#webpage\"},\"isPartOf\":{\"@id\":\"https:\\\/\\\/www.eldigitaldeasturias.com\\\/noticias\\\/carmen-calvo-visita-en-jaen-expoliva-2019\\\/#webpage\"},\"articleSection\":\"Econom\\u00eda\"},{\"@type\":\"BreadcrumbList\",\"@id\":\"https:\\\/\\\/www.eldigitaldeasturias.com\\\/noticias\\\/carmen-calvo-visita-en-jaen-expoliva-2019\\\/#breadcrumblist\",\"itemListElement\":[{\"@type\":\"ListItem\",\"@id\":\"https:\\\/\\\/www.eldigitaldeasturias.com\\\/noticias#listItem\",\"position\":1,\"name\":\"Home\",\"item\":\"https:\\\/\\\/www.eldigitaldeasturias.com\\\/noticias\",\"nextItem\":{\"@type\":\"ListItem\",\"@id\":\"https:\\\/\\\/www.eldigitaldeasturias.com\\\/noticias\\\/category\\\/economia\\\/#listItem\",\"name\":\"Econom\\u00eda\"}},{\"@type\":\"ListItem\",\"@id\":\"https:\\\/\\\/www.eldigitaldeasturias.com\\\/noticias\\\/category\\\/economia\\\/#listItem\",\"position\":2,\"name\":\"Econom\\u00eda\",\"item\":\"https:\\\/\\\/www.eldigitaldeasturias.com\\\/noticias\\\/category\\\/economia\\\/\",\"nextItem\":{\"@type\":\"ListItem\",\"@id\":\"https:\\\/\\\/www.eldigitaldeasturias.com\\\/noticias\\\/carmen-calvo-visita-en-jaen-expoliva-2019\\\/#listItem\",\"name\":\"Carmen Calvo visita en Ja\\u00e9n Expoliva 2019\"},\"previousItem\":{\"@type\":\"ListItem\",\"@id\":\"https:\\\/\\\/www.eldigitaldeasturias.com\\\/noticias#listItem\",\"name\":\"Home\"}},{\"@type\":\"ListItem\",\"@id\":\"https:\\\/\\\/www.eldigitaldeasturias.com\\\/noticias\\\/carmen-calvo-visita-en-jaen-expoliva-2019\\\/#listItem\",\"position\":3,\"name\":\"Carmen Calvo visita en Ja\\u00e9n Expoliva 2019\",\"previousItem\":{\"@type\":\"ListItem\",\"@id\":\"https:\\\/\\\/www.eldigitaldeasturias.com\\\/noticias\\\/category\\\/economia\\\/#listItem\",\"name\":\"Econom\\u00eda\"}}]},{\"@type\":\"Organization\",\"@id\":\"https:\\\/\\\/www.eldigitaldeasturias.com\\\/noticias\\\/#organization\",\"name\":\"El Digital de Asturias\",\"description\":\"Hemeroteca\",\"url\":\"https:\\\/\\\/www.eldigitaldeasturias.com\\\/noticias\\\/\",\"email\":\"info@eldigitaldeasturias.com\",\"telephone\":\"+34652131393\",\"logo\":{\"@type\":\"ImageObject\",\"url\":\"https:\\\/\\\/www.eldigitaldeasturias.com\\\/noticias\\\/wp-content\\\/uploads\\\/2020\\\/12\\\/EDA.jpg\",\"@id\":\"https:\\\/\\\/www.eldigitaldeasturias.com\\\/noticias\\\/carmen-calvo-visita-en-jaen-expoliva-2019\\\/#organizationLogo\",\"width\":649,\"height\":297},\"image\":{\"@id\":\"https:\\\/\\\/www.eldigitaldeasturias.com\\\/noticias\\\/carmen-calvo-visita-en-jaen-expoliva-2019\\\/#organizationLogo\"},\"sameAs\":[\"https:\\\/\\\/facebook.com\\\/eldigitaldeasturias\",\"https:\\\/\\\/www.youtube.com\\\/channel\\\/UCZP-2wLEB9Rv6erhFmqVnvg\"],\"address\":{\"@id\":\"https:\\\/\\\/www.eldigitaldeasturias.com\\\/noticias\\\/#postaladdress\",\"@type\":\"PostalAddress\",\"streetAddress\":\"san antonio 4,\",\"postalCode\":\"33430\",\"addressLocality\":\"Cand\\u00e1s\",\"addressRegion\":\"Asturias\",\"addressCountry\":\"ES\"}},{\"@type\":\"Person\",\"@id\":\"https:\\\/\\\/www.eldigitaldeasturias.com\\\/noticias\\\/author\\\/admin\\\/#author\",\"url\":\"https:\\\/\\\/www.eldigitaldeasturias.com\\\/noticias\\\/author\\\/admin\\\/\",\"name\":\"El Digital de Asturias\",\"image\":{\"@type\":\"ImageObject\",\"@id\":\"https:\\\/\\\/www.eldigitaldeasturias.com\\\/noticias\\\/carmen-calvo-visita-en-jaen-expoliva-2019\\\/#authorImage\",\"url\":\"https:\\\/\\\/www.eldigitaldeasturias.com\\\/noticias\\\/wp-content\\\/litespeed\\\/avatar\\\/18677e78aa0546b92d9dbf31ec7d7668.jpg?ver=1776685526\",\"width\":96,\"height\":96,\"caption\":\"El Digital de Asturias\"}},{\"@type\":\"WebPage\",\"@id\":\"https:\\\/\\\/www.eldigitaldeasturias.com\\\/noticias\\\/carmen-calvo-visita-en-jaen-expoliva-2019\\\/#webpage\",\"url\":\"https:\\\/\\\/www.eldigitaldeasturias.com\\\/noticias\\\/carmen-calvo-visita-en-jaen-expoliva-2019\\\/\",\"name\":\"Carmen Calvo visita en Ja\\u00e9n Expoliva 2019 - El Digital de Asturias\",\"description\":\"La vicepresidenta del Gobierno en funciones, ministra en funciones de la Presidencia, Relaciones con las Cortes e Igualdad, Carmen Calvo, ha destacado durante su visita a \\\"Expoliva 2019\\\" en Ja\\u00e9n, las cualidades y beneficios del aceite de oliva \\\"uno de los grandes tesoros para la alimentaci\\u00f3n y la salud que Espa\\u00f1a ofrece al mundo\\\", ha\",\"inLanguage\":\"es-ES\",\"isPartOf\":{\"@id\":\"https:\\\/\\\/www.eldigitaldeasturias.com\\\/noticias\\\/#website\"},\"breadcrumb\":{\"@id\":\"https:\\\/\\\/www.eldigitaldeasturias.com\\\/noticias\\\/carmen-calvo-visita-en-jaen-expoliva-2019\\\/#breadcrumblist\"},\"author\":{\"@id\":\"https:\\\/\\\/www.eldigitaldeasturias.com\\\/noticias\\\/author\\\/admin\\\/#author\"},\"creator\":{\"@id\":\"https:\\\/\\\/www.eldigitaldeasturias.com\\\/noticias\\\/author\\\/admin\\\/#author\"},\"image\":{\"@type\":\"ImageObject\",\"url\":\"https:\\\/\\\/www.eldigitaldeasturias.com\\\/noticias\\\/wp-content\\\/uploads\\\/2019\\\/05\\\/180519expoliva02.jpeg\",\"@id\":\"https:\\\/\\\/www.eldigitaldeasturias.com\\\/noticias\\\/carmen-calvo-visita-en-jaen-expoliva-2019\\\/#mainImage\",\"width\":512,\"height\":340},\"primaryImageOfPage\":{\"@id\":\"https:\\\/\\\/www.eldigitaldeasturias.com\\\/noticias\\\/carmen-calvo-visita-en-jaen-expoliva-2019\\\/#mainImage\"},\"datePublished\":\"2019-05-18T22:26:47+02:00\",\"dateModified\":\"2019-05-18T22:26:47+02:00\"},{\"@type\":\"WebSite\",\"@id\":\"https:\\\/\\\/www.eldigitaldeasturias.com\\\/noticias\\\/#website\",\"url\":\"https:\\\/\\\/www.eldigitaldeasturias.com\\\/noticias\\\/\",\"name\":\"El Digital de Asturias - Diario de actualidad y noticias\",\"alternateName\":\"El Digital de Asturias - Diario de actualidad y noticias\",\"description\":\"Hemeroteca\",\"inLanguage\":\"es-ES\",\"publisher\":{\"@id\":\"https:\\\/\\\/www.eldigitaldeasturias.com\\\/noticias\\\/#organization\"}}]}\n\t\t<\/script>\n\t\t<!-- All in One SEO Pro -->\r\n\t\t<title>Carmen Calvo visita en Ja\u00e9n Expoliva 2019 - El Digital de Asturias<\/title>\n\n","aioseo_head_json":{"title":"Carmen Calvo visita en Ja\u00e9n Expoliva 2019 - El Digital de Asturias","description":"La vicepresidenta del Gobierno en funciones, ministra en funciones de la Presidencia, Relaciones con las Cortes e Igualdad, Carmen Calvo, ha destacado durante su visita a \"Expoliva 2019\" en Ja\u00e9n, las cualidades y beneficios del aceite de oliva \"uno de los grandes tesoros para la alimentaci\u00f3n y la salud que Espa\u00f1a ofrece al mundo\", ha","canonical_url":"https:\/\/www.eldigitaldeasturias.com\/noticias\/carmen-calvo-visita-en-jaen-expoliva-2019\/","robots":"max-image-preview:large","keywords":"econom\u00eda","webmasterTools":{"google-site-verification":"UA-38556648-1","msvalidate.01":"7dfe9f3f1b24437ab69f4f2559babe99","miscellaneous":""},"schema":{"@context":"https:\/\/schema.org","@graph":[{"@type":"BlogPosting","@id":"https:\/\/www.eldigitaldeasturias.com\/noticias\/carmen-calvo-visita-en-jaen-expoliva-2019\/#blogposting","name":"Carmen Calvo visita en Ja\u00e9n Expoliva 2019 - El Digital de Asturias","headline":"Carmen Calvo visita en Ja\u00e9n Expoliva 2019","author":{"@id":"https:\/\/www.eldigitaldeasturias.com\/noticias\/author\/admin\/#author"},"publisher":{"@id":"https:\/\/www.eldigitaldeasturias.com\/noticias\/#organization"},"image":{"@type":"ImageObject","url":"https:\/\/www.eldigitaldeasturias.com\/noticias\/wp-content\/uploads\/2019\/05\/180519expoliva02.jpeg","width":512,"height":340},"datePublished":"2019-05-18T22:26:47+02:00","dateModified":"2019-05-18T22:26:47+02:00","inLanguage":"es-ES","mainEntityOfPage":{"@id":"https:\/\/www.eldigitaldeasturias.com\/noticias\/carmen-calvo-visita-en-jaen-expoliva-2019\/#webpage"},"isPartOf":{"@id":"https:\/\/www.eldigitaldeasturias.com\/noticias\/carmen-calvo-visita-en-jaen-expoliva-2019\/#webpage"},"articleSection":"Econom\u00eda"},{"@type":"BreadcrumbList","@id":"https:\/\/www.eldigitaldeasturias.com\/noticias\/carmen-calvo-visita-en-jaen-expoliva-2019\/#breadcrumblist","itemListElement":[{"@type":"ListItem","@id":"https:\/\/www.eldigitaldeasturias.com\/noticias#listItem","position":1,"name":"Home","item":"https:\/\/www.eldigitaldeasturias.com\/noticias","nextItem":{"@type":"ListItem","@id":"https:\/\/www.eldigitaldeasturias.com\/noticias\/category\/economia\/#listItem","name":"Econom\u00eda"}},{"@type":"ListItem","@id":"https:\/\/www.eldigitaldeasturias.com\/noticias\/category\/economia\/#listItem","position":2,"name":"Econom\u00eda","item":"https:\/\/www.eldigitaldeasturias.com\/noticias\/category\/economia\/","nextItem":{"@type":"ListItem","@id":"https:\/\/www.eldigitaldeasturias.com\/noticias\/carmen-calvo-visita-en-jaen-expoliva-2019\/#listItem","name":"Carmen Calvo visita en Ja\u00e9n Expoliva 2019"},"previousItem":{"@type":"ListItem","@id":"https:\/\/www.eldigitaldeasturias.com\/noticias#listItem","name":"Home"}},{"@type":"ListItem","@id":"https:\/\/www.eldigitaldeasturias.com\/noticias\/carmen-calvo-visita-en-jaen-expoliva-2019\/#listItem","position":3,"name":"Carmen Calvo visita en Ja\u00e9n Expoliva 2019","previousItem":{"@type":"ListItem","@id":"https:\/\/www.eldigitaldeasturias.com\/noticias\/category\/economia\/#listItem","name":"Econom\u00eda"}}]},{"@type":"Organization","@id":"https:\/\/www.eldigitaldeasturias.com\/noticias\/#organization","name":"El Digital de Asturias","description":"Hemeroteca","url":"https:\/\/www.eldigitaldeasturias.com\/noticias\/","email":"info@eldigitaldeasturias.com","telephone":"+34652131393","logo":{"@type":"ImageObject","url":"https:\/\/www.eldigitaldeasturias.com\/noticias\/wp-content\/uploads\/2020\/12\/EDA.jpg","@id":"https:\/\/www.eldigitaldeasturias.com\/noticias\/carmen-calvo-visita-en-jaen-expoliva-2019\/#organizationLogo","width":649,"height":297},"image":{"@id":"https:\/\/www.eldigitaldeasturias.com\/noticias\/carmen-calvo-visita-en-jaen-expoliva-2019\/#organizationLogo"},"sameAs":["https:\/\/facebook.com\/eldigitaldeasturias","https:\/\/www.youtube.com\/channel\/UCZP-2wLEB9Rv6erhFmqVnvg"],"address":{"@id":"https:\/\/www.eldigitaldeasturias.com\/noticias\/#postaladdress","@type":"PostalAddress","streetAddress":"san antonio 4,","postalCode":"33430","addressLocality":"Cand\u00e1s","addressRegion":"Asturias","addressCountry":"ES"}},{"@type":"Person","@id":"https:\/\/www.eldigitaldeasturias.com\/noticias\/author\/admin\/#author","url":"https:\/\/www.eldigitaldeasturias.com\/noticias\/author\/admin\/","name":"El Digital de Asturias","image":{"@type":"ImageObject","@id":"https:\/\/www.eldigitaldeasturias.com\/noticias\/carmen-calvo-visita-en-jaen-expoliva-2019\/#authorImage","url":"https:\/\/www.eldigitaldeasturias.com\/noticias\/wp-content\/litespeed\/avatar\/18677e78aa0546b92d9dbf31ec7d7668.jpg?ver=1776685526","width":96,"height":96,"caption":"El Digital de Asturias"}},{"@type":"WebPage","@id":"https:\/\/www.eldigitaldeasturias.com\/noticias\/carmen-calvo-visita-en-jaen-expoliva-2019\/#webpage","url":"https:\/\/www.eldigitaldeasturias.com\/noticias\/carmen-calvo-visita-en-jaen-expoliva-2019\/","name":"Carmen Calvo visita en Ja\u00e9n Expoliva 2019 - El Digital de Asturias","description":"La vicepresidenta del Gobierno en funciones, ministra en funciones de la Presidencia, Relaciones con las Cortes e Igualdad, Carmen Calvo, ha destacado durante su visita a \"Expoliva 2019\" en Ja\u00e9n, las cualidades y beneficios del aceite de oliva \"uno de los grandes tesoros para la alimentaci\u00f3n y la salud que Espa\u00f1a ofrece al mundo\", ha","inLanguage":"es-ES","isPartOf":{"@id":"https:\/\/www.eldigitaldeasturias.com\/noticias\/#website"},"breadcrumb":{"@id":"https:\/\/www.eldigitaldeasturias.com\/noticias\/carmen-calvo-visita-en-jaen-expoliva-2019\/#breadcrumblist"},"author":{"@id":"https:\/\/www.eldigitaldeasturias.com\/noticias\/author\/admin\/#author"},"creator":{"@id":"https:\/\/www.eldigitaldeasturias.com\/noticias\/author\/admin\/#author"},"image":{"@type":"ImageObject","url":"https:\/\/www.eldigitaldeasturias.com\/noticias\/wp-content\/uploads\/2019\/05\/180519expoliva02.jpeg","@id":"https:\/\/www.eldigitaldeasturias.com\/noticias\/carmen-calvo-visita-en-jaen-expoliva-2019\/#mainImage","width":512,"height":340},"primaryImageOfPage":{"@id":"https:\/\/www.eldigitaldeasturias.com\/noticias\/carmen-calvo-visita-en-jaen-expoliva-2019\/#mainImage"},"datePublished":"2019-05-18T22:26:47+02:00","dateModified":"2019-05-18T22:26:47+02:00"},{"@type":"WebSite","@id":"https:\/\/www.eldigitaldeasturias.com\/noticias\/#website","url":"https:\/\/www.eldigitaldeasturias.com\/noticias\/","name":"El Digital de Asturias - Diario de actualidad y noticias","alternateName":"El Digital de Asturias - Diario de actualidad y noticias","description":"Hemeroteca","inLanguage":"es-ES","publisher":{"@id":"https:\/\/www.eldigitaldeasturias.com\/noticias\/#organization"}}]},"og:locale":"es_ES","og:site_name":"El Digital de Asturias","og:type":"article","og:title":"Carmen Calvo visita en Ja\u00e9n Expoliva 2019 - El Digital de Asturias","og:description":"La vicepresidenta del Gobierno en funciones, ministra en funciones de la Presidencia, Relaciones con las Cortes e Igualdad, Carmen Calvo, ha destacado durante su visita a &quot;Expoliva 2019&quot; en Ja\u00e9n, las cualidades y beneficios del aceite de oliva &quot;uno de los grandes tesoros para la alimentaci\u00f3n y la salud que Espa\u00f1a ofrece al mundo&quot;, ha","og:url":"https:\/\/www.eldigitaldeasturias.com\/noticias\/carmen-calvo-visita-en-jaen-expoliva-2019\/","og:image":"https:\/\/www.eldigitaldeasturias.com\/noticias\/wp-content\/uploads\/2019\/05\/180519expoliva02.jpeg","og:image:secure_url":"https:\/\/www.eldigitaldeasturias.com\/noticias\/wp-content\/uploads\/2019\/05\/180519expoliva02.jpeg","og:image:width":512,"og:image:height":340,"article:tag":["econom\u00eda"],"article:published_time":"2019-05-18T22:26:47+00:00","article:modified_time":"2019-05-18T22:26:47+00:00","article:publisher":"https:\/\/facebook.com\/eldigitaldeasturias","twitter:card":"summary_large_image","twitter:title":"Carmen Calvo visita en Ja\u00e9n Expoliva 2019 - El Digital de Asturias","twitter:description":"La vicepresidenta del Gobierno en funciones, ministra en funciones de la Presidencia, Relaciones con las Cortes e Igualdad, Carmen Calvo, ha destacado durante su visita a &quot;Expoliva 2019&quot; en Ja\u00e9n, las cualidades y beneficios del aceite de oliva &quot;uno de los grandes tesoros para la alimentaci\u00f3n y la salud que Espa\u00f1a ofrece al mundo&quot;, ha","twitter:image":"https:\/\/www.eldigitaldeasturias.com\/noticias\/wp-content\/uploads\/2019\/05\/180519expoliva02.jpeg","twitter:label1":"Escrito por","twitter:data1":"El Digital de Asturias","twitter:label2":"Tiempo de lectura estimado","twitter:data2":"2 minutos"},"aioseo_meta_data":{"post_id":"1027847","title":null,"description":null,"keywords":null,"keyphrases":null,"primary_term":null,"canonical_url":null,"og_title":null,"og_description":null,"og_object_type":"default","og_image_type":"default","og_image_url":null,"og_image_width":null,"og_image_height":null,"og_image_custom_url":null,"og_image_custom_fields":null,"og_video":null,"og_custom_url":null,"og_article_section":null,"og_article_tags":null,"twitter_use_og":false,"twitter_card":"default","twitter_image_type":"default","twitter_image_url":null,"twitter_image_custom_url":null,"twitter_image_custom_fields":null,"twitter_title":null,"twitter_description":null,"schema":{"blockGraphs":[],"customGraphs":[],"default":{"data":{"Article":[],"Course":[],"Dataset":[],"FAQPage":[],"Movie":[],"Person":[],"Product":[],"ProductReview":[],"Car":[],"Recipe":[],"Service":[],"SoftwareApplication":[],"WebPage":[]},"graphName":"","isEnabled":true},"graphs":[],"defaultGraph":"","defaultPostTypeGraph":""},"schema_type":null,"schema_type_options":null,"pillar_content":false,"robots_default":true,"robots_noindex":false,"robots_noarchive":false,"robots_nosnippet":false,"robots_nofollow":false,"robots_noimageindex":false,"robots_noodp":false,"robots_notranslate":false,"robots_max_snippet":null,"robots_max_videopreview":null,"robots_max_imagepreview":"large","priority":null,"frequency":null,"local_seo":null,"seo_analyzer_scan_date":"2025-10-18 06:51:15","breadcrumb_settings":null,"limit_modified_date":false,"open_ai":null,"ai":null,"created":"2020-12-21 11:11:41","updated":"2025-10-18 06:51:15"},"aioseo_breadcrumb":"<div class=\"aioseo-breadcrumbs\"><span class=\"aioseo-breadcrumb\">\n\t<a href=\"https:\/\/www.eldigitaldeasturias.com\/noticias\" title=\"Home\">Home<\/a>\n<\/span><span class=\"aioseo-breadcrumb-separator\">\u2013<\/span><span class=\"aioseo-breadcrumb\">\n\t<a href=\"https:\/\/www.eldigitaldeasturias.com\/noticias\/category\/economia\/\" title=\"Econom\u00eda\">Econom\u00eda<\/a>\n<\/span><span class=\"aioseo-breadcrumb-separator\">\u2013<\/span><span class=\"aioseo-breadcrumb\">\n\t<a href=\"https:\/\/www.eldigitaldeasturias.com\/noticias\/carmen-calvo-visita-en-jaen-expoliva-2019\/\" title=\"Carmen Calvo visita en Ja\u00e9n Expoliva 2019\">Carmen Calvo visita en Ja\u00e9n Expoliva 2019<\/a>\n<\/span><\/div>","aioseo_breadcrumb_json":[{"label":"Home","link":"https:\/\/www.eldigitaldeasturias.com\/noticias"},{"label":"Econom\u00eda","link":"https:\/\/www.eldigitaldeasturias.com\/noticias\/category\/economia\/"},{"label":"Carmen Calvo visita en Ja\u00e9n Expoliva 2019","link":"https:\/\/www.eldigitaldeasturias.com\/noticias\/carmen-calvo-visita-en-jaen-expoliva-2019\/"}],"_links":{"self":[{"href":"https:\/\/www.eldigitaldeasturias.com\/noticias\/wp-json\/wp\/v2\/posts\/1027847","targetHints":{"allow":["GET"]}}],"collection":[{"href":"https:\/\/www.eldigitaldeasturias.com\/noticias\/wp-json\/wp\/v2\/posts"}],"about":[{"href":"https:\/\/www.eldigitaldeasturias.com\/noticias\/wp-json\/wp\/v2\/types\/post"}],"author":[{"embeddable":true,"href":"https:\/\/www.eldigitaldeasturias.com\/noticias\/wp-json\/wp\/v2\/users\/1"}],"replies":[{"embeddable":true,"href":"https:\/\/www.eldigitaldeasturias.com\/noticias\/wp-json\/wp\/v2\/comments?post=1027847"}],"version-history":[{"count":0,"href":"https:\/\/www.eldigitaldeasturias.com\/noticias\/wp-json\/wp\/v2\/posts\/1027847\/revisions"}],"wp:featuredmedia":[{"embeddable":true,"href":"https:\/\/www.eldigitaldeasturias.com\/noticias\/wp-json\/wp\/v2\/media\/1027848"}],"wp:attachment":[{"href":"https:\/\/www.eldigitaldeasturias.com\/noticias\/wp-json\/wp\/v2\/media?parent=1027847"}],"wp:term":[{"taxonomy":"category","embeddable":true,"href":"https:\/\/www.eldigitaldeasturias.com\/noticias\/wp-json\/wp\/v2\/categories?post=1027847"},{"taxonomy":"post_tag","embeddable":true,"href":"https:\/\/www.eldigitaldeasturias.com\/noticias\/wp-json\/wp\/v2\/tags?post=1027847"}],"curies":[{"name":"wp","href":"https:\/\/api.w.org\/{rel}","templated":true}]}}