{"id":1027841,"date":"2019-05-18T20:51:09","date_gmt":"2019-05-18T20:51:09","guid":{"rendered":"https:\/\/www.eldigitaldeasturias.com\/noticias\/?p=1027841"},"modified":"2019-05-18T20:51:09","modified_gmt":"2019-05-18T20:51:09","slug":"la-nueva-categoria-femenina-de-f3-comenzo-rodeada-de-polemica","status":"publish","type":"post","link":"https:\/\/www.eldigitaldeasturias.com\/noticias\/la-nueva-categoria-femenina-de-f3-comenzo-rodeada-de-polemica\/","title":{"rendered":"La nueva categor\u00eda femenina de F3 comenz\u00f3 rodeada de pol\u00e9mica"},"content":{"rendered":"<p><img loading=\"lazy\" decoding=\"async\" class=\"alignleft size-medium wp-image-1027842\" src=\"https:\/\/www.eldigitaldeasturias.com\/noticias\/wp-content\/uploads\/2019\/05\/CAMPEONATO-F3-FEMENINO-360x263.jpg\" alt=\"\" width=\"360\" height=\"263\" srcset=\"https:\/\/www.eldigitaldeasturias.com\/noticias\/wp-content\/uploads\/2019\/05\/CAMPEONATO-F3-FEMENINO-360x263.jpg 360w, https:\/\/www.eldigitaldeasturias.com\/noticias\/wp-content\/uploads\/2019\/05\/CAMPEONATO-F3-FEMENINO-768x561.jpg 768w, https:\/\/www.eldigitaldeasturias.com\/noticias\/wp-content\/uploads\/2019\/05\/CAMPEONATO-F3-FEMENINO-650x475.jpg 650w, https:\/\/www.eldigitaldeasturias.com\/noticias\/wp-content\/uploads\/2019\/05\/CAMPEONATO-F3-FEMENINO-90x67.jpg 90w, https:\/\/www.eldigitaldeasturias.com\/noticias\/wp-content\/uploads\/2019\/05\/CAMPEONATO-F3-FEMENINO.jpg 926w\" sizes=\"auto, (max-width: 360px) 100vw, 360px\" \/>Hockenheim (dpa) \u2013 La primera edici\u00f3n del campeonato W Series, disputado exclusivamente por mujeres arranc\u00f3 el 4 de mayo en el legendario circuito alem\u00e1n de Hockenheim.<\/p>\n<p>El inicio de esta serie de carreras bajo el paraguas del Campeonato Alem\u00e1n de Turismos (DTM, por sus siglas en alem\u00e1n) dio lugar, desde su anuncio en octubre de 2018, a acalorados debates.<\/p>\n<p>El objetivo de esta nueva categor\u00eda de carreras reservada s\u00f3lo a las mujeres es allanar el camino para que las mejores pilotos puedan hacer carrera, quiz\u00e1s incluso en la F\u00f3rmula 1.<\/p>\n<p>\u00abNo hay muchas competiciones de automovilismo donde puedan participar las mujeres. La W Series ofrece a las corredoras la posibilidad de demostrar su talento y atraer la atenci\u00f3n de patrocinadores, lo que les abrir\u00e1 nuevas oportunidades\u00bb, asever\u00f3 Catherine Bond Muir, directora de la W Series.<\/p>\n<p>En el automovilismo, sector dominado por los hombres, las mujeres siguen siendo percibidas como algo ex\u00f3tico. \u00abEn la F\u00f3rmula 1, las mujeres no son tomadas en serio\u00bb, dijo hace tres a\u00f1os Bernie Ecclestone, ex presidente de la FOM, compa\u00f1\u00eda que controla los derechos de promoci\u00f3n y distribuci\u00f3n de la categor\u00eda reina.<\/p>\n<p>Durante mucho tiempo, el papel de las mujeres en el automovilismo hab\u00eda sido relegado a una labor de imagen, como la de las \u00abchicas de la parrilla\u00bb que acompa\u00f1aban a los pilotos y desfilaban antes del comienzo de los grandes premios.<\/p>\n<p>La W Series quiere ayudar a desempolvar la imagen de la mujer en los deportes de motor. \u00abEl automovilismo no requiere fuerza pura, como en el atletismo, por ejemplo, donde la rapidez a veces es proporcional a la fuerza\u00bb, declar\u00f3 Jamie Chadwick, primera mujer en ganar el Campeonato Brit\u00e1nico GT, al peri\u00f3dico brit\u00e1nico \u00abTelegraph\u00bb.<\/p>\n<p>La inglesa de 20 a\u00f1os, ganadora de la primera ronda de la W Series, asegur\u00f3: \u00abLas mujeres est\u00e1n en condiciones de competir junto con los hombres, codo a codo y al m\u00e1s alto nivel\u00bb.<\/p>\n<p>Hasta ahora, s\u00f3lo una mujer ha conseguido acumular puntuaci\u00f3n en las m\u00e1s de 1.000 carreras de F\u00f3rmula 1: en 1975, la italiana Lella Lombardi anot\u00f3 medio punto con un sexto lugar en el Gran Premio de Espa\u00f1a.<\/p>\n<p>La primera mujer que incursion\u00f3 en la categor\u00eda reina fue Maria Teresia de Filippis. La italiana condujo en 1958 el mismo monoplaza con que el argentino Juan Manuel Fangio ganara el t\u00edtulo el a\u00f1o anterior. Filippis debut\u00f3 en Argentina, llegando a participar en cinco Grandes Premios.<\/p>\n<p>Con la espa\u00f1ola Mar\u00eda de Villota y la brit\u00e1nica Susie Wolff, esposa del actual director ejecutivo de Mercedes-Benz en F\u00f3rmula 1, Toto Wolff, comenz\u00f3 una nueva etapa de las mujeres en el automovilismo. Ambas se acercaron a la F\u00f3rmula 1 como pilotos de prueba, pero sin competir nunca en un Gran Premio.<\/p>\n<p>\u00abLa historia del automovilismo ha demostrado que muchas mujeres no llegan tan lejos porque no reciben suficiente ayuda financiera y sus familias no creen que pueden hacer una carrera profesional\u00bb, dijo el ex piloto de F1 David Coulthard.<\/p>\n<p>Adem\u00e1s del escoc\u00e9s, entre los principales directivos de la serie figuran Adrian Newey, ingeniero del equipo Red Bull Racing, el expiloto austr\u00edaco Alexander Wurz y el ex director deportivo de McLaren Dave Ryan.<\/p>\n<p>El proceso de selecci\u00f3n de las 18 competidoras se realiz\u00f3 entre m\u00e1s de medio centenar de candidatas mediante un programa de pruebas que involucraron no s\u00f3lo la conducci\u00f3n en s\u00ed, sino tambi\u00e9n los conocimientos t\u00e9cnicos y las habilidades de comunicaci\u00f3n.<\/p>\n<p>A la primera carrera inaugural en Hockenheim le seguir\u00e1n otras cinco en algunos de los circuitos europeos m\u00e1s famosos. La segunda ronda se llevar\u00e1 a cabo el 18 de mayo en el aut\u00f3dromo de Zolder, B\u00e9lgica.<\/p>\n<p>La ganadora final obtendr\u00e1 alrededor de 440.000 euros (aproximadamente 500.000 d\u00f3lares) en premios. Todos los costos de participaci\u00f3n est\u00e1n cubiertos y el coche es el mismo para todas las participantes: un monoplaza homologado para la F\u00f3rmula 3.<\/p>\n<p>Las pilotos provienen de 13 naciones, bajo bandera alemana correr\u00e1 la belga Naomi Schiff. Al contrario de lo que se esperaba, la muniquesa Sophia Fl\u00f6rsch se neg\u00f3 a participar. \u00abEste es el camino equivocado para m\u00ed\u00bb, dijo la joven de 18 a\u00f1os a la revista especializada \u00abAuto Bild\u00bb.<\/p>\n<p>La piloto de F\u00f3rmula 3 rechaza el concepto de la W Series. \u00abEso significa que no creen que podamos enfrentarnos a los hombres. Por eso no quiero participar\u00bb, explic\u00f3 Fl\u00f6rsch.<\/p>\n<p>Otras pilotos, como la inglesa Pippa Mann de IndyCar o la antigua conductora de DTM Ellen Lohr, tambi\u00e9n est\u00e1n en contra de la iniciativa y argumentan que es una forma m\u00e1s de segregaci\u00f3n y discriminaci\u00f3n.<\/p>\n<p>Los creadores de la W Series, por otro lado, creen que la nueva categor\u00eda ofrece a las corredoras la oportunidad de practicar deportes de motor de primera clase con trasmisiones de televisi\u00f3n en directo que de otro modo les ser\u00edan negadas.<\/p>\n<p>Una vez finalizada la primera edici\u00f3n, las mejores corredoras seguir\u00e1n contando con el apoyo necesario para promover su talento y quiz\u00e1s dar el salto a la F\u00f3rmula 1. \u00abEsto no est\u00e1 pensado para ser un callej\u00f3n sin salida\u00bb, sostuvo Coulthard.<\/p>\n<p><strong><i class=\"lang-es\"><span class=\" readonly\" title=\"\">Por Christian Hollmann (dpa)<\/span><\/i><\/strong><\/p>\n<p><em>Foto: Hasan Bratic\/dpa\u00a0<\/em><\/p>\n","protected":false},"excerpt":{"rendered":"<p>Hockenheim (dpa) \u2013 La primera edici\u00f3n del campeonato W Series, disputado exclusivamente por mujeres arranc\u00f3 el 4 de mayo en el legendario circuito alem\u00e1n de Hockenheim. El inicio de esta serie de carreras bajo el paraguas del Campeonato Alem\u00e1n de Turismos (DTM, por sus siglas en alem\u00e1n) dio lugar, desde su anuncio en octubre de [&hellip;]<\/p>\n","protected":false},"author":1,"featured_media":1027842,"comment_status":"closed","ping_status":"closed","sticky":false,"template":"","format":"standard","meta":{"footnotes":""},"categories":[190],"tags":[],"class_list":["post-1027841","post","type-post","status-publish","format-standard","has-post-thumbnail","hentry","category-deportes"],"aioseo_notices":[],"aioseo_head":"\n\t\t<!-- All in One SEO Pro 4.9.6.2 - aioseo.com -->\n\t<meta name=\"description\" content=\"Hockenheim (dpa) \u2013 La primera edici\u00f3n del campeonato W Series, disputado exclusivamente por mujeres arranc\u00f3 el 4 de mayo en el legendario circuito alem\u00e1n de Hockenheim. El inicio de esta serie de carreras bajo el paraguas del Campeonato Alem\u00e1n de Turismos (DTM, por sus siglas en alem\u00e1n) dio lugar, desde su anuncio en octubre de\" \/>\n\t<meta name=\"robots\" content=\"max-image-preview:large\" \/>\n\t<meta name=\"author\" content=\"El Digital de Asturias\"\/>\n\t<meta name=\"google-site-verification\" content=\"UA-38556648-1\" \/>\n\t<meta name=\"msvalidate.01\" content=\"7dfe9f3f1b24437ab69f4f2559babe99\" \/>\n\t<meta name=\"keywords\" content=\"deportes\" \/>\n\t<link rel=\"canonical\" href=\"https:\/\/www.eldigitaldeasturias.com\/noticias\/la-nueva-categoria-femenina-de-f3-comenzo-rodeada-de-polemica\/\" \/>\n\t<meta name=\"generator\" content=\"All in One SEO Pro (AIOSEO) 4.9.6.2\" \/>\n\t\t<meta property=\"og:locale\" content=\"es_ES\" \/>\n\t\t<meta property=\"og:site_name\" content=\"El Digital de Asturias\" \/>\n\t\t<meta property=\"og:type\" content=\"article\" \/>\n\t\t<meta property=\"og:title\" content=\"La nueva categor\u00eda femenina de F3 comenz\u00f3 rodeada de pol\u00e9mica - El Digital de Asturias\" \/>\n\t\t<meta property=\"og:description\" content=\"Hockenheim (dpa) \u2013 La primera edici\u00f3n del campeonato W Series, disputado exclusivamente por mujeres arranc\u00f3 el 4 de mayo en el legendario circuito alem\u00e1n de Hockenheim. El inicio de esta serie de carreras bajo el paraguas del Campeonato Alem\u00e1n de Turismos (DTM, por sus siglas en alem\u00e1n) dio lugar, desde su anuncio en octubre de\" \/>\n\t\t<meta property=\"og:url\" content=\"https:\/\/www.eldigitaldeasturias.com\/noticias\/la-nueva-categoria-femenina-de-f3-comenzo-rodeada-de-polemica\/\" \/>\n\t\t<meta property=\"og:image\" content=\"https:\/\/www.eldigitaldeasturias.com\/noticias\/wp-content\/uploads\/2019\/05\/CAMPEONATO-F3-FEMENINO.jpg\" \/>\n\t\t<meta property=\"og:image:secure_url\" content=\"https:\/\/www.eldigitaldeasturias.com\/noticias\/wp-content\/uploads\/2019\/05\/CAMPEONATO-F3-FEMENINO.jpg\" \/>\n\t\t<meta property=\"og:image:width\" content=\"926\" \/>\n\t\t<meta property=\"og:image:height\" content=\"677\" \/>\n\t\t<meta property=\"article:tag\" content=\"deportes\" \/>\n\t\t<meta property=\"article:published_time\" content=\"2019-05-18T20:51:09+00:00\" \/>\n\t\t<meta property=\"article:modified_time\" content=\"2019-05-18T20:51:09+00:00\" \/>\n\t\t<meta property=\"article:publisher\" content=\"https:\/\/facebook.com\/eldigitaldeasturias\" \/>\n\t\t<meta name=\"twitter:card\" content=\"summary_large_image\" \/>\n\t\t<meta name=\"twitter:title\" content=\"La nueva categor\u00eda femenina de F3 comenz\u00f3 rodeada de pol\u00e9mica - El Digital de Asturias\" \/>\n\t\t<meta name=\"twitter:description\" content=\"Hockenheim (dpa) \u2013 La primera edici\u00f3n del campeonato W Series, disputado exclusivamente por mujeres arranc\u00f3 el 4 de mayo en el legendario circuito alem\u00e1n de Hockenheim. El inicio de esta serie de carreras bajo el paraguas del Campeonato Alem\u00e1n de Turismos (DTM, por sus siglas en alem\u00e1n) dio lugar, desde su anuncio en octubre de\" \/>\n\t\t<meta name=\"twitter:image\" content=\"https:\/\/www.eldigitaldeasturias.com\/noticias\/wp-content\/uploads\/2019\/05\/CAMPEONATO-F3-FEMENINO.jpg\" \/>\n\t\t<meta name=\"twitter:label1\" content=\"Escrito por\" \/>\n\t\t<meta name=\"twitter:data1\" content=\"El Digital de Asturias\" \/>\n\t\t<meta name=\"twitter:label2\" content=\"Tiempo de lectura estimado\" \/>\n\t\t<meta name=\"twitter:data2\" content=\"4 minutos\" \/>\n\t\t<script type=\"application\/ld+json\" class=\"aioseo-schema\">\n\t\t\t{\"@context\":\"https:\\\/\\\/schema.org\",\"@graph\":[{\"@type\":\"BlogPosting\",\"@id\":\"https:\\\/\\\/www.eldigitaldeasturias.com\\\/noticias\\\/la-nueva-categoria-femenina-de-f3-comenzo-rodeada-de-polemica\\\/#blogposting\",\"name\":\"La nueva categor\\u00eda femenina de F3 comenz\\u00f3 rodeada de pol\\u00e9mica - El Digital de Asturias\",\"headline\":\"La nueva categor\\u00eda femenina de F3 comenz\\u00f3 rodeada de pol\\u00e9mica\",\"author\":{\"@id\":\"https:\\\/\\\/www.eldigitaldeasturias.com\\\/noticias\\\/author\\\/admin\\\/#author\"},\"publisher\":{\"@id\":\"https:\\\/\\\/www.eldigitaldeasturias.com\\\/noticias\\\/#organization\"},\"image\":{\"@type\":\"ImageObject\",\"url\":\"https:\\\/\\\/www.eldigitaldeasturias.com\\\/noticias\\\/wp-content\\\/uploads\\\/2019\\\/05\\\/CAMPEONATO-F3-FEMENINO.jpg\",\"width\":926,\"height\":677},\"datePublished\":\"2019-05-18T20:51:09+02:00\",\"dateModified\":\"2019-05-18T20:51:09+02:00\",\"inLanguage\":\"es-ES\",\"mainEntityOfPage\":{\"@id\":\"https:\\\/\\\/www.eldigitaldeasturias.com\\\/noticias\\\/la-nueva-categoria-femenina-de-f3-comenzo-rodeada-de-polemica\\\/#webpage\"},\"isPartOf\":{\"@id\":\"https:\\\/\\\/www.eldigitaldeasturias.com\\\/noticias\\\/la-nueva-categoria-femenina-de-f3-comenzo-rodeada-de-polemica\\\/#webpage\"},\"articleSection\":\"Deportes\"},{\"@type\":\"BreadcrumbList\",\"@id\":\"https:\\\/\\\/www.eldigitaldeasturias.com\\\/noticias\\\/la-nueva-categoria-femenina-de-f3-comenzo-rodeada-de-polemica\\\/#breadcrumblist\",\"itemListElement\":[{\"@type\":\"ListItem\",\"@id\":\"https:\\\/\\\/www.eldigitaldeasturias.com\\\/noticias#listItem\",\"position\":1,\"name\":\"Home\",\"item\":\"https:\\\/\\\/www.eldigitaldeasturias.com\\\/noticias\",\"nextItem\":{\"@type\":\"ListItem\",\"@id\":\"https:\\\/\\\/www.eldigitaldeasturias.com\\\/noticias\\\/category\\\/deportes\\\/#listItem\",\"name\":\"Deportes\"}},{\"@type\":\"ListItem\",\"@id\":\"https:\\\/\\\/www.eldigitaldeasturias.com\\\/noticias\\\/category\\\/deportes\\\/#listItem\",\"position\":2,\"name\":\"Deportes\",\"item\":\"https:\\\/\\\/www.eldigitaldeasturias.com\\\/noticias\\\/category\\\/deportes\\\/\",\"nextItem\":{\"@type\":\"ListItem\",\"@id\":\"https:\\\/\\\/www.eldigitaldeasturias.com\\\/noticias\\\/la-nueva-categoria-femenina-de-f3-comenzo-rodeada-de-polemica\\\/#listItem\",\"name\":\"La nueva categor\\u00eda femenina de F3 comenz\\u00f3 rodeada de pol\\u00e9mica\"},\"previousItem\":{\"@type\":\"ListItem\",\"@id\":\"https:\\\/\\\/www.eldigitaldeasturias.com\\\/noticias#listItem\",\"name\":\"Home\"}},{\"@type\":\"ListItem\",\"@id\":\"https:\\\/\\\/www.eldigitaldeasturias.com\\\/noticias\\\/la-nueva-categoria-femenina-de-f3-comenzo-rodeada-de-polemica\\\/#listItem\",\"position\":3,\"name\":\"La nueva categor\\u00eda femenina de F3 comenz\\u00f3 rodeada de pol\\u00e9mica\",\"previousItem\":{\"@type\":\"ListItem\",\"@id\":\"https:\\\/\\\/www.eldigitaldeasturias.com\\\/noticias\\\/category\\\/deportes\\\/#listItem\",\"name\":\"Deportes\"}}]},{\"@type\":\"Organization\",\"@id\":\"https:\\\/\\\/www.eldigitaldeasturias.com\\\/noticias\\\/#organization\",\"name\":\"El Digital de Asturias\",\"description\":\"Hemeroteca\",\"url\":\"https:\\\/\\\/www.eldigitaldeasturias.com\\\/noticias\\\/\",\"email\":\"info@eldigitaldeasturias.com\",\"telephone\":\"+34652131393\",\"logo\":{\"@type\":\"ImageObject\",\"url\":\"https:\\\/\\\/www.eldigitaldeasturias.com\\\/noticias\\\/wp-content\\\/uploads\\\/2020\\\/12\\\/EDA.jpg\",\"@id\":\"https:\\\/\\\/www.eldigitaldeasturias.com\\\/noticias\\\/la-nueva-categoria-femenina-de-f3-comenzo-rodeada-de-polemica\\\/#organizationLogo\",\"width\":649,\"height\":297},\"image\":{\"@id\":\"https:\\\/\\\/www.eldigitaldeasturias.com\\\/noticias\\\/la-nueva-categoria-femenina-de-f3-comenzo-rodeada-de-polemica\\\/#organizationLogo\"},\"sameAs\":[\"https:\\\/\\\/facebook.com\\\/eldigitaldeasturias\",\"https:\\\/\\\/www.youtube.com\\\/channel\\\/UCZP-2wLEB9Rv6erhFmqVnvg\"],\"address\":{\"@id\":\"https:\\\/\\\/www.eldigitaldeasturias.com\\\/noticias\\\/#postaladdress\",\"@type\":\"PostalAddress\",\"streetAddress\":\"san antonio 4,\",\"postalCode\":\"33430\",\"addressLocality\":\"Cand\\u00e1s\",\"addressRegion\":\"Asturias\",\"addressCountry\":\"ES\"}},{\"@type\":\"Person\",\"@id\":\"https:\\\/\\\/www.eldigitaldeasturias.com\\\/noticias\\\/author\\\/admin\\\/#author\",\"url\":\"https:\\\/\\\/www.eldigitaldeasturias.com\\\/noticias\\\/author\\\/admin\\\/\",\"name\":\"El Digital de Asturias\",\"image\":{\"@type\":\"ImageObject\",\"@id\":\"https:\\\/\\\/www.eldigitaldeasturias.com\\\/noticias\\\/la-nueva-categoria-femenina-de-f3-comenzo-rodeada-de-polemica\\\/#authorImage\",\"url\":\"https:\\\/\\\/www.eldigitaldeasturias.com\\\/noticias\\\/wp-content\\\/litespeed\\\/avatar\\\/18677e78aa0546b92d9dbf31ec7d7668.jpg?ver=1777290358\",\"width\":96,\"height\":96,\"caption\":\"El Digital de Asturias\"}},{\"@type\":\"WebPage\",\"@id\":\"https:\\\/\\\/www.eldigitaldeasturias.com\\\/noticias\\\/la-nueva-categoria-femenina-de-f3-comenzo-rodeada-de-polemica\\\/#webpage\",\"url\":\"https:\\\/\\\/www.eldigitaldeasturias.com\\\/noticias\\\/la-nueva-categoria-femenina-de-f3-comenzo-rodeada-de-polemica\\\/\",\"name\":\"La nueva categor\\u00eda femenina de F3 comenz\\u00f3 rodeada de pol\\u00e9mica - El Digital de Asturias\",\"description\":\"Hockenheim (dpa) \\u2013 La primera edici\\u00f3n del campeonato W Series, disputado exclusivamente por mujeres arranc\\u00f3 el 4 de mayo en el legendario circuito alem\\u00e1n de Hockenheim. El inicio de esta serie de carreras bajo el paraguas del Campeonato Alem\\u00e1n de Turismos (DTM, por sus siglas en alem\\u00e1n) dio lugar, desde su anuncio en octubre de\",\"inLanguage\":\"es-ES\",\"isPartOf\":{\"@id\":\"https:\\\/\\\/www.eldigitaldeasturias.com\\\/noticias\\\/#website\"},\"breadcrumb\":{\"@id\":\"https:\\\/\\\/www.eldigitaldeasturias.com\\\/noticias\\\/la-nueva-categoria-femenina-de-f3-comenzo-rodeada-de-polemica\\\/#breadcrumblist\"},\"author\":{\"@id\":\"https:\\\/\\\/www.eldigitaldeasturias.com\\\/noticias\\\/author\\\/admin\\\/#author\"},\"creator\":{\"@id\":\"https:\\\/\\\/www.eldigitaldeasturias.com\\\/noticias\\\/author\\\/admin\\\/#author\"},\"image\":{\"@type\":\"ImageObject\",\"url\":\"https:\\\/\\\/www.eldigitaldeasturias.com\\\/noticias\\\/wp-content\\\/uploads\\\/2019\\\/05\\\/CAMPEONATO-F3-FEMENINO.jpg\",\"@id\":\"https:\\\/\\\/www.eldigitaldeasturias.com\\\/noticias\\\/la-nueva-categoria-femenina-de-f3-comenzo-rodeada-de-polemica\\\/#mainImage\",\"width\":926,\"height\":677},\"primaryImageOfPage\":{\"@id\":\"https:\\\/\\\/www.eldigitaldeasturias.com\\\/noticias\\\/la-nueva-categoria-femenina-de-f3-comenzo-rodeada-de-polemica\\\/#mainImage\"},\"datePublished\":\"2019-05-18T20:51:09+02:00\",\"dateModified\":\"2019-05-18T20:51:09+02:00\"},{\"@type\":\"WebSite\",\"@id\":\"https:\\\/\\\/www.eldigitaldeasturias.com\\\/noticias\\\/#website\",\"url\":\"https:\\\/\\\/www.eldigitaldeasturias.com\\\/noticias\\\/\",\"name\":\"El Digital de Asturias - Diario de actualidad y noticias\",\"alternateName\":\"El Digital de Asturias - Diario de actualidad y noticias\",\"description\":\"Hemeroteca\",\"inLanguage\":\"es-ES\",\"publisher\":{\"@id\":\"https:\\\/\\\/www.eldigitaldeasturias.com\\\/noticias\\\/#organization\"}}]}\n\t\t<\/script>\n\t\t<!-- All in One SEO Pro -->\r\n\t\t<title>La nueva categor\u00eda femenina de F3 comenz\u00f3 rodeada de pol\u00e9mica - El Digital de Asturias<\/title>\n\n","aioseo_head_json":{"title":"La nueva categor\u00eda femenina de F3 comenz\u00f3 rodeada de pol\u00e9mica - El Digital de Asturias","description":"Hockenheim (dpa) \u2013 La primera edici\u00f3n del campeonato W Series, disputado exclusivamente por mujeres arranc\u00f3 el 4 de mayo en el legendario circuito alem\u00e1n de Hockenheim. El inicio de esta serie de carreras bajo el paraguas del Campeonato Alem\u00e1n de Turismos (DTM, por sus siglas en alem\u00e1n) dio lugar, desde su anuncio en octubre de","canonical_url":"https:\/\/www.eldigitaldeasturias.com\/noticias\/la-nueva-categoria-femenina-de-f3-comenzo-rodeada-de-polemica\/","robots":"max-image-preview:large","keywords":"deportes","webmasterTools":{"google-site-verification":"UA-38556648-1","msvalidate.01":"7dfe9f3f1b24437ab69f4f2559babe99","miscellaneous":""},"schema":{"@context":"https:\/\/schema.org","@graph":[{"@type":"BlogPosting","@id":"https:\/\/www.eldigitaldeasturias.com\/noticias\/la-nueva-categoria-femenina-de-f3-comenzo-rodeada-de-polemica\/#blogposting","name":"La nueva categor\u00eda femenina de F3 comenz\u00f3 rodeada de pol\u00e9mica - El Digital de Asturias","headline":"La nueva categor\u00eda femenina de F3 comenz\u00f3 rodeada de pol\u00e9mica","author":{"@id":"https:\/\/www.eldigitaldeasturias.com\/noticias\/author\/admin\/#author"},"publisher":{"@id":"https:\/\/www.eldigitaldeasturias.com\/noticias\/#organization"},"image":{"@type":"ImageObject","url":"https:\/\/www.eldigitaldeasturias.com\/noticias\/wp-content\/uploads\/2019\/05\/CAMPEONATO-F3-FEMENINO.jpg","width":926,"height":677},"datePublished":"2019-05-18T20:51:09+02:00","dateModified":"2019-05-18T20:51:09+02:00","inLanguage":"es-ES","mainEntityOfPage":{"@id":"https:\/\/www.eldigitaldeasturias.com\/noticias\/la-nueva-categoria-femenina-de-f3-comenzo-rodeada-de-polemica\/#webpage"},"isPartOf":{"@id":"https:\/\/www.eldigitaldeasturias.com\/noticias\/la-nueva-categoria-femenina-de-f3-comenzo-rodeada-de-polemica\/#webpage"},"articleSection":"Deportes"},{"@type":"BreadcrumbList","@id":"https:\/\/www.eldigitaldeasturias.com\/noticias\/la-nueva-categoria-femenina-de-f3-comenzo-rodeada-de-polemica\/#breadcrumblist","itemListElement":[{"@type":"ListItem","@id":"https:\/\/www.eldigitaldeasturias.com\/noticias#listItem","position":1,"name":"Home","item":"https:\/\/www.eldigitaldeasturias.com\/noticias","nextItem":{"@type":"ListItem","@id":"https:\/\/www.eldigitaldeasturias.com\/noticias\/category\/deportes\/#listItem","name":"Deportes"}},{"@type":"ListItem","@id":"https:\/\/www.eldigitaldeasturias.com\/noticias\/category\/deportes\/#listItem","position":2,"name":"Deportes","item":"https:\/\/www.eldigitaldeasturias.com\/noticias\/category\/deportes\/","nextItem":{"@type":"ListItem","@id":"https:\/\/www.eldigitaldeasturias.com\/noticias\/la-nueva-categoria-femenina-de-f3-comenzo-rodeada-de-polemica\/#listItem","name":"La nueva categor\u00eda femenina de F3 comenz\u00f3 rodeada de pol\u00e9mica"},"previousItem":{"@type":"ListItem","@id":"https:\/\/www.eldigitaldeasturias.com\/noticias#listItem","name":"Home"}},{"@type":"ListItem","@id":"https:\/\/www.eldigitaldeasturias.com\/noticias\/la-nueva-categoria-femenina-de-f3-comenzo-rodeada-de-polemica\/#listItem","position":3,"name":"La nueva categor\u00eda femenina de F3 comenz\u00f3 rodeada de pol\u00e9mica","previousItem":{"@type":"ListItem","@id":"https:\/\/www.eldigitaldeasturias.com\/noticias\/category\/deportes\/#listItem","name":"Deportes"}}]},{"@type":"Organization","@id":"https:\/\/www.eldigitaldeasturias.com\/noticias\/#organization","name":"El Digital de Asturias","description":"Hemeroteca","url":"https:\/\/www.eldigitaldeasturias.com\/noticias\/","email":"info@eldigitaldeasturias.com","telephone":"+34652131393","logo":{"@type":"ImageObject","url":"https:\/\/www.eldigitaldeasturias.com\/noticias\/wp-content\/uploads\/2020\/12\/EDA.jpg","@id":"https:\/\/www.eldigitaldeasturias.com\/noticias\/la-nueva-categoria-femenina-de-f3-comenzo-rodeada-de-polemica\/#organizationLogo","width":649,"height":297},"image":{"@id":"https:\/\/www.eldigitaldeasturias.com\/noticias\/la-nueva-categoria-femenina-de-f3-comenzo-rodeada-de-polemica\/#organizationLogo"},"sameAs":["https:\/\/facebook.com\/eldigitaldeasturias","https:\/\/www.youtube.com\/channel\/UCZP-2wLEB9Rv6erhFmqVnvg"],"address":{"@id":"https:\/\/www.eldigitaldeasturias.com\/noticias\/#postaladdress","@type":"PostalAddress","streetAddress":"san antonio 4,","postalCode":"33430","addressLocality":"Cand\u00e1s","addressRegion":"Asturias","addressCountry":"ES"}},{"@type":"Person","@id":"https:\/\/www.eldigitaldeasturias.com\/noticias\/author\/admin\/#author","url":"https:\/\/www.eldigitaldeasturias.com\/noticias\/author\/admin\/","name":"El Digital de Asturias","image":{"@type":"ImageObject","@id":"https:\/\/www.eldigitaldeasturias.com\/noticias\/la-nueva-categoria-femenina-de-f3-comenzo-rodeada-de-polemica\/#authorImage","url":"https:\/\/www.eldigitaldeasturias.com\/noticias\/wp-content\/litespeed\/avatar\/18677e78aa0546b92d9dbf31ec7d7668.jpg?ver=1777290358","width":96,"height":96,"caption":"El Digital de Asturias"}},{"@type":"WebPage","@id":"https:\/\/www.eldigitaldeasturias.com\/noticias\/la-nueva-categoria-femenina-de-f3-comenzo-rodeada-de-polemica\/#webpage","url":"https:\/\/www.eldigitaldeasturias.com\/noticias\/la-nueva-categoria-femenina-de-f3-comenzo-rodeada-de-polemica\/","name":"La nueva categor\u00eda femenina de F3 comenz\u00f3 rodeada de pol\u00e9mica - El Digital de Asturias","description":"Hockenheim (dpa) \u2013 La primera edici\u00f3n del campeonato W Series, disputado exclusivamente por mujeres arranc\u00f3 el 4 de mayo en el legendario circuito alem\u00e1n de Hockenheim. El inicio de esta serie de carreras bajo el paraguas del Campeonato Alem\u00e1n de Turismos (DTM, por sus siglas en alem\u00e1n) dio lugar, desde su anuncio en octubre de","inLanguage":"es-ES","isPartOf":{"@id":"https:\/\/www.eldigitaldeasturias.com\/noticias\/#website"},"breadcrumb":{"@id":"https:\/\/www.eldigitaldeasturias.com\/noticias\/la-nueva-categoria-femenina-de-f3-comenzo-rodeada-de-polemica\/#breadcrumblist"},"author":{"@id":"https:\/\/www.eldigitaldeasturias.com\/noticias\/author\/admin\/#author"},"creator":{"@id":"https:\/\/www.eldigitaldeasturias.com\/noticias\/author\/admin\/#author"},"image":{"@type":"ImageObject","url":"https:\/\/www.eldigitaldeasturias.com\/noticias\/wp-content\/uploads\/2019\/05\/CAMPEONATO-F3-FEMENINO.jpg","@id":"https:\/\/www.eldigitaldeasturias.com\/noticias\/la-nueva-categoria-femenina-de-f3-comenzo-rodeada-de-polemica\/#mainImage","width":926,"height":677},"primaryImageOfPage":{"@id":"https:\/\/www.eldigitaldeasturias.com\/noticias\/la-nueva-categoria-femenina-de-f3-comenzo-rodeada-de-polemica\/#mainImage"},"datePublished":"2019-05-18T20:51:09+02:00","dateModified":"2019-05-18T20:51:09+02:00"},{"@type":"WebSite","@id":"https:\/\/www.eldigitaldeasturias.com\/noticias\/#website","url":"https:\/\/www.eldigitaldeasturias.com\/noticias\/","name":"El Digital de Asturias - Diario de actualidad y noticias","alternateName":"El Digital de Asturias - Diario de actualidad y noticias","description":"Hemeroteca","inLanguage":"es-ES","publisher":{"@id":"https:\/\/www.eldigitaldeasturias.com\/noticias\/#organization"}}]},"og:locale":"es_ES","og:site_name":"El Digital de Asturias","og:type":"article","og:title":"La nueva categor\u00eda femenina de F3 comenz\u00f3 rodeada de pol\u00e9mica - El Digital de Asturias","og:description":"Hockenheim (dpa) \u2013 La primera edici\u00f3n del campeonato W Series, disputado exclusivamente por mujeres arranc\u00f3 el 4 de mayo en el legendario circuito alem\u00e1n de Hockenheim. El inicio de esta serie de carreras bajo el paraguas del Campeonato Alem\u00e1n de Turismos (DTM, por sus siglas en alem\u00e1n) dio lugar, desde su anuncio en octubre de","og:url":"https:\/\/www.eldigitaldeasturias.com\/noticias\/la-nueva-categoria-femenina-de-f3-comenzo-rodeada-de-polemica\/","og:image":"https:\/\/www.eldigitaldeasturias.com\/noticias\/wp-content\/uploads\/2019\/05\/CAMPEONATO-F3-FEMENINO.jpg","og:image:secure_url":"https:\/\/www.eldigitaldeasturias.com\/noticias\/wp-content\/uploads\/2019\/05\/CAMPEONATO-F3-FEMENINO.jpg","og:image:width":926,"og:image:height":677,"article:tag":["deportes"],"article:published_time":"2019-05-18T20:51:09+00:00","article:modified_time":"2019-05-18T20:51:09+00:00","article:publisher":"https:\/\/facebook.com\/eldigitaldeasturias","twitter:card":"summary_large_image","twitter:title":"La nueva categor\u00eda femenina de F3 comenz\u00f3 rodeada de pol\u00e9mica - El Digital de Asturias","twitter:description":"Hockenheim (dpa) \u2013 La primera edici\u00f3n del campeonato W Series, disputado exclusivamente por mujeres arranc\u00f3 el 4 de mayo en el legendario circuito alem\u00e1n de Hockenheim. El inicio de esta serie de carreras bajo el paraguas del Campeonato Alem\u00e1n de Turismos (DTM, por sus siglas en alem\u00e1n) dio lugar, desde su anuncio en octubre de","twitter:image":"https:\/\/www.eldigitaldeasturias.com\/noticias\/wp-content\/uploads\/2019\/05\/CAMPEONATO-F3-FEMENINO.jpg","twitter:label1":"Escrito por","twitter:data1":"El Digital de Asturias","twitter:label2":"Tiempo de lectura estimado","twitter:data2":"4 minutos"},"aioseo_meta_data":{"post_id":"1027841","title":null,"description":null,"keywords":null,"keyphrases":null,"primary_term":null,"canonical_url":null,"og_title":null,"og_description":null,"og_object_type":"default","og_image_type":"default","og_image_url":null,"og_image_width":null,"og_image_height":null,"og_image_custom_url":null,"og_image_custom_fields":null,"og_video":null,"og_custom_url":null,"og_article_section":null,"og_article_tags":null,"twitter_use_og":false,"twitter_card":"default","twitter_image_type":"default","twitter_image_url":null,"twitter_image_custom_url":null,"twitter_image_custom_fields":null,"twitter_title":null,"twitter_description":null,"schema":{"blockGraphs":[],"customGraphs":[],"default":{"data":{"Article":[],"Course":[],"Dataset":[],"FAQPage":[],"Movie":[],"Person":[],"Product":[],"ProductReview":[],"Car":[],"Recipe":[],"Service":[],"SoftwareApplication":[],"WebPage":[]},"graphName":"","isEnabled":true},"graphs":[],"defaultGraph":"","defaultPostTypeGraph":""},"schema_type":null,"schema_type_options":null,"pillar_content":false,"robots_default":true,"robots_noindex":false,"robots_noarchive":false,"robots_nosnippet":false,"robots_nofollow":false,"robots_noimageindex":false,"robots_noodp":false,"robots_notranslate":false,"robots_max_snippet":null,"robots_max_videopreview":null,"robots_max_imagepreview":"large","priority":null,"frequency":null,"local_seo":null,"seo_analyzer_scan_date":"2025-10-18 06:49:07","breadcrumb_settings":null,"limit_modified_date":false,"open_ai":null,"ai":null,"created":"2020-12-21 11:11:41","updated":"2025-10-18 06:49:07"},"aioseo_breadcrumb":"<div class=\"aioseo-breadcrumbs\"><span class=\"aioseo-breadcrumb\">\n\t<a href=\"https:\/\/www.eldigitaldeasturias.com\/noticias\" title=\"Home\">Home<\/a>\n<\/span><span class=\"aioseo-breadcrumb-separator\">\u2013<\/span><span class=\"aioseo-breadcrumb\">\n\t<a href=\"https:\/\/www.eldigitaldeasturias.com\/noticias\/category\/deportes\/\" title=\"Deportes\">Deportes<\/a>\n<\/span><span class=\"aioseo-breadcrumb-separator\">\u2013<\/span><span class=\"aioseo-breadcrumb\">\n\t<a href=\"https:\/\/www.eldigitaldeasturias.com\/noticias\/la-nueva-categoria-femenina-de-f3-comenzo-rodeada-de-polemica\/\" title=\"La nueva categor\u00eda femenina de F3 comenz\u00f3 rodeada de pol\u00e9mica\">La nueva categor\u00eda femenina de F3 comenz\u00f3 rodeada de pol\u00e9mica<\/a>\n<\/span><\/div>","aioseo_breadcrumb_json":[{"label":"Home","link":"https:\/\/www.eldigitaldeasturias.com\/noticias"},{"label":"Deportes","link":"https:\/\/www.eldigitaldeasturias.com\/noticias\/category\/deportes\/"},{"label":"La nueva categor\u00eda femenina de F3 comenz\u00f3 rodeada de pol\u00e9mica","link":"https:\/\/www.eldigitaldeasturias.com\/noticias\/la-nueva-categoria-femenina-de-f3-comenzo-rodeada-de-polemica\/"}],"_links":{"self":[{"href":"https:\/\/www.eldigitaldeasturias.com\/noticias\/wp-json\/wp\/v2\/posts\/1027841","targetHints":{"allow":["GET"]}}],"collection":[{"href":"https:\/\/www.eldigitaldeasturias.com\/noticias\/wp-json\/wp\/v2\/posts"}],"about":[{"href":"https:\/\/www.eldigitaldeasturias.com\/noticias\/wp-json\/wp\/v2\/types\/post"}],"author":[{"embeddable":true,"href":"https:\/\/www.eldigitaldeasturias.com\/noticias\/wp-json\/wp\/v2\/users\/1"}],"replies":[{"embeddable":true,"href":"https:\/\/www.eldigitaldeasturias.com\/noticias\/wp-json\/wp\/v2\/comments?post=1027841"}],"version-history":[{"count":0,"href":"https:\/\/www.eldigitaldeasturias.com\/noticias\/wp-json\/wp\/v2\/posts\/1027841\/revisions"}],"wp:featuredmedia":[{"embeddable":true,"href":"https:\/\/www.eldigitaldeasturias.com\/noticias\/wp-json\/wp\/v2\/media\/1027842"}],"wp:attachment":[{"href":"https:\/\/www.eldigitaldeasturias.com\/noticias\/wp-json\/wp\/v2\/media?parent=1027841"}],"wp:term":[{"taxonomy":"category","embeddable":true,"href":"https:\/\/www.eldigitaldeasturias.com\/noticias\/wp-json\/wp\/v2\/categories?post=1027841"},{"taxonomy":"post_tag","embeddable":true,"href":"https:\/\/www.eldigitaldeasturias.com\/noticias\/wp-json\/wp\/v2\/tags?post=1027841"}],"curies":[{"name":"wp","href":"https:\/\/api.w.org\/{rel}","templated":true}]}}