{"id":1027745,"date":"2019-05-18T13:10:21","date_gmt":"2019-05-18T13:10:21","guid":{"rendered":"https:\/\/www.eldigitaldeasturias.com\/noticias\/?p=1027745"},"modified":"2019-05-18T13:10:21","modified_gmt":"2019-05-18T13:10:21","slug":"el-gobierno-de-espana-destinara-12-668-200-euros-para-financiar-programas-de-empleo","status":"publish","type":"post","link":"https:\/\/www.eldigitaldeasturias.com\/noticias\/el-gobierno-de-espana-destinara-12-668-200-euros-para-financiar-programas-de-empleo\/","title":{"rendered":"El Gobierno de Espa\u00f1a destinar\u00e1 12.668.200 euros para financiar programas de empleo"},"content":{"rendered":"<p><img loading=\"lazy\" decoding=\"async\" class=\"alignleft size-medium wp-image-1011836\" src=\"https:\/\/www.eldigitaldeasturias.com\/noticias\/wp-content\/uploads\/2018\/12\/money-1508434_960_720-360x219.jpg\" alt=\"\" width=\"360\" height=\"219\" srcset=\"https:\/\/www.eldigitaldeasturias.com\/noticias\/wp-content\/uploads\/2018\/12\/money-1508434_960_720-360x219.jpg 360w, https:\/\/www.eldigitaldeasturias.com\/noticias\/wp-content\/uploads\/2018\/12\/money-1508434_960_720-768x468.jpg 768w, https:\/\/www.eldigitaldeasturias.com\/noticias\/wp-content\/uploads\/2018\/12\/money-1508434_960_720-650x396.jpg 650w, https:\/\/www.eldigitaldeasturias.com\/noticias\/wp-content\/uploads\/2018\/12\/money-1508434_960_720.jpg 960w\" sizes=\"auto, (max-width: 360px) 100vw, 360px\" \/>De acuerdo con la informaci\u00f3n suministrada por el sitio web de La Moncloa, el Consejo de Ministros ha autorizado recientemente al Servicio P\u00fablico de Empleo Estatal (SEPE) la convocatoria de subvenciones para el a\u00f1o 2019 destinadas a financiar los programas de \u201cEscuelas Taller y Casas de Oficios y de Talleres de Empleo\u201d.<\/p>\n<p>El importe de la convocatoria asciende a 12.668.200 euros, a ejecutar en 2019 (10.358.200 euros) y 2020 (2.310.000 euros), que se financiar\u00e1n con cargo al presupuesto de gastos del SEPE de 2019.<\/p>\n<p>En este sentido, la ministra de Educaci\u00f3n y Formaci\u00f3n Profesional y portavoz del Gobierno en funciones, Isabel Cela\u00e1, ha destacado que estos centros se configuran como un programa mixto de empleo y formaci\u00f3n y tienen por objetivo mejorar la empleabilidad de personas desempleadas y facilitar su inserci\u00f3n laboral.<\/p>\n<p>Por otra parte, el Gobierno ha establecido las bases reguladoras para la concesi\u00f3n de subvenciones destinadas a programas plurirregionales de formaci\u00f3n dirigidos a los profesionales del mundo rural.<\/p>\n<p>Isabel Cela\u00e1 ha explicado que estas ayudas contar\u00e1n con una dotaci\u00f3n anual de aproximadamente dos millones euros y posibilitar\u00e1n la formaci\u00f3n de cerca de 16.000 profesionales del \u00e1mbito rural en cada ejercicio econ\u00f3mico mediante la impartici\u00f3n de 850 actuaciones formativas. Se otorgar\u00e1n a trav\u00e9s de convocatorias plurianuales que se publicar\u00e1n en el Bolet\u00edn Oficial del Estado.<\/p>\n","protected":false},"excerpt":{"rendered":"<p>De acuerdo con la informaci\u00f3n suministrada por el sitio web de La Moncloa, el Consejo de Ministros ha autorizado recientemente al Servicio P\u00fablico de Empleo Estatal (SEPE) la convocatoria de subvenciones para el a\u00f1o 2019 destinadas a financiar los programas de \u201cEscuelas Taller y Casas de Oficios y de Talleres de Empleo\u201d. El importe de [&hellip;]<\/p>\n","protected":false},"author":1,"featured_media":1011836,"comment_status":"closed","ping_status":"closed","sticky":false,"template":"","format":"standard","meta":{"footnotes":""},"categories":[187],"tags":[],"class_list":["post-1027745","post","type-post","status-publish","format-standard","has-post-thumbnail","hentry","category-economia"],"aioseo_notices":[],"aioseo_head":"\n\t\t<!-- All in One SEO Pro 4.9.6.2 - aioseo.com -->\n\t<meta name=\"description\" content=\"De acuerdo con la informaci\u00f3n suministrada por el sitio web de La Moncloa, el Consejo de Ministros ha autorizado recientemente al Servicio P\u00fablico de Empleo Estatal (SEPE) la convocatoria de subvenciones para el a\u00f1o 2019 destinadas a financiar los programas de \u201cEscuelas Taller y Casas de Oficios y de Talleres de Empleo\u201d. El importe de\" \/>\n\t<meta name=\"robots\" content=\"max-image-preview:large\" \/>\n\t<meta name=\"author\" content=\"El Digital de Asturias\"\/>\n\t<meta name=\"google-site-verification\" content=\"UA-38556648-1\" \/>\n\t<meta name=\"msvalidate.01\" content=\"7dfe9f3f1b24437ab69f4f2559babe99\" \/>\n\t<meta name=\"keywords\" content=\"econom\u00eda\" \/>\n\t<link rel=\"canonical\" href=\"https:\/\/www.eldigitaldeasturias.com\/noticias\/el-gobierno-de-espana-destinara-12-668-200-euros-para-financiar-programas-de-empleo\/\" \/>\n\t<meta name=\"generator\" content=\"All in One SEO Pro (AIOSEO) 4.9.6.2\" \/>\n\t\t<meta property=\"og:locale\" content=\"es_ES\" \/>\n\t\t<meta property=\"og:site_name\" content=\"El Digital de Asturias\" \/>\n\t\t<meta property=\"og:type\" content=\"article\" \/>\n\t\t<meta property=\"og:title\" content=\"El Gobierno de Espa\u00f1a destinar\u00e1 12.668.200 euros para financiar programas de empleo - El Digital de Asturias\" \/>\n\t\t<meta property=\"og:description\" content=\"De acuerdo con la informaci\u00f3n suministrada por el sitio web de La Moncloa, el Consejo de Ministros ha autorizado recientemente al Servicio P\u00fablico de Empleo Estatal (SEPE) la convocatoria de subvenciones para el a\u00f1o 2019 destinadas a financiar los programas de \u201cEscuelas Taller y Casas de Oficios y de Talleres de Empleo\u201d. El importe de\" \/>\n\t\t<meta property=\"og:url\" content=\"https:\/\/www.eldigitaldeasturias.com\/noticias\/el-gobierno-de-espana-destinara-12-668-200-euros-para-financiar-programas-de-empleo\/\" \/>\n\t\t<meta property=\"og:image\" content=\"https:\/\/www.eldigitaldeasturias.com\/noticias\/wp-content\/uploads\/2018\/12\/money-1508434_960_720.jpg\" \/>\n\t\t<meta property=\"og:image:secure_url\" content=\"https:\/\/www.eldigitaldeasturias.com\/noticias\/wp-content\/uploads\/2018\/12\/money-1508434_960_720.jpg\" \/>\n\t\t<meta property=\"og:image:width\" content=\"960\" \/>\n\t\t<meta property=\"og:image:height\" content=\"585\" \/>\n\t\t<meta property=\"article:tag\" content=\"econom\u00eda\" \/>\n\t\t<meta property=\"article:published_time\" content=\"2019-05-18T13:10:21+00:00\" \/>\n\t\t<meta property=\"article:modified_time\" content=\"2019-05-18T13:10:21+00:00\" \/>\n\t\t<meta property=\"article:publisher\" content=\"https:\/\/facebook.com\/eldigitaldeasturias\" \/>\n\t\t<meta name=\"twitter:card\" content=\"summary_large_image\" \/>\n\t\t<meta name=\"twitter:title\" content=\"El Gobierno de Espa\u00f1a destinar\u00e1 12.668.200 euros para financiar programas de empleo - El Digital de Asturias\" \/>\n\t\t<meta name=\"twitter:description\" content=\"De acuerdo con la informaci\u00f3n suministrada por el sitio web de La Moncloa, el Consejo de Ministros ha autorizado recientemente al Servicio P\u00fablico de Empleo Estatal (SEPE) la convocatoria de subvenciones para el a\u00f1o 2019 destinadas a financiar los programas de \u201cEscuelas Taller y Casas de Oficios y de Talleres de Empleo\u201d. El importe de\" \/>\n\t\t<meta name=\"twitter:image\" content=\"https:\/\/www.eldigitaldeasturias.com\/noticias\/wp-content\/uploads\/2018\/12\/money-1508434_960_720.jpg\" \/>\n\t\t<meta name=\"twitter:label1\" content=\"Escrito por\" \/>\n\t\t<meta name=\"twitter:data1\" content=\"El Digital de Asturias\" \/>\n\t\t<meta name=\"twitter:label2\" content=\"Tiempo de lectura estimado\" \/>\n\t\t<meta name=\"twitter:data2\" content=\"1 minuto\" \/>\n\t\t<script type=\"application\/ld+json\" class=\"aioseo-schema\">\n\t\t\t{\"@context\":\"https:\\\/\\\/schema.org\",\"@graph\":[{\"@type\":\"BlogPosting\",\"@id\":\"https:\\\/\\\/www.eldigitaldeasturias.com\\\/noticias\\\/el-gobierno-de-espana-destinara-12-668-200-euros-para-financiar-programas-de-empleo\\\/#blogposting\",\"name\":\"El Gobierno de Espa\\u00f1a destinar\\u00e1 12.668.200 euros para financiar programas de empleo - El Digital de Asturias\",\"headline\":\"El Gobierno de Espa\\u00f1a destinar\\u00e1 12.668.200 euros para financiar programas de empleo\",\"author\":{\"@id\":\"https:\\\/\\\/www.eldigitaldeasturias.com\\\/noticias\\\/author\\\/admin\\\/#author\"},\"publisher\":{\"@id\":\"https:\\\/\\\/www.eldigitaldeasturias.com\\\/noticias\\\/#organization\"},\"image\":{\"@type\":\"ImageObject\",\"url\":\"https:\\\/\\\/www.eldigitaldeasturias.com\\\/noticias\\\/wp-content\\\/uploads\\\/2018\\\/12\\\/money-1508434_960_720.jpg\",\"width\":960,\"height\":585},\"datePublished\":\"2019-05-18T13:10:21+02:00\",\"dateModified\":\"2019-05-18T13:10:21+02:00\",\"inLanguage\":\"es-ES\",\"mainEntityOfPage\":{\"@id\":\"https:\\\/\\\/www.eldigitaldeasturias.com\\\/noticias\\\/el-gobierno-de-espana-destinara-12-668-200-euros-para-financiar-programas-de-empleo\\\/#webpage\"},\"isPartOf\":{\"@id\":\"https:\\\/\\\/www.eldigitaldeasturias.com\\\/noticias\\\/el-gobierno-de-espana-destinara-12-668-200-euros-para-financiar-programas-de-empleo\\\/#webpage\"},\"articleSection\":\"Econom\\u00eda\"},{\"@type\":\"BreadcrumbList\",\"@id\":\"https:\\\/\\\/www.eldigitaldeasturias.com\\\/noticias\\\/el-gobierno-de-espana-destinara-12-668-200-euros-para-financiar-programas-de-empleo\\\/#breadcrumblist\",\"itemListElement\":[{\"@type\":\"ListItem\",\"@id\":\"https:\\\/\\\/www.eldigitaldeasturias.com\\\/noticias#listItem\",\"position\":1,\"name\":\"Home\",\"item\":\"https:\\\/\\\/www.eldigitaldeasturias.com\\\/noticias\",\"nextItem\":{\"@type\":\"ListItem\",\"@id\":\"https:\\\/\\\/www.eldigitaldeasturias.com\\\/noticias\\\/category\\\/economia\\\/#listItem\",\"name\":\"Econom\\u00eda\"}},{\"@type\":\"ListItem\",\"@id\":\"https:\\\/\\\/www.eldigitaldeasturias.com\\\/noticias\\\/category\\\/economia\\\/#listItem\",\"position\":2,\"name\":\"Econom\\u00eda\",\"item\":\"https:\\\/\\\/www.eldigitaldeasturias.com\\\/noticias\\\/category\\\/economia\\\/\",\"nextItem\":{\"@type\":\"ListItem\",\"@id\":\"https:\\\/\\\/www.eldigitaldeasturias.com\\\/noticias\\\/el-gobierno-de-espana-destinara-12-668-200-euros-para-financiar-programas-de-empleo\\\/#listItem\",\"name\":\"El Gobierno de Espa\\u00f1a destinar\\u00e1 12.668.200 euros para financiar programas de empleo\"},\"previousItem\":{\"@type\":\"ListItem\",\"@id\":\"https:\\\/\\\/www.eldigitaldeasturias.com\\\/noticias#listItem\",\"name\":\"Home\"}},{\"@type\":\"ListItem\",\"@id\":\"https:\\\/\\\/www.eldigitaldeasturias.com\\\/noticias\\\/el-gobierno-de-espana-destinara-12-668-200-euros-para-financiar-programas-de-empleo\\\/#listItem\",\"position\":3,\"name\":\"El Gobierno de Espa\\u00f1a destinar\\u00e1 12.668.200 euros para financiar programas de empleo\",\"previousItem\":{\"@type\":\"ListItem\",\"@id\":\"https:\\\/\\\/www.eldigitaldeasturias.com\\\/noticias\\\/category\\\/economia\\\/#listItem\",\"name\":\"Econom\\u00eda\"}}]},{\"@type\":\"Organization\",\"@id\":\"https:\\\/\\\/www.eldigitaldeasturias.com\\\/noticias\\\/#organization\",\"name\":\"El Digital de Asturias\",\"description\":\"Hemeroteca\",\"url\":\"https:\\\/\\\/www.eldigitaldeasturias.com\\\/noticias\\\/\",\"email\":\"info@eldigitaldeasturias.com\",\"telephone\":\"+34652131393\",\"logo\":{\"@type\":\"ImageObject\",\"url\":\"https:\\\/\\\/www.eldigitaldeasturias.com\\\/noticias\\\/wp-content\\\/uploads\\\/2020\\\/12\\\/EDA.jpg\",\"@id\":\"https:\\\/\\\/www.eldigitaldeasturias.com\\\/noticias\\\/el-gobierno-de-espana-destinara-12-668-200-euros-para-financiar-programas-de-empleo\\\/#organizationLogo\",\"width\":649,\"height\":297},\"image\":{\"@id\":\"https:\\\/\\\/www.eldigitaldeasturias.com\\\/noticias\\\/el-gobierno-de-espana-destinara-12-668-200-euros-para-financiar-programas-de-empleo\\\/#organizationLogo\"},\"sameAs\":[\"https:\\\/\\\/facebook.com\\\/eldigitaldeasturias\",\"https:\\\/\\\/www.youtube.com\\\/channel\\\/UCZP-2wLEB9Rv6erhFmqVnvg\"],\"address\":{\"@id\":\"https:\\\/\\\/www.eldigitaldeasturias.com\\\/noticias\\\/#postaladdress\",\"@type\":\"PostalAddress\",\"streetAddress\":\"san antonio 4,\",\"postalCode\":\"33430\",\"addressLocality\":\"Cand\\u00e1s\",\"addressRegion\":\"Asturias\",\"addressCountry\":\"ES\"}},{\"@type\":\"Person\",\"@id\":\"https:\\\/\\\/www.eldigitaldeasturias.com\\\/noticias\\\/author\\\/admin\\\/#author\",\"url\":\"https:\\\/\\\/www.eldigitaldeasturias.com\\\/noticias\\\/author\\\/admin\\\/\",\"name\":\"El Digital de Asturias\",\"image\":{\"@type\":\"ImageObject\",\"@id\":\"https:\\\/\\\/www.eldigitaldeasturias.com\\\/noticias\\\/el-gobierno-de-espana-destinara-12-668-200-euros-para-financiar-programas-de-empleo\\\/#authorImage\",\"url\":\"https:\\\/\\\/www.eldigitaldeasturias.com\\\/noticias\\\/wp-content\\\/litespeed\\\/avatar\\\/18677e78aa0546b92d9dbf31ec7d7668.jpg?ver=1776685526\",\"width\":96,\"height\":96,\"caption\":\"El Digital de Asturias\"}},{\"@type\":\"WebPage\",\"@id\":\"https:\\\/\\\/www.eldigitaldeasturias.com\\\/noticias\\\/el-gobierno-de-espana-destinara-12-668-200-euros-para-financiar-programas-de-empleo\\\/#webpage\",\"url\":\"https:\\\/\\\/www.eldigitaldeasturias.com\\\/noticias\\\/el-gobierno-de-espana-destinara-12-668-200-euros-para-financiar-programas-de-empleo\\\/\",\"name\":\"El Gobierno de Espa\\u00f1a destinar\\u00e1 12.668.200 euros para financiar programas de empleo - El Digital de Asturias\",\"description\":\"De acuerdo con la informaci\\u00f3n suministrada por el sitio web de La Moncloa, el Consejo de Ministros ha autorizado recientemente al Servicio P\\u00fablico de Empleo Estatal (SEPE) la convocatoria de subvenciones para el a\\u00f1o 2019 destinadas a financiar los programas de \\u201cEscuelas Taller y Casas de Oficios y de Talleres de Empleo\\u201d. El importe de\",\"inLanguage\":\"es-ES\",\"isPartOf\":{\"@id\":\"https:\\\/\\\/www.eldigitaldeasturias.com\\\/noticias\\\/#website\"},\"breadcrumb\":{\"@id\":\"https:\\\/\\\/www.eldigitaldeasturias.com\\\/noticias\\\/el-gobierno-de-espana-destinara-12-668-200-euros-para-financiar-programas-de-empleo\\\/#breadcrumblist\"},\"author\":{\"@id\":\"https:\\\/\\\/www.eldigitaldeasturias.com\\\/noticias\\\/author\\\/admin\\\/#author\"},\"creator\":{\"@id\":\"https:\\\/\\\/www.eldigitaldeasturias.com\\\/noticias\\\/author\\\/admin\\\/#author\"},\"image\":{\"@type\":\"ImageObject\",\"url\":\"https:\\\/\\\/www.eldigitaldeasturias.com\\\/noticias\\\/wp-content\\\/uploads\\\/2018\\\/12\\\/money-1508434_960_720.jpg\",\"@id\":\"https:\\\/\\\/www.eldigitaldeasturias.com\\\/noticias\\\/el-gobierno-de-espana-destinara-12-668-200-euros-para-financiar-programas-de-empleo\\\/#mainImage\",\"width\":960,\"height\":585},\"primaryImageOfPage\":{\"@id\":\"https:\\\/\\\/www.eldigitaldeasturias.com\\\/noticias\\\/el-gobierno-de-espana-destinara-12-668-200-euros-para-financiar-programas-de-empleo\\\/#mainImage\"},\"datePublished\":\"2019-05-18T13:10:21+02:00\",\"dateModified\":\"2019-05-18T13:10:21+02:00\"},{\"@type\":\"WebSite\",\"@id\":\"https:\\\/\\\/www.eldigitaldeasturias.com\\\/noticias\\\/#website\",\"url\":\"https:\\\/\\\/www.eldigitaldeasturias.com\\\/noticias\\\/\",\"name\":\"El Digital de Asturias - Diario de actualidad y noticias\",\"alternateName\":\"El Digital de Asturias - Diario de actualidad y noticias\",\"description\":\"Hemeroteca\",\"inLanguage\":\"es-ES\",\"publisher\":{\"@id\":\"https:\\\/\\\/www.eldigitaldeasturias.com\\\/noticias\\\/#organization\"}}]}\n\t\t<\/script>\n\t\t<!-- All in One SEO Pro -->\r\n\t\t<title>El Gobierno de Espa\u00f1a destinar\u00e1 12.668.200 euros para financiar programas de empleo - El Digital de Asturias<\/title>\n\n","aioseo_head_json":{"title":"El Gobierno de Espa\u00f1a destinar\u00e1 12.668.200 euros para financiar programas de empleo - El Digital de Asturias","description":"De acuerdo con la informaci\u00f3n suministrada por el sitio web de La Moncloa, el Consejo de Ministros ha autorizado recientemente al Servicio P\u00fablico de Empleo Estatal (SEPE) la convocatoria de subvenciones para el a\u00f1o 2019 destinadas a financiar los programas de \u201cEscuelas Taller y Casas de Oficios y de Talleres de Empleo\u201d. El importe de","canonical_url":"https:\/\/www.eldigitaldeasturias.com\/noticias\/el-gobierno-de-espana-destinara-12-668-200-euros-para-financiar-programas-de-empleo\/","robots":"max-image-preview:large","keywords":"econom\u00eda","webmasterTools":{"google-site-verification":"UA-38556648-1","msvalidate.01":"7dfe9f3f1b24437ab69f4f2559babe99","miscellaneous":""},"schema":{"@context":"https:\/\/schema.org","@graph":[{"@type":"BlogPosting","@id":"https:\/\/www.eldigitaldeasturias.com\/noticias\/el-gobierno-de-espana-destinara-12-668-200-euros-para-financiar-programas-de-empleo\/#blogposting","name":"El Gobierno de Espa\u00f1a destinar\u00e1 12.668.200 euros para financiar programas de empleo - El Digital de Asturias","headline":"El Gobierno de Espa\u00f1a destinar\u00e1 12.668.200 euros para financiar programas de empleo","author":{"@id":"https:\/\/www.eldigitaldeasturias.com\/noticias\/author\/admin\/#author"},"publisher":{"@id":"https:\/\/www.eldigitaldeasturias.com\/noticias\/#organization"},"image":{"@type":"ImageObject","url":"https:\/\/www.eldigitaldeasturias.com\/noticias\/wp-content\/uploads\/2018\/12\/money-1508434_960_720.jpg","width":960,"height":585},"datePublished":"2019-05-18T13:10:21+02:00","dateModified":"2019-05-18T13:10:21+02:00","inLanguage":"es-ES","mainEntityOfPage":{"@id":"https:\/\/www.eldigitaldeasturias.com\/noticias\/el-gobierno-de-espana-destinara-12-668-200-euros-para-financiar-programas-de-empleo\/#webpage"},"isPartOf":{"@id":"https:\/\/www.eldigitaldeasturias.com\/noticias\/el-gobierno-de-espana-destinara-12-668-200-euros-para-financiar-programas-de-empleo\/#webpage"},"articleSection":"Econom\u00eda"},{"@type":"BreadcrumbList","@id":"https:\/\/www.eldigitaldeasturias.com\/noticias\/el-gobierno-de-espana-destinara-12-668-200-euros-para-financiar-programas-de-empleo\/#breadcrumblist","itemListElement":[{"@type":"ListItem","@id":"https:\/\/www.eldigitaldeasturias.com\/noticias#listItem","position":1,"name":"Home","item":"https:\/\/www.eldigitaldeasturias.com\/noticias","nextItem":{"@type":"ListItem","@id":"https:\/\/www.eldigitaldeasturias.com\/noticias\/category\/economia\/#listItem","name":"Econom\u00eda"}},{"@type":"ListItem","@id":"https:\/\/www.eldigitaldeasturias.com\/noticias\/category\/economia\/#listItem","position":2,"name":"Econom\u00eda","item":"https:\/\/www.eldigitaldeasturias.com\/noticias\/category\/economia\/","nextItem":{"@type":"ListItem","@id":"https:\/\/www.eldigitaldeasturias.com\/noticias\/el-gobierno-de-espana-destinara-12-668-200-euros-para-financiar-programas-de-empleo\/#listItem","name":"El Gobierno de Espa\u00f1a destinar\u00e1 12.668.200 euros para financiar programas de empleo"},"previousItem":{"@type":"ListItem","@id":"https:\/\/www.eldigitaldeasturias.com\/noticias#listItem","name":"Home"}},{"@type":"ListItem","@id":"https:\/\/www.eldigitaldeasturias.com\/noticias\/el-gobierno-de-espana-destinara-12-668-200-euros-para-financiar-programas-de-empleo\/#listItem","position":3,"name":"El Gobierno de Espa\u00f1a destinar\u00e1 12.668.200 euros para financiar programas de empleo","previousItem":{"@type":"ListItem","@id":"https:\/\/www.eldigitaldeasturias.com\/noticias\/category\/economia\/#listItem","name":"Econom\u00eda"}}]},{"@type":"Organization","@id":"https:\/\/www.eldigitaldeasturias.com\/noticias\/#organization","name":"El Digital de Asturias","description":"Hemeroteca","url":"https:\/\/www.eldigitaldeasturias.com\/noticias\/","email":"info@eldigitaldeasturias.com","telephone":"+34652131393","logo":{"@type":"ImageObject","url":"https:\/\/www.eldigitaldeasturias.com\/noticias\/wp-content\/uploads\/2020\/12\/EDA.jpg","@id":"https:\/\/www.eldigitaldeasturias.com\/noticias\/el-gobierno-de-espana-destinara-12-668-200-euros-para-financiar-programas-de-empleo\/#organizationLogo","width":649,"height":297},"image":{"@id":"https:\/\/www.eldigitaldeasturias.com\/noticias\/el-gobierno-de-espana-destinara-12-668-200-euros-para-financiar-programas-de-empleo\/#organizationLogo"},"sameAs":["https:\/\/facebook.com\/eldigitaldeasturias","https:\/\/www.youtube.com\/channel\/UCZP-2wLEB9Rv6erhFmqVnvg"],"address":{"@id":"https:\/\/www.eldigitaldeasturias.com\/noticias\/#postaladdress","@type":"PostalAddress","streetAddress":"san antonio 4,","postalCode":"33430","addressLocality":"Cand\u00e1s","addressRegion":"Asturias","addressCountry":"ES"}},{"@type":"Person","@id":"https:\/\/www.eldigitaldeasturias.com\/noticias\/author\/admin\/#author","url":"https:\/\/www.eldigitaldeasturias.com\/noticias\/author\/admin\/","name":"El Digital de Asturias","image":{"@type":"ImageObject","@id":"https:\/\/www.eldigitaldeasturias.com\/noticias\/el-gobierno-de-espana-destinara-12-668-200-euros-para-financiar-programas-de-empleo\/#authorImage","url":"https:\/\/www.eldigitaldeasturias.com\/noticias\/wp-content\/litespeed\/avatar\/18677e78aa0546b92d9dbf31ec7d7668.jpg?ver=1776685526","width":96,"height":96,"caption":"El Digital de Asturias"}},{"@type":"WebPage","@id":"https:\/\/www.eldigitaldeasturias.com\/noticias\/el-gobierno-de-espana-destinara-12-668-200-euros-para-financiar-programas-de-empleo\/#webpage","url":"https:\/\/www.eldigitaldeasturias.com\/noticias\/el-gobierno-de-espana-destinara-12-668-200-euros-para-financiar-programas-de-empleo\/","name":"El Gobierno de Espa\u00f1a destinar\u00e1 12.668.200 euros para financiar programas de empleo - El Digital de Asturias","description":"De acuerdo con la informaci\u00f3n suministrada por el sitio web de La Moncloa, el Consejo de Ministros ha autorizado recientemente al Servicio P\u00fablico de Empleo Estatal (SEPE) la convocatoria de subvenciones para el a\u00f1o 2019 destinadas a financiar los programas de \u201cEscuelas Taller y Casas de Oficios y de Talleres de Empleo\u201d. El importe de","inLanguage":"es-ES","isPartOf":{"@id":"https:\/\/www.eldigitaldeasturias.com\/noticias\/#website"},"breadcrumb":{"@id":"https:\/\/www.eldigitaldeasturias.com\/noticias\/el-gobierno-de-espana-destinara-12-668-200-euros-para-financiar-programas-de-empleo\/#breadcrumblist"},"author":{"@id":"https:\/\/www.eldigitaldeasturias.com\/noticias\/author\/admin\/#author"},"creator":{"@id":"https:\/\/www.eldigitaldeasturias.com\/noticias\/author\/admin\/#author"},"image":{"@type":"ImageObject","url":"https:\/\/www.eldigitaldeasturias.com\/noticias\/wp-content\/uploads\/2018\/12\/money-1508434_960_720.jpg","@id":"https:\/\/www.eldigitaldeasturias.com\/noticias\/el-gobierno-de-espana-destinara-12-668-200-euros-para-financiar-programas-de-empleo\/#mainImage","width":960,"height":585},"primaryImageOfPage":{"@id":"https:\/\/www.eldigitaldeasturias.com\/noticias\/el-gobierno-de-espana-destinara-12-668-200-euros-para-financiar-programas-de-empleo\/#mainImage"},"datePublished":"2019-05-18T13:10:21+02:00","dateModified":"2019-05-18T13:10:21+02:00"},{"@type":"WebSite","@id":"https:\/\/www.eldigitaldeasturias.com\/noticias\/#website","url":"https:\/\/www.eldigitaldeasturias.com\/noticias\/","name":"El Digital de Asturias - Diario de actualidad y noticias","alternateName":"El Digital de Asturias - Diario de actualidad y noticias","description":"Hemeroteca","inLanguage":"es-ES","publisher":{"@id":"https:\/\/www.eldigitaldeasturias.com\/noticias\/#organization"}}]},"og:locale":"es_ES","og:site_name":"El Digital de Asturias","og:type":"article","og:title":"El Gobierno de Espa\u00f1a destinar\u00e1 12.668.200 euros para financiar programas de empleo - El Digital de Asturias","og:description":"De acuerdo con la informaci\u00f3n suministrada por el sitio web de La Moncloa, el Consejo de Ministros ha autorizado recientemente al Servicio P\u00fablico de Empleo Estatal (SEPE) la convocatoria de subvenciones para el a\u00f1o 2019 destinadas a financiar los programas de \u201cEscuelas Taller y Casas de Oficios y de Talleres de Empleo\u201d. El importe de","og:url":"https:\/\/www.eldigitaldeasturias.com\/noticias\/el-gobierno-de-espana-destinara-12-668-200-euros-para-financiar-programas-de-empleo\/","og:image":"https:\/\/www.eldigitaldeasturias.com\/noticias\/wp-content\/uploads\/2018\/12\/money-1508434_960_720.jpg","og:image:secure_url":"https:\/\/www.eldigitaldeasturias.com\/noticias\/wp-content\/uploads\/2018\/12\/money-1508434_960_720.jpg","og:image:width":960,"og:image:height":585,"article:tag":["econom\u00eda"],"article:published_time":"2019-05-18T13:10:21+00:00","article:modified_time":"2019-05-18T13:10:21+00:00","article:publisher":"https:\/\/facebook.com\/eldigitaldeasturias","twitter:card":"summary_large_image","twitter:title":"El Gobierno de Espa\u00f1a destinar\u00e1 12.668.200 euros para financiar programas de empleo - El Digital de Asturias","twitter:description":"De acuerdo con la informaci\u00f3n suministrada por el sitio web de La Moncloa, el Consejo de Ministros ha autorizado recientemente al Servicio P\u00fablico de Empleo Estatal (SEPE) la convocatoria de subvenciones para el a\u00f1o 2019 destinadas a financiar los programas de \u201cEscuelas Taller y Casas de Oficios y de Talleres de Empleo\u201d. El importe de","twitter:image":"https:\/\/www.eldigitaldeasturias.com\/noticias\/wp-content\/uploads\/2018\/12\/money-1508434_960_720.jpg","twitter:label1":"Escrito por","twitter:data1":"El Digital de Asturias","twitter:label2":"Tiempo de lectura estimado","twitter:data2":"1 minuto"},"aioseo_meta_data":{"post_id":"1027745","title":null,"description":null,"keywords":null,"keyphrases":null,"primary_term":null,"canonical_url":null,"og_title":null,"og_description":null,"og_object_type":"default","og_image_type":"default","og_image_url":null,"og_image_width":null,"og_image_height":null,"og_image_custom_url":null,"og_image_custom_fields":null,"og_video":null,"og_custom_url":null,"og_article_section":null,"og_article_tags":null,"twitter_use_og":false,"twitter_card":"default","twitter_image_type":"default","twitter_image_url":null,"twitter_image_custom_url":null,"twitter_image_custom_fields":null,"twitter_title":null,"twitter_description":null,"schema":{"blockGraphs":[],"customGraphs":[],"default":{"data":{"Article":[],"Course":[],"Dataset":[],"FAQPage":[],"Movie":[],"Person":[],"Product":[],"ProductReview":[],"Car":[],"Recipe":[],"Service":[],"SoftwareApplication":[],"WebPage":[]},"graphName":"","isEnabled":true},"graphs":[],"defaultGraph":"","defaultPostTypeGraph":""},"schema_type":null,"schema_type_options":null,"pillar_content":false,"robots_default":true,"robots_noindex":false,"robots_noarchive":false,"robots_nosnippet":false,"robots_nofollow":false,"robots_noimageindex":false,"robots_noodp":false,"robots_notranslate":false,"robots_max_snippet":null,"robots_max_videopreview":null,"robots_max_imagepreview":"large","priority":null,"frequency":null,"local_seo":null,"seo_analyzer_scan_date":"2025-10-18 06:30:08","breadcrumb_settings":null,"limit_modified_date":false,"open_ai":null,"ai":null,"created":"2020-12-21 11:11:42","updated":"2025-10-18 06:30:08"},"aioseo_breadcrumb":"<div class=\"aioseo-breadcrumbs\"><span class=\"aioseo-breadcrumb\">\n\t<a href=\"https:\/\/www.eldigitaldeasturias.com\/noticias\" title=\"Home\">Home<\/a>\n<\/span><span class=\"aioseo-breadcrumb-separator\">\u2013<\/span><span class=\"aioseo-breadcrumb\">\n\t<a href=\"https:\/\/www.eldigitaldeasturias.com\/noticias\/category\/economia\/\" title=\"Econom\u00eda\">Econom\u00eda<\/a>\n<\/span><span class=\"aioseo-breadcrumb-separator\">\u2013<\/span><span class=\"aioseo-breadcrumb\">\n\t<a href=\"https:\/\/www.eldigitaldeasturias.com\/noticias\/el-gobierno-de-espana-destinara-12-668-200-euros-para-financiar-programas-de-empleo\/\" title=\"El Gobierno de Espa\u00f1a destinar\u00e1 12.668.200 euros para financiar programas de empleo\">El Gobierno de Espa\u00f1a destinar\u00e1 12.668.200 euros para financiar programas de empleo<\/a>\n<\/span><\/div>","aioseo_breadcrumb_json":[{"label":"Home","link":"https:\/\/www.eldigitaldeasturias.com\/noticias"},{"label":"Econom\u00eda","link":"https:\/\/www.eldigitaldeasturias.com\/noticias\/category\/economia\/"},{"label":"El Gobierno de Espa\u00f1a destinar\u00e1 12.668.200 euros para financiar programas de empleo","link":"https:\/\/www.eldigitaldeasturias.com\/noticias\/el-gobierno-de-espana-destinara-12-668-200-euros-para-financiar-programas-de-empleo\/"}],"_links":{"self":[{"href":"https:\/\/www.eldigitaldeasturias.com\/noticias\/wp-json\/wp\/v2\/posts\/1027745","targetHints":{"allow":["GET"]}}],"collection":[{"href":"https:\/\/www.eldigitaldeasturias.com\/noticias\/wp-json\/wp\/v2\/posts"}],"about":[{"href":"https:\/\/www.eldigitaldeasturias.com\/noticias\/wp-json\/wp\/v2\/types\/post"}],"author":[{"embeddable":true,"href":"https:\/\/www.eldigitaldeasturias.com\/noticias\/wp-json\/wp\/v2\/users\/1"}],"replies":[{"embeddable":true,"href":"https:\/\/www.eldigitaldeasturias.com\/noticias\/wp-json\/wp\/v2\/comments?post=1027745"}],"version-history":[{"count":0,"href":"https:\/\/www.eldigitaldeasturias.com\/noticias\/wp-json\/wp\/v2\/posts\/1027745\/revisions"}],"wp:featuredmedia":[{"embeddable":true,"href":"https:\/\/www.eldigitaldeasturias.com\/noticias\/wp-json\/wp\/v2\/media\/1011836"}],"wp:attachment":[{"href":"https:\/\/www.eldigitaldeasturias.com\/noticias\/wp-json\/wp\/v2\/media?parent=1027745"}],"wp:term":[{"taxonomy":"category","embeddable":true,"href":"https:\/\/www.eldigitaldeasturias.com\/noticias\/wp-json\/wp\/v2\/categories?post=1027745"},{"taxonomy":"post_tag","embeddable":true,"href":"https:\/\/www.eldigitaldeasturias.com\/noticias\/wp-json\/wp\/v2\/tags?post=1027745"}],"curies":[{"name":"wp","href":"https:\/\/api.w.org\/{rel}","templated":true}]}}