{"id":1027735,"date":"2019-05-18T11:28:13","date_gmt":"2019-05-18T11:28:13","guid":{"rendered":"https:\/\/www.eldigitaldeasturias.com\/noticias\/?p=1027735"},"modified":"2019-05-18T11:28:13","modified_gmt":"2019-05-18T11:28:13","slug":"4556-millones-de-pasajeros-utilizaron-el-transporte-publico-durante-el-mes-de-marzo-de-2019","status":"publish","type":"post","link":"https:\/\/www.eldigitaldeasturias.com\/noticias\/4556-millones-de-pasajeros-utilizaron-el-transporte-publico-durante-el-mes-de-marzo-de-2019\/","title":{"rendered":"455,6 millones de pasajeros utilizaron el transporte p\u00fablico durante el mes de marzo de 2019"},"content":{"rendered":"<p><img loading=\"lazy\" decoding=\"async\" class=\"alignleft size-medium wp-image-574876\" src=\"https:\/\/www.eldigitaldeasturias.com\/noticias\/wp-content\/uploads\/2014\/08\/Serie_2700_de_FEVE-360x246.jpg\" alt=\"\" width=\"360\" height=\"246\" srcset=\"https:\/\/www.eldigitaldeasturias.com\/noticias\/wp-content\/uploads\/2014\/08\/Serie_2700_de_FEVE-360x246.jpg 360w, https:\/\/www.eldigitaldeasturias.com\/noticias\/wp-content\/uploads\/2014\/08\/Serie_2700_de_FEVE-650x444.jpg 650w, https:\/\/www.eldigitaldeasturias.com\/noticias\/wp-content\/uploads\/2014\/08\/Serie_2700_de_FEVE.jpg 659w\" sizes=\"auto, (max-width: 360px) 100vw, 360px\" \/>De acuerdo con un informe reciente publicado por el Instituto Nacional de Estad\u00edstica (INE), m\u00e1s de 455,6 millones de pasajeros de toda Espa\u00f1a utilizaron el transporte p\u00fablico durante el mes de marzo de 2019, un 8,9% m\u00e1s que en el mismo mes del a\u00f1o 2018.<\/p>\n<p>Igualmente, el informe indica que el uso del transporte urbano aument\u00f3 un 7,9% en la tasa anual y el interurbano un 11,5%. Dentro del transporte interurbano, destac\u00f3 el incremento del 14,2% en el transporte por ferrocarril durante el pasado mes de marzo.<\/p>\n<p>Finalmente, el INE se\u00f1al\u00f3 que el transporte por metro aument\u00f3 un 7,0% en tasa anual. El metro de Palma present\u00f3 el mayor incremento con 28,9% y el de Sevilla el \u00fanico descenso con \u221211,2%.<\/p>\n<p>Entre las ciudades que poseen metro, la mayor subida en el transporte por autob\u00fas se registra en Madrid con un 17,2% y la \u00fanica bajada en M\u00e1laga con un \u22121,2%.<\/p>\n","protected":false},"excerpt":{"rendered":"<p>De acuerdo con un informe reciente publicado por el Instituto Nacional de Estad\u00edstica (INE), m\u00e1s de 455,6 millones de pasajeros de toda Espa\u00f1a utilizaron el transporte p\u00fablico durante el mes de marzo de 2019, un 8,9% m\u00e1s que en el mismo mes del a\u00f1o 2018. Igualmente, el informe indica que el uso del transporte urbano [&hellip;]<\/p>\n","protected":false},"author":1,"featured_media":574876,"comment_status":"closed","ping_status":"closed","sticky":false,"template":"","format":"standard","meta":{"footnotes":""},"categories":[187],"tags":[],"class_list":["post-1027735","post","type-post","status-publish","format-standard","has-post-thumbnail","hentry","category-economia"],"aioseo_notices":[],"aioseo_head":"\n\t\t<!-- All in One SEO Pro 4.9.6.2 - aioseo.com -->\n\t<meta name=\"description\" content=\"De acuerdo con un informe reciente publicado por el Instituto Nacional de Estad\u00edstica (INE), m\u00e1s de 455,6 millones de pasajeros de toda Espa\u00f1a utilizaron el transporte p\u00fablico durante el mes de marzo de 2019, un 8,9% m\u00e1s que en el mismo mes del a\u00f1o 2018. Igualmente, el informe indica que el uso del transporte urbano\" \/>\n\t<meta name=\"robots\" content=\"max-image-preview:large\" \/>\n\t<meta name=\"author\" content=\"El Digital de Asturias\"\/>\n\t<meta name=\"google-site-verification\" content=\"UA-38556648-1\" \/>\n\t<meta name=\"msvalidate.01\" content=\"7dfe9f3f1b24437ab69f4f2559babe99\" \/>\n\t<meta name=\"keywords\" content=\"econom\u00eda\" \/>\n\t<link rel=\"canonical\" href=\"https:\/\/www.eldigitaldeasturias.com\/noticias\/4556-millones-de-pasajeros-utilizaron-el-transporte-publico-durante-el-mes-de-marzo-de-2019\/\" \/>\n\t<meta name=\"generator\" content=\"All in One SEO Pro (AIOSEO) 4.9.6.2\" \/>\n\t\t<meta property=\"og:locale\" content=\"es_ES\" \/>\n\t\t<meta property=\"og:site_name\" content=\"El Digital de Asturias\" \/>\n\t\t<meta property=\"og:type\" content=\"article\" \/>\n\t\t<meta property=\"og:title\" content=\"455,6 millones de pasajeros utilizaron el transporte p\u00fablico durante el mes de marzo de 2019 - El Digital de Asturias\" \/>\n\t\t<meta property=\"og:description\" content=\"De acuerdo con un informe reciente publicado por el Instituto Nacional de Estad\u00edstica (INE), m\u00e1s de 455,6 millones de pasajeros de toda Espa\u00f1a utilizaron el transporte p\u00fablico durante el mes de marzo de 2019, un 8,9% m\u00e1s que en el mismo mes del a\u00f1o 2018. Igualmente, el informe indica que el uso del transporte urbano\" \/>\n\t\t<meta property=\"og:url\" content=\"https:\/\/www.eldigitaldeasturias.com\/noticias\/4556-millones-de-pasajeros-utilizaron-el-transporte-publico-durante-el-mes-de-marzo-de-2019\/\" \/>\n\t\t<meta property=\"og:image\" content=\"https:\/\/www.eldigitaldeasturias.com\/noticias\/wp-content\/uploads\/2014\/08\/Serie_2700_de_FEVE.jpg\" \/>\n\t\t<meta property=\"og:image:secure_url\" content=\"https:\/\/www.eldigitaldeasturias.com\/noticias\/wp-content\/uploads\/2014\/08\/Serie_2700_de_FEVE.jpg\" \/>\n\t\t<meta property=\"og:image:width\" content=\"659\" \/>\n\t\t<meta property=\"og:image:height\" content=\"450\" \/>\n\t\t<meta property=\"article:tag\" content=\"econom\u00eda\" \/>\n\t\t<meta property=\"article:published_time\" content=\"2019-05-18T11:28:13+00:00\" \/>\n\t\t<meta property=\"article:modified_time\" content=\"2019-05-18T11:28:13+00:00\" \/>\n\t\t<meta property=\"article:publisher\" content=\"https:\/\/facebook.com\/eldigitaldeasturias\" \/>\n\t\t<meta name=\"twitter:card\" content=\"summary_large_image\" \/>\n\t\t<meta name=\"twitter:title\" content=\"455,6 millones de pasajeros utilizaron el transporte p\u00fablico durante el mes de marzo de 2019 - El Digital de Asturias\" \/>\n\t\t<meta name=\"twitter:description\" content=\"De acuerdo con un informe reciente publicado por el Instituto Nacional de Estad\u00edstica (INE), m\u00e1s de 455,6 millones de pasajeros de toda Espa\u00f1a utilizaron el transporte p\u00fablico durante el mes de marzo de 2019, un 8,9% m\u00e1s que en el mismo mes del a\u00f1o 2018. Igualmente, el informe indica que el uso del transporte urbano\" \/>\n\t\t<meta name=\"twitter:image\" content=\"https:\/\/www.eldigitaldeasturias.com\/noticias\/wp-content\/uploads\/2014\/08\/Serie_2700_de_FEVE.jpg\" \/>\n\t\t<meta name=\"twitter:label1\" content=\"Escrito por\" \/>\n\t\t<meta name=\"twitter:data1\" content=\"El Digital de Asturias\" \/>\n\t\t<meta name=\"twitter:label2\" content=\"Tiempo de lectura estimado\" \/>\n\t\t<meta name=\"twitter:data2\" content=\"1 minuto\" \/>\n\t\t<script type=\"application\/ld+json\" class=\"aioseo-schema\">\n\t\t\t{\"@context\":\"https:\\\/\\\/schema.org\",\"@graph\":[{\"@type\":\"BlogPosting\",\"@id\":\"https:\\\/\\\/www.eldigitaldeasturias.com\\\/noticias\\\/4556-millones-de-pasajeros-utilizaron-el-transporte-publico-durante-el-mes-de-marzo-de-2019\\\/#blogposting\",\"name\":\"455,6 millones de pasajeros utilizaron el transporte p\\u00fablico durante el mes de marzo de 2019 - El Digital de Asturias\",\"headline\":\"455,6 millones de pasajeros utilizaron el transporte p\\u00fablico durante el mes de marzo de 2019\",\"author\":{\"@id\":\"https:\\\/\\\/www.eldigitaldeasturias.com\\\/noticias\\\/author\\\/admin\\\/#author\"},\"publisher\":{\"@id\":\"https:\\\/\\\/www.eldigitaldeasturias.com\\\/noticias\\\/#organization\"},\"image\":{\"@type\":\"ImageObject\",\"url\":\"https:\\\/\\\/www.eldigitaldeasturias.com\\\/noticias\\\/wp-content\\\/uploads\\\/2014\\\/08\\\/Serie_2700_de_FEVE.jpg\",\"width\":659,\"height\":450},\"datePublished\":\"2019-05-18T11:28:13+02:00\",\"dateModified\":\"2019-05-18T11:28:13+02:00\",\"inLanguage\":\"es-ES\",\"mainEntityOfPage\":{\"@id\":\"https:\\\/\\\/www.eldigitaldeasturias.com\\\/noticias\\\/4556-millones-de-pasajeros-utilizaron-el-transporte-publico-durante-el-mes-de-marzo-de-2019\\\/#webpage\"},\"isPartOf\":{\"@id\":\"https:\\\/\\\/www.eldigitaldeasturias.com\\\/noticias\\\/4556-millones-de-pasajeros-utilizaron-el-transporte-publico-durante-el-mes-de-marzo-de-2019\\\/#webpage\"},\"articleSection\":\"Econom\\u00eda\"},{\"@type\":\"BreadcrumbList\",\"@id\":\"https:\\\/\\\/www.eldigitaldeasturias.com\\\/noticias\\\/4556-millones-de-pasajeros-utilizaron-el-transporte-publico-durante-el-mes-de-marzo-de-2019\\\/#breadcrumblist\",\"itemListElement\":[{\"@type\":\"ListItem\",\"@id\":\"https:\\\/\\\/www.eldigitaldeasturias.com\\\/noticias#listItem\",\"position\":1,\"name\":\"Home\",\"item\":\"https:\\\/\\\/www.eldigitaldeasturias.com\\\/noticias\",\"nextItem\":{\"@type\":\"ListItem\",\"@id\":\"https:\\\/\\\/www.eldigitaldeasturias.com\\\/noticias\\\/category\\\/economia\\\/#listItem\",\"name\":\"Econom\\u00eda\"}},{\"@type\":\"ListItem\",\"@id\":\"https:\\\/\\\/www.eldigitaldeasturias.com\\\/noticias\\\/category\\\/economia\\\/#listItem\",\"position\":2,\"name\":\"Econom\\u00eda\",\"item\":\"https:\\\/\\\/www.eldigitaldeasturias.com\\\/noticias\\\/category\\\/economia\\\/\",\"nextItem\":{\"@type\":\"ListItem\",\"@id\":\"https:\\\/\\\/www.eldigitaldeasturias.com\\\/noticias\\\/4556-millones-de-pasajeros-utilizaron-el-transporte-publico-durante-el-mes-de-marzo-de-2019\\\/#listItem\",\"name\":\"455,6 millones de pasajeros utilizaron el transporte p\\u00fablico durante el mes de marzo de 2019\"},\"previousItem\":{\"@type\":\"ListItem\",\"@id\":\"https:\\\/\\\/www.eldigitaldeasturias.com\\\/noticias#listItem\",\"name\":\"Home\"}},{\"@type\":\"ListItem\",\"@id\":\"https:\\\/\\\/www.eldigitaldeasturias.com\\\/noticias\\\/4556-millones-de-pasajeros-utilizaron-el-transporte-publico-durante-el-mes-de-marzo-de-2019\\\/#listItem\",\"position\":3,\"name\":\"455,6 millones de pasajeros utilizaron el transporte p\\u00fablico durante el mes de marzo de 2019\",\"previousItem\":{\"@type\":\"ListItem\",\"@id\":\"https:\\\/\\\/www.eldigitaldeasturias.com\\\/noticias\\\/category\\\/economia\\\/#listItem\",\"name\":\"Econom\\u00eda\"}}]},{\"@type\":\"Organization\",\"@id\":\"https:\\\/\\\/www.eldigitaldeasturias.com\\\/noticias\\\/#organization\",\"name\":\"El Digital de Asturias\",\"description\":\"Hemeroteca\",\"url\":\"https:\\\/\\\/www.eldigitaldeasturias.com\\\/noticias\\\/\",\"email\":\"info@eldigitaldeasturias.com\",\"telephone\":\"+34652131393\",\"logo\":{\"@type\":\"ImageObject\",\"url\":\"https:\\\/\\\/www.eldigitaldeasturias.com\\\/noticias\\\/wp-content\\\/uploads\\\/2020\\\/12\\\/EDA.jpg\",\"@id\":\"https:\\\/\\\/www.eldigitaldeasturias.com\\\/noticias\\\/4556-millones-de-pasajeros-utilizaron-el-transporte-publico-durante-el-mes-de-marzo-de-2019\\\/#organizationLogo\",\"width\":649,\"height\":297},\"image\":{\"@id\":\"https:\\\/\\\/www.eldigitaldeasturias.com\\\/noticias\\\/4556-millones-de-pasajeros-utilizaron-el-transporte-publico-durante-el-mes-de-marzo-de-2019\\\/#organizationLogo\"},\"sameAs\":[\"https:\\\/\\\/facebook.com\\\/eldigitaldeasturias\",\"https:\\\/\\\/www.youtube.com\\\/channel\\\/UCZP-2wLEB9Rv6erhFmqVnvg\"],\"address\":{\"@id\":\"https:\\\/\\\/www.eldigitaldeasturias.com\\\/noticias\\\/#postaladdress\",\"@type\":\"PostalAddress\",\"streetAddress\":\"san antonio 4,\",\"postalCode\":\"33430\",\"addressLocality\":\"Cand\\u00e1s\",\"addressRegion\":\"Asturias\",\"addressCountry\":\"ES\"}},{\"@type\":\"Person\",\"@id\":\"https:\\\/\\\/www.eldigitaldeasturias.com\\\/noticias\\\/author\\\/admin\\\/#author\",\"url\":\"https:\\\/\\\/www.eldigitaldeasturias.com\\\/noticias\\\/author\\\/admin\\\/\",\"name\":\"El Digital de Asturias\",\"image\":{\"@type\":\"ImageObject\",\"@id\":\"https:\\\/\\\/www.eldigitaldeasturias.com\\\/noticias\\\/4556-millones-de-pasajeros-utilizaron-el-transporte-publico-durante-el-mes-de-marzo-de-2019\\\/#authorImage\",\"url\":\"https:\\\/\\\/www.eldigitaldeasturias.com\\\/noticias\\\/wp-content\\\/litespeed\\\/avatar\\\/18677e78aa0546b92d9dbf31ec7d7668.jpg?ver=1776685526\",\"width\":96,\"height\":96,\"caption\":\"El Digital de Asturias\"}},{\"@type\":\"WebPage\",\"@id\":\"https:\\\/\\\/www.eldigitaldeasturias.com\\\/noticias\\\/4556-millones-de-pasajeros-utilizaron-el-transporte-publico-durante-el-mes-de-marzo-de-2019\\\/#webpage\",\"url\":\"https:\\\/\\\/www.eldigitaldeasturias.com\\\/noticias\\\/4556-millones-de-pasajeros-utilizaron-el-transporte-publico-durante-el-mes-de-marzo-de-2019\\\/\",\"name\":\"455,6 millones de pasajeros utilizaron el transporte p\\u00fablico durante el mes de marzo de 2019 - El Digital de Asturias\",\"description\":\"De acuerdo con un informe reciente publicado por el Instituto Nacional de Estad\\u00edstica (INE), m\\u00e1s de 455,6 millones de pasajeros de toda Espa\\u00f1a utilizaron el transporte p\\u00fablico durante el mes de marzo de 2019, un 8,9% m\\u00e1s que en el mismo mes del a\\u00f1o 2018. Igualmente, el informe indica que el uso del transporte urbano\",\"inLanguage\":\"es-ES\",\"isPartOf\":{\"@id\":\"https:\\\/\\\/www.eldigitaldeasturias.com\\\/noticias\\\/#website\"},\"breadcrumb\":{\"@id\":\"https:\\\/\\\/www.eldigitaldeasturias.com\\\/noticias\\\/4556-millones-de-pasajeros-utilizaron-el-transporte-publico-durante-el-mes-de-marzo-de-2019\\\/#breadcrumblist\"},\"author\":{\"@id\":\"https:\\\/\\\/www.eldigitaldeasturias.com\\\/noticias\\\/author\\\/admin\\\/#author\"},\"creator\":{\"@id\":\"https:\\\/\\\/www.eldigitaldeasturias.com\\\/noticias\\\/author\\\/admin\\\/#author\"},\"image\":{\"@type\":\"ImageObject\",\"url\":\"https:\\\/\\\/www.eldigitaldeasturias.com\\\/noticias\\\/wp-content\\\/uploads\\\/2014\\\/08\\\/Serie_2700_de_FEVE.jpg\",\"@id\":\"https:\\\/\\\/www.eldigitaldeasturias.com\\\/noticias\\\/4556-millones-de-pasajeros-utilizaron-el-transporte-publico-durante-el-mes-de-marzo-de-2019\\\/#mainImage\",\"width\":659,\"height\":450},\"primaryImageOfPage\":{\"@id\":\"https:\\\/\\\/www.eldigitaldeasturias.com\\\/noticias\\\/4556-millones-de-pasajeros-utilizaron-el-transporte-publico-durante-el-mes-de-marzo-de-2019\\\/#mainImage\"},\"datePublished\":\"2019-05-18T11:28:13+02:00\",\"dateModified\":\"2019-05-18T11:28:13+02:00\"},{\"@type\":\"WebSite\",\"@id\":\"https:\\\/\\\/www.eldigitaldeasturias.com\\\/noticias\\\/#website\",\"url\":\"https:\\\/\\\/www.eldigitaldeasturias.com\\\/noticias\\\/\",\"name\":\"El Digital de Asturias - Diario de actualidad y noticias\",\"alternateName\":\"El Digital de Asturias - Diario de actualidad y noticias\",\"description\":\"Hemeroteca\",\"inLanguage\":\"es-ES\",\"publisher\":{\"@id\":\"https:\\\/\\\/www.eldigitaldeasturias.com\\\/noticias\\\/#organization\"}}]}\n\t\t<\/script>\n\t\t<!-- All in One SEO Pro -->\r\n\t\t<title>455,6 millones de pasajeros utilizaron el transporte p\u00fablico durante el mes de marzo de 2019 - El Digital de Asturias<\/title>\n\n","aioseo_head_json":{"title":"455,6 millones de pasajeros utilizaron el transporte p\u00fablico durante el mes de marzo de 2019 - El Digital de Asturias","description":"De acuerdo con un informe reciente publicado por el Instituto Nacional de Estad\u00edstica (INE), m\u00e1s de 455,6 millones de pasajeros de toda Espa\u00f1a utilizaron el transporte p\u00fablico durante el mes de marzo de 2019, un 8,9% m\u00e1s que en el mismo mes del a\u00f1o 2018. Igualmente, el informe indica que el uso del transporte urbano","canonical_url":"https:\/\/www.eldigitaldeasturias.com\/noticias\/4556-millones-de-pasajeros-utilizaron-el-transporte-publico-durante-el-mes-de-marzo-de-2019\/","robots":"max-image-preview:large","keywords":"econom\u00eda","webmasterTools":{"google-site-verification":"UA-38556648-1","msvalidate.01":"7dfe9f3f1b24437ab69f4f2559babe99","miscellaneous":""},"schema":{"@context":"https:\/\/schema.org","@graph":[{"@type":"BlogPosting","@id":"https:\/\/www.eldigitaldeasturias.com\/noticias\/4556-millones-de-pasajeros-utilizaron-el-transporte-publico-durante-el-mes-de-marzo-de-2019\/#blogposting","name":"455,6 millones de pasajeros utilizaron el transporte p\u00fablico durante el mes de marzo de 2019 - El Digital de Asturias","headline":"455,6 millones de pasajeros utilizaron el transporte p\u00fablico durante el mes de marzo de 2019","author":{"@id":"https:\/\/www.eldigitaldeasturias.com\/noticias\/author\/admin\/#author"},"publisher":{"@id":"https:\/\/www.eldigitaldeasturias.com\/noticias\/#organization"},"image":{"@type":"ImageObject","url":"https:\/\/www.eldigitaldeasturias.com\/noticias\/wp-content\/uploads\/2014\/08\/Serie_2700_de_FEVE.jpg","width":659,"height":450},"datePublished":"2019-05-18T11:28:13+02:00","dateModified":"2019-05-18T11:28:13+02:00","inLanguage":"es-ES","mainEntityOfPage":{"@id":"https:\/\/www.eldigitaldeasturias.com\/noticias\/4556-millones-de-pasajeros-utilizaron-el-transporte-publico-durante-el-mes-de-marzo-de-2019\/#webpage"},"isPartOf":{"@id":"https:\/\/www.eldigitaldeasturias.com\/noticias\/4556-millones-de-pasajeros-utilizaron-el-transporte-publico-durante-el-mes-de-marzo-de-2019\/#webpage"},"articleSection":"Econom\u00eda"},{"@type":"BreadcrumbList","@id":"https:\/\/www.eldigitaldeasturias.com\/noticias\/4556-millones-de-pasajeros-utilizaron-el-transporte-publico-durante-el-mes-de-marzo-de-2019\/#breadcrumblist","itemListElement":[{"@type":"ListItem","@id":"https:\/\/www.eldigitaldeasturias.com\/noticias#listItem","position":1,"name":"Home","item":"https:\/\/www.eldigitaldeasturias.com\/noticias","nextItem":{"@type":"ListItem","@id":"https:\/\/www.eldigitaldeasturias.com\/noticias\/category\/economia\/#listItem","name":"Econom\u00eda"}},{"@type":"ListItem","@id":"https:\/\/www.eldigitaldeasturias.com\/noticias\/category\/economia\/#listItem","position":2,"name":"Econom\u00eda","item":"https:\/\/www.eldigitaldeasturias.com\/noticias\/category\/economia\/","nextItem":{"@type":"ListItem","@id":"https:\/\/www.eldigitaldeasturias.com\/noticias\/4556-millones-de-pasajeros-utilizaron-el-transporte-publico-durante-el-mes-de-marzo-de-2019\/#listItem","name":"455,6 millones de pasajeros utilizaron el transporte p\u00fablico durante el mes de marzo de 2019"},"previousItem":{"@type":"ListItem","@id":"https:\/\/www.eldigitaldeasturias.com\/noticias#listItem","name":"Home"}},{"@type":"ListItem","@id":"https:\/\/www.eldigitaldeasturias.com\/noticias\/4556-millones-de-pasajeros-utilizaron-el-transporte-publico-durante-el-mes-de-marzo-de-2019\/#listItem","position":3,"name":"455,6 millones de pasajeros utilizaron el transporte p\u00fablico durante el mes de marzo de 2019","previousItem":{"@type":"ListItem","@id":"https:\/\/www.eldigitaldeasturias.com\/noticias\/category\/economia\/#listItem","name":"Econom\u00eda"}}]},{"@type":"Organization","@id":"https:\/\/www.eldigitaldeasturias.com\/noticias\/#organization","name":"El Digital de Asturias","description":"Hemeroteca","url":"https:\/\/www.eldigitaldeasturias.com\/noticias\/","email":"info@eldigitaldeasturias.com","telephone":"+34652131393","logo":{"@type":"ImageObject","url":"https:\/\/www.eldigitaldeasturias.com\/noticias\/wp-content\/uploads\/2020\/12\/EDA.jpg","@id":"https:\/\/www.eldigitaldeasturias.com\/noticias\/4556-millones-de-pasajeros-utilizaron-el-transporte-publico-durante-el-mes-de-marzo-de-2019\/#organizationLogo","width":649,"height":297},"image":{"@id":"https:\/\/www.eldigitaldeasturias.com\/noticias\/4556-millones-de-pasajeros-utilizaron-el-transporte-publico-durante-el-mes-de-marzo-de-2019\/#organizationLogo"},"sameAs":["https:\/\/facebook.com\/eldigitaldeasturias","https:\/\/www.youtube.com\/channel\/UCZP-2wLEB9Rv6erhFmqVnvg"],"address":{"@id":"https:\/\/www.eldigitaldeasturias.com\/noticias\/#postaladdress","@type":"PostalAddress","streetAddress":"san antonio 4,","postalCode":"33430","addressLocality":"Cand\u00e1s","addressRegion":"Asturias","addressCountry":"ES"}},{"@type":"Person","@id":"https:\/\/www.eldigitaldeasturias.com\/noticias\/author\/admin\/#author","url":"https:\/\/www.eldigitaldeasturias.com\/noticias\/author\/admin\/","name":"El Digital de Asturias","image":{"@type":"ImageObject","@id":"https:\/\/www.eldigitaldeasturias.com\/noticias\/4556-millones-de-pasajeros-utilizaron-el-transporte-publico-durante-el-mes-de-marzo-de-2019\/#authorImage","url":"https:\/\/www.eldigitaldeasturias.com\/noticias\/wp-content\/litespeed\/avatar\/18677e78aa0546b92d9dbf31ec7d7668.jpg?ver=1776685526","width":96,"height":96,"caption":"El Digital de Asturias"}},{"@type":"WebPage","@id":"https:\/\/www.eldigitaldeasturias.com\/noticias\/4556-millones-de-pasajeros-utilizaron-el-transporte-publico-durante-el-mes-de-marzo-de-2019\/#webpage","url":"https:\/\/www.eldigitaldeasturias.com\/noticias\/4556-millones-de-pasajeros-utilizaron-el-transporte-publico-durante-el-mes-de-marzo-de-2019\/","name":"455,6 millones de pasajeros utilizaron el transporte p\u00fablico durante el mes de marzo de 2019 - El Digital de Asturias","description":"De acuerdo con un informe reciente publicado por el Instituto Nacional de Estad\u00edstica (INE), m\u00e1s de 455,6 millones de pasajeros de toda Espa\u00f1a utilizaron el transporte p\u00fablico durante el mes de marzo de 2019, un 8,9% m\u00e1s que en el mismo mes del a\u00f1o 2018. Igualmente, el informe indica que el uso del transporte urbano","inLanguage":"es-ES","isPartOf":{"@id":"https:\/\/www.eldigitaldeasturias.com\/noticias\/#website"},"breadcrumb":{"@id":"https:\/\/www.eldigitaldeasturias.com\/noticias\/4556-millones-de-pasajeros-utilizaron-el-transporte-publico-durante-el-mes-de-marzo-de-2019\/#breadcrumblist"},"author":{"@id":"https:\/\/www.eldigitaldeasturias.com\/noticias\/author\/admin\/#author"},"creator":{"@id":"https:\/\/www.eldigitaldeasturias.com\/noticias\/author\/admin\/#author"},"image":{"@type":"ImageObject","url":"https:\/\/www.eldigitaldeasturias.com\/noticias\/wp-content\/uploads\/2014\/08\/Serie_2700_de_FEVE.jpg","@id":"https:\/\/www.eldigitaldeasturias.com\/noticias\/4556-millones-de-pasajeros-utilizaron-el-transporte-publico-durante-el-mes-de-marzo-de-2019\/#mainImage","width":659,"height":450},"primaryImageOfPage":{"@id":"https:\/\/www.eldigitaldeasturias.com\/noticias\/4556-millones-de-pasajeros-utilizaron-el-transporte-publico-durante-el-mes-de-marzo-de-2019\/#mainImage"},"datePublished":"2019-05-18T11:28:13+02:00","dateModified":"2019-05-18T11:28:13+02:00"},{"@type":"WebSite","@id":"https:\/\/www.eldigitaldeasturias.com\/noticias\/#website","url":"https:\/\/www.eldigitaldeasturias.com\/noticias\/","name":"El Digital de Asturias - Diario de actualidad y noticias","alternateName":"El Digital de Asturias - Diario de actualidad y noticias","description":"Hemeroteca","inLanguage":"es-ES","publisher":{"@id":"https:\/\/www.eldigitaldeasturias.com\/noticias\/#organization"}}]},"og:locale":"es_ES","og:site_name":"El Digital de Asturias","og:type":"article","og:title":"455,6 millones de pasajeros utilizaron el transporte p\u00fablico durante el mes de marzo de 2019 - El Digital de Asturias","og:description":"De acuerdo con un informe reciente publicado por el Instituto Nacional de Estad\u00edstica (INE), m\u00e1s de 455,6 millones de pasajeros de toda Espa\u00f1a utilizaron el transporte p\u00fablico durante el mes de marzo de 2019, un 8,9% m\u00e1s que en el mismo mes del a\u00f1o 2018. Igualmente, el informe indica que el uso del transporte urbano","og:url":"https:\/\/www.eldigitaldeasturias.com\/noticias\/4556-millones-de-pasajeros-utilizaron-el-transporte-publico-durante-el-mes-de-marzo-de-2019\/","og:image":"https:\/\/www.eldigitaldeasturias.com\/noticias\/wp-content\/uploads\/2014\/08\/Serie_2700_de_FEVE.jpg","og:image:secure_url":"https:\/\/www.eldigitaldeasturias.com\/noticias\/wp-content\/uploads\/2014\/08\/Serie_2700_de_FEVE.jpg","og:image:width":659,"og:image:height":450,"article:tag":["econom\u00eda"],"article:published_time":"2019-05-18T11:28:13+00:00","article:modified_time":"2019-05-18T11:28:13+00:00","article:publisher":"https:\/\/facebook.com\/eldigitaldeasturias","twitter:card":"summary_large_image","twitter:title":"455,6 millones de pasajeros utilizaron el transporte p\u00fablico durante el mes de marzo de 2019 - El Digital de Asturias","twitter:description":"De acuerdo con un informe reciente publicado por el Instituto Nacional de Estad\u00edstica (INE), m\u00e1s de 455,6 millones de pasajeros de toda Espa\u00f1a utilizaron el transporte p\u00fablico durante el mes de marzo de 2019, un 8,9% m\u00e1s que en el mismo mes del a\u00f1o 2018. Igualmente, el informe indica que el uso del transporte urbano","twitter:image":"https:\/\/www.eldigitaldeasturias.com\/noticias\/wp-content\/uploads\/2014\/08\/Serie_2700_de_FEVE.jpg","twitter:label1":"Escrito por","twitter:data1":"El Digital de Asturias","twitter:label2":"Tiempo de lectura estimado","twitter:data2":"1 minuto"},"aioseo_meta_data":{"post_id":"1027735","title":null,"description":null,"keywords":null,"keyphrases":null,"primary_term":null,"canonical_url":null,"og_title":null,"og_description":null,"og_object_type":"default","og_image_type":"default","og_image_url":null,"og_image_width":null,"og_image_height":null,"og_image_custom_url":null,"og_image_custom_fields":null,"og_video":null,"og_custom_url":null,"og_article_section":null,"og_article_tags":null,"twitter_use_og":false,"twitter_card":"default","twitter_image_type":"default","twitter_image_url":null,"twitter_image_custom_url":null,"twitter_image_custom_fields":null,"twitter_title":null,"twitter_description":null,"schema":{"blockGraphs":[],"customGraphs":[],"default":{"data":{"Article":[],"Course":[],"Dataset":[],"FAQPage":[],"Movie":[],"Person":[],"Product":[],"ProductReview":[],"Car":[],"Recipe":[],"Service":[],"SoftwareApplication":[],"WebPage":[]},"graphName":"","isEnabled":true},"graphs":[],"defaultGraph":"","defaultPostTypeGraph":""},"schema_type":null,"schema_type_options":null,"pillar_content":false,"robots_default":true,"robots_noindex":false,"robots_noarchive":false,"robots_nosnippet":false,"robots_nofollow":false,"robots_noimageindex":false,"robots_noodp":false,"robots_notranslate":false,"robots_max_snippet":null,"robots_max_videopreview":null,"robots_max_imagepreview":"large","priority":null,"frequency":null,"local_seo":null,"seo_analyzer_scan_date":"2025-10-18 06:28:09","breadcrumb_settings":null,"limit_modified_date":false,"open_ai":null,"ai":null,"created":"2020-12-21 11:11:42","updated":"2025-10-18 06:28:09"},"aioseo_breadcrumb":"<div class=\"aioseo-breadcrumbs\"><span class=\"aioseo-breadcrumb\">\n\t<a href=\"https:\/\/www.eldigitaldeasturias.com\/noticias\" title=\"Home\">Home<\/a>\n<\/span><span class=\"aioseo-breadcrumb-separator\">\u2013<\/span><span class=\"aioseo-breadcrumb\">\n\t<a href=\"https:\/\/www.eldigitaldeasturias.com\/noticias\/category\/economia\/\" title=\"Econom\u00eda\">Econom\u00eda<\/a>\n<\/span><span class=\"aioseo-breadcrumb-separator\">\u2013<\/span><span class=\"aioseo-breadcrumb\">\n\t<a href=\"https:\/\/www.eldigitaldeasturias.com\/noticias\/4556-millones-de-pasajeros-utilizaron-el-transporte-publico-durante-el-mes-de-marzo-de-2019\/\" title=\"455,6 millones de pasajeros utilizaron el transporte p\u00fablico durante el mes de marzo de 2019\">455,6 millones de pasajeros utilizaron el transporte p\u00fablico durante el mes de marzo de 2019<\/a>\n<\/span><\/div>","aioseo_breadcrumb_json":[{"label":"Home","link":"https:\/\/www.eldigitaldeasturias.com\/noticias"},{"label":"Econom\u00eda","link":"https:\/\/www.eldigitaldeasturias.com\/noticias\/category\/economia\/"},{"label":"455,6 millones de pasajeros utilizaron el transporte p\u00fablico durante el mes de marzo de 2019","link":"https:\/\/www.eldigitaldeasturias.com\/noticias\/4556-millones-de-pasajeros-utilizaron-el-transporte-publico-durante-el-mes-de-marzo-de-2019\/"}],"_links":{"self":[{"href":"https:\/\/www.eldigitaldeasturias.com\/noticias\/wp-json\/wp\/v2\/posts\/1027735","targetHints":{"allow":["GET"]}}],"collection":[{"href":"https:\/\/www.eldigitaldeasturias.com\/noticias\/wp-json\/wp\/v2\/posts"}],"about":[{"href":"https:\/\/www.eldigitaldeasturias.com\/noticias\/wp-json\/wp\/v2\/types\/post"}],"author":[{"embeddable":true,"href":"https:\/\/www.eldigitaldeasturias.com\/noticias\/wp-json\/wp\/v2\/users\/1"}],"replies":[{"embeddable":true,"href":"https:\/\/www.eldigitaldeasturias.com\/noticias\/wp-json\/wp\/v2\/comments?post=1027735"}],"version-history":[{"count":0,"href":"https:\/\/www.eldigitaldeasturias.com\/noticias\/wp-json\/wp\/v2\/posts\/1027735\/revisions"}],"wp:featuredmedia":[{"embeddable":true,"href":"https:\/\/www.eldigitaldeasturias.com\/noticias\/wp-json\/wp\/v2\/media\/574876"}],"wp:attachment":[{"href":"https:\/\/www.eldigitaldeasturias.com\/noticias\/wp-json\/wp\/v2\/media?parent=1027735"}],"wp:term":[{"taxonomy":"category","embeddable":true,"href":"https:\/\/www.eldigitaldeasturias.com\/noticias\/wp-json\/wp\/v2\/categories?post=1027735"},{"taxonomy":"post_tag","embeddable":true,"href":"https:\/\/www.eldigitaldeasturias.com\/noticias\/wp-json\/wp\/v2\/tags?post=1027735"}],"curies":[{"name":"wp","href":"https:\/\/api.w.org\/{rel}","templated":true}]}}