{"id":1027704,"date":"2019-05-17T19:24:58","date_gmt":"2019-05-17T19:24:58","guid":{"rendered":"https:\/\/www.eldigitaldeasturias.com\/noticias\/?p=1027704"},"modified":"2019-05-17T19:24:58","modified_gmt":"2019-05-17T19:24:58","slug":"schneider-electric-participa-en-effie-virtual-congress","status":"publish","type":"post","link":"https:\/\/www.eldigitaldeasturias.com\/noticias\/schneider-electric-participa-en-effie-virtual-congress\/","title":{"rendered":"Schneider Electric participa en Effie Virtual Congress"},"content":{"rendered":"<p><span style=\"color: #ff6600;\"><a style=\"color: #ff6600;\" href=\"http:\/\/www.se.com\/es\/es\" target=\"_blank\" rel=\"nofollow noopener noreferrer\"><strong><img loading=\"lazy\" decoding=\"async\" class=\"alignleft size-medium wp-image-1027705\" src=\"https:\/\/www.eldigitaldeasturias.com\/noticias\/wp-content\/uploads\/2019\/05\/1558086704_Schneider_Electric_participa_en_el_Effie_Virtual_Congress_la_primera_feria_100_virtual_sobre_eficiencia_energtica-360x193.jpg\" alt=\"\" width=\"360\" height=\"193\" srcset=\"https:\/\/www.eldigitaldeasturias.com\/noticias\/wp-content\/uploads\/2019\/05\/1558086704_Schneider_Electric_participa_en_el_Effie_Virtual_Congress_la_primera_feria_100_virtual_sobre_eficiencia_energtica-360x193.jpg 360w, https:\/\/www.eldigitaldeasturias.com\/noticias\/wp-content\/uploads\/2019\/05\/1558086704_Schneider_Electric_participa_en_el_Effie_Virtual_Congress_la_primera_feria_100_virtual_sobre_eficiencia_energtica-768x412.jpg 768w, https:\/\/www.eldigitaldeasturias.com\/noticias\/wp-content\/uploads\/2019\/05\/1558086704_Schneider_Electric_participa_en_el_Effie_Virtual_Congress_la_primera_feria_100_virtual_sobre_eficiencia_energtica-650x349.jpg 650w, https:\/\/www.eldigitaldeasturias.com\/noticias\/wp-content\/uploads\/2019\/05\/1558086704_Schneider_Electric_participa_en_el_Effie_Virtual_Congress_la_primera_feria_100_virtual_sobre_eficiencia_energtica-420x225.jpg 420w, https:\/\/www.eldigitaldeasturias.com\/noticias\/wp-content\/uploads\/2019\/05\/1558086704_Schneider_Electric_participa_en_el_Effie_Virtual_Congress_la_primera_feria_100_virtual_sobre_eficiencia_energtica.jpg 1650w\" sizes=\"auto, (max-width: 360px) 100vw, 360px\" \/>Schneider Electric<\/strong><\/a><\/span>, l\u00edder en la transformaci\u00f3n digital de la gesti\u00f3n de la energ\u00eda y la automatizaci\u00f3n, participa en el\u00a0<strong>Effie Virtual Congress<\/strong>, la primera feria internacional virtual de eficiencia energ\u00e9tica, organizada por startup espa\u00f1ola Walcon Virtual durante los d\u00edas 8 y 9 de mayo y que, debido al gran \u00e9xito de p\u00fablico, se ha prorrogado hasta este s\u00e1bado 11 de mayo. Con un\u00a0<strong>innovador formato, el evento re\u00fane<\/strong>\u00a0a las empresas y entidades m\u00e1s destacadas de la industria, y especialmente aquellas que promueven el ahorro y la eficiencia energ\u00e9tica. En el evento,\u00a0<strong>Schneider Electric presenta diversas soluciones de confort, eficiencia, conectividad y seguridad para el sector residencial y terciario<\/strong>.<\/p>\n<p>Durante estos cuatro d\u00edas, el Effie Virtual Congress reproduce virtualmente los espacios habituales en este tipo de encuentros, con conferencias, expositores, pabellones, y espacios de networking, reuniendo adem\u00e1s\u00a0<strong>algunos de los principales l\u00edderes nacionales e internacionales del sector<\/strong>. Los participantes al congreso pueden asistir al evento c\u00f3modamente a trav\u00e9s de un avatar personalizable desde cualquier dispositivo con conexi\u00f3n a Internet, y pueden interactuar con los dem\u00e1s participantes por chat o por voz, adem\u00e1s de acudir a las diferentes conferencias, participar en las din\u00e1micas que proponen las empresas y conocer las novedades de los expositores.<\/p>\n<p>En este sentido,<strong>\u00a0Schneider Electric<\/strong>\u00a0est\u00e1 presente dando a conocer algunas de sus soluciones m\u00e1s innovadoras para el sector residencial y terciario, pensadas para optimizar el confort, la eficiencia, la conectividad y la seguridad de sus usuarios. Entre ellas, destaca una selecci\u00f3n de\u00a0<strong>dispositivos Smart que potencian la interacci\u00f3n de profesionales y consumidores finales con los sistemas energ\u00e9ticos, ya sea en el hogar o en el peque\u00f1o terciario<\/strong>, como la gama de mecanismos New Unica y la app Wiser, la gesti\u00f3n remota y protecci\u00f3n, supervisi\u00f3n y gesti\u00f3n en tiempo real de cuadros el\u00e9ctricos inteligentes con IC40, PowerTag o la app EcoStruxure Facility Expert for Small Business.<\/p>\n<p>Schneider Electric tambi\u00e9n comparte sus novedades en herramientas digitales especialmente pensadas para facilitarles el trabajo a los profesionales electricistas, como mySchneider Instalador, con el que pueden gestionar su agenda de clientes, realizar presupuestos r\u00e1pidamente, encontrar toda la informaci\u00f3n de productos y contactar con el centro de atenci\u00f3n a clientes de Schneider Electric; o las herramientas eDesign, que permiten dise\u00f1ar f\u00e1cilmente cuadros el\u00e9ctricos para viviendas, y eConfigure KNX Lite, para dise\u00f1ar y mantener sistemas de automatizaci\u00f3n para viviendas y sector terciario. Adem\u00e1s, los visitantes profesionales de la feria pueden encontrar toda la informaci\u00f3n sobre el Programa de Partners de electricistas de Schneider Electric, para acceder a contenidos actualizados del sector y herramientas para su trabajo diario.<\/p>\n","protected":false},"excerpt":{"rendered":"<p>Schneider Electric, l\u00edder en la transformaci\u00f3n digital de la gesti\u00f3n de la energ\u00eda y la automatizaci\u00f3n, participa en el\u00a0Effie Virtual Congress, la primera feria internacional virtual de eficiencia energ\u00e9tica, organizada por startup espa\u00f1ola Walcon Virtual durante los d\u00edas 8 y 9 de mayo y que, debido al gran \u00e9xito de p\u00fablico, se ha prorrogado hasta [&hellip;]<\/p>\n","protected":false},"author":1,"featured_media":1027705,"comment_status":"closed","ping_status":"closed","sticky":false,"template":"","format":"standard","meta":{"footnotes":""},"categories":[219],"tags":[],"class_list":["post-1027704","post","type-post","status-publish","format-standard","has-post-thumbnail","hentry","category-negocios-y-empresas"],"aioseo_notices":[],"aioseo_head":"\n\t\t<!-- All in One SEO Pro 4.9.6.2 - aioseo.com -->\n\t<meta name=\"description\" content=\"Schneider Electric, l\u00edder en la transformaci\u00f3n digital de la gesti\u00f3n de la energ\u00eda y la automatizaci\u00f3n, participa en el Effie Virtual Congress, la primera feria internacional virtual de eficiencia energ\u00e9tica, organizada por startup espa\u00f1ola Walcon Virtual durante los d\u00edas 8 y 9 de mayo y que, debido al gran \u00e9xito de p\u00fablico, se ha prorrogado hasta\" \/>\n\t<meta name=\"robots\" content=\"max-image-preview:large\" \/>\n\t<meta name=\"author\" content=\"El Digital de Asturias\"\/>\n\t<meta name=\"google-site-verification\" content=\"UA-38556648-1\" \/>\n\t<meta name=\"msvalidate.01\" content=\"7dfe9f3f1b24437ab69f4f2559babe99\" \/>\n\t<meta name=\"keywords\" content=\"negocios y empresas\" \/>\n\t<link rel=\"canonical\" href=\"https:\/\/www.eldigitaldeasturias.com\/noticias\/schneider-electric-participa-en-effie-virtual-congress\/\" \/>\n\t<meta name=\"generator\" content=\"All in One SEO Pro (AIOSEO) 4.9.6.2\" \/>\n\t\t<meta property=\"og:locale\" content=\"es_ES\" \/>\n\t\t<meta property=\"og:site_name\" content=\"El Digital de Asturias\" \/>\n\t\t<meta property=\"og:type\" content=\"article\" \/>\n\t\t<meta property=\"og:title\" content=\"Schneider Electric participa en Effie Virtual Congress - El Digital de Asturias\" \/>\n\t\t<meta property=\"og:description\" content=\"Schneider Electric, l\u00edder en la transformaci\u00f3n digital de la gesti\u00f3n de la energ\u00eda y la automatizaci\u00f3n, participa en el Effie Virtual Congress, la primera feria internacional virtual de eficiencia energ\u00e9tica, organizada por startup espa\u00f1ola Walcon Virtual durante los d\u00edas 8 y 9 de mayo y que, debido al gran \u00e9xito de p\u00fablico, se ha prorrogado hasta\" \/>\n\t\t<meta property=\"og:url\" content=\"https:\/\/www.eldigitaldeasturias.com\/noticias\/schneider-electric-participa-en-effie-virtual-congress\/\" \/>\n\t\t<meta property=\"og:image\" content=\"https:\/\/www.eldigitaldeasturias.com\/noticias\/wp-content\/uploads\/2019\/05\/1558086704_Schneider_Electric_participa_en_el_Effie_Virtual_Congress_la_primera_feria_100_virtual_sobre_eficiencia_energtica.jpg\" \/>\n\t\t<meta property=\"og:image:secure_url\" content=\"https:\/\/www.eldigitaldeasturias.com\/noticias\/wp-content\/uploads\/2019\/05\/1558086704_Schneider_Electric_participa_en_el_Effie_Virtual_Congress_la_primera_feria_100_virtual_sobre_eficiencia_energtica.jpg\" \/>\n\t\t<meta property=\"og:image:width\" content=\"1650\" \/>\n\t\t<meta property=\"og:image:height\" content=\"885\" \/>\n\t\t<meta property=\"article:tag\" content=\"negocios y empresas\" \/>\n\t\t<meta property=\"article:published_time\" content=\"2019-05-17T19:24:58+00:00\" \/>\n\t\t<meta property=\"article:modified_time\" content=\"2019-05-17T19:24:58+00:00\" \/>\n\t\t<meta property=\"article:publisher\" content=\"https:\/\/facebook.com\/eldigitaldeasturias\" \/>\n\t\t<meta name=\"twitter:card\" content=\"summary_large_image\" \/>\n\t\t<meta name=\"twitter:title\" content=\"Schneider Electric participa en Effie Virtual Congress - El Digital de Asturias\" \/>\n\t\t<meta name=\"twitter:description\" content=\"Schneider Electric, l\u00edder en la transformaci\u00f3n digital de la gesti\u00f3n de la energ\u00eda y la automatizaci\u00f3n, participa en el Effie Virtual Congress, la primera feria internacional virtual de eficiencia energ\u00e9tica, organizada por startup espa\u00f1ola Walcon Virtual durante los d\u00edas 8 y 9 de mayo y que, debido al gran \u00e9xito de p\u00fablico, se ha prorrogado hasta\" \/>\n\t\t<meta name=\"twitter:image\" content=\"https:\/\/www.eldigitaldeasturias.com\/noticias\/wp-content\/uploads\/2019\/05\/1558086704_Schneider_Electric_participa_en_el_Effie_Virtual_Congress_la_primera_feria_100_virtual_sobre_eficiencia_energtica.jpg\" \/>\n\t\t<meta name=\"twitter:label1\" content=\"Escrito por\" \/>\n\t\t<meta name=\"twitter:data1\" content=\"El Digital de Asturias\" \/>\n\t\t<meta name=\"twitter:label2\" content=\"Tiempo de lectura estimado\" \/>\n\t\t<meta name=\"twitter:data2\" content=\"2 minutos\" \/>\n\t\t<script type=\"application\/ld+json\" class=\"aioseo-schema\">\n\t\t\t{\"@context\":\"https:\\\/\\\/schema.org\",\"@graph\":[{\"@type\":\"BlogPosting\",\"@id\":\"https:\\\/\\\/www.eldigitaldeasturias.com\\\/noticias\\\/schneider-electric-participa-en-effie-virtual-congress\\\/#blogposting\",\"name\":\"Schneider Electric participa en Effie Virtual Congress - El Digital de Asturias\",\"headline\":\"Schneider Electric participa en Effie Virtual Congress\",\"author\":{\"@id\":\"https:\\\/\\\/www.eldigitaldeasturias.com\\\/noticias\\\/author\\\/admin\\\/#author\"},\"publisher\":{\"@id\":\"https:\\\/\\\/www.eldigitaldeasturias.com\\\/noticias\\\/#organization\"},\"image\":{\"@type\":\"ImageObject\",\"url\":\"https:\\\/\\\/www.eldigitaldeasturias.com\\\/noticias\\\/wp-content\\\/uploads\\\/2019\\\/05\\\/1558086704_Schneider_Electric_participa_en_el_Effie_Virtual_Congress_la_primera_feria_100_virtual_sobre_eficiencia_energtica.jpg\",\"width\":1650,\"height\":885},\"datePublished\":\"2019-05-17T19:24:58+02:00\",\"dateModified\":\"2019-05-17T19:24:58+02:00\",\"inLanguage\":\"es-ES\",\"mainEntityOfPage\":{\"@id\":\"https:\\\/\\\/www.eldigitaldeasturias.com\\\/noticias\\\/schneider-electric-participa-en-effie-virtual-congress\\\/#webpage\"},\"isPartOf\":{\"@id\":\"https:\\\/\\\/www.eldigitaldeasturias.com\\\/noticias\\\/schneider-electric-participa-en-effie-virtual-congress\\\/#webpage\"},\"articleSection\":\"Negocios y Empresas\"},{\"@type\":\"BreadcrumbList\",\"@id\":\"https:\\\/\\\/www.eldigitaldeasturias.com\\\/noticias\\\/schneider-electric-participa-en-effie-virtual-congress\\\/#breadcrumblist\",\"itemListElement\":[{\"@type\":\"ListItem\",\"@id\":\"https:\\\/\\\/www.eldigitaldeasturias.com\\\/noticias#listItem\",\"position\":1,\"name\":\"Home\",\"item\":\"https:\\\/\\\/www.eldigitaldeasturias.com\\\/noticias\",\"nextItem\":{\"@type\":\"ListItem\",\"@id\":\"https:\\\/\\\/www.eldigitaldeasturias.com\\\/noticias\\\/category\\\/negocios-y-empresas\\\/#listItem\",\"name\":\"Negocios y Empresas\"}},{\"@type\":\"ListItem\",\"@id\":\"https:\\\/\\\/www.eldigitaldeasturias.com\\\/noticias\\\/category\\\/negocios-y-empresas\\\/#listItem\",\"position\":2,\"name\":\"Negocios y Empresas\",\"item\":\"https:\\\/\\\/www.eldigitaldeasturias.com\\\/noticias\\\/category\\\/negocios-y-empresas\\\/\",\"nextItem\":{\"@type\":\"ListItem\",\"@id\":\"https:\\\/\\\/www.eldigitaldeasturias.com\\\/noticias\\\/schneider-electric-participa-en-effie-virtual-congress\\\/#listItem\",\"name\":\"Schneider Electric participa en Effie Virtual Congress\"},\"previousItem\":{\"@type\":\"ListItem\",\"@id\":\"https:\\\/\\\/www.eldigitaldeasturias.com\\\/noticias#listItem\",\"name\":\"Home\"}},{\"@type\":\"ListItem\",\"@id\":\"https:\\\/\\\/www.eldigitaldeasturias.com\\\/noticias\\\/schneider-electric-participa-en-effie-virtual-congress\\\/#listItem\",\"position\":3,\"name\":\"Schneider Electric participa en Effie Virtual Congress\",\"previousItem\":{\"@type\":\"ListItem\",\"@id\":\"https:\\\/\\\/www.eldigitaldeasturias.com\\\/noticias\\\/category\\\/negocios-y-empresas\\\/#listItem\",\"name\":\"Negocios y Empresas\"}}]},{\"@type\":\"Organization\",\"@id\":\"https:\\\/\\\/www.eldigitaldeasturias.com\\\/noticias\\\/#organization\",\"name\":\"El Digital de Asturias\",\"description\":\"Hemeroteca\",\"url\":\"https:\\\/\\\/www.eldigitaldeasturias.com\\\/noticias\\\/\",\"email\":\"info@eldigitaldeasturias.com\",\"telephone\":\"+34652131393\",\"logo\":{\"@type\":\"ImageObject\",\"url\":\"https:\\\/\\\/www.eldigitaldeasturias.com\\\/noticias\\\/wp-content\\\/uploads\\\/2020\\\/12\\\/EDA.jpg\",\"@id\":\"https:\\\/\\\/www.eldigitaldeasturias.com\\\/noticias\\\/schneider-electric-participa-en-effie-virtual-congress\\\/#organizationLogo\",\"width\":649,\"height\":297},\"image\":{\"@id\":\"https:\\\/\\\/www.eldigitaldeasturias.com\\\/noticias\\\/schneider-electric-participa-en-effie-virtual-congress\\\/#organizationLogo\"},\"sameAs\":[\"https:\\\/\\\/facebook.com\\\/eldigitaldeasturias\",\"https:\\\/\\\/www.youtube.com\\\/channel\\\/UCZP-2wLEB9Rv6erhFmqVnvg\"],\"address\":{\"@id\":\"https:\\\/\\\/www.eldigitaldeasturias.com\\\/noticias\\\/#postaladdress\",\"@type\":\"PostalAddress\",\"streetAddress\":\"san antonio 4,\",\"postalCode\":\"33430\",\"addressLocality\":\"Cand\\u00e1s\",\"addressRegion\":\"Asturias\",\"addressCountry\":\"ES\"}},{\"@type\":\"Person\",\"@id\":\"https:\\\/\\\/www.eldigitaldeasturias.com\\\/noticias\\\/author\\\/admin\\\/#author\",\"url\":\"https:\\\/\\\/www.eldigitaldeasturias.com\\\/noticias\\\/author\\\/admin\\\/\",\"name\":\"El Digital de Asturias\",\"image\":{\"@type\":\"ImageObject\",\"@id\":\"https:\\\/\\\/www.eldigitaldeasturias.com\\\/noticias\\\/schneider-electric-participa-en-effie-virtual-congress\\\/#authorImage\",\"url\":\"https:\\\/\\\/www.eldigitaldeasturias.com\\\/noticias\\\/wp-content\\\/litespeed\\\/avatar\\\/18677e78aa0546b92d9dbf31ec7d7668.jpg?ver=1776685526\",\"width\":96,\"height\":96,\"caption\":\"El Digital de Asturias\"}},{\"@type\":\"WebPage\",\"@id\":\"https:\\\/\\\/www.eldigitaldeasturias.com\\\/noticias\\\/schneider-electric-participa-en-effie-virtual-congress\\\/#webpage\",\"url\":\"https:\\\/\\\/www.eldigitaldeasturias.com\\\/noticias\\\/schneider-electric-participa-en-effie-virtual-congress\\\/\",\"name\":\"Schneider Electric participa en Effie Virtual Congress - El Digital de Asturias\",\"description\":\"Schneider Electric, l\\u00edder en la transformaci\\u00f3n digital de la gesti\\u00f3n de la energ\\u00eda y la automatizaci\\u00f3n, participa en el Effie Virtual Congress, la primera feria internacional virtual de eficiencia energ\\u00e9tica, organizada por startup espa\\u00f1ola Walcon Virtual durante los d\\u00edas 8 y 9 de mayo y que, debido al gran \\u00e9xito de p\\u00fablico, se ha prorrogado hasta\",\"inLanguage\":\"es-ES\",\"isPartOf\":{\"@id\":\"https:\\\/\\\/www.eldigitaldeasturias.com\\\/noticias\\\/#website\"},\"breadcrumb\":{\"@id\":\"https:\\\/\\\/www.eldigitaldeasturias.com\\\/noticias\\\/schneider-electric-participa-en-effie-virtual-congress\\\/#breadcrumblist\"},\"author\":{\"@id\":\"https:\\\/\\\/www.eldigitaldeasturias.com\\\/noticias\\\/author\\\/admin\\\/#author\"},\"creator\":{\"@id\":\"https:\\\/\\\/www.eldigitaldeasturias.com\\\/noticias\\\/author\\\/admin\\\/#author\"},\"image\":{\"@type\":\"ImageObject\",\"url\":\"https:\\\/\\\/www.eldigitaldeasturias.com\\\/noticias\\\/wp-content\\\/uploads\\\/2019\\\/05\\\/1558086704_Schneider_Electric_participa_en_el_Effie_Virtual_Congress_la_primera_feria_100_virtual_sobre_eficiencia_energtica.jpg\",\"@id\":\"https:\\\/\\\/www.eldigitaldeasturias.com\\\/noticias\\\/schneider-electric-participa-en-effie-virtual-congress\\\/#mainImage\",\"width\":1650,\"height\":885},\"primaryImageOfPage\":{\"@id\":\"https:\\\/\\\/www.eldigitaldeasturias.com\\\/noticias\\\/schneider-electric-participa-en-effie-virtual-congress\\\/#mainImage\"},\"datePublished\":\"2019-05-17T19:24:58+02:00\",\"dateModified\":\"2019-05-17T19:24:58+02:00\"},{\"@type\":\"WebSite\",\"@id\":\"https:\\\/\\\/www.eldigitaldeasturias.com\\\/noticias\\\/#website\",\"url\":\"https:\\\/\\\/www.eldigitaldeasturias.com\\\/noticias\\\/\",\"name\":\"El Digital de Asturias - Diario de actualidad y noticias\",\"alternateName\":\"El Digital de Asturias - Diario de actualidad y noticias\",\"description\":\"Hemeroteca\",\"inLanguage\":\"es-ES\",\"publisher\":{\"@id\":\"https:\\\/\\\/www.eldigitaldeasturias.com\\\/noticias\\\/#organization\"}}]}\n\t\t<\/script>\n\t\t<!-- All in One SEO Pro -->\r\n\t\t<title>Schneider Electric participa en Effie Virtual Congress - El Digital de Asturias<\/title>\n\n","aioseo_head_json":{"title":"Schneider Electric participa en Effie Virtual Congress - El Digital de Asturias","description":"Schneider Electric, l\u00edder en la transformaci\u00f3n digital de la gesti\u00f3n de la energ\u00eda y la automatizaci\u00f3n, participa en el Effie Virtual Congress, la primera feria internacional virtual de eficiencia energ\u00e9tica, organizada por startup espa\u00f1ola Walcon Virtual durante los d\u00edas 8 y 9 de mayo y que, debido al gran \u00e9xito de p\u00fablico, se ha prorrogado hasta","canonical_url":"https:\/\/www.eldigitaldeasturias.com\/noticias\/schneider-electric-participa-en-effie-virtual-congress\/","robots":"max-image-preview:large","keywords":"negocios y empresas","webmasterTools":{"google-site-verification":"UA-38556648-1","msvalidate.01":"7dfe9f3f1b24437ab69f4f2559babe99","miscellaneous":""},"schema":{"@context":"https:\/\/schema.org","@graph":[{"@type":"BlogPosting","@id":"https:\/\/www.eldigitaldeasturias.com\/noticias\/schneider-electric-participa-en-effie-virtual-congress\/#blogposting","name":"Schneider Electric participa en Effie Virtual Congress - El Digital de Asturias","headline":"Schneider Electric participa en Effie Virtual Congress","author":{"@id":"https:\/\/www.eldigitaldeasturias.com\/noticias\/author\/admin\/#author"},"publisher":{"@id":"https:\/\/www.eldigitaldeasturias.com\/noticias\/#organization"},"image":{"@type":"ImageObject","url":"https:\/\/www.eldigitaldeasturias.com\/noticias\/wp-content\/uploads\/2019\/05\/1558086704_Schneider_Electric_participa_en_el_Effie_Virtual_Congress_la_primera_feria_100_virtual_sobre_eficiencia_energtica.jpg","width":1650,"height":885},"datePublished":"2019-05-17T19:24:58+02:00","dateModified":"2019-05-17T19:24:58+02:00","inLanguage":"es-ES","mainEntityOfPage":{"@id":"https:\/\/www.eldigitaldeasturias.com\/noticias\/schneider-electric-participa-en-effie-virtual-congress\/#webpage"},"isPartOf":{"@id":"https:\/\/www.eldigitaldeasturias.com\/noticias\/schneider-electric-participa-en-effie-virtual-congress\/#webpage"},"articleSection":"Negocios y Empresas"},{"@type":"BreadcrumbList","@id":"https:\/\/www.eldigitaldeasturias.com\/noticias\/schneider-electric-participa-en-effie-virtual-congress\/#breadcrumblist","itemListElement":[{"@type":"ListItem","@id":"https:\/\/www.eldigitaldeasturias.com\/noticias#listItem","position":1,"name":"Home","item":"https:\/\/www.eldigitaldeasturias.com\/noticias","nextItem":{"@type":"ListItem","@id":"https:\/\/www.eldigitaldeasturias.com\/noticias\/category\/negocios-y-empresas\/#listItem","name":"Negocios y Empresas"}},{"@type":"ListItem","@id":"https:\/\/www.eldigitaldeasturias.com\/noticias\/category\/negocios-y-empresas\/#listItem","position":2,"name":"Negocios y Empresas","item":"https:\/\/www.eldigitaldeasturias.com\/noticias\/category\/negocios-y-empresas\/","nextItem":{"@type":"ListItem","@id":"https:\/\/www.eldigitaldeasturias.com\/noticias\/schneider-electric-participa-en-effie-virtual-congress\/#listItem","name":"Schneider Electric participa en Effie Virtual Congress"},"previousItem":{"@type":"ListItem","@id":"https:\/\/www.eldigitaldeasturias.com\/noticias#listItem","name":"Home"}},{"@type":"ListItem","@id":"https:\/\/www.eldigitaldeasturias.com\/noticias\/schneider-electric-participa-en-effie-virtual-congress\/#listItem","position":3,"name":"Schneider Electric participa en Effie Virtual Congress","previousItem":{"@type":"ListItem","@id":"https:\/\/www.eldigitaldeasturias.com\/noticias\/category\/negocios-y-empresas\/#listItem","name":"Negocios y Empresas"}}]},{"@type":"Organization","@id":"https:\/\/www.eldigitaldeasturias.com\/noticias\/#organization","name":"El Digital de Asturias","description":"Hemeroteca","url":"https:\/\/www.eldigitaldeasturias.com\/noticias\/","email":"info@eldigitaldeasturias.com","telephone":"+34652131393","logo":{"@type":"ImageObject","url":"https:\/\/www.eldigitaldeasturias.com\/noticias\/wp-content\/uploads\/2020\/12\/EDA.jpg","@id":"https:\/\/www.eldigitaldeasturias.com\/noticias\/schneider-electric-participa-en-effie-virtual-congress\/#organizationLogo","width":649,"height":297},"image":{"@id":"https:\/\/www.eldigitaldeasturias.com\/noticias\/schneider-electric-participa-en-effie-virtual-congress\/#organizationLogo"},"sameAs":["https:\/\/facebook.com\/eldigitaldeasturias","https:\/\/www.youtube.com\/channel\/UCZP-2wLEB9Rv6erhFmqVnvg"],"address":{"@id":"https:\/\/www.eldigitaldeasturias.com\/noticias\/#postaladdress","@type":"PostalAddress","streetAddress":"san antonio 4,","postalCode":"33430","addressLocality":"Cand\u00e1s","addressRegion":"Asturias","addressCountry":"ES"}},{"@type":"Person","@id":"https:\/\/www.eldigitaldeasturias.com\/noticias\/author\/admin\/#author","url":"https:\/\/www.eldigitaldeasturias.com\/noticias\/author\/admin\/","name":"El Digital de Asturias","image":{"@type":"ImageObject","@id":"https:\/\/www.eldigitaldeasturias.com\/noticias\/schneider-electric-participa-en-effie-virtual-congress\/#authorImage","url":"https:\/\/www.eldigitaldeasturias.com\/noticias\/wp-content\/litespeed\/avatar\/18677e78aa0546b92d9dbf31ec7d7668.jpg?ver=1776685526","width":96,"height":96,"caption":"El Digital de Asturias"}},{"@type":"WebPage","@id":"https:\/\/www.eldigitaldeasturias.com\/noticias\/schneider-electric-participa-en-effie-virtual-congress\/#webpage","url":"https:\/\/www.eldigitaldeasturias.com\/noticias\/schneider-electric-participa-en-effie-virtual-congress\/","name":"Schneider Electric participa en Effie Virtual Congress - El Digital de Asturias","description":"Schneider Electric, l\u00edder en la transformaci\u00f3n digital de la gesti\u00f3n de la energ\u00eda y la automatizaci\u00f3n, participa en el Effie Virtual Congress, la primera feria internacional virtual de eficiencia energ\u00e9tica, organizada por startup espa\u00f1ola Walcon Virtual durante los d\u00edas 8 y 9 de mayo y que, debido al gran \u00e9xito de p\u00fablico, se ha prorrogado hasta","inLanguage":"es-ES","isPartOf":{"@id":"https:\/\/www.eldigitaldeasturias.com\/noticias\/#website"},"breadcrumb":{"@id":"https:\/\/www.eldigitaldeasturias.com\/noticias\/schneider-electric-participa-en-effie-virtual-congress\/#breadcrumblist"},"author":{"@id":"https:\/\/www.eldigitaldeasturias.com\/noticias\/author\/admin\/#author"},"creator":{"@id":"https:\/\/www.eldigitaldeasturias.com\/noticias\/author\/admin\/#author"},"image":{"@type":"ImageObject","url":"https:\/\/www.eldigitaldeasturias.com\/noticias\/wp-content\/uploads\/2019\/05\/1558086704_Schneider_Electric_participa_en_el_Effie_Virtual_Congress_la_primera_feria_100_virtual_sobre_eficiencia_energtica.jpg","@id":"https:\/\/www.eldigitaldeasturias.com\/noticias\/schneider-electric-participa-en-effie-virtual-congress\/#mainImage","width":1650,"height":885},"primaryImageOfPage":{"@id":"https:\/\/www.eldigitaldeasturias.com\/noticias\/schneider-electric-participa-en-effie-virtual-congress\/#mainImage"},"datePublished":"2019-05-17T19:24:58+02:00","dateModified":"2019-05-17T19:24:58+02:00"},{"@type":"WebSite","@id":"https:\/\/www.eldigitaldeasturias.com\/noticias\/#website","url":"https:\/\/www.eldigitaldeasturias.com\/noticias\/","name":"El Digital de Asturias - Diario de actualidad y noticias","alternateName":"El Digital de Asturias - Diario de actualidad y noticias","description":"Hemeroteca","inLanguage":"es-ES","publisher":{"@id":"https:\/\/www.eldigitaldeasturias.com\/noticias\/#organization"}}]},"og:locale":"es_ES","og:site_name":"El Digital de Asturias","og:type":"article","og:title":"Schneider Electric participa en Effie Virtual Congress - El Digital de Asturias","og:description":"Schneider Electric, l\u00edder en la transformaci\u00f3n digital de la gesti\u00f3n de la energ\u00eda y la automatizaci\u00f3n, participa en el Effie Virtual Congress, la primera feria internacional virtual de eficiencia energ\u00e9tica, organizada por startup espa\u00f1ola Walcon Virtual durante los d\u00edas 8 y 9 de mayo y que, debido al gran \u00e9xito de p\u00fablico, se ha prorrogado hasta","og:url":"https:\/\/www.eldigitaldeasturias.com\/noticias\/schneider-electric-participa-en-effie-virtual-congress\/","og:image":"https:\/\/www.eldigitaldeasturias.com\/noticias\/wp-content\/uploads\/2019\/05\/1558086704_Schneider_Electric_participa_en_el_Effie_Virtual_Congress_la_primera_feria_100_virtual_sobre_eficiencia_energtica.jpg","og:image:secure_url":"https:\/\/www.eldigitaldeasturias.com\/noticias\/wp-content\/uploads\/2019\/05\/1558086704_Schneider_Electric_participa_en_el_Effie_Virtual_Congress_la_primera_feria_100_virtual_sobre_eficiencia_energtica.jpg","og:image:width":1650,"og:image:height":885,"article:tag":["negocios y empresas"],"article:published_time":"2019-05-17T19:24:58+00:00","article:modified_time":"2019-05-17T19:24:58+00:00","article:publisher":"https:\/\/facebook.com\/eldigitaldeasturias","twitter:card":"summary_large_image","twitter:title":"Schneider Electric participa en Effie Virtual Congress - El Digital de Asturias","twitter:description":"Schneider Electric, l\u00edder en la transformaci\u00f3n digital de la gesti\u00f3n de la energ\u00eda y la automatizaci\u00f3n, participa en el Effie Virtual Congress, la primera feria internacional virtual de eficiencia energ\u00e9tica, organizada por startup espa\u00f1ola Walcon Virtual durante los d\u00edas 8 y 9 de mayo y que, debido al gran \u00e9xito de p\u00fablico, se ha prorrogado hasta","twitter:image":"https:\/\/www.eldigitaldeasturias.com\/noticias\/wp-content\/uploads\/2019\/05\/1558086704_Schneider_Electric_participa_en_el_Effie_Virtual_Congress_la_primera_feria_100_virtual_sobre_eficiencia_energtica.jpg","twitter:label1":"Escrito por","twitter:data1":"El Digital de Asturias","twitter:label2":"Tiempo de lectura estimado","twitter:data2":"2 minutos"},"aioseo_meta_data":{"post_id":"1027704","title":null,"description":null,"keywords":null,"keyphrases":null,"primary_term":null,"canonical_url":null,"og_title":null,"og_description":null,"og_object_type":"default","og_image_type":"default","og_image_url":null,"og_image_width":null,"og_image_height":null,"og_image_custom_url":null,"og_image_custom_fields":null,"og_video":null,"og_custom_url":null,"og_article_section":null,"og_article_tags":null,"twitter_use_og":false,"twitter_card":"default","twitter_image_type":"default","twitter_image_url":null,"twitter_image_custom_url":null,"twitter_image_custom_fields":null,"twitter_title":null,"twitter_description":null,"schema":{"blockGraphs":[],"customGraphs":[],"default":{"data":{"Article":[],"Course":[],"Dataset":[],"FAQPage":[],"Movie":[],"Person":[],"Product":[],"ProductReview":[],"Car":[],"Recipe":[],"Service":[],"SoftwareApplication":[],"WebPage":[]},"graphName":"","isEnabled":true},"graphs":[],"defaultGraph":"","defaultPostTypeGraph":""},"schema_type":null,"schema_type_options":null,"pillar_content":false,"robots_default":true,"robots_noindex":false,"robots_noarchive":false,"robots_nosnippet":false,"robots_nofollow":false,"robots_noimageindex":false,"robots_noodp":false,"robots_notranslate":false,"robots_max_snippet":null,"robots_max_videopreview":null,"robots_max_imagepreview":"large","priority":null,"frequency":null,"local_seo":null,"seo_analyzer_scan_date":"2025-10-18 06:21:14","breadcrumb_settings":null,"limit_modified_date":false,"open_ai":null,"ai":null,"created":"2020-12-21 11:11:42","updated":"2025-10-18 06:21:14"},"aioseo_breadcrumb":"<div class=\"aioseo-breadcrumbs\"><span class=\"aioseo-breadcrumb\">\n\t<a href=\"https:\/\/www.eldigitaldeasturias.com\/noticias\" title=\"Home\">Home<\/a>\n<\/span><span class=\"aioseo-breadcrumb-separator\">\u2013<\/span><span class=\"aioseo-breadcrumb\">\n\t<a href=\"https:\/\/www.eldigitaldeasturias.com\/noticias\/category\/negocios-y-empresas\/\" title=\"Negocios y Empresas\">Negocios y Empresas<\/a>\n<\/span><span class=\"aioseo-breadcrumb-separator\">\u2013<\/span><span class=\"aioseo-breadcrumb\">\n\t<a href=\"https:\/\/www.eldigitaldeasturias.com\/noticias\/schneider-electric-participa-en-effie-virtual-congress\/\" title=\"Schneider Electric participa en Effie Virtual Congress\">Schneider Electric participa en Effie Virtual Congress<\/a>\n<\/span><\/div>","aioseo_breadcrumb_json":[{"label":"Home","link":"https:\/\/www.eldigitaldeasturias.com\/noticias"},{"label":"Negocios y Empresas","link":"https:\/\/www.eldigitaldeasturias.com\/noticias\/category\/negocios-y-empresas\/"},{"label":"Schneider Electric participa en Effie Virtual Congress","link":"https:\/\/www.eldigitaldeasturias.com\/noticias\/schneider-electric-participa-en-effie-virtual-congress\/"}],"_links":{"self":[{"href":"https:\/\/www.eldigitaldeasturias.com\/noticias\/wp-json\/wp\/v2\/posts\/1027704","targetHints":{"allow":["GET"]}}],"collection":[{"href":"https:\/\/www.eldigitaldeasturias.com\/noticias\/wp-json\/wp\/v2\/posts"}],"about":[{"href":"https:\/\/www.eldigitaldeasturias.com\/noticias\/wp-json\/wp\/v2\/types\/post"}],"author":[{"embeddable":true,"href":"https:\/\/www.eldigitaldeasturias.com\/noticias\/wp-json\/wp\/v2\/users\/1"}],"replies":[{"embeddable":true,"href":"https:\/\/www.eldigitaldeasturias.com\/noticias\/wp-json\/wp\/v2\/comments?post=1027704"}],"version-history":[{"count":0,"href":"https:\/\/www.eldigitaldeasturias.com\/noticias\/wp-json\/wp\/v2\/posts\/1027704\/revisions"}],"wp:featuredmedia":[{"embeddable":true,"href":"https:\/\/www.eldigitaldeasturias.com\/noticias\/wp-json\/wp\/v2\/media\/1027705"}],"wp:attachment":[{"href":"https:\/\/www.eldigitaldeasturias.com\/noticias\/wp-json\/wp\/v2\/media?parent=1027704"}],"wp:term":[{"taxonomy":"category","embeddable":true,"href":"https:\/\/www.eldigitaldeasturias.com\/noticias\/wp-json\/wp\/v2\/categories?post=1027704"},{"taxonomy":"post_tag","embeddable":true,"href":"https:\/\/www.eldigitaldeasturias.com\/noticias\/wp-json\/wp\/v2\/tags?post=1027704"}],"curies":[{"name":"wp","href":"https:\/\/api.w.org\/{rel}","templated":true}]}}