{"id":1027692,"date":"2019-05-17T17:29:38","date_gmt":"2019-05-17T17:29:38","guid":{"rendered":"https:\/\/www.eldigitaldeasturias.com\/noticias\/?p=1027692"},"modified":"2019-05-17T17:29:38","modified_gmt":"2019-05-17T17:29:38","slug":"el-fichaje-de-luka-jovic-por-el-real-madrid-va-tomando-forma","status":"publish","type":"post","link":"https:\/\/www.eldigitaldeasturias.com\/noticias\/el-fichaje-de-luka-jovic-por-el-real-madrid-va-tomando-forma\/","title":{"rendered":"El fichaje de Luka Jovic por el Real Madrid va tomando forma"},"content":{"rendered":"<p><img loading=\"lazy\" decoding=\"async\" class=\"alignleft size-medium wp-image-977802\" src=\"https:\/\/www.eldigitaldeasturias.com\/noticias\/wp-content\/uploads\/2018\/04\/football-stadium-254435_960_720-360x269.jpg\" alt=\"\" width=\"360\" height=\"269\" srcset=\"https:\/\/www.eldigitaldeasturias.com\/noticias\/wp-content\/uploads\/2018\/04\/football-stadium-254435_960_720-360x269.jpg 360w, https:\/\/www.eldigitaldeasturias.com\/noticias\/wp-content\/uploads\/2018\/04\/football-stadium-254435_960_720-80x60.jpg 80w, https:\/\/www.eldigitaldeasturias.com\/noticias\/wp-content\/uploads\/2018\/04\/football-stadium-254435_960_720-265x198.jpg 265w, https:\/\/www.eldigitaldeasturias.com\/noticias\/wp-content\/uploads\/2018\/04\/football-stadium-254435_960_720-696x520.jpg 696w, https:\/\/www.eldigitaldeasturias.com\/noticias\/wp-content\/uploads\/2018\/04\/football-stadium-254435_960_720-562x420.jpg 562w, https:\/\/www.eldigitaldeasturias.com\/noticias\/wp-content\/uploads\/2018\/04\/football-stadium-254435_960_720-768x574.jpg 768w, https:\/\/www.eldigitaldeasturias.com\/noticias\/wp-content\/uploads\/2018\/04\/football-stadium-254435_960_720-643x480.jpg 643w, https:\/\/www.eldigitaldeasturias.com\/noticias\/wp-content\/uploads\/2018\/04\/football-stadium-254435_960_720-90x67.jpg 90w, https:\/\/www.eldigitaldeasturias.com\/noticias\/wp-content\/uploads\/2018\/04\/football-stadium-254435_960_720.jpg 960w\" sizes=\"auto, (max-width: 360px) 100vw, 360px\" \/>Fr\u00e1ncfort, 17 may (dpa) &#8211; La transferencia millonaria del delantero estrella del Eintracht Frankfurt Luka Jovic al Real Madrid va tomando cada vez m\u00e1s forma y la cadena de televisi\u00f3n Sky asegur\u00f3 que el serbio de 21 a\u00f1os ya firm\u00f3 un contrato de cinco a\u00f1os con el equipo espa\u00f1ol a cambio de 60 millones de euros (67 millones de d\u00f3lares).<\/p>\n<p>Sin embargo, el peri\u00f3dico \u00abBild\u00bb inform\u00f3 que el fichaje a\u00fan no est\u00e1 resuelto, porque ambos clubes todav\u00eda est\u00e1n negociando el importe de transferencia.<\/p>\n<p>Al parecer, el Real Madrid quiere pagar un m\u00e1ximo de 50 millones de euros por Jovic. El Eintracht quiere vender, pero por entre 60 a 70 millones de euros, de los cuales alrededor de 12 millones ir\u00edan al antiguo club de Jovic, el Benfica de Lisboa.<\/p>\n<p>El delantero ha marcado 27 goles en 47 partidos esta temporada con el Eintracht Frankfurt: diez en la Liga Europa y 17 en la Bundesliga.<\/p>\n","protected":false},"excerpt":{"rendered":"<p>Fr\u00e1ncfort, 17 may (dpa) &#8211; La transferencia millonaria del delantero estrella del Eintracht Frankfurt Luka Jovic al Real Madrid va tomando cada vez m\u00e1s forma y la cadena de televisi\u00f3n Sky asegur\u00f3 que el serbio de 21 a\u00f1os ya firm\u00f3 un contrato de cinco a\u00f1os con el equipo espa\u00f1ol a cambio de 60 millones de [&hellip;]<\/p>\n","protected":false},"author":1,"featured_media":977802,"comment_status":"closed","ping_status":"closed","sticky":false,"template":"","format":"standard","meta":{"footnotes":""},"categories":[190],"tags":[],"class_list":["post-1027692","post","type-post","status-publish","format-standard","has-post-thumbnail","hentry","category-deportes"],"aioseo_notices":[],"aioseo_head":"\n\t\t<!-- All in One SEO Pro 4.9.6.2 - aioseo.com -->\n\t<meta name=\"description\" content=\"Fr\u00e1ncfort, 17 may (dpa) - La transferencia millonaria del delantero estrella del Eintracht Frankfurt Luka Jovic al Real Madrid va tomando cada vez m\u00e1s forma y la cadena de televisi\u00f3n Sky asegur\u00f3 que el serbio de 21 a\u00f1os ya firm\u00f3 un contrato de cinco a\u00f1os con el equipo espa\u00f1ol a cambio de 60 millones de\" \/>\n\t<meta name=\"robots\" content=\"max-image-preview:large\" \/>\n\t<meta name=\"author\" content=\"El Digital de Asturias\"\/>\n\t<meta name=\"google-site-verification\" content=\"UA-38556648-1\" \/>\n\t<meta name=\"msvalidate.01\" content=\"7dfe9f3f1b24437ab69f4f2559babe99\" \/>\n\t<meta name=\"keywords\" content=\"deportes\" \/>\n\t<link rel=\"canonical\" href=\"https:\/\/www.eldigitaldeasturias.com\/noticias\/el-fichaje-de-luka-jovic-por-el-real-madrid-va-tomando-forma\/\" \/>\n\t<meta name=\"generator\" content=\"All in One SEO Pro (AIOSEO) 4.9.6.2\" \/>\n\t\t<meta property=\"og:locale\" content=\"es_ES\" \/>\n\t\t<meta property=\"og:site_name\" content=\"El Digital de Asturias\" \/>\n\t\t<meta property=\"og:type\" content=\"article\" \/>\n\t\t<meta property=\"og:title\" content=\"El fichaje de Luka Jovic por el Real Madrid va tomando forma - El Digital de Asturias\" \/>\n\t\t<meta property=\"og:description\" content=\"Fr\u00e1ncfort, 17 may (dpa) - La transferencia millonaria del delantero estrella del Eintracht Frankfurt Luka Jovic al Real Madrid va tomando cada vez m\u00e1s forma y la cadena de televisi\u00f3n Sky asegur\u00f3 que el serbio de 21 a\u00f1os ya firm\u00f3 un contrato de cinco a\u00f1os con el equipo espa\u00f1ol a cambio de 60 millones de\" \/>\n\t\t<meta property=\"og:url\" content=\"https:\/\/www.eldigitaldeasturias.com\/noticias\/el-fichaje-de-luka-jovic-por-el-real-madrid-va-tomando-forma\/\" \/>\n\t\t<meta property=\"og:image\" content=\"https:\/\/www.eldigitaldeasturias.com\/noticias\/wp-content\/uploads\/2018\/04\/football-stadium-254435_960_720.jpg\" \/>\n\t\t<meta property=\"og:image:secure_url\" content=\"https:\/\/www.eldigitaldeasturias.com\/noticias\/wp-content\/uploads\/2018\/04\/football-stadium-254435_960_720.jpg\" \/>\n\t\t<meta property=\"og:image:width\" content=\"960\" \/>\n\t\t<meta property=\"og:image:height\" content=\"717\" \/>\n\t\t<meta property=\"article:tag\" content=\"deportes\" \/>\n\t\t<meta property=\"article:published_time\" content=\"2019-05-17T17:29:38+00:00\" \/>\n\t\t<meta property=\"article:modified_time\" content=\"2019-05-17T17:29:38+00:00\" \/>\n\t\t<meta property=\"article:publisher\" content=\"https:\/\/facebook.com\/eldigitaldeasturias\" \/>\n\t\t<meta name=\"twitter:card\" content=\"summary_large_image\" \/>\n\t\t<meta name=\"twitter:title\" content=\"El fichaje de Luka Jovic por el Real Madrid va tomando forma - El Digital de Asturias\" \/>\n\t\t<meta name=\"twitter:description\" content=\"Fr\u00e1ncfort, 17 may (dpa) - La transferencia millonaria del delantero estrella del Eintracht Frankfurt Luka Jovic al Real Madrid va tomando cada vez m\u00e1s forma y la cadena de televisi\u00f3n Sky asegur\u00f3 que el serbio de 21 a\u00f1os ya firm\u00f3 un contrato de cinco a\u00f1os con el equipo espa\u00f1ol a cambio de 60 millones de\" \/>\n\t\t<meta name=\"twitter:image\" content=\"https:\/\/www.eldigitaldeasturias.com\/noticias\/wp-content\/uploads\/2018\/04\/football-stadium-254435_960_720.jpg\" \/>\n\t\t<meta name=\"twitter:label1\" content=\"Escrito por\" \/>\n\t\t<meta name=\"twitter:data1\" content=\"El Digital de Asturias\" \/>\n\t\t<meta name=\"twitter:label2\" content=\"Tiempo de lectura estimado\" \/>\n\t\t<meta name=\"twitter:data2\" content=\"1 minuto\" \/>\n\t\t<script type=\"application\/ld+json\" class=\"aioseo-schema\">\n\t\t\t{\"@context\":\"https:\\\/\\\/schema.org\",\"@graph\":[{\"@type\":\"BlogPosting\",\"@id\":\"https:\\\/\\\/www.eldigitaldeasturias.com\\\/noticias\\\/el-fichaje-de-luka-jovic-por-el-real-madrid-va-tomando-forma\\\/#blogposting\",\"name\":\"El fichaje de Luka Jovic por el Real Madrid va tomando forma - El Digital de Asturias\",\"headline\":\"El fichaje de Luka Jovic por el Real Madrid va tomando forma\",\"author\":{\"@id\":\"https:\\\/\\\/www.eldigitaldeasturias.com\\\/noticias\\\/author\\\/admin\\\/#author\"},\"publisher\":{\"@id\":\"https:\\\/\\\/www.eldigitaldeasturias.com\\\/noticias\\\/#organization\"},\"image\":{\"@type\":\"ImageObject\",\"url\":\"https:\\\/\\\/www.eldigitaldeasturias.com\\\/noticias\\\/wp-content\\\/uploads\\\/2018\\\/04\\\/football-stadium-254435_960_720.jpg\",\"width\":960,\"height\":717},\"datePublished\":\"2019-05-17T17:29:38+02:00\",\"dateModified\":\"2019-05-17T17:29:38+02:00\",\"inLanguage\":\"es-ES\",\"mainEntityOfPage\":{\"@id\":\"https:\\\/\\\/www.eldigitaldeasturias.com\\\/noticias\\\/el-fichaje-de-luka-jovic-por-el-real-madrid-va-tomando-forma\\\/#webpage\"},\"isPartOf\":{\"@id\":\"https:\\\/\\\/www.eldigitaldeasturias.com\\\/noticias\\\/el-fichaje-de-luka-jovic-por-el-real-madrid-va-tomando-forma\\\/#webpage\"},\"articleSection\":\"Deportes\"},{\"@type\":\"BreadcrumbList\",\"@id\":\"https:\\\/\\\/www.eldigitaldeasturias.com\\\/noticias\\\/el-fichaje-de-luka-jovic-por-el-real-madrid-va-tomando-forma\\\/#breadcrumblist\",\"itemListElement\":[{\"@type\":\"ListItem\",\"@id\":\"https:\\\/\\\/www.eldigitaldeasturias.com\\\/noticias#listItem\",\"position\":1,\"name\":\"Home\",\"item\":\"https:\\\/\\\/www.eldigitaldeasturias.com\\\/noticias\",\"nextItem\":{\"@type\":\"ListItem\",\"@id\":\"https:\\\/\\\/www.eldigitaldeasturias.com\\\/noticias\\\/category\\\/deportes\\\/#listItem\",\"name\":\"Deportes\"}},{\"@type\":\"ListItem\",\"@id\":\"https:\\\/\\\/www.eldigitaldeasturias.com\\\/noticias\\\/category\\\/deportes\\\/#listItem\",\"position\":2,\"name\":\"Deportes\",\"item\":\"https:\\\/\\\/www.eldigitaldeasturias.com\\\/noticias\\\/category\\\/deportes\\\/\",\"nextItem\":{\"@type\":\"ListItem\",\"@id\":\"https:\\\/\\\/www.eldigitaldeasturias.com\\\/noticias\\\/el-fichaje-de-luka-jovic-por-el-real-madrid-va-tomando-forma\\\/#listItem\",\"name\":\"El fichaje de Luka Jovic por el Real Madrid va tomando forma\"},\"previousItem\":{\"@type\":\"ListItem\",\"@id\":\"https:\\\/\\\/www.eldigitaldeasturias.com\\\/noticias#listItem\",\"name\":\"Home\"}},{\"@type\":\"ListItem\",\"@id\":\"https:\\\/\\\/www.eldigitaldeasturias.com\\\/noticias\\\/el-fichaje-de-luka-jovic-por-el-real-madrid-va-tomando-forma\\\/#listItem\",\"position\":3,\"name\":\"El fichaje de Luka Jovic por el Real Madrid va tomando forma\",\"previousItem\":{\"@type\":\"ListItem\",\"@id\":\"https:\\\/\\\/www.eldigitaldeasturias.com\\\/noticias\\\/category\\\/deportes\\\/#listItem\",\"name\":\"Deportes\"}}]},{\"@type\":\"Organization\",\"@id\":\"https:\\\/\\\/www.eldigitaldeasturias.com\\\/noticias\\\/#organization\",\"name\":\"El Digital de Asturias\",\"description\":\"Hemeroteca\",\"url\":\"https:\\\/\\\/www.eldigitaldeasturias.com\\\/noticias\\\/\",\"email\":\"info@eldigitaldeasturias.com\",\"telephone\":\"+34652131393\",\"logo\":{\"@type\":\"ImageObject\",\"url\":\"https:\\\/\\\/www.eldigitaldeasturias.com\\\/noticias\\\/wp-content\\\/uploads\\\/2020\\\/12\\\/EDA.jpg\",\"@id\":\"https:\\\/\\\/www.eldigitaldeasturias.com\\\/noticias\\\/el-fichaje-de-luka-jovic-por-el-real-madrid-va-tomando-forma\\\/#organizationLogo\",\"width\":649,\"height\":297},\"image\":{\"@id\":\"https:\\\/\\\/www.eldigitaldeasturias.com\\\/noticias\\\/el-fichaje-de-luka-jovic-por-el-real-madrid-va-tomando-forma\\\/#organizationLogo\"},\"sameAs\":[\"https:\\\/\\\/facebook.com\\\/eldigitaldeasturias\",\"https:\\\/\\\/www.youtube.com\\\/channel\\\/UCZP-2wLEB9Rv6erhFmqVnvg\"],\"address\":{\"@id\":\"https:\\\/\\\/www.eldigitaldeasturias.com\\\/noticias\\\/#postaladdress\",\"@type\":\"PostalAddress\",\"streetAddress\":\"san antonio 4,\",\"postalCode\":\"33430\",\"addressLocality\":\"Cand\\u00e1s\",\"addressRegion\":\"Asturias\",\"addressCountry\":\"ES\"}},{\"@type\":\"Person\",\"@id\":\"https:\\\/\\\/www.eldigitaldeasturias.com\\\/noticias\\\/author\\\/admin\\\/#author\",\"url\":\"https:\\\/\\\/www.eldigitaldeasturias.com\\\/noticias\\\/author\\\/admin\\\/\",\"name\":\"El Digital de Asturias\",\"image\":{\"@type\":\"ImageObject\",\"@id\":\"https:\\\/\\\/www.eldigitaldeasturias.com\\\/noticias\\\/el-fichaje-de-luka-jovic-por-el-real-madrid-va-tomando-forma\\\/#authorImage\",\"url\":\"https:\\\/\\\/www.eldigitaldeasturias.com\\\/noticias\\\/wp-content\\\/litespeed\\\/avatar\\\/18677e78aa0546b92d9dbf31ec7d7668.jpg?ver=1777290358\",\"width\":96,\"height\":96,\"caption\":\"El Digital de Asturias\"}},{\"@type\":\"WebPage\",\"@id\":\"https:\\\/\\\/www.eldigitaldeasturias.com\\\/noticias\\\/el-fichaje-de-luka-jovic-por-el-real-madrid-va-tomando-forma\\\/#webpage\",\"url\":\"https:\\\/\\\/www.eldigitaldeasturias.com\\\/noticias\\\/el-fichaje-de-luka-jovic-por-el-real-madrid-va-tomando-forma\\\/\",\"name\":\"El fichaje de Luka Jovic por el Real Madrid va tomando forma - El Digital de Asturias\",\"description\":\"Fr\\u00e1ncfort, 17 may (dpa) - La transferencia millonaria del delantero estrella del Eintracht Frankfurt Luka Jovic al Real Madrid va tomando cada vez m\\u00e1s forma y la cadena de televisi\\u00f3n Sky asegur\\u00f3 que el serbio de 21 a\\u00f1os ya firm\\u00f3 un contrato de cinco a\\u00f1os con el equipo espa\\u00f1ol a cambio de 60 millones de\",\"inLanguage\":\"es-ES\",\"isPartOf\":{\"@id\":\"https:\\\/\\\/www.eldigitaldeasturias.com\\\/noticias\\\/#website\"},\"breadcrumb\":{\"@id\":\"https:\\\/\\\/www.eldigitaldeasturias.com\\\/noticias\\\/el-fichaje-de-luka-jovic-por-el-real-madrid-va-tomando-forma\\\/#breadcrumblist\"},\"author\":{\"@id\":\"https:\\\/\\\/www.eldigitaldeasturias.com\\\/noticias\\\/author\\\/admin\\\/#author\"},\"creator\":{\"@id\":\"https:\\\/\\\/www.eldigitaldeasturias.com\\\/noticias\\\/author\\\/admin\\\/#author\"},\"image\":{\"@type\":\"ImageObject\",\"url\":\"https:\\\/\\\/www.eldigitaldeasturias.com\\\/noticias\\\/wp-content\\\/uploads\\\/2018\\\/04\\\/football-stadium-254435_960_720.jpg\",\"@id\":\"https:\\\/\\\/www.eldigitaldeasturias.com\\\/noticias\\\/el-fichaje-de-luka-jovic-por-el-real-madrid-va-tomando-forma\\\/#mainImage\",\"width\":960,\"height\":717},\"primaryImageOfPage\":{\"@id\":\"https:\\\/\\\/www.eldigitaldeasturias.com\\\/noticias\\\/el-fichaje-de-luka-jovic-por-el-real-madrid-va-tomando-forma\\\/#mainImage\"},\"datePublished\":\"2019-05-17T17:29:38+02:00\",\"dateModified\":\"2019-05-17T17:29:38+02:00\"},{\"@type\":\"WebSite\",\"@id\":\"https:\\\/\\\/www.eldigitaldeasturias.com\\\/noticias\\\/#website\",\"url\":\"https:\\\/\\\/www.eldigitaldeasturias.com\\\/noticias\\\/\",\"name\":\"El Digital de Asturias - Diario de actualidad y noticias\",\"alternateName\":\"El Digital de Asturias - Diario de actualidad y noticias\",\"description\":\"Hemeroteca\",\"inLanguage\":\"es-ES\",\"publisher\":{\"@id\":\"https:\\\/\\\/www.eldigitaldeasturias.com\\\/noticias\\\/#organization\"}}]}\n\t\t<\/script>\n\t\t<!-- All in One SEO Pro -->\r\n\t\t<title>El fichaje de Luka Jovic por el Real Madrid va tomando forma - El Digital de Asturias<\/title>\n\n","aioseo_head_json":{"title":"El fichaje de Luka Jovic por el Real Madrid va tomando forma - El Digital de Asturias","description":"Fr\u00e1ncfort, 17 may (dpa) - La transferencia millonaria del delantero estrella del Eintracht Frankfurt Luka Jovic al Real Madrid va tomando cada vez m\u00e1s forma y la cadena de televisi\u00f3n Sky asegur\u00f3 que el serbio de 21 a\u00f1os ya firm\u00f3 un contrato de cinco a\u00f1os con el equipo espa\u00f1ol a cambio de 60 millones de","canonical_url":"https:\/\/www.eldigitaldeasturias.com\/noticias\/el-fichaje-de-luka-jovic-por-el-real-madrid-va-tomando-forma\/","robots":"max-image-preview:large","keywords":"deportes","webmasterTools":{"google-site-verification":"UA-38556648-1","msvalidate.01":"7dfe9f3f1b24437ab69f4f2559babe99","miscellaneous":""},"schema":{"@context":"https:\/\/schema.org","@graph":[{"@type":"BlogPosting","@id":"https:\/\/www.eldigitaldeasturias.com\/noticias\/el-fichaje-de-luka-jovic-por-el-real-madrid-va-tomando-forma\/#blogposting","name":"El fichaje de Luka Jovic por el Real Madrid va tomando forma - El Digital de Asturias","headline":"El fichaje de Luka Jovic por el Real Madrid va tomando forma","author":{"@id":"https:\/\/www.eldigitaldeasturias.com\/noticias\/author\/admin\/#author"},"publisher":{"@id":"https:\/\/www.eldigitaldeasturias.com\/noticias\/#organization"},"image":{"@type":"ImageObject","url":"https:\/\/www.eldigitaldeasturias.com\/noticias\/wp-content\/uploads\/2018\/04\/football-stadium-254435_960_720.jpg","width":960,"height":717},"datePublished":"2019-05-17T17:29:38+02:00","dateModified":"2019-05-17T17:29:38+02:00","inLanguage":"es-ES","mainEntityOfPage":{"@id":"https:\/\/www.eldigitaldeasturias.com\/noticias\/el-fichaje-de-luka-jovic-por-el-real-madrid-va-tomando-forma\/#webpage"},"isPartOf":{"@id":"https:\/\/www.eldigitaldeasturias.com\/noticias\/el-fichaje-de-luka-jovic-por-el-real-madrid-va-tomando-forma\/#webpage"},"articleSection":"Deportes"},{"@type":"BreadcrumbList","@id":"https:\/\/www.eldigitaldeasturias.com\/noticias\/el-fichaje-de-luka-jovic-por-el-real-madrid-va-tomando-forma\/#breadcrumblist","itemListElement":[{"@type":"ListItem","@id":"https:\/\/www.eldigitaldeasturias.com\/noticias#listItem","position":1,"name":"Home","item":"https:\/\/www.eldigitaldeasturias.com\/noticias","nextItem":{"@type":"ListItem","@id":"https:\/\/www.eldigitaldeasturias.com\/noticias\/category\/deportes\/#listItem","name":"Deportes"}},{"@type":"ListItem","@id":"https:\/\/www.eldigitaldeasturias.com\/noticias\/category\/deportes\/#listItem","position":2,"name":"Deportes","item":"https:\/\/www.eldigitaldeasturias.com\/noticias\/category\/deportes\/","nextItem":{"@type":"ListItem","@id":"https:\/\/www.eldigitaldeasturias.com\/noticias\/el-fichaje-de-luka-jovic-por-el-real-madrid-va-tomando-forma\/#listItem","name":"El fichaje de Luka Jovic por el Real Madrid va tomando forma"},"previousItem":{"@type":"ListItem","@id":"https:\/\/www.eldigitaldeasturias.com\/noticias#listItem","name":"Home"}},{"@type":"ListItem","@id":"https:\/\/www.eldigitaldeasturias.com\/noticias\/el-fichaje-de-luka-jovic-por-el-real-madrid-va-tomando-forma\/#listItem","position":3,"name":"El fichaje de Luka Jovic por el Real Madrid va tomando forma","previousItem":{"@type":"ListItem","@id":"https:\/\/www.eldigitaldeasturias.com\/noticias\/category\/deportes\/#listItem","name":"Deportes"}}]},{"@type":"Organization","@id":"https:\/\/www.eldigitaldeasturias.com\/noticias\/#organization","name":"El Digital de Asturias","description":"Hemeroteca","url":"https:\/\/www.eldigitaldeasturias.com\/noticias\/","email":"info@eldigitaldeasturias.com","telephone":"+34652131393","logo":{"@type":"ImageObject","url":"https:\/\/www.eldigitaldeasturias.com\/noticias\/wp-content\/uploads\/2020\/12\/EDA.jpg","@id":"https:\/\/www.eldigitaldeasturias.com\/noticias\/el-fichaje-de-luka-jovic-por-el-real-madrid-va-tomando-forma\/#organizationLogo","width":649,"height":297},"image":{"@id":"https:\/\/www.eldigitaldeasturias.com\/noticias\/el-fichaje-de-luka-jovic-por-el-real-madrid-va-tomando-forma\/#organizationLogo"},"sameAs":["https:\/\/facebook.com\/eldigitaldeasturias","https:\/\/www.youtube.com\/channel\/UCZP-2wLEB9Rv6erhFmqVnvg"],"address":{"@id":"https:\/\/www.eldigitaldeasturias.com\/noticias\/#postaladdress","@type":"PostalAddress","streetAddress":"san antonio 4,","postalCode":"33430","addressLocality":"Cand\u00e1s","addressRegion":"Asturias","addressCountry":"ES"}},{"@type":"Person","@id":"https:\/\/www.eldigitaldeasturias.com\/noticias\/author\/admin\/#author","url":"https:\/\/www.eldigitaldeasturias.com\/noticias\/author\/admin\/","name":"El Digital de Asturias","image":{"@type":"ImageObject","@id":"https:\/\/www.eldigitaldeasturias.com\/noticias\/el-fichaje-de-luka-jovic-por-el-real-madrid-va-tomando-forma\/#authorImage","url":"https:\/\/www.eldigitaldeasturias.com\/noticias\/wp-content\/litespeed\/avatar\/18677e78aa0546b92d9dbf31ec7d7668.jpg?ver=1777290358","width":96,"height":96,"caption":"El Digital de Asturias"}},{"@type":"WebPage","@id":"https:\/\/www.eldigitaldeasturias.com\/noticias\/el-fichaje-de-luka-jovic-por-el-real-madrid-va-tomando-forma\/#webpage","url":"https:\/\/www.eldigitaldeasturias.com\/noticias\/el-fichaje-de-luka-jovic-por-el-real-madrid-va-tomando-forma\/","name":"El fichaje de Luka Jovic por el Real Madrid va tomando forma - El Digital de Asturias","description":"Fr\u00e1ncfort, 17 may (dpa) - La transferencia millonaria del delantero estrella del Eintracht Frankfurt Luka Jovic al Real Madrid va tomando cada vez m\u00e1s forma y la cadena de televisi\u00f3n Sky asegur\u00f3 que el serbio de 21 a\u00f1os ya firm\u00f3 un contrato de cinco a\u00f1os con el equipo espa\u00f1ol a cambio de 60 millones de","inLanguage":"es-ES","isPartOf":{"@id":"https:\/\/www.eldigitaldeasturias.com\/noticias\/#website"},"breadcrumb":{"@id":"https:\/\/www.eldigitaldeasturias.com\/noticias\/el-fichaje-de-luka-jovic-por-el-real-madrid-va-tomando-forma\/#breadcrumblist"},"author":{"@id":"https:\/\/www.eldigitaldeasturias.com\/noticias\/author\/admin\/#author"},"creator":{"@id":"https:\/\/www.eldigitaldeasturias.com\/noticias\/author\/admin\/#author"},"image":{"@type":"ImageObject","url":"https:\/\/www.eldigitaldeasturias.com\/noticias\/wp-content\/uploads\/2018\/04\/football-stadium-254435_960_720.jpg","@id":"https:\/\/www.eldigitaldeasturias.com\/noticias\/el-fichaje-de-luka-jovic-por-el-real-madrid-va-tomando-forma\/#mainImage","width":960,"height":717},"primaryImageOfPage":{"@id":"https:\/\/www.eldigitaldeasturias.com\/noticias\/el-fichaje-de-luka-jovic-por-el-real-madrid-va-tomando-forma\/#mainImage"},"datePublished":"2019-05-17T17:29:38+02:00","dateModified":"2019-05-17T17:29:38+02:00"},{"@type":"WebSite","@id":"https:\/\/www.eldigitaldeasturias.com\/noticias\/#website","url":"https:\/\/www.eldigitaldeasturias.com\/noticias\/","name":"El Digital de Asturias - Diario de actualidad y noticias","alternateName":"El Digital de Asturias - Diario de actualidad y noticias","description":"Hemeroteca","inLanguage":"es-ES","publisher":{"@id":"https:\/\/www.eldigitaldeasturias.com\/noticias\/#organization"}}]},"og:locale":"es_ES","og:site_name":"El Digital de Asturias","og:type":"article","og:title":"El fichaje de Luka Jovic por el Real Madrid va tomando forma - El Digital de Asturias","og:description":"Fr\u00e1ncfort, 17 may (dpa) - La transferencia millonaria del delantero estrella del Eintracht Frankfurt Luka Jovic al Real Madrid va tomando cada vez m\u00e1s forma y la cadena de televisi\u00f3n Sky asegur\u00f3 que el serbio de 21 a\u00f1os ya firm\u00f3 un contrato de cinco a\u00f1os con el equipo espa\u00f1ol a cambio de 60 millones de","og:url":"https:\/\/www.eldigitaldeasturias.com\/noticias\/el-fichaje-de-luka-jovic-por-el-real-madrid-va-tomando-forma\/","og:image":"https:\/\/www.eldigitaldeasturias.com\/noticias\/wp-content\/uploads\/2018\/04\/football-stadium-254435_960_720.jpg","og:image:secure_url":"https:\/\/www.eldigitaldeasturias.com\/noticias\/wp-content\/uploads\/2018\/04\/football-stadium-254435_960_720.jpg","og:image:width":960,"og:image:height":717,"article:tag":["deportes"],"article:published_time":"2019-05-17T17:29:38+00:00","article:modified_time":"2019-05-17T17:29:38+00:00","article:publisher":"https:\/\/facebook.com\/eldigitaldeasturias","twitter:card":"summary_large_image","twitter:title":"El fichaje de Luka Jovic por el Real Madrid va tomando forma - El Digital de Asturias","twitter:description":"Fr\u00e1ncfort, 17 may (dpa) - La transferencia millonaria del delantero estrella del Eintracht Frankfurt Luka Jovic al Real Madrid va tomando cada vez m\u00e1s forma y la cadena de televisi\u00f3n Sky asegur\u00f3 que el serbio de 21 a\u00f1os ya firm\u00f3 un contrato de cinco a\u00f1os con el equipo espa\u00f1ol a cambio de 60 millones de","twitter:image":"https:\/\/www.eldigitaldeasturias.com\/noticias\/wp-content\/uploads\/2018\/04\/football-stadium-254435_960_720.jpg","twitter:label1":"Escrito por","twitter:data1":"El Digital de Asturias","twitter:label2":"Tiempo de lectura estimado","twitter:data2":"1 minuto"},"aioseo_meta_data":{"post_id":"1027692","title":null,"description":null,"keywords":null,"keyphrases":null,"primary_term":null,"canonical_url":null,"og_title":null,"og_description":null,"og_object_type":"default","og_image_type":"default","og_image_url":null,"og_image_width":null,"og_image_height":null,"og_image_custom_url":null,"og_image_custom_fields":null,"og_video":null,"og_custom_url":null,"og_article_section":null,"og_article_tags":null,"twitter_use_og":false,"twitter_card":"default","twitter_image_type":"default","twitter_image_url":null,"twitter_image_custom_url":null,"twitter_image_custom_fields":null,"twitter_title":null,"twitter_description":null,"schema":{"blockGraphs":[],"customGraphs":[],"default":{"data":{"Article":[],"Course":[],"Dataset":[],"FAQPage":[],"Movie":[],"Person":[],"Product":[],"ProductReview":[],"Car":[],"Recipe":[],"Service":[],"SoftwareApplication":[],"WebPage":[]},"graphName":"","isEnabled":true},"graphs":[],"defaultGraph":"","defaultPostTypeGraph":""},"schema_type":null,"schema_type_options":null,"pillar_content":false,"robots_default":true,"robots_noindex":false,"robots_noarchive":false,"robots_nosnippet":false,"robots_nofollow":false,"robots_noimageindex":false,"robots_noodp":false,"robots_notranslate":false,"robots_max_snippet":null,"robots_max_videopreview":null,"robots_max_imagepreview":"large","priority":null,"frequency":null,"local_seo":null,"seo_analyzer_scan_date":"2025-10-18 06:19:20","breadcrumb_settings":null,"limit_modified_date":false,"open_ai":null,"ai":null,"created":"2020-12-21 11:11:42","updated":"2025-10-18 06:19:20"},"aioseo_breadcrumb":"<div class=\"aioseo-breadcrumbs\"><span class=\"aioseo-breadcrumb\">\n\t<a href=\"https:\/\/www.eldigitaldeasturias.com\/noticias\" title=\"Home\">Home<\/a>\n<\/span><span class=\"aioseo-breadcrumb-separator\">\u2013<\/span><span class=\"aioseo-breadcrumb\">\n\t<a href=\"https:\/\/www.eldigitaldeasturias.com\/noticias\/category\/deportes\/\" title=\"Deportes\">Deportes<\/a>\n<\/span><span class=\"aioseo-breadcrumb-separator\">\u2013<\/span><span class=\"aioseo-breadcrumb\">\n\t<a href=\"https:\/\/www.eldigitaldeasturias.com\/noticias\/el-fichaje-de-luka-jovic-por-el-real-madrid-va-tomando-forma\/\" title=\"El fichaje de Luka Jovic por el Real Madrid va tomando forma\">El fichaje de Luka Jovic por el Real Madrid va tomando forma<\/a>\n<\/span><\/div>","aioseo_breadcrumb_json":[{"label":"Home","link":"https:\/\/www.eldigitaldeasturias.com\/noticias"},{"label":"Deportes","link":"https:\/\/www.eldigitaldeasturias.com\/noticias\/category\/deportes\/"},{"label":"El fichaje de Luka Jovic por el Real Madrid va tomando forma","link":"https:\/\/www.eldigitaldeasturias.com\/noticias\/el-fichaje-de-luka-jovic-por-el-real-madrid-va-tomando-forma\/"}],"_links":{"self":[{"href":"https:\/\/www.eldigitaldeasturias.com\/noticias\/wp-json\/wp\/v2\/posts\/1027692","targetHints":{"allow":["GET"]}}],"collection":[{"href":"https:\/\/www.eldigitaldeasturias.com\/noticias\/wp-json\/wp\/v2\/posts"}],"about":[{"href":"https:\/\/www.eldigitaldeasturias.com\/noticias\/wp-json\/wp\/v2\/types\/post"}],"author":[{"embeddable":true,"href":"https:\/\/www.eldigitaldeasturias.com\/noticias\/wp-json\/wp\/v2\/users\/1"}],"replies":[{"embeddable":true,"href":"https:\/\/www.eldigitaldeasturias.com\/noticias\/wp-json\/wp\/v2\/comments?post=1027692"}],"version-history":[{"count":0,"href":"https:\/\/www.eldigitaldeasturias.com\/noticias\/wp-json\/wp\/v2\/posts\/1027692\/revisions"}],"wp:featuredmedia":[{"embeddable":true,"href":"https:\/\/www.eldigitaldeasturias.com\/noticias\/wp-json\/wp\/v2\/media\/977802"}],"wp:attachment":[{"href":"https:\/\/www.eldigitaldeasturias.com\/noticias\/wp-json\/wp\/v2\/media?parent=1027692"}],"wp:term":[{"taxonomy":"category","embeddable":true,"href":"https:\/\/www.eldigitaldeasturias.com\/noticias\/wp-json\/wp\/v2\/categories?post=1027692"},{"taxonomy":"post_tag","embeddable":true,"href":"https:\/\/www.eldigitaldeasturias.com\/noticias\/wp-json\/wp\/v2\/tags?post=1027692"}],"curies":[{"name":"wp","href":"https:\/\/api.w.org\/{rel}","templated":true}]}}