{"id":1027682,"date":"2019-05-17T17:07:15","date_gmt":"2019-05-17T17:07:15","guid":{"rendered":"https:\/\/www.eldigitaldeasturias.com\/noticias\/?p=1027682"},"modified":"2019-05-17T17:07:15","modified_gmt":"2019-05-17T17:07:15","slug":"lewandowski-suma-y-marca-en-la-bundesliga","status":"publish","type":"post","link":"https:\/\/www.eldigitaldeasturias.com\/noticias\/lewandowski-suma-y-marca-en-la-bundesliga\/","title":{"rendered":"Lewandowski suma y marca en la Bundesliga"},"content":{"rendered":"<p><img loading=\"lazy\" decoding=\"async\" class=\"alignleft size-medium wp-image-977427\" src=\"https:\/\/www.eldigitaldeasturias.com\/noticias\/wp-content\/uploads\/2018\/04\/arena-1181668_960_720-360x240.jpg\" alt=\"\" width=\"360\" height=\"240\" srcset=\"https:\/\/www.eldigitaldeasturias.com\/noticias\/wp-content\/uploads\/2018\/04\/arena-1181668_960_720-360x240.jpg 360w, https:\/\/www.eldigitaldeasturias.com\/noticias\/wp-content\/uploads\/2018\/04\/arena-1181668_960_720-450x300.jpg 450w, https:\/\/www.eldigitaldeasturias.com\/noticias\/wp-content\/uploads\/2018\/04\/arena-1181668_960_720-768x512.jpg 768w, https:\/\/www.eldigitaldeasturias.com\/noticias\/wp-content\/uploads\/2018\/04\/arena-1181668_960_720-690x460.jpg 690w, https:\/\/www.eldigitaldeasturias.com\/noticias\/wp-content\/uploads\/2018\/04\/arena-1181668_960_720-20x13.jpg 20w, https:\/\/www.eldigitaldeasturias.com\/noticias\/wp-content\/uploads\/2018\/04\/arena-1181668_960_720.jpg 960w\" sizes=\"auto, (max-width: 360px) 100vw, 360px\" \/>M\u00fanich, 16 may (dpa) &#8211; El delantero polaco del Bayern M\u00fanich Robert Lewandowski asegur\u00f3 hoy que ser\u00eda excepcional colocarse detr\u00e1s del legendario jugador germano alem\u00e1n Gerd M\u00fcller como m\u00e1ximo goleador en la historia de la liga alemana de f\u00fatbol.<\/p>\n<p>\u00abEs un gran honor para m\u00ed estar detr\u00e1s de esta gran leyenda. Ha ganado el t\u00edtulo siete veces, a\u00fan me falta falta un poco\u00bb, dijo el jugador, quien este fin de semana podr\u00eda alzar su segundo galard\u00f3n consecutivo de m\u00e1ximo goleador y el cuarto en la Bundesliga.<\/p>\n<p>\u00abSi lo consigo el s\u00e1bado, ser\u00eda algo especial y significar\u00eda mucho para m\u00ed\u00bb, declar\u00f3 el delantero del Bayern en la p\u00e1gina web del club.<\/p>\n<p>M\u00fcller fue siete veces el m\u00e1ximo goleador de la liga germana de f\u00fatbol, mientras que Lewandowski, el ex jugador del Leverkusen Ulf Kirsten y el presidente de la junta directiva del Bayern, Karl-HeinzRummenigge, se coronaron tres veces cada uno.<\/p>\n<p>En la presente temporada de la Bundesliga, Lewandowski lidera la lista con 22 goles, delante de Paco Alc\u00e1cer (Borussia Dortmund\/18) y Luka Jovic (17), del Fr\u00e1ncfort.<\/p>\n<p>\u00abPor supuesto, tengo un poco de ventaja, pero probablemente tendr\u00e9 que marcar un gol para tener mayor seguridad, incluso por el t\u00edtulo de campe\u00f3n. Ser\u00eda \u00f3ptimo convertirnos en campeones alemanes y yo en el goleador. Ambos t\u00edtulos ser\u00edan perfectos\u00bb, dijo el jugador polaco de 30 a\u00f1os, cuyo contrato con el Bayern M\u00fanich expira el 30 de junio de 2021.<\/p>\n<p>Seg\u00fan informes, el club b\u00e1varo pretende prolongar el contrato con el goleador antes de tiempo. Seg\u00fan la revista especializada \u00abKicker\u00bb, Lewandowski ha recibido consultas del Manchester United y del Par\u00eds Saint-Germain.<\/p>\n<p>En la \u00faltima fecha, el Bayern M\u00fanich, con 75 puntos, recibir\u00e1 al Eintracht Frankfurt, mientras que el Dortmund, con 73 unidades, se enfrentar\u00e1 al Gladbach.<\/p>\n","protected":false},"excerpt":{"rendered":"<p>M\u00fanich, 16 may (dpa) &#8211; El delantero polaco del Bayern M\u00fanich Robert Lewandowski asegur\u00f3 hoy que ser\u00eda excepcional colocarse detr\u00e1s del legendario jugador germano alem\u00e1n Gerd M\u00fcller como m\u00e1ximo goleador en la historia de la liga alemana de f\u00fatbol. \u00abEs un gran honor para m\u00ed estar detr\u00e1s de esta gran leyenda. Ha ganado el t\u00edtulo [&hellip;]<\/p>\n","protected":false},"author":1,"featured_media":977427,"comment_status":"closed","ping_status":"closed","sticky":false,"template":"","format":"standard","meta":{"footnotes":""},"categories":[190],"tags":[],"class_list":["post-1027682","post","type-post","status-publish","format-standard","has-post-thumbnail","hentry","category-deportes"],"aioseo_notices":[],"aioseo_head":"\n\t\t<!-- All in One SEO Pro 4.9.6.2 - aioseo.com -->\n\t<meta name=\"description\" content=\"M\u00fanich, 16 may (dpa) - El delantero polaco del Bayern M\u00fanich Robert Lewandowski asegur\u00f3 hoy que ser\u00eda excepcional colocarse detr\u00e1s del legendario jugador germano alem\u00e1n Gerd M\u00fcller como m\u00e1ximo goleador en la historia de la liga alemana de f\u00fatbol. &quot;Es un gran honor para m\u00ed estar detr\u00e1s de esta gran leyenda. Ha ganado el t\u00edtulo\" \/>\n\t<meta name=\"robots\" content=\"max-image-preview:large\" \/>\n\t<meta name=\"author\" content=\"El Digital de Asturias\"\/>\n\t<meta name=\"google-site-verification\" content=\"UA-38556648-1\" \/>\n\t<meta name=\"msvalidate.01\" content=\"7dfe9f3f1b24437ab69f4f2559babe99\" \/>\n\t<meta name=\"keywords\" content=\"deportes\" \/>\n\t<link rel=\"canonical\" href=\"https:\/\/www.eldigitaldeasturias.com\/noticias\/lewandowski-suma-y-marca-en-la-bundesliga\/\" \/>\n\t<meta name=\"generator\" content=\"All in One SEO Pro (AIOSEO) 4.9.6.2\" \/>\n\t\t<meta property=\"og:locale\" content=\"es_ES\" \/>\n\t\t<meta property=\"og:site_name\" content=\"El Digital de Asturias\" \/>\n\t\t<meta property=\"og:type\" content=\"article\" \/>\n\t\t<meta property=\"og:title\" content=\"Lewandowski suma y marca en la Bundesliga - El Digital de Asturias\" \/>\n\t\t<meta property=\"og:description\" content=\"M\u00fanich, 16 may (dpa) - El delantero polaco del Bayern M\u00fanich Robert Lewandowski asegur\u00f3 hoy que ser\u00eda excepcional colocarse detr\u00e1s del legendario jugador germano alem\u00e1n Gerd M\u00fcller como m\u00e1ximo goleador en la historia de la liga alemana de f\u00fatbol. &quot;Es un gran honor para m\u00ed estar detr\u00e1s de esta gran leyenda. Ha ganado el t\u00edtulo\" \/>\n\t\t<meta property=\"og:url\" content=\"https:\/\/www.eldigitaldeasturias.com\/noticias\/lewandowski-suma-y-marca-en-la-bundesliga\/\" \/>\n\t\t<meta property=\"og:image\" content=\"https:\/\/www.eldigitaldeasturias.com\/noticias\/wp-content\/uploads\/2018\/04\/arena-1181668_960_720.jpg\" \/>\n\t\t<meta property=\"og:image:secure_url\" content=\"https:\/\/www.eldigitaldeasturias.com\/noticias\/wp-content\/uploads\/2018\/04\/arena-1181668_960_720.jpg\" \/>\n\t\t<meta property=\"og:image:width\" content=\"960\" \/>\n\t\t<meta property=\"og:image:height\" content=\"640\" \/>\n\t\t<meta property=\"article:tag\" content=\"deportes\" \/>\n\t\t<meta property=\"article:published_time\" content=\"2019-05-17T17:07:15+00:00\" \/>\n\t\t<meta property=\"article:modified_time\" content=\"2019-05-17T17:07:15+00:00\" \/>\n\t\t<meta property=\"article:publisher\" content=\"https:\/\/facebook.com\/eldigitaldeasturias\" \/>\n\t\t<meta name=\"twitter:card\" content=\"summary_large_image\" \/>\n\t\t<meta name=\"twitter:title\" content=\"Lewandowski suma y marca en la Bundesliga - El Digital de Asturias\" \/>\n\t\t<meta name=\"twitter:description\" content=\"M\u00fanich, 16 may (dpa) - El delantero polaco del Bayern M\u00fanich Robert Lewandowski asegur\u00f3 hoy que ser\u00eda excepcional colocarse detr\u00e1s del legendario jugador germano alem\u00e1n Gerd M\u00fcller como m\u00e1ximo goleador en la historia de la liga alemana de f\u00fatbol. &quot;Es un gran honor para m\u00ed estar detr\u00e1s de esta gran leyenda. Ha ganado el t\u00edtulo\" \/>\n\t\t<meta name=\"twitter:image\" content=\"https:\/\/www.eldigitaldeasturias.com\/noticias\/wp-content\/uploads\/2018\/04\/arena-1181668_960_720.jpg\" \/>\n\t\t<meta name=\"twitter:label1\" content=\"Escrito por\" \/>\n\t\t<meta name=\"twitter:data1\" content=\"El Digital de Asturias\" \/>\n\t\t<meta name=\"twitter:label2\" content=\"Tiempo de lectura estimado\" \/>\n\t\t<meta name=\"twitter:data2\" content=\"2 minutos\" \/>\n\t\t<script type=\"application\/ld+json\" class=\"aioseo-schema\">\n\t\t\t{\"@context\":\"https:\\\/\\\/schema.org\",\"@graph\":[{\"@type\":\"BlogPosting\",\"@id\":\"https:\\\/\\\/www.eldigitaldeasturias.com\\\/noticias\\\/lewandowski-suma-y-marca-en-la-bundesliga\\\/#blogposting\",\"name\":\"Lewandowski suma y marca en la Bundesliga - El Digital de Asturias\",\"headline\":\"Lewandowski suma y marca en la Bundesliga\",\"author\":{\"@id\":\"https:\\\/\\\/www.eldigitaldeasturias.com\\\/noticias\\\/author\\\/admin\\\/#author\"},\"publisher\":{\"@id\":\"https:\\\/\\\/www.eldigitaldeasturias.com\\\/noticias\\\/#organization\"},\"image\":{\"@type\":\"ImageObject\",\"url\":\"https:\\\/\\\/www.eldigitaldeasturias.com\\\/noticias\\\/wp-content\\\/uploads\\\/2018\\\/04\\\/arena-1181668_960_720.jpg\",\"width\":960,\"height\":640},\"datePublished\":\"2019-05-17T17:07:15+02:00\",\"dateModified\":\"2019-05-17T17:07:15+02:00\",\"inLanguage\":\"es-ES\",\"mainEntityOfPage\":{\"@id\":\"https:\\\/\\\/www.eldigitaldeasturias.com\\\/noticias\\\/lewandowski-suma-y-marca-en-la-bundesliga\\\/#webpage\"},\"isPartOf\":{\"@id\":\"https:\\\/\\\/www.eldigitaldeasturias.com\\\/noticias\\\/lewandowski-suma-y-marca-en-la-bundesliga\\\/#webpage\"},\"articleSection\":\"Deportes\"},{\"@type\":\"BreadcrumbList\",\"@id\":\"https:\\\/\\\/www.eldigitaldeasturias.com\\\/noticias\\\/lewandowski-suma-y-marca-en-la-bundesliga\\\/#breadcrumblist\",\"itemListElement\":[{\"@type\":\"ListItem\",\"@id\":\"https:\\\/\\\/www.eldigitaldeasturias.com\\\/noticias#listItem\",\"position\":1,\"name\":\"Home\",\"item\":\"https:\\\/\\\/www.eldigitaldeasturias.com\\\/noticias\",\"nextItem\":{\"@type\":\"ListItem\",\"@id\":\"https:\\\/\\\/www.eldigitaldeasturias.com\\\/noticias\\\/category\\\/deportes\\\/#listItem\",\"name\":\"Deportes\"}},{\"@type\":\"ListItem\",\"@id\":\"https:\\\/\\\/www.eldigitaldeasturias.com\\\/noticias\\\/category\\\/deportes\\\/#listItem\",\"position\":2,\"name\":\"Deportes\",\"item\":\"https:\\\/\\\/www.eldigitaldeasturias.com\\\/noticias\\\/category\\\/deportes\\\/\",\"nextItem\":{\"@type\":\"ListItem\",\"@id\":\"https:\\\/\\\/www.eldigitaldeasturias.com\\\/noticias\\\/lewandowski-suma-y-marca-en-la-bundesliga\\\/#listItem\",\"name\":\"Lewandowski suma y marca en la Bundesliga\"},\"previousItem\":{\"@type\":\"ListItem\",\"@id\":\"https:\\\/\\\/www.eldigitaldeasturias.com\\\/noticias#listItem\",\"name\":\"Home\"}},{\"@type\":\"ListItem\",\"@id\":\"https:\\\/\\\/www.eldigitaldeasturias.com\\\/noticias\\\/lewandowski-suma-y-marca-en-la-bundesliga\\\/#listItem\",\"position\":3,\"name\":\"Lewandowski suma y marca en la Bundesliga\",\"previousItem\":{\"@type\":\"ListItem\",\"@id\":\"https:\\\/\\\/www.eldigitaldeasturias.com\\\/noticias\\\/category\\\/deportes\\\/#listItem\",\"name\":\"Deportes\"}}]},{\"@type\":\"Organization\",\"@id\":\"https:\\\/\\\/www.eldigitaldeasturias.com\\\/noticias\\\/#organization\",\"name\":\"El Digital de Asturias\",\"description\":\"Hemeroteca\",\"url\":\"https:\\\/\\\/www.eldigitaldeasturias.com\\\/noticias\\\/\",\"email\":\"info@eldigitaldeasturias.com\",\"telephone\":\"+34652131393\",\"logo\":{\"@type\":\"ImageObject\",\"url\":\"https:\\\/\\\/www.eldigitaldeasturias.com\\\/noticias\\\/wp-content\\\/uploads\\\/2020\\\/12\\\/EDA.jpg\",\"@id\":\"https:\\\/\\\/www.eldigitaldeasturias.com\\\/noticias\\\/lewandowski-suma-y-marca-en-la-bundesliga\\\/#organizationLogo\",\"width\":649,\"height\":297},\"image\":{\"@id\":\"https:\\\/\\\/www.eldigitaldeasturias.com\\\/noticias\\\/lewandowski-suma-y-marca-en-la-bundesliga\\\/#organizationLogo\"},\"sameAs\":[\"https:\\\/\\\/facebook.com\\\/eldigitaldeasturias\",\"https:\\\/\\\/www.youtube.com\\\/channel\\\/UCZP-2wLEB9Rv6erhFmqVnvg\"],\"address\":{\"@id\":\"https:\\\/\\\/www.eldigitaldeasturias.com\\\/noticias\\\/#postaladdress\",\"@type\":\"PostalAddress\",\"streetAddress\":\"san antonio 4,\",\"postalCode\":\"33430\",\"addressLocality\":\"Cand\\u00e1s\",\"addressRegion\":\"Asturias\",\"addressCountry\":\"ES\"}},{\"@type\":\"Person\",\"@id\":\"https:\\\/\\\/www.eldigitaldeasturias.com\\\/noticias\\\/author\\\/admin\\\/#author\",\"url\":\"https:\\\/\\\/www.eldigitaldeasturias.com\\\/noticias\\\/author\\\/admin\\\/\",\"name\":\"El Digital de Asturias\",\"image\":{\"@type\":\"ImageObject\",\"@id\":\"https:\\\/\\\/www.eldigitaldeasturias.com\\\/noticias\\\/lewandowski-suma-y-marca-en-la-bundesliga\\\/#authorImage\",\"url\":\"https:\\\/\\\/www.eldigitaldeasturias.com\\\/noticias\\\/wp-content\\\/litespeed\\\/avatar\\\/18677e78aa0546b92d9dbf31ec7d7668.jpg?ver=1777290358\",\"width\":96,\"height\":96,\"caption\":\"El Digital de Asturias\"}},{\"@type\":\"WebPage\",\"@id\":\"https:\\\/\\\/www.eldigitaldeasturias.com\\\/noticias\\\/lewandowski-suma-y-marca-en-la-bundesliga\\\/#webpage\",\"url\":\"https:\\\/\\\/www.eldigitaldeasturias.com\\\/noticias\\\/lewandowski-suma-y-marca-en-la-bundesliga\\\/\",\"name\":\"Lewandowski suma y marca en la Bundesliga - El Digital de Asturias\",\"description\":\"M\\u00fanich, 16 may (dpa) - El delantero polaco del Bayern M\\u00fanich Robert Lewandowski asegur\\u00f3 hoy que ser\\u00eda excepcional colocarse detr\\u00e1s del legendario jugador germano alem\\u00e1n Gerd M\\u00fcller como m\\u00e1ximo goleador en la historia de la liga alemana de f\\u00fatbol. \\\"Es un gran honor para m\\u00ed estar detr\\u00e1s de esta gran leyenda. Ha ganado el t\\u00edtulo\",\"inLanguage\":\"es-ES\",\"isPartOf\":{\"@id\":\"https:\\\/\\\/www.eldigitaldeasturias.com\\\/noticias\\\/#website\"},\"breadcrumb\":{\"@id\":\"https:\\\/\\\/www.eldigitaldeasturias.com\\\/noticias\\\/lewandowski-suma-y-marca-en-la-bundesliga\\\/#breadcrumblist\"},\"author\":{\"@id\":\"https:\\\/\\\/www.eldigitaldeasturias.com\\\/noticias\\\/author\\\/admin\\\/#author\"},\"creator\":{\"@id\":\"https:\\\/\\\/www.eldigitaldeasturias.com\\\/noticias\\\/author\\\/admin\\\/#author\"},\"image\":{\"@type\":\"ImageObject\",\"url\":\"https:\\\/\\\/www.eldigitaldeasturias.com\\\/noticias\\\/wp-content\\\/uploads\\\/2018\\\/04\\\/arena-1181668_960_720.jpg\",\"@id\":\"https:\\\/\\\/www.eldigitaldeasturias.com\\\/noticias\\\/lewandowski-suma-y-marca-en-la-bundesliga\\\/#mainImage\",\"width\":960,\"height\":640},\"primaryImageOfPage\":{\"@id\":\"https:\\\/\\\/www.eldigitaldeasturias.com\\\/noticias\\\/lewandowski-suma-y-marca-en-la-bundesliga\\\/#mainImage\"},\"datePublished\":\"2019-05-17T17:07:15+02:00\",\"dateModified\":\"2019-05-17T17:07:15+02:00\"},{\"@type\":\"WebSite\",\"@id\":\"https:\\\/\\\/www.eldigitaldeasturias.com\\\/noticias\\\/#website\",\"url\":\"https:\\\/\\\/www.eldigitaldeasturias.com\\\/noticias\\\/\",\"name\":\"El Digital de Asturias - Diario de actualidad y noticias\",\"alternateName\":\"El Digital de Asturias - Diario de actualidad y noticias\",\"description\":\"Hemeroteca\",\"inLanguage\":\"es-ES\",\"publisher\":{\"@id\":\"https:\\\/\\\/www.eldigitaldeasturias.com\\\/noticias\\\/#organization\"}}]}\n\t\t<\/script>\n\t\t<!-- All in One SEO Pro -->\r\n\t\t<title>Lewandowski suma y marca en la Bundesliga - El Digital de Asturias<\/title>\n\n","aioseo_head_json":{"title":"Lewandowski suma y marca en la Bundesliga - El Digital de Asturias","description":"M\u00fanich, 16 may (dpa) - El delantero polaco del Bayern M\u00fanich Robert Lewandowski asegur\u00f3 hoy que ser\u00eda excepcional colocarse detr\u00e1s del legendario jugador germano alem\u00e1n Gerd M\u00fcller como m\u00e1ximo goleador en la historia de la liga alemana de f\u00fatbol. \"Es un gran honor para m\u00ed estar detr\u00e1s de esta gran leyenda. Ha ganado el t\u00edtulo","canonical_url":"https:\/\/www.eldigitaldeasturias.com\/noticias\/lewandowski-suma-y-marca-en-la-bundesliga\/","robots":"max-image-preview:large","keywords":"deportes","webmasterTools":{"google-site-verification":"UA-38556648-1","msvalidate.01":"7dfe9f3f1b24437ab69f4f2559babe99","miscellaneous":""},"schema":{"@context":"https:\/\/schema.org","@graph":[{"@type":"BlogPosting","@id":"https:\/\/www.eldigitaldeasturias.com\/noticias\/lewandowski-suma-y-marca-en-la-bundesliga\/#blogposting","name":"Lewandowski suma y marca en la Bundesliga - El Digital de Asturias","headline":"Lewandowski suma y marca en la Bundesliga","author":{"@id":"https:\/\/www.eldigitaldeasturias.com\/noticias\/author\/admin\/#author"},"publisher":{"@id":"https:\/\/www.eldigitaldeasturias.com\/noticias\/#organization"},"image":{"@type":"ImageObject","url":"https:\/\/www.eldigitaldeasturias.com\/noticias\/wp-content\/uploads\/2018\/04\/arena-1181668_960_720.jpg","width":960,"height":640},"datePublished":"2019-05-17T17:07:15+02:00","dateModified":"2019-05-17T17:07:15+02:00","inLanguage":"es-ES","mainEntityOfPage":{"@id":"https:\/\/www.eldigitaldeasturias.com\/noticias\/lewandowski-suma-y-marca-en-la-bundesliga\/#webpage"},"isPartOf":{"@id":"https:\/\/www.eldigitaldeasturias.com\/noticias\/lewandowski-suma-y-marca-en-la-bundesliga\/#webpage"},"articleSection":"Deportes"},{"@type":"BreadcrumbList","@id":"https:\/\/www.eldigitaldeasturias.com\/noticias\/lewandowski-suma-y-marca-en-la-bundesliga\/#breadcrumblist","itemListElement":[{"@type":"ListItem","@id":"https:\/\/www.eldigitaldeasturias.com\/noticias#listItem","position":1,"name":"Home","item":"https:\/\/www.eldigitaldeasturias.com\/noticias","nextItem":{"@type":"ListItem","@id":"https:\/\/www.eldigitaldeasturias.com\/noticias\/category\/deportes\/#listItem","name":"Deportes"}},{"@type":"ListItem","@id":"https:\/\/www.eldigitaldeasturias.com\/noticias\/category\/deportes\/#listItem","position":2,"name":"Deportes","item":"https:\/\/www.eldigitaldeasturias.com\/noticias\/category\/deportes\/","nextItem":{"@type":"ListItem","@id":"https:\/\/www.eldigitaldeasturias.com\/noticias\/lewandowski-suma-y-marca-en-la-bundesliga\/#listItem","name":"Lewandowski suma y marca en la Bundesliga"},"previousItem":{"@type":"ListItem","@id":"https:\/\/www.eldigitaldeasturias.com\/noticias#listItem","name":"Home"}},{"@type":"ListItem","@id":"https:\/\/www.eldigitaldeasturias.com\/noticias\/lewandowski-suma-y-marca-en-la-bundesliga\/#listItem","position":3,"name":"Lewandowski suma y marca en la Bundesliga","previousItem":{"@type":"ListItem","@id":"https:\/\/www.eldigitaldeasturias.com\/noticias\/category\/deportes\/#listItem","name":"Deportes"}}]},{"@type":"Organization","@id":"https:\/\/www.eldigitaldeasturias.com\/noticias\/#organization","name":"El Digital de Asturias","description":"Hemeroteca","url":"https:\/\/www.eldigitaldeasturias.com\/noticias\/","email":"info@eldigitaldeasturias.com","telephone":"+34652131393","logo":{"@type":"ImageObject","url":"https:\/\/www.eldigitaldeasturias.com\/noticias\/wp-content\/uploads\/2020\/12\/EDA.jpg","@id":"https:\/\/www.eldigitaldeasturias.com\/noticias\/lewandowski-suma-y-marca-en-la-bundesliga\/#organizationLogo","width":649,"height":297},"image":{"@id":"https:\/\/www.eldigitaldeasturias.com\/noticias\/lewandowski-suma-y-marca-en-la-bundesliga\/#organizationLogo"},"sameAs":["https:\/\/facebook.com\/eldigitaldeasturias","https:\/\/www.youtube.com\/channel\/UCZP-2wLEB9Rv6erhFmqVnvg"],"address":{"@id":"https:\/\/www.eldigitaldeasturias.com\/noticias\/#postaladdress","@type":"PostalAddress","streetAddress":"san antonio 4,","postalCode":"33430","addressLocality":"Cand\u00e1s","addressRegion":"Asturias","addressCountry":"ES"}},{"@type":"Person","@id":"https:\/\/www.eldigitaldeasturias.com\/noticias\/author\/admin\/#author","url":"https:\/\/www.eldigitaldeasturias.com\/noticias\/author\/admin\/","name":"El Digital de Asturias","image":{"@type":"ImageObject","@id":"https:\/\/www.eldigitaldeasturias.com\/noticias\/lewandowski-suma-y-marca-en-la-bundesliga\/#authorImage","url":"https:\/\/www.eldigitaldeasturias.com\/noticias\/wp-content\/litespeed\/avatar\/18677e78aa0546b92d9dbf31ec7d7668.jpg?ver=1777290358","width":96,"height":96,"caption":"El Digital de Asturias"}},{"@type":"WebPage","@id":"https:\/\/www.eldigitaldeasturias.com\/noticias\/lewandowski-suma-y-marca-en-la-bundesliga\/#webpage","url":"https:\/\/www.eldigitaldeasturias.com\/noticias\/lewandowski-suma-y-marca-en-la-bundesliga\/","name":"Lewandowski suma y marca en la Bundesliga - El Digital de Asturias","description":"M\u00fanich, 16 may (dpa) - El delantero polaco del Bayern M\u00fanich Robert Lewandowski asegur\u00f3 hoy que ser\u00eda excepcional colocarse detr\u00e1s del legendario jugador germano alem\u00e1n Gerd M\u00fcller como m\u00e1ximo goleador en la historia de la liga alemana de f\u00fatbol. \"Es un gran honor para m\u00ed estar detr\u00e1s de esta gran leyenda. Ha ganado el t\u00edtulo","inLanguage":"es-ES","isPartOf":{"@id":"https:\/\/www.eldigitaldeasturias.com\/noticias\/#website"},"breadcrumb":{"@id":"https:\/\/www.eldigitaldeasturias.com\/noticias\/lewandowski-suma-y-marca-en-la-bundesliga\/#breadcrumblist"},"author":{"@id":"https:\/\/www.eldigitaldeasturias.com\/noticias\/author\/admin\/#author"},"creator":{"@id":"https:\/\/www.eldigitaldeasturias.com\/noticias\/author\/admin\/#author"},"image":{"@type":"ImageObject","url":"https:\/\/www.eldigitaldeasturias.com\/noticias\/wp-content\/uploads\/2018\/04\/arena-1181668_960_720.jpg","@id":"https:\/\/www.eldigitaldeasturias.com\/noticias\/lewandowski-suma-y-marca-en-la-bundesliga\/#mainImage","width":960,"height":640},"primaryImageOfPage":{"@id":"https:\/\/www.eldigitaldeasturias.com\/noticias\/lewandowski-suma-y-marca-en-la-bundesliga\/#mainImage"},"datePublished":"2019-05-17T17:07:15+02:00","dateModified":"2019-05-17T17:07:15+02:00"},{"@type":"WebSite","@id":"https:\/\/www.eldigitaldeasturias.com\/noticias\/#website","url":"https:\/\/www.eldigitaldeasturias.com\/noticias\/","name":"El Digital de Asturias - Diario de actualidad y noticias","alternateName":"El Digital de Asturias - Diario de actualidad y noticias","description":"Hemeroteca","inLanguage":"es-ES","publisher":{"@id":"https:\/\/www.eldigitaldeasturias.com\/noticias\/#organization"}}]},"og:locale":"es_ES","og:site_name":"El Digital de Asturias","og:type":"article","og:title":"Lewandowski suma y marca en la Bundesliga - El Digital de Asturias","og:description":"M\u00fanich, 16 may (dpa) - El delantero polaco del Bayern M\u00fanich Robert Lewandowski asegur\u00f3 hoy que ser\u00eda excepcional colocarse detr\u00e1s del legendario jugador germano alem\u00e1n Gerd M\u00fcller como m\u00e1ximo goleador en la historia de la liga alemana de f\u00fatbol. &quot;Es un gran honor para m\u00ed estar detr\u00e1s de esta gran leyenda. Ha ganado el t\u00edtulo","og:url":"https:\/\/www.eldigitaldeasturias.com\/noticias\/lewandowski-suma-y-marca-en-la-bundesliga\/","og:image":"https:\/\/www.eldigitaldeasturias.com\/noticias\/wp-content\/uploads\/2018\/04\/arena-1181668_960_720.jpg","og:image:secure_url":"https:\/\/www.eldigitaldeasturias.com\/noticias\/wp-content\/uploads\/2018\/04\/arena-1181668_960_720.jpg","og:image:width":960,"og:image:height":640,"article:tag":["deportes"],"article:published_time":"2019-05-17T17:07:15+00:00","article:modified_time":"2019-05-17T17:07:15+00:00","article:publisher":"https:\/\/facebook.com\/eldigitaldeasturias","twitter:card":"summary_large_image","twitter:title":"Lewandowski suma y marca en la Bundesliga - El Digital de Asturias","twitter:description":"M\u00fanich, 16 may (dpa) - El delantero polaco del Bayern M\u00fanich Robert Lewandowski asegur\u00f3 hoy que ser\u00eda excepcional colocarse detr\u00e1s del legendario jugador germano alem\u00e1n Gerd M\u00fcller como m\u00e1ximo goleador en la historia de la liga alemana de f\u00fatbol. &quot;Es un gran honor para m\u00ed estar detr\u00e1s de esta gran leyenda. Ha ganado el t\u00edtulo","twitter:image":"https:\/\/www.eldigitaldeasturias.com\/noticias\/wp-content\/uploads\/2018\/04\/arena-1181668_960_720.jpg","twitter:label1":"Escrito por","twitter:data1":"El Digital de Asturias","twitter:label2":"Tiempo de lectura estimado","twitter:data2":"2 minutos"},"aioseo_meta_data":{"post_id":"1027682","title":null,"description":null,"keywords":null,"keyphrases":null,"primary_term":null,"canonical_url":null,"og_title":null,"og_description":null,"og_object_type":"default","og_image_type":"default","og_image_url":null,"og_image_width":null,"og_image_height":null,"og_image_custom_url":null,"og_image_custom_fields":null,"og_video":null,"og_custom_url":null,"og_article_section":null,"og_article_tags":null,"twitter_use_og":false,"twitter_card":"default","twitter_image_type":"default","twitter_image_url":null,"twitter_image_custom_url":null,"twitter_image_custom_fields":null,"twitter_title":null,"twitter_description":null,"schema":{"blockGraphs":[],"customGraphs":[],"default":{"data":{"Article":[],"Course":[],"Dataset":[],"FAQPage":[],"Movie":[],"Person":[],"Product":[],"ProductReview":[],"Car":[],"Recipe":[],"Service":[],"SoftwareApplication":[],"WebPage":[]},"graphName":"","isEnabled":true},"graphs":[],"defaultGraph":"","defaultPostTypeGraph":""},"schema_type":null,"schema_type_options":null,"pillar_content":false,"robots_default":true,"robots_noindex":false,"robots_noarchive":false,"robots_nosnippet":false,"robots_nofollow":false,"robots_noimageindex":false,"robots_noodp":false,"robots_notranslate":false,"robots_max_snippet":null,"robots_max_videopreview":null,"robots_max_imagepreview":"large","priority":null,"frequency":null,"local_seo":null,"seo_analyzer_scan_date":"2025-10-18 06:16:44","breadcrumb_settings":null,"limit_modified_date":false,"open_ai":null,"ai":null,"created":"2020-12-21 11:11:42","updated":"2025-10-18 06:16:44"},"aioseo_breadcrumb":"<div class=\"aioseo-breadcrumbs\"><span class=\"aioseo-breadcrumb\">\n\t<a href=\"https:\/\/www.eldigitaldeasturias.com\/noticias\" title=\"Home\">Home<\/a>\n<\/span><span class=\"aioseo-breadcrumb-separator\">\u2013<\/span><span class=\"aioseo-breadcrumb\">\n\t<a href=\"https:\/\/www.eldigitaldeasturias.com\/noticias\/category\/deportes\/\" title=\"Deportes\">Deportes<\/a>\n<\/span><span class=\"aioseo-breadcrumb-separator\">\u2013<\/span><span class=\"aioseo-breadcrumb\">\n\t<a href=\"https:\/\/www.eldigitaldeasturias.com\/noticias\/lewandowski-suma-y-marca-en-la-bundesliga\/\" title=\"Lewandowski suma y marca en la Bundesliga\">Lewandowski suma y marca en la Bundesliga<\/a>\n<\/span><\/div>","aioseo_breadcrumb_json":[{"label":"Home","link":"https:\/\/www.eldigitaldeasturias.com\/noticias"},{"label":"Deportes","link":"https:\/\/www.eldigitaldeasturias.com\/noticias\/category\/deportes\/"},{"label":"Lewandowski suma y marca en la Bundesliga","link":"https:\/\/www.eldigitaldeasturias.com\/noticias\/lewandowski-suma-y-marca-en-la-bundesliga\/"}],"_links":{"self":[{"href":"https:\/\/www.eldigitaldeasturias.com\/noticias\/wp-json\/wp\/v2\/posts\/1027682","targetHints":{"allow":["GET"]}}],"collection":[{"href":"https:\/\/www.eldigitaldeasturias.com\/noticias\/wp-json\/wp\/v2\/posts"}],"about":[{"href":"https:\/\/www.eldigitaldeasturias.com\/noticias\/wp-json\/wp\/v2\/types\/post"}],"author":[{"embeddable":true,"href":"https:\/\/www.eldigitaldeasturias.com\/noticias\/wp-json\/wp\/v2\/users\/1"}],"replies":[{"embeddable":true,"href":"https:\/\/www.eldigitaldeasturias.com\/noticias\/wp-json\/wp\/v2\/comments?post=1027682"}],"version-history":[{"count":0,"href":"https:\/\/www.eldigitaldeasturias.com\/noticias\/wp-json\/wp\/v2\/posts\/1027682\/revisions"}],"wp:featuredmedia":[{"embeddable":true,"href":"https:\/\/www.eldigitaldeasturias.com\/noticias\/wp-json\/wp\/v2\/media\/977427"}],"wp:attachment":[{"href":"https:\/\/www.eldigitaldeasturias.com\/noticias\/wp-json\/wp\/v2\/media?parent=1027682"}],"wp:term":[{"taxonomy":"category","embeddable":true,"href":"https:\/\/www.eldigitaldeasturias.com\/noticias\/wp-json\/wp\/v2\/categories?post=1027682"},{"taxonomy":"post_tag","embeddable":true,"href":"https:\/\/www.eldigitaldeasturias.com\/noticias\/wp-json\/wp\/v2\/tags?post=1027682"}],"curies":[{"name":"wp","href":"https:\/\/api.w.org\/{rel}","templated":true}]}}