{"id":1027673,"date":"2019-05-17T16:54:54","date_gmt":"2019-05-17T16:54:54","guid":{"rendered":"https:\/\/www.eldigitaldeasturias.com\/noticias\/?p=1027673"},"modified":"2019-05-17T16:54:54","modified_gmt":"2019-05-17T16:54:54","slug":"schuster-apuesta-por-ter-stegen-para-el-once-aleman","status":"publish","type":"post","link":"https:\/\/www.eldigitaldeasturias.com\/noticias\/schuster-apuesta-por-ter-stegen-para-el-once-aleman\/","title":{"rendered":"Schuster apuesta por Ter Stegen para el once alem\u00e1n"},"content":{"rendered":"<p><img loading=\"lazy\" decoding=\"async\" class=\"alignleft size-medium wp-image-1027674\" src=\"https:\/\/www.eldigitaldeasturias.com\/noticias\/wp-content\/uploads\/2019\/05\/Bernd-Schuster-213x320.jpg\" alt=\"\" width=\"213\" height=\"320\" srcset=\"https:\/\/www.eldigitaldeasturias.com\/noticias\/wp-content\/uploads\/2019\/05\/Bernd-Schuster-213x320.jpg 213w, https:\/\/www.eldigitaldeasturias.com\/noticias\/wp-content\/uploads\/2019\/05\/Bernd-Schuster-199x300.jpg 199w, https:\/\/www.eldigitaldeasturias.com\/noticias\/wp-content\/uploads\/2019\/05\/Bernd-Schuster-319x480.jpg 319w, https:\/\/www.eldigitaldeasturias.com\/noticias\/wp-content\/uploads\/2019\/05\/Bernd-Schuster-13x20.jpg 13w, https:\/\/www.eldigitaldeasturias.com\/noticias\/wp-content\/uploads\/2019\/05\/Bernd-Schuster.jpg 440w\" sizes=\"auto, (max-width: 213px) 100vw, 213px\" \/>Berl\u00edn, 16 may (dpa) &#8211; El ex futbolista y entrenador Bernd Schuster se pronunci\u00f3 claramente por el portero del Barcelona Marc-Andr\u00e9 ter Stegen como futuro titular en la selecci\u00f3n alemana de f\u00fatbol.<\/p>\n<p>\u00abEs titular indiscutido en el Barcelona. Espero que tambi\u00e9n esto valga para el seleccionado en el futuro\u00bb, dijo el ex jugador del Bar\u00e7a al ser distinguido el mi\u00e9rcoles por la noche en Berl\u00edn.<\/p>\n<p>\u00abNo s\u00e9 c\u00f3mo un guardameta puede jugar tan bien al f\u00fatbol. Creo que hubiera tenido problemas para hacerle goles. Ataja de forma tan incre\u00edble, y se hizo solo\u00bb, elogi\u00f3 Schuster a Ter Stegen, quien se disputa el arco alem\u00e1n con el actual titular, el arquero del Bayern M\u00fanich Manuel Neuer.<\/p>\n<p>Schuster, de 59 a\u00f1os, recibi\u00f3 un premio honor\u00edfico en la ceremonia de los embajadores del f\u00fatbol alem\u00e1n que tuvo lugar en la sede del ministerio del Exterior. Ter Stegen fue galadornado en ausencia con el premio del p\u00fablico.<\/p>\n<p>La Asociaci\u00f3n de Embajadores del F\u00fatbol Alem\u00e1n distingue a entrenadores y jugadores germanos que contribuyen a forjar una imagen positiva del pa\u00eds en el exterior.<\/p>\n<p><strong><em>Foto: Gregor Fischer\/dpa<\/em><\/strong><\/p>\n","protected":false},"excerpt":{"rendered":"<p>Berl\u00edn, 16 may (dpa) &#8211; El ex futbolista y entrenador Bernd Schuster se pronunci\u00f3 claramente por el portero del Barcelona Marc-Andr\u00e9 ter Stegen como futuro titular en la selecci\u00f3n alemana de f\u00fatbol. \u00abEs titular indiscutido en el Barcelona. Espero que tambi\u00e9n esto valga para el seleccionado en el futuro\u00bb, dijo el ex jugador del Bar\u00e7a [&hellip;]<\/p>\n","protected":false},"author":1,"featured_media":1027674,"comment_status":"closed","ping_status":"closed","sticky":false,"template":"","format":"standard","meta":{"footnotes":""},"categories":[190],"tags":[],"class_list":["post-1027673","post","type-post","status-publish","format-standard","has-post-thumbnail","hentry","category-deportes"],"aioseo_notices":[],"aioseo_head":"\n\t\t<!-- All in One SEO Pro 4.9.6.2 - aioseo.com -->\n\t<meta name=\"description\" content=\"Berl\u00edn, 16 may (dpa) - El ex futbolista y entrenador Bernd Schuster se pronunci\u00f3 claramente por el portero del Barcelona Marc-Andr\u00e9 ter Stegen como futuro titular en la selecci\u00f3n alemana de f\u00fatbol. &quot;Es titular indiscutido en el Barcelona. Espero que tambi\u00e9n esto valga para el seleccionado en el futuro&quot;, dijo el ex jugador del Bar\u00e7a\" \/>\n\t<meta name=\"robots\" content=\"max-image-preview:large\" \/>\n\t<meta name=\"author\" content=\"El Digital de Asturias\"\/>\n\t<meta name=\"google-site-verification\" content=\"UA-38556648-1\" \/>\n\t<meta name=\"msvalidate.01\" content=\"7dfe9f3f1b24437ab69f4f2559babe99\" \/>\n\t<meta name=\"keywords\" content=\"deportes\" \/>\n\t<link rel=\"canonical\" href=\"https:\/\/www.eldigitaldeasturias.com\/noticias\/schuster-apuesta-por-ter-stegen-para-el-once-aleman\/\" \/>\n\t<meta name=\"generator\" content=\"All in One SEO Pro (AIOSEO) 4.9.6.2\" \/>\n\t\t<meta property=\"og:locale\" content=\"es_ES\" \/>\n\t\t<meta property=\"og:site_name\" content=\"El Digital de Asturias\" \/>\n\t\t<meta property=\"og:type\" content=\"article\" \/>\n\t\t<meta property=\"og:title\" content=\"Schuster apuesta por Ter Stegen para el once alem\u00e1n - El Digital de Asturias\" \/>\n\t\t<meta property=\"og:description\" content=\"Berl\u00edn, 16 may (dpa) - El ex futbolista y entrenador Bernd Schuster se pronunci\u00f3 claramente por el portero del Barcelona Marc-Andr\u00e9 ter Stegen como futuro titular en la selecci\u00f3n alemana de f\u00fatbol. &quot;Es titular indiscutido en el Barcelona. Espero que tambi\u00e9n esto valga para el seleccionado en el futuro&quot;, dijo el ex jugador del Bar\u00e7a\" \/>\n\t\t<meta property=\"og:url\" content=\"https:\/\/www.eldigitaldeasturias.com\/noticias\/schuster-apuesta-por-ter-stegen-para-el-once-aleman\/\" \/>\n\t\t<meta property=\"og:image\" content=\"https:\/\/www.eldigitaldeasturias.com\/noticias\/wp-content\/uploads\/2019\/05\/Bernd-Schuster.jpg\" \/>\n\t\t<meta property=\"og:image:secure_url\" content=\"https:\/\/www.eldigitaldeasturias.com\/noticias\/wp-content\/uploads\/2019\/05\/Bernd-Schuster.jpg\" \/>\n\t\t<meta property=\"og:image:width\" content=\"440\" \/>\n\t\t<meta property=\"og:image:height\" content=\"662\" \/>\n\t\t<meta property=\"article:tag\" content=\"deportes\" \/>\n\t\t<meta property=\"article:published_time\" content=\"2019-05-17T16:54:54+00:00\" \/>\n\t\t<meta property=\"article:modified_time\" content=\"2019-05-17T16:54:54+00:00\" \/>\n\t\t<meta property=\"article:publisher\" content=\"https:\/\/facebook.com\/eldigitaldeasturias\" \/>\n\t\t<meta name=\"twitter:card\" content=\"summary_large_image\" \/>\n\t\t<meta name=\"twitter:title\" content=\"Schuster apuesta por Ter Stegen para el once alem\u00e1n - El Digital de Asturias\" \/>\n\t\t<meta name=\"twitter:description\" content=\"Berl\u00edn, 16 may (dpa) - El ex futbolista y entrenador Bernd Schuster se pronunci\u00f3 claramente por el portero del Barcelona Marc-Andr\u00e9 ter Stegen como futuro titular en la selecci\u00f3n alemana de f\u00fatbol. &quot;Es titular indiscutido en el Barcelona. Espero que tambi\u00e9n esto valga para el seleccionado en el futuro&quot;, dijo el ex jugador del Bar\u00e7a\" \/>\n\t\t<meta name=\"twitter:image\" content=\"https:\/\/www.eldigitaldeasturias.com\/noticias\/wp-content\/uploads\/2019\/05\/Bernd-Schuster.jpg\" \/>\n\t\t<meta name=\"twitter:label1\" content=\"Escrito por\" \/>\n\t\t<meta name=\"twitter:data1\" content=\"El Digital de Asturias\" \/>\n\t\t<meta name=\"twitter:label2\" content=\"Tiempo de lectura estimado\" \/>\n\t\t<meta name=\"twitter:data2\" content=\"1 minuto\" \/>\n\t\t<script type=\"application\/ld+json\" class=\"aioseo-schema\">\n\t\t\t{\"@context\":\"https:\\\/\\\/schema.org\",\"@graph\":[{\"@type\":\"BlogPosting\",\"@id\":\"https:\\\/\\\/www.eldigitaldeasturias.com\\\/noticias\\\/schuster-apuesta-por-ter-stegen-para-el-once-aleman\\\/#blogposting\",\"name\":\"Schuster apuesta por Ter Stegen para el once alem\\u00e1n - El Digital de Asturias\",\"headline\":\"Schuster apuesta por Ter Stegen para el once alem\\u00e1n\",\"author\":{\"@id\":\"https:\\\/\\\/www.eldigitaldeasturias.com\\\/noticias\\\/author\\\/admin\\\/#author\"},\"publisher\":{\"@id\":\"https:\\\/\\\/www.eldigitaldeasturias.com\\\/noticias\\\/#organization\"},\"image\":{\"@type\":\"ImageObject\",\"url\":\"https:\\\/\\\/www.eldigitaldeasturias.com\\\/noticias\\\/wp-content\\\/uploads\\\/2019\\\/05\\\/Bernd-Schuster.jpg\",\"width\":440,\"height\":662},\"datePublished\":\"2019-05-17T16:54:54+02:00\",\"dateModified\":\"2019-05-17T16:54:54+02:00\",\"inLanguage\":\"es-ES\",\"mainEntityOfPage\":{\"@id\":\"https:\\\/\\\/www.eldigitaldeasturias.com\\\/noticias\\\/schuster-apuesta-por-ter-stegen-para-el-once-aleman\\\/#webpage\"},\"isPartOf\":{\"@id\":\"https:\\\/\\\/www.eldigitaldeasturias.com\\\/noticias\\\/schuster-apuesta-por-ter-stegen-para-el-once-aleman\\\/#webpage\"},\"articleSection\":\"Deportes\"},{\"@type\":\"BreadcrumbList\",\"@id\":\"https:\\\/\\\/www.eldigitaldeasturias.com\\\/noticias\\\/schuster-apuesta-por-ter-stegen-para-el-once-aleman\\\/#breadcrumblist\",\"itemListElement\":[{\"@type\":\"ListItem\",\"@id\":\"https:\\\/\\\/www.eldigitaldeasturias.com\\\/noticias#listItem\",\"position\":1,\"name\":\"Home\",\"item\":\"https:\\\/\\\/www.eldigitaldeasturias.com\\\/noticias\",\"nextItem\":{\"@type\":\"ListItem\",\"@id\":\"https:\\\/\\\/www.eldigitaldeasturias.com\\\/noticias\\\/category\\\/deportes\\\/#listItem\",\"name\":\"Deportes\"}},{\"@type\":\"ListItem\",\"@id\":\"https:\\\/\\\/www.eldigitaldeasturias.com\\\/noticias\\\/category\\\/deportes\\\/#listItem\",\"position\":2,\"name\":\"Deportes\",\"item\":\"https:\\\/\\\/www.eldigitaldeasturias.com\\\/noticias\\\/category\\\/deportes\\\/\",\"nextItem\":{\"@type\":\"ListItem\",\"@id\":\"https:\\\/\\\/www.eldigitaldeasturias.com\\\/noticias\\\/schuster-apuesta-por-ter-stegen-para-el-once-aleman\\\/#listItem\",\"name\":\"Schuster apuesta por Ter Stegen para el once alem\\u00e1n\"},\"previousItem\":{\"@type\":\"ListItem\",\"@id\":\"https:\\\/\\\/www.eldigitaldeasturias.com\\\/noticias#listItem\",\"name\":\"Home\"}},{\"@type\":\"ListItem\",\"@id\":\"https:\\\/\\\/www.eldigitaldeasturias.com\\\/noticias\\\/schuster-apuesta-por-ter-stegen-para-el-once-aleman\\\/#listItem\",\"position\":3,\"name\":\"Schuster apuesta por Ter Stegen para el once alem\\u00e1n\",\"previousItem\":{\"@type\":\"ListItem\",\"@id\":\"https:\\\/\\\/www.eldigitaldeasturias.com\\\/noticias\\\/category\\\/deportes\\\/#listItem\",\"name\":\"Deportes\"}}]},{\"@type\":\"Organization\",\"@id\":\"https:\\\/\\\/www.eldigitaldeasturias.com\\\/noticias\\\/#organization\",\"name\":\"El Digital de Asturias\",\"description\":\"Hemeroteca\",\"url\":\"https:\\\/\\\/www.eldigitaldeasturias.com\\\/noticias\\\/\",\"email\":\"info@eldigitaldeasturias.com\",\"telephone\":\"+34652131393\",\"logo\":{\"@type\":\"ImageObject\",\"url\":\"https:\\\/\\\/www.eldigitaldeasturias.com\\\/noticias\\\/wp-content\\\/uploads\\\/2020\\\/12\\\/EDA.jpg\",\"@id\":\"https:\\\/\\\/www.eldigitaldeasturias.com\\\/noticias\\\/schuster-apuesta-por-ter-stegen-para-el-once-aleman\\\/#organizationLogo\",\"width\":649,\"height\":297},\"image\":{\"@id\":\"https:\\\/\\\/www.eldigitaldeasturias.com\\\/noticias\\\/schuster-apuesta-por-ter-stegen-para-el-once-aleman\\\/#organizationLogo\"},\"sameAs\":[\"https:\\\/\\\/facebook.com\\\/eldigitaldeasturias\",\"https:\\\/\\\/www.youtube.com\\\/channel\\\/UCZP-2wLEB9Rv6erhFmqVnvg\"],\"address\":{\"@id\":\"https:\\\/\\\/www.eldigitaldeasturias.com\\\/noticias\\\/#postaladdress\",\"@type\":\"PostalAddress\",\"streetAddress\":\"san antonio 4,\",\"postalCode\":\"33430\",\"addressLocality\":\"Cand\\u00e1s\",\"addressRegion\":\"Asturias\",\"addressCountry\":\"ES\"}},{\"@type\":\"Person\",\"@id\":\"https:\\\/\\\/www.eldigitaldeasturias.com\\\/noticias\\\/author\\\/admin\\\/#author\",\"url\":\"https:\\\/\\\/www.eldigitaldeasturias.com\\\/noticias\\\/author\\\/admin\\\/\",\"name\":\"El Digital de Asturias\",\"image\":{\"@type\":\"ImageObject\",\"@id\":\"https:\\\/\\\/www.eldigitaldeasturias.com\\\/noticias\\\/schuster-apuesta-por-ter-stegen-para-el-once-aleman\\\/#authorImage\",\"url\":\"https:\\\/\\\/www.eldigitaldeasturias.com\\\/noticias\\\/wp-content\\\/litespeed\\\/avatar\\\/18677e78aa0546b92d9dbf31ec7d7668.jpg?ver=1777290358\",\"width\":96,\"height\":96,\"caption\":\"El Digital de Asturias\"}},{\"@type\":\"WebPage\",\"@id\":\"https:\\\/\\\/www.eldigitaldeasturias.com\\\/noticias\\\/schuster-apuesta-por-ter-stegen-para-el-once-aleman\\\/#webpage\",\"url\":\"https:\\\/\\\/www.eldigitaldeasturias.com\\\/noticias\\\/schuster-apuesta-por-ter-stegen-para-el-once-aleman\\\/\",\"name\":\"Schuster apuesta por Ter Stegen para el once alem\\u00e1n - El Digital de Asturias\",\"description\":\"Berl\\u00edn, 16 may (dpa) - El ex futbolista y entrenador Bernd Schuster se pronunci\\u00f3 claramente por el portero del Barcelona Marc-Andr\\u00e9 ter Stegen como futuro titular en la selecci\\u00f3n alemana de f\\u00fatbol. \\\"Es titular indiscutido en el Barcelona. Espero que tambi\\u00e9n esto valga para el seleccionado en el futuro\\\", dijo el ex jugador del Bar\\u00e7a\",\"inLanguage\":\"es-ES\",\"isPartOf\":{\"@id\":\"https:\\\/\\\/www.eldigitaldeasturias.com\\\/noticias\\\/#website\"},\"breadcrumb\":{\"@id\":\"https:\\\/\\\/www.eldigitaldeasturias.com\\\/noticias\\\/schuster-apuesta-por-ter-stegen-para-el-once-aleman\\\/#breadcrumblist\"},\"author\":{\"@id\":\"https:\\\/\\\/www.eldigitaldeasturias.com\\\/noticias\\\/author\\\/admin\\\/#author\"},\"creator\":{\"@id\":\"https:\\\/\\\/www.eldigitaldeasturias.com\\\/noticias\\\/author\\\/admin\\\/#author\"},\"image\":{\"@type\":\"ImageObject\",\"url\":\"https:\\\/\\\/www.eldigitaldeasturias.com\\\/noticias\\\/wp-content\\\/uploads\\\/2019\\\/05\\\/Bernd-Schuster.jpg\",\"@id\":\"https:\\\/\\\/www.eldigitaldeasturias.com\\\/noticias\\\/schuster-apuesta-por-ter-stegen-para-el-once-aleman\\\/#mainImage\",\"width\":440,\"height\":662},\"primaryImageOfPage\":{\"@id\":\"https:\\\/\\\/www.eldigitaldeasturias.com\\\/noticias\\\/schuster-apuesta-por-ter-stegen-para-el-once-aleman\\\/#mainImage\"},\"datePublished\":\"2019-05-17T16:54:54+02:00\",\"dateModified\":\"2019-05-17T16:54:54+02:00\"},{\"@type\":\"WebSite\",\"@id\":\"https:\\\/\\\/www.eldigitaldeasturias.com\\\/noticias\\\/#website\",\"url\":\"https:\\\/\\\/www.eldigitaldeasturias.com\\\/noticias\\\/\",\"name\":\"El Digital de Asturias - Diario de actualidad y noticias\",\"alternateName\":\"El Digital de Asturias - Diario de actualidad y noticias\",\"description\":\"Hemeroteca\",\"inLanguage\":\"es-ES\",\"publisher\":{\"@id\":\"https:\\\/\\\/www.eldigitaldeasturias.com\\\/noticias\\\/#organization\"}}]}\n\t\t<\/script>\n\t\t<!-- All in One SEO Pro -->\r\n\t\t<title>Schuster apuesta por Ter Stegen para el once alem\u00e1n - El Digital de Asturias<\/title>\n\n","aioseo_head_json":{"title":"Schuster apuesta por Ter Stegen para el once alem\u00e1n - El Digital de Asturias","description":"Berl\u00edn, 16 may (dpa) - El ex futbolista y entrenador Bernd Schuster se pronunci\u00f3 claramente por el portero del Barcelona Marc-Andr\u00e9 ter Stegen como futuro titular en la selecci\u00f3n alemana de f\u00fatbol. \"Es titular indiscutido en el Barcelona. Espero que tambi\u00e9n esto valga para el seleccionado en el futuro\", dijo el ex jugador del Bar\u00e7a","canonical_url":"https:\/\/www.eldigitaldeasturias.com\/noticias\/schuster-apuesta-por-ter-stegen-para-el-once-aleman\/","robots":"max-image-preview:large","keywords":"deportes","webmasterTools":{"google-site-verification":"UA-38556648-1","msvalidate.01":"7dfe9f3f1b24437ab69f4f2559babe99","miscellaneous":""},"schema":{"@context":"https:\/\/schema.org","@graph":[{"@type":"BlogPosting","@id":"https:\/\/www.eldigitaldeasturias.com\/noticias\/schuster-apuesta-por-ter-stegen-para-el-once-aleman\/#blogposting","name":"Schuster apuesta por Ter Stegen para el once alem\u00e1n - El Digital de Asturias","headline":"Schuster apuesta por Ter Stegen para el once alem\u00e1n","author":{"@id":"https:\/\/www.eldigitaldeasturias.com\/noticias\/author\/admin\/#author"},"publisher":{"@id":"https:\/\/www.eldigitaldeasturias.com\/noticias\/#organization"},"image":{"@type":"ImageObject","url":"https:\/\/www.eldigitaldeasturias.com\/noticias\/wp-content\/uploads\/2019\/05\/Bernd-Schuster.jpg","width":440,"height":662},"datePublished":"2019-05-17T16:54:54+02:00","dateModified":"2019-05-17T16:54:54+02:00","inLanguage":"es-ES","mainEntityOfPage":{"@id":"https:\/\/www.eldigitaldeasturias.com\/noticias\/schuster-apuesta-por-ter-stegen-para-el-once-aleman\/#webpage"},"isPartOf":{"@id":"https:\/\/www.eldigitaldeasturias.com\/noticias\/schuster-apuesta-por-ter-stegen-para-el-once-aleman\/#webpage"},"articleSection":"Deportes"},{"@type":"BreadcrumbList","@id":"https:\/\/www.eldigitaldeasturias.com\/noticias\/schuster-apuesta-por-ter-stegen-para-el-once-aleman\/#breadcrumblist","itemListElement":[{"@type":"ListItem","@id":"https:\/\/www.eldigitaldeasturias.com\/noticias#listItem","position":1,"name":"Home","item":"https:\/\/www.eldigitaldeasturias.com\/noticias","nextItem":{"@type":"ListItem","@id":"https:\/\/www.eldigitaldeasturias.com\/noticias\/category\/deportes\/#listItem","name":"Deportes"}},{"@type":"ListItem","@id":"https:\/\/www.eldigitaldeasturias.com\/noticias\/category\/deportes\/#listItem","position":2,"name":"Deportes","item":"https:\/\/www.eldigitaldeasturias.com\/noticias\/category\/deportes\/","nextItem":{"@type":"ListItem","@id":"https:\/\/www.eldigitaldeasturias.com\/noticias\/schuster-apuesta-por-ter-stegen-para-el-once-aleman\/#listItem","name":"Schuster apuesta por Ter Stegen para el once alem\u00e1n"},"previousItem":{"@type":"ListItem","@id":"https:\/\/www.eldigitaldeasturias.com\/noticias#listItem","name":"Home"}},{"@type":"ListItem","@id":"https:\/\/www.eldigitaldeasturias.com\/noticias\/schuster-apuesta-por-ter-stegen-para-el-once-aleman\/#listItem","position":3,"name":"Schuster apuesta por Ter Stegen para el once alem\u00e1n","previousItem":{"@type":"ListItem","@id":"https:\/\/www.eldigitaldeasturias.com\/noticias\/category\/deportes\/#listItem","name":"Deportes"}}]},{"@type":"Organization","@id":"https:\/\/www.eldigitaldeasturias.com\/noticias\/#organization","name":"El Digital de Asturias","description":"Hemeroteca","url":"https:\/\/www.eldigitaldeasturias.com\/noticias\/","email":"info@eldigitaldeasturias.com","telephone":"+34652131393","logo":{"@type":"ImageObject","url":"https:\/\/www.eldigitaldeasturias.com\/noticias\/wp-content\/uploads\/2020\/12\/EDA.jpg","@id":"https:\/\/www.eldigitaldeasturias.com\/noticias\/schuster-apuesta-por-ter-stegen-para-el-once-aleman\/#organizationLogo","width":649,"height":297},"image":{"@id":"https:\/\/www.eldigitaldeasturias.com\/noticias\/schuster-apuesta-por-ter-stegen-para-el-once-aleman\/#organizationLogo"},"sameAs":["https:\/\/facebook.com\/eldigitaldeasturias","https:\/\/www.youtube.com\/channel\/UCZP-2wLEB9Rv6erhFmqVnvg"],"address":{"@id":"https:\/\/www.eldigitaldeasturias.com\/noticias\/#postaladdress","@type":"PostalAddress","streetAddress":"san antonio 4,","postalCode":"33430","addressLocality":"Cand\u00e1s","addressRegion":"Asturias","addressCountry":"ES"}},{"@type":"Person","@id":"https:\/\/www.eldigitaldeasturias.com\/noticias\/author\/admin\/#author","url":"https:\/\/www.eldigitaldeasturias.com\/noticias\/author\/admin\/","name":"El Digital de Asturias","image":{"@type":"ImageObject","@id":"https:\/\/www.eldigitaldeasturias.com\/noticias\/schuster-apuesta-por-ter-stegen-para-el-once-aleman\/#authorImage","url":"https:\/\/www.eldigitaldeasturias.com\/noticias\/wp-content\/litespeed\/avatar\/18677e78aa0546b92d9dbf31ec7d7668.jpg?ver=1777290358","width":96,"height":96,"caption":"El Digital de Asturias"}},{"@type":"WebPage","@id":"https:\/\/www.eldigitaldeasturias.com\/noticias\/schuster-apuesta-por-ter-stegen-para-el-once-aleman\/#webpage","url":"https:\/\/www.eldigitaldeasturias.com\/noticias\/schuster-apuesta-por-ter-stegen-para-el-once-aleman\/","name":"Schuster apuesta por Ter Stegen para el once alem\u00e1n - El Digital de Asturias","description":"Berl\u00edn, 16 may (dpa) - El ex futbolista y entrenador Bernd Schuster se pronunci\u00f3 claramente por el portero del Barcelona Marc-Andr\u00e9 ter Stegen como futuro titular en la selecci\u00f3n alemana de f\u00fatbol. \"Es titular indiscutido en el Barcelona. Espero que tambi\u00e9n esto valga para el seleccionado en el futuro\", dijo el ex jugador del Bar\u00e7a","inLanguage":"es-ES","isPartOf":{"@id":"https:\/\/www.eldigitaldeasturias.com\/noticias\/#website"},"breadcrumb":{"@id":"https:\/\/www.eldigitaldeasturias.com\/noticias\/schuster-apuesta-por-ter-stegen-para-el-once-aleman\/#breadcrumblist"},"author":{"@id":"https:\/\/www.eldigitaldeasturias.com\/noticias\/author\/admin\/#author"},"creator":{"@id":"https:\/\/www.eldigitaldeasturias.com\/noticias\/author\/admin\/#author"},"image":{"@type":"ImageObject","url":"https:\/\/www.eldigitaldeasturias.com\/noticias\/wp-content\/uploads\/2019\/05\/Bernd-Schuster.jpg","@id":"https:\/\/www.eldigitaldeasturias.com\/noticias\/schuster-apuesta-por-ter-stegen-para-el-once-aleman\/#mainImage","width":440,"height":662},"primaryImageOfPage":{"@id":"https:\/\/www.eldigitaldeasturias.com\/noticias\/schuster-apuesta-por-ter-stegen-para-el-once-aleman\/#mainImage"},"datePublished":"2019-05-17T16:54:54+02:00","dateModified":"2019-05-17T16:54:54+02:00"},{"@type":"WebSite","@id":"https:\/\/www.eldigitaldeasturias.com\/noticias\/#website","url":"https:\/\/www.eldigitaldeasturias.com\/noticias\/","name":"El Digital de Asturias - Diario de actualidad y noticias","alternateName":"El Digital de Asturias - Diario de actualidad y noticias","description":"Hemeroteca","inLanguage":"es-ES","publisher":{"@id":"https:\/\/www.eldigitaldeasturias.com\/noticias\/#organization"}}]},"og:locale":"es_ES","og:site_name":"El Digital de Asturias","og:type":"article","og:title":"Schuster apuesta por Ter Stegen para el once alem\u00e1n - El Digital de Asturias","og:description":"Berl\u00edn, 16 may (dpa) - El ex futbolista y entrenador Bernd Schuster se pronunci\u00f3 claramente por el portero del Barcelona Marc-Andr\u00e9 ter Stegen como futuro titular en la selecci\u00f3n alemana de f\u00fatbol. &quot;Es titular indiscutido en el Barcelona. Espero que tambi\u00e9n esto valga para el seleccionado en el futuro&quot;, dijo el ex jugador del Bar\u00e7a","og:url":"https:\/\/www.eldigitaldeasturias.com\/noticias\/schuster-apuesta-por-ter-stegen-para-el-once-aleman\/","og:image":"https:\/\/www.eldigitaldeasturias.com\/noticias\/wp-content\/uploads\/2019\/05\/Bernd-Schuster.jpg","og:image:secure_url":"https:\/\/www.eldigitaldeasturias.com\/noticias\/wp-content\/uploads\/2019\/05\/Bernd-Schuster.jpg","og:image:width":440,"og:image:height":662,"article:tag":["deportes"],"article:published_time":"2019-05-17T16:54:54+00:00","article:modified_time":"2019-05-17T16:54:54+00:00","article:publisher":"https:\/\/facebook.com\/eldigitaldeasturias","twitter:card":"summary_large_image","twitter:title":"Schuster apuesta por Ter Stegen para el once alem\u00e1n - El Digital de Asturias","twitter:description":"Berl\u00edn, 16 may (dpa) - El ex futbolista y entrenador Bernd Schuster se pronunci\u00f3 claramente por el portero del Barcelona Marc-Andr\u00e9 ter Stegen como futuro titular en la selecci\u00f3n alemana de f\u00fatbol. &quot;Es titular indiscutido en el Barcelona. Espero que tambi\u00e9n esto valga para el seleccionado en el futuro&quot;, dijo el ex jugador del Bar\u00e7a","twitter:image":"https:\/\/www.eldigitaldeasturias.com\/noticias\/wp-content\/uploads\/2019\/05\/Bernd-Schuster.jpg","twitter:label1":"Escrito por","twitter:data1":"El Digital de Asturias","twitter:label2":"Tiempo de lectura estimado","twitter:data2":"1 minuto"},"aioseo_meta_data":{"post_id":"1027673","title":null,"description":null,"keywords":null,"keyphrases":null,"primary_term":null,"canonical_url":null,"og_title":null,"og_description":null,"og_object_type":"default","og_image_type":"default","og_image_url":null,"og_image_width":null,"og_image_height":null,"og_image_custom_url":null,"og_image_custom_fields":null,"og_video":null,"og_custom_url":null,"og_article_section":null,"og_article_tags":null,"twitter_use_og":false,"twitter_card":"default","twitter_image_type":"default","twitter_image_url":null,"twitter_image_custom_url":null,"twitter_image_custom_fields":null,"twitter_title":null,"twitter_description":null,"schema":{"blockGraphs":[],"customGraphs":[],"default":{"data":{"Article":[],"Course":[],"Dataset":[],"FAQPage":[],"Movie":[],"Person":[],"Product":[],"ProductReview":[],"Car":[],"Recipe":[],"Service":[],"SoftwareApplication":[],"WebPage":[]},"graphName":"","isEnabled":true},"graphs":[],"defaultGraph":"","defaultPostTypeGraph":""},"schema_type":null,"schema_type_options":null,"pillar_content":false,"robots_default":true,"robots_noindex":false,"robots_noarchive":false,"robots_nosnippet":false,"robots_nofollow":false,"robots_noimageindex":false,"robots_noodp":false,"robots_notranslate":false,"robots_max_snippet":null,"robots_max_videopreview":null,"robots_max_imagepreview":"large","priority":null,"frequency":null,"local_seo":null,"seo_analyzer_scan_date":"2025-10-18 06:14:37","breadcrumb_settings":null,"limit_modified_date":false,"open_ai":null,"ai":null,"created":"2020-12-21 11:11:42","updated":"2025-10-18 06:14:37"},"aioseo_breadcrumb":"<div class=\"aioseo-breadcrumbs\"><span class=\"aioseo-breadcrumb\">\n\t<a href=\"https:\/\/www.eldigitaldeasturias.com\/noticias\" title=\"Home\">Home<\/a>\n<\/span><span class=\"aioseo-breadcrumb-separator\">\u2013<\/span><span class=\"aioseo-breadcrumb\">\n\t<a href=\"https:\/\/www.eldigitaldeasturias.com\/noticias\/category\/deportes\/\" title=\"Deportes\">Deportes<\/a>\n<\/span><span class=\"aioseo-breadcrumb-separator\">\u2013<\/span><span class=\"aioseo-breadcrumb\">\n\t<a href=\"https:\/\/www.eldigitaldeasturias.com\/noticias\/schuster-apuesta-por-ter-stegen-para-el-once-aleman\/\" title=\"Schuster apuesta por Ter Stegen para el once alem\u00e1n\">Schuster apuesta por Ter Stegen para el once alem\u00e1n<\/a>\n<\/span><\/div>","aioseo_breadcrumb_json":[{"label":"Home","link":"https:\/\/www.eldigitaldeasturias.com\/noticias"},{"label":"Deportes","link":"https:\/\/www.eldigitaldeasturias.com\/noticias\/category\/deportes\/"},{"label":"Schuster apuesta por Ter Stegen para el once alem\u00e1n","link":"https:\/\/www.eldigitaldeasturias.com\/noticias\/schuster-apuesta-por-ter-stegen-para-el-once-aleman\/"}],"_links":{"self":[{"href":"https:\/\/www.eldigitaldeasturias.com\/noticias\/wp-json\/wp\/v2\/posts\/1027673","targetHints":{"allow":["GET"]}}],"collection":[{"href":"https:\/\/www.eldigitaldeasturias.com\/noticias\/wp-json\/wp\/v2\/posts"}],"about":[{"href":"https:\/\/www.eldigitaldeasturias.com\/noticias\/wp-json\/wp\/v2\/types\/post"}],"author":[{"embeddable":true,"href":"https:\/\/www.eldigitaldeasturias.com\/noticias\/wp-json\/wp\/v2\/users\/1"}],"replies":[{"embeddable":true,"href":"https:\/\/www.eldigitaldeasturias.com\/noticias\/wp-json\/wp\/v2\/comments?post=1027673"}],"version-history":[{"count":0,"href":"https:\/\/www.eldigitaldeasturias.com\/noticias\/wp-json\/wp\/v2\/posts\/1027673\/revisions"}],"wp:featuredmedia":[{"embeddable":true,"href":"https:\/\/www.eldigitaldeasturias.com\/noticias\/wp-json\/wp\/v2\/media\/1027674"}],"wp:attachment":[{"href":"https:\/\/www.eldigitaldeasturias.com\/noticias\/wp-json\/wp\/v2\/media?parent=1027673"}],"wp:term":[{"taxonomy":"category","embeddable":true,"href":"https:\/\/www.eldigitaldeasturias.com\/noticias\/wp-json\/wp\/v2\/categories?post=1027673"},{"taxonomy":"post_tag","embeddable":true,"href":"https:\/\/www.eldigitaldeasturias.com\/noticias\/wp-json\/wp\/v2\/tags?post=1027673"}],"curies":[{"name":"wp","href":"https:\/\/api.w.org\/{rel}","templated":true}]}}