{"id":1027529,"date":"2019-05-16T14:50:58","date_gmt":"2019-05-16T14:50:58","guid":{"rendered":"https:\/\/www.eldigitaldeasturias.com\/noticias\/?p=1027529"},"modified":"2019-05-16T14:50:58","modified_gmt":"2019-05-16T14:50:58","slug":"si-teletrabajo-tengo-que-registrar-las-horas-trabajadas","status":"publish","type":"post","link":"https:\/\/www.eldigitaldeasturias.com\/noticias\/si-teletrabajo-tengo-que-registrar-las-horas-trabajadas\/","title":{"rendered":"\u00bfSi teletrabajo tengo que registrar las horas trabajadas?"},"content":{"rendered":"<p><span style=\"font-weight: 400;\"><img loading=\"lazy\" decoding=\"async\" class=\"size-medium wp-image-1027530 alignleft\" src=\"https:\/\/www.eldigitaldeasturias.com\/noticias\/wp-content\/uploads\/2019\/05\/Teletrabajo-360x205.jpg\" alt=\"\" width=\"360\" height=\"205\" srcset=\"https:\/\/www.eldigitaldeasturias.com\/noticias\/wp-content\/uploads\/2019\/05\/Teletrabajo-360x205.jpg 360w, https:\/\/www.eldigitaldeasturias.com\/noticias\/wp-content\/uploads\/2019\/05\/Teletrabajo.jpg 590w\" sizes=\"auto, (max-width: 360px) 100vw, 360px\" \/>En nuestro pa\u00eds se exige desde el 12 de Mayo, que haya un riguroso registro de la jornada laboral de todos los trabajadores para cualquier tipo de contrato, pero sobre todo, cuando es parcial, de tal manera que se pueda llevar un mejor control en todos los sentidos. La cuesti\u00f3n viene cuando se trata de un teletrabajo, \u00bfes necesario llevar este control?, \u00bfc\u00f3mo podemos realizarlo? El registro de la jornada laboral a distancia tiene muchas formas diferentes. <\/span><\/p>\n<p><b>\u00bfEs obligatorio registrar esta jornada laboral a distancia?<\/b><\/p>\n<p><span style=\"font-weight: 400;\">Primero de todo, debemos saber que el teletrabajo es todo aquel trabajo que se realiza a distancia, desde el propio domicilio del empleo o desde cualquier lugar que \u00e9l mismo haya escogido, siempre y cuando est\u00e9 fuera de la sede empresarial. Siempre podemos tener <\/span><span style=\"color: #ff6600;\"><strong><a style=\"color: #ff6600;\" href=\"https:\/\/www.emprendepyme.net\/es-obligatorio-el-registro-horario-de-los-trabajadores-en-las-empresas.html\" target=\"_blank\" rel=\"noopener noreferrer\">m\u00e1s info en EmprendePYME<\/a><\/strong><\/span><span style=\"font-weight: 400;\"> y as\u00ed<\/span><b> estar al tanto de todo lo que ocurre en el \u00e1mbito laboral. <\/b><span style=\"font-weight: 400;\">Las ventajas de estos trabajos son muchas, sobre todo partiendo de la base que no ser\u00e1 necesario desplazarse para realizarlo.<\/span><\/p>\n<p><span style=\"font-weight: 400;\">Ahora bien, es necesario aclarar que en el caso de los teletrabajadores, no es obligatorio registrar la jornada como tal, pero<\/span><b> la decisi\u00f3n al final caer\u00e1 en el empresario. <\/b><span style=\"font-weight: 400;\">Aunque siempre es interesante hacerlo, sobre todo en aquellos casos en que se trabaja por objetivos, producci\u00f3n o media jornada, de tal manera que se conozca de primera mano, el trabajo efectivo realmente realizado.<\/span><\/p>\n<p><span style=\"font-weight: 400;\">Muchas empresas son las que ya prefieren registrar la jornada de sus teletrabajadores, y es que gracias a Internet, a los dispositivos electr\u00f3nicos, y a las mil y una utilidades que podemos encontrar, es m\u00e1s f\u00e1cil que nunca, r<\/span><b>ealizar todas estas gestiones<\/b><span style=\"font-weight: 400;\">. As\u00ed, los empleados a distancia van a poder \u2018\u2019fichar\u2019\u2019 de manera virtual, tanto a la hora de inicio como al finalizar, tambi\u00e9n si realizan diferentes paradas a lo largo de las horas. De esta forma, ser\u00e1 mucho m\u00e1s sencillo contabilizar la productividad media de cada trabajador.<\/span><\/p>\n<p><span style=\"font-weight: 400;\">Para ver todo lo necesario <\/span><span style=\"color: #ff6600;\"><strong><a style=\"color: #ff6600;\" href=\"https:\/\/www.emprendepyme.net\/control-de-horarios-de-los-empleados.html\" target=\"_blank\" rel=\"noopener noreferrer\">haz click aqu\u00ed<\/a><\/strong><\/span><span style=\"font-weight: 400;\">, para as\u00ed conocer m\u00e1s informaci\u00f3n sobre el control de las jornadas laborales, as\u00ed como de las horas extraordinarias. B\u00e1sicamente, ambas son <\/span><b>obligatorias de contabilizar,<\/b><span style=\"font-weight: 400;\"> indicando en cada caso sobre cu\u00e1les se tratan, aunque al final, esta decisi\u00f3n quedar\u00e1 en manos del empresario, que ser\u00e1 el que decida si registrarlas, c\u00f3mo y de qu\u00e9 manera hacer todo este proceso.<\/span><\/p>\n<p><span style=\"font-weight: 400;\">As\u00ed, vamos a conseguir<\/span><b> evitar malos entendidos <\/b><span style=\"font-weight: 400;\">con nuestros teletrabajadores, de tal manera que cada una de las partes tenga bien clara la jornada que de verdad se ha realizado. Esto tambi\u00e9n es relevante para el empresario, para as\u00ed valorar si son m\u00e1s efectivos los trabajadores a distancia o los que tiene en sus instalaciones, por ejemplo. <\/span><\/p>\n<p><b>Internet nos pone todo mucho m\u00e1s sencillo<\/b><\/p>\n<p><span style=\"font-weight: 400;\">Lo bueno del trabajo a distancia, es que el propio trabajador va a ser el encargado de contabilizar toda su jornada, y gracias a los <\/span><a href=\"https:\/\/es.justexw.com\/plantillas\/control-de-horarios-en-excel\" target=\"_blank\" rel=\"noopener noreferrer\"><span style=\"font-weight: 400;\"><span style=\"color: #ff6600;\"><strong>recursos gratis<\/strong><\/span><\/span><\/a><span style=\"font-weight: 400;\"> que encontramos en Internet, tenemos diferentes<\/span><b> formas \u00fanicas de poder hacerlo.<\/b><span style=\"font-weight: 400;\"> De tal manera que todo quede much\u00edsimo m\u00e1s claro, as\u00ed como de una manera m\u00e1s din\u00e1mica y sencilla de realizar a nivel general.<\/span><\/p>\n<p><span style=\"font-weight: 400;\">Encontraremos as\u00ed, esta pr\u00e1ctica herramienta para el control de horarios, de tal manera que se pueda incluso <\/span><b>mejorar la productividad <\/b><span style=\"font-weight: 400;\">a nivel general, ya que ser\u00e1 el propio trabajador el que gestione directamente su jornada laboral. Con estas<\/span><b> plantillas de Excel <\/b><span style=\"font-weight: 400;\">vamos a tener acceso para poder implementar todos los datos que, como trabajadores consideremos oportunos, tambi\u00e9n para que el empresario tenga acceso a ellos y pueda llevar un mejor control a nivel general.<\/span><\/p>\n<p><span style=\"font-weight: 400;\">En definitiva, llevar un<\/span><b> control del teletrabajo <\/b><span style=\"font-weight: 400;\">es tarea sencilla y podr\u00e1 ser realizada directamente por el propio trabajador. Esto es ideal porque as\u00ed, \u00e9l se sentir\u00e1 mucho mejor y m\u00e1s parte del proyecto com\u00fan laboral, de tal manera que ser\u00e1 mucho m\u00e1s productivo a nivel general. Asimismo, de esta manera se evitan las falsificaciones de control; se ha demostrado que si es el propio trabajador es qui\u00e9n lo gestiona todo, sentir\u00e1 una mayor confianza de la empresa hacia \u00e9l.<\/span><\/p>\n<p>&nbsp;<\/p>\n","protected":false},"excerpt":{"rendered":"<p>En nuestro pa\u00eds se exige desde el 12 de Mayo, que haya un riguroso registro de la jornada laboral de todos los trabajadores para cualquier tipo de contrato, pero sobre todo, cuando es parcial, de tal manera que se pueda llevar un mejor control en todos los sentidos. La cuesti\u00f3n viene cuando se trata de [&hellip;]<\/p>\n","protected":false},"author":1,"featured_media":1027530,"comment_status":"closed","ping_status":"closed","sticky":false,"template":"","format":"standard","meta":{"footnotes":""},"categories":[219],"tags":[],"class_list":["post-1027529","post","type-post","status-publish","format-standard","has-post-thumbnail","hentry","category-negocios-y-empresas"],"aioseo_notices":[],"aioseo_head":"\n\t\t<!-- All in One SEO Pro 4.9.6.2 - aioseo.com -->\n\t<meta name=\"description\" content=\"En nuestro pa\u00eds se exige desde el 12 de Mayo, que haya un riguroso registro de la jornada laboral de todos los trabajadores para cualquier tipo de contrato, pero sobre todo, cuando es parcial, de tal manera que se pueda llevar un mejor control en todos los sentidos. La cuesti\u00f3n viene cuando se trata de\" \/>\n\t<meta name=\"robots\" content=\"max-image-preview:large\" \/>\n\t<meta name=\"author\" content=\"El Digital de Asturias\"\/>\n\t<meta name=\"google-site-verification\" content=\"UA-38556648-1\" \/>\n\t<meta name=\"msvalidate.01\" content=\"7dfe9f3f1b24437ab69f4f2559babe99\" \/>\n\t<meta name=\"keywords\" content=\"negocios y empresas\" \/>\n\t<link rel=\"canonical\" href=\"https:\/\/www.eldigitaldeasturias.com\/noticias\/si-teletrabajo-tengo-que-registrar-las-horas-trabajadas\/\" \/>\n\t<meta name=\"generator\" content=\"All in One SEO Pro (AIOSEO) 4.9.6.2\" \/>\n\t\t<meta property=\"og:locale\" content=\"es_ES\" \/>\n\t\t<meta property=\"og:site_name\" content=\"El Digital de Asturias\" \/>\n\t\t<meta property=\"og:type\" content=\"article\" \/>\n\t\t<meta property=\"og:title\" content=\"\u00bfSi teletrabajo tengo que registrar las horas trabajadas? - El Digital de Asturias\" \/>\n\t\t<meta property=\"og:description\" content=\"En nuestro pa\u00eds se exige desde el 12 de Mayo, que haya un riguroso registro de la jornada laboral de todos los trabajadores para cualquier tipo de contrato, pero sobre todo, cuando es parcial, de tal manera que se pueda llevar un mejor control en todos los sentidos. La cuesti\u00f3n viene cuando se trata de\" \/>\n\t\t<meta property=\"og:url\" content=\"https:\/\/www.eldigitaldeasturias.com\/noticias\/si-teletrabajo-tengo-que-registrar-las-horas-trabajadas\/\" \/>\n\t\t<meta property=\"og:image\" content=\"https:\/\/www.eldigitaldeasturias.com\/noticias\/wp-content\/uploads\/2019\/05\/Teletrabajo.jpg\" \/>\n\t\t<meta property=\"og:image:secure_url\" content=\"https:\/\/www.eldigitaldeasturias.com\/noticias\/wp-content\/uploads\/2019\/05\/Teletrabajo.jpg\" \/>\n\t\t<meta property=\"og:image:width\" content=\"590\" \/>\n\t\t<meta property=\"og:image:height\" content=\"336\" \/>\n\t\t<meta property=\"article:tag\" content=\"negocios y empresas\" \/>\n\t\t<meta property=\"article:published_time\" content=\"2019-05-16T14:50:58+00:00\" \/>\n\t\t<meta property=\"article:modified_time\" content=\"2019-05-16T14:50:58+00:00\" \/>\n\t\t<meta property=\"article:publisher\" content=\"https:\/\/facebook.com\/eldigitaldeasturias\" \/>\n\t\t<meta name=\"twitter:card\" content=\"summary_large_image\" \/>\n\t\t<meta name=\"twitter:title\" content=\"\u00bfSi teletrabajo tengo que registrar las horas trabajadas? - El Digital de Asturias\" \/>\n\t\t<meta name=\"twitter:description\" content=\"En nuestro pa\u00eds se exige desde el 12 de Mayo, que haya un riguroso registro de la jornada laboral de todos los trabajadores para cualquier tipo de contrato, pero sobre todo, cuando es parcial, de tal manera que se pueda llevar un mejor control en todos los sentidos. La cuesti\u00f3n viene cuando se trata de\" \/>\n\t\t<meta name=\"twitter:image\" content=\"https:\/\/www.eldigitaldeasturias.com\/noticias\/wp-content\/uploads\/2019\/05\/Teletrabajo.jpg\" \/>\n\t\t<meta name=\"twitter:label1\" content=\"Escrito por\" \/>\n\t\t<meta name=\"twitter:data1\" content=\"El Digital de Asturias\" \/>\n\t\t<meta name=\"twitter:label2\" content=\"Tiempo de lectura estimado\" \/>\n\t\t<meta name=\"twitter:data2\" content=\"3 minutos\" \/>\n\t\t<script type=\"application\/ld+json\" class=\"aioseo-schema\">\n\t\t\t{\"@context\":\"https:\\\/\\\/schema.org\",\"@graph\":[{\"@type\":\"BlogPosting\",\"@id\":\"https:\\\/\\\/www.eldigitaldeasturias.com\\\/noticias\\\/si-teletrabajo-tengo-que-registrar-las-horas-trabajadas\\\/#blogposting\",\"name\":\"\\u00bfSi teletrabajo tengo que registrar las horas trabajadas? - El Digital de Asturias\",\"headline\":\"\\u00bfSi teletrabajo tengo que registrar las horas trabajadas?\",\"author\":{\"@id\":\"https:\\\/\\\/www.eldigitaldeasturias.com\\\/noticias\\\/author\\\/admin\\\/#author\"},\"publisher\":{\"@id\":\"https:\\\/\\\/www.eldigitaldeasturias.com\\\/noticias\\\/#organization\"},\"image\":{\"@type\":\"ImageObject\",\"url\":\"https:\\\/\\\/www.eldigitaldeasturias.com\\\/noticias\\\/wp-content\\\/uploads\\\/2019\\\/05\\\/Teletrabajo.jpg\",\"width\":590,\"height\":336},\"datePublished\":\"2019-05-16T14:50:58+02:00\",\"dateModified\":\"2019-05-16T14:50:58+02:00\",\"inLanguage\":\"es-ES\",\"mainEntityOfPage\":{\"@id\":\"https:\\\/\\\/www.eldigitaldeasturias.com\\\/noticias\\\/si-teletrabajo-tengo-que-registrar-las-horas-trabajadas\\\/#webpage\"},\"isPartOf\":{\"@id\":\"https:\\\/\\\/www.eldigitaldeasturias.com\\\/noticias\\\/si-teletrabajo-tengo-que-registrar-las-horas-trabajadas\\\/#webpage\"},\"articleSection\":\"Negocios y Empresas\"},{\"@type\":\"BreadcrumbList\",\"@id\":\"https:\\\/\\\/www.eldigitaldeasturias.com\\\/noticias\\\/si-teletrabajo-tengo-que-registrar-las-horas-trabajadas\\\/#breadcrumblist\",\"itemListElement\":[{\"@type\":\"ListItem\",\"@id\":\"https:\\\/\\\/www.eldigitaldeasturias.com\\\/noticias#listItem\",\"position\":1,\"name\":\"Home\",\"item\":\"https:\\\/\\\/www.eldigitaldeasturias.com\\\/noticias\",\"nextItem\":{\"@type\":\"ListItem\",\"@id\":\"https:\\\/\\\/www.eldigitaldeasturias.com\\\/noticias\\\/category\\\/negocios-y-empresas\\\/#listItem\",\"name\":\"Negocios y Empresas\"}},{\"@type\":\"ListItem\",\"@id\":\"https:\\\/\\\/www.eldigitaldeasturias.com\\\/noticias\\\/category\\\/negocios-y-empresas\\\/#listItem\",\"position\":2,\"name\":\"Negocios y Empresas\",\"item\":\"https:\\\/\\\/www.eldigitaldeasturias.com\\\/noticias\\\/category\\\/negocios-y-empresas\\\/\",\"nextItem\":{\"@type\":\"ListItem\",\"@id\":\"https:\\\/\\\/www.eldigitaldeasturias.com\\\/noticias\\\/si-teletrabajo-tengo-que-registrar-las-horas-trabajadas\\\/#listItem\",\"name\":\"\\u00bfSi teletrabajo tengo que registrar las horas trabajadas?\"},\"previousItem\":{\"@type\":\"ListItem\",\"@id\":\"https:\\\/\\\/www.eldigitaldeasturias.com\\\/noticias#listItem\",\"name\":\"Home\"}},{\"@type\":\"ListItem\",\"@id\":\"https:\\\/\\\/www.eldigitaldeasturias.com\\\/noticias\\\/si-teletrabajo-tengo-que-registrar-las-horas-trabajadas\\\/#listItem\",\"position\":3,\"name\":\"\\u00bfSi teletrabajo tengo que registrar las horas trabajadas?\",\"previousItem\":{\"@type\":\"ListItem\",\"@id\":\"https:\\\/\\\/www.eldigitaldeasturias.com\\\/noticias\\\/category\\\/negocios-y-empresas\\\/#listItem\",\"name\":\"Negocios y Empresas\"}}]},{\"@type\":\"Organization\",\"@id\":\"https:\\\/\\\/www.eldigitaldeasturias.com\\\/noticias\\\/#organization\",\"name\":\"El Digital de Asturias\",\"description\":\"Hemeroteca\",\"url\":\"https:\\\/\\\/www.eldigitaldeasturias.com\\\/noticias\\\/\",\"email\":\"info@eldigitaldeasturias.com\",\"telephone\":\"+34652131393\",\"logo\":{\"@type\":\"ImageObject\",\"url\":\"https:\\\/\\\/www.eldigitaldeasturias.com\\\/noticias\\\/wp-content\\\/uploads\\\/2020\\\/12\\\/EDA.jpg\",\"@id\":\"https:\\\/\\\/www.eldigitaldeasturias.com\\\/noticias\\\/si-teletrabajo-tengo-que-registrar-las-horas-trabajadas\\\/#organizationLogo\",\"width\":649,\"height\":297},\"image\":{\"@id\":\"https:\\\/\\\/www.eldigitaldeasturias.com\\\/noticias\\\/si-teletrabajo-tengo-que-registrar-las-horas-trabajadas\\\/#organizationLogo\"},\"sameAs\":[\"https:\\\/\\\/facebook.com\\\/eldigitaldeasturias\",\"https:\\\/\\\/www.youtube.com\\\/channel\\\/UCZP-2wLEB9Rv6erhFmqVnvg\"],\"address\":{\"@id\":\"https:\\\/\\\/www.eldigitaldeasturias.com\\\/noticias\\\/#postaladdress\",\"@type\":\"PostalAddress\",\"streetAddress\":\"san antonio 4,\",\"postalCode\":\"33430\",\"addressLocality\":\"Cand\\u00e1s\",\"addressRegion\":\"Asturias\",\"addressCountry\":\"ES\"}},{\"@type\":\"Person\",\"@id\":\"https:\\\/\\\/www.eldigitaldeasturias.com\\\/noticias\\\/author\\\/admin\\\/#author\",\"url\":\"https:\\\/\\\/www.eldigitaldeasturias.com\\\/noticias\\\/author\\\/admin\\\/\",\"name\":\"El Digital de Asturias\",\"image\":{\"@type\":\"ImageObject\",\"@id\":\"https:\\\/\\\/www.eldigitaldeasturias.com\\\/noticias\\\/si-teletrabajo-tengo-que-registrar-las-horas-trabajadas\\\/#authorImage\",\"url\":\"https:\\\/\\\/www.eldigitaldeasturias.com\\\/noticias\\\/wp-content\\\/litespeed\\\/avatar\\\/18677e78aa0546b92d9dbf31ec7d7668.jpg?ver=1776685526\",\"width\":96,\"height\":96,\"caption\":\"El Digital de Asturias\"}},{\"@type\":\"WebPage\",\"@id\":\"https:\\\/\\\/www.eldigitaldeasturias.com\\\/noticias\\\/si-teletrabajo-tengo-que-registrar-las-horas-trabajadas\\\/#webpage\",\"url\":\"https:\\\/\\\/www.eldigitaldeasturias.com\\\/noticias\\\/si-teletrabajo-tengo-que-registrar-las-horas-trabajadas\\\/\",\"name\":\"\\u00bfSi teletrabajo tengo que registrar las horas trabajadas? - El Digital de Asturias\",\"description\":\"En nuestro pa\\u00eds se exige desde el 12 de Mayo, que haya un riguroso registro de la jornada laboral de todos los trabajadores para cualquier tipo de contrato, pero sobre todo, cuando es parcial, de tal manera que se pueda llevar un mejor control en todos los sentidos. La cuesti\\u00f3n viene cuando se trata de\",\"inLanguage\":\"es-ES\",\"isPartOf\":{\"@id\":\"https:\\\/\\\/www.eldigitaldeasturias.com\\\/noticias\\\/#website\"},\"breadcrumb\":{\"@id\":\"https:\\\/\\\/www.eldigitaldeasturias.com\\\/noticias\\\/si-teletrabajo-tengo-que-registrar-las-horas-trabajadas\\\/#breadcrumblist\"},\"author\":{\"@id\":\"https:\\\/\\\/www.eldigitaldeasturias.com\\\/noticias\\\/author\\\/admin\\\/#author\"},\"creator\":{\"@id\":\"https:\\\/\\\/www.eldigitaldeasturias.com\\\/noticias\\\/author\\\/admin\\\/#author\"},\"image\":{\"@type\":\"ImageObject\",\"url\":\"https:\\\/\\\/www.eldigitaldeasturias.com\\\/noticias\\\/wp-content\\\/uploads\\\/2019\\\/05\\\/Teletrabajo.jpg\",\"@id\":\"https:\\\/\\\/www.eldigitaldeasturias.com\\\/noticias\\\/si-teletrabajo-tengo-que-registrar-las-horas-trabajadas\\\/#mainImage\",\"width\":590,\"height\":336},\"primaryImageOfPage\":{\"@id\":\"https:\\\/\\\/www.eldigitaldeasturias.com\\\/noticias\\\/si-teletrabajo-tengo-que-registrar-las-horas-trabajadas\\\/#mainImage\"},\"datePublished\":\"2019-05-16T14:50:58+02:00\",\"dateModified\":\"2019-05-16T14:50:58+02:00\"},{\"@type\":\"WebSite\",\"@id\":\"https:\\\/\\\/www.eldigitaldeasturias.com\\\/noticias\\\/#website\",\"url\":\"https:\\\/\\\/www.eldigitaldeasturias.com\\\/noticias\\\/\",\"name\":\"El Digital de Asturias - Diario de actualidad y noticias\",\"alternateName\":\"El Digital de Asturias - Diario de actualidad y noticias\",\"description\":\"Hemeroteca\",\"inLanguage\":\"es-ES\",\"publisher\":{\"@id\":\"https:\\\/\\\/www.eldigitaldeasturias.com\\\/noticias\\\/#organization\"}}]}\n\t\t<\/script>\n\t\t<!-- All in One SEO Pro -->\r\n\t\t<title>\u00bfSi teletrabajo tengo que registrar las horas trabajadas? - El Digital de Asturias<\/title>\n\n","aioseo_head_json":{"title":"\u00bfSi teletrabajo tengo que registrar las horas trabajadas? - El Digital de Asturias","description":"En nuestro pa\u00eds se exige desde el 12 de Mayo, que haya un riguroso registro de la jornada laboral de todos los trabajadores para cualquier tipo de contrato, pero sobre todo, cuando es parcial, de tal manera que se pueda llevar un mejor control en todos los sentidos. La cuesti\u00f3n viene cuando se trata de","canonical_url":"https:\/\/www.eldigitaldeasturias.com\/noticias\/si-teletrabajo-tengo-que-registrar-las-horas-trabajadas\/","robots":"max-image-preview:large","keywords":"negocios y empresas","webmasterTools":{"google-site-verification":"UA-38556648-1","msvalidate.01":"7dfe9f3f1b24437ab69f4f2559babe99","miscellaneous":""},"schema":{"@context":"https:\/\/schema.org","@graph":[{"@type":"BlogPosting","@id":"https:\/\/www.eldigitaldeasturias.com\/noticias\/si-teletrabajo-tengo-que-registrar-las-horas-trabajadas\/#blogposting","name":"\u00bfSi teletrabajo tengo que registrar las horas trabajadas? - El Digital de Asturias","headline":"\u00bfSi teletrabajo tengo que registrar las horas trabajadas?","author":{"@id":"https:\/\/www.eldigitaldeasturias.com\/noticias\/author\/admin\/#author"},"publisher":{"@id":"https:\/\/www.eldigitaldeasturias.com\/noticias\/#organization"},"image":{"@type":"ImageObject","url":"https:\/\/www.eldigitaldeasturias.com\/noticias\/wp-content\/uploads\/2019\/05\/Teletrabajo.jpg","width":590,"height":336},"datePublished":"2019-05-16T14:50:58+02:00","dateModified":"2019-05-16T14:50:58+02:00","inLanguage":"es-ES","mainEntityOfPage":{"@id":"https:\/\/www.eldigitaldeasturias.com\/noticias\/si-teletrabajo-tengo-que-registrar-las-horas-trabajadas\/#webpage"},"isPartOf":{"@id":"https:\/\/www.eldigitaldeasturias.com\/noticias\/si-teletrabajo-tengo-que-registrar-las-horas-trabajadas\/#webpage"},"articleSection":"Negocios y Empresas"},{"@type":"BreadcrumbList","@id":"https:\/\/www.eldigitaldeasturias.com\/noticias\/si-teletrabajo-tengo-que-registrar-las-horas-trabajadas\/#breadcrumblist","itemListElement":[{"@type":"ListItem","@id":"https:\/\/www.eldigitaldeasturias.com\/noticias#listItem","position":1,"name":"Home","item":"https:\/\/www.eldigitaldeasturias.com\/noticias","nextItem":{"@type":"ListItem","@id":"https:\/\/www.eldigitaldeasturias.com\/noticias\/category\/negocios-y-empresas\/#listItem","name":"Negocios y Empresas"}},{"@type":"ListItem","@id":"https:\/\/www.eldigitaldeasturias.com\/noticias\/category\/negocios-y-empresas\/#listItem","position":2,"name":"Negocios y Empresas","item":"https:\/\/www.eldigitaldeasturias.com\/noticias\/category\/negocios-y-empresas\/","nextItem":{"@type":"ListItem","@id":"https:\/\/www.eldigitaldeasturias.com\/noticias\/si-teletrabajo-tengo-que-registrar-las-horas-trabajadas\/#listItem","name":"\u00bfSi teletrabajo tengo que registrar las horas trabajadas?"},"previousItem":{"@type":"ListItem","@id":"https:\/\/www.eldigitaldeasturias.com\/noticias#listItem","name":"Home"}},{"@type":"ListItem","@id":"https:\/\/www.eldigitaldeasturias.com\/noticias\/si-teletrabajo-tengo-que-registrar-las-horas-trabajadas\/#listItem","position":3,"name":"\u00bfSi teletrabajo tengo que registrar las horas trabajadas?","previousItem":{"@type":"ListItem","@id":"https:\/\/www.eldigitaldeasturias.com\/noticias\/category\/negocios-y-empresas\/#listItem","name":"Negocios y Empresas"}}]},{"@type":"Organization","@id":"https:\/\/www.eldigitaldeasturias.com\/noticias\/#organization","name":"El Digital de Asturias","description":"Hemeroteca","url":"https:\/\/www.eldigitaldeasturias.com\/noticias\/","email":"info@eldigitaldeasturias.com","telephone":"+34652131393","logo":{"@type":"ImageObject","url":"https:\/\/www.eldigitaldeasturias.com\/noticias\/wp-content\/uploads\/2020\/12\/EDA.jpg","@id":"https:\/\/www.eldigitaldeasturias.com\/noticias\/si-teletrabajo-tengo-que-registrar-las-horas-trabajadas\/#organizationLogo","width":649,"height":297},"image":{"@id":"https:\/\/www.eldigitaldeasturias.com\/noticias\/si-teletrabajo-tengo-que-registrar-las-horas-trabajadas\/#organizationLogo"},"sameAs":["https:\/\/facebook.com\/eldigitaldeasturias","https:\/\/www.youtube.com\/channel\/UCZP-2wLEB9Rv6erhFmqVnvg"],"address":{"@id":"https:\/\/www.eldigitaldeasturias.com\/noticias\/#postaladdress","@type":"PostalAddress","streetAddress":"san antonio 4,","postalCode":"33430","addressLocality":"Cand\u00e1s","addressRegion":"Asturias","addressCountry":"ES"}},{"@type":"Person","@id":"https:\/\/www.eldigitaldeasturias.com\/noticias\/author\/admin\/#author","url":"https:\/\/www.eldigitaldeasturias.com\/noticias\/author\/admin\/","name":"El Digital de Asturias","image":{"@type":"ImageObject","@id":"https:\/\/www.eldigitaldeasturias.com\/noticias\/si-teletrabajo-tengo-que-registrar-las-horas-trabajadas\/#authorImage","url":"https:\/\/www.eldigitaldeasturias.com\/noticias\/wp-content\/litespeed\/avatar\/18677e78aa0546b92d9dbf31ec7d7668.jpg?ver=1776685526","width":96,"height":96,"caption":"El Digital de Asturias"}},{"@type":"WebPage","@id":"https:\/\/www.eldigitaldeasturias.com\/noticias\/si-teletrabajo-tengo-que-registrar-las-horas-trabajadas\/#webpage","url":"https:\/\/www.eldigitaldeasturias.com\/noticias\/si-teletrabajo-tengo-que-registrar-las-horas-trabajadas\/","name":"\u00bfSi teletrabajo tengo que registrar las horas trabajadas? - El Digital de Asturias","description":"En nuestro pa\u00eds se exige desde el 12 de Mayo, que haya un riguroso registro de la jornada laboral de todos los trabajadores para cualquier tipo de contrato, pero sobre todo, cuando es parcial, de tal manera que se pueda llevar un mejor control en todos los sentidos. La cuesti\u00f3n viene cuando se trata de","inLanguage":"es-ES","isPartOf":{"@id":"https:\/\/www.eldigitaldeasturias.com\/noticias\/#website"},"breadcrumb":{"@id":"https:\/\/www.eldigitaldeasturias.com\/noticias\/si-teletrabajo-tengo-que-registrar-las-horas-trabajadas\/#breadcrumblist"},"author":{"@id":"https:\/\/www.eldigitaldeasturias.com\/noticias\/author\/admin\/#author"},"creator":{"@id":"https:\/\/www.eldigitaldeasturias.com\/noticias\/author\/admin\/#author"},"image":{"@type":"ImageObject","url":"https:\/\/www.eldigitaldeasturias.com\/noticias\/wp-content\/uploads\/2019\/05\/Teletrabajo.jpg","@id":"https:\/\/www.eldigitaldeasturias.com\/noticias\/si-teletrabajo-tengo-que-registrar-las-horas-trabajadas\/#mainImage","width":590,"height":336},"primaryImageOfPage":{"@id":"https:\/\/www.eldigitaldeasturias.com\/noticias\/si-teletrabajo-tengo-que-registrar-las-horas-trabajadas\/#mainImage"},"datePublished":"2019-05-16T14:50:58+02:00","dateModified":"2019-05-16T14:50:58+02:00"},{"@type":"WebSite","@id":"https:\/\/www.eldigitaldeasturias.com\/noticias\/#website","url":"https:\/\/www.eldigitaldeasturias.com\/noticias\/","name":"El Digital de Asturias - Diario de actualidad y noticias","alternateName":"El Digital de Asturias - Diario de actualidad y noticias","description":"Hemeroteca","inLanguage":"es-ES","publisher":{"@id":"https:\/\/www.eldigitaldeasturias.com\/noticias\/#organization"}}]},"og:locale":"es_ES","og:site_name":"El Digital de Asturias","og:type":"article","og:title":"\u00bfSi teletrabajo tengo que registrar las horas trabajadas? - El Digital de Asturias","og:description":"En nuestro pa\u00eds se exige desde el 12 de Mayo, que haya un riguroso registro de la jornada laboral de todos los trabajadores para cualquier tipo de contrato, pero sobre todo, cuando es parcial, de tal manera que se pueda llevar un mejor control en todos los sentidos. La cuesti\u00f3n viene cuando se trata de","og:url":"https:\/\/www.eldigitaldeasturias.com\/noticias\/si-teletrabajo-tengo-que-registrar-las-horas-trabajadas\/","og:image":"https:\/\/www.eldigitaldeasturias.com\/noticias\/wp-content\/uploads\/2019\/05\/Teletrabajo.jpg","og:image:secure_url":"https:\/\/www.eldigitaldeasturias.com\/noticias\/wp-content\/uploads\/2019\/05\/Teletrabajo.jpg","og:image:width":590,"og:image:height":336,"article:tag":["negocios y empresas"],"article:published_time":"2019-05-16T14:50:58+00:00","article:modified_time":"2019-05-16T14:50:58+00:00","article:publisher":"https:\/\/facebook.com\/eldigitaldeasturias","twitter:card":"summary_large_image","twitter:title":"\u00bfSi teletrabajo tengo que registrar las horas trabajadas? - El Digital de Asturias","twitter:description":"En nuestro pa\u00eds se exige desde el 12 de Mayo, que haya un riguroso registro de la jornada laboral de todos los trabajadores para cualquier tipo de contrato, pero sobre todo, cuando es parcial, de tal manera que se pueda llevar un mejor control en todos los sentidos. La cuesti\u00f3n viene cuando se trata de","twitter:image":"https:\/\/www.eldigitaldeasturias.com\/noticias\/wp-content\/uploads\/2019\/05\/Teletrabajo.jpg","twitter:label1":"Escrito por","twitter:data1":"El Digital de Asturias","twitter:label2":"Tiempo de lectura estimado","twitter:data2":"3 minutos"},"aioseo_meta_data":{"post_id":"1027529","title":null,"description":null,"keywords":null,"keyphrases":null,"primary_term":null,"canonical_url":null,"og_title":null,"og_description":null,"og_object_type":"default","og_image_type":"default","og_image_url":null,"og_image_width":null,"og_image_height":null,"og_image_custom_url":null,"og_image_custom_fields":null,"og_video":null,"og_custom_url":null,"og_article_section":null,"og_article_tags":null,"twitter_use_og":false,"twitter_card":"default","twitter_image_type":"default","twitter_image_url":null,"twitter_image_custom_url":null,"twitter_image_custom_fields":null,"twitter_title":null,"twitter_description":null,"schema":{"blockGraphs":[],"customGraphs":[],"default":{"data":{"Article":[],"Course":[],"Dataset":[],"FAQPage":[],"Movie":[],"Person":[],"Product":[],"ProductReview":[],"Car":[],"Recipe":[],"Service":[],"SoftwareApplication":[],"WebPage":[]},"graphName":"","isEnabled":true},"graphs":[],"defaultGraph":"","defaultPostTypeGraph":""},"schema_type":null,"schema_type_options":null,"pillar_content":false,"robots_default":true,"robots_noindex":false,"robots_noarchive":false,"robots_nosnippet":false,"robots_nofollow":false,"robots_noimageindex":false,"robots_noodp":false,"robots_notranslate":false,"robots_max_snippet":null,"robots_max_videopreview":null,"robots_max_imagepreview":"large","priority":null,"frequency":null,"local_seo":null,"seo_analyzer_scan_date":"2025-10-18 05:46:03","breadcrumb_settings":null,"limit_modified_date":false,"open_ai":null,"ai":null,"created":"2020-12-21 11:11:48","updated":"2025-10-18 05:46:03"},"aioseo_breadcrumb":"<div class=\"aioseo-breadcrumbs\"><span class=\"aioseo-breadcrumb\">\n\t<a href=\"https:\/\/www.eldigitaldeasturias.com\/noticias\" title=\"Home\">Home<\/a>\n<\/span><span class=\"aioseo-breadcrumb-separator\">\u2013<\/span><span class=\"aioseo-breadcrumb\">\n\t<a href=\"https:\/\/www.eldigitaldeasturias.com\/noticias\/category\/negocios-y-empresas\/\" title=\"Negocios y Empresas\">Negocios y Empresas<\/a>\n<\/span><span class=\"aioseo-breadcrumb-separator\">\u2013<\/span><span class=\"aioseo-breadcrumb\">\n\t<a href=\"https:\/\/www.eldigitaldeasturias.com\/noticias\/si-teletrabajo-tengo-que-registrar-las-horas-trabajadas\/\" title=\"\u00bfSi teletrabajo tengo que registrar las horas trabajadas?\">\u00bfSi teletrabajo tengo que registrar las horas trabajadas?<\/a>\n<\/span><\/div>","aioseo_breadcrumb_json":[{"label":"Home","link":"https:\/\/www.eldigitaldeasturias.com\/noticias"},{"label":"Negocios y Empresas","link":"https:\/\/www.eldigitaldeasturias.com\/noticias\/category\/negocios-y-empresas\/"},{"label":"\u00bfSi teletrabajo tengo que registrar las horas trabajadas?","link":"https:\/\/www.eldigitaldeasturias.com\/noticias\/si-teletrabajo-tengo-que-registrar-las-horas-trabajadas\/"}],"_links":{"self":[{"href":"https:\/\/www.eldigitaldeasturias.com\/noticias\/wp-json\/wp\/v2\/posts\/1027529","targetHints":{"allow":["GET"]}}],"collection":[{"href":"https:\/\/www.eldigitaldeasturias.com\/noticias\/wp-json\/wp\/v2\/posts"}],"about":[{"href":"https:\/\/www.eldigitaldeasturias.com\/noticias\/wp-json\/wp\/v2\/types\/post"}],"author":[{"embeddable":true,"href":"https:\/\/www.eldigitaldeasturias.com\/noticias\/wp-json\/wp\/v2\/users\/1"}],"replies":[{"embeddable":true,"href":"https:\/\/www.eldigitaldeasturias.com\/noticias\/wp-json\/wp\/v2\/comments?post=1027529"}],"version-history":[{"count":0,"href":"https:\/\/www.eldigitaldeasturias.com\/noticias\/wp-json\/wp\/v2\/posts\/1027529\/revisions"}],"wp:featuredmedia":[{"embeddable":true,"href":"https:\/\/www.eldigitaldeasturias.com\/noticias\/wp-json\/wp\/v2\/media\/1027530"}],"wp:attachment":[{"href":"https:\/\/www.eldigitaldeasturias.com\/noticias\/wp-json\/wp\/v2\/media?parent=1027529"}],"wp:term":[{"taxonomy":"category","embeddable":true,"href":"https:\/\/www.eldigitaldeasturias.com\/noticias\/wp-json\/wp\/v2\/categories?post=1027529"},{"taxonomy":"post_tag","embeddable":true,"href":"https:\/\/www.eldigitaldeasturias.com\/noticias\/wp-json\/wp\/v2\/tags?post=1027529"}],"curies":[{"name":"wp","href":"https:\/\/api.w.org\/{rel}","templated":true}]}}