{"id":1027472,"date":"2019-05-15T19:18:34","date_gmt":"2019-05-15T19:18:34","guid":{"rendered":"https:\/\/www.eldigitaldeasturias.com\/noticias\/?p=1027472"},"modified":"2019-05-15T19:18:34","modified_gmt":"2019-05-15T19:18:34","slug":"el-werder-bremen-se-interesa-por-alvaro-tejero","status":"publish","type":"post","link":"https:\/\/www.eldigitaldeasturias.com\/noticias\/el-werder-bremen-se-interesa-por-alvaro-tejero\/","title":{"rendered":"El Werder Bremen se interesa por \u00c1lvaro Tejero"},"content":{"rendered":"<p style=\"text-align: left;\"><img loading=\"lazy\" decoding=\"async\" class=\"size-medium wp-image-985209 alignleft\" src=\"https:\/\/www.eldigitaldeasturias.com\/noticias\/wp-content\/uploads\/2018\/06\/football-1406106_960_720-360x241.jpg\" alt=\"\" width=\"360\" height=\"241\" srcset=\"https:\/\/www.eldigitaldeasturias.com\/noticias\/wp-content\/uploads\/2018\/06\/football-1406106_960_720-360x241.jpg 360w, https:\/\/www.eldigitaldeasturias.com\/noticias\/wp-content\/uploads\/2018\/06\/football-1406106_960_720-448x300.jpg 448w, https:\/\/www.eldigitaldeasturias.com\/noticias\/wp-content\/uploads\/2018\/06\/football-1406106_960_720-768x514.jpg 768w, https:\/\/www.eldigitaldeasturias.com\/noticias\/wp-content\/uploads\/2018\/06\/football-1406106_960_720-690x462.jpg 690w, https:\/\/www.eldigitaldeasturias.com\/noticias\/wp-content\/uploads\/2018\/06\/football-1406106_960_720-20x13.jpg 20w, https:\/\/www.eldigitaldeasturias.com\/noticias\/wp-content\/uploads\/2018\/06\/football-1406106_960_720.jpg 960w\" sizes=\"auto, (max-width: 360px) 100vw, 360px\" \/>Bremen, 14 may (dpa) &#8211; El Werder Bremen est\u00e1 interesado en el talento defensivo del Real Madrid \u00c1lvaro Tejero, que actualmente juega cedido en el Albacete, seg\u00fan informaciones del portal alem\u00e1n de Internet \u00abMein Werder\u00bb.<\/p>\n<p>El equipo dirigido por Florian Kohfeldt necesita un recambio para Theodor Gebre Selassie, especialmente en la posici\u00f3n de lateral derecho. Felix Beijmo, que deb\u00eda asumir este papel, no fue capaz de convencer al Bremen, por el momento, detall\u00f3 el portal.<\/p>\n<p>Tejero puede jugar en ambos lados de la defensa, es r\u00e1pido, juega con los dos pies y tambi\u00e9n sale al ataque. El jugador de 22 a\u00f1os pas\u00f3 por diversos equipos canteranos del Real Madrid y fue cedido al Albacete el pasado verano.<\/p>\n<p>En Segunda Divisi\u00f3n, Tejero lleva jugados 34 partidos, dando ocho asistencias y anotando un gol. La cesi\u00f3n de Tejero finaliza con la presente temporada.<\/p>\n<p>El inter\u00e9s del Werder por Tejero se puso de manifiesto por primera vez en el foro alem\u00e1n de seguidores del Bremen \u00abWorum\u00bb.<\/p>\n","protected":false},"excerpt":{"rendered":"<p>Bremen, 14 may (dpa) &#8211; El Werder Bremen est\u00e1 interesado en el talento defensivo del Real Madrid \u00c1lvaro Tejero, que actualmente juega cedido en el Albacete, seg\u00fan informaciones del portal alem\u00e1n de Internet \u00abMein Werder\u00bb. El equipo dirigido por Florian Kohfeldt necesita un recambio para Theodor Gebre Selassie, especialmente en la posici\u00f3n de lateral derecho. [&hellip;]<\/p>\n","protected":false},"author":1,"featured_media":985209,"comment_status":"closed","ping_status":"closed","sticky":false,"template":"","format":"standard","meta":{"footnotes":""},"categories":[190],"tags":[],"class_list":["post-1027472","post","type-post","status-publish","format-standard","has-post-thumbnail","hentry","category-deportes"],"aioseo_notices":[],"aioseo_head":"\n\t\t<!-- All in One SEO Pro 4.9.6.2 - aioseo.com -->\n\t<meta name=\"description\" content=\"Bremen, 14 may (dpa) - El Werder Bremen est\u00e1 interesado en el talento defensivo del Real Madrid \u00c1lvaro Tejero, que actualmente juega cedido en el Albacete, seg\u00fan informaciones del portal alem\u00e1n de Internet &quot;Mein Werder&quot;. El equipo dirigido por Florian Kohfeldt necesita un recambio para Theodor Gebre Selassie, especialmente en la posici\u00f3n de lateral derecho.\" \/>\n\t<meta name=\"robots\" content=\"max-image-preview:large\" \/>\n\t<meta name=\"author\" content=\"El Digital de Asturias\"\/>\n\t<meta name=\"google-site-verification\" content=\"UA-38556648-1\" \/>\n\t<meta name=\"msvalidate.01\" content=\"7dfe9f3f1b24437ab69f4f2559babe99\" \/>\n\t<meta name=\"keywords\" content=\"deportes\" \/>\n\t<link rel=\"canonical\" href=\"https:\/\/www.eldigitaldeasturias.com\/noticias\/el-werder-bremen-se-interesa-por-alvaro-tejero\/\" \/>\n\t<meta name=\"generator\" content=\"All in One SEO Pro (AIOSEO) 4.9.6.2\" \/>\n\t\t<meta property=\"og:locale\" content=\"es_ES\" \/>\n\t\t<meta property=\"og:site_name\" content=\"El Digital de Asturias\" \/>\n\t\t<meta property=\"og:type\" content=\"article\" \/>\n\t\t<meta property=\"og:title\" content=\"El Werder Bremen se interesa por \u00c1lvaro Tejero - El Digital de Asturias\" \/>\n\t\t<meta property=\"og:description\" content=\"Bremen, 14 may (dpa) - El Werder Bremen est\u00e1 interesado en el talento defensivo del Real Madrid \u00c1lvaro Tejero, que actualmente juega cedido en el Albacete, seg\u00fan informaciones del portal alem\u00e1n de Internet &quot;Mein Werder&quot;. El equipo dirigido por Florian Kohfeldt necesita un recambio para Theodor Gebre Selassie, especialmente en la posici\u00f3n de lateral derecho.\" \/>\n\t\t<meta property=\"og:url\" content=\"https:\/\/www.eldigitaldeasturias.com\/noticias\/el-werder-bremen-se-interesa-por-alvaro-tejero\/\" \/>\n\t\t<meta property=\"og:image\" content=\"https:\/\/www.eldigitaldeasturias.com\/noticias\/wp-content\/uploads\/2018\/06\/football-1406106_960_720.jpg\" \/>\n\t\t<meta property=\"og:image:secure_url\" content=\"https:\/\/www.eldigitaldeasturias.com\/noticias\/wp-content\/uploads\/2018\/06\/football-1406106_960_720.jpg\" \/>\n\t\t<meta property=\"og:image:width\" content=\"960\" \/>\n\t\t<meta property=\"og:image:height\" content=\"643\" \/>\n\t\t<meta property=\"article:tag\" content=\"deportes\" \/>\n\t\t<meta property=\"article:published_time\" content=\"2019-05-15T19:18:34+00:00\" \/>\n\t\t<meta property=\"article:modified_time\" content=\"2019-05-15T19:18:34+00:00\" \/>\n\t\t<meta property=\"article:publisher\" content=\"https:\/\/facebook.com\/eldigitaldeasturias\" \/>\n\t\t<meta name=\"twitter:card\" content=\"summary_large_image\" \/>\n\t\t<meta name=\"twitter:title\" content=\"El Werder Bremen se interesa por \u00c1lvaro Tejero - El Digital de Asturias\" \/>\n\t\t<meta name=\"twitter:description\" content=\"Bremen, 14 may (dpa) - El Werder Bremen est\u00e1 interesado en el talento defensivo del Real Madrid \u00c1lvaro Tejero, que actualmente juega cedido en el Albacete, seg\u00fan informaciones del portal alem\u00e1n de Internet &quot;Mein Werder&quot;. El equipo dirigido por Florian Kohfeldt necesita un recambio para Theodor Gebre Selassie, especialmente en la posici\u00f3n de lateral derecho.\" \/>\n\t\t<meta name=\"twitter:image\" content=\"https:\/\/www.eldigitaldeasturias.com\/noticias\/wp-content\/uploads\/2018\/06\/football-1406106_960_720.jpg\" \/>\n\t\t<meta name=\"twitter:label1\" content=\"Escrito por\" \/>\n\t\t<meta name=\"twitter:data1\" content=\"El Digital de Asturias\" \/>\n\t\t<meta name=\"twitter:label2\" content=\"Tiempo de lectura estimado\" \/>\n\t\t<meta name=\"twitter:data2\" content=\"1 minuto\" \/>\n\t\t<script type=\"application\/ld+json\" class=\"aioseo-schema\">\n\t\t\t{\"@context\":\"https:\\\/\\\/schema.org\",\"@graph\":[{\"@type\":\"BlogPosting\",\"@id\":\"https:\\\/\\\/www.eldigitaldeasturias.com\\\/noticias\\\/el-werder-bremen-se-interesa-por-alvaro-tejero\\\/#blogposting\",\"name\":\"El Werder Bremen se interesa por \\u00c1lvaro Tejero - El Digital de Asturias\",\"headline\":\"El Werder Bremen se interesa por \\u00c1lvaro Tejero\",\"author\":{\"@id\":\"https:\\\/\\\/www.eldigitaldeasturias.com\\\/noticias\\\/author\\\/admin\\\/#author\"},\"publisher\":{\"@id\":\"https:\\\/\\\/www.eldigitaldeasturias.com\\\/noticias\\\/#organization\"},\"image\":{\"@type\":\"ImageObject\",\"url\":\"https:\\\/\\\/www.eldigitaldeasturias.com\\\/noticias\\\/wp-content\\\/uploads\\\/2018\\\/06\\\/football-1406106_960_720.jpg\",\"width\":960,\"height\":643},\"datePublished\":\"2019-05-15T19:18:34+02:00\",\"dateModified\":\"2019-05-15T19:18:34+02:00\",\"inLanguage\":\"es-ES\",\"mainEntityOfPage\":{\"@id\":\"https:\\\/\\\/www.eldigitaldeasturias.com\\\/noticias\\\/el-werder-bremen-se-interesa-por-alvaro-tejero\\\/#webpage\"},\"isPartOf\":{\"@id\":\"https:\\\/\\\/www.eldigitaldeasturias.com\\\/noticias\\\/el-werder-bremen-se-interesa-por-alvaro-tejero\\\/#webpage\"},\"articleSection\":\"Deportes\"},{\"@type\":\"BreadcrumbList\",\"@id\":\"https:\\\/\\\/www.eldigitaldeasturias.com\\\/noticias\\\/el-werder-bremen-se-interesa-por-alvaro-tejero\\\/#breadcrumblist\",\"itemListElement\":[{\"@type\":\"ListItem\",\"@id\":\"https:\\\/\\\/www.eldigitaldeasturias.com\\\/noticias#listItem\",\"position\":1,\"name\":\"Home\",\"item\":\"https:\\\/\\\/www.eldigitaldeasturias.com\\\/noticias\",\"nextItem\":{\"@type\":\"ListItem\",\"@id\":\"https:\\\/\\\/www.eldigitaldeasturias.com\\\/noticias\\\/category\\\/deportes\\\/#listItem\",\"name\":\"Deportes\"}},{\"@type\":\"ListItem\",\"@id\":\"https:\\\/\\\/www.eldigitaldeasturias.com\\\/noticias\\\/category\\\/deportes\\\/#listItem\",\"position\":2,\"name\":\"Deportes\",\"item\":\"https:\\\/\\\/www.eldigitaldeasturias.com\\\/noticias\\\/category\\\/deportes\\\/\",\"nextItem\":{\"@type\":\"ListItem\",\"@id\":\"https:\\\/\\\/www.eldigitaldeasturias.com\\\/noticias\\\/el-werder-bremen-se-interesa-por-alvaro-tejero\\\/#listItem\",\"name\":\"El Werder Bremen se interesa por \\u00c1lvaro Tejero\"},\"previousItem\":{\"@type\":\"ListItem\",\"@id\":\"https:\\\/\\\/www.eldigitaldeasturias.com\\\/noticias#listItem\",\"name\":\"Home\"}},{\"@type\":\"ListItem\",\"@id\":\"https:\\\/\\\/www.eldigitaldeasturias.com\\\/noticias\\\/el-werder-bremen-se-interesa-por-alvaro-tejero\\\/#listItem\",\"position\":3,\"name\":\"El Werder Bremen se interesa por \\u00c1lvaro Tejero\",\"previousItem\":{\"@type\":\"ListItem\",\"@id\":\"https:\\\/\\\/www.eldigitaldeasturias.com\\\/noticias\\\/category\\\/deportes\\\/#listItem\",\"name\":\"Deportes\"}}]},{\"@type\":\"Organization\",\"@id\":\"https:\\\/\\\/www.eldigitaldeasturias.com\\\/noticias\\\/#organization\",\"name\":\"El Digital de Asturias\",\"description\":\"Hemeroteca\",\"url\":\"https:\\\/\\\/www.eldigitaldeasturias.com\\\/noticias\\\/\",\"email\":\"info@eldigitaldeasturias.com\",\"telephone\":\"+34652131393\",\"logo\":{\"@type\":\"ImageObject\",\"url\":\"https:\\\/\\\/www.eldigitaldeasturias.com\\\/noticias\\\/wp-content\\\/uploads\\\/2020\\\/12\\\/EDA.jpg\",\"@id\":\"https:\\\/\\\/www.eldigitaldeasturias.com\\\/noticias\\\/el-werder-bremen-se-interesa-por-alvaro-tejero\\\/#organizationLogo\",\"width\":649,\"height\":297},\"image\":{\"@id\":\"https:\\\/\\\/www.eldigitaldeasturias.com\\\/noticias\\\/el-werder-bremen-se-interesa-por-alvaro-tejero\\\/#organizationLogo\"},\"sameAs\":[\"https:\\\/\\\/facebook.com\\\/eldigitaldeasturias\",\"https:\\\/\\\/www.youtube.com\\\/channel\\\/UCZP-2wLEB9Rv6erhFmqVnvg\"],\"address\":{\"@id\":\"https:\\\/\\\/www.eldigitaldeasturias.com\\\/noticias\\\/#postaladdress\",\"@type\":\"PostalAddress\",\"streetAddress\":\"san antonio 4,\",\"postalCode\":\"33430\",\"addressLocality\":\"Cand\\u00e1s\",\"addressRegion\":\"Asturias\",\"addressCountry\":\"ES\"}},{\"@type\":\"Person\",\"@id\":\"https:\\\/\\\/www.eldigitaldeasturias.com\\\/noticias\\\/author\\\/admin\\\/#author\",\"url\":\"https:\\\/\\\/www.eldigitaldeasturias.com\\\/noticias\\\/author\\\/admin\\\/\",\"name\":\"El Digital de Asturias\",\"image\":{\"@type\":\"ImageObject\",\"@id\":\"https:\\\/\\\/www.eldigitaldeasturias.com\\\/noticias\\\/el-werder-bremen-se-interesa-por-alvaro-tejero\\\/#authorImage\",\"url\":\"https:\\\/\\\/www.eldigitaldeasturias.com\\\/noticias\\\/wp-content\\\/litespeed\\\/avatar\\\/18677e78aa0546b92d9dbf31ec7d7668.jpg?ver=1777290358\",\"width\":96,\"height\":96,\"caption\":\"El Digital de Asturias\"}},{\"@type\":\"WebPage\",\"@id\":\"https:\\\/\\\/www.eldigitaldeasturias.com\\\/noticias\\\/el-werder-bremen-se-interesa-por-alvaro-tejero\\\/#webpage\",\"url\":\"https:\\\/\\\/www.eldigitaldeasturias.com\\\/noticias\\\/el-werder-bremen-se-interesa-por-alvaro-tejero\\\/\",\"name\":\"El Werder Bremen se interesa por \\u00c1lvaro Tejero - El Digital de Asturias\",\"description\":\"Bremen, 14 may (dpa) - El Werder Bremen est\\u00e1 interesado en el talento defensivo del Real Madrid \\u00c1lvaro Tejero, que actualmente juega cedido en el Albacete, seg\\u00fan informaciones del portal alem\\u00e1n de Internet \\\"Mein Werder\\\". El equipo dirigido por Florian Kohfeldt necesita un recambio para Theodor Gebre Selassie, especialmente en la posici\\u00f3n de lateral derecho.\",\"inLanguage\":\"es-ES\",\"isPartOf\":{\"@id\":\"https:\\\/\\\/www.eldigitaldeasturias.com\\\/noticias\\\/#website\"},\"breadcrumb\":{\"@id\":\"https:\\\/\\\/www.eldigitaldeasturias.com\\\/noticias\\\/el-werder-bremen-se-interesa-por-alvaro-tejero\\\/#breadcrumblist\"},\"author\":{\"@id\":\"https:\\\/\\\/www.eldigitaldeasturias.com\\\/noticias\\\/author\\\/admin\\\/#author\"},\"creator\":{\"@id\":\"https:\\\/\\\/www.eldigitaldeasturias.com\\\/noticias\\\/author\\\/admin\\\/#author\"},\"image\":{\"@type\":\"ImageObject\",\"url\":\"https:\\\/\\\/www.eldigitaldeasturias.com\\\/noticias\\\/wp-content\\\/uploads\\\/2018\\\/06\\\/football-1406106_960_720.jpg\",\"@id\":\"https:\\\/\\\/www.eldigitaldeasturias.com\\\/noticias\\\/el-werder-bremen-se-interesa-por-alvaro-tejero\\\/#mainImage\",\"width\":960,\"height\":643},\"primaryImageOfPage\":{\"@id\":\"https:\\\/\\\/www.eldigitaldeasturias.com\\\/noticias\\\/el-werder-bremen-se-interesa-por-alvaro-tejero\\\/#mainImage\"},\"datePublished\":\"2019-05-15T19:18:34+02:00\",\"dateModified\":\"2019-05-15T19:18:34+02:00\"},{\"@type\":\"WebSite\",\"@id\":\"https:\\\/\\\/www.eldigitaldeasturias.com\\\/noticias\\\/#website\",\"url\":\"https:\\\/\\\/www.eldigitaldeasturias.com\\\/noticias\\\/\",\"name\":\"El Digital de Asturias - Diario de actualidad y noticias\",\"alternateName\":\"El Digital de Asturias - Diario de actualidad y noticias\",\"description\":\"Hemeroteca\",\"inLanguage\":\"es-ES\",\"publisher\":{\"@id\":\"https:\\\/\\\/www.eldigitaldeasturias.com\\\/noticias\\\/#organization\"}}]}\n\t\t<\/script>\n\t\t<!-- All in One SEO Pro -->\r\n\t\t<title>El Werder Bremen se interesa por \u00c1lvaro Tejero - El Digital de Asturias<\/title>\n\n","aioseo_head_json":{"title":"El Werder Bremen se interesa por \u00c1lvaro Tejero - El Digital de Asturias","description":"Bremen, 14 may (dpa) - El Werder Bremen est\u00e1 interesado en el talento defensivo del Real Madrid \u00c1lvaro Tejero, que actualmente juega cedido en el Albacete, seg\u00fan informaciones del portal alem\u00e1n de Internet \"Mein Werder\". El equipo dirigido por Florian Kohfeldt necesita un recambio para Theodor Gebre Selassie, especialmente en la posici\u00f3n de lateral derecho.","canonical_url":"https:\/\/www.eldigitaldeasturias.com\/noticias\/el-werder-bremen-se-interesa-por-alvaro-tejero\/","robots":"max-image-preview:large","keywords":"deportes","webmasterTools":{"google-site-verification":"UA-38556648-1","msvalidate.01":"7dfe9f3f1b24437ab69f4f2559babe99","miscellaneous":""},"schema":{"@context":"https:\/\/schema.org","@graph":[{"@type":"BlogPosting","@id":"https:\/\/www.eldigitaldeasturias.com\/noticias\/el-werder-bremen-se-interesa-por-alvaro-tejero\/#blogposting","name":"El Werder Bremen se interesa por \u00c1lvaro Tejero - El Digital de Asturias","headline":"El Werder Bremen se interesa por \u00c1lvaro Tejero","author":{"@id":"https:\/\/www.eldigitaldeasturias.com\/noticias\/author\/admin\/#author"},"publisher":{"@id":"https:\/\/www.eldigitaldeasturias.com\/noticias\/#organization"},"image":{"@type":"ImageObject","url":"https:\/\/www.eldigitaldeasturias.com\/noticias\/wp-content\/uploads\/2018\/06\/football-1406106_960_720.jpg","width":960,"height":643},"datePublished":"2019-05-15T19:18:34+02:00","dateModified":"2019-05-15T19:18:34+02:00","inLanguage":"es-ES","mainEntityOfPage":{"@id":"https:\/\/www.eldigitaldeasturias.com\/noticias\/el-werder-bremen-se-interesa-por-alvaro-tejero\/#webpage"},"isPartOf":{"@id":"https:\/\/www.eldigitaldeasturias.com\/noticias\/el-werder-bremen-se-interesa-por-alvaro-tejero\/#webpage"},"articleSection":"Deportes"},{"@type":"BreadcrumbList","@id":"https:\/\/www.eldigitaldeasturias.com\/noticias\/el-werder-bremen-se-interesa-por-alvaro-tejero\/#breadcrumblist","itemListElement":[{"@type":"ListItem","@id":"https:\/\/www.eldigitaldeasturias.com\/noticias#listItem","position":1,"name":"Home","item":"https:\/\/www.eldigitaldeasturias.com\/noticias","nextItem":{"@type":"ListItem","@id":"https:\/\/www.eldigitaldeasturias.com\/noticias\/category\/deportes\/#listItem","name":"Deportes"}},{"@type":"ListItem","@id":"https:\/\/www.eldigitaldeasturias.com\/noticias\/category\/deportes\/#listItem","position":2,"name":"Deportes","item":"https:\/\/www.eldigitaldeasturias.com\/noticias\/category\/deportes\/","nextItem":{"@type":"ListItem","@id":"https:\/\/www.eldigitaldeasturias.com\/noticias\/el-werder-bremen-se-interesa-por-alvaro-tejero\/#listItem","name":"El Werder Bremen se interesa por \u00c1lvaro Tejero"},"previousItem":{"@type":"ListItem","@id":"https:\/\/www.eldigitaldeasturias.com\/noticias#listItem","name":"Home"}},{"@type":"ListItem","@id":"https:\/\/www.eldigitaldeasturias.com\/noticias\/el-werder-bremen-se-interesa-por-alvaro-tejero\/#listItem","position":3,"name":"El Werder Bremen se interesa por \u00c1lvaro Tejero","previousItem":{"@type":"ListItem","@id":"https:\/\/www.eldigitaldeasturias.com\/noticias\/category\/deportes\/#listItem","name":"Deportes"}}]},{"@type":"Organization","@id":"https:\/\/www.eldigitaldeasturias.com\/noticias\/#organization","name":"El Digital de Asturias","description":"Hemeroteca","url":"https:\/\/www.eldigitaldeasturias.com\/noticias\/","email":"info@eldigitaldeasturias.com","telephone":"+34652131393","logo":{"@type":"ImageObject","url":"https:\/\/www.eldigitaldeasturias.com\/noticias\/wp-content\/uploads\/2020\/12\/EDA.jpg","@id":"https:\/\/www.eldigitaldeasturias.com\/noticias\/el-werder-bremen-se-interesa-por-alvaro-tejero\/#organizationLogo","width":649,"height":297},"image":{"@id":"https:\/\/www.eldigitaldeasturias.com\/noticias\/el-werder-bremen-se-interesa-por-alvaro-tejero\/#organizationLogo"},"sameAs":["https:\/\/facebook.com\/eldigitaldeasturias","https:\/\/www.youtube.com\/channel\/UCZP-2wLEB9Rv6erhFmqVnvg"],"address":{"@id":"https:\/\/www.eldigitaldeasturias.com\/noticias\/#postaladdress","@type":"PostalAddress","streetAddress":"san antonio 4,","postalCode":"33430","addressLocality":"Cand\u00e1s","addressRegion":"Asturias","addressCountry":"ES"}},{"@type":"Person","@id":"https:\/\/www.eldigitaldeasturias.com\/noticias\/author\/admin\/#author","url":"https:\/\/www.eldigitaldeasturias.com\/noticias\/author\/admin\/","name":"El Digital de Asturias","image":{"@type":"ImageObject","@id":"https:\/\/www.eldigitaldeasturias.com\/noticias\/el-werder-bremen-se-interesa-por-alvaro-tejero\/#authorImage","url":"https:\/\/www.eldigitaldeasturias.com\/noticias\/wp-content\/litespeed\/avatar\/18677e78aa0546b92d9dbf31ec7d7668.jpg?ver=1777290358","width":96,"height":96,"caption":"El Digital de Asturias"}},{"@type":"WebPage","@id":"https:\/\/www.eldigitaldeasturias.com\/noticias\/el-werder-bremen-se-interesa-por-alvaro-tejero\/#webpage","url":"https:\/\/www.eldigitaldeasturias.com\/noticias\/el-werder-bremen-se-interesa-por-alvaro-tejero\/","name":"El Werder Bremen se interesa por \u00c1lvaro Tejero - El Digital de Asturias","description":"Bremen, 14 may (dpa) - El Werder Bremen est\u00e1 interesado en el talento defensivo del Real Madrid \u00c1lvaro Tejero, que actualmente juega cedido en el Albacete, seg\u00fan informaciones del portal alem\u00e1n de Internet \"Mein Werder\". El equipo dirigido por Florian Kohfeldt necesita un recambio para Theodor Gebre Selassie, especialmente en la posici\u00f3n de lateral derecho.","inLanguage":"es-ES","isPartOf":{"@id":"https:\/\/www.eldigitaldeasturias.com\/noticias\/#website"},"breadcrumb":{"@id":"https:\/\/www.eldigitaldeasturias.com\/noticias\/el-werder-bremen-se-interesa-por-alvaro-tejero\/#breadcrumblist"},"author":{"@id":"https:\/\/www.eldigitaldeasturias.com\/noticias\/author\/admin\/#author"},"creator":{"@id":"https:\/\/www.eldigitaldeasturias.com\/noticias\/author\/admin\/#author"},"image":{"@type":"ImageObject","url":"https:\/\/www.eldigitaldeasturias.com\/noticias\/wp-content\/uploads\/2018\/06\/football-1406106_960_720.jpg","@id":"https:\/\/www.eldigitaldeasturias.com\/noticias\/el-werder-bremen-se-interesa-por-alvaro-tejero\/#mainImage","width":960,"height":643},"primaryImageOfPage":{"@id":"https:\/\/www.eldigitaldeasturias.com\/noticias\/el-werder-bremen-se-interesa-por-alvaro-tejero\/#mainImage"},"datePublished":"2019-05-15T19:18:34+02:00","dateModified":"2019-05-15T19:18:34+02:00"},{"@type":"WebSite","@id":"https:\/\/www.eldigitaldeasturias.com\/noticias\/#website","url":"https:\/\/www.eldigitaldeasturias.com\/noticias\/","name":"El Digital de Asturias - Diario de actualidad y noticias","alternateName":"El Digital de Asturias - Diario de actualidad y noticias","description":"Hemeroteca","inLanguage":"es-ES","publisher":{"@id":"https:\/\/www.eldigitaldeasturias.com\/noticias\/#organization"}}]},"og:locale":"es_ES","og:site_name":"El Digital de Asturias","og:type":"article","og:title":"El Werder Bremen se interesa por \u00c1lvaro Tejero - El Digital de Asturias","og:description":"Bremen, 14 may (dpa) - El Werder Bremen est\u00e1 interesado en el talento defensivo del Real Madrid \u00c1lvaro Tejero, que actualmente juega cedido en el Albacete, seg\u00fan informaciones del portal alem\u00e1n de Internet &quot;Mein Werder&quot;. El equipo dirigido por Florian Kohfeldt necesita un recambio para Theodor Gebre Selassie, especialmente en la posici\u00f3n de lateral derecho.","og:url":"https:\/\/www.eldigitaldeasturias.com\/noticias\/el-werder-bremen-se-interesa-por-alvaro-tejero\/","og:image":"https:\/\/www.eldigitaldeasturias.com\/noticias\/wp-content\/uploads\/2018\/06\/football-1406106_960_720.jpg","og:image:secure_url":"https:\/\/www.eldigitaldeasturias.com\/noticias\/wp-content\/uploads\/2018\/06\/football-1406106_960_720.jpg","og:image:width":960,"og:image:height":643,"article:tag":["deportes"],"article:published_time":"2019-05-15T19:18:34+00:00","article:modified_time":"2019-05-15T19:18:34+00:00","article:publisher":"https:\/\/facebook.com\/eldigitaldeasturias","twitter:card":"summary_large_image","twitter:title":"El Werder Bremen se interesa por \u00c1lvaro Tejero - El Digital de Asturias","twitter:description":"Bremen, 14 may (dpa) - El Werder Bremen est\u00e1 interesado en el talento defensivo del Real Madrid \u00c1lvaro Tejero, que actualmente juega cedido en el Albacete, seg\u00fan informaciones del portal alem\u00e1n de Internet &quot;Mein Werder&quot;. El equipo dirigido por Florian Kohfeldt necesita un recambio para Theodor Gebre Selassie, especialmente en la posici\u00f3n de lateral derecho.","twitter:image":"https:\/\/www.eldigitaldeasturias.com\/noticias\/wp-content\/uploads\/2018\/06\/football-1406106_960_720.jpg","twitter:label1":"Escrito por","twitter:data1":"El Digital de Asturias","twitter:label2":"Tiempo de lectura estimado","twitter:data2":"1 minuto"},"aioseo_meta_data":{"post_id":"1027472","title":null,"description":null,"keywords":null,"keyphrases":null,"primary_term":null,"canonical_url":null,"og_title":null,"og_description":null,"og_object_type":"default","og_image_type":"default","og_image_url":null,"og_image_width":null,"og_image_height":null,"og_image_custom_url":null,"og_image_custom_fields":null,"og_video":null,"og_custom_url":null,"og_article_section":null,"og_article_tags":null,"twitter_use_og":false,"twitter_card":"default","twitter_image_type":"default","twitter_image_url":null,"twitter_image_custom_url":null,"twitter_image_custom_fields":null,"twitter_title":null,"twitter_description":null,"schema":{"blockGraphs":[],"customGraphs":[],"default":{"data":{"Article":[],"Course":[],"Dataset":[],"FAQPage":[],"Movie":[],"Person":[],"Product":[],"ProductReview":[],"Car":[],"Recipe":[],"Service":[],"SoftwareApplication":[],"WebPage":[]},"graphName":"","isEnabled":true},"graphs":[]},"schema_type":null,"schema_type_options":null,"pillar_content":false,"robots_default":true,"robots_noindex":false,"robots_noarchive":false,"robots_nosnippet":false,"robots_nofollow":false,"robots_noimageindex":false,"robots_noodp":false,"robots_notranslate":false,"robots_max_snippet":null,"robots_max_videopreview":null,"robots_max_imagepreview":"large","priority":null,"frequency":null,"local_seo":null,"seo_analyzer_scan_date":"2025-10-18 05:34:06","breadcrumb_settings":null,"limit_modified_date":false,"open_ai":null,"ai":null,"created":"2020-12-21 11:11:48","updated":"2025-10-18 05:34:06"},"aioseo_breadcrumb":"<div class=\"aioseo-breadcrumbs\"><span class=\"aioseo-breadcrumb\">\n\t<a href=\"https:\/\/www.eldigitaldeasturias.com\/noticias\" title=\"Home\">Home<\/a>\n<\/span><span class=\"aioseo-breadcrumb-separator\">\u2013<\/span><span class=\"aioseo-breadcrumb\">\n\t<a href=\"https:\/\/www.eldigitaldeasturias.com\/noticias\/category\/deportes\/\" title=\"Deportes\">Deportes<\/a>\n<\/span><span class=\"aioseo-breadcrumb-separator\">\u2013<\/span><span class=\"aioseo-breadcrumb\">\n\t<a href=\"https:\/\/www.eldigitaldeasturias.com\/noticias\/el-werder-bremen-se-interesa-por-alvaro-tejero\/\" title=\"El Werder Bremen se interesa por \u00c1lvaro Tejero\">El Werder Bremen se interesa por \u00c1lvaro Tejero<\/a>\n<\/span><\/div>","aioseo_breadcrumb_json":[{"label":"Home","link":"https:\/\/www.eldigitaldeasturias.com\/noticias"},{"label":"Deportes","link":"https:\/\/www.eldigitaldeasturias.com\/noticias\/category\/deportes\/"},{"label":"El Werder Bremen se interesa por \u00c1lvaro Tejero","link":"https:\/\/www.eldigitaldeasturias.com\/noticias\/el-werder-bremen-se-interesa-por-alvaro-tejero\/"}],"_links":{"self":[{"href":"https:\/\/www.eldigitaldeasturias.com\/noticias\/wp-json\/wp\/v2\/posts\/1027472","targetHints":{"allow":["GET"]}}],"collection":[{"href":"https:\/\/www.eldigitaldeasturias.com\/noticias\/wp-json\/wp\/v2\/posts"}],"about":[{"href":"https:\/\/www.eldigitaldeasturias.com\/noticias\/wp-json\/wp\/v2\/types\/post"}],"author":[{"embeddable":true,"href":"https:\/\/www.eldigitaldeasturias.com\/noticias\/wp-json\/wp\/v2\/users\/1"}],"replies":[{"embeddable":true,"href":"https:\/\/www.eldigitaldeasturias.com\/noticias\/wp-json\/wp\/v2\/comments?post=1027472"}],"version-history":[{"count":0,"href":"https:\/\/www.eldigitaldeasturias.com\/noticias\/wp-json\/wp\/v2\/posts\/1027472\/revisions"}],"wp:featuredmedia":[{"embeddable":true,"href":"https:\/\/www.eldigitaldeasturias.com\/noticias\/wp-json\/wp\/v2\/media\/985209"}],"wp:attachment":[{"href":"https:\/\/www.eldigitaldeasturias.com\/noticias\/wp-json\/wp\/v2\/media?parent=1027472"}],"wp:term":[{"taxonomy":"category","embeddable":true,"href":"https:\/\/www.eldigitaldeasturias.com\/noticias\/wp-json\/wp\/v2\/categories?post=1027472"},{"taxonomy":"post_tag","embeddable":true,"href":"https:\/\/www.eldigitaldeasturias.com\/noticias\/wp-json\/wp\/v2\/tags?post=1027472"}],"curies":[{"name":"wp","href":"https:\/\/api.w.org\/{rel}","templated":true}]}}