{"id":1027435,"date":"2019-05-15T14:39:20","date_gmt":"2019-05-15T14:39:20","guid":{"rendered":"https:\/\/www.eldigitaldeasturias.com\/noticias\/?p=1027435"},"modified":"2019-05-15T14:42:08","modified_gmt":"2019-05-15T14:42:08","slug":"ser-fotografo-de-bodas-en-2019-adaptarse-o-morir","status":"publish","type":"post","link":"https:\/\/www.eldigitaldeasturias.com\/noticias\/ser-fotografo-de-bodas-en-2019-adaptarse-o-morir\/","title":{"rendered":"Ser fot\u00f3grafo de bodas en 2019: Adaptarse o morir"},"content":{"rendered":"<p><span style=\"font-weight: 400;\"><img loading=\"lazy\" decoding=\"async\" class=\"aligncenter wp-image-1027436 size-large\" src=\"https:\/\/www.eldigitaldeasturias.com\/noticias\/wp-content\/uploads\/2019\/05\/fotografo-650x320.jpg\" alt=\"\" width=\"650\" height=\"320\" srcset=\"https:\/\/www.eldigitaldeasturias.com\/noticias\/wp-content\/uploads\/2019\/05\/fotografo-650x320.jpg 650w, https:\/\/www.eldigitaldeasturias.com\/noticias\/wp-content\/uploads\/2019\/05\/fotografo-360x177.jpg 360w, https:\/\/www.eldigitaldeasturias.com\/noticias\/wp-content\/uploads\/2019\/05\/fotografo.jpg 750w\" sizes=\"auto, (max-width: 650px) 100vw, 650px\" \/><\/span><\/p>\n<p><span style=\"font-weight: 400;\">En la \u00faltima d\u00e9cada, el sector empresarial y comercial ha evolucionado a pasos agigantados. Hay muchos empresarios que se han adaptado a los nuevos tiempos, pero otros que se han quedado en el camino. Por ello, todos aquellos emprendedores, aut\u00f3nomos y empresarios que siguen al pie del ca\u00f1\u00f3n, deber\u00edan tomar ejemplo y continuar su expansi\u00f3n en la red, s\u00f3lo as\u00ed conseguir\u00e1n sobrevivir y seguir adelante. <\/span><\/p>\n<p><strong>Oliveira foto es un claro ejemplo del \u00e9xito<\/strong><\/p>\n<p><a href=\"https:\/\/www.oliveirafoto.com\/\"><span style=\"font-weight: 400;\"><span style=\"color: #ff6600;\"><strong>Oliveira Foto<\/strong><\/span><\/span><\/a><span style=\"font-weight: 400;\"> era un negocio anticuado, que estaba abocado al fracaso, como todos los del sector de la fotograf\u00eda en los \u00faltimos a\u00f1os. Pero ha sido un profesional que ha puesto empe\u00f1o en su pasi\u00f3n y ha conseguido adaptarse a las nuevas demandas del sector en todos los sentidos, as\u00ed como<\/span><b> modernizar todo el modelo de negocio,<\/b><span style=\"font-weight: 400;\"> consiguiendo transformar una firma de car\u00e1cter local (que apenas contaba con m\u00e1s de cinco bodas en el a\u00f1o 2013) a una marca con proyecci\u00f3n nacional e internacional y estar presente en Internet y en las redes sociales.<\/span><\/p>\n<p><span style=\"font-weight: 400;\">Tanto es as\u00ed, que esto le ha valido tener un \u00e9xito no s\u00f3lo nacional, sino tambi\u00e9n a nivel internacional, gracias a la aplicaci\u00f3n de las nuevas tecnolog\u00edas unidas a t\u00e9cnicas de <\/span><b>marketing online como SEO y redes sociales. <\/b><span style=\"font-weight: 400;\">De hecho, a d\u00eda de hoy se encuentra en las primeras etapas de un ilusionante proyecto con base en San Francisco, ni m\u00e1s ni menos.<\/span><\/p>\n<p><span style=\"font-weight: 400;\">Gracias a que \u00e9l se dio cuenta de que<\/span><b> los tiempos cambian y que hay que conseguir adaptarse <\/b><span style=\"font-weight: 400;\">para no morir en el intento. Es una falsa creencia el pensar que un negocio como es la fotograf\u00eda, s\u00f3lo debe realizarse en nuestro lugar de residencia, y esto es algo que Carlos ha tenido siempre presente. S\u00f3lo as\u00ed se explica el gran \u00e9xito que est\u00e1 teniendo y el <\/span><b>gran valor <\/b><span style=\"font-weight: 400;\">que aporta al sector en general.<\/span><\/p>\n<p><span style=\"font-weight: 400;\">Para conseguir este \u00e9xito, ha ido incorporando todas las<\/span><b> t\u00e9cnicas de marketing digital<\/b><span style=\"font-weight: 400;\">, para lograr as\u00ed una mayor visibilidad en Internet, s\u00f3lo de esta manera es posible alcanzar a un p\u00fablico objetivo directamente, sin limitaciones geogr\u00e1ficas. Ahora bien, tambi\u00e9n hay que estar dispuestos a mancharse las manos y salir a trabajar all\u00ed donde nos contraten, esto es algo muy importante. <\/span><\/p>\n<p><b>\u00c9xito a nivel internacional reconocido<\/b><\/p>\n<p><span style=\"font-weight: 400;\">Carlos ha conseguido algo ins\u00f3lito, y que demuestra la importancia de <\/span><b>conocer los entresijos de Internet<\/b><span style=\"font-weight: 400;\">: hacerse hueco en el mercado estadounidense desde su ordenador y m\u00f3vil en Espa\u00f1a. Ha cubierto diversas bodas en Estados Unidos y se confiesa un enamorado de las bodas americanas. \u00a0De hecho afirma que: <\/span><i><span style=\"font-weight: 400;\">\u2018\u2019En USA es muy habitual celebrar <\/span><\/i><b><i>bodas outdoor <\/i><\/b><i><span style=\"font-weight: 400;\">en sitios preciosos\u2019\u2019 <\/span><\/i><span style=\"font-weight: 400;\">Para mayor muestra pod\u00e9is ver esta preciosa <\/span><a href=\"https:\/\/www.oliveirafoto.com\/boda-en-un-bosque\/\" target=\"_blank\" rel=\"noopener noreferrer\"><span style=\"font-weight: 400;\"><span style=\"color: #ff6600;\"><strong>boda en un bosque<\/strong><\/span><\/span><\/a><span style=\"font-weight: 400;\"> de sequoias en California.<\/span><\/p>\n<p><span style=\"font-weight: 400;\">El marketing online ha surtido su efecto y ha conseguido posicionar a este fot\u00f3grafo entre los m\u00e1s conocidos a nivel internacional, aunque ello tambi\u00e9n ha sido gracias a su trabajo profesional, que arroja unos resultados inmejorables en todos los sentidos. El marketing de contenidos ha hecho que <\/span><b>su sitio web sea ampliamente visitado<\/b><span style=\"font-weight: 400;\">, ofreciendo contenido de calidad y relacionado con su nicho de trabajo, esto es de las cosas m\u00e1s importantes a tener en cuenta para adaptarnos a Internet.<\/span><\/p>\n<p><span style=\"font-weight: 400;\">As\u00ed, podemos ver de primera mano sus <\/span><a href=\"https:\/\/www.oliveirafoto.com\/galerias\/fotos-de-bodas\/\" target=\"_blank\" rel=\"noopener noreferrer\"><span style=\"font-weight: 400;\"><span style=\"color: #ff6600;\"><strong>fotos de boda<\/strong>s<\/span><\/span><\/a><span style=\"font-weight: 400;\"> para comprobar la calidad de sus servicios. Cuenta con m\u00e1s de <\/span><b>una d\u00e9cada de experiencia<\/b><span style=\"font-weight: 400;\">, que se dice pronto, ha realizado bodas por todo el mundo, de todos los tipos, clases y preferencias. En su sitio web tenemos acceso a todo lo que ha realizado, para que nos sorprendamos una y otra vez.<\/span><\/p>\n<p><span style=\"font-weight: 400;\">Desarrollar una<\/span><b> buena estrategia de marketing<\/b><span style=\"font-weight: 400;\"> no es una tarea sencilla, pero si disponemos de las herramientas y el material, la labor se hace menos cuesta arriba. Como hemos dicho, lo principal aqu\u00ed para el \u00e9xito, ha sido la gran creaci\u00f3n de contenidos en su sitio web, as\u00ed como en sus redes sociales. Y es que de nada sirve ser el mejor fot\u00f3grafo de bodas si nadie puede ver que lo eres. La visibilidad online, junto con la calidad de sus obras son la clave del \u00e9xito.<\/span><\/p>\n<p><img loading=\"lazy\" decoding=\"async\" class=\"aligncenter size-large wp-image-1027437\" src=\"https:\/\/www.eldigitaldeasturias.com\/noticias\/wp-content\/uploads\/2019\/05\/fotografo-2-650x419.jpg\" alt=\"\" width=\"650\" height=\"419\" srcset=\"https:\/\/www.eldigitaldeasturias.com\/noticias\/wp-content\/uploads\/2019\/05\/fotografo-2-650x419.jpg 650w, https:\/\/www.eldigitaldeasturias.com\/noticias\/wp-content\/uploads\/2019\/05\/fotografo-2-360x232.jpg 360w, https:\/\/www.eldigitaldeasturias.com\/noticias\/wp-content\/uploads\/2019\/05\/fotografo-2.jpg 744w\" sizes=\"auto, (max-width: 650px) 100vw, 650px\" \/><\/p>\n","protected":false},"excerpt":{"rendered":"<p>En la \u00faltima d\u00e9cada, el sector empresarial y comercial ha evolucionado a pasos agigantados. Hay muchos empresarios que se han adaptado a los nuevos tiempos, pero otros que se han quedado en el camino. Por ello, todos aquellos emprendedores, aut\u00f3nomos y empresarios que siguen al pie del ca\u00f1\u00f3n, deber\u00edan tomar ejemplo y continuar su expansi\u00f3n [&hellip;]<\/p>\n","protected":false},"author":1,"featured_media":1027436,"comment_status":"closed","ping_status":"closed","sticky":false,"template":"","format":"standard","meta":{"footnotes":""},"categories":[219],"tags":[],"class_list":["post-1027435","post","type-post","status-publish","format-standard","has-post-thumbnail","hentry","category-negocios-y-empresas"],"aioseo_notices":[],"aioseo_head":"\n\t\t<!-- All in One SEO Pro 4.9.6.2 - aioseo.com -->\n\t<meta name=\"description\" content=\"En la \u00faltima d\u00e9cada, el sector empresarial y comercial ha evolucionado a pasos agigantados. Hay muchos empresarios que se han adaptado a los nuevos tiempos, pero otros que se han quedado en el camino. Por ello, todos aquellos emprendedores, aut\u00f3nomos y empresarios que siguen al pie del ca\u00f1\u00f3n, deber\u00edan tomar ejemplo y continuar su expansi\u00f3n\" \/>\n\t<meta name=\"robots\" content=\"max-image-preview:large\" \/>\n\t<meta name=\"author\" content=\"El Digital de Asturias\"\/>\n\t<meta name=\"google-site-verification\" content=\"UA-38556648-1\" \/>\n\t<meta name=\"msvalidate.01\" content=\"7dfe9f3f1b24437ab69f4f2559babe99\" \/>\n\t<meta name=\"keywords\" content=\"negocios y empresas\" \/>\n\t<link rel=\"canonical\" href=\"https:\/\/www.eldigitaldeasturias.com\/noticias\/ser-fotografo-de-bodas-en-2019-adaptarse-o-morir\/\" \/>\n\t<meta name=\"generator\" content=\"All in One SEO Pro (AIOSEO) 4.9.6.2\" \/>\n\t\t<meta property=\"og:locale\" content=\"es_ES\" \/>\n\t\t<meta property=\"og:site_name\" content=\"El Digital de Asturias\" \/>\n\t\t<meta property=\"og:type\" content=\"article\" \/>\n\t\t<meta property=\"og:title\" content=\"Ser fot\u00f3grafo de bodas en 2019: Adaptarse o morir - El Digital de Asturias\" \/>\n\t\t<meta property=\"og:description\" content=\"En la \u00faltima d\u00e9cada, el sector empresarial y comercial ha evolucionado a pasos agigantados. Hay muchos empresarios que se han adaptado a los nuevos tiempos, pero otros que se han quedado en el camino. Por ello, todos aquellos emprendedores, aut\u00f3nomos y empresarios que siguen al pie del ca\u00f1\u00f3n, deber\u00edan tomar ejemplo y continuar su expansi\u00f3n\" \/>\n\t\t<meta property=\"og:url\" content=\"https:\/\/www.eldigitaldeasturias.com\/noticias\/ser-fotografo-de-bodas-en-2019-adaptarse-o-morir\/\" \/>\n\t\t<meta property=\"og:image\" content=\"https:\/\/www.eldigitaldeasturias.com\/noticias\/wp-content\/uploads\/2019\/05\/fotografo.jpg\" \/>\n\t\t<meta property=\"og:image:secure_url\" content=\"https:\/\/www.eldigitaldeasturias.com\/noticias\/wp-content\/uploads\/2019\/05\/fotografo.jpg\" \/>\n\t\t<meta property=\"og:image:width\" content=\"750\" \/>\n\t\t<meta property=\"og:image:height\" content=\"369\" \/>\n\t\t<meta property=\"article:tag\" content=\"negocios y empresas\" \/>\n\t\t<meta property=\"article:published_time\" content=\"2019-05-15T14:39:20+00:00\" \/>\n\t\t<meta property=\"article:modified_time\" content=\"2019-05-15T14:42:08+00:00\" \/>\n\t\t<meta property=\"article:publisher\" content=\"https:\/\/facebook.com\/eldigitaldeasturias\" \/>\n\t\t<meta name=\"twitter:card\" content=\"summary_large_image\" \/>\n\t\t<meta name=\"twitter:title\" content=\"Ser fot\u00f3grafo de bodas en 2019: Adaptarse o morir - El Digital de Asturias\" \/>\n\t\t<meta name=\"twitter:description\" content=\"En la \u00faltima d\u00e9cada, el sector empresarial y comercial ha evolucionado a pasos agigantados. Hay muchos empresarios que se han adaptado a los nuevos tiempos, pero otros que se han quedado en el camino. Por ello, todos aquellos emprendedores, aut\u00f3nomos y empresarios que siguen al pie del ca\u00f1\u00f3n, deber\u00edan tomar ejemplo y continuar su expansi\u00f3n\" \/>\n\t\t<meta name=\"twitter:image\" content=\"https:\/\/www.eldigitaldeasturias.com\/noticias\/wp-content\/uploads\/2019\/05\/fotografo.jpg\" \/>\n\t\t<meta name=\"twitter:label1\" content=\"Escrito por\" \/>\n\t\t<meta name=\"twitter:data1\" content=\"El Digital de Asturias\" \/>\n\t\t<meta name=\"twitter:label2\" content=\"Tiempo de lectura estimado\" \/>\n\t\t<meta name=\"twitter:data2\" content=\"4 minutos\" \/>\n\t\t<script type=\"application\/ld+json\" class=\"aioseo-schema\">\n\t\t\t{\"@context\":\"https:\\\/\\\/schema.org\",\"@graph\":[{\"@type\":\"BlogPosting\",\"@id\":\"https:\\\/\\\/www.eldigitaldeasturias.com\\\/noticias\\\/ser-fotografo-de-bodas-en-2019-adaptarse-o-morir\\\/#blogposting\",\"name\":\"Ser fot\\u00f3grafo de bodas en 2019: Adaptarse o morir - El Digital de Asturias\",\"headline\":\"Ser fot\\u00f3grafo de bodas en 2019: Adaptarse o morir\",\"author\":{\"@id\":\"https:\\\/\\\/www.eldigitaldeasturias.com\\\/noticias\\\/author\\\/admin\\\/#author\"},\"publisher\":{\"@id\":\"https:\\\/\\\/www.eldigitaldeasturias.com\\\/noticias\\\/#organization\"},\"image\":{\"@type\":\"ImageObject\",\"url\":\"https:\\\/\\\/www.eldigitaldeasturias.com\\\/noticias\\\/wp-content\\\/uploads\\\/2019\\\/05\\\/fotografo.jpg\",\"width\":750,\"height\":369},\"datePublished\":\"2019-05-15T14:39:20+02:00\",\"dateModified\":\"2019-05-15T14:42:08+02:00\",\"inLanguage\":\"es-ES\",\"mainEntityOfPage\":{\"@id\":\"https:\\\/\\\/www.eldigitaldeasturias.com\\\/noticias\\\/ser-fotografo-de-bodas-en-2019-adaptarse-o-morir\\\/#webpage\"},\"isPartOf\":{\"@id\":\"https:\\\/\\\/www.eldigitaldeasturias.com\\\/noticias\\\/ser-fotografo-de-bodas-en-2019-adaptarse-o-morir\\\/#webpage\"},\"articleSection\":\"Negocios y Empresas\"},{\"@type\":\"BreadcrumbList\",\"@id\":\"https:\\\/\\\/www.eldigitaldeasturias.com\\\/noticias\\\/ser-fotografo-de-bodas-en-2019-adaptarse-o-morir\\\/#breadcrumblist\",\"itemListElement\":[{\"@type\":\"ListItem\",\"@id\":\"https:\\\/\\\/www.eldigitaldeasturias.com\\\/noticias#listItem\",\"position\":1,\"name\":\"Home\",\"item\":\"https:\\\/\\\/www.eldigitaldeasturias.com\\\/noticias\",\"nextItem\":{\"@type\":\"ListItem\",\"@id\":\"https:\\\/\\\/www.eldigitaldeasturias.com\\\/noticias\\\/category\\\/negocios-y-empresas\\\/#listItem\",\"name\":\"Negocios y Empresas\"}},{\"@type\":\"ListItem\",\"@id\":\"https:\\\/\\\/www.eldigitaldeasturias.com\\\/noticias\\\/category\\\/negocios-y-empresas\\\/#listItem\",\"position\":2,\"name\":\"Negocios y Empresas\",\"item\":\"https:\\\/\\\/www.eldigitaldeasturias.com\\\/noticias\\\/category\\\/negocios-y-empresas\\\/\",\"nextItem\":{\"@type\":\"ListItem\",\"@id\":\"https:\\\/\\\/www.eldigitaldeasturias.com\\\/noticias\\\/ser-fotografo-de-bodas-en-2019-adaptarse-o-morir\\\/#listItem\",\"name\":\"Ser fot\\u00f3grafo de bodas en 2019: Adaptarse o morir\"},\"previousItem\":{\"@type\":\"ListItem\",\"@id\":\"https:\\\/\\\/www.eldigitaldeasturias.com\\\/noticias#listItem\",\"name\":\"Home\"}},{\"@type\":\"ListItem\",\"@id\":\"https:\\\/\\\/www.eldigitaldeasturias.com\\\/noticias\\\/ser-fotografo-de-bodas-en-2019-adaptarse-o-morir\\\/#listItem\",\"position\":3,\"name\":\"Ser fot\\u00f3grafo de bodas en 2019: Adaptarse o morir\",\"previousItem\":{\"@type\":\"ListItem\",\"@id\":\"https:\\\/\\\/www.eldigitaldeasturias.com\\\/noticias\\\/category\\\/negocios-y-empresas\\\/#listItem\",\"name\":\"Negocios y Empresas\"}}]},{\"@type\":\"Organization\",\"@id\":\"https:\\\/\\\/www.eldigitaldeasturias.com\\\/noticias\\\/#organization\",\"name\":\"El Digital de Asturias\",\"description\":\"Hemeroteca\",\"url\":\"https:\\\/\\\/www.eldigitaldeasturias.com\\\/noticias\\\/\",\"email\":\"info@eldigitaldeasturias.com\",\"telephone\":\"+34652131393\",\"logo\":{\"@type\":\"ImageObject\",\"url\":\"https:\\\/\\\/www.eldigitaldeasturias.com\\\/noticias\\\/wp-content\\\/uploads\\\/2020\\\/12\\\/EDA.jpg\",\"@id\":\"https:\\\/\\\/www.eldigitaldeasturias.com\\\/noticias\\\/ser-fotografo-de-bodas-en-2019-adaptarse-o-morir\\\/#organizationLogo\",\"width\":649,\"height\":297},\"image\":{\"@id\":\"https:\\\/\\\/www.eldigitaldeasturias.com\\\/noticias\\\/ser-fotografo-de-bodas-en-2019-adaptarse-o-morir\\\/#organizationLogo\"},\"sameAs\":[\"https:\\\/\\\/facebook.com\\\/eldigitaldeasturias\",\"https:\\\/\\\/www.youtube.com\\\/channel\\\/UCZP-2wLEB9Rv6erhFmqVnvg\"],\"address\":{\"@id\":\"https:\\\/\\\/www.eldigitaldeasturias.com\\\/noticias\\\/#postaladdress\",\"@type\":\"PostalAddress\",\"streetAddress\":\"san antonio 4,\",\"postalCode\":\"33430\",\"addressLocality\":\"Cand\\u00e1s\",\"addressRegion\":\"Asturias\",\"addressCountry\":\"ES\"}},{\"@type\":\"Person\",\"@id\":\"https:\\\/\\\/www.eldigitaldeasturias.com\\\/noticias\\\/author\\\/admin\\\/#author\",\"url\":\"https:\\\/\\\/www.eldigitaldeasturias.com\\\/noticias\\\/author\\\/admin\\\/\",\"name\":\"El Digital de Asturias\",\"image\":{\"@type\":\"ImageObject\",\"@id\":\"https:\\\/\\\/www.eldigitaldeasturias.com\\\/noticias\\\/ser-fotografo-de-bodas-en-2019-adaptarse-o-morir\\\/#authorImage\",\"url\":\"https:\\\/\\\/www.eldigitaldeasturias.com\\\/noticias\\\/wp-content\\\/litespeed\\\/avatar\\\/18677e78aa0546b92d9dbf31ec7d7668.jpg?ver=1776685526\",\"width\":96,\"height\":96,\"caption\":\"El Digital de Asturias\"}},{\"@type\":\"WebPage\",\"@id\":\"https:\\\/\\\/www.eldigitaldeasturias.com\\\/noticias\\\/ser-fotografo-de-bodas-en-2019-adaptarse-o-morir\\\/#webpage\",\"url\":\"https:\\\/\\\/www.eldigitaldeasturias.com\\\/noticias\\\/ser-fotografo-de-bodas-en-2019-adaptarse-o-morir\\\/\",\"name\":\"Ser fot\\u00f3grafo de bodas en 2019: Adaptarse o morir - El Digital de Asturias\",\"description\":\"En la \\u00faltima d\\u00e9cada, el sector empresarial y comercial ha evolucionado a pasos agigantados. Hay muchos empresarios que se han adaptado a los nuevos tiempos, pero otros que se han quedado en el camino. Por ello, todos aquellos emprendedores, aut\\u00f3nomos y empresarios que siguen al pie del ca\\u00f1\\u00f3n, deber\\u00edan tomar ejemplo y continuar su expansi\\u00f3n\",\"inLanguage\":\"es-ES\",\"isPartOf\":{\"@id\":\"https:\\\/\\\/www.eldigitaldeasturias.com\\\/noticias\\\/#website\"},\"breadcrumb\":{\"@id\":\"https:\\\/\\\/www.eldigitaldeasturias.com\\\/noticias\\\/ser-fotografo-de-bodas-en-2019-adaptarse-o-morir\\\/#breadcrumblist\"},\"author\":{\"@id\":\"https:\\\/\\\/www.eldigitaldeasturias.com\\\/noticias\\\/author\\\/admin\\\/#author\"},\"creator\":{\"@id\":\"https:\\\/\\\/www.eldigitaldeasturias.com\\\/noticias\\\/author\\\/admin\\\/#author\"},\"image\":{\"@type\":\"ImageObject\",\"url\":\"https:\\\/\\\/www.eldigitaldeasturias.com\\\/noticias\\\/wp-content\\\/uploads\\\/2019\\\/05\\\/fotografo.jpg\",\"@id\":\"https:\\\/\\\/www.eldigitaldeasturias.com\\\/noticias\\\/ser-fotografo-de-bodas-en-2019-adaptarse-o-morir\\\/#mainImage\",\"width\":750,\"height\":369},\"primaryImageOfPage\":{\"@id\":\"https:\\\/\\\/www.eldigitaldeasturias.com\\\/noticias\\\/ser-fotografo-de-bodas-en-2019-adaptarse-o-morir\\\/#mainImage\"},\"datePublished\":\"2019-05-15T14:39:20+02:00\",\"dateModified\":\"2019-05-15T14:42:08+02:00\"},{\"@type\":\"WebSite\",\"@id\":\"https:\\\/\\\/www.eldigitaldeasturias.com\\\/noticias\\\/#website\",\"url\":\"https:\\\/\\\/www.eldigitaldeasturias.com\\\/noticias\\\/\",\"name\":\"El Digital de Asturias - Diario de actualidad y noticias\",\"alternateName\":\"El Digital de Asturias - Diario de actualidad y noticias\",\"description\":\"Hemeroteca\",\"inLanguage\":\"es-ES\",\"publisher\":{\"@id\":\"https:\\\/\\\/www.eldigitaldeasturias.com\\\/noticias\\\/#organization\"}}]}\n\t\t<\/script>\n\t\t<!-- All in One SEO Pro -->\r\n\t\t<title>Ser fot\u00f3grafo de bodas en 2019: Adaptarse o morir - El Digital de Asturias<\/title>\n\n","aioseo_head_json":{"title":"Ser fot\u00f3grafo de bodas en 2019: Adaptarse o morir - El Digital de Asturias","description":"En la \u00faltima d\u00e9cada, el sector empresarial y comercial ha evolucionado a pasos agigantados. Hay muchos empresarios que se han adaptado a los nuevos tiempos, pero otros que se han quedado en el camino. Por ello, todos aquellos emprendedores, aut\u00f3nomos y empresarios que siguen al pie del ca\u00f1\u00f3n, deber\u00edan tomar ejemplo y continuar su expansi\u00f3n","canonical_url":"https:\/\/www.eldigitaldeasturias.com\/noticias\/ser-fotografo-de-bodas-en-2019-adaptarse-o-morir\/","robots":"max-image-preview:large","keywords":"negocios y empresas","webmasterTools":{"google-site-verification":"UA-38556648-1","msvalidate.01":"7dfe9f3f1b24437ab69f4f2559babe99","miscellaneous":""},"schema":{"@context":"https:\/\/schema.org","@graph":[{"@type":"BlogPosting","@id":"https:\/\/www.eldigitaldeasturias.com\/noticias\/ser-fotografo-de-bodas-en-2019-adaptarse-o-morir\/#blogposting","name":"Ser fot\u00f3grafo de bodas en 2019: Adaptarse o morir - El Digital de Asturias","headline":"Ser fot\u00f3grafo de bodas en 2019: Adaptarse o morir","author":{"@id":"https:\/\/www.eldigitaldeasturias.com\/noticias\/author\/admin\/#author"},"publisher":{"@id":"https:\/\/www.eldigitaldeasturias.com\/noticias\/#organization"},"image":{"@type":"ImageObject","url":"https:\/\/www.eldigitaldeasturias.com\/noticias\/wp-content\/uploads\/2019\/05\/fotografo.jpg","width":750,"height":369},"datePublished":"2019-05-15T14:39:20+02:00","dateModified":"2019-05-15T14:42:08+02:00","inLanguage":"es-ES","mainEntityOfPage":{"@id":"https:\/\/www.eldigitaldeasturias.com\/noticias\/ser-fotografo-de-bodas-en-2019-adaptarse-o-morir\/#webpage"},"isPartOf":{"@id":"https:\/\/www.eldigitaldeasturias.com\/noticias\/ser-fotografo-de-bodas-en-2019-adaptarse-o-morir\/#webpage"},"articleSection":"Negocios y Empresas"},{"@type":"BreadcrumbList","@id":"https:\/\/www.eldigitaldeasturias.com\/noticias\/ser-fotografo-de-bodas-en-2019-adaptarse-o-morir\/#breadcrumblist","itemListElement":[{"@type":"ListItem","@id":"https:\/\/www.eldigitaldeasturias.com\/noticias#listItem","position":1,"name":"Home","item":"https:\/\/www.eldigitaldeasturias.com\/noticias","nextItem":{"@type":"ListItem","@id":"https:\/\/www.eldigitaldeasturias.com\/noticias\/category\/negocios-y-empresas\/#listItem","name":"Negocios y Empresas"}},{"@type":"ListItem","@id":"https:\/\/www.eldigitaldeasturias.com\/noticias\/category\/negocios-y-empresas\/#listItem","position":2,"name":"Negocios y Empresas","item":"https:\/\/www.eldigitaldeasturias.com\/noticias\/category\/negocios-y-empresas\/","nextItem":{"@type":"ListItem","@id":"https:\/\/www.eldigitaldeasturias.com\/noticias\/ser-fotografo-de-bodas-en-2019-adaptarse-o-morir\/#listItem","name":"Ser fot\u00f3grafo de bodas en 2019: Adaptarse o morir"},"previousItem":{"@type":"ListItem","@id":"https:\/\/www.eldigitaldeasturias.com\/noticias#listItem","name":"Home"}},{"@type":"ListItem","@id":"https:\/\/www.eldigitaldeasturias.com\/noticias\/ser-fotografo-de-bodas-en-2019-adaptarse-o-morir\/#listItem","position":3,"name":"Ser fot\u00f3grafo de bodas en 2019: Adaptarse o morir","previousItem":{"@type":"ListItem","@id":"https:\/\/www.eldigitaldeasturias.com\/noticias\/category\/negocios-y-empresas\/#listItem","name":"Negocios y Empresas"}}]},{"@type":"Organization","@id":"https:\/\/www.eldigitaldeasturias.com\/noticias\/#organization","name":"El Digital de Asturias","description":"Hemeroteca","url":"https:\/\/www.eldigitaldeasturias.com\/noticias\/","email":"info@eldigitaldeasturias.com","telephone":"+34652131393","logo":{"@type":"ImageObject","url":"https:\/\/www.eldigitaldeasturias.com\/noticias\/wp-content\/uploads\/2020\/12\/EDA.jpg","@id":"https:\/\/www.eldigitaldeasturias.com\/noticias\/ser-fotografo-de-bodas-en-2019-adaptarse-o-morir\/#organizationLogo","width":649,"height":297},"image":{"@id":"https:\/\/www.eldigitaldeasturias.com\/noticias\/ser-fotografo-de-bodas-en-2019-adaptarse-o-morir\/#organizationLogo"},"sameAs":["https:\/\/facebook.com\/eldigitaldeasturias","https:\/\/www.youtube.com\/channel\/UCZP-2wLEB9Rv6erhFmqVnvg"],"address":{"@id":"https:\/\/www.eldigitaldeasturias.com\/noticias\/#postaladdress","@type":"PostalAddress","streetAddress":"san antonio 4,","postalCode":"33430","addressLocality":"Cand\u00e1s","addressRegion":"Asturias","addressCountry":"ES"}},{"@type":"Person","@id":"https:\/\/www.eldigitaldeasturias.com\/noticias\/author\/admin\/#author","url":"https:\/\/www.eldigitaldeasturias.com\/noticias\/author\/admin\/","name":"El Digital de Asturias","image":{"@type":"ImageObject","@id":"https:\/\/www.eldigitaldeasturias.com\/noticias\/ser-fotografo-de-bodas-en-2019-adaptarse-o-morir\/#authorImage","url":"https:\/\/www.eldigitaldeasturias.com\/noticias\/wp-content\/litespeed\/avatar\/18677e78aa0546b92d9dbf31ec7d7668.jpg?ver=1776685526","width":96,"height":96,"caption":"El Digital de Asturias"}},{"@type":"WebPage","@id":"https:\/\/www.eldigitaldeasturias.com\/noticias\/ser-fotografo-de-bodas-en-2019-adaptarse-o-morir\/#webpage","url":"https:\/\/www.eldigitaldeasturias.com\/noticias\/ser-fotografo-de-bodas-en-2019-adaptarse-o-morir\/","name":"Ser fot\u00f3grafo de bodas en 2019: Adaptarse o morir - El Digital de Asturias","description":"En la \u00faltima d\u00e9cada, el sector empresarial y comercial ha evolucionado a pasos agigantados. Hay muchos empresarios que se han adaptado a los nuevos tiempos, pero otros que se han quedado en el camino. Por ello, todos aquellos emprendedores, aut\u00f3nomos y empresarios que siguen al pie del ca\u00f1\u00f3n, deber\u00edan tomar ejemplo y continuar su expansi\u00f3n","inLanguage":"es-ES","isPartOf":{"@id":"https:\/\/www.eldigitaldeasturias.com\/noticias\/#website"},"breadcrumb":{"@id":"https:\/\/www.eldigitaldeasturias.com\/noticias\/ser-fotografo-de-bodas-en-2019-adaptarse-o-morir\/#breadcrumblist"},"author":{"@id":"https:\/\/www.eldigitaldeasturias.com\/noticias\/author\/admin\/#author"},"creator":{"@id":"https:\/\/www.eldigitaldeasturias.com\/noticias\/author\/admin\/#author"},"image":{"@type":"ImageObject","url":"https:\/\/www.eldigitaldeasturias.com\/noticias\/wp-content\/uploads\/2019\/05\/fotografo.jpg","@id":"https:\/\/www.eldigitaldeasturias.com\/noticias\/ser-fotografo-de-bodas-en-2019-adaptarse-o-morir\/#mainImage","width":750,"height":369},"primaryImageOfPage":{"@id":"https:\/\/www.eldigitaldeasturias.com\/noticias\/ser-fotografo-de-bodas-en-2019-adaptarse-o-morir\/#mainImage"},"datePublished":"2019-05-15T14:39:20+02:00","dateModified":"2019-05-15T14:42:08+02:00"},{"@type":"WebSite","@id":"https:\/\/www.eldigitaldeasturias.com\/noticias\/#website","url":"https:\/\/www.eldigitaldeasturias.com\/noticias\/","name":"El Digital de Asturias - Diario de actualidad y noticias","alternateName":"El Digital de Asturias - Diario de actualidad y noticias","description":"Hemeroteca","inLanguage":"es-ES","publisher":{"@id":"https:\/\/www.eldigitaldeasturias.com\/noticias\/#organization"}}]},"og:locale":"es_ES","og:site_name":"El Digital de Asturias","og:type":"article","og:title":"Ser fot\u00f3grafo de bodas en 2019: Adaptarse o morir - El Digital de Asturias","og:description":"En la \u00faltima d\u00e9cada, el sector empresarial y comercial ha evolucionado a pasos agigantados. Hay muchos empresarios que se han adaptado a los nuevos tiempos, pero otros que se han quedado en el camino. Por ello, todos aquellos emprendedores, aut\u00f3nomos y empresarios que siguen al pie del ca\u00f1\u00f3n, deber\u00edan tomar ejemplo y continuar su expansi\u00f3n","og:url":"https:\/\/www.eldigitaldeasturias.com\/noticias\/ser-fotografo-de-bodas-en-2019-adaptarse-o-morir\/","og:image":"https:\/\/www.eldigitaldeasturias.com\/noticias\/wp-content\/uploads\/2019\/05\/fotografo.jpg","og:image:secure_url":"https:\/\/www.eldigitaldeasturias.com\/noticias\/wp-content\/uploads\/2019\/05\/fotografo.jpg","og:image:width":750,"og:image:height":369,"article:tag":["negocios y empresas"],"article:published_time":"2019-05-15T14:39:20+00:00","article:modified_time":"2019-05-15T14:42:08+00:00","article:publisher":"https:\/\/facebook.com\/eldigitaldeasturias","twitter:card":"summary_large_image","twitter:title":"Ser fot\u00f3grafo de bodas en 2019: Adaptarse o morir - El Digital de Asturias","twitter:description":"En la \u00faltima d\u00e9cada, el sector empresarial y comercial ha evolucionado a pasos agigantados. Hay muchos empresarios que se han adaptado a los nuevos tiempos, pero otros que se han quedado en el camino. Por ello, todos aquellos emprendedores, aut\u00f3nomos y empresarios que siguen al pie del ca\u00f1\u00f3n, deber\u00edan tomar ejemplo y continuar su expansi\u00f3n","twitter:image":"https:\/\/www.eldigitaldeasturias.com\/noticias\/wp-content\/uploads\/2019\/05\/fotografo.jpg","twitter:label1":"Escrito por","twitter:data1":"El Digital de Asturias","twitter:label2":"Tiempo de lectura estimado","twitter:data2":"4 minutos"},"aioseo_meta_data":{"post_id":"1027435","title":null,"description":null,"keywords":null,"keyphrases":null,"primary_term":null,"canonical_url":null,"og_title":null,"og_description":null,"og_object_type":"default","og_image_type":"default","og_image_url":null,"og_image_width":null,"og_image_height":null,"og_image_custom_url":null,"og_image_custom_fields":null,"og_video":null,"og_custom_url":null,"og_article_section":null,"og_article_tags":null,"twitter_use_og":false,"twitter_card":"default","twitter_image_type":"default","twitter_image_url":null,"twitter_image_custom_url":null,"twitter_image_custom_fields":null,"twitter_title":null,"twitter_description":null,"schema":{"blockGraphs":[],"customGraphs":[],"default":{"data":{"Article":[],"Course":[],"Dataset":[],"FAQPage":[],"Movie":[],"Person":[],"Product":[],"ProductReview":[],"Car":[],"Recipe":[],"Service":[],"SoftwareApplication":[],"WebPage":[]},"graphName":"","isEnabled":true},"graphs":[],"defaultGraph":"","defaultPostTypeGraph":""},"schema_type":null,"schema_type_options":null,"pillar_content":false,"robots_default":true,"robots_noindex":false,"robots_noarchive":false,"robots_nosnippet":false,"robots_nofollow":false,"robots_noimageindex":false,"robots_noodp":false,"robots_notranslate":false,"robots_max_snippet":null,"robots_max_videopreview":null,"robots_max_imagepreview":"large","priority":null,"frequency":null,"local_seo":null,"seo_analyzer_scan_date":"2025-10-18 05:26:08","breadcrumb_settings":null,"limit_modified_date":false,"open_ai":null,"ai":null,"created":"2020-12-21 11:11:48","updated":"2025-10-18 05:26:08"},"aioseo_breadcrumb":"<div class=\"aioseo-breadcrumbs\"><span class=\"aioseo-breadcrumb\">\n\t<a href=\"https:\/\/www.eldigitaldeasturias.com\/noticias\" title=\"Home\">Home<\/a>\n<\/span><span class=\"aioseo-breadcrumb-separator\">\u2013<\/span><span class=\"aioseo-breadcrumb\">\n\t<a href=\"https:\/\/www.eldigitaldeasturias.com\/noticias\/category\/negocios-y-empresas\/\" title=\"Negocios y Empresas\">Negocios y Empresas<\/a>\n<\/span><span class=\"aioseo-breadcrumb-separator\">\u2013<\/span><span class=\"aioseo-breadcrumb\">\n\t<a href=\"https:\/\/www.eldigitaldeasturias.com\/noticias\/ser-fotografo-de-bodas-en-2019-adaptarse-o-morir\/\" title=\"Ser fot\u00f3grafo de bodas en 2019: Adaptarse o morir\">Ser fot\u00f3grafo de bodas en 2019: Adaptarse o morir<\/a>\n<\/span><\/div>","aioseo_breadcrumb_json":[{"label":"Home","link":"https:\/\/www.eldigitaldeasturias.com\/noticias"},{"label":"Negocios y Empresas","link":"https:\/\/www.eldigitaldeasturias.com\/noticias\/category\/negocios-y-empresas\/"},{"label":"Ser fot\u00f3grafo de bodas en 2019: Adaptarse o morir","link":"https:\/\/www.eldigitaldeasturias.com\/noticias\/ser-fotografo-de-bodas-en-2019-adaptarse-o-morir\/"}],"_links":{"self":[{"href":"https:\/\/www.eldigitaldeasturias.com\/noticias\/wp-json\/wp\/v2\/posts\/1027435","targetHints":{"allow":["GET"]}}],"collection":[{"href":"https:\/\/www.eldigitaldeasturias.com\/noticias\/wp-json\/wp\/v2\/posts"}],"about":[{"href":"https:\/\/www.eldigitaldeasturias.com\/noticias\/wp-json\/wp\/v2\/types\/post"}],"author":[{"embeddable":true,"href":"https:\/\/www.eldigitaldeasturias.com\/noticias\/wp-json\/wp\/v2\/users\/1"}],"replies":[{"embeddable":true,"href":"https:\/\/www.eldigitaldeasturias.com\/noticias\/wp-json\/wp\/v2\/comments?post=1027435"}],"version-history":[{"count":0,"href":"https:\/\/www.eldigitaldeasturias.com\/noticias\/wp-json\/wp\/v2\/posts\/1027435\/revisions"}],"wp:featuredmedia":[{"embeddable":true,"href":"https:\/\/www.eldigitaldeasturias.com\/noticias\/wp-json\/wp\/v2\/media\/1027436"}],"wp:attachment":[{"href":"https:\/\/www.eldigitaldeasturias.com\/noticias\/wp-json\/wp\/v2\/media?parent=1027435"}],"wp:term":[{"taxonomy":"category","embeddable":true,"href":"https:\/\/www.eldigitaldeasturias.com\/noticias\/wp-json\/wp\/v2\/categories?post=1027435"},{"taxonomy":"post_tag","embeddable":true,"href":"https:\/\/www.eldigitaldeasturias.com\/noticias\/wp-json\/wp\/v2\/tags?post=1027435"}],"curies":[{"name":"wp","href":"https:\/\/api.w.org\/{rel}","templated":true}]}}