{"id":1027390,"date":"2019-05-14T17:34:04","date_gmt":"2019-05-14T17:34:04","guid":{"rendered":"https:\/\/www.eldigitaldeasturias.com\/noticias\/?p=1027390"},"modified":"2019-05-14T17:34:04","modified_gmt":"2019-05-14T17:34:04","slug":"novak-djokovic-lidera-el-ranking-atp","status":"publish","type":"post","link":"https:\/\/www.eldigitaldeasturias.com\/noticias\/novak-djokovic-lidera-el-ranking-atp\/","title":{"rendered":"Novak Djokovic lidera el r\u00e1nking ATP"},"content":{"rendered":"<p><img loading=\"lazy\" decoding=\"async\" class=\"alignleft size-medium wp-image-978237\" src=\"https:\/\/www.eldigitaldeasturias.com\/noticias\/wp-content\/uploads\/2018\/04\/tennis-923659_960_720-360x270.jpg\" alt=\"\" width=\"360\" height=\"270\" srcset=\"https:\/\/www.eldigitaldeasturias.com\/noticias\/wp-content\/uploads\/2018\/04\/tennis-923659_960_720-360x270.jpg 360w, https:\/\/www.eldigitaldeasturias.com\/noticias\/wp-content\/uploads\/2018\/04\/tennis-923659_960_720-400x300.jpg 400w, https:\/\/www.eldigitaldeasturias.com\/noticias\/wp-content\/uploads\/2018\/04\/tennis-923659_960_720-768x576.jpg 768w, https:\/\/www.eldigitaldeasturias.com\/noticias\/wp-content\/uploads\/2018\/04\/tennis-923659_960_720-640x480.jpg 640w, https:\/\/www.eldigitaldeasturias.com\/noticias\/wp-content\/uploads\/2018\/04\/tennis-923659_960_720.jpg 960w, https:\/\/www.eldigitaldeasturias.com\/noticias\/wp-content\/uploads\/2018\/04\/tennis-923659_960_720-20x15.jpg 20w\" sizes=\"auto, (max-width: 360px) 100vw, 360px\" \/>Stuttgart, 13 may (dpa) &#8211; El talento alem\u00e1n Alexander Zverev cay\u00f3 al n\u00famero cinco del r\u00e1nking mundial de tenis de la ATP debido a los malos resultados cosechados en los \u00faltimos torneos, seg\u00fan la clasificaci\u00f3n de los mejores tenistas del circuito publicada hoy.<\/p>\n<p>As\u00ed, el jugador de Hamburgo de 22 a\u00f1os comenzar\u00e1 el torneo de Roma como la quinta raqueta del mundo, mientras que solo hace dos semanas ocupaba la tercera posici\u00f3n en el r\u00e1nking. El austriaco Dominic Thiem super\u00f3 al tenista alem\u00e1n.<\/p>\n<p>Zverev no pudo repetir sus buenas actuaciones en arcilla de 2018 y fue eliminado en Madrid el viernes pasado como campe\u00f3n defensor en los cuartos de final.<\/p>\n<p>El ganador del torneo de Madrid, Novak Djokovic, lidera el r\u00e1nking mundial por delante de Rafael Nadal y Roger Federer.<\/p>\n<p>En categor\u00eda femenina, la actual campeona de Wimbledon, la alemana Angelique Kerber, subi\u00f3 del cuarto al tercer lugar a pesar de su lesi\u00f3n en el tobillo.<\/p>\n<p>La tenista de Kiel, de 31 a\u00f1os, se retir\u00f3 antes de su partido de segunda ronda en Madrid debido a la lesi\u00f3n, aunque en el a\u00f1o anterior no hab\u00eda participado en el torneo de la capital espa\u00f1ola.<\/p>\n","protected":false},"excerpt":{"rendered":"<p>Stuttgart, 13 may (dpa) &#8211; El talento alem\u00e1n Alexander Zverev cay\u00f3 al n\u00famero cinco del r\u00e1nking mundial de tenis de la ATP debido a los malos resultados cosechados en los \u00faltimos torneos, seg\u00fan la clasificaci\u00f3n de los mejores tenistas del circuito publicada hoy. As\u00ed, el jugador de Hamburgo de 22 a\u00f1os comenzar\u00e1 el torneo de [&hellip;]<\/p>\n","protected":false},"author":1,"featured_media":978237,"comment_status":"closed","ping_status":"closed","sticky":false,"template":"","format":"standard","meta":{"footnotes":""},"categories":[190],"tags":[],"class_list":["post-1027390","post","type-post","status-publish","format-standard","has-post-thumbnail","hentry","category-deportes"],"aioseo_notices":[],"aioseo_head":"\n\t\t<!-- All in One SEO Pro 4.9.6.2 - aioseo.com -->\n\t<meta name=\"description\" content=\"Stuttgart, 13 may (dpa) - El talento alem\u00e1n Alexander Zverev cay\u00f3 al n\u00famero cinco del r\u00e1nking mundial de tenis de la ATP debido a los malos resultados cosechados en los \u00faltimos torneos, seg\u00fan la clasificaci\u00f3n de los mejores tenistas del circuito publicada hoy. As\u00ed, el jugador de Hamburgo de 22 a\u00f1os comenzar\u00e1 el torneo de\" \/>\n\t<meta name=\"robots\" content=\"max-image-preview:large\" \/>\n\t<meta name=\"author\" content=\"El Digital de Asturias\"\/>\n\t<meta name=\"google-site-verification\" content=\"UA-38556648-1\" \/>\n\t<meta name=\"msvalidate.01\" content=\"7dfe9f3f1b24437ab69f4f2559babe99\" \/>\n\t<meta name=\"keywords\" content=\"deportes\" \/>\n\t<link rel=\"canonical\" href=\"https:\/\/www.eldigitaldeasturias.com\/noticias\/novak-djokovic-lidera-el-ranking-atp\/\" \/>\n\t<meta name=\"generator\" content=\"All in One SEO Pro (AIOSEO) 4.9.6.2\" \/>\n\t\t<meta property=\"og:locale\" content=\"es_ES\" \/>\n\t\t<meta property=\"og:site_name\" content=\"El Digital de Asturias\" \/>\n\t\t<meta property=\"og:type\" content=\"article\" \/>\n\t\t<meta property=\"og:title\" content=\"Novak Djokovic lidera el r\u00e1nking ATP - El Digital de Asturias\" \/>\n\t\t<meta property=\"og:description\" content=\"Stuttgart, 13 may (dpa) - El talento alem\u00e1n Alexander Zverev cay\u00f3 al n\u00famero cinco del r\u00e1nking mundial de tenis de la ATP debido a los malos resultados cosechados en los \u00faltimos torneos, seg\u00fan la clasificaci\u00f3n de los mejores tenistas del circuito publicada hoy. As\u00ed, el jugador de Hamburgo de 22 a\u00f1os comenzar\u00e1 el torneo de\" \/>\n\t\t<meta property=\"og:url\" content=\"https:\/\/www.eldigitaldeasturias.com\/noticias\/novak-djokovic-lidera-el-ranking-atp\/\" \/>\n\t\t<meta property=\"og:image\" content=\"https:\/\/www.eldigitaldeasturias.com\/noticias\/wp-content\/uploads\/2018\/04\/tennis-923659_960_720.jpg\" \/>\n\t\t<meta property=\"og:image:secure_url\" content=\"https:\/\/www.eldigitaldeasturias.com\/noticias\/wp-content\/uploads\/2018\/04\/tennis-923659_960_720.jpg\" \/>\n\t\t<meta property=\"og:image:width\" content=\"960\" \/>\n\t\t<meta property=\"og:image:height\" content=\"720\" \/>\n\t\t<meta property=\"article:tag\" content=\"deportes\" \/>\n\t\t<meta property=\"article:published_time\" content=\"2019-05-14T17:34:04+00:00\" \/>\n\t\t<meta property=\"article:modified_time\" content=\"2019-05-14T17:34:04+00:00\" \/>\n\t\t<meta property=\"article:publisher\" content=\"https:\/\/facebook.com\/eldigitaldeasturias\" \/>\n\t\t<meta name=\"twitter:card\" content=\"summary_large_image\" \/>\n\t\t<meta name=\"twitter:title\" content=\"Novak Djokovic lidera el r\u00e1nking ATP - El Digital de Asturias\" \/>\n\t\t<meta name=\"twitter:description\" content=\"Stuttgart, 13 may (dpa) - El talento alem\u00e1n Alexander Zverev cay\u00f3 al n\u00famero cinco del r\u00e1nking mundial de tenis de la ATP debido a los malos resultados cosechados en los \u00faltimos torneos, seg\u00fan la clasificaci\u00f3n de los mejores tenistas del circuito publicada hoy. As\u00ed, el jugador de Hamburgo de 22 a\u00f1os comenzar\u00e1 el torneo de\" \/>\n\t\t<meta name=\"twitter:image\" content=\"https:\/\/www.eldigitaldeasturias.com\/noticias\/wp-content\/uploads\/2018\/04\/tennis-923659_960_720.jpg\" \/>\n\t\t<meta name=\"twitter:label1\" content=\"Escrito por\" \/>\n\t\t<meta name=\"twitter:data1\" content=\"El Digital de Asturias\" \/>\n\t\t<meta name=\"twitter:label2\" content=\"Tiempo de lectura estimado\" \/>\n\t\t<meta name=\"twitter:data2\" content=\"1 minuto\" \/>\n\t\t<script type=\"application\/ld+json\" class=\"aioseo-schema\">\n\t\t\t{\"@context\":\"https:\\\/\\\/schema.org\",\"@graph\":[{\"@type\":\"BlogPosting\",\"@id\":\"https:\\\/\\\/www.eldigitaldeasturias.com\\\/noticias\\\/novak-djokovic-lidera-el-ranking-atp\\\/#blogposting\",\"name\":\"Novak Djokovic lidera el r\\u00e1nking ATP - El Digital de Asturias\",\"headline\":\"Novak Djokovic lidera el r\\u00e1nking ATP\",\"author\":{\"@id\":\"https:\\\/\\\/www.eldigitaldeasturias.com\\\/noticias\\\/author\\\/admin\\\/#author\"},\"publisher\":{\"@id\":\"https:\\\/\\\/www.eldigitaldeasturias.com\\\/noticias\\\/#organization\"},\"image\":{\"@type\":\"ImageObject\",\"url\":\"https:\\\/\\\/www.eldigitaldeasturias.com\\\/noticias\\\/wp-content\\\/uploads\\\/2018\\\/04\\\/tennis-923659_960_720.jpg\",\"width\":960,\"height\":720},\"datePublished\":\"2019-05-14T17:34:04+02:00\",\"dateModified\":\"2019-05-14T17:34:04+02:00\",\"inLanguage\":\"es-ES\",\"mainEntityOfPage\":{\"@id\":\"https:\\\/\\\/www.eldigitaldeasturias.com\\\/noticias\\\/novak-djokovic-lidera-el-ranking-atp\\\/#webpage\"},\"isPartOf\":{\"@id\":\"https:\\\/\\\/www.eldigitaldeasturias.com\\\/noticias\\\/novak-djokovic-lidera-el-ranking-atp\\\/#webpage\"},\"articleSection\":\"Deportes\"},{\"@type\":\"BreadcrumbList\",\"@id\":\"https:\\\/\\\/www.eldigitaldeasturias.com\\\/noticias\\\/novak-djokovic-lidera-el-ranking-atp\\\/#breadcrumblist\",\"itemListElement\":[{\"@type\":\"ListItem\",\"@id\":\"https:\\\/\\\/www.eldigitaldeasturias.com\\\/noticias#listItem\",\"position\":1,\"name\":\"Home\",\"item\":\"https:\\\/\\\/www.eldigitaldeasturias.com\\\/noticias\",\"nextItem\":{\"@type\":\"ListItem\",\"@id\":\"https:\\\/\\\/www.eldigitaldeasturias.com\\\/noticias\\\/category\\\/deportes\\\/#listItem\",\"name\":\"Deportes\"}},{\"@type\":\"ListItem\",\"@id\":\"https:\\\/\\\/www.eldigitaldeasturias.com\\\/noticias\\\/category\\\/deportes\\\/#listItem\",\"position\":2,\"name\":\"Deportes\",\"item\":\"https:\\\/\\\/www.eldigitaldeasturias.com\\\/noticias\\\/category\\\/deportes\\\/\",\"nextItem\":{\"@type\":\"ListItem\",\"@id\":\"https:\\\/\\\/www.eldigitaldeasturias.com\\\/noticias\\\/novak-djokovic-lidera-el-ranking-atp\\\/#listItem\",\"name\":\"Novak Djokovic lidera el r\\u00e1nking ATP\"},\"previousItem\":{\"@type\":\"ListItem\",\"@id\":\"https:\\\/\\\/www.eldigitaldeasturias.com\\\/noticias#listItem\",\"name\":\"Home\"}},{\"@type\":\"ListItem\",\"@id\":\"https:\\\/\\\/www.eldigitaldeasturias.com\\\/noticias\\\/novak-djokovic-lidera-el-ranking-atp\\\/#listItem\",\"position\":3,\"name\":\"Novak Djokovic lidera el r\\u00e1nking ATP\",\"previousItem\":{\"@type\":\"ListItem\",\"@id\":\"https:\\\/\\\/www.eldigitaldeasturias.com\\\/noticias\\\/category\\\/deportes\\\/#listItem\",\"name\":\"Deportes\"}}]},{\"@type\":\"Organization\",\"@id\":\"https:\\\/\\\/www.eldigitaldeasturias.com\\\/noticias\\\/#organization\",\"name\":\"El Digital de Asturias\",\"description\":\"Hemeroteca\",\"url\":\"https:\\\/\\\/www.eldigitaldeasturias.com\\\/noticias\\\/\",\"email\":\"info@eldigitaldeasturias.com\",\"telephone\":\"+34652131393\",\"logo\":{\"@type\":\"ImageObject\",\"url\":\"https:\\\/\\\/www.eldigitaldeasturias.com\\\/noticias\\\/wp-content\\\/uploads\\\/2020\\\/12\\\/EDA.jpg\",\"@id\":\"https:\\\/\\\/www.eldigitaldeasturias.com\\\/noticias\\\/novak-djokovic-lidera-el-ranking-atp\\\/#organizationLogo\",\"width\":649,\"height\":297},\"image\":{\"@id\":\"https:\\\/\\\/www.eldigitaldeasturias.com\\\/noticias\\\/novak-djokovic-lidera-el-ranking-atp\\\/#organizationLogo\"},\"sameAs\":[\"https:\\\/\\\/facebook.com\\\/eldigitaldeasturias\",\"https:\\\/\\\/www.youtube.com\\\/channel\\\/UCZP-2wLEB9Rv6erhFmqVnvg\"],\"address\":{\"@id\":\"https:\\\/\\\/www.eldigitaldeasturias.com\\\/noticias\\\/#postaladdress\",\"@type\":\"PostalAddress\",\"streetAddress\":\"san antonio 4,\",\"postalCode\":\"33430\",\"addressLocality\":\"Cand\\u00e1s\",\"addressRegion\":\"Asturias\",\"addressCountry\":\"ES\"}},{\"@type\":\"Person\",\"@id\":\"https:\\\/\\\/www.eldigitaldeasturias.com\\\/noticias\\\/author\\\/admin\\\/#author\",\"url\":\"https:\\\/\\\/www.eldigitaldeasturias.com\\\/noticias\\\/author\\\/admin\\\/\",\"name\":\"El Digital de Asturias\",\"image\":{\"@type\":\"ImageObject\",\"@id\":\"https:\\\/\\\/www.eldigitaldeasturias.com\\\/noticias\\\/novak-djokovic-lidera-el-ranking-atp\\\/#authorImage\",\"url\":\"https:\\\/\\\/www.eldigitaldeasturias.com\\\/noticias\\\/wp-content\\\/litespeed\\\/avatar\\\/18677e78aa0546b92d9dbf31ec7d7668.jpg?ver=1777290358\",\"width\":96,\"height\":96,\"caption\":\"El Digital de Asturias\"}},{\"@type\":\"WebPage\",\"@id\":\"https:\\\/\\\/www.eldigitaldeasturias.com\\\/noticias\\\/novak-djokovic-lidera-el-ranking-atp\\\/#webpage\",\"url\":\"https:\\\/\\\/www.eldigitaldeasturias.com\\\/noticias\\\/novak-djokovic-lidera-el-ranking-atp\\\/\",\"name\":\"Novak Djokovic lidera el r\\u00e1nking ATP - El Digital de Asturias\",\"description\":\"Stuttgart, 13 may (dpa) - El talento alem\\u00e1n Alexander Zverev cay\\u00f3 al n\\u00famero cinco del r\\u00e1nking mundial de tenis de la ATP debido a los malos resultados cosechados en los \\u00faltimos torneos, seg\\u00fan la clasificaci\\u00f3n de los mejores tenistas del circuito publicada hoy. As\\u00ed, el jugador de Hamburgo de 22 a\\u00f1os comenzar\\u00e1 el torneo de\",\"inLanguage\":\"es-ES\",\"isPartOf\":{\"@id\":\"https:\\\/\\\/www.eldigitaldeasturias.com\\\/noticias\\\/#website\"},\"breadcrumb\":{\"@id\":\"https:\\\/\\\/www.eldigitaldeasturias.com\\\/noticias\\\/novak-djokovic-lidera-el-ranking-atp\\\/#breadcrumblist\"},\"author\":{\"@id\":\"https:\\\/\\\/www.eldigitaldeasturias.com\\\/noticias\\\/author\\\/admin\\\/#author\"},\"creator\":{\"@id\":\"https:\\\/\\\/www.eldigitaldeasturias.com\\\/noticias\\\/author\\\/admin\\\/#author\"},\"image\":{\"@type\":\"ImageObject\",\"url\":\"https:\\\/\\\/www.eldigitaldeasturias.com\\\/noticias\\\/wp-content\\\/uploads\\\/2018\\\/04\\\/tennis-923659_960_720.jpg\",\"@id\":\"https:\\\/\\\/www.eldigitaldeasturias.com\\\/noticias\\\/novak-djokovic-lidera-el-ranking-atp\\\/#mainImage\",\"width\":960,\"height\":720},\"primaryImageOfPage\":{\"@id\":\"https:\\\/\\\/www.eldigitaldeasturias.com\\\/noticias\\\/novak-djokovic-lidera-el-ranking-atp\\\/#mainImage\"},\"datePublished\":\"2019-05-14T17:34:04+02:00\",\"dateModified\":\"2019-05-14T17:34:04+02:00\"},{\"@type\":\"WebSite\",\"@id\":\"https:\\\/\\\/www.eldigitaldeasturias.com\\\/noticias\\\/#website\",\"url\":\"https:\\\/\\\/www.eldigitaldeasturias.com\\\/noticias\\\/\",\"name\":\"El Digital de Asturias - Diario de actualidad y noticias\",\"alternateName\":\"El Digital de Asturias - Diario de actualidad y noticias\",\"description\":\"Hemeroteca\",\"inLanguage\":\"es-ES\",\"publisher\":{\"@id\":\"https:\\\/\\\/www.eldigitaldeasturias.com\\\/noticias\\\/#organization\"}}]}\n\t\t<\/script>\n\t\t<!-- All in One SEO Pro -->\r\n\t\t<title>Novak Djokovic lidera el r\u00e1nking ATP - El Digital de Asturias<\/title>\n\n","aioseo_head_json":{"title":"Novak Djokovic lidera el r\u00e1nking ATP - El Digital de Asturias","description":"Stuttgart, 13 may (dpa) - El talento alem\u00e1n Alexander Zverev cay\u00f3 al n\u00famero cinco del r\u00e1nking mundial de tenis de la ATP debido a los malos resultados cosechados en los \u00faltimos torneos, seg\u00fan la clasificaci\u00f3n de los mejores tenistas del circuito publicada hoy. As\u00ed, el jugador de Hamburgo de 22 a\u00f1os comenzar\u00e1 el torneo de","canonical_url":"https:\/\/www.eldigitaldeasturias.com\/noticias\/novak-djokovic-lidera-el-ranking-atp\/","robots":"max-image-preview:large","keywords":"deportes","webmasterTools":{"google-site-verification":"UA-38556648-1","msvalidate.01":"7dfe9f3f1b24437ab69f4f2559babe99","miscellaneous":""},"schema":{"@context":"https:\/\/schema.org","@graph":[{"@type":"BlogPosting","@id":"https:\/\/www.eldigitaldeasturias.com\/noticias\/novak-djokovic-lidera-el-ranking-atp\/#blogposting","name":"Novak Djokovic lidera el r\u00e1nking ATP - El Digital de Asturias","headline":"Novak Djokovic lidera el r\u00e1nking ATP","author":{"@id":"https:\/\/www.eldigitaldeasturias.com\/noticias\/author\/admin\/#author"},"publisher":{"@id":"https:\/\/www.eldigitaldeasturias.com\/noticias\/#organization"},"image":{"@type":"ImageObject","url":"https:\/\/www.eldigitaldeasturias.com\/noticias\/wp-content\/uploads\/2018\/04\/tennis-923659_960_720.jpg","width":960,"height":720},"datePublished":"2019-05-14T17:34:04+02:00","dateModified":"2019-05-14T17:34:04+02:00","inLanguage":"es-ES","mainEntityOfPage":{"@id":"https:\/\/www.eldigitaldeasturias.com\/noticias\/novak-djokovic-lidera-el-ranking-atp\/#webpage"},"isPartOf":{"@id":"https:\/\/www.eldigitaldeasturias.com\/noticias\/novak-djokovic-lidera-el-ranking-atp\/#webpage"},"articleSection":"Deportes"},{"@type":"BreadcrumbList","@id":"https:\/\/www.eldigitaldeasturias.com\/noticias\/novak-djokovic-lidera-el-ranking-atp\/#breadcrumblist","itemListElement":[{"@type":"ListItem","@id":"https:\/\/www.eldigitaldeasturias.com\/noticias#listItem","position":1,"name":"Home","item":"https:\/\/www.eldigitaldeasturias.com\/noticias","nextItem":{"@type":"ListItem","@id":"https:\/\/www.eldigitaldeasturias.com\/noticias\/category\/deportes\/#listItem","name":"Deportes"}},{"@type":"ListItem","@id":"https:\/\/www.eldigitaldeasturias.com\/noticias\/category\/deportes\/#listItem","position":2,"name":"Deportes","item":"https:\/\/www.eldigitaldeasturias.com\/noticias\/category\/deportes\/","nextItem":{"@type":"ListItem","@id":"https:\/\/www.eldigitaldeasturias.com\/noticias\/novak-djokovic-lidera-el-ranking-atp\/#listItem","name":"Novak Djokovic lidera el r\u00e1nking ATP"},"previousItem":{"@type":"ListItem","@id":"https:\/\/www.eldigitaldeasturias.com\/noticias#listItem","name":"Home"}},{"@type":"ListItem","@id":"https:\/\/www.eldigitaldeasturias.com\/noticias\/novak-djokovic-lidera-el-ranking-atp\/#listItem","position":3,"name":"Novak Djokovic lidera el r\u00e1nking ATP","previousItem":{"@type":"ListItem","@id":"https:\/\/www.eldigitaldeasturias.com\/noticias\/category\/deportes\/#listItem","name":"Deportes"}}]},{"@type":"Organization","@id":"https:\/\/www.eldigitaldeasturias.com\/noticias\/#organization","name":"El Digital de Asturias","description":"Hemeroteca","url":"https:\/\/www.eldigitaldeasturias.com\/noticias\/","email":"info@eldigitaldeasturias.com","telephone":"+34652131393","logo":{"@type":"ImageObject","url":"https:\/\/www.eldigitaldeasturias.com\/noticias\/wp-content\/uploads\/2020\/12\/EDA.jpg","@id":"https:\/\/www.eldigitaldeasturias.com\/noticias\/novak-djokovic-lidera-el-ranking-atp\/#organizationLogo","width":649,"height":297},"image":{"@id":"https:\/\/www.eldigitaldeasturias.com\/noticias\/novak-djokovic-lidera-el-ranking-atp\/#organizationLogo"},"sameAs":["https:\/\/facebook.com\/eldigitaldeasturias","https:\/\/www.youtube.com\/channel\/UCZP-2wLEB9Rv6erhFmqVnvg"],"address":{"@id":"https:\/\/www.eldigitaldeasturias.com\/noticias\/#postaladdress","@type":"PostalAddress","streetAddress":"san antonio 4,","postalCode":"33430","addressLocality":"Cand\u00e1s","addressRegion":"Asturias","addressCountry":"ES"}},{"@type":"Person","@id":"https:\/\/www.eldigitaldeasturias.com\/noticias\/author\/admin\/#author","url":"https:\/\/www.eldigitaldeasturias.com\/noticias\/author\/admin\/","name":"El Digital de Asturias","image":{"@type":"ImageObject","@id":"https:\/\/www.eldigitaldeasturias.com\/noticias\/novak-djokovic-lidera-el-ranking-atp\/#authorImage","url":"https:\/\/www.eldigitaldeasturias.com\/noticias\/wp-content\/litespeed\/avatar\/18677e78aa0546b92d9dbf31ec7d7668.jpg?ver=1777290358","width":96,"height":96,"caption":"El Digital de Asturias"}},{"@type":"WebPage","@id":"https:\/\/www.eldigitaldeasturias.com\/noticias\/novak-djokovic-lidera-el-ranking-atp\/#webpage","url":"https:\/\/www.eldigitaldeasturias.com\/noticias\/novak-djokovic-lidera-el-ranking-atp\/","name":"Novak Djokovic lidera el r\u00e1nking ATP - El Digital de Asturias","description":"Stuttgart, 13 may (dpa) - El talento alem\u00e1n Alexander Zverev cay\u00f3 al n\u00famero cinco del r\u00e1nking mundial de tenis de la ATP debido a los malos resultados cosechados en los \u00faltimos torneos, seg\u00fan la clasificaci\u00f3n de los mejores tenistas del circuito publicada hoy. As\u00ed, el jugador de Hamburgo de 22 a\u00f1os comenzar\u00e1 el torneo de","inLanguage":"es-ES","isPartOf":{"@id":"https:\/\/www.eldigitaldeasturias.com\/noticias\/#website"},"breadcrumb":{"@id":"https:\/\/www.eldigitaldeasturias.com\/noticias\/novak-djokovic-lidera-el-ranking-atp\/#breadcrumblist"},"author":{"@id":"https:\/\/www.eldigitaldeasturias.com\/noticias\/author\/admin\/#author"},"creator":{"@id":"https:\/\/www.eldigitaldeasturias.com\/noticias\/author\/admin\/#author"},"image":{"@type":"ImageObject","url":"https:\/\/www.eldigitaldeasturias.com\/noticias\/wp-content\/uploads\/2018\/04\/tennis-923659_960_720.jpg","@id":"https:\/\/www.eldigitaldeasturias.com\/noticias\/novak-djokovic-lidera-el-ranking-atp\/#mainImage","width":960,"height":720},"primaryImageOfPage":{"@id":"https:\/\/www.eldigitaldeasturias.com\/noticias\/novak-djokovic-lidera-el-ranking-atp\/#mainImage"},"datePublished":"2019-05-14T17:34:04+02:00","dateModified":"2019-05-14T17:34:04+02:00"},{"@type":"WebSite","@id":"https:\/\/www.eldigitaldeasturias.com\/noticias\/#website","url":"https:\/\/www.eldigitaldeasturias.com\/noticias\/","name":"El Digital de Asturias - Diario de actualidad y noticias","alternateName":"El Digital de Asturias - Diario de actualidad y noticias","description":"Hemeroteca","inLanguage":"es-ES","publisher":{"@id":"https:\/\/www.eldigitaldeasturias.com\/noticias\/#organization"}}]},"og:locale":"es_ES","og:site_name":"El Digital de Asturias","og:type":"article","og:title":"Novak Djokovic lidera el r\u00e1nking ATP - El Digital de Asturias","og:description":"Stuttgart, 13 may (dpa) - El talento alem\u00e1n Alexander Zverev cay\u00f3 al n\u00famero cinco del r\u00e1nking mundial de tenis de la ATP debido a los malos resultados cosechados en los \u00faltimos torneos, seg\u00fan la clasificaci\u00f3n de los mejores tenistas del circuito publicada hoy. As\u00ed, el jugador de Hamburgo de 22 a\u00f1os comenzar\u00e1 el torneo de","og:url":"https:\/\/www.eldigitaldeasturias.com\/noticias\/novak-djokovic-lidera-el-ranking-atp\/","og:image":"https:\/\/www.eldigitaldeasturias.com\/noticias\/wp-content\/uploads\/2018\/04\/tennis-923659_960_720.jpg","og:image:secure_url":"https:\/\/www.eldigitaldeasturias.com\/noticias\/wp-content\/uploads\/2018\/04\/tennis-923659_960_720.jpg","og:image:width":960,"og:image:height":720,"article:tag":["deportes"],"article:published_time":"2019-05-14T17:34:04+00:00","article:modified_time":"2019-05-14T17:34:04+00:00","article:publisher":"https:\/\/facebook.com\/eldigitaldeasturias","twitter:card":"summary_large_image","twitter:title":"Novak Djokovic lidera el r\u00e1nking ATP - El Digital de Asturias","twitter:description":"Stuttgart, 13 may (dpa) - El talento alem\u00e1n Alexander Zverev cay\u00f3 al n\u00famero cinco del r\u00e1nking mundial de tenis de la ATP debido a los malos resultados cosechados en los \u00faltimos torneos, seg\u00fan la clasificaci\u00f3n de los mejores tenistas del circuito publicada hoy. As\u00ed, el jugador de Hamburgo de 22 a\u00f1os comenzar\u00e1 el torneo de","twitter:image":"https:\/\/www.eldigitaldeasturias.com\/noticias\/wp-content\/uploads\/2018\/04\/tennis-923659_960_720.jpg","twitter:label1":"Escrito por","twitter:data1":"El Digital de Asturias","twitter:label2":"Tiempo de lectura estimado","twitter:data2":"1 minuto"},"aioseo_meta_data":{"post_id":"1027390","title":null,"description":null,"keywords":null,"keyphrases":null,"primary_term":null,"canonical_url":null,"og_title":null,"og_description":null,"og_object_type":"default","og_image_type":"default","og_image_url":null,"og_image_width":null,"og_image_height":null,"og_image_custom_url":null,"og_image_custom_fields":null,"og_video":null,"og_custom_url":null,"og_article_section":null,"og_article_tags":null,"twitter_use_og":false,"twitter_card":"default","twitter_image_type":"default","twitter_image_url":null,"twitter_image_custom_url":null,"twitter_image_custom_fields":null,"twitter_title":null,"twitter_description":null,"schema":{"blockGraphs":[],"customGraphs":[],"default":{"data":{"Article":[],"Course":[],"Dataset":[],"FAQPage":[],"Movie":[],"Person":[],"Product":[],"ProductReview":[],"Car":[],"Recipe":[],"Service":[],"SoftwareApplication":[],"WebPage":[]},"graphName":"","isEnabled":true},"graphs":[],"defaultGraph":"","defaultPostTypeGraph":""},"schema_type":null,"schema_type_options":null,"pillar_content":false,"robots_default":true,"robots_noindex":false,"robots_noarchive":false,"robots_nosnippet":false,"robots_nofollow":false,"robots_noimageindex":false,"robots_noodp":false,"robots_notranslate":false,"robots_max_snippet":null,"robots_max_videopreview":null,"robots_max_imagepreview":"large","priority":null,"frequency":null,"local_seo":null,"seo_analyzer_scan_date":"2025-10-18 05:18:10","breadcrumb_settings":null,"limit_modified_date":false,"open_ai":null,"ai":null,"created":"2020-12-21 11:11:49","updated":"2025-10-18 05:18:10"},"aioseo_breadcrumb":"<div class=\"aioseo-breadcrumbs\"><span class=\"aioseo-breadcrumb\">\n\t<a href=\"https:\/\/www.eldigitaldeasturias.com\/noticias\" title=\"Home\">Home<\/a>\n<\/span><span class=\"aioseo-breadcrumb-separator\">\u2013<\/span><span class=\"aioseo-breadcrumb\">\n\t<a href=\"https:\/\/www.eldigitaldeasturias.com\/noticias\/category\/deportes\/\" title=\"Deportes\">Deportes<\/a>\n<\/span><span class=\"aioseo-breadcrumb-separator\">\u2013<\/span><span class=\"aioseo-breadcrumb\">\n\t<a href=\"https:\/\/www.eldigitaldeasturias.com\/noticias\/novak-djokovic-lidera-el-ranking-atp\/\" title=\"Novak Djokovic lidera el r\u00e1nking ATP\">Novak Djokovic lidera el r\u00e1nking ATP<\/a>\n<\/span><\/div>","aioseo_breadcrumb_json":[{"label":"Home","link":"https:\/\/www.eldigitaldeasturias.com\/noticias"},{"label":"Deportes","link":"https:\/\/www.eldigitaldeasturias.com\/noticias\/category\/deportes\/"},{"label":"Novak Djokovic lidera el r\u00e1nking ATP","link":"https:\/\/www.eldigitaldeasturias.com\/noticias\/novak-djokovic-lidera-el-ranking-atp\/"}],"_links":{"self":[{"href":"https:\/\/www.eldigitaldeasturias.com\/noticias\/wp-json\/wp\/v2\/posts\/1027390","targetHints":{"allow":["GET"]}}],"collection":[{"href":"https:\/\/www.eldigitaldeasturias.com\/noticias\/wp-json\/wp\/v2\/posts"}],"about":[{"href":"https:\/\/www.eldigitaldeasturias.com\/noticias\/wp-json\/wp\/v2\/types\/post"}],"author":[{"embeddable":true,"href":"https:\/\/www.eldigitaldeasturias.com\/noticias\/wp-json\/wp\/v2\/users\/1"}],"replies":[{"embeddable":true,"href":"https:\/\/www.eldigitaldeasturias.com\/noticias\/wp-json\/wp\/v2\/comments?post=1027390"}],"version-history":[{"count":0,"href":"https:\/\/www.eldigitaldeasturias.com\/noticias\/wp-json\/wp\/v2\/posts\/1027390\/revisions"}],"wp:featuredmedia":[{"embeddable":true,"href":"https:\/\/www.eldigitaldeasturias.com\/noticias\/wp-json\/wp\/v2\/media\/978237"}],"wp:attachment":[{"href":"https:\/\/www.eldigitaldeasturias.com\/noticias\/wp-json\/wp\/v2\/media?parent=1027390"}],"wp:term":[{"taxonomy":"category","embeddable":true,"href":"https:\/\/www.eldigitaldeasturias.com\/noticias\/wp-json\/wp\/v2\/categories?post=1027390"},{"taxonomy":"post_tag","embeddable":true,"href":"https:\/\/www.eldigitaldeasturias.com\/noticias\/wp-json\/wp\/v2\/tags?post=1027390"}],"curies":[{"name":"wp","href":"https:\/\/api.w.org\/{rel}","templated":true}]}}