{"id":1027301,"date":"2019-05-13T20:20:52","date_gmt":"2019-05-13T20:20:52","guid":{"rendered":"https:\/\/www.eldigitaldeasturias.com\/noticias\/?p=1027301"},"modified":"2019-05-13T20:20:52","modified_gmt":"2019-05-13T20:20:52","slug":"hondo-admite-que-se-dopo-gran-error-de-mi-vida","status":"publish","type":"post","link":"https:\/\/www.eldigitaldeasturias.com\/noticias\/hondo-admite-que-se-dopo-gran-error-de-mi-vida\/","title":{"rendered":"Hondo admite que se dop\u00f3: \u00abGran error de mi vida\u00bb"},"content":{"rendered":"<p><img loading=\"lazy\" decoding=\"async\" class=\"alignleft size-medium wp-image-1027302\" src=\"https:\/\/www.eldigitaldeasturias.com\/noticias\/wp-content\/uploads\/2019\/05\/Hondo-210x320.jpg\" alt=\"\" width=\"210\" height=\"320\" srcset=\"https:\/\/www.eldigitaldeasturias.com\/noticias\/wp-content\/uploads\/2019\/05\/Hondo-210x320.jpg 210w, https:\/\/www.eldigitaldeasturias.com\/noticias\/wp-content\/uploads\/2019\/05\/Hondo-315x480.jpg 315w, https:\/\/www.eldigitaldeasturias.com\/noticias\/wp-content\/uploads\/2019\/05\/Hondo.jpg 443w\" sizes=\"auto, (max-width: 210px) 100vw, 210px\" \/>Hamburgo, 13 may (dpa) \u2013 El ex ciclista profesional alem\u00e1n Danilo Hondo, envuelto en la presunta red de dopaje del m\u00e9dico deportivo Mark S., fue el primer atleta del pa\u00eds que reconoci\u00f3 haberse sometido al dopaje sangu\u00edneo, en una entrevista emitida en la noche del domingo por la televisi\u00f3n p\u00fablica germana ARD.<\/p>\n<p>Hondo admiti\u00f3 en el programa \u00abSportschau\u00bb haber cometido dopaje sangu\u00edneo con la colaboraci\u00f3n del m\u00e9dico de Erfurt en 2011.<\/p>\n<p>\u00abTuve un momento de debilidad\u00bb, dijo Hondo. A la pregunta de por qu\u00e9 se sinti\u00f3 d\u00e9bil, el ex ciclista respondi\u00f3: \u00abProbablemente me har\u00e9 esta pregunta toda mi vida\u00bb, reconoci\u00f3.<\/p>\n<p>Mark S. le hab\u00eda \u00abconvencido f\u00e1cilmente con resultados incre\u00edbles\u00bb, fue una de las explicaciones de Hondo. \u00abFue entonces cuando, por desgracia, comet\u00ed el gran error de mi vida y me cre\u00ed su historia\u00bb, agreg\u00f3.<\/p>\n<p>Las declaraciones de Hondo tuvieron consecuencias la misma noche del domingo, cuando la Federaci\u00f3n Suiza de Ciclismo destituy\u00f3 a Hondo como entrenador nacional, seg\u00fan confirm\u00f3 la propia entidad que fue informada por el propio ex corredor por la ma\u00f1ana, antes de la emisi\u00f3n de la entrevista: \u00abTodo el mundo est\u00e1 conmocionado, por supuesto\u00bb.<\/p>\n<p>El alem\u00e1n, que viv\u00eda en Suiza desde hac\u00eda muchos a\u00f1os, asumi\u00f3 el cargo despu\u00e9s de los Juegos Ol\u00edmpicos de 2016 de R\u00edo de Janeiro. En 2014 puso punto final a su carrera despu\u00e9s de 18 a\u00f1os en activo.<\/p>\n<p>Como miembro del equipo Gerolsteiner, ganador de dos etapas del Giro, fue suspendido durante dos a\u00f1os por dopaje en 2005. Siempre neg\u00f3 haberlo cometido de forma voluntaria, a pesar de que se hallaron trazas de Carphedon en su orina.<\/p>\n<p>En aquel caso tuvo que enfrentarse a una larga batalla legal, en la que incluso el microbi\u00f3logo Werner Franke, conocido como un cr\u00edtico sin fisuras del dopaje, defendi\u00f3 su causa y expres\u00f3 p\u00fablicamente sus dudas sobre su culpabilidad.<\/p>\n<p><strong><em>Foto: Arne Dedert\/dpa <\/em><\/strong><\/p>\n","protected":false},"excerpt":{"rendered":"<p>Hamburgo, 13 may (dpa) \u2013 El ex ciclista profesional alem\u00e1n Danilo Hondo, envuelto en la presunta red de dopaje del m\u00e9dico deportivo Mark S., fue el primer atleta del pa\u00eds que reconoci\u00f3 haberse sometido al dopaje sangu\u00edneo, en una entrevista emitida en la noche del domingo por la televisi\u00f3n p\u00fablica germana ARD. Hondo admiti\u00f3 en [&hellip;]<\/p>\n","protected":false},"author":1,"featured_media":1027302,"comment_status":"closed","ping_status":"closed","sticky":false,"template":"","format":"standard","meta":{"footnotes":""},"categories":[190],"tags":[],"class_list":["post-1027301","post","type-post","status-publish","format-standard","has-post-thumbnail","hentry","category-deportes"],"aioseo_notices":[],"aioseo_head":"\n\t\t<!-- All in One SEO Pro 4.9.6.2 - aioseo.com -->\n\t<meta name=\"description\" content=\"Hamburgo, 13 may (dpa) \u2013 El ex ciclista profesional alem\u00e1n Danilo Hondo, envuelto en la presunta red de dopaje del m\u00e9dico deportivo Mark S., fue el primer atleta del pa\u00eds que reconoci\u00f3 haberse sometido al dopaje sangu\u00edneo, en una entrevista emitida en la noche del domingo por la televisi\u00f3n p\u00fablica germana ARD. Hondo admiti\u00f3 en\" \/>\n\t<meta name=\"robots\" content=\"max-image-preview:large\" \/>\n\t<meta name=\"author\" content=\"El Digital de Asturias\"\/>\n\t<meta name=\"google-site-verification\" content=\"UA-38556648-1\" \/>\n\t<meta name=\"msvalidate.01\" content=\"7dfe9f3f1b24437ab69f4f2559babe99\" \/>\n\t<meta name=\"keywords\" content=\"deportes\" \/>\n\t<link rel=\"canonical\" href=\"https:\/\/www.eldigitaldeasturias.com\/noticias\/hondo-admite-que-se-dopo-gran-error-de-mi-vida\/\" \/>\n\t<meta name=\"generator\" content=\"All in One SEO Pro (AIOSEO) 4.9.6.2\" \/>\n\t\t<meta property=\"og:locale\" content=\"es_ES\" \/>\n\t\t<meta property=\"og:site_name\" content=\"El Digital de Asturias\" \/>\n\t\t<meta property=\"og:type\" content=\"article\" \/>\n\t\t<meta property=\"og:title\" content=\"Hondo admite que se dop\u00f3: \u00abGran error de mi vida\u00bb - El Digital de Asturias\" \/>\n\t\t<meta property=\"og:description\" content=\"Hamburgo, 13 may (dpa) \u2013 El ex ciclista profesional alem\u00e1n Danilo Hondo, envuelto en la presunta red de dopaje del m\u00e9dico deportivo Mark S., fue el primer atleta del pa\u00eds que reconoci\u00f3 haberse sometido al dopaje sangu\u00edneo, en una entrevista emitida en la noche del domingo por la televisi\u00f3n p\u00fablica germana ARD. Hondo admiti\u00f3 en\" \/>\n\t\t<meta property=\"og:url\" content=\"https:\/\/www.eldigitaldeasturias.com\/noticias\/hondo-admite-que-se-dopo-gran-error-de-mi-vida\/\" \/>\n\t\t<meta property=\"og:image\" content=\"https:\/\/www.eldigitaldeasturias.com\/noticias\/wp-content\/uploads\/2019\/05\/Hondo.jpg\" \/>\n\t\t<meta property=\"og:image:secure_url\" content=\"https:\/\/www.eldigitaldeasturias.com\/noticias\/wp-content\/uploads\/2019\/05\/Hondo.jpg\" \/>\n\t\t<meta property=\"og:image:width\" content=\"443\" \/>\n\t\t<meta property=\"og:image:height\" content=\"675\" \/>\n\t\t<meta property=\"article:tag\" content=\"deportes\" \/>\n\t\t<meta property=\"article:published_time\" content=\"2019-05-13T20:20:52+00:00\" \/>\n\t\t<meta property=\"article:modified_time\" content=\"2019-05-13T20:20:52+00:00\" \/>\n\t\t<meta property=\"article:publisher\" content=\"https:\/\/facebook.com\/eldigitaldeasturias\" \/>\n\t\t<meta name=\"twitter:card\" content=\"summary_large_image\" \/>\n\t\t<meta name=\"twitter:title\" content=\"Hondo admite que se dop\u00f3: \u00abGran error de mi vida\u00bb - El Digital de Asturias\" \/>\n\t\t<meta name=\"twitter:description\" content=\"Hamburgo, 13 may (dpa) \u2013 El ex ciclista profesional alem\u00e1n Danilo Hondo, envuelto en la presunta red de dopaje del m\u00e9dico deportivo Mark S., fue el primer atleta del pa\u00eds que reconoci\u00f3 haberse sometido al dopaje sangu\u00edneo, en una entrevista emitida en la noche del domingo por la televisi\u00f3n p\u00fablica germana ARD. Hondo admiti\u00f3 en\" \/>\n\t\t<meta name=\"twitter:image\" content=\"https:\/\/www.eldigitaldeasturias.com\/noticias\/wp-content\/uploads\/2019\/05\/Hondo.jpg\" \/>\n\t\t<meta name=\"twitter:label1\" content=\"Escrito por\" \/>\n\t\t<meta name=\"twitter:data1\" content=\"El Digital de Asturias\" \/>\n\t\t<meta name=\"twitter:label2\" content=\"Tiempo de lectura estimado\" \/>\n\t\t<meta name=\"twitter:data2\" content=\"2 minutos\" \/>\n\t\t<script type=\"application\/ld+json\" class=\"aioseo-schema\">\n\t\t\t{\"@context\":\"https:\\\/\\\/schema.org\",\"@graph\":[{\"@type\":\"BlogPosting\",\"@id\":\"https:\\\/\\\/www.eldigitaldeasturias.com\\\/noticias\\\/hondo-admite-que-se-dopo-gran-error-de-mi-vida\\\/#blogposting\",\"name\":\"Hondo admite que se dop\\u00f3: \\u00abGran error de mi vida\\u00bb - El Digital de Asturias\",\"headline\":\"Hondo admite que se dop\\u00f3: \\u00abGran error de mi vida\\u00bb\",\"author\":{\"@id\":\"https:\\\/\\\/www.eldigitaldeasturias.com\\\/noticias\\\/author\\\/admin\\\/#author\"},\"publisher\":{\"@id\":\"https:\\\/\\\/www.eldigitaldeasturias.com\\\/noticias\\\/#organization\"},\"image\":{\"@type\":\"ImageObject\",\"url\":\"https:\\\/\\\/www.eldigitaldeasturias.com\\\/noticias\\\/wp-content\\\/uploads\\\/2019\\\/05\\\/Hondo.jpg\",\"width\":443,\"height\":675},\"datePublished\":\"2019-05-13T20:20:52+02:00\",\"dateModified\":\"2019-05-13T20:20:52+02:00\",\"inLanguage\":\"es-ES\",\"mainEntityOfPage\":{\"@id\":\"https:\\\/\\\/www.eldigitaldeasturias.com\\\/noticias\\\/hondo-admite-que-se-dopo-gran-error-de-mi-vida\\\/#webpage\"},\"isPartOf\":{\"@id\":\"https:\\\/\\\/www.eldigitaldeasturias.com\\\/noticias\\\/hondo-admite-que-se-dopo-gran-error-de-mi-vida\\\/#webpage\"},\"articleSection\":\"Deportes\"},{\"@type\":\"BreadcrumbList\",\"@id\":\"https:\\\/\\\/www.eldigitaldeasturias.com\\\/noticias\\\/hondo-admite-que-se-dopo-gran-error-de-mi-vida\\\/#breadcrumblist\",\"itemListElement\":[{\"@type\":\"ListItem\",\"@id\":\"https:\\\/\\\/www.eldigitaldeasturias.com\\\/noticias#listItem\",\"position\":1,\"name\":\"Home\",\"item\":\"https:\\\/\\\/www.eldigitaldeasturias.com\\\/noticias\",\"nextItem\":{\"@type\":\"ListItem\",\"@id\":\"https:\\\/\\\/www.eldigitaldeasturias.com\\\/noticias\\\/category\\\/deportes\\\/#listItem\",\"name\":\"Deportes\"}},{\"@type\":\"ListItem\",\"@id\":\"https:\\\/\\\/www.eldigitaldeasturias.com\\\/noticias\\\/category\\\/deportes\\\/#listItem\",\"position\":2,\"name\":\"Deportes\",\"item\":\"https:\\\/\\\/www.eldigitaldeasturias.com\\\/noticias\\\/category\\\/deportes\\\/\",\"nextItem\":{\"@type\":\"ListItem\",\"@id\":\"https:\\\/\\\/www.eldigitaldeasturias.com\\\/noticias\\\/hondo-admite-que-se-dopo-gran-error-de-mi-vida\\\/#listItem\",\"name\":\"Hondo admite que se dop\\u00f3: \\u00abGran error de mi vida\\u00bb\"},\"previousItem\":{\"@type\":\"ListItem\",\"@id\":\"https:\\\/\\\/www.eldigitaldeasturias.com\\\/noticias#listItem\",\"name\":\"Home\"}},{\"@type\":\"ListItem\",\"@id\":\"https:\\\/\\\/www.eldigitaldeasturias.com\\\/noticias\\\/hondo-admite-que-se-dopo-gran-error-de-mi-vida\\\/#listItem\",\"position\":3,\"name\":\"Hondo admite que se dop\\u00f3: \\u00abGran error de mi vida\\u00bb\",\"previousItem\":{\"@type\":\"ListItem\",\"@id\":\"https:\\\/\\\/www.eldigitaldeasturias.com\\\/noticias\\\/category\\\/deportes\\\/#listItem\",\"name\":\"Deportes\"}}]},{\"@type\":\"Organization\",\"@id\":\"https:\\\/\\\/www.eldigitaldeasturias.com\\\/noticias\\\/#organization\",\"name\":\"El Digital de Asturias\",\"description\":\"Hemeroteca\",\"url\":\"https:\\\/\\\/www.eldigitaldeasturias.com\\\/noticias\\\/\",\"email\":\"info@eldigitaldeasturias.com\",\"telephone\":\"+34652131393\",\"logo\":{\"@type\":\"ImageObject\",\"url\":\"https:\\\/\\\/www.eldigitaldeasturias.com\\\/noticias\\\/wp-content\\\/uploads\\\/2020\\\/12\\\/EDA.jpg\",\"@id\":\"https:\\\/\\\/www.eldigitaldeasturias.com\\\/noticias\\\/hondo-admite-que-se-dopo-gran-error-de-mi-vida\\\/#organizationLogo\",\"width\":649,\"height\":297},\"image\":{\"@id\":\"https:\\\/\\\/www.eldigitaldeasturias.com\\\/noticias\\\/hondo-admite-que-se-dopo-gran-error-de-mi-vida\\\/#organizationLogo\"},\"sameAs\":[\"https:\\\/\\\/facebook.com\\\/eldigitaldeasturias\",\"https:\\\/\\\/www.youtube.com\\\/channel\\\/UCZP-2wLEB9Rv6erhFmqVnvg\"],\"address\":{\"@id\":\"https:\\\/\\\/www.eldigitaldeasturias.com\\\/noticias\\\/#postaladdress\",\"@type\":\"PostalAddress\",\"streetAddress\":\"san antonio 4,\",\"postalCode\":\"33430\",\"addressLocality\":\"Cand\\u00e1s\",\"addressRegion\":\"Asturias\",\"addressCountry\":\"ES\"}},{\"@type\":\"Person\",\"@id\":\"https:\\\/\\\/www.eldigitaldeasturias.com\\\/noticias\\\/author\\\/admin\\\/#author\",\"url\":\"https:\\\/\\\/www.eldigitaldeasturias.com\\\/noticias\\\/author\\\/admin\\\/\",\"name\":\"El Digital de Asturias\",\"image\":{\"@type\":\"ImageObject\",\"@id\":\"https:\\\/\\\/www.eldigitaldeasturias.com\\\/noticias\\\/hondo-admite-que-se-dopo-gran-error-de-mi-vida\\\/#authorImage\",\"url\":\"https:\\\/\\\/www.eldigitaldeasturias.com\\\/noticias\\\/wp-content\\\/litespeed\\\/avatar\\\/18677e78aa0546b92d9dbf31ec7d7668.jpg?ver=1777290358\",\"width\":96,\"height\":96,\"caption\":\"El Digital de Asturias\"}},{\"@type\":\"WebPage\",\"@id\":\"https:\\\/\\\/www.eldigitaldeasturias.com\\\/noticias\\\/hondo-admite-que-se-dopo-gran-error-de-mi-vida\\\/#webpage\",\"url\":\"https:\\\/\\\/www.eldigitaldeasturias.com\\\/noticias\\\/hondo-admite-que-se-dopo-gran-error-de-mi-vida\\\/\",\"name\":\"Hondo admite que se dop\\u00f3: \\u00abGran error de mi vida\\u00bb - El Digital de Asturias\",\"description\":\"Hamburgo, 13 may (dpa) \\u2013 El ex ciclista profesional alem\\u00e1n Danilo Hondo, envuelto en la presunta red de dopaje del m\\u00e9dico deportivo Mark S., fue el primer atleta del pa\\u00eds que reconoci\\u00f3 haberse sometido al dopaje sangu\\u00edneo, en una entrevista emitida en la noche del domingo por la televisi\\u00f3n p\\u00fablica germana ARD. Hondo admiti\\u00f3 en\",\"inLanguage\":\"es-ES\",\"isPartOf\":{\"@id\":\"https:\\\/\\\/www.eldigitaldeasturias.com\\\/noticias\\\/#website\"},\"breadcrumb\":{\"@id\":\"https:\\\/\\\/www.eldigitaldeasturias.com\\\/noticias\\\/hondo-admite-que-se-dopo-gran-error-de-mi-vida\\\/#breadcrumblist\"},\"author\":{\"@id\":\"https:\\\/\\\/www.eldigitaldeasturias.com\\\/noticias\\\/author\\\/admin\\\/#author\"},\"creator\":{\"@id\":\"https:\\\/\\\/www.eldigitaldeasturias.com\\\/noticias\\\/author\\\/admin\\\/#author\"},\"image\":{\"@type\":\"ImageObject\",\"url\":\"https:\\\/\\\/www.eldigitaldeasturias.com\\\/noticias\\\/wp-content\\\/uploads\\\/2019\\\/05\\\/Hondo.jpg\",\"@id\":\"https:\\\/\\\/www.eldigitaldeasturias.com\\\/noticias\\\/hondo-admite-que-se-dopo-gran-error-de-mi-vida\\\/#mainImage\",\"width\":443,\"height\":675},\"primaryImageOfPage\":{\"@id\":\"https:\\\/\\\/www.eldigitaldeasturias.com\\\/noticias\\\/hondo-admite-que-se-dopo-gran-error-de-mi-vida\\\/#mainImage\"},\"datePublished\":\"2019-05-13T20:20:52+02:00\",\"dateModified\":\"2019-05-13T20:20:52+02:00\"},{\"@type\":\"WebSite\",\"@id\":\"https:\\\/\\\/www.eldigitaldeasturias.com\\\/noticias\\\/#website\",\"url\":\"https:\\\/\\\/www.eldigitaldeasturias.com\\\/noticias\\\/\",\"name\":\"El Digital de Asturias - Diario de actualidad y noticias\",\"alternateName\":\"El Digital de Asturias - Diario de actualidad y noticias\",\"description\":\"Hemeroteca\",\"inLanguage\":\"es-ES\",\"publisher\":{\"@id\":\"https:\\\/\\\/www.eldigitaldeasturias.com\\\/noticias\\\/#organization\"}}]}\n\t\t<\/script>\n\t\t<!-- All in One SEO Pro -->\r\n\t\t<title>Hondo admite que se dop\u00f3: \u00abGran error de mi vida\u00bb - El Digital de Asturias<\/title>\n\n","aioseo_head_json":{"title":"Hondo admite que se dop\u00f3: \u00abGran error de mi vida\u00bb - El Digital de Asturias","description":"Hamburgo, 13 may (dpa) \u2013 El ex ciclista profesional alem\u00e1n Danilo Hondo, envuelto en la presunta red de dopaje del m\u00e9dico deportivo Mark S., fue el primer atleta del pa\u00eds que reconoci\u00f3 haberse sometido al dopaje sangu\u00edneo, en una entrevista emitida en la noche del domingo por la televisi\u00f3n p\u00fablica germana ARD. Hondo admiti\u00f3 en","canonical_url":"https:\/\/www.eldigitaldeasturias.com\/noticias\/hondo-admite-que-se-dopo-gran-error-de-mi-vida\/","robots":"max-image-preview:large","keywords":"deportes","webmasterTools":{"google-site-verification":"UA-38556648-1","msvalidate.01":"7dfe9f3f1b24437ab69f4f2559babe99","miscellaneous":""},"schema":{"@context":"https:\/\/schema.org","@graph":[{"@type":"BlogPosting","@id":"https:\/\/www.eldigitaldeasturias.com\/noticias\/hondo-admite-que-se-dopo-gran-error-de-mi-vida\/#blogposting","name":"Hondo admite que se dop\u00f3: \u00abGran error de mi vida\u00bb - El Digital de Asturias","headline":"Hondo admite que se dop\u00f3: \u00abGran error de mi vida\u00bb","author":{"@id":"https:\/\/www.eldigitaldeasturias.com\/noticias\/author\/admin\/#author"},"publisher":{"@id":"https:\/\/www.eldigitaldeasturias.com\/noticias\/#organization"},"image":{"@type":"ImageObject","url":"https:\/\/www.eldigitaldeasturias.com\/noticias\/wp-content\/uploads\/2019\/05\/Hondo.jpg","width":443,"height":675},"datePublished":"2019-05-13T20:20:52+02:00","dateModified":"2019-05-13T20:20:52+02:00","inLanguage":"es-ES","mainEntityOfPage":{"@id":"https:\/\/www.eldigitaldeasturias.com\/noticias\/hondo-admite-que-se-dopo-gran-error-de-mi-vida\/#webpage"},"isPartOf":{"@id":"https:\/\/www.eldigitaldeasturias.com\/noticias\/hondo-admite-que-se-dopo-gran-error-de-mi-vida\/#webpage"},"articleSection":"Deportes"},{"@type":"BreadcrumbList","@id":"https:\/\/www.eldigitaldeasturias.com\/noticias\/hondo-admite-que-se-dopo-gran-error-de-mi-vida\/#breadcrumblist","itemListElement":[{"@type":"ListItem","@id":"https:\/\/www.eldigitaldeasturias.com\/noticias#listItem","position":1,"name":"Home","item":"https:\/\/www.eldigitaldeasturias.com\/noticias","nextItem":{"@type":"ListItem","@id":"https:\/\/www.eldigitaldeasturias.com\/noticias\/category\/deportes\/#listItem","name":"Deportes"}},{"@type":"ListItem","@id":"https:\/\/www.eldigitaldeasturias.com\/noticias\/category\/deportes\/#listItem","position":2,"name":"Deportes","item":"https:\/\/www.eldigitaldeasturias.com\/noticias\/category\/deportes\/","nextItem":{"@type":"ListItem","@id":"https:\/\/www.eldigitaldeasturias.com\/noticias\/hondo-admite-que-se-dopo-gran-error-de-mi-vida\/#listItem","name":"Hondo admite que se dop\u00f3: \u00abGran error de mi vida\u00bb"},"previousItem":{"@type":"ListItem","@id":"https:\/\/www.eldigitaldeasturias.com\/noticias#listItem","name":"Home"}},{"@type":"ListItem","@id":"https:\/\/www.eldigitaldeasturias.com\/noticias\/hondo-admite-que-se-dopo-gran-error-de-mi-vida\/#listItem","position":3,"name":"Hondo admite que se dop\u00f3: \u00abGran error de mi vida\u00bb","previousItem":{"@type":"ListItem","@id":"https:\/\/www.eldigitaldeasturias.com\/noticias\/category\/deportes\/#listItem","name":"Deportes"}}]},{"@type":"Organization","@id":"https:\/\/www.eldigitaldeasturias.com\/noticias\/#organization","name":"El Digital de Asturias","description":"Hemeroteca","url":"https:\/\/www.eldigitaldeasturias.com\/noticias\/","email":"info@eldigitaldeasturias.com","telephone":"+34652131393","logo":{"@type":"ImageObject","url":"https:\/\/www.eldigitaldeasturias.com\/noticias\/wp-content\/uploads\/2020\/12\/EDA.jpg","@id":"https:\/\/www.eldigitaldeasturias.com\/noticias\/hondo-admite-que-se-dopo-gran-error-de-mi-vida\/#organizationLogo","width":649,"height":297},"image":{"@id":"https:\/\/www.eldigitaldeasturias.com\/noticias\/hondo-admite-que-se-dopo-gran-error-de-mi-vida\/#organizationLogo"},"sameAs":["https:\/\/facebook.com\/eldigitaldeasturias","https:\/\/www.youtube.com\/channel\/UCZP-2wLEB9Rv6erhFmqVnvg"],"address":{"@id":"https:\/\/www.eldigitaldeasturias.com\/noticias\/#postaladdress","@type":"PostalAddress","streetAddress":"san antonio 4,","postalCode":"33430","addressLocality":"Cand\u00e1s","addressRegion":"Asturias","addressCountry":"ES"}},{"@type":"Person","@id":"https:\/\/www.eldigitaldeasturias.com\/noticias\/author\/admin\/#author","url":"https:\/\/www.eldigitaldeasturias.com\/noticias\/author\/admin\/","name":"El Digital de Asturias","image":{"@type":"ImageObject","@id":"https:\/\/www.eldigitaldeasturias.com\/noticias\/hondo-admite-que-se-dopo-gran-error-de-mi-vida\/#authorImage","url":"https:\/\/www.eldigitaldeasturias.com\/noticias\/wp-content\/litespeed\/avatar\/18677e78aa0546b92d9dbf31ec7d7668.jpg?ver=1777290358","width":96,"height":96,"caption":"El Digital de Asturias"}},{"@type":"WebPage","@id":"https:\/\/www.eldigitaldeasturias.com\/noticias\/hondo-admite-que-se-dopo-gran-error-de-mi-vida\/#webpage","url":"https:\/\/www.eldigitaldeasturias.com\/noticias\/hondo-admite-que-se-dopo-gran-error-de-mi-vida\/","name":"Hondo admite que se dop\u00f3: \u00abGran error de mi vida\u00bb - El Digital de Asturias","description":"Hamburgo, 13 may (dpa) \u2013 El ex ciclista profesional alem\u00e1n Danilo Hondo, envuelto en la presunta red de dopaje del m\u00e9dico deportivo Mark S., fue el primer atleta del pa\u00eds que reconoci\u00f3 haberse sometido al dopaje sangu\u00edneo, en una entrevista emitida en la noche del domingo por la televisi\u00f3n p\u00fablica germana ARD. Hondo admiti\u00f3 en","inLanguage":"es-ES","isPartOf":{"@id":"https:\/\/www.eldigitaldeasturias.com\/noticias\/#website"},"breadcrumb":{"@id":"https:\/\/www.eldigitaldeasturias.com\/noticias\/hondo-admite-que-se-dopo-gran-error-de-mi-vida\/#breadcrumblist"},"author":{"@id":"https:\/\/www.eldigitaldeasturias.com\/noticias\/author\/admin\/#author"},"creator":{"@id":"https:\/\/www.eldigitaldeasturias.com\/noticias\/author\/admin\/#author"},"image":{"@type":"ImageObject","url":"https:\/\/www.eldigitaldeasturias.com\/noticias\/wp-content\/uploads\/2019\/05\/Hondo.jpg","@id":"https:\/\/www.eldigitaldeasturias.com\/noticias\/hondo-admite-que-se-dopo-gran-error-de-mi-vida\/#mainImage","width":443,"height":675},"primaryImageOfPage":{"@id":"https:\/\/www.eldigitaldeasturias.com\/noticias\/hondo-admite-que-se-dopo-gran-error-de-mi-vida\/#mainImage"},"datePublished":"2019-05-13T20:20:52+02:00","dateModified":"2019-05-13T20:20:52+02:00"},{"@type":"WebSite","@id":"https:\/\/www.eldigitaldeasturias.com\/noticias\/#website","url":"https:\/\/www.eldigitaldeasturias.com\/noticias\/","name":"El Digital de Asturias - Diario de actualidad y noticias","alternateName":"El Digital de Asturias - Diario de actualidad y noticias","description":"Hemeroteca","inLanguage":"es-ES","publisher":{"@id":"https:\/\/www.eldigitaldeasturias.com\/noticias\/#organization"}}]},"og:locale":"es_ES","og:site_name":"El Digital de Asturias","og:type":"article","og:title":"Hondo admite que se dop\u00f3: \u00abGran error de mi vida\u00bb - El Digital de Asturias","og:description":"Hamburgo, 13 may (dpa) \u2013 El ex ciclista profesional alem\u00e1n Danilo Hondo, envuelto en la presunta red de dopaje del m\u00e9dico deportivo Mark S., fue el primer atleta del pa\u00eds que reconoci\u00f3 haberse sometido al dopaje sangu\u00edneo, en una entrevista emitida en la noche del domingo por la televisi\u00f3n p\u00fablica germana ARD. Hondo admiti\u00f3 en","og:url":"https:\/\/www.eldigitaldeasturias.com\/noticias\/hondo-admite-que-se-dopo-gran-error-de-mi-vida\/","og:image":"https:\/\/www.eldigitaldeasturias.com\/noticias\/wp-content\/uploads\/2019\/05\/Hondo.jpg","og:image:secure_url":"https:\/\/www.eldigitaldeasturias.com\/noticias\/wp-content\/uploads\/2019\/05\/Hondo.jpg","og:image:width":443,"og:image:height":675,"article:tag":["deportes"],"article:published_time":"2019-05-13T20:20:52+00:00","article:modified_time":"2019-05-13T20:20:52+00:00","article:publisher":"https:\/\/facebook.com\/eldigitaldeasturias","twitter:card":"summary_large_image","twitter:title":"Hondo admite que se dop\u00f3: \u00abGran error de mi vida\u00bb - El Digital de Asturias","twitter:description":"Hamburgo, 13 may (dpa) \u2013 El ex ciclista profesional alem\u00e1n Danilo Hondo, envuelto en la presunta red de dopaje del m\u00e9dico deportivo Mark S., fue el primer atleta del pa\u00eds que reconoci\u00f3 haberse sometido al dopaje sangu\u00edneo, en una entrevista emitida en la noche del domingo por la televisi\u00f3n p\u00fablica germana ARD. Hondo admiti\u00f3 en","twitter:image":"https:\/\/www.eldigitaldeasturias.com\/noticias\/wp-content\/uploads\/2019\/05\/Hondo.jpg","twitter:label1":"Escrito por","twitter:data1":"El Digital de Asturias","twitter:label2":"Tiempo de lectura estimado","twitter:data2":"2 minutos"},"aioseo_meta_data":{"post_id":"1027301","title":null,"description":null,"keywords":null,"keyphrases":null,"primary_term":null,"canonical_url":null,"og_title":null,"og_description":null,"og_object_type":"default","og_image_type":"default","og_image_url":null,"og_image_width":null,"og_image_height":null,"og_image_custom_url":null,"og_image_custom_fields":null,"og_video":null,"og_custom_url":null,"og_article_section":null,"og_article_tags":null,"twitter_use_og":false,"twitter_card":"default","twitter_image_type":"default","twitter_image_url":null,"twitter_image_custom_url":null,"twitter_image_custom_fields":null,"twitter_title":null,"twitter_description":null,"schema":{"blockGraphs":[],"customGraphs":[],"default":{"data":{"Article":[],"Course":[],"Dataset":[],"FAQPage":[],"Movie":[],"Person":[],"Product":[],"ProductReview":[],"Car":[],"Recipe":[],"Service":[],"SoftwareApplication":[],"WebPage":[]},"graphName":"","isEnabled":true},"graphs":[],"defaultGraph":"","defaultPostTypeGraph":""},"schema_type":null,"schema_type_options":null,"pillar_content":false,"robots_default":true,"robots_noindex":false,"robots_noarchive":false,"robots_nosnippet":false,"robots_nofollow":false,"robots_noimageindex":false,"robots_noodp":false,"robots_notranslate":false,"robots_max_snippet":null,"robots_max_videopreview":null,"robots_max_imagepreview":"large","priority":null,"frequency":null,"local_seo":null,"seo_analyzer_scan_date":"2025-10-18 05:00:12","breadcrumb_settings":null,"limit_modified_date":false,"open_ai":null,"ai":null,"created":"2020-12-21 11:11:49","updated":"2025-10-18 05:00:12"},"aioseo_breadcrumb":"<div class=\"aioseo-breadcrumbs\"><span class=\"aioseo-breadcrumb\">\n\t<a href=\"https:\/\/www.eldigitaldeasturias.com\/noticias\" title=\"Home\">Home<\/a>\n<\/span><span class=\"aioseo-breadcrumb-separator\">\u2013<\/span><span class=\"aioseo-breadcrumb\">\n\t<a href=\"https:\/\/www.eldigitaldeasturias.com\/noticias\/category\/deportes\/\" title=\"Deportes\">Deportes<\/a>\n<\/span><span class=\"aioseo-breadcrumb-separator\">\u2013<\/span><span class=\"aioseo-breadcrumb\">\n\t<a href=\"https:\/\/www.eldigitaldeasturias.com\/noticias\/hondo-admite-que-se-dopo-gran-error-de-mi-vida\/\" title=\"Hondo admite que se dop\u00f3: \u00abGran error de mi vida\u00bb\">Hondo admite que se dop\u00f3: \u00abGran error de mi vida\u00bb<\/a>\n<\/span><\/div>","aioseo_breadcrumb_json":[{"label":"Home","link":"https:\/\/www.eldigitaldeasturias.com\/noticias"},{"label":"Deportes","link":"https:\/\/www.eldigitaldeasturias.com\/noticias\/category\/deportes\/"},{"label":"Hondo admite que se dop\u00f3: \u00abGran error de mi vida\u00bb","link":"https:\/\/www.eldigitaldeasturias.com\/noticias\/hondo-admite-que-se-dopo-gran-error-de-mi-vida\/"}],"_links":{"self":[{"href":"https:\/\/www.eldigitaldeasturias.com\/noticias\/wp-json\/wp\/v2\/posts\/1027301","targetHints":{"allow":["GET"]}}],"collection":[{"href":"https:\/\/www.eldigitaldeasturias.com\/noticias\/wp-json\/wp\/v2\/posts"}],"about":[{"href":"https:\/\/www.eldigitaldeasturias.com\/noticias\/wp-json\/wp\/v2\/types\/post"}],"author":[{"embeddable":true,"href":"https:\/\/www.eldigitaldeasturias.com\/noticias\/wp-json\/wp\/v2\/users\/1"}],"replies":[{"embeddable":true,"href":"https:\/\/www.eldigitaldeasturias.com\/noticias\/wp-json\/wp\/v2\/comments?post=1027301"}],"version-history":[{"count":0,"href":"https:\/\/www.eldigitaldeasturias.com\/noticias\/wp-json\/wp\/v2\/posts\/1027301\/revisions"}],"wp:featuredmedia":[{"embeddable":true,"href":"https:\/\/www.eldigitaldeasturias.com\/noticias\/wp-json\/wp\/v2\/media\/1027302"}],"wp:attachment":[{"href":"https:\/\/www.eldigitaldeasturias.com\/noticias\/wp-json\/wp\/v2\/media?parent=1027301"}],"wp:term":[{"taxonomy":"category","embeddable":true,"href":"https:\/\/www.eldigitaldeasturias.com\/noticias\/wp-json\/wp\/v2\/categories?post=1027301"},{"taxonomy":"post_tag","embeddable":true,"href":"https:\/\/www.eldigitaldeasturias.com\/noticias\/wp-json\/wp\/v2\/tags?post=1027301"}],"curies":[{"name":"wp","href":"https:\/\/api.w.org\/{rel}","templated":true}]}}