{"id":1027218,"date":"2019-05-13T13:58:56","date_gmt":"2019-05-13T13:58:56","guid":{"rendered":"https:\/\/www.eldigitaldeasturias.com\/noticias\/?p=1027218"},"modified":"2019-05-13T13:58:56","modified_gmt":"2019-05-13T13:58:56","slug":"mas-de-322-000-viajeros-fueron-atendidos-en-los-centros-de-vacunacion-internacional-en-2018","status":"publish","type":"post","link":"https:\/\/www.eldigitaldeasturias.com\/noticias\/mas-de-322-000-viajeros-fueron-atendidos-en-los-centros-de-vacunacion-internacional-en-2018\/","title":{"rendered":"M\u00e1s de 322.000 viajeros fueron atendidos en los centros de vacunaci\u00f3n internacional en 2018"},"content":{"rendered":"<p><img loading=\"lazy\" decoding=\"async\" class=\"alignleft size-medium wp-image-998646\" src=\"https:\/\/www.eldigitaldeasturias.com\/noticias\/wp-content\/uploads\/2018\/09\/airport-1822133_960_720-360x247.jpg\" alt=\"\" width=\"360\" height=\"247\" srcset=\"https:\/\/www.eldigitaldeasturias.com\/noticias\/wp-content\/uploads\/2018\/09\/airport-1822133_960_720-360x247.jpg 360w, https:\/\/www.eldigitaldeasturias.com\/noticias\/wp-content\/uploads\/2018\/09\/airport-1822133_960_720-768x526.jpg 768w, https:\/\/www.eldigitaldeasturias.com\/noticias\/wp-content\/uploads\/2018\/09\/airport-1822133_960_720-650x446.jpg 650w, https:\/\/www.eldigitaldeasturias.com\/noticias\/wp-content\/uploads\/2018\/09\/airport-1822133_960_720.jpg 960w\" sizes=\"auto, (max-width: 360px) 100vw, 360px\" \/>El Ministerio de Sanidad, Consumo y Bienestar Social pone en marcha el programa \u00abLa salud tambi\u00e9n viaja 2019\u00bb para recordar a quienes vayan a viajar al extranjero que consulten en un centro de vacunaci\u00f3n internacional.<\/p>\n<p>En 2018, 322.491 viajeros fueron atendidos en alguno de los 107 centros de vacunaci\u00f3n internacional, un 12,5% m\u00e1s que el a\u00f1o anterior atendidos 286.457.<\/p>\n<p>Dichos centros facilitan informaci\u00f3n personalizada y recomendaciones de vacunaci\u00f3n, especialmente en el caso de pa\u00edses tropicales o destinos poco frecuentes.<\/p>\n<p>Para evitar esperas innecesarias y para hacer posible la mejor atenci\u00f3n sanitaria, estos centros tienen habilitado un sistema de cita previa. Adem\u00e1s, es aconsejable que los viajeros se informen de las vacunas necesarias con suficiente antelaci\u00f3n, ya que hay algunas medidas preventivas que necesitan un periodo de tiempo antes del viaje para ser efectivas.<\/p>\n<p>En este sentido, se dispone en la p\u00e1gina web del Ministerio de un enlace para la autogeneraci\u00f3n de consejos sanitarios (vacunas obligatorias, vacunas aconsejables, necesidad o no de quimioprofilaxis antipal\u00fadica, etc.) cumplimentando los datos inherentes al viaje en cuesti\u00f3n, y la posibilidad de auto-concertarse una cita previa en cualquier servicio de vacunaci\u00f3n internacional.<\/p>\n<p>Otra recomendaci\u00f3n del Ministerio de Sanidad, Consumo y Bienestar Social es que, al regresar, y dado que algunas enfermedades no se manifiestan de manera inmediata, pongan en conocimiento de su m\u00e9dico cualquier s\u00edntoma que pudiera tener relaci\u00f3n con el viaje.<\/p>\n<p><strong>Atenci\u00f3n durante 2018<\/strong><\/p>\n<p>Durante 2018, los centros de vacunaci\u00f3n internacional, autorizados por el Ministerio de Sanidad, Consumo y Bienestar Social, atendieron a 322.491 viajeros (lo cual supone un incremento del 10,2% con respecto al a\u00f1o 2017 que fueron atendidos 286.457). En cuanto a las vacunas, en 2018 se administraron 332.233, lo que supone un incremento del 11% con respecto al a\u00f1o anterior con 305.264 vacunas administradas.<\/p>\n<p>En lo relativo a la totalidad de quimioprofilaxis antipal\u00fadicas pautadas en el a\u00f1o 2018, ha habido un incremento del 10,6% con respecto al 2017, de 124.845 en 2017 a 132.943 en 2018. Asimismo, el n\u00famero de vacunas recomendadas ha experimentado un incremento significativo (10,5%) entre el 2017 y 2018 (277.879 vacunas recomendadas en 2017 frente a las 292.453 en 2018).<\/p>\n<p>Para aconsejar al viajero, los expertos tienen en cuenta factores personales (edad, sexo, historia cl\u00ednica, estado vacunal, etc.) y elementos asociados al viaje que van a realizar (pa\u00edses de destino, duraci\u00f3n y tipo del viaje, \u00e9poca del a\u00f1o\u2026). Una vez obtenida esta informaci\u00f3n, aconsejan medidas preventivas para evitar los riesgos relacionados con los alimentos y bebidas, con el entorno (sol, altura, insectos\u2026), con la higiene personal o con las enfermedades de transmisi\u00f3n sexual. Adem\u00e1s, se recomiendan y administran las vacunas necesarias y, si es preciso, se indica la especialidad farmac\u00e9utica m\u00e1s adecuada en relaci\u00f3n con la quimioprofilaxis antipal\u00fadica.<\/p>\n<p>Los centros de vacunaci\u00f3n internacional realizaron en 2018, unas 747.887 actuaciones preventivas individualizadas, 2,31 actuaciones por viajero atendido, y atendieron m\u00e1s de 173.393 llamadas telef\u00f3nicas.<\/p>\n<p><strong>Recomendaciones generales<\/strong><\/p>\n<p>Las recomendaciones b\u00e1sicas que los viajeros deben seguir cuando van a visitar pa\u00edses tropicales o donde exista alg\u00fan riesgo para la salud son:<\/p>\n<p>&#8211; Consultar al menos un mes o un mes y medio antes del viaje a un centro de vacunaci\u00f3n internacional para conocer la situaci\u00f3n sanitaria del pa\u00eds y las medidas de prevenci\u00f3n que deban adoptarse. Tambi\u00e9n deben informarse de las vacunas o tratamientos preventivos necesarios para el pa\u00eds que se visita (algunos de ellos necesitan varios d\u00edas e incluso semanas para ser efectivos, por lo que es necesario administrarlos con suficiente tiempo).<\/p>\n<p>&#8211; Visitar al m\u00e9dico antes del viaje si se padece alguna enfermedad o alergia o se est\u00e9 tomando alg\u00fan tratamiento. Es aconsejable tener un informe m\u00e9dico preparado y llevar la cantidad suficiente de medicaci\u00f3n repartida en la maleta y bolso de mano en el caso de las personas sometidas a tratamiento. Hay que recordar a los viajeros que consulten las medidas de seguridad de los aeropuertos para que puedan organizar su equipaje de forma adecuada.<\/p>\n<p>&#8211; Elegir ropa y calzado adecuados y llevar un peque\u00f1o botiqu\u00edn que contenga material de cura.<\/p>\n<p>&#8211; En el pa\u00eds de destino, se deber\u00e1 tener precauci\u00f3n con los alimentos y bebidas, que son la causa m\u00e1s frecuente de enfermedad en el viajero. Algunos consejos:<\/p>\n<p>Lavarse las manos con frecuencia para evitar infecciones.<\/p>\n<p>Beber agua embotellada o tratada y evitar el consumo de hielo que no haya sido preparado con agua segura.<\/p>\n<p>Consumir s\u00f3lo leche envasada y derivados l\u00e1cteos higienizados.<\/p>\n<p>Precauci\u00f3n con la reposter\u00eda y los helados.<\/p>\n<p>Las comidas deben estar cocinadas y conservadas a temperatura adecuada: evitar los productos crudos y tener especial cuidado con las salsas y los preparados que contengan huevo crudo.<\/p>\n<p>La fruta debe ser pelada personalmente.<\/p>\n<p>Evitar el consumo de productos de mercadillos ambulantes.<\/p>\n<p>&#8211; Especial atenci\u00f3n a los riesgos relacionados con el entorno:<\/p>\n<p>Protegerse del calor, de la humedad y de la exposici\u00f3n directa al sol, especialmente en las personas mayores y los ni\u00f1os.<\/p>\n<p>Protegerse contra picaduras de insectos con ropa adecuada, usar repelentes y, si fuera necesario, mosquitera para dormir.<\/p>\n<p>Extremar las medidas para evitar contagios en lugares de ba\u00f1o.<\/p>\n<p>Cuidar la higiene personal.<\/p>\n<p>En relaci\u00f3n con el posible riesgo de exposici\u00f3n a mosquitos vectores transmisores de enfermedades emergentes y reemergentes como los virus Zika, Chikungunya y Dengue (enfermedades transmitidas por mosquitos del g\u00e9nero Aedes) o par\u00e1sitos de la Malaria o Paludismo (enfermedad transmitida por la hembra del mosquito Anopheles) -causante esta \u00faltima de entre 400 a 900 millones de casos al a\u00f1o en el mundo-, est\u00e1 disponible en el portal del Ministerio de Sanidad, Consumo y Bienestar Social un enlace con informaci\u00f3n relativa a la prevenci\u00f3n frente a estas enfermedades transmitidas por vectores, as\u00ed como:<\/p>\n<ul>\n<li>a) Actualizaci\u00f3n de las Recomendaciones Sanitarias relacionadas con la transmisi\u00f3n sexual del virus Zika (marzo 2019),<\/li>\n<li>b) Recomendaciones a viajeros con destino a Centroam\u00e9rica, Suram\u00e9rica, Caribe y Pac\u00edfico Sur,\u00a0documento de preguntas y respuestas,<\/li>\n<li>c) estad\u00edstica de casos importados diagnosticados en Espa\u00f1a, e<\/li>\n<li>d) informaci\u00f3n t\u00e9cnica dirigida a profesionales sanitarios.<\/li>\n<\/ul>\n<p>As\u00ed mismo, en el enlace \u00abVacunaci\u00f3n Internacional-La Salud tambi\u00e9n Viaja\u00bb de la web est\u00e1 disponible la nueva edici\u00f3n 2018 del Folleto Informativo\/Divulgativo \u00abLa Salud tambi\u00e9n Viaja\u00bb, material informativo entregado a los viajeros internacionales que consultan en los Centros de Vacunaci\u00f3n Internacional, que incluye aquellos requisitos exigibles de vacunaci\u00f3n, medidas preventivas, vacunas recomendables, quimioprofilaxis antipal\u00fadica y consejos de medicina preventiva y de salud p\u00fablica necesarios para preparar desde el punto de vista sanitario sus desplazamientos internacionales.<\/p>\n<p>Proporcionan informaci\u00f3n al viajero internacional en aquellos aspectos relacionados con el \u00abAntes del Viaje\u00bb (preparaci\u00f3n, vacunaci\u00f3n obligatoria, vacunaci\u00f3n recomendada, prevenci\u00f3n del Paludismo o Malaria, prevenci\u00f3n del Dengue, etc.), \u00abDurante el Viaje\u00bb (riesgos relacionados con alimentos y bebidas, riesgos relacionados con el entorno, higiene personal, enfermedades de transmisi\u00f3n sexual, drogas y viajes, etc.), y \u00abDespu\u00e9s del Viaje\u00bb (consulta m\u00e9dica, etc.). As\u00ed como la relaci\u00f3n de Centros de Vacunaci\u00f3n Internacional distribuidos por todo el territorio nacional.<\/p>\n","protected":false},"excerpt":{"rendered":"<p>El Ministerio de Sanidad, Consumo y Bienestar Social pone en marcha el programa \u00abLa salud tambi\u00e9n viaja 2019\u00bb para recordar a quienes vayan a viajar al extranjero que consulten en un centro de vacunaci\u00f3n internacional. En 2018, 322.491 viajeros fueron atendidos en alguno de los 107 centros de vacunaci\u00f3n internacional, un 12,5% m\u00e1s que el [&hellip;]<\/p>\n","protected":false},"author":1,"featured_media":998646,"comment_status":"closed","ping_status":"closed","sticky":false,"template":"","format":"standard","meta":{"footnotes":""},"categories":[148],"tags":[],"class_list":["post-1027218","post","type-post","status-publish","format-standard","has-post-thumbnail","hentry","category-turismo"],"aioseo_notices":[],"aioseo_head":"\n\t\t<!-- All in One SEO Pro 4.9.6.2 - aioseo.com -->\n\t<meta name=\"description\" content=\"El Ministerio de Sanidad, Consumo y Bienestar Social pone en marcha el programa &quot;La salud tambi\u00e9n viaja 2019&quot; para recordar a quienes vayan a viajar al extranjero que consulten en un centro de vacunaci\u00f3n internacional. En 2018, 322.491 viajeros fueron atendidos en alguno de los 107 centros de vacunaci\u00f3n internacional, un 12,5% m\u00e1s que el\" \/>\n\t<meta name=\"robots\" content=\"max-image-preview:large\" \/>\n\t<meta name=\"author\" content=\"El Digital de Asturias\"\/>\n\t<meta name=\"google-site-verification\" content=\"UA-38556648-1\" \/>\n\t<meta name=\"msvalidate.01\" content=\"7dfe9f3f1b24437ab69f4f2559babe99\" \/>\n\t<meta name=\"keywords\" content=\"turismo\" \/>\n\t<link rel=\"canonical\" href=\"https:\/\/www.eldigitaldeasturias.com\/noticias\/mas-de-322-000-viajeros-fueron-atendidos-en-los-centros-de-vacunacion-internacional-en-2018\/\" \/>\n\t<meta name=\"generator\" content=\"All in One SEO Pro (AIOSEO) 4.9.6.2\" \/>\n\t\t<meta property=\"og:locale\" content=\"es_ES\" \/>\n\t\t<meta property=\"og:site_name\" content=\"El Digital de Asturias\" \/>\n\t\t<meta property=\"og:type\" content=\"article\" \/>\n\t\t<meta property=\"og:title\" content=\"M\u00e1s de 322.000 viajeros fueron atendidos en los centros de vacunaci\u00f3n internacional en 2018 - El Digital de Asturias\" \/>\n\t\t<meta property=\"og:description\" content=\"El Ministerio de Sanidad, Consumo y Bienestar Social pone en marcha el programa &quot;La salud tambi\u00e9n viaja 2019&quot; para recordar a quienes vayan a viajar al extranjero que consulten en un centro de vacunaci\u00f3n internacional. En 2018, 322.491 viajeros fueron atendidos en alguno de los 107 centros de vacunaci\u00f3n internacional, un 12,5% m\u00e1s que el\" \/>\n\t\t<meta property=\"og:url\" content=\"https:\/\/www.eldigitaldeasturias.com\/noticias\/mas-de-322-000-viajeros-fueron-atendidos-en-los-centros-de-vacunacion-internacional-en-2018\/\" \/>\n\t\t<meta property=\"og:image\" content=\"https:\/\/www.eldigitaldeasturias.com\/noticias\/wp-content\/uploads\/2018\/09\/airport-1822133_960_720.jpg\" \/>\n\t\t<meta property=\"og:image:secure_url\" content=\"https:\/\/www.eldigitaldeasturias.com\/noticias\/wp-content\/uploads\/2018\/09\/airport-1822133_960_720.jpg\" \/>\n\t\t<meta property=\"og:image:width\" content=\"960\" \/>\n\t\t<meta property=\"og:image:height\" content=\"658\" \/>\n\t\t<meta property=\"article:tag\" content=\"turismo\" \/>\n\t\t<meta property=\"article:published_time\" content=\"2019-05-13T13:58:56+00:00\" \/>\n\t\t<meta property=\"article:modified_time\" content=\"2019-05-13T13:58:56+00:00\" \/>\n\t\t<meta property=\"article:publisher\" content=\"https:\/\/facebook.com\/eldigitaldeasturias\" \/>\n\t\t<meta name=\"twitter:card\" content=\"summary_large_image\" \/>\n\t\t<meta name=\"twitter:title\" content=\"M\u00e1s de 322.000 viajeros fueron atendidos en los centros de vacunaci\u00f3n internacional en 2018 - El Digital de Asturias\" \/>\n\t\t<meta name=\"twitter:description\" content=\"El Ministerio de Sanidad, Consumo y Bienestar Social pone en marcha el programa &quot;La salud tambi\u00e9n viaja 2019&quot; para recordar a quienes vayan a viajar al extranjero que consulten en un centro de vacunaci\u00f3n internacional. En 2018, 322.491 viajeros fueron atendidos en alguno de los 107 centros de vacunaci\u00f3n internacional, un 12,5% m\u00e1s que el\" \/>\n\t\t<meta name=\"twitter:image\" content=\"https:\/\/www.eldigitaldeasturias.com\/noticias\/wp-content\/uploads\/2018\/09\/airport-1822133_960_720.jpg\" \/>\n\t\t<meta name=\"twitter:label1\" content=\"Escrito por\" \/>\n\t\t<meta name=\"twitter:data1\" content=\"El Digital de Asturias\" \/>\n\t\t<meta name=\"twitter:label2\" content=\"Tiempo de lectura estimado\" \/>\n\t\t<meta name=\"twitter:data2\" content=\"6 minutos\" \/>\n\t\t<script type=\"application\/ld+json\" class=\"aioseo-schema\">\n\t\t\t{\"@context\":\"https:\\\/\\\/schema.org\",\"@graph\":[{\"@type\":\"BlogPosting\",\"@id\":\"https:\\\/\\\/www.eldigitaldeasturias.com\\\/noticias\\\/mas-de-322-000-viajeros-fueron-atendidos-en-los-centros-de-vacunacion-internacional-en-2018\\\/#blogposting\",\"name\":\"M\\u00e1s de 322.000 viajeros fueron atendidos en los centros de vacunaci\\u00f3n internacional en 2018 - El Digital de Asturias\",\"headline\":\"M\\u00e1s de 322.000 viajeros fueron atendidos en los centros de vacunaci\\u00f3n internacional en 2018\",\"author\":{\"@id\":\"https:\\\/\\\/www.eldigitaldeasturias.com\\\/noticias\\\/author\\\/admin\\\/#author\"},\"publisher\":{\"@id\":\"https:\\\/\\\/www.eldigitaldeasturias.com\\\/noticias\\\/#organization\"},\"image\":{\"@type\":\"ImageObject\",\"url\":\"https:\\\/\\\/www.eldigitaldeasturias.com\\\/noticias\\\/wp-content\\\/uploads\\\/2018\\\/09\\\/airport-1822133_960_720.jpg\",\"width\":960,\"height\":658},\"datePublished\":\"2019-05-13T13:58:56+02:00\",\"dateModified\":\"2019-05-13T13:58:56+02:00\",\"inLanguage\":\"es-ES\",\"mainEntityOfPage\":{\"@id\":\"https:\\\/\\\/www.eldigitaldeasturias.com\\\/noticias\\\/mas-de-322-000-viajeros-fueron-atendidos-en-los-centros-de-vacunacion-internacional-en-2018\\\/#webpage\"},\"isPartOf\":{\"@id\":\"https:\\\/\\\/www.eldigitaldeasturias.com\\\/noticias\\\/mas-de-322-000-viajeros-fueron-atendidos-en-los-centros-de-vacunacion-internacional-en-2018\\\/#webpage\"},\"articleSection\":\"Turismo\"},{\"@type\":\"BreadcrumbList\",\"@id\":\"https:\\\/\\\/www.eldigitaldeasturias.com\\\/noticias\\\/mas-de-322-000-viajeros-fueron-atendidos-en-los-centros-de-vacunacion-internacional-en-2018\\\/#breadcrumblist\",\"itemListElement\":[{\"@type\":\"ListItem\",\"@id\":\"https:\\\/\\\/www.eldigitaldeasturias.com\\\/noticias#listItem\",\"position\":1,\"name\":\"Home\",\"item\":\"https:\\\/\\\/www.eldigitaldeasturias.com\\\/noticias\",\"nextItem\":{\"@type\":\"ListItem\",\"@id\":\"https:\\\/\\\/www.eldigitaldeasturias.com\\\/noticias\\\/category\\\/turismo\\\/#listItem\",\"name\":\"Turismo\"}},{\"@type\":\"ListItem\",\"@id\":\"https:\\\/\\\/www.eldigitaldeasturias.com\\\/noticias\\\/category\\\/turismo\\\/#listItem\",\"position\":2,\"name\":\"Turismo\",\"item\":\"https:\\\/\\\/www.eldigitaldeasturias.com\\\/noticias\\\/category\\\/turismo\\\/\",\"nextItem\":{\"@type\":\"ListItem\",\"@id\":\"https:\\\/\\\/www.eldigitaldeasturias.com\\\/noticias\\\/mas-de-322-000-viajeros-fueron-atendidos-en-los-centros-de-vacunacion-internacional-en-2018\\\/#listItem\",\"name\":\"M\\u00e1s de 322.000 viajeros fueron atendidos en los centros de vacunaci\\u00f3n internacional en 2018\"},\"previousItem\":{\"@type\":\"ListItem\",\"@id\":\"https:\\\/\\\/www.eldigitaldeasturias.com\\\/noticias#listItem\",\"name\":\"Home\"}},{\"@type\":\"ListItem\",\"@id\":\"https:\\\/\\\/www.eldigitaldeasturias.com\\\/noticias\\\/mas-de-322-000-viajeros-fueron-atendidos-en-los-centros-de-vacunacion-internacional-en-2018\\\/#listItem\",\"position\":3,\"name\":\"M\\u00e1s de 322.000 viajeros fueron atendidos en los centros de vacunaci\\u00f3n internacional en 2018\",\"previousItem\":{\"@type\":\"ListItem\",\"@id\":\"https:\\\/\\\/www.eldigitaldeasturias.com\\\/noticias\\\/category\\\/turismo\\\/#listItem\",\"name\":\"Turismo\"}}]},{\"@type\":\"Organization\",\"@id\":\"https:\\\/\\\/www.eldigitaldeasturias.com\\\/noticias\\\/#organization\",\"name\":\"El Digital de Asturias\",\"description\":\"Hemeroteca\",\"url\":\"https:\\\/\\\/www.eldigitaldeasturias.com\\\/noticias\\\/\",\"email\":\"info@eldigitaldeasturias.com\",\"telephone\":\"+34652131393\",\"logo\":{\"@type\":\"ImageObject\",\"url\":\"https:\\\/\\\/www.eldigitaldeasturias.com\\\/noticias\\\/wp-content\\\/uploads\\\/2020\\\/12\\\/EDA.jpg\",\"@id\":\"https:\\\/\\\/www.eldigitaldeasturias.com\\\/noticias\\\/mas-de-322-000-viajeros-fueron-atendidos-en-los-centros-de-vacunacion-internacional-en-2018\\\/#organizationLogo\",\"width\":649,\"height\":297},\"image\":{\"@id\":\"https:\\\/\\\/www.eldigitaldeasturias.com\\\/noticias\\\/mas-de-322-000-viajeros-fueron-atendidos-en-los-centros-de-vacunacion-internacional-en-2018\\\/#organizationLogo\"},\"sameAs\":[\"https:\\\/\\\/facebook.com\\\/eldigitaldeasturias\",\"https:\\\/\\\/www.youtube.com\\\/channel\\\/UCZP-2wLEB9Rv6erhFmqVnvg\"],\"address\":{\"@id\":\"https:\\\/\\\/www.eldigitaldeasturias.com\\\/noticias\\\/#postaladdress\",\"@type\":\"PostalAddress\",\"streetAddress\":\"san antonio 4,\",\"postalCode\":\"33430\",\"addressLocality\":\"Cand\\u00e1s\",\"addressRegion\":\"Asturias\",\"addressCountry\":\"ES\"}},{\"@type\":\"Person\",\"@id\":\"https:\\\/\\\/www.eldigitaldeasturias.com\\\/noticias\\\/author\\\/admin\\\/#author\",\"url\":\"https:\\\/\\\/www.eldigitaldeasturias.com\\\/noticias\\\/author\\\/admin\\\/\",\"name\":\"El Digital de Asturias\",\"image\":{\"@type\":\"ImageObject\",\"@id\":\"https:\\\/\\\/www.eldigitaldeasturias.com\\\/noticias\\\/mas-de-322-000-viajeros-fueron-atendidos-en-los-centros-de-vacunacion-internacional-en-2018\\\/#authorImage\",\"url\":\"https:\\\/\\\/www.eldigitaldeasturias.com\\\/noticias\\\/wp-content\\\/litespeed\\\/avatar\\\/18677e78aa0546b92d9dbf31ec7d7668.jpg?ver=1777290358\",\"width\":96,\"height\":96,\"caption\":\"El Digital de Asturias\"}},{\"@type\":\"WebPage\",\"@id\":\"https:\\\/\\\/www.eldigitaldeasturias.com\\\/noticias\\\/mas-de-322-000-viajeros-fueron-atendidos-en-los-centros-de-vacunacion-internacional-en-2018\\\/#webpage\",\"url\":\"https:\\\/\\\/www.eldigitaldeasturias.com\\\/noticias\\\/mas-de-322-000-viajeros-fueron-atendidos-en-los-centros-de-vacunacion-internacional-en-2018\\\/\",\"name\":\"M\\u00e1s de 322.000 viajeros fueron atendidos en los centros de vacunaci\\u00f3n internacional en 2018 - El Digital de Asturias\",\"description\":\"El Ministerio de Sanidad, Consumo y Bienestar Social pone en marcha el programa \\\"La salud tambi\\u00e9n viaja 2019\\\" para recordar a quienes vayan a viajar al extranjero que consulten en un centro de vacunaci\\u00f3n internacional. En 2018, 322.491 viajeros fueron atendidos en alguno de los 107 centros de vacunaci\\u00f3n internacional, un 12,5% m\\u00e1s que el\",\"inLanguage\":\"es-ES\",\"isPartOf\":{\"@id\":\"https:\\\/\\\/www.eldigitaldeasturias.com\\\/noticias\\\/#website\"},\"breadcrumb\":{\"@id\":\"https:\\\/\\\/www.eldigitaldeasturias.com\\\/noticias\\\/mas-de-322-000-viajeros-fueron-atendidos-en-los-centros-de-vacunacion-internacional-en-2018\\\/#breadcrumblist\"},\"author\":{\"@id\":\"https:\\\/\\\/www.eldigitaldeasturias.com\\\/noticias\\\/author\\\/admin\\\/#author\"},\"creator\":{\"@id\":\"https:\\\/\\\/www.eldigitaldeasturias.com\\\/noticias\\\/author\\\/admin\\\/#author\"},\"image\":{\"@type\":\"ImageObject\",\"url\":\"https:\\\/\\\/www.eldigitaldeasturias.com\\\/noticias\\\/wp-content\\\/uploads\\\/2018\\\/09\\\/airport-1822133_960_720.jpg\",\"@id\":\"https:\\\/\\\/www.eldigitaldeasturias.com\\\/noticias\\\/mas-de-322-000-viajeros-fueron-atendidos-en-los-centros-de-vacunacion-internacional-en-2018\\\/#mainImage\",\"width\":960,\"height\":658},\"primaryImageOfPage\":{\"@id\":\"https:\\\/\\\/www.eldigitaldeasturias.com\\\/noticias\\\/mas-de-322-000-viajeros-fueron-atendidos-en-los-centros-de-vacunacion-internacional-en-2018\\\/#mainImage\"},\"datePublished\":\"2019-05-13T13:58:56+02:00\",\"dateModified\":\"2019-05-13T13:58:56+02:00\"},{\"@type\":\"WebSite\",\"@id\":\"https:\\\/\\\/www.eldigitaldeasturias.com\\\/noticias\\\/#website\",\"url\":\"https:\\\/\\\/www.eldigitaldeasturias.com\\\/noticias\\\/\",\"name\":\"El Digital de Asturias - Diario de actualidad y noticias\",\"alternateName\":\"El Digital de Asturias - Diario de actualidad y noticias\",\"description\":\"Hemeroteca\",\"inLanguage\":\"es-ES\",\"publisher\":{\"@id\":\"https:\\\/\\\/www.eldigitaldeasturias.com\\\/noticias\\\/#organization\"}}]}\n\t\t<\/script>\n\t\t<!-- All in One SEO Pro -->\r\n\t\t<title>M\u00e1s de 322.000 viajeros fueron atendidos en los centros de vacunaci\u00f3n internacional en 2018 - El Digital de Asturias<\/title>\n\n","aioseo_head_json":{"title":"M\u00e1s de 322.000 viajeros fueron atendidos en los centros de vacunaci\u00f3n internacional en 2018 - El Digital de Asturias","description":"El Ministerio de Sanidad, Consumo y Bienestar Social pone en marcha el programa \"La salud tambi\u00e9n viaja 2019\" para recordar a quienes vayan a viajar al extranjero que consulten en un centro de vacunaci\u00f3n internacional. En 2018, 322.491 viajeros fueron atendidos en alguno de los 107 centros de vacunaci\u00f3n internacional, un 12,5% m\u00e1s que el","canonical_url":"https:\/\/www.eldigitaldeasturias.com\/noticias\/mas-de-322-000-viajeros-fueron-atendidos-en-los-centros-de-vacunacion-internacional-en-2018\/","robots":"max-image-preview:large","keywords":"turismo","webmasterTools":{"google-site-verification":"UA-38556648-1","msvalidate.01":"7dfe9f3f1b24437ab69f4f2559babe99","miscellaneous":""},"schema":{"@context":"https:\/\/schema.org","@graph":[{"@type":"BlogPosting","@id":"https:\/\/www.eldigitaldeasturias.com\/noticias\/mas-de-322-000-viajeros-fueron-atendidos-en-los-centros-de-vacunacion-internacional-en-2018\/#blogposting","name":"M\u00e1s de 322.000 viajeros fueron atendidos en los centros de vacunaci\u00f3n internacional en 2018 - El Digital de Asturias","headline":"M\u00e1s de 322.000 viajeros fueron atendidos en los centros de vacunaci\u00f3n internacional en 2018","author":{"@id":"https:\/\/www.eldigitaldeasturias.com\/noticias\/author\/admin\/#author"},"publisher":{"@id":"https:\/\/www.eldigitaldeasturias.com\/noticias\/#organization"},"image":{"@type":"ImageObject","url":"https:\/\/www.eldigitaldeasturias.com\/noticias\/wp-content\/uploads\/2018\/09\/airport-1822133_960_720.jpg","width":960,"height":658},"datePublished":"2019-05-13T13:58:56+02:00","dateModified":"2019-05-13T13:58:56+02:00","inLanguage":"es-ES","mainEntityOfPage":{"@id":"https:\/\/www.eldigitaldeasturias.com\/noticias\/mas-de-322-000-viajeros-fueron-atendidos-en-los-centros-de-vacunacion-internacional-en-2018\/#webpage"},"isPartOf":{"@id":"https:\/\/www.eldigitaldeasturias.com\/noticias\/mas-de-322-000-viajeros-fueron-atendidos-en-los-centros-de-vacunacion-internacional-en-2018\/#webpage"},"articleSection":"Turismo"},{"@type":"BreadcrumbList","@id":"https:\/\/www.eldigitaldeasturias.com\/noticias\/mas-de-322-000-viajeros-fueron-atendidos-en-los-centros-de-vacunacion-internacional-en-2018\/#breadcrumblist","itemListElement":[{"@type":"ListItem","@id":"https:\/\/www.eldigitaldeasturias.com\/noticias#listItem","position":1,"name":"Home","item":"https:\/\/www.eldigitaldeasturias.com\/noticias","nextItem":{"@type":"ListItem","@id":"https:\/\/www.eldigitaldeasturias.com\/noticias\/category\/turismo\/#listItem","name":"Turismo"}},{"@type":"ListItem","@id":"https:\/\/www.eldigitaldeasturias.com\/noticias\/category\/turismo\/#listItem","position":2,"name":"Turismo","item":"https:\/\/www.eldigitaldeasturias.com\/noticias\/category\/turismo\/","nextItem":{"@type":"ListItem","@id":"https:\/\/www.eldigitaldeasturias.com\/noticias\/mas-de-322-000-viajeros-fueron-atendidos-en-los-centros-de-vacunacion-internacional-en-2018\/#listItem","name":"M\u00e1s de 322.000 viajeros fueron atendidos en los centros de vacunaci\u00f3n internacional en 2018"},"previousItem":{"@type":"ListItem","@id":"https:\/\/www.eldigitaldeasturias.com\/noticias#listItem","name":"Home"}},{"@type":"ListItem","@id":"https:\/\/www.eldigitaldeasturias.com\/noticias\/mas-de-322-000-viajeros-fueron-atendidos-en-los-centros-de-vacunacion-internacional-en-2018\/#listItem","position":3,"name":"M\u00e1s de 322.000 viajeros fueron atendidos en los centros de vacunaci\u00f3n internacional en 2018","previousItem":{"@type":"ListItem","@id":"https:\/\/www.eldigitaldeasturias.com\/noticias\/category\/turismo\/#listItem","name":"Turismo"}}]},{"@type":"Organization","@id":"https:\/\/www.eldigitaldeasturias.com\/noticias\/#organization","name":"El Digital de Asturias","description":"Hemeroteca","url":"https:\/\/www.eldigitaldeasturias.com\/noticias\/","email":"info@eldigitaldeasturias.com","telephone":"+34652131393","logo":{"@type":"ImageObject","url":"https:\/\/www.eldigitaldeasturias.com\/noticias\/wp-content\/uploads\/2020\/12\/EDA.jpg","@id":"https:\/\/www.eldigitaldeasturias.com\/noticias\/mas-de-322-000-viajeros-fueron-atendidos-en-los-centros-de-vacunacion-internacional-en-2018\/#organizationLogo","width":649,"height":297},"image":{"@id":"https:\/\/www.eldigitaldeasturias.com\/noticias\/mas-de-322-000-viajeros-fueron-atendidos-en-los-centros-de-vacunacion-internacional-en-2018\/#organizationLogo"},"sameAs":["https:\/\/facebook.com\/eldigitaldeasturias","https:\/\/www.youtube.com\/channel\/UCZP-2wLEB9Rv6erhFmqVnvg"],"address":{"@id":"https:\/\/www.eldigitaldeasturias.com\/noticias\/#postaladdress","@type":"PostalAddress","streetAddress":"san antonio 4,","postalCode":"33430","addressLocality":"Cand\u00e1s","addressRegion":"Asturias","addressCountry":"ES"}},{"@type":"Person","@id":"https:\/\/www.eldigitaldeasturias.com\/noticias\/author\/admin\/#author","url":"https:\/\/www.eldigitaldeasturias.com\/noticias\/author\/admin\/","name":"El Digital de Asturias","image":{"@type":"ImageObject","@id":"https:\/\/www.eldigitaldeasturias.com\/noticias\/mas-de-322-000-viajeros-fueron-atendidos-en-los-centros-de-vacunacion-internacional-en-2018\/#authorImage","url":"https:\/\/www.eldigitaldeasturias.com\/noticias\/wp-content\/litespeed\/avatar\/18677e78aa0546b92d9dbf31ec7d7668.jpg?ver=1777290358","width":96,"height":96,"caption":"El Digital de Asturias"}},{"@type":"WebPage","@id":"https:\/\/www.eldigitaldeasturias.com\/noticias\/mas-de-322-000-viajeros-fueron-atendidos-en-los-centros-de-vacunacion-internacional-en-2018\/#webpage","url":"https:\/\/www.eldigitaldeasturias.com\/noticias\/mas-de-322-000-viajeros-fueron-atendidos-en-los-centros-de-vacunacion-internacional-en-2018\/","name":"M\u00e1s de 322.000 viajeros fueron atendidos en los centros de vacunaci\u00f3n internacional en 2018 - El Digital de Asturias","description":"El Ministerio de Sanidad, Consumo y Bienestar Social pone en marcha el programa \"La salud tambi\u00e9n viaja 2019\" para recordar a quienes vayan a viajar al extranjero que consulten en un centro de vacunaci\u00f3n internacional. En 2018, 322.491 viajeros fueron atendidos en alguno de los 107 centros de vacunaci\u00f3n internacional, un 12,5% m\u00e1s que el","inLanguage":"es-ES","isPartOf":{"@id":"https:\/\/www.eldigitaldeasturias.com\/noticias\/#website"},"breadcrumb":{"@id":"https:\/\/www.eldigitaldeasturias.com\/noticias\/mas-de-322-000-viajeros-fueron-atendidos-en-los-centros-de-vacunacion-internacional-en-2018\/#breadcrumblist"},"author":{"@id":"https:\/\/www.eldigitaldeasturias.com\/noticias\/author\/admin\/#author"},"creator":{"@id":"https:\/\/www.eldigitaldeasturias.com\/noticias\/author\/admin\/#author"},"image":{"@type":"ImageObject","url":"https:\/\/www.eldigitaldeasturias.com\/noticias\/wp-content\/uploads\/2018\/09\/airport-1822133_960_720.jpg","@id":"https:\/\/www.eldigitaldeasturias.com\/noticias\/mas-de-322-000-viajeros-fueron-atendidos-en-los-centros-de-vacunacion-internacional-en-2018\/#mainImage","width":960,"height":658},"primaryImageOfPage":{"@id":"https:\/\/www.eldigitaldeasturias.com\/noticias\/mas-de-322-000-viajeros-fueron-atendidos-en-los-centros-de-vacunacion-internacional-en-2018\/#mainImage"},"datePublished":"2019-05-13T13:58:56+02:00","dateModified":"2019-05-13T13:58:56+02:00"},{"@type":"WebSite","@id":"https:\/\/www.eldigitaldeasturias.com\/noticias\/#website","url":"https:\/\/www.eldigitaldeasturias.com\/noticias\/","name":"El Digital de Asturias - Diario de actualidad y noticias","alternateName":"El Digital de Asturias - Diario de actualidad y noticias","description":"Hemeroteca","inLanguage":"es-ES","publisher":{"@id":"https:\/\/www.eldigitaldeasturias.com\/noticias\/#organization"}}]},"og:locale":"es_ES","og:site_name":"El Digital de Asturias","og:type":"article","og:title":"M\u00e1s de 322.000 viajeros fueron atendidos en los centros de vacunaci\u00f3n internacional en 2018 - El Digital de Asturias","og:description":"El Ministerio de Sanidad, Consumo y Bienestar Social pone en marcha el programa &quot;La salud tambi\u00e9n viaja 2019&quot; para recordar a quienes vayan a viajar al extranjero que consulten en un centro de vacunaci\u00f3n internacional. En 2018, 322.491 viajeros fueron atendidos en alguno de los 107 centros de vacunaci\u00f3n internacional, un 12,5% m\u00e1s que el","og:url":"https:\/\/www.eldigitaldeasturias.com\/noticias\/mas-de-322-000-viajeros-fueron-atendidos-en-los-centros-de-vacunacion-internacional-en-2018\/","og:image":"https:\/\/www.eldigitaldeasturias.com\/noticias\/wp-content\/uploads\/2018\/09\/airport-1822133_960_720.jpg","og:image:secure_url":"https:\/\/www.eldigitaldeasturias.com\/noticias\/wp-content\/uploads\/2018\/09\/airport-1822133_960_720.jpg","og:image:width":960,"og:image:height":658,"article:tag":["turismo"],"article:published_time":"2019-05-13T13:58:56+00:00","article:modified_time":"2019-05-13T13:58:56+00:00","article:publisher":"https:\/\/facebook.com\/eldigitaldeasturias","twitter:card":"summary_large_image","twitter:title":"M\u00e1s de 322.000 viajeros fueron atendidos en los centros de vacunaci\u00f3n internacional en 2018 - El Digital de Asturias","twitter:description":"El Ministerio de Sanidad, Consumo y Bienestar Social pone en marcha el programa &quot;La salud tambi\u00e9n viaja 2019&quot; para recordar a quienes vayan a viajar al extranjero que consulten en un centro de vacunaci\u00f3n internacional. En 2018, 322.491 viajeros fueron atendidos en alguno de los 107 centros de vacunaci\u00f3n internacional, un 12,5% m\u00e1s que el","twitter:image":"https:\/\/www.eldigitaldeasturias.com\/noticias\/wp-content\/uploads\/2018\/09\/airport-1822133_960_720.jpg","twitter:label1":"Escrito por","twitter:data1":"El Digital de Asturias","twitter:label2":"Tiempo de lectura estimado","twitter:data2":"6 minutos"},"aioseo_meta_data":{"post_id":"1027218","title":null,"description":null,"keywords":null,"keyphrases":null,"primary_term":null,"canonical_url":null,"og_title":null,"og_description":null,"og_object_type":"default","og_image_type":"default","og_image_url":null,"og_image_width":null,"og_image_height":null,"og_image_custom_url":null,"og_image_custom_fields":null,"og_video":null,"og_custom_url":null,"og_article_section":null,"og_article_tags":null,"twitter_use_og":false,"twitter_card":"default","twitter_image_type":"default","twitter_image_url":null,"twitter_image_custom_url":null,"twitter_image_custom_fields":null,"twitter_title":null,"twitter_description":null,"schema":{"blockGraphs":[],"customGraphs":[],"default":{"data":{"Article":[],"Course":[],"Dataset":[],"FAQPage":[],"Movie":[],"Person":[],"Product":[],"ProductReview":[],"Car":[],"Recipe":[],"Service":[],"SoftwareApplication":[],"WebPage":[]},"graphName":"","isEnabled":true},"graphs":[],"defaultGraph":"","defaultPostTypeGraph":""},"schema_type":null,"schema_type_options":null,"pillar_content":false,"robots_default":true,"robots_noindex":false,"robots_noarchive":false,"robots_nosnippet":false,"robots_nofollow":false,"robots_noimageindex":false,"robots_noodp":false,"robots_notranslate":false,"robots_max_snippet":null,"robots_max_videopreview":null,"robots_max_imagepreview":"large","priority":null,"frequency":null,"local_seo":null,"seo_analyzer_scan_date":"2025-10-18 04:46:13","breadcrumb_settings":null,"limit_modified_date":false,"open_ai":null,"ai":null,"created":"2020-12-21 11:12:18","updated":"2025-10-18 04:46:13"},"aioseo_breadcrumb":"<div class=\"aioseo-breadcrumbs\"><span class=\"aioseo-breadcrumb\">\n\t<a href=\"https:\/\/www.eldigitaldeasturias.com\/noticias\" title=\"Home\">Home<\/a>\n<\/span><span class=\"aioseo-breadcrumb-separator\">\u2013<\/span><span class=\"aioseo-breadcrumb\">\n\t<a href=\"https:\/\/www.eldigitaldeasturias.com\/noticias\/category\/turismo\/\" title=\"Turismo\">Turismo<\/a>\n<\/span><span class=\"aioseo-breadcrumb-separator\">\u2013<\/span><span class=\"aioseo-breadcrumb\">\n\t<a href=\"https:\/\/www.eldigitaldeasturias.com\/noticias\/mas-de-322-000-viajeros-fueron-atendidos-en-los-centros-de-vacunacion-internacional-en-2018\/\" title=\"M\u00e1s de 322.000 viajeros fueron atendidos en los centros de vacunaci\u00f3n internacional en 2018\">M\u00e1s de 322.000 viajeros fueron atendidos en los centros de vacunaci\u00f3n internacional en 2018<\/a>\n<\/span><\/div>","aioseo_breadcrumb_json":[{"label":"Home","link":"https:\/\/www.eldigitaldeasturias.com\/noticias"},{"label":"Turismo","link":"https:\/\/www.eldigitaldeasturias.com\/noticias\/category\/turismo\/"},{"label":"M\u00e1s de 322.000 viajeros fueron atendidos en los centros de vacunaci\u00f3n internacional en 2018","link":"https:\/\/www.eldigitaldeasturias.com\/noticias\/mas-de-322-000-viajeros-fueron-atendidos-en-los-centros-de-vacunacion-internacional-en-2018\/"}],"_links":{"self":[{"href":"https:\/\/www.eldigitaldeasturias.com\/noticias\/wp-json\/wp\/v2\/posts\/1027218","targetHints":{"allow":["GET"]}}],"collection":[{"href":"https:\/\/www.eldigitaldeasturias.com\/noticias\/wp-json\/wp\/v2\/posts"}],"about":[{"href":"https:\/\/www.eldigitaldeasturias.com\/noticias\/wp-json\/wp\/v2\/types\/post"}],"author":[{"embeddable":true,"href":"https:\/\/www.eldigitaldeasturias.com\/noticias\/wp-json\/wp\/v2\/users\/1"}],"replies":[{"embeddable":true,"href":"https:\/\/www.eldigitaldeasturias.com\/noticias\/wp-json\/wp\/v2\/comments?post=1027218"}],"version-history":[{"count":0,"href":"https:\/\/www.eldigitaldeasturias.com\/noticias\/wp-json\/wp\/v2\/posts\/1027218\/revisions"}],"wp:featuredmedia":[{"embeddable":true,"href":"https:\/\/www.eldigitaldeasturias.com\/noticias\/wp-json\/wp\/v2\/media\/998646"}],"wp:attachment":[{"href":"https:\/\/www.eldigitaldeasturias.com\/noticias\/wp-json\/wp\/v2\/media?parent=1027218"}],"wp:term":[{"taxonomy":"category","embeddable":true,"href":"https:\/\/www.eldigitaldeasturias.com\/noticias\/wp-json\/wp\/v2\/categories?post=1027218"},{"taxonomy":"post_tag","embeddable":true,"href":"https:\/\/www.eldigitaldeasturias.com\/noticias\/wp-json\/wp\/v2\/tags?post=1027218"}],"curies":[{"name":"wp","href":"https:\/\/api.w.org\/{rel}","templated":true}]}}