{"id":1027051,"date":"2019-05-10T17:53:25","date_gmt":"2019-05-10T17:53:25","guid":{"rendered":"https:\/\/www.eldigitaldeasturias.com\/noticias\/?p=1027051"},"modified":"2019-05-10T17:53:25","modified_gmt":"2019-05-10T17:53:25","slug":"innerdalen-el-valle-noruego-de-instagram","status":"publish","type":"post","link":"https:\/\/www.eldigitaldeasturias.com\/noticias\/innerdalen-el-valle-noruego-de-instagram\/","title":{"rendered":"Innerdalen, el valle noruego de Instagram"},"content":{"rendered":"<p><img loading=\"lazy\" decoding=\"async\" class=\"alignleft size-medium wp-image-1027052\" src=\"https:\/\/www.eldigitaldeasturias.com\/noticias\/wp-content\/uploads\/2019\/05\/Innerdalen-360x236.jpg\" alt=\"\" width=\"360\" height=\"236\" srcset=\"https:\/\/www.eldigitaldeasturias.com\/noticias\/wp-content\/uploads\/2019\/05\/Innerdalen-360x236.jpg 360w, https:\/\/www.eldigitaldeasturias.com\/noticias\/wp-content\/uploads\/2019\/05\/Innerdalen-768x503.jpg 768w, https:\/\/www.eldigitaldeasturias.com\/noticias\/wp-content\/uploads\/2019\/05\/Innerdalen-650x426.jpg 650w, https:\/\/www.eldigitaldeasturias.com\/noticias\/wp-content\/uploads\/2019\/05\/Innerdalen.jpg 1024w\" sizes=\"auto, (max-width: 360px) 100vw, 360px\" \/>(dpa) &#8211; \u00abMagn\u00edfico, incre\u00edble\u00bb, tartamudea el gu\u00eda de monta\u00f1a P\u00e5l R\u00f8srud. \u00abNunca hab\u00eda experimentado esto\u00bb. A menos de diez metros de distancia, un \u00e1guila levanta vuelo en la ladera de la monta\u00f1a. Con pesados aleteos, el \u00e1guila despega del suelo, da una vuelta y vuela hacia el valle que para muchos es el m\u00e1s bello de toda Noruega.<\/p>\n<p>Un turista llamado Ingvar Nielsen fue al parecer el primero en destacar la belleza del valle Innerdalen en el siglo XIX. La publicidad tur\u00edstica de Noruega tom\u00f3 nota y adopt\u00f3 los superlativos para difundir el lugar.<\/p>\n<p>\u00bfEs el valle m\u00e1s bello? \u00abLa gente del norte y el sur de Noruega estar\u00eda en desacuerdo\u00bb, afirma R\u00f8srud, de 36 a\u00f1os.<\/p>\n<p>Como extranjero ignorante, uno no est\u00e1 autorizado para decidir sobre cuestiones tan delicadas de gusto. Pero algo ya se puede subrayar en la corta caminata a los dos \u00fanicos albergues: Innerdalen luce como el valle escandinavo perfecto que hubiera so\u00f1ado un pintor rom\u00e1ntico.<\/p>\n<p>Dos lagos transparentes, enmarcados por laderas boscosas que se levantan sobre las rocas. Las caba\u00f1as de madera en la orilla est\u00e1n cubiertas de hierba, frente a ellas murmulla una cascada mientras el glaciar brilla en la altura.<\/p>\n<p>Este para\u00edso est\u00e1 protegido desde 1967, aunque no como parque nacional. Esto es una suerte para los hu\u00e9spedes de Eystein Opdal, cuya familia compr\u00f3 el valle hace unos 280 a\u00f1os al rey en bancarrota despu\u00e9s de una guerra. Sus vacas y ovejas pueden pastar aqu\u00ed, y los visitantes reciben crema agria de la leche de granja con los sensacionales \u00abwaffles\u00bb (gofres), adem\u00e1s de mermelada de grosellas casera.<\/p>\n<p>Opdal llega a servir 300 de estos \u00abwaffles\u00bb en los d\u00edas de alta temporada en Rennd\u00f8lsetra. \u00abEn los \u00faltimos cuatro a\u00f1os la cantidad de hu\u00e9spedes creci\u00f3 un 30 por ciento\u00bb, se\u00f1ala. Los visitantes llegan desde diversos rincones del mundo, entre ellos China, Dubai y Estados Unidos.<\/p>\n<p>La raz\u00f3n: todas las fotograf\u00edas que publican en Instagram y Facebook. Y un \u00abreality show\u00bb de la televisi\u00f3n noruega en la que personalidades escalaron el Innerdalst\u00e5rnet, el cerro al que algunos consideran el \u00abMatterhorn\u00bb (monte Cervino) de Noruega. El monte emerge como una pir\u00e1mide sobre el valle, cual proa de un rompehielos visto desde la cubierta.<\/p>\n<p>El segundo albergue est\u00e1 a solo un par de minutos de caminata por el valle. \u00abCuando era ni\u00f1o, los glaciares llegaban casi hasta el lago\u00bb, recuerda Iver Innerdal, de 68 a\u00f1os, el feliz due\u00f1o de casa.<\/p>\n<p>Su bisabuelo construy\u00f3 la caba\u00f1a en 1889, la Gammelhytta. Su padre renov\u00f3 la nueva casa de al lado.<\/p>\n<p>Innerdal escal\u00f3 a los cinco o seis a\u00f1os de edad el Innerdalst\u00e5rnet por primera vez con un turista. En aquel entonces llegaban a la zona escaladores, particularmente. Hoy en cambio la mayor\u00eda de los visitantes son excursionistas que quieren subir a la torre de piedra que ven en las fotograf\u00edas subidas a las redes.<\/p>\n<p>\u00abEl a\u00f1o pasado llegaron a subir 200 personas en un d\u00eda\u00bb, se\u00f1ala Innerdal. \u00abDemasiadas\u00bb, agrega. Hubo accidentes y varios turistas debieron ser rescatados en helic\u00f3ptero.<\/p>\n<p>El Innerdalst\u00e5rnet tiene s\u00f3lo 1.452 metros de altura, pero no debe ser subestimado, en especial cuando llueve.<\/p>\n<p>\u00abEl clima es muy cambiante aqu\u00ed\u00bb, explica P\u00e5l R\u00f8srud al d\u00eda siguiente. Hoy las monta\u00f1as est\u00e1n tapadas por nubes oscuras. \u00abNing\u00fan problema\u00bb, dice R\u00f8srud.<\/p>\n<p>A trav\u00e9s de helechos y bayas de serbal, el fangoso camino recorre la orilla del lago. Una pasarela de tablones se balancea sobre un pantano y a trav\u00e9s de un bosque de abedules. Despu\u00e9s de una hora de subida, el sendero sale del bosque.<\/p>\n<p>En una zona rocosa, hay un hombre de piedra. \u00abMuchas familias llegan hasta aqu\u00ed y luego dan la vuelta\u00bb, afirma R\u00f8srud. Es comprensible, la vista panor\u00e1mica de los dos lagos es lo suficientemente bella. A partir de ahora el camino se vuelve m\u00e1s inc\u00f3modo.<\/p>\n<p>El viento silba a trav\u00e9s del valle alto como por una boquilla. Y comienza a llover. Pero el Flatvaddalen sigue siendo hermoso: un lago alargado con paredes de rocas filosas a ambas m\u00e1rgenes.<\/p>\n<p>En un empinado zigzagueo el sendero sube hacia la monta\u00f1a, a trav\u00e9s de un tapiz de helechos. Las paredes rocosas lucen como basalto, con cantos en punta y escalones. La caminata se convierte en escalada y cada vez se necesita usar m\u00e1s las manos para trepar.<\/p>\n<p>No hay marcas de pintura que marquen el camino ideal para llegar a la cima. \u00abLa monta\u00f1a debe permanecer en estado salvaje, natural\u00bb, explica R\u00f8srud. \u00abY no se quiere atraer a m\u00e1s gente\u00bb. La consecuencia es que algunos visitantes se pierden y deben regresar.<\/p>\n<p>Se perder\u00e1n una fant\u00e1stica vista panor\u00e1mica del valle y de los lagos, glaciares y picos circundantes. Detr\u00e1s de la torre de piedra llamada Varde, que en Noruega se levanta sobre monta\u00f1as en lugar de una cruz, hay una calma sorprendente. Y as\u00ed se puede disfrutar de la vista de forma relajada, mientras caen finos copos de nieve. \u00abEn la monta\u00f1a de enfrente, la vista es a\u00fan m\u00e1s hermosa\u00bb, asegura R\u00f8srud. Suena como una promesa.<\/p>\n<p>As\u00ed, al d\u00eda siguiente comienza el ascenso siguiendo un arroyo. Varios palcos naturales ofrecen una vista panor\u00e1mica de lujo. En un punto azul, R\u00f8srud gira a la derecha y trepa hasta la cresta. No prometi\u00f3 de m\u00e1s.<\/p>\n<p>El panorama es a\u00fan m\u00e1s sublime que la del d\u00eda anterior. En especial cuando el sol asoma por entre las nubes, delinea el contorno de las monta\u00f1as e ilumina la vegetaci\u00f3n colorida.<\/p>\n<p>\u00abIncluso los d\u00edas en que hay cientos de personas sobre el Innerdalst\u00e5rnet, aqu\u00ed casi no hay nadie\u00bb, afirma R\u00f8srud. \u00abTodos quieren subir a la torre de piedra\u00bb. Hay que estar casi agradecido a Instagram por ello.<\/p>\n<p><strong><i class=\"lang-es\"><span class=\" readonly\" title=\"\">Por Florian Sanktjohanser (dpa)<\/span><\/i><\/strong><\/p>\n<p><em>Foto: Florian Sanktjohanser\/dpa-tmn\u00a0<\/em><\/p>\n","protected":false},"excerpt":{"rendered":"<p>(dpa) &#8211; \u00abMagn\u00edfico, incre\u00edble\u00bb, tartamudea el gu\u00eda de monta\u00f1a P\u00e5l R\u00f8srud. \u00abNunca hab\u00eda experimentado esto\u00bb. A menos de diez metros de distancia, un \u00e1guila levanta vuelo en la ladera de la monta\u00f1a. Con pesados aleteos, el \u00e1guila despega del suelo, da una vuelta y vuela hacia el valle que para muchos es el m\u00e1s bello [&hellip;]<\/p>\n","protected":false},"author":1,"featured_media":1027052,"comment_status":"closed","ping_status":"closed","sticky":false,"template":"","format":"standard","meta":{"footnotes":""},"categories":[148],"tags":[],"class_list":["post-1027051","post","type-post","status-publish","format-standard","has-post-thumbnail","hentry","category-turismo"],"aioseo_notices":[],"aioseo_head":"\n\t\t<!-- All in One SEO Pro 4.9.6.2 - aioseo.com -->\n\t<meta name=\"description\" content=\"(dpa) - &quot;Magn\u00edfico, incre\u00edble&quot;, tartamudea el gu\u00eda de monta\u00f1a P\u00e5l R\u00f8srud. &quot;Nunca hab\u00eda experimentado esto&quot;. A menos de diez metros de distancia, un \u00e1guila levanta vuelo en la ladera de la monta\u00f1a. Con pesados aleteos, el \u00e1guila despega del suelo, da una vuelta y vuela hacia el valle que para muchos es el m\u00e1s bello\" \/>\n\t<meta name=\"robots\" content=\"max-image-preview:large\" \/>\n\t<meta name=\"author\" content=\"El Digital de Asturias\"\/>\n\t<meta name=\"google-site-verification\" content=\"UA-38556648-1\" \/>\n\t<meta name=\"msvalidate.01\" content=\"7dfe9f3f1b24437ab69f4f2559babe99\" \/>\n\t<meta name=\"keywords\" content=\"turismo\" \/>\n\t<link rel=\"canonical\" href=\"https:\/\/www.eldigitaldeasturias.com\/noticias\/innerdalen-el-valle-noruego-de-instagram\/\" \/>\n\t<meta name=\"generator\" content=\"All in One SEO Pro (AIOSEO) 4.9.6.2\" \/>\n\t\t<meta property=\"og:locale\" content=\"es_ES\" \/>\n\t\t<meta property=\"og:site_name\" content=\"El Digital de Asturias\" \/>\n\t\t<meta property=\"og:type\" content=\"article\" \/>\n\t\t<meta property=\"og:title\" content=\"Innerdalen, el valle noruego de Instagram - El Digital de Asturias\" \/>\n\t\t<meta property=\"og:description\" content=\"(dpa) - &quot;Magn\u00edfico, incre\u00edble&quot;, tartamudea el gu\u00eda de monta\u00f1a P\u00e5l R\u00f8srud. &quot;Nunca hab\u00eda experimentado esto&quot;. A menos de diez metros de distancia, un \u00e1guila levanta vuelo en la ladera de la monta\u00f1a. Con pesados aleteos, el \u00e1guila despega del suelo, da una vuelta y vuela hacia el valle que para muchos es el m\u00e1s bello\" \/>\n\t\t<meta property=\"og:url\" content=\"https:\/\/www.eldigitaldeasturias.com\/noticias\/innerdalen-el-valle-noruego-de-instagram\/\" \/>\n\t\t<meta property=\"og:image\" content=\"https:\/\/www.eldigitaldeasturias.com\/noticias\/wp-content\/uploads\/2019\/05\/Innerdalen.jpg\" \/>\n\t\t<meta property=\"og:image:secure_url\" content=\"https:\/\/www.eldigitaldeasturias.com\/noticias\/wp-content\/uploads\/2019\/05\/Innerdalen.jpg\" \/>\n\t\t<meta property=\"og:image:width\" content=\"1024\" \/>\n\t\t<meta property=\"og:image:height\" content=\"671\" \/>\n\t\t<meta property=\"article:tag\" content=\"turismo\" \/>\n\t\t<meta property=\"article:published_time\" content=\"2019-05-10T17:53:25+00:00\" \/>\n\t\t<meta property=\"article:modified_time\" content=\"2019-05-10T17:53:25+00:00\" \/>\n\t\t<meta property=\"article:publisher\" content=\"https:\/\/facebook.com\/eldigitaldeasturias\" \/>\n\t\t<meta name=\"twitter:card\" content=\"summary_large_image\" \/>\n\t\t<meta name=\"twitter:title\" content=\"Innerdalen, el valle noruego de Instagram - El Digital de Asturias\" \/>\n\t\t<meta name=\"twitter:description\" content=\"(dpa) - &quot;Magn\u00edfico, incre\u00edble&quot;, tartamudea el gu\u00eda de monta\u00f1a P\u00e5l R\u00f8srud. &quot;Nunca hab\u00eda experimentado esto&quot;. A menos de diez metros de distancia, un \u00e1guila levanta vuelo en la ladera de la monta\u00f1a. Con pesados aleteos, el \u00e1guila despega del suelo, da una vuelta y vuela hacia el valle que para muchos es el m\u00e1s bello\" \/>\n\t\t<meta name=\"twitter:image\" content=\"https:\/\/www.eldigitaldeasturias.com\/noticias\/wp-content\/uploads\/2019\/05\/Innerdalen.jpg\" \/>\n\t\t<meta name=\"twitter:label1\" content=\"Escrito por\" \/>\n\t\t<meta name=\"twitter:data1\" content=\"El Digital de Asturias\" \/>\n\t\t<meta name=\"twitter:label2\" content=\"Tiempo de lectura estimado\" \/>\n\t\t<meta name=\"twitter:data2\" content=\"5 minutos\" \/>\n\t\t<script type=\"application\/ld+json\" class=\"aioseo-schema\">\n\t\t\t{\"@context\":\"https:\\\/\\\/schema.org\",\"@graph\":[{\"@type\":\"BlogPosting\",\"@id\":\"https:\\\/\\\/www.eldigitaldeasturias.com\\\/noticias\\\/innerdalen-el-valle-noruego-de-instagram\\\/#blogposting\",\"name\":\"Innerdalen, el valle noruego de Instagram - El Digital de Asturias\",\"headline\":\"Innerdalen, el valle noruego de Instagram\",\"author\":{\"@id\":\"https:\\\/\\\/www.eldigitaldeasturias.com\\\/noticias\\\/author\\\/admin\\\/#author\"},\"publisher\":{\"@id\":\"https:\\\/\\\/www.eldigitaldeasturias.com\\\/noticias\\\/#organization\"},\"image\":{\"@type\":\"ImageObject\",\"url\":\"https:\\\/\\\/www.eldigitaldeasturias.com\\\/noticias\\\/wp-content\\\/uploads\\\/2019\\\/05\\\/Innerdalen.jpg\",\"width\":1024,\"height\":671},\"datePublished\":\"2019-05-10T17:53:25+02:00\",\"dateModified\":\"2019-05-10T17:53:25+02:00\",\"inLanguage\":\"es-ES\",\"mainEntityOfPage\":{\"@id\":\"https:\\\/\\\/www.eldigitaldeasturias.com\\\/noticias\\\/innerdalen-el-valle-noruego-de-instagram\\\/#webpage\"},\"isPartOf\":{\"@id\":\"https:\\\/\\\/www.eldigitaldeasturias.com\\\/noticias\\\/innerdalen-el-valle-noruego-de-instagram\\\/#webpage\"},\"articleSection\":\"Turismo\"},{\"@type\":\"BreadcrumbList\",\"@id\":\"https:\\\/\\\/www.eldigitaldeasturias.com\\\/noticias\\\/innerdalen-el-valle-noruego-de-instagram\\\/#breadcrumblist\",\"itemListElement\":[{\"@type\":\"ListItem\",\"@id\":\"https:\\\/\\\/www.eldigitaldeasturias.com\\\/noticias#listItem\",\"position\":1,\"name\":\"Home\",\"item\":\"https:\\\/\\\/www.eldigitaldeasturias.com\\\/noticias\",\"nextItem\":{\"@type\":\"ListItem\",\"@id\":\"https:\\\/\\\/www.eldigitaldeasturias.com\\\/noticias\\\/category\\\/turismo\\\/#listItem\",\"name\":\"Turismo\"}},{\"@type\":\"ListItem\",\"@id\":\"https:\\\/\\\/www.eldigitaldeasturias.com\\\/noticias\\\/category\\\/turismo\\\/#listItem\",\"position\":2,\"name\":\"Turismo\",\"item\":\"https:\\\/\\\/www.eldigitaldeasturias.com\\\/noticias\\\/category\\\/turismo\\\/\",\"nextItem\":{\"@type\":\"ListItem\",\"@id\":\"https:\\\/\\\/www.eldigitaldeasturias.com\\\/noticias\\\/innerdalen-el-valle-noruego-de-instagram\\\/#listItem\",\"name\":\"Innerdalen, el valle noruego de Instagram\"},\"previousItem\":{\"@type\":\"ListItem\",\"@id\":\"https:\\\/\\\/www.eldigitaldeasturias.com\\\/noticias#listItem\",\"name\":\"Home\"}},{\"@type\":\"ListItem\",\"@id\":\"https:\\\/\\\/www.eldigitaldeasturias.com\\\/noticias\\\/innerdalen-el-valle-noruego-de-instagram\\\/#listItem\",\"position\":3,\"name\":\"Innerdalen, el valle noruego de Instagram\",\"previousItem\":{\"@type\":\"ListItem\",\"@id\":\"https:\\\/\\\/www.eldigitaldeasturias.com\\\/noticias\\\/category\\\/turismo\\\/#listItem\",\"name\":\"Turismo\"}}]},{\"@type\":\"Organization\",\"@id\":\"https:\\\/\\\/www.eldigitaldeasturias.com\\\/noticias\\\/#organization\",\"name\":\"El Digital de Asturias\",\"description\":\"Hemeroteca\",\"url\":\"https:\\\/\\\/www.eldigitaldeasturias.com\\\/noticias\\\/\",\"email\":\"info@eldigitaldeasturias.com\",\"telephone\":\"+34652131393\",\"logo\":{\"@type\":\"ImageObject\",\"url\":\"https:\\\/\\\/www.eldigitaldeasturias.com\\\/noticias\\\/wp-content\\\/uploads\\\/2020\\\/12\\\/EDA.jpg\",\"@id\":\"https:\\\/\\\/www.eldigitaldeasturias.com\\\/noticias\\\/innerdalen-el-valle-noruego-de-instagram\\\/#organizationLogo\",\"width\":649,\"height\":297},\"image\":{\"@id\":\"https:\\\/\\\/www.eldigitaldeasturias.com\\\/noticias\\\/innerdalen-el-valle-noruego-de-instagram\\\/#organizationLogo\"},\"sameAs\":[\"https:\\\/\\\/facebook.com\\\/eldigitaldeasturias\",\"https:\\\/\\\/www.youtube.com\\\/channel\\\/UCZP-2wLEB9Rv6erhFmqVnvg\"],\"address\":{\"@id\":\"https:\\\/\\\/www.eldigitaldeasturias.com\\\/noticias\\\/#postaladdress\",\"@type\":\"PostalAddress\",\"streetAddress\":\"san antonio 4,\",\"postalCode\":\"33430\",\"addressLocality\":\"Cand\\u00e1s\",\"addressRegion\":\"Asturias\",\"addressCountry\":\"ES\"}},{\"@type\":\"Person\",\"@id\":\"https:\\\/\\\/www.eldigitaldeasturias.com\\\/noticias\\\/author\\\/admin\\\/#author\",\"url\":\"https:\\\/\\\/www.eldigitaldeasturias.com\\\/noticias\\\/author\\\/admin\\\/\",\"name\":\"El Digital de Asturias\",\"image\":{\"@type\":\"ImageObject\",\"@id\":\"https:\\\/\\\/www.eldigitaldeasturias.com\\\/noticias\\\/innerdalen-el-valle-noruego-de-instagram\\\/#authorImage\",\"url\":\"https:\\\/\\\/www.eldigitaldeasturias.com\\\/noticias\\\/wp-content\\\/litespeed\\\/avatar\\\/18677e78aa0546b92d9dbf31ec7d7668.jpg?ver=1777290358\",\"width\":96,\"height\":96,\"caption\":\"El Digital de Asturias\"}},{\"@type\":\"WebPage\",\"@id\":\"https:\\\/\\\/www.eldigitaldeasturias.com\\\/noticias\\\/innerdalen-el-valle-noruego-de-instagram\\\/#webpage\",\"url\":\"https:\\\/\\\/www.eldigitaldeasturias.com\\\/noticias\\\/innerdalen-el-valle-noruego-de-instagram\\\/\",\"name\":\"Innerdalen, el valle noruego de Instagram - El Digital de Asturias\",\"description\":\"(dpa) - \\\"Magn\\u00edfico, incre\\u00edble\\\", tartamudea el gu\\u00eda de monta\\u00f1a P\\u00e5l R\\u00f8srud. \\\"Nunca hab\\u00eda experimentado esto\\\". A menos de diez metros de distancia, un \\u00e1guila levanta vuelo en la ladera de la monta\\u00f1a. Con pesados aleteos, el \\u00e1guila despega del suelo, da una vuelta y vuela hacia el valle que para muchos es el m\\u00e1s bello\",\"inLanguage\":\"es-ES\",\"isPartOf\":{\"@id\":\"https:\\\/\\\/www.eldigitaldeasturias.com\\\/noticias\\\/#website\"},\"breadcrumb\":{\"@id\":\"https:\\\/\\\/www.eldigitaldeasturias.com\\\/noticias\\\/innerdalen-el-valle-noruego-de-instagram\\\/#breadcrumblist\"},\"author\":{\"@id\":\"https:\\\/\\\/www.eldigitaldeasturias.com\\\/noticias\\\/author\\\/admin\\\/#author\"},\"creator\":{\"@id\":\"https:\\\/\\\/www.eldigitaldeasturias.com\\\/noticias\\\/author\\\/admin\\\/#author\"},\"image\":{\"@type\":\"ImageObject\",\"url\":\"https:\\\/\\\/www.eldigitaldeasturias.com\\\/noticias\\\/wp-content\\\/uploads\\\/2019\\\/05\\\/Innerdalen.jpg\",\"@id\":\"https:\\\/\\\/www.eldigitaldeasturias.com\\\/noticias\\\/innerdalen-el-valle-noruego-de-instagram\\\/#mainImage\",\"width\":1024,\"height\":671},\"primaryImageOfPage\":{\"@id\":\"https:\\\/\\\/www.eldigitaldeasturias.com\\\/noticias\\\/innerdalen-el-valle-noruego-de-instagram\\\/#mainImage\"},\"datePublished\":\"2019-05-10T17:53:25+02:00\",\"dateModified\":\"2019-05-10T17:53:25+02:00\"},{\"@type\":\"WebSite\",\"@id\":\"https:\\\/\\\/www.eldigitaldeasturias.com\\\/noticias\\\/#website\",\"url\":\"https:\\\/\\\/www.eldigitaldeasturias.com\\\/noticias\\\/\",\"name\":\"El Digital de Asturias - Diario de actualidad y noticias\",\"alternateName\":\"El Digital de Asturias - Diario de actualidad y noticias\",\"description\":\"Hemeroteca\",\"inLanguage\":\"es-ES\",\"publisher\":{\"@id\":\"https:\\\/\\\/www.eldigitaldeasturias.com\\\/noticias\\\/#organization\"}}]}\n\t\t<\/script>\n\t\t<!-- All in One SEO Pro -->\r\n\t\t<title>Innerdalen, el valle noruego de Instagram - El Digital de Asturias<\/title>\n\n","aioseo_head_json":{"title":"Innerdalen, el valle noruego de Instagram - El Digital de Asturias","description":"(dpa) - \"Magn\u00edfico, incre\u00edble\", tartamudea el gu\u00eda de monta\u00f1a P\u00e5l R\u00f8srud. \"Nunca hab\u00eda experimentado esto\". A menos de diez metros de distancia, un \u00e1guila levanta vuelo en la ladera de la monta\u00f1a. Con pesados aleteos, el \u00e1guila despega del suelo, da una vuelta y vuela hacia el valle que para muchos es el m\u00e1s bello","canonical_url":"https:\/\/www.eldigitaldeasturias.com\/noticias\/innerdalen-el-valle-noruego-de-instagram\/","robots":"max-image-preview:large","keywords":"turismo","webmasterTools":{"google-site-verification":"UA-38556648-1","msvalidate.01":"7dfe9f3f1b24437ab69f4f2559babe99","miscellaneous":""},"schema":{"@context":"https:\/\/schema.org","@graph":[{"@type":"BlogPosting","@id":"https:\/\/www.eldigitaldeasturias.com\/noticias\/innerdalen-el-valle-noruego-de-instagram\/#blogposting","name":"Innerdalen, el valle noruego de Instagram - El Digital de Asturias","headline":"Innerdalen, el valle noruego de Instagram","author":{"@id":"https:\/\/www.eldigitaldeasturias.com\/noticias\/author\/admin\/#author"},"publisher":{"@id":"https:\/\/www.eldigitaldeasturias.com\/noticias\/#organization"},"image":{"@type":"ImageObject","url":"https:\/\/www.eldigitaldeasturias.com\/noticias\/wp-content\/uploads\/2019\/05\/Innerdalen.jpg","width":1024,"height":671},"datePublished":"2019-05-10T17:53:25+02:00","dateModified":"2019-05-10T17:53:25+02:00","inLanguage":"es-ES","mainEntityOfPage":{"@id":"https:\/\/www.eldigitaldeasturias.com\/noticias\/innerdalen-el-valle-noruego-de-instagram\/#webpage"},"isPartOf":{"@id":"https:\/\/www.eldigitaldeasturias.com\/noticias\/innerdalen-el-valle-noruego-de-instagram\/#webpage"},"articleSection":"Turismo"},{"@type":"BreadcrumbList","@id":"https:\/\/www.eldigitaldeasturias.com\/noticias\/innerdalen-el-valle-noruego-de-instagram\/#breadcrumblist","itemListElement":[{"@type":"ListItem","@id":"https:\/\/www.eldigitaldeasturias.com\/noticias#listItem","position":1,"name":"Home","item":"https:\/\/www.eldigitaldeasturias.com\/noticias","nextItem":{"@type":"ListItem","@id":"https:\/\/www.eldigitaldeasturias.com\/noticias\/category\/turismo\/#listItem","name":"Turismo"}},{"@type":"ListItem","@id":"https:\/\/www.eldigitaldeasturias.com\/noticias\/category\/turismo\/#listItem","position":2,"name":"Turismo","item":"https:\/\/www.eldigitaldeasturias.com\/noticias\/category\/turismo\/","nextItem":{"@type":"ListItem","@id":"https:\/\/www.eldigitaldeasturias.com\/noticias\/innerdalen-el-valle-noruego-de-instagram\/#listItem","name":"Innerdalen, el valle noruego de Instagram"},"previousItem":{"@type":"ListItem","@id":"https:\/\/www.eldigitaldeasturias.com\/noticias#listItem","name":"Home"}},{"@type":"ListItem","@id":"https:\/\/www.eldigitaldeasturias.com\/noticias\/innerdalen-el-valle-noruego-de-instagram\/#listItem","position":3,"name":"Innerdalen, el valle noruego de Instagram","previousItem":{"@type":"ListItem","@id":"https:\/\/www.eldigitaldeasturias.com\/noticias\/category\/turismo\/#listItem","name":"Turismo"}}]},{"@type":"Organization","@id":"https:\/\/www.eldigitaldeasturias.com\/noticias\/#organization","name":"El Digital de Asturias","description":"Hemeroteca","url":"https:\/\/www.eldigitaldeasturias.com\/noticias\/","email":"info@eldigitaldeasturias.com","telephone":"+34652131393","logo":{"@type":"ImageObject","url":"https:\/\/www.eldigitaldeasturias.com\/noticias\/wp-content\/uploads\/2020\/12\/EDA.jpg","@id":"https:\/\/www.eldigitaldeasturias.com\/noticias\/innerdalen-el-valle-noruego-de-instagram\/#organizationLogo","width":649,"height":297},"image":{"@id":"https:\/\/www.eldigitaldeasturias.com\/noticias\/innerdalen-el-valle-noruego-de-instagram\/#organizationLogo"},"sameAs":["https:\/\/facebook.com\/eldigitaldeasturias","https:\/\/www.youtube.com\/channel\/UCZP-2wLEB9Rv6erhFmqVnvg"],"address":{"@id":"https:\/\/www.eldigitaldeasturias.com\/noticias\/#postaladdress","@type":"PostalAddress","streetAddress":"san antonio 4,","postalCode":"33430","addressLocality":"Cand\u00e1s","addressRegion":"Asturias","addressCountry":"ES"}},{"@type":"Person","@id":"https:\/\/www.eldigitaldeasturias.com\/noticias\/author\/admin\/#author","url":"https:\/\/www.eldigitaldeasturias.com\/noticias\/author\/admin\/","name":"El Digital de Asturias","image":{"@type":"ImageObject","@id":"https:\/\/www.eldigitaldeasturias.com\/noticias\/innerdalen-el-valle-noruego-de-instagram\/#authorImage","url":"https:\/\/www.eldigitaldeasturias.com\/noticias\/wp-content\/litespeed\/avatar\/18677e78aa0546b92d9dbf31ec7d7668.jpg?ver=1777290358","width":96,"height":96,"caption":"El Digital de Asturias"}},{"@type":"WebPage","@id":"https:\/\/www.eldigitaldeasturias.com\/noticias\/innerdalen-el-valle-noruego-de-instagram\/#webpage","url":"https:\/\/www.eldigitaldeasturias.com\/noticias\/innerdalen-el-valle-noruego-de-instagram\/","name":"Innerdalen, el valle noruego de Instagram - El Digital de Asturias","description":"(dpa) - \"Magn\u00edfico, incre\u00edble\", tartamudea el gu\u00eda de monta\u00f1a P\u00e5l R\u00f8srud. \"Nunca hab\u00eda experimentado esto\". A menos de diez metros de distancia, un \u00e1guila levanta vuelo en la ladera de la monta\u00f1a. Con pesados aleteos, el \u00e1guila despega del suelo, da una vuelta y vuela hacia el valle que para muchos es el m\u00e1s bello","inLanguage":"es-ES","isPartOf":{"@id":"https:\/\/www.eldigitaldeasturias.com\/noticias\/#website"},"breadcrumb":{"@id":"https:\/\/www.eldigitaldeasturias.com\/noticias\/innerdalen-el-valle-noruego-de-instagram\/#breadcrumblist"},"author":{"@id":"https:\/\/www.eldigitaldeasturias.com\/noticias\/author\/admin\/#author"},"creator":{"@id":"https:\/\/www.eldigitaldeasturias.com\/noticias\/author\/admin\/#author"},"image":{"@type":"ImageObject","url":"https:\/\/www.eldigitaldeasturias.com\/noticias\/wp-content\/uploads\/2019\/05\/Innerdalen.jpg","@id":"https:\/\/www.eldigitaldeasturias.com\/noticias\/innerdalen-el-valle-noruego-de-instagram\/#mainImage","width":1024,"height":671},"primaryImageOfPage":{"@id":"https:\/\/www.eldigitaldeasturias.com\/noticias\/innerdalen-el-valle-noruego-de-instagram\/#mainImage"},"datePublished":"2019-05-10T17:53:25+02:00","dateModified":"2019-05-10T17:53:25+02:00"},{"@type":"WebSite","@id":"https:\/\/www.eldigitaldeasturias.com\/noticias\/#website","url":"https:\/\/www.eldigitaldeasturias.com\/noticias\/","name":"El Digital de Asturias - Diario de actualidad y noticias","alternateName":"El Digital de Asturias - Diario de actualidad y noticias","description":"Hemeroteca","inLanguage":"es-ES","publisher":{"@id":"https:\/\/www.eldigitaldeasturias.com\/noticias\/#organization"}}]},"og:locale":"es_ES","og:site_name":"El Digital de Asturias","og:type":"article","og:title":"Innerdalen, el valle noruego de Instagram - El Digital de Asturias","og:description":"(dpa) - &quot;Magn\u00edfico, incre\u00edble&quot;, tartamudea el gu\u00eda de monta\u00f1a P\u00e5l R\u00f8srud. &quot;Nunca hab\u00eda experimentado esto&quot;. A menos de diez metros de distancia, un \u00e1guila levanta vuelo en la ladera de la monta\u00f1a. Con pesados aleteos, el \u00e1guila despega del suelo, da una vuelta y vuela hacia el valle que para muchos es el m\u00e1s bello","og:url":"https:\/\/www.eldigitaldeasturias.com\/noticias\/innerdalen-el-valle-noruego-de-instagram\/","og:image":"https:\/\/www.eldigitaldeasturias.com\/noticias\/wp-content\/uploads\/2019\/05\/Innerdalen.jpg","og:image:secure_url":"https:\/\/www.eldigitaldeasturias.com\/noticias\/wp-content\/uploads\/2019\/05\/Innerdalen.jpg","og:image:width":1024,"og:image:height":671,"article:tag":["turismo"],"article:published_time":"2019-05-10T17:53:25+00:00","article:modified_time":"2019-05-10T17:53:25+00:00","article:publisher":"https:\/\/facebook.com\/eldigitaldeasturias","twitter:card":"summary_large_image","twitter:title":"Innerdalen, el valle noruego de Instagram - El Digital de Asturias","twitter:description":"(dpa) - &quot;Magn\u00edfico, incre\u00edble&quot;, tartamudea el gu\u00eda de monta\u00f1a P\u00e5l R\u00f8srud. &quot;Nunca hab\u00eda experimentado esto&quot;. A menos de diez metros de distancia, un \u00e1guila levanta vuelo en la ladera de la monta\u00f1a. Con pesados aleteos, el \u00e1guila despega del suelo, da una vuelta y vuela hacia el valle que para muchos es el m\u00e1s bello","twitter:image":"https:\/\/www.eldigitaldeasturias.com\/noticias\/wp-content\/uploads\/2019\/05\/Innerdalen.jpg","twitter:label1":"Escrito por","twitter:data1":"El Digital de Asturias","twitter:label2":"Tiempo de lectura estimado","twitter:data2":"5 minutos"},"aioseo_meta_data":{"post_id":"1027051","title":null,"description":null,"keywords":null,"keyphrases":null,"primary_term":null,"canonical_url":null,"og_title":null,"og_description":null,"og_object_type":"default","og_image_type":"default","og_image_url":null,"og_image_width":null,"og_image_height":null,"og_image_custom_url":null,"og_image_custom_fields":null,"og_video":null,"og_custom_url":null,"og_article_section":null,"og_article_tags":null,"twitter_use_og":false,"twitter_card":"default","twitter_image_type":"default","twitter_image_url":null,"twitter_image_custom_url":null,"twitter_image_custom_fields":null,"twitter_title":null,"twitter_description":null,"schema":{"blockGraphs":[],"customGraphs":[],"default":{"data":{"Article":[],"Course":[],"Dataset":[],"FAQPage":[],"Movie":[],"Person":[],"Product":[],"ProductReview":[],"Car":[],"Recipe":[],"Service":[],"SoftwareApplication":[],"WebPage":[]},"graphName":"","isEnabled":true},"graphs":[],"defaultGraph":"","defaultPostTypeGraph":""},"schema_type":null,"schema_type_options":null,"pillar_content":false,"robots_default":true,"robots_noindex":false,"robots_noarchive":false,"robots_nosnippet":false,"robots_nofollow":false,"robots_noimageindex":false,"robots_noodp":false,"robots_notranslate":false,"robots_max_snippet":null,"robots_max_videopreview":null,"robots_max_imagepreview":"large","priority":null,"frequency":null,"local_seo":null,"seo_analyzer_scan_date":"2025-10-18 04:12:06","breadcrumb_settings":null,"limit_modified_date":false,"open_ai":null,"ai":null,"created":"2020-12-21 11:12:18","updated":"2025-10-18 04:12:06"},"aioseo_breadcrumb":"<div class=\"aioseo-breadcrumbs\"><span class=\"aioseo-breadcrumb\">\n\t<a href=\"https:\/\/www.eldigitaldeasturias.com\/noticias\" title=\"Home\">Home<\/a>\n<\/span><span class=\"aioseo-breadcrumb-separator\">\u2013<\/span><span class=\"aioseo-breadcrumb\">\n\t<a href=\"https:\/\/www.eldigitaldeasturias.com\/noticias\/category\/turismo\/\" title=\"Turismo\">Turismo<\/a>\n<\/span><span class=\"aioseo-breadcrumb-separator\">\u2013<\/span><span class=\"aioseo-breadcrumb\">\n\t<a href=\"https:\/\/www.eldigitaldeasturias.com\/noticias\/innerdalen-el-valle-noruego-de-instagram\/\" title=\"Innerdalen, el valle noruego de Instagram\">Innerdalen, el valle noruego de Instagram<\/a>\n<\/span><\/div>","aioseo_breadcrumb_json":[{"label":"Home","link":"https:\/\/www.eldigitaldeasturias.com\/noticias"},{"label":"Turismo","link":"https:\/\/www.eldigitaldeasturias.com\/noticias\/category\/turismo\/"},{"label":"Innerdalen, el valle noruego de Instagram","link":"https:\/\/www.eldigitaldeasturias.com\/noticias\/innerdalen-el-valle-noruego-de-instagram\/"}],"_links":{"self":[{"href":"https:\/\/www.eldigitaldeasturias.com\/noticias\/wp-json\/wp\/v2\/posts\/1027051","targetHints":{"allow":["GET"]}}],"collection":[{"href":"https:\/\/www.eldigitaldeasturias.com\/noticias\/wp-json\/wp\/v2\/posts"}],"about":[{"href":"https:\/\/www.eldigitaldeasturias.com\/noticias\/wp-json\/wp\/v2\/types\/post"}],"author":[{"embeddable":true,"href":"https:\/\/www.eldigitaldeasturias.com\/noticias\/wp-json\/wp\/v2\/users\/1"}],"replies":[{"embeddable":true,"href":"https:\/\/www.eldigitaldeasturias.com\/noticias\/wp-json\/wp\/v2\/comments?post=1027051"}],"version-history":[{"count":0,"href":"https:\/\/www.eldigitaldeasturias.com\/noticias\/wp-json\/wp\/v2\/posts\/1027051\/revisions"}],"wp:featuredmedia":[{"embeddable":true,"href":"https:\/\/www.eldigitaldeasturias.com\/noticias\/wp-json\/wp\/v2\/media\/1027052"}],"wp:attachment":[{"href":"https:\/\/www.eldigitaldeasturias.com\/noticias\/wp-json\/wp\/v2\/media?parent=1027051"}],"wp:term":[{"taxonomy":"category","embeddable":true,"href":"https:\/\/www.eldigitaldeasturias.com\/noticias\/wp-json\/wp\/v2\/categories?post=1027051"},{"taxonomy":"post_tag","embeddable":true,"href":"https:\/\/www.eldigitaldeasturias.com\/noticias\/wp-json\/wp\/v2\/tags?post=1027051"}],"curies":[{"name":"wp","href":"https:\/\/api.w.org\/{rel}","templated":true}]}}