{"id":1026981,"date":"2019-05-10T11:57:13","date_gmt":"2019-05-10T11:57:13","guid":{"rendered":"https:\/\/www.eldigitaldeasturias.com\/noticias\/?p=1026981"},"modified":"2019-05-10T11:59:55","modified_gmt":"2019-05-10T11:59:55","slug":"asturias-en-expovacaciones-2019","status":"publish","type":"post","link":"https:\/\/www.eldigitaldeasturias.com\/noticias\/asturias-en-expovacaciones-2019\/","title":{"rendered":"Asturias en Expovacaciones 2019"},"content":{"rendered":"<p><img loading=\"lazy\" decoding=\"async\" class=\"alignleft size-medium wp-image-1026982\" src=\"https:\/\/www.eldigitaldeasturias.com\/noticias\/wp-content\/uploads\/2019\/05\/EXPOVACACIONES-2019-360x234.jpg\" alt=\"\" width=\"360\" height=\"234\" srcset=\"https:\/\/www.eldigitaldeasturias.com\/noticias\/wp-content\/uploads\/2019\/05\/EXPOVACACIONES-2019-360x234.jpg 360w, https:\/\/www.eldigitaldeasturias.com\/noticias\/wp-content\/uploads\/2019\/05\/EXPOVACACIONES-2019-768x499.jpg 768w, https:\/\/www.eldigitaldeasturias.com\/noticias\/wp-content\/uploads\/2019\/05\/EXPOVACACIONES-2019-650x422.jpg 650w, https:\/\/www.eldigitaldeasturias.com\/noticias\/wp-content\/uploads\/2019\/05\/EXPOVACACIONES-2019-1024x665.jpg 1024w, https:\/\/www.eldigitaldeasturias.com\/noticias\/wp-content\/uploads\/2019\/05\/EXPOVACACIONES-2019.jpg 1062w\" sizes=\"auto, (max-width: 360px) 100vw, 360px\" \/>El director general de Comercio y Turismo, <strong>Julio Gonz\u00e1lez Zapico<\/strong>, ha participado hoy en la inauguraci\u00f3n de la feria <strong>Expovacaciones,<\/strong> el principal encuentro del sector en el Pa\u00eds Vasco, que se celebra hasta el pr\u00f3ximo domingo en el Bilbao Exhibition Centre.<\/p>\n<p>Zapico ha explicado que este evento, que en la pasada edici\u00f3n recibi\u00f3 a m\u00e1s de 76.000 visitantes, tiene especial inter\u00e9s para Asturias. \u201cEl turista vasco sigue siendo fiel a nuestro para\u00edso natural. Adem\u00e1s, Euskadi es un mercado de proximidad, lo que facilita las escapadas fuera de temporada alta y favorece la desestacionalizaci\u00f3n del sector\u201d, ha indicado.<\/p>\n<p>El Principado participa en Expovacaciones con un estand completamente renovado, de 50 metros cuadrados de superficie, que muestra los principales atractivos de la comunidad bajo la imagen de campa\u00f1a Vuelve al Para\u00edso. El espacio concede gran protagonismo a la costa y a las siete reservas de la biosfera.<\/p>\n<p>T\u00e9cnicos de Turismo de Asturias, as\u00ed como de los ayuntamientos de Avil\u00e9s, Cangas de On\u00eds, Gij\u00f3n, Oviedo, Quir\u00f3s y Somiedo, junto con uno m\u00e1s de la comarca Oscos-Eo, atender\u00e1n a informar\u00e1n a los m\u00e1s de 4.000 visitantes que se esperan para estos d\u00edas.<\/p>\n<p>Asturias se promociona en la feria junto con las dem\u00e1s comunidades que integran la marca Espa\u00f1a Verde. Si bien cada una participa con un estand propio, todas ellas comparten un mismo espacio. A juicio del director general de Turismo, este hecho \u201cimpulsa una imagen fortalecida del norte como destino conjunto\u201d.<\/p>\n<p>El Pa\u00eds Vasco representa el quinto mercado en importancia para Asturias y aporta el 8% de los turistas espa\u00f1oles que visitan el Principado.<\/p>\n","protected":false},"excerpt":{"rendered":"<p>El director general de Comercio y Turismo, Julio Gonz\u00e1lez Zapico, ha participado hoy en la inauguraci\u00f3n de la feria Expovacaciones, el principal encuentro del sector en el Pa\u00eds Vasco, que se celebra hasta el pr\u00f3ximo domingo en el Bilbao Exhibition Centre. Zapico ha explicado que este evento, que en la pasada edici\u00f3n recibi\u00f3 a m\u00e1s [&hellip;]<\/p>\n","protected":false},"author":1,"featured_media":1026982,"comment_status":"closed","ping_status":"closed","sticky":false,"template":"","format":"standard","meta":{"footnotes":""},"categories":[141,148],"tags":[],"class_list":["post-1026981","post","type-post","status-publish","format-standard","has-post-thumbnail","hentry","category-destacadas","category-turismo"],"aioseo_notices":[],"aioseo_head":"\n\t\t<!-- All in One SEO Pro 4.9.6.2 - aioseo.com -->\n\t<meta name=\"description\" content=\"El director general de Comercio y Turismo, Julio Gonz\u00e1lez Zapico, ha participado hoy en la inauguraci\u00f3n de la feria Expovacaciones, el principal encuentro del sector en el Pa\u00eds Vasco, que se celebra hasta el pr\u00f3ximo domingo en el Bilbao Exhibition Centre. Zapico ha explicado que este evento, que en la pasada edici\u00f3n recibi\u00f3 a m\u00e1s\" \/>\n\t<meta name=\"robots\" content=\"max-image-preview:large\" \/>\n\t<meta name=\"author\" content=\"El Digital de Asturias\"\/>\n\t<meta name=\"google-site-verification\" content=\"UA-38556648-1\" \/>\n\t<meta name=\"msvalidate.01\" content=\"7dfe9f3f1b24437ab69f4f2559babe99\" \/>\n\t<meta name=\"keywords\" content=\"destacadas,turismo\" \/>\n\t<link rel=\"canonical\" href=\"https:\/\/www.eldigitaldeasturias.com\/noticias\/asturias-en-expovacaciones-2019\/\" \/>\n\t<meta name=\"generator\" content=\"All in One SEO Pro (AIOSEO) 4.9.6.2\" \/>\n\t\t<meta property=\"og:locale\" content=\"es_ES\" \/>\n\t\t<meta property=\"og:site_name\" content=\"El Digital de Asturias\" \/>\n\t\t<meta property=\"og:type\" content=\"article\" \/>\n\t\t<meta property=\"og:title\" content=\"Asturias en Expovacaciones 2019 - El Digital de Asturias\" \/>\n\t\t<meta property=\"og:description\" content=\"El director general de Comercio y Turismo, Julio Gonz\u00e1lez Zapico, ha participado hoy en la inauguraci\u00f3n de la feria Expovacaciones, el principal encuentro del sector en el Pa\u00eds Vasco, que se celebra hasta el pr\u00f3ximo domingo en el Bilbao Exhibition Centre. Zapico ha explicado que este evento, que en la pasada edici\u00f3n recibi\u00f3 a m\u00e1s\" \/>\n\t\t<meta property=\"og:url\" content=\"https:\/\/www.eldigitaldeasturias.com\/noticias\/asturias-en-expovacaciones-2019\/\" \/>\n\t\t<meta property=\"og:image\" content=\"https:\/\/www.eldigitaldeasturias.com\/noticias\/wp-content\/uploads\/2019\/05\/EXPOVACACIONES-2019.jpg\" \/>\n\t\t<meta property=\"og:image:secure_url\" content=\"https:\/\/www.eldigitaldeasturias.com\/noticias\/wp-content\/uploads\/2019\/05\/EXPOVACACIONES-2019.jpg\" \/>\n\t\t<meta property=\"og:image:width\" content=\"1062\" \/>\n\t\t<meta property=\"og:image:height\" content=\"690\" \/>\n\t\t<meta property=\"article:tag\" content=\"destacadas\" \/>\n\t\t<meta property=\"article:tag\" content=\"turismo\" \/>\n\t\t<meta property=\"article:published_time\" content=\"2019-05-10T11:57:13+00:00\" \/>\n\t\t<meta property=\"article:modified_time\" content=\"2019-05-10T11:59:55+00:00\" \/>\n\t\t<meta property=\"article:publisher\" content=\"https:\/\/facebook.com\/eldigitaldeasturias\" \/>\n\t\t<meta name=\"twitter:card\" content=\"summary_large_image\" \/>\n\t\t<meta name=\"twitter:title\" content=\"Asturias en Expovacaciones 2019 - El Digital de Asturias\" \/>\n\t\t<meta name=\"twitter:description\" content=\"El director general de Comercio y Turismo, Julio Gonz\u00e1lez Zapico, ha participado hoy en la inauguraci\u00f3n de la feria Expovacaciones, el principal encuentro del sector en el Pa\u00eds Vasco, que se celebra hasta el pr\u00f3ximo domingo en el Bilbao Exhibition Centre. Zapico ha explicado que este evento, que en la pasada edici\u00f3n recibi\u00f3 a m\u00e1s\" \/>\n\t\t<meta name=\"twitter:image\" content=\"https:\/\/www.eldigitaldeasturias.com\/noticias\/wp-content\/uploads\/2019\/05\/EXPOVACACIONES-2019.jpg\" \/>\n\t\t<meta name=\"twitter:label1\" content=\"Escrito por\" \/>\n\t\t<meta name=\"twitter:data1\" content=\"El Digital de Asturias\" \/>\n\t\t<meta name=\"twitter:label2\" content=\"Tiempo de lectura estimado\" \/>\n\t\t<meta name=\"twitter:data2\" content=\"1 minuto\" \/>\n\t\t<script type=\"application\/ld+json\" class=\"aioseo-schema\">\n\t\t\t{\"@context\":\"https:\\\/\\\/schema.org\",\"@graph\":[{\"@type\":\"BlogPosting\",\"@id\":\"https:\\\/\\\/www.eldigitaldeasturias.com\\\/noticias\\\/asturias-en-expovacaciones-2019\\\/#blogposting\",\"name\":\"Asturias en Expovacaciones 2019 - El Digital de Asturias\",\"headline\":\"Asturias en Expovacaciones 2019\",\"author\":{\"@id\":\"https:\\\/\\\/www.eldigitaldeasturias.com\\\/noticias\\\/author\\\/admin\\\/#author\"},\"publisher\":{\"@id\":\"https:\\\/\\\/www.eldigitaldeasturias.com\\\/noticias\\\/#organization\"},\"image\":{\"@type\":\"ImageObject\",\"url\":\"https:\\\/\\\/www.eldigitaldeasturias.com\\\/noticias\\\/wp-content\\\/uploads\\\/2019\\\/05\\\/EXPOVACACIONES-2019.jpg\",\"width\":1062,\"height\":690},\"datePublished\":\"2019-05-10T11:57:13+02:00\",\"dateModified\":\"2019-05-10T11:59:55+02:00\",\"inLanguage\":\"es-ES\",\"mainEntityOfPage\":{\"@id\":\"https:\\\/\\\/www.eldigitaldeasturias.com\\\/noticias\\\/asturias-en-expovacaciones-2019\\\/#webpage\"},\"isPartOf\":{\"@id\":\"https:\\\/\\\/www.eldigitaldeasturias.com\\\/noticias\\\/asturias-en-expovacaciones-2019\\\/#webpage\"},\"articleSection\":\"Destacadas, Turismo\"},{\"@type\":\"BreadcrumbList\",\"@id\":\"https:\\\/\\\/www.eldigitaldeasturias.com\\\/noticias\\\/asturias-en-expovacaciones-2019\\\/#breadcrumblist\",\"itemListElement\":[{\"@type\":\"ListItem\",\"@id\":\"https:\\\/\\\/www.eldigitaldeasturias.com\\\/noticias#listItem\",\"position\":1,\"name\":\"Home\",\"item\":\"https:\\\/\\\/www.eldigitaldeasturias.com\\\/noticias\",\"nextItem\":{\"@type\":\"ListItem\",\"@id\":\"https:\\\/\\\/www.eldigitaldeasturias.com\\\/noticias\\\/category\\\/destacadas\\\/#listItem\",\"name\":\"Destacadas\"}},{\"@type\":\"ListItem\",\"@id\":\"https:\\\/\\\/www.eldigitaldeasturias.com\\\/noticias\\\/category\\\/destacadas\\\/#listItem\",\"position\":2,\"name\":\"Destacadas\",\"item\":\"https:\\\/\\\/www.eldigitaldeasturias.com\\\/noticias\\\/category\\\/destacadas\\\/\",\"nextItem\":{\"@type\":\"ListItem\",\"@id\":\"https:\\\/\\\/www.eldigitaldeasturias.com\\\/noticias\\\/asturias-en-expovacaciones-2019\\\/#listItem\",\"name\":\"Asturias en Expovacaciones 2019\"},\"previousItem\":{\"@type\":\"ListItem\",\"@id\":\"https:\\\/\\\/www.eldigitaldeasturias.com\\\/noticias#listItem\",\"name\":\"Home\"}},{\"@type\":\"ListItem\",\"@id\":\"https:\\\/\\\/www.eldigitaldeasturias.com\\\/noticias\\\/asturias-en-expovacaciones-2019\\\/#listItem\",\"position\":3,\"name\":\"Asturias en Expovacaciones 2019\",\"previousItem\":{\"@type\":\"ListItem\",\"@id\":\"https:\\\/\\\/www.eldigitaldeasturias.com\\\/noticias\\\/category\\\/destacadas\\\/#listItem\",\"name\":\"Destacadas\"}}]},{\"@type\":\"Organization\",\"@id\":\"https:\\\/\\\/www.eldigitaldeasturias.com\\\/noticias\\\/#organization\",\"name\":\"El Digital de Asturias\",\"description\":\"Hemeroteca\",\"url\":\"https:\\\/\\\/www.eldigitaldeasturias.com\\\/noticias\\\/\",\"email\":\"info@eldigitaldeasturias.com\",\"telephone\":\"+34652131393\",\"logo\":{\"@type\":\"ImageObject\",\"url\":\"https:\\\/\\\/www.eldigitaldeasturias.com\\\/noticias\\\/wp-content\\\/uploads\\\/2020\\\/12\\\/EDA.jpg\",\"@id\":\"https:\\\/\\\/www.eldigitaldeasturias.com\\\/noticias\\\/asturias-en-expovacaciones-2019\\\/#organizationLogo\",\"width\":649,\"height\":297},\"image\":{\"@id\":\"https:\\\/\\\/www.eldigitaldeasturias.com\\\/noticias\\\/asturias-en-expovacaciones-2019\\\/#organizationLogo\"},\"sameAs\":[\"https:\\\/\\\/facebook.com\\\/eldigitaldeasturias\",\"https:\\\/\\\/www.youtube.com\\\/channel\\\/UCZP-2wLEB9Rv6erhFmqVnvg\"],\"address\":{\"@id\":\"https:\\\/\\\/www.eldigitaldeasturias.com\\\/noticias\\\/#postaladdress\",\"@type\":\"PostalAddress\",\"streetAddress\":\"san antonio 4,\",\"postalCode\":\"33430\",\"addressLocality\":\"Cand\\u00e1s\",\"addressRegion\":\"Asturias\",\"addressCountry\":\"ES\"}},{\"@type\":\"Person\",\"@id\":\"https:\\\/\\\/www.eldigitaldeasturias.com\\\/noticias\\\/author\\\/admin\\\/#author\",\"url\":\"https:\\\/\\\/www.eldigitaldeasturias.com\\\/noticias\\\/author\\\/admin\\\/\",\"name\":\"El Digital de Asturias\",\"image\":{\"@type\":\"ImageObject\",\"@id\":\"https:\\\/\\\/www.eldigitaldeasturias.com\\\/noticias\\\/asturias-en-expovacaciones-2019\\\/#authorImage\",\"url\":\"https:\\\/\\\/www.eldigitaldeasturias.com\\\/noticias\\\/wp-content\\\/litespeed\\\/avatar\\\/18677e78aa0546b92d9dbf31ec7d7668.jpg?ver=1777290358\",\"width\":96,\"height\":96,\"caption\":\"El Digital de Asturias\"}},{\"@type\":\"WebPage\",\"@id\":\"https:\\\/\\\/www.eldigitaldeasturias.com\\\/noticias\\\/asturias-en-expovacaciones-2019\\\/#webpage\",\"url\":\"https:\\\/\\\/www.eldigitaldeasturias.com\\\/noticias\\\/asturias-en-expovacaciones-2019\\\/\",\"name\":\"Asturias en Expovacaciones 2019 - El Digital de Asturias\",\"description\":\"El director general de Comercio y Turismo, Julio Gonz\\u00e1lez Zapico, ha participado hoy en la inauguraci\\u00f3n de la feria Expovacaciones, el principal encuentro del sector en el Pa\\u00eds Vasco, que se celebra hasta el pr\\u00f3ximo domingo en el Bilbao Exhibition Centre. Zapico ha explicado que este evento, que en la pasada edici\\u00f3n recibi\\u00f3 a m\\u00e1s\",\"inLanguage\":\"es-ES\",\"isPartOf\":{\"@id\":\"https:\\\/\\\/www.eldigitaldeasturias.com\\\/noticias\\\/#website\"},\"breadcrumb\":{\"@id\":\"https:\\\/\\\/www.eldigitaldeasturias.com\\\/noticias\\\/asturias-en-expovacaciones-2019\\\/#breadcrumblist\"},\"author\":{\"@id\":\"https:\\\/\\\/www.eldigitaldeasturias.com\\\/noticias\\\/author\\\/admin\\\/#author\"},\"creator\":{\"@id\":\"https:\\\/\\\/www.eldigitaldeasturias.com\\\/noticias\\\/author\\\/admin\\\/#author\"},\"image\":{\"@type\":\"ImageObject\",\"url\":\"https:\\\/\\\/www.eldigitaldeasturias.com\\\/noticias\\\/wp-content\\\/uploads\\\/2019\\\/05\\\/EXPOVACACIONES-2019.jpg\",\"@id\":\"https:\\\/\\\/www.eldigitaldeasturias.com\\\/noticias\\\/asturias-en-expovacaciones-2019\\\/#mainImage\",\"width\":1062,\"height\":690},\"primaryImageOfPage\":{\"@id\":\"https:\\\/\\\/www.eldigitaldeasturias.com\\\/noticias\\\/asturias-en-expovacaciones-2019\\\/#mainImage\"},\"datePublished\":\"2019-05-10T11:57:13+02:00\",\"dateModified\":\"2019-05-10T11:59:55+02:00\"},{\"@type\":\"WebSite\",\"@id\":\"https:\\\/\\\/www.eldigitaldeasturias.com\\\/noticias\\\/#website\",\"url\":\"https:\\\/\\\/www.eldigitaldeasturias.com\\\/noticias\\\/\",\"name\":\"El Digital de Asturias - Diario de actualidad y noticias\",\"alternateName\":\"El Digital de Asturias - Diario de actualidad y noticias\",\"description\":\"Hemeroteca\",\"inLanguage\":\"es-ES\",\"publisher\":{\"@id\":\"https:\\\/\\\/www.eldigitaldeasturias.com\\\/noticias\\\/#organization\"}}]}\n\t\t<\/script>\n\t\t<!-- All in One SEO Pro -->\r\n\t\t<title>Asturias en Expovacaciones 2019 - El Digital de Asturias<\/title>\n\n","aioseo_head_json":{"title":"Asturias en Expovacaciones 2019 - El Digital de Asturias","description":"El director general de Comercio y Turismo, Julio Gonz\u00e1lez Zapico, ha participado hoy en la inauguraci\u00f3n de la feria Expovacaciones, el principal encuentro del sector en el Pa\u00eds Vasco, que se celebra hasta el pr\u00f3ximo domingo en el Bilbao Exhibition Centre. Zapico ha explicado que este evento, que en la pasada edici\u00f3n recibi\u00f3 a m\u00e1s","canonical_url":"https:\/\/www.eldigitaldeasturias.com\/noticias\/asturias-en-expovacaciones-2019\/","robots":"max-image-preview:large","keywords":"destacadas,turismo","webmasterTools":{"google-site-verification":"UA-38556648-1","msvalidate.01":"7dfe9f3f1b24437ab69f4f2559babe99","miscellaneous":""},"schema":{"@context":"https:\/\/schema.org","@graph":[{"@type":"BlogPosting","@id":"https:\/\/www.eldigitaldeasturias.com\/noticias\/asturias-en-expovacaciones-2019\/#blogposting","name":"Asturias en Expovacaciones 2019 - El Digital de Asturias","headline":"Asturias en Expovacaciones 2019","author":{"@id":"https:\/\/www.eldigitaldeasturias.com\/noticias\/author\/admin\/#author"},"publisher":{"@id":"https:\/\/www.eldigitaldeasturias.com\/noticias\/#organization"},"image":{"@type":"ImageObject","url":"https:\/\/www.eldigitaldeasturias.com\/noticias\/wp-content\/uploads\/2019\/05\/EXPOVACACIONES-2019.jpg","width":1062,"height":690},"datePublished":"2019-05-10T11:57:13+02:00","dateModified":"2019-05-10T11:59:55+02:00","inLanguage":"es-ES","mainEntityOfPage":{"@id":"https:\/\/www.eldigitaldeasturias.com\/noticias\/asturias-en-expovacaciones-2019\/#webpage"},"isPartOf":{"@id":"https:\/\/www.eldigitaldeasturias.com\/noticias\/asturias-en-expovacaciones-2019\/#webpage"},"articleSection":"Destacadas, Turismo"},{"@type":"BreadcrumbList","@id":"https:\/\/www.eldigitaldeasturias.com\/noticias\/asturias-en-expovacaciones-2019\/#breadcrumblist","itemListElement":[{"@type":"ListItem","@id":"https:\/\/www.eldigitaldeasturias.com\/noticias#listItem","position":1,"name":"Home","item":"https:\/\/www.eldigitaldeasturias.com\/noticias","nextItem":{"@type":"ListItem","@id":"https:\/\/www.eldigitaldeasturias.com\/noticias\/category\/destacadas\/#listItem","name":"Destacadas"}},{"@type":"ListItem","@id":"https:\/\/www.eldigitaldeasturias.com\/noticias\/category\/destacadas\/#listItem","position":2,"name":"Destacadas","item":"https:\/\/www.eldigitaldeasturias.com\/noticias\/category\/destacadas\/","nextItem":{"@type":"ListItem","@id":"https:\/\/www.eldigitaldeasturias.com\/noticias\/asturias-en-expovacaciones-2019\/#listItem","name":"Asturias en Expovacaciones 2019"},"previousItem":{"@type":"ListItem","@id":"https:\/\/www.eldigitaldeasturias.com\/noticias#listItem","name":"Home"}},{"@type":"ListItem","@id":"https:\/\/www.eldigitaldeasturias.com\/noticias\/asturias-en-expovacaciones-2019\/#listItem","position":3,"name":"Asturias en Expovacaciones 2019","previousItem":{"@type":"ListItem","@id":"https:\/\/www.eldigitaldeasturias.com\/noticias\/category\/destacadas\/#listItem","name":"Destacadas"}}]},{"@type":"Organization","@id":"https:\/\/www.eldigitaldeasturias.com\/noticias\/#organization","name":"El Digital de Asturias","description":"Hemeroteca","url":"https:\/\/www.eldigitaldeasturias.com\/noticias\/","email":"info@eldigitaldeasturias.com","telephone":"+34652131393","logo":{"@type":"ImageObject","url":"https:\/\/www.eldigitaldeasturias.com\/noticias\/wp-content\/uploads\/2020\/12\/EDA.jpg","@id":"https:\/\/www.eldigitaldeasturias.com\/noticias\/asturias-en-expovacaciones-2019\/#organizationLogo","width":649,"height":297},"image":{"@id":"https:\/\/www.eldigitaldeasturias.com\/noticias\/asturias-en-expovacaciones-2019\/#organizationLogo"},"sameAs":["https:\/\/facebook.com\/eldigitaldeasturias","https:\/\/www.youtube.com\/channel\/UCZP-2wLEB9Rv6erhFmqVnvg"],"address":{"@id":"https:\/\/www.eldigitaldeasturias.com\/noticias\/#postaladdress","@type":"PostalAddress","streetAddress":"san antonio 4,","postalCode":"33430","addressLocality":"Cand\u00e1s","addressRegion":"Asturias","addressCountry":"ES"}},{"@type":"Person","@id":"https:\/\/www.eldigitaldeasturias.com\/noticias\/author\/admin\/#author","url":"https:\/\/www.eldigitaldeasturias.com\/noticias\/author\/admin\/","name":"El Digital de Asturias","image":{"@type":"ImageObject","@id":"https:\/\/www.eldigitaldeasturias.com\/noticias\/asturias-en-expovacaciones-2019\/#authorImage","url":"https:\/\/www.eldigitaldeasturias.com\/noticias\/wp-content\/litespeed\/avatar\/18677e78aa0546b92d9dbf31ec7d7668.jpg?ver=1777290358","width":96,"height":96,"caption":"El Digital de Asturias"}},{"@type":"WebPage","@id":"https:\/\/www.eldigitaldeasturias.com\/noticias\/asturias-en-expovacaciones-2019\/#webpage","url":"https:\/\/www.eldigitaldeasturias.com\/noticias\/asturias-en-expovacaciones-2019\/","name":"Asturias en Expovacaciones 2019 - El Digital de Asturias","description":"El director general de Comercio y Turismo, Julio Gonz\u00e1lez Zapico, ha participado hoy en la inauguraci\u00f3n de la feria Expovacaciones, el principal encuentro del sector en el Pa\u00eds Vasco, que se celebra hasta el pr\u00f3ximo domingo en el Bilbao Exhibition Centre. Zapico ha explicado que este evento, que en la pasada edici\u00f3n recibi\u00f3 a m\u00e1s","inLanguage":"es-ES","isPartOf":{"@id":"https:\/\/www.eldigitaldeasturias.com\/noticias\/#website"},"breadcrumb":{"@id":"https:\/\/www.eldigitaldeasturias.com\/noticias\/asturias-en-expovacaciones-2019\/#breadcrumblist"},"author":{"@id":"https:\/\/www.eldigitaldeasturias.com\/noticias\/author\/admin\/#author"},"creator":{"@id":"https:\/\/www.eldigitaldeasturias.com\/noticias\/author\/admin\/#author"},"image":{"@type":"ImageObject","url":"https:\/\/www.eldigitaldeasturias.com\/noticias\/wp-content\/uploads\/2019\/05\/EXPOVACACIONES-2019.jpg","@id":"https:\/\/www.eldigitaldeasturias.com\/noticias\/asturias-en-expovacaciones-2019\/#mainImage","width":1062,"height":690},"primaryImageOfPage":{"@id":"https:\/\/www.eldigitaldeasturias.com\/noticias\/asturias-en-expovacaciones-2019\/#mainImage"},"datePublished":"2019-05-10T11:57:13+02:00","dateModified":"2019-05-10T11:59:55+02:00"},{"@type":"WebSite","@id":"https:\/\/www.eldigitaldeasturias.com\/noticias\/#website","url":"https:\/\/www.eldigitaldeasturias.com\/noticias\/","name":"El Digital de Asturias - Diario de actualidad y noticias","alternateName":"El Digital de Asturias - Diario de actualidad y noticias","description":"Hemeroteca","inLanguage":"es-ES","publisher":{"@id":"https:\/\/www.eldigitaldeasturias.com\/noticias\/#organization"}}]},"og:locale":"es_ES","og:site_name":"El Digital de Asturias","og:type":"article","og:title":"Asturias en Expovacaciones 2019 - El Digital de Asturias","og:description":"El director general de Comercio y Turismo, Julio Gonz\u00e1lez Zapico, ha participado hoy en la inauguraci\u00f3n de la feria Expovacaciones, el principal encuentro del sector en el Pa\u00eds Vasco, que se celebra hasta el pr\u00f3ximo domingo en el Bilbao Exhibition Centre. Zapico ha explicado que este evento, que en la pasada edici\u00f3n recibi\u00f3 a m\u00e1s","og:url":"https:\/\/www.eldigitaldeasturias.com\/noticias\/asturias-en-expovacaciones-2019\/","og:image":"https:\/\/www.eldigitaldeasturias.com\/noticias\/wp-content\/uploads\/2019\/05\/EXPOVACACIONES-2019.jpg","og:image:secure_url":"https:\/\/www.eldigitaldeasturias.com\/noticias\/wp-content\/uploads\/2019\/05\/EXPOVACACIONES-2019.jpg","og:image:width":1062,"og:image:height":690,"article:tag":["destacadas","turismo"],"article:published_time":"2019-05-10T11:57:13+00:00","article:modified_time":"2019-05-10T11:59:55+00:00","article:publisher":"https:\/\/facebook.com\/eldigitaldeasturias","twitter:card":"summary_large_image","twitter:title":"Asturias en Expovacaciones 2019 - El Digital de Asturias","twitter:description":"El director general de Comercio y Turismo, Julio Gonz\u00e1lez Zapico, ha participado hoy en la inauguraci\u00f3n de la feria Expovacaciones, el principal encuentro del sector en el Pa\u00eds Vasco, que se celebra hasta el pr\u00f3ximo domingo en el Bilbao Exhibition Centre. Zapico ha explicado que este evento, que en la pasada edici\u00f3n recibi\u00f3 a m\u00e1s","twitter:image":"https:\/\/www.eldigitaldeasturias.com\/noticias\/wp-content\/uploads\/2019\/05\/EXPOVACACIONES-2019.jpg","twitter:label1":"Escrito por","twitter:data1":"El Digital de Asturias","twitter:label2":"Tiempo de lectura estimado","twitter:data2":"1 minuto"},"aioseo_meta_data":{"post_id":"1026981","title":null,"description":null,"keywords":null,"keyphrases":null,"primary_term":null,"canonical_url":null,"og_title":null,"og_description":null,"og_object_type":"default","og_image_type":"default","og_image_url":null,"og_image_width":null,"og_image_height":null,"og_image_custom_url":null,"og_image_custom_fields":null,"og_video":null,"og_custom_url":null,"og_article_section":null,"og_article_tags":null,"twitter_use_og":false,"twitter_card":"default","twitter_image_type":"default","twitter_image_url":null,"twitter_image_custom_url":null,"twitter_image_custom_fields":null,"twitter_title":null,"twitter_description":null,"schema":{"blockGraphs":[],"customGraphs":[],"default":{"data":{"Article":[],"Course":[],"Dataset":[],"FAQPage":[],"Movie":[],"Person":[],"Product":[],"ProductReview":[],"Car":[],"Recipe":[],"Service":[],"SoftwareApplication":[],"WebPage":[]},"graphName":"","isEnabled":true},"graphs":[],"defaultGraph":"","defaultPostTypeGraph":""},"schema_type":null,"schema_type_options":null,"pillar_content":false,"robots_default":true,"robots_noindex":false,"robots_noarchive":false,"robots_nosnippet":false,"robots_nofollow":false,"robots_noimageindex":false,"robots_noodp":false,"robots_notranslate":false,"robots_max_snippet":null,"robots_max_videopreview":null,"robots_max_imagepreview":"large","priority":null,"frequency":null,"local_seo":null,"seo_analyzer_scan_date":"2025-10-18 03:59:54","breadcrumb_settings":null,"limit_modified_date":false,"open_ai":null,"ai":null,"created":"2020-12-21 11:12:19","updated":"2025-10-18 03:59:54"},"aioseo_breadcrumb":"<div class=\"aioseo-breadcrumbs\"><span class=\"aioseo-breadcrumb\">\n\t<a href=\"https:\/\/www.eldigitaldeasturias.com\/noticias\" title=\"Home\">Home<\/a>\n<\/span><span class=\"aioseo-breadcrumb-separator\">\u2013<\/span><span class=\"aioseo-breadcrumb\">\n\t<a href=\"https:\/\/www.eldigitaldeasturias.com\/noticias\/category\/destacadas\/\" title=\"Destacadas\">Destacadas<\/a>\n<\/span><span class=\"aioseo-breadcrumb-separator\">\u2013<\/span><span class=\"aioseo-breadcrumb\">\n\t<a href=\"https:\/\/www.eldigitaldeasturias.com\/noticias\/asturias-en-expovacaciones-2019\/\" title=\"Asturias en Expovacaciones 2019\">Asturias en Expovacaciones 2019<\/a>\n<\/span><\/div>","aioseo_breadcrumb_json":[{"label":"Home","link":"https:\/\/www.eldigitaldeasturias.com\/noticias"},{"label":"Destacadas","link":"https:\/\/www.eldigitaldeasturias.com\/noticias\/category\/destacadas\/"},{"label":"Asturias en Expovacaciones 2019","link":"https:\/\/www.eldigitaldeasturias.com\/noticias\/asturias-en-expovacaciones-2019\/"}],"_links":{"self":[{"href":"https:\/\/www.eldigitaldeasturias.com\/noticias\/wp-json\/wp\/v2\/posts\/1026981","targetHints":{"allow":["GET"]}}],"collection":[{"href":"https:\/\/www.eldigitaldeasturias.com\/noticias\/wp-json\/wp\/v2\/posts"}],"about":[{"href":"https:\/\/www.eldigitaldeasturias.com\/noticias\/wp-json\/wp\/v2\/types\/post"}],"author":[{"embeddable":true,"href":"https:\/\/www.eldigitaldeasturias.com\/noticias\/wp-json\/wp\/v2\/users\/1"}],"replies":[{"embeddable":true,"href":"https:\/\/www.eldigitaldeasturias.com\/noticias\/wp-json\/wp\/v2\/comments?post=1026981"}],"version-history":[{"count":0,"href":"https:\/\/www.eldigitaldeasturias.com\/noticias\/wp-json\/wp\/v2\/posts\/1026981\/revisions"}],"wp:featuredmedia":[{"embeddable":true,"href":"https:\/\/www.eldigitaldeasturias.com\/noticias\/wp-json\/wp\/v2\/media\/1026982"}],"wp:attachment":[{"href":"https:\/\/www.eldigitaldeasturias.com\/noticias\/wp-json\/wp\/v2\/media?parent=1026981"}],"wp:term":[{"taxonomy":"category","embeddable":true,"href":"https:\/\/www.eldigitaldeasturias.com\/noticias\/wp-json\/wp\/v2\/categories?post=1026981"},{"taxonomy":"post_tag","embeddable":true,"href":"https:\/\/www.eldigitaldeasturias.com\/noticias\/wp-json\/wp\/v2\/tags?post=1026981"}],"curies":[{"name":"wp","href":"https:\/\/api.w.org\/{rel}","templated":true}]}}