{"id":1026859,"date":"2019-05-09T07:49:10","date_gmt":"2019-05-09T07:49:10","guid":{"rendered":"https:\/\/www.eldigitaldeasturias.com\/noticias\/?p=1026859"},"modified":"2019-05-09T07:49:11","modified_gmt":"2019-05-09T07:49:11","slug":"el-gasto-de-los-turistas-internacionales-sube-un-41-hasta-marzo","status":"publish","type":"post","link":"https:\/\/www.eldigitaldeasturias.com\/noticias\/el-gasto-de-los-turistas-internacionales-sube-un-41-hasta-marzo\/","title":{"rendered":"El gasto de los turistas internacionales sube un 4,1% hasta marzo"},"content":{"rendered":"<p><img loading=\"lazy\" decoding=\"async\" class=\"alignleft size-medium wp-image-1026860\" src=\"https:\/\/www.eldigitaldeasturias.com\/noticias\/wp-content\/uploads\/2019\/05\/080119-pueblo_cadiz-360x239.jpg\" alt=\"\" width=\"360\" height=\"239\" srcset=\"https:\/\/www.eldigitaldeasturias.com\/noticias\/wp-content\/uploads\/2019\/05\/080119-pueblo_cadiz-360x239.jpg 360w, https:\/\/www.eldigitaldeasturias.com\/noticias\/wp-content\/uploads\/2019\/05\/080119-pueblo_cadiz.jpg 512w\" sizes=\"auto, (max-width: 360px) 100vw, 360px\" \/>Espa\u00f1a recibi\u00f3 durante los tres primeros meses del a\u00f1o cerca de 14,2 millones de turistas internacionales, un 3,7% m\u00e1s respecto al mismo periodo de 2018, mientras que su gasto se increment\u00f3 un 4,1% hasta los 15.394 millones de euros.<\/p>\n<p>Son datos de las encuestas de Movimientos Tur\u00edsticos en Frontera (FRONTUR) y de Gasto Tur\u00edstico (EGATUR) que elabora el Instituto Nacional de Estad\u00edstica.<\/p>\n<p>En marzo visitaron nuestro pa\u00eds 5,6 millones de turistas, lo que supone un aumento del 4,7% respecto a marzo de 2018. Adem\u00e1s, su gasto fue de 6.037 millones de euros, un 5,4% m\u00e1s, situ\u00e1ndose el gasto medio diario en 152 euros (+6%).<\/p>\n<p>La secretaria de Estado de Turismo, Isabel Oliver, celebra el aumento tanto del gasto tur\u00edstico como del volumen de turistas internacionales porque \u00abdemuestran la robustez de la actividad tur\u00edstica en nuestro pa\u00eds y nos animan a seguir trabajando para afianzar un modelo de crecimiento competitivo, sostenible y rentable\u00bb.<\/p>\n<p><strong>Llegada de turistas<\/strong><\/p>\n<p>En el acumulado del a\u00f1o los principales mercados emisores fueron Reino Unido, con m\u00e1s de 2,8 millones de turistas internacionales (-1,6%), Alemania, con casi 1,9 millones (+0,9%), y Francia, con cerca de 1,7 millones de turistas (+0,3%). Entre el resto de pa\u00edses de residencia, destacan los crecimientos experimentados por Rusia (+27,2%), Portugal (+23,6%) y Estados Unidos, con un aumento superior al 18%.<\/p>\n<p>Por destinos nacionales, Canarias fue la comunidad que m\u00e1s turistas recibi\u00f3 con casi 3,7 millones, lo que supone un descenso del 1,2%. Le siguieron Catalu\u00f1a (con m\u00e1s de 3,7 millones y un incremento del 3,9%) y Andaluc\u00eda (con cerca de 2,1 millones, un 7,6% m\u00e1s). Destaca tambi\u00e9n el crecimiento de Madrid que aumenta pr\u00e1cticamente un 12% el n\u00famero de turistas recibidos, hasta rozar los 1,8 millones.<\/p>\n<p><strong>Incremento del gasto<\/strong><\/p>\n<p>De enero a marzo las comunidades aut\u00f3nomas de destino principal con mayor gasto total fueron Canarias (con 1.744 millones y un aumento del 8,2%), Catalu\u00f1a (con 1.235 millones de euros, un 7,8% m\u00e1s que en el mismo periodo de 2018) y Comunidad de Madrid (con 824 millones y un incremento del 25,7%).<\/p>\n<p>En cuanto a los pa\u00edses emisores, Reino Unido es el que presenta mayor gasto acumulado en lo que va de a\u00f1o con 2.667 millones de euros (+1,4%). Le siguen Alemania, con 1.940 millones (-0,1%) , y Francia, con 1.038 millones (+2,6%).<\/p>\n","protected":false},"excerpt":{"rendered":"<p>Espa\u00f1a recibi\u00f3 durante los tres primeros meses del a\u00f1o cerca de 14,2 millones de turistas internacionales, un 3,7% m\u00e1s respecto al mismo periodo de 2018, mientras que su gasto se increment\u00f3 un 4,1% hasta los 15.394 millones de euros. Son datos de las encuestas de Movimientos Tur\u00edsticos en Frontera (FRONTUR) y de Gasto Tur\u00edstico (EGATUR) [&hellip;]<\/p>\n","protected":false},"author":1,"featured_media":1026860,"comment_status":"closed","ping_status":"closed","sticky":false,"template":"","format":"standard","meta":{"footnotes":""},"categories":[148],"tags":[],"class_list":["post-1026859","post","type-post","status-publish","format-standard","has-post-thumbnail","hentry","category-turismo"],"aioseo_notices":[],"aioseo_head":"\n\t\t<!-- All in One SEO Pro 4.9.6.2 - aioseo.com -->\n\t<meta name=\"description\" content=\"Espa\u00f1a recibi\u00f3 durante los tres primeros meses del a\u00f1o cerca de 14,2 millones de turistas internacionales, un 3,7% m\u00e1s respecto al mismo periodo de 2018, mientras que su gasto se increment\u00f3 un 4,1% hasta los 15.394 millones de euros. Son datos de las encuestas de Movimientos Tur\u00edsticos en Frontera (FRONTUR) y de Gasto Tur\u00edstico (EGATUR)\" \/>\n\t<meta name=\"robots\" content=\"max-image-preview:large\" \/>\n\t<meta name=\"author\" content=\"El Digital de Asturias\"\/>\n\t<meta name=\"google-site-verification\" content=\"UA-38556648-1\" \/>\n\t<meta name=\"msvalidate.01\" content=\"7dfe9f3f1b24437ab69f4f2559babe99\" \/>\n\t<meta name=\"keywords\" content=\"turismo\" \/>\n\t<link rel=\"canonical\" href=\"https:\/\/www.eldigitaldeasturias.com\/noticias\/el-gasto-de-los-turistas-internacionales-sube-un-41-hasta-marzo\/\" \/>\n\t<meta name=\"generator\" content=\"All in One SEO Pro (AIOSEO) 4.9.6.2\" \/>\n\t\t<meta property=\"og:locale\" content=\"es_ES\" \/>\n\t\t<meta property=\"og:site_name\" content=\"El Digital de Asturias\" \/>\n\t\t<meta property=\"og:type\" content=\"article\" \/>\n\t\t<meta property=\"og:title\" content=\"El gasto de los turistas internacionales sube un 4,1% hasta marzo - El Digital de Asturias\" \/>\n\t\t<meta property=\"og:description\" content=\"Espa\u00f1a recibi\u00f3 durante los tres primeros meses del a\u00f1o cerca de 14,2 millones de turistas internacionales, un 3,7% m\u00e1s respecto al mismo periodo de 2018, mientras que su gasto se increment\u00f3 un 4,1% hasta los 15.394 millones de euros. Son datos de las encuestas de Movimientos Tur\u00edsticos en Frontera (FRONTUR) y de Gasto Tur\u00edstico (EGATUR)\" \/>\n\t\t<meta property=\"og:url\" content=\"https:\/\/www.eldigitaldeasturias.com\/noticias\/el-gasto-de-los-turistas-internacionales-sube-un-41-hasta-marzo\/\" \/>\n\t\t<meta property=\"og:image\" content=\"https:\/\/www.eldigitaldeasturias.com\/noticias\/wp-content\/uploads\/2019\/05\/080119-pueblo_cadiz.jpg\" \/>\n\t\t<meta property=\"og:image:secure_url\" content=\"https:\/\/www.eldigitaldeasturias.com\/noticias\/wp-content\/uploads\/2019\/05\/080119-pueblo_cadiz.jpg\" \/>\n\t\t<meta property=\"og:image:width\" content=\"512\" \/>\n\t\t<meta property=\"og:image:height\" content=\"340\" \/>\n\t\t<meta property=\"article:tag\" content=\"turismo\" \/>\n\t\t<meta property=\"article:published_time\" content=\"2019-05-09T07:49:10+00:00\" \/>\n\t\t<meta property=\"article:modified_time\" content=\"2019-05-09T07:49:11+00:00\" \/>\n\t\t<meta property=\"article:publisher\" content=\"https:\/\/facebook.com\/eldigitaldeasturias\" \/>\n\t\t<meta name=\"twitter:card\" content=\"summary_large_image\" \/>\n\t\t<meta name=\"twitter:title\" content=\"El gasto de los turistas internacionales sube un 4,1% hasta marzo - El Digital de Asturias\" \/>\n\t\t<meta name=\"twitter:description\" content=\"Espa\u00f1a recibi\u00f3 durante los tres primeros meses del a\u00f1o cerca de 14,2 millones de turistas internacionales, un 3,7% m\u00e1s respecto al mismo periodo de 2018, mientras que su gasto se increment\u00f3 un 4,1% hasta los 15.394 millones de euros. Son datos de las encuestas de Movimientos Tur\u00edsticos en Frontera (FRONTUR) y de Gasto Tur\u00edstico (EGATUR)\" \/>\n\t\t<meta name=\"twitter:image\" content=\"https:\/\/www.eldigitaldeasturias.com\/noticias\/wp-content\/uploads\/2019\/05\/080119-pueblo_cadiz.jpg\" \/>\n\t\t<meta name=\"twitter:label1\" content=\"Escrito por\" \/>\n\t\t<meta name=\"twitter:data1\" content=\"El Digital de Asturias\" \/>\n\t\t<meta name=\"twitter:label2\" content=\"Tiempo de lectura estimado\" \/>\n\t\t<meta name=\"twitter:data2\" content=\"2 minutos\" \/>\n\t\t<script type=\"application\/ld+json\" class=\"aioseo-schema\">\n\t\t\t{\"@context\":\"https:\\\/\\\/schema.org\",\"@graph\":[{\"@type\":\"BlogPosting\",\"@id\":\"https:\\\/\\\/www.eldigitaldeasturias.com\\\/noticias\\\/el-gasto-de-los-turistas-internacionales-sube-un-41-hasta-marzo\\\/#blogposting\",\"name\":\"El gasto de los turistas internacionales sube un 4,1% hasta marzo - El Digital de Asturias\",\"headline\":\"El gasto de los turistas internacionales sube un 4,1% hasta marzo\",\"author\":{\"@id\":\"https:\\\/\\\/www.eldigitaldeasturias.com\\\/noticias\\\/author\\\/admin\\\/#author\"},\"publisher\":{\"@id\":\"https:\\\/\\\/www.eldigitaldeasturias.com\\\/noticias\\\/#organization\"},\"image\":{\"@type\":\"ImageObject\",\"url\":\"https:\\\/\\\/www.eldigitaldeasturias.com\\\/noticias\\\/wp-content\\\/uploads\\\/2019\\\/05\\\/080119-pueblo_cadiz.jpg\",\"width\":512,\"height\":340},\"datePublished\":\"2019-05-09T07:49:10+02:00\",\"dateModified\":\"2019-05-09T07:49:11+02:00\",\"inLanguage\":\"es-ES\",\"mainEntityOfPage\":{\"@id\":\"https:\\\/\\\/www.eldigitaldeasturias.com\\\/noticias\\\/el-gasto-de-los-turistas-internacionales-sube-un-41-hasta-marzo\\\/#webpage\"},\"isPartOf\":{\"@id\":\"https:\\\/\\\/www.eldigitaldeasturias.com\\\/noticias\\\/el-gasto-de-los-turistas-internacionales-sube-un-41-hasta-marzo\\\/#webpage\"},\"articleSection\":\"Turismo\"},{\"@type\":\"BreadcrumbList\",\"@id\":\"https:\\\/\\\/www.eldigitaldeasturias.com\\\/noticias\\\/el-gasto-de-los-turistas-internacionales-sube-un-41-hasta-marzo\\\/#breadcrumblist\",\"itemListElement\":[{\"@type\":\"ListItem\",\"@id\":\"https:\\\/\\\/www.eldigitaldeasturias.com\\\/noticias#listItem\",\"position\":1,\"name\":\"Home\",\"item\":\"https:\\\/\\\/www.eldigitaldeasturias.com\\\/noticias\",\"nextItem\":{\"@type\":\"ListItem\",\"@id\":\"https:\\\/\\\/www.eldigitaldeasturias.com\\\/noticias\\\/category\\\/turismo\\\/#listItem\",\"name\":\"Turismo\"}},{\"@type\":\"ListItem\",\"@id\":\"https:\\\/\\\/www.eldigitaldeasturias.com\\\/noticias\\\/category\\\/turismo\\\/#listItem\",\"position\":2,\"name\":\"Turismo\",\"item\":\"https:\\\/\\\/www.eldigitaldeasturias.com\\\/noticias\\\/category\\\/turismo\\\/\",\"nextItem\":{\"@type\":\"ListItem\",\"@id\":\"https:\\\/\\\/www.eldigitaldeasturias.com\\\/noticias\\\/el-gasto-de-los-turistas-internacionales-sube-un-41-hasta-marzo\\\/#listItem\",\"name\":\"El gasto de los turistas internacionales sube un 4,1% hasta marzo\"},\"previousItem\":{\"@type\":\"ListItem\",\"@id\":\"https:\\\/\\\/www.eldigitaldeasturias.com\\\/noticias#listItem\",\"name\":\"Home\"}},{\"@type\":\"ListItem\",\"@id\":\"https:\\\/\\\/www.eldigitaldeasturias.com\\\/noticias\\\/el-gasto-de-los-turistas-internacionales-sube-un-41-hasta-marzo\\\/#listItem\",\"position\":3,\"name\":\"El gasto de los turistas internacionales sube un 4,1% hasta marzo\",\"previousItem\":{\"@type\":\"ListItem\",\"@id\":\"https:\\\/\\\/www.eldigitaldeasturias.com\\\/noticias\\\/category\\\/turismo\\\/#listItem\",\"name\":\"Turismo\"}}]},{\"@type\":\"Organization\",\"@id\":\"https:\\\/\\\/www.eldigitaldeasturias.com\\\/noticias\\\/#organization\",\"name\":\"El Digital de Asturias\",\"description\":\"Hemeroteca\",\"url\":\"https:\\\/\\\/www.eldigitaldeasturias.com\\\/noticias\\\/\",\"email\":\"info@eldigitaldeasturias.com\",\"telephone\":\"+34652131393\",\"logo\":{\"@type\":\"ImageObject\",\"url\":\"https:\\\/\\\/www.eldigitaldeasturias.com\\\/noticias\\\/wp-content\\\/uploads\\\/2020\\\/12\\\/EDA.jpg\",\"@id\":\"https:\\\/\\\/www.eldigitaldeasturias.com\\\/noticias\\\/el-gasto-de-los-turistas-internacionales-sube-un-41-hasta-marzo\\\/#organizationLogo\",\"width\":649,\"height\":297},\"image\":{\"@id\":\"https:\\\/\\\/www.eldigitaldeasturias.com\\\/noticias\\\/el-gasto-de-los-turistas-internacionales-sube-un-41-hasta-marzo\\\/#organizationLogo\"},\"sameAs\":[\"https:\\\/\\\/facebook.com\\\/eldigitaldeasturias\",\"https:\\\/\\\/www.youtube.com\\\/channel\\\/UCZP-2wLEB9Rv6erhFmqVnvg\"],\"address\":{\"@id\":\"https:\\\/\\\/www.eldigitaldeasturias.com\\\/noticias\\\/#postaladdress\",\"@type\":\"PostalAddress\",\"streetAddress\":\"san antonio 4,\",\"postalCode\":\"33430\",\"addressLocality\":\"Cand\\u00e1s\",\"addressRegion\":\"Asturias\",\"addressCountry\":\"ES\"}},{\"@type\":\"Person\",\"@id\":\"https:\\\/\\\/www.eldigitaldeasturias.com\\\/noticias\\\/author\\\/admin\\\/#author\",\"url\":\"https:\\\/\\\/www.eldigitaldeasturias.com\\\/noticias\\\/author\\\/admin\\\/\",\"name\":\"El Digital de Asturias\",\"image\":{\"@type\":\"ImageObject\",\"@id\":\"https:\\\/\\\/www.eldigitaldeasturias.com\\\/noticias\\\/el-gasto-de-los-turistas-internacionales-sube-un-41-hasta-marzo\\\/#authorImage\",\"url\":\"https:\\\/\\\/www.eldigitaldeasturias.com\\\/noticias\\\/wp-content\\\/litespeed\\\/avatar\\\/18677e78aa0546b92d9dbf31ec7d7668.jpg?ver=1777290358\",\"width\":96,\"height\":96,\"caption\":\"El Digital de Asturias\"}},{\"@type\":\"WebPage\",\"@id\":\"https:\\\/\\\/www.eldigitaldeasturias.com\\\/noticias\\\/el-gasto-de-los-turistas-internacionales-sube-un-41-hasta-marzo\\\/#webpage\",\"url\":\"https:\\\/\\\/www.eldigitaldeasturias.com\\\/noticias\\\/el-gasto-de-los-turistas-internacionales-sube-un-41-hasta-marzo\\\/\",\"name\":\"El gasto de los turistas internacionales sube un 4,1% hasta marzo - El Digital de Asturias\",\"description\":\"Espa\\u00f1a recibi\\u00f3 durante los tres primeros meses del a\\u00f1o cerca de 14,2 millones de turistas internacionales, un 3,7% m\\u00e1s respecto al mismo periodo de 2018, mientras que su gasto se increment\\u00f3 un 4,1% hasta los 15.394 millones de euros. Son datos de las encuestas de Movimientos Tur\\u00edsticos en Frontera (FRONTUR) y de Gasto Tur\\u00edstico (EGATUR)\",\"inLanguage\":\"es-ES\",\"isPartOf\":{\"@id\":\"https:\\\/\\\/www.eldigitaldeasturias.com\\\/noticias\\\/#website\"},\"breadcrumb\":{\"@id\":\"https:\\\/\\\/www.eldigitaldeasturias.com\\\/noticias\\\/el-gasto-de-los-turistas-internacionales-sube-un-41-hasta-marzo\\\/#breadcrumblist\"},\"author\":{\"@id\":\"https:\\\/\\\/www.eldigitaldeasturias.com\\\/noticias\\\/author\\\/admin\\\/#author\"},\"creator\":{\"@id\":\"https:\\\/\\\/www.eldigitaldeasturias.com\\\/noticias\\\/author\\\/admin\\\/#author\"},\"image\":{\"@type\":\"ImageObject\",\"url\":\"https:\\\/\\\/www.eldigitaldeasturias.com\\\/noticias\\\/wp-content\\\/uploads\\\/2019\\\/05\\\/080119-pueblo_cadiz.jpg\",\"@id\":\"https:\\\/\\\/www.eldigitaldeasturias.com\\\/noticias\\\/el-gasto-de-los-turistas-internacionales-sube-un-41-hasta-marzo\\\/#mainImage\",\"width\":512,\"height\":340},\"primaryImageOfPage\":{\"@id\":\"https:\\\/\\\/www.eldigitaldeasturias.com\\\/noticias\\\/el-gasto-de-los-turistas-internacionales-sube-un-41-hasta-marzo\\\/#mainImage\"},\"datePublished\":\"2019-05-09T07:49:10+02:00\",\"dateModified\":\"2019-05-09T07:49:11+02:00\"},{\"@type\":\"WebSite\",\"@id\":\"https:\\\/\\\/www.eldigitaldeasturias.com\\\/noticias\\\/#website\",\"url\":\"https:\\\/\\\/www.eldigitaldeasturias.com\\\/noticias\\\/\",\"name\":\"El Digital de Asturias - Diario de actualidad y noticias\",\"alternateName\":\"El Digital de Asturias - Diario de actualidad y noticias\",\"description\":\"Hemeroteca\",\"inLanguage\":\"es-ES\",\"publisher\":{\"@id\":\"https:\\\/\\\/www.eldigitaldeasturias.com\\\/noticias\\\/#organization\"}}]}\n\t\t<\/script>\n\t\t<!-- All in One SEO Pro -->\r\n\t\t<title>El gasto de los turistas internacionales sube un 4,1% hasta marzo - El Digital de Asturias<\/title>\n\n","aioseo_head_json":{"title":"El gasto de los turistas internacionales sube un 4,1% hasta marzo - El Digital de Asturias","description":"Espa\u00f1a recibi\u00f3 durante los tres primeros meses del a\u00f1o cerca de 14,2 millones de turistas internacionales, un 3,7% m\u00e1s respecto al mismo periodo de 2018, mientras que su gasto se increment\u00f3 un 4,1% hasta los 15.394 millones de euros. Son datos de las encuestas de Movimientos Tur\u00edsticos en Frontera (FRONTUR) y de Gasto Tur\u00edstico (EGATUR)","canonical_url":"https:\/\/www.eldigitaldeasturias.com\/noticias\/el-gasto-de-los-turistas-internacionales-sube-un-41-hasta-marzo\/","robots":"max-image-preview:large","keywords":"turismo","webmasterTools":{"google-site-verification":"UA-38556648-1","msvalidate.01":"7dfe9f3f1b24437ab69f4f2559babe99","miscellaneous":""},"schema":{"@context":"https:\/\/schema.org","@graph":[{"@type":"BlogPosting","@id":"https:\/\/www.eldigitaldeasturias.com\/noticias\/el-gasto-de-los-turistas-internacionales-sube-un-41-hasta-marzo\/#blogposting","name":"El gasto de los turistas internacionales sube un 4,1% hasta marzo - El Digital de Asturias","headline":"El gasto de los turistas internacionales sube un 4,1% hasta marzo","author":{"@id":"https:\/\/www.eldigitaldeasturias.com\/noticias\/author\/admin\/#author"},"publisher":{"@id":"https:\/\/www.eldigitaldeasturias.com\/noticias\/#organization"},"image":{"@type":"ImageObject","url":"https:\/\/www.eldigitaldeasturias.com\/noticias\/wp-content\/uploads\/2019\/05\/080119-pueblo_cadiz.jpg","width":512,"height":340},"datePublished":"2019-05-09T07:49:10+02:00","dateModified":"2019-05-09T07:49:11+02:00","inLanguage":"es-ES","mainEntityOfPage":{"@id":"https:\/\/www.eldigitaldeasturias.com\/noticias\/el-gasto-de-los-turistas-internacionales-sube-un-41-hasta-marzo\/#webpage"},"isPartOf":{"@id":"https:\/\/www.eldigitaldeasturias.com\/noticias\/el-gasto-de-los-turistas-internacionales-sube-un-41-hasta-marzo\/#webpage"},"articleSection":"Turismo"},{"@type":"BreadcrumbList","@id":"https:\/\/www.eldigitaldeasturias.com\/noticias\/el-gasto-de-los-turistas-internacionales-sube-un-41-hasta-marzo\/#breadcrumblist","itemListElement":[{"@type":"ListItem","@id":"https:\/\/www.eldigitaldeasturias.com\/noticias#listItem","position":1,"name":"Home","item":"https:\/\/www.eldigitaldeasturias.com\/noticias","nextItem":{"@type":"ListItem","@id":"https:\/\/www.eldigitaldeasturias.com\/noticias\/category\/turismo\/#listItem","name":"Turismo"}},{"@type":"ListItem","@id":"https:\/\/www.eldigitaldeasturias.com\/noticias\/category\/turismo\/#listItem","position":2,"name":"Turismo","item":"https:\/\/www.eldigitaldeasturias.com\/noticias\/category\/turismo\/","nextItem":{"@type":"ListItem","@id":"https:\/\/www.eldigitaldeasturias.com\/noticias\/el-gasto-de-los-turistas-internacionales-sube-un-41-hasta-marzo\/#listItem","name":"El gasto de los turistas internacionales sube un 4,1% hasta marzo"},"previousItem":{"@type":"ListItem","@id":"https:\/\/www.eldigitaldeasturias.com\/noticias#listItem","name":"Home"}},{"@type":"ListItem","@id":"https:\/\/www.eldigitaldeasturias.com\/noticias\/el-gasto-de-los-turistas-internacionales-sube-un-41-hasta-marzo\/#listItem","position":3,"name":"El gasto de los turistas internacionales sube un 4,1% hasta marzo","previousItem":{"@type":"ListItem","@id":"https:\/\/www.eldigitaldeasturias.com\/noticias\/category\/turismo\/#listItem","name":"Turismo"}}]},{"@type":"Organization","@id":"https:\/\/www.eldigitaldeasturias.com\/noticias\/#organization","name":"El Digital de Asturias","description":"Hemeroteca","url":"https:\/\/www.eldigitaldeasturias.com\/noticias\/","email":"info@eldigitaldeasturias.com","telephone":"+34652131393","logo":{"@type":"ImageObject","url":"https:\/\/www.eldigitaldeasturias.com\/noticias\/wp-content\/uploads\/2020\/12\/EDA.jpg","@id":"https:\/\/www.eldigitaldeasturias.com\/noticias\/el-gasto-de-los-turistas-internacionales-sube-un-41-hasta-marzo\/#organizationLogo","width":649,"height":297},"image":{"@id":"https:\/\/www.eldigitaldeasturias.com\/noticias\/el-gasto-de-los-turistas-internacionales-sube-un-41-hasta-marzo\/#organizationLogo"},"sameAs":["https:\/\/facebook.com\/eldigitaldeasturias","https:\/\/www.youtube.com\/channel\/UCZP-2wLEB9Rv6erhFmqVnvg"],"address":{"@id":"https:\/\/www.eldigitaldeasturias.com\/noticias\/#postaladdress","@type":"PostalAddress","streetAddress":"san antonio 4,","postalCode":"33430","addressLocality":"Cand\u00e1s","addressRegion":"Asturias","addressCountry":"ES"}},{"@type":"Person","@id":"https:\/\/www.eldigitaldeasturias.com\/noticias\/author\/admin\/#author","url":"https:\/\/www.eldigitaldeasturias.com\/noticias\/author\/admin\/","name":"El Digital de Asturias","image":{"@type":"ImageObject","@id":"https:\/\/www.eldigitaldeasturias.com\/noticias\/el-gasto-de-los-turistas-internacionales-sube-un-41-hasta-marzo\/#authorImage","url":"https:\/\/www.eldigitaldeasturias.com\/noticias\/wp-content\/litespeed\/avatar\/18677e78aa0546b92d9dbf31ec7d7668.jpg?ver=1777290358","width":96,"height":96,"caption":"El Digital de Asturias"}},{"@type":"WebPage","@id":"https:\/\/www.eldigitaldeasturias.com\/noticias\/el-gasto-de-los-turistas-internacionales-sube-un-41-hasta-marzo\/#webpage","url":"https:\/\/www.eldigitaldeasturias.com\/noticias\/el-gasto-de-los-turistas-internacionales-sube-un-41-hasta-marzo\/","name":"El gasto de los turistas internacionales sube un 4,1% hasta marzo - El Digital de Asturias","description":"Espa\u00f1a recibi\u00f3 durante los tres primeros meses del a\u00f1o cerca de 14,2 millones de turistas internacionales, un 3,7% m\u00e1s respecto al mismo periodo de 2018, mientras que su gasto se increment\u00f3 un 4,1% hasta los 15.394 millones de euros. Son datos de las encuestas de Movimientos Tur\u00edsticos en Frontera (FRONTUR) y de Gasto Tur\u00edstico (EGATUR)","inLanguage":"es-ES","isPartOf":{"@id":"https:\/\/www.eldigitaldeasturias.com\/noticias\/#website"},"breadcrumb":{"@id":"https:\/\/www.eldigitaldeasturias.com\/noticias\/el-gasto-de-los-turistas-internacionales-sube-un-41-hasta-marzo\/#breadcrumblist"},"author":{"@id":"https:\/\/www.eldigitaldeasturias.com\/noticias\/author\/admin\/#author"},"creator":{"@id":"https:\/\/www.eldigitaldeasturias.com\/noticias\/author\/admin\/#author"},"image":{"@type":"ImageObject","url":"https:\/\/www.eldigitaldeasturias.com\/noticias\/wp-content\/uploads\/2019\/05\/080119-pueblo_cadiz.jpg","@id":"https:\/\/www.eldigitaldeasturias.com\/noticias\/el-gasto-de-los-turistas-internacionales-sube-un-41-hasta-marzo\/#mainImage","width":512,"height":340},"primaryImageOfPage":{"@id":"https:\/\/www.eldigitaldeasturias.com\/noticias\/el-gasto-de-los-turistas-internacionales-sube-un-41-hasta-marzo\/#mainImage"},"datePublished":"2019-05-09T07:49:10+02:00","dateModified":"2019-05-09T07:49:11+02:00"},{"@type":"WebSite","@id":"https:\/\/www.eldigitaldeasturias.com\/noticias\/#website","url":"https:\/\/www.eldigitaldeasturias.com\/noticias\/","name":"El Digital de Asturias - Diario de actualidad y noticias","alternateName":"El Digital de Asturias - Diario de actualidad y noticias","description":"Hemeroteca","inLanguage":"es-ES","publisher":{"@id":"https:\/\/www.eldigitaldeasturias.com\/noticias\/#organization"}}]},"og:locale":"es_ES","og:site_name":"El Digital de Asturias","og:type":"article","og:title":"El gasto de los turistas internacionales sube un 4,1% hasta marzo - El Digital de Asturias","og:description":"Espa\u00f1a recibi\u00f3 durante los tres primeros meses del a\u00f1o cerca de 14,2 millones de turistas internacionales, un 3,7% m\u00e1s respecto al mismo periodo de 2018, mientras que su gasto se increment\u00f3 un 4,1% hasta los 15.394 millones de euros. Son datos de las encuestas de Movimientos Tur\u00edsticos en Frontera (FRONTUR) y de Gasto Tur\u00edstico (EGATUR)","og:url":"https:\/\/www.eldigitaldeasturias.com\/noticias\/el-gasto-de-los-turistas-internacionales-sube-un-41-hasta-marzo\/","og:image":"https:\/\/www.eldigitaldeasturias.com\/noticias\/wp-content\/uploads\/2019\/05\/080119-pueblo_cadiz.jpg","og:image:secure_url":"https:\/\/www.eldigitaldeasturias.com\/noticias\/wp-content\/uploads\/2019\/05\/080119-pueblo_cadiz.jpg","og:image:width":512,"og:image:height":340,"article:tag":["turismo"],"article:published_time":"2019-05-09T07:49:10+00:00","article:modified_time":"2019-05-09T07:49:11+00:00","article:publisher":"https:\/\/facebook.com\/eldigitaldeasturias","twitter:card":"summary_large_image","twitter:title":"El gasto de los turistas internacionales sube un 4,1% hasta marzo - El Digital de Asturias","twitter:description":"Espa\u00f1a recibi\u00f3 durante los tres primeros meses del a\u00f1o cerca de 14,2 millones de turistas internacionales, un 3,7% m\u00e1s respecto al mismo periodo de 2018, mientras que su gasto se increment\u00f3 un 4,1% hasta los 15.394 millones de euros. Son datos de las encuestas de Movimientos Tur\u00edsticos en Frontera (FRONTUR) y de Gasto Tur\u00edstico (EGATUR)","twitter:image":"https:\/\/www.eldigitaldeasturias.com\/noticias\/wp-content\/uploads\/2019\/05\/080119-pueblo_cadiz.jpg","twitter:label1":"Escrito por","twitter:data1":"El Digital de Asturias","twitter:label2":"Tiempo de lectura estimado","twitter:data2":"2 minutos"},"aioseo_meta_data":{"post_id":"1026859","title":null,"description":null,"keywords":null,"keyphrases":null,"primary_term":null,"canonical_url":null,"og_title":null,"og_description":null,"og_object_type":"default","og_image_type":"default","og_image_url":null,"og_image_width":null,"og_image_height":null,"og_image_custom_url":null,"og_image_custom_fields":null,"og_video":null,"og_custom_url":null,"og_article_section":null,"og_article_tags":null,"twitter_use_og":false,"twitter_card":"default","twitter_image_type":"default","twitter_image_url":null,"twitter_image_custom_url":null,"twitter_image_custom_fields":null,"twitter_title":null,"twitter_description":null,"schema":{"blockGraphs":[],"customGraphs":[],"default":{"data":{"Article":[],"Course":[],"Dataset":[],"FAQPage":[],"Movie":[],"Person":[],"Product":[],"ProductReview":[],"Car":[],"Recipe":[],"Service":[],"SoftwareApplication":[],"WebPage":[]},"graphName":"","isEnabled":true},"graphs":[],"defaultGraph":"","defaultPostTypeGraph":""},"schema_type":null,"schema_type_options":null,"pillar_content":false,"robots_default":true,"robots_noindex":false,"robots_noarchive":false,"robots_nosnippet":false,"robots_nofollow":false,"robots_noimageindex":false,"robots_noodp":false,"robots_notranslate":false,"robots_max_snippet":null,"robots_max_videopreview":null,"robots_max_imagepreview":"large","priority":null,"frequency":null,"local_seo":null,"seo_analyzer_scan_date":"2025-10-18 03:37:07","breadcrumb_settings":null,"limit_modified_date":false,"open_ai":null,"ai":null,"created":"2020-12-21 11:13:16","updated":"2025-10-18 03:37:07"},"aioseo_breadcrumb":"<div class=\"aioseo-breadcrumbs\"><span class=\"aioseo-breadcrumb\">\n\t<a href=\"https:\/\/www.eldigitaldeasturias.com\/noticias\" title=\"Home\">Home<\/a>\n<\/span><span class=\"aioseo-breadcrumb-separator\">\u2013<\/span><span class=\"aioseo-breadcrumb\">\n\t<a href=\"https:\/\/www.eldigitaldeasturias.com\/noticias\/category\/turismo\/\" title=\"Turismo\">Turismo<\/a>\n<\/span><span class=\"aioseo-breadcrumb-separator\">\u2013<\/span><span class=\"aioseo-breadcrumb\">\n\t<a href=\"https:\/\/www.eldigitaldeasturias.com\/noticias\/el-gasto-de-los-turistas-internacionales-sube-un-41-hasta-marzo\/\" title=\"El gasto de los turistas internacionales sube un 4,1% hasta marzo\">El gasto de los turistas internacionales sube un 4,1% hasta marzo<\/a>\n<\/span><\/div>","aioseo_breadcrumb_json":[{"label":"Home","link":"https:\/\/www.eldigitaldeasturias.com\/noticias"},{"label":"Turismo","link":"https:\/\/www.eldigitaldeasturias.com\/noticias\/category\/turismo\/"},{"label":"El gasto de los turistas internacionales sube un 4,1% hasta marzo","link":"https:\/\/www.eldigitaldeasturias.com\/noticias\/el-gasto-de-los-turistas-internacionales-sube-un-41-hasta-marzo\/"}],"_links":{"self":[{"href":"https:\/\/www.eldigitaldeasturias.com\/noticias\/wp-json\/wp\/v2\/posts\/1026859","targetHints":{"allow":["GET"]}}],"collection":[{"href":"https:\/\/www.eldigitaldeasturias.com\/noticias\/wp-json\/wp\/v2\/posts"}],"about":[{"href":"https:\/\/www.eldigitaldeasturias.com\/noticias\/wp-json\/wp\/v2\/types\/post"}],"author":[{"embeddable":true,"href":"https:\/\/www.eldigitaldeasturias.com\/noticias\/wp-json\/wp\/v2\/users\/1"}],"replies":[{"embeddable":true,"href":"https:\/\/www.eldigitaldeasturias.com\/noticias\/wp-json\/wp\/v2\/comments?post=1026859"}],"version-history":[{"count":0,"href":"https:\/\/www.eldigitaldeasturias.com\/noticias\/wp-json\/wp\/v2\/posts\/1026859\/revisions"}],"wp:featuredmedia":[{"embeddable":true,"href":"https:\/\/www.eldigitaldeasturias.com\/noticias\/wp-json\/wp\/v2\/media\/1026860"}],"wp:attachment":[{"href":"https:\/\/www.eldigitaldeasturias.com\/noticias\/wp-json\/wp\/v2\/media?parent=1026859"}],"wp:term":[{"taxonomy":"category","embeddable":true,"href":"https:\/\/www.eldigitaldeasturias.com\/noticias\/wp-json\/wp\/v2\/categories?post=1026859"},{"taxonomy":"post_tag","embeddable":true,"href":"https:\/\/www.eldigitaldeasturias.com\/noticias\/wp-json\/wp\/v2\/tags?post=1026859"}],"curies":[{"name":"wp","href":"https:\/\/api.w.org\/{rel}","templated":true}]}}