{"id":1026752,"date":"2019-05-08T20:28:45","date_gmt":"2019-05-08T20:28:45","guid":{"rendered":"https:\/\/www.eldigitaldeasturias.com\/noticias\/?p=1026752"},"modified":"2019-05-08T20:28:45","modified_gmt":"2019-05-08T20:28:45","slug":"la-marca-casonas-asturianas-celebra-su-xxv-aniversario","status":"publish","type":"post","link":"https:\/\/www.eldigitaldeasturias.com\/noticias\/la-marca-casonas-asturianas-celebra-su-xxv-aniversario\/","title":{"rendered":"La marca Casonas Asturianas celebra su XXV aniversario"},"content":{"rendered":"<p><img loading=\"lazy\" decoding=\"async\" class=\"alignleft size-medium wp-image-1026753\" src=\"https:\/\/www.eldigitaldeasturias.com\/noticias\/wp-content\/uploads\/2019\/05\/Aniversario-casonas-360x251.jpg\" alt=\"\" width=\"360\" height=\"251\" srcset=\"https:\/\/www.eldigitaldeasturias.com\/noticias\/wp-content\/uploads\/2019\/05\/Aniversario-casonas-360x251.jpg 360w, https:\/\/www.eldigitaldeasturias.com\/noticias\/wp-content\/uploads\/2019\/05\/Aniversario-casonas-768x535.jpg 768w, https:\/\/www.eldigitaldeasturias.com\/noticias\/wp-content\/uploads\/2019\/05\/Aniversario-casonas-650x453.jpg 650w, https:\/\/www.eldigitaldeasturias.com\/noticias\/wp-content\/uploads\/2019\/05\/Aniversario-casonas-1024x713.jpg 1024w, https:\/\/www.eldigitaldeasturias.com\/noticias\/wp-content\/uploads\/2019\/05\/Aniversario-casonas.jpg 1031w\" sizes=\"auto, (max-width: 360px) 100vw, 360px\" \/>El director general de Comercio y Turismo, Julio Gonz\u00e1lez Zapico, ha participado hoy en Cudillero en el acto de celebraci\u00f3n del XXV aniversario de la marca Casonas Asturianas, creada por el Principado en 1994 para reconocer un segmento de la oferta hotelera que por su singularidad, calidad, ubicaci\u00f3n y nivel de servicios se diferencia del resto de establecimientos.<\/p>\n<p>El car\u00e1cter pionero de la marca Club de Calidad Casonas Asturianas la ha llevado a convertirse en una referencia para distintivos de este tipo en toda Espa\u00f1a, al tiempo que ha abierto camino para los otros tres sellos de calidad en el Principado: Aldeas Asturias, Calidad Rural; Mesas de Asturias, Excelencia Gastron\u00f3mica y Sidrer\u00edas de Asturias, Calidad Natural.<\/p>\n<p>Durante su intervenci\u00f3n, Zapico ha valorado la labor desarrollada por el empresariado que est\u00e1 al frente de estos establecimientos, su car\u00e1cter pionero y su compromiso con la excelencia. Tambi\u00e9n ha se\u00f1alado que, con motivo del aniversario del club, desde el Gobierno del Principado se impulsar\u00e1 una campa\u00f1a espec\u00edfica en redes sociales, que se sumar\u00e1 a otras acciones de promoci\u00f3n realizadas hasta ahora, como la centrada en las cuatro marcas de calidad asturianas difundida la segunda quincena de marzo.<\/p>\n<p>Adem\u00e1s, el director general se ha referido a la \u201cbuena salud\u201d de los hoteles rurales y ha recordado que este segmento ha registrado crecimientos superiores a los de las zonas urbanas. \u201cEl n\u00famero de visitantes que optan por la oferta rural ha aumentado un 37% desde la aprobaci\u00f3n del Plan de Turismo Sostenible 2020\u201d, ha indicado.<\/p>\n","protected":false},"excerpt":{"rendered":"<p>El director general de Comercio y Turismo, Julio Gonz\u00e1lez Zapico, ha participado hoy en Cudillero en el acto de celebraci\u00f3n del XXV aniversario de la marca Casonas Asturianas, creada por el Principado en 1994 para reconocer un segmento de la oferta hotelera que por su singularidad, calidad, ubicaci\u00f3n y nivel de servicios se diferencia del [&hellip;]<\/p>\n","protected":false},"author":1,"featured_media":1026753,"comment_status":"closed","ping_status":"closed","sticky":false,"template":"","format":"standard","meta":{"footnotes":""},"categories":[148],"tags":[],"class_list":["post-1026752","post","type-post","status-publish","format-standard","has-post-thumbnail","hentry","category-turismo"],"aioseo_notices":[],"aioseo_head":"\n\t\t<!-- All in One SEO Pro 4.9.6.2 - aioseo.com -->\n\t<meta name=\"description\" content=\"El director general de Comercio y Turismo, Julio Gonz\u00e1lez Zapico, ha participado hoy en Cudillero en el acto de celebraci\u00f3n del XXV aniversario de la marca Casonas Asturianas, creada por el Principado en 1994 para reconocer un segmento de la oferta hotelera que por su singularidad, calidad, ubicaci\u00f3n y nivel de servicios se diferencia del\" \/>\n\t<meta name=\"robots\" content=\"max-image-preview:large\" \/>\n\t<meta name=\"author\" content=\"El Digital de Asturias\"\/>\n\t<meta name=\"google-site-verification\" content=\"UA-38556648-1\" \/>\n\t<meta name=\"msvalidate.01\" content=\"7dfe9f3f1b24437ab69f4f2559babe99\" \/>\n\t<meta name=\"keywords\" content=\"turismo\" \/>\n\t<link rel=\"canonical\" href=\"https:\/\/www.eldigitaldeasturias.com\/noticias\/la-marca-casonas-asturianas-celebra-su-xxv-aniversario\/\" \/>\n\t<meta name=\"generator\" content=\"All in One SEO Pro (AIOSEO) 4.9.6.2\" \/>\n\t\t<meta property=\"og:locale\" content=\"es_ES\" \/>\n\t\t<meta property=\"og:site_name\" content=\"El Digital de Asturias\" \/>\n\t\t<meta property=\"og:type\" content=\"article\" \/>\n\t\t<meta property=\"og:title\" content=\"La marca Casonas Asturianas celebra su XXV aniversario - El Digital de Asturias\" \/>\n\t\t<meta property=\"og:description\" content=\"El director general de Comercio y Turismo, Julio Gonz\u00e1lez Zapico, ha participado hoy en Cudillero en el acto de celebraci\u00f3n del XXV aniversario de la marca Casonas Asturianas, creada por el Principado en 1994 para reconocer un segmento de la oferta hotelera que por su singularidad, calidad, ubicaci\u00f3n y nivel de servicios se diferencia del\" \/>\n\t\t<meta property=\"og:url\" content=\"https:\/\/www.eldigitaldeasturias.com\/noticias\/la-marca-casonas-asturianas-celebra-su-xxv-aniversario\/\" \/>\n\t\t<meta property=\"og:image\" content=\"https:\/\/www.eldigitaldeasturias.com\/noticias\/wp-content\/uploads\/2019\/05\/Aniversario-casonas.jpg\" \/>\n\t\t<meta property=\"og:image:secure_url\" content=\"https:\/\/www.eldigitaldeasturias.com\/noticias\/wp-content\/uploads\/2019\/05\/Aniversario-casonas.jpg\" \/>\n\t\t<meta property=\"og:image:width\" content=\"1031\" \/>\n\t\t<meta property=\"og:image:height\" content=\"718\" \/>\n\t\t<meta property=\"article:tag\" content=\"turismo\" \/>\n\t\t<meta property=\"article:published_time\" content=\"2019-05-08T20:28:45+00:00\" \/>\n\t\t<meta property=\"article:modified_time\" content=\"2019-05-08T20:28:45+00:00\" \/>\n\t\t<meta property=\"article:publisher\" content=\"https:\/\/facebook.com\/eldigitaldeasturias\" \/>\n\t\t<meta name=\"twitter:card\" content=\"summary_large_image\" \/>\n\t\t<meta name=\"twitter:title\" content=\"La marca Casonas Asturianas celebra su XXV aniversario - El Digital de Asturias\" \/>\n\t\t<meta name=\"twitter:description\" content=\"El director general de Comercio y Turismo, Julio Gonz\u00e1lez Zapico, ha participado hoy en Cudillero en el acto de celebraci\u00f3n del XXV aniversario de la marca Casonas Asturianas, creada por el Principado en 1994 para reconocer un segmento de la oferta hotelera que por su singularidad, calidad, ubicaci\u00f3n y nivel de servicios se diferencia del\" \/>\n\t\t<meta name=\"twitter:image\" content=\"https:\/\/www.eldigitaldeasturias.com\/noticias\/wp-content\/uploads\/2019\/05\/Aniversario-casonas.jpg\" \/>\n\t\t<meta name=\"twitter:label1\" content=\"Escrito por\" \/>\n\t\t<meta name=\"twitter:data1\" content=\"El Digital de Asturias\" \/>\n\t\t<meta name=\"twitter:label2\" content=\"Tiempo de lectura estimado\" \/>\n\t\t<meta name=\"twitter:data2\" content=\"1 minuto\" \/>\n\t\t<script type=\"application\/ld+json\" class=\"aioseo-schema\">\n\t\t\t{\"@context\":\"https:\\\/\\\/schema.org\",\"@graph\":[{\"@type\":\"BlogPosting\",\"@id\":\"https:\\\/\\\/www.eldigitaldeasturias.com\\\/noticias\\\/la-marca-casonas-asturianas-celebra-su-xxv-aniversario\\\/#blogposting\",\"name\":\"La marca Casonas Asturianas celebra su XXV aniversario - El Digital de Asturias\",\"headline\":\"La marca Casonas Asturianas celebra su XXV aniversario\",\"author\":{\"@id\":\"https:\\\/\\\/www.eldigitaldeasturias.com\\\/noticias\\\/author\\\/admin\\\/#author\"},\"publisher\":{\"@id\":\"https:\\\/\\\/www.eldigitaldeasturias.com\\\/noticias\\\/#organization\"},\"image\":{\"@type\":\"ImageObject\",\"url\":\"https:\\\/\\\/www.eldigitaldeasturias.com\\\/noticias\\\/wp-content\\\/uploads\\\/2019\\\/05\\\/Aniversario-casonas.jpg\",\"width\":1031,\"height\":718},\"datePublished\":\"2019-05-08T20:28:45+02:00\",\"dateModified\":\"2019-05-08T20:28:45+02:00\",\"inLanguage\":\"es-ES\",\"mainEntityOfPage\":{\"@id\":\"https:\\\/\\\/www.eldigitaldeasturias.com\\\/noticias\\\/la-marca-casonas-asturianas-celebra-su-xxv-aniversario\\\/#webpage\"},\"isPartOf\":{\"@id\":\"https:\\\/\\\/www.eldigitaldeasturias.com\\\/noticias\\\/la-marca-casonas-asturianas-celebra-su-xxv-aniversario\\\/#webpage\"},\"articleSection\":\"Turismo\"},{\"@type\":\"BreadcrumbList\",\"@id\":\"https:\\\/\\\/www.eldigitaldeasturias.com\\\/noticias\\\/la-marca-casonas-asturianas-celebra-su-xxv-aniversario\\\/#breadcrumblist\",\"itemListElement\":[{\"@type\":\"ListItem\",\"@id\":\"https:\\\/\\\/www.eldigitaldeasturias.com\\\/noticias#listItem\",\"position\":1,\"name\":\"Home\",\"item\":\"https:\\\/\\\/www.eldigitaldeasturias.com\\\/noticias\",\"nextItem\":{\"@type\":\"ListItem\",\"@id\":\"https:\\\/\\\/www.eldigitaldeasturias.com\\\/noticias\\\/category\\\/turismo\\\/#listItem\",\"name\":\"Turismo\"}},{\"@type\":\"ListItem\",\"@id\":\"https:\\\/\\\/www.eldigitaldeasturias.com\\\/noticias\\\/category\\\/turismo\\\/#listItem\",\"position\":2,\"name\":\"Turismo\",\"item\":\"https:\\\/\\\/www.eldigitaldeasturias.com\\\/noticias\\\/category\\\/turismo\\\/\",\"nextItem\":{\"@type\":\"ListItem\",\"@id\":\"https:\\\/\\\/www.eldigitaldeasturias.com\\\/noticias\\\/la-marca-casonas-asturianas-celebra-su-xxv-aniversario\\\/#listItem\",\"name\":\"La marca Casonas Asturianas celebra su XXV aniversario\"},\"previousItem\":{\"@type\":\"ListItem\",\"@id\":\"https:\\\/\\\/www.eldigitaldeasturias.com\\\/noticias#listItem\",\"name\":\"Home\"}},{\"@type\":\"ListItem\",\"@id\":\"https:\\\/\\\/www.eldigitaldeasturias.com\\\/noticias\\\/la-marca-casonas-asturianas-celebra-su-xxv-aniversario\\\/#listItem\",\"position\":3,\"name\":\"La marca Casonas Asturianas celebra su XXV aniversario\",\"previousItem\":{\"@type\":\"ListItem\",\"@id\":\"https:\\\/\\\/www.eldigitaldeasturias.com\\\/noticias\\\/category\\\/turismo\\\/#listItem\",\"name\":\"Turismo\"}}]},{\"@type\":\"Organization\",\"@id\":\"https:\\\/\\\/www.eldigitaldeasturias.com\\\/noticias\\\/#organization\",\"name\":\"El Digital de Asturias\",\"description\":\"Hemeroteca\",\"url\":\"https:\\\/\\\/www.eldigitaldeasturias.com\\\/noticias\\\/\",\"email\":\"info@eldigitaldeasturias.com\",\"telephone\":\"+34652131393\",\"logo\":{\"@type\":\"ImageObject\",\"url\":\"https:\\\/\\\/www.eldigitaldeasturias.com\\\/noticias\\\/wp-content\\\/uploads\\\/2020\\\/12\\\/EDA.jpg\",\"@id\":\"https:\\\/\\\/www.eldigitaldeasturias.com\\\/noticias\\\/la-marca-casonas-asturianas-celebra-su-xxv-aniversario\\\/#organizationLogo\",\"width\":649,\"height\":297},\"image\":{\"@id\":\"https:\\\/\\\/www.eldigitaldeasturias.com\\\/noticias\\\/la-marca-casonas-asturianas-celebra-su-xxv-aniversario\\\/#organizationLogo\"},\"sameAs\":[\"https:\\\/\\\/facebook.com\\\/eldigitaldeasturias\",\"https:\\\/\\\/www.youtube.com\\\/channel\\\/UCZP-2wLEB9Rv6erhFmqVnvg\"],\"address\":{\"@id\":\"https:\\\/\\\/www.eldigitaldeasturias.com\\\/noticias\\\/#postaladdress\",\"@type\":\"PostalAddress\",\"streetAddress\":\"san antonio 4,\",\"postalCode\":\"33430\",\"addressLocality\":\"Cand\\u00e1s\",\"addressRegion\":\"Asturias\",\"addressCountry\":\"ES\"}},{\"@type\":\"Person\",\"@id\":\"https:\\\/\\\/www.eldigitaldeasturias.com\\\/noticias\\\/author\\\/admin\\\/#author\",\"url\":\"https:\\\/\\\/www.eldigitaldeasturias.com\\\/noticias\\\/author\\\/admin\\\/\",\"name\":\"El Digital de Asturias\",\"image\":{\"@type\":\"ImageObject\",\"@id\":\"https:\\\/\\\/www.eldigitaldeasturias.com\\\/noticias\\\/la-marca-casonas-asturianas-celebra-su-xxv-aniversario\\\/#authorImage\",\"url\":\"https:\\\/\\\/www.eldigitaldeasturias.com\\\/noticias\\\/wp-content\\\/litespeed\\\/avatar\\\/18677e78aa0546b92d9dbf31ec7d7668.jpg?ver=1777290358\",\"width\":96,\"height\":96,\"caption\":\"El Digital de Asturias\"}},{\"@type\":\"WebPage\",\"@id\":\"https:\\\/\\\/www.eldigitaldeasturias.com\\\/noticias\\\/la-marca-casonas-asturianas-celebra-su-xxv-aniversario\\\/#webpage\",\"url\":\"https:\\\/\\\/www.eldigitaldeasturias.com\\\/noticias\\\/la-marca-casonas-asturianas-celebra-su-xxv-aniversario\\\/\",\"name\":\"La marca Casonas Asturianas celebra su XXV aniversario - El Digital de Asturias\",\"description\":\"El director general de Comercio y Turismo, Julio Gonz\\u00e1lez Zapico, ha participado hoy en Cudillero en el acto de celebraci\\u00f3n del XXV aniversario de la marca Casonas Asturianas, creada por el Principado en 1994 para reconocer un segmento de la oferta hotelera que por su singularidad, calidad, ubicaci\\u00f3n y nivel de servicios se diferencia del\",\"inLanguage\":\"es-ES\",\"isPartOf\":{\"@id\":\"https:\\\/\\\/www.eldigitaldeasturias.com\\\/noticias\\\/#website\"},\"breadcrumb\":{\"@id\":\"https:\\\/\\\/www.eldigitaldeasturias.com\\\/noticias\\\/la-marca-casonas-asturianas-celebra-su-xxv-aniversario\\\/#breadcrumblist\"},\"author\":{\"@id\":\"https:\\\/\\\/www.eldigitaldeasturias.com\\\/noticias\\\/author\\\/admin\\\/#author\"},\"creator\":{\"@id\":\"https:\\\/\\\/www.eldigitaldeasturias.com\\\/noticias\\\/author\\\/admin\\\/#author\"},\"image\":{\"@type\":\"ImageObject\",\"url\":\"https:\\\/\\\/www.eldigitaldeasturias.com\\\/noticias\\\/wp-content\\\/uploads\\\/2019\\\/05\\\/Aniversario-casonas.jpg\",\"@id\":\"https:\\\/\\\/www.eldigitaldeasturias.com\\\/noticias\\\/la-marca-casonas-asturianas-celebra-su-xxv-aniversario\\\/#mainImage\",\"width\":1031,\"height\":718},\"primaryImageOfPage\":{\"@id\":\"https:\\\/\\\/www.eldigitaldeasturias.com\\\/noticias\\\/la-marca-casonas-asturianas-celebra-su-xxv-aniversario\\\/#mainImage\"},\"datePublished\":\"2019-05-08T20:28:45+02:00\",\"dateModified\":\"2019-05-08T20:28:45+02:00\"},{\"@type\":\"WebSite\",\"@id\":\"https:\\\/\\\/www.eldigitaldeasturias.com\\\/noticias\\\/#website\",\"url\":\"https:\\\/\\\/www.eldigitaldeasturias.com\\\/noticias\\\/\",\"name\":\"El Digital de Asturias - Diario de actualidad y noticias\",\"alternateName\":\"El Digital de Asturias - Diario de actualidad y noticias\",\"description\":\"Hemeroteca\",\"inLanguage\":\"es-ES\",\"publisher\":{\"@id\":\"https:\\\/\\\/www.eldigitaldeasturias.com\\\/noticias\\\/#organization\"}}]}\n\t\t<\/script>\n\t\t<!-- All in One SEO Pro -->\r\n\t\t<title>La marca Casonas Asturianas celebra su XXV aniversario - El Digital de Asturias<\/title>\n\n","aioseo_head_json":{"title":"La marca Casonas Asturianas celebra su XXV aniversario - El Digital de Asturias","description":"El director general de Comercio y Turismo, Julio Gonz\u00e1lez Zapico, ha participado hoy en Cudillero en el acto de celebraci\u00f3n del XXV aniversario de la marca Casonas Asturianas, creada por el Principado en 1994 para reconocer un segmento de la oferta hotelera que por su singularidad, calidad, ubicaci\u00f3n y nivel de servicios se diferencia del","canonical_url":"https:\/\/www.eldigitaldeasturias.com\/noticias\/la-marca-casonas-asturianas-celebra-su-xxv-aniversario\/","robots":"max-image-preview:large","keywords":"turismo","webmasterTools":{"google-site-verification":"UA-38556648-1","msvalidate.01":"7dfe9f3f1b24437ab69f4f2559babe99","miscellaneous":""},"schema":{"@context":"https:\/\/schema.org","@graph":[{"@type":"BlogPosting","@id":"https:\/\/www.eldigitaldeasturias.com\/noticias\/la-marca-casonas-asturianas-celebra-su-xxv-aniversario\/#blogposting","name":"La marca Casonas Asturianas celebra su XXV aniversario - El Digital de Asturias","headline":"La marca Casonas Asturianas celebra su XXV aniversario","author":{"@id":"https:\/\/www.eldigitaldeasturias.com\/noticias\/author\/admin\/#author"},"publisher":{"@id":"https:\/\/www.eldigitaldeasturias.com\/noticias\/#organization"},"image":{"@type":"ImageObject","url":"https:\/\/www.eldigitaldeasturias.com\/noticias\/wp-content\/uploads\/2019\/05\/Aniversario-casonas.jpg","width":1031,"height":718},"datePublished":"2019-05-08T20:28:45+02:00","dateModified":"2019-05-08T20:28:45+02:00","inLanguage":"es-ES","mainEntityOfPage":{"@id":"https:\/\/www.eldigitaldeasturias.com\/noticias\/la-marca-casonas-asturianas-celebra-su-xxv-aniversario\/#webpage"},"isPartOf":{"@id":"https:\/\/www.eldigitaldeasturias.com\/noticias\/la-marca-casonas-asturianas-celebra-su-xxv-aniversario\/#webpage"},"articleSection":"Turismo"},{"@type":"BreadcrumbList","@id":"https:\/\/www.eldigitaldeasturias.com\/noticias\/la-marca-casonas-asturianas-celebra-su-xxv-aniversario\/#breadcrumblist","itemListElement":[{"@type":"ListItem","@id":"https:\/\/www.eldigitaldeasturias.com\/noticias#listItem","position":1,"name":"Home","item":"https:\/\/www.eldigitaldeasturias.com\/noticias","nextItem":{"@type":"ListItem","@id":"https:\/\/www.eldigitaldeasturias.com\/noticias\/category\/turismo\/#listItem","name":"Turismo"}},{"@type":"ListItem","@id":"https:\/\/www.eldigitaldeasturias.com\/noticias\/category\/turismo\/#listItem","position":2,"name":"Turismo","item":"https:\/\/www.eldigitaldeasturias.com\/noticias\/category\/turismo\/","nextItem":{"@type":"ListItem","@id":"https:\/\/www.eldigitaldeasturias.com\/noticias\/la-marca-casonas-asturianas-celebra-su-xxv-aniversario\/#listItem","name":"La marca Casonas Asturianas celebra su XXV aniversario"},"previousItem":{"@type":"ListItem","@id":"https:\/\/www.eldigitaldeasturias.com\/noticias#listItem","name":"Home"}},{"@type":"ListItem","@id":"https:\/\/www.eldigitaldeasturias.com\/noticias\/la-marca-casonas-asturianas-celebra-su-xxv-aniversario\/#listItem","position":3,"name":"La marca Casonas Asturianas celebra su XXV aniversario","previousItem":{"@type":"ListItem","@id":"https:\/\/www.eldigitaldeasturias.com\/noticias\/category\/turismo\/#listItem","name":"Turismo"}}]},{"@type":"Organization","@id":"https:\/\/www.eldigitaldeasturias.com\/noticias\/#organization","name":"El Digital de Asturias","description":"Hemeroteca","url":"https:\/\/www.eldigitaldeasturias.com\/noticias\/","email":"info@eldigitaldeasturias.com","telephone":"+34652131393","logo":{"@type":"ImageObject","url":"https:\/\/www.eldigitaldeasturias.com\/noticias\/wp-content\/uploads\/2020\/12\/EDA.jpg","@id":"https:\/\/www.eldigitaldeasturias.com\/noticias\/la-marca-casonas-asturianas-celebra-su-xxv-aniversario\/#organizationLogo","width":649,"height":297},"image":{"@id":"https:\/\/www.eldigitaldeasturias.com\/noticias\/la-marca-casonas-asturianas-celebra-su-xxv-aniversario\/#organizationLogo"},"sameAs":["https:\/\/facebook.com\/eldigitaldeasturias","https:\/\/www.youtube.com\/channel\/UCZP-2wLEB9Rv6erhFmqVnvg"],"address":{"@id":"https:\/\/www.eldigitaldeasturias.com\/noticias\/#postaladdress","@type":"PostalAddress","streetAddress":"san antonio 4,","postalCode":"33430","addressLocality":"Cand\u00e1s","addressRegion":"Asturias","addressCountry":"ES"}},{"@type":"Person","@id":"https:\/\/www.eldigitaldeasturias.com\/noticias\/author\/admin\/#author","url":"https:\/\/www.eldigitaldeasturias.com\/noticias\/author\/admin\/","name":"El Digital de Asturias","image":{"@type":"ImageObject","@id":"https:\/\/www.eldigitaldeasturias.com\/noticias\/la-marca-casonas-asturianas-celebra-su-xxv-aniversario\/#authorImage","url":"https:\/\/www.eldigitaldeasturias.com\/noticias\/wp-content\/litespeed\/avatar\/18677e78aa0546b92d9dbf31ec7d7668.jpg?ver=1777290358","width":96,"height":96,"caption":"El Digital de Asturias"}},{"@type":"WebPage","@id":"https:\/\/www.eldigitaldeasturias.com\/noticias\/la-marca-casonas-asturianas-celebra-su-xxv-aniversario\/#webpage","url":"https:\/\/www.eldigitaldeasturias.com\/noticias\/la-marca-casonas-asturianas-celebra-su-xxv-aniversario\/","name":"La marca Casonas Asturianas celebra su XXV aniversario - El Digital de Asturias","description":"El director general de Comercio y Turismo, Julio Gonz\u00e1lez Zapico, ha participado hoy en Cudillero en el acto de celebraci\u00f3n del XXV aniversario de la marca Casonas Asturianas, creada por el Principado en 1994 para reconocer un segmento de la oferta hotelera que por su singularidad, calidad, ubicaci\u00f3n y nivel de servicios se diferencia del","inLanguage":"es-ES","isPartOf":{"@id":"https:\/\/www.eldigitaldeasturias.com\/noticias\/#website"},"breadcrumb":{"@id":"https:\/\/www.eldigitaldeasturias.com\/noticias\/la-marca-casonas-asturianas-celebra-su-xxv-aniversario\/#breadcrumblist"},"author":{"@id":"https:\/\/www.eldigitaldeasturias.com\/noticias\/author\/admin\/#author"},"creator":{"@id":"https:\/\/www.eldigitaldeasturias.com\/noticias\/author\/admin\/#author"},"image":{"@type":"ImageObject","url":"https:\/\/www.eldigitaldeasturias.com\/noticias\/wp-content\/uploads\/2019\/05\/Aniversario-casonas.jpg","@id":"https:\/\/www.eldigitaldeasturias.com\/noticias\/la-marca-casonas-asturianas-celebra-su-xxv-aniversario\/#mainImage","width":1031,"height":718},"primaryImageOfPage":{"@id":"https:\/\/www.eldigitaldeasturias.com\/noticias\/la-marca-casonas-asturianas-celebra-su-xxv-aniversario\/#mainImage"},"datePublished":"2019-05-08T20:28:45+02:00","dateModified":"2019-05-08T20:28:45+02:00"},{"@type":"WebSite","@id":"https:\/\/www.eldigitaldeasturias.com\/noticias\/#website","url":"https:\/\/www.eldigitaldeasturias.com\/noticias\/","name":"El Digital de Asturias - Diario de actualidad y noticias","alternateName":"El Digital de Asturias - Diario de actualidad y noticias","description":"Hemeroteca","inLanguage":"es-ES","publisher":{"@id":"https:\/\/www.eldigitaldeasturias.com\/noticias\/#organization"}}]},"og:locale":"es_ES","og:site_name":"El Digital de Asturias","og:type":"article","og:title":"La marca Casonas Asturianas celebra su XXV aniversario - El Digital de Asturias","og:description":"El director general de Comercio y Turismo, Julio Gonz\u00e1lez Zapico, ha participado hoy en Cudillero en el acto de celebraci\u00f3n del XXV aniversario de la marca Casonas Asturianas, creada por el Principado en 1994 para reconocer un segmento de la oferta hotelera que por su singularidad, calidad, ubicaci\u00f3n y nivel de servicios se diferencia del","og:url":"https:\/\/www.eldigitaldeasturias.com\/noticias\/la-marca-casonas-asturianas-celebra-su-xxv-aniversario\/","og:image":"https:\/\/www.eldigitaldeasturias.com\/noticias\/wp-content\/uploads\/2019\/05\/Aniversario-casonas.jpg","og:image:secure_url":"https:\/\/www.eldigitaldeasturias.com\/noticias\/wp-content\/uploads\/2019\/05\/Aniversario-casonas.jpg","og:image:width":1031,"og:image:height":718,"article:tag":["turismo"],"article:published_time":"2019-05-08T20:28:45+00:00","article:modified_time":"2019-05-08T20:28:45+00:00","article:publisher":"https:\/\/facebook.com\/eldigitaldeasturias","twitter:card":"summary_large_image","twitter:title":"La marca Casonas Asturianas celebra su XXV aniversario - El Digital de Asturias","twitter:description":"El director general de Comercio y Turismo, Julio Gonz\u00e1lez Zapico, ha participado hoy en Cudillero en el acto de celebraci\u00f3n del XXV aniversario de la marca Casonas Asturianas, creada por el Principado en 1994 para reconocer un segmento de la oferta hotelera que por su singularidad, calidad, ubicaci\u00f3n y nivel de servicios se diferencia del","twitter:image":"https:\/\/www.eldigitaldeasturias.com\/noticias\/wp-content\/uploads\/2019\/05\/Aniversario-casonas.jpg","twitter:label1":"Escrito por","twitter:data1":"El Digital de Asturias","twitter:label2":"Tiempo de lectura estimado","twitter:data2":"1 minuto"},"aioseo_meta_data":{"post_id":"1026752","title":null,"description":null,"keywords":null,"keyphrases":null,"primary_term":null,"canonical_url":null,"og_title":null,"og_description":null,"og_object_type":"default","og_image_type":"default","og_image_url":null,"og_image_width":null,"og_image_height":null,"og_image_custom_url":null,"og_image_custom_fields":null,"og_video":null,"og_custom_url":null,"og_article_section":null,"og_article_tags":null,"twitter_use_og":false,"twitter_card":"default","twitter_image_type":"default","twitter_image_url":null,"twitter_image_custom_url":null,"twitter_image_custom_fields":null,"twitter_title":null,"twitter_description":null,"schema":{"blockGraphs":[],"customGraphs":[],"default":{"data":{"Article":[],"Course":[],"Dataset":[],"FAQPage":[],"Movie":[],"Person":[],"Product":[],"ProductReview":[],"Car":[],"Recipe":[],"Service":[],"SoftwareApplication":[],"WebPage":[]},"graphName":"","isEnabled":true},"graphs":[],"defaultGraph":"","defaultPostTypeGraph":""},"schema_type":null,"schema_type_options":null,"pillar_content":false,"robots_default":true,"robots_noindex":false,"robots_noarchive":false,"robots_nosnippet":false,"robots_nofollow":false,"robots_noimageindex":false,"robots_noodp":false,"robots_notranslate":false,"robots_max_snippet":null,"robots_max_videopreview":null,"robots_max_imagepreview":"large","priority":null,"frequency":null,"local_seo":null,"seo_analyzer_scan_date":"2025-10-18 03:12:11","breadcrumb_settings":null,"limit_modified_date":false,"open_ai":null,"ai":null,"created":"2020-12-21 11:13:16","updated":"2025-10-18 03:12:11"},"aioseo_breadcrumb":"<div class=\"aioseo-breadcrumbs\"><span class=\"aioseo-breadcrumb\">\n\t<a href=\"https:\/\/www.eldigitaldeasturias.com\/noticias\" title=\"Home\">Home<\/a>\n<\/span><span class=\"aioseo-breadcrumb-separator\">\u2013<\/span><span class=\"aioseo-breadcrumb\">\n\t<a href=\"https:\/\/www.eldigitaldeasturias.com\/noticias\/category\/turismo\/\" title=\"Turismo\">Turismo<\/a>\n<\/span><span class=\"aioseo-breadcrumb-separator\">\u2013<\/span><span class=\"aioseo-breadcrumb\">\n\t<a href=\"https:\/\/www.eldigitaldeasturias.com\/noticias\/la-marca-casonas-asturianas-celebra-su-xxv-aniversario\/\" title=\"La marca Casonas Asturianas celebra su XXV aniversario\">La marca Casonas Asturianas celebra su XXV aniversario<\/a>\n<\/span><\/div>","aioseo_breadcrumb_json":[{"label":"Home","link":"https:\/\/www.eldigitaldeasturias.com\/noticias"},{"label":"Turismo","link":"https:\/\/www.eldigitaldeasturias.com\/noticias\/category\/turismo\/"},{"label":"La marca Casonas Asturianas celebra su XXV aniversario","link":"https:\/\/www.eldigitaldeasturias.com\/noticias\/la-marca-casonas-asturianas-celebra-su-xxv-aniversario\/"}],"_links":{"self":[{"href":"https:\/\/www.eldigitaldeasturias.com\/noticias\/wp-json\/wp\/v2\/posts\/1026752","targetHints":{"allow":["GET"]}}],"collection":[{"href":"https:\/\/www.eldigitaldeasturias.com\/noticias\/wp-json\/wp\/v2\/posts"}],"about":[{"href":"https:\/\/www.eldigitaldeasturias.com\/noticias\/wp-json\/wp\/v2\/types\/post"}],"author":[{"embeddable":true,"href":"https:\/\/www.eldigitaldeasturias.com\/noticias\/wp-json\/wp\/v2\/users\/1"}],"replies":[{"embeddable":true,"href":"https:\/\/www.eldigitaldeasturias.com\/noticias\/wp-json\/wp\/v2\/comments?post=1026752"}],"version-history":[{"count":0,"href":"https:\/\/www.eldigitaldeasturias.com\/noticias\/wp-json\/wp\/v2\/posts\/1026752\/revisions"}],"wp:featuredmedia":[{"embeddable":true,"href":"https:\/\/www.eldigitaldeasturias.com\/noticias\/wp-json\/wp\/v2\/media\/1026753"}],"wp:attachment":[{"href":"https:\/\/www.eldigitaldeasturias.com\/noticias\/wp-json\/wp\/v2\/media?parent=1026752"}],"wp:term":[{"taxonomy":"category","embeddable":true,"href":"https:\/\/www.eldigitaldeasturias.com\/noticias\/wp-json\/wp\/v2\/categories?post=1026752"},{"taxonomy":"post_tag","embeddable":true,"href":"https:\/\/www.eldigitaldeasturias.com\/noticias\/wp-json\/wp\/v2\/tags?post=1026752"}],"curies":[{"name":"wp","href":"https:\/\/api.w.org\/{rel}","templated":true}]}}