{"id":1026660,"date":"2019-05-08T04:01:43","date_gmt":"2019-05-08T04:01:43","guid":{"rendered":"https:\/\/www.eldigitaldeasturias.com\/noticias\/?p=1026660"},"modified":"2019-05-08T04:01:43","modified_gmt":"2019-05-08T04:01:43","slug":"ifab-la-mano-involuntaria-tambien-estara-en-el-reglamento","status":"publish","type":"post","link":"https:\/\/www.eldigitaldeasturias.com\/noticias\/ifab-la-mano-involuntaria-tambien-estara-en-el-reglamento\/","title":{"rendered":"IFAB: La mano involuntaria tambi\u00e9n estar\u00e1 en el reglamento"},"content":{"rendered":"<p><img loading=\"lazy\" decoding=\"async\" class=\"alignleft size-medium wp-image-1026661\" src=\"https:\/\/www.eldigitaldeasturias.com\/noticias\/wp-content\/uploads\/2019\/05\/noticias-futbol-360x258.jpg\" alt=\"\" width=\"360\" height=\"258\" srcset=\"https:\/\/www.eldigitaldeasturias.com\/noticias\/wp-content\/uploads\/2019\/05\/noticias-futbol-360x258.jpg 360w, https:\/\/www.eldigitaldeasturias.com\/noticias\/wp-content\/uploads\/2019\/05\/noticias-futbol-768x551.jpg 768w, https:\/\/www.eldigitaldeasturias.com\/noticias\/wp-content\/uploads\/2019\/05\/noticias-futbol-650x467.jpg 650w, https:\/\/www.eldigitaldeasturias.com\/noticias\/wp-content\/uploads\/2019\/05\/noticias-futbol.jpg 936w\" sizes=\"auto, (max-width: 360px) 100vw, 360px\" \/>Berl\u00edn, 7 may (dpa) &#8211; Lukas Brud, de la International Football Association Board (IFAB), explic\u00f3 las modificaciones que se introducir\u00e1n en el reglamento en relaci\u00f3n a las faltas por juego de mano, en declaraciones que publica hoy el diario alem\u00e1n \u00abBild\u00bb<\/p>\n<p>\u00abLa innovaci\u00f3n ser\u00e1 que en el futuro tambi\u00e9n se definir\u00e1n las manos involuntarias\u00bb, se\u00f1al\u00f3 Brud al peri\u00f3dico germano.<\/p>\n<p>\u00abEsto significa que se prestar\u00e1 atenci\u00f3n a las consecuencias de una mano y su influencia en el curso del juego\u00bb, asegur\u00f3 el directivo de la organizaci\u00f3n que determina las reglas del f\u00fatbol a nivel internacional.<\/p>\n<p>\u00abSi un jugador pone el brazo, por ejemplo, directamente delante del cuerpo y recibe un disparo, la mano no es punible, ya que la consecuencia es que bloquea el bal\u00f3n, pero en lugar de hacerlo con la mano lo habr\u00eda hecho con el cuerpo\u00bb, ejemplific\u00f3 Brud.<\/p>\n<p>Por el contrario, si un jugador marca un gol con la mano, este no ser\u00e1 v\u00e1lido en ning\u00fan caso, independientemente de si es una acci\u00f3n intencionada o no, aclar\u00f3 el gerente de la IFAB.<\/p>\n<p>A trav\u00e9s de los cambios en las reglas que entrar\u00e1n en vigor al final de la actual temporada, la IFAB quiere reducir el margen de interpretaci\u00f3n para los \u00e1rbitros.<\/p>\n<p>\u00abLas manos siempre ser\u00e1n una zona gris, ya que en ella nunca hay claridad al cien por cien\u00bb, admiti\u00f3, sin embargo, Brud.<\/p>\n<p>Incluso con los cambios, el criterio m\u00e1s importante seguir\u00e1 siendo la intencionalidad.<\/p>\n<p>\u00abNunca nadie ser\u00e1 capaz de definir una intenci\u00f3n con absoluta claridad, porque nadie puede saber qu\u00e9 pasa en la cabeza de un jugador\u00bb, reconoci\u00f3.<\/p>\n<p><em>Foto: Jan Woitas\/ZB\/dpa\u00a0<\/em><\/p>\n","protected":false},"excerpt":{"rendered":"<p>Berl\u00edn, 7 may (dpa) &#8211; Lukas Brud, de la International Football Association Board (IFAB), explic\u00f3 las modificaciones que se introducir\u00e1n en el reglamento en relaci\u00f3n a las faltas por juego de mano, en declaraciones que publica hoy el diario alem\u00e1n \u00abBild\u00bb \u00abLa innovaci\u00f3n ser\u00e1 que en el futuro tambi\u00e9n se definir\u00e1n las manos involuntarias\u00bb, se\u00f1al\u00f3 [&hellip;]<\/p>\n","protected":false},"author":1,"featured_media":1026661,"comment_status":"closed","ping_status":"closed","sticky":false,"template":"","format":"standard","meta":{"footnotes":""},"categories":[190],"tags":[],"class_list":["post-1026660","post","type-post","status-publish","format-standard","has-post-thumbnail","hentry","category-deportes"],"aioseo_notices":[],"aioseo_head":"\n\t\t<!-- All in One SEO Pro 4.9.6.2 - aioseo.com -->\n\t<meta name=\"description\" content=\"Berl\u00edn, 7 may (dpa) - Lukas Brud, de la International Football Association Board (IFAB), explic\u00f3 las modificaciones que se introducir\u00e1n en el reglamento en relaci\u00f3n a las faltas por juego de mano, en declaraciones que publica hoy el diario alem\u00e1n &quot;Bild&quot; &quot;La innovaci\u00f3n ser\u00e1 que en el futuro tambi\u00e9n se definir\u00e1n las manos involuntarias&quot;, se\u00f1al\u00f3\" \/>\n\t<meta name=\"robots\" content=\"max-image-preview:large\" \/>\n\t<meta name=\"author\" content=\"El Digital de Asturias\"\/>\n\t<meta name=\"google-site-verification\" content=\"UA-38556648-1\" \/>\n\t<meta name=\"msvalidate.01\" content=\"7dfe9f3f1b24437ab69f4f2559babe99\" \/>\n\t<meta name=\"keywords\" content=\"deportes\" \/>\n\t<link rel=\"canonical\" href=\"https:\/\/www.eldigitaldeasturias.com\/noticias\/ifab-la-mano-involuntaria-tambien-estara-en-el-reglamento\/\" \/>\n\t<meta name=\"generator\" content=\"All in One SEO Pro (AIOSEO) 4.9.6.2\" \/>\n\t\t<meta property=\"og:locale\" content=\"es_ES\" \/>\n\t\t<meta property=\"og:site_name\" content=\"El Digital de Asturias\" \/>\n\t\t<meta property=\"og:type\" content=\"article\" \/>\n\t\t<meta property=\"og:title\" content=\"IFAB: La mano involuntaria tambi\u00e9n estar\u00e1 en el reglamento - El Digital de Asturias\" \/>\n\t\t<meta property=\"og:description\" content=\"Berl\u00edn, 7 may (dpa) - Lukas Brud, de la International Football Association Board (IFAB), explic\u00f3 las modificaciones que se introducir\u00e1n en el reglamento en relaci\u00f3n a las faltas por juego de mano, en declaraciones que publica hoy el diario alem\u00e1n &quot;Bild&quot; &quot;La innovaci\u00f3n ser\u00e1 que en el futuro tambi\u00e9n se definir\u00e1n las manos involuntarias&quot;, se\u00f1al\u00f3\" \/>\n\t\t<meta property=\"og:url\" content=\"https:\/\/www.eldigitaldeasturias.com\/noticias\/ifab-la-mano-involuntaria-tambien-estara-en-el-reglamento\/\" \/>\n\t\t<meta property=\"og:image\" content=\"https:\/\/www.eldigitaldeasturias.com\/noticias\/wp-content\/uploads\/2019\/05\/noticias-futbol.jpg\" \/>\n\t\t<meta property=\"og:image:secure_url\" content=\"https:\/\/www.eldigitaldeasturias.com\/noticias\/wp-content\/uploads\/2019\/05\/noticias-futbol.jpg\" \/>\n\t\t<meta property=\"og:image:width\" content=\"936\" \/>\n\t\t<meta property=\"og:image:height\" content=\"672\" \/>\n\t\t<meta property=\"article:tag\" content=\"deportes\" \/>\n\t\t<meta property=\"article:published_time\" content=\"2019-05-08T04:01:43+00:00\" \/>\n\t\t<meta property=\"article:modified_time\" content=\"2019-05-08T04:01:43+00:00\" \/>\n\t\t<meta property=\"article:publisher\" content=\"https:\/\/facebook.com\/eldigitaldeasturias\" \/>\n\t\t<meta name=\"twitter:card\" content=\"summary_large_image\" \/>\n\t\t<meta name=\"twitter:title\" content=\"IFAB: La mano involuntaria tambi\u00e9n estar\u00e1 en el reglamento - El Digital de Asturias\" \/>\n\t\t<meta name=\"twitter:description\" content=\"Berl\u00edn, 7 may (dpa) - Lukas Brud, de la International Football Association Board (IFAB), explic\u00f3 las modificaciones que se introducir\u00e1n en el reglamento en relaci\u00f3n a las faltas por juego de mano, en declaraciones que publica hoy el diario alem\u00e1n &quot;Bild&quot; &quot;La innovaci\u00f3n ser\u00e1 que en el futuro tambi\u00e9n se definir\u00e1n las manos involuntarias&quot;, se\u00f1al\u00f3\" \/>\n\t\t<meta name=\"twitter:image\" content=\"https:\/\/www.eldigitaldeasturias.com\/noticias\/wp-content\/uploads\/2019\/05\/noticias-futbol.jpg\" \/>\n\t\t<meta name=\"twitter:label1\" content=\"Escrito por\" \/>\n\t\t<meta name=\"twitter:data1\" content=\"El Digital de Asturias\" \/>\n\t\t<meta name=\"twitter:label2\" content=\"Tiempo de lectura estimado\" \/>\n\t\t<meta name=\"twitter:data2\" content=\"1 minuto\" \/>\n\t\t<script type=\"application\/ld+json\" class=\"aioseo-schema\">\n\t\t\t{\"@context\":\"https:\\\/\\\/schema.org\",\"@graph\":[{\"@type\":\"BlogPosting\",\"@id\":\"https:\\\/\\\/www.eldigitaldeasturias.com\\\/noticias\\\/ifab-la-mano-involuntaria-tambien-estara-en-el-reglamento\\\/#blogposting\",\"name\":\"IFAB: La mano involuntaria tambi\\u00e9n estar\\u00e1 en el reglamento - El Digital de Asturias\",\"headline\":\"IFAB: La mano involuntaria tambi\\u00e9n estar\\u00e1 en el reglamento\",\"author\":{\"@id\":\"https:\\\/\\\/www.eldigitaldeasturias.com\\\/noticias\\\/author\\\/admin\\\/#author\"},\"publisher\":{\"@id\":\"https:\\\/\\\/www.eldigitaldeasturias.com\\\/noticias\\\/#organization\"},\"image\":{\"@type\":\"ImageObject\",\"url\":\"https:\\\/\\\/www.eldigitaldeasturias.com\\\/noticias\\\/wp-content\\\/uploads\\\/2019\\\/05\\\/noticias-futbol.jpg\",\"width\":936,\"height\":672},\"datePublished\":\"2019-05-08T04:01:43+02:00\",\"dateModified\":\"2019-05-08T04:01:43+02:00\",\"inLanguage\":\"es-ES\",\"mainEntityOfPage\":{\"@id\":\"https:\\\/\\\/www.eldigitaldeasturias.com\\\/noticias\\\/ifab-la-mano-involuntaria-tambien-estara-en-el-reglamento\\\/#webpage\"},\"isPartOf\":{\"@id\":\"https:\\\/\\\/www.eldigitaldeasturias.com\\\/noticias\\\/ifab-la-mano-involuntaria-tambien-estara-en-el-reglamento\\\/#webpage\"},\"articleSection\":\"Deportes\"},{\"@type\":\"BreadcrumbList\",\"@id\":\"https:\\\/\\\/www.eldigitaldeasturias.com\\\/noticias\\\/ifab-la-mano-involuntaria-tambien-estara-en-el-reglamento\\\/#breadcrumblist\",\"itemListElement\":[{\"@type\":\"ListItem\",\"@id\":\"https:\\\/\\\/www.eldigitaldeasturias.com\\\/noticias#listItem\",\"position\":1,\"name\":\"Home\",\"item\":\"https:\\\/\\\/www.eldigitaldeasturias.com\\\/noticias\",\"nextItem\":{\"@type\":\"ListItem\",\"@id\":\"https:\\\/\\\/www.eldigitaldeasturias.com\\\/noticias\\\/category\\\/deportes\\\/#listItem\",\"name\":\"Deportes\"}},{\"@type\":\"ListItem\",\"@id\":\"https:\\\/\\\/www.eldigitaldeasturias.com\\\/noticias\\\/category\\\/deportes\\\/#listItem\",\"position\":2,\"name\":\"Deportes\",\"item\":\"https:\\\/\\\/www.eldigitaldeasturias.com\\\/noticias\\\/category\\\/deportes\\\/\",\"nextItem\":{\"@type\":\"ListItem\",\"@id\":\"https:\\\/\\\/www.eldigitaldeasturias.com\\\/noticias\\\/ifab-la-mano-involuntaria-tambien-estara-en-el-reglamento\\\/#listItem\",\"name\":\"IFAB: La mano involuntaria tambi\\u00e9n estar\\u00e1 en el reglamento\"},\"previousItem\":{\"@type\":\"ListItem\",\"@id\":\"https:\\\/\\\/www.eldigitaldeasturias.com\\\/noticias#listItem\",\"name\":\"Home\"}},{\"@type\":\"ListItem\",\"@id\":\"https:\\\/\\\/www.eldigitaldeasturias.com\\\/noticias\\\/ifab-la-mano-involuntaria-tambien-estara-en-el-reglamento\\\/#listItem\",\"position\":3,\"name\":\"IFAB: La mano involuntaria tambi\\u00e9n estar\\u00e1 en el reglamento\",\"previousItem\":{\"@type\":\"ListItem\",\"@id\":\"https:\\\/\\\/www.eldigitaldeasturias.com\\\/noticias\\\/category\\\/deportes\\\/#listItem\",\"name\":\"Deportes\"}}]},{\"@type\":\"Organization\",\"@id\":\"https:\\\/\\\/www.eldigitaldeasturias.com\\\/noticias\\\/#organization\",\"name\":\"El Digital de Asturias\",\"description\":\"Hemeroteca\",\"url\":\"https:\\\/\\\/www.eldigitaldeasturias.com\\\/noticias\\\/\",\"email\":\"info@eldigitaldeasturias.com\",\"telephone\":\"+34652131393\",\"logo\":{\"@type\":\"ImageObject\",\"url\":\"https:\\\/\\\/www.eldigitaldeasturias.com\\\/noticias\\\/wp-content\\\/uploads\\\/2020\\\/12\\\/EDA.jpg\",\"@id\":\"https:\\\/\\\/www.eldigitaldeasturias.com\\\/noticias\\\/ifab-la-mano-involuntaria-tambien-estara-en-el-reglamento\\\/#organizationLogo\",\"width\":649,\"height\":297},\"image\":{\"@id\":\"https:\\\/\\\/www.eldigitaldeasturias.com\\\/noticias\\\/ifab-la-mano-involuntaria-tambien-estara-en-el-reglamento\\\/#organizationLogo\"},\"sameAs\":[\"https:\\\/\\\/facebook.com\\\/eldigitaldeasturias\",\"https:\\\/\\\/www.youtube.com\\\/channel\\\/UCZP-2wLEB9Rv6erhFmqVnvg\"],\"address\":{\"@id\":\"https:\\\/\\\/www.eldigitaldeasturias.com\\\/noticias\\\/#postaladdress\",\"@type\":\"PostalAddress\",\"streetAddress\":\"san antonio 4,\",\"postalCode\":\"33430\",\"addressLocality\":\"Cand\\u00e1s\",\"addressRegion\":\"Asturias\",\"addressCountry\":\"ES\"}},{\"@type\":\"Person\",\"@id\":\"https:\\\/\\\/www.eldigitaldeasturias.com\\\/noticias\\\/author\\\/admin\\\/#author\",\"url\":\"https:\\\/\\\/www.eldigitaldeasturias.com\\\/noticias\\\/author\\\/admin\\\/\",\"name\":\"El Digital de Asturias\",\"image\":{\"@type\":\"ImageObject\",\"@id\":\"https:\\\/\\\/www.eldigitaldeasturias.com\\\/noticias\\\/ifab-la-mano-involuntaria-tambien-estara-en-el-reglamento\\\/#authorImage\",\"url\":\"https:\\\/\\\/www.eldigitaldeasturias.com\\\/noticias\\\/wp-content\\\/litespeed\\\/avatar\\\/18677e78aa0546b92d9dbf31ec7d7668.jpg?ver=1777290358\",\"width\":96,\"height\":96,\"caption\":\"El Digital de Asturias\"}},{\"@type\":\"WebPage\",\"@id\":\"https:\\\/\\\/www.eldigitaldeasturias.com\\\/noticias\\\/ifab-la-mano-involuntaria-tambien-estara-en-el-reglamento\\\/#webpage\",\"url\":\"https:\\\/\\\/www.eldigitaldeasturias.com\\\/noticias\\\/ifab-la-mano-involuntaria-tambien-estara-en-el-reglamento\\\/\",\"name\":\"IFAB: La mano involuntaria tambi\\u00e9n estar\\u00e1 en el reglamento - El Digital de Asturias\",\"description\":\"Berl\\u00edn, 7 may (dpa) - Lukas Brud, de la International Football Association Board (IFAB), explic\\u00f3 las modificaciones que se introducir\\u00e1n en el reglamento en relaci\\u00f3n a las faltas por juego de mano, en declaraciones que publica hoy el diario alem\\u00e1n \\\"Bild\\\" \\\"La innovaci\\u00f3n ser\\u00e1 que en el futuro tambi\\u00e9n se definir\\u00e1n las manos involuntarias\\\", se\\u00f1al\\u00f3\",\"inLanguage\":\"es-ES\",\"isPartOf\":{\"@id\":\"https:\\\/\\\/www.eldigitaldeasturias.com\\\/noticias\\\/#website\"},\"breadcrumb\":{\"@id\":\"https:\\\/\\\/www.eldigitaldeasturias.com\\\/noticias\\\/ifab-la-mano-involuntaria-tambien-estara-en-el-reglamento\\\/#breadcrumblist\"},\"author\":{\"@id\":\"https:\\\/\\\/www.eldigitaldeasturias.com\\\/noticias\\\/author\\\/admin\\\/#author\"},\"creator\":{\"@id\":\"https:\\\/\\\/www.eldigitaldeasturias.com\\\/noticias\\\/author\\\/admin\\\/#author\"},\"image\":{\"@type\":\"ImageObject\",\"url\":\"https:\\\/\\\/www.eldigitaldeasturias.com\\\/noticias\\\/wp-content\\\/uploads\\\/2019\\\/05\\\/noticias-futbol.jpg\",\"@id\":\"https:\\\/\\\/www.eldigitaldeasturias.com\\\/noticias\\\/ifab-la-mano-involuntaria-tambien-estara-en-el-reglamento\\\/#mainImage\",\"width\":936,\"height\":672},\"primaryImageOfPage\":{\"@id\":\"https:\\\/\\\/www.eldigitaldeasturias.com\\\/noticias\\\/ifab-la-mano-involuntaria-tambien-estara-en-el-reglamento\\\/#mainImage\"},\"datePublished\":\"2019-05-08T04:01:43+02:00\",\"dateModified\":\"2019-05-08T04:01:43+02:00\"},{\"@type\":\"WebSite\",\"@id\":\"https:\\\/\\\/www.eldigitaldeasturias.com\\\/noticias\\\/#website\",\"url\":\"https:\\\/\\\/www.eldigitaldeasturias.com\\\/noticias\\\/\",\"name\":\"El Digital de Asturias - Diario de actualidad y noticias\",\"alternateName\":\"El Digital de Asturias - Diario de actualidad y noticias\",\"description\":\"Hemeroteca\",\"inLanguage\":\"es-ES\",\"publisher\":{\"@id\":\"https:\\\/\\\/www.eldigitaldeasturias.com\\\/noticias\\\/#organization\"}}]}\n\t\t<\/script>\n\t\t<!-- All in One SEO Pro -->\r\n\t\t<title>IFAB: La mano involuntaria tambi\u00e9n estar\u00e1 en el reglamento - El Digital de Asturias<\/title>\n\n","aioseo_head_json":{"title":"IFAB: La mano involuntaria tambi\u00e9n estar\u00e1 en el reglamento - El Digital de Asturias","description":"Berl\u00edn, 7 may (dpa) - Lukas Brud, de la International Football Association Board (IFAB), explic\u00f3 las modificaciones que se introducir\u00e1n en el reglamento en relaci\u00f3n a las faltas por juego de mano, en declaraciones que publica hoy el diario alem\u00e1n \"Bild\" \"La innovaci\u00f3n ser\u00e1 que en el futuro tambi\u00e9n se definir\u00e1n las manos involuntarias\", se\u00f1al\u00f3","canonical_url":"https:\/\/www.eldigitaldeasturias.com\/noticias\/ifab-la-mano-involuntaria-tambien-estara-en-el-reglamento\/","robots":"max-image-preview:large","keywords":"deportes","webmasterTools":{"google-site-verification":"UA-38556648-1","msvalidate.01":"7dfe9f3f1b24437ab69f4f2559babe99","miscellaneous":""},"schema":{"@context":"https:\/\/schema.org","@graph":[{"@type":"BlogPosting","@id":"https:\/\/www.eldigitaldeasturias.com\/noticias\/ifab-la-mano-involuntaria-tambien-estara-en-el-reglamento\/#blogposting","name":"IFAB: La mano involuntaria tambi\u00e9n estar\u00e1 en el reglamento - El Digital de Asturias","headline":"IFAB: La mano involuntaria tambi\u00e9n estar\u00e1 en el reglamento","author":{"@id":"https:\/\/www.eldigitaldeasturias.com\/noticias\/author\/admin\/#author"},"publisher":{"@id":"https:\/\/www.eldigitaldeasturias.com\/noticias\/#organization"},"image":{"@type":"ImageObject","url":"https:\/\/www.eldigitaldeasturias.com\/noticias\/wp-content\/uploads\/2019\/05\/noticias-futbol.jpg","width":936,"height":672},"datePublished":"2019-05-08T04:01:43+02:00","dateModified":"2019-05-08T04:01:43+02:00","inLanguage":"es-ES","mainEntityOfPage":{"@id":"https:\/\/www.eldigitaldeasturias.com\/noticias\/ifab-la-mano-involuntaria-tambien-estara-en-el-reglamento\/#webpage"},"isPartOf":{"@id":"https:\/\/www.eldigitaldeasturias.com\/noticias\/ifab-la-mano-involuntaria-tambien-estara-en-el-reglamento\/#webpage"},"articleSection":"Deportes"},{"@type":"BreadcrumbList","@id":"https:\/\/www.eldigitaldeasturias.com\/noticias\/ifab-la-mano-involuntaria-tambien-estara-en-el-reglamento\/#breadcrumblist","itemListElement":[{"@type":"ListItem","@id":"https:\/\/www.eldigitaldeasturias.com\/noticias#listItem","position":1,"name":"Home","item":"https:\/\/www.eldigitaldeasturias.com\/noticias","nextItem":{"@type":"ListItem","@id":"https:\/\/www.eldigitaldeasturias.com\/noticias\/category\/deportes\/#listItem","name":"Deportes"}},{"@type":"ListItem","@id":"https:\/\/www.eldigitaldeasturias.com\/noticias\/category\/deportes\/#listItem","position":2,"name":"Deportes","item":"https:\/\/www.eldigitaldeasturias.com\/noticias\/category\/deportes\/","nextItem":{"@type":"ListItem","@id":"https:\/\/www.eldigitaldeasturias.com\/noticias\/ifab-la-mano-involuntaria-tambien-estara-en-el-reglamento\/#listItem","name":"IFAB: La mano involuntaria tambi\u00e9n estar\u00e1 en el reglamento"},"previousItem":{"@type":"ListItem","@id":"https:\/\/www.eldigitaldeasturias.com\/noticias#listItem","name":"Home"}},{"@type":"ListItem","@id":"https:\/\/www.eldigitaldeasturias.com\/noticias\/ifab-la-mano-involuntaria-tambien-estara-en-el-reglamento\/#listItem","position":3,"name":"IFAB: La mano involuntaria tambi\u00e9n estar\u00e1 en el reglamento","previousItem":{"@type":"ListItem","@id":"https:\/\/www.eldigitaldeasturias.com\/noticias\/category\/deportes\/#listItem","name":"Deportes"}}]},{"@type":"Organization","@id":"https:\/\/www.eldigitaldeasturias.com\/noticias\/#organization","name":"El Digital de Asturias","description":"Hemeroteca","url":"https:\/\/www.eldigitaldeasturias.com\/noticias\/","email":"info@eldigitaldeasturias.com","telephone":"+34652131393","logo":{"@type":"ImageObject","url":"https:\/\/www.eldigitaldeasturias.com\/noticias\/wp-content\/uploads\/2020\/12\/EDA.jpg","@id":"https:\/\/www.eldigitaldeasturias.com\/noticias\/ifab-la-mano-involuntaria-tambien-estara-en-el-reglamento\/#organizationLogo","width":649,"height":297},"image":{"@id":"https:\/\/www.eldigitaldeasturias.com\/noticias\/ifab-la-mano-involuntaria-tambien-estara-en-el-reglamento\/#organizationLogo"},"sameAs":["https:\/\/facebook.com\/eldigitaldeasturias","https:\/\/www.youtube.com\/channel\/UCZP-2wLEB9Rv6erhFmqVnvg"],"address":{"@id":"https:\/\/www.eldigitaldeasturias.com\/noticias\/#postaladdress","@type":"PostalAddress","streetAddress":"san antonio 4,","postalCode":"33430","addressLocality":"Cand\u00e1s","addressRegion":"Asturias","addressCountry":"ES"}},{"@type":"Person","@id":"https:\/\/www.eldigitaldeasturias.com\/noticias\/author\/admin\/#author","url":"https:\/\/www.eldigitaldeasturias.com\/noticias\/author\/admin\/","name":"El Digital de Asturias","image":{"@type":"ImageObject","@id":"https:\/\/www.eldigitaldeasturias.com\/noticias\/ifab-la-mano-involuntaria-tambien-estara-en-el-reglamento\/#authorImage","url":"https:\/\/www.eldigitaldeasturias.com\/noticias\/wp-content\/litespeed\/avatar\/18677e78aa0546b92d9dbf31ec7d7668.jpg?ver=1777290358","width":96,"height":96,"caption":"El Digital de Asturias"}},{"@type":"WebPage","@id":"https:\/\/www.eldigitaldeasturias.com\/noticias\/ifab-la-mano-involuntaria-tambien-estara-en-el-reglamento\/#webpage","url":"https:\/\/www.eldigitaldeasturias.com\/noticias\/ifab-la-mano-involuntaria-tambien-estara-en-el-reglamento\/","name":"IFAB: La mano involuntaria tambi\u00e9n estar\u00e1 en el reglamento - El Digital de Asturias","description":"Berl\u00edn, 7 may (dpa) - Lukas Brud, de la International Football Association Board (IFAB), explic\u00f3 las modificaciones que se introducir\u00e1n en el reglamento en relaci\u00f3n a las faltas por juego de mano, en declaraciones que publica hoy el diario alem\u00e1n \"Bild\" \"La innovaci\u00f3n ser\u00e1 que en el futuro tambi\u00e9n se definir\u00e1n las manos involuntarias\", se\u00f1al\u00f3","inLanguage":"es-ES","isPartOf":{"@id":"https:\/\/www.eldigitaldeasturias.com\/noticias\/#website"},"breadcrumb":{"@id":"https:\/\/www.eldigitaldeasturias.com\/noticias\/ifab-la-mano-involuntaria-tambien-estara-en-el-reglamento\/#breadcrumblist"},"author":{"@id":"https:\/\/www.eldigitaldeasturias.com\/noticias\/author\/admin\/#author"},"creator":{"@id":"https:\/\/www.eldigitaldeasturias.com\/noticias\/author\/admin\/#author"},"image":{"@type":"ImageObject","url":"https:\/\/www.eldigitaldeasturias.com\/noticias\/wp-content\/uploads\/2019\/05\/noticias-futbol.jpg","@id":"https:\/\/www.eldigitaldeasturias.com\/noticias\/ifab-la-mano-involuntaria-tambien-estara-en-el-reglamento\/#mainImage","width":936,"height":672},"primaryImageOfPage":{"@id":"https:\/\/www.eldigitaldeasturias.com\/noticias\/ifab-la-mano-involuntaria-tambien-estara-en-el-reglamento\/#mainImage"},"datePublished":"2019-05-08T04:01:43+02:00","dateModified":"2019-05-08T04:01:43+02:00"},{"@type":"WebSite","@id":"https:\/\/www.eldigitaldeasturias.com\/noticias\/#website","url":"https:\/\/www.eldigitaldeasturias.com\/noticias\/","name":"El Digital de Asturias - Diario de actualidad y noticias","alternateName":"El Digital de Asturias - Diario de actualidad y noticias","description":"Hemeroteca","inLanguage":"es-ES","publisher":{"@id":"https:\/\/www.eldigitaldeasturias.com\/noticias\/#organization"}}]},"og:locale":"es_ES","og:site_name":"El Digital de Asturias","og:type":"article","og:title":"IFAB: La mano involuntaria tambi\u00e9n estar\u00e1 en el reglamento - El Digital de Asturias","og:description":"Berl\u00edn, 7 may (dpa) - Lukas Brud, de la International Football Association Board (IFAB), explic\u00f3 las modificaciones que se introducir\u00e1n en el reglamento en relaci\u00f3n a las faltas por juego de mano, en declaraciones que publica hoy el diario alem\u00e1n &quot;Bild&quot; &quot;La innovaci\u00f3n ser\u00e1 que en el futuro tambi\u00e9n se definir\u00e1n las manos involuntarias&quot;, se\u00f1al\u00f3","og:url":"https:\/\/www.eldigitaldeasturias.com\/noticias\/ifab-la-mano-involuntaria-tambien-estara-en-el-reglamento\/","og:image":"https:\/\/www.eldigitaldeasturias.com\/noticias\/wp-content\/uploads\/2019\/05\/noticias-futbol.jpg","og:image:secure_url":"https:\/\/www.eldigitaldeasturias.com\/noticias\/wp-content\/uploads\/2019\/05\/noticias-futbol.jpg","og:image:width":936,"og:image:height":672,"article:tag":["deportes"],"article:published_time":"2019-05-08T04:01:43+00:00","article:modified_time":"2019-05-08T04:01:43+00:00","article:publisher":"https:\/\/facebook.com\/eldigitaldeasturias","twitter:card":"summary_large_image","twitter:title":"IFAB: La mano involuntaria tambi\u00e9n estar\u00e1 en el reglamento - El Digital de Asturias","twitter:description":"Berl\u00edn, 7 may (dpa) - Lukas Brud, de la International Football Association Board (IFAB), explic\u00f3 las modificaciones que se introducir\u00e1n en el reglamento en relaci\u00f3n a las faltas por juego de mano, en declaraciones que publica hoy el diario alem\u00e1n &quot;Bild&quot; &quot;La innovaci\u00f3n ser\u00e1 que en el futuro tambi\u00e9n se definir\u00e1n las manos involuntarias&quot;, se\u00f1al\u00f3","twitter:image":"https:\/\/www.eldigitaldeasturias.com\/noticias\/wp-content\/uploads\/2019\/05\/noticias-futbol.jpg","twitter:label1":"Escrito por","twitter:data1":"El Digital de Asturias","twitter:label2":"Tiempo de lectura estimado","twitter:data2":"1 minuto"},"aioseo_meta_data":{"post_id":"1026660","title":null,"description":null,"keywords":null,"keyphrases":null,"primary_term":null,"canonical_url":null,"og_title":null,"og_description":null,"og_object_type":"default","og_image_type":"default","og_image_url":null,"og_image_width":null,"og_image_height":null,"og_image_custom_url":null,"og_image_custom_fields":null,"og_video":null,"og_custom_url":null,"og_article_section":null,"og_article_tags":null,"twitter_use_og":false,"twitter_card":"default","twitter_image_type":"default","twitter_image_url":null,"twitter_image_custom_url":null,"twitter_image_custom_fields":null,"twitter_title":null,"twitter_description":null,"schema":{"blockGraphs":[],"customGraphs":[],"default":{"data":{"Article":[],"Course":[],"Dataset":[],"FAQPage":[],"Movie":[],"Person":[],"Product":[],"ProductReview":[],"Car":[],"Recipe":[],"Service":[],"SoftwareApplication":[],"WebPage":[]},"graphName":"","isEnabled":true},"graphs":[],"defaultGraph":"","defaultPostTypeGraph":""},"schema_type":null,"schema_type_options":null,"pillar_content":false,"robots_default":true,"robots_noindex":false,"robots_noarchive":false,"robots_nosnippet":false,"robots_nofollow":false,"robots_noimageindex":false,"robots_noodp":false,"robots_notranslate":false,"robots_max_snippet":null,"robots_max_videopreview":null,"robots_max_imagepreview":"large","priority":null,"frequency":null,"local_seo":null,"seo_analyzer_scan_date":"2025-10-18 02:50:11","breadcrumb_settings":null,"limit_modified_date":false,"open_ai":null,"ai":null,"created":"2020-12-21 11:13:17","updated":"2025-10-18 02:50:11"},"aioseo_breadcrumb":"<div class=\"aioseo-breadcrumbs\"><span class=\"aioseo-breadcrumb\">\n\t<a href=\"https:\/\/www.eldigitaldeasturias.com\/noticias\" title=\"Home\">Home<\/a>\n<\/span><span class=\"aioseo-breadcrumb-separator\">\u2013<\/span><span class=\"aioseo-breadcrumb\">\n\t<a href=\"https:\/\/www.eldigitaldeasturias.com\/noticias\/category\/deportes\/\" title=\"Deportes\">Deportes<\/a>\n<\/span><span class=\"aioseo-breadcrumb-separator\">\u2013<\/span><span class=\"aioseo-breadcrumb\">\n\t<a href=\"https:\/\/www.eldigitaldeasturias.com\/noticias\/ifab-la-mano-involuntaria-tambien-estara-en-el-reglamento\/\" title=\"IFAB: La mano involuntaria tambi\u00e9n estar\u00e1 en el reglamento\">IFAB: La mano involuntaria tambi\u00e9n estar\u00e1 en el reglamento<\/a>\n<\/span><\/div>","aioseo_breadcrumb_json":[{"label":"Home","link":"https:\/\/www.eldigitaldeasturias.com\/noticias"},{"label":"Deportes","link":"https:\/\/www.eldigitaldeasturias.com\/noticias\/category\/deportes\/"},{"label":"IFAB: La mano involuntaria tambi\u00e9n estar\u00e1 en el reglamento","link":"https:\/\/www.eldigitaldeasturias.com\/noticias\/ifab-la-mano-involuntaria-tambien-estara-en-el-reglamento\/"}],"_links":{"self":[{"href":"https:\/\/www.eldigitaldeasturias.com\/noticias\/wp-json\/wp\/v2\/posts\/1026660","targetHints":{"allow":["GET"]}}],"collection":[{"href":"https:\/\/www.eldigitaldeasturias.com\/noticias\/wp-json\/wp\/v2\/posts"}],"about":[{"href":"https:\/\/www.eldigitaldeasturias.com\/noticias\/wp-json\/wp\/v2\/types\/post"}],"author":[{"embeddable":true,"href":"https:\/\/www.eldigitaldeasturias.com\/noticias\/wp-json\/wp\/v2\/users\/1"}],"replies":[{"embeddable":true,"href":"https:\/\/www.eldigitaldeasturias.com\/noticias\/wp-json\/wp\/v2\/comments?post=1026660"}],"version-history":[{"count":0,"href":"https:\/\/www.eldigitaldeasturias.com\/noticias\/wp-json\/wp\/v2\/posts\/1026660\/revisions"}],"wp:featuredmedia":[{"embeddable":true,"href":"https:\/\/www.eldigitaldeasturias.com\/noticias\/wp-json\/wp\/v2\/media\/1026661"}],"wp:attachment":[{"href":"https:\/\/www.eldigitaldeasturias.com\/noticias\/wp-json\/wp\/v2\/media?parent=1026660"}],"wp:term":[{"taxonomy":"category","embeddable":true,"href":"https:\/\/www.eldigitaldeasturias.com\/noticias\/wp-json\/wp\/v2\/categories?post=1026660"},{"taxonomy":"post_tag","embeddable":true,"href":"https:\/\/www.eldigitaldeasturias.com\/noticias\/wp-json\/wp\/v2\/tags?post=1026660"}],"curies":[{"name":"wp","href":"https:\/\/api.w.org\/{rel}","templated":true}]}}