{"id":1026501,"date":"2019-05-07T11:25:34","date_gmt":"2019-05-07T11:25:34","guid":{"rendered":"https:\/\/www.eldigitaldeasturias.com\/noticias\/?p=1026501"},"modified":"2019-05-07T11:25:34","modified_gmt":"2019-05-07T11:25:34","slug":"la-decimoquinta-etapa-de-la-vuelta-2019-finalizara-en-el-alto-del-acebo","status":"publish","type":"post","link":"https:\/\/www.eldigitaldeasturias.com\/noticias\/la-decimoquinta-etapa-de-la-vuelta-2019-finalizara-en-el-alto-del-acebo\/","title":{"rendered":"La decimoquinta etapa de La Vuelta 2019 finalizar\u00e1 en el alto del Acebo"},"content":{"rendered":"<p><img loading=\"lazy\" decoding=\"async\" class=\"alignleft size-medium wp-image-1026502\" src=\"https:\/\/www.eldigitaldeasturias.com\/noticias\/wp-content\/uploads\/2019\/05\/Vuelta-en-Asturias-360x277.jpg\" alt=\"\" width=\"360\" height=\"277\" srcset=\"https:\/\/www.eldigitaldeasturias.com\/noticias\/wp-content\/uploads\/2019\/05\/Vuelta-en-Asturias-360x277.jpg 360w, https:\/\/www.eldigitaldeasturias.com\/noticias\/wp-content\/uploads\/2019\/05\/Vuelta-en-Asturias-768x592.jpg 768w, https:\/\/www.eldigitaldeasturias.com\/noticias\/wp-content\/uploads\/2019\/05\/Vuelta-en-Asturias-623x480.jpg 623w, https:\/\/www.eldigitaldeasturias.com\/noticias\/wp-content\/uploads\/2019\/05\/Vuelta-en-Asturias.jpg 806w\" sizes=\"auto, (max-width: 360px) 100vw, 360px\" \/>La decimoquinta etapa de La Vuelta, la segunda de las tres que pasar\u00e1n por Asturias este a\u00f1o, comenzar\u00e1 en Tineo y finalizar\u00e1 en el alto del Acebo tras un recorrido de 159 kil\u00f3metros, que incluye cuatro puertos de monta\u00f1a, dos de ellos de primera categor\u00eda y uno de categor\u00eda especial. Este trazado la convierte en una de las m\u00e1s exigentes de esta edici\u00f3n, que arranca el 24 de agosto en Torrevieja.<\/p>\n<p>La competici\u00f3n se celebrar\u00e1 el 8 de septiembre y coincidir\u00e1 con el D\u00eda de Asturias y la festividad de Nuestra Se\u00f1ora del Acebo. As\u00ed lo ha anunciado hoy el director general de Comercio y Turismo, Julio Gonz\u00e1lez Zapico, que ha presentado esta etapa junto con el alcalde de Cangas del Narcea, Jos\u00e9 V\u00edctor Rodr\u00edguez, y el director de La Vuelta, Javier Guill\u00e9n.<\/p>\n<p>Zapico ha enumerado los puertos de monta\u00f1a que se ascender\u00e1n: el Connio, el Pozo de las Mujeres Muertas y el alto del Acebo, al que los participantes deber\u00e1n subir dos veces. \u201cSon puertos bien conocidos por los asturianos que, con toda seguridad, pasar\u00e1n a formar parte de los grandes hitos de La Vuelta\u201d, ha destacado el director.<\/p>\n<p>A su juicio, la Vuelta \u201ces una de las mejores ventanas que tiene Asturias para exhibirse a nivel internacional, por lo que constituye un impulso de valor incalculable para cualquier territorio\u201d. En este sentido, ha celebrado que el suroccidente cuente con una etapa propia, \u201cque mostrar\u00e1 sus imponentes paisajes, entre los que se encuentran espacios tan singulares como el bosque de Muniellos\u201d.<\/p>\n<p>Las rutas asturianas de La Vuelta 2019 comprenden zonas de costa y monta\u00f1a, urbanas y rurales, del oriente, del centro y del occidente. Se desarrollar\u00e1n los d\u00edas 7, 8 y 9 de septiembre con los siguientes recorridos: San Vicente de la Barquera-Oviedo, Tineo\u2013Santuario del Acebo y Pravia\u2013alto de La Cubilla.<\/p>\n","protected":false},"excerpt":{"rendered":"<p>La decimoquinta etapa de La Vuelta, la segunda de las tres que pasar\u00e1n por Asturias este a\u00f1o, comenzar\u00e1 en Tineo y finalizar\u00e1 en el alto del Acebo tras un recorrido de 159 kil\u00f3metros, que incluye cuatro puertos de monta\u00f1a, dos de ellos de primera categor\u00eda y uno de categor\u00eda especial. Este trazado la convierte en [&hellip;]<\/p>\n","protected":false},"author":1,"featured_media":1026502,"comment_status":"closed","ping_status":"closed","sticky":false,"template":"","format":"standard","meta":{"footnotes":""},"categories":[190],"tags":[],"class_list":["post-1026501","post","type-post","status-publish","format-standard","has-post-thumbnail","hentry","category-deportes"],"aioseo_notices":[],"aioseo_head":"\n\t\t<!-- All in One SEO Pro 4.9.6.2 - aioseo.com -->\n\t<meta name=\"description\" content=\"La decimoquinta etapa de La Vuelta, la segunda de las tres que pasar\u00e1n por Asturias este a\u00f1o, comenzar\u00e1 en Tineo y finalizar\u00e1 en el alto del Acebo tras un recorrido de 159 kil\u00f3metros, que incluye cuatro puertos de monta\u00f1a, dos de ellos de primera categor\u00eda y uno de categor\u00eda especial. Este trazado la convierte en\" \/>\n\t<meta name=\"robots\" content=\"max-image-preview:large\" \/>\n\t<meta name=\"author\" content=\"El Digital de Asturias\"\/>\n\t<meta name=\"google-site-verification\" content=\"UA-38556648-1\" \/>\n\t<meta name=\"msvalidate.01\" content=\"7dfe9f3f1b24437ab69f4f2559babe99\" \/>\n\t<meta name=\"keywords\" content=\"deportes\" \/>\n\t<link rel=\"canonical\" href=\"https:\/\/www.eldigitaldeasturias.com\/noticias\/la-decimoquinta-etapa-de-la-vuelta-2019-finalizara-en-el-alto-del-acebo\/\" \/>\n\t<meta name=\"generator\" content=\"All in One SEO Pro (AIOSEO) 4.9.6.2\" \/>\n\t\t<meta property=\"og:locale\" content=\"es_ES\" \/>\n\t\t<meta property=\"og:site_name\" content=\"El Digital de Asturias\" \/>\n\t\t<meta property=\"og:type\" content=\"article\" \/>\n\t\t<meta property=\"og:title\" content=\"La decimoquinta etapa de La Vuelta 2019 finalizar\u00e1 en el alto del Acebo - El Digital de Asturias\" \/>\n\t\t<meta property=\"og:description\" content=\"La decimoquinta etapa de La Vuelta, la segunda de las tres que pasar\u00e1n por Asturias este a\u00f1o, comenzar\u00e1 en Tineo y finalizar\u00e1 en el alto del Acebo tras un recorrido de 159 kil\u00f3metros, que incluye cuatro puertos de monta\u00f1a, dos de ellos de primera categor\u00eda y uno de categor\u00eda especial. Este trazado la convierte en\" \/>\n\t\t<meta property=\"og:url\" content=\"https:\/\/www.eldigitaldeasturias.com\/noticias\/la-decimoquinta-etapa-de-la-vuelta-2019-finalizara-en-el-alto-del-acebo\/\" \/>\n\t\t<meta property=\"og:image\" content=\"https:\/\/www.eldigitaldeasturias.com\/noticias\/wp-content\/uploads\/2019\/05\/Vuelta-en-Asturias.jpg\" \/>\n\t\t<meta property=\"og:image:secure_url\" content=\"https:\/\/www.eldigitaldeasturias.com\/noticias\/wp-content\/uploads\/2019\/05\/Vuelta-en-Asturias.jpg\" \/>\n\t\t<meta property=\"og:image:width\" content=\"806\" \/>\n\t\t<meta property=\"og:image:height\" content=\"621\" \/>\n\t\t<meta property=\"article:tag\" content=\"deportes\" \/>\n\t\t<meta property=\"article:published_time\" content=\"2019-05-07T11:25:34+00:00\" \/>\n\t\t<meta property=\"article:modified_time\" content=\"2019-05-07T11:25:34+00:00\" \/>\n\t\t<meta property=\"article:publisher\" content=\"https:\/\/facebook.com\/eldigitaldeasturias\" \/>\n\t\t<meta name=\"twitter:card\" content=\"summary_large_image\" \/>\n\t\t<meta name=\"twitter:title\" content=\"La decimoquinta etapa de La Vuelta 2019 finalizar\u00e1 en el alto del Acebo - El Digital de Asturias\" \/>\n\t\t<meta name=\"twitter:description\" content=\"La decimoquinta etapa de La Vuelta, la segunda de las tres que pasar\u00e1n por Asturias este a\u00f1o, comenzar\u00e1 en Tineo y finalizar\u00e1 en el alto del Acebo tras un recorrido de 159 kil\u00f3metros, que incluye cuatro puertos de monta\u00f1a, dos de ellos de primera categor\u00eda y uno de categor\u00eda especial. Este trazado la convierte en\" \/>\n\t\t<meta name=\"twitter:image\" content=\"https:\/\/www.eldigitaldeasturias.com\/noticias\/wp-content\/uploads\/2019\/05\/Vuelta-en-Asturias.jpg\" \/>\n\t\t<meta name=\"twitter:label1\" content=\"Escrito por\" \/>\n\t\t<meta name=\"twitter:data1\" content=\"El Digital de Asturias\" \/>\n\t\t<meta name=\"twitter:label2\" content=\"Tiempo de lectura estimado\" \/>\n\t\t<meta name=\"twitter:data2\" content=\"2 minutos\" \/>\n\t\t<script type=\"application\/ld+json\" class=\"aioseo-schema\">\n\t\t\t{\"@context\":\"https:\\\/\\\/schema.org\",\"@graph\":[{\"@type\":\"BlogPosting\",\"@id\":\"https:\\\/\\\/www.eldigitaldeasturias.com\\\/noticias\\\/la-decimoquinta-etapa-de-la-vuelta-2019-finalizara-en-el-alto-del-acebo\\\/#blogposting\",\"name\":\"La decimoquinta etapa de La Vuelta 2019 finalizar\\u00e1 en el alto del Acebo - El Digital de Asturias\",\"headline\":\"La decimoquinta etapa de La Vuelta 2019 finalizar\\u00e1 en el alto del Acebo\",\"author\":{\"@id\":\"https:\\\/\\\/www.eldigitaldeasturias.com\\\/noticias\\\/author\\\/admin\\\/#author\"},\"publisher\":{\"@id\":\"https:\\\/\\\/www.eldigitaldeasturias.com\\\/noticias\\\/#organization\"},\"image\":{\"@type\":\"ImageObject\",\"url\":\"https:\\\/\\\/www.eldigitaldeasturias.com\\\/noticias\\\/wp-content\\\/uploads\\\/2019\\\/05\\\/Vuelta-en-Asturias.jpg\",\"width\":806,\"height\":621},\"datePublished\":\"2019-05-07T11:25:34+02:00\",\"dateModified\":\"2019-05-07T11:25:34+02:00\",\"inLanguage\":\"es-ES\",\"mainEntityOfPage\":{\"@id\":\"https:\\\/\\\/www.eldigitaldeasturias.com\\\/noticias\\\/la-decimoquinta-etapa-de-la-vuelta-2019-finalizara-en-el-alto-del-acebo\\\/#webpage\"},\"isPartOf\":{\"@id\":\"https:\\\/\\\/www.eldigitaldeasturias.com\\\/noticias\\\/la-decimoquinta-etapa-de-la-vuelta-2019-finalizara-en-el-alto-del-acebo\\\/#webpage\"},\"articleSection\":\"Deportes\"},{\"@type\":\"BreadcrumbList\",\"@id\":\"https:\\\/\\\/www.eldigitaldeasturias.com\\\/noticias\\\/la-decimoquinta-etapa-de-la-vuelta-2019-finalizara-en-el-alto-del-acebo\\\/#breadcrumblist\",\"itemListElement\":[{\"@type\":\"ListItem\",\"@id\":\"https:\\\/\\\/www.eldigitaldeasturias.com\\\/noticias#listItem\",\"position\":1,\"name\":\"Home\",\"item\":\"https:\\\/\\\/www.eldigitaldeasturias.com\\\/noticias\",\"nextItem\":{\"@type\":\"ListItem\",\"@id\":\"https:\\\/\\\/www.eldigitaldeasturias.com\\\/noticias\\\/category\\\/deportes\\\/#listItem\",\"name\":\"Deportes\"}},{\"@type\":\"ListItem\",\"@id\":\"https:\\\/\\\/www.eldigitaldeasturias.com\\\/noticias\\\/category\\\/deportes\\\/#listItem\",\"position\":2,\"name\":\"Deportes\",\"item\":\"https:\\\/\\\/www.eldigitaldeasturias.com\\\/noticias\\\/category\\\/deportes\\\/\",\"nextItem\":{\"@type\":\"ListItem\",\"@id\":\"https:\\\/\\\/www.eldigitaldeasturias.com\\\/noticias\\\/la-decimoquinta-etapa-de-la-vuelta-2019-finalizara-en-el-alto-del-acebo\\\/#listItem\",\"name\":\"La decimoquinta etapa de La Vuelta 2019 finalizar\\u00e1 en el alto del Acebo\"},\"previousItem\":{\"@type\":\"ListItem\",\"@id\":\"https:\\\/\\\/www.eldigitaldeasturias.com\\\/noticias#listItem\",\"name\":\"Home\"}},{\"@type\":\"ListItem\",\"@id\":\"https:\\\/\\\/www.eldigitaldeasturias.com\\\/noticias\\\/la-decimoquinta-etapa-de-la-vuelta-2019-finalizara-en-el-alto-del-acebo\\\/#listItem\",\"position\":3,\"name\":\"La decimoquinta etapa de La Vuelta 2019 finalizar\\u00e1 en el alto del Acebo\",\"previousItem\":{\"@type\":\"ListItem\",\"@id\":\"https:\\\/\\\/www.eldigitaldeasturias.com\\\/noticias\\\/category\\\/deportes\\\/#listItem\",\"name\":\"Deportes\"}}]},{\"@type\":\"Organization\",\"@id\":\"https:\\\/\\\/www.eldigitaldeasturias.com\\\/noticias\\\/#organization\",\"name\":\"El Digital de Asturias\",\"description\":\"Hemeroteca\",\"url\":\"https:\\\/\\\/www.eldigitaldeasturias.com\\\/noticias\\\/\",\"email\":\"info@eldigitaldeasturias.com\",\"telephone\":\"+34652131393\",\"logo\":{\"@type\":\"ImageObject\",\"url\":\"https:\\\/\\\/www.eldigitaldeasturias.com\\\/noticias\\\/wp-content\\\/uploads\\\/2020\\\/12\\\/EDA.jpg\",\"@id\":\"https:\\\/\\\/www.eldigitaldeasturias.com\\\/noticias\\\/la-decimoquinta-etapa-de-la-vuelta-2019-finalizara-en-el-alto-del-acebo\\\/#organizationLogo\",\"width\":649,\"height\":297},\"image\":{\"@id\":\"https:\\\/\\\/www.eldigitaldeasturias.com\\\/noticias\\\/la-decimoquinta-etapa-de-la-vuelta-2019-finalizara-en-el-alto-del-acebo\\\/#organizationLogo\"},\"sameAs\":[\"https:\\\/\\\/facebook.com\\\/eldigitaldeasturias\",\"https:\\\/\\\/www.youtube.com\\\/channel\\\/UCZP-2wLEB9Rv6erhFmqVnvg\"],\"address\":{\"@id\":\"https:\\\/\\\/www.eldigitaldeasturias.com\\\/noticias\\\/#postaladdress\",\"@type\":\"PostalAddress\",\"streetAddress\":\"san antonio 4,\",\"postalCode\":\"33430\",\"addressLocality\":\"Cand\\u00e1s\",\"addressRegion\":\"Asturias\",\"addressCountry\":\"ES\"}},{\"@type\":\"Person\",\"@id\":\"https:\\\/\\\/www.eldigitaldeasturias.com\\\/noticias\\\/author\\\/admin\\\/#author\",\"url\":\"https:\\\/\\\/www.eldigitaldeasturias.com\\\/noticias\\\/author\\\/admin\\\/\",\"name\":\"El Digital de Asturias\",\"image\":{\"@type\":\"ImageObject\",\"@id\":\"https:\\\/\\\/www.eldigitaldeasturias.com\\\/noticias\\\/la-decimoquinta-etapa-de-la-vuelta-2019-finalizara-en-el-alto-del-acebo\\\/#authorImage\",\"url\":\"https:\\\/\\\/www.eldigitaldeasturias.com\\\/noticias\\\/wp-content\\\/litespeed\\\/avatar\\\/18677e78aa0546b92d9dbf31ec7d7668.jpg?ver=1777290358\",\"width\":96,\"height\":96,\"caption\":\"El Digital de Asturias\"}},{\"@type\":\"WebPage\",\"@id\":\"https:\\\/\\\/www.eldigitaldeasturias.com\\\/noticias\\\/la-decimoquinta-etapa-de-la-vuelta-2019-finalizara-en-el-alto-del-acebo\\\/#webpage\",\"url\":\"https:\\\/\\\/www.eldigitaldeasturias.com\\\/noticias\\\/la-decimoquinta-etapa-de-la-vuelta-2019-finalizara-en-el-alto-del-acebo\\\/\",\"name\":\"La decimoquinta etapa de La Vuelta 2019 finalizar\\u00e1 en el alto del Acebo - El Digital de Asturias\",\"description\":\"La decimoquinta etapa de La Vuelta, la segunda de las tres que pasar\\u00e1n por Asturias este a\\u00f1o, comenzar\\u00e1 en Tineo y finalizar\\u00e1 en el alto del Acebo tras un recorrido de 159 kil\\u00f3metros, que incluye cuatro puertos de monta\\u00f1a, dos de ellos de primera categor\\u00eda y uno de categor\\u00eda especial. Este trazado la convierte en\",\"inLanguage\":\"es-ES\",\"isPartOf\":{\"@id\":\"https:\\\/\\\/www.eldigitaldeasturias.com\\\/noticias\\\/#website\"},\"breadcrumb\":{\"@id\":\"https:\\\/\\\/www.eldigitaldeasturias.com\\\/noticias\\\/la-decimoquinta-etapa-de-la-vuelta-2019-finalizara-en-el-alto-del-acebo\\\/#breadcrumblist\"},\"author\":{\"@id\":\"https:\\\/\\\/www.eldigitaldeasturias.com\\\/noticias\\\/author\\\/admin\\\/#author\"},\"creator\":{\"@id\":\"https:\\\/\\\/www.eldigitaldeasturias.com\\\/noticias\\\/author\\\/admin\\\/#author\"},\"image\":{\"@type\":\"ImageObject\",\"url\":\"https:\\\/\\\/www.eldigitaldeasturias.com\\\/noticias\\\/wp-content\\\/uploads\\\/2019\\\/05\\\/Vuelta-en-Asturias.jpg\",\"@id\":\"https:\\\/\\\/www.eldigitaldeasturias.com\\\/noticias\\\/la-decimoquinta-etapa-de-la-vuelta-2019-finalizara-en-el-alto-del-acebo\\\/#mainImage\",\"width\":806,\"height\":621},\"primaryImageOfPage\":{\"@id\":\"https:\\\/\\\/www.eldigitaldeasturias.com\\\/noticias\\\/la-decimoquinta-etapa-de-la-vuelta-2019-finalizara-en-el-alto-del-acebo\\\/#mainImage\"},\"datePublished\":\"2019-05-07T11:25:34+02:00\",\"dateModified\":\"2019-05-07T11:25:34+02:00\"},{\"@type\":\"WebSite\",\"@id\":\"https:\\\/\\\/www.eldigitaldeasturias.com\\\/noticias\\\/#website\",\"url\":\"https:\\\/\\\/www.eldigitaldeasturias.com\\\/noticias\\\/\",\"name\":\"El Digital de Asturias - Diario de actualidad y noticias\",\"alternateName\":\"El Digital de Asturias - Diario de actualidad y noticias\",\"description\":\"Hemeroteca\",\"inLanguage\":\"es-ES\",\"publisher\":{\"@id\":\"https:\\\/\\\/www.eldigitaldeasturias.com\\\/noticias\\\/#organization\"}}]}\n\t\t<\/script>\n\t\t<!-- All in One SEO Pro -->\r\n\t\t<title>La decimoquinta etapa de La Vuelta 2019 finalizar\u00e1 en el alto del Acebo - El Digital de Asturias<\/title>\n\n","aioseo_head_json":{"title":"La decimoquinta etapa de La Vuelta 2019 finalizar\u00e1 en el alto del Acebo - El Digital de Asturias","description":"La decimoquinta etapa de La Vuelta, la segunda de las tres que pasar\u00e1n por Asturias este a\u00f1o, comenzar\u00e1 en Tineo y finalizar\u00e1 en el alto del Acebo tras un recorrido de 159 kil\u00f3metros, que incluye cuatro puertos de monta\u00f1a, dos de ellos de primera categor\u00eda y uno de categor\u00eda especial. Este trazado la convierte en","canonical_url":"https:\/\/www.eldigitaldeasturias.com\/noticias\/la-decimoquinta-etapa-de-la-vuelta-2019-finalizara-en-el-alto-del-acebo\/","robots":"max-image-preview:large","keywords":"deportes","webmasterTools":{"google-site-verification":"UA-38556648-1","msvalidate.01":"7dfe9f3f1b24437ab69f4f2559babe99","miscellaneous":""},"schema":{"@context":"https:\/\/schema.org","@graph":[{"@type":"BlogPosting","@id":"https:\/\/www.eldigitaldeasturias.com\/noticias\/la-decimoquinta-etapa-de-la-vuelta-2019-finalizara-en-el-alto-del-acebo\/#blogposting","name":"La decimoquinta etapa de La Vuelta 2019 finalizar\u00e1 en el alto del Acebo - El Digital de Asturias","headline":"La decimoquinta etapa de La Vuelta 2019 finalizar\u00e1 en el alto del Acebo","author":{"@id":"https:\/\/www.eldigitaldeasturias.com\/noticias\/author\/admin\/#author"},"publisher":{"@id":"https:\/\/www.eldigitaldeasturias.com\/noticias\/#organization"},"image":{"@type":"ImageObject","url":"https:\/\/www.eldigitaldeasturias.com\/noticias\/wp-content\/uploads\/2019\/05\/Vuelta-en-Asturias.jpg","width":806,"height":621},"datePublished":"2019-05-07T11:25:34+02:00","dateModified":"2019-05-07T11:25:34+02:00","inLanguage":"es-ES","mainEntityOfPage":{"@id":"https:\/\/www.eldigitaldeasturias.com\/noticias\/la-decimoquinta-etapa-de-la-vuelta-2019-finalizara-en-el-alto-del-acebo\/#webpage"},"isPartOf":{"@id":"https:\/\/www.eldigitaldeasturias.com\/noticias\/la-decimoquinta-etapa-de-la-vuelta-2019-finalizara-en-el-alto-del-acebo\/#webpage"},"articleSection":"Deportes"},{"@type":"BreadcrumbList","@id":"https:\/\/www.eldigitaldeasturias.com\/noticias\/la-decimoquinta-etapa-de-la-vuelta-2019-finalizara-en-el-alto-del-acebo\/#breadcrumblist","itemListElement":[{"@type":"ListItem","@id":"https:\/\/www.eldigitaldeasturias.com\/noticias#listItem","position":1,"name":"Home","item":"https:\/\/www.eldigitaldeasturias.com\/noticias","nextItem":{"@type":"ListItem","@id":"https:\/\/www.eldigitaldeasturias.com\/noticias\/category\/deportes\/#listItem","name":"Deportes"}},{"@type":"ListItem","@id":"https:\/\/www.eldigitaldeasturias.com\/noticias\/category\/deportes\/#listItem","position":2,"name":"Deportes","item":"https:\/\/www.eldigitaldeasturias.com\/noticias\/category\/deportes\/","nextItem":{"@type":"ListItem","@id":"https:\/\/www.eldigitaldeasturias.com\/noticias\/la-decimoquinta-etapa-de-la-vuelta-2019-finalizara-en-el-alto-del-acebo\/#listItem","name":"La decimoquinta etapa de La Vuelta 2019 finalizar\u00e1 en el alto del Acebo"},"previousItem":{"@type":"ListItem","@id":"https:\/\/www.eldigitaldeasturias.com\/noticias#listItem","name":"Home"}},{"@type":"ListItem","@id":"https:\/\/www.eldigitaldeasturias.com\/noticias\/la-decimoquinta-etapa-de-la-vuelta-2019-finalizara-en-el-alto-del-acebo\/#listItem","position":3,"name":"La decimoquinta etapa de La Vuelta 2019 finalizar\u00e1 en el alto del Acebo","previousItem":{"@type":"ListItem","@id":"https:\/\/www.eldigitaldeasturias.com\/noticias\/category\/deportes\/#listItem","name":"Deportes"}}]},{"@type":"Organization","@id":"https:\/\/www.eldigitaldeasturias.com\/noticias\/#organization","name":"El Digital de Asturias","description":"Hemeroteca","url":"https:\/\/www.eldigitaldeasturias.com\/noticias\/","email":"info@eldigitaldeasturias.com","telephone":"+34652131393","logo":{"@type":"ImageObject","url":"https:\/\/www.eldigitaldeasturias.com\/noticias\/wp-content\/uploads\/2020\/12\/EDA.jpg","@id":"https:\/\/www.eldigitaldeasturias.com\/noticias\/la-decimoquinta-etapa-de-la-vuelta-2019-finalizara-en-el-alto-del-acebo\/#organizationLogo","width":649,"height":297},"image":{"@id":"https:\/\/www.eldigitaldeasturias.com\/noticias\/la-decimoquinta-etapa-de-la-vuelta-2019-finalizara-en-el-alto-del-acebo\/#organizationLogo"},"sameAs":["https:\/\/facebook.com\/eldigitaldeasturias","https:\/\/www.youtube.com\/channel\/UCZP-2wLEB9Rv6erhFmqVnvg"],"address":{"@id":"https:\/\/www.eldigitaldeasturias.com\/noticias\/#postaladdress","@type":"PostalAddress","streetAddress":"san antonio 4,","postalCode":"33430","addressLocality":"Cand\u00e1s","addressRegion":"Asturias","addressCountry":"ES"}},{"@type":"Person","@id":"https:\/\/www.eldigitaldeasturias.com\/noticias\/author\/admin\/#author","url":"https:\/\/www.eldigitaldeasturias.com\/noticias\/author\/admin\/","name":"El Digital de Asturias","image":{"@type":"ImageObject","@id":"https:\/\/www.eldigitaldeasturias.com\/noticias\/la-decimoquinta-etapa-de-la-vuelta-2019-finalizara-en-el-alto-del-acebo\/#authorImage","url":"https:\/\/www.eldigitaldeasturias.com\/noticias\/wp-content\/litespeed\/avatar\/18677e78aa0546b92d9dbf31ec7d7668.jpg?ver=1777290358","width":96,"height":96,"caption":"El Digital de Asturias"}},{"@type":"WebPage","@id":"https:\/\/www.eldigitaldeasturias.com\/noticias\/la-decimoquinta-etapa-de-la-vuelta-2019-finalizara-en-el-alto-del-acebo\/#webpage","url":"https:\/\/www.eldigitaldeasturias.com\/noticias\/la-decimoquinta-etapa-de-la-vuelta-2019-finalizara-en-el-alto-del-acebo\/","name":"La decimoquinta etapa de La Vuelta 2019 finalizar\u00e1 en el alto del Acebo - El Digital de Asturias","description":"La decimoquinta etapa de La Vuelta, la segunda de las tres que pasar\u00e1n por Asturias este a\u00f1o, comenzar\u00e1 en Tineo y finalizar\u00e1 en el alto del Acebo tras un recorrido de 159 kil\u00f3metros, que incluye cuatro puertos de monta\u00f1a, dos de ellos de primera categor\u00eda y uno de categor\u00eda especial. Este trazado la convierte en","inLanguage":"es-ES","isPartOf":{"@id":"https:\/\/www.eldigitaldeasturias.com\/noticias\/#website"},"breadcrumb":{"@id":"https:\/\/www.eldigitaldeasturias.com\/noticias\/la-decimoquinta-etapa-de-la-vuelta-2019-finalizara-en-el-alto-del-acebo\/#breadcrumblist"},"author":{"@id":"https:\/\/www.eldigitaldeasturias.com\/noticias\/author\/admin\/#author"},"creator":{"@id":"https:\/\/www.eldigitaldeasturias.com\/noticias\/author\/admin\/#author"},"image":{"@type":"ImageObject","url":"https:\/\/www.eldigitaldeasturias.com\/noticias\/wp-content\/uploads\/2019\/05\/Vuelta-en-Asturias.jpg","@id":"https:\/\/www.eldigitaldeasturias.com\/noticias\/la-decimoquinta-etapa-de-la-vuelta-2019-finalizara-en-el-alto-del-acebo\/#mainImage","width":806,"height":621},"primaryImageOfPage":{"@id":"https:\/\/www.eldigitaldeasturias.com\/noticias\/la-decimoquinta-etapa-de-la-vuelta-2019-finalizara-en-el-alto-del-acebo\/#mainImage"},"datePublished":"2019-05-07T11:25:34+02:00","dateModified":"2019-05-07T11:25:34+02:00"},{"@type":"WebSite","@id":"https:\/\/www.eldigitaldeasturias.com\/noticias\/#website","url":"https:\/\/www.eldigitaldeasturias.com\/noticias\/","name":"El Digital de Asturias - Diario de actualidad y noticias","alternateName":"El Digital de Asturias - Diario de actualidad y noticias","description":"Hemeroteca","inLanguage":"es-ES","publisher":{"@id":"https:\/\/www.eldigitaldeasturias.com\/noticias\/#organization"}}]},"og:locale":"es_ES","og:site_name":"El Digital de Asturias","og:type":"article","og:title":"La decimoquinta etapa de La Vuelta 2019 finalizar\u00e1 en el alto del Acebo - El Digital de Asturias","og:description":"La decimoquinta etapa de La Vuelta, la segunda de las tres que pasar\u00e1n por Asturias este a\u00f1o, comenzar\u00e1 en Tineo y finalizar\u00e1 en el alto del Acebo tras un recorrido de 159 kil\u00f3metros, que incluye cuatro puertos de monta\u00f1a, dos de ellos de primera categor\u00eda y uno de categor\u00eda especial. Este trazado la convierte en","og:url":"https:\/\/www.eldigitaldeasturias.com\/noticias\/la-decimoquinta-etapa-de-la-vuelta-2019-finalizara-en-el-alto-del-acebo\/","og:image":"https:\/\/www.eldigitaldeasturias.com\/noticias\/wp-content\/uploads\/2019\/05\/Vuelta-en-Asturias.jpg","og:image:secure_url":"https:\/\/www.eldigitaldeasturias.com\/noticias\/wp-content\/uploads\/2019\/05\/Vuelta-en-Asturias.jpg","og:image:width":806,"og:image:height":621,"article:tag":["deportes"],"article:published_time":"2019-05-07T11:25:34+00:00","article:modified_time":"2019-05-07T11:25:34+00:00","article:publisher":"https:\/\/facebook.com\/eldigitaldeasturias","twitter:card":"summary_large_image","twitter:title":"La decimoquinta etapa de La Vuelta 2019 finalizar\u00e1 en el alto del Acebo - El Digital de Asturias","twitter:description":"La decimoquinta etapa de La Vuelta, la segunda de las tres que pasar\u00e1n por Asturias este a\u00f1o, comenzar\u00e1 en Tineo y finalizar\u00e1 en el alto del Acebo tras un recorrido de 159 kil\u00f3metros, que incluye cuatro puertos de monta\u00f1a, dos de ellos de primera categor\u00eda y uno de categor\u00eda especial. Este trazado la convierte en","twitter:image":"https:\/\/www.eldigitaldeasturias.com\/noticias\/wp-content\/uploads\/2019\/05\/Vuelta-en-Asturias.jpg","twitter:label1":"Escrito por","twitter:data1":"El Digital de Asturias","twitter:label2":"Tiempo de lectura estimado","twitter:data2":"2 minutos"},"aioseo_meta_data":{"post_id":"1026501","title":null,"description":null,"keywords":null,"keyphrases":null,"primary_term":null,"canonical_url":null,"og_title":null,"og_description":null,"og_object_type":"default","og_image_type":"default","og_image_url":null,"og_image_width":null,"og_image_height":null,"og_image_custom_url":null,"og_image_custom_fields":null,"og_video":null,"og_custom_url":null,"og_article_section":null,"og_article_tags":null,"twitter_use_og":false,"twitter_card":"default","twitter_image_type":"default","twitter_image_url":null,"twitter_image_custom_url":null,"twitter_image_custom_fields":null,"twitter_title":null,"twitter_description":null,"schema":{"blockGraphs":[],"customGraphs":[],"default":{"data":{"Article":[],"Course":[],"Dataset":[],"FAQPage":[],"Movie":[],"Person":[],"Product":[],"ProductReview":[],"Car":[],"Recipe":[],"Service":[],"SoftwareApplication":[],"WebPage":[]},"graphName":"","isEnabled":true},"graphs":[],"defaultGraph":"","defaultPostTypeGraph":""},"schema_type":null,"schema_type_options":null,"pillar_content":false,"robots_default":true,"robots_noindex":false,"robots_noarchive":false,"robots_nosnippet":false,"robots_nofollow":false,"robots_noimageindex":false,"robots_noodp":false,"robots_notranslate":false,"robots_max_snippet":null,"robots_max_videopreview":null,"robots_max_imagepreview":"large","priority":null,"frequency":null,"local_seo":null,"seo_analyzer_scan_date":"2025-10-18 02:04:34","breadcrumb_settings":null,"limit_modified_date":false,"open_ai":null,"ai":null,"created":"2020-12-21 11:14:15","updated":"2025-10-18 02:04:34"},"aioseo_breadcrumb":"<div class=\"aioseo-breadcrumbs\"><span class=\"aioseo-breadcrumb\">\n\t<a href=\"https:\/\/www.eldigitaldeasturias.com\/noticias\" title=\"Home\">Home<\/a>\n<\/span><span class=\"aioseo-breadcrumb-separator\">\u2013<\/span><span class=\"aioseo-breadcrumb\">\n\t<a href=\"https:\/\/www.eldigitaldeasturias.com\/noticias\/category\/deportes\/\" title=\"Deportes\">Deportes<\/a>\n<\/span><span class=\"aioseo-breadcrumb-separator\">\u2013<\/span><span class=\"aioseo-breadcrumb\">\n\t<a href=\"https:\/\/www.eldigitaldeasturias.com\/noticias\/la-decimoquinta-etapa-de-la-vuelta-2019-finalizara-en-el-alto-del-acebo\/\" title=\"La decimoquinta etapa de La Vuelta 2019 finalizar\u00e1 en el alto del Acebo\">La decimoquinta etapa de La Vuelta 2019 finalizar\u00e1 en el alto del Acebo<\/a>\n<\/span><\/div>","aioseo_breadcrumb_json":[{"label":"Home","link":"https:\/\/www.eldigitaldeasturias.com\/noticias"},{"label":"Deportes","link":"https:\/\/www.eldigitaldeasturias.com\/noticias\/category\/deportes\/"},{"label":"La decimoquinta etapa de La Vuelta 2019 finalizar\u00e1 en el alto del Acebo","link":"https:\/\/www.eldigitaldeasturias.com\/noticias\/la-decimoquinta-etapa-de-la-vuelta-2019-finalizara-en-el-alto-del-acebo\/"}],"_links":{"self":[{"href":"https:\/\/www.eldigitaldeasturias.com\/noticias\/wp-json\/wp\/v2\/posts\/1026501","targetHints":{"allow":["GET"]}}],"collection":[{"href":"https:\/\/www.eldigitaldeasturias.com\/noticias\/wp-json\/wp\/v2\/posts"}],"about":[{"href":"https:\/\/www.eldigitaldeasturias.com\/noticias\/wp-json\/wp\/v2\/types\/post"}],"author":[{"embeddable":true,"href":"https:\/\/www.eldigitaldeasturias.com\/noticias\/wp-json\/wp\/v2\/users\/1"}],"replies":[{"embeddable":true,"href":"https:\/\/www.eldigitaldeasturias.com\/noticias\/wp-json\/wp\/v2\/comments?post=1026501"}],"version-history":[{"count":0,"href":"https:\/\/www.eldigitaldeasturias.com\/noticias\/wp-json\/wp\/v2\/posts\/1026501\/revisions"}],"wp:featuredmedia":[{"embeddable":true,"href":"https:\/\/www.eldigitaldeasturias.com\/noticias\/wp-json\/wp\/v2\/media\/1026502"}],"wp:attachment":[{"href":"https:\/\/www.eldigitaldeasturias.com\/noticias\/wp-json\/wp\/v2\/media?parent=1026501"}],"wp:term":[{"taxonomy":"category","embeddable":true,"href":"https:\/\/www.eldigitaldeasturias.com\/noticias\/wp-json\/wp\/v2\/categories?post=1026501"},{"taxonomy":"post_tag","embeddable":true,"href":"https:\/\/www.eldigitaldeasturias.com\/noticias\/wp-json\/wp\/v2\/tags?post=1026501"}],"curies":[{"name":"wp","href":"https:\/\/api.w.org\/{rel}","templated":true}]}}