{"id":1026267,"date":"2019-05-05T21:09:04","date_gmt":"2019-05-05T21:09:04","guid":{"rendered":"https:\/\/www.eldigitaldeasturias.com\/noticias\/?p=1026267"},"modified":"2019-05-05T21:09:04","modified_gmt":"2019-05-05T21:09:04","slug":"el-destino-de-ribery-aun-no-tengo-planes","status":"publish","type":"post","link":"https:\/\/www.eldigitaldeasturias.com\/noticias\/el-destino-de-ribery-aun-no-tengo-planes\/","title":{"rendered":"El destino de Rib\u00e9ry: \u00abA\u00fan no tengo planes\u00bb"},"content":{"rendered":"<p>M\u00fanich, 5 may (dpa) &#8211; El jugador franc\u00e9s Franck Rib\u00e9ry a\u00fan no ha tomado una decisi\u00f3n con respecto a su futuro tras su salida del Bayern M\u00fanich este verano (boreal), seg\u00fan revel\u00f3 hoy en un v\u00eddeo publicado en el portal del m\u00faltiple campe\u00f3n del f\u00fatbol alem\u00e1n.<\/p>\n<p><img loading=\"lazy\" decoding=\"async\" class=\"aligncenter size-large wp-image-1026268\" src=\"https:\/\/www.eldigitaldeasturias.com\/noticias\/wp-content\/uploads\/2019\/05\/Ribery-650x451.jpg\" alt=\"\" width=\"640\" height=\"444\" srcset=\"https:\/\/www.eldigitaldeasturias.com\/noticias\/wp-content\/uploads\/2019\/05\/Ribery-650x451.jpg 650w, https:\/\/www.eldigitaldeasturias.com\/noticias\/wp-content\/uploads\/2019\/05\/Ribery-360x250.jpg 360w, https:\/\/www.eldigitaldeasturias.com\/noticias\/wp-content\/uploads\/2019\/05\/Ribery-768x532.jpg 768w, https:\/\/www.eldigitaldeasturias.com\/noticias\/wp-content\/uploads\/2019\/05\/Ribery.jpg 981w\" sizes=\"auto, (max-width: 640px) 100vw, 640px\" \/><\/p>\n<p>\u00abTodav\u00eda no tengo un plan concreto para la pr\u00f3xima temporada. No s\u00e9 qu\u00e9 har\u00e9 ni a d\u00f3nde voy a jugar al f\u00fatbol\u00bb, dijo el jugador de 36 a\u00f1os, quien sin embargo asegur\u00f3 que quiere seguir jugando.<\/p>\n<p>El futuro a\u00fan no est\u00e1 decidido al cien por ciento, revel\u00f3 el franc\u00e9s, que visti\u00f3 la camiseta del Bayern M\u00fanich durante doce a\u00f1os.<\/p>\n<p>Se especula que Rib\u00e9ry podr\u00eda seguir su carrera profesional en el Galatasaray turco, pero tambi\u00e9n se mencion\u00f3 la posibilidad de un traslado a Qatar.<\/p>\n<p><script async src=\"\/\/pagead2.googlesyndication.com\/pagead\/js\/adsbygoogle.js\"><\/script><br \/>\n<ins class=\"adsbygoogle\" style=\"display: block; text-align: center;\" data-ad-layout=\"in-article\" data-ad-format=\"fluid\" data-ad-client=\"ca-pub-5439720485939997\" data-ad-slot=\"3365233746\"><\/ins><br \/>\n<script>\n     (adsbygoogle = window.adsbygoogle || []).push({});\n<\/script><\/p>\n<p>&nbsp;<\/p>\n<p>Por su parte, el conjunto b\u00e1varo anunci\u00f3 que el partido de despedida para Rib\u00e9ry y Arjen Robben, cuyo futuro profesional tambi\u00e9n es incierto, est\u00e1 previsto para el 2020.<\/p>\n<p>\u00abFranck y Arjen son grandes jugadores. El Bayern M\u00fanich les debe mucho y les organizar\u00e1 una despedida grande y emotiva. Ambos han contribuido con un f\u00fatbol fant\u00e1stico a dar forma a la d\u00e9cada m\u00e1s exitosa del Bayern\u00bb, declar\u00f3 el presidente ejecutivo Karl-Heinz Rummenigge.<\/p>\n<p>Rib\u00e9ry pas\u00f3 del Olympique Marsella al Bayern M\u00fanich en 2007 por 30 millones de euros. Antes hab\u00eda jugado un tiempo en el Galatasaray.<\/p>\n<p>\u00abLa despedida no ser\u00e1 f\u00e1cil, pero nunca debemos olvidar lo que hemos logrado juntos\u00bb, destac\u00f3 Rib\u00e9ry, quien en el v\u00eddeo habl\u00f3 de su despedida por primera vez.<\/p>\n<p>En tanto, tras su paso por el Real Madrid y el Chelsea, Robben lleg\u00f3 al club b\u00e1varo en el a\u00f1o 2009 por unos 24 millones de euros. Por el momento, el holand\u00e9s aplaz\u00f3 la decisi\u00f3n sobre su futuro para recuperar plenamente su estado f\u00edsico.<\/p>\n<p>\u00abHe dejado un poco de lado la planificaci\u00f3n porque quiero volver a ponerme en forma primero\u00bb, se\u00f1al\u00f3 el jugador de 35 a\u00f1os, del cual se especul\u00f3 repetidamente sobre un regreso a su pa\u00eds.<\/p>\n<p><em><strong>Foto: Peter Kneffel\/dpa<\/strong><\/em><\/p>\n<p>&nbsp;<\/p>\n","protected":false},"excerpt":{"rendered":"<p>M\u00fanich, 5 may (dpa) &#8211; El jugador franc\u00e9s Franck Rib\u00e9ry a\u00fan no ha tomado una decisi\u00f3n con respecto a su futuro tras su salida del Bayern M\u00fanich este verano (boreal), seg\u00fan revel\u00f3 hoy en un v\u00eddeo publicado en el portal del m\u00faltiple campe\u00f3n del f\u00fatbol alem\u00e1n. \u00abTodav\u00eda no tengo un plan concreto para la pr\u00f3xima [&hellip;]<\/p>\n","protected":false},"author":1,"featured_media":1026268,"comment_status":"closed","ping_status":"closed","sticky":false,"template":"","format":"standard","meta":{"footnotes":""},"categories":[190],"tags":[],"class_list":["post-1026267","post","type-post","status-publish","format-standard","has-post-thumbnail","hentry","category-deportes"],"aioseo_notices":[],"aioseo_head":"\n\t\t<!-- All in One SEO Pro 4.9.6.2 - aioseo.com -->\n\t<meta name=\"description\" content=\"M\u00fanich, 5 may (dpa) - El jugador franc\u00e9s Franck Rib\u00e9ry a\u00fan no ha tomado una decisi\u00f3n con respecto a su futuro tras su salida del Bayern M\u00fanich este verano (boreal), seg\u00fan revel\u00f3 hoy en un v\u00eddeo publicado en el portal del m\u00faltiple campe\u00f3n del f\u00fatbol alem\u00e1n. &quot;Todav\u00eda no tengo un plan concreto para la pr\u00f3xima\" \/>\n\t<meta name=\"robots\" content=\"max-image-preview:large\" \/>\n\t<meta name=\"author\" content=\"El Digital de Asturias\"\/>\n\t<meta name=\"google-site-verification\" content=\"UA-38556648-1\" \/>\n\t<meta name=\"msvalidate.01\" content=\"7dfe9f3f1b24437ab69f4f2559babe99\" \/>\n\t<meta name=\"keywords\" content=\"deportes\" \/>\n\t<link rel=\"canonical\" href=\"https:\/\/www.eldigitaldeasturias.com\/noticias\/el-destino-de-ribery-aun-no-tengo-planes\/\" \/>\n\t<meta name=\"generator\" content=\"All in One SEO Pro (AIOSEO) 4.9.6.2\" \/>\n\t\t<meta property=\"og:locale\" content=\"es_ES\" \/>\n\t\t<meta property=\"og:site_name\" content=\"El Digital de Asturias\" \/>\n\t\t<meta property=\"og:type\" content=\"article\" \/>\n\t\t<meta property=\"og:title\" content=\"El destino de Rib\u00e9ry: \u00abA\u00fan no tengo planes\u00bb - El Digital de Asturias\" \/>\n\t\t<meta property=\"og:description\" content=\"M\u00fanich, 5 may (dpa) - El jugador franc\u00e9s Franck Rib\u00e9ry a\u00fan no ha tomado una decisi\u00f3n con respecto a su futuro tras su salida del Bayern M\u00fanich este verano (boreal), seg\u00fan revel\u00f3 hoy en un v\u00eddeo publicado en el portal del m\u00faltiple campe\u00f3n del f\u00fatbol alem\u00e1n. &quot;Todav\u00eda no tengo un plan concreto para la pr\u00f3xima\" \/>\n\t\t<meta property=\"og:url\" content=\"https:\/\/www.eldigitaldeasturias.com\/noticias\/el-destino-de-ribery-aun-no-tengo-planes\/\" \/>\n\t\t<meta property=\"og:image\" content=\"https:\/\/www.eldigitaldeasturias.com\/noticias\/wp-content\/uploads\/2019\/05\/Ribery.jpg\" \/>\n\t\t<meta property=\"og:image:secure_url\" content=\"https:\/\/www.eldigitaldeasturias.com\/noticias\/wp-content\/uploads\/2019\/05\/Ribery.jpg\" \/>\n\t\t<meta property=\"og:image:width\" content=\"981\" \/>\n\t\t<meta property=\"og:image:height\" content=\"680\" \/>\n\t\t<meta property=\"article:tag\" content=\"deportes\" \/>\n\t\t<meta property=\"article:published_time\" content=\"2019-05-05T21:09:04+00:00\" \/>\n\t\t<meta property=\"article:modified_time\" content=\"2019-05-05T21:09:04+00:00\" \/>\n\t\t<meta property=\"article:publisher\" content=\"https:\/\/facebook.com\/eldigitaldeasturias\" \/>\n\t\t<meta name=\"twitter:card\" content=\"summary_large_image\" \/>\n\t\t<meta name=\"twitter:title\" content=\"El destino de Rib\u00e9ry: \u00abA\u00fan no tengo planes\u00bb - El Digital de Asturias\" \/>\n\t\t<meta name=\"twitter:description\" content=\"M\u00fanich, 5 may (dpa) - El jugador franc\u00e9s Franck Rib\u00e9ry a\u00fan no ha tomado una decisi\u00f3n con respecto a su futuro tras su salida del Bayern M\u00fanich este verano (boreal), seg\u00fan revel\u00f3 hoy en un v\u00eddeo publicado en el portal del m\u00faltiple campe\u00f3n del f\u00fatbol alem\u00e1n. &quot;Todav\u00eda no tengo un plan concreto para la pr\u00f3xima\" \/>\n\t\t<meta name=\"twitter:image\" content=\"https:\/\/www.eldigitaldeasturias.com\/noticias\/wp-content\/uploads\/2019\/05\/Ribery.jpg\" \/>\n\t\t<meta name=\"twitter:label1\" content=\"Escrito por\" \/>\n\t\t<meta name=\"twitter:data1\" content=\"El Digital de Asturias\" \/>\n\t\t<meta name=\"twitter:label2\" content=\"Tiempo de lectura estimado\" \/>\n\t\t<meta name=\"twitter:data2\" content=\"2 minutos\" \/>\n\t\t<script type=\"application\/ld+json\" class=\"aioseo-schema\">\n\t\t\t{\"@context\":\"https:\\\/\\\/schema.org\",\"@graph\":[{\"@type\":\"BlogPosting\",\"@id\":\"https:\\\/\\\/www.eldigitaldeasturias.com\\\/noticias\\\/el-destino-de-ribery-aun-no-tengo-planes\\\/#blogposting\",\"name\":\"El destino de Rib\\u00e9ry: \\u00abA\\u00fan no tengo planes\\u00bb - El Digital de Asturias\",\"headline\":\"El destino de Rib\\u00e9ry: \\u00abA\\u00fan no tengo planes\\u00bb\",\"author\":{\"@id\":\"https:\\\/\\\/www.eldigitaldeasturias.com\\\/noticias\\\/author\\\/admin\\\/#author\"},\"publisher\":{\"@id\":\"https:\\\/\\\/www.eldigitaldeasturias.com\\\/noticias\\\/#organization\"},\"image\":{\"@type\":\"ImageObject\",\"url\":\"https:\\\/\\\/www.eldigitaldeasturias.com\\\/noticias\\\/wp-content\\\/uploads\\\/2019\\\/05\\\/Ribery.jpg\",\"width\":981,\"height\":680},\"datePublished\":\"2019-05-05T21:09:04+02:00\",\"dateModified\":\"2019-05-05T21:09:04+02:00\",\"inLanguage\":\"es-ES\",\"mainEntityOfPage\":{\"@id\":\"https:\\\/\\\/www.eldigitaldeasturias.com\\\/noticias\\\/el-destino-de-ribery-aun-no-tengo-planes\\\/#webpage\"},\"isPartOf\":{\"@id\":\"https:\\\/\\\/www.eldigitaldeasturias.com\\\/noticias\\\/el-destino-de-ribery-aun-no-tengo-planes\\\/#webpage\"},\"articleSection\":\"Deportes\"},{\"@type\":\"BreadcrumbList\",\"@id\":\"https:\\\/\\\/www.eldigitaldeasturias.com\\\/noticias\\\/el-destino-de-ribery-aun-no-tengo-planes\\\/#breadcrumblist\",\"itemListElement\":[{\"@type\":\"ListItem\",\"@id\":\"https:\\\/\\\/www.eldigitaldeasturias.com\\\/noticias#listItem\",\"position\":1,\"name\":\"Home\",\"item\":\"https:\\\/\\\/www.eldigitaldeasturias.com\\\/noticias\",\"nextItem\":{\"@type\":\"ListItem\",\"@id\":\"https:\\\/\\\/www.eldigitaldeasturias.com\\\/noticias\\\/category\\\/deportes\\\/#listItem\",\"name\":\"Deportes\"}},{\"@type\":\"ListItem\",\"@id\":\"https:\\\/\\\/www.eldigitaldeasturias.com\\\/noticias\\\/category\\\/deportes\\\/#listItem\",\"position\":2,\"name\":\"Deportes\",\"item\":\"https:\\\/\\\/www.eldigitaldeasturias.com\\\/noticias\\\/category\\\/deportes\\\/\",\"nextItem\":{\"@type\":\"ListItem\",\"@id\":\"https:\\\/\\\/www.eldigitaldeasturias.com\\\/noticias\\\/el-destino-de-ribery-aun-no-tengo-planes\\\/#listItem\",\"name\":\"El destino de Rib\\u00e9ry: \\u00abA\\u00fan no tengo planes\\u00bb\"},\"previousItem\":{\"@type\":\"ListItem\",\"@id\":\"https:\\\/\\\/www.eldigitaldeasturias.com\\\/noticias#listItem\",\"name\":\"Home\"}},{\"@type\":\"ListItem\",\"@id\":\"https:\\\/\\\/www.eldigitaldeasturias.com\\\/noticias\\\/el-destino-de-ribery-aun-no-tengo-planes\\\/#listItem\",\"position\":3,\"name\":\"El destino de Rib\\u00e9ry: \\u00abA\\u00fan no tengo planes\\u00bb\",\"previousItem\":{\"@type\":\"ListItem\",\"@id\":\"https:\\\/\\\/www.eldigitaldeasturias.com\\\/noticias\\\/category\\\/deportes\\\/#listItem\",\"name\":\"Deportes\"}}]},{\"@type\":\"Organization\",\"@id\":\"https:\\\/\\\/www.eldigitaldeasturias.com\\\/noticias\\\/#organization\",\"name\":\"El Digital de Asturias\",\"description\":\"Hemeroteca\",\"url\":\"https:\\\/\\\/www.eldigitaldeasturias.com\\\/noticias\\\/\",\"email\":\"info@eldigitaldeasturias.com\",\"telephone\":\"+34652131393\",\"logo\":{\"@type\":\"ImageObject\",\"url\":\"https:\\\/\\\/www.eldigitaldeasturias.com\\\/noticias\\\/wp-content\\\/uploads\\\/2020\\\/12\\\/EDA.jpg\",\"@id\":\"https:\\\/\\\/www.eldigitaldeasturias.com\\\/noticias\\\/el-destino-de-ribery-aun-no-tengo-planes\\\/#organizationLogo\",\"width\":649,\"height\":297},\"image\":{\"@id\":\"https:\\\/\\\/www.eldigitaldeasturias.com\\\/noticias\\\/el-destino-de-ribery-aun-no-tengo-planes\\\/#organizationLogo\"},\"sameAs\":[\"https:\\\/\\\/facebook.com\\\/eldigitaldeasturias\",\"https:\\\/\\\/www.youtube.com\\\/channel\\\/UCZP-2wLEB9Rv6erhFmqVnvg\"],\"address\":{\"@id\":\"https:\\\/\\\/www.eldigitaldeasturias.com\\\/noticias\\\/#postaladdress\",\"@type\":\"PostalAddress\",\"streetAddress\":\"san antonio 4,\",\"postalCode\":\"33430\",\"addressLocality\":\"Cand\\u00e1s\",\"addressRegion\":\"Asturias\",\"addressCountry\":\"ES\"}},{\"@type\":\"Person\",\"@id\":\"https:\\\/\\\/www.eldigitaldeasturias.com\\\/noticias\\\/author\\\/admin\\\/#author\",\"url\":\"https:\\\/\\\/www.eldigitaldeasturias.com\\\/noticias\\\/author\\\/admin\\\/\",\"name\":\"El Digital de Asturias\",\"image\":{\"@type\":\"ImageObject\",\"@id\":\"https:\\\/\\\/www.eldigitaldeasturias.com\\\/noticias\\\/el-destino-de-ribery-aun-no-tengo-planes\\\/#authorImage\",\"url\":\"https:\\\/\\\/www.eldigitaldeasturias.com\\\/noticias\\\/wp-content\\\/litespeed\\\/avatar\\\/18677e78aa0546b92d9dbf31ec7d7668.jpg?ver=1777290358\",\"width\":96,\"height\":96,\"caption\":\"El Digital de Asturias\"}},{\"@type\":\"WebPage\",\"@id\":\"https:\\\/\\\/www.eldigitaldeasturias.com\\\/noticias\\\/el-destino-de-ribery-aun-no-tengo-planes\\\/#webpage\",\"url\":\"https:\\\/\\\/www.eldigitaldeasturias.com\\\/noticias\\\/el-destino-de-ribery-aun-no-tengo-planes\\\/\",\"name\":\"El destino de Rib\\u00e9ry: \\u00abA\\u00fan no tengo planes\\u00bb - El Digital de Asturias\",\"description\":\"M\\u00fanich, 5 may (dpa) - El jugador franc\\u00e9s Franck Rib\\u00e9ry a\\u00fan no ha tomado una decisi\\u00f3n con respecto a su futuro tras su salida del Bayern M\\u00fanich este verano (boreal), seg\\u00fan revel\\u00f3 hoy en un v\\u00eddeo publicado en el portal del m\\u00faltiple campe\\u00f3n del f\\u00fatbol alem\\u00e1n. \\\"Todav\\u00eda no tengo un plan concreto para la pr\\u00f3xima\",\"inLanguage\":\"es-ES\",\"isPartOf\":{\"@id\":\"https:\\\/\\\/www.eldigitaldeasturias.com\\\/noticias\\\/#website\"},\"breadcrumb\":{\"@id\":\"https:\\\/\\\/www.eldigitaldeasturias.com\\\/noticias\\\/el-destino-de-ribery-aun-no-tengo-planes\\\/#breadcrumblist\"},\"author\":{\"@id\":\"https:\\\/\\\/www.eldigitaldeasturias.com\\\/noticias\\\/author\\\/admin\\\/#author\"},\"creator\":{\"@id\":\"https:\\\/\\\/www.eldigitaldeasturias.com\\\/noticias\\\/author\\\/admin\\\/#author\"},\"image\":{\"@type\":\"ImageObject\",\"url\":\"https:\\\/\\\/www.eldigitaldeasturias.com\\\/noticias\\\/wp-content\\\/uploads\\\/2019\\\/05\\\/Ribery.jpg\",\"@id\":\"https:\\\/\\\/www.eldigitaldeasturias.com\\\/noticias\\\/el-destino-de-ribery-aun-no-tengo-planes\\\/#mainImage\",\"width\":981,\"height\":680},\"primaryImageOfPage\":{\"@id\":\"https:\\\/\\\/www.eldigitaldeasturias.com\\\/noticias\\\/el-destino-de-ribery-aun-no-tengo-planes\\\/#mainImage\"},\"datePublished\":\"2019-05-05T21:09:04+02:00\",\"dateModified\":\"2019-05-05T21:09:04+02:00\"},{\"@type\":\"WebSite\",\"@id\":\"https:\\\/\\\/www.eldigitaldeasturias.com\\\/noticias\\\/#website\",\"url\":\"https:\\\/\\\/www.eldigitaldeasturias.com\\\/noticias\\\/\",\"name\":\"El Digital de Asturias - Diario de actualidad y noticias\",\"alternateName\":\"El Digital de Asturias - Diario de actualidad y noticias\",\"description\":\"Hemeroteca\",\"inLanguage\":\"es-ES\",\"publisher\":{\"@id\":\"https:\\\/\\\/www.eldigitaldeasturias.com\\\/noticias\\\/#organization\"}}]}\n\t\t<\/script>\n\t\t<!-- All in One SEO Pro -->\r\n\t\t<title>El destino de Rib\u00e9ry: \u00abA\u00fan no tengo planes\u00bb - El Digital de Asturias<\/title>\n\n","aioseo_head_json":{"title":"El destino de Rib\u00e9ry: \u00abA\u00fan no tengo planes\u00bb - El Digital de Asturias","description":"M\u00fanich, 5 may (dpa) - El jugador franc\u00e9s Franck Rib\u00e9ry a\u00fan no ha tomado una decisi\u00f3n con respecto a su futuro tras su salida del Bayern M\u00fanich este verano (boreal), seg\u00fan revel\u00f3 hoy en un v\u00eddeo publicado en el portal del m\u00faltiple campe\u00f3n del f\u00fatbol alem\u00e1n. \"Todav\u00eda no tengo un plan concreto para la pr\u00f3xima","canonical_url":"https:\/\/www.eldigitaldeasturias.com\/noticias\/el-destino-de-ribery-aun-no-tengo-planes\/","robots":"max-image-preview:large","keywords":"deportes","webmasterTools":{"google-site-verification":"UA-38556648-1","msvalidate.01":"7dfe9f3f1b24437ab69f4f2559babe99","miscellaneous":""},"schema":{"@context":"https:\/\/schema.org","@graph":[{"@type":"BlogPosting","@id":"https:\/\/www.eldigitaldeasturias.com\/noticias\/el-destino-de-ribery-aun-no-tengo-planes\/#blogposting","name":"El destino de Rib\u00e9ry: \u00abA\u00fan no tengo planes\u00bb - El Digital de Asturias","headline":"El destino de Rib\u00e9ry: \u00abA\u00fan no tengo planes\u00bb","author":{"@id":"https:\/\/www.eldigitaldeasturias.com\/noticias\/author\/admin\/#author"},"publisher":{"@id":"https:\/\/www.eldigitaldeasturias.com\/noticias\/#organization"},"image":{"@type":"ImageObject","url":"https:\/\/www.eldigitaldeasturias.com\/noticias\/wp-content\/uploads\/2019\/05\/Ribery.jpg","width":981,"height":680},"datePublished":"2019-05-05T21:09:04+02:00","dateModified":"2019-05-05T21:09:04+02:00","inLanguage":"es-ES","mainEntityOfPage":{"@id":"https:\/\/www.eldigitaldeasturias.com\/noticias\/el-destino-de-ribery-aun-no-tengo-planes\/#webpage"},"isPartOf":{"@id":"https:\/\/www.eldigitaldeasturias.com\/noticias\/el-destino-de-ribery-aun-no-tengo-planes\/#webpage"},"articleSection":"Deportes"},{"@type":"BreadcrumbList","@id":"https:\/\/www.eldigitaldeasturias.com\/noticias\/el-destino-de-ribery-aun-no-tengo-planes\/#breadcrumblist","itemListElement":[{"@type":"ListItem","@id":"https:\/\/www.eldigitaldeasturias.com\/noticias#listItem","position":1,"name":"Home","item":"https:\/\/www.eldigitaldeasturias.com\/noticias","nextItem":{"@type":"ListItem","@id":"https:\/\/www.eldigitaldeasturias.com\/noticias\/category\/deportes\/#listItem","name":"Deportes"}},{"@type":"ListItem","@id":"https:\/\/www.eldigitaldeasturias.com\/noticias\/category\/deportes\/#listItem","position":2,"name":"Deportes","item":"https:\/\/www.eldigitaldeasturias.com\/noticias\/category\/deportes\/","nextItem":{"@type":"ListItem","@id":"https:\/\/www.eldigitaldeasturias.com\/noticias\/el-destino-de-ribery-aun-no-tengo-planes\/#listItem","name":"El destino de Rib\u00e9ry: \u00abA\u00fan no tengo planes\u00bb"},"previousItem":{"@type":"ListItem","@id":"https:\/\/www.eldigitaldeasturias.com\/noticias#listItem","name":"Home"}},{"@type":"ListItem","@id":"https:\/\/www.eldigitaldeasturias.com\/noticias\/el-destino-de-ribery-aun-no-tengo-planes\/#listItem","position":3,"name":"El destino de Rib\u00e9ry: \u00abA\u00fan no tengo planes\u00bb","previousItem":{"@type":"ListItem","@id":"https:\/\/www.eldigitaldeasturias.com\/noticias\/category\/deportes\/#listItem","name":"Deportes"}}]},{"@type":"Organization","@id":"https:\/\/www.eldigitaldeasturias.com\/noticias\/#organization","name":"El Digital de Asturias","description":"Hemeroteca","url":"https:\/\/www.eldigitaldeasturias.com\/noticias\/","email":"info@eldigitaldeasturias.com","telephone":"+34652131393","logo":{"@type":"ImageObject","url":"https:\/\/www.eldigitaldeasturias.com\/noticias\/wp-content\/uploads\/2020\/12\/EDA.jpg","@id":"https:\/\/www.eldigitaldeasturias.com\/noticias\/el-destino-de-ribery-aun-no-tengo-planes\/#organizationLogo","width":649,"height":297},"image":{"@id":"https:\/\/www.eldigitaldeasturias.com\/noticias\/el-destino-de-ribery-aun-no-tengo-planes\/#organizationLogo"},"sameAs":["https:\/\/facebook.com\/eldigitaldeasturias","https:\/\/www.youtube.com\/channel\/UCZP-2wLEB9Rv6erhFmqVnvg"],"address":{"@id":"https:\/\/www.eldigitaldeasturias.com\/noticias\/#postaladdress","@type":"PostalAddress","streetAddress":"san antonio 4,","postalCode":"33430","addressLocality":"Cand\u00e1s","addressRegion":"Asturias","addressCountry":"ES"}},{"@type":"Person","@id":"https:\/\/www.eldigitaldeasturias.com\/noticias\/author\/admin\/#author","url":"https:\/\/www.eldigitaldeasturias.com\/noticias\/author\/admin\/","name":"El Digital de Asturias","image":{"@type":"ImageObject","@id":"https:\/\/www.eldigitaldeasturias.com\/noticias\/el-destino-de-ribery-aun-no-tengo-planes\/#authorImage","url":"https:\/\/www.eldigitaldeasturias.com\/noticias\/wp-content\/litespeed\/avatar\/18677e78aa0546b92d9dbf31ec7d7668.jpg?ver=1777290358","width":96,"height":96,"caption":"El Digital de Asturias"}},{"@type":"WebPage","@id":"https:\/\/www.eldigitaldeasturias.com\/noticias\/el-destino-de-ribery-aun-no-tengo-planes\/#webpage","url":"https:\/\/www.eldigitaldeasturias.com\/noticias\/el-destino-de-ribery-aun-no-tengo-planes\/","name":"El destino de Rib\u00e9ry: \u00abA\u00fan no tengo planes\u00bb - El Digital de Asturias","description":"M\u00fanich, 5 may (dpa) - El jugador franc\u00e9s Franck Rib\u00e9ry a\u00fan no ha tomado una decisi\u00f3n con respecto a su futuro tras su salida del Bayern M\u00fanich este verano (boreal), seg\u00fan revel\u00f3 hoy en un v\u00eddeo publicado en el portal del m\u00faltiple campe\u00f3n del f\u00fatbol alem\u00e1n. \"Todav\u00eda no tengo un plan concreto para la pr\u00f3xima","inLanguage":"es-ES","isPartOf":{"@id":"https:\/\/www.eldigitaldeasturias.com\/noticias\/#website"},"breadcrumb":{"@id":"https:\/\/www.eldigitaldeasturias.com\/noticias\/el-destino-de-ribery-aun-no-tengo-planes\/#breadcrumblist"},"author":{"@id":"https:\/\/www.eldigitaldeasturias.com\/noticias\/author\/admin\/#author"},"creator":{"@id":"https:\/\/www.eldigitaldeasturias.com\/noticias\/author\/admin\/#author"},"image":{"@type":"ImageObject","url":"https:\/\/www.eldigitaldeasturias.com\/noticias\/wp-content\/uploads\/2019\/05\/Ribery.jpg","@id":"https:\/\/www.eldigitaldeasturias.com\/noticias\/el-destino-de-ribery-aun-no-tengo-planes\/#mainImage","width":981,"height":680},"primaryImageOfPage":{"@id":"https:\/\/www.eldigitaldeasturias.com\/noticias\/el-destino-de-ribery-aun-no-tengo-planes\/#mainImage"},"datePublished":"2019-05-05T21:09:04+02:00","dateModified":"2019-05-05T21:09:04+02:00"},{"@type":"WebSite","@id":"https:\/\/www.eldigitaldeasturias.com\/noticias\/#website","url":"https:\/\/www.eldigitaldeasturias.com\/noticias\/","name":"El Digital de Asturias - Diario de actualidad y noticias","alternateName":"El Digital de Asturias - Diario de actualidad y noticias","description":"Hemeroteca","inLanguage":"es-ES","publisher":{"@id":"https:\/\/www.eldigitaldeasturias.com\/noticias\/#organization"}}]},"og:locale":"es_ES","og:site_name":"El Digital de Asturias","og:type":"article","og:title":"El destino de Rib\u00e9ry: \u00abA\u00fan no tengo planes\u00bb - El Digital de Asturias","og:description":"M\u00fanich, 5 may (dpa) - El jugador franc\u00e9s Franck Rib\u00e9ry a\u00fan no ha tomado una decisi\u00f3n con respecto a su futuro tras su salida del Bayern M\u00fanich este verano (boreal), seg\u00fan revel\u00f3 hoy en un v\u00eddeo publicado en el portal del m\u00faltiple campe\u00f3n del f\u00fatbol alem\u00e1n. &quot;Todav\u00eda no tengo un plan concreto para la pr\u00f3xima","og:url":"https:\/\/www.eldigitaldeasturias.com\/noticias\/el-destino-de-ribery-aun-no-tengo-planes\/","og:image":"https:\/\/www.eldigitaldeasturias.com\/noticias\/wp-content\/uploads\/2019\/05\/Ribery.jpg","og:image:secure_url":"https:\/\/www.eldigitaldeasturias.com\/noticias\/wp-content\/uploads\/2019\/05\/Ribery.jpg","og:image:width":981,"og:image:height":680,"article:tag":["deportes"],"article:published_time":"2019-05-05T21:09:04+00:00","article:modified_time":"2019-05-05T21:09:04+00:00","article:publisher":"https:\/\/facebook.com\/eldigitaldeasturias","twitter:card":"summary_large_image","twitter:title":"El destino de Rib\u00e9ry: \u00abA\u00fan no tengo planes\u00bb - El Digital de Asturias","twitter:description":"M\u00fanich, 5 may (dpa) - El jugador franc\u00e9s Franck Rib\u00e9ry a\u00fan no ha tomado una decisi\u00f3n con respecto a su futuro tras su salida del Bayern M\u00fanich este verano (boreal), seg\u00fan revel\u00f3 hoy en un v\u00eddeo publicado en el portal del m\u00faltiple campe\u00f3n del f\u00fatbol alem\u00e1n. &quot;Todav\u00eda no tengo un plan concreto para la pr\u00f3xima","twitter:image":"https:\/\/www.eldigitaldeasturias.com\/noticias\/wp-content\/uploads\/2019\/05\/Ribery.jpg","twitter:label1":"Escrito por","twitter:data1":"El Digital de Asturias","twitter:label2":"Tiempo de lectura estimado","twitter:data2":"2 minutos"},"aioseo_meta_data":{"post_id":"1026267","title":null,"description":null,"keywords":null,"keyphrases":null,"primary_term":null,"canonical_url":null,"og_title":null,"og_description":null,"og_object_type":"default","og_image_type":"default","og_image_url":null,"og_image_width":null,"og_image_height":null,"og_image_custom_url":null,"og_image_custom_fields":null,"og_video":null,"og_custom_url":null,"og_article_section":null,"og_article_tags":null,"twitter_use_og":false,"twitter_card":"default","twitter_image_type":"default","twitter_image_url":null,"twitter_image_custom_url":null,"twitter_image_custom_fields":null,"twitter_title":null,"twitter_description":null,"schema":{"blockGraphs":[],"customGraphs":[],"default":{"data":{"Article":[],"Course":[],"Dataset":[],"FAQPage":[],"Movie":[],"Person":[],"Product":[],"ProductReview":[],"Car":[],"Recipe":[],"Service":[],"SoftwareApplication":[],"WebPage":[]},"graphName":"","isEnabled":true},"graphs":[]},"schema_type":null,"schema_type_options":null,"pillar_content":false,"robots_default":true,"robots_noindex":false,"robots_noarchive":false,"robots_nosnippet":false,"robots_nofollow":false,"robots_noimageindex":false,"robots_noodp":false,"robots_notranslate":false,"robots_max_snippet":null,"robots_max_videopreview":null,"robots_max_imagepreview":"large","priority":null,"frequency":null,"local_seo":null,"seo_analyzer_scan_date":"2025-10-18 01:14:03","breadcrumb_settings":null,"limit_modified_date":false,"open_ai":null,"ai":null,"created":"2020-12-21 11:14:15","updated":"2025-10-18 01:14:03"},"aioseo_breadcrumb":"<div class=\"aioseo-breadcrumbs\"><span class=\"aioseo-breadcrumb\">\n\t<a href=\"https:\/\/www.eldigitaldeasturias.com\/noticias\" title=\"Home\">Home<\/a>\n<\/span><span class=\"aioseo-breadcrumb-separator\">\u2013<\/span><span class=\"aioseo-breadcrumb\">\n\t<a href=\"https:\/\/www.eldigitaldeasturias.com\/noticias\/category\/deportes\/\" title=\"Deportes\">Deportes<\/a>\n<\/span><span class=\"aioseo-breadcrumb-separator\">\u2013<\/span><span class=\"aioseo-breadcrumb\">\n\t<a href=\"https:\/\/www.eldigitaldeasturias.com\/noticias\/el-destino-de-ribery-aun-no-tengo-planes\/\" title=\"El destino de Rib\u00e9ry: \u00abA\u00fan no tengo planes\u00bb\">El destino de Rib\u00e9ry: \u00abA\u00fan no tengo planes\u00bb<\/a>\n<\/span><\/div>","aioseo_breadcrumb_json":[{"label":"Home","link":"https:\/\/www.eldigitaldeasturias.com\/noticias"},{"label":"Deportes","link":"https:\/\/www.eldigitaldeasturias.com\/noticias\/category\/deportes\/"},{"label":"El destino de Rib\u00e9ry: \u00abA\u00fan no tengo planes\u00bb","link":"https:\/\/www.eldigitaldeasturias.com\/noticias\/el-destino-de-ribery-aun-no-tengo-planes\/"}],"_links":{"self":[{"href":"https:\/\/www.eldigitaldeasturias.com\/noticias\/wp-json\/wp\/v2\/posts\/1026267","targetHints":{"allow":["GET"]}}],"collection":[{"href":"https:\/\/www.eldigitaldeasturias.com\/noticias\/wp-json\/wp\/v2\/posts"}],"about":[{"href":"https:\/\/www.eldigitaldeasturias.com\/noticias\/wp-json\/wp\/v2\/types\/post"}],"author":[{"embeddable":true,"href":"https:\/\/www.eldigitaldeasturias.com\/noticias\/wp-json\/wp\/v2\/users\/1"}],"replies":[{"embeddable":true,"href":"https:\/\/www.eldigitaldeasturias.com\/noticias\/wp-json\/wp\/v2\/comments?post=1026267"}],"version-history":[{"count":0,"href":"https:\/\/www.eldigitaldeasturias.com\/noticias\/wp-json\/wp\/v2\/posts\/1026267\/revisions"}],"wp:featuredmedia":[{"embeddable":true,"href":"https:\/\/www.eldigitaldeasturias.com\/noticias\/wp-json\/wp\/v2\/media\/1026268"}],"wp:attachment":[{"href":"https:\/\/www.eldigitaldeasturias.com\/noticias\/wp-json\/wp\/v2\/media?parent=1026267"}],"wp:term":[{"taxonomy":"category","embeddable":true,"href":"https:\/\/www.eldigitaldeasturias.com\/noticias\/wp-json\/wp\/v2\/categories?post=1026267"},{"taxonomy":"post_tag","embeddable":true,"href":"https:\/\/www.eldigitaldeasturias.com\/noticias\/wp-json\/wp\/v2\/tags?post=1026267"}],"curies":[{"name":"wp","href":"https:\/\/api.w.org\/{rel}","templated":true}]}}